{"id":82774,"date":"2026-08-14T09:41:58","date_gmt":"2026-08-14T07:41:58","guid":{"rendered":"https:\/\/dorogimedence.hu\/?p=82774"},"modified":"2026-08-14T09:41:58","modified_gmt":"2026-08-14T07:41:58","slug":"150-busat-fogtak-egy-nap-alatt-neszmelyen","status":"publish","type":"post","link":"https:\/\/dorogimedence.hu\/index.php\/2026\/08\/14\/150-busat-fogtak-egy-nap-alatt-neszmelyen\/","title":{"rendered":"150 bus\u00e1t fogtak egy nap alatt Neszm\u00e9lyen"},"content":{"rendered":"<p><strong>A Neszm\u00e9lyi-mell\u00e9k\u00e1gban rendezte meg a Kom\u00e1rom-Esztergom v\u00e1rmegyei Horg\u00e1szegyes\u00fcletek Sz\u00f6vets\u00e9ge idei p\u00e1ros, 24 \u00f3r\u00e1s busafog\u00f3 verseny\u00e9t az inv\u00e1zi\u00f3s, idegenhonos halfaj gy\u00e9r\u00edt\u00e9se \u00e9rdek\u00e9ben. A versenyen 19 csapat egy nap alatt 150 halat fogott, 710 kilogramm bus\u00e1t t\u00e1vol\u00edtottak el a mell\u00e9k\u00e1gb\u00f3l.<\/strong><\/p>\n<p>A KEMHESZ szakmai igazgat\u00f3ja, Schmidt-Kov\u00e1cs Bence elmondta, a rendezv\u00e9ny orsz\u00e1gszerte n\u00e9pszer\u0171, elj\u00f6ttek ismert busahorg\u00e1szok, de neveztek h\u00e1zasp\u00e1rok \u00e9s csal\u00e1dok gyerekekkel is. Mivel a ter\u00fcleten 4-6 m\u00e9teres v\u00edzben lehet horg\u00e1szni \u00e9s meleg volt, \u00edgy a halak a fels\u0151bb v\u00edzr\u00e9tegekben mozogtak \u00e9s b\u0151s\u00e9ges volt a fog\u00e1s.<\/p>\n<p><img fetchpriority=\"high\" decoding=\"async\" class=\"alignnone size-full wp-image-82776\" src=\"https:\/\/dorogimedence.hu\/wp-content\/uploads\/2026\/08\/0814Busafogo2026FOTO3.jpg\" alt=\"\" width=\"1413\" height=\"915\" srcset=\"https:\/\/dorogimedence.hu\/wp-content\/uploads\/2026\/08\/0814Busafogo2026FOTO3.jpg 1413w, https:\/\/dorogimedence.hu\/wp-content\/uploads\/2026\/08\/0814Busafogo2026FOTO3-600x389.jpg 600w, https:\/\/dorogimedence.hu\/wp-content\/uploads\/2026\/08\/0814Busafogo2026FOTO3-768x497.jpg 768w, https:\/\/dorogimedence.hu\/wp-content\/uploads\/2026\/08\/0814Busafogo2026FOTO3-150x97.jpg 150w, https:\/\/dorogimedence.hu\/wp-content\/uploads\/2026\/08\/0814Busafogo2026FOTO3-450x291.jpg 450w, https:\/\/dorogimedence.hu\/wp-content\/uploads\/2026\/08\/0814Busafogo2026FOTO3-1200x777.jpg 1200w\" sizes=\"(max-width: 1413px) 100vw, 1413px\" \/><\/p>\n<p>A r\u00e9sztvev\u0151k besz\u00e1mol\u00f3i szerint a Neszm\u00e9lyi-mell\u00e9k\u00e1g a t\u00e9rs\u00e9g egyik legjobb pontyoz\u00f3 \u00e9s busafog\u00f3 helye, most a legt\u00f6bben \u00fasz\u00f3s m\u00f3dszerrel \u00e9rtek el eredm\u00e9nyt. A kifogott bus\u00e1kat a KEMHESZ a k\u00f6rny\u00e9kbeli lakoss\u00e1g r\u00e9sz\u00e9re aj\u00e1nlotta fel, \u00edgy a halak hasznosultak \u00e9s a hal\u00e9teleket is n\u00e9pszer\u0171s\u00edtett\u00e9k.<\/p>\n<p>Az idei megm\u00e9rettet\u00e9snek 19 p\u00e1ros v\u00e1gott neki, v\u00e1llalva a 24 \u00f3r\u00e1s horg\u00e1szat minden sz\u00e9ps\u00e9g\u00e9t \u00e9s neh\u00e9zs\u00e9g\u00e9t. Az els\u0151 helyet a Pierer Team szerezte meg,149 kilogrammal \u00e9s 35 hallal, a m\u00e1sodik a Sell\u0151k Nyom\u00e1ban elnevez\u00e9s\u0171 csapat lett 69 kilogrammal, a harmadik hely a Csali Brig\u00e1d\u00e9 lett, 56 kilogrammos eredm\u00e9nnyel.<\/p>\n<p><img decoding=\"async\" class=\"alignnone size-full wp-image-82777\" src=\"https:\/\/dorogimedence.hu\/wp-content\/uploads\/2026\/08\/0814Busafogo2026FOTO1.jpg\" alt=\"\" width=\"1375\" height=\"1181\" srcset=\"https:\/\/dorogimedence.hu\/wp-content\/uploads\/2026\/08\/0814Busafogo2026FOTO1.jpg 1375w, https:\/\/dorogimedence.hu\/wp-content\/uploads\/2026\/08\/0814Busafogo2026FOTO1-600x515.jpg 600w, https:\/\/dorogimedence.hu\/wp-content\/uploads\/2026\/08\/0814Busafogo2026FOTO1-768x660.jpg 768w, https:\/\/dorogimedence.hu\/wp-content\/uploads\/2026\/08\/0814Busafogo2026FOTO1-150x129.jpg 150w, https:\/\/dorogimedence.hu\/wp-content\/uploads\/2026\/08\/0814Busafogo2026FOTO1-450x387.jpg 450w, https:\/\/dorogimedence.hu\/wp-content\/uploads\/2026\/08\/0814Busafogo2026FOTO1-1200x1031.jpg 1200w\" sizes=\"(max-width: 1375px) 100vw, 1375px\" \/><\/p>\n<p>Schmidt-Kov\u00e1cs Bence elmondta, n\u00e9h\u00e1ny \u00e9ve 7-8 kil\u00f3s bus\u00e1kat lehetett fogni, m\u00e1ra a t\u00falszaporod\u00e1s miatt cs\u00f6kkent a halak m\u00e9rete. A bus\u00e1kat az 1970-es \u00e9vekben telep\u00edtett\u00e9k Magyarorsz\u00e1gra a termel\u0151 tavak teljes kihaszn\u00e1lts\u00e1ga \u00e9rdek\u00e9ben. Az \u00e1llom\u00e1ny rendk\u00edv\u00fcl elszaporodott \u00e9s kieszi a v\u00edzb\u0151l a planktonokat, \u00edgy az \u0151shonos halak ikr\u00e1ib\u00f3l kikelt l\u00e1rv\u00e1k nem tudnak kifejl\u0151dni, ez\u00e9rt sz\u00fcks\u00e9ges az \u00e1llom\u00e1ny gy\u00e9r\u00edt\u00e9se.<\/p>\n<p><em>Fot\u00f3k, forr\u00e1s: KEMHESZ<\/em><\/p>\n","protected":false},"excerpt":{"rendered":"<p>A Neszm\u00e9lyi-mell\u00e9k\u00e1gban rendezte meg a Kom\u00e1rom-Esztergom v\u00e1rmegyei Horg\u00e1szegyes\u00fcletek Sz\u00f6vets\u00e9ge idei p\u00e1ros, 24 \u00f3r\u00e1s busafog\u00f3 verseny\u00e9t az inv\u00e1zi\u00f3s, idegenhonos halfaj gy\u00e9r\u00edt\u00e9se \u00e9rdek\u00e9ben. A versenyen 19 csapat egy nap alatt 150 halat fogott, 710 kilogramm bus\u00e1t t\u00e1vol\u00edtottak el a mell\u00e9k\u00e1gb\u00f3l. A KEMHESZ szakmai igazgat\u00f3ja, Schmidt-Kov\u00e1cs Bence elmondta, a rendezv\u00e9ny orsz\u00e1gszerte n\u00e9pszer\u0171, elj\u00f6ttek ismert busahorg\u00e1szok, de neveztek h\u00e1zasp\u00e1rok<\/p>\n","protected":false},"author":1,"featured_media":82775,"comment_status":"closed","ping_status":"closed","sticky":false,"template":"","format":"standard","meta":{"ngg_post_thumbnail":0,"footnotes":""},"categories":[3,5],"tags":[4825,598,792,16],"class_list":["post-82774","post","type-post","status-publish","format-standard","has-post-thumbnail","category-hirek","category-sport","tag-horgasz","tag-horgaszat","tag-horgaszverseny","tag-sport"],"yoast_head":"<!-- This site is optimized with the Yoast SEO plugin v28.3 - https:\/\/yoast.com\/product\/yoast-seo-wordpress\/ -->\n<title>150 bus\u00e1t fogtak egy nap alatt Neszm\u00e9lyen<\/title>\n<meta name=\"robots\" content=\"index, follow, max-snippet:-1, max-image-preview:large, max-video-preview:-1\" \/>\n<link rel=\"canonical\" href=\"https:\/\/dorogimedence.hu\/index.php\/2026\/08\/14\/150-busat-fogtak-egy-nap-alatt-neszmelyen\/\" class=\"yoast-seo-meta-tag\" \/>\n<meta property=\"og:locale\" content=\"hu_HU\" class=\"yoast-seo-meta-tag\" \/>\n<meta property=\"og:type\" content=\"article\" class=\"yoast-seo-meta-tag\" \/>\n<meta property=\"og:title\" content=\"150 bus\u00e1t fogtak egy nap alatt Neszm\u00e9lyen\" class=\"yoast-seo-meta-tag\" \/>\n<meta property=\"og:description\" content=\"A Neszm\u00e9lyi-mell\u00e9k\u00e1gban rendezte meg a Kom\u00e1rom-Esztergom v\u00e1rmegyei Horg\u00e1szegyes\u00fcletek Sz\u00f6vets\u00e9ge idei p\u00e1ros, 24 \u00f3r\u00e1s busafog\u00f3 verseny\u00e9t az inv\u00e1zi\u00f3s, idegenhonos halfaj gy\u00e9r\u00edt\u00e9se \u00e9rdek\u00e9ben. A versenyen 19 csapat egy nap alatt 150 halat fogott, 710 kilogramm bus\u00e1t t\u00e1vol\u00edtottak el a mell\u00e9k\u00e1gb\u00f3l. A KEMHESZ szakmai igazgat\u00f3ja, Schmidt-Kov\u00e1cs Bence elmondta, a rendezv\u00e9ny orsz\u00e1gszerte n\u00e9pszer\u0171, elj\u00f6ttek ismert busahorg\u00e1szok, de neveztek h\u00e1zasp\u00e1rok\" class=\"yoast-seo-meta-tag\" \/>\n<meta property=\"og:url\" content=\"https:\/\/dorogimedence.hu\/index.php\/2026\/08\/14\/150-busat-fogtak-egy-nap-alatt-neszmelyen\/\" class=\"yoast-seo-meta-tag\" \/>\n<meta property=\"og:site_name\" content=\"Dorogi-medence Region\u00e1lis H\u00edrport\u00e1l\" class=\"yoast-seo-meta-tag\" \/>\n<meta property=\"article:publisher\" content=\"https:\/\/www.facebook.com\/dorogimedence\/\" class=\"yoast-seo-meta-tag\" \/>\n<meta property=\"article:published_time\" content=\"2026-08-14T07:41:58+00:00\" class=\"yoast-seo-meta-tag\" \/>\n<meta property=\"og:image\" content=\"https:\/\/dorogimedence.hu\/wp-content\/uploads\/2026\/08\/0814Busafogo2026FOTO2.jpg\" class=\"yoast-seo-meta-tag\" \/>\n\t<meta property=\"og:image:width\" content=\"2019\" class=\"yoast-seo-meta-tag\" \/>\n\t<meta property=\"og:image:height\" content=\"1362\" class=\"yoast-seo-meta-tag\" \/>\n\t<meta property=\"og:image:type\" content=\"image\/jpeg\" class=\"yoast-seo-meta-tag\" \/>\n<meta name=\"author\" content=\"dorogimedence.hu\" class=\"yoast-seo-meta-tag\" \/>\n<meta name=\"twitter:card\" content=\"summary_large_image\" class=\"yoast-seo-meta-tag\" \/>\n<meta name=\"twitter:label1\" content=\"Szerz\u0151:\" class=\"yoast-seo-meta-tag\" \/>\n\t<meta name=\"twitter:data1\" content=\"dorogimedence.hu\" class=\"yoast-seo-meta-tag\" \/>\n\t<meta name=\"twitter:label2\" content=\"Becs\u00fclt olvas\u00e1si id\u0151\" class=\"yoast-seo-meta-tag\" \/>\n\t<meta name=\"twitter:data2\" content=\"2 perc\" class=\"yoast-seo-meta-tag\" \/>\n<script type=\"application\/ld+json\" class=\"yoast-schema-graph\">{\"@context\":\"https:\\\/\\\/schema.org\",\"@graph\":[{\"@type\":\"Article\",\"@id\":\"https:\\\/\\\/dorogimedence.hu\\\/index.php\\\/2026\\\/08\\\/14\\\/150-busat-fogtak-egy-nap-alatt-neszmelyen\\\/#article\",\"isPartOf\":{\"@id\":\"https:\\\/\\\/dorogimedence.hu\\\/index.php\\\/2026\\\/08\\\/14\\\/150-busat-fogtak-egy-nap-alatt-neszmelyen\\\/\"},\"author\":{\"name\":\"dorogimedence.hu\",\"@id\":\"https:\\\/\\\/dorogimedence.hu\\\/#\\\/schema\\\/person\\\/ce6091eeb7e95ecdc87890d6aa8e0fd4\"},\"headline\":\"150 bus\u00e1t fogtak egy nap alatt Neszm\u00e9lyen\",\"datePublished\":\"2026-08-14T07:41:58+00:00\",\"mainEntityOfPage\":{\"@id\":\"https:\\\/\\\/dorogimedence.hu\\\/index.php\\\/2026\\\/08\\\/14\\\/150-busat-fogtak-egy-nap-alatt-neszmelyen\\\/\"},\"wordCount\":354,\"publisher\":{\"@id\":\"https:\\\/\\\/dorogimedence.hu\\\/#organization\"},\"image\":{\"@id\":\"https:\\\/\\\/dorogimedence.hu\\\/index.php\\\/2026\\\/08\\\/14\\\/150-busat-fogtak-egy-nap-alatt-neszmelyen\\\/#primaryimage\"},\"thumbnailUrl\":\"https:\\\/\\\/dorogimedence.hu\\\/wp-content\\\/uploads\\\/2026\\\/08\\\/0814Busafogo2026FOTO2.jpg\",\"keywords\":[\"horg\u00e1sz\",\"horg\u00e1szat\",\"horg\u00e1szverseny\",\"sport\"],\"articleSection\":[\"H\u00edrek\",\"Sport\"],\"inLanguage\":\"hu\"},{\"@type\":\"WebPage\",\"@id\":\"https:\\\/\\\/dorogimedence.hu\\\/index.php\\\/2026\\\/08\\\/14\\\/150-busat-fogtak-egy-nap-alatt-neszmelyen\\\/\",\"url\":\"https:\\\/\\\/dorogimedence.hu\\\/index.php\\\/2026\\\/08\\\/14\\\/150-busat-fogtak-egy-nap-alatt-neszmelyen\\\/\",\"name\":\"150 bus\u00e1t fogtak egy nap alatt Neszm\u00e9lyen\",\"isPartOf\":{\"@id\":\"https:\\\/\\\/dorogimedence.hu\\\/#website\"},\"primaryImageOfPage\":{\"@id\":\"https:\\\/\\\/dorogimedence.hu\\\/index.php\\\/2026\\\/08\\\/14\\\/150-busat-fogtak-egy-nap-alatt-neszmelyen\\\/#primaryimage\"},\"image\":{\"@id\":\"https:\\\/\\\/dorogimedence.hu\\\/index.php\\\/2026\\\/08\\\/14\\\/150-busat-fogtak-egy-nap-alatt-neszmelyen\\\/#primaryimage\"},\"thumbnailUrl\":\"https:\\\/\\\/dorogimedence.hu\\\/wp-content\\\/uploads\\\/2026\\\/08\\\/0814Busafogo2026FOTO2.jpg\",\"datePublished\":\"2026-08-14T07:41:58+00:00\",\"breadcrumb\":{\"@id\":\"https:\\\/\\\/dorogimedence.hu\\\/index.php\\\/2026\\\/08\\\/14\\\/150-busat-fogtak-egy-nap-alatt-neszmelyen\\\/#breadcrumb\"},\"inLanguage\":\"hu\",\"potentialAction\":[{\"@type\":\"ReadAction\",\"target\":[\"https:\\\/\\\/dorogimedence.hu\\\/index.php\\\/2026\\\/08\\\/14\\\/150-busat-fogtak-egy-nap-alatt-neszmelyen\\\/\"]}]},{\"@type\":\"ImageObject\",\"inLanguage\":\"hu\",\"@id\":\"https:\\\/\\\/dorogimedence.hu\\\/index.php\\\/2026\\\/08\\\/14\\\/150-busat-fogtak-egy-nap-alatt-neszmelyen\\\/#primaryimage\",\"url\":\"https:\\\/\\\/dorogimedence.hu\\\/wp-content\\\/uploads\\\/2026\\\/08\\\/0814Busafogo2026FOTO2.jpg\",\"contentUrl\":\"https:\\\/\\\/dorogimedence.hu\\\/wp-content\\\/uploads\\\/2026\\\/08\\\/0814Busafogo2026FOTO2.jpg\",\"width\":2019,\"height\":1362},{\"@type\":\"BreadcrumbList\",\"@id\":\"https:\\\/\\\/dorogimedence.hu\\\/index.php\\\/2026\\\/08\\\/14\\\/150-busat-fogtak-egy-nap-alatt-neszmelyen\\\/#breadcrumb\",\"itemListElement\":[{\"@type\":\"ListItem\",\"position\":1,\"name\":\"Kezd\u0151lap\",\"item\":\"https:\\\/\\\/dorogimedence.hu\\\/\"},{\"@type\":\"ListItem\",\"position\":2,\"name\":\"150 bus\u00e1t fogtak egy nap alatt Neszm\u00e9lyen\"}]},{\"@type\":\"WebSite\",\"@id\":\"https:\\\/\\\/dorogimedence.hu\\\/#website\",\"url\":\"https:\\\/\\\/dorogimedence.hu\\\/\",\"name\":\"Dorogi-medence Region\u00e1lis H\u00edrport\u00e1l\",\"description\":\"Dorog, Keszt\u00f6lc, Le\u00e1nyv\u00e1r, Piliscs\u00e9v, Tokod, Tokodalt\u00e1r\u00f3, Csolnok, Esztergom-kertv\u00e1ros: h\u00edrek, programok\",\"publisher\":{\"@id\":\"https:\\\/\\\/dorogimedence.hu\\\/#organization\"},\"potentialAction\":[{\"@type\":\"SearchAction\",\"target\":{\"@type\":\"EntryPoint\",\"urlTemplate\":\"https:\\\/\\\/dorogimedence.hu\\\/?s={search_term_string}\"},\"query-input\":{\"@type\":\"PropertyValueSpecification\",\"valueRequired\":true,\"valueName\":\"search_term_string\"}}],\"inLanguage\":\"hu\"},{\"@type\":\"Organization\",\"@id\":\"https:\\\/\\\/dorogimedence.hu\\\/#organization\",\"name\":\"Dorogi-medence Region\u00e1lis H\u00edrport\u00e1l\",\"url\":\"https:\\\/\\\/dorogimedence.hu\\\/\",\"logo\":{\"@type\":\"ImageObject\",\"inLanguage\":\"hu\",\"@id\":\"https:\\\/\\\/dorogimedence.hu\\\/#\\\/schema\\\/logo\\\/image\\\/\",\"url\":\"https:\\\/\\\/dorogimedence.hu\\\/wp-content\\\/uploads\\\/2021\\\/04\\\/logo-feher-600.png\",\"contentUrl\":\"https:\\\/\\\/dorogimedence.hu\\\/wp-content\\\/uploads\\\/2021\\\/04\\\/logo-feher-600.png\",\"width\":600,\"height\":100,\"caption\":\"Dorogi-medence Region\u00e1lis H\u00edrport\u00e1l\"},\"image\":{\"@id\":\"https:\\\/\\\/dorogimedence.hu\\\/#\\\/schema\\\/logo\\\/image\\\/\"},\"sameAs\":[\"https:\\\/\\\/www.facebook.com\\\/dorogimedence\\\/\"]},{\"@type\":\"Person\",\"@id\":\"https:\\\/\\\/dorogimedence.hu\\\/#\\\/schema\\\/person\\\/ce6091eeb7e95ecdc87890d6aa8e0fd4\",\"name\":\"dorogimedence.hu\",\"image\":{\"@type\":\"ImageObject\",\"inLanguage\":\"hu\",\"@id\":\"\\\/\\\/www.gravatar.com\\\/avatar\\\/d8d45f8901aadff40a4af72c0b826f1d?s=96&#038;r=g&#038;d=mm\",\"url\":\"\\\/\\\/www.gravatar.com\\\/avatar\\\/d8d45f8901aadff40a4af72c0b826f1d?s=96&#038;r=g&#038;d=mm\",\"contentUrl\":\"\\\/\\\/www.gravatar.com\\\/avatar\\\/d8d45f8901aadff40a4af72c0b826f1d?s=96&#038;r=g&#038;d=mm\",\"caption\":\"dorogimedence.hu\"}}]}<\/script>\n<!-- \/ Yoast SEO plugin. -->","yoast_head_json":{"title":"150 bus\u00e1t fogtak egy nap alatt Neszm\u00e9lyen","robots":{"index":"index","follow":"follow","max-snippet":"max-snippet:-1","max-image-preview":"max-image-preview:large","max-video-preview":"max-video-preview:-1"},"canonical":"https:\/\/dorogimedence.hu\/index.php\/2026\/08\/14\/150-busat-fogtak-egy-nap-alatt-neszmelyen\/","og_locale":"hu_HU","og_type":"article","og_title":"150 bus\u00e1t fogtak egy nap alatt Neszm\u00e9lyen","og_description":"A Neszm\u00e9lyi-mell\u00e9k\u00e1gban rendezte meg a Kom\u00e1rom-Esztergom v\u00e1rmegyei Horg\u00e1szegyes\u00fcletek Sz\u00f6vets\u00e9ge idei p\u00e1ros, 24 \u00f3r\u00e1s busafog\u00f3 verseny\u00e9t az inv\u00e1zi\u00f3s, idegenhonos halfaj gy\u00e9r\u00edt\u00e9se \u00e9rdek\u00e9ben. A versenyen 19 csapat egy nap alatt 150 halat fogott, 710 kilogramm bus\u00e1t t\u00e1vol\u00edtottak el a mell\u00e9k\u00e1gb\u00f3l. A KEMHESZ szakmai igazgat\u00f3ja, Schmidt-Kov\u00e1cs Bence elmondta, a rendezv\u00e9ny orsz\u00e1gszerte n\u00e9pszer\u0171, elj\u00f6ttek ismert busahorg\u00e1szok, de neveztek h\u00e1zasp\u00e1rok","og_url":"https:\/\/dorogimedence.hu\/index.php\/2026\/08\/14\/150-busat-fogtak-egy-nap-alatt-neszmelyen\/","og_site_name":"Dorogi-medence Region\u00e1lis H\u00edrport\u00e1l","article_publisher":"https:\/\/www.facebook.com\/dorogimedence\/","article_published_time":"2026-08-14T07:41:58+00:00","og_image":[{"width":2019,"height":1362,"url":"https:\/\/dorogimedence.hu\/wp-content\/uploads\/2026\/08\/0814Busafogo2026FOTO2.jpg","type":"image\/jpeg"}],"author":"dorogimedence.hu","twitter_card":"summary_large_image","twitter_misc":{"Szerz\u0151:":"dorogimedence.hu","Becs\u00fclt olvas\u00e1si id\u0151":"2 perc"},"schema":{"@context":"https:\/\/schema.org","@graph":[{"@type":"Article","@id":"https:\/\/dorogimedence.hu\/index.php\/2026\/08\/14\/150-busat-fogtak-egy-nap-alatt-neszmelyen\/#article","isPartOf":{"@id":"https:\/\/dorogimedence.hu\/index.php\/2026\/08\/14\/150-busat-fogtak-egy-nap-alatt-neszmelyen\/"},"author":{"name":"dorogimedence.hu","@id":"https:\/\/dorogimedence.hu\/#\/schema\/person\/ce6091eeb7e95ecdc87890d6aa8e0fd4"},"headline":"150 bus\u00e1t fogtak egy nap alatt Neszm\u00e9lyen","datePublished":"2026-08-14T07:41:58+00:00","mainEntityOfPage":{"@id":"https:\/\/dorogimedence.hu\/index.php\/2026\/08\/14\/150-busat-fogtak-egy-nap-alatt-neszmelyen\/"},"wordCount":354,"publisher":{"@id":"https:\/\/dorogimedence.hu\/#organization"},"image":{"@id":"https:\/\/dorogimedence.hu\/index.php\/2026\/08\/14\/150-busat-fogtak-egy-nap-alatt-neszmelyen\/#primaryimage"},"thumbnailUrl":"https:\/\/dorogimedence.hu\/wp-content\/uploads\/2026\/08\/0814Busafogo2026FOTO2.jpg","keywords":["horg\u00e1sz","horg\u00e1szat","horg\u00e1szverseny","sport"],"articleSection":["H\u00edrek","Sport"],"inLanguage":"hu"},{"@type":"WebPage","@id":"https:\/\/dorogimedence.hu\/index.php\/2026\/08\/14\/150-busat-fogtak-egy-nap-alatt-neszmelyen\/","url":"https:\/\/dorogimedence.hu\/index.php\/2026\/08\/14\/150-busat-fogtak-egy-nap-alatt-neszmelyen\/","name":"150 bus\u00e1t fogtak egy nap alatt Neszm\u00e9lyen","isPartOf":{"@id":"https:\/\/dorogimedence.hu\/#website"},"primaryImageOfPage":{"@id":"https:\/\/dorogimedence.hu\/index.php\/2026\/08\/14\/150-busat-fogtak-egy-nap-alatt-neszmelyen\/#primaryimage"},"image":{"@id":"https:\/\/dorogimedence.hu\/index.php\/2026\/08\/14\/150-busat-fogtak-egy-nap-alatt-neszmelyen\/#primaryimage"},"thumbnailUrl":"https:\/\/dorogimedence.hu\/wp-content\/uploads\/2026\/08\/0814Busafogo2026FOTO2.jpg","datePublished":"2026-08-14T07:41:58+00:00","breadcrumb":{"@id":"https:\/\/dorogimedence.hu\/index.php\/2026\/08\/14\/150-busat-fogtak-egy-nap-alatt-neszmelyen\/#breadcrumb"},"inLanguage":"hu","potentialAction":[{"@type":"ReadAction","target":["https:\/\/dorogimedence.hu\/index.php\/2026\/08\/14\/150-busat-fogtak-egy-nap-alatt-neszmelyen\/"]}]},{"@type":"ImageObject","inLanguage":"hu","@id":"https:\/\/dorogimedence.hu\/index.php\/2026\/08\/14\/150-busat-fogtak-egy-nap-alatt-neszmelyen\/#primaryimage","url":"https:\/\/dorogimedence.hu\/wp-content\/uploads\/2026\/08\/0814Busafogo2026FOTO2.jpg","contentUrl":"https:\/\/dorogimedence.hu\/wp-content\/uploads\/2026\/08\/0814Busafogo2026FOTO2.jpg","width":2019,"height":1362},{"@type":"BreadcrumbList","@id":"https:\/\/dorogimedence.hu\/index.php\/2026\/08\/14\/150-busat-fogtak-egy-nap-alatt-neszmelyen\/#breadcrumb","itemListElement":[{"@type":"ListItem","position":1,"name":"Kezd\u0151lap","item":"https:\/\/dorogimedence.hu\/"},{"@type":"ListItem","position":2,"name":"150 bus\u00e1t fogtak egy nap alatt Neszm\u00e9lyen"}]},{"@type":"WebSite","@id":"https:\/\/dorogimedence.hu\/#website","url":"https:\/\/dorogimedence.hu\/","name":"Dorogi-medence Region\u00e1lis H\u00edrport\u00e1l","description":"Dorog, Keszt\u00f6lc, Le\u00e1nyv\u00e1r, Piliscs\u00e9v, Tokod, Tokodalt\u00e1r\u00f3, Csolnok, Esztergom-kertv\u00e1ros: h\u00edrek, programok","publisher":{"@id":"https:\/\/dorogimedence.hu\/#organization"},"potentialAction":[{"@type":"SearchAction","target":{"@type":"EntryPoint","urlTemplate":"https:\/\/dorogimedence.hu\/?s={search_term_string}"},"query-input":{"@type":"PropertyValueSpecification","valueRequired":true,"valueName":"search_term_string"}}],"inLanguage":"hu"},{"@type":"Organization","@id":"https:\/\/dorogimedence.hu\/#organization","name":"Dorogi-medence Region\u00e1lis H\u00edrport\u00e1l","url":"https:\/\/dorogimedence.hu\/","logo":{"@type":"ImageObject","inLanguage":"hu","@id":"https:\/\/dorogimedence.hu\/#\/schema\/logo\/image\/","url":"https:\/\/dorogimedence.hu\/wp-content\/uploads\/2021\/04\/logo-feher-600.png","contentUrl":"https:\/\/dorogimedence.hu\/wp-content\/uploads\/2021\/04\/logo-feher-600.png","width":600,"height":100,"caption":"Dorogi-medence Region\u00e1lis H\u00edrport\u00e1l"},"image":{"@id":"https:\/\/dorogimedence.hu\/#\/schema\/logo\/image\/"},"sameAs":["https:\/\/www.facebook.com\/dorogimedence\/"]},{"@type":"Person","@id":"https:\/\/dorogimedence.hu\/#\/schema\/person\/ce6091eeb7e95ecdc87890d6aa8e0fd4","name":"dorogimedence.hu","image":{"@type":"ImageObject","inLanguage":"hu","@id":"\/\/www.gravatar.com\/avatar\/d8d45f8901aadff40a4af72c0b826f1d?s=96&#038;r=g&#038;d=mm","url":"\/\/www.gravatar.com\/avatar\/d8d45f8901aadff40a4af72c0b826f1d?s=96&#038;r=g&#038;d=mm","contentUrl":"\/\/www.gravatar.com\/avatar\/d8d45f8901aadff40a4af72c0b826f1d?s=96&#038;r=g&#038;d=mm","caption":"dorogimedence.hu"}}]}},"_links":{"self":[{"href":"https:\/\/dorogimedence.hu\/index.php\/wp-json\/wp\/v2\/posts\/82774","targetHints":{"allow":["GET"]}}],"collection":[{"href":"https:\/\/dorogimedence.hu\/index.php\/wp-json\/wp\/v2\/posts"}],"about":[{"href":"https:\/\/dorogimedence.hu\/index.php\/wp-json\/wp\/v2\/types\/post"}],"author":[{"embeddable":true,"href":"https:\/\/dorogimedence.hu\/index.php\/wp-json\/wp\/v2\/users\/1"}],"replies":[{"embeddable":true,"href":"https:\/\/dorogimedence.hu\/index.php\/wp-json\/wp\/v2\/comments?post=82774"}],"version-history":[{"count":2,"href":"https:\/\/dorogimedence.hu\/index.php\/wp-json\/wp\/v2\/posts\/82774\/revisions"}],"predecessor-version":[{"id":82779,"href":"https:\/\/dorogimedence.hu\/index.php\/wp-json\/wp\/v2\/posts\/82774\/revisions\/82779"}],"wp:featuredmedia":[{"embeddable":true,"href":"https:\/\/dorogimedence.hu\/index.php\/wp-json\/wp\/v2\/media\/82775"}],"wp:attachment":[{"href":"https:\/\/dorogimedence.hu\/index.php\/wp-json\/wp\/v2\/media?parent=82774"}],"wp:term":[{"taxonomy":"category","embeddable":true,"href":"https:\/\/dorogimedence.hu\/index.php\/wp-json\/wp\/v2\/categories?post=82774"},{"taxonomy":"post_tag","embeddable":true,"href":"https:\/\/dorogimedence.hu\/index.php\/wp-json\/wp\/v2\/tags?post=82774"}],"curies":[{"name":"wp","href":"https:\/\/api.w.org\/{rel}","templated":true}]}}