{"id":82755,"date":"2026-08-13T15:27:31","date_gmt":"2026-08-13T13:27:31","guid":{"rendered":"https:\/\/dorogimedence.hu\/?p=82755"},"modified":"2026-08-13T15:27:31","modified_gmt":"2026-08-13T13:27:31","slug":"25-gyogytornasz-hallgato-teljesitette-nyari-gyakorlatat-az-esztergomi-korhazban","status":"publish","type":"post","link":"https:\/\/dorogimedence.hu\/index.php\/2026\/08\/13\/25-gyogytornasz-hallgato-teljesitette-nyari-gyakorlatat-az-esztergomi-korhazban\/","title":{"rendered":"25 gy\u00f3gytorn\u00e1sz hallgat\u00f3 teljes\u00edtette ny\u00e1ri gyakorlat\u00e1t az esztergomi k\u00f3rh\u00e1zban"},"content":{"rendered":"<p><strong>Huszon\u00f6t gy\u00f3gytorn\u00e1sz hallgat\u00f3 teljes\u00edtette ny\u00e1ri szakmai gyakorlat\u00e1t az Esztergomi Vaszary Kolos K\u00f3rh\u00e1zban. A hallgat\u00f3k t\u00f6bb oszt\u00e1lyon, szakemberek ir\u00e1ny\u00edt\u00e1sa mellett szerezhettek gyakorlati tapasztalatokat.<\/strong><\/p>\n<p>Az <a href=\"https:\/\/www.facebook.com\/vaszarykoloskorhazhivatalos\/posts\/pfbid0DqRtk1cRJJvuJXy92Q8oooi9No1JWD2K2jTiAxdejdqM3TpuNi4vbtCcHeCRAHhEl\" target=\"_blank\" rel=\"noopener\"><span style=\"text-decoration: underline; color: #0000ff;\">Esztergomi Vaszary Kolos K\u00f3rh\u00e1z<\/span><\/a> t\u00f6bb fels\u0151oktat\u00e1si int\u00e9zm\u00e9nnyel is egy\u00fcttm\u0171k\u00f6d\u00e9si szerz\u0151d\u00e9sben \u00e1ll, amelynek keret\u00e9ben diplom\u00e1s \u00e1pol\u00f3, dietetikus, sz\u00fcl\u00e9szn\u0151, ment\u0151tiszt \u00e9s gy\u00f3gytorn\u00e1sz hallgat\u00f3k sz\u00e1m\u00e1ra biztos\u00edtanak lehet\u0151s\u00e9get szakmai gyakorlatuk teljes\u00edt\u00e9s\u00e9re.<\/p>\n<p>A ny\u00e1ri id\u0151szakban \u00f6sszesen 25 gy\u00f3gytorn\u00e1sz hallgat\u00f3 \u00e9rkezett az int\u00e9zm\u00e9nybe. A fiatalok a Neurol\u00f3giai, a Reumatol\u00f3giai \u00e9s a Belgy\u00f3gy\u00e1szati Oszt\u00e1lyon, szakemberek ir\u00e1ny\u00edt\u00e1sa mellett kapcsol\u00f3dhattak be a mindennapi betegell\u00e1t\u00e1sba, mik\u00f6zben az egyetemen megszerzett elm\u00e9leti \u00e9s gyakorlati tud\u00e1sukat is alkalmazhatt\u00e1k.<\/p>\n<p><img fetchpriority=\"high\" decoding=\"async\" class=\"alignnone size-full wp-image-82757\" src=\"https:\/\/dorogimedence.hu\/wp-content\/uploads\/2026\/08\/772914712_1962313271150011_5613974364328000198_n.jpg\" alt=\"\" width=\"2048\" height=\"1686\" srcset=\"https:\/\/dorogimedence.hu\/wp-content\/uploads\/2026\/08\/772914712_1962313271150011_5613974364328000198_n.jpg 2048w, https:\/\/dorogimedence.hu\/wp-content\/uploads\/2026\/08\/772914712_1962313271150011_5613974364328000198_n-600x494.jpg 600w, https:\/\/dorogimedence.hu\/wp-content\/uploads\/2026\/08\/772914712_1962313271150011_5613974364328000198_n-1920x1581.jpg 1920w, https:\/\/dorogimedence.hu\/wp-content\/uploads\/2026\/08\/772914712_1962313271150011_5613974364328000198_n-768x632.jpg 768w, https:\/\/dorogimedence.hu\/wp-content\/uploads\/2026\/08\/772914712_1962313271150011_5613974364328000198_n-1536x1265.jpg 1536w, https:\/\/dorogimedence.hu\/wp-content\/uploads\/2026\/08\/772914712_1962313271150011_5613974364328000198_n-150x123.jpg 150w, https:\/\/dorogimedence.hu\/wp-content\/uploads\/2026\/08\/772914712_1962313271150011_5613974364328000198_n-450x370.jpg 450w, https:\/\/dorogimedence.hu\/wp-content\/uploads\/2026\/08\/772914712_1962313271150011_5613974364328000198_n-1200x988.jpg 1200w\" sizes=\"(max-width: 2048px) 100vw, 2048px\" \/><\/p>\n<p>A k\u00f3rh\u00e1z kiemelten fontosnak tartja, hogy a hallgat\u00f3k megfelel\u0151 figyelmet \u00e9s szakmai t\u00e1mogat\u00e1st kapjanak a gyakorlat sor\u00e1n, ez\u00e9rt egy id\u0151ben egy oszt\u00e1lyon legfeljebb k\u00e9t di\u00e1kot fogadnak.<\/p>\n<p>Az int\u00e9zm\u00e9ny b\u00edzik abban, hogy a hallgat\u00f3k \u00e9rt\u00e9kes szakmai tapasztalatokkal gazdagodva t\u00e9rnek vissza egyetemi k\u00e9pz\u00e9s\u00fckbe a ny\u00e1ri gyakorlatot k\u00f6vet\u0151en.<\/p>\n<p><em>Fot\u00f3k, forr\u00e1s: Vaszary Kolos K\u00f3rh\u00e1z Esztergom &#8211; Hivatalos oldala<\/em><\/p>\n","protected":false},"excerpt":{"rendered":"<p>Huszon\u00f6t gy\u00f3gytorn\u00e1sz hallgat\u00f3 teljes\u00edtette ny\u00e1ri szakmai gyakorlat\u00e1t az Esztergomi Vaszary Kolos K\u00f3rh\u00e1zban. A hallgat\u00f3k t\u00f6bb oszt\u00e1lyon, szakemberek ir\u00e1ny\u00edt\u00e1sa mellett szerezhettek gyakorlati tapasztalatokat. Az Esztergomi Vaszary Kolos K\u00f3rh\u00e1z t\u00f6bb fels\u0151oktat\u00e1si int\u00e9zm\u00e9nnyel is egy\u00fcttm\u0171k\u00f6d\u00e9si szerz\u0151d\u00e9sben \u00e1ll, amelynek keret\u00e9ben diplom\u00e1s \u00e1pol\u00f3, dietetikus, sz\u00fcl\u00e9szn\u0151, ment\u0151tiszt \u00e9s gy\u00f3gytorn\u00e1sz hallgat\u00f3k sz\u00e1m\u00e1ra biztos\u00edtanak lehet\u0151s\u00e9get szakmai gyakorlatuk teljes\u00edt\u00e9s\u00e9re. A ny\u00e1ri id\u0151szakban \u00f6sszesen 25<\/p>\n","protected":false},"author":1,"featured_media":82756,"comment_status":"closed","ping_status":"closed","sticky":false,"template":"","format":"standard","meta":{"ngg_post_thumbnail":0,"footnotes":""},"categories":[38,3],"tags":[42,4331,1434],"class_list":["post-82755","post","type-post","status-publish","format-standard","has-post-thumbnail","category-esztergom","category-hirek","tag-esztergom","tag-gyogytornasz","tag-vaszary-kolos-korhaz"],"yoast_head":"<!-- This site is optimized with the Yoast SEO plugin v28.3 - https:\/\/yoast.com\/product\/yoast-seo-wordpress\/ -->\n<title>25 gy\u00f3gytorn\u00e1sz hallgat\u00f3 teljes\u00edtette ny\u00e1ri gyakorlat\u00e1t az esztergomi k\u00f3rh\u00e1zban<\/title>\n<meta name=\"robots\" content=\"index, follow, max-snippet:-1, max-image-preview:large, max-video-preview:-1\" \/>\n<link rel=\"canonical\" href=\"https:\/\/dorogimedence.hu\/index.php\/2026\/08\/13\/25-gyogytornasz-hallgato-teljesitette-nyari-gyakorlatat-az-esztergomi-korhazban\/\" class=\"yoast-seo-meta-tag\" \/>\n<meta property=\"og:locale\" content=\"hu_HU\" class=\"yoast-seo-meta-tag\" \/>\n<meta property=\"og:type\" content=\"article\" class=\"yoast-seo-meta-tag\" \/>\n<meta property=\"og:title\" content=\"25 gy\u00f3gytorn\u00e1sz hallgat\u00f3 teljes\u00edtette ny\u00e1ri gyakorlat\u00e1t az esztergomi k\u00f3rh\u00e1zban\" class=\"yoast-seo-meta-tag\" \/>\n<meta property=\"og:description\" content=\"Huszon\u00f6t gy\u00f3gytorn\u00e1sz hallgat\u00f3 teljes\u00edtette ny\u00e1ri szakmai gyakorlat\u00e1t az Esztergomi Vaszary Kolos K\u00f3rh\u00e1zban. A hallgat\u00f3k t\u00f6bb oszt\u00e1lyon, szakemberek ir\u00e1ny\u00edt\u00e1sa mellett szerezhettek gyakorlati tapasztalatokat. Az Esztergomi Vaszary Kolos K\u00f3rh\u00e1z t\u00f6bb fels\u0151oktat\u00e1si int\u00e9zm\u00e9nnyel is egy\u00fcttm\u0171k\u00f6d\u00e9si szerz\u0151d\u00e9sben \u00e1ll, amelynek keret\u00e9ben diplom\u00e1s \u00e1pol\u00f3, dietetikus, sz\u00fcl\u00e9szn\u0151, ment\u0151tiszt \u00e9s gy\u00f3gytorn\u00e1sz hallgat\u00f3k sz\u00e1m\u00e1ra biztos\u00edtanak lehet\u0151s\u00e9get szakmai gyakorlatuk teljes\u00edt\u00e9s\u00e9re. A ny\u00e1ri id\u0151szakban \u00f6sszesen 25\" class=\"yoast-seo-meta-tag\" \/>\n<meta property=\"og:url\" content=\"https:\/\/dorogimedence.hu\/index.php\/2026\/08\/13\/25-gyogytornasz-hallgato-teljesitette-nyari-gyakorlatat-az-esztergomi-korhazban\/\" class=\"yoast-seo-meta-tag\" \/>\n<meta property=\"og:site_name\" content=\"Dorogi-medence Region\u00e1lis H\u00edrport\u00e1l\" class=\"yoast-seo-meta-tag\" \/>\n<meta property=\"article:publisher\" content=\"https:\/\/www.facebook.com\/dorogimedence\/\" class=\"yoast-seo-meta-tag\" \/>\n<meta property=\"article:published_time\" content=\"2026-08-13T13:27:31+00:00\" class=\"yoast-seo-meta-tag\" \/>\n<meta property=\"og:image\" content=\"https:\/\/dorogimedence.hu\/wp-content\/uploads\/2026\/08\/772868610_1735300397663233_4542157776930843748_n.jpg\" class=\"yoast-seo-meta-tag\" \/>\n\t<meta property=\"og:image:width\" content=\"2048\" class=\"yoast-seo-meta-tag\" \/>\n\t<meta property=\"og:image:height\" content=\"1620\" class=\"yoast-seo-meta-tag\" \/>\n\t<meta property=\"og:image:type\" content=\"image\/jpeg\" class=\"yoast-seo-meta-tag\" \/>\n<meta name=\"author\" content=\"dorogimedence.hu\" class=\"yoast-seo-meta-tag\" \/>\n<meta name=\"twitter:card\" content=\"summary_large_image\" class=\"yoast-seo-meta-tag\" \/>\n<meta name=\"twitter:label1\" content=\"Szerz\u0151:\" class=\"yoast-seo-meta-tag\" \/>\n\t<meta name=\"twitter:data1\" content=\"dorogimedence.hu\" class=\"yoast-seo-meta-tag\" \/>\n\t<meta name=\"twitter:label2\" content=\"Becs\u00fclt olvas\u00e1si id\u0151\" class=\"yoast-seo-meta-tag\" \/>\n\t<meta name=\"twitter:data2\" content=\"1 perc\" class=\"yoast-seo-meta-tag\" \/>\n<script type=\"application\/ld+json\" class=\"yoast-schema-graph\">{\"@context\":\"https:\\\/\\\/schema.org\",\"@graph\":[{\"@type\":\"Article\",\"@id\":\"https:\\\/\\\/dorogimedence.hu\\\/index.php\\\/2026\\\/08\\\/13\\\/25-gyogytornasz-hallgato-teljesitette-nyari-gyakorlatat-az-esztergomi-korhazban\\\/#article\",\"isPartOf\":{\"@id\":\"https:\\\/\\\/dorogimedence.hu\\\/index.php\\\/2026\\\/08\\\/13\\\/25-gyogytornasz-hallgato-teljesitette-nyari-gyakorlatat-az-esztergomi-korhazban\\\/\"},\"author\":{\"name\":\"dorogimedence.hu\",\"@id\":\"https:\\\/\\\/dorogimedence.hu\\\/#\\\/schema\\\/person\\\/ce6091eeb7e95ecdc87890d6aa8e0fd4\"},\"headline\":\"25 gy\u00f3gytorn\u00e1sz hallgat\u00f3 teljes\u00edtette ny\u00e1ri gyakorlat\u00e1t az esztergomi k\u00f3rh\u00e1zban\",\"datePublished\":\"2026-08-13T13:27:31+00:00\",\"mainEntityOfPage\":{\"@id\":\"https:\\\/\\\/dorogimedence.hu\\\/index.php\\\/2026\\\/08\\\/13\\\/25-gyogytornasz-hallgato-teljesitette-nyari-gyakorlatat-az-esztergomi-korhazban\\\/\"},\"wordCount\":247,\"publisher\":{\"@id\":\"https:\\\/\\\/dorogimedence.hu\\\/#organization\"},\"image\":{\"@id\":\"https:\\\/\\\/dorogimedence.hu\\\/index.php\\\/2026\\\/08\\\/13\\\/25-gyogytornasz-hallgato-teljesitette-nyari-gyakorlatat-az-esztergomi-korhazban\\\/#primaryimage\"},\"thumbnailUrl\":\"https:\\\/\\\/dorogimedence.hu\\\/wp-content\\\/uploads\\\/2026\\\/08\\\/772868610_1735300397663233_4542157776930843748_n.jpg\",\"keywords\":[\"esztergom\",\"gy\u00f3gytorn\u00e1sz\",\"Vaszary Kolos K\u00f3rh\u00e1z\"],\"articleSection\":[\"Esztergom\",\"H\u00edrek\"],\"inLanguage\":\"hu\"},{\"@type\":\"WebPage\",\"@id\":\"https:\\\/\\\/dorogimedence.hu\\\/index.php\\\/2026\\\/08\\\/13\\\/25-gyogytornasz-hallgato-teljesitette-nyari-gyakorlatat-az-esztergomi-korhazban\\\/\",\"url\":\"https:\\\/\\\/dorogimedence.hu\\\/index.php\\\/2026\\\/08\\\/13\\\/25-gyogytornasz-hallgato-teljesitette-nyari-gyakorlatat-az-esztergomi-korhazban\\\/\",\"name\":\"25 gy\u00f3gytorn\u00e1sz hallgat\u00f3 teljes\u00edtette ny\u00e1ri gyakorlat\u00e1t az esztergomi k\u00f3rh\u00e1zban\",\"isPartOf\":{\"@id\":\"https:\\\/\\\/dorogimedence.hu\\\/#website\"},\"primaryImageOfPage\":{\"@id\":\"https:\\\/\\\/dorogimedence.hu\\\/index.php\\\/2026\\\/08\\\/13\\\/25-gyogytornasz-hallgato-teljesitette-nyari-gyakorlatat-az-esztergomi-korhazban\\\/#primaryimage\"},\"image\":{\"@id\":\"https:\\\/\\\/dorogimedence.hu\\\/index.php\\\/2026\\\/08\\\/13\\\/25-gyogytornasz-hallgato-teljesitette-nyari-gyakorlatat-az-esztergomi-korhazban\\\/#primaryimage\"},\"thumbnailUrl\":\"https:\\\/\\\/dorogimedence.hu\\\/wp-content\\\/uploads\\\/2026\\\/08\\\/772868610_1735300397663233_4542157776930843748_n.jpg\",\"datePublished\":\"2026-08-13T13:27:31+00:00\",\"breadcrumb\":{\"@id\":\"https:\\\/\\\/dorogimedence.hu\\\/index.php\\\/2026\\\/08\\\/13\\\/25-gyogytornasz-hallgato-teljesitette-nyari-gyakorlatat-az-esztergomi-korhazban\\\/#breadcrumb\"},\"inLanguage\":\"hu\",\"potentialAction\":[{\"@type\":\"ReadAction\",\"target\":[\"https:\\\/\\\/dorogimedence.hu\\\/index.php\\\/2026\\\/08\\\/13\\\/25-gyogytornasz-hallgato-teljesitette-nyari-gyakorlatat-az-esztergomi-korhazban\\\/\"]}]},{\"@type\":\"ImageObject\",\"inLanguage\":\"hu\",\"@id\":\"https:\\\/\\\/dorogimedence.hu\\\/index.php\\\/2026\\\/08\\\/13\\\/25-gyogytornasz-hallgato-teljesitette-nyari-gyakorlatat-az-esztergomi-korhazban\\\/#primaryimage\",\"url\":\"https:\\\/\\\/dorogimedence.hu\\\/wp-content\\\/uploads\\\/2026\\\/08\\\/772868610_1735300397663233_4542157776930843748_n.jpg\",\"contentUrl\":\"https:\\\/\\\/dorogimedence.hu\\\/wp-content\\\/uploads\\\/2026\\\/08\\\/772868610_1735300397663233_4542157776930843748_n.jpg\",\"width\":2048,\"height\":1620},{\"@type\":\"BreadcrumbList\",\"@id\":\"https:\\\/\\\/dorogimedence.hu\\\/index.php\\\/2026\\\/08\\\/13\\\/25-gyogytornasz-hallgato-teljesitette-nyari-gyakorlatat-az-esztergomi-korhazban\\\/#breadcrumb\",\"itemListElement\":[{\"@type\":\"ListItem\",\"position\":1,\"name\":\"Kezd\u0151lap\",\"item\":\"https:\\\/\\\/dorogimedence.hu\\\/\"},{\"@type\":\"ListItem\",\"position\":2,\"name\":\"25 gy\u00f3gytorn\u00e1sz hallgat\u00f3 teljes\u00edtette ny\u00e1ri gyakorlat\u00e1t az esztergomi k\u00f3rh\u00e1zban\"}]},{\"@type\":\"WebSite\",\"@id\":\"https:\\\/\\\/dorogimedence.hu\\\/#website\",\"url\":\"https:\\\/\\\/dorogimedence.hu\\\/\",\"name\":\"Dorogi-medence Region\u00e1lis H\u00edrport\u00e1l\",\"description\":\"Dorog, Keszt\u00f6lc, Le\u00e1nyv\u00e1r, Piliscs\u00e9v, Tokod, Tokodalt\u00e1r\u00f3, Csolnok, Esztergom-kertv\u00e1ros: h\u00edrek, programok\",\"publisher\":{\"@id\":\"https:\\\/\\\/dorogimedence.hu\\\/#organization\"},\"potentialAction\":[{\"@type\":\"SearchAction\",\"target\":{\"@type\":\"EntryPoint\",\"urlTemplate\":\"https:\\\/\\\/dorogimedence.hu\\\/?s={search_term_string}\"},\"query-input\":{\"@type\":\"PropertyValueSpecification\",\"valueRequired\":true,\"valueName\":\"search_term_string\"}}],\"inLanguage\":\"hu\"},{\"@type\":\"Organization\",\"@id\":\"https:\\\/\\\/dorogimedence.hu\\\/#organization\",\"name\":\"Dorogi-medence Region\u00e1lis H\u00edrport\u00e1l\",\"url\":\"https:\\\/\\\/dorogimedence.hu\\\/\",\"logo\":{\"@type\":\"ImageObject\",\"inLanguage\":\"hu\",\"@id\":\"https:\\\/\\\/dorogimedence.hu\\\/#\\\/schema\\\/logo\\\/image\\\/\",\"url\":\"https:\\\/\\\/dorogimedence.hu\\\/wp-content\\\/uploads\\\/2021\\\/04\\\/logo-feher-600.png\",\"contentUrl\":\"https:\\\/\\\/dorogimedence.hu\\\/wp-content\\\/uploads\\\/2021\\\/04\\\/logo-feher-600.png\",\"width\":600,\"height\":100,\"caption\":\"Dorogi-medence Region\u00e1lis H\u00edrport\u00e1l\"},\"image\":{\"@id\":\"https:\\\/\\\/dorogimedence.hu\\\/#\\\/schema\\\/logo\\\/image\\\/\"},\"sameAs\":[\"https:\\\/\\\/www.facebook.com\\\/dorogimedence\\\/\"]},{\"@type\":\"Person\",\"@id\":\"https:\\\/\\\/dorogimedence.hu\\\/#\\\/schema\\\/person\\\/ce6091eeb7e95ecdc87890d6aa8e0fd4\",\"name\":\"dorogimedence.hu\",\"image\":{\"@type\":\"ImageObject\",\"inLanguage\":\"hu\",\"@id\":\"\\\/\\\/www.gravatar.com\\\/avatar\\\/d8d45f8901aadff40a4af72c0b826f1d?s=96&#038;r=g&#038;d=mm\",\"url\":\"\\\/\\\/www.gravatar.com\\\/avatar\\\/d8d45f8901aadff40a4af72c0b826f1d?s=96&#038;r=g&#038;d=mm\",\"contentUrl\":\"\\\/\\\/www.gravatar.com\\\/avatar\\\/d8d45f8901aadff40a4af72c0b826f1d?s=96&#038;r=g&#038;d=mm\",\"caption\":\"dorogimedence.hu\"}}]}<\/script>\n<!-- \/ Yoast SEO plugin. -->","yoast_head_json":{"title":"25 gy\u00f3gytorn\u00e1sz hallgat\u00f3 teljes\u00edtette ny\u00e1ri gyakorlat\u00e1t az esztergomi k\u00f3rh\u00e1zban","robots":{"index":"index","follow":"follow","max-snippet":"max-snippet:-1","max-image-preview":"max-image-preview:large","max-video-preview":"max-video-preview:-1"},"canonical":"https:\/\/dorogimedence.hu\/index.php\/2026\/08\/13\/25-gyogytornasz-hallgato-teljesitette-nyari-gyakorlatat-az-esztergomi-korhazban\/","og_locale":"hu_HU","og_type":"article","og_title":"25 gy\u00f3gytorn\u00e1sz hallgat\u00f3 teljes\u00edtette ny\u00e1ri gyakorlat\u00e1t az esztergomi k\u00f3rh\u00e1zban","og_description":"Huszon\u00f6t gy\u00f3gytorn\u00e1sz hallgat\u00f3 teljes\u00edtette ny\u00e1ri szakmai gyakorlat\u00e1t az Esztergomi Vaszary Kolos K\u00f3rh\u00e1zban. A hallgat\u00f3k t\u00f6bb oszt\u00e1lyon, szakemberek ir\u00e1ny\u00edt\u00e1sa mellett szerezhettek gyakorlati tapasztalatokat. Az Esztergomi Vaszary Kolos K\u00f3rh\u00e1z t\u00f6bb fels\u0151oktat\u00e1si int\u00e9zm\u00e9nnyel is egy\u00fcttm\u0171k\u00f6d\u00e9si szerz\u0151d\u00e9sben \u00e1ll, amelynek keret\u00e9ben diplom\u00e1s \u00e1pol\u00f3, dietetikus, sz\u00fcl\u00e9szn\u0151, ment\u0151tiszt \u00e9s gy\u00f3gytorn\u00e1sz hallgat\u00f3k sz\u00e1m\u00e1ra biztos\u00edtanak lehet\u0151s\u00e9get szakmai gyakorlatuk teljes\u00edt\u00e9s\u00e9re. A ny\u00e1ri id\u0151szakban \u00f6sszesen 25","og_url":"https:\/\/dorogimedence.hu\/index.php\/2026\/08\/13\/25-gyogytornasz-hallgato-teljesitette-nyari-gyakorlatat-az-esztergomi-korhazban\/","og_site_name":"Dorogi-medence Region\u00e1lis H\u00edrport\u00e1l","article_publisher":"https:\/\/www.facebook.com\/dorogimedence\/","article_published_time":"2026-08-13T13:27:31+00:00","og_image":[{"width":2048,"height":1620,"url":"https:\/\/dorogimedence.hu\/wp-content\/uploads\/2026\/08\/772868610_1735300397663233_4542157776930843748_n.jpg","type":"image\/jpeg"}],"author":"dorogimedence.hu","twitter_card":"summary_large_image","twitter_misc":{"Szerz\u0151:":"dorogimedence.hu","Becs\u00fclt olvas\u00e1si id\u0151":"1 perc"},"schema":{"@context":"https:\/\/schema.org","@graph":[{"@type":"Article","@id":"https:\/\/dorogimedence.hu\/index.php\/2026\/08\/13\/25-gyogytornasz-hallgato-teljesitette-nyari-gyakorlatat-az-esztergomi-korhazban\/#article","isPartOf":{"@id":"https:\/\/dorogimedence.hu\/index.php\/2026\/08\/13\/25-gyogytornasz-hallgato-teljesitette-nyari-gyakorlatat-az-esztergomi-korhazban\/"},"author":{"name":"dorogimedence.hu","@id":"https:\/\/dorogimedence.hu\/#\/schema\/person\/ce6091eeb7e95ecdc87890d6aa8e0fd4"},"headline":"25 gy\u00f3gytorn\u00e1sz hallgat\u00f3 teljes\u00edtette ny\u00e1ri gyakorlat\u00e1t az esztergomi k\u00f3rh\u00e1zban","datePublished":"2026-08-13T13:27:31+00:00","mainEntityOfPage":{"@id":"https:\/\/dorogimedence.hu\/index.php\/2026\/08\/13\/25-gyogytornasz-hallgato-teljesitette-nyari-gyakorlatat-az-esztergomi-korhazban\/"},"wordCount":247,"publisher":{"@id":"https:\/\/dorogimedence.hu\/#organization"},"image":{"@id":"https:\/\/dorogimedence.hu\/index.php\/2026\/08\/13\/25-gyogytornasz-hallgato-teljesitette-nyari-gyakorlatat-az-esztergomi-korhazban\/#primaryimage"},"thumbnailUrl":"https:\/\/dorogimedence.hu\/wp-content\/uploads\/2026\/08\/772868610_1735300397663233_4542157776930843748_n.jpg","keywords":["esztergom","gy\u00f3gytorn\u00e1sz","Vaszary Kolos K\u00f3rh\u00e1z"],"articleSection":["Esztergom","H\u00edrek"],"inLanguage":"hu"},{"@type":"WebPage","@id":"https:\/\/dorogimedence.hu\/index.php\/2026\/08\/13\/25-gyogytornasz-hallgato-teljesitette-nyari-gyakorlatat-az-esztergomi-korhazban\/","url":"https:\/\/dorogimedence.hu\/index.php\/2026\/08\/13\/25-gyogytornasz-hallgato-teljesitette-nyari-gyakorlatat-az-esztergomi-korhazban\/","name":"25 gy\u00f3gytorn\u00e1sz hallgat\u00f3 teljes\u00edtette ny\u00e1ri gyakorlat\u00e1t az esztergomi k\u00f3rh\u00e1zban","isPartOf":{"@id":"https:\/\/dorogimedence.hu\/#website"},"primaryImageOfPage":{"@id":"https:\/\/dorogimedence.hu\/index.php\/2026\/08\/13\/25-gyogytornasz-hallgato-teljesitette-nyari-gyakorlatat-az-esztergomi-korhazban\/#primaryimage"},"image":{"@id":"https:\/\/dorogimedence.hu\/index.php\/2026\/08\/13\/25-gyogytornasz-hallgato-teljesitette-nyari-gyakorlatat-az-esztergomi-korhazban\/#primaryimage"},"thumbnailUrl":"https:\/\/dorogimedence.hu\/wp-content\/uploads\/2026\/08\/772868610_1735300397663233_4542157776930843748_n.jpg","datePublished":"2026-08-13T13:27:31+00:00","breadcrumb":{"@id":"https:\/\/dorogimedence.hu\/index.php\/2026\/08\/13\/25-gyogytornasz-hallgato-teljesitette-nyari-gyakorlatat-az-esztergomi-korhazban\/#breadcrumb"},"inLanguage":"hu","potentialAction":[{"@type":"ReadAction","target":["https:\/\/dorogimedence.hu\/index.php\/2026\/08\/13\/25-gyogytornasz-hallgato-teljesitette-nyari-gyakorlatat-az-esztergomi-korhazban\/"]}]},{"@type":"ImageObject","inLanguage":"hu","@id":"https:\/\/dorogimedence.hu\/index.php\/2026\/08\/13\/25-gyogytornasz-hallgato-teljesitette-nyari-gyakorlatat-az-esztergomi-korhazban\/#primaryimage","url":"https:\/\/dorogimedence.hu\/wp-content\/uploads\/2026\/08\/772868610_1735300397663233_4542157776930843748_n.jpg","contentUrl":"https:\/\/dorogimedence.hu\/wp-content\/uploads\/2026\/08\/772868610_1735300397663233_4542157776930843748_n.jpg","width":2048,"height":1620},{"@type":"BreadcrumbList","@id":"https:\/\/dorogimedence.hu\/index.php\/2026\/08\/13\/25-gyogytornasz-hallgato-teljesitette-nyari-gyakorlatat-az-esztergomi-korhazban\/#breadcrumb","itemListElement":[{"@type":"ListItem","position":1,"name":"Kezd\u0151lap","item":"https:\/\/dorogimedence.hu\/"},{"@type":"ListItem","position":2,"name":"25 gy\u00f3gytorn\u00e1sz hallgat\u00f3 teljes\u00edtette ny\u00e1ri gyakorlat\u00e1t az esztergomi k\u00f3rh\u00e1zban"}]},{"@type":"WebSite","@id":"https:\/\/dorogimedence.hu\/#website","url":"https:\/\/dorogimedence.hu\/","name":"Dorogi-medence Region\u00e1lis H\u00edrport\u00e1l","description":"Dorog, Keszt\u00f6lc, Le\u00e1nyv\u00e1r, Piliscs\u00e9v, Tokod, Tokodalt\u00e1r\u00f3, Csolnok, Esztergom-kertv\u00e1ros: h\u00edrek, programok","publisher":{"@id":"https:\/\/dorogimedence.hu\/#organization"},"potentialAction":[{"@type":"SearchAction","target":{"@type":"EntryPoint","urlTemplate":"https:\/\/dorogimedence.hu\/?s={search_term_string}"},"query-input":{"@type":"PropertyValueSpecification","valueRequired":true,"valueName":"search_term_string"}}],"inLanguage":"hu"},{"@type":"Organization","@id":"https:\/\/dorogimedence.hu\/#organization","name":"Dorogi-medence Region\u00e1lis H\u00edrport\u00e1l","url":"https:\/\/dorogimedence.hu\/","logo":{"@type":"ImageObject","inLanguage":"hu","@id":"https:\/\/dorogimedence.hu\/#\/schema\/logo\/image\/","url":"https:\/\/dorogimedence.hu\/wp-content\/uploads\/2021\/04\/logo-feher-600.png","contentUrl":"https:\/\/dorogimedence.hu\/wp-content\/uploads\/2021\/04\/logo-feher-600.png","width":600,"height":100,"caption":"Dorogi-medence Region\u00e1lis H\u00edrport\u00e1l"},"image":{"@id":"https:\/\/dorogimedence.hu\/#\/schema\/logo\/image\/"},"sameAs":["https:\/\/www.facebook.com\/dorogimedence\/"]},{"@type":"Person","@id":"https:\/\/dorogimedence.hu\/#\/schema\/person\/ce6091eeb7e95ecdc87890d6aa8e0fd4","name":"dorogimedence.hu","image":{"@type":"ImageObject","inLanguage":"hu","@id":"\/\/www.gravatar.com\/avatar\/d8d45f8901aadff40a4af72c0b826f1d?s=96&#038;r=g&#038;d=mm","url":"\/\/www.gravatar.com\/avatar\/d8d45f8901aadff40a4af72c0b826f1d?s=96&#038;r=g&#038;d=mm","contentUrl":"\/\/www.gravatar.com\/avatar\/d8d45f8901aadff40a4af72c0b826f1d?s=96&#038;r=g&#038;d=mm","caption":"dorogimedence.hu"}}]}},"_links":{"self":[{"href":"https:\/\/dorogimedence.hu\/index.php\/wp-json\/wp\/v2\/posts\/82755","targetHints":{"allow":["GET"]}}],"collection":[{"href":"https:\/\/dorogimedence.hu\/index.php\/wp-json\/wp\/v2\/posts"}],"about":[{"href":"https:\/\/dorogimedence.hu\/index.php\/wp-json\/wp\/v2\/types\/post"}],"author":[{"embeddable":true,"href":"https:\/\/dorogimedence.hu\/index.php\/wp-json\/wp\/v2\/users\/1"}],"replies":[{"embeddable":true,"href":"https:\/\/dorogimedence.hu\/index.php\/wp-json\/wp\/v2\/comments?post=82755"}],"version-history":[{"count":1,"href":"https:\/\/dorogimedence.hu\/index.php\/wp-json\/wp\/v2\/posts\/82755\/revisions"}],"predecessor-version":[{"id":82758,"href":"https:\/\/dorogimedence.hu\/index.php\/wp-json\/wp\/v2\/posts\/82755\/revisions\/82758"}],"wp:featuredmedia":[{"embeddable":true,"href":"https:\/\/dorogimedence.hu\/index.php\/wp-json\/wp\/v2\/media\/82756"}],"wp:attachment":[{"href":"https:\/\/dorogimedence.hu\/index.php\/wp-json\/wp\/v2\/media?parent=82755"}],"wp:term":[{"taxonomy":"category","embeddable":true,"href":"https:\/\/dorogimedence.hu\/index.php\/wp-json\/wp\/v2\/categories?post=82755"},{"taxonomy":"post_tag","embeddable":true,"href":"https:\/\/dorogimedence.hu\/index.php\/wp-json\/wp\/v2\/tags?post=82755"}],"curies":[{"name":"wp","href":"https:\/\/api.w.org\/{rel}","templated":true}]}}