{"id":82751,"date":"2026-08-13T14:40:18","date_gmt":"2026-08-13T12:40:18","guid":{"rendered":"https:\/\/dorogimedence.hu\/?p=82751"},"modified":"2026-08-13T14:40:18","modified_gmt":"2026-08-13T12:40:18","slug":"ket-szabadteri-tuzhoz-is-riasztottak-a-nyergesujfalui-onkenteseket","status":"publish","type":"post","link":"https:\/\/dorogimedence.hu\/index.php\/2026\/08\/13\/ket-szabadteri-tuzhoz-is-riasztottak-a-nyergesujfalui-onkenteseket\/","title":{"rendered":"K\u00e9t szabadt\u00e9ri t\u0171zh\u00f6z is riasztott\u00e1k a nyerges\u00fajfalui \u00f6nk\u00e9nteseket"},"content":{"rendered":"<p><strong>K\u00e9t szabadt\u00e9ri t\u0171zesetn\u00e9l is beavatkoztak a Nyerges\u00fajfalui \u00d6nk\u00e9ntes T\u0171zolt\u00f3 Egyes\u00fclet tagjai augusztus 12-\u00e9n, szerd\u00e1n este. El\u0151bb T\u00e1ton, majd Nyerges\u00fajfalun volt sz\u00fcks\u00e9g a seg\u00edts\u00e9g\u00fckre.<\/strong><\/p>\n<p>Az \u00f6nk\u00e9ntes t\u0171zolt\u00f3k este 10 \u00f3ra k\u00f6r\u00fcl kaptak riaszt\u00e1st a megyei m\u0171veletir\u00e1ny\u00edt\u00e1st\u00f3l, miszerint T\u00e1ton, a Botlik Trans-szal szemben \u00e9g egy ter\u00fclet. A helysz\u00ednre \u00e9rkezve azt tapasztalt\u00e1k, hogy egy mez\u0151gazdas\u00e1gi ter\u00fcleten t\u00f6bb ponton is nagy kiterjed\u00e9sben \u00f6sszerakott szalma \u00e9g.<\/p>\n<p><img fetchpriority=\"high\" decoding=\"async\" class=\"alignnone size-full wp-image-82753\" src=\"https:\/\/dorogimedence.hu\/wp-content\/uploads\/2026\/08\/773559714_1358629216435592_6874288293411287108_n.jpg\" alt=\"\" width=\"2048\" height=\"1536\" srcset=\"https:\/\/dorogimedence.hu\/wp-content\/uploads\/2026\/08\/773559714_1358629216435592_6874288293411287108_n.jpg 2048w, https:\/\/dorogimedence.hu\/wp-content\/uploads\/2026\/08\/773559714_1358629216435592_6874288293411287108_n-600x450.jpg 600w, https:\/\/dorogimedence.hu\/wp-content\/uploads\/2026\/08\/773559714_1358629216435592_6874288293411287108_n-1920x1440.jpg 1920w, https:\/\/dorogimedence.hu\/wp-content\/uploads\/2026\/08\/773559714_1358629216435592_6874288293411287108_n-768x576.jpg 768w, https:\/\/dorogimedence.hu\/wp-content\/uploads\/2026\/08\/773559714_1358629216435592_6874288293411287108_n-1536x1152.jpg 1536w, https:\/\/dorogimedence.hu\/wp-content\/uploads\/2026\/08\/773559714_1358629216435592_6874288293411287108_n-150x113.jpg 150w, https:\/\/dorogimedence.hu\/wp-content\/uploads\/2026\/08\/773559714_1358629216435592_6874288293411287108_n-450x338.jpg 450w, https:\/\/dorogimedence.hu\/wp-content\/uploads\/2026\/08\/773559714_1358629216435592_6874288293411287108_n-1200x900.jpg 1200w\" sizes=\"(max-width: 2048px) 100vw, 2048px\" \/><\/p>\n<p>A m\u00e1r helysz\u00ednen dolgoz\u00f3 egys\u00e9gek mellett a nyerges\u00fajfalui \u00f6nk\u00e9ntesek is megkezdt\u00e9k a t\u0171z olt\u00e1s\u00e1t gyorsbeavatkoz\u00f3val. Nem sokkal k\u00e9s\u0151bb azonban \u00fajabb riaszt\u00e1st kaptak: Nyerges\u00fajfalun, a B\u00faz\u00e1s-hegyen nagy kiterjed\u00e9sben szalmab\u00e1l\u00e1k \u00e9s tarl\u00f3 \u00e9gtek.<\/p>\n<p>Az egys\u00e9get ez\u00e9rt \u00e1tvez\u00e9nyelt\u00e9k a m\u00e1sodik helysz\u00ednre. Az olt\u00e1si munk\u00e1latokat a terepviszonyok \u00e9s a sz\u00e9l is nehez\u00edtette, a keletkezett t\u00fczet v\u00e9g\u00fcl t\u00f6bb egys\u00e9g k\u00f6z\u00f6s munk\u00e1j\u00e1val siker\u00fclt megf\u00e9kezni.<\/p>\n<p>A Nyerges\u00fajfalui \u00d6nk\u00e9ntes T\u0171zolt\u00f3 Egyes\u00fclet a t\u00f6rt\u00e9ntek kapcs\u00e1n <span style=\"color: #0000ff;\"><a style=\"color: #0000ff;\" href=\"https:\/\/www.facebook.com\/nyergesote\/posts\/pfbid04Qiyrh3jifyApknk9SPup7deyQepNdSaE8WksUaDpMrEovgE26uFMu7kMxww8MK5l\" target=\"_blank\" rel=\"noopener\"><span style=\"text-decoration: underline;\">felh\u00edvta a figyelmet<\/span><\/a><\/span> arra, hogy a jelenlegi v\u00edzkorl\u00e1toz\u00e1sok mellett m\u00e9g nagyobb k\u00f6r\u00fcltekint\u00e9sre van sz\u00fcks\u00e9g a szabadt\u00e9ri t\u00fczek megel\u0151z\u00e9se \u00e9rdek\u00e9ben.<\/p>\n<p><em>Fot\u00f3k, forr\u00e1s: Nyerges \u00d6TE Facebook-oldal<\/em><\/p>\n","protected":false},"excerpt":{"rendered":"<p>K\u00e9t szabadt\u00e9ri t\u0171zesetn\u00e9l is beavatkoztak a Nyerges\u00fajfalui \u00d6nk\u00e9ntes T\u0171zolt\u00f3 Egyes\u00fclet tagjai augusztus 12-\u00e9n, szerd\u00e1n este. El\u0151bb T\u00e1ton, majd Nyerges\u00fajfalun volt sz\u00fcks\u00e9g a seg\u00edts\u00e9g\u00fckre. Az \u00f6nk\u00e9ntes t\u0171zolt\u00f3k este 10 \u00f3ra k\u00f6r\u00fcl kaptak riaszt\u00e1st a megyei m\u0171veletir\u00e1ny\u00edt\u00e1st\u00f3l, miszerint T\u00e1ton, a Botlik Trans-szal szemben \u00e9g egy ter\u00fclet. A helysz\u00ednre \u00e9rkezve azt tapasztalt\u00e1k, hogy egy mez\u0151gazdas\u00e1gi ter\u00fcleten t\u00f6bb ponton<\/p>\n","protected":false},"author":1,"featured_media":82752,"comment_status":"closed","ping_status":"closed","sticky":false,"template":"","format":"standard","meta":{"ngg_post_thumbnail":0,"footnotes":""},"categories":[3,39,1390,110],"tags":[175,140,2939,111,40,365,65],"class_list":["post-82751","post","type-post","status-publish","format-standard","has-post-thumbnail","category-hirek","category-kek-hirek","category-nyergesujfalu","category-tat","tag-katasztrofavedelem","tag-nyergesujfalu","tag-szabadteri-tuz","tag-tat","tag-tuz","tag-tuzeset","tag-tuzoltosag"],"yoast_head":"<!-- This site is optimized with the Yoast SEO plugin v28.3 - https:\/\/yoast.com\/product\/yoast-seo-wordpress\/ -->\n<title>K\u00e9t szabadt\u00e9ri t\u0171zh\u00f6z is riasztott\u00e1k a nyerges\u00fajfalui \u00f6nk\u00e9nteseket<\/title>\n<meta name=\"robots\" content=\"index, follow, max-snippet:-1, max-image-preview:large, max-video-preview:-1\" \/>\n<link rel=\"canonical\" href=\"https:\/\/dorogimedence.hu\/index.php\/2026\/08\/13\/ket-szabadteri-tuzhoz-is-riasztottak-a-nyergesujfalui-onkenteseket\/\" class=\"yoast-seo-meta-tag\" \/>\n<meta property=\"og:locale\" content=\"hu_HU\" class=\"yoast-seo-meta-tag\" \/>\n<meta property=\"og:type\" content=\"article\" class=\"yoast-seo-meta-tag\" \/>\n<meta property=\"og:title\" content=\"K\u00e9t szabadt\u00e9ri t\u0171zh\u00f6z is riasztott\u00e1k a nyerges\u00fajfalui \u00f6nk\u00e9nteseket\" class=\"yoast-seo-meta-tag\" \/>\n<meta property=\"og:description\" content=\"K\u00e9t szabadt\u00e9ri t\u0171zesetn\u00e9l is beavatkoztak a Nyerges\u00fajfalui \u00d6nk\u00e9ntes T\u0171zolt\u00f3 Egyes\u00fclet tagjai augusztus 12-\u00e9n, szerd\u00e1n este. El\u0151bb T\u00e1ton, majd Nyerges\u00fajfalun volt sz\u00fcks\u00e9g a seg\u00edts\u00e9g\u00fckre. Az \u00f6nk\u00e9ntes t\u0171zolt\u00f3k este 10 \u00f3ra k\u00f6r\u00fcl kaptak riaszt\u00e1st a megyei m\u0171veletir\u00e1ny\u00edt\u00e1st\u00f3l, miszerint T\u00e1ton, a Botlik Trans-szal szemben \u00e9g egy ter\u00fclet. A helysz\u00ednre \u00e9rkezve azt tapasztalt\u00e1k, hogy egy mez\u0151gazdas\u00e1gi ter\u00fcleten t\u00f6bb ponton\" class=\"yoast-seo-meta-tag\" \/>\n<meta property=\"og:url\" content=\"https:\/\/dorogimedence.hu\/index.php\/2026\/08\/13\/ket-szabadteri-tuzhoz-is-riasztottak-a-nyergesujfalui-onkenteseket\/\" class=\"yoast-seo-meta-tag\" \/>\n<meta property=\"og:site_name\" content=\"Dorogi-medence Region\u00e1lis H\u00edrport\u00e1l\" class=\"yoast-seo-meta-tag\" \/>\n<meta property=\"article:publisher\" content=\"https:\/\/www.facebook.com\/dorogimedence\/\" class=\"yoast-seo-meta-tag\" \/>\n<meta property=\"article:published_time\" content=\"2026-08-13T12:40:18+00:00\" class=\"yoast-seo-meta-tag\" \/>\n<meta property=\"og:image\" content=\"https:\/\/dorogimedence.hu\/wp-content\/uploads\/2026\/08\/773981741_1358629133102267_136745127427199500_n.jpg\" class=\"yoast-seo-meta-tag\" \/>\n\t<meta property=\"og:image:width\" content=\"2048\" class=\"yoast-seo-meta-tag\" \/>\n\t<meta property=\"og:image:height\" content=\"1536\" class=\"yoast-seo-meta-tag\" \/>\n\t<meta property=\"og:image:type\" content=\"image\/jpeg\" class=\"yoast-seo-meta-tag\" \/>\n<meta name=\"author\" content=\"dorogimedence.hu\" class=\"yoast-seo-meta-tag\" \/>\n<meta name=\"twitter:card\" content=\"summary_large_image\" class=\"yoast-seo-meta-tag\" \/>\n<meta name=\"twitter:label1\" content=\"Szerz\u0151:\" class=\"yoast-seo-meta-tag\" \/>\n\t<meta name=\"twitter:data1\" content=\"dorogimedence.hu\" class=\"yoast-seo-meta-tag\" \/>\n\t<meta name=\"twitter:label2\" content=\"Becs\u00fclt olvas\u00e1si id\u0151\" class=\"yoast-seo-meta-tag\" \/>\n\t<meta name=\"twitter:data2\" content=\"1 perc\" class=\"yoast-seo-meta-tag\" \/>\n<script type=\"application\/ld+json\" class=\"yoast-schema-graph\">{\"@context\":\"https:\\\/\\\/schema.org\",\"@graph\":[{\"@type\":\"Article\",\"@id\":\"https:\\\/\\\/dorogimedence.hu\\\/index.php\\\/2026\\\/08\\\/13\\\/ket-szabadteri-tuzhoz-is-riasztottak-a-nyergesujfalui-onkenteseket\\\/#article\",\"isPartOf\":{\"@id\":\"https:\\\/\\\/dorogimedence.hu\\\/index.php\\\/2026\\\/08\\\/13\\\/ket-szabadteri-tuzhoz-is-riasztottak-a-nyergesujfalui-onkenteseket\\\/\"},\"author\":{\"name\":\"dorogimedence.hu\",\"@id\":\"https:\\\/\\\/dorogimedence.hu\\\/#\\\/schema\\\/person\\\/ce6091eeb7e95ecdc87890d6aa8e0fd4\"},\"headline\":\"K\u00e9t szabadt\u00e9ri t\u0171zh\u00f6z is riasztott\u00e1k a nyerges\u00fajfalui \u00f6nk\u00e9nteseket\",\"datePublished\":\"2026-08-13T12:40:18+00:00\",\"mainEntityOfPage\":{\"@id\":\"https:\\\/\\\/dorogimedence.hu\\\/index.php\\\/2026\\\/08\\\/13\\\/ket-szabadteri-tuzhoz-is-riasztottak-a-nyergesujfalui-onkenteseket\\\/\"},\"wordCount\":267,\"publisher\":{\"@id\":\"https:\\\/\\\/dorogimedence.hu\\\/#organization\"},\"image\":{\"@id\":\"https:\\\/\\\/dorogimedence.hu\\\/index.php\\\/2026\\\/08\\\/13\\\/ket-szabadteri-tuzhoz-is-riasztottak-a-nyergesujfalui-onkenteseket\\\/#primaryimage\"},\"thumbnailUrl\":\"https:\\\/\\\/dorogimedence.hu\\\/wp-content\\\/uploads\\\/2026\\\/08\\\/773981741_1358629133102267_136745127427199500_n.jpg\",\"keywords\":[\"katasztr\u00f3fav\u00e9delem\",\"Nyerges\u00fajfalu\",\"szabadt\u00e9ri t\u0171z\",\"T\u00e1t\",\"t\u0171z\",\"t\u0171zeset\",\"t\u0171zolt\u00f3s\u00e1g\"],\"articleSection\":[\"H\u00edrek\",\"K\u00e9k h\u00edrek\",\"Nyerges\u00fajfalu\",\"T\u00e1t\"],\"inLanguage\":\"hu\"},{\"@type\":\"WebPage\",\"@id\":\"https:\\\/\\\/dorogimedence.hu\\\/index.php\\\/2026\\\/08\\\/13\\\/ket-szabadteri-tuzhoz-is-riasztottak-a-nyergesujfalui-onkenteseket\\\/\",\"url\":\"https:\\\/\\\/dorogimedence.hu\\\/index.php\\\/2026\\\/08\\\/13\\\/ket-szabadteri-tuzhoz-is-riasztottak-a-nyergesujfalui-onkenteseket\\\/\",\"name\":\"K\u00e9t szabadt\u00e9ri t\u0171zh\u00f6z is riasztott\u00e1k a nyerges\u00fajfalui \u00f6nk\u00e9nteseket\",\"isPartOf\":{\"@id\":\"https:\\\/\\\/dorogimedence.hu\\\/#website\"},\"primaryImageOfPage\":{\"@id\":\"https:\\\/\\\/dorogimedence.hu\\\/index.php\\\/2026\\\/08\\\/13\\\/ket-szabadteri-tuzhoz-is-riasztottak-a-nyergesujfalui-onkenteseket\\\/#primaryimage\"},\"image\":{\"@id\":\"https:\\\/\\\/dorogimedence.hu\\\/index.php\\\/2026\\\/08\\\/13\\\/ket-szabadteri-tuzhoz-is-riasztottak-a-nyergesujfalui-onkenteseket\\\/#primaryimage\"},\"thumbnailUrl\":\"https:\\\/\\\/dorogimedence.hu\\\/wp-content\\\/uploads\\\/2026\\\/08\\\/773981741_1358629133102267_136745127427199500_n.jpg\",\"datePublished\":\"2026-08-13T12:40:18+00:00\",\"breadcrumb\":{\"@id\":\"https:\\\/\\\/dorogimedence.hu\\\/index.php\\\/2026\\\/08\\\/13\\\/ket-szabadteri-tuzhoz-is-riasztottak-a-nyergesujfalui-onkenteseket\\\/#breadcrumb\"},\"inLanguage\":\"hu\",\"potentialAction\":[{\"@type\":\"ReadAction\",\"target\":[\"https:\\\/\\\/dorogimedence.hu\\\/index.php\\\/2026\\\/08\\\/13\\\/ket-szabadteri-tuzhoz-is-riasztottak-a-nyergesujfalui-onkenteseket\\\/\"]}]},{\"@type\":\"ImageObject\",\"inLanguage\":\"hu\",\"@id\":\"https:\\\/\\\/dorogimedence.hu\\\/index.php\\\/2026\\\/08\\\/13\\\/ket-szabadteri-tuzhoz-is-riasztottak-a-nyergesujfalui-onkenteseket\\\/#primaryimage\",\"url\":\"https:\\\/\\\/dorogimedence.hu\\\/wp-content\\\/uploads\\\/2026\\\/08\\\/773981741_1358629133102267_136745127427199500_n.jpg\",\"contentUrl\":\"https:\\\/\\\/dorogimedence.hu\\\/wp-content\\\/uploads\\\/2026\\\/08\\\/773981741_1358629133102267_136745127427199500_n.jpg\",\"width\":2048,\"height\":1536},{\"@type\":\"BreadcrumbList\",\"@id\":\"https:\\\/\\\/dorogimedence.hu\\\/index.php\\\/2026\\\/08\\\/13\\\/ket-szabadteri-tuzhoz-is-riasztottak-a-nyergesujfalui-onkenteseket\\\/#breadcrumb\",\"itemListElement\":[{\"@type\":\"ListItem\",\"position\":1,\"name\":\"Kezd\u0151lap\",\"item\":\"https:\\\/\\\/dorogimedence.hu\\\/\"},{\"@type\":\"ListItem\",\"position\":2,\"name\":\"K\u00e9t szabadt\u00e9ri t\u0171zh\u00f6z is riasztott\u00e1k a nyerges\u00fajfalui \u00f6nk\u00e9nteseket\"}]},{\"@type\":\"WebSite\",\"@id\":\"https:\\\/\\\/dorogimedence.hu\\\/#website\",\"url\":\"https:\\\/\\\/dorogimedence.hu\\\/\",\"name\":\"Dorogi-medence Region\u00e1lis H\u00edrport\u00e1l\",\"description\":\"Dorog, Keszt\u00f6lc, Le\u00e1nyv\u00e1r, Piliscs\u00e9v, Tokod, Tokodalt\u00e1r\u00f3, Csolnok, Esztergom-kertv\u00e1ros: h\u00edrek, programok\",\"publisher\":{\"@id\":\"https:\\\/\\\/dorogimedence.hu\\\/#organization\"},\"potentialAction\":[{\"@type\":\"SearchAction\",\"target\":{\"@type\":\"EntryPoint\",\"urlTemplate\":\"https:\\\/\\\/dorogimedence.hu\\\/?s={search_term_string}\"},\"query-input\":{\"@type\":\"PropertyValueSpecification\",\"valueRequired\":true,\"valueName\":\"search_term_string\"}}],\"inLanguage\":\"hu\"},{\"@type\":\"Organization\",\"@id\":\"https:\\\/\\\/dorogimedence.hu\\\/#organization\",\"name\":\"Dorogi-medence Region\u00e1lis H\u00edrport\u00e1l\",\"url\":\"https:\\\/\\\/dorogimedence.hu\\\/\",\"logo\":{\"@type\":\"ImageObject\",\"inLanguage\":\"hu\",\"@id\":\"https:\\\/\\\/dorogimedence.hu\\\/#\\\/schema\\\/logo\\\/image\\\/\",\"url\":\"https:\\\/\\\/dorogimedence.hu\\\/wp-content\\\/uploads\\\/2021\\\/04\\\/logo-feher-600.png\",\"contentUrl\":\"https:\\\/\\\/dorogimedence.hu\\\/wp-content\\\/uploads\\\/2021\\\/04\\\/logo-feher-600.png\",\"width\":600,\"height\":100,\"caption\":\"Dorogi-medence Region\u00e1lis H\u00edrport\u00e1l\"},\"image\":{\"@id\":\"https:\\\/\\\/dorogimedence.hu\\\/#\\\/schema\\\/logo\\\/image\\\/\"},\"sameAs\":[\"https:\\\/\\\/www.facebook.com\\\/dorogimedence\\\/\"]},{\"@type\":\"Person\",\"@id\":\"https:\\\/\\\/dorogimedence.hu\\\/#\\\/schema\\\/person\\\/ce6091eeb7e95ecdc87890d6aa8e0fd4\",\"name\":\"dorogimedence.hu\",\"image\":{\"@type\":\"ImageObject\",\"inLanguage\":\"hu\",\"@id\":\"\\\/\\\/www.gravatar.com\\\/avatar\\\/d8d45f8901aadff40a4af72c0b826f1d?s=96&#038;r=g&#038;d=mm\",\"url\":\"\\\/\\\/www.gravatar.com\\\/avatar\\\/d8d45f8901aadff40a4af72c0b826f1d?s=96&#038;r=g&#038;d=mm\",\"contentUrl\":\"\\\/\\\/www.gravatar.com\\\/avatar\\\/d8d45f8901aadff40a4af72c0b826f1d?s=96&#038;r=g&#038;d=mm\",\"caption\":\"dorogimedence.hu\"}}]}<\/script>\n<!-- \/ Yoast SEO plugin. -->","yoast_head_json":{"title":"K\u00e9t szabadt\u00e9ri t\u0171zh\u00f6z is riasztott\u00e1k a nyerges\u00fajfalui \u00f6nk\u00e9nteseket","robots":{"index":"index","follow":"follow","max-snippet":"max-snippet:-1","max-image-preview":"max-image-preview:large","max-video-preview":"max-video-preview:-1"},"canonical":"https:\/\/dorogimedence.hu\/index.php\/2026\/08\/13\/ket-szabadteri-tuzhoz-is-riasztottak-a-nyergesujfalui-onkenteseket\/","og_locale":"hu_HU","og_type":"article","og_title":"K\u00e9t szabadt\u00e9ri t\u0171zh\u00f6z is riasztott\u00e1k a nyerges\u00fajfalui \u00f6nk\u00e9nteseket","og_description":"K\u00e9t szabadt\u00e9ri t\u0171zesetn\u00e9l is beavatkoztak a Nyerges\u00fajfalui \u00d6nk\u00e9ntes T\u0171zolt\u00f3 Egyes\u00fclet tagjai augusztus 12-\u00e9n, szerd\u00e1n este. El\u0151bb T\u00e1ton, majd Nyerges\u00fajfalun volt sz\u00fcks\u00e9g a seg\u00edts\u00e9g\u00fckre. Az \u00f6nk\u00e9ntes t\u0171zolt\u00f3k este 10 \u00f3ra k\u00f6r\u00fcl kaptak riaszt\u00e1st a megyei m\u0171veletir\u00e1ny\u00edt\u00e1st\u00f3l, miszerint T\u00e1ton, a Botlik Trans-szal szemben \u00e9g egy ter\u00fclet. A helysz\u00ednre \u00e9rkezve azt tapasztalt\u00e1k, hogy egy mez\u0151gazdas\u00e1gi ter\u00fcleten t\u00f6bb ponton","og_url":"https:\/\/dorogimedence.hu\/index.php\/2026\/08\/13\/ket-szabadteri-tuzhoz-is-riasztottak-a-nyergesujfalui-onkenteseket\/","og_site_name":"Dorogi-medence Region\u00e1lis H\u00edrport\u00e1l","article_publisher":"https:\/\/www.facebook.com\/dorogimedence\/","article_published_time":"2026-08-13T12:40:18+00:00","og_image":[{"width":2048,"height":1536,"url":"https:\/\/dorogimedence.hu\/wp-content\/uploads\/2026\/08\/773981741_1358629133102267_136745127427199500_n.jpg","type":"image\/jpeg"}],"author":"dorogimedence.hu","twitter_card":"summary_large_image","twitter_misc":{"Szerz\u0151:":"dorogimedence.hu","Becs\u00fclt olvas\u00e1si id\u0151":"1 perc"},"schema":{"@context":"https:\/\/schema.org","@graph":[{"@type":"Article","@id":"https:\/\/dorogimedence.hu\/index.php\/2026\/08\/13\/ket-szabadteri-tuzhoz-is-riasztottak-a-nyergesujfalui-onkenteseket\/#article","isPartOf":{"@id":"https:\/\/dorogimedence.hu\/index.php\/2026\/08\/13\/ket-szabadteri-tuzhoz-is-riasztottak-a-nyergesujfalui-onkenteseket\/"},"author":{"name":"dorogimedence.hu","@id":"https:\/\/dorogimedence.hu\/#\/schema\/person\/ce6091eeb7e95ecdc87890d6aa8e0fd4"},"headline":"K\u00e9t szabadt\u00e9ri t\u0171zh\u00f6z is riasztott\u00e1k a nyerges\u00fajfalui \u00f6nk\u00e9nteseket","datePublished":"2026-08-13T12:40:18+00:00","mainEntityOfPage":{"@id":"https:\/\/dorogimedence.hu\/index.php\/2026\/08\/13\/ket-szabadteri-tuzhoz-is-riasztottak-a-nyergesujfalui-onkenteseket\/"},"wordCount":267,"publisher":{"@id":"https:\/\/dorogimedence.hu\/#organization"},"image":{"@id":"https:\/\/dorogimedence.hu\/index.php\/2026\/08\/13\/ket-szabadteri-tuzhoz-is-riasztottak-a-nyergesujfalui-onkenteseket\/#primaryimage"},"thumbnailUrl":"https:\/\/dorogimedence.hu\/wp-content\/uploads\/2026\/08\/773981741_1358629133102267_136745127427199500_n.jpg","keywords":["katasztr\u00f3fav\u00e9delem","Nyerges\u00fajfalu","szabadt\u00e9ri t\u0171z","T\u00e1t","t\u0171z","t\u0171zeset","t\u0171zolt\u00f3s\u00e1g"],"articleSection":["H\u00edrek","K\u00e9k h\u00edrek","Nyerges\u00fajfalu","T\u00e1t"],"inLanguage":"hu"},{"@type":"WebPage","@id":"https:\/\/dorogimedence.hu\/index.php\/2026\/08\/13\/ket-szabadteri-tuzhoz-is-riasztottak-a-nyergesujfalui-onkenteseket\/","url":"https:\/\/dorogimedence.hu\/index.php\/2026\/08\/13\/ket-szabadteri-tuzhoz-is-riasztottak-a-nyergesujfalui-onkenteseket\/","name":"K\u00e9t szabadt\u00e9ri t\u0171zh\u00f6z is riasztott\u00e1k a nyerges\u00fajfalui \u00f6nk\u00e9nteseket","isPartOf":{"@id":"https:\/\/dorogimedence.hu\/#website"},"primaryImageOfPage":{"@id":"https:\/\/dorogimedence.hu\/index.php\/2026\/08\/13\/ket-szabadteri-tuzhoz-is-riasztottak-a-nyergesujfalui-onkenteseket\/#primaryimage"},"image":{"@id":"https:\/\/dorogimedence.hu\/index.php\/2026\/08\/13\/ket-szabadteri-tuzhoz-is-riasztottak-a-nyergesujfalui-onkenteseket\/#primaryimage"},"thumbnailUrl":"https:\/\/dorogimedence.hu\/wp-content\/uploads\/2026\/08\/773981741_1358629133102267_136745127427199500_n.jpg","datePublished":"2026-08-13T12:40:18+00:00","breadcrumb":{"@id":"https:\/\/dorogimedence.hu\/index.php\/2026\/08\/13\/ket-szabadteri-tuzhoz-is-riasztottak-a-nyergesujfalui-onkenteseket\/#breadcrumb"},"inLanguage":"hu","potentialAction":[{"@type":"ReadAction","target":["https:\/\/dorogimedence.hu\/index.php\/2026\/08\/13\/ket-szabadteri-tuzhoz-is-riasztottak-a-nyergesujfalui-onkenteseket\/"]}]},{"@type":"ImageObject","inLanguage":"hu","@id":"https:\/\/dorogimedence.hu\/index.php\/2026\/08\/13\/ket-szabadteri-tuzhoz-is-riasztottak-a-nyergesujfalui-onkenteseket\/#primaryimage","url":"https:\/\/dorogimedence.hu\/wp-content\/uploads\/2026\/08\/773981741_1358629133102267_136745127427199500_n.jpg","contentUrl":"https:\/\/dorogimedence.hu\/wp-content\/uploads\/2026\/08\/773981741_1358629133102267_136745127427199500_n.jpg","width":2048,"height":1536},{"@type":"BreadcrumbList","@id":"https:\/\/dorogimedence.hu\/index.php\/2026\/08\/13\/ket-szabadteri-tuzhoz-is-riasztottak-a-nyergesujfalui-onkenteseket\/#breadcrumb","itemListElement":[{"@type":"ListItem","position":1,"name":"Kezd\u0151lap","item":"https:\/\/dorogimedence.hu\/"},{"@type":"ListItem","position":2,"name":"K\u00e9t szabadt\u00e9ri t\u0171zh\u00f6z is riasztott\u00e1k a nyerges\u00fajfalui \u00f6nk\u00e9nteseket"}]},{"@type":"WebSite","@id":"https:\/\/dorogimedence.hu\/#website","url":"https:\/\/dorogimedence.hu\/","name":"Dorogi-medence Region\u00e1lis H\u00edrport\u00e1l","description":"Dorog, Keszt\u00f6lc, Le\u00e1nyv\u00e1r, Piliscs\u00e9v, Tokod, Tokodalt\u00e1r\u00f3, Csolnok, Esztergom-kertv\u00e1ros: h\u00edrek, programok","publisher":{"@id":"https:\/\/dorogimedence.hu\/#organization"},"potentialAction":[{"@type":"SearchAction","target":{"@type":"EntryPoint","urlTemplate":"https:\/\/dorogimedence.hu\/?s={search_term_string}"},"query-input":{"@type":"PropertyValueSpecification","valueRequired":true,"valueName":"search_term_string"}}],"inLanguage":"hu"},{"@type":"Organization","@id":"https:\/\/dorogimedence.hu\/#organization","name":"Dorogi-medence Region\u00e1lis H\u00edrport\u00e1l","url":"https:\/\/dorogimedence.hu\/","logo":{"@type":"ImageObject","inLanguage":"hu","@id":"https:\/\/dorogimedence.hu\/#\/schema\/logo\/image\/","url":"https:\/\/dorogimedence.hu\/wp-content\/uploads\/2021\/04\/logo-feher-600.png","contentUrl":"https:\/\/dorogimedence.hu\/wp-content\/uploads\/2021\/04\/logo-feher-600.png","width":600,"height":100,"caption":"Dorogi-medence Region\u00e1lis H\u00edrport\u00e1l"},"image":{"@id":"https:\/\/dorogimedence.hu\/#\/schema\/logo\/image\/"},"sameAs":["https:\/\/www.facebook.com\/dorogimedence\/"]},{"@type":"Person","@id":"https:\/\/dorogimedence.hu\/#\/schema\/person\/ce6091eeb7e95ecdc87890d6aa8e0fd4","name":"dorogimedence.hu","image":{"@type":"ImageObject","inLanguage":"hu","@id":"\/\/www.gravatar.com\/avatar\/d8d45f8901aadff40a4af72c0b826f1d?s=96&#038;r=g&#038;d=mm","url":"\/\/www.gravatar.com\/avatar\/d8d45f8901aadff40a4af72c0b826f1d?s=96&#038;r=g&#038;d=mm","contentUrl":"\/\/www.gravatar.com\/avatar\/d8d45f8901aadff40a4af72c0b826f1d?s=96&#038;r=g&#038;d=mm","caption":"dorogimedence.hu"}}]}},"_links":{"self":[{"href":"https:\/\/dorogimedence.hu\/index.php\/wp-json\/wp\/v2\/posts\/82751","targetHints":{"allow":["GET"]}}],"collection":[{"href":"https:\/\/dorogimedence.hu\/index.php\/wp-json\/wp\/v2\/posts"}],"about":[{"href":"https:\/\/dorogimedence.hu\/index.php\/wp-json\/wp\/v2\/types\/post"}],"author":[{"embeddable":true,"href":"https:\/\/dorogimedence.hu\/index.php\/wp-json\/wp\/v2\/users\/1"}],"replies":[{"embeddable":true,"href":"https:\/\/dorogimedence.hu\/index.php\/wp-json\/wp\/v2\/comments?post=82751"}],"version-history":[{"count":1,"href":"https:\/\/dorogimedence.hu\/index.php\/wp-json\/wp\/v2\/posts\/82751\/revisions"}],"predecessor-version":[{"id":82754,"href":"https:\/\/dorogimedence.hu\/index.php\/wp-json\/wp\/v2\/posts\/82751\/revisions\/82754"}],"wp:featuredmedia":[{"embeddable":true,"href":"https:\/\/dorogimedence.hu\/index.php\/wp-json\/wp\/v2\/media\/82752"}],"wp:attachment":[{"href":"https:\/\/dorogimedence.hu\/index.php\/wp-json\/wp\/v2\/media?parent=82751"}],"wp:term":[{"taxonomy":"category","embeddable":true,"href":"https:\/\/dorogimedence.hu\/index.php\/wp-json\/wp\/v2\/categories?post=82751"},{"taxonomy":"post_tag","embeddable":true,"href":"https:\/\/dorogimedence.hu\/index.php\/wp-json\/wp\/v2\/tags?post=82751"}],"curies":[{"name":"wp","href":"https:\/\/api.w.org\/{rel}","templated":true}]}}