{"id":82746,"date":"2026-08-13T12:13:34","date_gmt":"2026-08-13T10:13:34","guid":{"rendered":"https:\/\/dorogimedence.hu\/?p=82746"},"modified":"2026-08-13T12:13:34","modified_gmt":"2026-08-13T10:13:34","slug":"ma-kezdodik-az-adni-orom-tanszergyujto-akcio","status":"publish","type":"post","link":"https:\/\/dorogimedence.hu\/index.php\/2026\/08\/13\/ma-kezdodik-az-adni-orom-tanszergyujto-akcio\/","title":{"rendered":"Ma kezd\u0151dik az Adni \u00d6r\u00f6m! tanszergy\u0171jt\u0151 akci\u00f3"},"content":{"rendered":"<p><strong>A Magyar M\u00e1ltai Szeretetszolg\u00e1lat \u00e9s a SPAR Magyarorsz\u00e1g id\u00e9n hatodik alkalommal hirdeti meg k\u00f6z\u00f6s, Adni \u00d6r\u00f6m! tanszergy\u0171jt\u0151 akci\u00f3j\u00e1t. A 2026. augusztus 13. \u00e9s 16. k\u00f6z\u00f6tt zajl\u00f3 szem\u00e9lyes gy\u0171jt\u00e9s c\u00e9lja, hogy min\u00e9l t\u00f6bb neh\u00e9z helyzetben \u00e9l\u0151 gyermek kezdhesse teljes tanszerfelszerel\u00e9ssel \u00e9s m\u00e9lt\u00f3s\u00e1ggal az \u00faj tan\u00e9vet. A v\u00e1s\u00e1rl\u00f3k az orsz\u00e1g b\u00e1rmely INTERSPAR \u00e1ruh\u00e1z\u00e1ban csatlakozhatnak a j\u00f3t\u00e9konys\u00e1gi kezdem\u00e9nyez\u00e9shez.<\/strong><\/p>\n<p>\u201eEgy sikeres tan\u00e9v sokszor m\u00e1r az els\u0151 tan\u00edt\u00e1si nap el\u0151tt eld\u0151l. Ha egy gyermek megfelel\u0151 felszerel\u00e9ssel \u00e9rkezik az iskol\u00e1ba, magabiztosabban tud bekapcsol\u00f3dni a k\u00f6z\u00f6ss\u00e9gbe \u00e9s a tanul\u00e1sba. Ez\u00e9rt k\u00fcl\u00f6n\u00f6sen fontos sz\u00e1munkra, hogy a Magyar M\u00e1ltai Szeretetszolg\u00e1lattal imm\u00e1r hatodik \u00e9ve k\u00f6z\u00f6sen lehet\u0151s\u00e9get teremts\u00fcnk v\u00e1s\u00e1rl\u00f3inknak arra, hogy egyszer\u0171en \u00e9s k\u00f6zvetlen\u00fcl seg\u00edtsenek. B\u00edzunk benne, hogy id\u00e9n is sokan csatlakoznak a kezdem\u00e9nyez\u00e9shez\u201d &#8211; mondta Maczelka M\u00e1rk, a SPAR Magyarorsz\u00e1g kommunik\u00e1ci\u00f3s vezet\u0151je.<\/p>\n<p>Romh\u00e1nyi Tam\u00e1s, a Magyar M\u00e1ltai Szeretetszolg\u00e1lat kommunik\u00e1ci\u00f3s vezet\u0151je hozz\u00e1tette: \u201ea korm\u00e1ny \u00e1ltal ny\u00fajtott iskolakezd\u00e9si t\u00e1mogat\u00e1s jelent\u0151s int\u00e9zked\u00e9s, de nem v\u00e1ltja ki a karitat\u00edv szervezetek eg\u00e9sz \u00e9ven \u00e1t tart\u00f3 gondoskod\u00e1s\u00e1t. A r\u00e1szorul\u00f3 csal\u00e1dok id\u00e9n nagyobb lehet\u0151s\u00e9get kapnak, hogy gyermekeik \u00faj eszk\u00f6z\u00f6kkel \u00fclhessenek be az iskolapadba, ehhez azonban tov\u00e1bbra is k\u00e9rj\u00fck az adom\u00e1nyoz\u00f3k felaj\u00e1nl\u00e1sait &#8211; egy f\u00fczetcsomag, egy tolltart\u00f3, vagy rajzcsomag aj\u00e1nd\u00e9koz\u00e1sa v\u00e1ltozatlanul nagy seg\u00edts\u00e9get jelent.<\/p>\n<p><img fetchpriority=\"high\" decoding=\"async\" class=\"alignnone size-full wp-image-82749\" src=\"https:\/\/dorogimedence.hu\/wp-content\/uploads\/2026\/08\/Adni-Orom-tanszergyujtes_2026_3-scaled.jpg\" alt=\"\" width=\"2560\" height=\"1706\" srcset=\"https:\/\/dorogimedence.hu\/wp-content\/uploads\/2026\/08\/Adni-Orom-tanszergyujtes_2026_3-scaled.jpg 2560w, https:\/\/dorogimedence.hu\/wp-content\/uploads\/2026\/08\/Adni-Orom-tanszergyujtes_2026_3-600x400.jpg 600w, https:\/\/dorogimedence.hu\/wp-content\/uploads\/2026\/08\/Adni-Orom-tanszergyujtes_2026_3-1920x1280.jpg 1920w, https:\/\/dorogimedence.hu\/wp-content\/uploads\/2026\/08\/Adni-Orom-tanszergyujtes_2026_3-768x512.jpg 768w, https:\/\/dorogimedence.hu\/wp-content\/uploads\/2026\/08\/Adni-Orom-tanszergyujtes_2026_3-1536x1024.jpg 1536w, https:\/\/dorogimedence.hu\/wp-content\/uploads\/2026\/08\/Adni-Orom-tanszergyujtes_2026_3-2048x1365.jpg 2048w, https:\/\/dorogimedence.hu\/wp-content\/uploads\/2026\/08\/Adni-Orom-tanszergyujtes_2026_3-150x100.jpg 150w, https:\/\/dorogimedence.hu\/wp-content\/uploads\/2026\/08\/Adni-Orom-tanszergyujtes_2026_3-450x300.jpg 450w, https:\/\/dorogimedence.hu\/wp-content\/uploads\/2026\/08\/Adni-Orom-tanszergyujtes_2026_3-1200x800.jpg 1200w, https:\/\/dorogimedence.hu\/wp-content\/uploads\/2026\/08\/Adni-Orom-tanszergyujtes_2026_3-272x182.jpg 272w\" sizes=\"(max-width: 2560px) 100vw, 2560px\" \/><\/p>\n<p>A szem\u00e9lyes gy\u0171jt\u00e9s sor\u00e1n, 2026. augusztus 13. \u00e9s 16. k\u00f6z\u00f6tt 10 \u00f3r\u00e1t\u00f3l 18 \u00f3r\u00e1ig a Magyar M\u00e1ltai Szeretetszolg\u00e1lat \u00f6nk\u00e9ntesei az orsz\u00e1g valamennyi INTERSPAR \u00e1ruh\u00e1z\u00e1ban fogadj\u00e1k az adom\u00e1nyokat. A v\u00e1s\u00e1rl\u00f3k az \u00e1ruh\u00e1zban megv\u00e1s\u00e1rolt \u00faj f\u00fczeteket, \u00edr\u00f3szereket, rajzeszk\u00f6z\u00f6ket, iskolat\u00e1sk\u00e1kat \u00e9s egy\u00e9b, az iskolakezd\u00e9shez sz\u00fcks\u00e9ges term\u00e9keket aj\u00e1nlhatj\u00e1k fel, amelyeket a kasszaz\u00f3na ut\u00e1n adhatnak \u00e1t az \u00f6nk\u00e9nteseknek. A Magyar M\u00e1ltai Szeretetszolg\u00e1lat orsz\u00e1gos h\u00e1l\u00f3zat\u00e1nak seg\u00edts\u00e9g\u00e9vel az adom\u00e1nyok c\u00e9lzottan jutnak el a r\u00e1szorul\u00f3 gyermekekhez.<\/p>\n<p>Azok sz\u00e1m\u00e1ra, akik m\u00e1s m\u00f3don szeretn\u00e9nek seg\u00edteni, tov\u00e1bbra is rendelkez\u00e9sre \u00e1ll az adom\u00e1nyk\u00e1rty\u00e1s t\u00e1mogat\u00e1s lehet\u0151s\u00e9ge. Az 500, 1 500, 3 000, 5 000 \u00e9s 10 000 forint \u00e9rt\u00e9k\u0171 adom\u00e1nyk\u00e1rty\u00e1k 2026. augusztus 31-ig v\u00e1s\u00e1rolhat\u00f3ak meg az INTERSPAR \u00e1ruh\u00e1zakban. A befolyt \u00f6sszeget a Magyar M\u00e1ltai Szeretetszolg\u00e1lat teljes eg\u00e9sz\u00e9ben \u00faj tanszerek beszerz\u00e9s\u00e9re ford\u00edtja.<\/p>\n<p>Az adom\u00e1nygy\u0171jt\u00e9s r\u00e9szletei \u00e9s az INTERSPAR \u00e1ruh\u00e1zak el\u00e9rhet\u0151s\u00e9gei a <a href=\"http:\/\/www.x-hirlevel.hu\/click.php?id=i82ng5juypw4gislipgs\" target=\"_blank\" rel=\"noopener\"><span style=\"text-decoration: underline; color: #0000ff;\">www.adniorom.hu<\/span><\/a> weboldalon tekinthet\u0151k meg.<\/p>\n<p><img decoding=\"async\" class=\"alignnone size-full wp-image-82748\" src=\"https:\/\/dorogimedence.hu\/wp-content\/uploads\/2026\/08\/Adni-Orom-tanszergyujtes_2026_1.jpg\" alt=\"\" width=\"1240\" height=\"1754\" srcset=\"https:\/\/dorogimedence.hu\/wp-content\/uploads\/2026\/08\/Adni-Orom-tanszergyujtes_2026_1.jpg 1240w, https:\/\/dorogimedence.hu\/wp-content\/uploads\/2026\/08\/Adni-Orom-tanszergyujtes_2026_1-424x600.jpg 424w, https:\/\/dorogimedence.hu\/wp-content\/uploads\/2026\/08\/Adni-Orom-tanszergyujtes_2026_1-768x1086.jpg 768w, https:\/\/dorogimedence.hu\/wp-content\/uploads\/2026\/08\/Adni-Orom-tanszergyujtes_2026_1-1086x1536.jpg 1086w, https:\/\/dorogimedence.hu\/wp-content\/uploads\/2026\/08\/Adni-Orom-tanszergyujtes_2026_1-150x212.jpg 150w, https:\/\/dorogimedence.hu\/wp-content\/uploads\/2026\/08\/Adni-Orom-tanszergyujtes_2026_1-450x637.jpg 450w, https:\/\/dorogimedence.hu\/wp-content\/uploads\/2026\/08\/Adni-Orom-tanszergyujtes_2026_1-1200x1697.jpg 1200w\" sizes=\"(max-width: 1240px) 100vw, 1240px\" \/><\/p>\n<p><em>Fot\u00f3k: spar.hu<\/em><\/p>\n","protected":false},"excerpt":{"rendered":"<p>A Magyar M\u00e1ltai Szeretetszolg\u00e1lat \u00e9s a SPAR Magyarorsz\u00e1g id\u00e9n hatodik alkalommal hirdeti meg k\u00f6z\u00f6s, Adni \u00d6r\u00f6m! tanszergy\u0171jt\u0151 akci\u00f3j\u00e1t. A 2026. augusztus 13. \u00e9s 16. k\u00f6z\u00f6tt zajl\u00f3 szem\u00e9lyes gy\u0171jt\u00e9s c\u00e9lja, hogy min\u00e9l t\u00f6bb neh\u00e9z helyzetben \u00e9l\u0151 gyermek kezdhesse teljes tanszerfelszerel\u00e9ssel \u00e9s m\u00e9lt\u00f3s\u00e1ggal az \u00faj tan\u00e9vet. A v\u00e1s\u00e1rl\u00f3k az orsz\u00e1g b\u00e1rmely INTERSPAR \u00e1ruh\u00e1z\u00e1ban csatlakozhatnak a j\u00f3t\u00e9konys\u00e1gi kezdem\u00e9nyez\u00e9shez.<\/p>\n","protected":false},"author":1,"featured_media":82747,"comment_status":"closed","ping_status":"closed","sticky":false,"template":"","format":"standard","meta":{"ngg_post_thumbnail":0,"footnotes":""},"categories":[6934,3],"tags":[1847,1776,543,6621],"class_list":["post-82746","post","type-post","status-publish","format-standard","has-post-thumbnail","category-belfold","category-hirek","tag-adomanygyujtes","tag-magyar-maltai-szeretetszolgalat","tag-spar","tag-tanszer"],"yoast_head":"<!-- This site is optimized with the Yoast SEO plugin v28.3 - https:\/\/yoast.com\/product\/yoast-seo-wordpress\/ -->\n<title>Ma kezd\u0151dik az Adni \u00d6r\u00f6m! tanszergy\u0171jt\u0151 akci\u00f3<\/title>\n<meta name=\"robots\" content=\"index, follow, max-snippet:-1, max-image-preview:large, max-video-preview:-1\" \/>\n<link rel=\"canonical\" href=\"https:\/\/dorogimedence.hu\/index.php\/2026\/08\/13\/ma-kezdodik-az-adni-orom-tanszergyujto-akcio\/\" class=\"yoast-seo-meta-tag\" \/>\n<meta property=\"og:locale\" content=\"hu_HU\" class=\"yoast-seo-meta-tag\" \/>\n<meta property=\"og:type\" content=\"article\" class=\"yoast-seo-meta-tag\" \/>\n<meta property=\"og:title\" content=\"Ma kezd\u0151dik az Adni \u00d6r\u00f6m! tanszergy\u0171jt\u0151 akci\u00f3\" class=\"yoast-seo-meta-tag\" \/>\n<meta property=\"og:description\" content=\"A Magyar M\u00e1ltai Szeretetszolg\u00e1lat \u00e9s a SPAR Magyarorsz\u00e1g id\u00e9n hatodik alkalommal hirdeti meg k\u00f6z\u00f6s, Adni \u00d6r\u00f6m! tanszergy\u0171jt\u0151 akci\u00f3j\u00e1t. A 2026. augusztus 13. \u00e9s 16. k\u00f6z\u00f6tt zajl\u00f3 szem\u00e9lyes gy\u0171jt\u00e9s c\u00e9lja, hogy min\u00e9l t\u00f6bb neh\u00e9z helyzetben \u00e9l\u0151 gyermek kezdhesse teljes tanszerfelszerel\u00e9ssel \u00e9s m\u00e9lt\u00f3s\u00e1ggal az \u00faj tan\u00e9vet. A v\u00e1s\u00e1rl\u00f3k az orsz\u00e1g b\u00e1rmely INTERSPAR \u00e1ruh\u00e1z\u00e1ban csatlakozhatnak a j\u00f3t\u00e9konys\u00e1gi kezdem\u00e9nyez\u00e9shez.\" class=\"yoast-seo-meta-tag\" \/>\n<meta property=\"og:url\" content=\"https:\/\/dorogimedence.hu\/index.php\/2026\/08\/13\/ma-kezdodik-az-adni-orom-tanszergyujto-akcio\/\" class=\"yoast-seo-meta-tag\" \/>\n<meta property=\"og:site_name\" content=\"Dorogi-medence Region\u00e1lis H\u00edrport\u00e1l\" class=\"yoast-seo-meta-tag\" \/>\n<meta property=\"article:publisher\" content=\"https:\/\/www.facebook.com\/dorogimedence\/\" class=\"yoast-seo-meta-tag\" \/>\n<meta property=\"article:published_time\" content=\"2026-08-13T10:13:34+00:00\" class=\"yoast-seo-meta-tag\" \/>\n<meta property=\"og:image\" content=\"https:\/\/dorogimedence.hu\/wp-content\/uploads\/2026\/08\/Adni-Orom-tanszergyujtes_2026_4-scaled.jpg\" class=\"yoast-seo-meta-tag\" \/>\n\t<meta property=\"og:image:width\" content=\"2560\" class=\"yoast-seo-meta-tag\" \/>\n\t<meta property=\"og:image:height\" content=\"1707\" class=\"yoast-seo-meta-tag\" \/>\n\t<meta property=\"og:image:type\" content=\"image\/jpeg\" class=\"yoast-seo-meta-tag\" \/>\n<meta name=\"author\" content=\"dorogimedence.hu\" class=\"yoast-seo-meta-tag\" \/>\n<meta name=\"twitter:card\" content=\"summary_large_image\" class=\"yoast-seo-meta-tag\" \/>\n<meta name=\"twitter:label1\" content=\"Szerz\u0151:\" class=\"yoast-seo-meta-tag\" \/>\n\t<meta name=\"twitter:data1\" content=\"dorogimedence.hu\" class=\"yoast-seo-meta-tag\" \/>\n\t<meta name=\"twitter:label2\" content=\"Becs\u00fclt olvas\u00e1si id\u0151\" class=\"yoast-seo-meta-tag\" \/>\n\t<meta name=\"twitter:data2\" content=\"3 perc\" class=\"yoast-seo-meta-tag\" \/>\n<script type=\"application\/ld+json\" class=\"yoast-schema-graph\">{\"@context\":\"https:\\\/\\\/schema.org\",\"@graph\":[{\"@type\":\"Article\",\"@id\":\"https:\\\/\\\/dorogimedence.hu\\\/index.php\\\/2026\\\/08\\\/13\\\/ma-kezdodik-az-adni-orom-tanszergyujto-akcio\\\/#article\",\"isPartOf\":{\"@id\":\"https:\\\/\\\/dorogimedence.hu\\\/index.php\\\/2026\\\/08\\\/13\\\/ma-kezdodik-az-adni-orom-tanszergyujto-akcio\\\/\"},\"author\":{\"name\":\"dorogimedence.hu\",\"@id\":\"https:\\\/\\\/dorogimedence.hu\\\/#\\\/schema\\\/person\\\/ce6091eeb7e95ecdc87890d6aa8e0fd4\"},\"headline\":\"Ma kezd\u0151dik az Adni \u00d6r\u00f6m! tanszergy\u0171jt\u0151 akci\u00f3\",\"datePublished\":\"2026-08-13T10:13:34+00:00\",\"mainEntityOfPage\":{\"@id\":\"https:\\\/\\\/dorogimedence.hu\\\/index.php\\\/2026\\\/08\\\/13\\\/ma-kezdodik-az-adni-orom-tanszergyujto-akcio\\\/\"},\"wordCount\":525,\"publisher\":{\"@id\":\"https:\\\/\\\/dorogimedence.hu\\\/#organization\"},\"image\":{\"@id\":\"https:\\\/\\\/dorogimedence.hu\\\/index.php\\\/2026\\\/08\\\/13\\\/ma-kezdodik-az-adni-orom-tanszergyujto-akcio\\\/#primaryimage\"},\"thumbnailUrl\":\"https:\\\/\\\/dorogimedence.hu\\\/wp-content\\\/uploads\\\/2026\\\/08\\\/Adni-Orom-tanszergyujtes_2026_4-scaled.jpg\",\"keywords\":[\"adom\u00e1nygy\u0171jt\u00e9s\",\"Magyar M\u00e1ltai Szeretetszolg\u00e1lat\",\"Spar\",\"tanszer\"],\"articleSection\":[\"Belf\u00f6ld, Gazdas\u00e1g\",\"H\u00edrek\"],\"inLanguage\":\"hu\"},{\"@type\":\"WebPage\",\"@id\":\"https:\\\/\\\/dorogimedence.hu\\\/index.php\\\/2026\\\/08\\\/13\\\/ma-kezdodik-az-adni-orom-tanszergyujto-akcio\\\/\",\"url\":\"https:\\\/\\\/dorogimedence.hu\\\/index.php\\\/2026\\\/08\\\/13\\\/ma-kezdodik-az-adni-orom-tanszergyujto-akcio\\\/\",\"name\":\"Ma kezd\u0151dik az Adni \u00d6r\u00f6m! tanszergy\u0171jt\u0151 akci\u00f3\",\"isPartOf\":{\"@id\":\"https:\\\/\\\/dorogimedence.hu\\\/#website\"},\"primaryImageOfPage\":{\"@id\":\"https:\\\/\\\/dorogimedence.hu\\\/index.php\\\/2026\\\/08\\\/13\\\/ma-kezdodik-az-adni-orom-tanszergyujto-akcio\\\/#primaryimage\"},\"image\":{\"@id\":\"https:\\\/\\\/dorogimedence.hu\\\/index.php\\\/2026\\\/08\\\/13\\\/ma-kezdodik-az-adni-orom-tanszergyujto-akcio\\\/#primaryimage\"},\"thumbnailUrl\":\"https:\\\/\\\/dorogimedence.hu\\\/wp-content\\\/uploads\\\/2026\\\/08\\\/Adni-Orom-tanszergyujtes_2026_4-scaled.jpg\",\"datePublished\":\"2026-08-13T10:13:34+00:00\",\"breadcrumb\":{\"@id\":\"https:\\\/\\\/dorogimedence.hu\\\/index.php\\\/2026\\\/08\\\/13\\\/ma-kezdodik-az-adni-orom-tanszergyujto-akcio\\\/#breadcrumb\"},\"inLanguage\":\"hu\",\"potentialAction\":[{\"@type\":\"ReadAction\",\"target\":[\"https:\\\/\\\/dorogimedence.hu\\\/index.php\\\/2026\\\/08\\\/13\\\/ma-kezdodik-az-adni-orom-tanszergyujto-akcio\\\/\"]}]},{\"@type\":\"ImageObject\",\"inLanguage\":\"hu\",\"@id\":\"https:\\\/\\\/dorogimedence.hu\\\/index.php\\\/2026\\\/08\\\/13\\\/ma-kezdodik-az-adni-orom-tanszergyujto-akcio\\\/#primaryimage\",\"url\":\"https:\\\/\\\/dorogimedence.hu\\\/wp-content\\\/uploads\\\/2026\\\/08\\\/Adni-Orom-tanszergyujtes_2026_4-scaled.jpg\",\"contentUrl\":\"https:\\\/\\\/dorogimedence.hu\\\/wp-content\\\/uploads\\\/2026\\\/08\\\/Adni-Orom-tanszergyujtes_2026_4-scaled.jpg\",\"width\":2560,\"height\":1707},{\"@type\":\"BreadcrumbList\",\"@id\":\"https:\\\/\\\/dorogimedence.hu\\\/index.php\\\/2026\\\/08\\\/13\\\/ma-kezdodik-az-adni-orom-tanszergyujto-akcio\\\/#breadcrumb\",\"itemListElement\":[{\"@type\":\"ListItem\",\"position\":1,\"name\":\"Kezd\u0151lap\",\"item\":\"https:\\\/\\\/dorogimedence.hu\\\/\"},{\"@type\":\"ListItem\",\"position\":2,\"name\":\"Ma kezd\u0151dik az Adni \u00d6r\u00f6m! tanszergy\u0171jt\u0151 akci\u00f3\"}]},{\"@type\":\"WebSite\",\"@id\":\"https:\\\/\\\/dorogimedence.hu\\\/#website\",\"url\":\"https:\\\/\\\/dorogimedence.hu\\\/\",\"name\":\"Dorogi-medence Region\u00e1lis H\u00edrport\u00e1l\",\"description\":\"Dorog, Keszt\u00f6lc, Le\u00e1nyv\u00e1r, Piliscs\u00e9v, Tokod, Tokodalt\u00e1r\u00f3, Csolnok, Esztergom-kertv\u00e1ros: h\u00edrek, programok\",\"publisher\":{\"@id\":\"https:\\\/\\\/dorogimedence.hu\\\/#organization\"},\"potentialAction\":[{\"@type\":\"SearchAction\",\"target\":{\"@type\":\"EntryPoint\",\"urlTemplate\":\"https:\\\/\\\/dorogimedence.hu\\\/?s={search_term_string}\"},\"query-input\":{\"@type\":\"PropertyValueSpecification\",\"valueRequired\":true,\"valueName\":\"search_term_string\"}}],\"inLanguage\":\"hu\"},{\"@type\":\"Organization\",\"@id\":\"https:\\\/\\\/dorogimedence.hu\\\/#organization\",\"name\":\"Dorogi-medence Region\u00e1lis H\u00edrport\u00e1l\",\"url\":\"https:\\\/\\\/dorogimedence.hu\\\/\",\"logo\":{\"@type\":\"ImageObject\",\"inLanguage\":\"hu\",\"@id\":\"https:\\\/\\\/dorogimedence.hu\\\/#\\\/schema\\\/logo\\\/image\\\/\",\"url\":\"https:\\\/\\\/dorogimedence.hu\\\/wp-content\\\/uploads\\\/2021\\\/04\\\/logo-feher-600.png\",\"contentUrl\":\"https:\\\/\\\/dorogimedence.hu\\\/wp-content\\\/uploads\\\/2021\\\/04\\\/logo-feher-600.png\",\"width\":600,\"height\":100,\"caption\":\"Dorogi-medence Region\u00e1lis H\u00edrport\u00e1l\"},\"image\":{\"@id\":\"https:\\\/\\\/dorogimedence.hu\\\/#\\\/schema\\\/logo\\\/image\\\/\"},\"sameAs\":[\"https:\\\/\\\/www.facebook.com\\\/dorogimedence\\\/\"]},{\"@type\":\"Person\",\"@id\":\"https:\\\/\\\/dorogimedence.hu\\\/#\\\/schema\\\/person\\\/ce6091eeb7e95ecdc87890d6aa8e0fd4\",\"name\":\"dorogimedence.hu\",\"image\":{\"@type\":\"ImageObject\",\"inLanguage\":\"hu\",\"@id\":\"\\\/\\\/www.gravatar.com\\\/avatar\\\/d8d45f8901aadff40a4af72c0b826f1d?s=96&#038;r=g&#038;d=mm\",\"url\":\"\\\/\\\/www.gravatar.com\\\/avatar\\\/d8d45f8901aadff40a4af72c0b826f1d?s=96&#038;r=g&#038;d=mm\",\"contentUrl\":\"\\\/\\\/www.gravatar.com\\\/avatar\\\/d8d45f8901aadff40a4af72c0b826f1d?s=96&#038;r=g&#038;d=mm\",\"caption\":\"dorogimedence.hu\"}}]}<\/script>\n<!-- \/ Yoast SEO plugin. -->","yoast_head_json":{"title":"Ma kezd\u0151dik az Adni \u00d6r\u00f6m! tanszergy\u0171jt\u0151 akci\u00f3","robots":{"index":"index","follow":"follow","max-snippet":"max-snippet:-1","max-image-preview":"max-image-preview:large","max-video-preview":"max-video-preview:-1"},"canonical":"https:\/\/dorogimedence.hu\/index.php\/2026\/08\/13\/ma-kezdodik-az-adni-orom-tanszergyujto-akcio\/","og_locale":"hu_HU","og_type":"article","og_title":"Ma kezd\u0151dik az Adni \u00d6r\u00f6m! tanszergy\u0171jt\u0151 akci\u00f3","og_description":"A Magyar M\u00e1ltai Szeretetszolg\u00e1lat \u00e9s a SPAR Magyarorsz\u00e1g id\u00e9n hatodik alkalommal hirdeti meg k\u00f6z\u00f6s, Adni \u00d6r\u00f6m! tanszergy\u0171jt\u0151 akci\u00f3j\u00e1t. A 2026. augusztus 13. \u00e9s 16. k\u00f6z\u00f6tt zajl\u00f3 szem\u00e9lyes gy\u0171jt\u00e9s c\u00e9lja, hogy min\u00e9l t\u00f6bb neh\u00e9z helyzetben \u00e9l\u0151 gyermek kezdhesse teljes tanszerfelszerel\u00e9ssel \u00e9s m\u00e9lt\u00f3s\u00e1ggal az \u00faj tan\u00e9vet. A v\u00e1s\u00e1rl\u00f3k az orsz\u00e1g b\u00e1rmely INTERSPAR \u00e1ruh\u00e1z\u00e1ban csatlakozhatnak a j\u00f3t\u00e9konys\u00e1gi kezdem\u00e9nyez\u00e9shez.","og_url":"https:\/\/dorogimedence.hu\/index.php\/2026\/08\/13\/ma-kezdodik-az-adni-orom-tanszergyujto-akcio\/","og_site_name":"Dorogi-medence Region\u00e1lis H\u00edrport\u00e1l","article_publisher":"https:\/\/www.facebook.com\/dorogimedence\/","article_published_time":"2026-08-13T10:13:34+00:00","og_image":[{"width":2560,"height":1707,"url":"https:\/\/dorogimedence.hu\/wp-content\/uploads\/2026\/08\/Adni-Orom-tanszergyujtes_2026_4-scaled.jpg","type":"image\/jpeg"}],"author":"dorogimedence.hu","twitter_card":"summary_large_image","twitter_misc":{"Szerz\u0151:":"dorogimedence.hu","Becs\u00fclt olvas\u00e1si id\u0151":"3 perc"},"schema":{"@context":"https:\/\/schema.org","@graph":[{"@type":"Article","@id":"https:\/\/dorogimedence.hu\/index.php\/2026\/08\/13\/ma-kezdodik-az-adni-orom-tanszergyujto-akcio\/#article","isPartOf":{"@id":"https:\/\/dorogimedence.hu\/index.php\/2026\/08\/13\/ma-kezdodik-az-adni-orom-tanszergyujto-akcio\/"},"author":{"name":"dorogimedence.hu","@id":"https:\/\/dorogimedence.hu\/#\/schema\/person\/ce6091eeb7e95ecdc87890d6aa8e0fd4"},"headline":"Ma kezd\u0151dik az Adni \u00d6r\u00f6m! tanszergy\u0171jt\u0151 akci\u00f3","datePublished":"2026-08-13T10:13:34+00:00","mainEntityOfPage":{"@id":"https:\/\/dorogimedence.hu\/index.php\/2026\/08\/13\/ma-kezdodik-az-adni-orom-tanszergyujto-akcio\/"},"wordCount":525,"publisher":{"@id":"https:\/\/dorogimedence.hu\/#organization"},"image":{"@id":"https:\/\/dorogimedence.hu\/index.php\/2026\/08\/13\/ma-kezdodik-az-adni-orom-tanszergyujto-akcio\/#primaryimage"},"thumbnailUrl":"https:\/\/dorogimedence.hu\/wp-content\/uploads\/2026\/08\/Adni-Orom-tanszergyujtes_2026_4-scaled.jpg","keywords":["adom\u00e1nygy\u0171jt\u00e9s","Magyar M\u00e1ltai Szeretetszolg\u00e1lat","Spar","tanszer"],"articleSection":["Belf\u00f6ld, Gazdas\u00e1g","H\u00edrek"],"inLanguage":"hu"},{"@type":"WebPage","@id":"https:\/\/dorogimedence.hu\/index.php\/2026\/08\/13\/ma-kezdodik-az-adni-orom-tanszergyujto-akcio\/","url":"https:\/\/dorogimedence.hu\/index.php\/2026\/08\/13\/ma-kezdodik-az-adni-orom-tanszergyujto-akcio\/","name":"Ma kezd\u0151dik az Adni \u00d6r\u00f6m! tanszergy\u0171jt\u0151 akci\u00f3","isPartOf":{"@id":"https:\/\/dorogimedence.hu\/#website"},"primaryImageOfPage":{"@id":"https:\/\/dorogimedence.hu\/index.php\/2026\/08\/13\/ma-kezdodik-az-adni-orom-tanszergyujto-akcio\/#primaryimage"},"image":{"@id":"https:\/\/dorogimedence.hu\/index.php\/2026\/08\/13\/ma-kezdodik-az-adni-orom-tanszergyujto-akcio\/#primaryimage"},"thumbnailUrl":"https:\/\/dorogimedence.hu\/wp-content\/uploads\/2026\/08\/Adni-Orom-tanszergyujtes_2026_4-scaled.jpg","datePublished":"2026-08-13T10:13:34+00:00","breadcrumb":{"@id":"https:\/\/dorogimedence.hu\/index.php\/2026\/08\/13\/ma-kezdodik-az-adni-orom-tanszergyujto-akcio\/#breadcrumb"},"inLanguage":"hu","potentialAction":[{"@type":"ReadAction","target":["https:\/\/dorogimedence.hu\/index.php\/2026\/08\/13\/ma-kezdodik-az-adni-orom-tanszergyujto-akcio\/"]}]},{"@type":"ImageObject","inLanguage":"hu","@id":"https:\/\/dorogimedence.hu\/index.php\/2026\/08\/13\/ma-kezdodik-az-adni-orom-tanszergyujto-akcio\/#primaryimage","url":"https:\/\/dorogimedence.hu\/wp-content\/uploads\/2026\/08\/Adni-Orom-tanszergyujtes_2026_4-scaled.jpg","contentUrl":"https:\/\/dorogimedence.hu\/wp-content\/uploads\/2026\/08\/Adni-Orom-tanszergyujtes_2026_4-scaled.jpg","width":2560,"height":1707},{"@type":"BreadcrumbList","@id":"https:\/\/dorogimedence.hu\/index.php\/2026\/08\/13\/ma-kezdodik-az-adni-orom-tanszergyujto-akcio\/#breadcrumb","itemListElement":[{"@type":"ListItem","position":1,"name":"Kezd\u0151lap","item":"https:\/\/dorogimedence.hu\/"},{"@type":"ListItem","position":2,"name":"Ma kezd\u0151dik az Adni \u00d6r\u00f6m! tanszergy\u0171jt\u0151 akci\u00f3"}]},{"@type":"WebSite","@id":"https:\/\/dorogimedence.hu\/#website","url":"https:\/\/dorogimedence.hu\/","name":"Dorogi-medence Region\u00e1lis H\u00edrport\u00e1l","description":"Dorog, Keszt\u00f6lc, Le\u00e1nyv\u00e1r, Piliscs\u00e9v, Tokod, Tokodalt\u00e1r\u00f3, Csolnok, Esztergom-kertv\u00e1ros: h\u00edrek, programok","publisher":{"@id":"https:\/\/dorogimedence.hu\/#organization"},"potentialAction":[{"@type":"SearchAction","target":{"@type":"EntryPoint","urlTemplate":"https:\/\/dorogimedence.hu\/?s={search_term_string}"},"query-input":{"@type":"PropertyValueSpecification","valueRequired":true,"valueName":"search_term_string"}}],"inLanguage":"hu"},{"@type":"Organization","@id":"https:\/\/dorogimedence.hu\/#organization","name":"Dorogi-medence Region\u00e1lis H\u00edrport\u00e1l","url":"https:\/\/dorogimedence.hu\/","logo":{"@type":"ImageObject","inLanguage":"hu","@id":"https:\/\/dorogimedence.hu\/#\/schema\/logo\/image\/","url":"https:\/\/dorogimedence.hu\/wp-content\/uploads\/2021\/04\/logo-feher-600.png","contentUrl":"https:\/\/dorogimedence.hu\/wp-content\/uploads\/2021\/04\/logo-feher-600.png","width":600,"height":100,"caption":"Dorogi-medence Region\u00e1lis H\u00edrport\u00e1l"},"image":{"@id":"https:\/\/dorogimedence.hu\/#\/schema\/logo\/image\/"},"sameAs":["https:\/\/www.facebook.com\/dorogimedence\/"]},{"@type":"Person","@id":"https:\/\/dorogimedence.hu\/#\/schema\/person\/ce6091eeb7e95ecdc87890d6aa8e0fd4","name":"dorogimedence.hu","image":{"@type":"ImageObject","inLanguage":"hu","@id":"\/\/www.gravatar.com\/avatar\/d8d45f8901aadff40a4af72c0b826f1d?s=96&#038;r=g&#038;d=mm","url":"\/\/www.gravatar.com\/avatar\/d8d45f8901aadff40a4af72c0b826f1d?s=96&#038;r=g&#038;d=mm","contentUrl":"\/\/www.gravatar.com\/avatar\/d8d45f8901aadff40a4af72c0b826f1d?s=96&#038;r=g&#038;d=mm","caption":"dorogimedence.hu"}}]}},"_links":{"self":[{"href":"https:\/\/dorogimedence.hu\/index.php\/wp-json\/wp\/v2\/posts\/82746","targetHints":{"allow":["GET"]}}],"collection":[{"href":"https:\/\/dorogimedence.hu\/index.php\/wp-json\/wp\/v2\/posts"}],"about":[{"href":"https:\/\/dorogimedence.hu\/index.php\/wp-json\/wp\/v2\/types\/post"}],"author":[{"embeddable":true,"href":"https:\/\/dorogimedence.hu\/index.php\/wp-json\/wp\/v2\/users\/1"}],"replies":[{"embeddable":true,"href":"https:\/\/dorogimedence.hu\/index.php\/wp-json\/wp\/v2\/comments?post=82746"}],"version-history":[{"count":1,"href":"https:\/\/dorogimedence.hu\/index.php\/wp-json\/wp\/v2\/posts\/82746\/revisions"}],"predecessor-version":[{"id":82750,"href":"https:\/\/dorogimedence.hu\/index.php\/wp-json\/wp\/v2\/posts\/82746\/revisions\/82750"}],"wp:featuredmedia":[{"embeddable":true,"href":"https:\/\/dorogimedence.hu\/index.php\/wp-json\/wp\/v2\/media\/82747"}],"wp:attachment":[{"href":"https:\/\/dorogimedence.hu\/index.php\/wp-json\/wp\/v2\/media?parent=82746"}],"wp:term":[{"taxonomy":"category","embeddable":true,"href":"https:\/\/dorogimedence.hu\/index.php\/wp-json\/wp\/v2\/categories?post=82746"},{"taxonomy":"post_tag","embeddable":true,"href":"https:\/\/dorogimedence.hu\/index.php\/wp-json\/wp\/v2\/tags?post=82746"}],"curies":[{"name":"wp","href":"https:\/\/api.w.org\/{rel}","templated":true}]}}