{"id":82741,"date":"2026-08-13T09:44:43","date_gmt":"2026-08-13T07:44:43","guid":{"rendered":"https:\/\/dorogimedence.hu\/?p=82741"},"modified":"2026-08-13T09:45:20","modified_gmt":"2026-08-13T07:45:20","slug":"megujult-a-suzuki-arena-az-uj-szezonra","status":"publish","type":"post","link":"https:\/\/dorogimedence.hu\/index.php\/2026\/08\/13\/megujult-a-suzuki-arena-az-uj-szezonra\/","title":{"rendered":"Meg\u00fajult a Suzuki Ar\u00e9na az \u00faj szezonra"},"content":{"rendered":"<p><strong>T\u00f6bb fejleszt\u00e9st is elv\u00e9geztek az elm\u00falt id\u0151szakban a MOL Esztergom n\u0151i k\u00e9zilabdacsapat\u00e1nak otthon\u00e1ban. A Suzuki Ar\u00e9n\u00e1ban meg\u00fajult az \u00f6lt\u00f6z\u0151, valamint a hang- \u00e9s f\u00e9nytechnika, de a VIP-lel\u00e1t\u00f3n is \u00e1talak\u00edt\u00e1sokat v\u00e9geztek.<\/strong><\/p>\n<p>A fejleszt\u00e9sekr\u0151l Ligeti Andr\u00e1s, a MOL Esztergom \u00fcgyvezet\u0151je sz\u00e1molt be a klub Vonalon T\u00fal c\u00edm\u0171 m\u0171sor\u00e1ban. Mint elmondta, a munk\u00e1latok sor\u00e1n h\u00e1rom f\u0151 szempontot tartottak szem el\u0151tt: szerettek volna el\u0151rel\u00e9p\u00e9st el\u00e9rni a csapat, a szurkol\u00f3k \u00e9s a t\u00e1mogat\u00f3k sz\u00e1m\u00e1ra is.<\/p>\n<p>A j\u00e1t\u00e9kosok egy teljesen \u00faj \u00f6lt\u00f6z\u0151berendez\u00e9st kaptak, amelyben minden k\u00e9zilabd\u00e1z\u00f3 saj\u00e1t, n\u00e9vre sz\u00f3l\u00f3 blokkot haszn\u00e1lhat. Az \u00faj, modern kialak\u00edt\u00e1s\u00fa \u00f6lt\u00f6z\u0151t a klub kor\u00e1bban m\u00e1r a k\u00f6z\u00f6ss\u00e9gi oldal\u00e1n is bemutatta.<\/p>\n<p>A legt\u00f6bb n\u00e9z\u0151t \u00e9rint\u0151 v\u00e1ltoz\u00e1s a Suzuki Ar\u00e9na hang- \u00e9s f\u00e9nytechnik\u00e1j\u00e1nak korszer\u0171s\u00edt\u00e9se. Ligeti Andr\u00e1s szerint kor\u00e1bban t\u00f6bb jogos kritika is \u00e9rkezett a hangos\u00edt\u00e1ssal kapcsolatban: egyes helyeken t\u00fal hangos \u00e9s nehezen \u00e9rthet\u0151 volt a k\u00f6zvet\u00edt\u00e9s, m\u00e1shol viszont alig lehetett hallani a bemond\u00f3t.<\/p>\n<p>Ennek megold\u00e1s\u00e1ra teljesen \u00faj berendez\u00e9st alak\u00edtottak ki, \u00e9s a hangfalak ir\u00e1ny\u00e1t is megv\u00e1ltoztatt\u00e1k. M\u00edg kor\u00e1bban k\u00edv\u00fclr\u0151l befel\u00e9 sz\u00f3lt a hang, mostant\u00f3l a csarnok k\u00f6zep\u00e9t\u0151l a n\u00e9z\u0151t\u00e9r ir\u00e1ny\u00e1ba sz\u00f3l majd. A klubvezet\u0151 b\u00edzik abban, hogy az els\u0151 hazai bajnoki m\u00e9rk\u0151z\u00e9sre m\u00e1r megfelel\u0151 min\u0151s\u00e9gben m\u0171k\u00f6dik az \u00faj hang- \u00e9s f\u00e9nyrendszer.<\/p>\n<p>A VIP-lel\u00e1t\u00f3n szint\u00e9n v\u00e1ltoztat\u00e1sokat hajtottak v\u00e9gre. Kor\u00e1bban innen korl\u00e1tozott volt a p\u00e1ly\u00e1ra val\u00f3 r\u00e1l\u00e1t\u00e1s, az \u00e1talak\u00edt\u00e1snak k\u00f6sz\u00f6nhet\u0151en azonban a t\u00e1mogat\u00f3k m\u00e1r mindk\u00e9t kaput, illetve az eg\u00e9sz j\u00e1t\u00e9kteret megfelel\u0151en l\u00e1thatj\u00e1k.<\/p>\n<p>A MOL Esztergom k\u00f6zl\u00e9se szerint az \u00faj id\u00e9nyre sz\u00f3l\u00f3 <a href=\"https:\/\/www.facebook.com\/esztergomhandball\/posts\/pfbid0Jbqicxr114Y9wrdynw2MShzTu5osfdnZi4vCuoRxASkoBaWy6Nh8AsqrVQQuoXxsl\" target=\"_blank\" rel=\"noopener\"><span style=\"text-decoration: underline; color: #0000ff;\">b\u00e9rletek \u00e9rt\u00e9kes\u00edt\u00e9se<\/span><\/a> augusztus 24-\u00e9n kezd\u0151dik.<\/p>\n<p><iframe title=\"VONALON T\u00daL I EP 01.\" width=\"755\" height=\"425\" src=\"https:\/\/www.youtube.com\/embed\/aFm4i4yAax4?feature=oembed\" frameborder=\"0\" allow=\"accelerometer; autoplay; clipboard-write; encrypted-media; gyroscope; picture-in-picture; web-share\" referrerpolicy=\"strict-origin-when-cross-origin\" allowfullscreen><\/iframe><\/p>\n<p><em>Bor\u00edt\u00f3k\u00e9p: Dorogi-medence (2023-as \u00e1tad\u00f3n k\u00e9sz\u00fclt)<\/em><\/p>\n","protected":false},"excerpt":{"rendered":"<p>T\u00f6bb fejleszt\u00e9st is elv\u00e9geztek az elm\u00falt id\u0151szakban a MOL Esztergom n\u0151i k\u00e9zilabdacsapat\u00e1nak otthon\u00e1ban. A Suzuki Ar\u00e9n\u00e1ban meg\u00fajult az \u00f6lt\u00f6z\u0151, valamint a hang- \u00e9s f\u00e9nytechnika, de a VIP-lel\u00e1t\u00f3n is \u00e1talak\u00edt\u00e1sokat v\u00e9geztek. A fejleszt\u00e9sekr\u0151l Ligeti Andr\u00e1s, a MOL Esztergom \u00fcgyvezet\u0151je sz\u00e1molt be a klub Vonalon T\u00fal c\u00edm\u0171 m\u0171sor\u00e1ban. Mint elmondta, a munk\u00e1latok sor\u00e1n h\u00e1rom f\u0151 szempontot tartottak<\/p>\n","protected":false},"author":1,"featured_media":82742,"comment_status":"closed","ping_status":"closed","sticky":false,"template":"","format":"standard","meta":{"ngg_post_thumbnail":0,"footnotes":""},"categories":[38,3,5],"tags":[42,464,355,8025,16,6954],"class_list":["post-82741","post","type-post","status-publish","format-standard","has-post-thumbnail","category-esztergom","category-hirek","category-sport","tag-esztergom","tag-felujitas","tag-kezilabda","tag-mol-esztergom","tag-sport","tag-suzuki-arena"],"yoast_head":"<!-- This site is optimized with the Yoast SEO plugin v28.3 - https:\/\/yoast.com\/product\/yoast-seo-wordpress\/ -->\n<title>Meg\u00fajult a Suzuki Ar\u00e9na az \u00faj szezonra<\/title>\n<meta name=\"robots\" content=\"index, follow, max-snippet:-1, max-image-preview:large, max-video-preview:-1\" \/>\n<link rel=\"canonical\" href=\"https:\/\/dorogimedence.hu\/index.php\/2026\/08\/13\/megujult-a-suzuki-arena-az-uj-szezonra\/\" class=\"yoast-seo-meta-tag\" \/>\n<meta property=\"og:locale\" content=\"hu_HU\" class=\"yoast-seo-meta-tag\" \/>\n<meta property=\"og:type\" content=\"article\" class=\"yoast-seo-meta-tag\" \/>\n<meta property=\"og:title\" content=\"Meg\u00fajult a Suzuki Ar\u00e9na az \u00faj szezonra\" class=\"yoast-seo-meta-tag\" \/>\n<meta property=\"og:description\" content=\"T\u00f6bb fejleszt\u00e9st is elv\u00e9geztek az elm\u00falt id\u0151szakban a MOL Esztergom n\u0151i k\u00e9zilabdacsapat\u00e1nak otthon\u00e1ban. A Suzuki Ar\u00e9n\u00e1ban meg\u00fajult az \u00f6lt\u00f6z\u0151, valamint a hang- \u00e9s f\u00e9nytechnika, de a VIP-lel\u00e1t\u00f3n is \u00e1talak\u00edt\u00e1sokat v\u00e9geztek. A fejleszt\u00e9sekr\u0151l Ligeti Andr\u00e1s, a MOL Esztergom \u00fcgyvezet\u0151je sz\u00e1molt be a klub Vonalon T\u00fal c\u00edm\u0171 m\u0171sor\u00e1ban. Mint elmondta, a munk\u00e1latok sor\u00e1n h\u00e1rom f\u0151 szempontot tartottak\" class=\"yoast-seo-meta-tag\" \/>\n<meta property=\"og:url\" content=\"https:\/\/dorogimedence.hu\/index.php\/2026\/08\/13\/megujult-a-suzuki-arena-az-uj-szezonra\/\" class=\"yoast-seo-meta-tag\" \/>\n<meta property=\"og:site_name\" content=\"Dorogi-medence Region\u00e1lis H\u00edrport\u00e1l\" class=\"yoast-seo-meta-tag\" \/>\n<meta property=\"article:publisher\" content=\"https:\/\/www.facebook.com\/dorogimedence\/\" class=\"yoast-seo-meta-tag\" \/>\n<meta property=\"article:published_time\" content=\"2026-08-13T07:44:43+00:00\" class=\"yoast-seo-meta-tag\" \/>\n<meta property=\"article:modified_time\" content=\"2026-08-13T07:45:20+00:00\" class=\"yoast-seo-meta-tag\" \/>\n<meta property=\"og:image\" content=\"https:\/\/dorogimedence.hu\/wp-content\/uploads\/2026\/08\/suzuki-arena.jpg\" class=\"yoast-seo-meta-tag\" \/>\n\t<meta property=\"og:image:width\" content=\"1920\" class=\"yoast-seo-meta-tag\" \/>\n\t<meta property=\"og:image:height\" content=\"1280\" class=\"yoast-seo-meta-tag\" \/>\n\t<meta property=\"og:image:type\" content=\"image\/jpeg\" class=\"yoast-seo-meta-tag\" \/>\n<meta name=\"author\" content=\"dorogimedence.hu\" class=\"yoast-seo-meta-tag\" \/>\n<meta name=\"twitter:card\" content=\"summary_large_image\" class=\"yoast-seo-meta-tag\" \/>\n<meta name=\"twitter:label1\" content=\"Szerz\u0151:\" class=\"yoast-seo-meta-tag\" \/>\n\t<meta name=\"twitter:data1\" content=\"dorogimedence.hu\" class=\"yoast-seo-meta-tag\" \/>\n\t<meta name=\"twitter:label2\" content=\"Becs\u00fclt olvas\u00e1si id\u0151\" class=\"yoast-seo-meta-tag\" \/>\n\t<meta name=\"twitter:data2\" content=\"2 perc\" class=\"yoast-seo-meta-tag\" \/>\n<script type=\"application\/ld+json\" class=\"yoast-schema-graph\">{\"@context\":\"https:\\\/\\\/schema.org\",\"@graph\":[{\"@type\":\"Article\",\"@id\":\"https:\\\/\\\/dorogimedence.hu\\\/index.php\\\/2026\\\/08\\\/13\\\/megujult-a-suzuki-arena-az-uj-szezonra\\\/#article\",\"isPartOf\":{\"@id\":\"https:\\\/\\\/dorogimedence.hu\\\/index.php\\\/2026\\\/08\\\/13\\\/megujult-a-suzuki-arena-az-uj-szezonra\\\/\"},\"author\":{\"name\":\"dorogimedence.hu\",\"@id\":\"https:\\\/\\\/dorogimedence.hu\\\/#\\\/schema\\\/person\\\/ce6091eeb7e95ecdc87890d6aa8e0fd4\"},\"headline\":\"Meg\u00fajult a Suzuki Ar\u00e9na az \u00faj szezonra\",\"datePublished\":\"2026-08-13T07:44:43+00:00\",\"dateModified\":\"2026-08-13T07:45:20+00:00\",\"mainEntityOfPage\":{\"@id\":\"https:\\\/\\\/dorogimedence.hu\\\/index.php\\\/2026\\\/08\\\/13\\\/megujult-a-suzuki-arena-az-uj-szezonra\\\/\"},\"wordCount\":417,\"publisher\":{\"@id\":\"https:\\\/\\\/dorogimedence.hu\\\/#organization\"},\"image\":{\"@id\":\"https:\\\/\\\/dorogimedence.hu\\\/index.php\\\/2026\\\/08\\\/13\\\/megujult-a-suzuki-arena-az-uj-szezonra\\\/#primaryimage\"},\"thumbnailUrl\":\"https:\\\/\\\/dorogimedence.hu\\\/wp-content\\\/uploads\\\/2026\\\/08\\\/suzuki-arena.jpg\",\"keywords\":[\"esztergom\",\"fel\u00faj\u00edt\u00e1s\",\"k\u00e9zilabda\",\"Mol Esztergom\",\"sport\",\"Suzuki Ar\u00e9na\"],\"articleSection\":[\"Esztergom\",\"H\u00edrek\",\"Sport\"],\"inLanguage\":\"hu\"},{\"@type\":\"WebPage\",\"@id\":\"https:\\\/\\\/dorogimedence.hu\\\/index.php\\\/2026\\\/08\\\/13\\\/megujult-a-suzuki-arena-az-uj-szezonra\\\/\",\"url\":\"https:\\\/\\\/dorogimedence.hu\\\/index.php\\\/2026\\\/08\\\/13\\\/megujult-a-suzuki-arena-az-uj-szezonra\\\/\",\"name\":\"Meg\u00fajult a Suzuki Ar\u00e9na az \u00faj szezonra\",\"isPartOf\":{\"@id\":\"https:\\\/\\\/dorogimedence.hu\\\/#website\"},\"primaryImageOfPage\":{\"@id\":\"https:\\\/\\\/dorogimedence.hu\\\/index.php\\\/2026\\\/08\\\/13\\\/megujult-a-suzuki-arena-az-uj-szezonra\\\/#primaryimage\"},\"image\":{\"@id\":\"https:\\\/\\\/dorogimedence.hu\\\/index.php\\\/2026\\\/08\\\/13\\\/megujult-a-suzuki-arena-az-uj-szezonra\\\/#primaryimage\"},\"thumbnailUrl\":\"https:\\\/\\\/dorogimedence.hu\\\/wp-content\\\/uploads\\\/2026\\\/08\\\/suzuki-arena.jpg\",\"datePublished\":\"2026-08-13T07:44:43+00:00\",\"dateModified\":\"2026-08-13T07:45:20+00:00\",\"breadcrumb\":{\"@id\":\"https:\\\/\\\/dorogimedence.hu\\\/index.php\\\/2026\\\/08\\\/13\\\/megujult-a-suzuki-arena-az-uj-szezonra\\\/#breadcrumb\"},\"inLanguage\":\"hu\",\"potentialAction\":[{\"@type\":\"ReadAction\",\"target\":[\"https:\\\/\\\/dorogimedence.hu\\\/index.php\\\/2026\\\/08\\\/13\\\/megujult-a-suzuki-arena-az-uj-szezonra\\\/\"]}]},{\"@type\":\"ImageObject\",\"inLanguage\":\"hu\",\"@id\":\"https:\\\/\\\/dorogimedence.hu\\\/index.php\\\/2026\\\/08\\\/13\\\/megujult-a-suzuki-arena-az-uj-szezonra\\\/#primaryimage\",\"url\":\"https:\\\/\\\/dorogimedence.hu\\\/wp-content\\\/uploads\\\/2026\\\/08\\\/suzuki-arena.jpg\",\"contentUrl\":\"https:\\\/\\\/dorogimedence.hu\\\/wp-content\\\/uploads\\\/2026\\\/08\\\/suzuki-arena.jpg\",\"width\":1920,\"height\":1280},{\"@type\":\"BreadcrumbList\",\"@id\":\"https:\\\/\\\/dorogimedence.hu\\\/index.php\\\/2026\\\/08\\\/13\\\/megujult-a-suzuki-arena-az-uj-szezonra\\\/#breadcrumb\",\"itemListElement\":[{\"@type\":\"ListItem\",\"position\":1,\"name\":\"Kezd\u0151lap\",\"item\":\"https:\\\/\\\/dorogimedence.hu\\\/\"},{\"@type\":\"ListItem\",\"position\":2,\"name\":\"Meg\u00fajult a Suzuki Ar\u00e9na az \u00faj szezonra\"}]},{\"@type\":\"WebSite\",\"@id\":\"https:\\\/\\\/dorogimedence.hu\\\/#website\",\"url\":\"https:\\\/\\\/dorogimedence.hu\\\/\",\"name\":\"Dorogi-medence Region\u00e1lis H\u00edrport\u00e1l\",\"description\":\"Dorog, Keszt\u00f6lc, Le\u00e1nyv\u00e1r, Piliscs\u00e9v, Tokod, Tokodalt\u00e1r\u00f3, Csolnok, Esztergom-kertv\u00e1ros: h\u00edrek, programok\",\"publisher\":{\"@id\":\"https:\\\/\\\/dorogimedence.hu\\\/#organization\"},\"potentialAction\":[{\"@type\":\"SearchAction\",\"target\":{\"@type\":\"EntryPoint\",\"urlTemplate\":\"https:\\\/\\\/dorogimedence.hu\\\/?s={search_term_string}\"},\"query-input\":{\"@type\":\"PropertyValueSpecification\",\"valueRequired\":true,\"valueName\":\"search_term_string\"}}],\"inLanguage\":\"hu\"},{\"@type\":\"Organization\",\"@id\":\"https:\\\/\\\/dorogimedence.hu\\\/#organization\",\"name\":\"Dorogi-medence Region\u00e1lis H\u00edrport\u00e1l\",\"url\":\"https:\\\/\\\/dorogimedence.hu\\\/\",\"logo\":{\"@type\":\"ImageObject\",\"inLanguage\":\"hu\",\"@id\":\"https:\\\/\\\/dorogimedence.hu\\\/#\\\/schema\\\/logo\\\/image\\\/\",\"url\":\"https:\\\/\\\/dorogimedence.hu\\\/wp-content\\\/uploads\\\/2021\\\/04\\\/logo-feher-600.png\",\"contentUrl\":\"https:\\\/\\\/dorogimedence.hu\\\/wp-content\\\/uploads\\\/2021\\\/04\\\/logo-feher-600.png\",\"width\":600,\"height\":100,\"caption\":\"Dorogi-medence Region\u00e1lis H\u00edrport\u00e1l\"},\"image\":{\"@id\":\"https:\\\/\\\/dorogimedence.hu\\\/#\\\/schema\\\/logo\\\/image\\\/\"},\"sameAs\":[\"https:\\\/\\\/www.facebook.com\\\/dorogimedence\\\/\"]},{\"@type\":\"Person\",\"@id\":\"https:\\\/\\\/dorogimedence.hu\\\/#\\\/schema\\\/person\\\/ce6091eeb7e95ecdc87890d6aa8e0fd4\",\"name\":\"dorogimedence.hu\",\"image\":{\"@type\":\"ImageObject\",\"inLanguage\":\"hu\",\"@id\":\"\\\/\\\/www.gravatar.com\\\/avatar\\\/d8d45f8901aadff40a4af72c0b826f1d?s=96&#038;r=g&#038;d=mm\",\"url\":\"\\\/\\\/www.gravatar.com\\\/avatar\\\/d8d45f8901aadff40a4af72c0b826f1d?s=96&#038;r=g&#038;d=mm\",\"contentUrl\":\"\\\/\\\/www.gravatar.com\\\/avatar\\\/d8d45f8901aadff40a4af72c0b826f1d?s=96&#038;r=g&#038;d=mm\",\"caption\":\"dorogimedence.hu\"}}]}<\/script>\n<!-- \/ Yoast SEO plugin. -->","yoast_head_json":{"title":"Meg\u00fajult a Suzuki Ar\u00e9na az \u00faj szezonra","robots":{"index":"index","follow":"follow","max-snippet":"max-snippet:-1","max-image-preview":"max-image-preview:large","max-video-preview":"max-video-preview:-1"},"canonical":"https:\/\/dorogimedence.hu\/index.php\/2026\/08\/13\/megujult-a-suzuki-arena-az-uj-szezonra\/","og_locale":"hu_HU","og_type":"article","og_title":"Meg\u00fajult a Suzuki Ar\u00e9na az \u00faj szezonra","og_description":"T\u00f6bb fejleszt\u00e9st is elv\u00e9geztek az elm\u00falt id\u0151szakban a MOL Esztergom n\u0151i k\u00e9zilabdacsapat\u00e1nak otthon\u00e1ban. A Suzuki Ar\u00e9n\u00e1ban meg\u00fajult az \u00f6lt\u00f6z\u0151, valamint a hang- \u00e9s f\u00e9nytechnika, de a VIP-lel\u00e1t\u00f3n is \u00e1talak\u00edt\u00e1sokat v\u00e9geztek. A fejleszt\u00e9sekr\u0151l Ligeti Andr\u00e1s, a MOL Esztergom \u00fcgyvezet\u0151je sz\u00e1molt be a klub Vonalon T\u00fal c\u00edm\u0171 m\u0171sor\u00e1ban. Mint elmondta, a munk\u00e1latok sor\u00e1n h\u00e1rom f\u0151 szempontot tartottak","og_url":"https:\/\/dorogimedence.hu\/index.php\/2026\/08\/13\/megujult-a-suzuki-arena-az-uj-szezonra\/","og_site_name":"Dorogi-medence Region\u00e1lis H\u00edrport\u00e1l","article_publisher":"https:\/\/www.facebook.com\/dorogimedence\/","article_published_time":"2026-08-13T07:44:43+00:00","article_modified_time":"2026-08-13T07:45:20+00:00","og_image":[{"width":1920,"height":1280,"url":"https:\/\/dorogimedence.hu\/wp-content\/uploads\/2026\/08\/suzuki-arena.jpg","type":"image\/jpeg"}],"author":"dorogimedence.hu","twitter_card":"summary_large_image","twitter_misc":{"Szerz\u0151:":"dorogimedence.hu","Becs\u00fclt olvas\u00e1si id\u0151":"2 perc"},"schema":{"@context":"https:\/\/schema.org","@graph":[{"@type":"Article","@id":"https:\/\/dorogimedence.hu\/index.php\/2026\/08\/13\/megujult-a-suzuki-arena-az-uj-szezonra\/#article","isPartOf":{"@id":"https:\/\/dorogimedence.hu\/index.php\/2026\/08\/13\/megujult-a-suzuki-arena-az-uj-szezonra\/"},"author":{"name":"dorogimedence.hu","@id":"https:\/\/dorogimedence.hu\/#\/schema\/person\/ce6091eeb7e95ecdc87890d6aa8e0fd4"},"headline":"Meg\u00fajult a Suzuki Ar\u00e9na az \u00faj szezonra","datePublished":"2026-08-13T07:44:43+00:00","dateModified":"2026-08-13T07:45:20+00:00","mainEntityOfPage":{"@id":"https:\/\/dorogimedence.hu\/index.php\/2026\/08\/13\/megujult-a-suzuki-arena-az-uj-szezonra\/"},"wordCount":417,"publisher":{"@id":"https:\/\/dorogimedence.hu\/#organization"},"image":{"@id":"https:\/\/dorogimedence.hu\/index.php\/2026\/08\/13\/megujult-a-suzuki-arena-az-uj-szezonra\/#primaryimage"},"thumbnailUrl":"https:\/\/dorogimedence.hu\/wp-content\/uploads\/2026\/08\/suzuki-arena.jpg","keywords":["esztergom","fel\u00faj\u00edt\u00e1s","k\u00e9zilabda","Mol Esztergom","sport","Suzuki Ar\u00e9na"],"articleSection":["Esztergom","H\u00edrek","Sport"],"inLanguage":"hu"},{"@type":"WebPage","@id":"https:\/\/dorogimedence.hu\/index.php\/2026\/08\/13\/megujult-a-suzuki-arena-az-uj-szezonra\/","url":"https:\/\/dorogimedence.hu\/index.php\/2026\/08\/13\/megujult-a-suzuki-arena-az-uj-szezonra\/","name":"Meg\u00fajult a Suzuki Ar\u00e9na az \u00faj szezonra","isPartOf":{"@id":"https:\/\/dorogimedence.hu\/#website"},"primaryImageOfPage":{"@id":"https:\/\/dorogimedence.hu\/index.php\/2026\/08\/13\/megujult-a-suzuki-arena-az-uj-szezonra\/#primaryimage"},"image":{"@id":"https:\/\/dorogimedence.hu\/index.php\/2026\/08\/13\/megujult-a-suzuki-arena-az-uj-szezonra\/#primaryimage"},"thumbnailUrl":"https:\/\/dorogimedence.hu\/wp-content\/uploads\/2026\/08\/suzuki-arena.jpg","datePublished":"2026-08-13T07:44:43+00:00","dateModified":"2026-08-13T07:45:20+00:00","breadcrumb":{"@id":"https:\/\/dorogimedence.hu\/index.php\/2026\/08\/13\/megujult-a-suzuki-arena-az-uj-szezonra\/#breadcrumb"},"inLanguage":"hu","potentialAction":[{"@type":"ReadAction","target":["https:\/\/dorogimedence.hu\/index.php\/2026\/08\/13\/megujult-a-suzuki-arena-az-uj-szezonra\/"]}]},{"@type":"ImageObject","inLanguage":"hu","@id":"https:\/\/dorogimedence.hu\/index.php\/2026\/08\/13\/megujult-a-suzuki-arena-az-uj-szezonra\/#primaryimage","url":"https:\/\/dorogimedence.hu\/wp-content\/uploads\/2026\/08\/suzuki-arena.jpg","contentUrl":"https:\/\/dorogimedence.hu\/wp-content\/uploads\/2026\/08\/suzuki-arena.jpg","width":1920,"height":1280},{"@type":"BreadcrumbList","@id":"https:\/\/dorogimedence.hu\/index.php\/2026\/08\/13\/megujult-a-suzuki-arena-az-uj-szezonra\/#breadcrumb","itemListElement":[{"@type":"ListItem","position":1,"name":"Kezd\u0151lap","item":"https:\/\/dorogimedence.hu\/"},{"@type":"ListItem","position":2,"name":"Meg\u00fajult a Suzuki Ar\u00e9na az \u00faj szezonra"}]},{"@type":"WebSite","@id":"https:\/\/dorogimedence.hu\/#website","url":"https:\/\/dorogimedence.hu\/","name":"Dorogi-medence Region\u00e1lis H\u00edrport\u00e1l","description":"Dorog, Keszt\u00f6lc, Le\u00e1nyv\u00e1r, Piliscs\u00e9v, Tokod, Tokodalt\u00e1r\u00f3, Csolnok, Esztergom-kertv\u00e1ros: h\u00edrek, programok","publisher":{"@id":"https:\/\/dorogimedence.hu\/#organization"},"potentialAction":[{"@type":"SearchAction","target":{"@type":"EntryPoint","urlTemplate":"https:\/\/dorogimedence.hu\/?s={search_term_string}"},"query-input":{"@type":"PropertyValueSpecification","valueRequired":true,"valueName":"search_term_string"}}],"inLanguage":"hu"},{"@type":"Organization","@id":"https:\/\/dorogimedence.hu\/#organization","name":"Dorogi-medence Region\u00e1lis H\u00edrport\u00e1l","url":"https:\/\/dorogimedence.hu\/","logo":{"@type":"ImageObject","inLanguage":"hu","@id":"https:\/\/dorogimedence.hu\/#\/schema\/logo\/image\/","url":"https:\/\/dorogimedence.hu\/wp-content\/uploads\/2021\/04\/logo-feher-600.png","contentUrl":"https:\/\/dorogimedence.hu\/wp-content\/uploads\/2021\/04\/logo-feher-600.png","width":600,"height":100,"caption":"Dorogi-medence Region\u00e1lis H\u00edrport\u00e1l"},"image":{"@id":"https:\/\/dorogimedence.hu\/#\/schema\/logo\/image\/"},"sameAs":["https:\/\/www.facebook.com\/dorogimedence\/"]},{"@type":"Person","@id":"https:\/\/dorogimedence.hu\/#\/schema\/person\/ce6091eeb7e95ecdc87890d6aa8e0fd4","name":"dorogimedence.hu","image":{"@type":"ImageObject","inLanguage":"hu","@id":"\/\/www.gravatar.com\/avatar\/d8d45f8901aadff40a4af72c0b826f1d?s=96&#038;r=g&#038;d=mm","url":"\/\/www.gravatar.com\/avatar\/d8d45f8901aadff40a4af72c0b826f1d?s=96&#038;r=g&#038;d=mm","contentUrl":"\/\/www.gravatar.com\/avatar\/d8d45f8901aadff40a4af72c0b826f1d?s=96&#038;r=g&#038;d=mm","caption":"dorogimedence.hu"}}]}},"_links":{"self":[{"href":"https:\/\/dorogimedence.hu\/index.php\/wp-json\/wp\/v2\/posts\/82741","targetHints":{"allow":["GET"]}}],"collection":[{"href":"https:\/\/dorogimedence.hu\/index.php\/wp-json\/wp\/v2\/posts"}],"about":[{"href":"https:\/\/dorogimedence.hu\/index.php\/wp-json\/wp\/v2\/types\/post"}],"author":[{"embeddable":true,"href":"https:\/\/dorogimedence.hu\/index.php\/wp-json\/wp\/v2\/users\/1"}],"replies":[{"embeddable":true,"href":"https:\/\/dorogimedence.hu\/index.php\/wp-json\/wp\/v2\/comments?post=82741"}],"version-history":[{"count":2,"href":"https:\/\/dorogimedence.hu\/index.php\/wp-json\/wp\/v2\/posts\/82741\/revisions"}],"predecessor-version":[{"id":82744,"href":"https:\/\/dorogimedence.hu\/index.php\/wp-json\/wp\/v2\/posts\/82741\/revisions\/82744"}],"wp:featuredmedia":[{"embeddable":true,"href":"https:\/\/dorogimedence.hu\/index.php\/wp-json\/wp\/v2\/media\/82742"}],"wp:attachment":[{"href":"https:\/\/dorogimedence.hu\/index.php\/wp-json\/wp\/v2\/media?parent=82741"}],"wp:term":[{"taxonomy":"category","embeddable":true,"href":"https:\/\/dorogimedence.hu\/index.php\/wp-json\/wp\/v2\/categories?post=82741"},{"taxonomy":"post_tag","embeddable":true,"href":"https:\/\/dorogimedence.hu\/index.php\/wp-json\/wp\/v2\/tags?post=82741"}],"curies":[{"name":"wp","href":"https:\/\/api.w.org\/{rel}","templated":true}]}}