{"id":82736,"date":"2026-08-13T08:43:50","date_gmt":"2026-08-13T06:43:50","guid":{"rendered":"https:\/\/dorogimedence.hu\/?p=82736"},"modified":"2026-08-13T08:43:50","modified_gmt":"2026-08-13T06:43:50","slug":"ket-nyari-versenyen-is-rajthoz-alltak-a-dorogi-spartan-kids-csapat-tagjai","status":"publish","type":"post","link":"https:\/\/dorogimedence.hu\/index.php\/2026\/08\/13\/ket-nyari-versenyen-is-rajthoz-alltak-a-dorogi-spartan-kids-csapat-tagjai\/","title":{"rendered":"K\u00e9t ny\u00e1ri versenyen is rajthoz \u00e1lltak a dorogi Spartan Kids csapat tagjai"},"content":{"rendered":"<p><strong>A ny\u00e1r sem telt esem\u00e9nytelen\u00fcl a dorogi Spartan Kids csapat sz\u00e1m\u00e1ra: j\u00faliusban k\u00e9t versenyen is pr\u00f3b\u00e1ra tett\u00e9k magukat a fiatalok, el\u0151bb a szlov\u00e1kiai Kom\u00e1rn\u00f3ban, majd Szombathelyen \u00e1lltak rajthoz.<\/strong><\/p>\n<p>Mindk\u00e9t megm\u00e9rettet\u00e9st k\u00fcl\u00f6nleges k\u00f6rnyezetben rendezt\u00e9k meg, a p\u00e1ly\u00e1kat a v\u00e1rosok egy-egy r\u00e9sz\u00e9n alak\u00edtott\u00e1k ki. A megszokottn\u00e1l s\u00edkabb, kev\u00e9sb\u00e9 terepes \u00fatvonal azonban kor\u00e1ntsem jelentett k\u00f6nny\u0171 feladatot. A Spartan-versenyekre jellemz\u0151 akad\u00e1lyok mellett a nagy ny\u00e1ri meleg is komoly kih\u00edv\u00e1s el\u00e9 \u00e1ll\u00edtotta a r\u00e9sztvev\u0151ket.<\/p>\n<p>A dorogi gyerekek mindk\u00e9t versenyen remek\u00fcl helyt\u00e1lltak. A fizikai teljes\u00edtm\u00e9ny mellett kitart\u00e1sb\u00f3l, k\u00fczdeni akar\u00e1sb\u00f3l \u00e9s lelkesed\u00e9sb\u0151l is jelesre vizsg\u00e1ztak, \u00edgy Kom\u00e1rn\u00f3b\u00f3l \u00e9s Szombathelyr\u0151l egyar\u00e1nt rengeteg \u00e9lm\u00e9nnyel \u00e9s egy-egy \u00fajabb sikeresen teljes\u00edtett Spartan-versennyel t\u00e9rhettek haza.<\/p>\n<p><img fetchpriority=\"high\" decoding=\"async\" class=\"alignnone size-full wp-image-82739\" src=\"https:\/\/dorogimedence.hu\/wp-content\/uploads\/2026\/08\/034a67e74110f87abed0e01a5c9a53f8.jpeg\" alt=\"\" width=\"2048\" height=\"1365\" srcset=\"https:\/\/dorogimedence.hu\/wp-content\/uploads\/2026\/08\/034a67e74110f87abed0e01a5c9a53f8.jpeg 2048w, https:\/\/dorogimedence.hu\/wp-content\/uploads\/2026\/08\/034a67e74110f87abed0e01a5c9a53f8-600x400.jpeg 600w, https:\/\/dorogimedence.hu\/wp-content\/uploads\/2026\/08\/034a67e74110f87abed0e01a5c9a53f8-1920x1280.jpeg 1920w, https:\/\/dorogimedence.hu\/wp-content\/uploads\/2026\/08\/034a67e74110f87abed0e01a5c9a53f8-768x512.jpeg 768w, https:\/\/dorogimedence.hu\/wp-content\/uploads\/2026\/08\/034a67e74110f87abed0e01a5c9a53f8-1536x1024.jpeg 1536w, https:\/\/dorogimedence.hu\/wp-content\/uploads\/2026\/08\/034a67e74110f87abed0e01a5c9a53f8-150x100.jpeg 150w, https:\/\/dorogimedence.hu\/wp-content\/uploads\/2026\/08\/034a67e74110f87abed0e01a5c9a53f8-450x300.jpeg 450w, https:\/\/dorogimedence.hu\/wp-content\/uploads\/2026\/08\/034a67e74110f87abed0e01a5c9a53f8-1200x800.jpeg 1200w, https:\/\/dorogimedence.hu\/wp-content\/uploads\/2026\/08\/034a67e74110f87abed0e01a5c9a53f8-272x182.jpeg 272w\" sizes=\"(max-width: 2048px) 100vw, 2048px\" \/><\/p>\n<p><strong>A dorogi Spartan Kids csapat ny\u00e1ri versenyz\u0151i:<\/strong> Fl\u00f3ri\u00e1n Benett, K\u00e1lm\u00e1n S\u00e1ndor, Keil M\u00e1t\u00e9, Kiss P\u00e1l Csongor, Tall\u00f3si K\u00e1roly \u00d6rs, Weisz \u00c1ron, Weisz M\u00e1rk.<\/p>\n<p>A 2026-os Spartan-szezon lassan a v\u00e9g\u00e9hez k\u00f6zeledik. A dorogi csapatra m\u00e1r csak egy megm\u00e9rettet\u00e9s v\u00e1r: az \u0151szi pom\u00e1zi Spartan Kids verseny, ahol szeretn\u00e9k m\u00e9lt\u00f3k\u00e9ppen lez\u00e1rni az idei versenyszezont.<\/p>\n<p>Addig sem \u00e1ll meg a munka: folytat\u00f3dnak az edz\u00e9sek, hiszen Pom\u00e1zon is \u00fajabb akad\u00e1lyok v\u00e1rnak a fiatal versenyz\u0151kre.<\/p>\n<p><img decoding=\"async\" class=\"alignnone size-full wp-image-82738\" src=\"https:\/\/dorogimedence.hu\/wp-content\/uploads\/2026\/08\/spartan.jpg\" alt=\"\" width=\"1152\" height=\"912\" srcset=\"https:\/\/dorogimedence.hu\/wp-content\/uploads\/2026\/08\/spartan.jpg 1152w, https:\/\/dorogimedence.hu\/wp-content\/uploads\/2026\/08\/spartan-600x475.jpg 600w, https:\/\/dorogimedence.hu\/wp-content\/uploads\/2026\/08\/spartan-768x608.jpg 768w, https:\/\/dorogimedence.hu\/wp-content\/uploads\/2026\/08\/spartan-150x119.jpg 150w, https:\/\/dorogimedence.hu\/wp-content\/uploads\/2026\/08\/spartan-450x356.jpg 450w\" sizes=\"(max-width: 1152px) 100vw, 1152px\" \/><\/p>\n","protected":false},"excerpt":{"rendered":"<p>A ny\u00e1r sem telt esem\u00e9nytelen\u00fcl a dorogi Spartan Kids csapat sz\u00e1m\u00e1ra: j\u00faliusban k\u00e9t versenyen is pr\u00f3b\u00e1ra tett\u00e9k magukat a fiatalok, el\u0151bb a szlov\u00e1kiai Kom\u00e1rn\u00f3ban, majd Szombathelyen \u00e1lltak rajthoz. Mindk\u00e9t megm\u00e9rettet\u00e9st k\u00fcl\u00f6nleges k\u00f6rnyezetben rendezt\u00e9k meg, a p\u00e1ly\u00e1kat a v\u00e1rosok egy-egy r\u00e9sz\u00e9n alak\u00edtott\u00e1k ki. A megszokottn\u00e1l s\u00edkabb, kev\u00e9sb\u00e9 terepes \u00fatvonal azonban kor\u00e1ntsem jelentett k\u00f6nny\u0171 feladatot. A Spartan-versenyekre<\/p>\n","protected":false},"author":1,"featured_media":82737,"comment_status":"closed","ping_status":"closed","sticky":false,"template":"","format":"standard","meta":{"ngg_post_thumbnail":0,"footnotes":""},"categories":[2,3,5],"tags":[15,5624,8342,8341,16],"class_list":["post-82736","post","type-post","status-publish","format-standard","has-post-thumbnail","category-dorog","category-hirek","category-sport","tag-dorog","tag-featured","tag-spartan","tag-spartan-kids","tag-sport"],"yoast_head":"<!-- This site is optimized with the Yoast SEO plugin v28.3 - https:\/\/yoast.com\/product\/yoast-seo-wordpress\/ -->\n<title>K\u00e9t ny\u00e1ri versenyen is rajthoz \u00e1lltak a dorogi Spartan Kids csapat tagjai<\/title>\n<meta name=\"robots\" content=\"index, follow, max-snippet:-1, max-image-preview:large, max-video-preview:-1\" \/>\n<link rel=\"canonical\" href=\"https:\/\/dorogimedence.hu\/index.php\/2026\/08\/13\/ket-nyari-versenyen-is-rajthoz-alltak-a-dorogi-spartan-kids-csapat-tagjai\/\" class=\"yoast-seo-meta-tag\" \/>\n<meta property=\"og:locale\" content=\"hu_HU\" class=\"yoast-seo-meta-tag\" \/>\n<meta property=\"og:type\" content=\"article\" class=\"yoast-seo-meta-tag\" \/>\n<meta property=\"og:title\" content=\"K\u00e9t ny\u00e1ri versenyen is rajthoz \u00e1lltak a dorogi Spartan Kids csapat tagjai\" class=\"yoast-seo-meta-tag\" \/>\n<meta property=\"og:description\" content=\"A ny\u00e1r sem telt esem\u00e9nytelen\u00fcl a dorogi Spartan Kids csapat sz\u00e1m\u00e1ra: j\u00faliusban k\u00e9t versenyen is pr\u00f3b\u00e1ra tett\u00e9k magukat a fiatalok, el\u0151bb a szlov\u00e1kiai Kom\u00e1rn\u00f3ban, majd Szombathelyen \u00e1lltak rajthoz. Mindk\u00e9t megm\u00e9rettet\u00e9st k\u00fcl\u00f6nleges k\u00f6rnyezetben rendezt\u00e9k meg, a p\u00e1ly\u00e1kat a v\u00e1rosok egy-egy r\u00e9sz\u00e9n alak\u00edtott\u00e1k ki. A megszokottn\u00e1l s\u00edkabb, kev\u00e9sb\u00e9 terepes \u00fatvonal azonban kor\u00e1ntsem jelentett k\u00f6nny\u0171 feladatot. A Spartan-versenyekre\" class=\"yoast-seo-meta-tag\" \/>\n<meta property=\"og:url\" content=\"https:\/\/dorogimedence.hu\/index.php\/2026\/08\/13\/ket-nyari-versenyen-is-rajthoz-alltak-a-dorogi-spartan-kids-csapat-tagjai\/\" class=\"yoast-seo-meta-tag\" \/>\n<meta property=\"og:site_name\" content=\"Dorogi-medence Region\u00e1lis H\u00edrport\u00e1l\" class=\"yoast-seo-meta-tag\" \/>\n<meta property=\"article:publisher\" content=\"https:\/\/www.facebook.com\/dorogimedence\/\" class=\"yoast-seo-meta-tag\" \/>\n<meta property=\"article:published_time\" content=\"2026-08-13T06:43:50+00:00\" class=\"yoast-seo-meta-tag\" \/>\n<meta property=\"og:image\" content=\"https:\/\/dorogimedence.hu\/wp-content\/uploads\/2026\/08\/680d59160eb7c03aa4dae43150cec5dc.jpeg\" class=\"yoast-seo-meta-tag\" \/>\n\t<meta property=\"og:image:width\" content=\"2048\" class=\"yoast-seo-meta-tag\" \/>\n\t<meta property=\"og:image:height\" content=\"1366\" class=\"yoast-seo-meta-tag\" \/>\n\t<meta property=\"og:image:type\" content=\"image\/jpeg\" class=\"yoast-seo-meta-tag\" \/>\n<meta name=\"author\" content=\"dorogimedence.hu\" class=\"yoast-seo-meta-tag\" \/>\n<meta name=\"twitter:card\" content=\"summary_large_image\" class=\"yoast-seo-meta-tag\" \/>\n<meta name=\"twitter:label1\" content=\"Szerz\u0151:\" class=\"yoast-seo-meta-tag\" \/>\n\t<meta name=\"twitter:data1\" content=\"dorogimedence.hu\" class=\"yoast-seo-meta-tag\" \/>\n\t<meta name=\"twitter:label2\" content=\"Becs\u00fclt olvas\u00e1si id\u0151\" class=\"yoast-seo-meta-tag\" \/>\n\t<meta name=\"twitter:data2\" content=\"1 perc\" class=\"yoast-seo-meta-tag\" \/>\n<script type=\"application\/ld+json\" class=\"yoast-schema-graph\">{\"@context\":\"https:\\\/\\\/schema.org\",\"@graph\":[{\"@type\":\"Article\",\"@id\":\"https:\\\/\\\/dorogimedence.hu\\\/index.php\\\/2026\\\/08\\\/13\\\/ket-nyari-versenyen-is-rajthoz-alltak-a-dorogi-spartan-kids-csapat-tagjai\\\/#article\",\"isPartOf\":{\"@id\":\"https:\\\/\\\/dorogimedence.hu\\\/index.php\\\/2026\\\/08\\\/13\\\/ket-nyari-versenyen-is-rajthoz-alltak-a-dorogi-spartan-kids-csapat-tagjai\\\/\"},\"author\":{\"name\":\"dorogimedence.hu\",\"@id\":\"https:\\\/\\\/dorogimedence.hu\\\/#\\\/schema\\\/person\\\/ce6091eeb7e95ecdc87890d6aa8e0fd4\"},\"headline\":\"K\u00e9t ny\u00e1ri versenyen is rajthoz \u00e1lltak a dorogi Spartan Kids csapat tagjai\",\"datePublished\":\"2026-08-13T06:43:50+00:00\",\"mainEntityOfPage\":{\"@id\":\"https:\\\/\\\/dorogimedence.hu\\\/index.php\\\/2026\\\/08\\\/13\\\/ket-nyari-versenyen-is-rajthoz-alltak-a-dorogi-spartan-kids-csapat-tagjai\\\/\"},\"wordCount\":278,\"publisher\":{\"@id\":\"https:\\\/\\\/dorogimedence.hu\\\/#organization\"},\"image\":{\"@id\":\"https:\\\/\\\/dorogimedence.hu\\\/index.php\\\/2026\\\/08\\\/13\\\/ket-nyari-versenyen-is-rajthoz-alltak-a-dorogi-spartan-kids-csapat-tagjai\\\/#primaryimage\"},\"thumbnailUrl\":\"https:\\\/\\\/dorogimedence.hu\\\/wp-content\\\/uploads\\\/2026\\\/08\\\/680d59160eb7c03aa4dae43150cec5dc.jpeg\",\"keywords\":[\"Dorog\",\"featured\",\"Spartan\",\"Spartan Kids\",\"sport\"],\"articleSection\":[\"Dorog\",\"H\u00edrek\",\"Sport\"],\"inLanguage\":\"hu\"},{\"@type\":\"WebPage\",\"@id\":\"https:\\\/\\\/dorogimedence.hu\\\/index.php\\\/2026\\\/08\\\/13\\\/ket-nyari-versenyen-is-rajthoz-alltak-a-dorogi-spartan-kids-csapat-tagjai\\\/\",\"url\":\"https:\\\/\\\/dorogimedence.hu\\\/index.php\\\/2026\\\/08\\\/13\\\/ket-nyari-versenyen-is-rajthoz-alltak-a-dorogi-spartan-kids-csapat-tagjai\\\/\",\"name\":\"K\u00e9t ny\u00e1ri versenyen is rajthoz \u00e1lltak a dorogi Spartan Kids csapat tagjai\",\"isPartOf\":{\"@id\":\"https:\\\/\\\/dorogimedence.hu\\\/#website\"},\"primaryImageOfPage\":{\"@id\":\"https:\\\/\\\/dorogimedence.hu\\\/index.php\\\/2026\\\/08\\\/13\\\/ket-nyari-versenyen-is-rajthoz-alltak-a-dorogi-spartan-kids-csapat-tagjai\\\/#primaryimage\"},\"image\":{\"@id\":\"https:\\\/\\\/dorogimedence.hu\\\/index.php\\\/2026\\\/08\\\/13\\\/ket-nyari-versenyen-is-rajthoz-alltak-a-dorogi-spartan-kids-csapat-tagjai\\\/#primaryimage\"},\"thumbnailUrl\":\"https:\\\/\\\/dorogimedence.hu\\\/wp-content\\\/uploads\\\/2026\\\/08\\\/680d59160eb7c03aa4dae43150cec5dc.jpeg\",\"datePublished\":\"2026-08-13T06:43:50+00:00\",\"breadcrumb\":{\"@id\":\"https:\\\/\\\/dorogimedence.hu\\\/index.php\\\/2026\\\/08\\\/13\\\/ket-nyari-versenyen-is-rajthoz-alltak-a-dorogi-spartan-kids-csapat-tagjai\\\/#breadcrumb\"},\"inLanguage\":\"hu\",\"potentialAction\":[{\"@type\":\"ReadAction\",\"target\":[\"https:\\\/\\\/dorogimedence.hu\\\/index.php\\\/2026\\\/08\\\/13\\\/ket-nyari-versenyen-is-rajthoz-alltak-a-dorogi-spartan-kids-csapat-tagjai\\\/\"]}]},{\"@type\":\"ImageObject\",\"inLanguage\":\"hu\",\"@id\":\"https:\\\/\\\/dorogimedence.hu\\\/index.php\\\/2026\\\/08\\\/13\\\/ket-nyari-versenyen-is-rajthoz-alltak-a-dorogi-spartan-kids-csapat-tagjai\\\/#primaryimage\",\"url\":\"https:\\\/\\\/dorogimedence.hu\\\/wp-content\\\/uploads\\\/2026\\\/08\\\/680d59160eb7c03aa4dae43150cec5dc.jpeg\",\"contentUrl\":\"https:\\\/\\\/dorogimedence.hu\\\/wp-content\\\/uploads\\\/2026\\\/08\\\/680d59160eb7c03aa4dae43150cec5dc.jpeg\",\"width\":2048,\"height\":1366},{\"@type\":\"BreadcrumbList\",\"@id\":\"https:\\\/\\\/dorogimedence.hu\\\/index.php\\\/2026\\\/08\\\/13\\\/ket-nyari-versenyen-is-rajthoz-alltak-a-dorogi-spartan-kids-csapat-tagjai\\\/#breadcrumb\",\"itemListElement\":[{\"@type\":\"ListItem\",\"position\":1,\"name\":\"Kezd\u0151lap\",\"item\":\"https:\\\/\\\/dorogimedence.hu\\\/\"},{\"@type\":\"ListItem\",\"position\":2,\"name\":\"K\u00e9t ny\u00e1ri versenyen is rajthoz \u00e1lltak a dorogi Spartan Kids csapat tagjai\"}]},{\"@type\":\"WebSite\",\"@id\":\"https:\\\/\\\/dorogimedence.hu\\\/#website\",\"url\":\"https:\\\/\\\/dorogimedence.hu\\\/\",\"name\":\"Dorogi-medence Region\u00e1lis H\u00edrport\u00e1l\",\"description\":\"Dorog, Keszt\u00f6lc, Le\u00e1nyv\u00e1r, Piliscs\u00e9v, Tokod, Tokodalt\u00e1r\u00f3, Csolnok, Esztergom-kertv\u00e1ros: h\u00edrek, programok\",\"publisher\":{\"@id\":\"https:\\\/\\\/dorogimedence.hu\\\/#organization\"},\"potentialAction\":[{\"@type\":\"SearchAction\",\"target\":{\"@type\":\"EntryPoint\",\"urlTemplate\":\"https:\\\/\\\/dorogimedence.hu\\\/?s={search_term_string}\"},\"query-input\":{\"@type\":\"PropertyValueSpecification\",\"valueRequired\":true,\"valueName\":\"search_term_string\"}}],\"inLanguage\":\"hu\"},{\"@type\":\"Organization\",\"@id\":\"https:\\\/\\\/dorogimedence.hu\\\/#organization\",\"name\":\"Dorogi-medence Region\u00e1lis H\u00edrport\u00e1l\",\"url\":\"https:\\\/\\\/dorogimedence.hu\\\/\",\"logo\":{\"@type\":\"ImageObject\",\"inLanguage\":\"hu\",\"@id\":\"https:\\\/\\\/dorogimedence.hu\\\/#\\\/schema\\\/logo\\\/image\\\/\",\"url\":\"https:\\\/\\\/dorogimedence.hu\\\/wp-content\\\/uploads\\\/2021\\\/04\\\/logo-feher-600.png\",\"contentUrl\":\"https:\\\/\\\/dorogimedence.hu\\\/wp-content\\\/uploads\\\/2021\\\/04\\\/logo-feher-600.png\",\"width\":600,\"height\":100,\"caption\":\"Dorogi-medence Region\u00e1lis H\u00edrport\u00e1l\"},\"image\":{\"@id\":\"https:\\\/\\\/dorogimedence.hu\\\/#\\\/schema\\\/logo\\\/image\\\/\"},\"sameAs\":[\"https:\\\/\\\/www.facebook.com\\\/dorogimedence\\\/\"]},{\"@type\":\"Person\",\"@id\":\"https:\\\/\\\/dorogimedence.hu\\\/#\\\/schema\\\/person\\\/ce6091eeb7e95ecdc87890d6aa8e0fd4\",\"name\":\"dorogimedence.hu\",\"image\":{\"@type\":\"ImageObject\",\"inLanguage\":\"hu\",\"@id\":\"\\\/\\\/www.gravatar.com\\\/avatar\\\/d8d45f8901aadff40a4af72c0b826f1d?s=96&#038;r=g&#038;d=mm\",\"url\":\"\\\/\\\/www.gravatar.com\\\/avatar\\\/d8d45f8901aadff40a4af72c0b826f1d?s=96&#038;r=g&#038;d=mm\",\"contentUrl\":\"\\\/\\\/www.gravatar.com\\\/avatar\\\/d8d45f8901aadff40a4af72c0b826f1d?s=96&#038;r=g&#038;d=mm\",\"caption\":\"dorogimedence.hu\"}}]}<\/script>\n<!-- \/ Yoast SEO plugin. -->","yoast_head_json":{"title":"K\u00e9t ny\u00e1ri versenyen is rajthoz \u00e1lltak a dorogi Spartan Kids csapat tagjai","robots":{"index":"index","follow":"follow","max-snippet":"max-snippet:-1","max-image-preview":"max-image-preview:large","max-video-preview":"max-video-preview:-1"},"canonical":"https:\/\/dorogimedence.hu\/index.php\/2026\/08\/13\/ket-nyari-versenyen-is-rajthoz-alltak-a-dorogi-spartan-kids-csapat-tagjai\/","og_locale":"hu_HU","og_type":"article","og_title":"K\u00e9t ny\u00e1ri versenyen is rajthoz \u00e1lltak a dorogi Spartan Kids csapat tagjai","og_description":"A ny\u00e1r sem telt esem\u00e9nytelen\u00fcl a dorogi Spartan Kids csapat sz\u00e1m\u00e1ra: j\u00faliusban k\u00e9t versenyen is pr\u00f3b\u00e1ra tett\u00e9k magukat a fiatalok, el\u0151bb a szlov\u00e1kiai Kom\u00e1rn\u00f3ban, majd Szombathelyen \u00e1lltak rajthoz. Mindk\u00e9t megm\u00e9rettet\u00e9st k\u00fcl\u00f6nleges k\u00f6rnyezetben rendezt\u00e9k meg, a p\u00e1ly\u00e1kat a v\u00e1rosok egy-egy r\u00e9sz\u00e9n alak\u00edtott\u00e1k ki. A megszokottn\u00e1l s\u00edkabb, kev\u00e9sb\u00e9 terepes \u00fatvonal azonban kor\u00e1ntsem jelentett k\u00f6nny\u0171 feladatot. A Spartan-versenyekre","og_url":"https:\/\/dorogimedence.hu\/index.php\/2026\/08\/13\/ket-nyari-versenyen-is-rajthoz-alltak-a-dorogi-spartan-kids-csapat-tagjai\/","og_site_name":"Dorogi-medence Region\u00e1lis H\u00edrport\u00e1l","article_publisher":"https:\/\/www.facebook.com\/dorogimedence\/","article_published_time":"2026-08-13T06:43:50+00:00","og_image":[{"width":2048,"height":1366,"url":"https:\/\/dorogimedence.hu\/wp-content\/uploads\/2026\/08\/680d59160eb7c03aa4dae43150cec5dc.jpeg","type":"image\/jpeg"}],"author":"dorogimedence.hu","twitter_card":"summary_large_image","twitter_misc":{"Szerz\u0151:":"dorogimedence.hu","Becs\u00fclt olvas\u00e1si id\u0151":"1 perc"},"schema":{"@context":"https:\/\/schema.org","@graph":[{"@type":"Article","@id":"https:\/\/dorogimedence.hu\/index.php\/2026\/08\/13\/ket-nyari-versenyen-is-rajthoz-alltak-a-dorogi-spartan-kids-csapat-tagjai\/#article","isPartOf":{"@id":"https:\/\/dorogimedence.hu\/index.php\/2026\/08\/13\/ket-nyari-versenyen-is-rajthoz-alltak-a-dorogi-spartan-kids-csapat-tagjai\/"},"author":{"name":"dorogimedence.hu","@id":"https:\/\/dorogimedence.hu\/#\/schema\/person\/ce6091eeb7e95ecdc87890d6aa8e0fd4"},"headline":"K\u00e9t ny\u00e1ri versenyen is rajthoz \u00e1lltak a dorogi Spartan Kids csapat tagjai","datePublished":"2026-08-13T06:43:50+00:00","mainEntityOfPage":{"@id":"https:\/\/dorogimedence.hu\/index.php\/2026\/08\/13\/ket-nyari-versenyen-is-rajthoz-alltak-a-dorogi-spartan-kids-csapat-tagjai\/"},"wordCount":278,"publisher":{"@id":"https:\/\/dorogimedence.hu\/#organization"},"image":{"@id":"https:\/\/dorogimedence.hu\/index.php\/2026\/08\/13\/ket-nyari-versenyen-is-rajthoz-alltak-a-dorogi-spartan-kids-csapat-tagjai\/#primaryimage"},"thumbnailUrl":"https:\/\/dorogimedence.hu\/wp-content\/uploads\/2026\/08\/680d59160eb7c03aa4dae43150cec5dc.jpeg","keywords":["Dorog","featured","Spartan","Spartan Kids","sport"],"articleSection":["Dorog","H\u00edrek","Sport"],"inLanguage":"hu"},{"@type":"WebPage","@id":"https:\/\/dorogimedence.hu\/index.php\/2026\/08\/13\/ket-nyari-versenyen-is-rajthoz-alltak-a-dorogi-spartan-kids-csapat-tagjai\/","url":"https:\/\/dorogimedence.hu\/index.php\/2026\/08\/13\/ket-nyari-versenyen-is-rajthoz-alltak-a-dorogi-spartan-kids-csapat-tagjai\/","name":"K\u00e9t ny\u00e1ri versenyen is rajthoz \u00e1lltak a dorogi Spartan Kids csapat tagjai","isPartOf":{"@id":"https:\/\/dorogimedence.hu\/#website"},"primaryImageOfPage":{"@id":"https:\/\/dorogimedence.hu\/index.php\/2026\/08\/13\/ket-nyari-versenyen-is-rajthoz-alltak-a-dorogi-spartan-kids-csapat-tagjai\/#primaryimage"},"image":{"@id":"https:\/\/dorogimedence.hu\/index.php\/2026\/08\/13\/ket-nyari-versenyen-is-rajthoz-alltak-a-dorogi-spartan-kids-csapat-tagjai\/#primaryimage"},"thumbnailUrl":"https:\/\/dorogimedence.hu\/wp-content\/uploads\/2026\/08\/680d59160eb7c03aa4dae43150cec5dc.jpeg","datePublished":"2026-08-13T06:43:50+00:00","breadcrumb":{"@id":"https:\/\/dorogimedence.hu\/index.php\/2026\/08\/13\/ket-nyari-versenyen-is-rajthoz-alltak-a-dorogi-spartan-kids-csapat-tagjai\/#breadcrumb"},"inLanguage":"hu","potentialAction":[{"@type":"ReadAction","target":["https:\/\/dorogimedence.hu\/index.php\/2026\/08\/13\/ket-nyari-versenyen-is-rajthoz-alltak-a-dorogi-spartan-kids-csapat-tagjai\/"]}]},{"@type":"ImageObject","inLanguage":"hu","@id":"https:\/\/dorogimedence.hu\/index.php\/2026\/08\/13\/ket-nyari-versenyen-is-rajthoz-alltak-a-dorogi-spartan-kids-csapat-tagjai\/#primaryimage","url":"https:\/\/dorogimedence.hu\/wp-content\/uploads\/2026\/08\/680d59160eb7c03aa4dae43150cec5dc.jpeg","contentUrl":"https:\/\/dorogimedence.hu\/wp-content\/uploads\/2026\/08\/680d59160eb7c03aa4dae43150cec5dc.jpeg","width":2048,"height":1366},{"@type":"BreadcrumbList","@id":"https:\/\/dorogimedence.hu\/index.php\/2026\/08\/13\/ket-nyari-versenyen-is-rajthoz-alltak-a-dorogi-spartan-kids-csapat-tagjai\/#breadcrumb","itemListElement":[{"@type":"ListItem","position":1,"name":"Kezd\u0151lap","item":"https:\/\/dorogimedence.hu\/"},{"@type":"ListItem","position":2,"name":"K\u00e9t ny\u00e1ri versenyen is rajthoz \u00e1lltak a dorogi Spartan Kids csapat tagjai"}]},{"@type":"WebSite","@id":"https:\/\/dorogimedence.hu\/#website","url":"https:\/\/dorogimedence.hu\/","name":"Dorogi-medence Region\u00e1lis H\u00edrport\u00e1l","description":"Dorog, Keszt\u00f6lc, Le\u00e1nyv\u00e1r, Piliscs\u00e9v, Tokod, Tokodalt\u00e1r\u00f3, Csolnok, Esztergom-kertv\u00e1ros: h\u00edrek, programok","publisher":{"@id":"https:\/\/dorogimedence.hu\/#organization"},"potentialAction":[{"@type":"SearchAction","target":{"@type":"EntryPoint","urlTemplate":"https:\/\/dorogimedence.hu\/?s={search_term_string}"},"query-input":{"@type":"PropertyValueSpecification","valueRequired":true,"valueName":"search_term_string"}}],"inLanguage":"hu"},{"@type":"Organization","@id":"https:\/\/dorogimedence.hu\/#organization","name":"Dorogi-medence Region\u00e1lis H\u00edrport\u00e1l","url":"https:\/\/dorogimedence.hu\/","logo":{"@type":"ImageObject","inLanguage":"hu","@id":"https:\/\/dorogimedence.hu\/#\/schema\/logo\/image\/","url":"https:\/\/dorogimedence.hu\/wp-content\/uploads\/2021\/04\/logo-feher-600.png","contentUrl":"https:\/\/dorogimedence.hu\/wp-content\/uploads\/2021\/04\/logo-feher-600.png","width":600,"height":100,"caption":"Dorogi-medence Region\u00e1lis H\u00edrport\u00e1l"},"image":{"@id":"https:\/\/dorogimedence.hu\/#\/schema\/logo\/image\/"},"sameAs":["https:\/\/www.facebook.com\/dorogimedence\/"]},{"@type":"Person","@id":"https:\/\/dorogimedence.hu\/#\/schema\/person\/ce6091eeb7e95ecdc87890d6aa8e0fd4","name":"dorogimedence.hu","image":{"@type":"ImageObject","inLanguage":"hu","@id":"\/\/www.gravatar.com\/avatar\/d8d45f8901aadff40a4af72c0b826f1d?s=96&#038;r=g&#038;d=mm","url":"\/\/www.gravatar.com\/avatar\/d8d45f8901aadff40a4af72c0b826f1d?s=96&#038;r=g&#038;d=mm","contentUrl":"\/\/www.gravatar.com\/avatar\/d8d45f8901aadff40a4af72c0b826f1d?s=96&#038;r=g&#038;d=mm","caption":"dorogimedence.hu"}}]}},"_links":{"self":[{"href":"https:\/\/dorogimedence.hu\/index.php\/wp-json\/wp\/v2\/posts\/82736","targetHints":{"allow":["GET"]}}],"collection":[{"href":"https:\/\/dorogimedence.hu\/index.php\/wp-json\/wp\/v2\/posts"}],"about":[{"href":"https:\/\/dorogimedence.hu\/index.php\/wp-json\/wp\/v2\/types\/post"}],"author":[{"embeddable":true,"href":"https:\/\/dorogimedence.hu\/index.php\/wp-json\/wp\/v2\/users\/1"}],"replies":[{"embeddable":true,"href":"https:\/\/dorogimedence.hu\/index.php\/wp-json\/wp\/v2\/comments?post=82736"}],"version-history":[{"count":1,"href":"https:\/\/dorogimedence.hu\/index.php\/wp-json\/wp\/v2\/posts\/82736\/revisions"}],"predecessor-version":[{"id":82740,"href":"https:\/\/dorogimedence.hu\/index.php\/wp-json\/wp\/v2\/posts\/82736\/revisions\/82740"}],"wp:featuredmedia":[{"embeddable":true,"href":"https:\/\/dorogimedence.hu\/index.php\/wp-json\/wp\/v2\/media\/82737"}],"wp:attachment":[{"href":"https:\/\/dorogimedence.hu\/index.php\/wp-json\/wp\/v2\/media?parent=82736"}],"wp:term":[{"taxonomy":"category","embeddable":true,"href":"https:\/\/dorogimedence.hu\/index.php\/wp-json\/wp\/v2\/categories?post=82736"},{"taxonomy":"post_tag","embeddable":true,"href":"https:\/\/dorogimedence.hu\/index.php\/wp-json\/wp\/v2\/tags?post=82736"}],"curies":[{"name":"wp","href":"https:\/\/api.w.org\/{rel}","templated":true}]}}