{"id":82709,"date":"2026-08-12T16:07:07","date_gmt":"2026-08-12T14:07:07","guid":{"rendered":"https:\/\/dorogimedence.hu\/?p=82709"},"modified":"2026-08-12T16:08:45","modified_gmt":"2026-08-12T14:08:45","slug":"kilenc-kozuti-beruhazas-szerepel-az-idei-utfelujitasi-programban-komarom-esztergomban","status":"publish","type":"post","link":"https:\/\/dorogimedence.hu\/index.php\/2026\/08\/12\/kilenc-kozuti-beruhazas-szerepel-az-idei-utfelujitasi-programban-komarom-esztergomban\/","title":{"rendered":"Kilenc k\u00f6z\u00fati beruh\u00e1z\u00e1s szerepel az idei \u00fatfel\u00faj\u00edt\u00e1si programban Kom\u00e1rom-Esztergomban"},"content":{"rendered":"<p><strong>Kom\u00e1rom-Esztergom v\u00e1rmegy\u00e9ben kilenc k\u00f6z\u00fati beruh\u00e1z\u00e1s szerepel az idei orsz\u00e1gos \u00fatfel\u00faj\u00edt\u00e1si programban. Orsz\u00e1gszerte 210 helysz\u00ednen \u00f6sszesen 570 kilom\u00e9ternyi f\u0151- \u00e9s mell\u00e9k\u00fat \u00fajul meg k\u00f6zel 149 milli\u00e1rd forintb\u00f3l<\/strong> <em>\u2013 k\u00f6z\u00f6lte Vit\u00e9zy D\u00e1vid k\u00f6zleked\u00e9si \u00e9s beruh\u00e1z\u00e1si miniszter a <a href=\"https:\/\/www.facebook.com\/vitezydavid\/posts\/1597584948390190?ref=embed_post\" target=\"_blank\" rel=\"noopener\"><span style=\"text-decoration: underline; color: #0000ff;\">k\u00f6z\u00f6ss\u00e9gi oldal\u00e1n<\/span><\/a>.<\/em><\/p>\n<p>Az orsz\u00e1gos program keret\u00e9ben nincs olyan v\u00e1rmegye, ahol ne dolgozn\u00e1nak k\u00f6z\u00fati beruh\u00e1z\u00e1son. Borsod-Aba\u00faj-Zempl\u00e9nben 23, Pest v\u00e1rmegy\u00e9ben 21, Szabolcs-Szatm\u00e1r-Beregben 19, Hevesben 18, Vasban 15, N\u00f3gr\u00e1dban 13, B\u00e1cs-Kiskunban \u00e9s Zal\u00e1ban 12-12, J\u00e1sz-Nagykun-Szolnokban 11, Barany\u00e1ban, Hajd\u00fa-Biharban \u00e9s Kom\u00e1rom-Esztergomban 9-9, Csongr\u00e1d-Csan\u00e1dban \u00e9s Veszpr\u00e9mben 8-8, B\u00e9k\u00e9sben 7, Gy\u0151r-Moson-Sopronban 6, Fej\u00e9rben 5, Toln\u00e1ban 4, Somogyban pedig 1 projekt szerepel az idei programban.<\/p>\n<p>A 210 beruh\u00e1z\u00e1s k\u00f6z\u00fcl 114 \u00fagynevezett TOP Plusz eur\u00f3pai uni\u00f3s forr\u00e1sb\u00f3l val\u00f3sul meg, mintegy 58,1 milli\u00e1rd forint \u00e9rt\u00e9kben. Ezek \u00f6sszesen 324 kilom\u00e9ternyi utat \u00e9rintenek, ami az id\u00e9n meg\u00fajul\u00f3 \u00fath\u00e1l\u00f3zat k\u00f6zel 57 sz\u00e1zal\u00e9k\u00e1t jelenti.<\/p>\n<p><img fetchpriority=\"high\" decoding=\"async\" class=\"alignnone size-full wp-image-82710\" src=\"https:\/\/dorogimedence.hu\/wp-content\/uploads\/2026\/08\/771519832_28135612422717155_7833314390271917259_n.jpg\" alt=\"\" width=\"1600\" height=\"1131\" srcset=\"https:\/\/dorogimedence.hu\/wp-content\/uploads\/2026\/08\/771519832_28135612422717155_7833314390271917259_n.jpg 1600w, https:\/\/dorogimedence.hu\/wp-content\/uploads\/2026\/08\/771519832_28135612422717155_7833314390271917259_n-600x424.jpg 600w, https:\/\/dorogimedence.hu\/wp-content\/uploads\/2026\/08\/771519832_28135612422717155_7833314390271917259_n-768x543.jpg 768w, https:\/\/dorogimedence.hu\/wp-content\/uploads\/2026\/08\/771519832_28135612422717155_7833314390271917259_n-1536x1086.jpg 1536w, https:\/\/dorogimedence.hu\/wp-content\/uploads\/2026\/08\/771519832_28135612422717155_7833314390271917259_n-150x106.jpg 150w, https:\/\/dorogimedence.hu\/wp-content\/uploads\/2026\/08\/771519832_28135612422717155_7833314390271917259_n-450x318.jpg 450w, https:\/\/dorogimedence.hu\/wp-content\/uploads\/2026\/08\/771519832_28135612422717155_7833314390271917259_n-1200x848.jpg 1200w\" sizes=\"(max-width: 1600px) 100vw, 1600px\" \/><\/p>\n<p>Vit\u00e9zy D\u00e1vid t\u00e1j\u00e9koztat\u00e1sa szerint a beruh\u00e1z\u00e1sok jelent\u0151s r\u00e9sze n\u00e9h\u00e1ny kilom\u00e9teres \u00fatszakaszokat \u00e9rint. A miniszter kiemelte, hogy b\u00e1r egy k\u00e9t-h\u00e1rom kilom\u00e9teres \u00fatfel\u00faj\u00edt\u00e1s orsz\u00e1gos szinten kisebb beruh\u00e1z\u00e1snak t\u0171nhet, az \u00e9rintett telep\u00fcl\u00e9seken \u00e9l\u0151k sz\u00e1m\u00e1ra komoly jelent\u0151s\u00e9ggel b\u00edrhat, k\u00fcl\u00f6n\u00f6sen ott, ahol \u00e9vtizedek \u00f3ta v\u00e1rnak az utak rendbet\u00e9tel\u00e9re.<\/p>\n<p>A munk\u00e1latok a legt\u00f6bb helyen nem csup\u00e1n \u00faj aszfaltr\u00e9teg kialak\u00edt\u00e1s\u00e1t jelentik. Teljes p\u00e1lyaszerkezeti meger\u0151s\u00edt\u00e9sre, \u00faj k\u00f6t\u0151- \u00e9s kop\u00f3r\u00e9teg \u00e9p\u00edt\u00e9s\u00e9re, a padk\u00e1k rendez\u00e9s\u00e9re \u00e9s meger\u0151s\u00edt\u00e9s\u00e9re, valamint a v\u00edzelvezet\u0151 rendszerek helyre\u00e1ll\u00edt\u00e1s\u00e1ra is sor ker\u00fclhet. Emellett fel\u00faj\u00edtj\u00e1k az \u00e1tereszeket \u00e9s m\u00e1s m\u0171t\u00e1rgyakat, korszer\u0171s\u00edtik a csom\u00f3pontokat, cser\u00e9lik a szalagkorl\u00e1tokat \u00e9s a k\u00f6z\u00fati jelz\u0151t\u00e1bl\u00e1kat, v\u00e9g\u00fcl pedig \u00faj \u00fatburkolati jeleket festenek fel.<\/p>\n<p>A miniszter szerint a k\u00f6zel 30 ezer kilom\u00e9teres orsz\u00e1gos k\u00f6z\u00fath\u00e1l\u00f3zat jelent\u0151s r\u00e9sze fel\u00faj\u00edt\u00e1sra szorul. \u00dagy fogalmazott, hogy az elm\u00falt \u00e9vtizedekben felhalmoz\u00f3dott lemarad\u00e1st nem lehet n\u00e9h\u00e1ny h\u00f3nap alatt ledolgozni, ez\u00e9rt t\u00f6bb \u00e9vre el\u0151re tervezhet\u0151 orsz\u00e1gos \u00fatfel\u00faj\u00edt\u00e1si program kialak\u00edt\u00e1s\u00e1n dolgoznak.<\/p>\n<p>Vit\u00e9zy D\u00e1vid k\u00f6zl\u00e9se szerint ehhez a hazai forr\u00e1sok mellett eur\u00f3pai uni\u00f3s forr\u00e1sokat is felhaszn\u00e1lnak annak \u00e9rdek\u00e9ben, hogy fokozatosan az orsz\u00e1g teljes k\u00f6z\u00fath\u00e1l\u00f3zata jobb \u00e1llapotba ker\u00fclj\u00f6n.<\/p>\n<p><em>Bor\u00edt\u00f3k\u00e9p: Dorogi-medence<\/em><br \/>\n<em>M\u00e1sodik k\u00e9p: Vit\u00e9zy D\u00e1vid Facebook-oldala<\/em><\/p>\n","protected":false},"excerpt":{"rendered":"<p>Kom\u00e1rom-Esztergom v\u00e1rmegy\u00e9ben kilenc k\u00f6z\u00fati beruh\u00e1z\u00e1s szerepel az idei orsz\u00e1gos \u00fatfel\u00faj\u00edt\u00e1si programban. Orsz\u00e1gszerte 210 helysz\u00ednen \u00f6sszesen 570 kilom\u00e9ternyi f\u0151- \u00e9s mell\u00e9k\u00fat \u00fajul meg k\u00f6zel 149 milli\u00e1rd forintb\u00f3l \u2013 k\u00f6z\u00f6lte Vit\u00e9zy D\u00e1vid k\u00f6zleked\u00e9si \u00e9s beruh\u00e1z\u00e1si miniszter a k\u00f6z\u00f6ss\u00e9gi oldal\u00e1n. Az orsz\u00e1gos program keret\u00e9ben nincs olyan v\u00e1rmegye, ahol ne dolgozn\u00e1nak k\u00f6z\u00fati beruh\u00e1z\u00e1son. Borsod-Aba\u00faj-Zempl\u00e9nben 23, Pest v\u00e1rmegy\u00e9ben 21, Szabolcs-Szatm\u00e1r-Beregben<\/p>\n","protected":false},"author":1,"featured_media":73686,"comment_status":"closed","ping_status":"closed","sticky":false,"template":"","format":"standard","meta":{"ngg_post_thumbnail":0,"footnotes":""},"categories":[3,56],"tags":[59,6890,258,697],"class_list":["post-82709","post","type-post","status-publish","format-standard","has-post-thumbnail","category-hirek","category-komarom-esztergom","tag-komarom-esztergom","tag-komarom-esztergom-varmegye","tag-utepites","tag-utfelujitas"],"yoast_head":"<!-- This site is optimized with the Yoast SEO plugin v28.3 - https:\/\/yoast.com\/product\/yoast-seo-wordpress\/ -->\n<title>Kilenc k\u00f6z\u00fati beruh\u00e1z\u00e1s szerepel az idei \u00fatfel\u00faj\u00edt\u00e1si programban Kom\u00e1rom-Esztergomban<\/title>\n<meta name=\"robots\" content=\"index, follow, max-snippet:-1, max-image-preview:large, max-video-preview:-1\" \/>\n<link rel=\"canonical\" href=\"https:\/\/dorogimedence.hu\/index.php\/2026\/08\/12\/kilenc-kozuti-beruhazas-szerepel-az-idei-utfelujitasi-programban-komarom-esztergomban\/\" class=\"yoast-seo-meta-tag\" \/>\n<meta property=\"og:locale\" content=\"hu_HU\" class=\"yoast-seo-meta-tag\" \/>\n<meta property=\"og:type\" content=\"article\" class=\"yoast-seo-meta-tag\" \/>\n<meta property=\"og:title\" content=\"Kilenc k\u00f6z\u00fati beruh\u00e1z\u00e1s szerepel az idei \u00fatfel\u00faj\u00edt\u00e1si programban Kom\u00e1rom-Esztergomban\" class=\"yoast-seo-meta-tag\" \/>\n<meta property=\"og:description\" content=\"Kom\u00e1rom-Esztergom v\u00e1rmegy\u00e9ben kilenc k\u00f6z\u00fati beruh\u00e1z\u00e1s szerepel az idei orsz\u00e1gos \u00fatfel\u00faj\u00edt\u00e1si programban. Orsz\u00e1gszerte 210 helysz\u00ednen \u00f6sszesen 570 kilom\u00e9ternyi f\u0151- \u00e9s mell\u00e9k\u00fat \u00fajul meg k\u00f6zel 149 milli\u00e1rd forintb\u00f3l \u2013 k\u00f6z\u00f6lte Vit\u00e9zy D\u00e1vid k\u00f6zleked\u00e9si \u00e9s beruh\u00e1z\u00e1si miniszter a k\u00f6z\u00f6ss\u00e9gi oldal\u00e1n. Az orsz\u00e1gos program keret\u00e9ben nincs olyan v\u00e1rmegye, ahol ne dolgozn\u00e1nak k\u00f6z\u00fati beruh\u00e1z\u00e1son. Borsod-Aba\u00faj-Zempl\u00e9nben 23, Pest v\u00e1rmegy\u00e9ben 21, Szabolcs-Szatm\u00e1r-Beregben\" class=\"yoast-seo-meta-tag\" \/>\n<meta property=\"og:url\" content=\"https:\/\/dorogimedence.hu\/index.php\/2026\/08\/12\/kilenc-kozuti-beruhazas-szerepel-az-idei-utfelujitasi-programban-komarom-esztergomban\/\" class=\"yoast-seo-meta-tag\" \/>\n<meta property=\"og:site_name\" content=\"Dorogi-medence Region\u00e1lis H\u00edrport\u00e1l\" class=\"yoast-seo-meta-tag\" \/>\n<meta property=\"article:publisher\" content=\"https:\/\/www.facebook.com\/dorogimedence\/\" class=\"yoast-seo-meta-tag\" \/>\n<meta property=\"article:published_time\" content=\"2026-08-12T14:07:07+00:00\" class=\"yoast-seo-meta-tag\" \/>\n<meta property=\"article:modified_time\" content=\"2026-08-12T14:08:45+00:00\" class=\"yoast-seo-meta-tag\" \/>\n<meta property=\"og:image\" content=\"https:\/\/dorogimedence.hu\/wp-content\/uploads\/2025\/08\/utepites.jpg\" class=\"yoast-seo-meta-tag\" \/>\n\t<meta property=\"og:image:width\" content=\"1920\" class=\"yoast-seo-meta-tag\" \/>\n\t<meta property=\"og:image:height\" content=\"1068\" class=\"yoast-seo-meta-tag\" \/>\n\t<meta property=\"og:image:type\" content=\"image\/jpeg\" class=\"yoast-seo-meta-tag\" \/>\n<meta name=\"author\" content=\"dorogimedence.hu\" class=\"yoast-seo-meta-tag\" \/>\n<meta name=\"twitter:card\" content=\"summary_large_image\" class=\"yoast-seo-meta-tag\" \/>\n<meta name=\"twitter:label1\" content=\"Szerz\u0151:\" class=\"yoast-seo-meta-tag\" \/>\n\t<meta name=\"twitter:data1\" content=\"dorogimedence.hu\" class=\"yoast-seo-meta-tag\" \/>\n\t<meta name=\"twitter:label2\" content=\"Becs\u00fclt olvas\u00e1si id\u0151\" class=\"yoast-seo-meta-tag\" \/>\n\t<meta name=\"twitter:data2\" content=\"2 perc\" class=\"yoast-seo-meta-tag\" \/>\n<script type=\"application\/ld+json\" class=\"yoast-schema-graph\">{\"@context\":\"https:\\\/\\\/schema.org\",\"@graph\":[{\"@type\":\"Article\",\"@id\":\"https:\\\/\\\/dorogimedence.hu\\\/index.php\\\/2026\\\/08\\\/12\\\/kilenc-kozuti-beruhazas-szerepel-az-idei-utfelujitasi-programban-komarom-esztergomban\\\/#article\",\"isPartOf\":{\"@id\":\"https:\\\/\\\/dorogimedence.hu\\\/index.php\\\/2026\\\/08\\\/12\\\/kilenc-kozuti-beruhazas-szerepel-az-idei-utfelujitasi-programban-komarom-esztergomban\\\/\"},\"author\":{\"name\":\"dorogimedence.hu\",\"@id\":\"https:\\\/\\\/dorogimedence.hu\\\/#\\\/schema\\\/person\\\/ce6091eeb7e95ecdc87890d6aa8e0fd4\"},\"headline\":\"Kilenc k\u00f6z\u00fati beruh\u00e1z\u00e1s szerepel az idei \u00fatfel\u00faj\u00edt\u00e1si programban Kom\u00e1rom-Esztergomban\",\"datePublished\":\"2026-08-12T14:07:07+00:00\",\"dateModified\":\"2026-08-12T14:08:45+00:00\",\"mainEntityOfPage\":{\"@id\":\"https:\\\/\\\/dorogimedence.hu\\\/index.php\\\/2026\\\/08\\\/12\\\/kilenc-kozuti-beruhazas-szerepel-az-idei-utfelujitasi-programban-komarom-esztergomban\\\/\"},\"wordCount\":509,\"publisher\":{\"@id\":\"https:\\\/\\\/dorogimedence.hu\\\/#organization\"},\"image\":{\"@id\":\"https:\\\/\\\/dorogimedence.hu\\\/index.php\\\/2026\\\/08\\\/12\\\/kilenc-kozuti-beruhazas-szerepel-az-idei-utfelujitasi-programban-komarom-esztergomban\\\/#primaryimage\"},\"thumbnailUrl\":\"https:\\\/\\\/dorogimedence.hu\\\/wp-content\\\/uploads\\\/2025\\\/08\\\/utepites.jpg\",\"keywords\":[\"Kom\u00e1rom-Esztergom\",\"Kom\u00e1rom-Esztergom v\u00e1rmegye\",\"\u00fat\u00e9p\u00edt\u00e9s\",\"\u00fatfel\u00faj\u00edt\u00e1s\"],\"articleSection\":[\"H\u00edrek\",\"Kom\u00e1rom-Esztergom\"],\"inLanguage\":\"hu\"},{\"@type\":\"WebPage\",\"@id\":\"https:\\\/\\\/dorogimedence.hu\\\/index.php\\\/2026\\\/08\\\/12\\\/kilenc-kozuti-beruhazas-szerepel-az-idei-utfelujitasi-programban-komarom-esztergomban\\\/\",\"url\":\"https:\\\/\\\/dorogimedence.hu\\\/index.php\\\/2026\\\/08\\\/12\\\/kilenc-kozuti-beruhazas-szerepel-az-idei-utfelujitasi-programban-komarom-esztergomban\\\/\",\"name\":\"Kilenc k\u00f6z\u00fati beruh\u00e1z\u00e1s szerepel az idei \u00fatfel\u00faj\u00edt\u00e1si programban Kom\u00e1rom-Esztergomban\",\"isPartOf\":{\"@id\":\"https:\\\/\\\/dorogimedence.hu\\\/#website\"},\"primaryImageOfPage\":{\"@id\":\"https:\\\/\\\/dorogimedence.hu\\\/index.php\\\/2026\\\/08\\\/12\\\/kilenc-kozuti-beruhazas-szerepel-az-idei-utfelujitasi-programban-komarom-esztergomban\\\/#primaryimage\"},\"image\":{\"@id\":\"https:\\\/\\\/dorogimedence.hu\\\/index.php\\\/2026\\\/08\\\/12\\\/kilenc-kozuti-beruhazas-szerepel-az-idei-utfelujitasi-programban-komarom-esztergomban\\\/#primaryimage\"},\"thumbnailUrl\":\"https:\\\/\\\/dorogimedence.hu\\\/wp-content\\\/uploads\\\/2025\\\/08\\\/utepites.jpg\",\"datePublished\":\"2026-08-12T14:07:07+00:00\",\"dateModified\":\"2026-08-12T14:08:45+00:00\",\"breadcrumb\":{\"@id\":\"https:\\\/\\\/dorogimedence.hu\\\/index.php\\\/2026\\\/08\\\/12\\\/kilenc-kozuti-beruhazas-szerepel-az-idei-utfelujitasi-programban-komarom-esztergomban\\\/#breadcrumb\"},\"inLanguage\":\"hu\",\"potentialAction\":[{\"@type\":\"ReadAction\",\"target\":[\"https:\\\/\\\/dorogimedence.hu\\\/index.php\\\/2026\\\/08\\\/12\\\/kilenc-kozuti-beruhazas-szerepel-az-idei-utfelujitasi-programban-komarom-esztergomban\\\/\"]}]},{\"@type\":\"ImageObject\",\"inLanguage\":\"hu\",\"@id\":\"https:\\\/\\\/dorogimedence.hu\\\/index.php\\\/2026\\\/08\\\/12\\\/kilenc-kozuti-beruhazas-szerepel-az-idei-utfelujitasi-programban-komarom-esztergomban\\\/#primaryimage\",\"url\":\"https:\\\/\\\/dorogimedence.hu\\\/wp-content\\\/uploads\\\/2025\\\/08\\\/utepites.jpg\",\"contentUrl\":\"https:\\\/\\\/dorogimedence.hu\\\/wp-content\\\/uploads\\\/2025\\\/08\\\/utepites.jpg\",\"width\":1920,\"height\":1068,\"caption\":\"binary comment\"},{\"@type\":\"BreadcrumbList\",\"@id\":\"https:\\\/\\\/dorogimedence.hu\\\/index.php\\\/2026\\\/08\\\/12\\\/kilenc-kozuti-beruhazas-szerepel-az-idei-utfelujitasi-programban-komarom-esztergomban\\\/#breadcrumb\",\"itemListElement\":[{\"@type\":\"ListItem\",\"position\":1,\"name\":\"Kezd\u0151lap\",\"item\":\"https:\\\/\\\/dorogimedence.hu\\\/\"},{\"@type\":\"ListItem\",\"position\":2,\"name\":\"Kilenc k\u00f6z\u00fati beruh\u00e1z\u00e1s szerepel az idei \u00fatfel\u00faj\u00edt\u00e1si programban Kom\u00e1rom-Esztergomban\"}]},{\"@type\":\"WebSite\",\"@id\":\"https:\\\/\\\/dorogimedence.hu\\\/#website\",\"url\":\"https:\\\/\\\/dorogimedence.hu\\\/\",\"name\":\"Dorogi-medence Region\u00e1lis H\u00edrport\u00e1l\",\"description\":\"Dorog, Keszt\u00f6lc, Le\u00e1nyv\u00e1r, Piliscs\u00e9v, Tokod, Tokodalt\u00e1r\u00f3, Csolnok, Esztergom-kertv\u00e1ros: h\u00edrek, programok\",\"publisher\":{\"@id\":\"https:\\\/\\\/dorogimedence.hu\\\/#organization\"},\"potentialAction\":[{\"@type\":\"SearchAction\",\"target\":{\"@type\":\"EntryPoint\",\"urlTemplate\":\"https:\\\/\\\/dorogimedence.hu\\\/?s={search_term_string}\"},\"query-input\":{\"@type\":\"PropertyValueSpecification\",\"valueRequired\":true,\"valueName\":\"search_term_string\"}}],\"inLanguage\":\"hu\"},{\"@type\":\"Organization\",\"@id\":\"https:\\\/\\\/dorogimedence.hu\\\/#organization\",\"name\":\"Dorogi-medence Region\u00e1lis H\u00edrport\u00e1l\",\"url\":\"https:\\\/\\\/dorogimedence.hu\\\/\",\"logo\":{\"@type\":\"ImageObject\",\"inLanguage\":\"hu\",\"@id\":\"https:\\\/\\\/dorogimedence.hu\\\/#\\\/schema\\\/logo\\\/image\\\/\",\"url\":\"https:\\\/\\\/dorogimedence.hu\\\/wp-content\\\/uploads\\\/2021\\\/04\\\/logo-feher-600.png\",\"contentUrl\":\"https:\\\/\\\/dorogimedence.hu\\\/wp-content\\\/uploads\\\/2021\\\/04\\\/logo-feher-600.png\",\"width\":600,\"height\":100,\"caption\":\"Dorogi-medence Region\u00e1lis H\u00edrport\u00e1l\"},\"image\":{\"@id\":\"https:\\\/\\\/dorogimedence.hu\\\/#\\\/schema\\\/logo\\\/image\\\/\"},\"sameAs\":[\"https:\\\/\\\/www.facebook.com\\\/dorogimedence\\\/\"]},{\"@type\":\"Person\",\"@id\":\"https:\\\/\\\/dorogimedence.hu\\\/#\\\/schema\\\/person\\\/ce6091eeb7e95ecdc87890d6aa8e0fd4\",\"name\":\"dorogimedence.hu\",\"image\":{\"@type\":\"ImageObject\",\"inLanguage\":\"hu\",\"@id\":\"\\\/\\\/www.gravatar.com\\\/avatar\\\/d8d45f8901aadff40a4af72c0b826f1d?s=96&#038;r=g&#038;d=mm\",\"url\":\"\\\/\\\/www.gravatar.com\\\/avatar\\\/d8d45f8901aadff40a4af72c0b826f1d?s=96&#038;r=g&#038;d=mm\",\"contentUrl\":\"\\\/\\\/www.gravatar.com\\\/avatar\\\/d8d45f8901aadff40a4af72c0b826f1d?s=96&#038;r=g&#038;d=mm\",\"caption\":\"dorogimedence.hu\"}}]}<\/script>\n<!-- \/ Yoast SEO plugin. -->","yoast_head_json":{"title":"Kilenc k\u00f6z\u00fati beruh\u00e1z\u00e1s szerepel az idei \u00fatfel\u00faj\u00edt\u00e1si programban Kom\u00e1rom-Esztergomban","robots":{"index":"index","follow":"follow","max-snippet":"max-snippet:-1","max-image-preview":"max-image-preview:large","max-video-preview":"max-video-preview:-1"},"canonical":"https:\/\/dorogimedence.hu\/index.php\/2026\/08\/12\/kilenc-kozuti-beruhazas-szerepel-az-idei-utfelujitasi-programban-komarom-esztergomban\/","og_locale":"hu_HU","og_type":"article","og_title":"Kilenc k\u00f6z\u00fati beruh\u00e1z\u00e1s szerepel az idei \u00fatfel\u00faj\u00edt\u00e1si programban Kom\u00e1rom-Esztergomban","og_description":"Kom\u00e1rom-Esztergom v\u00e1rmegy\u00e9ben kilenc k\u00f6z\u00fati beruh\u00e1z\u00e1s szerepel az idei orsz\u00e1gos \u00fatfel\u00faj\u00edt\u00e1si programban. Orsz\u00e1gszerte 210 helysz\u00ednen \u00f6sszesen 570 kilom\u00e9ternyi f\u0151- \u00e9s mell\u00e9k\u00fat \u00fajul meg k\u00f6zel 149 milli\u00e1rd forintb\u00f3l \u2013 k\u00f6z\u00f6lte Vit\u00e9zy D\u00e1vid k\u00f6zleked\u00e9si \u00e9s beruh\u00e1z\u00e1si miniszter a k\u00f6z\u00f6ss\u00e9gi oldal\u00e1n. Az orsz\u00e1gos program keret\u00e9ben nincs olyan v\u00e1rmegye, ahol ne dolgozn\u00e1nak k\u00f6z\u00fati beruh\u00e1z\u00e1son. Borsod-Aba\u00faj-Zempl\u00e9nben 23, Pest v\u00e1rmegy\u00e9ben 21, Szabolcs-Szatm\u00e1r-Beregben","og_url":"https:\/\/dorogimedence.hu\/index.php\/2026\/08\/12\/kilenc-kozuti-beruhazas-szerepel-az-idei-utfelujitasi-programban-komarom-esztergomban\/","og_site_name":"Dorogi-medence Region\u00e1lis H\u00edrport\u00e1l","article_publisher":"https:\/\/www.facebook.com\/dorogimedence\/","article_published_time":"2026-08-12T14:07:07+00:00","article_modified_time":"2026-08-12T14:08:45+00:00","og_image":[{"width":1920,"height":1068,"url":"https:\/\/dorogimedence.hu\/wp-content\/uploads\/2025\/08\/utepites.jpg","type":"image\/jpeg"}],"author":"dorogimedence.hu","twitter_card":"summary_large_image","twitter_misc":{"Szerz\u0151:":"dorogimedence.hu","Becs\u00fclt olvas\u00e1si id\u0151":"2 perc"},"schema":{"@context":"https:\/\/schema.org","@graph":[{"@type":"Article","@id":"https:\/\/dorogimedence.hu\/index.php\/2026\/08\/12\/kilenc-kozuti-beruhazas-szerepel-az-idei-utfelujitasi-programban-komarom-esztergomban\/#article","isPartOf":{"@id":"https:\/\/dorogimedence.hu\/index.php\/2026\/08\/12\/kilenc-kozuti-beruhazas-szerepel-az-idei-utfelujitasi-programban-komarom-esztergomban\/"},"author":{"name":"dorogimedence.hu","@id":"https:\/\/dorogimedence.hu\/#\/schema\/person\/ce6091eeb7e95ecdc87890d6aa8e0fd4"},"headline":"Kilenc k\u00f6z\u00fati beruh\u00e1z\u00e1s szerepel az idei \u00fatfel\u00faj\u00edt\u00e1si programban Kom\u00e1rom-Esztergomban","datePublished":"2026-08-12T14:07:07+00:00","dateModified":"2026-08-12T14:08:45+00:00","mainEntityOfPage":{"@id":"https:\/\/dorogimedence.hu\/index.php\/2026\/08\/12\/kilenc-kozuti-beruhazas-szerepel-az-idei-utfelujitasi-programban-komarom-esztergomban\/"},"wordCount":509,"publisher":{"@id":"https:\/\/dorogimedence.hu\/#organization"},"image":{"@id":"https:\/\/dorogimedence.hu\/index.php\/2026\/08\/12\/kilenc-kozuti-beruhazas-szerepel-az-idei-utfelujitasi-programban-komarom-esztergomban\/#primaryimage"},"thumbnailUrl":"https:\/\/dorogimedence.hu\/wp-content\/uploads\/2025\/08\/utepites.jpg","keywords":["Kom\u00e1rom-Esztergom","Kom\u00e1rom-Esztergom v\u00e1rmegye","\u00fat\u00e9p\u00edt\u00e9s","\u00fatfel\u00faj\u00edt\u00e1s"],"articleSection":["H\u00edrek","Kom\u00e1rom-Esztergom"],"inLanguage":"hu"},{"@type":"WebPage","@id":"https:\/\/dorogimedence.hu\/index.php\/2026\/08\/12\/kilenc-kozuti-beruhazas-szerepel-az-idei-utfelujitasi-programban-komarom-esztergomban\/","url":"https:\/\/dorogimedence.hu\/index.php\/2026\/08\/12\/kilenc-kozuti-beruhazas-szerepel-az-idei-utfelujitasi-programban-komarom-esztergomban\/","name":"Kilenc k\u00f6z\u00fati beruh\u00e1z\u00e1s szerepel az idei \u00fatfel\u00faj\u00edt\u00e1si programban Kom\u00e1rom-Esztergomban","isPartOf":{"@id":"https:\/\/dorogimedence.hu\/#website"},"primaryImageOfPage":{"@id":"https:\/\/dorogimedence.hu\/index.php\/2026\/08\/12\/kilenc-kozuti-beruhazas-szerepel-az-idei-utfelujitasi-programban-komarom-esztergomban\/#primaryimage"},"image":{"@id":"https:\/\/dorogimedence.hu\/index.php\/2026\/08\/12\/kilenc-kozuti-beruhazas-szerepel-az-idei-utfelujitasi-programban-komarom-esztergomban\/#primaryimage"},"thumbnailUrl":"https:\/\/dorogimedence.hu\/wp-content\/uploads\/2025\/08\/utepites.jpg","datePublished":"2026-08-12T14:07:07+00:00","dateModified":"2026-08-12T14:08:45+00:00","breadcrumb":{"@id":"https:\/\/dorogimedence.hu\/index.php\/2026\/08\/12\/kilenc-kozuti-beruhazas-szerepel-az-idei-utfelujitasi-programban-komarom-esztergomban\/#breadcrumb"},"inLanguage":"hu","potentialAction":[{"@type":"ReadAction","target":["https:\/\/dorogimedence.hu\/index.php\/2026\/08\/12\/kilenc-kozuti-beruhazas-szerepel-az-idei-utfelujitasi-programban-komarom-esztergomban\/"]}]},{"@type":"ImageObject","inLanguage":"hu","@id":"https:\/\/dorogimedence.hu\/index.php\/2026\/08\/12\/kilenc-kozuti-beruhazas-szerepel-az-idei-utfelujitasi-programban-komarom-esztergomban\/#primaryimage","url":"https:\/\/dorogimedence.hu\/wp-content\/uploads\/2025\/08\/utepites.jpg","contentUrl":"https:\/\/dorogimedence.hu\/wp-content\/uploads\/2025\/08\/utepites.jpg","width":1920,"height":1068,"caption":"binary comment"},{"@type":"BreadcrumbList","@id":"https:\/\/dorogimedence.hu\/index.php\/2026\/08\/12\/kilenc-kozuti-beruhazas-szerepel-az-idei-utfelujitasi-programban-komarom-esztergomban\/#breadcrumb","itemListElement":[{"@type":"ListItem","position":1,"name":"Kezd\u0151lap","item":"https:\/\/dorogimedence.hu\/"},{"@type":"ListItem","position":2,"name":"Kilenc k\u00f6z\u00fati beruh\u00e1z\u00e1s szerepel az idei \u00fatfel\u00faj\u00edt\u00e1si programban Kom\u00e1rom-Esztergomban"}]},{"@type":"WebSite","@id":"https:\/\/dorogimedence.hu\/#website","url":"https:\/\/dorogimedence.hu\/","name":"Dorogi-medence Region\u00e1lis H\u00edrport\u00e1l","description":"Dorog, Keszt\u00f6lc, Le\u00e1nyv\u00e1r, Piliscs\u00e9v, Tokod, Tokodalt\u00e1r\u00f3, Csolnok, Esztergom-kertv\u00e1ros: h\u00edrek, programok","publisher":{"@id":"https:\/\/dorogimedence.hu\/#organization"},"potentialAction":[{"@type":"SearchAction","target":{"@type":"EntryPoint","urlTemplate":"https:\/\/dorogimedence.hu\/?s={search_term_string}"},"query-input":{"@type":"PropertyValueSpecification","valueRequired":true,"valueName":"search_term_string"}}],"inLanguage":"hu"},{"@type":"Organization","@id":"https:\/\/dorogimedence.hu\/#organization","name":"Dorogi-medence Region\u00e1lis H\u00edrport\u00e1l","url":"https:\/\/dorogimedence.hu\/","logo":{"@type":"ImageObject","inLanguage":"hu","@id":"https:\/\/dorogimedence.hu\/#\/schema\/logo\/image\/","url":"https:\/\/dorogimedence.hu\/wp-content\/uploads\/2021\/04\/logo-feher-600.png","contentUrl":"https:\/\/dorogimedence.hu\/wp-content\/uploads\/2021\/04\/logo-feher-600.png","width":600,"height":100,"caption":"Dorogi-medence Region\u00e1lis H\u00edrport\u00e1l"},"image":{"@id":"https:\/\/dorogimedence.hu\/#\/schema\/logo\/image\/"},"sameAs":["https:\/\/www.facebook.com\/dorogimedence\/"]},{"@type":"Person","@id":"https:\/\/dorogimedence.hu\/#\/schema\/person\/ce6091eeb7e95ecdc87890d6aa8e0fd4","name":"dorogimedence.hu","image":{"@type":"ImageObject","inLanguage":"hu","@id":"\/\/www.gravatar.com\/avatar\/d8d45f8901aadff40a4af72c0b826f1d?s=96&#038;r=g&#038;d=mm","url":"\/\/www.gravatar.com\/avatar\/d8d45f8901aadff40a4af72c0b826f1d?s=96&#038;r=g&#038;d=mm","contentUrl":"\/\/www.gravatar.com\/avatar\/d8d45f8901aadff40a4af72c0b826f1d?s=96&#038;r=g&#038;d=mm","caption":"dorogimedence.hu"}}]}},"_links":{"self":[{"href":"https:\/\/dorogimedence.hu\/index.php\/wp-json\/wp\/v2\/posts\/82709","targetHints":{"allow":["GET"]}}],"collection":[{"href":"https:\/\/dorogimedence.hu\/index.php\/wp-json\/wp\/v2\/posts"}],"about":[{"href":"https:\/\/dorogimedence.hu\/index.php\/wp-json\/wp\/v2\/types\/post"}],"author":[{"embeddable":true,"href":"https:\/\/dorogimedence.hu\/index.php\/wp-json\/wp\/v2\/users\/1"}],"replies":[{"embeddable":true,"href":"https:\/\/dorogimedence.hu\/index.php\/wp-json\/wp\/v2\/comments?post=82709"}],"version-history":[{"count":3,"href":"https:\/\/dorogimedence.hu\/index.php\/wp-json\/wp\/v2\/posts\/82709\/revisions"}],"predecessor-version":[{"id":82713,"href":"https:\/\/dorogimedence.hu\/index.php\/wp-json\/wp\/v2\/posts\/82709\/revisions\/82713"}],"wp:featuredmedia":[{"embeddable":true,"href":"https:\/\/dorogimedence.hu\/index.php\/wp-json\/wp\/v2\/media\/73686"}],"wp:attachment":[{"href":"https:\/\/dorogimedence.hu\/index.php\/wp-json\/wp\/v2\/media?parent=82709"}],"wp:term":[{"taxonomy":"category","embeddable":true,"href":"https:\/\/dorogimedence.hu\/index.php\/wp-json\/wp\/v2\/categories?post=82709"},{"taxonomy":"post_tag","embeddable":true,"href":"https:\/\/dorogimedence.hu\/index.php\/wp-json\/wp\/v2\/tags?post=82709"}],"curies":[{"name":"wp","href":"https:\/\/api.w.org\/{rel}","templated":true}]}}