{"id":82703,"date":"2026-08-12T14:18:29","date_gmt":"2026-08-12T12:18:29","guid":{"rendered":"https:\/\/dorogimedence.hu\/?p=82703"},"modified":"2026-08-12T14:18:29","modified_gmt":"2026-08-12T12:18:29","slug":"tobb-mint-12-ezer-tonna-illegalis-hulladekot-tavolitottak-el-az-allami-erdokbol","status":"publish","type":"post","link":"https:\/\/dorogimedence.hu\/index.php\/2026\/08\/12\/tobb-mint-12-ezer-tonna-illegalis-hulladekot-tavolitottak-el-az-allami-erdokbol\/","title":{"rendered":"T\u00f6bb mint 12 ezer tonna illeg\u00e1lis hullad\u00e9kot t\u00e1vol\u00edtottak el az \u00e1llami erd\u0151kb\u0151l"},"content":{"rendered":"<p><strong>T\u00f6bb mint 12 750 tonna illeg\u00e1lisan lerakott hullad\u00e9kot t\u00e1vol\u00edtottak el az \u00e1llami erd\u00e9szeti t\u00e1rsas\u00e1gok \u00e1ltal kezelt ter\u00fcletekr\u0151l 2020 eleje \u00e9s 2026. j\u00falius 27. k\u00f6z\u00f6tt. A t\u00f6bb mint n\u00e9gyezer felsz\u00e1mol\u00e1si eset azt mutatja, hogy az illeg\u00e1lis hullad\u00e9klerak\u00e1s tov\u00e1bbra is komoly probl\u00e9m\u00e1t jelent a magyar erd\u0151kben.<\/strong><\/p>\n<p>Az \u00c9l\u0151 K\u00f6rnyezet\u00e9rt Felel\u0151s Miniszt\u00e9rium k\u00f6zlem\u00e9nye szerint a v\u00e1ltoz\u00f3 \u00e9ghajlat, a biol\u00f3giai sokf\u00e9les\u00e9g meg\u0151rz\u00e9se \u00e9s a t\u00e1rsadalmi elv\u00e1r\u00e1sok \u00e1talakul\u00e1sa \u00faj helyzet el\u00e9 \u00e1ll\u00edtja a magyar erd\u0151ket \u00e9s az erd\u0151gazd\u00e1lkod\u00e1st. Olyan korszer\u0171 erd\u0151kezel\u00e9si gyakorlatra van sz\u00fcks\u00e9g, amelyben az erd\u0151k \u00f6kol\u00f3giai, term\u00e9szetv\u00e9delmi \u00e9s kl\u00edmav\u00e9delmi szerepe a kor\u00e1bbin\u00e1l nagyobb hangs\u00falyt kap.<\/p>\n<p>A szeml\u00e9letv\u00e1lt\u00e1s ugyanakkor nem kiz\u00e1r\u00f3lag szakmai feladat. Mik\u00f6zben egyre t\u00f6bben tekintenek az erd\u0151kre meg\u0151rzend\u0151 k\u00f6z\u00f6s term\u00e9szeti \u00e9rt\u00e9kk\u00e9nt, tov\u00e1bbra is jelent\u0151s mennyis\u00e9g\u0171 \u00e9p\u00edt\u00e9si t\u00f6rmel\u00e9k, h\u00e1ztart\u00e1si hullad\u00e9k, lom, gumiabroncs, j\u00e1rm\u0171bont\u00e1sb\u00f3l sz\u00e1rmaz\u00f3 anyag, esetenk\u00e9nt pedig vesz\u00e9lyes hullad\u00e9k ker\u00fcl illeg\u00e1lisan az erd\u0151kbe \u00e9s az erd\u0151sz\u00e9lekre.<\/p>\n<p>A 21 \u00e1llami erd\u00e9szeti t\u00e1rsas\u00e1g \u00f6sszes\u00edtett adatai alapj\u00e1n 2020. janu\u00e1r 1. \u00e9s 2026. j\u00falius 27. k\u00f6z\u00f6tt 4159 illeg\u00e1lis hullad\u00e9klerak\u00e1st sz\u00e1moltak fel, amelyek sor\u00e1n k\u00f6zel 12 751 tonna hullad\u00e9kot kellett elt\u00e1vol\u00edtani. Csak 2025-ben 527 esetben t\u00f6bb mint 2130 tonna, 2026. j\u00falius 27-ig pedig tov\u00e1bbi 308 esetben csaknem 637 tonna illeg\u00e1lisan elhelyezett hullad\u00e9kot gy\u0171jt\u00f6ttek \u00f6ssze \u00e9s sz\u00e1ll\u00edtottak el.<\/p>\n<p>2021 k\u00fcl\u00f6n\u00f6sen kiugr\u00f3 \u00e9v volt: 803 felsz\u00e1mol\u00e1si esetben t\u00f6bb mint 5276 tonna hullad\u00e9kot t\u00e1vol\u00edtottak el, ami a teljes vizsg\u00e1lt id\u0151szakban felsz\u00e1molt mennyis\u00e9g t\u00f6bb mint 41 sz\u00e1zal\u00e9ka.<\/p>\n<p>A Pilisi Parkerd\u0151 Zrt. \u00e1ltal kezelt ter\u00fcleteken 2020 eleje \u00e9s 2026. j\u00falius 27. k\u00f6z\u00f6tt 1280 felsz\u00e1mol\u00e1si esetet regisztr\u00e1ltak, ami az orsz\u00e1gos esetsz\u00e1m k\u00f6zel 31 sz\u00e1zal\u00e9ka. Az elt\u00e1vol\u00edtott hullad\u00e9k mennyis\u00e9ge mintegy 2135 tonna volt.<\/p>\n<p>M\u00e1s ter\u00fcleteken kevesebb, de j\u00f3val nagyobb volumen\u0171 lerak\u00e1sok okoztak probl\u00e9m\u00e1t. A VERGA Zrt. 82 esetben t\u00f6bb mint 5,1 ezer tonna hullad\u00e9kot t\u00e1vol\u00edtott el, ami a teljes hullad\u00e9kmennyis\u00e9g t\u00f6bb mint 40 sz\u00e1zal\u00e9k\u00e1t jelenti. A Gemenc Zrt.-n\u00e9l 2026. j\u00falius 27-ig mind\u00f6ssze h\u00e1rom felsz\u00e1mol\u00e1si esethez 408 tonna elt\u00e1vol\u00edtott hullad\u00e9k kapcsol\u00f3dott.<\/p>\n<p>Az \u00e1llami erd\u00e9szeti t\u00e1rsas\u00e1gok tapasztalatai szerint tov\u00e1bbi probl\u00e9m\u00e1t jelent, hogy az illeg\u00e1lis hullad\u00e9k sok helyen \u00fajratermel\u0151dik. El\u0151fordul, hogy egy megtiszt\u00edtott helysz\u00ednen r\u00f6vid id\u0151 eltelt\u00e9vel ism\u00e9t megjelenik a szem\u00e9t, m\u00e1skor a lerak\u00e1s egy k\u00f6zeli, g\u00e9pj\u00e1rm\u0171vel k\u00f6nnyen megk\u00f6zel\u00edthet\u0151 ter\u00fcletre helyez\u0151dik \u00e1t.<\/p>\n<p>A t\u00e1rsas\u00e1gok rendszeres ter\u00fcletellen\u0151rz\u00e9ssel, soromp\u00f3kkal \u00e9s m\u00e1s fizikai akad\u00e1lyokkal, kamer\u00e1s megfigyel\u00e9ssel, hat\u00f3s\u00e1gi egy\u00fcttm\u0171k\u00f6d\u00e9ssel \u00e9s szeml\u00e9letform\u00e1l\u00e1ssal igyekeznek visszaszor\u00edtani az illeg\u00e1lis hullad\u00e9klerak\u00e1st.<\/p>\n<p>A miniszt\u00e9rium arra is felh\u00edvta a figyelmet, hogy a s\u00falyosabb esetek jelent\u0151s r\u00e9sz\u00e9ben nem egy kir\u00e1ndul\u00e1s sor\u00e1n eldobott palackr\u00f3l vagy zacsk\u00f3r\u00f3l van sz\u00f3. A nagyobb mennyis\u00e9g\u0171 hullad\u00e9kot sokszor g\u00e9pj\u00e1rm\u0171vel sz\u00e1ll\u00edtj\u00e1k az erd\u0151sz\u00e9lekre, erdei utak, k\u00f6zutak \u00e9s telep\u00fcl\u00e9sek k\u00f6zel\u00e9be, vagyis ezekben az esetekben tudatos jogs\u00e9rt\u0151 magatart\u00e1sr\u00f3l besz\u00e9lhet\u00fcnk.<\/p>\n<p>Az \u00c9l\u0151 K\u00f6rnyezet\u00e9rt Felel\u0151s Miniszt\u00e9rium szerint az erd\u0151k hossz\u00fa t\u00e1v\u00fa v\u00e9delm\u00e9hez az erd\u0151kezel\u00e9s szakmai meg\u00fajul\u00e1sa mellett t\u00e1rsadalmi szeml\u00e9letv\u00e1lt\u00e1sra is sz\u00fcks\u00e9g van. A term\u00e9szeti \u00e9rt\u00e9kek v\u00e9delm\u00e9nek a mindennapi d\u00f6nt\u00e9sekben is meg kell jelennie, \u00edgy abban is, hogy mindenki megfelel\u0151 helyen gondoskodjon hullad\u00e9ka elhelyez\u00e9s\u00e9r\u0151l.<\/p>\n<p><em>Forr\u00e1s: \u00c9l\u0151 K\u00f6rnyezet\u00e9rt Felel\u0151s Miniszt\u00e9rium<br \/>\nBor\u00edt\u00f3k\u00e9p: illusztr\u00e1ci\u00f3<\/em><\/p>\n","protected":false},"excerpt":{"rendered":"<p>T\u00f6bb mint 12 750 tonna illeg\u00e1lisan lerakott hullad\u00e9kot t\u00e1vol\u00edtottak el az \u00e1llami erd\u00e9szeti t\u00e1rsas\u00e1gok \u00e1ltal kezelt ter\u00fcletekr\u0151l 2020 eleje \u00e9s 2026. j\u00falius 27. k\u00f6z\u00f6tt. A t\u00f6bb mint n\u00e9gyezer felsz\u00e1mol\u00e1si eset azt mutatja, hogy az illeg\u00e1lis hullad\u00e9klerak\u00e1s tov\u00e1bbra is komoly probl\u00e9m\u00e1t jelent a magyar erd\u0151kben. Az \u00c9l\u0151 K\u00f6rnyezet\u00e9rt Felel\u0151s Miniszt\u00e9rium k\u00f6zlem\u00e9nye szerint a v\u00e1ltoz\u00f3 \u00e9ghajlat, a<\/p>\n","protected":false},"author":1,"featured_media":82704,"comment_status":"closed","ping_status":"closed","sticky":false,"template":"","format":"standard","meta":{"ngg_post_thumbnail":0,"footnotes":""},"categories":[6934,3],"tags":[533],"class_list":["post-82703","post","type-post","status-publish","format-standard","has-post-thumbnail","category-belfold","category-hirek","tag-illegalis-hulladek"],"yoast_head":"<!-- This site is optimized with the Yoast SEO plugin v28.3 - https:\/\/yoast.com\/product\/yoast-seo-wordpress\/ -->\n<title>T\u00f6bb mint 12 ezer tonna illeg\u00e1lis hullad\u00e9kot t\u00e1vol\u00edtottak el az \u00e1llami erd\u0151kb\u0151l<\/title>\n<meta name=\"robots\" content=\"index, follow, max-snippet:-1, max-image-preview:large, max-video-preview:-1\" \/>\n<link rel=\"canonical\" href=\"https:\/\/dorogimedence.hu\/index.php\/2026\/08\/12\/tobb-mint-12-ezer-tonna-illegalis-hulladekot-tavolitottak-el-az-allami-erdokbol\/\" class=\"yoast-seo-meta-tag\" \/>\n<meta property=\"og:locale\" content=\"hu_HU\" class=\"yoast-seo-meta-tag\" \/>\n<meta property=\"og:type\" content=\"article\" class=\"yoast-seo-meta-tag\" \/>\n<meta property=\"og:title\" content=\"T\u00f6bb mint 12 ezer tonna illeg\u00e1lis hullad\u00e9kot t\u00e1vol\u00edtottak el az \u00e1llami erd\u0151kb\u0151l\" class=\"yoast-seo-meta-tag\" \/>\n<meta property=\"og:description\" content=\"T\u00f6bb mint 12 750 tonna illeg\u00e1lisan lerakott hullad\u00e9kot t\u00e1vol\u00edtottak el az \u00e1llami erd\u00e9szeti t\u00e1rsas\u00e1gok \u00e1ltal kezelt ter\u00fcletekr\u0151l 2020 eleje \u00e9s 2026. j\u00falius 27. k\u00f6z\u00f6tt. A t\u00f6bb mint n\u00e9gyezer felsz\u00e1mol\u00e1si eset azt mutatja, hogy az illeg\u00e1lis hullad\u00e9klerak\u00e1s tov\u00e1bbra is komoly probl\u00e9m\u00e1t jelent a magyar erd\u0151kben. Az \u00c9l\u0151 K\u00f6rnyezet\u00e9rt Felel\u0151s Miniszt\u00e9rium k\u00f6zlem\u00e9nye szerint a v\u00e1ltoz\u00f3 \u00e9ghajlat, a\" class=\"yoast-seo-meta-tag\" \/>\n<meta property=\"og:url\" content=\"https:\/\/dorogimedence.hu\/index.php\/2026\/08\/12\/tobb-mint-12-ezer-tonna-illegalis-hulladekot-tavolitottak-el-az-allami-erdokbol\/\" class=\"yoast-seo-meta-tag\" \/>\n<meta property=\"og:site_name\" content=\"Dorogi-medence Region\u00e1lis H\u00edrport\u00e1l\" class=\"yoast-seo-meta-tag\" \/>\n<meta property=\"article:publisher\" content=\"https:\/\/www.facebook.com\/dorogimedence\/\" class=\"yoast-seo-meta-tag\" \/>\n<meta property=\"article:published_time\" content=\"2026-08-12T12:18:29+00:00\" class=\"yoast-seo-meta-tag\" \/>\n<meta property=\"og:image\" content=\"https:\/\/dorogimedence.hu\/wp-content\/uploads\/2026\/08\/ChatGPT-Image-2026.-aug.-12.-14_17_55.png\" class=\"yoast-seo-meta-tag\" \/>\n\t<meta property=\"og:image:width\" content=\"755\" class=\"yoast-seo-meta-tag\" \/>\n\t<meta property=\"og:image:height\" content=\"503\" class=\"yoast-seo-meta-tag\" \/>\n\t<meta property=\"og:image:type\" content=\"image\/png\" class=\"yoast-seo-meta-tag\" \/>\n<meta name=\"author\" content=\"dorogimedence.hu\" class=\"yoast-seo-meta-tag\" \/>\n<meta name=\"twitter:card\" content=\"summary_large_image\" class=\"yoast-seo-meta-tag\" \/>\n<meta name=\"twitter:label1\" content=\"Szerz\u0151:\" class=\"yoast-seo-meta-tag\" \/>\n\t<meta name=\"twitter:data1\" content=\"dorogimedence.hu\" class=\"yoast-seo-meta-tag\" \/>\n\t<meta name=\"twitter:label2\" content=\"Becs\u00fclt olvas\u00e1si id\u0151\" class=\"yoast-seo-meta-tag\" \/>\n\t<meta name=\"twitter:data2\" content=\"4 perc\" class=\"yoast-seo-meta-tag\" \/>\n<script type=\"application\/ld+json\" class=\"yoast-schema-graph\">{\"@context\":\"https:\\\/\\\/schema.org\",\"@graph\":[{\"@type\":\"Article\",\"@id\":\"https:\\\/\\\/dorogimedence.hu\\\/index.php\\\/2026\\\/08\\\/12\\\/tobb-mint-12-ezer-tonna-illegalis-hulladekot-tavolitottak-el-az-allami-erdokbol\\\/#article\",\"isPartOf\":{\"@id\":\"https:\\\/\\\/dorogimedence.hu\\\/index.php\\\/2026\\\/08\\\/12\\\/tobb-mint-12-ezer-tonna-illegalis-hulladekot-tavolitottak-el-az-allami-erdokbol\\\/\"},\"author\":{\"name\":\"dorogimedence.hu\",\"@id\":\"https:\\\/\\\/dorogimedence.hu\\\/#\\\/schema\\\/person\\\/ce6091eeb7e95ecdc87890d6aa8e0fd4\"},\"headline\":\"T\u00f6bb mint 12 ezer tonna illeg\u00e1lis hullad\u00e9kot t\u00e1vol\u00edtottak el az \u00e1llami erd\u0151kb\u0151l\",\"datePublished\":\"2026-08-12T12:18:29+00:00\",\"mainEntityOfPage\":{\"@id\":\"https:\\\/\\\/dorogimedence.hu\\\/index.php\\\/2026\\\/08\\\/12\\\/tobb-mint-12-ezer-tonna-illegalis-hulladekot-tavolitottak-el-az-allami-erdokbol\\\/\"},\"wordCount\":734,\"publisher\":{\"@id\":\"https:\\\/\\\/dorogimedence.hu\\\/#organization\"},\"image\":{\"@id\":\"https:\\\/\\\/dorogimedence.hu\\\/index.php\\\/2026\\\/08\\\/12\\\/tobb-mint-12-ezer-tonna-illegalis-hulladekot-tavolitottak-el-az-allami-erdokbol\\\/#primaryimage\"},\"thumbnailUrl\":\"https:\\\/\\\/dorogimedence.hu\\\/wp-content\\\/uploads\\\/2026\\\/08\\\/ChatGPT-Image-2026.-aug.-12.-14_17_55.png\",\"keywords\":[\"illeg\u00e1lis hullad\u00e9k\"],\"articleSection\":[\"Belf\u00f6ld, Gazdas\u00e1g\",\"H\u00edrek\"],\"inLanguage\":\"hu\"},{\"@type\":\"WebPage\",\"@id\":\"https:\\\/\\\/dorogimedence.hu\\\/index.php\\\/2026\\\/08\\\/12\\\/tobb-mint-12-ezer-tonna-illegalis-hulladekot-tavolitottak-el-az-allami-erdokbol\\\/\",\"url\":\"https:\\\/\\\/dorogimedence.hu\\\/index.php\\\/2026\\\/08\\\/12\\\/tobb-mint-12-ezer-tonna-illegalis-hulladekot-tavolitottak-el-az-allami-erdokbol\\\/\",\"name\":\"T\u00f6bb mint 12 ezer tonna illeg\u00e1lis hullad\u00e9kot t\u00e1vol\u00edtottak el az \u00e1llami erd\u0151kb\u0151l\",\"isPartOf\":{\"@id\":\"https:\\\/\\\/dorogimedence.hu\\\/#website\"},\"primaryImageOfPage\":{\"@id\":\"https:\\\/\\\/dorogimedence.hu\\\/index.php\\\/2026\\\/08\\\/12\\\/tobb-mint-12-ezer-tonna-illegalis-hulladekot-tavolitottak-el-az-allami-erdokbol\\\/#primaryimage\"},\"image\":{\"@id\":\"https:\\\/\\\/dorogimedence.hu\\\/index.php\\\/2026\\\/08\\\/12\\\/tobb-mint-12-ezer-tonna-illegalis-hulladekot-tavolitottak-el-az-allami-erdokbol\\\/#primaryimage\"},\"thumbnailUrl\":\"https:\\\/\\\/dorogimedence.hu\\\/wp-content\\\/uploads\\\/2026\\\/08\\\/ChatGPT-Image-2026.-aug.-12.-14_17_55.png\",\"datePublished\":\"2026-08-12T12:18:29+00:00\",\"breadcrumb\":{\"@id\":\"https:\\\/\\\/dorogimedence.hu\\\/index.php\\\/2026\\\/08\\\/12\\\/tobb-mint-12-ezer-tonna-illegalis-hulladekot-tavolitottak-el-az-allami-erdokbol\\\/#breadcrumb\"},\"inLanguage\":\"hu\",\"potentialAction\":[{\"@type\":\"ReadAction\",\"target\":[\"https:\\\/\\\/dorogimedence.hu\\\/index.php\\\/2026\\\/08\\\/12\\\/tobb-mint-12-ezer-tonna-illegalis-hulladekot-tavolitottak-el-az-allami-erdokbol\\\/\"]}]},{\"@type\":\"ImageObject\",\"inLanguage\":\"hu\",\"@id\":\"https:\\\/\\\/dorogimedence.hu\\\/index.php\\\/2026\\\/08\\\/12\\\/tobb-mint-12-ezer-tonna-illegalis-hulladekot-tavolitottak-el-az-allami-erdokbol\\\/#primaryimage\",\"url\":\"https:\\\/\\\/dorogimedence.hu\\\/wp-content\\\/uploads\\\/2026\\\/08\\\/ChatGPT-Image-2026.-aug.-12.-14_17_55.png\",\"contentUrl\":\"https:\\\/\\\/dorogimedence.hu\\\/wp-content\\\/uploads\\\/2026\\\/08\\\/ChatGPT-Image-2026.-aug.-12.-14_17_55.png\",\"width\":1536,\"height\":1024},{\"@type\":\"BreadcrumbList\",\"@id\":\"https:\\\/\\\/dorogimedence.hu\\\/index.php\\\/2026\\\/08\\\/12\\\/tobb-mint-12-ezer-tonna-illegalis-hulladekot-tavolitottak-el-az-allami-erdokbol\\\/#breadcrumb\",\"itemListElement\":[{\"@type\":\"ListItem\",\"position\":1,\"name\":\"Kezd\u0151lap\",\"item\":\"https:\\\/\\\/dorogimedence.hu\\\/\"},{\"@type\":\"ListItem\",\"position\":2,\"name\":\"T\u00f6bb mint 12 ezer tonna illeg\u00e1lis hullad\u00e9kot t\u00e1vol\u00edtottak el az \u00e1llami erd\u0151kb\u0151l\"}]},{\"@type\":\"WebSite\",\"@id\":\"https:\\\/\\\/dorogimedence.hu\\\/#website\",\"url\":\"https:\\\/\\\/dorogimedence.hu\\\/\",\"name\":\"Dorogi-medence Region\u00e1lis H\u00edrport\u00e1l\",\"description\":\"Dorog, Keszt\u00f6lc, Le\u00e1nyv\u00e1r, Piliscs\u00e9v, Tokod, Tokodalt\u00e1r\u00f3, Csolnok, Esztergom-kertv\u00e1ros: h\u00edrek, programok\",\"publisher\":{\"@id\":\"https:\\\/\\\/dorogimedence.hu\\\/#organization\"},\"potentialAction\":[{\"@type\":\"SearchAction\",\"target\":{\"@type\":\"EntryPoint\",\"urlTemplate\":\"https:\\\/\\\/dorogimedence.hu\\\/?s={search_term_string}\"},\"query-input\":{\"@type\":\"PropertyValueSpecification\",\"valueRequired\":true,\"valueName\":\"search_term_string\"}}],\"inLanguage\":\"hu\"},{\"@type\":\"Organization\",\"@id\":\"https:\\\/\\\/dorogimedence.hu\\\/#organization\",\"name\":\"Dorogi-medence Region\u00e1lis H\u00edrport\u00e1l\",\"url\":\"https:\\\/\\\/dorogimedence.hu\\\/\",\"logo\":{\"@type\":\"ImageObject\",\"inLanguage\":\"hu\",\"@id\":\"https:\\\/\\\/dorogimedence.hu\\\/#\\\/schema\\\/logo\\\/image\\\/\",\"url\":\"https:\\\/\\\/dorogimedence.hu\\\/wp-content\\\/uploads\\\/2021\\\/04\\\/logo-feher-600.png\",\"contentUrl\":\"https:\\\/\\\/dorogimedence.hu\\\/wp-content\\\/uploads\\\/2021\\\/04\\\/logo-feher-600.png\",\"width\":600,\"height\":100,\"caption\":\"Dorogi-medence Region\u00e1lis H\u00edrport\u00e1l\"},\"image\":{\"@id\":\"https:\\\/\\\/dorogimedence.hu\\\/#\\\/schema\\\/logo\\\/image\\\/\"},\"sameAs\":[\"https:\\\/\\\/www.facebook.com\\\/dorogimedence\\\/\"]},{\"@type\":\"Person\",\"@id\":\"https:\\\/\\\/dorogimedence.hu\\\/#\\\/schema\\\/person\\\/ce6091eeb7e95ecdc87890d6aa8e0fd4\",\"name\":\"dorogimedence.hu\",\"image\":{\"@type\":\"ImageObject\",\"inLanguage\":\"hu\",\"@id\":\"\\\/\\\/www.gravatar.com\\\/avatar\\\/d8d45f8901aadff40a4af72c0b826f1d?s=96&#038;r=g&#038;d=mm\",\"url\":\"\\\/\\\/www.gravatar.com\\\/avatar\\\/d8d45f8901aadff40a4af72c0b826f1d?s=96&#038;r=g&#038;d=mm\",\"contentUrl\":\"\\\/\\\/www.gravatar.com\\\/avatar\\\/d8d45f8901aadff40a4af72c0b826f1d?s=96&#038;r=g&#038;d=mm\",\"caption\":\"dorogimedence.hu\"}}]}<\/script>\n<!-- \/ Yoast SEO plugin. -->","yoast_head_json":{"title":"T\u00f6bb mint 12 ezer tonna illeg\u00e1lis hullad\u00e9kot t\u00e1vol\u00edtottak el az \u00e1llami erd\u0151kb\u0151l","robots":{"index":"index","follow":"follow","max-snippet":"max-snippet:-1","max-image-preview":"max-image-preview:large","max-video-preview":"max-video-preview:-1"},"canonical":"https:\/\/dorogimedence.hu\/index.php\/2026\/08\/12\/tobb-mint-12-ezer-tonna-illegalis-hulladekot-tavolitottak-el-az-allami-erdokbol\/","og_locale":"hu_HU","og_type":"article","og_title":"T\u00f6bb mint 12 ezer tonna illeg\u00e1lis hullad\u00e9kot t\u00e1vol\u00edtottak el az \u00e1llami erd\u0151kb\u0151l","og_description":"T\u00f6bb mint 12 750 tonna illeg\u00e1lisan lerakott hullad\u00e9kot t\u00e1vol\u00edtottak el az \u00e1llami erd\u00e9szeti t\u00e1rsas\u00e1gok \u00e1ltal kezelt ter\u00fcletekr\u0151l 2020 eleje \u00e9s 2026. j\u00falius 27. k\u00f6z\u00f6tt. A t\u00f6bb mint n\u00e9gyezer felsz\u00e1mol\u00e1si eset azt mutatja, hogy az illeg\u00e1lis hullad\u00e9klerak\u00e1s tov\u00e1bbra is komoly probl\u00e9m\u00e1t jelent a magyar erd\u0151kben. Az \u00c9l\u0151 K\u00f6rnyezet\u00e9rt Felel\u0151s Miniszt\u00e9rium k\u00f6zlem\u00e9nye szerint a v\u00e1ltoz\u00f3 \u00e9ghajlat, a","og_url":"https:\/\/dorogimedence.hu\/index.php\/2026\/08\/12\/tobb-mint-12-ezer-tonna-illegalis-hulladekot-tavolitottak-el-az-allami-erdokbol\/","og_site_name":"Dorogi-medence Region\u00e1lis H\u00edrport\u00e1l","article_publisher":"https:\/\/www.facebook.com\/dorogimedence\/","article_published_time":"2026-08-12T12:18:29+00:00","og_image":[{"url":"https:\/\/dorogimedence.hu\/wp-content\/uploads\/2026\/08\/ChatGPT-Image-2026.-aug.-12.-14_17_55.png","width":755,"height":503,"type":"image\/png"}],"author":"dorogimedence.hu","twitter_card":"summary_large_image","twitter_misc":{"Szerz\u0151:":"dorogimedence.hu","Becs\u00fclt olvas\u00e1si id\u0151":"4 perc"},"schema":{"@context":"https:\/\/schema.org","@graph":[{"@type":"Article","@id":"https:\/\/dorogimedence.hu\/index.php\/2026\/08\/12\/tobb-mint-12-ezer-tonna-illegalis-hulladekot-tavolitottak-el-az-allami-erdokbol\/#article","isPartOf":{"@id":"https:\/\/dorogimedence.hu\/index.php\/2026\/08\/12\/tobb-mint-12-ezer-tonna-illegalis-hulladekot-tavolitottak-el-az-allami-erdokbol\/"},"author":{"name":"dorogimedence.hu","@id":"https:\/\/dorogimedence.hu\/#\/schema\/person\/ce6091eeb7e95ecdc87890d6aa8e0fd4"},"headline":"T\u00f6bb mint 12 ezer tonna illeg\u00e1lis hullad\u00e9kot t\u00e1vol\u00edtottak el az \u00e1llami erd\u0151kb\u0151l","datePublished":"2026-08-12T12:18:29+00:00","mainEntityOfPage":{"@id":"https:\/\/dorogimedence.hu\/index.php\/2026\/08\/12\/tobb-mint-12-ezer-tonna-illegalis-hulladekot-tavolitottak-el-az-allami-erdokbol\/"},"wordCount":734,"publisher":{"@id":"https:\/\/dorogimedence.hu\/#organization"},"image":{"@id":"https:\/\/dorogimedence.hu\/index.php\/2026\/08\/12\/tobb-mint-12-ezer-tonna-illegalis-hulladekot-tavolitottak-el-az-allami-erdokbol\/#primaryimage"},"thumbnailUrl":"https:\/\/dorogimedence.hu\/wp-content\/uploads\/2026\/08\/ChatGPT-Image-2026.-aug.-12.-14_17_55.png","keywords":["illeg\u00e1lis hullad\u00e9k"],"articleSection":["Belf\u00f6ld, Gazdas\u00e1g","H\u00edrek"],"inLanguage":"hu"},{"@type":"WebPage","@id":"https:\/\/dorogimedence.hu\/index.php\/2026\/08\/12\/tobb-mint-12-ezer-tonna-illegalis-hulladekot-tavolitottak-el-az-allami-erdokbol\/","url":"https:\/\/dorogimedence.hu\/index.php\/2026\/08\/12\/tobb-mint-12-ezer-tonna-illegalis-hulladekot-tavolitottak-el-az-allami-erdokbol\/","name":"T\u00f6bb mint 12 ezer tonna illeg\u00e1lis hullad\u00e9kot t\u00e1vol\u00edtottak el az \u00e1llami erd\u0151kb\u0151l","isPartOf":{"@id":"https:\/\/dorogimedence.hu\/#website"},"primaryImageOfPage":{"@id":"https:\/\/dorogimedence.hu\/index.php\/2026\/08\/12\/tobb-mint-12-ezer-tonna-illegalis-hulladekot-tavolitottak-el-az-allami-erdokbol\/#primaryimage"},"image":{"@id":"https:\/\/dorogimedence.hu\/index.php\/2026\/08\/12\/tobb-mint-12-ezer-tonna-illegalis-hulladekot-tavolitottak-el-az-allami-erdokbol\/#primaryimage"},"thumbnailUrl":"https:\/\/dorogimedence.hu\/wp-content\/uploads\/2026\/08\/ChatGPT-Image-2026.-aug.-12.-14_17_55.png","datePublished":"2026-08-12T12:18:29+00:00","breadcrumb":{"@id":"https:\/\/dorogimedence.hu\/index.php\/2026\/08\/12\/tobb-mint-12-ezer-tonna-illegalis-hulladekot-tavolitottak-el-az-allami-erdokbol\/#breadcrumb"},"inLanguage":"hu","potentialAction":[{"@type":"ReadAction","target":["https:\/\/dorogimedence.hu\/index.php\/2026\/08\/12\/tobb-mint-12-ezer-tonna-illegalis-hulladekot-tavolitottak-el-az-allami-erdokbol\/"]}]},{"@type":"ImageObject","inLanguage":"hu","@id":"https:\/\/dorogimedence.hu\/index.php\/2026\/08\/12\/tobb-mint-12-ezer-tonna-illegalis-hulladekot-tavolitottak-el-az-allami-erdokbol\/#primaryimage","url":"https:\/\/dorogimedence.hu\/wp-content\/uploads\/2026\/08\/ChatGPT-Image-2026.-aug.-12.-14_17_55.png","contentUrl":"https:\/\/dorogimedence.hu\/wp-content\/uploads\/2026\/08\/ChatGPT-Image-2026.-aug.-12.-14_17_55.png","width":1536,"height":1024},{"@type":"BreadcrumbList","@id":"https:\/\/dorogimedence.hu\/index.php\/2026\/08\/12\/tobb-mint-12-ezer-tonna-illegalis-hulladekot-tavolitottak-el-az-allami-erdokbol\/#breadcrumb","itemListElement":[{"@type":"ListItem","position":1,"name":"Kezd\u0151lap","item":"https:\/\/dorogimedence.hu\/"},{"@type":"ListItem","position":2,"name":"T\u00f6bb mint 12 ezer tonna illeg\u00e1lis hullad\u00e9kot t\u00e1vol\u00edtottak el az \u00e1llami erd\u0151kb\u0151l"}]},{"@type":"WebSite","@id":"https:\/\/dorogimedence.hu\/#website","url":"https:\/\/dorogimedence.hu\/","name":"Dorogi-medence Region\u00e1lis H\u00edrport\u00e1l","description":"Dorog, Keszt\u00f6lc, Le\u00e1nyv\u00e1r, Piliscs\u00e9v, Tokod, Tokodalt\u00e1r\u00f3, Csolnok, Esztergom-kertv\u00e1ros: h\u00edrek, programok","publisher":{"@id":"https:\/\/dorogimedence.hu\/#organization"},"potentialAction":[{"@type":"SearchAction","target":{"@type":"EntryPoint","urlTemplate":"https:\/\/dorogimedence.hu\/?s={search_term_string}"},"query-input":{"@type":"PropertyValueSpecification","valueRequired":true,"valueName":"search_term_string"}}],"inLanguage":"hu"},{"@type":"Organization","@id":"https:\/\/dorogimedence.hu\/#organization","name":"Dorogi-medence Region\u00e1lis H\u00edrport\u00e1l","url":"https:\/\/dorogimedence.hu\/","logo":{"@type":"ImageObject","inLanguage":"hu","@id":"https:\/\/dorogimedence.hu\/#\/schema\/logo\/image\/","url":"https:\/\/dorogimedence.hu\/wp-content\/uploads\/2021\/04\/logo-feher-600.png","contentUrl":"https:\/\/dorogimedence.hu\/wp-content\/uploads\/2021\/04\/logo-feher-600.png","width":600,"height":100,"caption":"Dorogi-medence Region\u00e1lis H\u00edrport\u00e1l"},"image":{"@id":"https:\/\/dorogimedence.hu\/#\/schema\/logo\/image\/"},"sameAs":["https:\/\/www.facebook.com\/dorogimedence\/"]},{"@type":"Person","@id":"https:\/\/dorogimedence.hu\/#\/schema\/person\/ce6091eeb7e95ecdc87890d6aa8e0fd4","name":"dorogimedence.hu","image":{"@type":"ImageObject","inLanguage":"hu","@id":"\/\/www.gravatar.com\/avatar\/d8d45f8901aadff40a4af72c0b826f1d?s=96&#038;r=g&#038;d=mm","url":"\/\/www.gravatar.com\/avatar\/d8d45f8901aadff40a4af72c0b826f1d?s=96&#038;r=g&#038;d=mm","contentUrl":"\/\/www.gravatar.com\/avatar\/d8d45f8901aadff40a4af72c0b826f1d?s=96&#038;r=g&#038;d=mm","caption":"dorogimedence.hu"}}]}},"_links":{"self":[{"href":"https:\/\/dorogimedence.hu\/index.php\/wp-json\/wp\/v2\/posts\/82703","targetHints":{"allow":["GET"]}}],"collection":[{"href":"https:\/\/dorogimedence.hu\/index.php\/wp-json\/wp\/v2\/posts"}],"about":[{"href":"https:\/\/dorogimedence.hu\/index.php\/wp-json\/wp\/v2\/types\/post"}],"author":[{"embeddable":true,"href":"https:\/\/dorogimedence.hu\/index.php\/wp-json\/wp\/v2\/users\/1"}],"replies":[{"embeddable":true,"href":"https:\/\/dorogimedence.hu\/index.php\/wp-json\/wp\/v2\/comments?post=82703"}],"version-history":[{"count":1,"href":"https:\/\/dorogimedence.hu\/index.php\/wp-json\/wp\/v2\/posts\/82703\/revisions"}],"predecessor-version":[{"id":82705,"href":"https:\/\/dorogimedence.hu\/index.php\/wp-json\/wp\/v2\/posts\/82703\/revisions\/82705"}],"wp:featuredmedia":[{"embeddable":true,"href":"https:\/\/dorogimedence.hu\/index.php\/wp-json\/wp\/v2\/media\/82704"}],"wp:attachment":[{"href":"https:\/\/dorogimedence.hu\/index.php\/wp-json\/wp\/v2\/media?parent=82703"}],"wp:term":[{"taxonomy":"category","embeddable":true,"href":"https:\/\/dorogimedence.hu\/index.php\/wp-json\/wp\/v2\/categories?post=82703"},{"taxonomy":"post_tag","embeddable":true,"href":"https:\/\/dorogimedence.hu\/index.php\/wp-json\/wp\/v2\/tags?post=82703"}],"curies":[{"name":"wp","href":"https:\/\/api.w.org\/{rel}","templated":true}]}}