{"id":82694,"date":"2026-08-12T07:35:45","date_gmt":"2026-08-12T05:35:45","guid":{"rendered":"https:\/\/dorogimedence.hu\/?p=82694"},"modified":"2026-08-13T07:46:02","modified_gmt":"2026-08-13T05:46:02","slug":"vizsgaljak-vizminoseget-az-amasfuzitoi-duna-szakaszon-a-vorosiszap-tarozonal","status":"publish","type":"post","link":"https:\/\/dorogimedence.hu\/index.php\/2026\/08\/12\/vizsgaljak-vizminoseget-az-amasfuzitoi-duna-szakaszon-a-vorosiszap-tarozonal\/","title":{"rendered":"Vizsg\u00e1lj\u00e1k v\u00edzmin\u0151s\u00e9get az am\u00e1sf\u00fczit\u0151i Duna-szakaszon a v\u00f6r\u00f6siszap-t\u00e1roz\u00f3n\u00e1l"},"content":{"rendered":"<p><strong>Alm\u00e1sf\u00fczit\u0151 t\u00e9rs\u00e9g\u00e9ben, a lefedett v\u00f6r\u00f6siszap-t\u00e1roz\u00f3 alatti Duna-szakaszon a Kom\u00e1rom-Esztergom V\u00e1rmegyei Horg\u00e1szegyes\u00fcletek Sz\u00f6vets\u00e9ge, valamint t\u00f6bb \u00e1llampolg\u00e1ri bejelent\u00e9s alapj\u00e1n indult k\u00f6rnyezetv\u00e9delmi vizsg\u00e1lat a foly\u00f3 viz\u00e9ben elkevered\u0151, barn\u00e1s sz\u00edn\u0171 anyag miatt <\/strong><em>&#8211; k\u00f6z\u00f6lte a (KEMHESZ) eln\u00f6ke.<\/em><\/p>\n<p>Zoltai D\u00e1niel elmondta, az elm\u00falt hetekben t\u00f6bb horg\u00e1sz is f\u00e9nyk\u00e9peket \u00e9s vide\u00f3kat juttatott a KEMHESZ-nek, melyeken alacsony dunai v\u00edz\u00e1ll\u00e1s k\u00f6vetkezt\u00e9ben j\u00f3l l\u00e1that\u00f3, hogy a part ment\u00e9n t\u00f6bb helyen barn\u00e1s sz\u00edn\u0171, szokatlan szag\u00fa anyag t\u00f6rt fel \u00e9s elkeveredik a Duna viz\u00e9ben.<\/p>\n<p>A sz\u00f6vets\u00e9g hal\u0151ri szolg\u00e1lata ellen\u0151rizte az \u00e9rintett ter\u00fcletet, majd bejelent\u00e9st tett a v\u00edz\u00fcgyi \u00e9s k\u00f6rnyezetv\u00e9delmi hat\u00f3s\u00e1goknak, hogy a jelens\u00e9g eredete \u00e9s esetleges k\u00f6rnyezeti hat\u00e1sa egy\u00e9rtelm\u0171en tiszt\u00e1zhat\u00f3 legyen.<\/p>\n<p><img fetchpriority=\"high\" decoding=\"async\" class=\"alignnone size-full wp-image-82696\" src=\"https:\/\/dorogimedence.hu\/wp-content\/uploads\/2026\/08\/0811AlmasfuzitoFOTO1.jpg\" alt=\"\" width=\"1536\" height=\"1159\" srcset=\"https:\/\/dorogimedence.hu\/wp-content\/uploads\/2026\/08\/0811AlmasfuzitoFOTO1.jpg 1536w, https:\/\/dorogimedence.hu\/wp-content\/uploads\/2026\/08\/0811AlmasfuzitoFOTO1-600x453.jpg 600w, https:\/\/dorogimedence.hu\/wp-content\/uploads\/2026\/08\/0811AlmasfuzitoFOTO1-768x580.jpg 768w, https:\/\/dorogimedence.hu\/wp-content\/uploads\/2026\/08\/0811AlmasfuzitoFOTO1-150x113.jpg 150w, https:\/\/dorogimedence.hu\/wp-content\/uploads\/2026\/08\/0811AlmasfuzitoFOTO1-450x340.jpg 450w, https:\/\/dorogimedence.hu\/wp-content\/uploads\/2026\/08\/0811AlmasfuzitoFOTO1-1200x905.jpg 1200w\" sizes=\"(max-width: 1536px) 100vw, 1536px\" \/><\/p>\n<p>H\u00e9tf\u0151n megkezd\u0151d\u00f6tt a r\u00e9szletes mintav\u00e9tel \u00e9s laborat\u00f3riumi vizsg\u00e1lat, az \u00e9rintett helysz\u00ednen t\u00f6bb ponton k\u00f6zel 30 mint\u00e1t vettek, hogy min\u00e9l pontosabb k\u00e9pet kapjanak a v\u00edz \u00e9s a felt\u00f6r\u0151 anyag \u00f6sszet\u00e9tel\u00e9r\u0151l.<\/p>\n<p>A KEMHESZ inform\u00e1ci\u00f3i szerint a v\u00edz\u00fcgyi szakemberek 2012-ben is vizsg\u00e1lt\u00e1k a ter\u00fcletet. Mivel a t\u00e9rs\u00e9gben kor\u00e1bban mocsaras, l\u00e1pos ter\u00fclet volt, felmer\u00fclt a lehet\u0151s\u00e9ge, hogy az onnan sz\u00e1rmaz\u00f3, szerves anyagokban gazdag v\u00edz okozhatja a barn\u00e1s elsz\u00ednez\u0151d\u00e9st, ez azonban a vizsg\u00e1latok mostani lez\u00e1r\u00e1s\u00e1ig nem tekinthet\u0151 m\u00e9rvad\u00f3nak &#8211; hangs\u00falyozta a KEMHESZ eln\u00f6ke.<\/p>\n<p>Zoltai D\u00e1niel hozz\u00e1tette, hogy az \u00e9l\u0151 k\u00f6rnyezet meg\u00f3v\u00e1sa \u00e9s a k\u00f6rnyezetszennyez\u00e9s ter\u00fclet\u00e9n elengedhetetlen a z\u00e9r\u00f3 tolerancia. Fontos, hogy vizsg\u00e1lati eredm\u00e9nyekkel al\u00e1t\u00e1masztott v\u00e1laszt kapjak a jelens\u00e9g ok\u00e1ra, illetve a Duna \u00e9l\u0151vil\u00e1g\u00e1ra \u00e9s v\u00edzmin\u0151s\u00e9gre tett hat\u00e1s\u00e1ra. A ter\u00fcletet tov\u00e1bbra is figyelemmel k\u00eds\u00e9rik \u00e9s a vizsg\u00e1latok eredm\u00e9ny\u00e9r\u0151l t\u00e1j\u00e9koztatj\u00e1k a k\u00f6zv\u00e9lem\u00e9nyt.<\/p>\n<p>Kiemelte, hogy a hat\u00f3s\u00e1gok p\u00e9lda\u00e9rt\u00e9k\u0171 hozz\u00e1\u00e1ll\u00e1ssal \u00e9s rendk\u00edv\u00fcl gyorsan cselekedve ind\u00edtott\u00e1k a vizsg\u00e1latokat.<\/p>\n<p><em>K\u00e9p \u00e9s sz\u00f6veg: KEMHESZ<\/em><\/p>\n","protected":false},"excerpt":{"rendered":"<p>Alm\u00e1sf\u00fczit\u0151 t\u00e9rs\u00e9g\u00e9ben, a lefedett v\u00f6r\u00f6siszap-t\u00e1roz\u00f3 alatti Duna-szakaszon a Kom\u00e1rom-Esztergom V\u00e1rmegyei Horg\u00e1szegyes\u00fcletek Sz\u00f6vets\u00e9ge, valamint t\u00f6bb \u00e1llampolg\u00e1ri bejelent\u00e9s alapj\u00e1n indult k\u00f6rnyezetv\u00e9delmi vizsg\u00e1lat a foly\u00f3 viz\u00e9ben elkevered\u0151, barn\u00e1s sz\u00edn\u0171 anyag miatt &#8211; k\u00f6z\u00f6lte a (KEMHESZ) eln\u00f6ke. Zoltai D\u00e1niel elmondta, az elm\u00falt hetekben t\u00f6bb horg\u00e1sz is f\u00e9nyk\u00e9peket \u00e9s vide\u00f3kat juttatott a KEMHESZ-nek, melyeken alacsony dunai v\u00edz\u00e1ll\u00e1s k\u00f6vetkezt\u00e9ben j\u00f3l l\u00e1that\u00f3,<\/p>\n","protected":false},"author":1,"featured_media":82695,"comment_status":"closed","ping_status":"closed","sticky":false,"template":"","format":"standard","meta":{"ngg_post_thumbnail":0,"footnotes":""},"categories":[3],"tags":[2089,229,5624,9035],"class_list":["post-82694","post","type-post","status-publish","format-standard","has-post-thumbnail","category-hirek","tag-almasfuzito","tag-duna","tag-featured","tag-vorosiszap"],"yoast_head":"<!-- This site is optimized with the Yoast SEO plugin v28.3 - https:\/\/yoast.com\/product\/yoast-seo-wordpress\/ -->\n<title>Vizsg\u00e1lj\u00e1k v\u00edzmin\u0151s\u00e9get az am\u00e1sf\u00fczit\u0151i Duna-szakaszon a v\u00f6r\u00f6siszap-t\u00e1roz\u00f3n\u00e1l<\/title>\n<meta name=\"robots\" content=\"index, follow, max-snippet:-1, max-image-preview:large, max-video-preview:-1\" \/>\n<link rel=\"canonical\" href=\"https:\/\/dorogimedence.hu\/index.php\/2026\/08\/12\/vizsgaljak-vizminoseget-az-amasfuzitoi-duna-szakaszon-a-vorosiszap-tarozonal\/\" class=\"yoast-seo-meta-tag\" \/>\n<meta property=\"og:locale\" content=\"hu_HU\" class=\"yoast-seo-meta-tag\" \/>\n<meta property=\"og:type\" content=\"article\" class=\"yoast-seo-meta-tag\" \/>\n<meta property=\"og:title\" content=\"Vizsg\u00e1lj\u00e1k v\u00edzmin\u0151s\u00e9get az am\u00e1sf\u00fczit\u0151i Duna-szakaszon a v\u00f6r\u00f6siszap-t\u00e1roz\u00f3n\u00e1l\" class=\"yoast-seo-meta-tag\" \/>\n<meta property=\"og:description\" content=\"Alm\u00e1sf\u00fczit\u0151 t\u00e9rs\u00e9g\u00e9ben, a lefedett v\u00f6r\u00f6siszap-t\u00e1roz\u00f3 alatti Duna-szakaszon a Kom\u00e1rom-Esztergom V\u00e1rmegyei Horg\u00e1szegyes\u00fcletek Sz\u00f6vets\u00e9ge, valamint t\u00f6bb \u00e1llampolg\u00e1ri bejelent\u00e9s alapj\u00e1n indult k\u00f6rnyezetv\u00e9delmi vizsg\u00e1lat a foly\u00f3 viz\u00e9ben elkevered\u0151, barn\u00e1s sz\u00edn\u0171 anyag miatt &#8211; k\u00f6z\u00f6lte a (KEMHESZ) eln\u00f6ke. Zoltai D\u00e1niel elmondta, az elm\u00falt hetekben t\u00f6bb horg\u00e1sz is f\u00e9nyk\u00e9peket \u00e9s vide\u00f3kat juttatott a KEMHESZ-nek, melyeken alacsony dunai v\u00edz\u00e1ll\u00e1s k\u00f6vetkezt\u00e9ben j\u00f3l l\u00e1that\u00f3,\" class=\"yoast-seo-meta-tag\" \/>\n<meta property=\"og:url\" content=\"https:\/\/dorogimedence.hu\/index.php\/2026\/08\/12\/vizsgaljak-vizminoseget-az-amasfuzitoi-duna-szakaszon-a-vorosiszap-tarozonal\/\" class=\"yoast-seo-meta-tag\" \/>\n<meta property=\"og:site_name\" content=\"Dorogi-medence Region\u00e1lis H\u00edrport\u00e1l\" class=\"yoast-seo-meta-tag\" \/>\n<meta property=\"article:publisher\" content=\"https:\/\/www.facebook.com\/dorogimedence\/\" class=\"yoast-seo-meta-tag\" \/>\n<meta property=\"article:published_time\" content=\"2026-08-12T05:35:45+00:00\" class=\"yoast-seo-meta-tag\" \/>\n<meta property=\"article:modified_time\" content=\"2026-08-13T05:46:02+00:00\" class=\"yoast-seo-meta-tag\" \/>\n<meta property=\"og:image\" content=\"https:\/\/dorogimedence.hu\/wp-content\/uploads\/2026\/08\/0811AlmasfuzitoFOTO2.jpg\" class=\"yoast-seo-meta-tag\" \/>\n\t<meta property=\"og:image:width\" content=\"1536\" class=\"yoast-seo-meta-tag\" \/>\n\t<meta property=\"og:image:height\" content=\"1111\" class=\"yoast-seo-meta-tag\" \/>\n\t<meta property=\"og:image:type\" content=\"image\/jpeg\" class=\"yoast-seo-meta-tag\" \/>\n<meta name=\"author\" content=\"dorogimedence.hu\" class=\"yoast-seo-meta-tag\" \/>\n<meta name=\"twitter:card\" content=\"summary_large_image\" class=\"yoast-seo-meta-tag\" \/>\n<meta name=\"twitter:label1\" content=\"Szerz\u0151:\" class=\"yoast-seo-meta-tag\" \/>\n\t<meta name=\"twitter:data1\" content=\"dorogimedence.hu\" class=\"yoast-seo-meta-tag\" \/>\n\t<meta name=\"twitter:label2\" content=\"Becs\u00fclt olvas\u00e1si id\u0151\" class=\"yoast-seo-meta-tag\" \/>\n\t<meta name=\"twitter:data2\" content=\"2 perc\" class=\"yoast-seo-meta-tag\" \/>\n<script type=\"application\/ld+json\" class=\"yoast-schema-graph\">{\"@context\":\"https:\\\/\\\/schema.org\",\"@graph\":[{\"@type\":\"Article\",\"@id\":\"https:\\\/\\\/dorogimedence.hu\\\/index.php\\\/2026\\\/08\\\/12\\\/vizsgaljak-vizminoseget-az-amasfuzitoi-duna-szakaszon-a-vorosiszap-tarozonal\\\/#article\",\"isPartOf\":{\"@id\":\"https:\\\/\\\/dorogimedence.hu\\\/index.php\\\/2026\\\/08\\\/12\\\/vizsgaljak-vizminoseget-az-amasfuzitoi-duna-szakaszon-a-vorosiszap-tarozonal\\\/\"},\"author\":{\"name\":\"dorogimedence.hu\",\"@id\":\"https:\\\/\\\/dorogimedence.hu\\\/#\\\/schema\\\/person\\\/ce6091eeb7e95ecdc87890d6aa8e0fd4\"},\"headline\":\"Vizsg\u00e1lj\u00e1k v\u00edzmin\u0151s\u00e9get az am\u00e1sf\u00fczit\u0151i Duna-szakaszon a v\u00f6r\u00f6siszap-t\u00e1roz\u00f3n\u00e1l\",\"datePublished\":\"2026-08-12T05:35:45+00:00\",\"dateModified\":\"2026-08-13T05:46:02+00:00\",\"mainEntityOfPage\":{\"@id\":\"https:\\\/\\\/dorogimedence.hu\\\/index.php\\\/2026\\\/08\\\/12\\\/vizsgaljak-vizminoseget-az-amasfuzitoi-duna-szakaszon-a-vorosiszap-tarozonal\\\/\"},\"wordCount\":428,\"publisher\":{\"@id\":\"https:\\\/\\\/dorogimedence.hu\\\/#organization\"},\"image\":{\"@id\":\"https:\\\/\\\/dorogimedence.hu\\\/index.php\\\/2026\\\/08\\\/12\\\/vizsgaljak-vizminoseget-az-amasfuzitoi-duna-szakaszon-a-vorosiszap-tarozonal\\\/#primaryimage\"},\"thumbnailUrl\":\"https:\\\/\\\/dorogimedence.hu\\\/wp-content\\\/uploads\\\/2026\\\/08\\\/0811AlmasfuzitoFOTO2.jpg\",\"keywords\":[\"Alm\u00e1sf\u00fcz\u00edt\u0151\",\"Duna\",\"featured\",\"v\u00f6r\u00f6siszap\"],\"articleSection\":[\"H\u00edrek\"],\"inLanguage\":\"hu\"},{\"@type\":\"WebPage\",\"@id\":\"https:\\\/\\\/dorogimedence.hu\\\/index.php\\\/2026\\\/08\\\/12\\\/vizsgaljak-vizminoseget-az-amasfuzitoi-duna-szakaszon-a-vorosiszap-tarozonal\\\/\",\"url\":\"https:\\\/\\\/dorogimedence.hu\\\/index.php\\\/2026\\\/08\\\/12\\\/vizsgaljak-vizminoseget-az-amasfuzitoi-duna-szakaszon-a-vorosiszap-tarozonal\\\/\",\"name\":\"Vizsg\u00e1lj\u00e1k v\u00edzmin\u0151s\u00e9get az am\u00e1sf\u00fczit\u0151i Duna-szakaszon a v\u00f6r\u00f6siszap-t\u00e1roz\u00f3n\u00e1l\",\"isPartOf\":{\"@id\":\"https:\\\/\\\/dorogimedence.hu\\\/#website\"},\"primaryImageOfPage\":{\"@id\":\"https:\\\/\\\/dorogimedence.hu\\\/index.php\\\/2026\\\/08\\\/12\\\/vizsgaljak-vizminoseget-az-amasfuzitoi-duna-szakaszon-a-vorosiszap-tarozonal\\\/#primaryimage\"},\"image\":{\"@id\":\"https:\\\/\\\/dorogimedence.hu\\\/index.php\\\/2026\\\/08\\\/12\\\/vizsgaljak-vizminoseget-az-amasfuzitoi-duna-szakaszon-a-vorosiszap-tarozonal\\\/#primaryimage\"},\"thumbnailUrl\":\"https:\\\/\\\/dorogimedence.hu\\\/wp-content\\\/uploads\\\/2026\\\/08\\\/0811AlmasfuzitoFOTO2.jpg\",\"datePublished\":\"2026-08-12T05:35:45+00:00\",\"dateModified\":\"2026-08-13T05:46:02+00:00\",\"breadcrumb\":{\"@id\":\"https:\\\/\\\/dorogimedence.hu\\\/index.php\\\/2026\\\/08\\\/12\\\/vizsgaljak-vizminoseget-az-amasfuzitoi-duna-szakaszon-a-vorosiszap-tarozonal\\\/#breadcrumb\"},\"inLanguage\":\"hu\",\"potentialAction\":[{\"@type\":\"ReadAction\",\"target\":[\"https:\\\/\\\/dorogimedence.hu\\\/index.php\\\/2026\\\/08\\\/12\\\/vizsgaljak-vizminoseget-az-amasfuzitoi-duna-szakaszon-a-vorosiszap-tarozonal\\\/\"]}]},{\"@type\":\"ImageObject\",\"inLanguage\":\"hu\",\"@id\":\"https:\\\/\\\/dorogimedence.hu\\\/index.php\\\/2026\\\/08\\\/12\\\/vizsgaljak-vizminoseget-az-amasfuzitoi-duna-szakaszon-a-vorosiszap-tarozonal\\\/#primaryimage\",\"url\":\"https:\\\/\\\/dorogimedence.hu\\\/wp-content\\\/uploads\\\/2026\\\/08\\\/0811AlmasfuzitoFOTO2.jpg\",\"contentUrl\":\"https:\\\/\\\/dorogimedence.hu\\\/wp-content\\\/uploads\\\/2026\\\/08\\\/0811AlmasfuzitoFOTO2.jpg\",\"width\":1536,\"height\":1111},{\"@type\":\"BreadcrumbList\",\"@id\":\"https:\\\/\\\/dorogimedence.hu\\\/index.php\\\/2026\\\/08\\\/12\\\/vizsgaljak-vizminoseget-az-amasfuzitoi-duna-szakaszon-a-vorosiszap-tarozonal\\\/#breadcrumb\",\"itemListElement\":[{\"@type\":\"ListItem\",\"position\":1,\"name\":\"Kezd\u0151lap\",\"item\":\"https:\\\/\\\/dorogimedence.hu\\\/\"},{\"@type\":\"ListItem\",\"position\":2,\"name\":\"Vizsg\u00e1lj\u00e1k v\u00edzmin\u0151s\u00e9get az am\u00e1sf\u00fczit\u0151i Duna-szakaszon a v\u00f6r\u00f6siszap-t\u00e1roz\u00f3n\u00e1l\"}]},{\"@type\":\"WebSite\",\"@id\":\"https:\\\/\\\/dorogimedence.hu\\\/#website\",\"url\":\"https:\\\/\\\/dorogimedence.hu\\\/\",\"name\":\"Dorogi-medence Region\u00e1lis H\u00edrport\u00e1l\",\"description\":\"Dorog, Keszt\u00f6lc, Le\u00e1nyv\u00e1r, Piliscs\u00e9v, Tokod, Tokodalt\u00e1r\u00f3, Csolnok, Esztergom-kertv\u00e1ros: h\u00edrek, programok\",\"publisher\":{\"@id\":\"https:\\\/\\\/dorogimedence.hu\\\/#organization\"},\"potentialAction\":[{\"@type\":\"SearchAction\",\"target\":{\"@type\":\"EntryPoint\",\"urlTemplate\":\"https:\\\/\\\/dorogimedence.hu\\\/?s={search_term_string}\"},\"query-input\":{\"@type\":\"PropertyValueSpecification\",\"valueRequired\":true,\"valueName\":\"search_term_string\"}}],\"inLanguage\":\"hu\"},{\"@type\":\"Organization\",\"@id\":\"https:\\\/\\\/dorogimedence.hu\\\/#organization\",\"name\":\"Dorogi-medence Region\u00e1lis H\u00edrport\u00e1l\",\"url\":\"https:\\\/\\\/dorogimedence.hu\\\/\",\"logo\":{\"@type\":\"ImageObject\",\"inLanguage\":\"hu\",\"@id\":\"https:\\\/\\\/dorogimedence.hu\\\/#\\\/schema\\\/logo\\\/image\\\/\",\"url\":\"https:\\\/\\\/dorogimedence.hu\\\/wp-content\\\/uploads\\\/2021\\\/04\\\/logo-feher-600.png\",\"contentUrl\":\"https:\\\/\\\/dorogimedence.hu\\\/wp-content\\\/uploads\\\/2021\\\/04\\\/logo-feher-600.png\",\"width\":600,\"height\":100,\"caption\":\"Dorogi-medence Region\u00e1lis H\u00edrport\u00e1l\"},\"image\":{\"@id\":\"https:\\\/\\\/dorogimedence.hu\\\/#\\\/schema\\\/logo\\\/image\\\/\"},\"sameAs\":[\"https:\\\/\\\/www.facebook.com\\\/dorogimedence\\\/\"]},{\"@type\":\"Person\",\"@id\":\"https:\\\/\\\/dorogimedence.hu\\\/#\\\/schema\\\/person\\\/ce6091eeb7e95ecdc87890d6aa8e0fd4\",\"name\":\"dorogimedence.hu\",\"image\":{\"@type\":\"ImageObject\",\"inLanguage\":\"hu\",\"@id\":\"\\\/\\\/www.gravatar.com\\\/avatar\\\/d8d45f8901aadff40a4af72c0b826f1d?s=96&#038;r=g&#038;d=mm\",\"url\":\"\\\/\\\/www.gravatar.com\\\/avatar\\\/d8d45f8901aadff40a4af72c0b826f1d?s=96&#038;r=g&#038;d=mm\",\"contentUrl\":\"\\\/\\\/www.gravatar.com\\\/avatar\\\/d8d45f8901aadff40a4af72c0b826f1d?s=96&#038;r=g&#038;d=mm\",\"caption\":\"dorogimedence.hu\"}}]}<\/script>\n<!-- \/ Yoast SEO plugin. -->","yoast_head_json":{"title":"Vizsg\u00e1lj\u00e1k v\u00edzmin\u0151s\u00e9get az am\u00e1sf\u00fczit\u0151i Duna-szakaszon a v\u00f6r\u00f6siszap-t\u00e1roz\u00f3n\u00e1l","robots":{"index":"index","follow":"follow","max-snippet":"max-snippet:-1","max-image-preview":"max-image-preview:large","max-video-preview":"max-video-preview:-1"},"canonical":"https:\/\/dorogimedence.hu\/index.php\/2026\/08\/12\/vizsgaljak-vizminoseget-az-amasfuzitoi-duna-szakaszon-a-vorosiszap-tarozonal\/","og_locale":"hu_HU","og_type":"article","og_title":"Vizsg\u00e1lj\u00e1k v\u00edzmin\u0151s\u00e9get az am\u00e1sf\u00fczit\u0151i Duna-szakaszon a v\u00f6r\u00f6siszap-t\u00e1roz\u00f3n\u00e1l","og_description":"Alm\u00e1sf\u00fczit\u0151 t\u00e9rs\u00e9g\u00e9ben, a lefedett v\u00f6r\u00f6siszap-t\u00e1roz\u00f3 alatti Duna-szakaszon a Kom\u00e1rom-Esztergom V\u00e1rmegyei Horg\u00e1szegyes\u00fcletek Sz\u00f6vets\u00e9ge, valamint t\u00f6bb \u00e1llampolg\u00e1ri bejelent\u00e9s alapj\u00e1n indult k\u00f6rnyezetv\u00e9delmi vizsg\u00e1lat a foly\u00f3 viz\u00e9ben elkevered\u0151, barn\u00e1s sz\u00edn\u0171 anyag miatt &#8211; k\u00f6z\u00f6lte a (KEMHESZ) eln\u00f6ke. Zoltai D\u00e1niel elmondta, az elm\u00falt hetekben t\u00f6bb horg\u00e1sz is f\u00e9nyk\u00e9peket \u00e9s vide\u00f3kat juttatott a KEMHESZ-nek, melyeken alacsony dunai v\u00edz\u00e1ll\u00e1s k\u00f6vetkezt\u00e9ben j\u00f3l l\u00e1that\u00f3,","og_url":"https:\/\/dorogimedence.hu\/index.php\/2026\/08\/12\/vizsgaljak-vizminoseget-az-amasfuzitoi-duna-szakaszon-a-vorosiszap-tarozonal\/","og_site_name":"Dorogi-medence Region\u00e1lis H\u00edrport\u00e1l","article_publisher":"https:\/\/www.facebook.com\/dorogimedence\/","article_published_time":"2026-08-12T05:35:45+00:00","article_modified_time":"2026-08-13T05:46:02+00:00","og_image":[{"width":1536,"height":1111,"url":"https:\/\/dorogimedence.hu\/wp-content\/uploads\/2026\/08\/0811AlmasfuzitoFOTO2.jpg","type":"image\/jpeg"}],"author":"dorogimedence.hu","twitter_card":"summary_large_image","twitter_misc":{"Szerz\u0151:":"dorogimedence.hu","Becs\u00fclt olvas\u00e1si id\u0151":"2 perc"},"schema":{"@context":"https:\/\/schema.org","@graph":[{"@type":"Article","@id":"https:\/\/dorogimedence.hu\/index.php\/2026\/08\/12\/vizsgaljak-vizminoseget-az-amasfuzitoi-duna-szakaszon-a-vorosiszap-tarozonal\/#article","isPartOf":{"@id":"https:\/\/dorogimedence.hu\/index.php\/2026\/08\/12\/vizsgaljak-vizminoseget-az-amasfuzitoi-duna-szakaszon-a-vorosiszap-tarozonal\/"},"author":{"name":"dorogimedence.hu","@id":"https:\/\/dorogimedence.hu\/#\/schema\/person\/ce6091eeb7e95ecdc87890d6aa8e0fd4"},"headline":"Vizsg\u00e1lj\u00e1k v\u00edzmin\u0151s\u00e9get az am\u00e1sf\u00fczit\u0151i Duna-szakaszon a v\u00f6r\u00f6siszap-t\u00e1roz\u00f3n\u00e1l","datePublished":"2026-08-12T05:35:45+00:00","dateModified":"2026-08-13T05:46:02+00:00","mainEntityOfPage":{"@id":"https:\/\/dorogimedence.hu\/index.php\/2026\/08\/12\/vizsgaljak-vizminoseget-az-amasfuzitoi-duna-szakaszon-a-vorosiszap-tarozonal\/"},"wordCount":428,"publisher":{"@id":"https:\/\/dorogimedence.hu\/#organization"},"image":{"@id":"https:\/\/dorogimedence.hu\/index.php\/2026\/08\/12\/vizsgaljak-vizminoseget-az-amasfuzitoi-duna-szakaszon-a-vorosiszap-tarozonal\/#primaryimage"},"thumbnailUrl":"https:\/\/dorogimedence.hu\/wp-content\/uploads\/2026\/08\/0811AlmasfuzitoFOTO2.jpg","keywords":["Alm\u00e1sf\u00fcz\u00edt\u0151","Duna","featured","v\u00f6r\u00f6siszap"],"articleSection":["H\u00edrek"],"inLanguage":"hu"},{"@type":"WebPage","@id":"https:\/\/dorogimedence.hu\/index.php\/2026\/08\/12\/vizsgaljak-vizminoseget-az-amasfuzitoi-duna-szakaszon-a-vorosiszap-tarozonal\/","url":"https:\/\/dorogimedence.hu\/index.php\/2026\/08\/12\/vizsgaljak-vizminoseget-az-amasfuzitoi-duna-szakaszon-a-vorosiszap-tarozonal\/","name":"Vizsg\u00e1lj\u00e1k v\u00edzmin\u0151s\u00e9get az am\u00e1sf\u00fczit\u0151i Duna-szakaszon a v\u00f6r\u00f6siszap-t\u00e1roz\u00f3n\u00e1l","isPartOf":{"@id":"https:\/\/dorogimedence.hu\/#website"},"primaryImageOfPage":{"@id":"https:\/\/dorogimedence.hu\/index.php\/2026\/08\/12\/vizsgaljak-vizminoseget-az-amasfuzitoi-duna-szakaszon-a-vorosiszap-tarozonal\/#primaryimage"},"image":{"@id":"https:\/\/dorogimedence.hu\/index.php\/2026\/08\/12\/vizsgaljak-vizminoseget-az-amasfuzitoi-duna-szakaszon-a-vorosiszap-tarozonal\/#primaryimage"},"thumbnailUrl":"https:\/\/dorogimedence.hu\/wp-content\/uploads\/2026\/08\/0811AlmasfuzitoFOTO2.jpg","datePublished":"2026-08-12T05:35:45+00:00","dateModified":"2026-08-13T05:46:02+00:00","breadcrumb":{"@id":"https:\/\/dorogimedence.hu\/index.php\/2026\/08\/12\/vizsgaljak-vizminoseget-az-amasfuzitoi-duna-szakaszon-a-vorosiszap-tarozonal\/#breadcrumb"},"inLanguage":"hu","potentialAction":[{"@type":"ReadAction","target":["https:\/\/dorogimedence.hu\/index.php\/2026\/08\/12\/vizsgaljak-vizminoseget-az-amasfuzitoi-duna-szakaszon-a-vorosiszap-tarozonal\/"]}]},{"@type":"ImageObject","inLanguage":"hu","@id":"https:\/\/dorogimedence.hu\/index.php\/2026\/08\/12\/vizsgaljak-vizminoseget-az-amasfuzitoi-duna-szakaszon-a-vorosiszap-tarozonal\/#primaryimage","url":"https:\/\/dorogimedence.hu\/wp-content\/uploads\/2026\/08\/0811AlmasfuzitoFOTO2.jpg","contentUrl":"https:\/\/dorogimedence.hu\/wp-content\/uploads\/2026\/08\/0811AlmasfuzitoFOTO2.jpg","width":1536,"height":1111},{"@type":"BreadcrumbList","@id":"https:\/\/dorogimedence.hu\/index.php\/2026\/08\/12\/vizsgaljak-vizminoseget-az-amasfuzitoi-duna-szakaszon-a-vorosiszap-tarozonal\/#breadcrumb","itemListElement":[{"@type":"ListItem","position":1,"name":"Kezd\u0151lap","item":"https:\/\/dorogimedence.hu\/"},{"@type":"ListItem","position":2,"name":"Vizsg\u00e1lj\u00e1k v\u00edzmin\u0151s\u00e9get az am\u00e1sf\u00fczit\u0151i Duna-szakaszon a v\u00f6r\u00f6siszap-t\u00e1roz\u00f3n\u00e1l"}]},{"@type":"WebSite","@id":"https:\/\/dorogimedence.hu\/#website","url":"https:\/\/dorogimedence.hu\/","name":"Dorogi-medence Region\u00e1lis H\u00edrport\u00e1l","description":"Dorog, Keszt\u00f6lc, Le\u00e1nyv\u00e1r, Piliscs\u00e9v, Tokod, Tokodalt\u00e1r\u00f3, Csolnok, Esztergom-kertv\u00e1ros: h\u00edrek, programok","publisher":{"@id":"https:\/\/dorogimedence.hu\/#organization"},"potentialAction":[{"@type":"SearchAction","target":{"@type":"EntryPoint","urlTemplate":"https:\/\/dorogimedence.hu\/?s={search_term_string}"},"query-input":{"@type":"PropertyValueSpecification","valueRequired":true,"valueName":"search_term_string"}}],"inLanguage":"hu"},{"@type":"Organization","@id":"https:\/\/dorogimedence.hu\/#organization","name":"Dorogi-medence Region\u00e1lis H\u00edrport\u00e1l","url":"https:\/\/dorogimedence.hu\/","logo":{"@type":"ImageObject","inLanguage":"hu","@id":"https:\/\/dorogimedence.hu\/#\/schema\/logo\/image\/","url":"https:\/\/dorogimedence.hu\/wp-content\/uploads\/2021\/04\/logo-feher-600.png","contentUrl":"https:\/\/dorogimedence.hu\/wp-content\/uploads\/2021\/04\/logo-feher-600.png","width":600,"height":100,"caption":"Dorogi-medence Region\u00e1lis H\u00edrport\u00e1l"},"image":{"@id":"https:\/\/dorogimedence.hu\/#\/schema\/logo\/image\/"},"sameAs":["https:\/\/www.facebook.com\/dorogimedence\/"]},{"@type":"Person","@id":"https:\/\/dorogimedence.hu\/#\/schema\/person\/ce6091eeb7e95ecdc87890d6aa8e0fd4","name":"dorogimedence.hu","image":{"@type":"ImageObject","inLanguage":"hu","@id":"\/\/www.gravatar.com\/avatar\/d8d45f8901aadff40a4af72c0b826f1d?s=96&#038;r=g&#038;d=mm","url":"\/\/www.gravatar.com\/avatar\/d8d45f8901aadff40a4af72c0b826f1d?s=96&#038;r=g&#038;d=mm","contentUrl":"\/\/www.gravatar.com\/avatar\/d8d45f8901aadff40a4af72c0b826f1d?s=96&#038;r=g&#038;d=mm","caption":"dorogimedence.hu"}}]}},"_links":{"self":[{"href":"https:\/\/dorogimedence.hu\/index.php\/wp-json\/wp\/v2\/posts\/82694","targetHints":{"allow":["GET"]}}],"collection":[{"href":"https:\/\/dorogimedence.hu\/index.php\/wp-json\/wp\/v2\/posts"}],"about":[{"href":"https:\/\/dorogimedence.hu\/index.php\/wp-json\/wp\/v2\/types\/post"}],"author":[{"embeddable":true,"href":"https:\/\/dorogimedence.hu\/index.php\/wp-json\/wp\/v2\/users\/1"}],"replies":[{"embeddable":true,"href":"https:\/\/dorogimedence.hu\/index.php\/wp-json\/wp\/v2\/comments?post=82694"}],"version-history":[{"count":1,"href":"https:\/\/dorogimedence.hu\/index.php\/wp-json\/wp\/v2\/posts\/82694\/revisions"}],"predecessor-version":[{"id":82697,"href":"https:\/\/dorogimedence.hu\/index.php\/wp-json\/wp\/v2\/posts\/82694\/revisions\/82697"}],"wp:featuredmedia":[{"embeddable":true,"href":"https:\/\/dorogimedence.hu\/index.php\/wp-json\/wp\/v2\/media\/82695"}],"wp:attachment":[{"href":"https:\/\/dorogimedence.hu\/index.php\/wp-json\/wp\/v2\/media?parent=82694"}],"wp:term":[{"taxonomy":"category","embeddable":true,"href":"https:\/\/dorogimedence.hu\/index.php\/wp-json\/wp\/v2\/categories?post=82694"},{"taxonomy":"post_tag","embeddable":true,"href":"https:\/\/dorogimedence.hu\/index.php\/wp-json\/wp\/v2\/tags?post=82694"}],"curies":[{"name":"wp","href":"https:\/\/api.w.org\/{rel}","templated":true}]}}