{"id":82676,"date":"2026-08-11T11:18:11","date_gmt":"2026-08-11T09:18:11","guid":{"rendered":"https:\/\/dorogimedence.hu\/?p=82676"},"modified":"2026-08-11T11:18:11","modified_gmt":"2026-08-11T09:18:11","slug":"11-eves-piliscsevi-ijasz-lett-orszagos-bajnok-gyulan","status":"publish","type":"post","link":"https:\/\/dorogimedence.hu\/index.php\/2026\/08\/11\/11-eves-piliscsevi-ijasz-lett-orszagos-bajnok-gyulan\/","title":{"rendered":"11 \u00e9ves piliscs\u00e9vi \u00edj\u00e1sz lett orsz\u00e1gos bajnok Gyul\u00e1n"},"content":{"rendered":"<p><strong>\u00dajabb kiemelked\u0151 eredm\u00e9nyt \u00e9rt el a mind\u00f6ssze 11 \u00e9ves piliscs\u00e9vi Rozbora G\u00e1bor K\u00e1roly. Augusztus 7. \u00e9s 9. k\u00f6z\u00f6tt a Gyul\u00e1n megrendezett 3D Orsz\u00e1gos Bajnoks\u00e1gon szerzett orsz\u00e1gos bajnoki c\u00edmet. A fiatal \u00edj\u00e1sz sz\u00e1m\u00e1ra az idei \u00e9v m\u00e1r eddig is sz\u00e1mos sikert hozott, t\u00f6bbek k\u00f6z\u00f6tt Eur\u00f3pa-bajnoki c\u00edmet is szerzett.<\/strong><\/p>\n<p>G\u00e1bor m\u00e1sodik \u00e9ve \u00edj\u00e1szkodik versenyszer\u0171en, els\u0151sorban Barebow kateg\u00f3ri\u00e1ban. Fiatal kora ellen\u00e9re 2026-ban m\u00e1r t\u00f6bb rangos hazai \u00e9s nemzetk\u00f6zi versenyen is dobog\u00f3ra \u00e1llhatott.<\/p>\n<p>Az \u00e9v els\u0151 jelent\u0151s siker\u00e9t febru\u00e1rban \u00e9rte el, amikor az IFAA Orsz\u00e1gos Bajnoks\u00e1gon Barebow kateg\u00f3ri\u00e1ban orsz\u00e1gos bajnoki c\u00edmet szerzett. M\u00e1rcius 14-\u00e9n a WA Terem\u00edj\u00e1sz Orsz\u00e1gos Bajnoks\u00e1gon Barebow\/U13 kateg\u00f3ri\u00e1ban a m\u00e1sodik helyen v\u00e9gzett.<\/p>\n<p>M\u00e1jus 3-\u00e1n a Di\u00e1kolimpi\u00e1n szint\u00e9n ez\u00fcst\u00e9rmet szerzett. Ugyancsak m\u00e1jusban a Suli \u00cdj\u00e1sz Bajnoks\u00e1g selejtez\u0151j\u00e9t megnyerte, majd az orsz\u00e1gos d\u00f6nt\u0151ben a dobog\u00f3 harmadik fok\u00e1ra \u00e1llhatott.<\/p>\n<p>M\u00e1jus 30\u201331-\u00e9n Debrecenben egy IFAA min\u0151s\u00edt\u0151 versenyen vett r\u00e9szt, ahol siker\u00fclt megszereznie az Eur\u00f3pa-bajnoki indul\u00e1shoz sz\u00fcks\u00e9ges utols\u00f3 min\u0151s\u00edt\u00e9st.<\/p>\n<p><img fetchpriority=\"high\" decoding=\"async\" class=\"alignnone size-full wp-image-82679\" src=\"https:\/\/dorogimedence.hu\/wp-content\/uploads\/2026\/08\/ijasz-02.jpg\" alt=\"\" width=\"1920\" height=\"1268\" srcset=\"https:\/\/dorogimedence.hu\/wp-content\/uploads\/2026\/08\/ijasz-02.jpg 1920w, https:\/\/dorogimedence.hu\/wp-content\/uploads\/2026\/08\/ijasz-02-600x396.jpg 600w, https:\/\/dorogimedence.hu\/wp-content\/uploads\/2026\/08\/ijasz-02-768x507.jpg 768w, https:\/\/dorogimedence.hu\/wp-content\/uploads\/2026\/08\/ijasz-02-1536x1014.jpg 1536w, https:\/\/dorogimedence.hu\/wp-content\/uploads\/2026\/08\/ijasz-02-150x99.jpg 150w, https:\/\/dorogimedence.hu\/wp-content\/uploads\/2026\/08\/ijasz-02-450x297.jpg 450w, https:\/\/dorogimedence.hu\/wp-content\/uploads\/2026\/08\/ijasz-02-1200x793.jpg 1200w\" sizes=\"(max-width: 1920px) 100vw, 1920px\" \/><\/p>\n<h3>Eur\u00f3pa-bajnok lett Szilv\u00e1sv\u00e1radon<\/h3>\n<p>Az \u00e9v egyik legnagyobb siker\u00e9t a j\u00fanius 27. \u00e9s j\u00falius 5. k\u00f6z\u00f6tt Szilv\u00e1sv\u00e1radon megrendezett IFAA Eur\u00f3pa-bajnoks\u00e1g hozta. A kilencnapos kontinensviadalon 23 orsz\u00e1g mintegy 1400 versenyz\u0151je vett r\u00e9szt. G\u00e1bor Barebow kateg\u00f3ri\u00e1ban bizonyult a legjobbnak, ezzel Eur\u00f3pa-bajnoki c\u00edmet szerzett.<\/p>\n<p>A versenyszezon j\u00falius 25\u201326-\u00e1n B\u00fckk\u00f6sd\u00f6n, a 2026-os 3D GP-sorozat m\u00e1sodik fordul\u00f3j\u00e1val folytat\u00f3dott, amelyen szint\u00e9n r\u00e9szt vett.<\/p>\n<p><img decoding=\"async\" class=\"alignnone size-full wp-image-82678\" src=\"https:\/\/dorogimedence.hu\/wp-content\/uploads\/2026\/08\/ijasz-03.jpg\" alt=\"\" width=\"1920\" height=\"1440\" srcset=\"https:\/\/dorogimedence.hu\/wp-content\/uploads\/2026\/08\/ijasz-03.jpg 1920w, https:\/\/dorogimedence.hu\/wp-content\/uploads\/2026\/08\/ijasz-03-600x450.jpg 600w, https:\/\/dorogimedence.hu\/wp-content\/uploads\/2026\/08\/ijasz-03-768x576.jpg 768w, https:\/\/dorogimedence.hu\/wp-content\/uploads\/2026\/08\/ijasz-03-1536x1152.jpg 1536w, https:\/\/dorogimedence.hu\/wp-content\/uploads\/2026\/08\/ijasz-03-150x113.jpg 150w, https:\/\/dorogimedence.hu\/wp-content\/uploads\/2026\/08\/ijasz-03-450x338.jpg 450w, https:\/\/dorogimedence.hu\/wp-content\/uploads\/2026\/08\/ijasz-03-1200x900.jpg 1200w\" sizes=\"(max-width: 1920px) 100vw, 1920px\" \/><\/p>\n<h3>Gyul\u00e1n \u00fajabb orsz\u00e1gos bajnoki c\u00edmet szerzett<\/h3>\n<p>Augusztus 7. \u00e9s 9. k\u00f6z\u00f6tt Gyul\u00e1n rendezt\u00e9k meg a 3D Orsz\u00e1gos Bajnoks\u00e1got, ahol a 11 \u00e9ves piliscs\u00e9vi \u00edj\u00e1sz ism\u00e9t remek\u00fcl teljes\u00edtett: orsz\u00e1gos bajnok lett.<\/p>\n<p>A legfrissebb siker az\u00e9rt is k\u00fcl\u00f6n\u00f6sen \u00e9rt\u00e9kes, mert a 3D orsz\u00e1gos bajnoki c\u00edm megszerz\u00e9s\u00e9hez a megfelel\u0151 helyez\u00e9s mellett az el\u0151\u00edrt min\u0151s\u00edt\u00e9si szintet is teljes\u00edteni kellett.<\/p>\n<p>G\u00e1bor az \u00e9v sor\u00e1n t\u00f6bb kisebb versenyen is indult, amelyeken ugyancsak dobog\u00f3s helyez\u00e9seket \u00e9rt el. A fiatal piliscs\u00e9vi \u00edj\u00e1sz 2026-os m\u00e9rlege eddig t\u00f6bbek k\u00f6z\u00f6tt k\u00e9t orsz\u00e1gos bajnoki c\u00edmet, egy Eur\u00f3pa-bajnoki c\u00edmet, valamint tov\u00e1bbi orsz\u00e1gos dobog\u00f3s helyez\u00e9seket tartalmaz.<\/p>\n","protected":false},"excerpt":{"rendered":"<p>\u00dajabb kiemelked\u0151 eredm\u00e9nyt \u00e9rt el a mind\u00f6ssze 11 \u00e9ves piliscs\u00e9vi Rozbora G\u00e1bor K\u00e1roly. Augusztus 7. \u00e9s 9. k\u00f6z\u00f6tt a Gyul\u00e1n megrendezett 3D Orsz\u00e1gos Bajnoks\u00e1gon szerzett orsz\u00e1gos bajnoki c\u00edmet. A fiatal \u00edj\u00e1sz sz\u00e1m\u00e1ra az idei \u00e9v m\u00e1r eddig is sz\u00e1mos sikert hozott, t\u00f6bbek k\u00f6z\u00f6tt Eur\u00f3pa-bajnoki c\u00edmet is szerzett. G\u00e1bor m\u00e1sodik \u00e9ve \u00edj\u00e1szkodik versenyszer\u0171en, els\u0151sorban Barebow kateg\u00f3ri\u00e1ban.<\/p>\n","protected":false},"author":1,"featured_media":82677,"comment_status":"closed","ping_status":"closed","sticky":false,"template":"","format":"standard","meta":{"ngg_post_thumbnail":0,"footnotes":""},"categories":[3,11,5],"tags":[233,91,16],"class_list":["post-82676","post","type-post","status-publish","format-standard","has-post-thumbnail","category-hirek","category-piliscsev","category-sport","tag-ijaszat","tag-piliscsev","tag-sport"],"yoast_head":"<!-- This site is optimized with the Yoast SEO plugin v28.3 - https:\/\/yoast.com\/product\/yoast-seo-wordpress\/ -->\n<title>11 \u00e9ves piliscs\u00e9vi \u00edj\u00e1sz lett orsz\u00e1gos bajnok Gyul\u00e1n<\/title>\n<meta name=\"robots\" content=\"index, follow, max-snippet:-1, max-image-preview:large, max-video-preview:-1\" \/>\n<link rel=\"canonical\" href=\"https:\/\/dorogimedence.hu\/index.php\/2026\/08\/11\/11-eves-piliscsevi-ijasz-lett-orszagos-bajnok-gyulan\/\" class=\"yoast-seo-meta-tag\" \/>\n<meta property=\"og:locale\" content=\"hu_HU\" class=\"yoast-seo-meta-tag\" \/>\n<meta property=\"og:type\" content=\"article\" class=\"yoast-seo-meta-tag\" \/>\n<meta property=\"og:title\" content=\"11 \u00e9ves piliscs\u00e9vi \u00edj\u00e1sz lett orsz\u00e1gos bajnok Gyul\u00e1n\" class=\"yoast-seo-meta-tag\" \/>\n<meta property=\"og:description\" content=\"\u00dajabb kiemelked\u0151 eredm\u00e9nyt \u00e9rt el a mind\u00f6ssze 11 \u00e9ves piliscs\u00e9vi Rozbora G\u00e1bor K\u00e1roly. Augusztus 7. \u00e9s 9. k\u00f6z\u00f6tt a Gyul\u00e1n megrendezett 3D Orsz\u00e1gos Bajnoks\u00e1gon szerzett orsz\u00e1gos bajnoki c\u00edmet. A fiatal \u00edj\u00e1sz sz\u00e1m\u00e1ra az idei \u00e9v m\u00e1r eddig is sz\u00e1mos sikert hozott, t\u00f6bbek k\u00f6z\u00f6tt Eur\u00f3pa-bajnoki c\u00edmet is szerzett. G\u00e1bor m\u00e1sodik \u00e9ve \u00edj\u00e1szkodik versenyszer\u0171en, els\u0151sorban Barebow kateg\u00f3ri\u00e1ban.\" class=\"yoast-seo-meta-tag\" \/>\n<meta property=\"og:url\" content=\"https:\/\/dorogimedence.hu\/index.php\/2026\/08\/11\/11-eves-piliscsevi-ijasz-lett-orszagos-bajnok-gyulan\/\" class=\"yoast-seo-meta-tag\" \/>\n<meta property=\"og:site_name\" content=\"Dorogi-medence Region\u00e1lis H\u00edrport\u00e1l\" class=\"yoast-seo-meta-tag\" \/>\n<meta property=\"article:publisher\" content=\"https:\/\/www.facebook.com\/dorogimedence\/\" class=\"yoast-seo-meta-tag\" \/>\n<meta property=\"article:published_time\" content=\"2026-08-11T09:18:11+00:00\" class=\"yoast-seo-meta-tag\" \/>\n<meta property=\"og:image\" content=\"https:\/\/dorogimedence.hu\/wp-content\/uploads\/2026\/08\/ijasz-01.jpg\" class=\"yoast-seo-meta-tag\" \/>\n\t<meta property=\"og:image:width\" content=\"1920\" class=\"yoast-seo-meta-tag\" \/>\n\t<meta property=\"og:image:height\" content=\"1440\" class=\"yoast-seo-meta-tag\" \/>\n\t<meta property=\"og:image:type\" content=\"image\/jpeg\" class=\"yoast-seo-meta-tag\" \/>\n<meta name=\"author\" content=\"dorogimedence.hu\" class=\"yoast-seo-meta-tag\" \/>\n<meta name=\"twitter:card\" content=\"summary_large_image\" class=\"yoast-seo-meta-tag\" \/>\n<meta name=\"twitter:label1\" content=\"Szerz\u0151:\" class=\"yoast-seo-meta-tag\" \/>\n\t<meta name=\"twitter:data1\" content=\"dorogimedence.hu\" class=\"yoast-seo-meta-tag\" \/>\n\t<meta name=\"twitter:label2\" content=\"Becs\u00fclt olvas\u00e1si id\u0151\" class=\"yoast-seo-meta-tag\" \/>\n\t<meta name=\"twitter:data2\" content=\"2 perc\" class=\"yoast-seo-meta-tag\" \/>\n<script type=\"application\/ld+json\" class=\"yoast-schema-graph\">{\"@context\":\"https:\\\/\\\/schema.org\",\"@graph\":[{\"@type\":\"Article\",\"@id\":\"https:\\\/\\\/dorogimedence.hu\\\/index.php\\\/2026\\\/08\\\/11\\\/11-eves-piliscsevi-ijasz-lett-orszagos-bajnok-gyulan\\\/#article\",\"isPartOf\":{\"@id\":\"https:\\\/\\\/dorogimedence.hu\\\/index.php\\\/2026\\\/08\\\/11\\\/11-eves-piliscsevi-ijasz-lett-orszagos-bajnok-gyulan\\\/\"},\"author\":{\"name\":\"dorogimedence.hu\",\"@id\":\"https:\\\/\\\/dorogimedence.hu\\\/#\\\/schema\\\/person\\\/ce6091eeb7e95ecdc87890d6aa8e0fd4\"},\"headline\":\"11 \u00e9ves piliscs\u00e9vi \u00edj\u00e1sz lett orsz\u00e1gos bajnok Gyul\u00e1n\",\"datePublished\":\"2026-08-11T09:18:11+00:00\",\"mainEntityOfPage\":{\"@id\":\"https:\\\/\\\/dorogimedence.hu\\\/index.php\\\/2026\\\/08\\\/11\\\/11-eves-piliscsevi-ijasz-lett-orszagos-bajnok-gyulan\\\/\"},\"wordCount\":456,\"publisher\":{\"@id\":\"https:\\\/\\\/dorogimedence.hu\\\/#organization\"},\"image\":{\"@id\":\"https:\\\/\\\/dorogimedence.hu\\\/index.php\\\/2026\\\/08\\\/11\\\/11-eves-piliscsevi-ijasz-lett-orszagos-bajnok-gyulan\\\/#primaryimage\"},\"thumbnailUrl\":\"https:\\\/\\\/dorogimedence.hu\\\/wp-content\\\/uploads\\\/2026\\\/08\\\/ijasz-01.jpg\",\"keywords\":[\"\u00edj\u00e1szat\",\"Piliscs\u00e9v\",\"sport\"],\"articleSection\":[\"H\u00edrek\",\"Piliscs\u00e9v\",\"Sport\"],\"inLanguage\":\"hu\"},{\"@type\":\"WebPage\",\"@id\":\"https:\\\/\\\/dorogimedence.hu\\\/index.php\\\/2026\\\/08\\\/11\\\/11-eves-piliscsevi-ijasz-lett-orszagos-bajnok-gyulan\\\/\",\"url\":\"https:\\\/\\\/dorogimedence.hu\\\/index.php\\\/2026\\\/08\\\/11\\\/11-eves-piliscsevi-ijasz-lett-orszagos-bajnok-gyulan\\\/\",\"name\":\"11 \u00e9ves piliscs\u00e9vi \u00edj\u00e1sz lett orsz\u00e1gos bajnok Gyul\u00e1n\",\"isPartOf\":{\"@id\":\"https:\\\/\\\/dorogimedence.hu\\\/#website\"},\"primaryImageOfPage\":{\"@id\":\"https:\\\/\\\/dorogimedence.hu\\\/index.php\\\/2026\\\/08\\\/11\\\/11-eves-piliscsevi-ijasz-lett-orszagos-bajnok-gyulan\\\/#primaryimage\"},\"image\":{\"@id\":\"https:\\\/\\\/dorogimedence.hu\\\/index.php\\\/2026\\\/08\\\/11\\\/11-eves-piliscsevi-ijasz-lett-orszagos-bajnok-gyulan\\\/#primaryimage\"},\"thumbnailUrl\":\"https:\\\/\\\/dorogimedence.hu\\\/wp-content\\\/uploads\\\/2026\\\/08\\\/ijasz-01.jpg\",\"datePublished\":\"2026-08-11T09:18:11+00:00\",\"breadcrumb\":{\"@id\":\"https:\\\/\\\/dorogimedence.hu\\\/index.php\\\/2026\\\/08\\\/11\\\/11-eves-piliscsevi-ijasz-lett-orszagos-bajnok-gyulan\\\/#breadcrumb\"},\"inLanguage\":\"hu\",\"potentialAction\":[{\"@type\":\"ReadAction\",\"target\":[\"https:\\\/\\\/dorogimedence.hu\\\/index.php\\\/2026\\\/08\\\/11\\\/11-eves-piliscsevi-ijasz-lett-orszagos-bajnok-gyulan\\\/\"]}]},{\"@type\":\"ImageObject\",\"inLanguage\":\"hu\",\"@id\":\"https:\\\/\\\/dorogimedence.hu\\\/index.php\\\/2026\\\/08\\\/11\\\/11-eves-piliscsevi-ijasz-lett-orszagos-bajnok-gyulan\\\/#primaryimage\",\"url\":\"https:\\\/\\\/dorogimedence.hu\\\/wp-content\\\/uploads\\\/2026\\\/08\\\/ijasz-01.jpg\",\"contentUrl\":\"https:\\\/\\\/dorogimedence.hu\\\/wp-content\\\/uploads\\\/2026\\\/08\\\/ijasz-01.jpg\",\"width\":1920,\"height\":1440},{\"@type\":\"BreadcrumbList\",\"@id\":\"https:\\\/\\\/dorogimedence.hu\\\/index.php\\\/2026\\\/08\\\/11\\\/11-eves-piliscsevi-ijasz-lett-orszagos-bajnok-gyulan\\\/#breadcrumb\",\"itemListElement\":[{\"@type\":\"ListItem\",\"position\":1,\"name\":\"Kezd\u0151lap\",\"item\":\"https:\\\/\\\/dorogimedence.hu\\\/\"},{\"@type\":\"ListItem\",\"position\":2,\"name\":\"11 \u00e9ves piliscs\u00e9vi \u00edj\u00e1sz lett orsz\u00e1gos bajnok Gyul\u00e1n\"}]},{\"@type\":\"WebSite\",\"@id\":\"https:\\\/\\\/dorogimedence.hu\\\/#website\",\"url\":\"https:\\\/\\\/dorogimedence.hu\\\/\",\"name\":\"Dorogi-medence Region\u00e1lis H\u00edrport\u00e1l\",\"description\":\"Dorog, Keszt\u00f6lc, Le\u00e1nyv\u00e1r, Piliscs\u00e9v, Tokod, Tokodalt\u00e1r\u00f3, Csolnok, Esztergom-kertv\u00e1ros: h\u00edrek, programok\",\"publisher\":{\"@id\":\"https:\\\/\\\/dorogimedence.hu\\\/#organization\"},\"potentialAction\":[{\"@type\":\"SearchAction\",\"target\":{\"@type\":\"EntryPoint\",\"urlTemplate\":\"https:\\\/\\\/dorogimedence.hu\\\/?s={search_term_string}\"},\"query-input\":{\"@type\":\"PropertyValueSpecification\",\"valueRequired\":true,\"valueName\":\"search_term_string\"}}],\"inLanguage\":\"hu\"},{\"@type\":\"Organization\",\"@id\":\"https:\\\/\\\/dorogimedence.hu\\\/#organization\",\"name\":\"Dorogi-medence Region\u00e1lis H\u00edrport\u00e1l\",\"url\":\"https:\\\/\\\/dorogimedence.hu\\\/\",\"logo\":{\"@type\":\"ImageObject\",\"inLanguage\":\"hu\",\"@id\":\"https:\\\/\\\/dorogimedence.hu\\\/#\\\/schema\\\/logo\\\/image\\\/\",\"url\":\"https:\\\/\\\/dorogimedence.hu\\\/wp-content\\\/uploads\\\/2021\\\/04\\\/logo-feher-600.png\",\"contentUrl\":\"https:\\\/\\\/dorogimedence.hu\\\/wp-content\\\/uploads\\\/2021\\\/04\\\/logo-feher-600.png\",\"width\":600,\"height\":100,\"caption\":\"Dorogi-medence Region\u00e1lis H\u00edrport\u00e1l\"},\"image\":{\"@id\":\"https:\\\/\\\/dorogimedence.hu\\\/#\\\/schema\\\/logo\\\/image\\\/\"},\"sameAs\":[\"https:\\\/\\\/www.facebook.com\\\/dorogimedence\\\/\"]},{\"@type\":\"Person\",\"@id\":\"https:\\\/\\\/dorogimedence.hu\\\/#\\\/schema\\\/person\\\/ce6091eeb7e95ecdc87890d6aa8e0fd4\",\"name\":\"dorogimedence.hu\",\"image\":{\"@type\":\"ImageObject\",\"inLanguage\":\"hu\",\"@id\":\"\\\/\\\/www.gravatar.com\\\/avatar\\\/d8d45f8901aadff40a4af72c0b826f1d?s=96&#038;r=g&#038;d=mm\",\"url\":\"\\\/\\\/www.gravatar.com\\\/avatar\\\/d8d45f8901aadff40a4af72c0b826f1d?s=96&#038;r=g&#038;d=mm\",\"contentUrl\":\"\\\/\\\/www.gravatar.com\\\/avatar\\\/d8d45f8901aadff40a4af72c0b826f1d?s=96&#038;r=g&#038;d=mm\",\"caption\":\"dorogimedence.hu\"}}]}<\/script>\n<!-- \/ Yoast SEO plugin. -->","yoast_head_json":{"title":"11 \u00e9ves piliscs\u00e9vi \u00edj\u00e1sz lett orsz\u00e1gos bajnok Gyul\u00e1n","robots":{"index":"index","follow":"follow","max-snippet":"max-snippet:-1","max-image-preview":"max-image-preview:large","max-video-preview":"max-video-preview:-1"},"canonical":"https:\/\/dorogimedence.hu\/index.php\/2026\/08\/11\/11-eves-piliscsevi-ijasz-lett-orszagos-bajnok-gyulan\/","og_locale":"hu_HU","og_type":"article","og_title":"11 \u00e9ves piliscs\u00e9vi \u00edj\u00e1sz lett orsz\u00e1gos bajnok Gyul\u00e1n","og_description":"\u00dajabb kiemelked\u0151 eredm\u00e9nyt \u00e9rt el a mind\u00f6ssze 11 \u00e9ves piliscs\u00e9vi Rozbora G\u00e1bor K\u00e1roly. Augusztus 7. \u00e9s 9. k\u00f6z\u00f6tt a Gyul\u00e1n megrendezett 3D Orsz\u00e1gos Bajnoks\u00e1gon szerzett orsz\u00e1gos bajnoki c\u00edmet. A fiatal \u00edj\u00e1sz sz\u00e1m\u00e1ra az idei \u00e9v m\u00e1r eddig is sz\u00e1mos sikert hozott, t\u00f6bbek k\u00f6z\u00f6tt Eur\u00f3pa-bajnoki c\u00edmet is szerzett. G\u00e1bor m\u00e1sodik \u00e9ve \u00edj\u00e1szkodik versenyszer\u0171en, els\u0151sorban Barebow kateg\u00f3ri\u00e1ban.","og_url":"https:\/\/dorogimedence.hu\/index.php\/2026\/08\/11\/11-eves-piliscsevi-ijasz-lett-orszagos-bajnok-gyulan\/","og_site_name":"Dorogi-medence Region\u00e1lis H\u00edrport\u00e1l","article_publisher":"https:\/\/www.facebook.com\/dorogimedence\/","article_published_time":"2026-08-11T09:18:11+00:00","og_image":[{"width":1920,"height":1440,"url":"https:\/\/dorogimedence.hu\/wp-content\/uploads\/2026\/08\/ijasz-01.jpg","type":"image\/jpeg"}],"author":"dorogimedence.hu","twitter_card":"summary_large_image","twitter_misc":{"Szerz\u0151:":"dorogimedence.hu","Becs\u00fclt olvas\u00e1si id\u0151":"2 perc"},"schema":{"@context":"https:\/\/schema.org","@graph":[{"@type":"Article","@id":"https:\/\/dorogimedence.hu\/index.php\/2026\/08\/11\/11-eves-piliscsevi-ijasz-lett-orszagos-bajnok-gyulan\/#article","isPartOf":{"@id":"https:\/\/dorogimedence.hu\/index.php\/2026\/08\/11\/11-eves-piliscsevi-ijasz-lett-orszagos-bajnok-gyulan\/"},"author":{"name":"dorogimedence.hu","@id":"https:\/\/dorogimedence.hu\/#\/schema\/person\/ce6091eeb7e95ecdc87890d6aa8e0fd4"},"headline":"11 \u00e9ves piliscs\u00e9vi \u00edj\u00e1sz lett orsz\u00e1gos bajnok Gyul\u00e1n","datePublished":"2026-08-11T09:18:11+00:00","mainEntityOfPage":{"@id":"https:\/\/dorogimedence.hu\/index.php\/2026\/08\/11\/11-eves-piliscsevi-ijasz-lett-orszagos-bajnok-gyulan\/"},"wordCount":456,"publisher":{"@id":"https:\/\/dorogimedence.hu\/#organization"},"image":{"@id":"https:\/\/dorogimedence.hu\/index.php\/2026\/08\/11\/11-eves-piliscsevi-ijasz-lett-orszagos-bajnok-gyulan\/#primaryimage"},"thumbnailUrl":"https:\/\/dorogimedence.hu\/wp-content\/uploads\/2026\/08\/ijasz-01.jpg","keywords":["\u00edj\u00e1szat","Piliscs\u00e9v","sport"],"articleSection":["H\u00edrek","Piliscs\u00e9v","Sport"],"inLanguage":"hu"},{"@type":"WebPage","@id":"https:\/\/dorogimedence.hu\/index.php\/2026\/08\/11\/11-eves-piliscsevi-ijasz-lett-orszagos-bajnok-gyulan\/","url":"https:\/\/dorogimedence.hu\/index.php\/2026\/08\/11\/11-eves-piliscsevi-ijasz-lett-orszagos-bajnok-gyulan\/","name":"11 \u00e9ves piliscs\u00e9vi \u00edj\u00e1sz lett orsz\u00e1gos bajnok Gyul\u00e1n","isPartOf":{"@id":"https:\/\/dorogimedence.hu\/#website"},"primaryImageOfPage":{"@id":"https:\/\/dorogimedence.hu\/index.php\/2026\/08\/11\/11-eves-piliscsevi-ijasz-lett-orszagos-bajnok-gyulan\/#primaryimage"},"image":{"@id":"https:\/\/dorogimedence.hu\/index.php\/2026\/08\/11\/11-eves-piliscsevi-ijasz-lett-orszagos-bajnok-gyulan\/#primaryimage"},"thumbnailUrl":"https:\/\/dorogimedence.hu\/wp-content\/uploads\/2026\/08\/ijasz-01.jpg","datePublished":"2026-08-11T09:18:11+00:00","breadcrumb":{"@id":"https:\/\/dorogimedence.hu\/index.php\/2026\/08\/11\/11-eves-piliscsevi-ijasz-lett-orszagos-bajnok-gyulan\/#breadcrumb"},"inLanguage":"hu","potentialAction":[{"@type":"ReadAction","target":["https:\/\/dorogimedence.hu\/index.php\/2026\/08\/11\/11-eves-piliscsevi-ijasz-lett-orszagos-bajnok-gyulan\/"]}]},{"@type":"ImageObject","inLanguage":"hu","@id":"https:\/\/dorogimedence.hu\/index.php\/2026\/08\/11\/11-eves-piliscsevi-ijasz-lett-orszagos-bajnok-gyulan\/#primaryimage","url":"https:\/\/dorogimedence.hu\/wp-content\/uploads\/2026\/08\/ijasz-01.jpg","contentUrl":"https:\/\/dorogimedence.hu\/wp-content\/uploads\/2026\/08\/ijasz-01.jpg","width":1920,"height":1440},{"@type":"BreadcrumbList","@id":"https:\/\/dorogimedence.hu\/index.php\/2026\/08\/11\/11-eves-piliscsevi-ijasz-lett-orszagos-bajnok-gyulan\/#breadcrumb","itemListElement":[{"@type":"ListItem","position":1,"name":"Kezd\u0151lap","item":"https:\/\/dorogimedence.hu\/"},{"@type":"ListItem","position":2,"name":"11 \u00e9ves piliscs\u00e9vi \u00edj\u00e1sz lett orsz\u00e1gos bajnok Gyul\u00e1n"}]},{"@type":"WebSite","@id":"https:\/\/dorogimedence.hu\/#website","url":"https:\/\/dorogimedence.hu\/","name":"Dorogi-medence Region\u00e1lis H\u00edrport\u00e1l","description":"Dorog, Keszt\u00f6lc, Le\u00e1nyv\u00e1r, Piliscs\u00e9v, Tokod, Tokodalt\u00e1r\u00f3, Csolnok, Esztergom-kertv\u00e1ros: h\u00edrek, programok","publisher":{"@id":"https:\/\/dorogimedence.hu\/#organization"},"potentialAction":[{"@type":"SearchAction","target":{"@type":"EntryPoint","urlTemplate":"https:\/\/dorogimedence.hu\/?s={search_term_string}"},"query-input":{"@type":"PropertyValueSpecification","valueRequired":true,"valueName":"search_term_string"}}],"inLanguage":"hu"},{"@type":"Organization","@id":"https:\/\/dorogimedence.hu\/#organization","name":"Dorogi-medence Region\u00e1lis H\u00edrport\u00e1l","url":"https:\/\/dorogimedence.hu\/","logo":{"@type":"ImageObject","inLanguage":"hu","@id":"https:\/\/dorogimedence.hu\/#\/schema\/logo\/image\/","url":"https:\/\/dorogimedence.hu\/wp-content\/uploads\/2021\/04\/logo-feher-600.png","contentUrl":"https:\/\/dorogimedence.hu\/wp-content\/uploads\/2021\/04\/logo-feher-600.png","width":600,"height":100,"caption":"Dorogi-medence Region\u00e1lis H\u00edrport\u00e1l"},"image":{"@id":"https:\/\/dorogimedence.hu\/#\/schema\/logo\/image\/"},"sameAs":["https:\/\/www.facebook.com\/dorogimedence\/"]},{"@type":"Person","@id":"https:\/\/dorogimedence.hu\/#\/schema\/person\/ce6091eeb7e95ecdc87890d6aa8e0fd4","name":"dorogimedence.hu","image":{"@type":"ImageObject","inLanguage":"hu","@id":"\/\/www.gravatar.com\/avatar\/d8d45f8901aadff40a4af72c0b826f1d?s=96&#038;r=g&#038;d=mm","url":"\/\/www.gravatar.com\/avatar\/d8d45f8901aadff40a4af72c0b826f1d?s=96&#038;r=g&#038;d=mm","contentUrl":"\/\/www.gravatar.com\/avatar\/d8d45f8901aadff40a4af72c0b826f1d?s=96&#038;r=g&#038;d=mm","caption":"dorogimedence.hu"}}]}},"_links":{"self":[{"href":"https:\/\/dorogimedence.hu\/index.php\/wp-json\/wp\/v2\/posts\/82676","targetHints":{"allow":["GET"]}}],"collection":[{"href":"https:\/\/dorogimedence.hu\/index.php\/wp-json\/wp\/v2\/posts"}],"about":[{"href":"https:\/\/dorogimedence.hu\/index.php\/wp-json\/wp\/v2\/types\/post"}],"author":[{"embeddable":true,"href":"https:\/\/dorogimedence.hu\/index.php\/wp-json\/wp\/v2\/users\/1"}],"replies":[{"embeddable":true,"href":"https:\/\/dorogimedence.hu\/index.php\/wp-json\/wp\/v2\/comments?post=82676"}],"version-history":[{"count":1,"href":"https:\/\/dorogimedence.hu\/index.php\/wp-json\/wp\/v2\/posts\/82676\/revisions"}],"predecessor-version":[{"id":82680,"href":"https:\/\/dorogimedence.hu\/index.php\/wp-json\/wp\/v2\/posts\/82676\/revisions\/82680"}],"wp:featuredmedia":[{"embeddable":true,"href":"https:\/\/dorogimedence.hu\/index.php\/wp-json\/wp\/v2\/media\/82677"}],"wp:attachment":[{"href":"https:\/\/dorogimedence.hu\/index.php\/wp-json\/wp\/v2\/media?parent=82676"}],"wp:term":[{"taxonomy":"category","embeddable":true,"href":"https:\/\/dorogimedence.hu\/index.php\/wp-json\/wp\/v2\/categories?post=82676"},{"taxonomy":"post_tag","embeddable":true,"href":"https:\/\/dorogimedence.hu\/index.php\/wp-json\/wp\/v2\/tags?post=82676"}],"curies":[{"name":"wp","href":"https:\/\/api.w.org\/{rel}","templated":true}]}}