{"id":82664,"date":"2026-08-11T10:21:14","date_gmt":"2026-08-11T08:21:14","guid":{"rendered":"https:\/\/dorogimedence.hu\/?p=82664"},"modified":"2026-08-11T10:21:47","modified_gmt":"2026-08-11T08:21:47","slug":"dorogi-tancos-sikerek-a-summer-dance-fesztivalon","status":"publish","type":"post","link":"https:\/\/dorogimedence.hu\/index.php\/2026\/08\/11\/dorogi-tancos-sikerek-a-summer-dance-fesztivalon\/","title":{"rendered":"Dorogi t\u00e1ncos sikerek a Summer Dance Fesztiv\u00e1lon"},"content":{"rendered":"<p><strong>T\u00f6bb dobog\u00f3s helyez\u00e9ssel \u00e9s k\u00e9t olaszorsz\u00e1gi kvalifik\u00e1ci\u00f3val z\u00e1rta a Summer Dance Fesztiv\u00e1lt a dorogi Crazy Dance T\u00e1nc Sportegyes\u00fclet. A t\u00e1ncosok augusztus 9-\u00e9n, a si\u00f3foki Pl\u00e1zson megrendezett versenyen l\u00e9ptek sz\u00ednpadra.<\/strong><\/p>\n<p>Az egy\u00e9ni versenysz\u00e1mokban M\u00e9sz\u00e1ros Annabella \u00e9s Volf Anik\u00f3 egyar\u00e1nt els\u0151 helyez\u00e9st \u00e9rt el. Sl\u00e1jer Dorina \u00e9s Szab\u00f3-Kov\u00e1cs Zo\u00e9 m\u00e1sodik, Kov\u00e1cs D\u00f3ra \u00e9s Szab\u00f3 Veronika harmadik lett. Kov\u00e1cs Norina a negyedik, Kap\u00e1s Csenge az \u00f6t\u00f6dik, Polczer Amira pedig a hatodik helyen v\u00e9gzett. M\u00e9sz\u00e1ros Annabella emellett kateg\u00f3ri\u00e1j\u00e1ban a legt\u00f6bb pontsz\u00e1mot el\u00e9r\u0151 versenyz\u0151 lett, valamint egy harmadik helyez\u00e9st is szerzett.<\/p>\n<p>A csapatok k\u00f6z\u00f6tt is t\u00f6bb sz\u00e9p eredm\u00e9ny sz\u00fcletett. A Crazy Minis els\u0151 helyez\u00e9st \u00e9s k\u00fcl\u00f6nd\u00edjat szerzett, valamint a fesztiv\u00e1lgy\u0151ztesek k\u00f6z\u00f6tt a harmadik helyen v\u00e9gzett. A csapat tagjai Erdei-Nagy Noel, Simon Lotti, \u00c1brah\u00e1m Natasa, Jancsovics Mira, Papp Zs\u00f3fia, Danyi Dorina \u00e9s Koml\u00f3si Lilla.<\/p>\n<p>A Crazy Mini Crew m\u00e1sodik helyez\u00e9st \u00e9rt el Putnoki Hanna, Sl\u00e1jer Dorina, Kov\u00e1cs D\u00f3ra \u00e9s M\u00e9sz\u00e1ros Annabella r\u00e9szv\u00e9tel\u00e9vel.<\/p>\n<p>A Pink Girls Team az els\u0151 helyen v\u00e9gzett, eredm\u00e9ny\u00e9vel pedig kvalifik\u00e1lta mag\u00e1t R\u00f3m\u00e1ba. A csapat tagjai Debreceni Vivien, T\u00f3v\u00e1ri Bernadett, Szab\u00f3 Veronika, Kov\u00e1cs Norina \u00e9s K\u00e1lm\u00e1n S\u00e1ra.<\/p>\n<p>Szint\u00e9n els\u0151 helyez\u00e9st szerzett a Crazy Girls Team. A csapatban Debreceni Vivien, Szab\u00f3 Veronika, Szab\u00f3-Kov\u00e1cs Zo\u00e9, Polczer Amira, Volf Anik\u00f3, Sl\u00e1jer Dorina, Tesl\u00e9r Fruzsina, M\u00e9sz\u00e1ros Annabella \u00e9s Bal\u00e1zs Anna versenyzett.<\/p>\n<p>A Summer Dance Fesztiv\u00e1l eredm\u00e9nyei egy \u00fajabb nemzetk\u00f6zi lehet\u0151s\u00e9get is hoztak a dorogi egyes\u00fclet sz\u00e1m\u00e1ra: a Crazy Dance TSE kvalifik\u00e1lta mag\u00e1t az olaszorsz\u00e1gi Bergam\u00f3ba, ahol 2026. okt\u00f3ber 22. \u00e9s 26. k\u00f6z\u00f6tt bizony\u00edthatnak majd a t\u00e1ncosok.<\/p>\n","protected":false},"excerpt":{"rendered":"<p>T\u00f6bb dobog\u00f3s helyez\u00e9ssel \u00e9s k\u00e9t olaszorsz\u00e1gi kvalifik\u00e1ci\u00f3val z\u00e1rta a Summer Dance Fesztiv\u00e1lt a dorogi Crazy Dance T\u00e1nc Sportegyes\u00fclet. A t\u00e1ncosok augusztus 9-\u00e9n, a si\u00f3foki Pl\u00e1zson megrendezett versenyen l\u00e9ptek sz\u00ednpadra. Az egy\u00e9ni versenysz\u00e1mokban M\u00e9sz\u00e1ros Annabella \u00e9s Volf Anik\u00f3 egyar\u00e1nt els\u0151 helyez\u00e9st \u00e9rt el. Sl\u00e1jer Dorina \u00e9s Szab\u00f3-Kov\u00e1cs Zo\u00e9 m\u00e1sodik, Kov\u00e1cs D\u00f3ra \u00e9s Szab\u00f3 Veronika harmadik lett.<\/p>\n","protected":false},"author":1,"featured_media":82667,"comment_status":"closed","ping_status":"closed","sticky":false,"template":"","format":"standard","meta":{"ngg_post_thumbnail":0,"footnotes":""},"categories":[2,3,5],"tags":[7815,15,5624,16,1267],"class_list":["post-82664","post","type-post","status-publish","format-standard","has-post-thumbnail","category-dorog","category-hirek","category-sport","tag-crazy-dance-tse","tag-dorog","tag-featured","tag-sport","tag-tanc"],"yoast_head":"<!-- This site is optimized with the Yoast SEO plugin v28.3 - https:\/\/yoast.com\/product\/yoast-seo-wordpress\/ -->\n<title>Dorogi t\u00e1ncos sikerek a Summer Dance Fesztiv\u00e1lon<\/title>\n<meta name=\"robots\" content=\"index, follow, max-snippet:-1, max-image-preview:large, max-video-preview:-1\" \/>\n<link rel=\"canonical\" href=\"https:\/\/dorogimedence.hu\/index.php\/2026\/08\/11\/dorogi-tancos-sikerek-a-summer-dance-fesztivalon\/\" class=\"yoast-seo-meta-tag\" \/>\n<meta property=\"og:locale\" content=\"hu_HU\" class=\"yoast-seo-meta-tag\" \/>\n<meta property=\"og:type\" content=\"article\" class=\"yoast-seo-meta-tag\" \/>\n<meta property=\"og:title\" content=\"Dorogi t\u00e1ncos sikerek a Summer Dance Fesztiv\u00e1lon\" class=\"yoast-seo-meta-tag\" \/>\n<meta property=\"og:description\" content=\"T\u00f6bb dobog\u00f3s helyez\u00e9ssel \u00e9s k\u00e9t olaszorsz\u00e1gi kvalifik\u00e1ci\u00f3val z\u00e1rta a Summer Dance Fesztiv\u00e1lt a dorogi Crazy Dance T\u00e1nc Sportegyes\u00fclet. A t\u00e1ncosok augusztus 9-\u00e9n, a si\u00f3foki Pl\u00e1zson megrendezett versenyen l\u00e9ptek sz\u00ednpadra. Az egy\u00e9ni versenysz\u00e1mokban M\u00e9sz\u00e1ros Annabella \u00e9s Volf Anik\u00f3 egyar\u00e1nt els\u0151 helyez\u00e9st \u00e9rt el. Sl\u00e1jer Dorina \u00e9s Szab\u00f3-Kov\u00e1cs Zo\u00e9 m\u00e1sodik, Kov\u00e1cs D\u00f3ra \u00e9s Szab\u00f3 Veronika harmadik lett.\" class=\"yoast-seo-meta-tag\" \/>\n<meta property=\"og:url\" content=\"https:\/\/dorogimedence.hu\/index.php\/2026\/08\/11\/dorogi-tancos-sikerek-a-summer-dance-fesztivalon\/\" class=\"yoast-seo-meta-tag\" \/>\n<meta property=\"og:site_name\" content=\"Dorogi-medence Region\u00e1lis H\u00edrport\u00e1l\" class=\"yoast-seo-meta-tag\" \/>\n<meta property=\"article:publisher\" content=\"https:\/\/www.facebook.com\/dorogimedence\/\" class=\"yoast-seo-meta-tag\" \/>\n<meta property=\"article:published_time\" content=\"2026-08-11T08:21:14+00:00\" class=\"yoast-seo-meta-tag\" \/>\n<meta property=\"article:modified_time\" content=\"2026-08-11T08:21:47+00:00\" class=\"yoast-seo-meta-tag\" \/>\n<meta property=\"og:image\" content=\"https:\/\/dorogimedence.hu\/wp-content\/uploads\/2026\/08\/dorog-tanc.jpg\" class=\"yoast-seo-meta-tag\" \/>\n\t<meta property=\"og:image:width\" content=\"1920\" class=\"yoast-seo-meta-tag\" \/>\n\t<meta property=\"og:image:height\" content=\"970\" class=\"yoast-seo-meta-tag\" \/>\n\t<meta property=\"og:image:type\" content=\"image\/jpeg\" class=\"yoast-seo-meta-tag\" \/>\n<meta name=\"author\" content=\"dorogimedence.hu\" class=\"yoast-seo-meta-tag\" \/>\n<meta name=\"twitter:card\" content=\"summary_large_image\" class=\"yoast-seo-meta-tag\" \/>\n<meta name=\"twitter:label1\" content=\"Szerz\u0151:\" class=\"yoast-seo-meta-tag\" \/>\n\t<meta name=\"twitter:data1\" content=\"dorogimedence.hu\" class=\"yoast-seo-meta-tag\" \/>\n\t<meta name=\"twitter:label2\" content=\"Becs\u00fclt olvas\u00e1si id\u0151\" class=\"yoast-seo-meta-tag\" \/>\n\t<meta name=\"twitter:data2\" content=\"2 perc\" class=\"yoast-seo-meta-tag\" \/>\n<script type=\"application\/ld+json\" class=\"yoast-schema-graph\">{\"@context\":\"https:\\\/\\\/schema.org\",\"@graph\":[{\"@type\":\"Article\",\"@id\":\"https:\\\/\\\/dorogimedence.hu\\\/index.php\\\/2026\\\/08\\\/11\\\/dorogi-tancos-sikerek-a-summer-dance-fesztivalon\\\/#article\",\"isPartOf\":{\"@id\":\"https:\\\/\\\/dorogimedence.hu\\\/index.php\\\/2026\\\/08\\\/11\\\/dorogi-tancos-sikerek-a-summer-dance-fesztivalon\\\/\"},\"author\":{\"name\":\"dorogimedence.hu\",\"@id\":\"https:\\\/\\\/dorogimedence.hu\\\/#\\\/schema\\\/person\\\/ce6091eeb7e95ecdc87890d6aa8e0fd4\"},\"headline\":\"Dorogi t\u00e1ncos sikerek a Summer Dance Fesztiv\u00e1lon\",\"datePublished\":\"2026-08-11T08:21:14+00:00\",\"dateModified\":\"2026-08-11T08:21:47+00:00\",\"mainEntityOfPage\":{\"@id\":\"https:\\\/\\\/dorogimedence.hu\\\/index.php\\\/2026\\\/08\\\/11\\\/dorogi-tancos-sikerek-a-summer-dance-fesztivalon\\\/\"},\"wordCount\":353,\"publisher\":{\"@id\":\"https:\\\/\\\/dorogimedence.hu\\\/#organization\"},\"image\":{\"@id\":\"https:\\\/\\\/dorogimedence.hu\\\/index.php\\\/2026\\\/08\\\/11\\\/dorogi-tancos-sikerek-a-summer-dance-fesztivalon\\\/#primaryimage\"},\"thumbnailUrl\":\"https:\\\/\\\/dorogimedence.hu\\\/wp-content\\\/uploads\\\/2026\\\/08\\\/dorog-tanc.jpg\",\"keywords\":[\"Crazy Dance TSE\",\"Dorog\",\"featured\",\"sport\",\"t\u00e1nc\"],\"articleSection\":[\"Dorog\",\"H\u00edrek\",\"Sport\"],\"inLanguage\":\"hu\"},{\"@type\":\"WebPage\",\"@id\":\"https:\\\/\\\/dorogimedence.hu\\\/index.php\\\/2026\\\/08\\\/11\\\/dorogi-tancos-sikerek-a-summer-dance-fesztivalon\\\/\",\"url\":\"https:\\\/\\\/dorogimedence.hu\\\/index.php\\\/2026\\\/08\\\/11\\\/dorogi-tancos-sikerek-a-summer-dance-fesztivalon\\\/\",\"name\":\"Dorogi t\u00e1ncos sikerek a Summer Dance Fesztiv\u00e1lon\",\"isPartOf\":{\"@id\":\"https:\\\/\\\/dorogimedence.hu\\\/#website\"},\"primaryImageOfPage\":{\"@id\":\"https:\\\/\\\/dorogimedence.hu\\\/index.php\\\/2026\\\/08\\\/11\\\/dorogi-tancos-sikerek-a-summer-dance-fesztivalon\\\/#primaryimage\"},\"image\":{\"@id\":\"https:\\\/\\\/dorogimedence.hu\\\/index.php\\\/2026\\\/08\\\/11\\\/dorogi-tancos-sikerek-a-summer-dance-fesztivalon\\\/#primaryimage\"},\"thumbnailUrl\":\"https:\\\/\\\/dorogimedence.hu\\\/wp-content\\\/uploads\\\/2026\\\/08\\\/dorog-tanc.jpg\",\"datePublished\":\"2026-08-11T08:21:14+00:00\",\"dateModified\":\"2026-08-11T08:21:47+00:00\",\"breadcrumb\":{\"@id\":\"https:\\\/\\\/dorogimedence.hu\\\/index.php\\\/2026\\\/08\\\/11\\\/dorogi-tancos-sikerek-a-summer-dance-fesztivalon\\\/#breadcrumb\"},\"inLanguage\":\"hu\",\"potentialAction\":[{\"@type\":\"ReadAction\",\"target\":[\"https:\\\/\\\/dorogimedence.hu\\\/index.php\\\/2026\\\/08\\\/11\\\/dorogi-tancos-sikerek-a-summer-dance-fesztivalon\\\/\"]}]},{\"@type\":\"ImageObject\",\"inLanguage\":\"hu\",\"@id\":\"https:\\\/\\\/dorogimedence.hu\\\/index.php\\\/2026\\\/08\\\/11\\\/dorogi-tancos-sikerek-a-summer-dance-fesztivalon\\\/#primaryimage\",\"url\":\"https:\\\/\\\/dorogimedence.hu\\\/wp-content\\\/uploads\\\/2026\\\/08\\\/dorog-tanc.jpg\",\"contentUrl\":\"https:\\\/\\\/dorogimedence.hu\\\/wp-content\\\/uploads\\\/2026\\\/08\\\/dorog-tanc.jpg\",\"width\":1920,\"height\":970},{\"@type\":\"BreadcrumbList\",\"@id\":\"https:\\\/\\\/dorogimedence.hu\\\/index.php\\\/2026\\\/08\\\/11\\\/dorogi-tancos-sikerek-a-summer-dance-fesztivalon\\\/#breadcrumb\",\"itemListElement\":[{\"@type\":\"ListItem\",\"position\":1,\"name\":\"Kezd\u0151lap\",\"item\":\"https:\\\/\\\/dorogimedence.hu\\\/\"},{\"@type\":\"ListItem\",\"position\":2,\"name\":\"Dorogi t\u00e1ncos sikerek a Summer Dance Fesztiv\u00e1lon\"}]},{\"@type\":\"WebSite\",\"@id\":\"https:\\\/\\\/dorogimedence.hu\\\/#website\",\"url\":\"https:\\\/\\\/dorogimedence.hu\\\/\",\"name\":\"Dorogi-medence Region\u00e1lis H\u00edrport\u00e1l\",\"description\":\"Dorog, Keszt\u00f6lc, Le\u00e1nyv\u00e1r, Piliscs\u00e9v, Tokod, Tokodalt\u00e1r\u00f3, Csolnok, Esztergom-kertv\u00e1ros: h\u00edrek, programok\",\"publisher\":{\"@id\":\"https:\\\/\\\/dorogimedence.hu\\\/#organization\"},\"potentialAction\":[{\"@type\":\"SearchAction\",\"target\":{\"@type\":\"EntryPoint\",\"urlTemplate\":\"https:\\\/\\\/dorogimedence.hu\\\/?s={search_term_string}\"},\"query-input\":{\"@type\":\"PropertyValueSpecification\",\"valueRequired\":true,\"valueName\":\"search_term_string\"}}],\"inLanguage\":\"hu\"},{\"@type\":\"Organization\",\"@id\":\"https:\\\/\\\/dorogimedence.hu\\\/#organization\",\"name\":\"Dorogi-medence Region\u00e1lis H\u00edrport\u00e1l\",\"url\":\"https:\\\/\\\/dorogimedence.hu\\\/\",\"logo\":{\"@type\":\"ImageObject\",\"inLanguage\":\"hu\",\"@id\":\"https:\\\/\\\/dorogimedence.hu\\\/#\\\/schema\\\/logo\\\/image\\\/\",\"url\":\"https:\\\/\\\/dorogimedence.hu\\\/wp-content\\\/uploads\\\/2021\\\/04\\\/logo-feher-600.png\",\"contentUrl\":\"https:\\\/\\\/dorogimedence.hu\\\/wp-content\\\/uploads\\\/2021\\\/04\\\/logo-feher-600.png\",\"width\":600,\"height\":100,\"caption\":\"Dorogi-medence Region\u00e1lis H\u00edrport\u00e1l\"},\"image\":{\"@id\":\"https:\\\/\\\/dorogimedence.hu\\\/#\\\/schema\\\/logo\\\/image\\\/\"},\"sameAs\":[\"https:\\\/\\\/www.facebook.com\\\/dorogimedence\\\/\"]},{\"@type\":\"Person\",\"@id\":\"https:\\\/\\\/dorogimedence.hu\\\/#\\\/schema\\\/person\\\/ce6091eeb7e95ecdc87890d6aa8e0fd4\",\"name\":\"dorogimedence.hu\",\"image\":{\"@type\":\"ImageObject\",\"inLanguage\":\"hu\",\"@id\":\"\\\/\\\/www.gravatar.com\\\/avatar\\\/d8d45f8901aadff40a4af72c0b826f1d?s=96&#038;r=g&#038;d=mm\",\"url\":\"\\\/\\\/www.gravatar.com\\\/avatar\\\/d8d45f8901aadff40a4af72c0b826f1d?s=96&#038;r=g&#038;d=mm\",\"contentUrl\":\"\\\/\\\/www.gravatar.com\\\/avatar\\\/d8d45f8901aadff40a4af72c0b826f1d?s=96&#038;r=g&#038;d=mm\",\"caption\":\"dorogimedence.hu\"}}]}<\/script>\n<!-- \/ Yoast SEO plugin. -->","yoast_head_json":{"title":"Dorogi t\u00e1ncos sikerek a Summer Dance Fesztiv\u00e1lon","robots":{"index":"index","follow":"follow","max-snippet":"max-snippet:-1","max-image-preview":"max-image-preview:large","max-video-preview":"max-video-preview:-1"},"canonical":"https:\/\/dorogimedence.hu\/index.php\/2026\/08\/11\/dorogi-tancos-sikerek-a-summer-dance-fesztivalon\/","og_locale":"hu_HU","og_type":"article","og_title":"Dorogi t\u00e1ncos sikerek a Summer Dance Fesztiv\u00e1lon","og_description":"T\u00f6bb dobog\u00f3s helyez\u00e9ssel \u00e9s k\u00e9t olaszorsz\u00e1gi kvalifik\u00e1ci\u00f3val z\u00e1rta a Summer Dance Fesztiv\u00e1lt a dorogi Crazy Dance T\u00e1nc Sportegyes\u00fclet. A t\u00e1ncosok augusztus 9-\u00e9n, a si\u00f3foki Pl\u00e1zson megrendezett versenyen l\u00e9ptek sz\u00ednpadra. Az egy\u00e9ni versenysz\u00e1mokban M\u00e9sz\u00e1ros Annabella \u00e9s Volf Anik\u00f3 egyar\u00e1nt els\u0151 helyez\u00e9st \u00e9rt el. Sl\u00e1jer Dorina \u00e9s Szab\u00f3-Kov\u00e1cs Zo\u00e9 m\u00e1sodik, Kov\u00e1cs D\u00f3ra \u00e9s Szab\u00f3 Veronika harmadik lett.","og_url":"https:\/\/dorogimedence.hu\/index.php\/2026\/08\/11\/dorogi-tancos-sikerek-a-summer-dance-fesztivalon\/","og_site_name":"Dorogi-medence Region\u00e1lis H\u00edrport\u00e1l","article_publisher":"https:\/\/www.facebook.com\/dorogimedence\/","article_published_time":"2026-08-11T08:21:14+00:00","article_modified_time":"2026-08-11T08:21:47+00:00","og_image":[{"width":1920,"height":970,"url":"https:\/\/dorogimedence.hu\/wp-content\/uploads\/2026\/08\/dorog-tanc.jpg","type":"image\/jpeg"}],"author":"dorogimedence.hu","twitter_card":"summary_large_image","twitter_misc":{"Szerz\u0151:":"dorogimedence.hu","Becs\u00fclt olvas\u00e1si id\u0151":"2 perc"},"schema":{"@context":"https:\/\/schema.org","@graph":[{"@type":"Article","@id":"https:\/\/dorogimedence.hu\/index.php\/2026\/08\/11\/dorogi-tancos-sikerek-a-summer-dance-fesztivalon\/#article","isPartOf":{"@id":"https:\/\/dorogimedence.hu\/index.php\/2026\/08\/11\/dorogi-tancos-sikerek-a-summer-dance-fesztivalon\/"},"author":{"name":"dorogimedence.hu","@id":"https:\/\/dorogimedence.hu\/#\/schema\/person\/ce6091eeb7e95ecdc87890d6aa8e0fd4"},"headline":"Dorogi t\u00e1ncos sikerek a Summer Dance Fesztiv\u00e1lon","datePublished":"2026-08-11T08:21:14+00:00","dateModified":"2026-08-11T08:21:47+00:00","mainEntityOfPage":{"@id":"https:\/\/dorogimedence.hu\/index.php\/2026\/08\/11\/dorogi-tancos-sikerek-a-summer-dance-fesztivalon\/"},"wordCount":353,"publisher":{"@id":"https:\/\/dorogimedence.hu\/#organization"},"image":{"@id":"https:\/\/dorogimedence.hu\/index.php\/2026\/08\/11\/dorogi-tancos-sikerek-a-summer-dance-fesztivalon\/#primaryimage"},"thumbnailUrl":"https:\/\/dorogimedence.hu\/wp-content\/uploads\/2026\/08\/dorog-tanc.jpg","keywords":["Crazy Dance TSE","Dorog","featured","sport","t\u00e1nc"],"articleSection":["Dorog","H\u00edrek","Sport"],"inLanguage":"hu"},{"@type":"WebPage","@id":"https:\/\/dorogimedence.hu\/index.php\/2026\/08\/11\/dorogi-tancos-sikerek-a-summer-dance-fesztivalon\/","url":"https:\/\/dorogimedence.hu\/index.php\/2026\/08\/11\/dorogi-tancos-sikerek-a-summer-dance-fesztivalon\/","name":"Dorogi t\u00e1ncos sikerek a Summer Dance Fesztiv\u00e1lon","isPartOf":{"@id":"https:\/\/dorogimedence.hu\/#website"},"primaryImageOfPage":{"@id":"https:\/\/dorogimedence.hu\/index.php\/2026\/08\/11\/dorogi-tancos-sikerek-a-summer-dance-fesztivalon\/#primaryimage"},"image":{"@id":"https:\/\/dorogimedence.hu\/index.php\/2026\/08\/11\/dorogi-tancos-sikerek-a-summer-dance-fesztivalon\/#primaryimage"},"thumbnailUrl":"https:\/\/dorogimedence.hu\/wp-content\/uploads\/2026\/08\/dorog-tanc.jpg","datePublished":"2026-08-11T08:21:14+00:00","dateModified":"2026-08-11T08:21:47+00:00","breadcrumb":{"@id":"https:\/\/dorogimedence.hu\/index.php\/2026\/08\/11\/dorogi-tancos-sikerek-a-summer-dance-fesztivalon\/#breadcrumb"},"inLanguage":"hu","potentialAction":[{"@type":"ReadAction","target":["https:\/\/dorogimedence.hu\/index.php\/2026\/08\/11\/dorogi-tancos-sikerek-a-summer-dance-fesztivalon\/"]}]},{"@type":"ImageObject","inLanguage":"hu","@id":"https:\/\/dorogimedence.hu\/index.php\/2026\/08\/11\/dorogi-tancos-sikerek-a-summer-dance-fesztivalon\/#primaryimage","url":"https:\/\/dorogimedence.hu\/wp-content\/uploads\/2026\/08\/dorog-tanc.jpg","contentUrl":"https:\/\/dorogimedence.hu\/wp-content\/uploads\/2026\/08\/dorog-tanc.jpg","width":1920,"height":970},{"@type":"BreadcrumbList","@id":"https:\/\/dorogimedence.hu\/index.php\/2026\/08\/11\/dorogi-tancos-sikerek-a-summer-dance-fesztivalon\/#breadcrumb","itemListElement":[{"@type":"ListItem","position":1,"name":"Kezd\u0151lap","item":"https:\/\/dorogimedence.hu\/"},{"@type":"ListItem","position":2,"name":"Dorogi t\u00e1ncos sikerek a Summer Dance Fesztiv\u00e1lon"}]},{"@type":"WebSite","@id":"https:\/\/dorogimedence.hu\/#website","url":"https:\/\/dorogimedence.hu\/","name":"Dorogi-medence Region\u00e1lis H\u00edrport\u00e1l","description":"Dorog, Keszt\u00f6lc, Le\u00e1nyv\u00e1r, Piliscs\u00e9v, Tokod, Tokodalt\u00e1r\u00f3, Csolnok, Esztergom-kertv\u00e1ros: h\u00edrek, programok","publisher":{"@id":"https:\/\/dorogimedence.hu\/#organization"},"potentialAction":[{"@type":"SearchAction","target":{"@type":"EntryPoint","urlTemplate":"https:\/\/dorogimedence.hu\/?s={search_term_string}"},"query-input":{"@type":"PropertyValueSpecification","valueRequired":true,"valueName":"search_term_string"}}],"inLanguage":"hu"},{"@type":"Organization","@id":"https:\/\/dorogimedence.hu\/#organization","name":"Dorogi-medence Region\u00e1lis H\u00edrport\u00e1l","url":"https:\/\/dorogimedence.hu\/","logo":{"@type":"ImageObject","inLanguage":"hu","@id":"https:\/\/dorogimedence.hu\/#\/schema\/logo\/image\/","url":"https:\/\/dorogimedence.hu\/wp-content\/uploads\/2021\/04\/logo-feher-600.png","contentUrl":"https:\/\/dorogimedence.hu\/wp-content\/uploads\/2021\/04\/logo-feher-600.png","width":600,"height":100,"caption":"Dorogi-medence Region\u00e1lis H\u00edrport\u00e1l"},"image":{"@id":"https:\/\/dorogimedence.hu\/#\/schema\/logo\/image\/"},"sameAs":["https:\/\/www.facebook.com\/dorogimedence\/"]},{"@type":"Person","@id":"https:\/\/dorogimedence.hu\/#\/schema\/person\/ce6091eeb7e95ecdc87890d6aa8e0fd4","name":"dorogimedence.hu","image":{"@type":"ImageObject","inLanguage":"hu","@id":"\/\/www.gravatar.com\/avatar\/d8d45f8901aadff40a4af72c0b826f1d?s=96&#038;r=g&#038;d=mm","url":"\/\/www.gravatar.com\/avatar\/d8d45f8901aadff40a4af72c0b826f1d?s=96&#038;r=g&#038;d=mm","contentUrl":"\/\/www.gravatar.com\/avatar\/d8d45f8901aadff40a4af72c0b826f1d?s=96&#038;r=g&#038;d=mm","caption":"dorogimedence.hu"}}]}},"_links":{"self":[{"href":"https:\/\/dorogimedence.hu\/index.php\/wp-json\/wp\/v2\/posts\/82664","targetHints":{"allow":["GET"]}}],"collection":[{"href":"https:\/\/dorogimedence.hu\/index.php\/wp-json\/wp\/v2\/posts"}],"about":[{"href":"https:\/\/dorogimedence.hu\/index.php\/wp-json\/wp\/v2\/types\/post"}],"author":[{"embeddable":true,"href":"https:\/\/dorogimedence.hu\/index.php\/wp-json\/wp\/v2\/users\/1"}],"replies":[{"embeddable":true,"href":"https:\/\/dorogimedence.hu\/index.php\/wp-json\/wp\/v2\/comments?post=82664"}],"version-history":[{"count":1,"href":"https:\/\/dorogimedence.hu\/index.php\/wp-json\/wp\/v2\/posts\/82664\/revisions"}],"predecessor-version":[{"id":82665,"href":"https:\/\/dorogimedence.hu\/index.php\/wp-json\/wp\/v2\/posts\/82664\/revisions\/82665"}],"wp:featuredmedia":[{"embeddable":true,"href":"https:\/\/dorogimedence.hu\/index.php\/wp-json\/wp\/v2\/media\/82667"}],"wp:attachment":[{"href":"https:\/\/dorogimedence.hu\/index.php\/wp-json\/wp\/v2\/media?parent=82664"}],"wp:term":[{"taxonomy":"category","embeddable":true,"href":"https:\/\/dorogimedence.hu\/index.php\/wp-json\/wp\/v2\/categories?post=82664"},{"taxonomy":"post_tag","embeddable":true,"href":"https:\/\/dorogimedence.hu\/index.php\/wp-json\/wp\/v2\/tags?post=82664"}],"curies":[{"name":"wp","href":"https:\/\/api.w.org\/{rel}","templated":true}]}}