{"id":82658,"date":"2026-08-11T09:15:15","date_gmt":"2026-08-11T07:15:15","guid":{"rendered":"https:\/\/dorogimedence.hu\/?p=82658"},"modified":"2026-08-11T09:16:02","modified_gmt":"2026-08-11T07:16:02","slug":"felgyujtotta-magat-egy-esztergomi-lakasban-16-eves-lanya-eletet-vesztette","status":"publish","type":"post","link":"https:\/\/dorogimedence.hu\/index.php\/2026\/08\/11\/felgyujtotta-magat-egy-esztergomi-lakasban-16-eves-lanya-eletet-vesztette\/","title":{"rendered":"Felgy\u00fajtotta mag\u00e1t egy esztergomi lak\u00e1sban, 16 \u00e9ves l\u00e1nya \u00e9let\u00e9t vesztette"},"content":{"rendered":"<p><strong>T\u00f6bb mint 12 \u00e9v fegyh\u00e1zb\u00fcntet\u00e9st szabhatnak ki azzal a b\u00fcntetett el\u0151\u00e9let\u0171 n\u0151vel szemben, aki egy esztergomi lak\u00e1sban \u00f6ngyilkoss\u00e1gi sz\u00e1nd\u00e9kkal felgy\u00fajtotta mag\u00e1t, a t\u0171z miatt a l\u00e1nya \u00e9let\u00e9t vesztette, \u00e9lett\u00e1rsa pedig s\u00falyosan megs\u00e9r\u00fclt.<\/strong><\/p>\n<p>A v\u00e1dirat szerint a n\u0151 2024. november 8-\u00e1n az esztergomi 28 lak\u00e1sos t\u00e1rsash\u00e1z 2. emeleti lak\u00e1s\u00e1ban \u00f6sszeveszett \u00e9lett\u00e1rs\u00e1val, majd egy parkban alkoholt \u00e9s \u00faj pszichoakt\u00edv anyagot fogyasztott. Ezut\u00e1n egy k\u00f6zeli benzink\u00faton m\u00e1sf\u00e9l liter benzint v\u00e1s\u00e1rolt, b\u00facs\u00falevelet \u00edrt k\u00e9t gyermek\u00e9nek.<\/p>\n<p><img fetchpriority=\"high\" decoding=\"async\" class=\"alignnone size-full wp-image-82661\" src=\"https:\/\/dorogimedence.hu\/wp-content\/uploads\/2026\/08\/a-haz-2024-11-08.png\" alt=\"\" width=\"545\" height=\"372\" srcset=\"https:\/\/dorogimedence.hu\/wp-content\/uploads\/2026\/08\/a-haz-2024-11-08.png 545w, https:\/\/dorogimedence.hu\/wp-content\/uploads\/2026\/08\/a-haz-2024-11-08-150x102.png 150w, https:\/\/dorogimedence.hu\/wp-content\/uploads\/2026\/08\/a-haz-2024-11-08-450x307.png 450w\" sizes=\"(max-width: 545px) 100vw, 545px\" \/><\/p>\n<p>Az elk\u00f6vet\u0151 hazament \u00e9s lak\u00e1sba bel\u00e9p\u00e9skor \u00f6ngy\u00fajt\u00f3val meggy\u00fajtotta a ruh\u00e1j\u00e1t. A n\u0151 \u00e9lett\u00e1rsa megpr\u00f3b\u00e1lta eloltani a t\u00fczet, k\u00f6zben a n\u0151 kiejtette a benzines flakont a kez\u00e9b\u0151l, a benzin sz\u00e9tfolyt, \u00e9s a t\u0171z tov\u00e1bbterjedt.<\/p>\n<p>Az elk\u00f6vet\u0151, az \u00e9lett\u00e1rsa, \u00e9s n\u0151 16 \u00e9ves l\u00e1nya a t\u0171z el\u0151l a lak\u00e1s szob\u00e1j\u00e1nak ablakp\u00e1rk\u00e1ny\u00e1ra m\u00e1sztak. A s\u00e9rtettek \u00e9s a n\u0151 a h\u0151s\u00e9g \u00e9s a t\u0171z okozta l\u00f6k\u00e9shull\u00e1m hat\u00e1s\u00e1ra leestek az ablakb\u00f3l az alatta 8,5 m\u00e9ter m\u00e9lys\u00e9gben l\u00e9v\u0151 j\u00e1rd\u00e1ra.<\/p>\n<p>Az es\u00e9s k\u00f6vetkezt\u00e9ben az elk\u00f6vet\u0151 l\u00e1nya \u00e9let\u00e9t vesztette, a n\u0151 \u00e9s az \u00e9lett\u00e1rsa pedig t\u00f6r\u00e9seket \u00e9s \u00e9g\u00e9si s\u00e9r\u00fcl\u00e9seket szenvedtek el. A helysz\u00ednre \u00e9rkez\u0151 t\u0171zolt\u00f3k a t\u00fczet eloltott\u00e1k. A t\u0171z folyt\u00e1n keletkezett \u00e9ghet\u0151 forr\u00f3 f\u00fcstg\u00e1z belobbanhatott volna, \u00e9s ez\u00e1ltal a t\u0171z \u00e1tterjedhetett volna az eg\u00e9sz \u00e9p\u00fcletre, ez\u00e9rt a t\u0171z valamennyi az \u00e9p\u00fcletben tart\u00f3zkod\u00f3 szem\u00e9lyt \u00e9s az \u00e9p\u00fclet eg\u00e9sz\u00e9t vesz\u00e9lyeztette.<\/p>\n<p><img decoding=\"async\" class=\"alignnone size-full wp-image-82662\" src=\"https:\/\/dorogimedence.hu\/wp-content\/uploads\/2026\/08\/a-kiegett-ablakok-2024-11-08.png\" alt=\"\" width=\"547\" height=\"369\" srcset=\"https:\/\/dorogimedence.hu\/wp-content\/uploads\/2026\/08\/a-kiegett-ablakok-2024-11-08.png 547w, https:\/\/dorogimedence.hu\/wp-content\/uploads\/2026\/08\/a-kiegett-ablakok-2024-11-08-150x101.png 150w, https:\/\/dorogimedence.hu\/wp-content\/uploads\/2026\/08\/a-kiegett-ablakok-2024-11-08-450x304.png 450w, https:\/\/dorogimedence.hu\/wp-content\/uploads\/2026\/08\/a-kiegett-ablakok-2024-11-08-272x182.png 272w\" sizes=\"(max-width: 547px) 100vw, 547px\" \/><\/p>\n<p>A hal\u00e1lt el\u0151id\u00e9z\u0151 k\u00f6zvesz\u00e9lyokoz\u00e1s b\u0171ntette miatt indult \u00fcgyben a Kom\u00e1rom-Esztergom V\u00e1rmegyei F\u0151\u00fcgy\u00e9szs\u00e9g a v\u00e1dirat\u00e1ban arra tett ind\u00edtv\u00e1nyt, hogy a Tatab\u00e1nyai T\u00f6rv\u00e9nysz\u00e9k a b\u00fcntetett el\u0151\u00e9let\u0171 n\u0151t fegyh\u00e1zb\u00fcntet\u00e9sre \u00e9s k\u00f6z\u00fcgyekt\u0151l eltilt\u00e1sra \u00edt\u00e9lje.<\/p>\n<p>A hal\u00e1lt el\u0151id\u00e9z\u0151 k\u00f6zvesz\u00e9lyokoz\u00e1s b\u0171ntett\u00e9t a b\u00fcntet\u0151 t\u00f6rv\u00e9nyk\u00f6nyv 5 \u00e9vt\u0151l 20 \u00e9vig, vagy \u00e9letfogytig tart\u00f3 szabads\u00e1gveszt\u00e9ssel rendeli b\u00fcntetni.<\/p>\n<p><em><strong>Dr. Horv\u00e1th S\u00e1ndor, a Kom\u00e1rom-Esztergom V\u00e1rmegyei F\u0151\u00fcgy\u00e9szs\u00e9g sajt\u00f3sz\u00f3viv\u0151je a dorogimedence.hu k\u00e9rd\u00e9s\u00e9re elmondta, hogy az elk\u00f6vet\u0151 b\u00fcntetett el\u0151\u00e9let\u0171, \u0151t a b\u00edr\u00f3s\u00e1g 2021. \u00e9vben k\u00f6zvesz\u00e9llyel fenyeget\u00e9s b\u0171ntette miatt 1 \u00e9v 8 h\u00f3, v\u00e9grehajt\u00e1s\u00e1ban 3 \u00e9vre felf\u00fcggesztett b\u00f6rt\u00f6nb\u00fcntet\u00e9sre \u00edt\u00e9lte. A v\u00e1diratban az \u00fcgy\u00e9szs\u00e9g arra tett ind\u00edtv\u00e1nyt, hogy amennyiben a v\u00e1dlott az el\u0151k\u00e9sz\u00edt\u0151 \u00fcl\u00e9sen a b\u0171ncselekm\u00e9ny elk\u00f6vet\u00e9s\u00e9t beismeri \u00e9s lemond a t\u00e1rgyal\u00e1shoz val\u00f3 jog\u00e1r\u00f3l, abban az esetben 12 \u00e9v 6 h\u00f3nap fegyh\u00e1zban v\u00e9grehajtand\u00f3 szabads\u00e1gveszt\u00e9s b\u00fcntet\u00e9st \u00e9s 10 \u00e9v k\u00f6z\u00fcgyekt\u0151l eltilt\u00e1st szabjon ki.<\/strong><\/em><\/p>\n<p><em>Fot\u00f3k, forr\u00e1s: Kom\u00e1rom-Esztergom V\u00e1rmegyei F\u0151\u00fcgy\u00e9szs\u00e9g (A fot\u00f3kat a nyomoz\u00f3 hat\u00f3s\u00e1g k\u00e9sz\u00edtette, azokon a ki\u00e9gett lak\u00e1s l\u00e1that\u00f3)<\/em><\/p>\n","protected":false},"excerpt":{"rendered":"<p>T\u00f6bb mint 12 \u00e9v fegyh\u00e1zb\u00fcntet\u00e9st szabhatnak ki azzal a b\u00fcntetett el\u0151\u00e9let\u0171 n\u0151vel szemben, aki egy esztergomi lak\u00e1sban \u00f6ngyilkoss\u00e1gi sz\u00e1nd\u00e9kkal felgy\u00fajtotta mag\u00e1t, a t\u0171z miatt a l\u00e1nya \u00e9let\u00e9t vesztette, \u00e9lett\u00e1rsa pedig s\u00falyosan megs\u00e9r\u00fclt. A v\u00e1dirat szerint a n\u0151 2024. november 8-\u00e1n az esztergomi 28 lak\u00e1sos t\u00e1rsash\u00e1z 2. emeleti lak\u00e1s\u00e1ban \u00f6sszeveszett \u00e9lett\u00e1rs\u00e1val, majd egy parkban alkoholt \u00e9s<\/p>\n","protected":false},"author":1,"featured_media":82660,"comment_status":"closed","ping_status":"closed","sticky":false,"template":"","format":"standard","meta":{"ngg_post_thumbnail":0,"footnotes":""},"categories":[38,3,39],"tags":[1042,63,42,61,326],"class_list":["post-82658","post","type-post","status-publish","format-standard","has-post-thumbnail","category-esztergom","category-hirek","category-kek-hirek","tag-birosag","tag-buncselekmeny","tag-esztergom","tag-rendorsegi-hirek","tag-ugyeszseg"],"yoast_head":"<!-- This site is optimized with the Yoast SEO plugin v28.3 - https:\/\/yoast.com\/product\/yoast-seo-wordpress\/ -->\n<title>Felgy\u00fajtotta mag\u00e1t egy esztergomi lak\u00e1sban, 16 \u00e9ves l\u00e1nya \u00e9let\u00e9t vesztette<\/title>\n<meta name=\"robots\" content=\"index, follow, max-snippet:-1, max-image-preview:large, max-video-preview:-1\" \/>\n<link rel=\"canonical\" href=\"https:\/\/dorogimedence.hu\/index.php\/2026\/08\/11\/felgyujtotta-magat-egy-esztergomi-lakasban-16-eves-lanya-eletet-vesztette\/\" class=\"yoast-seo-meta-tag\" \/>\n<meta property=\"og:locale\" content=\"hu_HU\" class=\"yoast-seo-meta-tag\" \/>\n<meta property=\"og:type\" content=\"article\" class=\"yoast-seo-meta-tag\" \/>\n<meta property=\"og:title\" content=\"Felgy\u00fajtotta mag\u00e1t egy esztergomi lak\u00e1sban, 16 \u00e9ves l\u00e1nya \u00e9let\u00e9t vesztette\" class=\"yoast-seo-meta-tag\" \/>\n<meta property=\"og:description\" content=\"T\u00f6bb mint 12 \u00e9v fegyh\u00e1zb\u00fcntet\u00e9st szabhatnak ki azzal a b\u00fcntetett el\u0151\u00e9let\u0171 n\u0151vel szemben, aki egy esztergomi lak\u00e1sban \u00f6ngyilkoss\u00e1gi sz\u00e1nd\u00e9kkal felgy\u00fajtotta mag\u00e1t, a t\u0171z miatt a l\u00e1nya \u00e9let\u00e9t vesztette, \u00e9lett\u00e1rsa pedig s\u00falyosan megs\u00e9r\u00fclt. A v\u00e1dirat szerint a n\u0151 2024. november 8-\u00e1n az esztergomi 28 lak\u00e1sos t\u00e1rsash\u00e1z 2. emeleti lak\u00e1s\u00e1ban \u00f6sszeveszett \u00e9lett\u00e1rs\u00e1val, majd egy parkban alkoholt \u00e9s\" class=\"yoast-seo-meta-tag\" \/>\n<meta property=\"og:url\" content=\"https:\/\/dorogimedence.hu\/index.php\/2026\/08\/11\/felgyujtotta-magat-egy-esztergomi-lakasban-16-eves-lanya-eletet-vesztette\/\" class=\"yoast-seo-meta-tag\" \/>\n<meta property=\"og:site_name\" content=\"Dorogi-medence Region\u00e1lis H\u00edrport\u00e1l\" class=\"yoast-seo-meta-tag\" \/>\n<meta property=\"article:publisher\" content=\"https:\/\/www.facebook.com\/dorogimedence\/\" class=\"yoast-seo-meta-tag\" \/>\n<meta property=\"article:published_time\" content=\"2026-08-11T07:15:15+00:00\" class=\"yoast-seo-meta-tag\" \/>\n<meta property=\"article:modified_time\" content=\"2026-08-11T07:16:02+00:00\" class=\"yoast-seo-meta-tag\" \/>\n<meta property=\"og:image\" content=\"https:\/\/dorogimedence.hu\/wp-content\/uploads\/2026\/08\/a-kiegett-lakas-2024-11-08.png\" class=\"yoast-seo-meta-tag\" \/>\n\t<meta property=\"og:image:width\" content=\"545\" class=\"yoast-seo-meta-tag\" \/>\n\t<meta property=\"og:image:height\" content=\"370\" class=\"yoast-seo-meta-tag\" \/>\n\t<meta property=\"og:image:type\" content=\"image\/png\" class=\"yoast-seo-meta-tag\" \/>\n<meta name=\"author\" content=\"dorogimedence.hu\" class=\"yoast-seo-meta-tag\" \/>\n<meta name=\"twitter:card\" content=\"summary_large_image\" class=\"yoast-seo-meta-tag\" \/>\n<meta name=\"twitter:label1\" content=\"Szerz\u0151:\" class=\"yoast-seo-meta-tag\" \/>\n\t<meta name=\"twitter:data1\" content=\"dorogimedence.hu\" class=\"yoast-seo-meta-tag\" \/>\n\t<meta name=\"twitter:label2\" content=\"Becs\u00fclt olvas\u00e1si id\u0151\" class=\"yoast-seo-meta-tag\" \/>\n\t<meta name=\"twitter:data2\" content=\"3 perc\" class=\"yoast-seo-meta-tag\" \/>\n<script type=\"application\/ld+json\" class=\"yoast-schema-graph\">{\"@context\":\"https:\\\/\\\/schema.org\",\"@graph\":[{\"@type\":\"Article\",\"@id\":\"https:\\\/\\\/dorogimedence.hu\\\/index.php\\\/2026\\\/08\\\/11\\\/felgyujtotta-magat-egy-esztergomi-lakasban-16-eves-lanya-eletet-vesztette\\\/#article\",\"isPartOf\":{\"@id\":\"https:\\\/\\\/dorogimedence.hu\\\/index.php\\\/2026\\\/08\\\/11\\\/felgyujtotta-magat-egy-esztergomi-lakasban-16-eves-lanya-eletet-vesztette\\\/\"},\"author\":{\"name\":\"dorogimedence.hu\",\"@id\":\"https:\\\/\\\/dorogimedence.hu\\\/#\\\/schema\\\/person\\\/ce6091eeb7e95ecdc87890d6aa8e0fd4\"},\"headline\":\"Felgy\u00fajtotta mag\u00e1t egy esztergomi lak\u00e1sban, 16 \u00e9ves l\u00e1nya \u00e9let\u00e9t vesztette\",\"datePublished\":\"2026-08-11T07:15:15+00:00\",\"dateModified\":\"2026-08-11T07:16:02+00:00\",\"mainEntityOfPage\":{\"@id\":\"https:\\\/\\\/dorogimedence.hu\\\/index.php\\\/2026\\\/08\\\/11\\\/felgyujtotta-magat-egy-esztergomi-lakasban-16-eves-lanya-eletet-vesztette\\\/\"},\"wordCount\":591,\"publisher\":{\"@id\":\"https:\\\/\\\/dorogimedence.hu\\\/#organization\"},\"image\":{\"@id\":\"https:\\\/\\\/dorogimedence.hu\\\/index.php\\\/2026\\\/08\\\/11\\\/felgyujtotta-magat-egy-esztergomi-lakasban-16-eves-lanya-eletet-vesztette\\\/#primaryimage\"},\"thumbnailUrl\":\"https:\\\/\\\/dorogimedence.hu\\\/wp-content\\\/uploads\\\/2026\\\/08\\\/a-kiegett-lakas-2024-11-08.png\",\"keywords\":[\"b\u00edr\u00f3s\u00e1g\",\"b\u0171ncselekm\u00e9ny\",\"esztergom\",\"rend\u0151rs\u00e9gi h\u00edrek\",\"\u00fcgy\u00e9szs\u00e9g\"],\"articleSection\":[\"Esztergom\",\"H\u00edrek\",\"K\u00e9k h\u00edrek\"],\"inLanguage\":\"hu\"},{\"@type\":\"WebPage\",\"@id\":\"https:\\\/\\\/dorogimedence.hu\\\/index.php\\\/2026\\\/08\\\/11\\\/felgyujtotta-magat-egy-esztergomi-lakasban-16-eves-lanya-eletet-vesztette\\\/\",\"url\":\"https:\\\/\\\/dorogimedence.hu\\\/index.php\\\/2026\\\/08\\\/11\\\/felgyujtotta-magat-egy-esztergomi-lakasban-16-eves-lanya-eletet-vesztette\\\/\",\"name\":\"Felgy\u00fajtotta mag\u00e1t egy esztergomi lak\u00e1sban, 16 \u00e9ves l\u00e1nya \u00e9let\u00e9t vesztette\",\"isPartOf\":{\"@id\":\"https:\\\/\\\/dorogimedence.hu\\\/#website\"},\"primaryImageOfPage\":{\"@id\":\"https:\\\/\\\/dorogimedence.hu\\\/index.php\\\/2026\\\/08\\\/11\\\/felgyujtotta-magat-egy-esztergomi-lakasban-16-eves-lanya-eletet-vesztette\\\/#primaryimage\"},\"image\":{\"@id\":\"https:\\\/\\\/dorogimedence.hu\\\/index.php\\\/2026\\\/08\\\/11\\\/felgyujtotta-magat-egy-esztergomi-lakasban-16-eves-lanya-eletet-vesztette\\\/#primaryimage\"},\"thumbnailUrl\":\"https:\\\/\\\/dorogimedence.hu\\\/wp-content\\\/uploads\\\/2026\\\/08\\\/a-kiegett-lakas-2024-11-08.png\",\"datePublished\":\"2026-08-11T07:15:15+00:00\",\"dateModified\":\"2026-08-11T07:16:02+00:00\",\"breadcrumb\":{\"@id\":\"https:\\\/\\\/dorogimedence.hu\\\/index.php\\\/2026\\\/08\\\/11\\\/felgyujtotta-magat-egy-esztergomi-lakasban-16-eves-lanya-eletet-vesztette\\\/#breadcrumb\"},\"inLanguage\":\"hu\",\"potentialAction\":[{\"@type\":\"ReadAction\",\"target\":[\"https:\\\/\\\/dorogimedence.hu\\\/index.php\\\/2026\\\/08\\\/11\\\/felgyujtotta-magat-egy-esztergomi-lakasban-16-eves-lanya-eletet-vesztette\\\/\"]}]},{\"@type\":\"ImageObject\",\"inLanguage\":\"hu\",\"@id\":\"https:\\\/\\\/dorogimedence.hu\\\/index.php\\\/2026\\\/08\\\/11\\\/felgyujtotta-magat-egy-esztergomi-lakasban-16-eves-lanya-eletet-vesztette\\\/#primaryimage\",\"url\":\"https:\\\/\\\/dorogimedence.hu\\\/wp-content\\\/uploads\\\/2026\\\/08\\\/a-kiegett-lakas-2024-11-08.png\",\"contentUrl\":\"https:\\\/\\\/dorogimedence.hu\\\/wp-content\\\/uploads\\\/2026\\\/08\\\/a-kiegett-lakas-2024-11-08.png\",\"width\":545,\"height\":370},{\"@type\":\"BreadcrumbList\",\"@id\":\"https:\\\/\\\/dorogimedence.hu\\\/index.php\\\/2026\\\/08\\\/11\\\/felgyujtotta-magat-egy-esztergomi-lakasban-16-eves-lanya-eletet-vesztette\\\/#breadcrumb\",\"itemListElement\":[{\"@type\":\"ListItem\",\"position\":1,\"name\":\"Kezd\u0151lap\",\"item\":\"https:\\\/\\\/dorogimedence.hu\\\/\"},{\"@type\":\"ListItem\",\"position\":2,\"name\":\"Felgy\u00fajtotta mag\u00e1t egy esztergomi lak\u00e1sban, 16 \u00e9ves l\u00e1nya \u00e9let\u00e9t vesztette\"}]},{\"@type\":\"WebSite\",\"@id\":\"https:\\\/\\\/dorogimedence.hu\\\/#website\",\"url\":\"https:\\\/\\\/dorogimedence.hu\\\/\",\"name\":\"Dorogi-medence Region\u00e1lis H\u00edrport\u00e1l\",\"description\":\"Dorog, Keszt\u00f6lc, Le\u00e1nyv\u00e1r, Piliscs\u00e9v, Tokod, Tokodalt\u00e1r\u00f3, Csolnok, Esztergom-kertv\u00e1ros: h\u00edrek, programok\",\"publisher\":{\"@id\":\"https:\\\/\\\/dorogimedence.hu\\\/#organization\"},\"potentialAction\":[{\"@type\":\"SearchAction\",\"target\":{\"@type\":\"EntryPoint\",\"urlTemplate\":\"https:\\\/\\\/dorogimedence.hu\\\/?s={search_term_string}\"},\"query-input\":{\"@type\":\"PropertyValueSpecification\",\"valueRequired\":true,\"valueName\":\"search_term_string\"}}],\"inLanguage\":\"hu\"},{\"@type\":\"Organization\",\"@id\":\"https:\\\/\\\/dorogimedence.hu\\\/#organization\",\"name\":\"Dorogi-medence Region\u00e1lis H\u00edrport\u00e1l\",\"url\":\"https:\\\/\\\/dorogimedence.hu\\\/\",\"logo\":{\"@type\":\"ImageObject\",\"inLanguage\":\"hu\",\"@id\":\"https:\\\/\\\/dorogimedence.hu\\\/#\\\/schema\\\/logo\\\/image\\\/\",\"url\":\"https:\\\/\\\/dorogimedence.hu\\\/wp-content\\\/uploads\\\/2021\\\/04\\\/logo-feher-600.png\",\"contentUrl\":\"https:\\\/\\\/dorogimedence.hu\\\/wp-content\\\/uploads\\\/2021\\\/04\\\/logo-feher-600.png\",\"width\":600,\"height\":100,\"caption\":\"Dorogi-medence Region\u00e1lis H\u00edrport\u00e1l\"},\"image\":{\"@id\":\"https:\\\/\\\/dorogimedence.hu\\\/#\\\/schema\\\/logo\\\/image\\\/\"},\"sameAs\":[\"https:\\\/\\\/www.facebook.com\\\/dorogimedence\\\/\"]},{\"@type\":\"Person\",\"@id\":\"https:\\\/\\\/dorogimedence.hu\\\/#\\\/schema\\\/person\\\/ce6091eeb7e95ecdc87890d6aa8e0fd4\",\"name\":\"dorogimedence.hu\",\"image\":{\"@type\":\"ImageObject\",\"inLanguage\":\"hu\",\"@id\":\"\\\/\\\/www.gravatar.com\\\/avatar\\\/d8d45f8901aadff40a4af72c0b826f1d?s=96&#038;r=g&#038;d=mm\",\"url\":\"\\\/\\\/www.gravatar.com\\\/avatar\\\/d8d45f8901aadff40a4af72c0b826f1d?s=96&#038;r=g&#038;d=mm\",\"contentUrl\":\"\\\/\\\/www.gravatar.com\\\/avatar\\\/d8d45f8901aadff40a4af72c0b826f1d?s=96&#038;r=g&#038;d=mm\",\"caption\":\"dorogimedence.hu\"}}]}<\/script>\n<!-- \/ Yoast SEO plugin. -->","yoast_head_json":{"title":"Felgy\u00fajtotta mag\u00e1t egy esztergomi lak\u00e1sban, 16 \u00e9ves l\u00e1nya \u00e9let\u00e9t vesztette","robots":{"index":"index","follow":"follow","max-snippet":"max-snippet:-1","max-image-preview":"max-image-preview:large","max-video-preview":"max-video-preview:-1"},"canonical":"https:\/\/dorogimedence.hu\/index.php\/2026\/08\/11\/felgyujtotta-magat-egy-esztergomi-lakasban-16-eves-lanya-eletet-vesztette\/","og_locale":"hu_HU","og_type":"article","og_title":"Felgy\u00fajtotta mag\u00e1t egy esztergomi lak\u00e1sban, 16 \u00e9ves l\u00e1nya \u00e9let\u00e9t vesztette","og_description":"T\u00f6bb mint 12 \u00e9v fegyh\u00e1zb\u00fcntet\u00e9st szabhatnak ki azzal a b\u00fcntetett el\u0151\u00e9let\u0171 n\u0151vel szemben, aki egy esztergomi lak\u00e1sban \u00f6ngyilkoss\u00e1gi sz\u00e1nd\u00e9kkal felgy\u00fajtotta mag\u00e1t, a t\u0171z miatt a l\u00e1nya \u00e9let\u00e9t vesztette, \u00e9lett\u00e1rsa pedig s\u00falyosan megs\u00e9r\u00fclt. A v\u00e1dirat szerint a n\u0151 2024. november 8-\u00e1n az esztergomi 28 lak\u00e1sos t\u00e1rsash\u00e1z 2. emeleti lak\u00e1s\u00e1ban \u00f6sszeveszett \u00e9lett\u00e1rs\u00e1val, majd egy parkban alkoholt \u00e9s","og_url":"https:\/\/dorogimedence.hu\/index.php\/2026\/08\/11\/felgyujtotta-magat-egy-esztergomi-lakasban-16-eves-lanya-eletet-vesztette\/","og_site_name":"Dorogi-medence Region\u00e1lis H\u00edrport\u00e1l","article_publisher":"https:\/\/www.facebook.com\/dorogimedence\/","article_published_time":"2026-08-11T07:15:15+00:00","article_modified_time":"2026-08-11T07:16:02+00:00","og_image":[{"width":545,"height":370,"url":"https:\/\/dorogimedence.hu\/wp-content\/uploads\/2026\/08\/a-kiegett-lakas-2024-11-08.png","type":"image\/png"}],"author":"dorogimedence.hu","twitter_card":"summary_large_image","twitter_misc":{"Szerz\u0151:":"dorogimedence.hu","Becs\u00fclt olvas\u00e1si id\u0151":"3 perc"},"schema":{"@context":"https:\/\/schema.org","@graph":[{"@type":"Article","@id":"https:\/\/dorogimedence.hu\/index.php\/2026\/08\/11\/felgyujtotta-magat-egy-esztergomi-lakasban-16-eves-lanya-eletet-vesztette\/#article","isPartOf":{"@id":"https:\/\/dorogimedence.hu\/index.php\/2026\/08\/11\/felgyujtotta-magat-egy-esztergomi-lakasban-16-eves-lanya-eletet-vesztette\/"},"author":{"name":"dorogimedence.hu","@id":"https:\/\/dorogimedence.hu\/#\/schema\/person\/ce6091eeb7e95ecdc87890d6aa8e0fd4"},"headline":"Felgy\u00fajtotta mag\u00e1t egy esztergomi lak\u00e1sban, 16 \u00e9ves l\u00e1nya \u00e9let\u00e9t vesztette","datePublished":"2026-08-11T07:15:15+00:00","dateModified":"2026-08-11T07:16:02+00:00","mainEntityOfPage":{"@id":"https:\/\/dorogimedence.hu\/index.php\/2026\/08\/11\/felgyujtotta-magat-egy-esztergomi-lakasban-16-eves-lanya-eletet-vesztette\/"},"wordCount":591,"publisher":{"@id":"https:\/\/dorogimedence.hu\/#organization"},"image":{"@id":"https:\/\/dorogimedence.hu\/index.php\/2026\/08\/11\/felgyujtotta-magat-egy-esztergomi-lakasban-16-eves-lanya-eletet-vesztette\/#primaryimage"},"thumbnailUrl":"https:\/\/dorogimedence.hu\/wp-content\/uploads\/2026\/08\/a-kiegett-lakas-2024-11-08.png","keywords":["b\u00edr\u00f3s\u00e1g","b\u0171ncselekm\u00e9ny","esztergom","rend\u0151rs\u00e9gi h\u00edrek","\u00fcgy\u00e9szs\u00e9g"],"articleSection":["Esztergom","H\u00edrek","K\u00e9k h\u00edrek"],"inLanguage":"hu"},{"@type":"WebPage","@id":"https:\/\/dorogimedence.hu\/index.php\/2026\/08\/11\/felgyujtotta-magat-egy-esztergomi-lakasban-16-eves-lanya-eletet-vesztette\/","url":"https:\/\/dorogimedence.hu\/index.php\/2026\/08\/11\/felgyujtotta-magat-egy-esztergomi-lakasban-16-eves-lanya-eletet-vesztette\/","name":"Felgy\u00fajtotta mag\u00e1t egy esztergomi lak\u00e1sban, 16 \u00e9ves l\u00e1nya \u00e9let\u00e9t vesztette","isPartOf":{"@id":"https:\/\/dorogimedence.hu\/#website"},"primaryImageOfPage":{"@id":"https:\/\/dorogimedence.hu\/index.php\/2026\/08\/11\/felgyujtotta-magat-egy-esztergomi-lakasban-16-eves-lanya-eletet-vesztette\/#primaryimage"},"image":{"@id":"https:\/\/dorogimedence.hu\/index.php\/2026\/08\/11\/felgyujtotta-magat-egy-esztergomi-lakasban-16-eves-lanya-eletet-vesztette\/#primaryimage"},"thumbnailUrl":"https:\/\/dorogimedence.hu\/wp-content\/uploads\/2026\/08\/a-kiegett-lakas-2024-11-08.png","datePublished":"2026-08-11T07:15:15+00:00","dateModified":"2026-08-11T07:16:02+00:00","breadcrumb":{"@id":"https:\/\/dorogimedence.hu\/index.php\/2026\/08\/11\/felgyujtotta-magat-egy-esztergomi-lakasban-16-eves-lanya-eletet-vesztette\/#breadcrumb"},"inLanguage":"hu","potentialAction":[{"@type":"ReadAction","target":["https:\/\/dorogimedence.hu\/index.php\/2026\/08\/11\/felgyujtotta-magat-egy-esztergomi-lakasban-16-eves-lanya-eletet-vesztette\/"]}]},{"@type":"ImageObject","inLanguage":"hu","@id":"https:\/\/dorogimedence.hu\/index.php\/2026\/08\/11\/felgyujtotta-magat-egy-esztergomi-lakasban-16-eves-lanya-eletet-vesztette\/#primaryimage","url":"https:\/\/dorogimedence.hu\/wp-content\/uploads\/2026\/08\/a-kiegett-lakas-2024-11-08.png","contentUrl":"https:\/\/dorogimedence.hu\/wp-content\/uploads\/2026\/08\/a-kiegett-lakas-2024-11-08.png","width":545,"height":370},{"@type":"BreadcrumbList","@id":"https:\/\/dorogimedence.hu\/index.php\/2026\/08\/11\/felgyujtotta-magat-egy-esztergomi-lakasban-16-eves-lanya-eletet-vesztette\/#breadcrumb","itemListElement":[{"@type":"ListItem","position":1,"name":"Kezd\u0151lap","item":"https:\/\/dorogimedence.hu\/"},{"@type":"ListItem","position":2,"name":"Felgy\u00fajtotta mag\u00e1t egy esztergomi lak\u00e1sban, 16 \u00e9ves l\u00e1nya \u00e9let\u00e9t vesztette"}]},{"@type":"WebSite","@id":"https:\/\/dorogimedence.hu\/#website","url":"https:\/\/dorogimedence.hu\/","name":"Dorogi-medence Region\u00e1lis H\u00edrport\u00e1l","description":"Dorog, Keszt\u00f6lc, Le\u00e1nyv\u00e1r, Piliscs\u00e9v, Tokod, Tokodalt\u00e1r\u00f3, Csolnok, Esztergom-kertv\u00e1ros: h\u00edrek, programok","publisher":{"@id":"https:\/\/dorogimedence.hu\/#organization"},"potentialAction":[{"@type":"SearchAction","target":{"@type":"EntryPoint","urlTemplate":"https:\/\/dorogimedence.hu\/?s={search_term_string}"},"query-input":{"@type":"PropertyValueSpecification","valueRequired":true,"valueName":"search_term_string"}}],"inLanguage":"hu"},{"@type":"Organization","@id":"https:\/\/dorogimedence.hu\/#organization","name":"Dorogi-medence Region\u00e1lis H\u00edrport\u00e1l","url":"https:\/\/dorogimedence.hu\/","logo":{"@type":"ImageObject","inLanguage":"hu","@id":"https:\/\/dorogimedence.hu\/#\/schema\/logo\/image\/","url":"https:\/\/dorogimedence.hu\/wp-content\/uploads\/2021\/04\/logo-feher-600.png","contentUrl":"https:\/\/dorogimedence.hu\/wp-content\/uploads\/2021\/04\/logo-feher-600.png","width":600,"height":100,"caption":"Dorogi-medence Region\u00e1lis H\u00edrport\u00e1l"},"image":{"@id":"https:\/\/dorogimedence.hu\/#\/schema\/logo\/image\/"},"sameAs":["https:\/\/www.facebook.com\/dorogimedence\/"]},{"@type":"Person","@id":"https:\/\/dorogimedence.hu\/#\/schema\/person\/ce6091eeb7e95ecdc87890d6aa8e0fd4","name":"dorogimedence.hu","image":{"@type":"ImageObject","inLanguage":"hu","@id":"\/\/www.gravatar.com\/avatar\/d8d45f8901aadff40a4af72c0b826f1d?s=96&#038;r=g&#038;d=mm","url":"\/\/www.gravatar.com\/avatar\/d8d45f8901aadff40a4af72c0b826f1d?s=96&#038;r=g&#038;d=mm","contentUrl":"\/\/www.gravatar.com\/avatar\/d8d45f8901aadff40a4af72c0b826f1d?s=96&#038;r=g&#038;d=mm","caption":"dorogimedence.hu"}}]}},"_links":{"self":[{"href":"https:\/\/dorogimedence.hu\/index.php\/wp-json\/wp\/v2\/posts\/82658","targetHints":{"allow":["GET"]}}],"collection":[{"href":"https:\/\/dorogimedence.hu\/index.php\/wp-json\/wp\/v2\/posts"}],"about":[{"href":"https:\/\/dorogimedence.hu\/index.php\/wp-json\/wp\/v2\/types\/post"}],"author":[{"embeddable":true,"href":"https:\/\/dorogimedence.hu\/index.php\/wp-json\/wp\/v2\/users\/1"}],"replies":[{"embeddable":true,"href":"https:\/\/dorogimedence.hu\/index.php\/wp-json\/wp\/v2\/comments?post=82658"}],"version-history":[{"count":2,"href":"https:\/\/dorogimedence.hu\/index.php\/wp-json\/wp\/v2\/posts\/82658\/revisions"}],"predecessor-version":[{"id":82663,"href":"https:\/\/dorogimedence.hu\/index.php\/wp-json\/wp\/v2\/posts\/82658\/revisions\/82663"}],"wp:featuredmedia":[{"embeddable":true,"href":"https:\/\/dorogimedence.hu\/index.php\/wp-json\/wp\/v2\/media\/82660"}],"wp:attachment":[{"href":"https:\/\/dorogimedence.hu\/index.php\/wp-json\/wp\/v2\/media?parent=82658"}],"wp:term":[{"taxonomy":"category","embeddable":true,"href":"https:\/\/dorogimedence.hu\/index.php\/wp-json\/wp\/v2\/categories?post=82658"},{"taxonomy":"post_tag","embeddable":true,"href":"https:\/\/dorogimedence.hu\/index.php\/wp-json\/wp\/v2\/tags?post=82658"}],"curies":[{"name":"wp","href":"https:\/\/api.w.org\/{rel}","templated":true}]}}