{"id":82636,"date":"2026-08-10T10:52:17","date_gmt":"2026-08-10T08:52:17","guid":{"rendered":"https:\/\/dorogimedence.hu\/?p=82636"},"modified":"2026-08-10T10:52:17","modified_gmt":"2026-08-10T08:52:17","slug":"elrajtolt-a-varmegyei-kupa-tiz-golt-szerzett-a-csolnok","status":"publish","type":"post","link":"https:\/\/dorogimedence.hu\/index.php\/2026\/08\/10\/elrajtolt-a-varmegyei-kupa-tiz-golt-szerzett-a-csolnok\/","title":{"rendered":"Elrajtolt a V\u00e1rmegyei Kupa, t\u00edz g\u00f3lt szerzett a Csolnok"},"content":{"rendered":"<p><strong>Augusztus 9-\u00e9n, vas\u00e1rnap rendezt\u00e9k meg a labdar\u00fag\u00f3 V\u00e1rmegyei Kupa els\u0151 fordul\u00f3j\u00e1nak m\u00e9rk\u0151z\u00e9seit. T\u00e9rs\u00e9g\u00fcnkb\u0151l a Csolnok, a Nyerges\u00fajfalu, a Baj\u00f3t, a T\u00e1t, az Annav\u00f6lgy, a L\u00e1batlan, a Tokod \u00e9s a Piliscs\u00e9v l\u00e9pett p\u00e1ly\u00e1ra. A nyolc csapat k\u00f6z\u00fcl n\u00e9gyen jutottak tov\u00e1bb a k\u00f6vetkez\u0151 fordul\u00f3ba.<\/strong><\/p>\n<p>A fordul\u00f3 egyik legnagyobb ar\u00e1ny\u00fa gy\u0151zelm\u00e9t a Csolnoki SZSE aratta, amely idegenben 10-0-ra m\u00falta fel\u00fcl a Sz\u00e1kszendi SE-t. Barlangi Bal\u00e1zs egymaga \u00f6t alkalommal tal\u00e1lt a kapuba.<\/p>\n<p>A Nyerges\u00fajfalu SE szint\u00e9n idegenben harcolta ki a tov\u00e1bbjut\u00e1st: 3-1-re gy\u0151z\u00f6tt a D.M.A.C. Dunaalm\u00e1s otthon\u00e1ban. A L\u00e1batlani ESE az Annav\u00f6lgyi B\u00e1ny\u00e1sz vend\u00e9gek\u00e9nt nyert 2-1-re, \u00edgy ugyancsak ott lesz a m\u00e1sodik fordul\u00f3ban.<\/p>\n<p>A Piliscs\u00e9vi SE tov\u00e1bbjut\u00e1s\u00e1r\u00f3l tizenegyesp\u00e1rbaj d\u00f6nt\u00f6tt. A Tardosi FC-TAC elleni m\u00e9rk\u0151z\u00e9s 1-1-es d\u00f6ntetlennel z\u00e1rult, a b\u00fcntet\u0151ket pedig a piliscs\u00e9viek \u00e9rt\u00e9kes\u00edtett\u00e9k jobban, 3-1-re megnyerve a p\u00e1rbajt.<\/p>\n<p>A Baj\u00f3t Szikra SE hazai p\u00e1ly\u00e1n 3-1-re kikapott a K\u00f6rnye SE-t\u0151l, m\u00edg a DG T\u00e1t SE \u00c1sz\u00e1ron szenvedett 4-0-s veres\u00e9get. Az Annav\u00f6lgyi B\u00e1ny\u00e1sz SE a m\u00e1r eml\u00edtett L\u00e1batlan elleni 2-1-es veres\u00e9ggel b\u00facs\u00fazott, a Tokod SE pedig az Alm\u00e1sf\u00fczit\u0151i SC otthon\u00e1ban maradt alul 3-0-ra.<\/p>\n<p>A V\u00e1rmegyei Kupa els\u0151 fordul\u00f3j\u00e1b\u00f3l egy tal\u00e1lkoz\u00f3 maradt h\u00e1tra: a Baj KSE\u2013V\u00e9rtessoml\u00f3 m\u00e9rk\u0151z\u00e9st augusztus 12-\u00e9n, szerd\u00e1n 17.30-t\u00f3l rendezik meg.<\/p>\n<h3><strong>V\u00e1rmegyei Kupa, 1. fordul\u00f3:<\/strong><\/h3>\n<ul>\n<li>Sz\u00e1kszendi SE \u2013 Csolnoki SZSE 0-10 (0-4)<\/li>\n<li>D.M.A.C. Dunaalm\u00e1s \u2013 Nyerges\u00fajfalu SE 1-3 (0-3)<\/li>\n<li>Mocsa KSE \u2013 B\u00e1bolnai SE 0-2 (0-0)<\/li>\n<li>Baj\u00f3t Szikra SE \u2013 K\u00f6rnye SE 1-3 (0-0)<\/li>\n<li>\u00c1sz\u00e1r KSE \u2013 DG T\u00e1t SE 4-0 (1-0)<\/li>\n<li>Annav\u00f6lgyi B\u00e1ny\u00e1sz SE \u2013 L\u00e1batlani ESE 1-2 (1-1)<\/li>\n<li>Dunaszentmikl\u00f3si SE \u2013 IKOBA Beton Zs\u00e1mb\u00e9k 2-5<\/li>\n<li>OSZE LSZ \u2013 V\u00e9rtessz\u0151l\u0151si SE 3-2 (0-2)<\/li>\n<li>WATI Kecsk\u00e9d KSK \u2013 Tatai AC 1-2 (0-1)<\/li>\n<li>Tatab\u00e1nyai Vasas \u2013 Kopp\u00e1nymonostori SE 0-6 (0-3)<\/li>\n<li>Alm\u00e1sf\u00fczit\u0151i SC \u2013 Tokod SE 3-0 (0-0)<\/li>\n<li>Piliscs\u00e9vi SE \u2013 Tardosi FC-TAC 1-1 (0-1), b\u00fcntet\u0151kkel 3-1<\/li>\n<li>Cs\u00e9mi SE \u2013 \u00c1csi Kinizsi SC 0-5 (0-4)<\/li>\n<li>Gyermely \u2013 Szom\u00f3di SE 3-2 (1-2)<\/li>\n<\/ul>\n<p>A gy\u0151ztes csapatok tov\u00e1bbjutottak a V\u00e1rmegyei Kupa m\u00e1sodik fordul\u00f3j\u00e1ba.<\/p>\n<p><em>Felhaszn\u00e1lt forr\u00e1sok: <a href=\"https:\/\/adatbank.mlsz.hu\/league\/67\/12\/33803\/1.html\" target=\"_blank\" rel=\"noopener\"><span style=\"text-decoration: underline; color: #0000ff;\">MLSZ Adatbank<\/span><\/a>, <a href=\"https:\/\/www.kemma.hu\/helyi-sport\/2026\/08\/varmegyei-kupa-labdarugas-elso-fordulo\" target=\"_blank\" rel=\"noopener\"><span style=\"text-decoration: underline; color: #0000ff;\">KEMMA<\/span><\/a><\/em><\/p>\n","protected":false},"excerpt":{"rendered":"<p>Augusztus 9-\u00e9n, vas\u00e1rnap rendezt\u00e9k meg a labdar\u00fag\u00f3 V\u00e1rmegyei Kupa els\u0151 fordul\u00f3j\u00e1nak m\u00e9rk\u0151z\u00e9seit. T\u00e9rs\u00e9g\u00fcnkb\u0151l a Csolnok, a Nyerges\u00fajfalu, a Baj\u00f3t, a T\u00e1t, az Annav\u00f6lgy, a L\u00e1batlan, a Tokod \u00e9s a Piliscs\u00e9v l\u00e9pett p\u00e1ly\u00e1ra. A nyolc csapat k\u00f6z\u00fcl n\u00e9gyen jutottak tov\u00e1bb a k\u00f6vetkez\u0151 fordul\u00f3ba. A fordul\u00f3 egyik legnagyobb ar\u00e1ny\u00fa gy\u0151zelm\u00e9t a Csolnoki SZSE aratta, amely idegenben 10-0-ra<\/p>\n","protected":false},"author":1,"featured_media":44596,"comment_status":"closed","ping_status":"closed","sticky":false,"template":"","format":"standard","meta":{"ngg_post_thumbnail":0,"footnotes":""},"categories":[64,3,56,1390,11,5,110,6],"tags":[70,69,6890,72,16],"class_list":["post-82636","post","type-post","status-publish","format-standard","has-post-thumbnail","category-csolnok","category-hirek","category-komarom-esztergom","category-nyergesujfalu","category-piliscsev","category-sport","category-tat","category-tokod","tag-foci","tag-futball","tag-komarom-esztergom-varmegye","tag-labdarugas","tag-sport"],"yoast_head":"<!-- This site is optimized with the Yoast SEO plugin v28.3 - https:\/\/yoast.com\/product\/yoast-seo-wordpress\/ -->\n<title>Elrajtolt a V\u00e1rmegyei Kupa, t\u00edz g\u00f3lt szerzett a Csolnok<\/title>\n<meta name=\"robots\" content=\"index, follow, max-snippet:-1, max-image-preview:large, max-video-preview:-1\" \/>\n<link rel=\"canonical\" href=\"https:\/\/dorogimedence.hu\/index.php\/2026\/08\/10\/elrajtolt-a-varmegyei-kupa-tiz-golt-szerzett-a-csolnok\/\" class=\"yoast-seo-meta-tag\" \/>\n<meta property=\"og:locale\" content=\"hu_HU\" class=\"yoast-seo-meta-tag\" \/>\n<meta property=\"og:type\" content=\"article\" class=\"yoast-seo-meta-tag\" \/>\n<meta property=\"og:title\" content=\"Elrajtolt a V\u00e1rmegyei Kupa, t\u00edz g\u00f3lt szerzett a Csolnok\" class=\"yoast-seo-meta-tag\" \/>\n<meta property=\"og:description\" content=\"Augusztus 9-\u00e9n, vas\u00e1rnap rendezt\u00e9k meg a labdar\u00fag\u00f3 V\u00e1rmegyei Kupa els\u0151 fordul\u00f3j\u00e1nak m\u00e9rk\u0151z\u00e9seit. T\u00e9rs\u00e9g\u00fcnkb\u0151l a Csolnok, a Nyerges\u00fajfalu, a Baj\u00f3t, a T\u00e1t, az Annav\u00f6lgy, a L\u00e1batlan, a Tokod \u00e9s a Piliscs\u00e9v l\u00e9pett p\u00e1ly\u00e1ra. A nyolc csapat k\u00f6z\u00fcl n\u00e9gyen jutottak tov\u00e1bb a k\u00f6vetkez\u0151 fordul\u00f3ba. A fordul\u00f3 egyik legnagyobb ar\u00e1ny\u00fa gy\u0151zelm\u00e9t a Csolnoki SZSE aratta, amely idegenben 10-0-ra\" class=\"yoast-seo-meta-tag\" \/>\n<meta property=\"og:url\" content=\"https:\/\/dorogimedence.hu\/index.php\/2026\/08\/10\/elrajtolt-a-varmegyei-kupa-tiz-golt-szerzett-a-csolnok\/\" class=\"yoast-seo-meta-tag\" \/>\n<meta property=\"og:site_name\" content=\"Dorogi-medence Region\u00e1lis H\u00edrport\u00e1l\" class=\"yoast-seo-meta-tag\" \/>\n<meta property=\"article:publisher\" content=\"https:\/\/www.facebook.com\/dorogimedence\/\" class=\"yoast-seo-meta-tag\" \/>\n<meta property=\"article:published_time\" content=\"2026-08-10T08:52:17+00:00\" class=\"yoast-seo-meta-tag\" \/>\n<meta property=\"og:image\" content=\"https:\/\/dorogimedence.hu\/wp-content\/uploads\/2022\/07\/focilabda.jpg\" class=\"yoast-seo-meta-tag\" \/>\n\t<meta property=\"og:image:width\" content=\"1920\" class=\"yoast-seo-meta-tag\" \/>\n\t<meta property=\"og:image:height\" content=\"1161\" class=\"yoast-seo-meta-tag\" \/>\n\t<meta property=\"og:image:type\" content=\"image\/jpeg\" class=\"yoast-seo-meta-tag\" \/>\n<meta name=\"author\" content=\"dorogimedence.hu\" class=\"yoast-seo-meta-tag\" \/>\n<meta name=\"twitter:card\" content=\"summary_large_image\" class=\"yoast-seo-meta-tag\" \/>\n<meta name=\"twitter:label1\" content=\"Szerz\u0151:\" class=\"yoast-seo-meta-tag\" \/>\n\t<meta name=\"twitter:data1\" content=\"dorogimedence.hu\" class=\"yoast-seo-meta-tag\" \/>\n\t<meta name=\"twitter:label2\" content=\"Becs\u00fclt olvas\u00e1si id\u0151\" class=\"yoast-seo-meta-tag\" \/>\n\t<meta name=\"twitter:data2\" content=\"2 perc\" class=\"yoast-seo-meta-tag\" \/>\n<script type=\"application\/ld+json\" class=\"yoast-schema-graph\">{\"@context\":\"https:\\\/\\\/schema.org\",\"@graph\":[{\"@type\":\"Article\",\"@id\":\"https:\\\/\\\/dorogimedence.hu\\\/index.php\\\/2026\\\/08\\\/10\\\/elrajtolt-a-varmegyei-kupa-tiz-golt-szerzett-a-csolnok\\\/#article\",\"isPartOf\":{\"@id\":\"https:\\\/\\\/dorogimedence.hu\\\/index.php\\\/2026\\\/08\\\/10\\\/elrajtolt-a-varmegyei-kupa-tiz-golt-szerzett-a-csolnok\\\/\"},\"author\":{\"name\":\"dorogimedence.hu\",\"@id\":\"https:\\\/\\\/dorogimedence.hu\\\/#\\\/schema\\\/person\\\/ce6091eeb7e95ecdc87890d6aa8e0fd4\"},\"headline\":\"Elrajtolt a V\u00e1rmegyei Kupa, t\u00edz g\u00f3lt szerzett a Csolnok\",\"datePublished\":\"2026-08-10T08:52:17+00:00\",\"mainEntityOfPage\":{\"@id\":\"https:\\\/\\\/dorogimedence.hu\\\/index.php\\\/2026\\\/08\\\/10\\\/elrajtolt-a-varmegyei-kupa-tiz-golt-szerzett-a-csolnok\\\/\"},\"wordCount\":467,\"publisher\":{\"@id\":\"https:\\\/\\\/dorogimedence.hu\\\/#organization\"},\"image\":{\"@id\":\"https:\\\/\\\/dorogimedence.hu\\\/index.php\\\/2026\\\/08\\\/10\\\/elrajtolt-a-varmegyei-kupa-tiz-golt-szerzett-a-csolnok\\\/#primaryimage\"},\"thumbnailUrl\":\"https:\\\/\\\/dorogimedence.hu\\\/wp-content\\\/uploads\\\/2022\\\/07\\\/focilabda.jpg\",\"keywords\":[\"foci\",\"futball\",\"Kom\u00e1rom-Esztergom v\u00e1rmegye\",\"labdar\u00fag\u00e1s\",\"sport\"],\"articleSection\":[\"Csolnok\",\"H\u00edrek\",\"Kom\u00e1rom-Esztergom\",\"Nyerges\u00fajfalu\",\"Piliscs\u00e9v\",\"Sport\",\"T\u00e1t\",\"Tokod\"],\"inLanguage\":\"hu\"},{\"@type\":\"WebPage\",\"@id\":\"https:\\\/\\\/dorogimedence.hu\\\/index.php\\\/2026\\\/08\\\/10\\\/elrajtolt-a-varmegyei-kupa-tiz-golt-szerzett-a-csolnok\\\/\",\"url\":\"https:\\\/\\\/dorogimedence.hu\\\/index.php\\\/2026\\\/08\\\/10\\\/elrajtolt-a-varmegyei-kupa-tiz-golt-szerzett-a-csolnok\\\/\",\"name\":\"Elrajtolt a V\u00e1rmegyei Kupa, t\u00edz g\u00f3lt szerzett a Csolnok\",\"isPartOf\":{\"@id\":\"https:\\\/\\\/dorogimedence.hu\\\/#website\"},\"primaryImageOfPage\":{\"@id\":\"https:\\\/\\\/dorogimedence.hu\\\/index.php\\\/2026\\\/08\\\/10\\\/elrajtolt-a-varmegyei-kupa-tiz-golt-szerzett-a-csolnok\\\/#primaryimage\"},\"image\":{\"@id\":\"https:\\\/\\\/dorogimedence.hu\\\/index.php\\\/2026\\\/08\\\/10\\\/elrajtolt-a-varmegyei-kupa-tiz-golt-szerzett-a-csolnok\\\/#primaryimage\"},\"thumbnailUrl\":\"https:\\\/\\\/dorogimedence.hu\\\/wp-content\\\/uploads\\\/2022\\\/07\\\/focilabda.jpg\",\"datePublished\":\"2026-08-10T08:52:17+00:00\",\"breadcrumb\":{\"@id\":\"https:\\\/\\\/dorogimedence.hu\\\/index.php\\\/2026\\\/08\\\/10\\\/elrajtolt-a-varmegyei-kupa-tiz-golt-szerzett-a-csolnok\\\/#breadcrumb\"},\"inLanguage\":\"hu\",\"potentialAction\":[{\"@type\":\"ReadAction\",\"target\":[\"https:\\\/\\\/dorogimedence.hu\\\/index.php\\\/2026\\\/08\\\/10\\\/elrajtolt-a-varmegyei-kupa-tiz-golt-szerzett-a-csolnok\\\/\"]}]},{\"@type\":\"ImageObject\",\"inLanguage\":\"hu\",\"@id\":\"https:\\\/\\\/dorogimedence.hu\\\/index.php\\\/2026\\\/08\\\/10\\\/elrajtolt-a-varmegyei-kupa-tiz-golt-szerzett-a-csolnok\\\/#primaryimage\",\"url\":\"https:\\\/\\\/dorogimedence.hu\\\/wp-content\\\/uploads\\\/2022\\\/07\\\/focilabda.jpg\",\"contentUrl\":\"https:\\\/\\\/dorogimedence.hu\\\/wp-content\\\/uploads\\\/2022\\\/07\\\/focilabda.jpg\",\"width\":1920,\"height\":1161},{\"@type\":\"BreadcrumbList\",\"@id\":\"https:\\\/\\\/dorogimedence.hu\\\/index.php\\\/2026\\\/08\\\/10\\\/elrajtolt-a-varmegyei-kupa-tiz-golt-szerzett-a-csolnok\\\/#breadcrumb\",\"itemListElement\":[{\"@type\":\"ListItem\",\"position\":1,\"name\":\"Kezd\u0151lap\",\"item\":\"https:\\\/\\\/dorogimedence.hu\\\/\"},{\"@type\":\"ListItem\",\"position\":2,\"name\":\"Elrajtolt a V\u00e1rmegyei Kupa, t\u00edz g\u00f3lt szerzett a Csolnok\"}]},{\"@type\":\"WebSite\",\"@id\":\"https:\\\/\\\/dorogimedence.hu\\\/#website\",\"url\":\"https:\\\/\\\/dorogimedence.hu\\\/\",\"name\":\"Dorogi-medence Region\u00e1lis H\u00edrport\u00e1l\",\"description\":\"Dorog, Keszt\u00f6lc, Le\u00e1nyv\u00e1r, Piliscs\u00e9v, Tokod, Tokodalt\u00e1r\u00f3, Csolnok, Esztergom-kertv\u00e1ros: h\u00edrek, programok\",\"publisher\":{\"@id\":\"https:\\\/\\\/dorogimedence.hu\\\/#organization\"},\"potentialAction\":[{\"@type\":\"SearchAction\",\"target\":{\"@type\":\"EntryPoint\",\"urlTemplate\":\"https:\\\/\\\/dorogimedence.hu\\\/?s={search_term_string}\"},\"query-input\":{\"@type\":\"PropertyValueSpecification\",\"valueRequired\":true,\"valueName\":\"search_term_string\"}}],\"inLanguage\":\"hu\"},{\"@type\":\"Organization\",\"@id\":\"https:\\\/\\\/dorogimedence.hu\\\/#organization\",\"name\":\"Dorogi-medence Region\u00e1lis H\u00edrport\u00e1l\",\"url\":\"https:\\\/\\\/dorogimedence.hu\\\/\",\"logo\":{\"@type\":\"ImageObject\",\"inLanguage\":\"hu\",\"@id\":\"https:\\\/\\\/dorogimedence.hu\\\/#\\\/schema\\\/logo\\\/image\\\/\",\"url\":\"https:\\\/\\\/dorogimedence.hu\\\/wp-content\\\/uploads\\\/2021\\\/04\\\/logo-feher-600.png\",\"contentUrl\":\"https:\\\/\\\/dorogimedence.hu\\\/wp-content\\\/uploads\\\/2021\\\/04\\\/logo-feher-600.png\",\"width\":600,\"height\":100,\"caption\":\"Dorogi-medence Region\u00e1lis H\u00edrport\u00e1l\"},\"image\":{\"@id\":\"https:\\\/\\\/dorogimedence.hu\\\/#\\\/schema\\\/logo\\\/image\\\/\"},\"sameAs\":[\"https:\\\/\\\/www.facebook.com\\\/dorogimedence\\\/\"]},{\"@type\":\"Person\",\"@id\":\"https:\\\/\\\/dorogimedence.hu\\\/#\\\/schema\\\/person\\\/ce6091eeb7e95ecdc87890d6aa8e0fd4\",\"name\":\"dorogimedence.hu\",\"image\":{\"@type\":\"ImageObject\",\"inLanguage\":\"hu\",\"@id\":\"\\\/\\\/www.gravatar.com\\\/avatar\\\/d8d45f8901aadff40a4af72c0b826f1d?s=96&#038;r=g&#038;d=mm\",\"url\":\"\\\/\\\/www.gravatar.com\\\/avatar\\\/d8d45f8901aadff40a4af72c0b826f1d?s=96&#038;r=g&#038;d=mm\",\"contentUrl\":\"\\\/\\\/www.gravatar.com\\\/avatar\\\/d8d45f8901aadff40a4af72c0b826f1d?s=96&#038;r=g&#038;d=mm\",\"caption\":\"dorogimedence.hu\"}}]}<\/script>\n<!-- \/ Yoast SEO plugin. -->","yoast_head_json":{"title":"Elrajtolt a V\u00e1rmegyei Kupa, t\u00edz g\u00f3lt szerzett a Csolnok","robots":{"index":"index","follow":"follow","max-snippet":"max-snippet:-1","max-image-preview":"max-image-preview:large","max-video-preview":"max-video-preview:-1"},"canonical":"https:\/\/dorogimedence.hu\/index.php\/2026\/08\/10\/elrajtolt-a-varmegyei-kupa-tiz-golt-szerzett-a-csolnok\/","og_locale":"hu_HU","og_type":"article","og_title":"Elrajtolt a V\u00e1rmegyei Kupa, t\u00edz g\u00f3lt szerzett a Csolnok","og_description":"Augusztus 9-\u00e9n, vas\u00e1rnap rendezt\u00e9k meg a labdar\u00fag\u00f3 V\u00e1rmegyei Kupa els\u0151 fordul\u00f3j\u00e1nak m\u00e9rk\u0151z\u00e9seit. T\u00e9rs\u00e9g\u00fcnkb\u0151l a Csolnok, a Nyerges\u00fajfalu, a Baj\u00f3t, a T\u00e1t, az Annav\u00f6lgy, a L\u00e1batlan, a Tokod \u00e9s a Piliscs\u00e9v l\u00e9pett p\u00e1ly\u00e1ra. A nyolc csapat k\u00f6z\u00fcl n\u00e9gyen jutottak tov\u00e1bb a k\u00f6vetkez\u0151 fordul\u00f3ba. A fordul\u00f3 egyik legnagyobb ar\u00e1ny\u00fa gy\u0151zelm\u00e9t a Csolnoki SZSE aratta, amely idegenben 10-0-ra","og_url":"https:\/\/dorogimedence.hu\/index.php\/2026\/08\/10\/elrajtolt-a-varmegyei-kupa-tiz-golt-szerzett-a-csolnok\/","og_site_name":"Dorogi-medence Region\u00e1lis H\u00edrport\u00e1l","article_publisher":"https:\/\/www.facebook.com\/dorogimedence\/","article_published_time":"2026-08-10T08:52:17+00:00","og_image":[{"width":1920,"height":1161,"url":"https:\/\/dorogimedence.hu\/wp-content\/uploads\/2022\/07\/focilabda.jpg","type":"image\/jpeg"}],"author":"dorogimedence.hu","twitter_card":"summary_large_image","twitter_misc":{"Szerz\u0151:":"dorogimedence.hu","Becs\u00fclt olvas\u00e1si id\u0151":"2 perc"},"schema":{"@context":"https:\/\/schema.org","@graph":[{"@type":"Article","@id":"https:\/\/dorogimedence.hu\/index.php\/2026\/08\/10\/elrajtolt-a-varmegyei-kupa-tiz-golt-szerzett-a-csolnok\/#article","isPartOf":{"@id":"https:\/\/dorogimedence.hu\/index.php\/2026\/08\/10\/elrajtolt-a-varmegyei-kupa-tiz-golt-szerzett-a-csolnok\/"},"author":{"name":"dorogimedence.hu","@id":"https:\/\/dorogimedence.hu\/#\/schema\/person\/ce6091eeb7e95ecdc87890d6aa8e0fd4"},"headline":"Elrajtolt a V\u00e1rmegyei Kupa, t\u00edz g\u00f3lt szerzett a Csolnok","datePublished":"2026-08-10T08:52:17+00:00","mainEntityOfPage":{"@id":"https:\/\/dorogimedence.hu\/index.php\/2026\/08\/10\/elrajtolt-a-varmegyei-kupa-tiz-golt-szerzett-a-csolnok\/"},"wordCount":467,"publisher":{"@id":"https:\/\/dorogimedence.hu\/#organization"},"image":{"@id":"https:\/\/dorogimedence.hu\/index.php\/2026\/08\/10\/elrajtolt-a-varmegyei-kupa-tiz-golt-szerzett-a-csolnok\/#primaryimage"},"thumbnailUrl":"https:\/\/dorogimedence.hu\/wp-content\/uploads\/2022\/07\/focilabda.jpg","keywords":["foci","futball","Kom\u00e1rom-Esztergom v\u00e1rmegye","labdar\u00fag\u00e1s","sport"],"articleSection":["Csolnok","H\u00edrek","Kom\u00e1rom-Esztergom","Nyerges\u00fajfalu","Piliscs\u00e9v","Sport","T\u00e1t","Tokod"],"inLanguage":"hu"},{"@type":"WebPage","@id":"https:\/\/dorogimedence.hu\/index.php\/2026\/08\/10\/elrajtolt-a-varmegyei-kupa-tiz-golt-szerzett-a-csolnok\/","url":"https:\/\/dorogimedence.hu\/index.php\/2026\/08\/10\/elrajtolt-a-varmegyei-kupa-tiz-golt-szerzett-a-csolnok\/","name":"Elrajtolt a V\u00e1rmegyei Kupa, t\u00edz g\u00f3lt szerzett a Csolnok","isPartOf":{"@id":"https:\/\/dorogimedence.hu\/#website"},"primaryImageOfPage":{"@id":"https:\/\/dorogimedence.hu\/index.php\/2026\/08\/10\/elrajtolt-a-varmegyei-kupa-tiz-golt-szerzett-a-csolnok\/#primaryimage"},"image":{"@id":"https:\/\/dorogimedence.hu\/index.php\/2026\/08\/10\/elrajtolt-a-varmegyei-kupa-tiz-golt-szerzett-a-csolnok\/#primaryimage"},"thumbnailUrl":"https:\/\/dorogimedence.hu\/wp-content\/uploads\/2022\/07\/focilabda.jpg","datePublished":"2026-08-10T08:52:17+00:00","breadcrumb":{"@id":"https:\/\/dorogimedence.hu\/index.php\/2026\/08\/10\/elrajtolt-a-varmegyei-kupa-tiz-golt-szerzett-a-csolnok\/#breadcrumb"},"inLanguage":"hu","potentialAction":[{"@type":"ReadAction","target":["https:\/\/dorogimedence.hu\/index.php\/2026\/08\/10\/elrajtolt-a-varmegyei-kupa-tiz-golt-szerzett-a-csolnok\/"]}]},{"@type":"ImageObject","inLanguage":"hu","@id":"https:\/\/dorogimedence.hu\/index.php\/2026\/08\/10\/elrajtolt-a-varmegyei-kupa-tiz-golt-szerzett-a-csolnok\/#primaryimage","url":"https:\/\/dorogimedence.hu\/wp-content\/uploads\/2022\/07\/focilabda.jpg","contentUrl":"https:\/\/dorogimedence.hu\/wp-content\/uploads\/2022\/07\/focilabda.jpg","width":1920,"height":1161},{"@type":"BreadcrumbList","@id":"https:\/\/dorogimedence.hu\/index.php\/2026\/08\/10\/elrajtolt-a-varmegyei-kupa-tiz-golt-szerzett-a-csolnok\/#breadcrumb","itemListElement":[{"@type":"ListItem","position":1,"name":"Kezd\u0151lap","item":"https:\/\/dorogimedence.hu\/"},{"@type":"ListItem","position":2,"name":"Elrajtolt a V\u00e1rmegyei Kupa, t\u00edz g\u00f3lt szerzett a Csolnok"}]},{"@type":"WebSite","@id":"https:\/\/dorogimedence.hu\/#website","url":"https:\/\/dorogimedence.hu\/","name":"Dorogi-medence Region\u00e1lis H\u00edrport\u00e1l","description":"Dorog, Keszt\u00f6lc, Le\u00e1nyv\u00e1r, Piliscs\u00e9v, Tokod, Tokodalt\u00e1r\u00f3, Csolnok, Esztergom-kertv\u00e1ros: h\u00edrek, programok","publisher":{"@id":"https:\/\/dorogimedence.hu\/#organization"},"potentialAction":[{"@type":"SearchAction","target":{"@type":"EntryPoint","urlTemplate":"https:\/\/dorogimedence.hu\/?s={search_term_string}"},"query-input":{"@type":"PropertyValueSpecification","valueRequired":true,"valueName":"search_term_string"}}],"inLanguage":"hu"},{"@type":"Organization","@id":"https:\/\/dorogimedence.hu\/#organization","name":"Dorogi-medence Region\u00e1lis H\u00edrport\u00e1l","url":"https:\/\/dorogimedence.hu\/","logo":{"@type":"ImageObject","inLanguage":"hu","@id":"https:\/\/dorogimedence.hu\/#\/schema\/logo\/image\/","url":"https:\/\/dorogimedence.hu\/wp-content\/uploads\/2021\/04\/logo-feher-600.png","contentUrl":"https:\/\/dorogimedence.hu\/wp-content\/uploads\/2021\/04\/logo-feher-600.png","width":600,"height":100,"caption":"Dorogi-medence Region\u00e1lis H\u00edrport\u00e1l"},"image":{"@id":"https:\/\/dorogimedence.hu\/#\/schema\/logo\/image\/"},"sameAs":["https:\/\/www.facebook.com\/dorogimedence\/"]},{"@type":"Person","@id":"https:\/\/dorogimedence.hu\/#\/schema\/person\/ce6091eeb7e95ecdc87890d6aa8e0fd4","name":"dorogimedence.hu","image":{"@type":"ImageObject","inLanguage":"hu","@id":"\/\/www.gravatar.com\/avatar\/d8d45f8901aadff40a4af72c0b826f1d?s=96&#038;r=g&#038;d=mm","url":"\/\/www.gravatar.com\/avatar\/d8d45f8901aadff40a4af72c0b826f1d?s=96&#038;r=g&#038;d=mm","contentUrl":"\/\/www.gravatar.com\/avatar\/d8d45f8901aadff40a4af72c0b826f1d?s=96&#038;r=g&#038;d=mm","caption":"dorogimedence.hu"}}]}},"_links":{"self":[{"href":"https:\/\/dorogimedence.hu\/index.php\/wp-json\/wp\/v2\/posts\/82636","targetHints":{"allow":["GET"]}}],"collection":[{"href":"https:\/\/dorogimedence.hu\/index.php\/wp-json\/wp\/v2\/posts"}],"about":[{"href":"https:\/\/dorogimedence.hu\/index.php\/wp-json\/wp\/v2\/types\/post"}],"author":[{"embeddable":true,"href":"https:\/\/dorogimedence.hu\/index.php\/wp-json\/wp\/v2\/users\/1"}],"replies":[{"embeddable":true,"href":"https:\/\/dorogimedence.hu\/index.php\/wp-json\/wp\/v2\/comments?post=82636"}],"version-history":[{"count":2,"href":"https:\/\/dorogimedence.hu\/index.php\/wp-json\/wp\/v2\/posts\/82636\/revisions"}],"predecessor-version":[{"id":82638,"href":"https:\/\/dorogimedence.hu\/index.php\/wp-json\/wp\/v2\/posts\/82636\/revisions\/82638"}],"wp:featuredmedia":[{"embeddable":true,"href":"https:\/\/dorogimedence.hu\/index.php\/wp-json\/wp\/v2\/media\/44596"}],"wp:attachment":[{"href":"https:\/\/dorogimedence.hu\/index.php\/wp-json\/wp\/v2\/media?parent=82636"}],"wp:term":[{"taxonomy":"category","embeddable":true,"href":"https:\/\/dorogimedence.hu\/index.php\/wp-json\/wp\/v2\/categories?post=82636"},{"taxonomy":"post_tag","embeddable":true,"href":"https:\/\/dorogimedence.hu\/index.php\/wp-json\/wp\/v2\/tags?post=82636"}],"curies":[{"name":"wp","href":"https:\/\/api.w.org\/{rel}","templated":true}]}}