{"id":82610,"date":"2026-08-09T11:40:37","date_gmt":"2026-08-09T09:40:37","guid":{"rendered":"https:\/\/dorogimedence.hu\/?p=82610"},"modified":"2026-08-09T11:40:37","modified_gmt":"2026-08-09T09:40:37","slug":"megszerezte-elso-gyozelmet-a-sarisapi-bse-az-nb-iii-ban","status":"publish","type":"post","link":"https:\/\/dorogimedence.hu\/index.php\/2026\/08\/09\/megszerezte-elso-gyozelmet-a-sarisapi-bse-az-nb-iii-ban\/","title":{"rendered":"Megszerezte els\u0151 gy\u0151zelm\u00e9t a S\u00e1ris\u00e1pi BSE az NB III-ban"},"content":{"rendered":"<p><strong>Megszerezte els\u0151 gy\u0151zelm\u00e9t a S\u00e1ris\u00e1pi BSE az NB III \u00c9szak-Nyugati csoportj\u00e1ban. A s\u00e1ris\u00e1piak augusztus 8-\u00e1n, szombaton k\u00e9tszer is h\u00e1tr\u00e1nyb\u00f3l fel\u00e1llva, a hajr\u00e1ban szerzett g\u00f3llal 3\u20132-re nyertek az ETO Akad\u00e9mia vend\u00e9gek\u00e9nt.<\/strong><\/p>\n<p>A gy\u0151ri ETO Stadionban rendezett tal\u00e1lkoz\u00f3n a hazaiak szerezt\u00e9k meg a vezet\u00e9st: a 10. percben Herczeg Marcell tal\u00e1lt a kapuba. A S\u00e1ris\u00e1p a 32. percben egy \u00f6ng\u00f3llal egyenl\u00edtett, azonban n\u00e9gy perccel k\u00e9s\u0151bb Csorba Triszt\u00e1n g\u00f3lj\u00e1val ism\u00e9t az ETO Akad\u00e9mi\u00e1n\u00e1l volt az el\u0151ny. Az els\u0151 f\u00e9lid\u0151 hosszabb\u00edt\u00e1s\u00e1ban, a 47. percben Kitl Mikl\u00f3s tal\u00e1lat\u00e1val ism\u00e9t egyenl\u00edtett a S\u00e1ris\u00e1p, \u00edgy 2\u20132-es \u00e1ll\u00e1sn\u00e1l vonultak sz\u00fcnetre a csapatok. A m\u00e1sodik f\u00e9lid\u0151ben sok\u00e1ig nem v\u00e1ltozott az eredm\u00e9ny, a tal\u00e1lkoz\u00f3 eg\u00e9szen a hajr\u00e1ig nyitott maradt. A 88. percben azt\u00e1n a mind\u00f6ssze 17 \u00e9ves Fekete Patrik megszerezte a S\u00e1ris\u00e1pi BSE gy\u0151ztes tal\u00e1lat\u00e1t, amellyel kialakult a 3\u20132-es v\u00e9geredm\u00e9ny.<\/p>\n<p><span style=\"color: #ff0000;\"><strong>ETO Akad\u00e9mia\u2013S\u00e1ris\u00e1pi BSE 2\u20133 (2\u20132)<\/strong><\/span><br \/>\nS\u00e1ris\u00e1pi g\u00f3lszerz\u0151k: \u00f6ng\u00f3l (32.), Kitl Mikl\u00f3s (47.), Fekete Patrik (88.).<\/p>\n<p>A <a href=\"https:\/\/www.facebook.com\/profile.php?id=100045712436636\" target=\"_blank\" rel=\"noopener\"><span style=\"text-decoration: underline; color: #0000ff;\">S\u00e1ris\u00e1pi BSE<\/span><\/a> a m\u00e9rk\u0151z\u00e9s ut\u00e1n kiemelte, hogy rendk\u00edv\u00fcl fontos \u00e9s \u00e9rt\u00e9kes h\u00e1rom pontot szereztek Gy\u0151rben. Mint \u00edrt\u00e1k, a csapat k\u00e9tszer is h\u00e1tr\u00e1nyba ker\u00fclt, de mindk\u00e9t alkalommal fel\u00e1llt, \u00e9s v\u00e9gig hitt abban, hogy megnyerheti a tal\u00e1lkoz\u00f3t.<\/p>\n<p><strong>A S\u00e1ris\u00e1pi BSE kezd\u0151csapata:<\/strong> Balla Oliv\u00e9r \u2013 Nagy Attila, M\u00e9sz\u00e1ros \u00c1ron, Selmeci J\u00f3zsef Bendeg\u00faz, Solt\u00e9sz Barnab\u00e1s, Kitl Mikl\u00f3s, Ferk\u00f3 M\u00e1t\u00e9, Papp M\u00e1t\u00e9, K\u00e1r\u00e1sz Benj\u00e1min, Borza Levente G\u00e1bor, Alm\u00e1ssy Levente Andr\u00e1s.<\/p>\n<p><strong>Cser\u00e9k:<\/strong> Bel\u00e1nyi Bal\u00e1zs, Marticsek Gerg\u0151, Bartos Norbert, Berk\u00f3 \u00c1d\u00e1m, Farkas Jeromos Joakim, Hoszpod\u00e1r Bence S\u00e1ndor, Janetka Gergely, Fekete Patrik, Barna Gerg\u0151 \u00c1kos.<\/p>\n<p><strong>Vezet\u0151edz\u0151:<\/strong> Fenyvesi L\u00e1szl\u00f3.<\/p>\n<p>A m\u00e9rk\u0151z\u00e9s j\u00e1t\u00e9kvezet\u0151je Bogn\u00e1r R\u00e9ka volt, munk\u00e1j\u00e1t Nagy Barnab\u00e1s \u00e9s Keszthelyi Tam\u00e1s asszisztensk\u00e9nt seg\u00edtette.<\/p>\n<p>A m\u00e9rk\u0151z\u00e9s jegyz\u0151k\u00f6nyve <a href=\"https:\/\/adatbank.mlsz.hu\/match\/67\/0\/34055\/3\/2187951.html\" target=\"_blank\" rel=\"noopener\"><span style=\"text-decoration: underline; color: #0000ff;\">ide kattintva<\/span><\/a> tekinthet\u0151 meg.<\/p>\n<h3>Augusztus 12-\u00e9n p\u00f3tolj\u00e1k a m\u00e1sodik fordul\u00f3t<\/h3>\n<p>A S\u00e1ris\u00e1pi BSE az els\u0151 fordul\u00f3ban 3\u20130-s veres\u00e9get szenvedett a Credobus Mosonmagyar\u00f3v\u00e1r ellen, \u00edgy a Gy\u0151rben megszerzett h\u00e1rom pont egyben a csapat els\u0151 gy\u0151zelm\u00e9t jelentette az \u00faj NB III-as id\u00e9nyben. A S\u00e1ris\u00e1pi BSE jelenleg a tabella 9. hely\u00e9t foglalja el.<\/p>\n<p>A s\u00e1ris\u00e1piak legk\u00f6zelebb augusztus 12-\u00e9n, szerd\u00e1n 17.30-kor l\u00e9pnek p\u00e1ly\u00e1ra, amikor az elhalasztott m\u00e1sodik fordul\u00f3 m\u00e9rk\u0151z\u00e9s\u00e9t p\u00f3tolj\u00e1k. A S\u00e1ris\u00e1pi BSE a Halad\u00e1s FC vend\u00e9gek\u00e9nt folytatja a bajnoks\u00e1got.<\/p>\n<p><em>Bor\u00edt\u00f3k\u00e9p: S\u00e1ris\u00e1pi BSE Facebook-oldal<\/em><\/p>\n","protected":false},"excerpt":{"rendered":"<p>Megszerezte els\u0151 gy\u0151zelm\u00e9t a S\u00e1ris\u00e1pi BSE az NB III \u00c9szak-Nyugati csoportj\u00e1ban. A s\u00e1ris\u00e1piak augusztus 8-\u00e1n, szombaton k\u00e9tszer is h\u00e1tr\u00e1nyb\u00f3l fel\u00e1llva, a hajr\u00e1ban szerzett g\u00f3llal 3\u20132-re nyertek az ETO Akad\u00e9mia vend\u00e9gek\u00e9nt. A gy\u0151ri ETO Stadionban rendezett tal\u00e1lkoz\u00f3n a hazaiak szerezt\u00e9k meg a vezet\u00e9st: a 10. percben Herczeg Marcell tal\u00e1lt a kapuba. A S\u00e1ris\u00e1p a 32. percben<\/p>\n","protected":false},"author":1,"featured_media":82611,"comment_status":"closed","ping_status":"closed","sticky":false,"template":"","format":"standard","meta":{"ngg_post_thumbnail":0,"footnotes":""},"categories":[3,5],"tags":[70,69,72,7311,423,8941,16],"class_list":["post-82610","post","type-post","status-publish","format-standard","has-post-thumbnail","category-hirek","category-sport","tag-foci","tag-futball","tag-labdarugas","tag-nb-iii","tag-sarisap","tag-sarisapi-bse","tag-sport"],"yoast_head":"<!-- This site is optimized with the Yoast SEO plugin v28.3 - https:\/\/yoast.com\/product\/yoast-seo-wordpress\/ -->\n<title>Megszerezte els\u0151 gy\u0151zelm\u00e9t a S\u00e1ris\u00e1pi BSE az NB III-ban<\/title>\n<meta name=\"robots\" content=\"index, follow, max-snippet:-1, max-image-preview:large, max-video-preview:-1\" \/>\n<link rel=\"canonical\" href=\"https:\/\/dorogimedence.hu\/index.php\/2026\/08\/09\/megszerezte-elso-gyozelmet-a-sarisapi-bse-az-nb-iii-ban\/\" class=\"yoast-seo-meta-tag\" \/>\n<meta property=\"og:locale\" content=\"hu_HU\" class=\"yoast-seo-meta-tag\" \/>\n<meta property=\"og:type\" content=\"article\" class=\"yoast-seo-meta-tag\" \/>\n<meta property=\"og:title\" content=\"Megszerezte els\u0151 gy\u0151zelm\u00e9t a S\u00e1ris\u00e1pi BSE az NB III-ban\" class=\"yoast-seo-meta-tag\" \/>\n<meta property=\"og:description\" content=\"Megszerezte els\u0151 gy\u0151zelm\u00e9t a S\u00e1ris\u00e1pi BSE az NB III \u00c9szak-Nyugati csoportj\u00e1ban. A s\u00e1ris\u00e1piak augusztus 8-\u00e1n, szombaton k\u00e9tszer is h\u00e1tr\u00e1nyb\u00f3l fel\u00e1llva, a hajr\u00e1ban szerzett g\u00f3llal 3\u20132-re nyertek az ETO Akad\u00e9mia vend\u00e9gek\u00e9nt. A gy\u0151ri ETO Stadionban rendezett tal\u00e1lkoz\u00f3n a hazaiak szerezt\u00e9k meg a vezet\u00e9st: a 10. percben Herczeg Marcell tal\u00e1lt a kapuba. A S\u00e1ris\u00e1p a 32. percben\" class=\"yoast-seo-meta-tag\" \/>\n<meta property=\"og:url\" content=\"https:\/\/dorogimedence.hu\/index.php\/2026\/08\/09\/megszerezte-elso-gyozelmet-a-sarisapi-bse-az-nb-iii-ban\/\" class=\"yoast-seo-meta-tag\" \/>\n<meta property=\"og:site_name\" content=\"Dorogi-medence Region\u00e1lis H\u00edrport\u00e1l\" class=\"yoast-seo-meta-tag\" \/>\n<meta property=\"article:publisher\" content=\"https:\/\/www.facebook.com\/dorogimedence\/\" class=\"yoast-seo-meta-tag\" \/>\n<meta property=\"article:published_time\" content=\"2026-08-09T09:40:37+00:00\" class=\"yoast-seo-meta-tag\" \/>\n<meta property=\"og:image\" content=\"https:\/\/dorogimedence.hu\/wp-content\/uploads\/2026\/08\/sarisap-02.jpg\" class=\"yoast-seo-meta-tag\" \/>\n\t<meta property=\"og:image:width\" content=\"1920\" class=\"yoast-seo-meta-tag\" \/>\n\t<meta property=\"og:image:height\" content=\"970\" class=\"yoast-seo-meta-tag\" \/>\n\t<meta property=\"og:image:type\" content=\"image\/jpeg\" class=\"yoast-seo-meta-tag\" \/>\n<meta name=\"author\" content=\"dorogimedence.hu\" class=\"yoast-seo-meta-tag\" \/>\n<meta name=\"twitter:card\" content=\"summary_large_image\" class=\"yoast-seo-meta-tag\" \/>\n<meta name=\"twitter:label1\" content=\"Szerz\u0151:\" class=\"yoast-seo-meta-tag\" \/>\n\t<meta name=\"twitter:data1\" content=\"dorogimedence.hu\" class=\"yoast-seo-meta-tag\" \/>\n\t<meta name=\"twitter:label2\" content=\"Becs\u00fclt olvas\u00e1si id\u0151\" class=\"yoast-seo-meta-tag\" \/>\n\t<meta name=\"twitter:data2\" content=\"3 perc\" class=\"yoast-seo-meta-tag\" \/>\n<script type=\"application\/ld+json\" class=\"yoast-schema-graph\">{\"@context\":\"https:\\\/\\\/schema.org\",\"@graph\":[{\"@type\":\"Article\",\"@id\":\"https:\\\/\\\/dorogimedence.hu\\\/index.php\\\/2026\\\/08\\\/09\\\/megszerezte-elso-gyozelmet-a-sarisapi-bse-az-nb-iii-ban\\\/#article\",\"isPartOf\":{\"@id\":\"https:\\\/\\\/dorogimedence.hu\\\/index.php\\\/2026\\\/08\\\/09\\\/megszerezte-elso-gyozelmet-a-sarisapi-bse-az-nb-iii-ban\\\/\"},\"author\":{\"name\":\"dorogimedence.hu\",\"@id\":\"https:\\\/\\\/dorogimedence.hu\\\/#\\\/schema\\\/person\\\/ce6091eeb7e95ecdc87890d6aa8e0fd4\"},\"headline\":\"Megszerezte els\u0151 gy\u0151zelm\u00e9t a S\u00e1ris\u00e1pi BSE az NB III-ban\",\"datePublished\":\"2026-08-09T09:40:37+00:00\",\"mainEntityOfPage\":{\"@id\":\"https:\\\/\\\/dorogimedence.hu\\\/index.php\\\/2026\\\/08\\\/09\\\/megszerezte-elso-gyozelmet-a-sarisapi-bse-az-nb-iii-ban\\\/\"},\"wordCount\":526,\"publisher\":{\"@id\":\"https:\\\/\\\/dorogimedence.hu\\\/#organization\"},\"image\":{\"@id\":\"https:\\\/\\\/dorogimedence.hu\\\/index.php\\\/2026\\\/08\\\/09\\\/megszerezte-elso-gyozelmet-a-sarisapi-bse-az-nb-iii-ban\\\/#primaryimage\"},\"thumbnailUrl\":\"https:\\\/\\\/dorogimedence.hu\\\/wp-content\\\/uploads\\\/2026\\\/08\\\/sarisap-02.jpg\",\"keywords\":[\"foci\",\"futball\",\"labdar\u00fag\u00e1s\",\"NB III\",\"S\u00e1ris\u00e1p\",\"S\u00e1ris\u00e1pi BSE\",\"sport\"],\"articleSection\":[\"H\u00edrek\",\"Sport\"],\"inLanguage\":\"hu\"},{\"@type\":\"WebPage\",\"@id\":\"https:\\\/\\\/dorogimedence.hu\\\/index.php\\\/2026\\\/08\\\/09\\\/megszerezte-elso-gyozelmet-a-sarisapi-bse-az-nb-iii-ban\\\/\",\"url\":\"https:\\\/\\\/dorogimedence.hu\\\/index.php\\\/2026\\\/08\\\/09\\\/megszerezte-elso-gyozelmet-a-sarisapi-bse-az-nb-iii-ban\\\/\",\"name\":\"Megszerezte els\u0151 gy\u0151zelm\u00e9t a S\u00e1ris\u00e1pi BSE az NB III-ban\",\"isPartOf\":{\"@id\":\"https:\\\/\\\/dorogimedence.hu\\\/#website\"},\"primaryImageOfPage\":{\"@id\":\"https:\\\/\\\/dorogimedence.hu\\\/index.php\\\/2026\\\/08\\\/09\\\/megszerezte-elso-gyozelmet-a-sarisapi-bse-az-nb-iii-ban\\\/#primaryimage\"},\"image\":{\"@id\":\"https:\\\/\\\/dorogimedence.hu\\\/index.php\\\/2026\\\/08\\\/09\\\/megszerezte-elso-gyozelmet-a-sarisapi-bse-az-nb-iii-ban\\\/#primaryimage\"},\"thumbnailUrl\":\"https:\\\/\\\/dorogimedence.hu\\\/wp-content\\\/uploads\\\/2026\\\/08\\\/sarisap-02.jpg\",\"datePublished\":\"2026-08-09T09:40:37+00:00\",\"breadcrumb\":{\"@id\":\"https:\\\/\\\/dorogimedence.hu\\\/index.php\\\/2026\\\/08\\\/09\\\/megszerezte-elso-gyozelmet-a-sarisapi-bse-az-nb-iii-ban\\\/#breadcrumb\"},\"inLanguage\":\"hu\",\"potentialAction\":[{\"@type\":\"ReadAction\",\"target\":[\"https:\\\/\\\/dorogimedence.hu\\\/index.php\\\/2026\\\/08\\\/09\\\/megszerezte-elso-gyozelmet-a-sarisapi-bse-az-nb-iii-ban\\\/\"]}]},{\"@type\":\"ImageObject\",\"inLanguage\":\"hu\",\"@id\":\"https:\\\/\\\/dorogimedence.hu\\\/index.php\\\/2026\\\/08\\\/09\\\/megszerezte-elso-gyozelmet-a-sarisapi-bse-az-nb-iii-ban\\\/#primaryimage\",\"url\":\"https:\\\/\\\/dorogimedence.hu\\\/wp-content\\\/uploads\\\/2026\\\/08\\\/sarisap-02.jpg\",\"contentUrl\":\"https:\\\/\\\/dorogimedence.hu\\\/wp-content\\\/uploads\\\/2026\\\/08\\\/sarisap-02.jpg\",\"width\":1920,\"height\":970},{\"@type\":\"BreadcrumbList\",\"@id\":\"https:\\\/\\\/dorogimedence.hu\\\/index.php\\\/2026\\\/08\\\/09\\\/megszerezte-elso-gyozelmet-a-sarisapi-bse-az-nb-iii-ban\\\/#breadcrumb\",\"itemListElement\":[{\"@type\":\"ListItem\",\"position\":1,\"name\":\"Kezd\u0151lap\",\"item\":\"https:\\\/\\\/dorogimedence.hu\\\/\"},{\"@type\":\"ListItem\",\"position\":2,\"name\":\"Megszerezte els\u0151 gy\u0151zelm\u00e9t a S\u00e1ris\u00e1pi BSE az NB III-ban\"}]},{\"@type\":\"WebSite\",\"@id\":\"https:\\\/\\\/dorogimedence.hu\\\/#website\",\"url\":\"https:\\\/\\\/dorogimedence.hu\\\/\",\"name\":\"Dorogi-medence Region\u00e1lis H\u00edrport\u00e1l\",\"description\":\"Dorog, Keszt\u00f6lc, Le\u00e1nyv\u00e1r, Piliscs\u00e9v, Tokod, Tokodalt\u00e1r\u00f3, Csolnok, Esztergom-kertv\u00e1ros: h\u00edrek, programok\",\"publisher\":{\"@id\":\"https:\\\/\\\/dorogimedence.hu\\\/#organization\"},\"potentialAction\":[{\"@type\":\"SearchAction\",\"target\":{\"@type\":\"EntryPoint\",\"urlTemplate\":\"https:\\\/\\\/dorogimedence.hu\\\/?s={search_term_string}\"},\"query-input\":{\"@type\":\"PropertyValueSpecification\",\"valueRequired\":true,\"valueName\":\"search_term_string\"}}],\"inLanguage\":\"hu\"},{\"@type\":\"Organization\",\"@id\":\"https:\\\/\\\/dorogimedence.hu\\\/#organization\",\"name\":\"Dorogi-medence Region\u00e1lis H\u00edrport\u00e1l\",\"url\":\"https:\\\/\\\/dorogimedence.hu\\\/\",\"logo\":{\"@type\":\"ImageObject\",\"inLanguage\":\"hu\",\"@id\":\"https:\\\/\\\/dorogimedence.hu\\\/#\\\/schema\\\/logo\\\/image\\\/\",\"url\":\"https:\\\/\\\/dorogimedence.hu\\\/wp-content\\\/uploads\\\/2021\\\/04\\\/logo-feher-600.png\",\"contentUrl\":\"https:\\\/\\\/dorogimedence.hu\\\/wp-content\\\/uploads\\\/2021\\\/04\\\/logo-feher-600.png\",\"width\":600,\"height\":100,\"caption\":\"Dorogi-medence Region\u00e1lis H\u00edrport\u00e1l\"},\"image\":{\"@id\":\"https:\\\/\\\/dorogimedence.hu\\\/#\\\/schema\\\/logo\\\/image\\\/\"},\"sameAs\":[\"https:\\\/\\\/www.facebook.com\\\/dorogimedence\\\/\"]},{\"@type\":\"Person\",\"@id\":\"https:\\\/\\\/dorogimedence.hu\\\/#\\\/schema\\\/person\\\/ce6091eeb7e95ecdc87890d6aa8e0fd4\",\"name\":\"dorogimedence.hu\",\"image\":{\"@type\":\"ImageObject\",\"inLanguage\":\"hu\",\"@id\":\"\\\/\\\/www.gravatar.com\\\/avatar\\\/d8d45f8901aadff40a4af72c0b826f1d?s=96&#038;r=g&#038;d=mm\",\"url\":\"\\\/\\\/www.gravatar.com\\\/avatar\\\/d8d45f8901aadff40a4af72c0b826f1d?s=96&#038;r=g&#038;d=mm\",\"contentUrl\":\"\\\/\\\/www.gravatar.com\\\/avatar\\\/d8d45f8901aadff40a4af72c0b826f1d?s=96&#038;r=g&#038;d=mm\",\"caption\":\"dorogimedence.hu\"}}]}<\/script>\n<!-- \/ Yoast SEO plugin. -->","yoast_head_json":{"title":"Megszerezte els\u0151 gy\u0151zelm\u00e9t a S\u00e1ris\u00e1pi BSE az NB III-ban","robots":{"index":"index","follow":"follow","max-snippet":"max-snippet:-1","max-image-preview":"max-image-preview:large","max-video-preview":"max-video-preview:-1"},"canonical":"https:\/\/dorogimedence.hu\/index.php\/2026\/08\/09\/megszerezte-elso-gyozelmet-a-sarisapi-bse-az-nb-iii-ban\/","og_locale":"hu_HU","og_type":"article","og_title":"Megszerezte els\u0151 gy\u0151zelm\u00e9t a S\u00e1ris\u00e1pi BSE az NB III-ban","og_description":"Megszerezte els\u0151 gy\u0151zelm\u00e9t a S\u00e1ris\u00e1pi BSE az NB III \u00c9szak-Nyugati csoportj\u00e1ban. A s\u00e1ris\u00e1piak augusztus 8-\u00e1n, szombaton k\u00e9tszer is h\u00e1tr\u00e1nyb\u00f3l fel\u00e1llva, a hajr\u00e1ban szerzett g\u00f3llal 3\u20132-re nyertek az ETO Akad\u00e9mia vend\u00e9gek\u00e9nt. A gy\u0151ri ETO Stadionban rendezett tal\u00e1lkoz\u00f3n a hazaiak szerezt\u00e9k meg a vezet\u00e9st: a 10. percben Herczeg Marcell tal\u00e1lt a kapuba. A S\u00e1ris\u00e1p a 32. percben","og_url":"https:\/\/dorogimedence.hu\/index.php\/2026\/08\/09\/megszerezte-elso-gyozelmet-a-sarisapi-bse-az-nb-iii-ban\/","og_site_name":"Dorogi-medence Region\u00e1lis H\u00edrport\u00e1l","article_publisher":"https:\/\/www.facebook.com\/dorogimedence\/","article_published_time":"2026-08-09T09:40:37+00:00","og_image":[{"width":1920,"height":970,"url":"https:\/\/dorogimedence.hu\/wp-content\/uploads\/2026\/08\/sarisap-02.jpg","type":"image\/jpeg"}],"author":"dorogimedence.hu","twitter_card":"summary_large_image","twitter_misc":{"Szerz\u0151:":"dorogimedence.hu","Becs\u00fclt olvas\u00e1si id\u0151":"3 perc"},"schema":{"@context":"https:\/\/schema.org","@graph":[{"@type":"Article","@id":"https:\/\/dorogimedence.hu\/index.php\/2026\/08\/09\/megszerezte-elso-gyozelmet-a-sarisapi-bse-az-nb-iii-ban\/#article","isPartOf":{"@id":"https:\/\/dorogimedence.hu\/index.php\/2026\/08\/09\/megszerezte-elso-gyozelmet-a-sarisapi-bse-az-nb-iii-ban\/"},"author":{"name":"dorogimedence.hu","@id":"https:\/\/dorogimedence.hu\/#\/schema\/person\/ce6091eeb7e95ecdc87890d6aa8e0fd4"},"headline":"Megszerezte els\u0151 gy\u0151zelm\u00e9t a S\u00e1ris\u00e1pi BSE az NB III-ban","datePublished":"2026-08-09T09:40:37+00:00","mainEntityOfPage":{"@id":"https:\/\/dorogimedence.hu\/index.php\/2026\/08\/09\/megszerezte-elso-gyozelmet-a-sarisapi-bse-az-nb-iii-ban\/"},"wordCount":526,"publisher":{"@id":"https:\/\/dorogimedence.hu\/#organization"},"image":{"@id":"https:\/\/dorogimedence.hu\/index.php\/2026\/08\/09\/megszerezte-elso-gyozelmet-a-sarisapi-bse-az-nb-iii-ban\/#primaryimage"},"thumbnailUrl":"https:\/\/dorogimedence.hu\/wp-content\/uploads\/2026\/08\/sarisap-02.jpg","keywords":["foci","futball","labdar\u00fag\u00e1s","NB III","S\u00e1ris\u00e1p","S\u00e1ris\u00e1pi BSE","sport"],"articleSection":["H\u00edrek","Sport"],"inLanguage":"hu"},{"@type":"WebPage","@id":"https:\/\/dorogimedence.hu\/index.php\/2026\/08\/09\/megszerezte-elso-gyozelmet-a-sarisapi-bse-az-nb-iii-ban\/","url":"https:\/\/dorogimedence.hu\/index.php\/2026\/08\/09\/megszerezte-elso-gyozelmet-a-sarisapi-bse-az-nb-iii-ban\/","name":"Megszerezte els\u0151 gy\u0151zelm\u00e9t a S\u00e1ris\u00e1pi BSE az NB III-ban","isPartOf":{"@id":"https:\/\/dorogimedence.hu\/#website"},"primaryImageOfPage":{"@id":"https:\/\/dorogimedence.hu\/index.php\/2026\/08\/09\/megszerezte-elso-gyozelmet-a-sarisapi-bse-az-nb-iii-ban\/#primaryimage"},"image":{"@id":"https:\/\/dorogimedence.hu\/index.php\/2026\/08\/09\/megszerezte-elso-gyozelmet-a-sarisapi-bse-az-nb-iii-ban\/#primaryimage"},"thumbnailUrl":"https:\/\/dorogimedence.hu\/wp-content\/uploads\/2026\/08\/sarisap-02.jpg","datePublished":"2026-08-09T09:40:37+00:00","breadcrumb":{"@id":"https:\/\/dorogimedence.hu\/index.php\/2026\/08\/09\/megszerezte-elso-gyozelmet-a-sarisapi-bse-az-nb-iii-ban\/#breadcrumb"},"inLanguage":"hu","potentialAction":[{"@type":"ReadAction","target":["https:\/\/dorogimedence.hu\/index.php\/2026\/08\/09\/megszerezte-elso-gyozelmet-a-sarisapi-bse-az-nb-iii-ban\/"]}]},{"@type":"ImageObject","inLanguage":"hu","@id":"https:\/\/dorogimedence.hu\/index.php\/2026\/08\/09\/megszerezte-elso-gyozelmet-a-sarisapi-bse-az-nb-iii-ban\/#primaryimage","url":"https:\/\/dorogimedence.hu\/wp-content\/uploads\/2026\/08\/sarisap-02.jpg","contentUrl":"https:\/\/dorogimedence.hu\/wp-content\/uploads\/2026\/08\/sarisap-02.jpg","width":1920,"height":970},{"@type":"BreadcrumbList","@id":"https:\/\/dorogimedence.hu\/index.php\/2026\/08\/09\/megszerezte-elso-gyozelmet-a-sarisapi-bse-az-nb-iii-ban\/#breadcrumb","itemListElement":[{"@type":"ListItem","position":1,"name":"Kezd\u0151lap","item":"https:\/\/dorogimedence.hu\/"},{"@type":"ListItem","position":2,"name":"Megszerezte els\u0151 gy\u0151zelm\u00e9t a S\u00e1ris\u00e1pi BSE az NB III-ban"}]},{"@type":"WebSite","@id":"https:\/\/dorogimedence.hu\/#website","url":"https:\/\/dorogimedence.hu\/","name":"Dorogi-medence Region\u00e1lis H\u00edrport\u00e1l","description":"Dorog, Keszt\u00f6lc, Le\u00e1nyv\u00e1r, Piliscs\u00e9v, Tokod, Tokodalt\u00e1r\u00f3, Csolnok, Esztergom-kertv\u00e1ros: h\u00edrek, programok","publisher":{"@id":"https:\/\/dorogimedence.hu\/#organization"},"potentialAction":[{"@type":"SearchAction","target":{"@type":"EntryPoint","urlTemplate":"https:\/\/dorogimedence.hu\/?s={search_term_string}"},"query-input":{"@type":"PropertyValueSpecification","valueRequired":true,"valueName":"search_term_string"}}],"inLanguage":"hu"},{"@type":"Organization","@id":"https:\/\/dorogimedence.hu\/#organization","name":"Dorogi-medence Region\u00e1lis H\u00edrport\u00e1l","url":"https:\/\/dorogimedence.hu\/","logo":{"@type":"ImageObject","inLanguage":"hu","@id":"https:\/\/dorogimedence.hu\/#\/schema\/logo\/image\/","url":"https:\/\/dorogimedence.hu\/wp-content\/uploads\/2021\/04\/logo-feher-600.png","contentUrl":"https:\/\/dorogimedence.hu\/wp-content\/uploads\/2021\/04\/logo-feher-600.png","width":600,"height":100,"caption":"Dorogi-medence Region\u00e1lis H\u00edrport\u00e1l"},"image":{"@id":"https:\/\/dorogimedence.hu\/#\/schema\/logo\/image\/"},"sameAs":["https:\/\/www.facebook.com\/dorogimedence\/"]},{"@type":"Person","@id":"https:\/\/dorogimedence.hu\/#\/schema\/person\/ce6091eeb7e95ecdc87890d6aa8e0fd4","name":"dorogimedence.hu","image":{"@type":"ImageObject","inLanguage":"hu","@id":"\/\/www.gravatar.com\/avatar\/d8d45f8901aadff40a4af72c0b826f1d?s=96&#038;r=g&#038;d=mm","url":"\/\/www.gravatar.com\/avatar\/d8d45f8901aadff40a4af72c0b826f1d?s=96&#038;r=g&#038;d=mm","contentUrl":"\/\/www.gravatar.com\/avatar\/d8d45f8901aadff40a4af72c0b826f1d?s=96&#038;r=g&#038;d=mm","caption":"dorogimedence.hu"}}]}},"_links":{"self":[{"href":"https:\/\/dorogimedence.hu\/index.php\/wp-json\/wp\/v2\/posts\/82610","targetHints":{"allow":["GET"]}}],"collection":[{"href":"https:\/\/dorogimedence.hu\/index.php\/wp-json\/wp\/v2\/posts"}],"about":[{"href":"https:\/\/dorogimedence.hu\/index.php\/wp-json\/wp\/v2\/types\/post"}],"author":[{"embeddable":true,"href":"https:\/\/dorogimedence.hu\/index.php\/wp-json\/wp\/v2\/users\/1"}],"replies":[{"embeddable":true,"href":"https:\/\/dorogimedence.hu\/index.php\/wp-json\/wp\/v2\/comments?post=82610"}],"version-history":[{"count":2,"href":"https:\/\/dorogimedence.hu\/index.php\/wp-json\/wp\/v2\/posts\/82610\/revisions"}],"predecessor-version":[{"id":82613,"href":"https:\/\/dorogimedence.hu\/index.php\/wp-json\/wp\/v2\/posts\/82610\/revisions\/82613"}],"wp:featuredmedia":[{"embeddable":true,"href":"https:\/\/dorogimedence.hu\/index.php\/wp-json\/wp\/v2\/media\/82611"}],"wp:attachment":[{"href":"https:\/\/dorogimedence.hu\/index.php\/wp-json\/wp\/v2\/media?parent=82610"}],"wp:term":[{"taxonomy":"category","embeddable":true,"href":"https:\/\/dorogimedence.hu\/index.php\/wp-json\/wp\/v2\/categories?post=82610"},{"taxonomy":"post_tag","embeddable":true,"href":"https:\/\/dorogimedence.hu\/index.php\/wp-json\/wp\/v2\/tags?post=82610"}],"curies":[{"name":"wp","href":"https:\/\/api.w.org\/{rel}","templated":true}]}}