{"id":82547,"date":"2026-08-06T10:23:52","date_gmt":"2026-08-06T08:23:52","guid":{"rendered":"https:\/\/dorogimedence.hu\/?p=82547"},"modified":"2026-08-06T10:23:52","modified_gmt":"2026-08-06T08:23:52","slug":"esztergom-25-millio-forinttal-tamogatja-a-leegett-parkanyi-galeria-es-mozi-helyreallitasat","status":"publish","type":"post","link":"https:\/\/dorogimedence.hu\/index.php\/2026\/08\/06\/esztergom-25-millio-forinttal-tamogatja-a-leegett-parkanyi-galeria-es-mozi-helyreallitasat\/","title":{"rendered":"Esztergom 2,5 milli\u00f3 forinttal t\u00e1mogatja a le\u00e9gett p\u00e1rk\u00e1nyi gal\u00e9ria \u00e9s mozi helyre\u00e1ll\u00edt\u00e1s\u00e1t"},"content":{"rendered":"<p><strong>Esztergom Megyei Jog\u00fa V\u00e1ros \u00d6nkorm\u00e1nyzata 2,5 milli\u00f3 forint vissza nem t\u00e9r\u00edtend\u0151 t\u00e1mogat\u00e1st ny\u00fajt P\u00e1rk\u00e1ny v\u00e1ros\u00e1nak a j\u00faniusi t\u0171zben megrong\u00e1l\u00f3dott t\u00f6rt\u00e9nelmi \u00e9p\u00fclet helyre\u00e1ll\u00edt\u00e1s\u00e1ra. A t\u00e1mogat\u00e1st a Barta Gyula Gal\u00e9ri\u00e1nak \u00e9s a Danubius mozinak otthont ad\u00f3 \u00e9p\u00fclet fel\u00faj\u00edt\u00e1s\u00e1ra ford\u00edtj\u00e1k.<\/strong><\/p>\n<p>A <a href=\"https:\/\/www.facebook.com\/permalink.php?story_fbid=pfbid02pdJNSNC8o2Jfraxdjk4kVoWyvqtPmdRUFgZ8PkmuCedjBkTuW9UQWExSwQnK4SKDl&amp;id=100064349005792\" target=\"_blank\" rel=\"noopener\"><span style=\"text-decoration: underline; color: #0000ff;\">p\u00e1rk\u00e1nyi v\u00e1rosh\u00e1za<\/span><\/a> hivatalos k\u00f6zlem\u00e9nyben \u00e9s Facebook-bejegyz\u00e9sben is k\u00f6sz\u00f6netet mondott Esztergomnak a seg\u00edts\u00e9g\u00e9rt. Mint \u00edrt\u00e1k, a t\u00e1mogat\u00e1s jelent\u0151s hozz\u00e1j\u00e1rul\u00e1st jelent a helyre\u00e1ll\u00edt\u00e1shoz, egy\u00fattal a k\u00e9t testv\u00e9rv\u00e1ros k\u00f6z\u00f6tti egy\u00fcttm\u0171k\u00f6d\u00e9s, szolidarit\u00e1s \u00e9s j\u00f3 kapcsolat sz\u00e9p p\u00e9ld\u00e1ja.<\/p>\n<p>A k\u00f6zlem\u00e9nyben k\u00fcl\u00f6n megk\u00f6sz\u00f6nt\u00e9k Esztergom v\u00e1rosvezet\u00e9s\u00e9nek, valamint a k\u00f6zgy\u0171l\u00e9s valamennyi k\u00e9pvisel\u0151j\u00e9nek, hogy j\u00f3v\u00e1hagyt\u00e1k a 2,5 milli\u00f3 forintos vissza nem t\u00e9r\u00edtend\u0151 t\u00e1mogat\u00e1st.<\/p>\n<p>Az <a href=\"https:\/\/ujszo.com\/regio\/esztergom-varosa-ket-es-fel-millio-forintot-adomanyozott-parkanynak-a-leegett-mozi-es-galeria\" target=\"_blank\" rel=\"noopener\"><span style=\"text-decoration: underline; color: #0000ff;\">\u00daj Sz\u00f3 besz\u00e1mol\u00f3ja szerint<\/span><\/a> a t\u00e1mogat\u00e1sr\u00f3l sz\u00f3l\u00f3 d\u00f6nt\u00e9sr\u0151l j\u00falius 9-\u00e9n \u00e9rtes\u00edtette Esztergom P\u00e1rk\u00e1ny \u00f6nkorm\u00e1nyzat\u00e1t, ezt k\u00f6vet\u0151en pedig Eugen Szab\u00f3, P\u00e1rk\u00e1ny polg\u00e1rmestere \u00e9s Hern\u00e1di \u00c1d\u00e1m, Esztergom polg\u00e1rmestere al\u00e1\u00edrta a t\u00e1mogat\u00e1si szerz\u0151d\u00e9st.<\/p>\n<p>A lap inform\u00e1ci\u00f3i szerint a mostani, mintegy 6735 eur\u00f3nak megfelel\u0151 \u00f6sszeg eddig a legnagyobb adom\u00e1ny, amely a t\u0171zesetet k\u00f6vet\u0151en megnyitott nyilv\u00e1nos adom\u00e1nygy\u0171jt\u0151 sz\u00e1ml\u00e1ra \u00e9rkezett. A helyre\u00e1ll\u00edt\u00e1st ugyanakkor sz\u00e1mos mag\u00e1nszem\u00e9ly, v\u00e1llalkoz\u00e1s \u00e9s \u00f6nkorm\u00e1nyzati vezet\u0151 is t\u00e1mogatja.<\/p>\n<p>A p\u00e9nzbeli felaj\u00e1nl\u00e1sok mellett kihelyezett adom\u00e1nygy\u0171jt\u0151 dobozokba is folyamatosan \u00e9rkeznek felaj\u00e1nl\u00e1sok. Eddig h\u00e1rom gy\u0171jt\u0151l\u00e1da telt meg, a k\u00f6zelj\u00f6v\u0151ben pedig egy \u00fajabbat is kihelyeznek. A lez\u00e1rt dobozokat a gy\u0171jt\u00e9s lez\u00e1r\u00e1s\u00e1t k\u00f6vet\u0151en, hivatalos jelenl\u00e9t mellett bontj\u00e1k fel \u00e9s sz\u00e1molj\u00e1k \u00f6ssze.<\/p>\n<p>A j\u00faniusi t\u0171zeset s\u00falyos k\u00e1rokat okozott a t\u00f6rt\u00e9nelmi \u00e9p\u00fcletben, amely a Barta Gyula Gal\u00e9ri\u00e1nak \u00e9s a Danubius mozinak is otthont ad. A helyre\u00e1ll\u00edt\u00e1s k\u00f6lts\u00e9geinek fedez\u00e9s\u00e9re P\u00e1rk\u00e1ny sz\u00e9les k\u00f6r\u0171 adom\u00e1nygy\u0171jt\u00e9st ind\u00edtott, amelyhez most Esztergom jelent\u0151s \u00f6nkorm\u00e1nyzati t\u00e1mogat\u00e1ssal is hozz\u00e1j\u00e1rult.<\/p>\n","protected":false},"excerpt":{"rendered":"<p>Esztergom Megyei Jog\u00fa V\u00e1ros \u00d6nkorm\u00e1nyzata 2,5 milli\u00f3 forint vissza nem t\u00e9r\u00edtend\u0151 t\u00e1mogat\u00e1st ny\u00fajt P\u00e1rk\u00e1ny v\u00e1ros\u00e1nak a j\u00faniusi t\u0171zben megrong\u00e1l\u00f3dott t\u00f6rt\u00e9nelmi \u00e9p\u00fclet helyre\u00e1ll\u00edt\u00e1s\u00e1ra. A t\u00e1mogat\u00e1st a Barta Gyula Gal\u00e9ri\u00e1nak \u00e9s a Danubius mozinak otthont ad\u00f3 \u00e9p\u00fclet fel\u00faj\u00edt\u00e1s\u00e1ra ford\u00edtj\u00e1k. A p\u00e1rk\u00e1nyi v\u00e1rosh\u00e1za hivatalos k\u00f6zlem\u00e9nyben \u00e9s Facebook-bejegyz\u00e9sben is k\u00f6sz\u00f6netet mondott Esztergomnak a seg\u00edts\u00e9g\u00e9rt. Mint \u00edrt\u00e1k, a t\u00e1mogat\u00e1s jelent\u0151s<\/p>\n","protected":false},"author":1,"featured_media":81612,"comment_status":"closed","ping_status":"closed","sticky":false,"template":"","format":"standard","meta":{"ngg_post_thumbnail":0,"footnotes":""},"categories":[38,3],"tags":[1887,42,212,9026,178],"class_list":["post-82547","post","type-post","status-publish","format-standard","has-post-thumbnail","category-esztergom","category-hirek","tag-adomany","tag-esztergom","tag-parkany","tag-parkanyi-mozi","tag-segitseg"],"yoast_head":"<!-- This site is optimized with the Yoast SEO plugin v28.3 - https:\/\/yoast.com\/product\/yoast-seo-wordpress\/ -->\n<title>Esztergom 2,5 milli\u00f3 forinttal t\u00e1mogatja a le\u00e9gett p\u00e1rk\u00e1nyi gal\u00e9ria \u00e9s mozi helyre\u00e1ll\u00edt\u00e1s\u00e1t<\/title>\n<meta name=\"robots\" content=\"index, follow, max-snippet:-1, max-image-preview:large, max-video-preview:-1\" \/>\n<link rel=\"canonical\" href=\"https:\/\/dorogimedence.hu\/index.php\/2026\/08\/06\/esztergom-25-millio-forinttal-tamogatja-a-leegett-parkanyi-galeria-es-mozi-helyreallitasat\/\" class=\"yoast-seo-meta-tag\" \/>\n<meta property=\"og:locale\" content=\"hu_HU\" class=\"yoast-seo-meta-tag\" \/>\n<meta property=\"og:type\" content=\"article\" class=\"yoast-seo-meta-tag\" \/>\n<meta property=\"og:title\" content=\"Esztergom 2,5 milli\u00f3 forinttal t\u00e1mogatja a le\u00e9gett p\u00e1rk\u00e1nyi gal\u00e9ria \u00e9s mozi helyre\u00e1ll\u00edt\u00e1s\u00e1t\" class=\"yoast-seo-meta-tag\" \/>\n<meta property=\"og:description\" content=\"Esztergom Megyei Jog\u00fa V\u00e1ros \u00d6nkorm\u00e1nyzata 2,5 milli\u00f3 forint vissza nem t\u00e9r\u00edtend\u0151 t\u00e1mogat\u00e1st ny\u00fajt P\u00e1rk\u00e1ny v\u00e1ros\u00e1nak a j\u00faniusi t\u0171zben megrong\u00e1l\u00f3dott t\u00f6rt\u00e9nelmi \u00e9p\u00fclet helyre\u00e1ll\u00edt\u00e1s\u00e1ra. A t\u00e1mogat\u00e1st a Barta Gyula Gal\u00e9ri\u00e1nak \u00e9s a Danubius mozinak otthont ad\u00f3 \u00e9p\u00fclet fel\u00faj\u00edt\u00e1s\u00e1ra ford\u00edtj\u00e1k. A p\u00e1rk\u00e1nyi v\u00e1rosh\u00e1za hivatalos k\u00f6zlem\u00e9nyben \u00e9s Facebook-bejegyz\u00e9sben is k\u00f6sz\u00f6netet mondott Esztergomnak a seg\u00edts\u00e9g\u00e9rt. Mint \u00edrt\u00e1k, a t\u00e1mogat\u00e1s jelent\u0151s\" class=\"yoast-seo-meta-tag\" \/>\n<meta property=\"og:url\" content=\"https:\/\/dorogimedence.hu\/index.php\/2026\/08\/06\/esztergom-25-millio-forinttal-tamogatja-a-leegett-parkanyi-galeria-es-mozi-helyreallitasat\/\" class=\"yoast-seo-meta-tag\" \/>\n<meta property=\"og:site_name\" content=\"Dorogi-medence Region\u00e1lis H\u00edrport\u00e1l\" class=\"yoast-seo-meta-tag\" \/>\n<meta property=\"article:publisher\" content=\"https:\/\/www.facebook.com\/dorogimedence\/\" class=\"yoast-seo-meta-tag\" \/>\n<meta property=\"article:published_time\" content=\"2026-08-06T08:23:52+00:00\" class=\"yoast-seo-meta-tag\" \/>\n<meta property=\"og:image\" content=\"https:\/\/dorogimedence.hu\/wp-content\/uploads\/2026\/06\/733737434_1675133383747565_1666856862030398177_n.jpg\" class=\"yoast-seo-meta-tag\" \/>\n\t<meta property=\"og:image:width\" content=\"2048\" class=\"yoast-seo-meta-tag\" \/>\n\t<meta property=\"og:image:height\" content=\"1152\" class=\"yoast-seo-meta-tag\" \/>\n\t<meta property=\"og:image:type\" content=\"image\/jpeg\" class=\"yoast-seo-meta-tag\" \/>\n<meta name=\"author\" content=\"dorogimedence.hu\" class=\"yoast-seo-meta-tag\" \/>\n<meta name=\"twitter:card\" content=\"summary_large_image\" class=\"yoast-seo-meta-tag\" \/>\n<meta name=\"twitter:label1\" content=\"Szerz\u0151:\" class=\"yoast-seo-meta-tag\" \/>\n\t<meta name=\"twitter:data1\" content=\"dorogimedence.hu\" class=\"yoast-seo-meta-tag\" \/>\n\t<meta name=\"twitter:label2\" content=\"Becs\u00fclt olvas\u00e1si id\u0151\" class=\"yoast-seo-meta-tag\" \/>\n\t<meta name=\"twitter:data2\" content=\"2 perc\" class=\"yoast-seo-meta-tag\" \/>\n<script type=\"application\/ld+json\" class=\"yoast-schema-graph\">{\"@context\":\"https:\\\/\\\/schema.org\",\"@graph\":[{\"@type\":\"Article\",\"@id\":\"https:\\\/\\\/dorogimedence.hu\\\/index.php\\\/2026\\\/08\\\/06\\\/esztergom-25-millio-forinttal-tamogatja-a-leegett-parkanyi-galeria-es-mozi-helyreallitasat\\\/#article\",\"isPartOf\":{\"@id\":\"https:\\\/\\\/dorogimedence.hu\\\/index.php\\\/2026\\\/08\\\/06\\\/esztergom-25-millio-forinttal-tamogatja-a-leegett-parkanyi-galeria-es-mozi-helyreallitasat\\\/\"},\"author\":{\"name\":\"dorogimedence.hu\",\"@id\":\"https:\\\/\\\/dorogimedence.hu\\\/#\\\/schema\\\/person\\\/ce6091eeb7e95ecdc87890d6aa8e0fd4\"},\"headline\":\"Esztergom 2,5 milli\u00f3 forinttal t\u00e1mogatja a le\u00e9gett p\u00e1rk\u00e1nyi gal\u00e9ria \u00e9s mozi helyre\u00e1ll\u00edt\u00e1s\u00e1t\",\"datePublished\":\"2026-08-06T08:23:52+00:00\",\"mainEntityOfPage\":{\"@id\":\"https:\\\/\\\/dorogimedence.hu\\\/index.php\\\/2026\\\/08\\\/06\\\/esztergom-25-millio-forinttal-tamogatja-a-leegett-parkanyi-galeria-es-mozi-helyreallitasat\\\/\"},\"wordCount\":450,\"publisher\":{\"@id\":\"https:\\\/\\\/dorogimedence.hu\\\/#organization\"},\"image\":{\"@id\":\"https:\\\/\\\/dorogimedence.hu\\\/index.php\\\/2026\\\/08\\\/06\\\/esztergom-25-millio-forinttal-tamogatja-a-leegett-parkanyi-galeria-es-mozi-helyreallitasat\\\/#primaryimage\"},\"thumbnailUrl\":\"https:\\\/\\\/dorogimedence.hu\\\/wp-content\\\/uploads\\\/2026\\\/06\\\/733737434_1675133383747565_1666856862030398177_n.jpg\",\"keywords\":[\"adom\u00e1ny\",\"esztergom\",\"P\u00e1rk\u00e1ny\",\"p\u00e1rk\u00e1nyi mozi\",\"seg\u00edts\u00e9g\"],\"articleSection\":[\"Esztergom\",\"H\u00edrek\"],\"inLanguage\":\"hu\"},{\"@type\":\"WebPage\",\"@id\":\"https:\\\/\\\/dorogimedence.hu\\\/index.php\\\/2026\\\/08\\\/06\\\/esztergom-25-millio-forinttal-tamogatja-a-leegett-parkanyi-galeria-es-mozi-helyreallitasat\\\/\",\"url\":\"https:\\\/\\\/dorogimedence.hu\\\/index.php\\\/2026\\\/08\\\/06\\\/esztergom-25-millio-forinttal-tamogatja-a-leegett-parkanyi-galeria-es-mozi-helyreallitasat\\\/\",\"name\":\"Esztergom 2,5 milli\u00f3 forinttal t\u00e1mogatja a le\u00e9gett p\u00e1rk\u00e1nyi gal\u00e9ria \u00e9s mozi helyre\u00e1ll\u00edt\u00e1s\u00e1t\",\"isPartOf\":{\"@id\":\"https:\\\/\\\/dorogimedence.hu\\\/#website\"},\"primaryImageOfPage\":{\"@id\":\"https:\\\/\\\/dorogimedence.hu\\\/index.php\\\/2026\\\/08\\\/06\\\/esztergom-25-millio-forinttal-tamogatja-a-leegett-parkanyi-galeria-es-mozi-helyreallitasat\\\/#primaryimage\"},\"image\":{\"@id\":\"https:\\\/\\\/dorogimedence.hu\\\/index.php\\\/2026\\\/08\\\/06\\\/esztergom-25-millio-forinttal-tamogatja-a-leegett-parkanyi-galeria-es-mozi-helyreallitasat\\\/#primaryimage\"},\"thumbnailUrl\":\"https:\\\/\\\/dorogimedence.hu\\\/wp-content\\\/uploads\\\/2026\\\/06\\\/733737434_1675133383747565_1666856862030398177_n.jpg\",\"datePublished\":\"2026-08-06T08:23:52+00:00\",\"breadcrumb\":{\"@id\":\"https:\\\/\\\/dorogimedence.hu\\\/index.php\\\/2026\\\/08\\\/06\\\/esztergom-25-millio-forinttal-tamogatja-a-leegett-parkanyi-galeria-es-mozi-helyreallitasat\\\/#breadcrumb\"},\"inLanguage\":\"hu\",\"potentialAction\":[{\"@type\":\"ReadAction\",\"target\":[\"https:\\\/\\\/dorogimedence.hu\\\/index.php\\\/2026\\\/08\\\/06\\\/esztergom-25-millio-forinttal-tamogatja-a-leegett-parkanyi-galeria-es-mozi-helyreallitasat\\\/\"]}]},{\"@type\":\"ImageObject\",\"inLanguage\":\"hu\",\"@id\":\"https:\\\/\\\/dorogimedence.hu\\\/index.php\\\/2026\\\/08\\\/06\\\/esztergom-25-millio-forinttal-tamogatja-a-leegett-parkanyi-galeria-es-mozi-helyreallitasat\\\/#primaryimage\",\"url\":\"https:\\\/\\\/dorogimedence.hu\\\/wp-content\\\/uploads\\\/2026\\\/06\\\/733737434_1675133383747565_1666856862030398177_n.jpg\",\"contentUrl\":\"https:\\\/\\\/dorogimedence.hu\\\/wp-content\\\/uploads\\\/2026\\\/06\\\/733737434_1675133383747565_1666856862030398177_n.jpg\",\"width\":2048,\"height\":1152,\"caption\":\"Fot\u00f3: HaZZ \\\/ Mestsk\u00fd \u00farad \u0160t\u00farovo - P\u00e1rk\u00e1nyi V\u00e1rosi Hivatal\"},{\"@type\":\"BreadcrumbList\",\"@id\":\"https:\\\/\\\/dorogimedence.hu\\\/index.php\\\/2026\\\/08\\\/06\\\/esztergom-25-millio-forinttal-tamogatja-a-leegett-parkanyi-galeria-es-mozi-helyreallitasat\\\/#breadcrumb\",\"itemListElement\":[{\"@type\":\"ListItem\",\"position\":1,\"name\":\"Kezd\u0151lap\",\"item\":\"https:\\\/\\\/dorogimedence.hu\\\/\"},{\"@type\":\"ListItem\",\"position\":2,\"name\":\"Esztergom 2,5 milli\u00f3 forinttal t\u00e1mogatja a le\u00e9gett p\u00e1rk\u00e1nyi gal\u00e9ria \u00e9s mozi helyre\u00e1ll\u00edt\u00e1s\u00e1t\"}]},{\"@type\":\"WebSite\",\"@id\":\"https:\\\/\\\/dorogimedence.hu\\\/#website\",\"url\":\"https:\\\/\\\/dorogimedence.hu\\\/\",\"name\":\"Dorogi-medence Region\u00e1lis H\u00edrport\u00e1l\",\"description\":\"Dorog, Keszt\u00f6lc, Le\u00e1nyv\u00e1r, Piliscs\u00e9v, Tokod, Tokodalt\u00e1r\u00f3, Csolnok, Esztergom-kertv\u00e1ros: h\u00edrek, programok\",\"publisher\":{\"@id\":\"https:\\\/\\\/dorogimedence.hu\\\/#organization\"},\"potentialAction\":[{\"@type\":\"SearchAction\",\"target\":{\"@type\":\"EntryPoint\",\"urlTemplate\":\"https:\\\/\\\/dorogimedence.hu\\\/?s={search_term_string}\"},\"query-input\":{\"@type\":\"PropertyValueSpecification\",\"valueRequired\":true,\"valueName\":\"search_term_string\"}}],\"inLanguage\":\"hu\"},{\"@type\":\"Organization\",\"@id\":\"https:\\\/\\\/dorogimedence.hu\\\/#organization\",\"name\":\"Dorogi-medence Region\u00e1lis H\u00edrport\u00e1l\",\"url\":\"https:\\\/\\\/dorogimedence.hu\\\/\",\"logo\":{\"@type\":\"ImageObject\",\"inLanguage\":\"hu\",\"@id\":\"https:\\\/\\\/dorogimedence.hu\\\/#\\\/schema\\\/logo\\\/image\\\/\",\"url\":\"https:\\\/\\\/dorogimedence.hu\\\/wp-content\\\/uploads\\\/2021\\\/04\\\/logo-feher-600.png\",\"contentUrl\":\"https:\\\/\\\/dorogimedence.hu\\\/wp-content\\\/uploads\\\/2021\\\/04\\\/logo-feher-600.png\",\"width\":600,\"height\":100,\"caption\":\"Dorogi-medence Region\u00e1lis H\u00edrport\u00e1l\"},\"image\":{\"@id\":\"https:\\\/\\\/dorogimedence.hu\\\/#\\\/schema\\\/logo\\\/image\\\/\"},\"sameAs\":[\"https:\\\/\\\/www.facebook.com\\\/dorogimedence\\\/\"]},{\"@type\":\"Person\",\"@id\":\"https:\\\/\\\/dorogimedence.hu\\\/#\\\/schema\\\/person\\\/ce6091eeb7e95ecdc87890d6aa8e0fd4\",\"name\":\"dorogimedence.hu\",\"image\":{\"@type\":\"ImageObject\",\"inLanguage\":\"hu\",\"@id\":\"\\\/\\\/www.gravatar.com\\\/avatar\\\/d8d45f8901aadff40a4af72c0b826f1d?s=96&#038;r=g&#038;d=mm\",\"url\":\"\\\/\\\/www.gravatar.com\\\/avatar\\\/d8d45f8901aadff40a4af72c0b826f1d?s=96&#038;r=g&#038;d=mm\",\"contentUrl\":\"\\\/\\\/www.gravatar.com\\\/avatar\\\/d8d45f8901aadff40a4af72c0b826f1d?s=96&#038;r=g&#038;d=mm\",\"caption\":\"dorogimedence.hu\"}}]}<\/script>\n<!-- \/ Yoast SEO plugin. -->","yoast_head_json":{"title":"Esztergom 2,5 milli\u00f3 forinttal t\u00e1mogatja a le\u00e9gett p\u00e1rk\u00e1nyi gal\u00e9ria \u00e9s mozi helyre\u00e1ll\u00edt\u00e1s\u00e1t","robots":{"index":"index","follow":"follow","max-snippet":"max-snippet:-1","max-image-preview":"max-image-preview:large","max-video-preview":"max-video-preview:-1"},"canonical":"https:\/\/dorogimedence.hu\/index.php\/2026\/08\/06\/esztergom-25-millio-forinttal-tamogatja-a-leegett-parkanyi-galeria-es-mozi-helyreallitasat\/","og_locale":"hu_HU","og_type":"article","og_title":"Esztergom 2,5 milli\u00f3 forinttal t\u00e1mogatja a le\u00e9gett p\u00e1rk\u00e1nyi gal\u00e9ria \u00e9s mozi helyre\u00e1ll\u00edt\u00e1s\u00e1t","og_description":"Esztergom Megyei Jog\u00fa V\u00e1ros \u00d6nkorm\u00e1nyzata 2,5 milli\u00f3 forint vissza nem t\u00e9r\u00edtend\u0151 t\u00e1mogat\u00e1st ny\u00fajt P\u00e1rk\u00e1ny v\u00e1ros\u00e1nak a j\u00faniusi t\u0171zben megrong\u00e1l\u00f3dott t\u00f6rt\u00e9nelmi \u00e9p\u00fclet helyre\u00e1ll\u00edt\u00e1s\u00e1ra. A t\u00e1mogat\u00e1st a Barta Gyula Gal\u00e9ri\u00e1nak \u00e9s a Danubius mozinak otthont ad\u00f3 \u00e9p\u00fclet fel\u00faj\u00edt\u00e1s\u00e1ra ford\u00edtj\u00e1k. A p\u00e1rk\u00e1nyi v\u00e1rosh\u00e1za hivatalos k\u00f6zlem\u00e9nyben \u00e9s Facebook-bejegyz\u00e9sben is k\u00f6sz\u00f6netet mondott Esztergomnak a seg\u00edts\u00e9g\u00e9rt. Mint \u00edrt\u00e1k, a t\u00e1mogat\u00e1s jelent\u0151s","og_url":"https:\/\/dorogimedence.hu\/index.php\/2026\/08\/06\/esztergom-25-millio-forinttal-tamogatja-a-leegett-parkanyi-galeria-es-mozi-helyreallitasat\/","og_site_name":"Dorogi-medence Region\u00e1lis H\u00edrport\u00e1l","article_publisher":"https:\/\/www.facebook.com\/dorogimedence\/","article_published_time":"2026-08-06T08:23:52+00:00","og_image":[{"width":2048,"height":1152,"url":"https:\/\/dorogimedence.hu\/wp-content\/uploads\/2026\/06\/733737434_1675133383747565_1666856862030398177_n.jpg","type":"image\/jpeg"}],"author":"dorogimedence.hu","twitter_card":"summary_large_image","twitter_misc":{"Szerz\u0151:":"dorogimedence.hu","Becs\u00fclt olvas\u00e1si id\u0151":"2 perc"},"schema":{"@context":"https:\/\/schema.org","@graph":[{"@type":"Article","@id":"https:\/\/dorogimedence.hu\/index.php\/2026\/08\/06\/esztergom-25-millio-forinttal-tamogatja-a-leegett-parkanyi-galeria-es-mozi-helyreallitasat\/#article","isPartOf":{"@id":"https:\/\/dorogimedence.hu\/index.php\/2026\/08\/06\/esztergom-25-millio-forinttal-tamogatja-a-leegett-parkanyi-galeria-es-mozi-helyreallitasat\/"},"author":{"name":"dorogimedence.hu","@id":"https:\/\/dorogimedence.hu\/#\/schema\/person\/ce6091eeb7e95ecdc87890d6aa8e0fd4"},"headline":"Esztergom 2,5 milli\u00f3 forinttal t\u00e1mogatja a le\u00e9gett p\u00e1rk\u00e1nyi gal\u00e9ria \u00e9s mozi helyre\u00e1ll\u00edt\u00e1s\u00e1t","datePublished":"2026-08-06T08:23:52+00:00","mainEntityOfPage":{"@id":"https:\/\/dorogimedence.hu\/index.php\/2026\/08\/06\/esztergom-25-millio-forinttal-tamogatja-a-leegett-parkanyi-galeria-es-mozi-helyreallitasat\/"},"wordCount":450,"publisher":{"@id":"https:\/\/dorogimedence.hu\/#organization"},"image":{"@id":"https:\/\/dorogimedence.hu\/index.php\/2026\/08\/06\/esztergom-25-millio-forinttal-tamogatja-a-leegett-parkanyi-galeria-es-mozi-helyreallitasat\/#primaryimage"},"thumbnailUrl":"https:\/\/dorogimedence.hu\/wp-content\/uploads\/2026\/06\/733737434_1675133383747565_1666856862030398177_n.jpg","keywords":["adom\u00e1ny","esztergom","P\u00e1rk\u00e1ny","p\u00e1rk\u00e1nyi mozi","seg\u00edts\u00e9g"],"articleSection":["Esztergom","H\u00edrek"],"inLanguage":"hu"},{"@type":"WebPage","@id":"https:\/\/dorogimedence.hu\/index.php\/2026\/08\/06\/esztergom-25-millio-forinttal-tamogatja-a-leegett-parkanyi-galeria-es-mozi-helyreallitasat\/","url":"https:\/\/dorogimedence.hu\/index.php\/2026\/08\/06\/esztergom-25-millio-forinttal-tamogatja-a-leegett-parkanyi-galeria-es-mozi-helyreallitasat\/","name":"Esztergom 2,5 milli\u00f3 forinttal t\u00e1mogatja a le\u00e9gett p\u00e1rk\u00e1nyi gal\u00e9ria \u00e9s mozi helyre\u00e1ll\u00edt\u00e1s\u00e1t","isPartOf":{"@id":"https:\/\/dorogimedence.hu\/#website"},"primaryImageOfPage":{"@id":"https:\/\/dorogimedence.hu\/index.php\/2026\/08\/06\/esztergom-25-millio-forinttal-tamogatja-a-leegett-parkanyi-galeria-es-mozi-helyreallitasat\/#primaryimage"},"image":{"@id":"https:\/\/dorogimedence.hu\/index.php\/2026\/08\/06\/esztergom-25-millio-forinttal-tamogatja-a-leegett-parkanyi-galeria-es-mozi-helyreallitasat\/#primaryimage"},"thumbnailUrl":"https:\/\/dorogimedence.hu\/wp-content\/uploads\/2026\/06\/733737434_1675133383747565_1666856862030398177_n.jpg","datePublished":"2026-08-06T08:23:52+00:00","breadcrumb":{"@id":"https:\/\/dorogimedence.hu\/index.php\/2026\/08\/06\/esztergom-25-millio-forinttal-tamogatja-a-leegett-parkanyi-galeria-es-mozi-helyreallitasat\/#breadcrumb"},"inLanguage":"hu","potentialAction":[{"@type":"ReadAction","target":["https:\/\/dorogimedence.hu\/index.php\/2026\/08\/06\/esztergom-25-millio-forinttal-tamogatja-a-leegett-parkanyi-galeria-es-mozi-helyreallitasat\/"]}]},{"@type":"ImageObject","inLanguage":"hu","@id":"https:\/\/dorogimedence.hu\/index.php\/2026\/08\/06\/esztergom-25-millio-forinttal-tamogatja-a-leegett-parkanyi-galeria-es-mozi-helyreallitasat\/#primaryimage","url":"https:\/\/dorogimedence.hu\/wp-content\/uploads\/2026\/06\/733737434_1675133383747565_1666856862030398177_n.jpg","contentUrl":"https:\/\/dorogimedence.hu\/wp-content\/uploads\/2026\/06\/733737434_1675133383747565_1666856862030398177_n.jpg","width":2048,"height":1152,"caption":"Fot\u00f3: HaZZ \/ Mestsk\u00fd \u00farad \u0160t\u00farovo - P\u00e1rk\u00e1nyi V\u00e1rosi Hivatal"},{"@type":"BreadcrumbList","@id":"https:\/\/dorogimedence.hu\/index.php\/2026\/08\/06\/esztergom-25-millio-forinttal-tamogatja-a-leegett-parkanyi-galeria-es-mozi-helyreallitasat\/#breadcrumb","itemListElement":[{"@type":"ListItem","position":1,"name":"Kezd\u0151lap","item":"https:\/\/dorogimedence.hu\/"},{"@type":"ListItem","position":2,"name":"Esztergom 2,5 milli\u00f3 forinttal t\u00e1mogatja a le\u00e9gett p\u00e1rk\u00e1nyi gal\u00e9ria \u00e9s mozi helyre\u00e1ll\u00edt\u00e1s\u00e1t"}]},{"@type":"WebSite","@id":"https:\/\/dorogimedence.hu\/#website","url":"https:\/\/dorogimedence.hu\/","name":"Dorogi-medence Region\u00e1lis H\u00edrport\u00e1l","description":"Dorog, Keszt\u00f6lc, Le\u00e1nyv\u00e1r, Piliscs\u00e9v, Tokod, Tokodalt\u00e1r\u00f3, Csolnok, Esztergom-kertv\u00e1ros: h\u00edrek, programok","publisher":{"@id":"https:\/\/dorogimedence.hu\/#organization"},"potentialAction":[{"@type":"SearchAction","target":{"@type":"EntryPoint","urlTemplate":"https:\/\/dorogimedence.hu\/?s={search_term_string}"},"query-input":{"@type":"PropertyValueSpecification","valueRequired":true,"valueName":"search_term_string"}}],"inLanguage":"hu"},{"@type":"Organization","@id":"https:\/\/dorogimedence.hu\/#organization","name":"Dorogi-medence Region\u00e1lis H\u00edrport\u00e1l","url":"https:\/\/dorogimedence.hu\/","logo":{"@type":"ImageObject","inLanguage":"hu","@id":"https:\/\/dorogimedence.hu\/#\/schema\/logo\/image\/","url":"https:\/\/dorogimedence.hu\/wp-content\/uploads\/2021\/04\/logo-feher-600.png","contentUrl":"https:\/\/dorogimedence.hu\/wp-content\/uploads\/2021\/04\/logo-feher-600.png","width":600,"height":100,"caption":"Dorogi-medence Region\u00e1lis H\u00edrport\u00e1l"},"image":{"@id":"https:\/\/dorogimedence.hu\/#\/schema\/logo\/image\/"},"sameAs":["https:\/\/www.facebook.com\/dorogimedence\/"]},{"@type":"Person","@id":"https:\/\/dorogimedence.hu\/#\/schema\/person\/ce6091eeb7e95ecdc87890d6aa8e0fd4","name":"dorogimedence.hu","image":{"@type":"ImageObject","inLanguage":"hu","@id":"\/\/www.gravatar.com\/avatar\/d8d45f8901aadff40a4af72c0b826f1d?s=96&#038;r=g&#038;d=mm","url":"\/\/www.gravatar.com\/avatar\/d8d45f8901aadff40a4af72c0b826f1d?s=96&#038;r=g&#038;d=mm","contentUrl":"\/\/www.gravatar.com\/avatar\/d8d45f8901aadff40a4af72c0b826f1d?s=96&#038;r=g&#038;d=mm","caption":"dorogimedence.hu"}}]}},"_links":{"self":[{"href":"https:\/\/dorogimedence.hu\/index.php\/wp-json\/wp\/v2\/posts\/82547","targetHints":{"allow":["GET"]}}],"collection":[{"href":"https:\/\/dorogimedence.hu\/index.php\/wp-json\/wp\/v2\/posts"}],"about":[{"href":"https:\/\/dorogimedence.hu\/index.php\/wp-json\/wp\/v2\/types\/post"}],"author":[{"embeddable":true,"href":"https:\/\/dorogimedence.hu\/index.php\/wp-json\/wp\/v2\/users\/1"}],"replies":[{"embeddable":true,"href":"https:\/\/dorogimedence.hu\/index.php\/wp-json\/wp\/v2\/comments?post=82547"}],"version-history":[{"count":1,"href":"https:\/\/dorogimedence.hu\/index.php\/wp-json\/wp\/v2\/posts\/82547\/revisions"}],"predecessor-version":[{"id":82548,"href":"https:\/\/dorogimedence.hu\/index.php\/wp-json\/wp\/v2\/posts\/82547\/revisions\/82548"}],"wp:featuredmedia":[{"embeddable":true,"href":"https:\/\/dorogimedence.hu\/index.php\/wp-json\/wp\/v2\/media\/81612"}],"wp:attachment":[{"href":"https:\/\/dorogimedence.hu\/index.php\/wp-json\/wp\/v2\/media?parent=82547"}],"wp:term":[{"taxonomy":"category","embeddable":true,"href":"https:\/\/dorogimedence.hu\/index.php\/wp-json\/wp\/v2\/categories?post=82547"},{"taxonomy":"post_tag","embeddable":true,"href":"https:\/\/dorogimedence.hu\/index.php\/wp-json\/wp\/v2\/tags?post=82547"}],"curies":[{"name":"wp","href":"https:\/\/api.w.org\/{rel}","templated":true}]}}