{"id":82532,"date":"2026-08-09T07:52:31","date_gmt":"2026-08-09T05:52:31","guid":{"rendered":"https:\/\/dorogimedence.hu\/?p=82532"},"modified":"2026-08-09T07:52:31","modified_gmt":"2026-08-09T05:52:31","slug":"70-eves-major-ferenc-a-dorogi-ac-egykori-valogatott-kerettag-labdarugoja","status":"publish","type":"post","link":"https:\/\/dorogimedence.hu\/index.php\/2026\/08\/09\/70-eves-major-ferenc-a-dorogi-ac-egykori-valogatott-kerettag-labdarugoja\/","title":{"rendered":"70 \u00e9ves Major Ferenc, a Dorogi AC egykori v\u00e1logatott kerettag labdar\u00fag\u00f3ja"},"content":{"rendered":"<p class=\"PDq2pG_selectionAnchorContainer\" style=\"text-align: justify;\" data-start=\"437\" data-end=\"712\"><strong><em>Ma \u00fcnnepli 70. sz\u00fclet\u00e9snapj\u00e1t a Dorog, a Ferencv\u00e1ros \u00e9s a Zalaegerszegi TE egykori kiv\u00e1l\u00f3 labdar\u00fag\u00f3ja, Major Ferenc, aki p\u00e1lyafut\u00e1sa sor\u00e1n a v\u00e1logatott keretbe \u00e9s az ut\u00e1np\u00f3tl\u00e1s-v\u00e1logatottba is megh\u00edv\u00e1st kapott. E jeles alkalomb\u00f3l p\u00e1lyafut\u00e1s\u00e1t felid\u00e9z\u0151 \u00edr\u00e1ssal k\u00f6sz\u00f6ntj\u00fck.<\/em><\/strong><\/p>\n<p style=\"text-align: justify;\" data-start=\"714\" data-end=\"1049\">Major Ferenc 1956. augusztus 9-\u00e9n sz\u00fcletett Mosonmagyar\u00f3v\u00e1ron. Labdar\u00fag\u00f3-p\u00e1lyafut\u00e1s\u00e1t sz\u00fcl\u0151v\u00e1ros\u00e1ban, a MOTIM TE csapat\u00e1ban kezdte, ahol m\u00e9g ifj\u00fa j\u00e1t\u00e9kosk\u00e9nt felfigyeltek r\u00e1 a dorogi klub megfigyel\u0151i. A tehets\u00e9ges v\u00e9d\u0151 szerz\u0151dtet\u00e9s\u00e9r\u0151l hamar megsz\u00fcletett a meg\u00e1llapod\u00e1s, \u00edgy 1975 nyar\u00e1n az akkor NB II-ben szerepl\u0151 Dorog j\u00e1t\u00e9kosa lett.<\/p>\n<p style=\"text-align: justify;\" data-start=\"1051\" data-end=\"1378\">Posztj\u00e1t tekintve v\u00e9d\u0151 volt, \u00e1m j\u00e1t\u00e9k\u00e1t j\u00f3val t\u00f6bb jellemezte a puszta v\u00e9dekez\u00e9sn\u00e9l. Kiv\u00e1l\u00f3 helyezked\u00e9se, gyorsas\u00e1ga \u00e9s hat\u00e1rozotts\u00e1ga mellett technikai k\u00e9pzetts\u00e9ge is kiemelked\u0151nek sz\u00e1m\u00edtott. Magabiztosan l\u00e1tta el h\u00e1tv\u00e9di feladatait, ugyanakkor rendszeresen bekapcsol\u00f3dott a t\u00e1mad\u00e1sokba is, s a g\u00f3lszerz\u00e9s sem \u00e1llt t\u00e1vol t\u0151le.<\/p>\n<p data-start=\"1051\" data-end=\"1378\"><img fetchpriority=\"high\" decoding=\"async\" class=\"aligncenter wp-image-81786 size-full\" src=\"https:\/\/dorogimedence.hu\/wp-content\/uploads\/2026\/07\/E6.jpg\" alt=\"\" width=\"1713\" height=\"1363\" srcset=\"https:\/\/dorogimedence.hu\/wp-content\/uploads\/2026\/07\/E6.jpg 1713w, https:\/\/dorogimedence.hu\/wp-content\/uploads\/2026\/07\/E6-600x477.jpg 600w, https:\/\/dorogimedence.hu\/wp-content\/uploads\/2026\/07\/E6-768x611.jpg 768w, https:\/\/dorogimedence.hu\/wp-content\/uploads\/2026\/07\/E6-1536x1222.jpg 1536w, https:\/\/dorogimedence.hu\/wp-content\/uploads\/2026\/07\/E6-150x119.jpg 150w, https:\/\/dorogimedence.hu\/wp-content\/uploads\/2026\/07\/E6-450x358.jpg 450w, https:\/\/dorogimedence.hu\/wp-content\/uploads\/2026\/07\/E6-1200x955.jpg 1200w\" sizes=\"(max-width: 1713px) 100vw, 1713px\" \/><\/p>\n<p style=\"text-align: center;\" data-start=\"1051\" data-end=\"1378\"><span style=\"font-size: 10pt;\"><em>Az NB I-es Dorog j\u00e1t\u00e9kosak\u00e9nt az als\u00f3 sor k\u00f6zep\u00e9n (forr\u00e1s: K\u00e9pes Sport magazin)<\/em><\/span><\/p>\n<p style=\"text-align: justify;\" data-start=\"1380\" data-end=\"1848\">Dorogi p\u00e1lyafut\u00e1sa m\u00e1r az els\u0151 id\u00e9ny\u00e9ben rendk\u00edv\u00fcl sikeresen alakult. Az 1975\u20131976-os bajnoks\u00e1g v\u00e9g\u00e9n a csapat ez\u00fcst\u00e9rmet szerzett az NB II-ben, amellyel kiv\u00edvta a feljut\u00e1st az \u00e9lvonalba. A bajnoki menetel\u00e9s mellett a kupaszerepl\u00e9s is eml\u00e9kezetesre siker\u00fclt. A Felszabadul\u00e1si Kup\u00e1ban eg\u00e9szen a negyedd\u00f6nt\u0151ig jutottak, \u00fatjuk sor\u00e1n pedig a nyolcadd\u00f6nt\u0151ben 3\u20130-ra legy\u0151zt\u00e9k az aktu\u00e1lis bajnok Ferencv\u00e1rost, ami a korszak egyik legnagyobb dorogi kupabrav\u00farj\u00e1nak sz\u00e1m\u00edtott.<\/p>\n<p style=\"text-align: justify;\" data-start=\"1850\" data-end=\"2138\">A feljut\u00e1st k\u00f6vet\u0151 ny\u00e1ron a Dorog megh\u00edv\u00e1st kapott az \u00e9lvonalbeli csapatok sz\u00e1m\u00e1ra ki\u00edrt Tisza Kup\u00e1ra is, ahol a B\u00e9k\u00e9scsaba, a Szegedi EOL, a Di\u00f3sgy\u0151r \u00e9s a Salg\u00f3tarj\u00e1n ellen m\u00e9rhette \u00f6ssze erej\u00e9t. M\u00e1r ez is j\u00f3l jelezte, hogy a frissen feljutott egy\u00fcttesre komoly ellenf\u00e9lk\u00e9nt tekintettek.<\/p>\n<p data-start=\"1850\" data-end=\"2138\"><img decoding=\"async\" class=\"aligncenter wp-image-82582 size-full\" src=\"https:\/\/dorogimedence.hu\/wp-content\/uploads\/2026\/08\/MF_8.jpg\" alt=\"\" width=\"1636\" height=\"974\" srcset=\"https:\/\/dorogimedence.hu\/wp-content\/uploads\/2026\/08\/MF_8.jpg 1636w, https:\/\/dorogimedence.hu\/wp-content\/uploads\/2026\/08\/MF_8-600x357.jpg 600w, https:\/\/dorogimedence.hu\/wp-content\/uploads\/2026\/08\/MF_8-768x457.jpg 768w, https:\/\/dorogimedence.hu\/wp-content\/uploads\/2026\/08\/MF_8-1536x914.jpg 1536w, https:\/\/dorogimedence.hu\/wp-content\/uploads\/2026\/08\/MF_8-150x89.jpg 150w, https:\/\/dorogimedence.hu\/wp-content\/uploads\/2026\/08\/MF_8-450x268.jpg 450w, https:\/\/dorogimedence.hu\/wp-content\/uploads\/2026\/08\/MF_8-1200x714.jpg 1200w\" sizes=\"(max-width: 1636px) 100vw, 1636px\" \/><\/p>\n<p style=\"text-align: center;\" data-start=\"1850\" data-end=\"2138\"><span style=\"font-size: 10pt;\"><em>NB I-es m\u00e9rk\u0151z\u00e9sen Dorogon. Major jobbr\u00f3l a harmadik (forr\u00e1s: K\u00e9pes Sport magazin)<\/em><\/span><\/p>\n<p style=\"text-align: justify;\" data-start=\"2140\" data-end=\"2684\">Az 1976\u20131977-es NB I-es id\u00e9nyben Major Ferenc a csapat egyik meghat\u00e1roz\u00f3 j\u00e1t\u00e9kos\u00e1v\u00e1 v\u00e1lt. B\u00e1r a szezon v\u00e9g\u00e9n a dorogiak b\u00facs\u00fazni k\u00e9nyszer\u00fcltek az \u00e9lvonalt\u00f3l, t\u00f6bb eml\u00e9kezetes m\u00e9rk\u0151z\u00e9st is j\u00e1tszottak, \u00e9s sz\u00e1mos brav\u00faros eredm\u00e9nyt \u00e9rtek el. A legnagyobb visszhangot k\u00e9ts\u00e9gk\u00edv\u00fcl a bajnoki c\u00edmre p\u00e1ly\u00e1z\u00f3 \u00dajpesti D\u00f3zsa legy\u0151z\u00e9se v\u00e1ltotta ki, amellyel gyakorlatilag elvett\u00e9k a lila-feh\u00e9rekt\u0151l az arany\u00e9rem megszerz\u00e9s\u00e9nek lehet\u0151s\u00e9g\u00e9t. Ezzel egy\u00fattal a Vasasnak is nagy szolg\u00e1latot tettek, amely v\u00e9g\u00fcl megszerezte fenn\u00e1ll\u00e1s\u00e1nak legut\u00f3bbi bajnoki c\u00edm\u00e9t.<\/p>\n<p data-start=\"2140\" data-end=\"2684\"><img decoding=\"async\" class=\"aligncenter wp-image-82580 size-full\" src=\"https:\/\/dorogimedence.hu\/wp-content\/uploads\/2026\/08\/MF_6.jpg\" alt=\"\" width=\"1471\" height=\"1098\" srcset=\"https:\/\/dorogimedence.hu\/wp-content\/uploads\/2026\/08\/MF_6.jpg 1471w, https:\/\/dorogimedence.hu\/wp-content\/uploads\/2026\/08\/MF_6-600x448.jpg 600w, https:\/\/dorogimedence.hu\/wp-content\/uploads\/2026\/08\/MF_6-768x573.jpg 768w, https:\/\/dorogimedence.hu\/wp-content\/uploads\/2026\/08\/MF_6-150x112.jpg 150w, https:\/\/dorogimedence.hu\/wp-content\/uploads\/2026\/08\/MF_6-450x336.jpg 450w, https:\/\/dorogimedence.hu\/wp-content\/uploads\/2026\/08\/MF_6-1200x896.jpg 1200w\" sizes=\"(max-width: 1471px) 100vw, 1471px\" \/><\/p>\n<p style=\"text-align: justify;\" data-start=\"2140\" data-end=\"2684\"><span style=\"font-size: 10pt;\"><em>Az \u00dajpesti D\u00f3zsa elleni m\u00e9rk\u0151z\u00e9sen a Megyeri \u00faton a csapatok bevonul\u00e1sa sor\u00e1n Schnitzer Imre \u00e9s P\u00e1sztor S\u00e1ndor j\u00e1t\u00e9kost\u00e1rsai k\u00f6z\u00f6tt. Az el\u0151t\u00e9rben Fazekas L\u00e1szl\u00f3, az \u00dajpest csapatkapit\u00e1nya (forr\u00e1s: Major Ferenc album\u00e1b\u00f3l)<\/em><\/span><\/p>\n<p style=\"text-align: justify;\" data-start=\"2686\" data-end=\"2940\">Major Ferenc kiv\u00e1l\u00f3 teljes\u00edtm\u00e9nye orsz\u00e1gos visszhangot is kiv\u00e1ltott. M\u00e9g a bajnoki id\u00e9ny sor\u00e1n megh\u00edv\u00e1st kapott Bar\u00f3ti Lajos sz\u00f6vets\u00e9gi kapit\u00e1ny v\u00e1logatott keret\u00e9be, ami egy\u00e9rtelm\u0171 visszaigazol\u00e1sa volt annak, hogy Dorogon \u00e9lvonalbeli j\u00e1t\u00e9koss\u00e1 \u00e9rett. A dorogi csapat sz\u00edneiben 56 bajnoki m\u00e9rk\u0151z\u00e9sen l\u00e9pett p\u00e1ly\u00e1ra, vezet\u0151edz\u0151je Ivancis Tibor volt. A szakmai st\u00e1bban olyan egykori dorogi legend\u00e1k keze alatt dolgozott, mint Cs\u00f3ri L\u00e1szl\u00f3, Ilku Istv\u00e1n \u00e9s Buz\u00e1nszky Jen\u0151.<\/p>\n<p data-start=\"2686\" data-end=\"2940\"><img loading=\"lazy\" decoding=\"async\" class=\"aligncenter wp-image-82581 size-medium\" src=\"https:\/\/dorogimedence.hu\/wp-content\/uploads\/2026\/08\/MF_7-600x585.jpg\" alt=\"\" width=\"600\" height=\"585\" srcset=\"https:\/\/dorogimedence.hu\/wp-content\/uploads\/2026\/08\/MF_7-600x585.jpg 600w, https:\/\/dorogimedence.hu\/wp-content\/uploads\/2026\/08\/MF_7-768x749.jpg 768w, https:\/\/dorogimedence.hu\/wp-content\/uploads\/2026\/08\/MF_7-150x146.jpg 150w, https:\/\/dorogimedence.hu\/wp-content\/uploads\/2026\/08\/MF_7-450x439.jpg 450w, https:\/\/dorogimedence.hu\/wp-content\/uploads\/2026\/08\/MF_7-1200x1170.jpg 1200w, https:\/\/dorogimedence.hu\/wp-content\/uploads\/2026\/08\/MF_7.jpg 1409w\" sizes=\"(max-width: 600px) 100vw, 600px\" \/><\/p>\n<p style=\"text-align: justify;\" data-start=\"2686\" data-end=\"2940\"><span style=\"font-size: 10pt;\"><em>Itt m\u00e9g a leend\u0151 csapata, a Ferencv\u00e1ros ellenfelek\u00e9nt vesz\u00e9lyezteti a f\u0151v\u00e1rosiak kapuj\u00e1t. K\u00e9s\u0151bbi csapatt\u00e1rsai; Hajd\u00fa J\u00f3zsef kapus \u00e9s B\u00e1lint L\u00e1szl\u00f3 k\u00f6z\u00f6s er\u0151vel mentenek el\u0151le az FTC &#8211; Dorog bajnoki m\u00e9rk\u0151z\u00e9sen az \u00dcll\u0151i \u00faton (forr\u00e1s: K\u00e9pes Sport magazin)<\/em><\/span><\/p>\n<p style=\"text-align: justify;\" data-start=\"2942\" data-end=\"3212\">1977 nyar\u00e1n t\u00f6bb NB I-es klub is szerette volna megszerezni, v\u00e9g\u00fcl a Ferencv\u00e1roshoz igazolt. Els\u0151 id\u00e9ny\u00e9ben r\u00f6gt\u00f6n jelent\u0151s sikert \u00fcnnepelhetett: az FTC megnyerte a Magyar N\u00e9pk\u00f6zt\u00e1rsas\u00e1gi Kup\u00e1t (MNK), amellyel kiv\u00edvta a Kupagy\u0151ztesek Eur\u00f3pa-kup\u00e1j\u00e1ban val\u00f3 indul\u00e1s jog\u00e1t.<\/p>\n<p style=\"text-align: justify;\" data-start=\"3214\" data-end=\"3666\">A KEK els\u0151 fordul\u00f3ja k\u00fcl\u00f6n\u00f6sen eml\u00e9kezetes maradt sz\u00e1m\u00e1ra. A sv\u00e9d Kalmar FF elleni hazai m\u00e9rk\u0151z\u00e9sen Nyilasi Tibor mellett \u0151 is betal\u00e1lt, a Ferencv\u00e1ros pedig 2\u20130-s gy\u0151zelmet aratott. A z\u00f6ld-feh\u00e9rek v\u00e9g\u00fcl 4\u20132-es \u00f6sszes\u00edt\u00e9ssel jutottak tov\u00e1bb. A k\u00f6vetkez\u0151 fordul\u00f3ban az 1. FC Magdeburg ellen m\u00e1r nem siker\u00fclt a tov\u00e1bbjut\u00e1s. A k\u00e9t m\u00e9rk\u0151z\u00e9s \u00f6sszes\u00edt\u00e9se 2\u20132 lett, \u00e1m a keletn\u00e9met egy\u00fcttes az idegenben szerzett g\u00f3lnak k\u00f6sz\u00f6nhet\u0151en folytathatta szerepl\u00e9s\u00e9t.<\/p>\n<p data-start=\"3214\" data-end=\"3666\"><img loading=\"lazy\" decoding=\"async\" class=\"aligncenter wp-image-82538 size-full\" src=\"https:\/\/dorogimedence.hu\/wp-content\/uploads\/2026\/08\/MF_4.jpg\" alt=\"\" width=\"1470\" height=\"1108\" srcset=\"https:\/\/dorogimedence.hu\/wp-content\/uploads\/2026\/08\/MF_4.jpg 1470w, https:\/\/dorogimedence.hu\/wp-content\/uploads\/2026\/08\/MF_4-600x452.jpg 600w, https:\/\/dorogimedence.hu\/wp-content\/uploads\/2026\/08\/MF_4-768x579.jpg 768w, https:\/\/dorogimedence.hu\/wp-content\/uploads\/2026\/08\/MF_4-150x113.jpg 150w, https:\/\/dorogimedence.hu\/wp-content\/uploads\/2026\/08\/MF_4-450x339.jpg 450w, https:\/\/dorogimedence.hu\/wp-content\/uploads\/2026\/08\/MF_4-1200x904.jpg 1200w\" sizes=\"(max-width: 1470px) 100vw, 1470px\" \/><\/p>\n<p style=\"text-align: center;\" data-start=\"3214\" data-end=\"3666\"><span style=\"font-size: 10pt;\"><em>A kupagy\u0151ztes csapat tagjak\u00e9nt \u00e9rmekkel a kez\u00e9ben a fels\u0151 sorban a negyedik (forr\u00e1s: Temp\u00f3 Fradi! online)<\/em><\/span><\/p>\n<p style=\"text-align: justify;\" data-start=\"3668\" data-end=\"4052\">M\u00e1sodik ferencv\u00e1rosi id\u00e9ny\u00e9ben bajnoki ez\u00fcst\u00e9rmet szerzett csapat\u00e1val. Az FTC mind\u00f6ssze \u00f6t veres\u00e9get szenvedett a bajnoks\u00e1g sor\u00e1n, hazai p\u00e1ly\u00e1n pedig veretlen maradt. Az ez\u00fcst\u00e9rem UEFA-kupa-szerepl\u00e9st \u00e9rt, ahol azonban a Lokomotiv Sz\u00f3fia jelentette a v\u00e9g\u00e1llom\u00e1st. A bolg\u00e1rok hazai p\u00e1ly\u00e1n 3\u20130-ra gy\u0151ztek, \u00edgy a budapesti 2\u20130-s ferencv\u00e1rosi siker m\u00e1r nem volt elegend\u0151 a tov\u00e1bbjut\u00e1shoz.<\/p>\n<p data-start=\"3668\" data-end=\"4052\"><img loading=\"lazy\" decoding=\"async\" class=\"aligncenter wp-image-82539 size-medium\" src=\"https:\/\/dorogimedence.hu\/wp-content\/uploads\/2026\/08\/MF_5-501x600.jpg\" alt=\"\" width=\"501\" height=\"600\" srcset=\"https:\/\/dorogimedence.hu\/wp-content\/uploads\/2026\/08\/MF_5-501x600.jpg 501w, https:\/\/dorogimedence.hu\/wp-content\/uploads\/2026\/08\/MF_5-150x180.jpg 150w, https:\/\/dorogimedence.hu\/wp-content\/uploads\/2026\/08\/MF_5-450x539.jpg 450w, https:\/\/dorogimedence.hu\/wp-content\/uploads\/2026\/08\/MF_5.jpg 660w\" sizes=\"(max-width: 501px) 100vw, 501px\" \/><\/p>\n<p style=\"text-align: center;\" data-start=\"3668\" data-end=\"4052\"><span style=\"font-size: 10pt;\"><em>A Magyar N\u00e9pk\u00f6zt\u00e1rsas\u00e1gi Kup\u00e1val (forr\u00e1s: Temp\u00f3 Fradi! online)<\/em><\/span><\/p>\n<p style=\"text-align: justify;\" data-start=\"4054\" data-end=\"4315\">Az 1979\u20131980-as bajnoks\u00e1gban a Ferencv\u00e1ros a hatodik helyen v\u00e9gzett, \u00e1m a k\u00f6vetkez\u0151 id\u00e9nyben ism\u00e9t a magyar labdar\u00fag\u00e1s cs\u00facs\u00e1ra \u00e9rt. Az 1980\u20131981-es szezonban mind\u00f6ssze n\u00e9gy veres\u00e9get szenvedve megszerezte a bajnoki c\u00edmet.<\/p>\n<p class=\"PDq2pG_selectionAnchorContainer\" style=\"text-align: justify;\" data-start=\"318\" data-end=\"651\">1980 janu\u00e1rj\u00e1ban Major Ferenc a Ferencv\u00e1ros j\u00e1t\u00e9kosaira \u00e9p\u00fcl\u0151 magyar ligav\u00e1logatott tagjak\u00e9nt vett r\u00e9szt egy k\u00f6zel negyvennapos d\u00e9l-amerikai t\u00far\u00e1n, amely p\u00e1lyafut\u00e1s\u00e1nak egyik legk\u00fcl\u00f6nlegesebb nemzetk\u00f6zi \u00e9lm\u00e9ny\u00e9t jelentette. A v\u00e9d\u0151 a m\u00e9rk\u0151z\u00e9sek d\u00f6nt\u0151 t\u00f6bbs\u00e9g\u00e9n p\u00e1ly\u00e1ra l\u00e9pett, \u00e9s v\u00e9gig meghat\u00e1roz\u00f3 szerepet t\u00f6lt\u00f6tt be a csapatban.<\/p>\n<p data-start=\"318\" data-end=\"651\"><img loading=\"lazy\" decoding=\"async\" class=\"aligncenter wp-image-82535 size-full\" src=\"https:\/\/dorogimedence.hu\/wp-content\/uploads\/2026\/08\/MF_1.jpg\" alt=\"\" width=\"1419\" height=\"918\" srcset=\"https:\/\/dorogimedence.hu\/wp-content\/uploads\/2026\/08\/MF_1.jpg 1419w, https:\/\/dorogimedence.hu\/wp-content\/uploads\/2026\/08\/MF_1-600x388.jpg 600w, https:\/\/dorogimedence.hu\/wp-content\/uploads\/2026\/08\/MF_1-768x497.jpg 768w, https:\/\/dorogimedence.hu\/wp-content\/uploads\/2026\/08\/MF_1-150x97.jpg 150w, https:\/\/dorogimedence.hu\/wp-content\/uploads\/2026\/08\/MF_1-450x291.jpg 450w, https:\/\/dorogimedence.hu\/wp-content\/uploads\/2026\/08\/MF_1-1200x776.jpg 1200w\" sizes=\"(max-width: 1419px) 100vw, 1419px\" \/><\/p>\n<p style=\"text-align: center;\" data-start=\"318\" data-end=\"651\"><span style=\"font-size: 10pt;\"><em>A Ferencv\u00e1ros bajnokcsapata 1981-ben. Major Ferenc a k\u00f6z\u00e9ps\u0151 sorban balr\u00f3l a legels\u0151 (forr\u00e1s: K\u00e9pes Sport magazin)<\/em><\/span><\/p>\n<p style=\"text-align: justify;\" data-start=\"653\" data-end=\"911\">A t\u00fara els\u0151 \u00e1llom\u00e1sa Kolumbia volt, ahol a magyar egy\u00fcttes a <em>Triangular de Oro<\/em> elnevez\u00e9s\u0171 torn\u00e1n szerepelt. Bogot\u00e1ban el\u0151bb 2\u20132-es d\u00f6ntetlent j\u00e1tszott a rom\u00e1n v\u00e1logatottal, majd ugyancsak a f\u0151v\u00e1rosban 1\u20131-re v\u00e9gzett a kolumbiai olimpiai v\u00e1logatott ellen.<\/p>\n<p style=\"text-align: justify;\" data-start=\"913\" data-end=\"1227\">Ezt k\u00f6vet\u0151en Argent\u00edn\u00e1ba utazott a k\u00fcld\u00f6tts\u00e9g, ahol Mar del Plat\u00e1ban a <em>Copa de Oro<\/em> torn\u00e1n m\u00e9rte \u00f6ssze erej\u00e9t az argentin futball meghat\u00e1roz\u00f3 egy\u00fctteseivel. A magyar csapat a River Plate \u00e9s a Boca Juniors ellen egyar\u00e1nt 1\u20131-es d\u00f6ntetlent \u00e9rt el, m\u00edg a Racing Club ellen eml\u00e9kezetes, 3\u20132-es gy\u0151zelmet aratott. Ez ut\u00f3bbi tal\u00e1lkoz\u00f3 Major Ferenc p\u00e1lyafut\u00e1s\u00e1nak egyik legszebb nemzetk\u00f6zi eml\u00e9ke maradt. A fordulatos m\u00e9rk\u0151z\u00e9sen az argentinok szerezt\u00e9k meg a vezet\u00e9st, amelyet a magyar csapat 2\u20131-re ford\u00edtott, majd a Racing egyenl\u00edtett. Major cserek\u00e9nt l\u00e9pett p\u00e1ly\u00e1ra, \u00e9s a 84. percben szerzett fejesg\u00f3lj\u00e1val \u00e1ll\u00edtotta be a 3\u20132-es v\u00e9geredm\u00e9nyt, megszerezve ezzel a gy\u0151ztes tal\u00e1latot. A torn\u00e1n egyed\u00fcl az Independiente bizonyult jobbnak, amely 2\u20130-ra gy\u0151z\u00f6tt a magyarok ellen. A ligav\u00e1logatott \u00edgy is el\u0151kel\u0151 m\u00e1sodik helyen z\u00e1rta a rangos viadalt.<\/p>\n<p data-start=\"913\" data-end=\"1227\"><img loading=\"lazy\" decoding=\"async\" class=\"aligncenter wp-image-82537 size-medium\" src=\"https:\/\/dorogimedence.hu\/wp-content\/uploads\/2026\/08\/MF_3-470x600.jpg\" alt=\"\" width=\"470\" height=\"600\" srcset=\"https:\/\/dorogimedence.hu\/wp-content\/uploads\/2026\/08\/MF_3-470x600.jpg 470w, https:\/\/dorogimedence.hu\/wp-content\/uploads\/2026\/08\/MF_3-150x191.jpg 150w, https:\/\/dorogimedence.hu\/wp-content\/uploads\/2026\/08\/MF_3-450x574.jpg 450w, https:\/\/dorogimedence.hu\/wp-content\/uploads\/2026\/08\/MF_3.jpg 580w\" sizes=\"(max-width: 470px) 100vw, 470px\" \/><\/p>\n<p style=\"text-align: center;\" data-start=\"913\" data-end=\"1227\"><span style=\"font-size: 10pt;\"><em>Szokolai L\u00e1szl\u00f3 \u00e9s Eszterh\u00e1zy M\u00e1rton k\u00f6z\u00f6tt (forr\u00e1s: Temp\u00f3 Fradi! online)<\/em><\/span><\/p>\n<p style=\"text-align: justify;\" data-start=\"913\" data-end=\"1227\">Buenos Airesben a V\u00e9lez Sarsfield stadionj\u00e1ban az Argentinos Juniors ellen l\u00e9ptek p\u00e1ly\u00e1ra. A 2\u20132-es d\u00f6ntetlennel v\u00e9gz\u0151d\u0151 m\u00e9rk\u0151z\u00e9s k\u00fcl\u00f6nlegess\u00e9ge volt, hogy az argentin egy\u00fcttes mindk\u00e9t g\u00f3lj\u00e1t a k\u00e9s\u0151bbi vil\u00e1gbajnok Diego Maradona szerezte, aki a k\u00e9t g\u00f3lja mellett egy 11-est is kihagyott, illetve a magyar kapus, Kakas L\u00e1szl\u00f3 h\u00e1r\u00edtotta. Ugyancsak az argentin f\u0151v\u00e1rosban m\u00e9rk\u0151ztek meg a San Lorenzo csapata ellen, amelyt\u0151l 4\u20131-s veres\u00e9get szenvedtek. Az argent\u00ednai vend\u00e9gszerepl\u00e9s Rosario v\u00e1ros\u00e1ban \u00e9rt v\u00e9get, ahol a Lionel Messi nevel\u0151egyes\u00fcletek\u00e9nt ismert Newell&#8217;s Old Boys 4\u20131-re legy\u0151zte a magyar csapatot.<\/p>\n<p style=\"text-align: justify;\" data-start=\"913\" data-end=\"1227\">Majd j\u00f6tt az \u00fajabb sz\u00ednhely, Bol\u00edvia. El\u0151bb Santa Cruzban az Oriente Petrolero csapata ellen g\u00f3l n\u00e9lk\u00fcli d\u00f6ntetlen, majd a La Pazban a The Strongest nev\u0171 helyi csapat ellen 4\u20131-es veres\u00e9g k\u00f6vetkezett. A tekint\u00e9lyes t\u00fara z\u00e1r\u00f3helysz\u00edne Mexik\u00f3 volt, amely sor\u00e1n az Azt\u00e9k stadionban a mexik\u00f3i ut\u00e1np\u00f3tl\u00e1s-v\u00e1logatott 2 : 0 ar\u00e1nyban gy\u0151z\u0151tt a magyar f\u00e9llel szemben. A t\u00fara valamennyi m\u00e9rk\u0151z\u00e9s\u00e9t rendk\u00edv\u00fcli \u00e9rdekl\u0151d\u00e9s \u00f6vezte: t\u00f6bb alkalommal telt h\u00e1z fogadta a r\u00e9sztvev\u0151ket, a tal\u00e1lkoz\u00f3k k\u00f6z\u00fcl pedig sz\u00e1mosat a telev\u00edzi\u00f3 is \u00e9l\u0151ben k\u00f6zvet\u00edtett.<\/p>\n<p data-start=\"4054\" data-end=\"4315\"><img loading=\"lazy\" decoding=\"async\" class=\"aligncenter wp-image-82596 \" src=\"https:\/\/dorogimedence.hu\/wp-content\/uploads\/2026\/08\/MF_11-446x600.jpg\" alt=\"\" width=\"466\" height=\"627\" srcset=\"https:\/\/dorogimedence.hu\/wp-content\/uploads\/2026\/08\/MF_11-446x600.jpg 446w, https:\/\/dorogimedence.hu\/wp-content\/uploads\/2026\/08\/MF_11-1426x1920.jpg 1426w, https:\/\/dorogimedence.hu\/wp-content\/uploads\/2026\/08\/MF_11-768x1034.jpg 768w, https:\/\/dorogimedence.hu\/wp-content\/uploads\/2026\/08\/MF_11-1141x1536.jpg 1141w, https:\/\/dorogimedence.hu\/wp-content\/uploads\/2026\/08\/MF_11-1521x2048.jpg 1521w, https:\/\/dorogimedence.hu\/wp-content\/uploads\/2026\/08\/MF_11-150x202.jpg 150w, https:\/\/dorogimedence.hu\/wp-content\/uploads\/2026\/08\/MF_11-450x606.jpg 450w, https:\/\/dorogimedence.hu\/wp-content\/uploads\/2026\/08\/MF_11-1200x1616.jpg 1200w, https:\/\/dorogimedence.hu\/wp-content\/uploads\/2026\/08\/MF_11.jpg 1542w\" sizes=\"(max-width: 466px) 100vw, 466px\" \/><\/p>\n<p style=\"text-align: justify;\" data-start=\"4054\" data-end=\"4315\"><em><span style=\"font-size: 10pt;\">A d\u00e9l-amerikai t\u00fara 40 \u00e9ves \u00e9vfordul\u00f3ja alkalm\u00e1b\u00f3l megjelentett\u00e9k az eredeti cikket (forr\u00e1s: Nemzeti Sport &#8211; Major Ferenc gy\u0171jtem\u00e9ny\u00e9b\u0151l)<\/span><\/em><\/p>\n<p style=\"text-align: justify;\" data-start=\"4054\" data-end=\"4315\">A z\u00f6ld-feh\u00e9rekn\u00e9l 59 bajnokin szerepelt \u00e9s n\u00e9gy g\u00f3lt szerzett t\u00e9tm\u00e9rk\u0151z\u00e9sen. A Fradin\u00e1l h\u00e1rom egykori dorogi labda\u00fag\u00f3val is szolg\u00e1lt egy\u00fctt. K\u00f6z\u00fcl\u00fck akt\u00edv j\u00e1t\u00e9kost\u00e1rsa volt Mucha J\u00f3zsef, aki 1970-ben \u00e9rkezett Dorogr\u00f3l, valamint a szakmai st\u00e1b tagjai k\u00f6z\u00fcl Sz\u0171cs Lajos \u00e9s Monostori Tivadar pedig p\u00e1lyaedz\u0151k\u00e9nt. Vezet\u0151edz\u0151i a f\u0151v\u00e1rosi csapatban sorrendben Dalnoki Jen\u0151, Friedmanszky Zolt\u00e1n \u00e9s Nov\u00e1k Dezs\u0151 voltak. 1981 nyar\u00e1n, n\u00e9gy eredm\u00e9nyes ferencv\u00e1rosi id\u00e9nyt k\u00f6vet\u0151en b\u00facs\u00fat vett az \u00dcll\u0151i \u00fatt\u00f3l, \u00e9s az ugyancsak NB I-es Zalaegerszegi TE csapat\u00e1hoz szerz\u0151d\u00f6tt. A zalai egyes\u00fcletet h\u00e1rom \u00e9ven \u00e1t er\u0151s\u00edtette, majd egy szezonra a Veszpr\u00e9mi Bakony Vegy\u00e9sz j\u00e1t\u00e9kosa lett. Akt\u00edv labdar\u00fag\u00f3-p\u00e1lyafut\u00e1s\u00e1t v\u00e9g\u00fcl Szentgotth\u00e1rdon z\u00e1rta le, m\u00f6g\u00f6tte k\u00f6zel m\u00e1sf\u00e9l \u00e9vtizednyi \u00e9lvonalbeli \u00e9s m\u00e1sodoszt\u00e1ly\u00fa szerepl\u00e9ssel, valamint sz\u00e1mos eml\u00e9kezetes m\u00e9rk\u0151z\u00e9ssel \u00e9s jelent\u0151s sportsikerrel. A foci mellett a tek\u00e9ben is kipr\u00f3b\u00e1lta mag\u00e1t, amelyben ugyancsak sikeres volt. Csapat\u00e1val a nyolcvanas \u00e9vek m\u00e1sodik fel\u00e9ben megnyert\u00e9k a szentgotth\u00e1rdi v\u00e1rosi bajnoks\u00e1got.<\/p>\n<p data-start=\"4054\" data-end=\"4315\"><img loading=\"lazy\" decoding=\"async\" class=\"aligncenter wp-image-82595 \" src=\"https:\/\/dorogimedence.hu\/wp-content\/uploads\/2026\/08\/MF_10-495x600.jpg\" alt=\"\" width=\"467\" height=\"566\" srcset=\"https:\/\/dorogimedence.hu\/wp-content\/uploads\/2026\/08\/MF_10-495x600.jpg 495w, https:\/\/dorogimedence.hu\/wp-content\/uploads\/2026\/08\/MF_10-150x182.jpg 150w, https:\/\/dorogimedence.hu\/wp-content\/uploads\/2026\/08\/MF_10-450x546.jpg 450w, https:\/\/dorogimedence.hu\/wp-content\/uploads\/2026\/08\/MF_10.jpg 692w\" sizes=\"(max-width: 467px) 100vw, 467px\" \/><\/p>\n<p style=\"text-align: justify;\" data-start=\"4054\" data-end=\"4315\"><span style=\"font-size: 10pt;\"><em>65 \u00e9vesen a Ferencv\u00e1ros stadionj\u00e1ban l\u00e1togat\u00f3ban. N\u00e9vre sz\u00f3l\u00f3 FTC mezt visel, a h\u00e1toldal\u00e1n Major 65 felirattal (forr\u00e1s: Major Ferenc album\u00e1b\u00f3l).<\/em><\/span><\/p>\n<p class=\"PDq2pG_selectionAnchorContainer\" style=\"text-align: justify;\" data-start=\"508\" data-end=\"1035\">\u00c9rdekess\u00e9gk\u00e9nt \u00e9rdemes megeml\u00edteni, hogy miel\u0151tt a Ferencv\u00e1roshoz igazolt volna, a Dorog j\u00e1t\u00e9kosk\u00e9nt alig egy \u00e9v leforg\u00e1sa alatt h\u00e1rom t\u00e9tm\u00e9rk\u0151z\u00e9sen is p\u00e1ly\u00e1ra l\u00e9pett leend\u0151 klubja ellen. K\u00e9s\u0151bbi egyes\u00fclete, a Zalaegerszegi TE pedig k\u00fcl\u00f6nleges m\u00f3don kapcsol\u00f3dott a dorogi csapat t\u00f6rt\u00e9net\u00e9hez is: a Dorog az 1976\u20131977-es \u00e9lvonalbeli bajnoks\u00e1got \u00e9ppen Zalaegerszeg ellen kezdte, \u00e9s a zalai g\u00e1rda ellen is j\u00e1tszotta az id\u00e9ny utols\u00f3 m\u00e9rk\u0151z\u00e9s\u00e9t is. Nem mellesleg, \u00edgy a ZTE ellen v\u00edvta a Dorog m\u00e1ig utols\u00f3 \u00e9lvonalbeli bajnoki tal\u00e1lkoz\u00f3j\u00e1t.<\/p>\n<p data-start=\"508\" data-end=\"1035\"><img loading=\"lazy\" decoding=\"async\" class=\"aligncenter wp-image-82594 \" src=\"https:\/\/dorogimedence.hu\/wp-content\/uploads\/2026\/08\/MF_9-459x600.jpg\" alt=\"\" width=\"469\" height=\"613\" srcset=\"https:\/\/dorogimedence.hu\/wp-content\/uploads\/2026\/08\/MF_9-459x600.jpg 459w, https:\/\/dorogimedence.hu\/wp-content\/uploads\/2026\/08\/MF_9-768x1003.jpg 768w, https:\/\/dorogimedence.hu\/wp-content\/uploads\/2026\/08\/MF_9-150x196.jpg 150w, https:\/\/dorogimedence.hu\/wp-content\/uploads\/2026\/08\/MF_9-450x588.jpg 450w, https:\/\/dorogimedence.hu\/wp-content\/uploads\/2026\/08\/MF_9.jpg 784w\" sizes=\"(max-width: 469px) 100vw, 469px\" \/><\/p>\n<p style=\"text-align: center;\" data-start=\"508\" data-end=\"1035\"><span style=\"font-size: 10pt;\"><em>N\u00e9h\u00e1ny \u00e9ve egy vak\u00e1ci\u00f3n (forr\u00e1s: Major Ferenc album\u00e1b\u00f3l)<\/em><\/span><\/p>\n<p style=\"text-align: justify;\" data-start=\"1037\" data-end=\"1428\">A kerek hetvenedik sz\u00fclet\u00e9snapj\u00e1n \u00fajabb \u00e9rdekes egybees\u00e9s k\u00edn\u00e1lkozik: egykori k\u00e9t klubja, a Dorog \u00e9s a Veszpr\u00e9m \u00e9ppen egym\u00e1ssal m\u00e9rk\u0151zik meg a bajnoks\u00e1gban. Sz\u00fcl\u0151v\u00e1rosa \u00e9s nevel\u0151egyes\u00fclete, a Mosonmagyar\u00f3v\u00e1ri TE pedig jelenleg szint\u00e9n a dorogiak csoportt\u00e1rsa az NB III-as bajnoks\u00e1gban, ak\u00e1rcsak a Zalaegerszeg II, a ZTE tartal\u00e9k egy\u00fcttese. Mintha a labdar\u00fag\u00e1s ez\u00fattal is finoman \u00f6sszek\u00f6tn\u00e9 \u00e9let\u00e9nek fontos \u00e1llom\u00e1sait. Sportp\u00e1lyafut\u00e1sa sor\u00e1n a Fradiban j\u00e1tszott \u00e9veit\u0151l kezdve <em>Penge<\/em> becen\u00e9ven volt ismeretes, el\u0151tte Dorogon pedig a <em>Gizi<\/em> becenevet ragasztott\u00e1k r\u00e1.<\/p>\n<p data-start=\"1037\" data-end=\"1428\"><img loading=\"lazy\" decoding=\"async\" class=\"aligncenter wp-image-82536 size-full\" src=\"https:\/\/dorogimedence.hu\/wp-content\/uploads\/2026\/08\/MF_2.jpg\" alt=\"\" width=\"2132\" height=\"1620\" srcset=\"https:\/\/dorogimedence.hu\/wp-content\/uploads\/2026\/08\/MF_2.jpg 2132w, https:\/\/dorogimedence.hu\/wp-content\/uploads\/2026\/08\/MF_2-600x456.jpg 600w, https:\/\/dorogimedence.hu\/wp-content\/uploads\/2026\/08\/MF_2-1920x1459.jpg 1920w, https:\/\/dorogimedence.hu\/wp-content\/uploads\/2026\/08\/MF_2-768x584.jpg 768w, https:\/\/dorogimedence.hu\/wp-content\/uploads\/2026\/08\/MF_2-1536x1167.jpg 1536w, https:\/\/dorogimedence.hu\/wp-content\/uploads\/2026\/08\/MF_2-2048x1556.jpg 2048w, https:\/\/dorogimedence.hu\/wp-content\/uploads\/2026\/08\/MF_2-150x114.jpg 150w, https:\/\/dorogimedence.hu\/wp-content\/uploads\/2026\/08\/MF_2-450x342.jpg 450w, https:\/\/dorogimedence.hu\/wp-content\/uploads\/2026\/08\/MF_2-1200x912.jpg 1200w\" sizes=\"(max-width: 2132px) 100vw, 2132px\" \/><\/p>\n<p style=\"text-align: justify;\" data-start=\"1037\" data-end=\"1428\"><span style=\"font-size: 10pt;\"><em>A k\u00f6zelm\u00faltban egy nosztalgia tal\u00e1lkoz\u00f3n Dorogon, az egykori helyi csapat j\u00e1t\u00e9kosaival. K\u00f6zt\u00fck t\u00f6bb volt csapatt\u00e1rsa, mint Kiss Rudolf, Csap\u00f3 Zsigmond. Morecz L\u00e1szl\u00f3, Farszki Tibor \u00e9s Bartalos J\u00f3zsef. Major Ferenc az els\u0151 sorban jobbr\u00f3l a hetedik (z\u00f6ld l\u00e1bbeliben).<\/em><\/span><\/p>\n<p style=\"text-align: justify;\" data-start=\"1037\" data-end=\"1428\">Az akt\u00edv labdar\u00fag\u00e1st k\u00f6vet\u0151en a civil \u00e9let\u00e9ben mag\u00e1nv\u00e1llalkoz\u00f3k\u00e9nt fuvaroz\u00e1ssal foglalkozott, k\u00e9s\u0151bb \u00e9telfut\u00e1rk\u00e9nt dolgozott. Nyugd\u00edjask\u00e9nt sem vonult teljesen vissza a munk\u00e1t\u00f3l: jelenleg is egy \u00e9tterem fut\u00e1rak\u00e9nt dolgozik. Tov\u00e1bbra is Mosonmagyar\u00f3v\u00e1ron \u00e9l. H\u00e1rom gyermek \u00e9desapja: l\u00e1nya 1981-ben, els\u0151 fia 1985-ben sz\u00fcletett. K\u00e9s\u0151bb h\u00e1zass\u00e1ga v\u00e9get \u00e9rt, majd 2000-t\u0151l \u00e9lett\u00e1rsi kapcsolatban \u00e9lt, amelyb\u0151l 2005-ben \u00fajabb fia sz\u00fcletett. Csal\u00e1dja az\u00f3ta k\u00e9t unok\u00e1val is gyarapodott: els\u0151 unok\u00e1ja \u00f6t \u00e9vvel ezel\u0151tt, m\u00e1sodik unok\u00e1ja k\u00e9t \u00e9vvel ezel\u0151tt sz\u00fcletett, mindketten kisl\u00e1nyok. A futball vil\u00e1g\u00e1t jelenleg is lelkesen k\u00f6veti. F\u0151 kedvence a spanyol foci, azon bel\u00fcl is a Barcelona csapata, m\u00edg kedvenc labdar\u00fag\u00f3i; a brazil Ronaldinho \u00e9s az argentin Lionel Messi.<\/p>\n<p class=\"PDq2pG_selectionAnchorContainer\" style=\"text-align: justify;\" data-start=\"595\" data-end=\"1037\"><em>Sz\u00fclet\u00e9snapj\u00e1t megel\u0151z\u0151 kora este sz\u00fcl\u0151v\u00e1rosa csapata, a Mosonmagyar\u00f3v\u00e1ri TE 3\u20132-re legy\u0151zte a szombathelyi Kir\u00e1ly SE egy\u00fcttes\u00e9t, m\u00edg a Dorog 6 : 0 ar\u00e1ny\u00fa, f\u00f6l\u00e9nyes gy\u0151zelmet aratott a Veszpr\u00e9m felett az aktu\u00e1lis bajnoki fordul\u00f3ban. K\u00fcl\u00f6n \u00e9rdekess\u00e9g, hogy a k\u00e9t egyes\u00fclet jelenleg az NB III-as tabella els\u0151 k\u00e9t hely\u00e9n \u00e1ll: az \u00e9len a Dorog, m\u00f6g\u00f6tte pedig Mosonmagyar\u00f3v\u00e1r. A k\u00e9t gy\u0151zelmet ez\u00fattal ak\u00e1r az \u00fcnnepelt tisztelet\u00e9re is aj\u00e1nlhatjuk. <\/em>S\u0151t, egy igazi futballcsemege is jutott erre a napra: Major Ferenc m\u00e1sik egykori klubja, a Ferencv\u00e1ros nemzetk\u00f6zi bar\u00e1ts\u00e1gos m\u00e9rk\u0151z\u00e9sen a Real Madridot fogadta a Groupama Ar\u00e9n\u00e1ban. A z\u00f6ld-feh\u00e9rek tisztes helyt\u00e1ll\u00e1st mutattak a vil\u00e1gh\u00edr\u0171 ellenf\u00e9llel szemben, v\u00e9g\u00fcl azonban 2\u20131-es vend\u00e9ggy\u0151zelem sz\u00fcletett.<\/p>\n<p style=\"text-align: justify;\" data-start=\"1037\" data-end=\"1428\">Isten \u00e9ltesse 70. sz\u00fclet\u00e9snapj\u00e1n Major Ferencet, \u00e9s k\u00edv\u00e1njuk, hogy a p\u00e1ly\u00e1n szerzett eml\u00e9kekhez m\u00e9g sok-sok boldog, eg\u00e9szs\u00e9gben \u00e9s szeretetben elt\u00f6lt\u00f6tt esztend\u0151 t\u00e1rsuljon!<\/p>\n<p data-start=\"4054\" data-end=\"4315\"><span style=\"text-decoration: underline;\">Bor\u00edt\u00f3k\u00e9p<\/span>: Major Ferenc 20 \u00e9ves a Dorog j\u00e1t\u00e9kosak\u00e9nt &#8211; forr\u00e1s: Major Ferenc album\u00e1b\u00f3l<\/p>\n<p data-start=\"4054\" data-end=\"4315\">K\u00fcl\u00f6n k\u00f6sz\u00f6net Major Ferenc r\u00e9sz\u00e9re a cikkben felhaszn\u00e1lt adatok \u00e9s fot\u00f3k megoszt\u00e1s\u00e1\u00e9rt.<\/p>\n<p data-start=\"4054\" data-end=\"4315\"><em><strong>Szab\u00f3 Gyula<\/strong><\/em><\/p>\n","protected":false},"excerpt":{"rendered":"<p>Ma \u00fcnnepli 70. sz\u00fclet\u00e9snapj\u00e1t a Dorog, a Ferencv\u00e1ros \u00e9s a Zalaegerszegi TE egykori kiv\u00e1l\u00f3 labdar\u00fag\u00f3ja, Major Ferenc, aki p\u00e1lyafut\u00e1sa sor\u00e1n a v\u00e1logatott keretbe \u00e9s az ut\u00e1np\u00f3tl\u00e1s-v\u00e1logatottba is megh\u00edv\u00e1st kapott. E jeles alkalomb\u00f3l p\u00e1lyafut\u00e1s\u00e1t felid\u00e9z\u0151 \u00edr\u00e1ssal k\u00f6sz\u00f6ntj\u00fck. Major Ferenc 1956. augusztus 9-\u00e9n sz\u00fcletett Mosonmagyar\u00f3v\u00e1ron. Labdar\u00fag\u00f3-p\u00e1lyafut\u00e1s\u00e1t sz\u00fcl\u0151v\u00e1ros\u00e1ban, a MOTIM TE csapat\u00e1ban kezdte, ahol m\u00e9g ifj\u00fa j\u00e1t\u00e9kosk\u00e9nt felfigyeltek<\/p>\n","protected":false},"author":4,"featured_media":82583,"comment_status":"closed","ping_status":"closed","sticky":false,"template":"","format":"standard","meta":{"ngg_post_thumbnail":0,"footnotes":""},"categories":[2,3,6031,5],"tags":[],"class_list":["post-82532","post","type-post","status-publish","format-standard","has-post-thumbnail","category-dorog","category-hirek","category-kerek-evfordulok","category-sport"],"yoast_head":"<!-- This site is optimized with the Yoast SEO plugin v28.3 - https:\/\/yoast.com\/product\/yoast-seo-wordpress\/ -->\n<title>70 \u00e9ves Major Ferenc, a Dorogi AC egykori v\u00e1logatott kerettag labdar\u00fag\u00f3ja<\/title>\n<meta name=\"robots\" content=\"index, follow, max-snippet:-1, max-image-preview:large, max-video-preview:-1\" \/>\n<link rel=\"canonical\" href=\"https:\/\/dorogimedence.hu\/index.php\/2026\/08\/09\/70-eves-major-ferenc-a-dorogi-ac-egykori-valogatott-kerettag-labdarugoja\/\" class=\"yoast-seo-meta-tag\" \/>\n<meta property=\"og:locale\" content=\"hu_HU\" class=\"yoast-seo-meta-tag\" \/>\n<meta property=\"og:type\" content=\"article\" class=\"yoast-seo-meta-tag\" \/>\n<meta property=\"og:title\" content=\"70 \u00e9ves Major Ferenc, a Dorogi AC egykori v\u00e1logatott kerettag labdar\u00fag\u00f3ja\" class=\"yoast-seo-meta-tag\" \/>\n<meta property=\"og:description\" content=\"Ma \u00fcnnepli 70. sz\u00fclet\u00e9snapj\u00e1t a Dorog, a Ferencv\u00e1ros \u00e9s a Zalaegerszegi TE egykori kiv\u00e1l\u00f3 labdar\u00fag\u00f3ja, Major Ferenc, aki p\u00e1lyafut\u00e1sa sor\u00e1n a v\u00e1logatott keretbe \u00e9s az ut\u00e1np\u00f3tl\u00e1s-v\u00e1logatottba is megh\u00edv\u00e1st kapott. E jeles alkalomb\u00f3l p\u00e1lyafut\u00e1s\u00e1t felid\u00e9z\u0151 \u00edr\u00e1ssal k\u00f6sz\u00f6ntj\u00fck. Major Ferenc 1956. augusztus 9-\u00e9n sz\u00fcletett Mosonmagyar\u00f3v\u00e1ron. Labdar\u00fag\u00f3-p\u00e1lyafut\u00e1s\u00e1t sz\u00fcl\u0151v\u00e1ros\u00e1ban, a MOTIM TE csapat\u00e1ban kezdte, ahol m\u00e9g ifj\u00fa j\u00e1t\u00e9kosk\u00e9nt felfigyeltek\" class=\"yoast-seo-meta-tag\" \/>\n<meta property=\"og:url\" content=\"https:\/\/dorogimedence.hu\/index.php\/2026\/08\/09\/70-eves-major-ferenc-a-dorogi-ac-egykori-valogatott-kerettag-labdarugoja\/\" class=\"yoast-seo-meta-tag\" \/>\n<meta property=\"og:site_name\" content=\"Dorogi-medence Region\u00e1lis H\u00edrport\u00e1l\" class=\"yoast-seo-meta-tag\" \/>\n<meta property=\"article:publisher\" content=\"https:\/\/www.facebook.com\/dorogimedence\/\" class=\"yoast-seo-meta-tag\" \/>\n<meta property=\"article:published_time\" content=\"2026-08-09T05:52:31+00:00\" class=\"yoast-seo-meta-tag\" \/>\n<meta property=\"og:image\" content=\"https:\/\/dorogimedence.hu\/wp-content\/uploads\/2026\/08\/Major_borito.jpg\" class=\"yoast-seo-meta-tag\" \/>\n\t<meta property=\"og:image:width\" content=\"840\" class=\"yoast-seo-meta-tag\" \/>\n\t<meta property=\"og:image:height\" content=\"540\" class=\"yoast-seo-meta-tag\" \/>\n\t<meta property=\"og:image:type\" content=\"image\/jpeg\" class=\"yoast-seo-meta-tag\" \/>\n<meta name=\"author\" content=\"Szab\u00f3 Gyula\" class=\"yoast-seo-meta-tag\" \/>\n<meta name=\"twitter:card\" content=\"summary_large_image\" class=\"yoast-seo-meta-tag\" \/>\n<meta name=\"twitter:label1\" content=\"Szerz\u0151:\" class=\"yoast-seo-meta-tag\" \/>\n\t<meta name=\"twitter:data1\" content=\"Szab\u00f3 Gyula\" class=\"yoast-seo-meta-tag\" \/>\n\t<meta name=\"twitter:label2\" content=\"Becs\u00fclt olvas\u00e1si id\u0151\" class=\"yoast-seo-meta-tag\" \/>\n\t<meta name=\"twitter:data2\" content=\"13 perc\" class=\"yoast-seo-meta-tag\" \/>\n<script type=\"application\/ld+json\" class=\"yoast-schema-graph\">{\"@context\":\"https:\\\/\\\/schema.org\",\"@graph\":[{\"@type\":\"Article\",\"@id\":\"https:\\\/\\\/dorogimedence.hu\\\/index.php\\\/2026\\\/08\\\/09\\\/70-eves-major-ferenc-a-dorogi-ac-egykori-valogatott-kerettag-labdarugoja\\\/#article\",\"isPartOf\":{\"@id\":\"https:\\\/\\\/dorogimedence.hu\\\/index.php\\\/2026\\\/08\\\/09\\\/70-eves-major-ferenc-a-dorogi-ac-egykori-valogatott-kerettag-labdarugoja\\\/\"},\"author\":{\"name\":\"Szab\u00f3 Gyula\",\"@id\":\"https:\\\/\\\/dorogimedence.hu\\\/#\\\/schema\\\/person\\\/76605e8151ec1b7376385cd184ede973\"},\"headline\":\"70 \u00e9ves Major Ferenc, a Dorogi AC egykori v\u00e1logatott kerettag labdar\u00fag\u00f3ja\",\"datePublished\":\"2026-08-09T05:52:31+00:00\",\"mainEntityOfPage\":{\"@id\":\"https:\\\/\\\/dorogimedence.hu\\\/index.php\\\/2026\\\/08\\\/09\\\/70-eves-major-ferenc-a-dorogi-ac-egykori-valogatott-kerettag-labdarugoja\\\/\"},\"wordCount\":2628,\"publisher\":{\"@id\":\"https:\\\/\\\/dorogimedence.hu\\\/#organization\"},\"image\":{\"@id\":\"https:\\\/\\\/dorogimedence.hu\\\/index.php\\\/2026\\\/08\\\/09\\\/70-eves-major-ferenc-a-dorogi-ac-egykori-valogatott-kerettag-labdarugoja\\\/#primaryimage\"},\"thumbnailUrl\":\"https:\\\/\\\/dorogimedence.hu\\\/wp-content\\\/uploads\\\/2026\\\/08\\\/Major_borito.jpg\",\"articleSection\":[\"Dorog\",\"H\u00edrek\",\"Kerek \u00e9vfordul\u00f3k\",\"Sport\"],\"inLanguage\":\"hu\"},{\"@type\":\"WebPage\",\"@id\":\"https:\\\/\\\/dorogimedence.hu\\\/index.php\\\/2026\\\/08\\\/09\\\/70-eves-major-ferenc-a-dorogi-ac-egykori-valogatott-kerettag-labdarugoja\\\/\",\"url\":\"https:\\\/\\\/dorogimedence.hu\\\/index.php\\\/2026\\\/08\\\/09\\\/70-eves-major-ferenc-a-dorogi-ac-egykori-valogatott-kerettag-labdarugoja\\\/\",\"name\":\"70 \u00e9ves Major Ferenc, a Dorogi AC egykori v\u00e1logatott kerettag labdar\u00fag\u00f3ja\",\"isPartOf\":{\"@id\":\"https:\\\/\\\/dorogimedence.hu\\\/#website\"},\"primaryImageOfPage\":{\"@id\":\"https:\\\/\\\/dorogimedence.hu\\\/index.php\\\/2026\\\/08\\\/09\\\/70-eves-major-ferenc-a-dorogi-ac-egykori-valogatott-kerettag-labdarugoja\\\/#primaryimage\"},\"image\":{\"@id\":\"https:\\\/\\\/dorogimedence.hu\\\/index.php\\\/2026\\\/08\\\/09\\\/70-eves-major-ferenc-a-dorogi-ac-egykori-valogatott-kerettag-labdarugoja\\\/#primaryimage\"},\"thumbnailUrl\":\"https:\\\/\\\/dorogimedence.hu\\\/wp-content\\\/uploads\\\/2026\\\/08\\\/Major_borito.jpg\",\"datePublished\":\"2026-08-09T05:52:31+00:00\",\"breadcrumb\":{\"@id\":\"https:\\\/\\\/dorogimedence.hu\\\/index.php\\\/2026\\\/08\\\/09\\\/70-eves-major-ferenc-a-dorogi-ac-egykori-valogatott-kerettag-labdarugoja\\\/#breadcrumb\"},\"inLanguage\":\"hu\",\"potentialAction\":[{\"@type\":\"ReadAction\",\"target\":[\"https:\\\/\\\/dorogimedence.hu\\\/index.php\\\/2026\\\/08\\\/09\\\/70-eves-major-ferenc-a-dorogi-ac-egykori-valogatott-kerettag-labdarugoja\\\/\"]}]},{\"@type\":\"ImageObject\",\"inLanguage\":\"hu\",\"@id\":\"https:\\\/\\\/dorogimedence.hu\\\/index.php\\\/2026\\\/08\\\/09\\\/70-eves-major-ferenc-a-dorogi-ac-egykori-valogatott-kerettag-labdarugoja\\\/#primaryimage\",\"url\":\"https:\\\/\\\/dorogimedence.hu\\\/wp-content\\\/uploads\\\/2026\\\/08\\\/Major_borito.jpg\",\"contentUrl\":\"https:\\\/\\\/dorogimedence.hu\\\/wp-content\\\/uploads\\\/2026\\\/08\\\/Major_borito.jpg\",\"width\":840,\"height\":540},{\"@type\":\"BreadcrumbList\",\"@id\":\"https:\\\/\\\/dorogimedence.hu\\\/index.php\\\/2026\\\/08\\\/09\\\/70-eves-major-ferenc-a-dorogi-ac-egykori-valogatott-kerettag-labdarugoja\\\/#breadcrumb\",\"itemListElement\":[{\"@type\":\"ListItem\",\"position\":1,\"name\":\"Kezd\u0151lap\",\"item\":\"https:\\\/\\\/dorogimedence.hu\\\/\"},{\"@type\":\"ListItem\",\"position\":2,\"name\":\"70 \u00e9ves Major Ferenc, a Dorogi AC egykori v\u00e1logatott kerettag labdar\u00fag\u00f3ja\"}]},{\"@type\":\"WebSite\",\"@id\":\"https:\\\/\\\/dorogimedence.hu\\\/#website\",\"url\":\"https:\\\/\\\/dorogimedence.hu\\\/\",\"name\":\"Dorogi-medence Region\u00e1lis H\u00edrport\u00e1l\",\"description\":\"Dorog, Keszt\u00f6lc, Le\u00e1nyv\u00e1r, Piliscs\u00e9v, Tokod, Tokodalt\u00e1r\u00f3, Csolnok, Esztergom-kertv\u00e1ros: h\u00edrek, programok\",\"publisher\":{\"@id\":\"https:\\\/\\\/dorogimedence.hu\\\/#organization\"},\"potentialAction\":[{\"@type\":\"SearchAction\",\"target\":{\"@type\":\"EntryPoint\",\"urlTemplate\":\"https:\\\/\\\/dorogimedence.hu\\\/?s={search_term_string}\"},\"query-input\":{\"@type\":\"PropertyValueSpecification\",\"valueRequired\":true,\"valueName\":\"search_term_string\"}}],\"inLanguage\":\"hu\"},{\"@type\":\"Organization\",\"@id\":\"https:\\\/\\\/dorogimedence.hu\\\/#organization\",\"name\":\"Dorogi-medence Region\u00e1lis H\u00edrport\u00e1l\",\"url\":\"https:\\\/\\\/dorogimedence.hu\\\/\",\"logo\":{\"@type\":\"ImageObject\",\"inLanguage\":\"hu\",\"@id\":\"https:\\\/\\\/dorogimedence.hu\\\/#\\\/schema\\\/logo\\\/image\\\/\",\"url\":\"https:\\\/\\\/dorogimedence.hu\\\/wp-content\\\/uploads\\\/2021\\\/04\\\/logo-feher-600.png\",\"contentUrl\":\"https:\\\/\\\/dorogimedence.hu\\\/wp-content\\\/uploads\\\/2021\\\/04\\\/logo-feher-600.png\",\"width\":600,\"height\":100,\"caption\":\"Dorogi-medence Region\u00e1lis H\u00edrport\u00e1l\"},\"image\":{\"@id\":\"https:\\\/\\\/dorogimedence.hu\\\/#\\\/schema\\\/logo\\\/image\\\/\"},\"sameAs\":[\"https:\\\/\\\/www.facebook.com\\\/dorogimedence\\\/\"]},{\"@type\":\"Person\",\"@id\":\"https:\\\/\\\/dorogimedence.hu\\\/#\\\/schema\\\/person\\\/76605e8151ec1b7376385cd184ede973\",\"name\":\"Szab\u00f3 Gyula\",\"image\":{\"@type\":\"ImageObject\",\"inLanguage\":\"hu\",\"@id\":\"\\\/\\\/www.gravatar.com\\\/avatar\\\/3e44b6fb2ef9bcea3639958cc2a587cb?s=96&#038;r=g&#038;d=mm\",\"url\":\"\\\/\\\/www.gravatar.com\\\/avatar\\\/3e44b6fb2ef9bcea3639958cc2a587cb?s=96&#038;r=g&#038;d=mm\",\"contentUrl\":\"\\\/\\\/www.gravatar.com\\\/avatar\\\/3e44b6fb2ef9bcea3639958cc2a587cb?s=96&#038;r=g&#038;d=mm\",\"caption\":\"Szab\u00f3 Gyula\"}}]}<\/script>\n<!-- \/ Yoast SEO plugin. -->","yoast_head_json":{"title":"70 \u00e9ves Major Ferenc, a Dorogi AC egykori v\u00e1logatott kerettag labdar\u00fag\u00f3ja","robots":{"index":"index","follow":"follow","max-snippet":"max-snippet:-1","max-image-preview":"max-image-preview:large","max-video-preview":"max-video-preview:-1"},"canonical":"https:\/\/dorogimedence.hu\/index.php\/2026\/08\/09\/70-eves-major-ferenc-a-dorogi-ac-egykori-valogatott-kerettag-labdarugoja\/","og_locale":"hu_HU","og_type":"article","og_title":"70 \u00e9ves Major Ferenc, a Dorogi AC egykori v\u00e1logatott kerettag labdar\u00fag\u00f3ja","og_description":"Ma \u00fcnnepli 70. sz\u00fclet\u00e9snapj\u00e1t a Dorog, a Ferencv\u00e1ros \u00e9s a Zalaegerszegi TE egykori kiv\u00e1l\u00f3 labdar\u00fag\u00f3ja, Major Ferenc, aki p\u00e1lyafut\u00e1sa sor\u00e1n a v\u00e1logatott keretbe \u00e9s az ut\u00e1np\u00f3tl\u00e1s-v\u00e1logatottba is megh\u00edv\u00e1st kapott. E jeles alkalomb\u00f3l p\u00e1lyafut\u00e1s\u00e1t felid\u00e9z\u0151 \u00edr\u00e1ssal k\u00f6sz\u00f6ntj\u00fck. Major Ferenc 1956. augusztus 9-\u00e9n sz\u00fcletett Mosonmagyar\u00f3v\u00e1ron. Labdar\u00fag\u00f3-p\u00e1lyafut\u00e1s\u00e1t sz\u00fcl\u0151v\u00e1ros\u00e1ban, a MOTIM TE csapat\u00e1ban kezdte, ahol m\u00e9g ifj\u00fa j\u00e1t\u00e9kosk\u00e9nt felfigyeltek","og_url":"https:\/\/dorogimedence.hu\/index.php\/2026\/08\/09\/70-eves-major-ferenc-a-dorogi-ac-egykori-valogatott-kerettag-labdarugoja\/","og_site_name":"Dorogi-medence Region\u00e1lis H\u00edrport\u00e1l","article_publisher":"https:\/\/www.facebook.com\/dorogimedence\/","article_published_time":"2026-08-09T05:52:31+00:00","og_image":[{"width":840,"height":540,"url":"https:\/\/dorogimedence.hu\/wp-content\/uploads\/2026\/08\/Major_borito.jpg","type":"image\/jpeg"}],"author":"Szab\u00f3 Gyula","twitter_card":"summary_large_image","twitter_misc":{"Szerz\u0151:":"Szab\u00f3 Gyula","Becs\u00fclt olvas\u00e1si id\u0151":"13 perc"},"schema":{"@context":"https:\/\/schema.org","@graph":[{"@type":"Article","@id":"https:\/\/dorogimedence.hu\/index.php\/2026\/08\/09\/70-eves-major-ferenc-a-dorogi-ac-egykori-valogatott-kerettag-labdarugoja\/#article","isPartOf":{"@id":"https:\/\/dorogimedence.hu\/index.php\/2026\/08\/09\/70-eves-major-ferenc-a-dorogi-ac-egykori-valogatott-kerettag-labdarugoja\/"},"author":{"name":"Szab\u00f3 Gyula","@id":"https:\/\/dorogimedence.hu\/#\/schema\/person\/76605e8151ec1b7376385cd184ede973"},"headline":"70 \u00e9ves Major Ferenc, a Dorogi AC egykori v\u00e1logatott kerettag labdar\u00fag\u00f3ja","datePublished":"2026-08-09T05:52:31+00:00","mainEntityOfPage":{"@id":"https:\/\/dorogimedence.hu\/index.php\/2026\/08\/09\/70-eves-major-ferenc-a-dorogi-ac-egykori-valogatott-kerettag-labdarugoja\/"},"wordCount":2628,"publisher":{"@id":"https:\/\/dorogimedence.hu\/#organization"},"image":{"@id":"https:\/\/dorogimedence.hu\/index.php\/2026\/08\/09\/70-eves-major-ferenc-a-dorogi-ac-egykori-valogatott-kerettag-labdarugoja\/#primaryimage"},"thumbnailUrl":"https:\/\/dorogimedence.hu\/wp-content\/uploads\/2026\/08\/Major_borito.jpg","articleSection":["Dorog","H\u00edrek","Kerek \u00e9vfordul\u00f3k","Sport"],"inLanguage":"hu"},{"@type":"WebPage","@id":"https:\/\/dorogimedence.hu\/index.php\/2026\/08\/09\/70-eves-major-ferenc-a-dorogi-ac-egykori-valogatott-kerettag-labdarugoja\/","url":"https:\/\/dorogimedence.hu\/index.php\/2026\/08\/09\/70-eves-major-ferenc-a-dorogi-ac-egykori-valogatott-kerettag-labdarugoja\/","name":"70 \u00e9ves Major Ferenc, a Dorogi AC egykori v\u00e1logatott kerettag labdar\u00fag\u00f3ja","isPartOf":{"@id":"https:\/\/dorogimedence.hu\/#website"},"primaryImageOfPage":{"@id":"https:\/\/dorogimedence.hu\/index.php\/2026\/08\/09\/70-eves-major-ferenc-a-dorogi-ac-egykori-valogatott-kerettag-labdarugoja\/#primaryimage"},"image":{"@id":"https:\/\/dorogimedence.hu\/index.php\/2026\/08\/09\/70-eves-major-ferenc-a-dorogi-ac-egykori-valogatott-kerettag-labdarugoja\/#primaryimage"},"thumbnailUrl":"https:\/\/dorogimedence.hu\/wp-content\/uploads\/2026\/08\/Major_borito.jpg","datePublished":"2026-08-09T05:52:31+00:00","breadcrumb":{"@id":"https:\/\/dorogimedence.hu\/index.php\/2026\/08\/09\/70-eves-major-ferenc-a-dorogi-ac-egykori-valogatott-kerettag-labdarugoja\/#breadcrumb"},"inLanguage":"hu","potentialAction":[{"@type":"ReadAction","target":["https:\/\/dorogimedence.hu\/index.php\/2026\/08\/09\/70-eves-major-ferenc-a-dorogi-ac-egykori-valogatott-kerettag-labdarugoja\/"]}]},{"@type":"ImageObject","inLanguage":"hu","@id":"https:\/\/dorogimedence.hu\/index.php\/2026\/08\/09\/70-eves-major-ferenc-a-dorogi-ac-egykori-valogatott-kerettag-labdarugoja\/#primaryimage","url":"https:\/\/dorogimedence.hu\/wp-content\/uploads\/2026\/08\/Major_borito.jpg","contentUrl":"https:\/\/dorogimedence.hu\/wp-content\/uploads\/2026\/08\/Major_borito.jpg","width":840,"height":540},{"@type":"BreadcrumbList","@id":"https:\/\/dorogimedence.hu\/index.php\/2026\/08\/09\/70-eves-major-ferenc-a-dorogi-ac-egykori-valogatott-kerettag-labdarugoja\/#breadcrumb","itemListElement":[{"@type":"ListItem","position":1,"name":"Kezd\u0151lap","item":"https:\/\/dorogimedence.hu\/"},{"@type":"ListItem","position":2,"name":"70 \u00e9ves Major Ferenc, a Dorogi AC egykori v\u00e1logatott kerettag labdar\u00fag\u00f3ja"}]},{"@type":"WebSite","@id":"https:\/\/dorogimedence.hu\/#website","url":"https:\/\/dorogimedence.hu\/","name":"Dorogi-medence Region\u00e1lis H\u00edrport\u00e1l","description":"Dorog, Keszt\u00f6lc, Le\u00e1nyv\u00e1r, Piliscs\u00e9v, Tokod, Tokodalt\u00e1r\u00f3, Csolnok, Esztergom-kertv\u00e1ros: h\u00edrek, programok","publisher":{"@id":"https:\/\/dorogimedence.hu\/#organization"},"potentialAction":[{"@type":"SearchAction","target":{"@type":"EntryPoint","urlTemplate":"https:\/\/dorogimedence.hu\/?s={search_term_string}"},"query-input":{"@type":"PropertyValueSpecification","valueRequired":true,"valueName":"search_term_string"}}],"inLanguage":"hu"},{"@type":"Organization","@id":"https:\/\/dorogimedence.hu\/#organization","name":"Dorogi-medence Region\u00e1lis H\u00edrport\u00e1l","url":"https:\/\/dorogimedence.hu\/","logo":{"@type":"ImageObject","inLanguage":"hu","@id":"https:\/\/dorogimedence.hu\/#\/schema\/logo\/image\/","url":"https:\/\/dorogimedence.hu\/wp-content\/uploads\/2021\/04\/logo-feher-600.png","contentUrl":"https:\/\/dorogimedence.hu\/wp-content\/uploads\/2021\/04\/logo-feher-600.png","width":600,"height":100,"caption":"Dorogi-medence Region\u00e1lis H\u00edrport\u00e1l"},"image":{"@id":"https:\/\/dorogimedence.hu\/#\/schema\/logo\/image\/"},"sameAs":["https:\/\/www.facebook.com\/dorogimedence\/"]},{"@type":"Person","@id":"https:\/\/dorogimedence.hu\/#\/schema\/person\/76605e8151ec1b7376385cd184ede973","name":"Szab\u00f3 Gyula","image":{"@type":"ImageObject","inLanguage":"hu","@id":"\/\/www.gravatar.com\/avatar\/3e44b6fb2ef9bcea3639958cc2a587cb?s=96&#038;r=g&#038;d=mm","url":"\/\/www.gravatar.com\/avatar\/3e44b6fb2ef9bcea3639958cc2a587cb?s=96&#038;r=g&#038;d=mm","contentUrl":"\/\/www.gravatar.com\/avatar\/3e44b6fb2ef9bcea3639958cc2a587cb?s=96&#038;r=g&#038;d=mm","caption":"Szab\u00f3 Gyula"}}]}},"_links":{"self":[{"href":"https:\/\/dorogimedence.hu\/index.php\/wp-json\/wp\/v2\/posts\/82532","targetHints":{"allow":["GET"]}}],"collection":[{"href":"https:\/\/dorogimedence.hu\/index.php\/wp-json\/wp\/v2\/posts"}],"about":[{"href":"https:\/\/dorogimedence.hu\/index.php\/wp-json\/wp\/v2\/types\/post"}],"author":[{"embeddable":true,"href":"https:\/\/dorogimedence.hu\/index.php\/wp-json\/wp\/v2\/users\/4"}],"replies":[{"embeddable":true,"href":"https:\/\/dorogimedence.hu\/index.php\/wp-json\/wp\/v2\/comments?post=82532"}],"version-history":[{"count":12,"href":"https:\/\/dorogimedence.hu\/index.php\/wp-json\/wp\/v2\/posts\/82532\/revisions"}],"predecessor-version":[{"id":82604,"href":"https:\/\/dorogimedence.hu\/index.php\/wp-json\/wp\/v2\/posts\/82532\/revisions\/82604"}],"wp:featuredmedia":[{"embeddable":true,"href":"https:\/\/dorogimedence.hu\/index.php\/wp-json\/wp\/v2\/media\/82583"}],"wp:attachment":[{"href":"https:\/\/dorogimedence.hu\/index.php\/wp-json\/wp\/v2\/media?parent=82532"}],"wp:term":[{"taxonomy":"category","embeddable":true,"href":"https:\/\/dorogimedence.hu\/index.php\/wp-json\/wp\/v2\/categories?post=82532"},{"taxonomy":"post_tag","embeddable":true,"href":"https:\/\/dorogimedence.hu\/index.php\/wp-json\/wp\/v2\/tags?post=82532"}],"curies":[{"name":"wp","href":"https:\/\/api.w.org\/{rel}","templated":true}]}}