{"id":82487,"date":"2026-08-04T09:16:01","date_gmt":"2026-08-04T07:16:01","guid":{"rendered":"https:\/\/dorogimedence.hu\/?p=82487"},"modified":"2026-08-04T09:16:01","modified_gmt":"2026-08-04T07:16:01","slug":"hamis-metallica-jegyekkel-csapott-be-tobb-vasarlot-elfogtak-az-esztergomi-nyomozok","status":"publish","type":"post","link":"https:\/\/dorogimedence.hu\/index.php\/2026\/08\/04\/hamis-metallica-jegyekkel-csapott-be-tobb-vasarlot-elfogtak-az-esztergomi-nyomozok\/","title":{"rendered":"Hamis Metallica-jegyekkel csapott be t\u00f6bb v\u00e1s\u00e1rl\u00f3t, elfogt\u00e1k az esztergomi nyomoz\u00f3k"},"content":{"rendered":"<p><strong>T\u00f6bb koncertrajong\u00f3t is megk\u00e1ros\u00edtott egy 22 \u00e9ves f\u00e9rfi, aki <a href=\"https:\/\/dorogimedence.hu\/index.php\/2026\/06\/17\/ai-generalt-qr-koddal-probaltak-bejutni-egy-budapesti-koncertre\/\" target=\"_blank\" rel=\"noopener\"><span style=\"text-decoration: underline; color: #0000ff;\">hamis Metallica-koncertjegyeket \u00e1rult az interneten<\/span><\/a>. Az elk\u00f6vet\u0151t az esztergomi nyomoz\u00f3k azonos\u00edtott\u00e1k, majd j\u00falius 30-\u00e1n budapesti tart\u00f3zkod\u00e1si hely\u00e9n elfogt\u00e1k.<\/strong><\/p>\n<p>A Kom\u00e1rom-Esztergom V\u00e1rmegyei Rend\u0151r-f\u0151kapit\u00e1nys\u00e1g <a href=\"https:\/\/www.facebook.com\/kemrfk\/posts\/pfbid0vGpadgd6tZm4eru4yNtyp3cWNnzLq5AciXkdyU8bXs6nossMu3uWjnYSTkEUvtbMl\" target=\"_blank\" rel=\"noopener\"><span style=\"text-decoration: underline; color: #0000ff;\">t\u00e1j\u00e9koztat\u00e1sa szerint<\/span><\/a> H. Csaba az interneten hirdette a koncertjegyeket, amelyek\u00e9rt 41 ezer \u00e9s 100 ezer forint k\u00f6z\u00f6tti \u00f6sszegeket k\u00e9rt. Volt olyan v\u00e1s\u00e1rl\u00f3, aki a p\u00e9nz \u00e1tutal\u00e1sa ut\u00e1n egy\u00e1ltal\u00e1n nem kapott jegyet, m\u00edg m\u00e1sok ugyan kaptak bel\u00e9p\u0151t, azonban a koncert helysz\u00edn\u00e9n kider\u00fclt, hogy azzal nem lehet bel\u00e9pni.<\/p>\n<p>A rend\u0151r\u00f6k gyan\u00faja szerint a f\u00e9rfi egy eredeti Metallica-jegyet haszn\u00e1lt fel a csal\u00e1shoz. Saj\u00e1t vallom\u00e1sa alapj\u00e1n egy online QR-k\u00f3d-gener\u00e1tor seg\u00edts\u00e9g\u00e9vel k\u00e9sz\u00edtett hamis QR-k\u00f3dokat, amelyeket mesters\u00e9ges intelligencia (AI) seg\u00edts\u00e9g\u00e9vel szerkesztett r\u00e1 az eredeti jegyre, majd ezeket k\u00fcldte el a vev\u0151knek.<\/p>\n<p>Az esztergomi nyomoz\u00f3k csal\u00e1s v\u00e9ts\u00e9g\u00e9nek gyan\u00faja miatt hallgatt\u00e1k ki a 22 \u00e9ves f\u00e9rfit.<\/p>\n<p>A rend\u0151rs\u00e9g arra figyelmeztet, hogy az internetes jegyv\u00e1s\u00e1rl\u00e1s sor\u00e1n fokozott \u00f3vatoss\u00e1gra van sz\u00fcks\u00e9g. Azt tan\u00e1csolj\u00e1k, hogy ismeretlen elad\u00f3knak ne utaljanak el\u0151re p\u00e9nzt, lehet\u0151leg olyan jegy\u00e9rt\u00e9kes\u00edt\u0151 fel\u00fcleteket haszn\u00e1ljanak, amelyek garanci\u00e1t v\u00e1llalnak a v\u00e1s\u00e1rl\u00e1sra, \u00e9s legyenek gyanakv\u00f3ak a felt\u0171n\u0151en olcs\u00f3 aj\u00e1nlatokkal szemben.<\/p>\n<p>Az online csal\u00e1sok megel\u0151z\u00e9s\u00e9vel kapcsolatban tov\u00e1bbi hasznos tan\u00e1csok a <a href=\"https:\/\/www.kiberpajzs.hu\/\" target=\"_blank\" rel=\"noopener\"><span style=\"text-decoration: underline; color: #0000ff;\">KiberPajzs program oldal\u00e1n<\/span><\/a> \u00e9rhet\u0151k el.<\/p>\n<p><em>Bor\u00edt\u00f3k\u00e9p: illusztr\u00e1ci\u00f3<\/em><\/p>\n","protected":false},"excerpt":{"rendered":"<p>T\u00f6bb koncertrajong\u00f3t is megk\u00e1ros\u00edtott egy 22 \u00e9ves f\u00e9rfi, aki hamis Metallica-koncertjegyeket \u00e1rult az interneten. Az elk\u00f6vet\u0151t az esztergomi nyomoz\u00f3k azonos\u00edtott\u00e1k, majd j\u00falius 30-\u00e1n budapesti tart\u00f3zkod\u00e1si hely\u00e9n elfogt\u00e1k. A Kom\u00e1rom-Esztergom V\u00e1rmegyei Rend\u0151r-f\u0151kapit\u00e1nys\u00e1g t\u00e1j\u00e9koztat\u00e1sa szerint H. Csaba az interneten hirdette a koncertjegyeket, amelyek\u00e9rt 41 ezer \u00e9s 100 ezer forint k\u00f6z\u00f6tti \u00f6sszegeket k\u00e9rt. Volt olyan v\u00e1s\u00e1rl\u00f3, aki a<\/p>\n","protected":false},"author":1,"featured_media":82488,"comment_status":"closed","ping_status":"closed","sticky":false,"template":"","format":"standard","meta":{"ngg_post_thumbnail":0,"footnotes":""},"categories":[38,3,39],"tags":[146,42,61],"class_list":["post-82487","post","type-post","status-publish","format-standard","has-post-thumbnail","category-esztergom","category-hirek","category-kek-hirek","tag-csalas","tag-esztergom","tag-rendorsegi-hirek"],"yoast_head":"<!-- This site is optimized with the Yoast SEO plugin v28.3 - https:\/\/yoast.com\/product\/yoast-seo-wordpress\/ -->\n<title>Hamis Metallica-jegyekkel csapott be t\u00f6bb v\u00e1s\u00e1rl\u00f3t, elfogt\u00e1k az esztergomi nyomoz\u00f3k<\/title>\n<meta name=\"robots\" content=\"index, follow, max-snippet:-1, max-image-preview:large, max-video-preview:-1\" \/>\n<link rel=\"canonical\" href=\"https:\/\/dorogimedence.hu\/index.php\/2026\/08\/04\/hamis-metallica-jegyekkel-csapott-be-tobb-vasarlot-elfogtak-az-esztergomi-nyomozok\/\" class=\"yoast-seo-meta-tag\" \/>\n<meta property=\"og:locale\" content=\"hu_HU\" class=\"yoast-seo-meta-tag\" \/>\n<meta property=\"og:type\" content=\"article\" class=\"yoast-seo-meta-tag\" \/>\n<meta property=\"og:title\" content=\"Hamis Metallica-jegyekkel csapott be t\u00f6bb v\u00e1s\u00e1rl\u00f3t, elfogt\u00e1k az esztergomi nyomoz\u00f3k\" class=\"yoast-seo-meta-tag\" \/>\n<meta property=\"og:description\" content=\"T\u00f6bb koncertrajong\u00f3t is megk\u00e1ros\u00edtott egy 22 \u00e9ves f\u00e9rfi, aki hamis Metallica-koncertjegyeket \u00e1rult az interneten. Az elk\u00f6vet\u0151t az esztergomi nyomoz\u00f3k azonos\u00edtott\u00e1k, majd j\u00falius 30-\u00e1n budapesti tart\u00f3zkod\u00e1si hely\u00e9n elfogt\u00e1k. A Kom\u00e1rom-Esztergom V\u00e1rmegyei Rend\u0151r-f\u0151kapit\u00e1nys\u00e1g t\u00e1j\u00e9koztat\u00e1sa szerint H. Csaba az interneten hirdette a koncertjegyeket, amelyek\u00e9rt 41 ezer \u00e9s 100 ezer forint k\u00f6z\u00f6tti \u00f6sszegeket k\u00e9rt. Volt olyan v\u00e1s\u00e1rl\u00f3, aki a\" class=\"yoast-seo-meta-tag\" \/>\n<meta property=\"og:url\" content=\"https:\/\/dorogimedence.hu\/index.php\/2026\/08\/04\/hamis-metallica-jegyekkel-csapott-be-tobb-vasarlot-elfogtak-az-esztergomi-nyomozok\/\" class=\"yoast-seo-meta-tag\" \/>\n<meta property=\"og:site_name\" content=\"Dorogi-medence Region\u00e1lis H\u00edrport\u00e1l\" class=\"yoast-seo-meta-tag\" \/>\n<meta property=\"article:publisher\" content=\"https:\/\/www.facebook.com\/dorogimedence\/\" class=\"yoast-seo-meta-tag\" \/>\n<meta property=\"article:published_time\" content=\"2026-08-04T07:16:01+00:00\" class=\"yoast-seo-meta-tag\" \/>\n<meta property=\"og:image\" content=\"https:\/\/dorogimedence.hu\/wp-content\/uploads\/2026\/08\/ChatGPT-Image-2026.-aug.-4.-09_15_08.png\" class=\"yoast-seo-meta-tag\" \/>\n\t<meta property=\"og:image:width\" content=\"1766\" class=\"yoast-seo-meta-tag\" \/>\n\t<meta property=\"og:image:height\" content=\"891\" class=\"yoast-seo-meta-tag\" \/>\n\t<meta property=\"og:image:type\" content=\"image\/png\" class=\"yoast-seo-meta-tag\" \/>\n<meta name=\"author\" content=\"dorogimedence.hu\" class=\"yoast-seo-meta-tag\" \/>\n<meta name=\"twitter:card\" content=\"summary_large_image\" class=\"yoast-seo-meta-tag\" \/>\n<meta name=\"twitter:label1\" content=\"Szerz\u0151:\" class=\"yoast-seo-meta-tag\" \/>\n\t<meta name=\"twitter:data1\" content=\"dorogimedence.hu\" class=\"yoast-seo-meta-tag\" \/>\n\t<meta name=\"twitter:label2\" content=\"Becs\u00fclt olvas\u00e1si id\u0151\" class=\"yoast-seo-meta-tag\" \/>\n\t<meta name=\"twitter:data2\" content=\"1 perc\" class=\"yoast-seo-meta-tag\" \/>\n<script type=\"application\/ld+json\" class=\"yoast-schema-graph\">{\"@context\":\"https:\\\/\\\/schema.org\",\"@graph\":[{\"@type\":\"Article\",\"@id\":\"https:\\\/\\\/dorogimedence.hu\\\/index.php\\\/2026\\\/08\\\/04\\\/hamis-metallica-jegyekkel-csapott-be-tobb-vasarlot-elfogtak-az-esztergomi-nyomozok\\\/#article\",\"isPartOf\":{\"@id\":\"https:\\\/\\\/dorogimedence.hu\\\/index.php\\\/2026\\\/08\\\/04\\\/hamis-metallica-jegyekkel-csapott-be-tobb-vasarlot-elfogtak-az-esztergomi-nyomozok\\\/\"},\"author\":{\"name\":\"dorogimedence.hu\",\"@id\":\"https:\\\/\\\/dorogimedence.hu\\\/#\\\/schema\\\/person\\\/ce6091eeb7e95ecdc87890d6aa8e0fd4\"},\"headline\":\"Hamis Metallica-jegyekkel csapott be t\u00f6bb v\u00e1s\u00e1rl\u00f3t, elfogt\u00e1k az esztergomi nyomoz\u00f3k\",\"datePublished\":\"2026-08-04T07:16:01+00:00\",\"mainEntityOfPage\":{\"@id\":\"https:\\\/\\\/dorogimedence.hu\\\/index.php\\\/2026\\\/08\\\/04\\\/hamis-metallica-jegyekkel-csapott-be-tobb-vasarlot-elfogtak-az-esztergomi-nyomozok\\\/\"},\"wordCount\":313,\"publisher\":{\"@id\":\"https:\\\/\\\/dorogimedence.hu\\\/#organization\"},\"image\":{\"@id\":\"https:\\\/\\\/dorogimedence.hu\\\/index.php\\\/2026\\\/08\\\/04\\\/hamis-metallica-jegyekkel-csapott-be-tobb-vasarlot-elfogtak-az-esztergomi-nyomozok\\\/#primaryimage\"},\"thumbnailUrl\":\"https:\\\/\\\/dorogimedence.hu\\\/wp-content\\\/uploads\\\/2026\\\/08\\\/ChatGPT-Image-2026.-aug.-4.-09_15_08.png\",\"keywords\":[\"csal\u00e1s\",\"esztergom\",\"rend\u0151rs\u00e9gi h\u00edrek\"],\"articleSection\":[\"Esztergom\",\"H\u00edrek\",\"K\u00e9k h\u00edrek\"],\"inLanguage\":\"hu\"},{\"@type\":\"WebPage\",\"@id\":\"https:\\\/\\\/dorogimedence.hu\\\/index.php\\\/2026\\\/08\\\/04\\\/hamis-metallica-jegyekkel-csapott-be-tobb-vasarlot-elfogtak-az-esztergomi-nyomozok\\\/\",\"url\":\"https:\\\/\\\/dorogimedence.hu\\\/index.php\\\/2026\\\/08\\\/04\\\/hamis-metallica-jegyekkel-csapott-be-tobb-vasarlot-elfogtak-az-esztergomi-nyomozok\\\/\",\"name\":\"Hamis Metallica-jegyekkel csapott be t\u00f6bb v\u00e1s\u00e1rl\u00f3t, elfogt\u00e1k az esztergomi nyomoz\u00f3k\",\"isPartOf\":{\"@id\":\"https:\\\/\\\/dorogimedence.hu\\\/#website\"},\"primaryImageOfPage\":{\"@id\":\"https:\\\/\\\/dorogimedence.hu\\\/index.php\\\/2026\\\/08\\\/04\\\/hamis-metallica-jegyekkel-csapott-be-tobb-vasarlot-elfogtak-az-esztergomi-nyomozok\\\/#primaryimage\"},\"image\":{\"@id\":\"https:\\\/\\\/dorogimedence.hu\\\/index.php\\\/2026\\\/08\\\/04\\\/hamis-metallica-jegyekkel-csapott-be-tobb-vasarlot-elfogtak-az-esztergomi-nyomozok\\\/#primaryimage\"},\"thumbnailUrl\":\"https:\\\/\\\/dorogimedence.hu\\\/wp-content\\\/uploads\\\/2026\\\/08\\\/ChatGPT-Image-2026.-aug.-4.-09_15_08.png\",\"datePublished\":\"2026-08-04T07:16:01+00:00\",\"breadcrumb\":{\"@id\":\"https:\\\/\\\/dorogimedence.hu\\\/index.php\\\/2026\\\/08\\\/04\\\/hamis-metallica-jegyekkel-csapott-be-tobb-vasarlot-elfogtak-az-esztergomi-nyomozok\\\/#breadcrumb\"},\"inLanguage\":\"hu\",\"potentialAction\":[{\"@type\":\"ReadAction\",\"target\":[\"https:\\\/\\\/dorogimedence.hu\\\/index.php\\\/2026\\\/08\\\/04\\\/hamis-metallica-jegyekkel-csapott-be-tobb-vasarlot-elfogtak-az-esztergomi-nyomozok\\\/\"]}]},{\"@type\":\"ImageObject\",\"inLanguage\":\"hu\",\"@id\":\"https:\\\/\\\/dorogimedence.hu\\\/index.php\\\/2026\\\/08\\\/04\\\/hamis-metallica-jegyekkel-csapott-be-tobb-vasarlot-elfogtak-az-esztergomi-nyomozok\\\/#primaryimage\",\"url\":\"https:\\\/\\\/dorogimedence.hu\\\/wp-content\\\/uploads\\\/2026\\\/08\\\/ChatGPT-Image-2026.-aug.-4.-09_15_08.png\",\"contentUrl\":\"https:\\\/\\\/dorogimedence.hu\\\/wp-content\\\/uploads\\\/2026\\\/08\\\/ChatGPT-Image-2026.-aug.-4.-09_15_08.png\",\"width\":1766,\"height\":891},{\"@type\":\"BreadcrumbList\",\"@id\":\"https:\\\/\\\/dorogimedence.hu\\\/index.php\\\/2026\\\/08\\\/04\\\/hamis-metallica-jegyekkel-csapott-be-tobb-vasarlot-elfogtak-az-esztergomi-nyomozok\\\/#breadcrumb\",\"itemListElement\":[{\"@type\":\"ListItem\",\"position\":1,\"name\":\"Kezd\u0151lap\",\"item\":\"https:\\\/\\\/dorogimedence.hu\\\/\"},{\"@type\":\"ListItem\",\"position\":2,\"name\":\"Hamis Metallica-jegyekkel csapott be t\u00f6bb v\u00e1s\u00e1rl\u00f3t, elfogt\u00e1k az esztergomi nyomoz\u00f3k\"}]},{\"@type\":\"WebSite\",\"@id\":\"https:\\\/\\\/dorogimedence.hu\\\/#website\",\"url\":\"https:\\\/\\\/dorogimedence.hu\\\/\",\"name\":\"Dorogi-medence Region\u00e1lis H\u00edrport\u00e1l\",\"description\":\"Dorog, Keszt\u00f6lc, Le\u00e1nyv\u00e1r, Piliscs\u00e9v, Tokod, Tokodalt\u00e1r\u00f3, Csolnok, Esztergom-kertv\u00e1ros: h\u00edrek, programok\",\"publisher\":{\"@id\":\"https:\\\/\\\/dorogimedence.hu\\\/#organization\"},\"potentialAction\":[{\"@type\":\"SearchAction\",\"target\":{\"@type\":\"EntryPoint\",\"urlTemplate\":\"https:\\\/\\\/dorogimedence.hu\\\/?s={search_term_string}\"},\"query-input\":{\"@type\":\"PropertyValueSpecification\",\"valueRequired\":true,\"valueName\":\"search_term_string\"}}],\"inLanguage\":\"hu\"},{\"@type\":\"Organization\",\"@id\":\"https:\\\/\\\/dorogimedence.hu\\\/#organization\",\"name\":\"Dorogi-medence Region\u00e1lis H\u00edrport\u00e1l\",\"url\":\"https:\\\/\\\/dorogimedence.hu\\\/\",\"logo\":{\"@type\":\"ImageObject\",\"inLanguage\":\"hu\",\"@id\":\"https:\\\/\\\/dorogimedence.hu\\\/#\\\/schema\\\/logo\\\/image\\\/\",\"url\":\"https:\\\/\\\/dorogimedence.hu\\\/wp-content\\\/uploads\\\/2021\\\/04\\\/logo-feher-600.png\",\"contentUrl\":\"https:\\\/\\\/dorogimedence.hu\\\/wp-content\\\/uploads\\\/2021\\\/04\\\/logo-feher-600.png\",\"width\":600,\"height\":100,\"caption\":\"Dorogi-medence Region\u00e1lis H\u00edrport\u00e1l\"},\"image\":{\"@id\":\"https:\\\/\\\/dorogimedence.hu\\\/#\\\/schema\\\/logo\\\/image\\\/\"},\"sameAs\":[\"https:\\\/\\\/www.facebook.com\\\/dorogimedence\\\/\"]},{\"@type\":\"Person\",\"@id\":\"https:\\\/\\\/dorogimedence.hu\\\/#\\\/schema\\\/person\\\/ce6091eeb7e95ecdc87890d6aa8e0fd4\",\"name\":\"dorogimedence.hu\",\"image\":{\"@type\":\"ImageObject\",\"inLanguage\":\"hu\",\"@id\":\"\\\/\\\/www.gravatar.com\\\/avatar\\\/d8d45f8901aadff40a4af72c0b826f1d?s=96&#038;r=g&#038;d=mm\",\"url\":\"\\\/\\\/www.gravatar.com\\\/avatar\\\/d8d45f8901aadff40a4af72c0b826f1d?s=96&#038;r=g&#038;d=mm\",\"contentUrl\":\"\\\/\\\/www.gravatar.com\\\/avatar\\\/d8d45f8901aadff40a4af72c0b826f1d?s=96&#038;r=g&#038;d=mm\",\"caption\":\"dorogimedence.hu\"}}]}<\/script>\n<!-- \/ Yoast SEO plugin. -->","yoast_head_json":{"title":"Hamis Metallica-jegyekkel csapott be t\u00f6bb v\u00e1s\u00e1rl\u00f3t, elfogt\u00e1k az esztergomi nyomoz\u00f3k","robots":{"index":"index","follow":"follow","max-snippet":"max-snippet:-1","max-image-preview":"max-image-preview:large","max-video-preview":"max-video-preview:-1"},"canonical":"https:\/\/dorogimedence.hu\/index.php\/2026\/08\/04\/hamis-metallica-jegyekkel-csapott-be-tobb-vasarlot-elfogtak-az-esztergomi-nyomozok\/","og_locale":"hu_HU","og_type":"article","og_title":"Hamis Metallica-jegyekkel csapott be t\u00f6bb v\u00e1s\u00e1rl\u00f3t, elfogt\u00e1k az esztergomi nyomoz\u00f3k","og_description":"T\u00f6bb koncertrajong\u00f3t is megk\u00e1ros\u00edtott egy 22 \u00e9ves f\u00e9rfi, aki hamis Metallica-koncertjegyeket \u00e1rult az interneten. Az elk\u00f6vet\u0151t az esztergomi nyomoz\u00f3k azonos\u00edtott\u00e1k, majd j\u00falius 30-\u00e1n budapesti tart\u00f3zkod\u00e1si hely\u00e9n elfogt\u00e1k. A Kom\u00e1rom-Esztergom V\u00e1rmegyei Rend\u0151r-f\u0151kapit\u00e1nys\u00e1g t\u00e1j\u00e9koztat\u00e1sa szerint H. Csaba az interneten hirdette a koncertjegyeket, amelyek\u00e9rt 41 ezer \u00e9s 100 ezer forint k\u00f6z\u00f6tti \u00f6sszegeket k\u00e9rt. Volt olyan v\u00e1s\u00e1rl\u00f3, aki a","og_url":"https:\/\/dorogimedence.hu\/index.php\/2026\/08\/04\/hamis-metallica-jegyekkel-csapott-be-tobb-vasarlot-elfogtak-az-esztergomi-nyomozok\/","og_site_name":"Dorogi-medence Region\u00e1lis H\u00edrport\u00e1l","article_publisher":"https:\/\/www.facebook.com\/dorogimedence\/","article_published_time":"2026-08-04T07:16:01+00:00","og_image":[{"width":1766,"height":891,"url":"https:\/\/dorogimedence.hu\/wp-content\/uploads\/2026\/08\/ChatGPT-Image-2026.-aug.-4.-09_15_08.png","type":"image\/png"}],"author":"dorogimedence.hu","twitter_card":"summary_large_image","twitter_misc":{"Szerz\u0151:":"dorogimedence.hu","Becs\u00fclt olvas\u00e1si id\u0151":"1 perc"},"schema":{"@context":"https:\/\/schema.org","@graph":[{"@type":"Article","@id":"https:\/\/dorogimedence.hu\/index.php\/2026\/08\/04\/hamis-metallica-jegyekkel-csapott-be-tobb-vasarlot-elfogtak-az-esztergomi-nyomozok\/#article","isPartOf":{"@id":"https:\/\/dorogimedence.hu\/index.php\/2026\/08\/04\/hamis-metallica-jegyekkel-csapott-be-tobb-vasarlot-elfogtak-az-esztergomi-nyomozok\/"},"author":{"name":"dorogimedence.hu","@id":"https:\/\/dorogimedence.hu\/#\/schema\/person\/ce6091eeb7e95ecdc87890d6aa8e0fd4"},"headline":"Hamis Metallica-jegyekkel csapott be t\u00f6bb v\u00e1s\u00e1rl\u00f3t, elfogt\u00e1k az esztergomi nyomoz\u00f3k","datePublished":"2026-08-04T07:16:01+00:00","mainEntityOfPage":{"@id":"https:\/\/dorogimedence.hu\/index.php\/2026\/08\/04\/hamis-metallica-jegyekkel-csapott-be-tobb-vasarlot-elfogtak-az-esztergomi-nyomozok\/"},"wordCount":313,"publisher":{"@id":"https:\/\/dorogimedence.hu\/#organization"},"image":{"@id":"https:\/\/dorogimedence.hu\/index.php\/2026\/08\/04\/hamis-metallica-jegyekkel-csapott-be-tobb-vasarlot-elfogtak-az-esztergomi-nyomozok\/#primaryimage"},"thumbnailUrl":"https:\/\/dorogimedence.hu\/wp-content\/uploads\/2026\/08\/ChatGPT-Image-2026.-aug.-4.-09_15_08.png","keywords":["csal\u00e1s","esztergom","rend\u0151rs\u00e9gi h\u00edrek"],"articleSection":["Esztergom","H\u00edrek","K\u00e9k h\u00edrek"],"inLanguage":"hu"},{"@type":"WebPage","@id":"https:\/\/dorogimedence.hu\/index.php\/2026\/08\/04\/hamis-metallica-jegyekkel-csapott-be-tobb-vasarlot-elfogtak-az-esztergomi-nyomozok\/","url":"https:\/\/dorogimedence.hu\/index.php\/2026\/08\/04\/hamis-metallica-jegyekkel-csapott-be-tobb-vasarlot-elfogtak-az-esztergomi-nyomozok\/","name":"Hamis Metallica-jegyekkel csapott be t\u00f6bb v\u00e1s\u00e1rl\u00f3t, elfogt\u00e1k az esztergomi nyomoz\u00f3k","isPartOf":{"@id":"https:\/\/dorogimedence.hu\/#website"},"primaryImageOfPage":{"@id":"https:\/\/dorogimedence.hu\/index.php\/2026\/08\/04\/hamis-metallica-jegyekkel-csapott-be-tobb-vasarlot-elfogtak-az-esztergomi-nyomozok\/#primaryimage"},"image":{"@id":"https:\/\/dorogimedence.hu\/index.php\/2026\/08\/04\/hamis-metallica-jegyekkel-csapott-be-tobb-vasarlot-elfogtak-az-esztergomi-nyomozok\/#primaryimage"},"thumbnailUrl":"https:\/\/dorogimedence.hu\/wp-content\/uploads\/2026\/08\/ChatGPT-Image-2026.-aug.-4.-09_15_08.png","datePublished":"2026-08-04T07:16:01+00:00","breadcrumb":{"@id":"https:\/\/dorogimedence.hu\/index.php\/2026\/08\/04\/hamis-metallica-jegyekkel-csapott-be-tobb-vasarlot-elfogtak-az-esztergomi-nyomozok\/#breadcrumb"},"inLanguage":"hu","potentialAction":[{"@type":"ReadAction","target":["https:\/\/dorogimedence.hu\/index.php\/2026\/08\/04\/hamis-metallica-jegyekkel-csapott-be-tobb-vasarlot-elfogtak-az-esztergomi-nyomozok\/"]}]},{"@type":"ImageObject","inLanguage":"hu","@id":"https:\/\/dorogimedence.hu\/index.php\/2026\/08\/04\/hamis-metallica-jegyekkel-csapott-be-tobb-vasarlot-elfogtak-az-esztergomi-nyomozok\/#primaryimage","url":"https:\/\/dorogimedence.hu\/wp-content\/uploads\/2026\/08\/ChatGPT-Image-2026.-aug.-4.-09_15_08.png","contentUrl":"https:\/\/dorogimedence.hu\/wp-content\/uploads\/2026\/08\/ChatGPT-Image-2026.-aug.-4.-09_15_08.png","width":1766,"height":891},{"@type":"BreadcrumbList","@id":"https:\/\/dorogimedence.hu\/index.php\/2026\/08\/04\/hamis-metallica-jegyekkel-csapott-be-tobb-vasarlot-elfogtak-az-esztergomi-nyomozok\/#breadcrumb","itemListElement":[{"@type":"ListItem","position":1,"name":"Kezd\u0151lap","item":"https:\/\/dorogimedence.hu\/"},{"@type":"ListItem","position":2,"name":"Hamis Metallica-jegyekkel csapott be t\u00f6bb v\u00e1s\u00e1rl\u00f3t, elfogt\u00e1k az esztergomi nyomoz\u00f3k"}]},{"@type":"WebSite","@id":"https:\/\/dorogimedence.hu\/#website","url":"https:\/\/dorogimedence.hu\/","name":"Dorogi-medence Region\u00e1lis H\u00edrport\u00e1l","description":"Dorog, Keszt\u00f6lc, Le\u00e1nyv\u00e1r, Piliscs\u00e9v, Tokod, Tokodalt\u00e1r\u00f3, Csolnok, Esztergom-kertv\u00e1ros: h\u00edrek, programok","publisher":{"@id":"https:\/\/dorogimedence.hu\/#organization"},"potentialAction":[{"@type":"SearchAction","target":{"@type":"EntryPoint","urlTemplate":"https:\/\/dorogimedence.hu\/?s={search_term_string}"},"query-input":{"@type":"PropertyValueSpecification","valueRequired":true,"valueName":"search_term_string"}}],"inLanguage":"hu"},{"@type":"Organization","@id":"https:\/\/dorogimedence.hu\/#organization","name":"Dorogi-medence Region\u00e1lis H\u00edrport\u00e1l","url":"https:\/\/dorogimedence.hu\/","logo":{"@type":"ImageObject","inLanguage":"hu","@id":"https:\/\/dorogimedence.hu\/#\/schema\/logo\/image\/","url":"https:\/\/dorogimedence.hu\/wp-content\/uploads\/2021\/04\/logo-feher-600.png","contentUrl":"https:\/\/dorogimedence.hu\/wp-content\/uploads\/2021\/04\/logo-feher-600.png","width":600,"height":100,"caption":"Dorogi-medence Region\u00e1lis H\u00edrport\u00e1l"},"image":{"@id":"https:\/\/dorogimedence.hu\/#\/schema\/logo\/image\/"},"sameAs":["https:\/\/www.facebook.com\/dorogimedence\/"]},{"@type":"Person","@id":"https:\/\/dorogimedence.hu\/#\/schema\/person\/ce6091eeb7e95ecdc87890d6aa8e0fd4","name":"dorogimedence.hu","image":{"@type":"ImageObject","inLanguage":"hu","@id":"\/\/www.gravatar.com\/avatar\/d8d45f8901aadff40a4af72c0b826f1d?s=96&#038;r=g&#038;d=mm","url":"\/\/www.gravatar.com\/avatar\/d8d45f8901aadff40a4af72c0b826f1d?s=96&#038;r=g&#038;d=mm","contentUrl":"\/\/www.gravatar.com\/avatar\/d8d45f8901aadff40a4af72c0b826f1d?s=96&#038;r=g&#038;d=mm","caption":"dorogimedence.hu"}}]}},"_links":{"self":[{"href":"https:\/\/dorogimedence.hu\/index.php\/wp-json\/wp\/v2\/posts\/82487","targetHints":{"allow":["GET"]}}],"collection":[{"href":"https:\/\/dorogimedence.hu\/index.php\/wp-json\/wp\/v2\/posts"}],"about":[{"href":"https:\/\/dorogimedence.hu\/index.php\/wp-json\/wp\/v2\/types\/post"}],"author":[{"embeddable":true,"href":"https:\/\/dorogimedence.hu\/index.php\/wp-json\/wp\/v2\/users\/1"}],"replies":[{"embeddable":true,"href":"https:\/\/dorogimedence.hu\/index.php\/wp-json\/wp\/v2\/comments?post=82487"}],"version-history":[{"count":2,"href":"https:\/\/dorogimedence.hu\/index.php\/wp-json\/wp\/v2\/posts\/82487\/revisions"}],"predecessor-version":[{"id":82490,"href":"https:\/\/dorogimedence.hu\/index.php\/wp-json\/wp\/v2\/posts\/82487\/revisions\/82490"}],"wp:featuredmedia":[{"embeddable":true,"href":"https:\/\/dorogimedence.hu\/index.php\/wp-json\/wp\/v2\/media\/82488"}],"wp:attachment":[{"href":"https:\/\/dorogimedence.hu\/index.php\/wp-json\/wp\/v2\/media?parent=82487"}],"wp:term":[{"taxonomy":"category","embeddable":true,"href":"https:\/\/dorogimedence.hu\/index.php\/wp-json\/wp\/v2\/categories?post=82487"},{"taxonomy":"post_tag","embeddable":true,"href":"https:\/\/dorogimedence.hu\/index.php\/wp-json\/wp\/v2\/tags?post=82487"}],"curies":[{"name":"wp","href":"https:\/\/api.w.org\/{rel}","templated":true}]}}