{"id":82448,"date":"2026-08-03T06:58:16","date_gmt":"2026-08-03T04:58:16","guid":{"rendered":"https:\/\/dorogimedence.hu\/?p=82448"},"modified":"2026-08-03T16:04:11","modified_gmt":"2026-08-03T14:04:11","slug":"magabiztos-kupasiker-utan-mar-a-bajnoksagra-keszul-a-dorogi-banyasz-fc","status":"publish","type":"post","link":"https:\/\/dorogimedence.hu\/index.php\/2026\/08\/03\/magabiztos-kupasiker-utan-mar-a-bajnoksagra-keszul-a-dorogi-banyasz-fc\/","title":{"rendered":"Magabiztos kupasiker ut\u00e1n m\u00e1r a bajnoks\u00e1gra k\u00e9sz\u00fcl a Dorogi B\u00e1ny\u00e1sz FC"},"content":{"rendered":"<p class=\"PDq2pG_selectionAnchorContainer\" data-start=\"74\" data-end=\"335\"><strong>F\u00f6l\u00e9nyes gy\u0151zelemmel jutott tov\u00e1bb a Mol Magyar Kupa els\u0151 fordul\u00f3j\u00e1b\u00f3l a Dorogi B\u00e1ny\u00e1sz FC. A dorogi egy\u00fcttes augusztus 2-\u00e1n, vas\u00e1rnap a Gy\u0151r-Moson-Sopron v\u00e1rmegyei III. oszt\u00e1lyban szerepl\u0151 B\u00e1gyogszov\u00e1t SE vend\u00e9gek\u00e9nt l\u00e9pett p\u00e1ly\u00e1ra, ahol 13\u20130-s sikert aratott.<\/strong><\/p>\n<p data-start=\"337\" data-end=\"487\">A Dorogi B\u00e1ny\u00e1sz FC m\u00e1r az els\u0151 f\u00e9lid\u0151ben eld\u00f6nt\u00f6tte a tov\u00e1bbjut\u00e1s k\u00e9rd\u00e9s\u00e9t, majd a m\u00e1sodik j\u00e1t\u00e9kr\u00e9szben sem lass\u00edtott, v\u00e9g\u00fcl tizenh\u00e1rom g\u00f3lig jutott.<\/p>\n<h2 data-start=\"489\" data-end=\"531\">Tizenh\u00e1rom g\u00f3llal jutott tov\u00e1bb a Dorog<\/h2>\n<p data-start=\"533\" data-end=\"755\">A Dorogi B\u00e1ny\u00e1sz FC g\u00f3lszerz\u0151i: Ber\u00e9nyi Erik (2), Bord\u00e1cs Zolt\u00e1n, Cseszneki Rich\u00e1rd, Farag\u00f3 B\u00e1lint, K\u00f6vesdi P\u00e9ter, Lad\u00e1nyi Gerg\u0151 (2), Major Martin, Schildkraut Kriszti\u00e1n, So\u00f3s Bence, Szil\u00e1gyi M\u00e1t\u00e9 (2).<\/p>\n<p data-start=\"757\" data-end=\"964\">A Dorogi B\u00e1ny\u00e1sz FC ezzel magabiztosan jutott tov\u00e1bb a Mol Magyar Kupa m\u00e1sodik fordul\u00f3j\u00e1ba, ahol a Fej\u00e9r v\u00e1rmegyei I. oszt\u00e1ly\u00fa M\u00f3ri SE lesz az ellenfele. A m\u00e1sodik fordul\u00f3 hivatalos j\u00e1t\u00e9knapjai augusztus 22. \u00e9s 23.<\/p>\n<h2 data-start=\"966\" data-end=\"1011\">A bajnoks\u00e1gban is j\u00f3l rajtoltak a dorogiak<\/h2>\n<p data-start=\"1013\" data-end=\"1408\">A kupasiker mellett az NB III \u00c9szak-Nyugati csoportj\u00e1ban is j\u00f3l kezdte a szezont a Dorogi B\u00e1ny\u00e1sz FC. Hazai p\u00e1ly\u00e1n, 4\u20131-es gy\u0151zelemmel kezdte meg szerepl\u00e9s\u00e9t a Dorogi B\u00e1ny\u00e1sz FC az NB III \u00c9szak-Nyugati csoportj\u00e1nak 2026\/2027-es id\u00e9ny\u00e9ben. A dorogiak j\u00falius 25-\u00e9n, szombaton a Balatonalm\u00e1di SE egy\u00fcttes\u00e9t fogadt\u00e1k a Buz\u00e1nszky Jen\u0151 Labdar\u00fag\u00f3 Stadionban. <a href=\"https:\/\/dorogimedence.hu\/index.php\/2026\/07\/26\/magabiztos-gyozelemmel-rajtolt-a-dorogi-banyasz-fc\/\" target=\"_blank\" rel=\"noopener\"><span style=\"text-decoration: underline; color: #0000ff;\">Err\u0151l kor\u00e1bban r\u00e9szletesen is besz\u00e1moltunk<\/span><\/a>.<\/p>\n<p data-start=\"1013\" data-end=\"1408\"><em><del>A k\u00f6vetkez\u0151 bajnoki m\u00e9rk\u0151z\u00e9sre sem kell sokat v\u00e1rni: a Dorogi B\u00e1ny\u00e1sz FC augusztus 5-\u00e9n, szerd\u00e1n 17:30-t\u00f3l a Kir\u00e1ly SE vend\u00e9ge lesz Szombathelyen az NB III \u00c9szak-Nyugati csoport 2. fordul\u00f3j\u00e1ban.<\/del><\/em><\/p>\n<p data-start=\"1410\" data-end=\"1604\"><em><strong>FRISS\u00cdT\u00c9S:<\/strong> A Magyar Labdar\u00fag\u00f3 Sz\u00f6vets\u00e9g h\u00e9tf\u0151n bejelentette, hogy a rendk\u00edv\u00fcli h\u0151s\u00e9g miatt egy h\u00e9ttel elhalasztja az NB III eredetileg augusztus 5-re ki\u00edrt 2. fordul\u00f3j\u00e1t. Ennek megfelel\u0151en a Dorogi B\u00e1ny\u00e1sz FC Kir\u00e1ly SE elleni idegenbeli bajnoki m\u00e9rk\u0151z\u00e9s\u00e9t augusztus 12-\u00e9n, szerd\u00e1n 17:30-t\u00f3l rendezik meg Szombathelyen. A h\u00e9tv\u00e9gi 3. fordul\u00f3t ugyanakkor a tervek szerint megtartj\u00e1k, \u00edgy a bajnoks\u00e1gban el\u0151bb a 3., majd ezt k\u00f6vet\u0151en a 2. fordul\u00f3t j\u00e1tssz\u00e1k le.<\/em><\/p>\n<h2 data-start=\"1606\" data-end=\"1653\">A Mol Magyar Kupa 1. fordul\u00f3j\u00e1nak eredm\u00e9nyei<\/h2>\n<h3 data-start=\"1655\" data-end=\"1669\">\u00c9szakkelet<\/h3>\n<ul data-start=\"1670\" data-end=\"1860\">\n<li data-start=\"1670\" data-end=\"1702\">Gyulah\u00e1za KSE\u2013\u00dajdombr\u00e1d SE 2\u20137<\/li>\n<li data-start=\"1703\" data-end=\"1743\">Edel\u00e9ny-Borsodszer\u2013BTE Fels\u0151zsolca 4\u20130<\/li>\n<li data-start=\"1744\" data-end=\"1769\">Ibr\u00e1ny SE\u2013Putnok FC 3\u20132<\/li>\n<li data-start=\"1770\" data-end=\"1832\">Albidok FC-Kartal\u2013B\u00e9lk\u0151-SE B\u00e9lap\u00e1tfalva 1\u20131 (11-esekkel 4\u20132)<\/li>\n<li data-start=\"1833\" data-end=\"1860\">Gesztely FC\u2013Cig\u00e1nd SE 1\u20138<\/li>\n<\/ul>\n<h3 data-start=\"1862\" data-end=\"1877\">\u00c9szaknyugat<\/h3>\n<ul data-start=\"1878\" data-end=\"2148\">\n<li data-start=\"1878\" data-end=\"1910\">Telekes Medosz SE\u2013M\u00f3ri SE 1\u201311<\/li>\n<li data-start=\"1911\" data-end=\"1940\">H\u00e1rsk\u00fat SE\u2013Kapuv\u00e1ri SE 0\u201310<\/li>\n<li data-start=\"1941\" data-end=\"1981\">B\u00e1gyogszov\u00e1t SE\u2013Dorogi B\u00e1ny\u00e1sz FC 0\u201313<\/li>\n<li data-start=\"1982\" data-end=\"2047\">G\u00e9rce-V\u00e1s\u00e1rosmiske KSE\u2013Ugod SE 2\u20132 (a 88. percben f\u00e9lbeszakadt)<\/li>\n<li data-start=\"2048\" data-end=\"2078\">T\u00e1t SE\u2013VSC 2015 Veszpr\u00e9m 0\u20136<\/li>\n<li data-start=\"2079\" data-end=\"2114\">B\u0151nyi SE\u2013Schott Luk\u00e1csh\u00e1za SE 4\u20131<\/li>\n<li data-start=\"2115\" data-end=\"2148\">Zalaszentgr\u00f3ti FC\u2013FC Sopron 0\u20131<\/li>\n<\/ul>\n<h3 data-start=\"2150\" data-end=\"2162\">D\u00e9lkelet<\/h3>\n<ul data-start=\"2163\" data-end=\"2316\">\n<li data-start=\"2163\" data-end=\"2192\">Ikarus VSE\u2013Kondorosi TE 5\u20130<\/li>\n<li data-start=\"2193\" data-end=\"2235\">J\u00e1szals\u00f3szentgy\u00f6rgy KSE\u2013P\u00e9nz\u00fcgy\u0151r SE 0\u20132<\/li>\n<li data-start=\"2236\" data-end=\"2277\">Mez\u0151megyer SE\u2013B\u00e9k\u00e9scsaba 1912 El\u0151re 0\u20138<\/li>\n<li data-start=\"2278\" data-end=\"2316\">Kiskundorozsma KSK\u2013J\u00e1noshalmi SE 0\u20132<\/li>\n<\/ul>\n<h3 data-start=\"2318\" data-end=\"2331\">D\u00e9lnyugat<\/h3>\n<ul data-start=\"2332\" data-end=\"2414\">\n<li data-start=\"2332\" data-end=\"2384\">Cs\u00f3r Truck-Trailer FC\u2013Buda\u00f6rs 1\u20131 (11-esekkel 4\u20132)<\/li>\n<li data-start=\"2385\" data-end=\"2414\">Vill\u00e1nyi TC\u2013B\u00f6lcskei SE 4\u20131<\/li>\n<\/ul>\n<h2 data-start=\"2416\" data-end=\"2463\">A Mol Magyar Kupa 2. fordul\u00f3j\u00e1nak p\u00e1ros\u00edt\u00e1sa<\/h2>\n<h3 data-start=\"2465\" data-end=\"2479\">\u00c9szakkelet<\/h3>\n<ul data-start=\"2480\" data-end=\"2798\">\n<li data-start=\"2480\" data-end=\"2513\">Albidok FC-Kartal\u2013Debreceni EAC<\/li>\n<li data-start=\"2514\" data-end=\"2540\">S\u00e9ny\u0151 FC\u2013Tiszaf\u00fcredi VSE<\/li>\n<li data-start=\"2541\" data-end=\"2589\">Silver T\u00fcz\u00e9p Karancslapujt\u0151\u2013Edel\u00e9ny-Borsodszer<\/li>\n<li data-start=\"2590\" data-end=\"2635\">Tiszab\u00e1bolna-Term\u00e1lf\u00fcrd\u0151 Mez\u0151cs\u00e1t\u2013FC Hatvan<\/li>\n<li data-start=\"2636\" data-end=\"2660\">\u00dajdombr\u00e1d SE\u2013Cig\u00e1nd SE<\/li>\n<li data-start=\"2661\" data-end=\"2687\">Ibr\u00e1ny SE\u2013\u00d3zd-Saj\u00f3v\u00f6lgye<\/li>\n<li data-start=\"2688\" data-end=\"2740\">Nagyb\u00e1tonyi B\u00e1ny\u00e1sz SC\u2013Term\u00e1lf\u00fcrd\u0151 FC Tisza\u00fajv\u00e1ros<\/li>\n<li data-start=\"2741\" data-end=\"2763\">Em\u0151di \u00c1IDSE\u2013Tarpa SC<\/li>\n<li data-start=\"2764\" data-end=\"2798\">Salg\u00f3tarj\u00e1ni BTC\u2013M\u00e1t\u00e9szalkai MTK<\/li>\n<\/ul>\n<h3 data-start=\"2800\" data-end=\"2815\">\u00c9szaknyugat<\/h3>\n<ul data-start=\"2816\" data-end=\"3094\">\n<li data-start=\"2816\" data-end=\"2841\">Mez\u0151\u00f6rs KSE\u2013K\u00f6rmendi FC<\/li>\n<li data-start=\"2842\" data-end=\"2862\">B\u0151nyi SE\u2013L\u00e9b\u00e9ny SE<\/li>\n<li data-start=\"2863\" data-end=\"2908\">G\u00e9rce-V\u00e1s\u00e1rosmiske KSE\/Ugod SE\u2013Kom\u00e1romi VSE<\/li>\n<li data-start=\"2909\" data-end=\"2939\">VSC 2015 Veszpr\u00e9m\u2013Halad\u00e1s FC<\/li>\n<li data-start=\"2940\" data-end=\"2974\">Kapuv\u00e1ri SE\u2013Opus Tig\u00e1z Tatab\u00e1nya<\/li>\n<li data-start=\"2975\" data-end=\"3002\">Balatonf\u00fcredi FC\u2013H\u00e9v\u00edz SK<\/li>\n<li data-start=\"3003\" data-end=\"3037\">Magnetic Andr\u00e1shida TE\u2013FC Sopron<\/li>\n<li data-start=\"3038\" data-end=\"3062\">Bicskei TE\u2013S\u00e1ris\u00e1p BSE<\/li>\n<li data-start=\"3063\" data-end=\"3094\"><strong data-start=\"3065\" data-end=\"3094\">M\u00f3ri SE\u2013Dorogi B\u00e1ny\u00e1sz FC<\/strong><\/li>\n<\/ul>\n<h3 data-start=\"3096\" data-end=\"3108\">D\u00e9lkelet<\/h3>\n<ul data-start=\"3109\" data-end=\"3385\">\n<li data-start=\"3109\" data-end=\"3132\">P\u00e9nz\u00fcgy\u0151r SE\u2013Harta SE<\/li>\n<li data-start=\"3133\" data-end=\"3166\">S\u00e1ndorfalvi KSE\u2013Szolnoki M\u00c1V FC<\/li>\n<li data-start=\"3167\" data-end=\"3194\">J\u00e1noshalmi SE\u2013Szegedi VSE<\/li>\n<li data-start=\"3195\" data-end=\"3223\">Gyulai Term\u00e1l FC\u2013BKV El\u0151re<\/li>\n<li data-start=\"3224\" data-end=\"3253\">Szabadkik\u00f6t\u0151 SE\u2013G\u00f6d\u00f6ll\u0151i SK<\/li>\n<li data-start=\"3254\" data-end=\"3286\">Monor SE\u2013B\u00e9k\u00e9scsaba 1912 El\u0151re<\/li>\n<li data-start=\"3287\" data-end=\"3319\">M-Perfect Home-Algy\u0151i SK\u2013ESMTK<\/li>\n<li data-start=\"3320\" data-end=\"3355\">Fels\u0151pakony KSE\u2013Meton-FC Dabas SE<\/li>\n<li data-start=\"3356\" data-end=\"3385\">Ikarus VSE\u2013Dunaharaszti MTK<\/li>\n<\/ul>\n<h3 data-start=\"3387\" data-end=\"3400\">D\u00e9lnyugat<\/h3>\n<ul data-start=\"3401\" data-end=\"3665\" data-is-last-node=\"\" data-is-only-node=\"\">\n<li data-start=\"3401\" data-end=\"3427\">TFSE-Budapest\u2013BFC Si\u00f3fok<\/li>\n<li data-start=\"3428\" data-end=\"3460\">Bajai LC\u2013Cs\u00f3r Truck-Trailer FC<\/li>\n<li data-start=\"3461\" data-end=\"3483\">Iv\u00e1ncsa KSE\u2013\u00c9rdi VSE<\/li>\n<li data-start=\"3484\" data-end=\"3517\">Balatoni Vasas SE\u2013Nagykoz\u00e1r KSE<\/li>\n<li data-start=\"3518\" data-end=\"3542\">P\u00e9csi MFC\u2013S\u00e1rbog\u00e1rd SE<\/li>\n<li data-start=\"3543\" data-end=\"3574\">Vill\u00e1nyi TC\u201343. sz. \u00c9p\u00edt\u0151k SK<\/li>\n<li data-start=\"3575\" data-end=\"3607\">ReBase Majosi SE\u2013III. Ker. TVE<\/li>\n<li data-start=\"3608\" data-end=\"3639\">Kaposv\u00e1ri R\u00e1k\u00f3czi FC\u2013PTE-PEAC<\/li>\n<li data-start=\"3640\" data-end=\"3665\" data-is-last-node=\"\">Csepel FC USE\u2013Csepel SC<\/li>\n<\/ul>\n<p><em>Felhaszn\u00e1lt forr\u00e1sok: <a href=\"https:\/\/www.nemzetisport.hu\/labdarugo-nb-i\/2026\/08\/magyar-kupa-egy-felbeszakadt-meccs-ket-tizenegyesparbaj-harom-ketszamjegyu-gyozelem\" target=\"_blank\" rel=\"noopener\"><span style=\"text-decoration: underline; color: #0000ff;\">Nemzeti Sport<\/span><\/a> \/ <a href=\"https:\/\/www.facebook.com\/profile.php?id=61571201213817\" target=\"_blank\" rel=\"noopener\"><span style=\"text-decoration: underline; color: #0000ff;\">Dorogi B\u00e1ny\u00e1sz FC Facebook-oldala<\/span><\/a><br \/>\nBor\u00edt\u00f3k\u00e9p: illusztr\u00e1ci\u00f3 (Dorogi-medence)<\/em><\/p>\n","protected":false},"excerpt":{"rendered":"<p>F\u00f6l\u00e9nyes gy\u0151zelemmel jutott tov\u00e1bb a Mol Magyar Kupa els\u0151 fordul\u00f3j\u00e1b\u00f3l a Dorogi B\u00e1ny\u00e1sz FC. A dorogi egy\u00fcttes augusztus 2-\u00e1n, vas\u00e1rnap a Gy\u0151r-Moson-Sopron v\u00e1rmegyei III. oszt\u00e1lyban szerepl\u0151 B\u00e1gyogszov\u00e1t SE vend\u00e9gek\u00e9nt l\u00e9pett p\u00e1ly\u00e1ra, ahol 13\u20130-s sikert aratott. A Dorogi B\u00e1ny\u00e1sz FC m\u00e1r az els\u0151 f\u00e9lid\u0151ben eld\u00f6nt\u00f6tte a tov\u00e1bbjut\u00e1s k\u00e9rd\u00e9s\u00e9t, majd a m\u00e1sodik j\u00e1t\u00e9kr\u00e9szben sem lass\u00edtott, v\u00e9g\u00fcl tizenh\u00e1rom<\/p>\n","protected":false},"author":1,"featured_media":44596,"comment_status":"closed","ping_status":"closed","sticky":false,"template":"","format":"standard","meta":{"ngg_post_thumbnail":0,"footnotes":""},"categories":[2,3,5],"tags":[15,8932,70,69,72,71,16],"class_list":["post-82448","post","type-post","status-publish","format-standard","has-post-thumbnail","category-dorog","category-hirek","category-sport","tag-dorog","tag-dorogi-banyasz-fc","tag-foci","tag-futball","tag-labdarugas","tag-magyar-kupa","tag-sport"],"yoast_head":"<!-- This site is optimized with the Yoast SEO plugin v28.3 - https:\/\/yoast.com\/product\/yoast-seo-wordpress\/ -->\n<title>Magabiztos kupasiker ut\u00e1n m\u00e1r a bajnoks\u00e1gra k\u00e9sz\u00fcl a Dorogi B\u00e1ny\u00e1sz FC<\/title>\n<meta name=\"robots\" content=\"index, follow, max-snippet:-1, max-image-preview:large, max-video-preview:-1\" \/>\n<link rel=\"canonical\" href=\"https:\/\/dorogimedence.hu\/index.php\/2026\/08\/03\/magabiztos-kupasiker-utan-mar-a-bajnoksagra-keszul-a-dorogi-banyasz-fc\/\" class=\"yoast-seo-meta-tag\" \/>\n<meta property=\"og:locale\" content=\"hu_HU\" class=\"yoast-seo-meta-tag\" \/>\n<meta property=\"og:type\" content=\"article\" class=\"yoast-seo-meta-tag\" \/>\n<meta property=\"og:title\" content=\"Magabiztos kupasiker ut\u00e1n m\u00e1r a bajnoks\u00e1gra k\u00e9sz\u00fcl a Dorogi B\u00e1ny\u00e1sz FC\" class=\"yoast-seo-meta-tag\" \/>\n<meta property=\"og:description\" content=\"F\u00f6l\u00e9nyes gy\u0151zelemmel jutott tov\u00e1bb a Mol Magyar Kupa els\u0151 fordul\u00f3j\u00e1b\u00f3l a Dorogi B\u00e1ny\u00e1sz FC. A dorogi egy\u00fcttes augusztus 2-\u00e1n, vas\u00e1rnap a Gy\u0151r-Moson-Sopron v\u00e1rmegyei III. oszt\u00e1lyban szerepl\u0151 B\u00e1gyogszov\u00e1t SE vend\u00e9gek\u00e9nt l\u00e9pett p\u00e1ly\u00e1ra, ahol 13\u20130-s sikert aratott. A Dorogi B\u00e1ny\u00e1sz FC m\u00e1r az els\u0151 f\u00e9lid\u0151ben eld\u00f6nt\u00f6tte a tov\u00e1bbjut\u00e1s k\u00e9rd\u00e9s\u00e9t, majd a m\u00e1sodik j\u00e1t\u00e9kr\u00e9szben sem lass\u00edtott, v\u00e9g\u00fcl tizenh\u00e1rom\" class=\"yoast-seo-meta-tag\" \/>\n<meta property=\"og:url\" content=\"https:\/\/dorogimedence.hu\/index.php\/2026\/08\/03\/magabiztos-kupasiker-utan-mar-a-bajnoksagra-keszul-a-dorogi-banyasz-fc\/\" class=\"yoast-seo-meta-tag\" \/>\n<meta property=\"og:site_name\" content=\"Dorogi-medence Region\u00e1lis H\u00edrport\u00e1l\" class=\"yoast-seo-meta-tag\" \/>\n<meta property=\"article:publisher\" content=\"https:\/\/www.facebook.com\/dorogimedence\/\" class=\"yoast-seo-meta-tag\" \/>\n<meta property=\"article:published_time\" content=\"2026-08-03T04:58:16+00:00\" class=\"yoast-seo-meta-tag\" \/>\n<meta property=\"article:modified_time\" content=\"2026-08-03T14:04:11+00:00\" class=\"yoast-seo-meta-tag\" \/>\n<meta property=\"og:image\" content=\"https:\/\/dorogimedence.hu\/wp-content\/uploads\/2022\/07\/focilabda.jpg\" class=\"yoast-seo-meta-tag\" \/>\n\t<meta property=\"og:image:width\" content=\"1920\" class=\"yoast-seo-meta-tag\" \/>\n\t<meta property=\"og:image:height\" content=\"1161\" class=\"yoast-seo-meta-tag\" \/>\n\t<meta property=\"og:image:type\" content=\"image\/jpeg\" class=\"yoast-seo-meta-tag\" \/>\n<meta name=\"author\" content=\"dorogimedence.hu\" class=\"yoast-seo-meta-tag\" \/>\n<meta name=\"twitter:card\" content=\"summary_large_image\" class=\"yoast-seo-meta-tag\" \/>\n<meta name=\"twitter:label1\" content=\"Szerz\u0151:\" class=\"yoast-seo-meta-tag\" \/>\n\t<meta name=\"twitter:data1\" content=\"dorogimedence.hu\" class=\"yoast-seo-meta-tag\" \/>\n\t<meta name=\"twitter:label2\" content=\"Becs\u00fclt olvas\u00e1si id\u0151\" class=\"yoast-seo-meta-tag\" \/>\n\t<meta name=\"twitter:data2\" content=\"4 perc\" class=\"yoast-seo-meta-tag\" \/>\n<script type=\"application\/ld+json\" class=\"yoast-schema-graph\">{\"@context\":\"https:\\\/\\\/schema.org\",\"@graph\":[{\"@type\":\"Article\",\"@id\":\"https:\\\/\\\/dorogimedence.hu\\\/index.php\\\/2026\\\/08\\\/03\\\/magabiztos-kupasiker-utan-mar-a-bajnoksagra-keszul-a-dorogi-banyasz-fc\\\/#article\",\"isPartOf\":{\"@id\":\"https:\\\/\\\/dorogimedence.hu\\\/index.php\\\/2026\\\/08\\\/03\\\/magabiztos-kupasiker-utan-mar-a-bajnoksagra-keszul-a-dorogi-banyasz-fc\\\/\"},\"author\":{\"name\":\"dorogimedence.hu\",\"@id\":\"https:\\\/\\\/dorogimedence.hu\\\/#\\\/schema\\\/person\\\/ce6091eeb7e95ecdc87890d6aa8e0fd4\"},\"headline\":\"Magabiztos kupasiker ut\u00e1n m\u00e1r a bajnoks\u00e1gra k\u00e9sz\u00fcl a Dorogi B\u00e1ny\u00e1sz FC\",\"datePublished\":\"2026-08-03T04:58:16+00:00\",\"dateModified\":\"2026-08-03T14:04:11+00:00\",\"mainEntityOfPage\":{\"@id\":\"https:\\\/\\\/dorogimedence.hu\\\/index.php\\\/2026\\\/08\\\/03\\\/magabiztos-kupasiker-utan-mar-a-bajnoksagra-keszul-a-dorogi-banyasz-fc\\\/\"},\"wordCount\":855,\"publisher\":{\"@id\":\"https:\\\/\\\/dorogimedence.hu\\\/#organization\"},\"image\":{\"@id\":\"https:\\\/\\\/dorogimedence.hu\\\/index.php\\\/2026\\\/08\\\/03\\\/magabiztos-kupasiker-utan-mar-a-bajnoksagra-keszul-a-dorogi-banyasz-fc\\\/#primaryimage\"},\"thumbnailUrl\":\"https:\\\/\\\/dorogimedence.hu\\\/wp-content\\\/uploads\\\/2022\\\/07\\\/focilabda.jpg\",\"keywords\":[\"Dorog\",\"Dorogi B\u00e1ny\u00e1sz FC\",\"foci\",\"futball\",\"labdar\u00fag\u00e1s\",\"Magyar Kupa\",\"sport\"],\"articleSection\":[\"Dorog\",\"H\u00edrek\",\"Sport\"],\"inLanguage\":\"hu\"},{\"@type\":\"WebPage\",\"@id\":\"https:\\\/\\\/dorogimedence.hu\\\/index.php\\\/2026\\\/08\\\/03\\\/magabiztos-kupasiker-utan-mar-a-bajnoksagra-keszul-a-dorogi-banyasz-fc\\\/\",\"url\":\"https:\\\/\\\/dorogimedence.hu\\\/index.php\\\/2026\\\/08\\\/03\\\/magabiztos-kupasiker-utan-mar-a-bajnoksagra-keszul-a-dorogi-banyasz-fc\\\/\",\"name\":\"Magabiztos kupasiker ut\u00e1n m\u00e1r a bajnoks\u00e1gra k\u00e9sz\u00fcl a Dorogi B\u00e1ny\u00e1sz FC\",\"isPartOf\":{\"@id\":\"https:\\\/\\\/dorogimedence.hu\\\/#website\"},\"primaryImageOfPage\":{\"@id\":\"https:\\\/\\\/dorogimedence.hu\\\/index.php\\\/2026\\\/08\\\/03\\\/magabiztos-kupasiker-utan-mar-a-bajnoksagra-keszul-a-dorogi-banyasz-fc\\\/#primaryimage\"},\"image\":{\"@id\":\"https:\\\/\\\/dorogimedence.hu\\\/index.php\\\/2026\\\/08\\\/03\\\/magabiztos-kupasiker-utan-mar-a-bajnoksagra-keszul-a-dorogi-banyasz-fc\\\/#primaryimage\"},\"thumbnailUrl\":\"https:\\\/\\\/dorogimedence.hu\\\/wp-content\\\/uploads\\\/2022\\\/07\\\/focilabda.jpg\",\"datePublished\":\"2026-08-03T04:58:16+00:00\",\"dateModified\":\"2026-08-03T14:04:11+00:00\",\"breadcrumb\":{\"@id\":\"https:\\\/\\\/dorogimedence.hu\\\/index.php\\\/2026\\\/08\\\/03\\\/magabiztos-kupasiker-utan-mar-a-bajnoksagra-keszul-a-dorogi-banyasz-fc\\\/#breadcrumb\"},\"inLanguage\":\"hu\",\"potentialAction\":[{\"@type\":\"ReadAction\",\"target\":[\"https:\\\/\\\/dorogimedence.hu\\\/index.php\\\/2026\\\/08\\\/03\\\/magabiztos-kupasiker-utan-mar-a-bajnoksagra-keszul-a-dorogi-banyasz-fc\\\/\"]}]},{\"@type\":\"ImageObject\",\"inLanguage\":\"hu\",\"@id\":\"https:\\\/\\\/dorogimedence.hu\\\/index.php\\\/2026\\\/08\\\/03\\\/magabiztos-kupasiker-utan-mar-a-bajnoksagra-keszul-a-dorogi-banyasz-fc\\\/#primaryimage\",\"url\":\"https:\\\/\\\/dorogimedence.hu\\\/wp-content\\\/uploads\\\/2022\\\/07\\\/focilabda.jpg\",\"contentUrl\":\"https:\\\/\\\/dorogimedence.hu\\\/wp-content\\\/uploads\\\/2022\\\/07\\\/focilabda.jpg\",\"width\":1920,\"height\":1161},{\"@type\":\"BreadcrumbList\",\"@id\":\"https:\\\/\\\/dorogimedence.hu\\\/index.php\\\/2026\\\/08\\\/03\\\/magabiztos-kupasiker-utan-mar-a-bajnoksagra-keszul-a-dorogi-banyasz-fc\\\/#breadcrumb\",\"itemListElement\":[{\"@type\":\"ListItem\",\"position\":1,\"name\":\"Kezd\u0151lap\",\"item\":\"https:\\\/\\\/dorogimedence.hu\\\/\"},{\"@type\":\"ListItem\",\"position\":2,\"name\":\"Magabiztos kupasiker ut\u00e1n m\u00e1r a bajnoks\u00e1gra k\u00e9sz\u00fcl a Dorogi B\u00e1ny\u00e1sz FC\"}]},{\"@type\":\"WebSite\",\"@id\":\"https:\\\/\\\/dorogimedence.hu\\\/#website\",\"url\":\"https:\\\/\\\/dorogimedence.hu\\\/\",\"name\":\"Dorogi-medence Region\u00e1lis H\u00edrport\u00e1l\",\"description\":\"Dorog, Keszt\u00f6lc, Le\u00e1nyv\u00e1r, Piliscs\u00e9v, Tokod, Tokodalt\u00e1r\u00f3, Csolnok, Esztergom-kertv\u00e1ros: h\u00edrek, programok\",\"publisher\":{\"@id\":\"https:\\\/\\\/dorogimedence.hu\\\/#organization\"},\"potentialAction\":[{\"@type\":\"SearchAction\",\"target\":{\"@type\":\"EntryPoint\",\"urlTemplate\":\"https:\\\/\\\/dorogimedence.hu\\\/?s={search_term_string}\"},\"query-input\":{\"@type\":\"PropertyValueSpecification\",\"valueRequired\":true,\"valueName\":\"search_term_string\"}}],\"inLanguage\":\"hu\"},{\"@type\":\"Organization\",\"@id\":\"https:\\\/\\\/dorogimedence.hu\\\/#organization\",\"name\":\"Dorogi-medence Region\u00e1lis H\u00edrport\u00e1l\",\"url\":\"https:\\\/\\\/dorogimedence.hu\\\/\",\"logo\":{\"@type\":\"ImageObject\",\"inLanguage\":\"hu\",\"@id\":\"https:\\\/\\\/dorogimedence.hu\\\/#\\\/schema\\\/logo\\\/image\\\/\",\"url\":\"https:\\\/\\\/dorogimedence.hu\\\/wp-content\\\/uploads\\\/2021\\\/04\\\/logo-feher-600.png\",\"contentUrl\":\"https:\\\/\\\/dorogimedence.hu\\\/wp-content\\\/uploads\\\/2021\\\/04\\\/logo-feher-600.png\",\"width\":600,\"height\":100,\"caption\":\"Dorogi-medence Region\u00e1lis H\u00edrport\u00e1l\"},\"image\":{\"@id\":\"https:\\\/\\\/dorogimedence.hu\\\/#\\\/schema\\\/logo\\\/image\\\/\"},\"sameAs\":[\"https:\\\/\\\/www.facebook.com\\\/dorogimedence\\\/\"]},{\"@type\":\"Person\",\"@id\":\"https:\\\/\\\/dorogimedence.hu\\\/#\\\/schema\\\/person\\\/ce6091eeb7e95ecdc87890d6aa8e0fd4\",\"name\":\"dorogimedence.hu\",\"image\":{\"@type\":\"ImageObject\",\"inLanguage\":\"hu\",\"@id\":\"\\\/\\\/www.gravatar.com\\\/avatar\\\/d8d45f8901aadff40a4af72c0b826f1d?s=96&#038;r=g&#038;d=mm\",\"url\":\"\\\/\\\/www.gravatar.com\\\/avatar\\\/d8d45f8901aadff40a4af72c0b826f1d?s=96&#038;r=g&#038;d=mm\",\"contentUrl\":\"\\\/\\\/www.gravatar.com\\\/avatar\\\/d8d45f8901aadff40a4af72c0b826f1d?s=96&#038;r=g&#038;d=mm\",\"caption\":\"dorogimedence.hu\"}}]}<\/script>\n<!-- \/ Yoast SEO plugin. -->","yoast_head_json":{"title":"Magabiztos kupasiker ut\u00e1n m\u00e1r a bajnoks\u00e1gra k\u00e9sz\u00fcl a Dorogi B\u00e1ny\u00e1sz FC","robots":{"index":"index","follow":"follow","max-snippet":"max-snippet:-1","max-image-preview":"max-image-preview:large","max-video-preview":"max-video-preview:-1"},"canonical":"https:\/\/dorogimedence.hu\/index.php\/2026\/08\/03\/magabiztos-kupasiker-utan-mar-a-bajnoksagra-keszul-a-dorogi-banyasz-fc\/","og_locale":"hu_HU","og_type":"article","og_title":"Magabiztos kupasiker ut\u00e1n m\u00e1r a bajnoks\u00e1gra k\u00e9sz\u00fcl a Dorogi B\u00e1ny\u00e1sz FC","og_description":"F\u00f6l\u00e9nyes gy\u0151zelemmel jutott tov\u00e1bb a Mol Magyar Kupa els\u0151 fordul\u00f3j\u00e1b\u00f3l a Dorogi B\u00e1ny\u00e1sz FC. A dorogi egy\u00fcttes augusztus 2-\u00e1n, vas\u00e1rnap a Gy\u0151r-Moson-Sopron v\u00e1rmegyei III. oszt\u00e1lyban szerepl\u0151 B\u00e1gyogszov\u00e1t SE vend\u00e9gek\u00e9nt l\u00e9pett p\u00e1ly\u00e1ra, ahol 13\u20130-s sikert aratott. A Dorogi B\u00e1ny\u00e1sz FC m\u00e1r az els\u0151 f\u00e9lid\u0151ben eld\u00f6nt\u00f6tte a tov\u00e1bbjut\u00e1s k\u00e9rd\u00e9s\u00e9t, majd a m\u00e1sodik j\u00e1t\u00e9kr\u00e9szben sem lass\u00edtott, v\u00e9g\u00fcl tizenh\u00e1rom","og_url":"https:\/\/dorogimedence.hu\/index.php\/2026\/08\/03\/magabiztos-kupasiker-utan-mar-a-bajnoksagra-keszul-a-dorogi-banyasz-fc\/","og_site_name":"Dorogi-medence Region\u00e1lis H\u00edrport\u00e1l","article_publisher":"https:\/\/www.facebook.com\/dorogimedence\/","article_published_time":"2026-08-03T04:58:16+00:00","article_modified_time":"2026-08-03T14:04:11+00:00","og_image":[{"width":1920,"height":1161,"url":"https:\/\/dorogimedence.hu\/wp-content\/uploads\/2022\/07\/focilabda.jpg","type":"image\/jpeg"}],"author":"dorogimedence.hu","twitter_card":"summary_large_image","twitter_misc":{"Szerz\u0151:":"dorogimedence.hu","Becs\u00fclt olvas\u00e1si id\u0151":"4 perc"},"schema":{"@context":"https:\/\/schema.org","@graph":[{"@type":"Article","@id":"https:\/\/dorogimedence.hu\/index.php\/2026\/08\/03\/magabiztos-kupasiker-utan-mar-a-bajnoksagra-keszul-a-dorogi-banyasz-fc\/#article","isPartOf":{"@id":"https:\/\/dorogimedence.hu\/index.php\/2026\/08\/03\/magabiztos-kupasiker-utan-mar-a-bajnoksagra-keszul-a-dorogi-banyasz-fc\/"},"author":{"name":"dorogimedence.hu","@id":"https:\/\/dorogimedence.hu\/#\/schema\/person\/ce6091eeb7e95ecdc87890d6aa8e0fd4"},"headline":"Magabiztos kupasiker ut\u00e1n m\u00e1r a bajnoks\u00e1gra k\u00e9sz\u00fcl a Dorogi B\u00e1ny\u00e1sz FC","datePublished":"2026-08-03T04:58:16+00:00","dateModified":"2026-08-03T14:04:11+00:00","mainEntityOfPage":{"@id":"https:\/\/dorogimedence.hu\/index.php\/2026\/08\/03\/magabiztos-kupasiker-utan-mar-a-bajnoksagra-keszul-a-dorogi-banyasz-fc\/"},"wordCount":855,"publisher":{"@id":"https:\/\/dorogimedence.hu\/#organization"},"image":{"@id":"https:\/\/dorogimedence.hu\/index.php\/2026\/08\/03\/magabiztos-kupasiker-utan-mar-a-bajnoksagra-keszul-a-dorogi-banyasz-fc\/#primaryimage"},"thumbnailUrl":"https:\/\/dorogimedence.hu\/wp-content\/uploads\/2022\/07\/focilabda.jpg","keywords":["Dorog","Dorogi B\u00e1ny\u00e1sz FC","foci","futball","labdar\u00fag\u00e1s","Magyar Kupa","sport"],"articleSection":["Dorog","H\u00edrek","Sport"],"inLanguage":"hu"},{"@type":"WebPage","@id":"https:\/\/dorogimedence.hu\/index.php\/2026\/08\/03\/magabiztos-kupasiker-utan-mar-a-bajnoksagra-keszul-a-dorogi-banyasz-fc\/","url":"https:\/\/dorogimedence.hu\/index.php\/2026\/08\/03\/magabiztos-kupasiker-utan-mar-a-bajnoksagra-keszul-a-dorogi-banyasz-fc\/","name":"Magabiztos kupasiker ut\u00e1n m\u00e1r a bajnoks\u00e1gra k\u00e9sz\u00fcl a Dorogi B\u00e1ny\u00e1sz FC","isPartOf":{"@id":"https:\/\/dorogimedence.hu\/#website"},"primaryImageOfPage":{"@id":"https:\/\/dorogimedence.hu\/index.php\/2026\/08\/03\/magabiztos-kupasiker-utan-mar-a-bajnoksagra-keszul-a-dorogi-banyasz-fc\/#primaryimage"},"image":{"@id":"https:\/\/dorogimedence.hu\/index.php\/2026\/08\/03\/magabiztos-kupasiker-utan-mar-a-bajnoksagra-keszul-a-dorogi-banyasz-fc\/#primaryimage"},"thumbnailUrl":"https:\/\/dorogimedence.hu\/wp-content\/uploads\/2022\/07\/focilabda.jpg","datePublished":"2026-08-03T04:58:16+00:00","dateModified":"2026-08-03T14:04:11+00:00","breadcrumb":{"@id":"https:\/\/dorogimedence.hu\/index.php\/2026\/08\/03\/magabiztos-kupasiker-utan-mar-a-bajnoksagra-keszul-a-dorogi-banyasz-fc\/#breadcrumb"},"inLanguage":"hu","potentialAction":[{"@type":"ReadAction","target":["https:\/\/dorogimedence.hu\/index.php\/2026\/08\/03\/magabiztos-kupasiker-utan-mar-a-bajnoksagra-keszul-a-dorogi-banyasz-fc\/"]}]},{"@type":"ImageObject","inLanguage":"hu","@id":"https:\/\/dorogimedence.hu\/index.php\/2026\/08\/03\/magabiztos-kupasiker-utan-mar-a-bajnoksagra-keszul-a-dorogi-banyasz-fc\/#primaryimage","url":"https:\/\/dorogimedence.hu\/wp-content\/uploads\/2022\/07\/focilabda.jpg","contentUrl":"https:\/\/dorogimedence.hu\/wp-content\/uploads\/2022\/07\/focilabda.jpg","width":1920,"height":1161},{"@type":"BreadcrumbList","@id":"https:\/\/dorogimedence.hu\/index.php\/2026\/08\/03\/magabiztos-kupasiker-utan-mar-a-bajnoksagra-keszul-a-dorogi-banyasz-fc\/#breadcrumb","itemListElement":[{"@type":"ListItem","position":1,"name":"Kezd\u0151lap","item":"https:\/\/dorogimedence.hu\/"},{"@type":"ListItem","position":2,"name":"Magabiztos kupasiker ut\u00e1n m\u00e1r a bajnoks\u00e1gra k\u00e9sz\u00fcl a Dorogi B\u00e1ny\u00e1sz FC"}]},{"@type":"WebSite","@id":"https:\/\/dorogimedence.hu\/#website","url":"https:\/\/dorogimedence.hu\/","name":"Dorogi-medence Region\u00e1lis H\u00edrport\u00e1l","description":"Dorog, Keszt\u00f6lc, Le\u00e1nyv\u00e1r, Piliscs\u00e9v, Tokod, Tokodalt\u00e1r\u00f3, Csolnok, Esztergom-kertv\u00e1ros: h\u00edrek, programok","publisher":{"@id":"https:\/\/dorogimedence.hu\/#organization"},"potentialAction":[{"@type":"SearchAction","target":{"@type":"EntryPoint","urlTemplate":"https:\/\/dorogimedence.hu\/?s={search_term_string}"},"query-input":{"@type":"PropertyValueSpecification","valueRequired":true,"valueName":"search_term_string"}}],"inLanguage":"hu"},{"@type":"Organization","@id":"https:\/\/dorogimedence.hu\/#organization","name":"Dorogi-medence Region\u00e1lis H\u00edrport\u00e1l","url":"https:\/\/dorogimedence.hu\/","logo":{"@type":"ImageObject","inLanguage":"hu","@id":"https:\/\/dorogimedence.hu\/#\/schema\/logo\/image\/","url":"https:\/\/dorogimedence.hu\/wp-content\/uploads\/2021\/04\/logo-feher-600.png","contentUrl":"https:\/\/dorogimedence.hu\/wp-content\/uploads\/2021\/04\/logo-feher-600.png","width":600,"height":100,"caption":"Dorogi-medence Region\u00e1lis H\u00edrport\u00e1l"},"image":{"@id":"https:\/\/dorogimedence.hu\/#\/schema\/logo\/image\/"},"sameAs":["https:\/\/www.facebook.com\/dorogimedence\/"]},{"@type":"Person","@id":"https:\/\/dorogimedence.hu\/#\/schema\/person\/ce6091eeb7e95ecdc87890d6aa8e0fd4","name":"dorogimedence.hu","image":{"@type":"ImageObject","inLanguage":"hu","@id":"\/\/www.gravatar.com\/avatar\/d8d45f8901aadff40a4af72c0b826f1d?s=96&#038;r=g&#038;d=mm","url":"\/\/www.gravatar.com\/avatar\/d8d45f8901aadff40a4af72c0b826f1d?s=96&#038;r=g&#038;d=mm","contentUrl":"\/\/www.gravatar.com\/avatar\/d8d45f8901aadff40a4af72c0b826f1d?s=96&#038;r=g&#038;d=mm","caption":"dorogimedence.hu"}}]}},"_links":{"self":[{"href":"https:\/\/dorogimedence.hu\/index.php\/wp-json\/wp\/v2\/posts\/82448","targetHints":{"allow":["GET"]}}],"collection":[{"href":"https:\/\/dorogimedence.hu\/index.php\/wp-json\/wp\/v2\/posts"}],"about":[{"href":"https:\/\/dorogimedence.hu\/index.php\/wp-json\/wp\/v2\/types\/post"}],"author":[{"embeddable":true,"href":"https:\/\/dorogimedence.hu\/index.php\/wp-json\/wp\/v2\/users\/1"}],"replies":[{"embeddable":true,"href":"https:\/\/dorogimedence.hu\/index.php\/wp-json\/wp\/v2\/comments?post=82448"}],"version-history":[{"count":3,"href":"https:\/\/dorogimedence.hu\/index.php\/wp-json\/wp\/v2\/posts\/82448\/revisions"}],"predecessor-version":[{"id":82471,"href":"https:\/\/dorogimedence.hu\/index.php\/wp-json\/wp\/v2\/posts\/82448\/revisions\/82471"}],"wp:featuredmedia":[{"embeddable":true,"href":"https:\/\/dorogimedence.hu\/index.php\/wp-json\/wp\/v2\/media\/44596"}],"wp:attachment":[{"href":"https:\/\/dorogimedence.hu\/index.php\/wp-json\/wp\/v2\/media?parent=82448"}],"wp:term":[{"taxonomy":"category","embeddable":true,"href":"https:\/\/dorogimedence.hu\/index.php\/wp-json\/wp\/v2\/categories?post=82448"},{"taxonomy":"post_tag","embeddable":true,"href":"https:\/\/dorogimedence.hu\/index.php\/wp-json\/wp\/v2\/tags?post=82448"}],"curies":[{"name":"wp","href":"https:\/\/api.w.org\/{rel}","templated":true}]}}