{"id":82442,"date":"2026-08-01T10:46:54","date_gmt":"2026-08-01T08:46:54","guid":{"rendered":"https:\/\/dorogimedence.hu\/?p=82442"},"modified":"2026-08-01T10:46:54","modified_gmt":"2026-08-01T08:46:54","slug":"energiatakarekossagi-intezkedeseket-vezet-be-a-mav-csoport","status":"publish","type":"post","link":"https:\/\/dorogimedence.hu\/index.php\/2026\/08\/01\/energiatakarekossagi-intezkedeseket-vezet-be-a-mav-csoport\/","title":{"rendered":"Energiatakar\u00e9koss\u00e1gi int\u00e9zked\u00e9seket vezet be a M\u00c1V-csoport"},"content":{"rendered":"<p><strong>A tart\u00f3s h\u0151s\u00e9g \u00e9s az orsz\u00e1gos villamosenergia-rendszer fokozott terhel\u00e9se miatt \u00e1tmeneti energiatakar\u00e9koss\u00e1gi int\u00e9zked\u00e9seket vezet be a M\u00c1V-csoport. A v\u00e1llalat t\u00f6bbek k\u00f6z\u00f6tt lekapcsolja a n\u00e9lk\u00fcl\u00f6zhet\u0151 d\u00edsz-, homlokzat-, rekl\u00e1m- \u00e9s t\u00e9rvil\u00e1g\u00edt\u00e1sokat, az esti cs\u00facsid\u0151szakban magasabb h\u0151m\u00e9rs\u00e9kletre \u00e1ll\u00edtja vagy kikapcsolja a kl\u00edmaberendez\u00e9seket, valamint a szoci\u00e1lis helyis\u00e9gek bojlereiben a v\u00edzh\u0151m\u00e9rs\u00e9kletet legfeljebb 40 Celsius-fokra korl\u00e1tozza. A t\u00e1rsas\u00e1g hangs\u00falyozta, hogy az int\u00e9zked\u00e9sek a vas\u00fat\u00fczem biztons\u00e1g\u00e1t \u00e9s a menetrendszer\u0171 k\u00f6zleked\u00e9st nem \u00e9rintik.<\/strong><\/p>\n<h3>A villamosenergia-rendszer tehermentes\u00edt\u00e9se a c\u00e9l<\/h3>\n<p>A <a href=\"https:\/\/www.mavcsoport.hu\/mav-csoport\/energiatakarekossagi-intezkedeseket-vezet-be-mav-csoport\" target=\"_blank\" rel=\"noopener\"><span style=\"text-decoration: underline; color: #0000ff;\">M\u00c1V-csoport k\u00f6zl\u00e9se szerint<\/span><\/a> a rendk\u00edv\u00fcli h\u0151s\u00e9g miatt megn\u00f6vekedett villamosenergia-ig\u00e9ny indokolja az \u00e1tmeneti int\u00e9zked\u00e9seket. A c\u00e9l az energiafelhaszn\u00e1l\u00e1s cs\u00f6kkent\u00e9se \u00fagy, hogy k\u00f6zben a vas\u00fati k\u00f6zleked\u00e9s biztons\u00e1ga \u00e9s folyamatoss\u00e1ga v\u00e1ltozatlan maradjon.<\/p>\n<h3>Korl\u00e1tozz\u00e1k a mozdonyok \u00e1ramfelv\u00e9tel\u00e9t<\/h3>\n<p>A kritikus esti id\u0151szakban, 17 \u00e9s 23 \u00f3ra k\u00f6z\u00f6tt a villanymozdonyok ind\u00edt\u00e1sakor \u00e9s gyors\u00edt\u00e1sakor az \u00e1ramfelv\u00e9tel nem haladhatja meg a n\u00e9vleges \u00e9rt\u00e9k 75 sz\u00e1zal\u00e9k\u00e1t. Emellett az elektromos aut\u00f3buszok t\u00f6lt\u00e9s\u00e9t is \u00e1t\u00fctemezik, \u00edgy azokat kiz\u00e1r\u00f3lag 23 \u00f3ra ut\u00e1n t\u00f6ltik majd.<\/p>\n<h3>V\u00e1ltoz\u00e1sok az \u00e9p\u00fcletek energiafelhaszn\u00e1l\u00e1s\u00e1ban<\/h3>\n<p>Az energiafogyaszt\u00e1s m\u00e9rs\u00e9kl\u00e9se \u00e9rdek\u00e9ben a M\u00c1V-csoport lekapcsolja a n\u00e9lk\u00fcl\u00f6zhet\u0151 d\u00edsz-, homlokzat-, rekl\u00e1m- \u00e9s t\u00e9rvil\u00e1g\u00edt\u00e1sokat. Az utasforgalmi ter\u00fcleteken a vil\u00e1g\u00edt\u00e1st kiz\u00e1r\u00f3lag olyan m\u00e9rt\u00e9kben korl\u00e1tozz\u00e1k, amely nem vesz\u00e9lyezteti az utasbiztons\u00e1got \u00e9s a t\u00e1j\u00e9koz\u00f3d\u00e1st.<\/p>\n<p>A klimatiz\u00e1lt helyis\u00e9gekben az esti cs\u00facsid\u0151szakban magasabb h\u0151m\u00e9rs\u00e9kletet \u00e1ll\u00edtanak be, vagy ahol erre lehet\u0151s\u00e9g van, a kl\u00edmaberendez\u00e9seket teljesen kikapcsolj\u00e1k.<\/p>\n<p>A szoci\u00e1lis helyis\u00e9gek elektromos bojlereiben el\u0151\u00e1ll\u00edtott meleg v\u00edz h\u0151m\u00e9rs\u00e9klet\u00e9t legfeljebb 40 Celsius-fokra korl\u00e1tozz\u00e1k.<\/p>\n<h3>A k\u00f6zleked\u00e9s biztons\u00e1ga nem v\u00e1ltozik<\/h3>\n<p>A M\u00c1V-csoport kiemelte, hogy a vas\u00fat\u00fczemi, forgalombiztons\u00e1gi, utasbiztons\u00e1gi, valamint a kritikus informatikai \u00e9s kommunik\u00e1ci\u00f3s rendszerek tov\u00e1bbra is teljes kapacit\u00e1ssal m\u0171k\u00f6dnek.<\/p>\n<p>A v\u00e1llalat szerint az \u00e1tmeneti int\u00e9zked\u00e9sek kiz\u00e1r\u00f3lag az energiafelhaszn\u00e1l\u00e1s cs\u00f6kkent\u00e9s\u00e9t szolg\u00e1lj\u00e1k, mik\u00f6zben a biztons\u00e1gos \u00e9s folyamatos vas\u00fati k\u00f6zleked\u00e9s biztos\u00edtott marad.<\/p>\n<p><em>Bor\u00edt\u00f3k\u00e9p: Dorogi-medence<\/em><\/p>\n","protected":false},"excerpt":{"rendered":"<p>A tart\u00f3s h\u0151s\u00e9g \u00e9s az orsz\u00e1gos villamosenergia-rendszer fokozott terhel\u00e9se miatt \u00e1tmeneti energiatakar\u00e9koss\u00e1gi int\u00e9zked\u00e9seket vezet be a M\u00c1V-csoport. A v\u00e1llalat t\u00f6bbek k\u00f6z\u00f6tt lekapcsolja a n\u00e9lk\u00fcl\u00f6zhet\u0151 d\u00edsz-, homlokzat-, rekl\u00e1m- \u00e9s t\u00e9rvil\u00e1g\u00edt\u00e1sokat, az esti cs\u00facsid\u0151szakban magasabb h\u0151m\u00e9rs\u00e9kletre \u00e1ll\u00edtja vagy kikapcsolja a kl\u00edmaberendez\u00e9seket, valamint a szoci\u00e1lis helyis\u00e9gek bojlereiben a v\u00edzh\u0151m\u00e9rs\u00e9kletet legfeljebb 40 Celsius-fokra korl\u00e1tozza. A t\u00e1rsas\u00e1g hangs\u00falyozta, hogy az<\/p>\n","protected":false},"author":1,"featured_media":64081,"comment_status":"closed","ping_status":"closed","sticky":false,"template":"","format":"standard","meta":{"ngg_post_thumbnail":0,"footnotes":""},"categories":[3],"tags":[3740,9020,1173,292,381,291],"class_list":["post-82442","post","type-post","status-publish","format-standard","has-post-thumbnail","category-hirek","tag-energia","tag-energiakorlatozas","tag-hoseg","tag-mav","tag-vasut","tag-vonat"],"yoast_head":"<!-- This site is optimized with the Yoast SEO plugin v28.3 - https:\/\/yoast.com\/product\/yoast-seo-wordpress\/ -->\n<title>Energiatakar\u00e9koss\u00e1gi int\u00e9zked\u00e9seket vezet be a M\u00c1V-csoport<\/title>\n<meta name=\"robots\" content=\"index, follow, max-snippet:-1, max-image-preview:large, max-video-preview:-1\" \/>\n<link rel=\"canonical\" href=\"https:\/\/dorogimedence.hu\/index.php\/2026\/08\/01\/energiatakarekossagi-intezkedeseket-vezet-be-a-mav-csoport\/\" class=\"yoast-seo-meta-tag\" \/>\n<meta property=\"og:locale\" content=\"hu_HU\" class=\"yoast-seo-meta-tag\" \/>\n<meta property=\"og:type\" content=\"article\" class=\"yoast-seo-meta-tag\" \/>\n<meta property=\"og:title\" content=\"Energiatakar\u00e9koss\u00e1gi int\u00e9zked\u00e9seket vezet be a M\u00c1V-csoport\" class=\"yoast-seo-meta-tag\" \/>\n<meta property=\"og:description\" content=\"A tart\u00f3s h\u0151s\u00e9g \u00e9s az orsz\u00e1gos villamosenergia-rendszer fokozott terhel\u00e9se miatt \u00e1tmeneti energiatakar\u00e9koss\u00e1gi int\u00e9zked\u00e9seket vezet be a M\u00c1V-csoport. A v\u00e1llalat t\u00f6bbek k\u00f6z\u00f6tt lekapcsolja a n\u00e9lk\u00fcl\u00f6zhet\u0151 d\u00edsz-, homlokzat-, rekl\u00e1m- \u00e9s t\u00e9rvil\u00e1g\u00edt\u00e1sokat, az esti cs\u00facsid\u0151szakban magasabb h\u0151m\u00e9rs\u00e9kletre \u00e1ll\u00edtja vagy kikapcsolja a kl\u00edmaberendez\u00e9seket, valamint a szoci\u00e1lis helyis\u00e9gek bojlereiben a v\u00edzh\u0151m\u00e9rs\u00e9kletet legfeljebb 40 Celsius-fokra korl\u00e1tozza. A t\u00e1rsas\u00e1g hangs\u00falyozta, hogy az\" class=\"yoast-seo-meta-tag\" \/>\n<meta property=\"og:url\" content=\"https:\/\/dorogimedence.hu\/index.php\/2026\/08\/01\/energiatakarekossagi-intezkedeseket-vezet-be-a-mav-csoport\/\" class=\"yoast-seo-meta-tag\" \/>\n<meta property=\"og:site_name\" content=\"Dorogi-medence Region\u00e1lis H\u00edrport\u00e1l\" class=\"yoast-seo-meta-tag\" \/>\n<meta property=\"article:publisher\" content=\"https:\/\/www.facebook.com\/dorogimedence\/\" class=\"yoast-seo-meta-tag\" \/>\n<meta property=\"article:published_time\" content=\"2026-08-01T08:46:54+00:00\" class=\"yoast-seo-meta-tag\" \/>\n<meta property=\"og:image\" content=\"https:\/\/dorogimedence.hu\/wp-content\/uploads\/2024\/08\/busz-vasut.jpg\" class=\"yoast-seo-meta-tag\" \/>\n\t<meta property=\"og:image:width\" content=\"1920\" class=\"yoast-seo-meta-tag\" \/>\n\t<meta property=\"og:image:height\" content=\"1202\" class=\"yoast-seo-meta-tag\" \/>\n\t<meta property=\"og:image:type\" content=\"image\/jpeg\" class=\"yoast-seo-meta-tag\" \/>\n<meta name=\"author\" content=\"dorogimedence.hu\" class=\"yoast-seo-meta-tag\" \/>\n<meta name=\"twitter:card\" content=\"summary_large_image\" class=\"yoast-seo-meta-tag\" \/>\n<meta name=\"twitter:label1\" content=\"Szerz\u0151:\" class=\"yoast-seo-meta-tag\" \/>\n\t<meta name=\"twitter:data1\" content=\"dorogimedence.hu\" class=\"yoast-seo-meta-tag\" \/>\n\t<meta name=\"twitter:label2\" content=\"Becs\u00fclt olvas\u00e1si id\u0151\" class=\"yoast-seo-meta-tag\" \/>\n\t<meta name=\"twitter:data2\" content=\"2 perc\" class=\"yoast-seo-meta-tag\" \/>\n<script type=\"application\/ld+json\" class=\"yoast-schema-graph\">{\"@context\":\"https:\\\/\\\/schema.org\",\"@graph\":[{\"@type\":\"Article\",\"@id\":\"https:\\\/\\\/dorogimedence.hu\\\/index.php\\\/2026\\\/08\\\/01\\\/energiatakarekossagi-intezkedeseket-vezet-be-a-mav-csoport\\\/#article\",\"isPartOf\":{\"@id\":\"https:\\\/\\\/dorogimedence.hu\\\/index.php\\\/2026\\\/08\\\/01\\\/energiatakarekossagi-intezkedeseket-vezet-be-a-mav-csoport\\\/\"},\"author\":{\"name\":\"dorogimedence.hu\",\"@id\":\"https:\\\/\\\/dorogimedence.hu\\\/#\\\/schema\\\/person\\\/ce6091eeb7e95ecdc87890d6aa8e0fd4\"},\"headline\":\"Energiatakar\u00e9koss\u00e1gi int\u00e9zked\u00e9seket vezet be a M\u00c1V-csoport\",\"datePublished\":\"2026-08-01T08:46:54+00:00\",\"mainEntityOfPage\":{\"@id\":\"https:\\\/\\\/dorogimedence.hu\\\/index.php\\\/2026\\\/08\\\/01\\\/energiatakarekossagi-intezkedeseket-vezet-be-a-mav-csoport\\\/\"},\"wordCount\":460,\"publisher\":{\"@id\":\"https:\\\/\\\/dorogimedence.hu\\\/#organization\"},\"image\":{\"@id\":\"https:\\\/\\\/dorogimedence.hu\\\/index.php\\\/2026\\\/08\\\/01\\\/energiatakarekossagi-intezkedeseket-vezet-be-a-mav-csoport\\\/#primaryimage\"},\"thumbnailUrl\":\"https:\\\/\\\/dorogimedence.hu\\\/wp-content\\\/uploads\\\/2024\\\/08\\\/busz-vasut.jpg\",\"keywords\":[\"energia\",\"energiakorl\u00e1toz\u00e1s\",\"h\u0151s\u00e9g\",\"m\u00e1v\",\"vas\u00fat\",\"vonat\"],\"articleSection\":[\"H\u00edrek\"],\"inLanguage\":\"hu\"},{\"@type\":\"WebPage\",\"@id\":\"https:\\\/\\\/dorogimedence.hu\\\/index.php\\\/2026\\\/08\\\/01\\\/energiatakarekossagi-intezkedeseket-vezet-be-a-mav-csoport\\\/\",\"url\":\"https:\\\/\\\/dorogimedence.hu\\\/index.php\\\/2026\\\/08\\\/01\\\/energiatakarekossagi-intezkedeseket-vezet-be-a-mav-csoport\\\/\",\"name\":\"Energiatakar\u00e9koss\u00e1gi int\u00e9zked\u00e9seket vezet be a M\u00c1V-csoport\",\"isPartOf\":{\"@id\":\"https:\\\/\\\/dorogimedence.hu\\\/#website\"},\"primaryImageOfPage\":{\"@id\":\"https:\\\/\\\/dorogimedence.hu\\\/index.php\\\/2026\\\/08\\\/01\\\/energiatakarekossagi-intezkedeseket-vezet-be-a-mav-csoport\\\/#primaryimage\"},\"image\":{\"@id\":\"https:\\\/\\\/dorogimedence.hu\\\/index.php\\\/2026\\\/08\\\/01\\\/energiatakarekossagi-intezkedeseket-vezet-be-a-mav-csoport\\\/#primaryimage\"},\"thumbnailUrl\":\"https:\\\/\\\/dorogimedence.hu\\\/wp-content\\\/uploads\\\/2024\\\/08\\\/busz-vasut.jpg\",\"datePublished\":\"2026-08-01T08:46:54+00:00\",\"breadcrumb\":{\"@id\":\"https:\\\/\\\/dorogimedence.hu\\\/index.php\\\/2026\\\/08\\\/01\\\/energiatakarekossagi-intezkedeseket-vezet-be-a-mav-csoport\\\/#breadcrumb\"},\"inLanguage\":\"hu\",\"potentialAction\":[{\"@type\":\"ReadAction\",\"target\":[\"https:\\\/\\\/dorogimedence.hu\\\/index.php\\\/2026\\\/08\\\/01\\\/energiatakarekossagi-intezkedeseket-vezet-be-a-mav-csoport\\\/\"]}]},{\"@type\":\"ImageObject\",\"inLanguage\":\"hu\",\"@id\":\"https:\\\/\\\/dorogimedence.hu\\\/index.php\\\/2026\\\/08\\\/01\\\/energiatakarekossagi-intezkedeseket-vezet-be-a-mav-csoport\\\/#primaryimage\",\"url\":\"https:\\\/\\\/dorogimedence.hu\\\/wp-content\\\/uploads\\\/2024\\\/08\\\/busz-vasut.jpg\",\"contentUrl\":\"https:\\\/\\\/dorogimedence.hu\\\/wp-content\\\/uploads\\\/2024\\\/08\\\/busz-vasut.jpg\",\"width\":1920,\"height\":1202},{\"@type\":\"BreadcrumbList\",\"@id\":\"https:\\\/\\\/dorogimedence.hu\\\/index.php\\\/2026\\\/08\\\/01\\\/energiatakarekossagi-intezkedeseket-vezet-be-a-mav-csoport\\\/#breadcrumb\",\"itemListElement\":[{\"@type\":\"ListItem\",\"position\":1,\"name\":\"Kezd\u0151lap\",\"item\":\"https:\\\/\\\/dorogimedence.hu\\\/\"},{\"@type\":\"ListItem\",\"position\":2,\"name\":\"Energiatakar\u00e9koss\u00e1gi int\u00e9zked\u00e9seket vezet be a M\u00c1V-csoport\"}]},{\"@type\":\"WebSite\",\"@id\":\"https:\\\/\\\/dorogimedence.hu\\\/#website\",\"url\":\"https:\\\/\\\/dorogimedence.hu\\\/\",\"name\":\"Dorogi-medence Region\u00e1lis H\u00edrport\u00e1l\",\"description\":\"Dorog, Keszt\u00f6lc, Le\u00e1nyv\u00e1r, Piliscs\u00e9v, Tokod, Tokodalt\u00e1r\u00f3, Csolnok, Esztergom-kertv\u00e1ros: h\u00edrek, programok\",\"publisher\":{\"@id\":\"https:\\\/\\\/dorogimedence.hu\\\/#organization\"},\"potentialAction\":[{\"@type\":\"SearchAction\",\"target\":{\"@type\":\"EntryPoint\",\"urlTemplate\":\"https:\\\/\\\/dorogimedence.hu\\\/?s={search_term_string}\"},\"query-input\":{\"@type\":\"PropertyValueSpecification\",\"valueRequired\":true,\"valueName\":\"search_term_string\"}}],\"inLanguage\":\"hu\"},{\"@type\":\"Organization\",\"@id\":\"https:\\\/\\\/dorogimedence.hu\\\/#organization\",\"name\":\"Dorogi-medence Region\u00e1lis H\u00edrport\u00e1l\",\"url\":\"https:\\\/\\\/dorogimedence.hu\\\/\",\"logo\":{\"@type\":\"ImageObject\",\"inLanguage\":\"hu\",\"@id\":\"https:\\\/\\\/dorogimedence.hu\\\/#\\\/schema\\\/logo\\\/image\\\/\",\"url\":\"https:\\\/\\\/dorogimedence.hu\\\/wp-content\\\/uploads\\\/2021\\\/04\\\/logo-feher-600.png\",\"contentUrl\":\"https:\\\/\\\/dorogimedence.hu\\\/wp-content\\\/uploads\\\/2021\\\/04\\\/logo-feher-600.png\",\"width\":600,\"height\":100,\"caption\":\"Dorogi-medence Region\u00e1lis H\u00edrport\u00e1l\"},\"image\":{\"@id\":\"https:\\\/\\\/dorogimedence.hu\\\/#\\\/schema\\\/logo\\\/image\\\/\"},\"sameAs\":[\"https:\\\/\\\/www.facebook.com\\\/dorogimedence\\\/\"]},{\"@type\":\"Person\",\"@id\":\"https:\\\/\\\/dorogimedence.hu\\\/#\\\/schema\\\/person\\\/ce6091eeb7e95ecdc87890d6aa8e0fd4\",\"name\":\"dorogimedence.hu\",\"image\":{\"@type\":\"ImageObject\",\"inLanguage\":\"hu\",\"@id\":\"\\\/\\\/www.gravatar.com\\\/avatar\\\/d8d45f8901aadff40a4af72c0b826f1d?s=96&#038;r=g&#038;d=mm\",\"url\":\"\\\/\\\/www.gravatar.com\\\/avatar\\\/d8d45f8901aadff40a4af72c0b826f1d?s=96&#038;r=g&#038;d=mm\",\"contentUrl\":\"\\\/\\\/www.gravatar.com\\\/avatar\\\/d8d45f8901aadff40a4af72c0b826f1d?s=96&#038;r=g&#038;d=mm\",\"caption\":\"dorogimedence.hu\"}}]}<\/script>\n<!-- \/ Yoast SEO plugin. -->","yoast_head_json":{"title":"Energiatakar\u00e9koss\u00e1gi int\u00e9zked\u00e9seket vezet be a M\u00c1V-csoport","robots":{"index":"index","follow":"follow","max-snippet":"max-snippet:-1","max-image-preview":"max-image-preview:large","max-video-preview":"max-video-preview:-1"},"canonical":"https:\/\/dorogimedence.hu\/index.php\/2026\/08\/01\/energiatakarekossagi-intezkedeseket-vezet-be-a-mav-csoport\/","og_locale":"hu_HU","og_type":"article","og_title":"Energiatakar\u00e9koss\u00e1gi int\u00e9zked\u00e9seket vezet be a M\u00c1V-csoport","og_description":"A tart\u00f3s h\u0151s\u00e9g \u00e9s az orsz\u00e1gos villamosenergia-rendszer fokozott terhel\u00e9se miatt \u00e1tmeneti energiatakar\u00e9koss\u00e1gi int\u00e9zked\u00e9seket vezet be a M\u00c1V-csoport. A v\u00e1llalat t\u00f6bbek k\u00f6z\u00f6tt lekapcsolja a n\u00e9lk\u00fcl\u00f6zhet\u0151 d\u00edsz-, homlokzat-, rekl\u00e1m- \u00e9s t\u00e9rvil\u00e1g\u00edt\u00e1sokat, az esti cs\u00facsid\u0151szakban magasabb h\u0151m\u00e9rs\u00e9kletre \u00e1ll\u00edtja vagy kikapcsolja a kl\u00edmaberendez\u00e9seket, valamint a szoci\u00e1lis helyis\u00e9gek bojlereiben a v\u00edzh\u0151m\u00e9rs\u00e9kletet legfeljebb 40 Celsius-fokra korl\u00e1tozza. A t\u00e1rsas\u00e1g hangs\u00falyozta, hogy az","og_url":"https:\/\/dorogimedence.hu\/index.php\/2026\/08\/01\/energiatakarekossagi-intezkedeseket-vezet-be-a-mav-csoport\/","og_site_name":"Dorogi-medence Region\u00e1lis H\u00edrport\u00e1l","article_publisher":"https:\/\/www.facebook.com\/dorogimedence\/","article_published_time":"2026-08-01T08:46:54+00:00","og_image":[{"width":1920,"height":1202,"url":"https:\/\/dorogimedence.hu\/wp-content\/uploads\/2024\/08\/busz-vasut.jpg","type":"image\/jpeg"}],"author":"dorogimedence.hu","twitter_card":"summary_large_image","twitter_misc":{"Szerz\u0151:":"dorogimedence.hu","Becs\u00fclt olvas\u00e1si id\u0151":"2 perc"},"schema":{"@context":"https:\/\/schema.org","@graph":[{"@type":"Article","@id":"https:\/\/dorogimedence.hu\/index.php\/2026\/08\/01\/energiatakarekossagi-intezkedeseket-vezet-be-a-mav-csoport\/#article","isPartOf":{"@id":"https:\/\/dorogimedence.hu\/index.php\/2026\/08\/01\/energiatakarekossagi-intezkedeseket-vezet-be-a-mav-csoport\/"},"author":{"name":"dorogimedence.hu","@id":"https:\/\/dorogimedence.hu\/#\/schema\/person\/ce6091eeb7e95ecdc87890d6aa8e0fd4"},"headline":"Energiatakar\u00e9koss\u00e1gi int\u00e9zked\u00e9seket vezet be a M\u00c1V-csoport","datePublished":"2026-08-01T08:46:54+00:00","mainEntityOfPage":{"@id":"https:\/\/dorogimedence.hu\/index.php\/2026\/08\/01\/energiatakarekossagi-intezkedeseket-vezet-be-a-mav-csoport\/"},"wordCount":460,"publisher":{"@id":"https:\/\/dorogimedence.hu\/#organization"},"image":{"@id":"https:\/\/dorogimedence.hu\/index.php\/2026\/08\/01\/energiatakarekossagi-intezkedeseket-vezet-be-a-mav-csoport\/#primaryimage"},"thumbnailUrl":"https:\/\/dorogimedence.hu\/wp-content\/uploads\/2024\/08\/busz-vasut.jpg","keywords":["energia","energiakorl\u00e1toz\u00e1s","h\u0151s\u00e9g","m\u00e1v","vas\u00fat","vonat"],"articleSection":["H\u00edrek"],"inLanguage":"hu"},{"@type":"WebPage","@id":"https:\/\/dorogimedence.hu\/index.php\/2026\/08\/01\/energiatakarekossagi-intezkedeseket-vezet-be-a-mav-csoport\/","url":"https:\/\/dorogimedence.hu\/index.php\/2026\/08\/01\/energiatakarekossagi-intezkedeseket-vezet-be-a-mav-csoport\/","name":"Energiatakar\u00e9koss\u00e1gi int\u00e9zked\u00e9seket vezet be a M\u00c1V-csoport","isPartOf":{"@id":"https:\/\/dorogimedence.hu\/#website"},"primaryImageOfPage":{"@id":"https:\/\/dorogimedence.hu\/index.php\/2026\/08\/01\/energiatakarekossagi-intezkedeseket-vezet-be-a-mav-csoport\/#primaryimage"},"image":{"@id":"https:\/\/dorogimedence.hu\/index.php\/2026\/08\/01\/energiatakarekossagi-intezkedeseket-vezet-be-a-mav-csoport\/#primaryimage"},"thumbnailUrl":"https:\/\/dorogimedence.hu\/wp-content\/uploads\/2024\/08\/busz-vasut.jpg","datePublished":"2026-08-01T08:46:54+00:00","breadcrumb":{"@id":"https:\/\/dorogimedence.hu\/index.php\/2026\/08\/01\/energiatakarekossagi-intezkedeseket-vezet-be-a-mav-csoport\/#breadcrumb"},"inLanguage":"hu","potentialAction":[{"@type":"ReadAction","target":["https:\/\/dorogimedence.hu\/index.php\/2026\/08\/01\/energiatakarekossagi-intezkedeseket-vezet-be-a-mav-csoport\/"]}]},{"@type":"ImageObject","inLanguage":"hu","@id":"https:\/\/dorogimedence.hu\/index.php\/2026\/08\/01\/energiatakarekossagi-intezkedeseket-vezet-be-a-mav-csoport\/#primaryimage","url":"https:\/\/dorogimedence.hu\/wp-content\/uploads\/2024\/08\/busz-vasut.jpg","contentUrl":"https:\/\/dorogimedence.hu\/wp-content\/uploads\/2024\/08\/busz-vasut.jpg","width":1920,"height":1202},{"@type":"BreadcrumbList","@id":"https:\/\/dorogimedence.hu\/index.php\/2026\/08\/01\/energiatakarekossagi-intezkedeseket-vezet-be-a-mav-csoport\/#breadcrumb","itemListElement":[{"@type":"ListItem","position":1,"name":"Kezd\u0151lap","item":"https:\/\/dorogimedence.hu\/"},{"@type":"ListItem","position":2,"name":"Energiatakar\u00e9koss\u00e1gi int\u00e9zked\u00e9seket vezet be a M\u00c1V-csoport"}]},{"@type":"WebSite","@id":"https:\/\/dorogimedence.hu\/#website","url":"https:\/\/dorogimedence.hu\/","name":"Dorogi-medence Region\u00e1lis H\u00edrport\u00e1l","description":"Dorog, Keszt\u00f6lc, Le\u00e1nyv\u00e1r, Piliscs\u00e9v, Tokod, Tokodalt\u00e1r\u00f3, Csolnok, Esztergom-kertv\u00e1ros: h\u00edrek, programok","publisher":{"@id":"https:\/\/dorogimedence.hu\/#organization"},"potentialAction":[{"@type":"SearchAction","target":{"@type":"EntryPoint","urlTemplate":"https:\/\/dorogimedence.hu\/?s={search_term_string}"},"query-input":{"@type":"PropertyValueSpecification","valueRequired":true,"valueName":"search_term_string"}}],"inLanguage":"hu"},{"@type":"Organization","@id":"https:\/\/dorogimedence.hu\/#organization","name":"Dorogi-medence Region\u00e1lis H\u00edrport\u00e1l","url":"https:\/\/dorogimedence.hu\/","logo":{"@type":"ImageObject","inLanguage":"hu","@id":"https:\/\/dorogimedence.hu\/#\/schema\/logo\/image\/","url":"https:\/\/dorogimedence.hu\/wp-content\/uploads\/2021\/04\/logo-feher-600.png","contentUrl":"https:\/\/dorogimedence.hu\/wp-content\/uploads\/2021\/04\/logo-feher-600.png","width":600,"height":100,"caption":"Dorogi-medence Region\u00e1lis H\u00edrport\u00e1l"},"image":{"@id":"https:\/\/dorogimedence.hu\/#\/schema\/logo\/image\/"},"sameAs":["https:\/\/www.facebook.com\/dorogimedence\/"]},{"@type":"Person","@id":"https:\/\/dorogimedence.hu\/#\/schema\/person\/ce6091eeb7e95ecdc87890d6aa8e0fd4","name":"dorogimedence.hu","image":{"@type":"ImageObject","inLanguage":"hu","@id":"\/\/www.gravatar.com\/avatar\/d8d45f8901aadff40a4af72c0b826f1d?s=96&#038;r=g&#038;d=mm","url":"\/\/www.gravatar.com\/avatar\/d8d45f8901aadff40a4af72c0b826f1d?s=96&#038;r=g&#038;d=mm","contentUrl":"\/\/www.gravatar.com\/avatar\/d8d45f8901aadff40a4af72c0b826f1d?s=96&#038;r=g&#038;d=mm","caption":"dorogimedence.hu"}}]}},"_links":{"self":[{"href":"https:\/\/dorogimedence.hu\/index.php\/wp-json\/wp\/v2\/posts\/82442","targetHints":{"allow":["GET"]}}],"collection":[{"href":"https:\/\/dorogimedence.hu\/index.php\/wp-json\/wp\/v2\/posts"}],"about":[{"href":"https:\/\/dorogimedence.hu\/index.php\/wp-json\/wp\/v2\/types\/post"}],"author":[{"embeddable":true,"href":"https:\/\/dorogimedence.hu\/index.php\/wp-json\/wp\/v2\/users\/1"}],"replies":[{"embeddable":true,"href":"https:\/\/dorogimedence.hu\/index.php\/wp-json\/wp\/v2\/comments?post=82442"}],"version-history":[{"count":1,"href":"https:\/\/dorogimedence.hu\/index.php\/wp-json\/wp\/v2\/posts\/82442\/revisions"}],"predecessor-version":[{"id":82443,"href":"https:\/\/dorogimedence.hu\/index.php\/wp-json\/wp\/v2\/posts\/82442\/revisions\/82443"}],"wp:featuredmedia":[{"embeddable":true,"href":"https:\/\/dorogimedence.hu\/index.php\/wp-json\/wp\/v2\/media\/64081"}],"wp:attachment":[{"href":"https:\/\/dorogimedence.hu\/index.php\/wp-json\/wp\/v2\/media?parent=82442"}],"wp:term":[{"taxonomy":"category","embeddable":true,"href":"https:\/\/dorogimedence.hu\/index.php\/wp-json\/wp\/v2\/categories?post=82442"},{"taxonomy":"post_tag","embeddable":true,"href":"https:\/\/dorogimedence.hu\/index.php\/wp-json\/wp\/v2\/tags?post=82442"}],"curies":[{"name":"wp","href":"https:\/\/api.w.org\/{rel}","templated":true}]}}