{"id":82431,"date":"2026-08-01T09:09:02","date_gmt":"2026-08-01T07:09:02","guid":{"rendered":"https:\/\/dorogimedence.hu\/?p=82431"},"modified":"2026-08-01T09:09:02","modified_gmt":"2026-08-01T07:09:02","slug":"fokozott-keszenletben-az-e-on-a-rendkivuli-hoseg-miatt","status":"publish","type":"post","link":"https:\/\/dorogimedence.hu\/index.php\/2026\/08\/01\/fokozott-keszenletben-az-e-on-a-rendkivuli-hoseg-miatt\/","title":{"rendered":"Fokozott k\u00e9szenl\u00e9tben az E.ON a rendk\u00edv\u00fcli h\u0151s\u00e9g miatt"},"content":{"rendered":"<p><strong>Az E.ON Hung\u00e1ria Csoport meger\u0151s\u00edtett k\u00e9szenl\u00e9tet rendelt el a villamosenergia-ell\u00e1t\u00e1s biztons\u00e1g\u00e1nak fenntart\u00e1sa \u00e9rdek\u00e9ben a tart\u00f3s h\u0151s\u00e9g idej\u00e9re. A v\u00e1llalat megn\u00f6velte hibaelh\u00e1r\u00edt\u00e1si, \u00fczemir\u00e1ny\u00edt\u00e1si \u00e9s \u00fcgyf\u00e9lszolg\u00e1lati kapacit\u00e1sait, mik\u00f6zben a fogyaszt\u00f3kat is tudatos energiahaszn\u00e1latra k\u00e9ri.<\/strong><\/p>\n<h3>Fokozott terhel\u00e9s v\u00e1rhat\u00f3 a villamosenergia-rendszeren<\/h3>\n<p>Az E.ON, amely a Dun\u00e1nt\u00fal, Pest v\u00e1rmegye \u00e9s Budapest villamosenergia-h\u00e1l\u00f3zat\u00e1t \u00fczemelteti, csaknem 3,5 milli\u00f3 \u00fcgyf\u00e9l ell\u00e1t\u00e1s\u00e1\u00e9rt felel. A k\u00f6vetkez\u0151 napokban v\u00e1rhat\u00f3, ak\u00e1r 40 Celsius-fokot is megk\u00f6zel\u00edt\u0151 h\u0151s\u00e9g, valamint a Paksi Atomer\u0151m\u0171 ideiglenes le\u00e1ll\u00e1sa miatt a villamosenergia-rendszer fokozott terhel\u00e9sre sz\u00e1m\u00edthat.<\/p>\n<p>A kl\u00edmaberendez\u00e9sek intenz\u00edv haszn\u00e1lata jelent\u0151sen n\u00f6velheti az \u00e1ramig\u00e9nyt, mik\u00f6zben a magas h\u0151m\u00e9rs\u00e9klet a h\u00e1l\u00f3zati berendez\u00e9seket is nagyobb ig\u00e9nybev\u00e9telnek teszi ki.<\/p>\n<h3>Meger\u0151s\u00edtett hibaelh\u00e1r\u00edt\u00e1s \u00e9s \u00fcgyf\u00e9lszolg\u00e1lat<\/h3>\n<p>A kor\u00e1bbi h\u0151hull\u00e1mok tapasztalatai alapj\u00e1n az E.ON arra sz\u00e1m\u00edt, hogy emelkedhet a h\u00e1l\u00f3zati meghib\u00e1sod\u00e1sok sz\u00e1ma. Ennek \u00e9rdek\u00e9ben meger\u0151s\u00edtett\u00e9k a hibaelh\u00e1r\u00edt\u00e1si \u00e9s k\u00e1belszerel\u0151 csapatokat, az alv\u00e1llalkoz\u00f3 partnerek is k\u00e9szen \u00e1llnak a gyors beavatkoz\u00e1sra, m\u00edg az \u00fczemir\u00e1ny\u00edt\u00e1si szakemberek folyamatosan figyelik a h\u00e1l\u00f3zat \u00e1llapot\u00e1t, hogy az esetleges \u00fczemzavarokat a lehet\u0151 legr\u00f6videbb id\u0151 alatt elh\u00e1r\u00edts\u00e1k.<\/p>\n<p>Az \u00fcgyf\u00e9lszolg\u00e1latok kapacit\u00e1s\u00e1t is megn\u00f6velt\u00e9k annak \u00e9rdek\u00e9ben, hogy a munkat\u00e1rsak gyors \u00e9s pontos t\u00e1j\u00e9koztat\u00e1st tudjanak ny\u00fajtani az \u00fcgyfeleknek. A h\u00e1l\u00f3zatfejleszt\u00e9sekhez kapcsol\u00f3d\u00f3 tervezett \u00e1ramsz\u00fcnetek jelent\u0151s r\u00e9sz\u00e9t \u00e1t\u00fctemezt\u00e9k, \u00e9s csak a biztons\u00e1gos \u00fczemeltet\u00e9shez elengedhetetlen munk\u00e1latokat v\u00e9gzik el.<\/p>\n<h3>Orsz\u00e1gos \u00f6sszefog\u00e1s az ell\u00e1t\u00e1sbiztons\u00e1g\u00e9rt<\/h3>\n<p>Az ell\u00e1t\u00e1sbiztons\u00e1g fenntart\u00e1sa \u00e9rdek\u00e9ben az E.ON folyamatos kapcsolatban \u00e1ll a Gazdas\u00e1gi \u00e9s Energia\u00fcgyi Miniszt\u00e9riummal, a Magyar Energetikai \u00e9s K\u00f6zm\u0171-szab\u00e1lyoz\u00e1si Hivatallal, a MAVIR Zrt.-vel, valamint az energetikai \u00e1gazat t\u00f6bbi szerepl\u0151j\u00e9vel.<\/p>\n<p>A szervezetek k\u00f6z\u00f6sen \u00e9rt\u00e9kelik a villamosenergia-rendszer \u00e1llapot\u00e1t, \u00f6sszehangolj\u00e1k a sz\u00fcks\u00e9ges \u00fczemeltet\u00e9si \u00e9s hat\u00f3s\u00e1gi int\u00e9zked\u00e9seket, valamint a lakoss\u00e1g t\u00e1j\u00e9koztat\u00e1s\u00e1t.<\/p>\n<h3>A fogyaszt\u00f3k egy\u00fcttm\u0171k\u00f6d\u00e9s\u00e9re is sz\u00e1m\u00edtanak<\/h3>\n<p>Az E.ON arra k\u00e9ri kis- \u00e9s nagyv\u00e1llalati \u00fcgyfeleit, hogy ahol ezt m\u0171k\u00f6d\u00e9s\u00fck lehet\u0151v\u00e9 teszi, cs\u00f6kkents\u00e9k vagy id\u0151z\u00edts\u00e9k \u00e1t villamosenergia-felhaszn\u00e1l\u00e1sukat, k\u00fcl\u00f6n\u00f6sen a 17 \u00e9s 22 \u00f3ra k\u00f6z\u00f6tti esti cs\u00facsid\u0151szakban. Javasolj\u00e1k tov\u00e1bb\u00e1 a nagy energiaig\u00e9ny\u0171 technol\u00f3giai folyamatok m\u00e1s id\u0151szakra \u00fctemez\u00e9s\u00e9t, valamint a h\u0171t\u00e9si, szell\u0151ztet\u00e9si \u00e9s vil\u00e1g\u00edt\u00e1si rendszerek energiahat\u00e9kony m\u0171k\u00f6dtet\u00e9s\u00e9t.<\/p>\n<p>A lakoss\u00e1gi fogyaszt\u00f3kat is arra k\u00e9rik, hogy lehet\u0151s\u00e9g szerint m\u00e9rs\u00e9kelj\u00e9k \u00e1ramfogyaszt\u00e1sukat az esti cs\u00facsid\u0151szakban. A nagy energiaig\u00e9ny\u0171 h\u00e1ztart\u00e1si k\u00e9sz\u00fcl\u00e9keket \u00e9rdemes m\u00e1s napszakban haszn\u00e1lni, a kl\u00edmaberendez\u00e9seket pedig nem aj\u00e1nlott 25\u201326 Celsius-fokn\u00e1l alacsonyabb h\u0151m\u00e9rs\u00e9kletre \u00e1ll\u00edtani. Emellett a haszn\u00e1laton k\u00edv\u00fcli elektromos k\u00e9sz\u00fcl\u00e9kek \u00e9s vil\u00e1g\u00edt\u00e1s kikapcsol\u00e1s\u00e1val is hozz\u00e1j\u00e1rulhatnak a villamosenergia-rendszer stabil m\u0171k\u00f6d\u00e9s\u00e9hez.<\/p>\n<p>Az E.ON hangs\u00falyozta, hogy munkat\u00e1rsai minden rendelkez\u00e9sre \u00e1ll\u00f3 er\u0151forr\u00e1ssal azon dolgoznak, hogy a rendk\u00edv\u00fcli h\u0151s\u00e9g \u00e9s a Paksi Atomer\u0151m\u0171 ideiglenes le\u00e1ll\u00e1sa mellett is folyamatos \u00e9s biztons\u00e1gos villamosenergia-ell\u00e1t\u00e1st biztos\u00edtsanak \u00fcgyfeleik sz\u00e1m\u00e1ra.<\/p>\n<p><em>Forr\u00e1s: E.ON<\/em><br \/>\n<em>Bor\u00edt\u00f3k\u00e9p: illusztr\u00e1ci\u00f3<\/em><\/p>\n","protected":false},"excerpt":{"rendered":"<p>Az E.ON Hung\u00e1ria Csoport meger\u0151s\u00edtett k\u00e9szenl\u00e9tet rendelt el a villamosenergia-ell\u00e1t\u00e1s biztons\u00e1g\u00e1nak fenntart\u00e1sa \u00e9rdek\u00e9ben a tart\u00f3s h\u0151s\u00e9g idej\u00e9re. A v\u00e1llalat megn\u00f6velte hibaelh\u00e1r\u00edt\u00e1si, \u00fczemir\u00e1ny\u00edt\u00e1si \u00e9s \u00fcgyf\u00e9lszolg\u00e1lati kapacit\u00e1sait, mik\u00f6zben a fogyaszt\u00f3kat is tudatos energiahaszn\u00e1latra k\u00e9ri. Fokozott terhel\u00e9s v\u00e1rhat\u00f3 a villamosenergia-rendszeren Az E.ON, amely a Dun\u00e1nt\u00fal, Pest v\u00e1rmegye \u00e9s Budapest villamosenergia-h\u00e1l\u00f3zat\u00e1t \u00fczemelteti, csaknem 3,5 milli\u00f3 \u00fcgyf\u00e9l ell\u00e1t\u00e1s\u00e1\u00e9rt felel. A<\/p>\n","protected":false},"author":1,"featured_media":82432,"comment_status":"closed","ping_status":"closed","sticky":false,"template":"","format":"standard","meta":{"ngg_post_thumbnail":0,"footnotes":""},"categories":[3],"tags":[826,665,1173],"class_list":["post-82431","post","type-post","status-publish","format-standard","has-post-thumbnail","category-hirek","tag-aram","tag-e-on","tag-hoseg"],"yoast_head":"<!-- This site is optimized with the Yoast SEO plugin v28.3 - https:\/\/yoast.com\/product\/yoast-seo-wordpress\/ -->\n<title>Fokozott k\u00e9szenl\u00e9tben az E.ON a rendk\u00edv\u00fcli h\u0151s\u00e9g miatt<\/title>\n<meta name=\"robots\" content=\"index, follow, max-snippet:-1, max-image-preview:large, max-video-preview:-1\" \/>\n<link rel=\"canonical\" href=\"https:\/\/dorogimedence.hu\/index.php\/2026\/08\/01\/fokozott-keszenletben-az-e-on-a-rendkivuli-hoseg-miatt\/\" class=\"yoast-seo-meta-tag\" \/>\n<meta property=\"og:locale\" content=\"hu_HU\" class=\"yoast-seo-meta-tag\" \/>\n<meta property=\"og:type\" content=\"article\" class=\"yoast-seo-meta-tag\" \/>\n<meta property=\"og:title\" content=\"Fokozott k\u00e9szenl\u00e9tben az E.ON a rendk\u00edv\u00fcli h\u0151s\u00e9g miatt\" class=\"yoast-seo-meta-tag\" \/>\n<meta property=\"og:description\" content=\"Az E.ON Hung\u00e1ria Csoport meger\u0151s\u00edtett k\u00e9szenl\u00e9tet rendelt el a villamosenergia-ell\u00e1t\u00e1s biztons\u00e1g\u00e1nak fenntart\u00e1sa \u00e9rdek\u00e9ben a tart\u00f3s h\u0151s\u00e9g idej\u00e9re. A v\u00e1llalat megn\u00f6velte hibaelh\u00e1r\u00edt\u00e1si, \u00fczemir\u00e1ny\u00edt\u00e1si \u00e9s \u00fcgyf\u00e9lszolg\u00e1lati kapacit\u00e1sait, mik\u00f6zben a fogyaszt\u00f3kat is tudatos energiahaszn\u00e1latra k\u00e9ri. Fokozott terhel\u00e9s v\u00e1rhat\u00f3 a villamosenergia-rendszeren Az E.ON, amely a Dun\u00e1nt\u00fal, Pest v\u00e1rmegye \u00e9s Budapest villamosenergia-h\u00e1l\u00f3zat\u00e1t \u00fczemelteti, csaknem 3,5 milli\u00f3 \u00fcgyf\u00e9l ell\u00e1t\u00e1s\u00e1\u00e9rt felel. A\" class=\"yoast-seo-meta-tag\" \/>\n<meta property=\"og:url\" content=\"https:\/\/dorogimedence.hu\/index.php\/2026\/08\/01\/fokozott-keszenletben-az-e-on-a-rendkivuli-hoseg-miatt\/\" class=\"yoast-seo-meta-tag\" \/>\n<meta property=\"og:site_name\" content=\"Dorogi-medence Region\u00e1lis H\u00edrport\u00e1l\" class=\"yoast-seo-meta-tag\" \/>\n<meta property=\"article:publisher\" content=\"https:\/\/www.facebook.com\/dorogimedence\/\" class=\"yoast-seo-meta-tag\" \/>\n<meta property=\"article:published_time\" content=\"2026-08-01T07:09:02+00:00\" class=\"yoast-seo-meta-tag\" \/>\n<meta property=\"og:image\" content=\"https:\/\/dorogimedence.hu\/wp-content\/uploads\/2026\/08\/ChatGPT-Image-2026.-aug.-1.-09_08_01.png\" class=\"yoast-seo-meta-tag\" \/>\n\t<meta property=\"og:image:width\" content=\"755\" class=\"yoast-seo-meta-tag\" \/>\n\t<meta property=\"og:image:height\" content=\"382\" class=\"yoast-seo-meta-tag\" \/>\n\t<meta property=\"og:image:type\" content=\"image\/png\" class=\"yoast-seo-meta-tag\" \/>\n<meta name=\"author\" content=\"dorogimedence.hu\" class=\"yoast-seo-meta-tag\" \/>\n<meta name=\"twitter:card\" content=\"summary_large_image\" class=\"yoast-seo-meta-tag\" \/>\n<meta name=\"twitter:label1\" content=\"Szerz\u0151:\" class=\"yoast-seo-meta-tag\" \/>\n\t<meta name=\"twitter:data1\" content=\"dorogimedence.hu\" class=\"yoast-seo-meta-tag\" \/>\n\t<meta name=\"twitter:label2\" content=\"Becs\u00fclt olvas\u00e1si id\u0151\" class=\"yoast-seo-meta-tag\" \/>\n\t<meta name=\"twitter:data2\" content=\"3 perc\" class=\"yoast-seo-meta-tag\" \/>\n<script type=\"application\/ld+json\" class=\"yoast-schema-graph\">{\"@context\":\"https:\\\/\\\/schema.org\",\"@graph\":[{\"@type\":\"Article\",\"@id\":\"https:\\\/\\\/dorogimedence.hu\\\/index.php\\\/2026\\\/08\\\/01\\\/fokozott-keszenletben-az-e-on-a-rendkivuli-hoseg-miatt\\\/#article\",\"isPartOf\":{\"@id\":\"https:\\\/\\\/dorogimedence.hu\\\/index.php\\\/2026\\\/08\\\/01\\\/fokozott-keszenletben-az-e-on-a-rendkivuli-hoseg-miatt\\\/\"},\"author\":{\"name\":\"dorogimedence.hu\",\"@id\":\"https:\\\/\\\/dorogimedence.hu\\\/#\\\/schema\\\/person\\\/ce6091eeb7e95ecdc87890d6aa8e0fd4\"},\"headline\":\"Fokozott k\u00e9szenl\u00e9tben az E.ON a rendk\u00edv\u00fcli h\u0151s\u00e9g miatt\",\"datePublished\":\"2026-08-01T07:09:02+00:00\",\"mainEntityOfPage\":{\"@id\":\"https:\\\/\\\/dorogimedence.hu\\\/index.php\\\/2026\\\/08\\\/01\\\/fokozott-keszenletben-az-e-on-a-rendkivuli-hoseg-miatt\\\/\"},\"wordCount\":680,\"publisher\":{\"@id\":\"https:\\\/\\\/dorogimedence.hu\\\/#organization\"},\"image\":{\"@id\":\"https:\\\/\\\/dorogimedence.hu\\\/index.php\\\/2026\\\/08\\\/01\\\/fokozott-keszenletben-az-e-on-a-rendkivuli-hoseg-miatt\\\/#primaryimage\"},\"thumbnailUrl\":\"https:\\\/\\\/dorogimedence.hu\\\/wp-content\\\/uploads\\\/2026\\\/08\\\/ChatGPT-Image-2026.-aug.-1.-09_08_01.png\",\"keywords\":[\"\u00e1ram\",\"e.on\",\"h\u0151s\u00e9g\"],\"articleSection\":[\"H\u00edrek\"],\"inLanguage\":\"hu\"},{\"@type\":\"WebPage\",\"@id\":\"https:\\\/\\\/dorogimedence.hu\\\/index.php\\\/2026\\\/08\\\/01\\\/fokozott-keszenletben-az-e-on-a-rendkivuli-hoseg-miatt\\\/\",\"url\":\"https:\\\/\\\/dorogimedence.hu\\\/index.php\\\/2026\\\/08\\\/01\\\/fokozott-keszenletben-az-e-on-a-rendkivuli-hoseg-miatt\\\/\",\"name\":\"Fokozott k\u00e9szenl\u00e9tben az E.ON a rendk\u00edv\u00fcli h\u0151s\u00e9g miatt\",\"isPartOf\":{\"@id\":\"https:\\\/\\\/dorogimedence.hu\\\/#website\"},\"primaryImageOfPage\":{\"@id\":\"https:\\\/\\\/dorogimedence.hu\\\/index.php\\\/2026\\\/08\\\/01\\\/fokozott-keszenletben-az-e-on-a-rendkivuli-hoseg-miatt\\\/#primaryimage\"},\"image\":{\"@id\":\"https:\\\/\\\/dorogimedence.hu\\\/index.php\\\/2026\\\/08\\\/01\\\/fokozott-keszenletben-az-e-on-a-rendkivuli-hoseg-miatt\\\/#primaryimage\"},\"thumbnailUrl\":\"https:\\\/\\\/dorogimedence.hu\\\/wp-content\\\/uploads\\\/2026\\\/08\\\/ChatGPT-Image-2026.-aug.-1.-09_08_01.png\",\"datePublished\":\"2026-08-01T07:09:02+00:00\",\"breadcrumb\":{\"@id\":\"https:\\\/\\\/dorogimedence.hu\\\/index.php\\\/2026\\\/08\\\/01\\\/fokozott-keszenletben-az-e-on-a-rendkivuli-hoseg-miatt\\\/#breadcrumb\"},\"inLanguage\":\"hu\",\"potentialAction\":[{\"@type\":\"ReadAction\",\"target\":[\"https:\\\/\\\/dorogimedence.hu\\\/index.php\\\/2026\\\/08\\\/01\\\/fokozott-keszenletben-az-e-on-a-rendkivuli-hoseg-miatt\\\/\"]}]},{\"@type\":\"ImageObject\",\"inLanguage\":\"hu\",\"@id\":\"https:\\\/\\\/dorogimedence.hu\\\/index.php\\\/2026\\\/08\\\/01\\\/fokozott-keszenletben-az-e-on-a-rendkivuli-hoseg-miatt\\\/#primaryimage\",\"url\":\"https:\\\/\\\/dorogimedence.hu\\\/wp-content\\\/uploads\\\/2026\\\/08\\\/ChatGPT-Image-2026.-aug.-1.-09_08_01.png\",\"contentUrl\":\"https:\\\/\\\/dorogimedence.hu\\\/wp-content\\\/uploads\\\/2026\\\/08\\\/ChatGPT-Image-2026.-aug.-1.-09_08_01.png\",\"width\":1763,\"height\":892},{\"@type\":\"BreadcrumbList\",\"@id\":\"https:\\\/\\\/dorogimedence.hu\\\/index.php\\\/2026\\\/08\\\/01\\\/fokozott-keszenletben-az-e-on-a-rendkivuli-hoseg-miatt\\\/#breadcrumb\",\"itemListElement\":[{\"@type\":\"ListItem\",\"position\":1,\"name\":\"Kezd\u0151lap\",\"item\":\"https:\\\/\\\/dorogimedence.hu\\\/\"},{\"@type\":\"ListItem\",\"position\":2,\"name\":\"Fokozott k\u00e9szenl\u00e9tben az E.ON a rendk\u00edv\u00fcli h\u0151s\u00e9g miatt\"}]},{\"@type\":\"WebSite\",\"@id\":\"https:\\\/\\\/dorogimedence.hu\\\/#website\",\"url\":\"https:\\\/\\\/dorogimedence.hu\\\/\",\"name\":\"Dorogi-medence Region\u00e1lis H\u00edrport\u00e1l\",\"description\":\"Dorog, Keszt\u00f6lc, Le\u00e1nyv\u00e1r, Piliscs\u00e9v, Tokod, Tokodalt\u00e1r\u00f3, Csolnok, Esztergom-kertv\u00e1ros: h\u00edrek, programok\",\"publisher\":{\"@id\":\"https:\\\/\\\/dorogimedence.hu\\\/#organization\"},\"potentialAction\":[{\"@type\":\"SearchAction\",\"target\":{\"@type\":\"EntryPoint\",\"urlTemplate\":\"https:\\\/\\\/dorogimedence.hu\\\/?s={search_term_string}\"},\"query-input\":{\"@type\":\"PropertyValueSpecification\",\"valueRequired\":true,\"valueName\":\"search_term_string\"}}],\"inLanguage\":\"hu\"},{\"@type\":\"Organization\",\"@id\":\"https:\\\/\\\/dorogimedence.hu\\\/#organization\",\"name\":\"Dorogi-medence Region\u00e1lis H\u00edrport\u00e1l\",\"url\":\"https:\\\/\\\/dorogimedence.hu\\\/\",\"logo\":{\"@type\":\"ImageObject\",\"inLanguage\":\"hu\",\"@id\":\"https:\\\/\\\/dorogimedence.hu\\\/#\\\/schema\\\/logo\\\/image\\\/\",\"url\":\"https:\\\/\\\/dorogimedence.hu\\\/wp-content\\\/uploads\\\/2021\\\/04\\\/logo-feher-600.png\",\"contentUrl\":\"https:\\\/\\\/dorogimedence.hu\\\/wp-content\\\/uploads\\\/2021\\\/04\\\/logo-feher-600.png\",\"width\":600,\"height\":100,\"caption\":\"Dorogi-medence Region\u00e1lis H\u00edrport\u00e1l\"},\"image\":{\"@id\":\"https:\\\/\\\/dorogimedence.hu\\\/#\\\/schema\\\/logo\\\/image\\\/\"},\"sameAs\":[\"https:\\\/\\\/www.facebook.com\\\/dorogimedence\\\/\"]},{\"@type\":\"Person\",\"@id\":\"https:\\\/\\\/dorogimedence.hu\\\/#\\\/schema\\\/person\\\/ce6091eeb7e95ecdc87890d6aa8e0fd4\",\"name\":\"dorogimedence.hu\",\"image\":{\"@type\":\"ImageObject\",\"inLanguage\":\"hu\",\"@id\":\"\\\/\\\/www.gravatar.com\\\/avatar\\\/d8d45f8901aadff40a4af72c0b826f1d?s=96&#038;r=g&#038;d=mm\",\"url\":\"\\\/\\\/www.gravatar.com\\\/avatar\\\/d8d45f8901aadff40a4af72c0b826f1d?s=96&#038;r=g&#038;d=mm\",\"contentUrl\":\"\\\/\\\/www.gravatar.com\\\/avatar\\\/d8d45f8901aadff40a4af72c0b826f1d?s=96&#038;r=g&#038;d=mm\",\"caption\":\"dorogimedence.hu\"}}]}<\/script>\n<!-- \/ Yoast SEO plugin. -->","yoast_head_json":{"title":"Fokozott k\u00e9szenl\u00e9tben az E.ON a rendk\u00edv\u00fcli h\u0151s\u00e9g miatt","robots":{"index":"index","follow":"follow","max-snippet":"max-snippet:-1","max-image-preview":"max-image-preview:large","max-video-preview":"max-video-preview:-1"},"canonical":"https:\/\/dorogimedence.hu\/index.php\/2026\/08\/01\/fokozott-keszenletben-az-e-on-a-rendkivuli-hoseg-miatt\/","og_locale":"hu_HU","og_type":"article","og_title":"Fokozott k\u00e9szenl\u00e9tben az E.ON a rendk\u00edv\u00fcli h\u0151s\u00e9g miatt","og_description":"Az E.ON Hung\u00e1ria Csoport meger\u0151s\u00edtett k\u00e9szenl\u00e9tet rendelt el a villamosenergia-ell\u00e1t\u00e1s biztons\u00e1g\u00e1nak fenntart\u00e1sa \u00e9rdek\u00e9ben a tart\u00f3s h\u0151s\u00e9g idej\u00e9re. A v\u00e1llalat megn\u00f6velte hibaelh\u00e1r\u00edt\u00e1si, \u00fczemir\u00e1ny\u00edt\u00e1si \u00e9s \u00fcgyf\u00e9lszolg\u00e1lati kapacit\u00e1sait, mik\u00f6zben a fogyaszt\u00f3kat is tudatos energiahaszn\u00e1latra k\u00e9ri. Fokozott terhel\u00e9s v\u00e1rhat\u00f3 a villamosenergia-rendszeren Az E.ON, amely a Dun\u00e1nt\u00fal, Pest v\u00e1rmegye \u00e9s Budapest villamosenergia-h\u00e1l\u00f3zat\u00e1t \u00fczemelteti, csaknem 3,5 milli\u00f3 \u00fcgyf\u00e9l ell\u00e1t\u00e1s\u00e1\u00e9rt felel. A","og_url":"https:\/\/dorogimedence.hu\/index.php\/2026\/08\/01\/fokozott-keszenletben-az-e-on-a-rendkivuli-hoseg-miatt\/","og_site_name":"Dorogi-medence Region\u00e1lis H\u00edrport\u00e1l","article_publisher":"https:\/\/www.facebook.com\/dorogimedence\/","article_published_time":"2026-08-01T07:09:02+00:00","og_image":[{"url":"https:\/\/dorogimedence.hu\/wp-content\/uploads\/2026\/08\/ChatGPT-Image-2026.-aug.-1.-09_08_01.png","width":755,"height":382,"type":"image\/png"}],"author":"dorogimedence.hu","twitter_card":"summary_large_image","twitter_misc":{"Szerz\u0151:":"dorogimedence.hu","Becs\u00fclt olvas\u00e1si id\u0151":"3 perc"},"schema":{"@context":"https:\/\/schema.org","@graph":[{"@type":"Article","@id":"https:\/\/dorogimedence.hu\/index.php\/2026\/08\/01\/fokozott-keszenletben-az-e-on-a-rendkivuli-hoseg-miatt\/#article","isPartOf":{"@id":"https:\/\/dorogimedence.hu\/index.php\/2026\/08\/01\/fokozott-keszenletben-az-e-on-a-rendkivuli-hoseg-miatt\/"},"author":{"name":"dorogimedence.hu","@id":"https:\/\/dorogimedence.hu\/#\/schema\/person\/ce6091eeb7e95ecdc87890d6aa8e0fd4"},"headline":"Fokozott k\u00e9szenl\u00e9tben az E.ON a rendk\u00edv\u00fcli h\u0151s\u00e9g miatt","datePublished":"2026-08-01T07:09:02+00:00","mainEntityOfPage":{"@id":"https:\/\/dorogimedence.hu\/index.php\/2026\/08\/01\/fokozott-keszenletben-az-e-on-a-rendkivuli-hoseg-miatt\/"},"wordCount":680,"publisher":{"@id":"https:\/\/dorogimedence.hu\/#organization"},"image":{"@id":"https:\/\/dorogimedence.hu\/index.php\/2026\/08\/01\/fokozott-keszenletben-az-e-on-a-rendkivuli-hoseg-miatt\/#primaryimage"},"thumbnailUrl":"https:\/\/dorogimedence.hu\/wp-content\/uploads\/2026\/08\/ChatGPT-Image-2026.-aug.-1.-09_08_01.png","keywords":["\u00e1ram","e.on","h\u0151s\u00e9g"],"articleSection":["H\u00edrek"],"inLanguage":"hu"},{"@type":"WebPage","@id":"https:\/\/dorogimedence.hu\/index.php\/2026\/08\/01\/fokozott-keszenletben-az-e-on-a-rendkivuli-hoseg-miatt\/","url":"https:\/\/dorogimedence.hu\/index.php\/2026\/08\/01\/fokozott-keszenletben-az-e-on-a-rendkivuli-hoseg-miatt\/","name":"Fokozott k\u00e9szenl\u00e9tben az E.ON a rendk\u00edv\u00fcli h\u0151s\u00e9g miatt","isPartOf":{"@id":"https:\/\/dorogimedence.hu\/#website"},"primaryImageOfPage":{"@id":"https:\/\/dorogimedence.hu\/index.php\/2026\/08\/01\/fokozott-keszenletben-az-e-on-a-rendkivuli-hoseg-miatt\/#primaryimage"},"image":{"@id":"https:\/\/dorogimedence.hu\/index.php\/2026\/08\/01\/fokozott-keszenletben-az-e-on-a-rendkivuli-hoseg-miatt\/#primaryimage"},"thumbnailUrl":"https:\/\/dorogimedence.hu\/wp-content\/uploads\/2026\/08\/ChatGPT-Image-2026.-aug.-1.-09_08_01.png","datePublished":"2026-08-01T07:09:02+00:00","breadcrumb":{"@id":"https:\/\/dorogimedence.hu\/index.php\/2026\/08\/01\/fokozott-keszenletben-az-e-on-a-rendkivuli-hoseg-miatt\/#breadcrumb"},"inLanguage":"hu","potentialAction":[{"@type":"ReadAction","target":["https:\/\/dorogimedence.hu\/index.php\/2026\/08\/01\/fokozott-keszenletben-az-e-on-a-rendkivuli-hoseg-miatt\/"]}]},{"@type":"ImageObject","inLanguage":"hu","@id":"https:\/\/dorogimedence.hu\/index.php\/2026\/08\/01\/fokozott-keszenletben-az-e-on-a-rendkivuli-hoseg-miatt\/#primaryimage","url":"https:\/\/dorogimedence.hu\/wp-content\/uploads\/2026\/08\/ChatGPT-Image-2026.-aug.-1.-09_08_01.png","contentUrl":"https:\/\/dorogimedence.hu\/wp-content\/uploads\/2026\/08\/ChatGPT-Image-2026.-aug.-1.-09_08_01.png","width":1763,"height":892},{"@type":"BreadcrumbList","@id":"https:\/\/dorogimedence.hu\/index.php\/2026\/08\/01\/fokozott-keszenletben-az-e-on-a-rendkivuli-hoseg-miatt\/#breadcrumb","itemListElement":[{"@type":"ListItem","position":1,"name":"Kezd\u0151lap","item":"https:\/\/dorogimedence.hu\/"},{"@type":"ListItem","position":2,"name":"Fokozott k\u00e9szenl\u00e9tben az E.ON a rendk\u00edv\u00fcli h\u0151s\u00e9g miatt"}]},{"@type":"WebSite","@id":"https:\/\/dorogimedence.hu\/#website","url":"https:\/\/dorogimedence.hu\/","name":"Dorogi-medence Region\u00e1lis H\u00edrport\u00e1l","description":"Dorog, Keszt\u00f6lc, Le\u00e1nyv\u00e1r, Piliscs\u00e9v, Tokod, Tokodalt\u00e1r\u00f3, Csolnok, Esztergom-kertv\u00e1ros: h\u00edrek, programok","publisher":{"@id":"https:\/\/dorogimedence.hu\/#organization"},"potentialAction":[{"@type":"SearchAction","target":{"@type":"EntryPoint","urlTemplate":"https:\/\/dorogimedence.hu\/?s={search_term_string}"},"query-input":{"@type":"PropertyValueSpecification","valueRequired":true,"valueName":"search_term_string"}}],"inLanguage":"hu"},{"@type":"Organization","@id":"https:\/\/dorogimedence.hu\/#organization","name":"Dorogi-medence Region\u00e1lis H\u00edrport\u00e1l","url":"https:\/\/dorogimedence.hu\/","logo":{"@type":"ImageObject","inLanguage":"hu","@id":"https:\/\/dorogimedence.hu\/#\/schema\/logo\/image\/","url":"https:\/\/dorogimedence.hu\/wp-content\/uploads\/2021\/04\/logo-feher-600.png","contentUrl":"https:\/\/dorogimedence.hu\/wp-content\/uploads\/2021\/04\/logo-feher-600.png","width":600,"height":100,"caption":"Dorogi-medence Region\u00e1lis H\u00edrport\u00e1l"},"image":{"@id":"https:\/\/dorogimedence.hu\/#\/schema\/logo\/image\/"},"sameAs":["https:\/\/www.facebook.com\/dorogimedence\/"]},{"@type":"Person","@id":"https:\/\/dorogimedence.hu\/#\/schema\/person\/ce6091eeb7e95ecdc87890d6aa8e0fd4","name":"dorogimedence.hu","image":{"@type":"ImageObject","inLanguage":"hu","@id":"\/\/www.gravatar.com\/avatar\/d8d45f8901aadff40a4af72c0b826f1d?s=96&#038;r=g&#038;d=mm","url":"\/\/www.gravatar.com\/avatar\/d8d45f8901aadff40a4af72c0b826f1d?s=96&#038;r=g&#038;d=mm","contentUrl":"\/\/www.gravatar.com\/avatar\/d8d45f8901aadff40a4af72c0b826f1d?s=96&#038;r=g&#038;d=mm","caption":"dorogimedence.hu"}}]}},"_links":{"self":[{"href":"https:\/\/dorogimedence.hu\/index.php\/wp-json\/wp\/v2\/posts\/82431","targetHints":{"allow":["GET"]}}],"collection":[{"href":"https:\/\/dorogimedence.hu\/index.php\/wp-json\/wp\/v2\/posts"}],"about":[{"href":"https:\/\/dorogimedence.hu\/index.php\/wp-json\/wp\/v2\/types\/post"}],"author":[{"embeddable":true,"href":"https:\/\/dorogimedence.hu\/index.php\/wp-json\/wp\/v2\/users\/1"}],"replies":[{"embeddable":true,"href":"https:\/\/dorogimedence.hu\/index.php\/wp-json\/wp\/v2\/comments?post=82431"}],"version-history":[{"count":1,"href":"https:\/\/dorogimedence.hu\/index.php\/wp-json\/wp\/v2\/posts\/82431\/revisions"}],"predecessor-version":[{"id":82433,"href":"https:\/\/dorogimedence.hu\/index.php\/wp-json\/wp\/v2\/posts\/82431\/revisions\/82433"}],"wp:featuredmedia":[{"embeddable":true,"href":"https:\/\/dorogimedence.hu\/index.php\/wp-json\/wp\/v2\/media\/82432"}],"wp:attachment":[{"href":"https:\/\/dorogimedence.hu\/index.php\/wp-json\/wp\/v2\/media?parent=82431"}],"wp:term":[{"taxonomy":"category","embeddable":true,"href":"https:\/\/dorogimedence.hu\/index.php\/wp-json\/wp\/v2\/categories?post=82431"},{"taxonomy":"post_tag","embeddable":true,"href":"https:\/\/dorogimedence.hu\/index.php\/wp-json\/wp\/v2\/tags?post=82431"}],"curies":[{"name":"wp","href":"https:\/\/api.w.org\/{rel}","templated":true}]}}