{"id":82385,"date":"2026-07-30T08:56:55","date_gmt":"2026-07-30T06:56:55","guid":{"rendered":"https:\/\/dorogimedence.hu\/?p=82385"},"modified":"2026-07-30T08:58:15","modified_gmt":"2026-07-30T06:58:15","slug":"reszlegesen-feloldjak-a-hetvegi-kamionstopot-a-hosegriasztas-miatt","status":"publish","type":"post","link":"https:\/\/dorogimedence.hu\/index.php\/2026\/07\/30\/reszlegesen-feloldjak-a-hetvegi-kamionstopot-a-hosegriasztas-miatt\/","title":{"rendered":"R\u00e9szlegesen feloldj\u00e1k a h\u00e9tv\u00e9gi kamionstopot a h\u0151s\u00e9griaszt\u00e1s miatt"},"content":{"rendered":"<p><strong>A K\u00f6zleked\u00e9si \u00e9s Beruh\u00e1z\u00e1si Miniszt\u00e9rium a h\u00e9tv\u00e9g\u00e9re v\u00e1rhat\u00f3 harmadfok\u00fa h\u0151s\u00e9griaszt\u00e1s miatt r\u00e9szlegesen feloldja a kamionstopot. Az int\u00e9zked\u00e9s c\u00e9lja, hogy a teheraut\u00f3-sof\u0151r\u00f6k biztons\u00e1gosan eljuthassanak a megfelel\u0151 pihen\u0151helyekre, valamint a sz\u00e1ll\u00edtott \u00e1ruk min\u0151s\u00e9ge is meg\u0151rizhet\u0151 legyen a rendk\u00edv\u00fcli melegben.<\/strong><\/p>\n<h3>Ezekben az \u00f3r\u00e1kban k\u00f6zlekedhetnek a kamionok<\/h3>\n<p>A t\u00e1j\u00e9koztat\u00e1s szerint 2026. augusztus 1-j\u00e9n, szombaton 22:00 \u00f3r\u00e1t\u00f3l augusztus 2-\u00e1n, vas\u00e1rnap 6:00 \u00f3r\u00e1ig a 7,5 tonn\u00e1n\u00e1l nehezebb teherg\u00e9pj\u00e1rm\u0171vek is k\u00f6zlekedhetnek az orsz\u00e1gos k\u00f6zutakon.<\/p>\n<p>A kamionstop azonban tov\u00e1bbra is \u00e9rv\u00e9nyben marad:<\/p>\n<ul>\n<li>augusztus 1-j\u00e9n (szombaton) 15:00 \u00e9s 22:00 \u00f3ra k\u00f6z\u00f6tt, valamint<\/li>\n<li>augusztus 2-\u00e1n (vas\u00e1rnap) 6:00 \u00e9s 22:00 \u00f3ra k\u00f6z\u00f6tt.<\/li>\n<\/ul>\n<h3>A biztons\u00e1got \u00e9s az \u00e1rusz\u00e1ll\u00edt\u00e1st is seg\u00edti az int\u00e9zked\u00e9s<\/h3>\n<p>A miniszt\u00e9rium szerint a r\u00e9szleges felold\u00e1sra az\u00e9rt van sz\u00fcks\u00e9g, hogy rugalmasabb legyen a forgalomszervez\u00e9s, a g\u00e9pj\u00e1rm\u0171vezet\u0151k megfelel\u0151 pihen\u0151helyre juthassanak, valamint elker\u00fclhet\u0151 legyen a h\u0151s\u00e9g miatt romland\u00f3 vagy h\u0151\u00e9rz\u00e9keny \u00e1ruk k\u00e1rosod\u00e1sa. Az int\u00e9zked\u00e9s hozz\u00e1j\u00e1rul ahhoz is, hogy a term\u00e9kek miel\u0151bb el\u00e9rj\u00e9k rendeltet\u00e9si hely\u00fcket.<\/p>\n<h3>Fokozott \u00f3vatoss\u00e1got k\u00e9rnek minden k\u00f6zleked\u0151t\u0151l<\/h3>\n<p>A k\u00f6vetkez\u0151 napokban v\u00e1rhat\u00f3 extr\u00e9m meleg miatt a miniszt\u00e9rium arra k\u00e9ri a teheraut\u00f3-vezet\u0151ket, hogy indul\u00e1s el\u0151tt ellen\u0151rizz\u00e9k j\u00e1rm\u0171veik m\u0171szaki \u00e1llapot\u00e1t, k\u00fcl\u00f6n\u00f6sen a h\u0171t\u0151rendszert \u00e9s a gumiabroncsokat. Emellett fontos, hogy elegend\u0151 iv\u00f3vizet vigyenek magukkal, \u00e9s tarts\u00e1k be az el\u0151\u00edrt pihen\u0151id\u0151ket.<\/p>\n<p>A szem\u00e9lyaut\u00f3val k\u00f6zleked\u0151knek is azt javasolj\u00e1k, hogy hosszabb utaz\u00e1s el\u0151tt vizsg\u00e1lj\u00e1k \u00e1t j\u00e1rm\u0171v\u00fcket, gondoskodjanak megfelel\u0151 mennyis\u00e9g\u0171 folyad\u00e9kr\u00f3l, \u00e9s lehet\u0151s\u00e9g szerint ker\u00fclj\u00e9k a legmelegebb d\u00e9li \u00f3r\u00e1kban t\u00f6rt\u00e9n\u0151 utaz\u00e1st.<\/p>\n<h3>A h\u0151s\u00e9g a k\u00f6zleked\u00e9sre is hat\u00e1ssal van<\/h3>\n<p>A nagy meleg nemcsak a j\u00e1rm\u0171veket, hanem a k\u00f6zleked\u0151ket is megterheli. A magas h\u0151m\u00e9rs\u00e9klet cs\u00f6kkentheti a koncentr\u00e1ci\u00f3t \u00e9s n\u00f6velheti a reakci\u00f3id\u0151t, ez\u00e9rt a miniszt\u00e9rium mindenkit fokozott figyelemre, t\u00fcrelemre \u00e9s k\u00f6r\u00fcltekint\u00e9sre k\u00e9r az utakon. Indul\u00e1s el\u0151tt \u00e9rdemes t\u00e1j\u00e9koz\u00f3dni az aktu\u00e1lis forgalmi helyzetr\u0151l \u00e9s az esetleges korl\u00e1toz\u00e1sokr\u00f3l.<\/p>\n<p><em>Bor\u00edt\u00f3k\u00e9p: illusztr\u00e1ci\u00f3<\/em><\/p>\n","protected":false},"excerpt":{"rendered":"<p>A K\u00f6zleked\u00e9si \u00e9s Beruh\u00e1z\u00e1si Miniszt\u00e9rium a h\u00e9tv\u00e9g\u00e9re v\u00e1rhat\u00f3 harmadfok\u00fa h\u0151s\u00e9griaszt\u00e1s miatt r\u00e9szlegesen feloldja a kamionstopot. Az int\u00e9zked\u00e9s c\u00e9lja, hogy a teheraut\u00f3-sof\u0151r\u00f6k biztons\u00e1gosan eljuthassanak a megfelel\u0151 pihen\u0151helyekre, valamint a sz\u00e1ll\u00edtott \u00e1ruk min\u0151s\u00e9ge is meg\u0151rizhet\u0151 legyen a rendk\u00edv\u00fcli melegben. Ezekben az \u00f3r\u00e1kban k\u00f6zlekedhetnek a kamionok A t\u00e1j\u00e9koztat\u00e1s szerint 2026. augusztus 1-j\u00e9n, szombaton 22:00 \u00f3r\u00e1t\u00f3l augusztus 2-\u00e1n, vas\u00e1rnap<\/p>\n","protected":false},"author":1,"featured_media":81420,"comment_status":"closed","ping_status":"closed","sticky":false,"template":"","format":"standard","meta":{"ngg_post_thumbnail":0,"footnotes":""},"categories":[6934,3],"tags":[1173,8944],"class_list":["post-82385","post","type-post","status-publish","format-standard","has-post-thumbnail","category-belfold","category-hirek","tag-hoseg","tag-kamionstop"],"yoast_head":"<!-- This site is optimized with the Yoast SEO plugin v28.3 - https:\/\/yoast.com\/product\/yoast-seo-wordpress\/ -->\n<title>R\u00e9szlegesen feloldj\u00e1k a h\u00e9tv\u00e9gi kamionstopot a h\u0151s\u00e9griaszt\u00e1s miatt<\/title>\n<meta name=\"robots\" content=\"index, follow, max-snippet:-1, max-image-preview:large, max-video-preview:-1\" \/>\n<link rel=\"canonical\" href=\"https:\/\/dorogimedence.hu\/index.php\/2026\/07\/30\/reszlegesen-feloldjak-a-hetvegi-kamionstopot-a-hosegriasztas-miatt\/\" class=\"yoast-seo-meta-tag\" \/>\n<meta property=\"og:locale\" content=\"hu_HU\" class=\"yoast-seo-meta-tag\" \/>\n<meta property=\"og:type\" content=\"article\" class=\"yoast-seo-meta-tag\" \/>\n<meta property=\"og:title\" content=\"R\u00e9szlegesen feloldj\u00e1k a h\u00e9tv\u00e9gi kamionstopot a h\u0151s\u00e9griaszt\u00e1s miatt\" class=\"yoast-seo-meta-tag\" \/>\n<meta property=\"og:description\" content=\"A K\u00f6zleked\u00e9si \u00e9s Beruh\u00e1z\u00e1si Miniszt\u00e9rium a h\u00e9tv\u00e9g\u00e9re v\u00e1rhat\u00f3 harmadfok\u00fa h\u0151s\u00e9griaszt\u00e1s miatt r\u00e9szlegesen feloldja a kamionstopot. Az int\u00e9zked\u00e9s c\u00e9lja, hogy a teheraut\u00f3-sof\u0151r\u00f6k biztons\u00e1gosan eljuthassanak a megfelel\u0151 pihen\u0151helyekre, valamint a sz\u00e1ll\u00edtott \u00e1ruk min\u0151s\u00e9ge is meg\u0151rizhet\u0151 legyen a rendk\u00edv\u00fcli melegben. Ezekben az \u00f3r\u00e1kban k\u00f6zlekedhetnek a kamionok A t\u00e1j\u00e9koztat\u00e1s szerint 2026. augusztus 1-j\u00e9n, szombaton 22:00 \u00f3r\u00e1t\u00f3l augusztus 2-\u00e1n, vas\u00e1rnap\" class=\"yoast-seo-meta-tag\" \/>\n<meta property=\"og:url\" content=\"https:\/\/dorogimedence.hu\/index.php\/2026\/07\/30\/reszlegesen-feloldjak-a-hetvegi-kamionstopot-a-hosegriasztas-miatt\/\" class=\"yoast-seo-meta-tag\" \/>\n<meta property=\"og:site_name\" content=\"Dorogi-medence Region\u00e1lis H\u00edrport\u00e1l\" class=\"yoast-seo-meta-tag\" \/>\n<meta property=\"article:publisher\" content=\"https:\/\/www.facebook.com\/dorogimedence\/\" class=\"yoast-seo-meta-tag\" \/>\n<meta property=\"article:published_time\" content=\"2026-07-30T06:56:55+00:00\" class=\"yoast-seo-meta-tag\" \/>\n<meta property=\"article:modified_time\" content=\"2026-07-30T06:58:15+00:00\" class=\"yoast-seo-meta-tag\" \/>\n<meta property=\"og:image\" content=\"https:\/\/dorogimedence.hu\/wp-content\/uploads\/2026\/06\/ChatGPT-Image-2026.-jun.-25.-05_36_33.png\" class=\"yoast-seo-meta-tag\" \/>\n\t<meta property=\"og:image:width\" content=\"755\" class=\"yoast-seo-meta-tag\" \/>\n\t<meta property=\"og:image:height\" content=\"503\" class=\"yoast-seo-meta-tag\" \/>\n\t<meta property=\"og:image:type\" content=\"image\/png\" class=\"yoast-seo-meta-tag\" \/>\n<meta name=\"author\" content=\"dorogimedence.hu\" class=\"yoast-seo-meta-tag\" \/>\n<meta name=\"twitter:card\" content=\"summary_large_image\" class=\"yoast-seo-meta-tag\" \/>\n<meta name=\"twitter:label1\" content=\"Szerz\u0151:\" class=\"yoast-seo-meta-tag\" \/>\n\t<meta name=\"twitter:data1\" content=\"dorogimedence.hu\" class=\"yoast-seo-meta-tag\" \/>\n\t<meta name=\"twitter:label2\" content=\"Becs\u00fclt olvas\u00e1si id\u0151\" class=\"yoast-seo-meta-tag\" \/>\n\t<meta name=\"twitter:data2\" content=\"2 perc\" class=\"yoast-seo-meta-tag\" \/>\n<script type=\"application\/ld+json\" class=\"yoast-schema-graph\">{\"@context\":\"https:\\\/\\\/schema.org\",\"@graph\":[{\"@type\":\"Article\",\"@id\":\"https:\\\/\\\/dorogimedence.hu\\\/index.php\\\/2026\\\/07\\\/30\\\/reszlegesen-feloldjak-a-hetvegi-kamionstopot-a-hosegriasztas-miatt\\\/#article\",\"isPartOf\":{\"@id\":\"https:\\\/\\\/dorogimedence.hu\\\/index.php\\\/2026\\\/07\\\/30\\\/reszlegesen-feloldjak-a-hetvegi-kamionstopot-a-hosegriasztas-miatt\\\/\"},\"author\":{\"name\":\"dorogimedence.hu\",\"@id\":\"https:\\\/\\\/dorogimedence.hu\\\/#\\\/schema\\\/person\\\/ce6091eeb7e95ecdc87890d6aa8e0fd4\"},\"headline\":\"R\u00e9szlegesen feloldj\u00e1k a h\u00e9tv\u00e9gi kamionstopot a h\u0151s\u00e9griaszt\u00e1s miatt\",\"datePublished\":\"2026-07-30T06:56:55+00:00\",\"dateModified\":\"2026-07-30T06:58:15+00:00\",\"mainEntityOfPage\":{\"@id\":\"https:\\\/\\\/dorogimedence.hu\\\/index.php\\\/2026\\\/07\\\/30\\\/reszlegesen-feloldjak-a-hetvegi-kamionstopot-a-hosegriasztas-miatt\\\/\"},\"wordCount\":459,\"publisher\":{\"@id\":\"https:\\\/\\\/dorogimedence.hu\\\/#organization\"},\"image\":{\"@id\":\"https:\\\/\\\/dorogimedence.hu\\\/index.php\\\/2026\\\/07\\\/30\\\/reszlegesen-feloldjak-a-hetvegi-kamionstopot-a-hosegriasztas-miatt\\\/#primaryimage\"},\"thumbnailUrl\":\"https:\\\/\\\/dorogimedence.hu\\\/wp-content\\\/uploads\\\/2026\\\/06\\\/ChatGPT-Image-2026.-jun.-25.-05_36_33.png\",\"keywords\":[\"h\u0151s\u00e9g\",\"kamionstop\"],\"articleSection\":[\"Belf\u00f6ld, Gazdas\u00e1g\",\"H\u00edrek\"],\"inLanguage\":\"hu\"},{\"@type\":\"WebPage\",\"@id\":\"https:\\\/\\\/dorogimedence.hu\\\/index.php\\\/2026\\\/07\\\/30\\\/reszlegesen-feloldjak-a-hetvegi-kamionstopot-a-hosegriasztas-miatt\\\/\",\"url\":\"https:\\\/\\\/dorogimedence.hu\\\/index.php\\\/2026\\\/07\\\/30\\\/reszlegesen-feloldjak-a-hetvegi-kamionstopot-a-hosegriasztas-miatt\\\/\",\"name\":\"R\u00e9szlegesen feloldj\u00e1k a h\u00e9tv\u00e9gi kamionstopot a h\u0151s\u00e9griaszt\u00e1s miatt\",\"isPartOf\":{\"@id\":\"https:\\\/\\\/dorogimedence.hu\\\/#website\"},\"primaryImageOfPage\":{\"@id\":\"https:\\\/\\\/dorogimedence.hu\\\/index.php\\\/2026\\\/07\\\/30\\\/reszlegesen-feloldjak-a-hetvegi-kamionstopot-a-hosegriasztas-miatt\\\/#primaryimage\"},\"image\":{\"@id\":\"https:\\\/\\\/dorogimedence.hu\\\/index.php\\\/2026\\\/07\\\/30\\\/reszlegesen-feloldjak-a-hetvegi-kamionstopot-a-hosegriasztas-miatt\\\/#primaryimage\"},\"thumbnailUrl\":\"https:\\\/\\\/dorogimedence.hu\\\/wp-content\\\/uploads\\\/2026\\\/06\\\/ChatGPT-Image-2026.-jun.-25.-05_36_33.png\",\"datePublished\":\"2026-07-30T06:56:55+00:00\",\"dateModified\":\"2026-07-30T06:58:15+00:00\",\"breadcrumb\":{\"@id\":\"https:\\\/\\\/dorogimedence.hu\\\/index.php\\\/2026\\\/07\\\/30\\\/reszlegesen-feloldjak-a-hetvegi-kamionstopot-a-hosegriasztas-miatt\\\/#breadcrumb\"},\"inLanguage\":\"hu\",\"potentialAction\":[{\"@type\":\"ReadAction\",\"target\":[\"https:\\\/\\\/dorogimedence.hu\\\/index.php\\\/2026\\\/07\\\/30\\\/reszlegesen-feloldjak-a-hetvegi-kamionstopot-a-hosegriasztas-miatt\\\/\"]}]},{\"@type\":\"ImageObject\",\"inLanguage\":\"hu\",\"@id\":\"https:\\\/\\\/dorogimedence.hu\\\/index.php\\\/2026\\\/07\\\/30\\\/reszlegesen-feloldjak-a-hetvegi-kamionstopot-a-hosegriasztas-miatt\\\/#primaryimage\",\"url\":\"https:\\\/\\\/dorogimedence.hu\\\/wp-content\\\/uploads\\\/2026\\\/06\\\/ChatGPT-Image-2026.-jun.-25.-05_36_33.png\",\"contentUrl\":\"https:\\\/\\\/dorogimedence.hu\\\/wp-content\\\/uploads\\\/2026\\\/06\\\/ChatGPT-Image-2026.-jun.-25.-05_36_33.png\",\"width\":1536,\"height\":1024},{\"@type\":\"BreadcrumbList\",\"@id\":\"https:\\\/\\\/dorogimedence.hu\\\/index.php\\\/2026\\\/07\\\/30\\\/reszlegesen-feloldjak-a-hetvegi-kamionstopot-a-hosegriasztas-miatt\\\/#breadcrumb\",\"itemListElement\":[{\"@type\":\"ListItem\",\"position\":1,\"name\":\"Kezd\u0151lap\",\"item\":\"https:\\\/\\\/dorogimedence.hu\\\/\"},{\"@type\":\"ListItem\",\"position\":2,\"name\":\"R\u00e9szlegesen feloldj\u00e1k a h\u00e9tv\u00e9gi kamionstopot a h\u0151s\u00e9griaszt\u00e1s miatt\"}]},{\"@type\":\"WebSite\",\"@id\":\"https:\\\/\\\/dorogimedence.hu\\\/#website\",\"url\":\"https:\\\/\\\/dorogimedence.hu\\\/\",\"name\":\"Dorogi-medence Region\u00e1lis H\u00edrport\u00e1l\",\"description\":\"Dorog, Keszt\u00f6lc, Le\u00e1nyv\u00e1r, Piliscs\u00e9v, Tokod, Tokodalt\u00e1r\u00f3, Csolnok, Esztergom-kertv\u00e1ros: h\u00edrek, programok\",\"publisher\":{\"@id\":\"https:\\\/\\\/dorogimedence.hu\\\/#organization\"},\"potentialAction\":[{\"@type\":\"SearchAction\",\"target\":{\"@type\":\"EntryPoint\",\"urlTemplate\":\"https:\\\/\\\/dorogimedence.hu\\\/?s={search_term_string}\"},\"query-input\":{\"@type\":\"PropertyValueSpecification\",\"valueRequired\":true,\"valueName\":\"search_term_string\"}}],\"inLanguage\":\"hu\"},{\"@type\":\"Organization\",\"@id\":\"https:\\\/\\\/dorogimedence.hu\\\/#organization\",\"name\":\"Dorogi-medence Region\u00e1lis H\u00edrport\u00e1l\",\"url\":\"https:\\\/\\\/dorogimedence.hu\\\/\",\"logo\":{\"@type\":\"ImageObject\",\"inLanguage\":\"hu\",\"@id\":\"https:\\\/\\\/dorogimedence.hu\\\/#\\\/schema\\\/logo\\\/image\\\/\",\"url\":\"https:\\\/\\\/dorogimedence.hu\\\/wp-content\\\/uploads\\\/2021\\\/04\\\/logo-feher-600.png\",\"contentUrl\":\"https:\\\/\\\/dorogimedence.hu\\\/wp-content\\\/uploads\\\/2021\\\/04\\\/logo-feher-600.png\",\"width\":600,\"height\":100,\"caption\":\"Dorogi-medence Region\u00e1lis H\u00edrport\u00e1l\"},\"image\":{\"@id\":\"https:\\\/\\\/dorogimedence.hu\\\/#\\\/schema\\\/logo\\\/image\\\/\"},\"sameAs\":[\"https:\\\/\\\/www.facebook.com\\\/dorogimedence\\\/\"]},{\"@type\":\"Person\",\"@id\":\"https:\\\/\\\/dorogimedence.hu\\\/#\\\/schema\\\/person\\\/ce6091eeb7e95ecdc87890d6aa8e0fd4\",\"name\":\"dorogimedence.hu\",\"image\":{\"@type\":\"ImageObject\",\"inLanguage\":\"hu\",\"@id\":\"\\\/\\\/www.gravatar.com\\\/avatar\\\/d8d45f8901aadff40a4af72c0b826f1d?s=96&#038;r=g&#038;d=mm\",\"url\":\"\\\/\\\/www.gravatar.com\\\/avatar\\\/d8d45f8901aadff40a4af72c0b826f1d?s=96&#038;r=g&#038;d=mm\",\"contentUrl\":\"\\\/\\\/www.gravatar.com\\\/avatar\\\/d8d45f8901aadff40a4af72c0b826f1d?s=96&#038;r=g&#038;d=mm\",\"caption\":\"dorogimedence.hu\"}}]}<\/script>\n<!-- \/ Yoast SEO plugin. -->","yoast_head_json":{"title":"R\u00e9szlegesen feloldj\u00e1k a h\u00e9tv\u00e9gi kamionstopot a h\u0151s\u00e9griaszt\u00e1s miatt","robots":{"index":"index","follow":"follow","max-snippet":"max-snippet:-1","max-image-preview":"max-image-preview:large","max-video-preview":"max-video-preview:-1"},"canonical":"https:\/\/dorogimedence.hu\/index.php\/2026\/07\/30\/reszlegesen-feloldjak-a-hetvegi-kamionstopot-a-hosegriasztas-miatt\/","og_locale":"hu_HU","og_type":"article","og_title":"R\u00e9szlegesen feloldj\u00e1k a h\u00e9tv\u00e9gi kamionstopot a h\u0151s\u00e9griaszt\u00e1s miatt","og_description":"A K\u00f6zleked\u00e9si \u00e9s Beruh\u00e1z\u00e1si Miniszt\u00e9rium a h\u00e9tv\u00e9g\u00e9re v\u00e1rhat\u00f3 harmadfok\u00fa h\u0151s\u00e9griaszt\u00e1s miatt r\u00e9szlegesen feloldja a kamionstopot. Az int\u00e9zked\u00e9s c\u00e9lja, hogy a teheraut\u00f3-sof\u0151r\u00f6k biztons\u00e1gosan eljuthassanak a megfelel\u0151 pihen\u0151helyekre, valamint a sz\u00e1ll\u00edtott \u00e1ruk min\u0151s\u00e9ge is meg\u0151rizhet\u0151 legyen a rendk\u00edv\u00fcli melegben. Ezekben az \u00f3r\u00e1kban k\u00f6zlekedhetnek a kamionok A t\u00e1j\u00e9koztat\u00e1s szerint 2026. augusztus 1-j\u00e9n, szombaton 22:00 \u00f3r\u00e1t\u00f3l augusztus 2-\u00e1n, vas\u00e1rnap","og_url":"https:\/\/dorogimedence.hu\/index.php\/2026\/07\/30\/reszlegesen-feloldjak-a-hetvegi-kamionstopot-a-hosegriasztas-miatt\/","og_site_name":"Dorogi-medence Region\u00e1lis H\u00edrport\u00e1l","article_publisher":"https:\/\/www.facebook.com\/dorogimedence\/","article_published_time":"2026-07-30T06:56:55+00:00","article_modified_time":"2026-07-30T06:58:15+00:00","og_image":[{"url":"https:\/\/dorogimedence.hu\/wp-content\/uploads\/2026\/06\/ChatGPT-Image-2026.-jun.-25.-05_36_33.png","width":755,"height":503,"type":"image\/png"}],"author":"dorogimedence.hu","twitter_card":"summary_large_image","twitter_misc":{"Szerz\u0151:":"dorogimedence.hu","Becs\u00fclt olvas\u00e1si id\u0151":"2 perc"},"schema":{"@context":"https:\/\/schema.org","@graph":[{"@type":"Article","@id":"https:\/\/dorogimedence.hu\/index.php\/2026\/07\/30\/reszlegesen-feloldjak-a-hetvegi-kamionstopot-a-hosegriasztas-miatt\/#article","isPartOf":{"@id":"https:\/\/dorogimedence.hu\/index.php\/2026\/07\/30\/reszlegesen-feloldjak-a-hetvegi-kamionstopot-a-hosegriasztas-miatt\/"},"author":{"name":"dorogimedence.hu","@id":"https:\/\/dorogimedence.hu\/#\/schema\/person\/ce6091eeb7e95ecdc87890d6aa8e0fd4"},"headline":"R\u00e9szlegesen feloldj\u00e1k a h\u00e9tv\u00e9gi kamionstopot a h\u0151s\u00e9griaszt\u00e1s miatt","datePublished":"2026-07-30T06:56:55+00:00","dateModified":"2026-07-30T06:58:15+00:00","mainEntityOfPage":{"@id":"https:\/\/dorogimedence.hu\/index.php\/2026\/07\/30\/reszlegesen-feloldjak-a-hetvegi-kamionstopot-a-hosegriasztas-miatt\/"},"wordCount":459,"publisher":{"@id":"https:\/\/dorogimedence.hu\/#organization"},"image":{"@id":"https:\/\/dorogimedence.hu\/index.php\/2026\/07\/30\/reszlegesen-feloldjak-a-hetvegi-kamionstopot-a-hosegriasztas-miatt\/#primaryimage"},"thumbnailUrl":"https:\/\/dorogimedence.hu\/wp-content\/uploads\/2026\/06\/ChatGPT-Image-2026.-jun.-25.-05_36_33.png","keywords":["h\u0151s\u00e9g","kamionstop"],"articleSection":["Belf\u00f6ld, Gazdas\u00e1g","H\u00edrek"],"inLanguage":"hu"},{"@type":"WebPage","@id":"https:\/\/dorogimedence.hu\/index.php\/2026\/07\/30\/reszlegesen-feloldjak-a-hetvegi-kamionstopot-a-hosegriasztas-miatt\/","url":"https:\/\/dorogimedence.hu\/index.php\/2026\/07\/30\/reszlegesen-feloldjak-a-hetvegi-kamionstopot-a-hosegriasztas-miatt\/","name":"R\u00e9szlegesen feloldj\u00e1k a h\u00e9tv\u00e9gi kamionstopot a h\u0151s\u00e9griaszt\u00e1s miatt","isPartOf":{"@id":"https:\/\/dorogimedence.hu\/#website"},"primaryImageOfPage":{"@id":"https:\/\/dorogimedence.hu\/index.php\/2026\/07\/30\/reszlegesen-feloldjak-a-hetvegi-kamionstopot-a-hosegriasztas-miatt\/#primaryimage"},"image":{"@id":"https:\/\/dorogimedence.hu\/index.php\/2026\/07\/30\/reszlegesen-feloldjak-a-hetvegi-kamionstopot-a-hosegriasztas-miatt\/#primaryimage"},"thumbnailUrl":"https:\/\/dorogimedence.hu\/wp-content\/uploads\/2026\/06\/ChatGPT-Image-2026.-jun.-25.-05_36_33.png","datePublished":"2026-07-30T06:56:55+00:00","dateModified":"2026-07-30T06:58:15+00:00","breadcrumb":{"@id":"https:\/\/dorogimedence.hu\/index.php\/2026\/07\/30\/reszlegesen-feloldjak-a-hetvegi-kamionstopot-a-hosegriasztas-miatt\/#breadcrumb"},"inLanguage":"hu","potentialAction":[{"@type":"ReadAction","target":["https:\/\/dorogimedence.hu\/index.php\/2026\/07\/30\/reszlegesen-feloldjak-a-hetvegi-kamionstopot-a-hosegriasztas-miatt\/"]}]},{"@type":"ImageObject","inLanguage":"hu","@id":"https:\/\/dorogimedence.hu\/index.php\/2026\/07\/30\/reszlegesen-feloldjak-a-hetvegi-kamionstopot-a-hosegriasztas-miatt\/#primaryimage","url":"https:\/\/dorogimedence.hu\/wp-content\/uploads\/2026\/06\/ChatGPT-Image-2026.-jun.-25.-05_36_33.png","contentUrl":"https:\/\/dorogimedence.hu\/wp-content\/uploads\/2026\/06\/ChatGPT-Image-2026.-jun.-25.-05_36_33.png","width":1536,"height":1024},{"@type":"BreadcrumbList","@id":"https:\/\/dorogimedence.hu\/index.php\/2026\/07\/30\/reszlegesen-feloldjak-a-hetvegi-kamionstopot-a-hosegriasztas-miatt\/#breadcrumb","itemListElement":[{"@type":"ListItem","position":1,"name":"Kezd\u0151lap","item":"https:\/\/dorogimedence.hu\/"},{"@type":"ListItem","position":2,"name":"R\u00e9szlegesen feloldj\u00e1k a h\u00e9tv\u00e9gi kamionstopot a h\u0151s\u00e9griaszt\u00e1s miatt"}]},{"@type":"WebSite","@id":"https:\/\/dorogimedence.hu\/#website","url":"https:\/\/dorogimedence.hu\/","name":"Dorogi-medence Region\u00e1lis H\u00edrport\u00e1l","description":"Dorog, Keszt\u00f6lc, Le\u00e1nyv\u00e1r, Piliscs\u00e9v, Tokod, Tokodalt\u00e1r\u00f3, Csolnok, Esztergom-kertv\u00e1ros: h\u00edrek, programok","publisher":{"@id":"https:\/\/dorogimedence.hu\/#organization"},"potentialAction":[{"@type":"SearchAction","target":{"@type":"EntryPoint","urlTemplate":"https:\/\/dorogimedence.hu\/?s={search_term_string}"},"query-input":{"@type":"PropertyValueSpecification","valueRequired":true,"valueName":"search_term_string"}}],"inLanguage":"hu"},{"@type":"Organization","@id":"https:\/\/dorogimedence.hu\/#organization","name":"Dorogi-medence Region\u00e1lis H\u00edrport\u00e1l","url":"https:\/\/dorogimedence.hu\/","logo":{"@type":"ImageObject","inLanguage":"hu","@id":"https:\/\/dorogimedence.hu\/#\/schema\/logo\/image\/","url":"https:\/\/dorogimedence.hu\/wp-content\/uploads\/2021\/04\/logo-feher-600.png","contentUrl":"https:\/\/dorogimedence.hu\/wp-content\/uploads\/2021\/04\/logo-feher-600.png","width":600,"height":100,"caption":"Dorogi-medence Region\u00e1lis H\u00edrport\u00e1l"},"image":{"@id":"https:\/\/dorogimedence.hu\/#\/schema\/logo\/image\/"},"sameAs":["https:\/\/www.facebook.com\/dorogimedence\/"]},{"@type":"Person","@id":"https:\/\/dorogimedence.hu\/#\/schema\/person\/ce6091eeb7e95ecdc87890d6aa8e0fd4","name":"dorogimedence.hu","image":{"@type":"ImageObject","inLanguage":"hu","@id":"\/\/www.gravatar.com\/avatar\/d8d45f8901aadff40a4af72c0b826f1d?s=96&#038;r=g&#038;d=mm","url":"\/\/www.gravatar.com\/avatar\/d8d45f8901aadff40a4af72c0b826f1d?s=96&#038;r=g&#038;d=mm","contentUrl":"\/\/www.gravatar.com\/avatar\/d8d45f8901aadff40a4af72c0b826f1d?s=96&#038;r=g&#038;d=mm","caption":"dorogimedence.hu"}}]}},"_links":{"self":[{"href":"https:\/\/dorogimedence.hu\/index.php\/wp-json\/wp\/v2\/posts\/82385","targetHints":{"allow":["GET"]}}],"collection":[{"href":"https:\/\/dorogimedence.hu\/index.php\/wp-json\/wp\/v2\/posts"}],"about":[{"href":"https:\/\/dorogimedence.hu\/index.php\/wp-json\/wp\/v2\/types\/post"}],"author":[{"embeddable":true,"href":"https:\/\/dorogimedence.hu\/index.php\/wp-json\/wp\/v2\/users\/1"}],"replies":[{"embeddable":true,"href":"https:\/\/dorogimedence.hu\/index.php\/wp-json\/wp\/v2\/comments?post=82385"}],"version-history":[{"count":3,"href":"https:\/\/dorogimedence.hu\/index.php\/wp-json\/wp\/v2\/posts\/82385\/revisions"}],"predecessor-version":[{"id":82388,"href":"https:\/\/dorogimedence.hu\/index.php\/wp-json\/wp\/v2\/posts\/82385\/revisions\/82388"}],"wp:featuredmedia":[{"embeddable":true,"href":"https:\/\/dorogimedence.hu\/index.php\/wp-json\/wp\/v2\/media\/81420"}],"wp:attachment":[{"href":"https:\/\/dorogimedence.hu\/index.php\/wp-json\/wp\/v2\/media?parent=82385"}],"wp:term":[{"taxonomy":"category","embeddable":true,"href":"https:\/\/dorogimedence.hu\/index.php\/wp-json\/wp\/v2\/categories?post=82385"},{"taxonomy":"post_tag","embeddable":true,"href":"https:\/\/dorogimedence.hu\/index.php\/wp-json\/wp\/v2\/tags?post=82385"}],"curies":[{"name":"wp","href":"https:\/\/api.w.org\/{rel}","templated":true}]}}