{"id":82382,"date":"2026-07-30T07:11:25","date_gmt":"2026-07-30T05:11:25","guid":{"rendered":"https:\/\/dorogimedence.hu\/?p=82382"},"modified":"2026-07-30T07:11:25","modified_gmt":"2026-07-30T05:11:25","slug":"akar-a-telefonunk-is-hogutat-kaphat-a-nyari-hosegben-igy-vedjuk-a-keszuleket-a-kanikulatol","status":"publish","type":"post","link":"https:\/\/dorogimedence.hu\/index.php\/2026\/07\/30\/akar-a-telefonunk-is-hogutat-kaphat-a-nyari-hosegben-igy-vedjuk-a-keszuleket-a-kanikulatol\/","title":{"rendered":"Ak\u00e1r a telefonunk is \u201eh\u0151gut\u00e1t kaphat\u201d a ny\u00e1ri h\u0151s\u00e9gben &#8211; \u00cdgy v\u00e9dj\u00fck a k\u00e9sz\u00fcl\u00e9ket a k\u00e1nikul\u00e1t\u00f3l"},"content":{"rendered":"<p><strong>A rekordokat d\u00f6nt\u0151 h\u0151s\u00e9gben a legt\u00f6bben m\u00e9g mindig csak arra figyelnek, hogy ne hagyj\u00e1k a telefont a t\u0171z\u0151 napon, de j\u00f3val kevesebben tudj\u00e1k, hogy egy vastag telefontok vagy ak\u00e1r a vezet\u00e9k n\u00e9lk\u00fcli t\u00f6lt\u00e9s is hozz\u00e1j\u00e1rulhat a k\u00e9sz\u00fcl\u00e9k t\u00falmeleged\u00e9s\u00e9hez. A Yettel \u00f6sszegy\u0171jt\u00f6tt n\u00e9h\u00e1ny kev\u00e9sb\u00e9 ismert, m\u00e9gis hasznos tippet, hogy a ny\u00e1ri kikapcsol\u00f3d\u00e1s alatt a mobilunk is a lehet\u0151 legjobb form\u00e1j\u00e1t hozza.<\/strong><\/p>\n<h3><strong>Ne hagyd napozni a telefont, pl\u00e1ne ne tokban<\/strong><\/h3>\n<p>Tal\u00e1n mag\u00e1t\u00f3l \u00e9rtet\u0151d\u0151nek t\u0171nik, m\u00e9gis sokan elk\u00f6vetik: a telefon a t\u00f6r\u00f6lk\u00f6z\u0151n, a napoz\u00f3\u00e1gyon vagy az aut\u00f3 m\u0171szerfal\u00e1n marad, pedig m\u00e1r n\u00e9h\u00e1ny perc naps\u00fct\u00e9s is jelent\u0151sen megemelheti a k\u00e9sz\u00fcl\u00e9k h\u0151m\u00e9rs\u00e9klet\u00e9t. Ha a telefon t\u00falmelegszik, ideiglenesen le\u00e1llhatnak bizonyos funkci\u00f3i: korl\u00e1tozhatja a t\u00f6lt\u00e9st, visszaveheti a kijelz\u0151 f\u00e9nyerej\u00e9t vagy lass\u00edthatja a m\u0171k\u00f6d\u00e9s\u00e9t. A legegyszer\u0171bb megold\u00e1s ilyenkor az \u00e1rny\u00e9k \u00e9s egy kis t\u00fcrelem, de h\u0171t\u0151be vagy fagyaszt\u00f3ba semmik\u00e9pp ne tegy\u00fck, mert a hirtelen h\u0151m\u00e9rs\u00e9klet-v\u00e1ltoz\u00e1s \u00e9s a p\u00e1ralecsap\u00f3d\u00e1s t\u00f6bbet \u00e1rthat, mint haszn\u00e1l. Ha a k\u00e9sz\u00fcl\u00e9k m\u00e1r \u00e1tforr\u00f3sodott, \u00e9rdemes levenni r\u00f3la a tokot is. B\u00e1r a tok megv\u00e9di az \u00fct\u0151d\u00e9sekt\u0151l, ny\u00e1ron a h\u0151 lead\u00e1s\u00e1t is lass\u00edtja, \u00edgy a telefon nehezebben tud visszah\u0171lni.<\/p>\n<h3><strong>Amit\u0151l melegszik a k\u00e9sz\u00fcl\u00e9ked, pedig nem is gondoln\u00e1d<\/strong><\/h3>\n<p>Nyaral\u00e1son, kir\u00e1ndul\u00e1s k\u00f6zben a telefon szinte mindig a kez\u00fcnk \u00fcgy\u00e9ben van, \u00edgy gyakrabban kell t\u00f6lteni. A legforr\u00f3bb napokon \u00e9rdemes ink\u00e1bb a hagyom\u00e1nyos, k\u00e1beles t\u00f6lt\u00e9st v\u00e1lasztani, mert ugyan a vezet\u00e9k n\u00e9lk\u00fcli t\u00f6lt\u00e9s praktikus, m\u0171k\u00f6d\u00e9s\u00e9b\u0151l ad\u00f3d\u00f3an t\u00f6bb h\u0151t termelhet, ami m\u00e9g jobban felforr\u00f3s\u00edthatja az eszk\u00f6zt.<\/p>\n<p>Kevesen gondolnak arra, hogy a hosszabb vide\u00f3felv\u00e9telek (k\u00fcl\u00f6n\u00f6sen 4K felbont\u00e1sban) vagy a folyamatos fot\u00f3z\u00e1s jelent\u0151s h\u0151t termelnek. Ha sok\u00e1ig vide\u00f3zol vagy sok k\u00e9pet k\u00e9sz\u00edtesz a t\u0171z\u0151 napon, \u00e9rdemes id\u0151nk\u00e9nt n\u00e9h\u00e1ny perc pihen\u0151t adni a k\u00e9sz\u00fcl\u00e9knek, \u00e9s lehet\u0151s\u00e9g szerint \u00e1rny\u00e9kba vonulni.<\/p>\n<h3><strong>Internet\u00e9lm\u00e9ny harminc fok felett<\/strong><\/h3>\n<p>A legforr\u00f3bb ny\u00e1ri napokon m\u00e9g a leggyorsabb mobilnet is akadozhat, de ennek gyakran a h\u0151m\u00e9rs\u00e9klet az oka: a k\u00e9sz\u00fcl\u00e9k t\u00falmeleged\u00e9se miatt fell\u00e9p\u0151 hardveres teljes\u00edtm\u00e9ny-visszafog\u00e1s lass\u00edthatja a b\u00f6ng\u00e9sz\u00e9st \u00e9s a tartalmak bet\u00f6lt\u00e9s\u00e9t. A stabil \u00e9s gyors adatkapcsolat fenntart\u00e1sa \u00e9rdek\u00e9ben \u00e9rdemes n\u00e9h\u00e1ny \u00f3vint\u00e9zked\u00e9st tenni: ha a szabadban netezel, ker\u00fcld a t\u0171z\u0151 napot, \u00e9s v\u00e9dd a telefont a k\u00f6zvetlen h\u0151t\u0151l. Emellett sokat seg\u00edt, ha az online j\u00e1t\u00e9kokat vagy a nagy m\u00e9ret\u0171 f\u00e1jlok let\u00f6lt\u00e9s\u00e9t a h\u0171v\u00f6sebb belt\u00e9ri \u00f3r\u00e1kra id\u0151z\u00edted, \u00edgy a mobilod processzora sem melegedik t\u00fal, \u00e9s a kifog\u00e1stalan internet\u00e9lm\u00e9ny is megmarad.<\/p>\n<p>Nyaral\u00e1skor persze a biztons\u00e1gos netez\u00e9sr\u0151l se feledkezz\u00fcnk meg: ha nyilv\u00e1nos Wi-Fi helyett van r\u00e1 lehet\u0151s\u00e9g, \u00e9rdemes ink\u00e1bb saj\u00e1t mobilinternetet vagy megb\u00edzhat\u00f3, jelsz\u00f3val v\u00e9dett h\u00e1l\u00f3zatot haszn\u00e1lni, hiszen a hivatalosnak t\u0171n\u0151 ingyenes h\u00e1l\u00f3zatok k\u00f6z\u00f6tt is el\u0151fordulhatnak olyanok, amelyek a felhaszn\u00e1l\u00f3k szem\u00e9lyes adatait pr\u00f3b\u00e1lj\u00e1k megszerezni. Ilyenkor k\u00fcl\u00f6n\u00f6sen sokat sz\u00e1m\u00edt a megb\u00edzhat\u00f3 mobilkapcsolat \u00e9s az, hogy a k\u00e9sz\u00fcl\u00e9k ne legyen t\u00falmelegedve.<\/p>\n<h3><strong>Az AI-funkci\u00f3k terhel\u00e9se<\/strong><\/h3>\n<p>A leg\u00fajabb okostelefonokon m\u00e1r megszokott\u00e1 v\u00e1lt az \u00fagynevezett on-device, magyarul fed\u00e9lzeti mesters\u00e9ges intelligencia \u00e9s a g\u00e9pi tanul\u00e1son alapul\u00f3 k\u00e9pszerkeszt\u00e9si, valamint val\u00f3s idej\u0171 ford\u00edt\u00e1si funkci\u00f3k haszn\u00e1lata. Mivel ezek a folyamatok a processzor \u00e9s a grafikus egys\u00e9g er\u0151forr\u00e1sait ig\u00e9nylik, a forr\u00f3 ny\u00e1ri napokon a helyi AI-alap\u00fa szerkeszt\u00e9s vagy az offline asszisztensek haszn\u00e1lata extra h\u0151t termelhet, \u00edgy ezeket a funkci\u00f3kat is \u00e9rdemes limit\u00e1lni a legmelegebb \u00f3r\u00e1kban.<\/p>\n<h3><strong>Hogy a ny\u00e1ri eml\u00e9kek biztosan megmaradjanak<\/strong><\/h3>\n<p>A ny\u00e1r meg\u00f6r\u00f6k\u00edtett pillanatait ma m\u00e1r nagyr\u00e9szt a telefonunkon t\u00e1roljuk, \u00e9ppen ez\u00e9rt k\u00fcl\u00f6n\u00f6sen fontos, hogy a k\u00e9sz\u00fcl\u00e9k\u00fcnk is biztons\u00e1gban legyen. Egy v\u00e1ratlan meghib\u00e1sod\u00e1s b\u00e1rmikor kereszt\u00fclh\u00fazhatja a ny\u00e1ri pihen\u00e9st, \u00e9s ezt ak\u00e1r a meleg id\u0151j\u00e1r\u00e1s, vagy be\u00e1z\u00e1s, t\u00f6r\u00e9s is okozhatja, ez\u00e9rt \u00e9rdemes biztos\u00edt\u00e1st k\u00f6tni. A Yetteln\u00e9l \u00faj \u00e9s fel\u00faj\u00edtott mobiltelefonokra egyar\u00e1nt el\u00e9rhet\u0151 <span style=\"text-decoration: underline; color: #0000ff;\"><a style=\"color: #0000ff; text-decoration: underline;\" href=\"https:\/\/www.yettel.hu\/keszulekbiztositas\" target=\"_blank\" rel=\"noopener\">k\u00e9sz\u00fcl\u00e9kbiztos\u00edt\u00e1s<\/a><\/span>, r\u00e1ad\u00e1sul t\u00f6bbf\u00e9le csomag k\u00f6z\u00fcl is lehet v\u00e1lasztani, \u00edgy mindenki megtal\u00e1lhatja a sz\u00e1m\u00e1ra megfelel\u0151 megold\u00e1st.<\/p>\n<h3><strong>Egy apr\u00f3 be\u00e1ll\u00edt\u00e1s sok bossz\u00fas\u00e1gt\u00f3l megk\u00edm\u00e9lhet<\/strong><\/h3>\n<p>Utaz\u00e1s el\u0151tt \u00e9rdemes friss\u00edteni az alkalmaz\u00e1sokat m\u00e9g otthon, megb\u00edzhat\u00f3 internetkapcsolaton. \u00cdgy kisebb az es\u00e9lye annak, hogy a telefon a legrosszabb pillanatban kezdjen nagym\u00e9ret\u0171 friss\u00edt\u00e9sek let\u00f6lt\u00e9s\u00e9be, amikor \u00e9ppen navig\u00e1ln\u00e1nk vagy vide\u00f3h\u00edv\u00e1st ind\u00edtan\u00e1nk, r\u00e1ad\u00e1sul az automatikus friss\u00edt\u00e9s a rekordmelegben m\u00e9g tov\u00e1bb tarthat. Az is hasznos, ha a ritk\u00e1n haszn\u00e1lt alkalmaz\u00e1sok automatikus h\u00e1tt\u00e9rfriss\u00edt\u00e9s\u00e9t kikapcsoljuk, mert ezzel egyszerre cs\u00f6kkenthet\u0151 az adatforgalom, az energiafogyaszt\u00e1s \u00e9s a k\u00e9sz\u00fcl\u00e9k terhel\u00e9se is.<\/p>\n","protected":false},"excerpt":{"rendered":"<p>A rekordokat d\u00f6nt\u0151 h\u0151s\u00e9gben a legt\u00f6bben m\u00e9g mindig csak arra figyelnek, hogy ne hagyj\u00e1k a telefont a t\u0171z\u0151 napon, de j\u00f3val kevesebben tudj\u00e1k, hogy egy vastag telefontok vagy ak\u00e1r a vezet\u00e9k n\u00e9lk\u00fcli t\u00f6lt\u00e9s is hozz\u00e1j\u00e1rulhat a k\u00e9sz\u00fcl\u00e9k t\u00falmeleged\u00e9s\u00e9hez. A Yettel \u00f6sszegy\u0171jt\u00f6tt n\u00e9h\u00e1ny kev\u00e9sb\u00e9 ismert, m\u00e9gis hasznos tippet, hogy a ny\u00e1ri kikapcsol\u00f3d\u00e1s alatt a mobilunk is<\/p>\n","protected":false},"author":1,"featured_media":82383,"comment_status":"closed","ping_status":"closed","sticky":false,"template":"","format":"standard","meta":{"ngg_post_thumbnail":0,"footnotes":""},"categories":[3,6948],"tags":[1173,3204,988],"class_list":["post-82382","post","type-post","status-publish","format-standard","has-post-thumbnail","category-hirek","category-szines","tag-hoseg","tag-mobiltelefon","tag-telefon"],"yoast_head":"<!-- This site is optimized with the Yoast SEO plugin v28.3 - https:\/\/yoast.com\/product\/yoast-seo-wordpress\/ -->\n<title>Ak\u00e1r a telefonunk is \u201eh\u0151gut\u00e1t kaphat\u201d a ny\u00e1ri h\u0151s\u00e9gben - \u00cdgy v\u00e9dj\u00fck a k\u00e9sz\u00fcl\u00e9ket a k\u00e1nikul\u00e1t\u00f3l<\/title>\n<meta name=\"robots\" content=\"index, follow, max-snippet:-1, max-image-preview:large, max-video-preview:-1\" \/>\n<link rel=\"canonical\" href=\"https:\/\/dorogimedence.hu\/index.php\/2026\/07\/30\/akar-a-telefonunk-is-hogutat-kaphat-a-nyari-hosegben-igy-vedjuk-a-keszuleket-a-kanikulatol\/\" class=\"yoast-seo-meta-tag\" \/>\n<meta property=\"og:locale\" content=\"hu_HU\" class=\"yoast-seo-meta-tag\" \/>\n<meta property=\"og:type\" content=\"article\" class=\"yoast-seo-meta-tag\" \/>\n<meta property=\"og:title\" content=\"Ak\u00e1r a telefonunk is \u201eh\u0151gut\u00e1t kaphat\u201d a ny\u00e1ri h\u0151s\u00e9gben - \u00cdgy v\u00e9dj\u00fck a k\u00e9sz\u00fcl\u00e9ket a k\u00e1nikul\u00e1t\u00f3l\" class=\"yoast-seo-meta-tag\" \/>\n<meta property=\"og:description\" content=\"A rekordokat d\u00f6nt\u0151 h\u0151s\u00e9gben a legt\u00f6bben m\u00e9g mindig csak arra figyelnek, hogy ne hagyj\u00e1k a telefont a t\u0171z\u0151 napon, de j\u00f3val kevesebben tudj\u00e1k, hogy egy vastag telefontok vagy ak\u00e1r a vezet\u00e9k n\u00e9lk\u00fcli t\u00f6lt\u00e9s is hozz\u00e1j\u00e1rulhat a k\u00e9sz\u00fcl\u00e9k t\u00falmeleged\u00e9s\u00e9hez. A Yettel \u00f6sszegy\u0171jt\u00f6tt n\u00e9h\u00e1ny kev\u00e9sb\u00e9 ismert, m\u00e9gis hasznos tippet, hogy a ny\u00e1ri kikapcsol\u00f3d\u00e1s alatt a mobilunk is\" class=\"yoast-seo-meta-tag\" \/>\n<meta property=\"og:url\" content=\"https:\/\/dorogimedence.hu\/index.php\/2026\/07\/30\/akar-a-telefonunk-is-hogutat-kaphat-a-nyari-hosegben-igy-vedjuk-a-keszuleket-a-kanikulatol\/\" class=\"yoast-seo-meta-tag\" \/>\n<meta property=\"og:site_name\" content=\"Dorogi-medence Region\u00e1lis H\u00edrport\u00e1l\" class=\"yoast-seo-meta-tag\" \/>\n<meta property=\"article:publisher\" content=\"https:\/\/www.facebook.com\/dorogimedence\/\" class=\"yoast-seo-meta-tag\" \/>\n<meta property=\"article:published_time\" content=\"2026-07-30T05:11:25+00:00\" class=\"yoast-seo-meta-tag\" \/>\n<meta property=\"og:image\" content=\"https:\/\/dorogimedence.hu\/wp-content\/uploads\/2026\/07\/Yettel_0729.jpg\" class=\"yoast-seo-meta-tag\" \/>\n\t<meta property=\"og:image:width\" content=\"1000\" class=\"yoast-seo-meta-tag\" \/>\n\t<meta property=\"og:image:height\" content=\"665\" class=\"yoast-seo-meta-tag\" \/>\n\t<meta property=\"og:image:type\" content=\"image\/jpeg\" class=\"yoast-seo-meta-tag\" \/>\n<meta name=\"author\" content=\"dorogimedence.hu\" class=\"yoast-seo-meta-tag\" \/>\n<meta name=\"twitter:card\" content=\"summary_large_image\" class=\"yoast-seo-meta-tag\" \/>\n<meta name=\"twitter:label1\" content=\"Szerz\u0151:\" class=\"yoast-seo-meta-tag\" \/>\n\t<meta name=\"twitter:data1\" content=\"dorogimedence.hu\" class=\"yoast-seo-meta-tag\" \/>\n\t<meta name=\"twitter:label2\" content=\"Becs\u00fclt olvas\u00e1si id\u0151\" class=\"yoast-seo-meta-tag\" \/>\n\t<meta name=\"twitter:data2\" content=\"5 perc\" class=\"yoast-seo-meta-tag\" \/>\n<script type=\"application\/ld+json\" class=\"yoast-schema-graph\">{\"@context\":\"https:\\\/\\\/schema.org\",\"@graph\":[{\"@type\":\"Article\",\"@id\":\"https:\\\/\\\/dorogimedence.hu\\\/index.php\\\/2026\\\/07\\\/30\\\/akar-a-telefonunk-is-hogutat-kaphat-a-nyari-hosegben-igy-vedjuk-a-keszuleket-a-kanikulatol\\\/#article\",\"isPartOf\":{\"@id\":\"https:\\\/\\\/dorogimedence.hu\\\/index.php\\\/2026\\\/07\\\/30\\\/akar-a-telefonunk-is-hogutat-kaphat-a-nyari-hosegben-igy-vedjuk-a-keszuleket-a-kanikulatol\\\/\"},\"author\":{\"name\":\"dorogimedence.hu\",\"@id\":\"https:\\\/\\\/dorogimedence.hu\\\/#\\\/schema\\\/person\\\/ce6091eeb7e95ecdc87890d6aa8e0fd4\"},\"headline\":\"Ak\u00e1r a telefonunk is \u201eh\u0151gut\u00e1t kaphat\u201d a ny\u00e1ri h\u0151s\u00e9gben &#8211; \u00cdgy v\u00e9dj\u00fck a k\u00e9sz\u00fcl\u00e9ket a k\u00e1nikul\u00e1t\u00f3l\",\"datePublished\":\"2026-07-30T05:11:25+00:00\",\"mainEntityOfPage\":{\"@id\":\"https:\\\/\\\/dorogimedence.hu\\\/index.php\\\/2026\\\/07\\\/30\\\/akar-a-telefonunk-is-hogutat-kaphat-a-nyari-hosegben-igy-vedjuk-a-keszuleket-a-kanikulatol\\\/\"},\"wordCount\":1052,\"publisher\":{\"@id\":\"https:\\\/\\\/dorogimedence.hu\\\/#organization\"},\"image\":{\"@id\":\"https:\\\/\\\/dorogimedence.hu\\\/index.php\\\/2026\\\/07\\\/30\\\/akar-a-telefonunk-is-hogutat-kaphat-a-nyari-hosegben-igy-vedjuk-a-keszuleket-a-kanikulatol\\\/#primaryimage\"},\"thumbnailUrl\":\"https:\\\/\\\/dorogimedence.hu\\\/wp-content\\\/uploads\\\/2026\\\/07\\\/Yettel_0729.jpg\",\"keywords\":[\"h\u0151s\u00e9g\",\"mobiltelefon\",\"telefon\"],\"articleSection\":[\"H\u00edrek\",\"Sz\u00ednes\"],\"inLanguage\":\"hu\"},{\"@type\":\"WebPage\",\"@id\":\"https:\\\/\\\/dorogimedence.hu\\\/index.php\\\/2026\\\/07\\\/30\\\/akar-a-telefonunk-is-hogutat-kaphat-a-nyari-hosegben-igy-vedjuk-a-keszuleket-a-kanikulatol\\\/\",\"url\":\"https:\\\/\\\/dorogimedence.hu\\\/index.php\\\/2026\\\/07\\\/30\\\/akar-a-telefonunk-is-hogutat-kaphat-a-nyari-hosegben-igy-vedjuk-a-keszuleket-a-kanikulatol\\\/\",\"name\":\"Ak\u00e1r a telefonunk is \u201eh\u0151gut\u00e1t kaphat\u201d a ny\u00e1ri h\u0151s\u00e9gben - \u00cdgy v\u00e9dj\u00fck a k\u00e9sz\u00fcl\u00e9ket a k\u00e1nikul\u00e1t\u00f3l\",\"isPartOf\":{\"@id\":\"https:\\\/\\\/dorogimedence.hu\\\/#website\"},\"primaryImageOfPage\":{\"@id\":\"https:\\\/\\\/dorogimedence.hu\\\/index.php\\\/2026\\\/07\\\/30\\\/akar-a-telefonunk-is-hogutat-kaphat-a-nyari-hosegben-igy-vedjuk-a-keszuleket-a-kanikulatol\\\/#primaryimage\"},\"image\":{\"@id\":\"https:\\\/\\\/dorogimedence.hu\\\/index.php\\\/2026\\\/07\\\/30\\\/akar-a-telefonunk-is-hogutat-kaphat-a-nyari-hosegben-igy-vedjuk-a-keszuleket-a-kanikulatol\\\/#primaryimage\"},\"thumbnailUrl\":\"https:\\\/\\\/dorogimedence.hu\\\/wp-content\\\/uploads\\\/2026\\\/07\\\/Yettel_0729.jpg\",\"datePublished\":\"2026-07-30T05:11:25+00:00\",\"breadcrumb\":{\"@id\":\"https:\\\/\\\/dorogimedence.hu\\\/index.php\\\/2026\\\/07\\\/30\\\/akar-a-telefonunk-is-hogutat-kaphat-a-nyari-hosegben-igy-vedjuk-a-keszuleket-a-kanikulatol\\\/#breadcrumb\"},\"inLanguage\":\"hu\",\"potentialAction\":[{\"@type\":\"ReadAction\",\"target\":[\"https:\\\/\\\/dorogimedence.hu\\\/index.php\\\/2026\\\/07\\\/30\\\/akar-a-telefonunk-is-hogutat-kaphat-a-nyari-hosegben-igy-vedjuk-a-keszuleket-a-kanikulatol\\\/\"]}]},{\"@type\":\"ImageObject\",\"inLanguage\":\"hu\",\"@id\":\"https:\\\/\\\/dorogimedence.hu\\\/index.php\\\/2026\\\/07\\\/30\\\/akar-a-telefonunk-is-hogutat-kaphat-a-nyari-hosegben-igy-vedjuk-a-keszuleket-a-kanikulatol\\\/#primaryimage\",\"url\":\"https:\\\/\\\/dorogimedence.hu\\\/wp-content\\\/uploads\\\/2026\\\/07\\\/Yettel_0729.jpg\",\"contentUrl\":\"https:\\\/\\\/dorogimedence.hu\\\/wp-content\\\/uploads\\\/2026\\\/07\\\/Yettel_0729.jpg\",\"width\":1000,\"height\":665},{\"@type\":\"BreadcrumbList\",\"@id\":\"https:\\\/\\\/dorogimedence.hu\\\/index.php\\\/2026\\\/07\\\/30\\\/akar-a-telefonunk-is-hogutat-kaphat-a-nyari-hosegben-igy-vedjuk-a-keszuleket-a-kanikulatol\\\/#breadcrumb\",\"itemListElement\":[{\"@type\":\"ListItem\",\"position\":1,\"name\":\"Kezd\u0151lap\",\"item\":\"https:\\\/\\\/dorogimedence.hu\\\/\"},{\"@type\":\"ListItem\",\"position\":2,\"name\":\"Ak\u00e1r a telefonunk is \u201eh\u0151gut\u00e1t kaphat\u201d a ny\u00e1ri h\u0151s\u00e9gben &#8211; \u00cdgy v\u00e9dj\u00fck a k\u00e9sz\u00fcl\u00e9ket a k\u00e1nikul\u00e1t\u00f3l\"}]},{\"@type\":\"WebSite\",\"@id\":\"https:\\\/\\\/dorogimedence.hu\\\/#website\",\"url\":\"https:\\\/\\\/dorogimedence.hu\\\/\",\"name\":\"Dorogi-medence Region\u00e1lis H\u00edrport\u00e1l\",\"description\":\"Dorog, Keszt\u00f6lc, Le\u00e1nyv\u00e1r, Piliscs\u00e9v, Tokod, Tokodalt\u00e1r\u00f3, Csolnok, Esztergom-kertv\u00e1ros: h\u00edrek, programok\",\"publisher\":{\"@id\":\"https:\\\/\\\/dorogimedence.hu\\\/#organization\"},\"potentialAction\":[{\"@type\":\"SearchAction\",\"target\":{\"@type\":\"EntryPoint\",\"urlTemplate\":\"https:\\\/\\\/dorogimedence.hu\\\/?s={search_term_string}\"},\"query-input\":{\"@type\":\"PropertyValueSpecification\",\"valueRequired\":true,\"valueName\":\"search_term_string\"}}],\"inLanguage\":\"hu\"},{\"@type\":\"Organization\",\"@id\":\"https:\\\/\\\/dorogimedence.hu\\\/#organization\",\"name\":\"Dorogi-medence Region\u00e1lis H\u00edrport\u00e1l\",\"url\":\"https:\\\/\\\/dorogimedence.hu\\\/\",\"logo\":{\"@type\":\"ImageObject\",\"inLanguage\":\"hu\",\"@id\":\"https:\\\/\\\/dorogimedence.hu\\\/#\\\/schema\\\/logo\\\/image\\\/\",\"url\":\"https:\\\/\\\/dorogimedence.hu\\\/wp-content\\\/uploads\\\/2021\\\/04\\\/logo-feher-600.png\",\"contentUrl\":\"https:\\\/\\\/dorogimedence.hu\\\/wp-content\\\/uploads\\\/2021\\\/04\\\/logo-feher-600.png\",\"width\":600,\"height\":100,\"caption\":\"Dorogi-medence Region\u00e1lis H\u00edrport\u00e1l\"},\"image\":{\"@id\":\"https:\\\/\\\/dorogimedence.hu\\\/#\\\/schema\\\/logo\\\/image\\\/\"},\"sameAs\":[\"https:\\\/\\\/www.facebook.com\\\/dorogimedence\\\/\"]},{\"@type\":\"Person\",\"@id\":\"https:\\\/\\\/dorogimedence.hu\\\/#\\\/schema\\\/person\\\/ce6091eeb7e95ecdc87890d6aa8e0fd4\",\"name\":\"dorogimedence.hu\",\"image\":{\"@type\":\"ImageObject\",\"inLanguage\":\"hu\",\"@id\":\"\\\/\\\/www.gravatar.com\\\/avatar\\\/d8d45f8901aadff40a4af72c0b826f1d?s=96&#038;r=g&#038;d=mm\",\"url\":\"\\\/\\\/www.gravatar.com\\\/avatar\\\/d8d45f8901aadff40a4af72c0b826f1d?s=96&#038;r=g&#038;d=mm\",\"contentUrl\":\"\\\/\\\/www.gravatar.com\\\/avatar\\\/d8d45f8901aadff40a4af72c0b826f1d?s=96&#038;r=g&#038;d=mm\",\"caption\":\"dorogimedence.hu\"}}]}<\/script>\n<!-- \/ Yoast SEO plugin. -->","yoast_head_json":{"title":"Ak\u00e1r a telefonunk is \u201eh\u0151gut\u00e1t kaphat\u201d a ny\u00e1ri h\u0151s\u00e9gben - \u00cdgy v\u00e9dj\u00fck a k\u00e9sz\u00fcl\u00e9ket a k\u00e1nikul\u00e1t\u00f3l","robots":{"index":"index","follow":"follow","max-snippet":"max-snippet:-1","max-image-preview":"max-image-preview:large","max-video-preview":"max-video-preview:-1"},"canonical":"https:\/\/dorogimedence.hu\/index.php\/2026\/07\/30\/akar-a-telefonunk-is-hogutat-kaphat-a-nyari-hosegben-igy-vedjuk-a-keszuleket-a-kanikulatol\/","og_locale":"hu_HU","og_type":"article","og_title":"Ak\u00e1r a telefonunk is \u201eh\u0151gut\u00e1t kaphat\u201d a ny\u00e1ri h\u0151s\u00e9gben - \u00cdgy v\u00e9dj\u00fck a k\u00e9sz\u00fcl\u00e9ket a k\u00e1nikul\u00e1t\u00f3l","og_description":"A rekordokat d\u00f6nt\u0151 h\u0151s\u00e9gben a legt\u00f6bben m\u00e9g mindig csak arra figyelnek, hogy ne hagyj\u00e1k a telefont a t\u0171z\u0151 napon, de j\u00f3val kevesebben tudj\u00e1k, hogy egy vastag telefontok vagy ak\u00e1r a vezet\u00e9k n\u00e9lk\u00fcli t\u00f6lt\u00e9s is hozz\u00e1j\u00e1rulhat a k\u00e9sz\u00fcl\u00e9k t\u00falmeleged\u00e9s\u00e9hez. A Yettel \u00f6sszegy\u0171jt\u00f6tt n\u00e9h\u00e1ny kev\u00e9sb\u00e9 ismert, m\u00e9gis hasznos tippet, hogy a ny\u00e1ri kikapcsol\u00f3d\u00e1s alatt a mobilunk is","og_url":"https:\/\/dorogimedence.hu\/index.php\/2026\/07\/30\/akar-a-telefonunk-is-hogutat-kaphat-a-nyari-hosegben-igy-vedjuk-a-keszuleket-a-kanikulatol\/","og_site_name":"Dorogi-medence Region\u00e1lis H\u00edrport\u00e1l","article_publisher":"https:\/\/www.facebook.com\/dorogimedence\/","article_published_time":"2026-07-30T05:11:25+00:00","og_image":[{"width":1000,"height":665,"url":"https:\/\/dorogimedence.hu\/wp-content\/uploads\/2026\/07\/Yettel_0729.jpg","type":"image\/jpeg"}],"author":"dorogimedence.hu","twitter_card":"summary_large_image","twitter_misc":{"Szerz\u0151:":"dorogimedence.hu","Becs\u00fclt olvas\u00e1si id\u0151":"5 perc"},"schema":{"@context":"https:\/\/schema.org","@graph":[{"@type":"Article","@id":"https:\/\/dorogimedence.hu\/index.php\/2026\/07\/30\/akar-a-telefonunk-is-hogutat-kaphat-a-nyari-hosegben-igy-vedjuk-a-keszuleket-a-kanikulatol\/#article","isPartOf":{"@id":"https:\/\/dorogimedence.hu\/index.php\/2026\/07\/30\/akar-a-telefonunk-is-hogutat-kaphat-a-nyari-hosegben-igy-vedjuk-a-keszuleket-a-kanikulatol\/"},"author":{"name":"dorogimedence.hu","@id":"https:\/\/dorogimedence.hu\/#\/schema\/person\/ce6091eeb7e95ecdc87890d6aa8e0fd4"},"headline":"Ak\u00e1r a telefonunk is \u201eh\u0151gut\u00e1t kaphat\u201d a ny\u00e1ri h\u0151s\u00e9gben &#8211; \u00cdgy v\u00e9dj\u00fck a k\u00e9sz\u00fcl\u00e9ket a k\u00e1nikul\u00e1t\u00f3l","datePublished":"2026-07-30T05:11:25+00:00","mainEntityOfPage":{"@id":"https:\/\/dorogimedence.hu\/index.php\/2026\/07\/30\/akar-a-telefonunk-is-hogutat-kaphat-a-nyari-hosegben-igy-vedjuk-a-keszuleket-a-kanikulatol\/"},"wordCount":1052,"publisher":{"@id":"https:\/\/dorogimedence.hu\/#organization"},"image":{"@id":"https:\/\/dorogimedence.hu\/index.php\/2026\/07\/30\/akar-a-telefonunk-is-hogutat-kaphat-a-nyari-hosegben-igy-vedjuk-a-keszuleket-a-kanikulatol\/#primaryimage"},"thumbnailUrl":"https:\/\/dorogimedence.hu\/wp-content\/uploads\/2026\/07\/Yettel_0729.jpg","keywords":["h\u0151s\u00e9g","mobiltelefon","telefon"],"articleSection":["H\u00edrek","Sz\u00ednes"],"inLanguage":"hu"},{"@type":"WebPage","@id":"https:\/\/dorogimedence.hu\/index.php\/2026\/07\/30\/akar-a-telefonunk-is-hogutat-kaphat-a-nyari-hosegben-igy-vedjuk-a-keszuleket-a-kanikulatol\/","url":"https:\/\/dorogimedence.hu\/index.php\/2026\/07\/30\/akar-a-telefonunk-is-hogutat-kaphat-a-nyari-hosegben-igy-vedjuk-a-keszuleket-a-kanikulatol\/","name":"Ak\u00e1r a telefonunk is \u201eh\u0151gut\u00e1t kaphat\u201d a ny\u00e1ri h\u0151s\u00e9gben - \u00cdgy v\u00e9dj\u00fck a k\u00e9sz\u00fcl\u00e9ket a k\u00e1nikul\u00e1t\u00f3l","isPartOf":{"@id":"https:\/\/dorogimedence.hu\/#website"},"primaryImageOfPage":{"@id":"https:\/\/dorogimedence.hu\/index.php\/2026\/07\/30\/akar-a-telefonunk-is-hogutat-kaphat-a-nyari-hosegben-igy-vedjuk-a-keszuleket-a-kanikulatol\/#primaryimage"},"image":{"@id":"https:\/\/dorogimedence.hu\/index.php\/2026\/07\/30\/akar-a-telefonunk-is-hogutat-kaphat-a-nyari-hosegben-igy-vedjuk-a-keszuleket-a-kanikulatol\/#primaryimage"},"thumbnailUrl":"https:\/\/dorogimedence.hu\/wp-content\/uploads\/2026\/07\/Yettel_0729.jpg","datePublished":"2026-07-30T05:11:25+00:00","breadcrumb":{"@id":"https:\/\/dorogimedence.hu\/index.php\/2026\/07\/30\/akar-a-telefonunk-is-hogutat-kaphat-a-nyari-hosegben-igy-vedjuk-a-keszuleket-a-kanikulatol\/#breadcrumb"},"inLanguage":"hu","potentialAction":[{"@type":"ReadAction","target":["https:\/\/dorogimedence.hu\/index.php\/2026\/07\/30\/akar-a-telefonunk-is-hogutat-kaphat-a-nyari-hosegben-igy-vedjuk-a-keszuleket-a-kanikulatol\/"]}]},{"@type":"ImageObject","inLanguage":"hu","@id":"https:\/\/dorogimedence.hu\/index.php\/2026\/07\/30\/akar-a-telefonunk-is-hogutat-kaphat-a-nyari-hosegben-igy-vedjuk-a-keszuleket-a-kanikulatol\/#primaryimage","url":"https:\/\/dorogimedence.hu\/wp-content\/uploads\/2026\/07\/Yettel_0729.jpg","contentUrl":"https:\/\/dorogimedence.hu\/wp-content\/uploads\/2026\/07\/Yettel_0729.jpg","width":1000,"height":665},{"@type":"BreadcrumbList","@id":"https:\/\/dorogimedence.hu\/index.php\/2026\/07\/30\/akar-a-telefonunk-is-hogutat-kaphat-a-nyari-hosegben-igy-vedjuk-a-keszuleket-a-kanikulatol\/#breadcrumb","itemListElement":[{"@type":"ListItem","position":1,"name":"Kezd\u0151lap","item":"https:\/\/dorogimedence.hu\/"},{"@type":"ListItem","position":2,"name":"Ak\u00e1r a telefonunk is \u201eh\u0151gut\u00e1t kaphat\u201d a ny\u00e1ri h\u0151s\u00e9gben &#8211; \u00cdgy v\u00e9dj\u00fck a k\u00e9sz\u00fcl\u00e9ket a k\u00e1nikul\u00e1t\u00f3l"}]},{"@type":"WebSite","@id":"https:\/\/dorogimedence.hu\/#website","url":"https:\/\/dorogimedence.hu\/","name":"Dorogi-medence Region\u00e1lis H\u00edrport\u00e1l","description":"Dorog, Keszt\u00f6lc, Le\u00e1nyv\u00e1r, Piliscs\u00e9v, Tokod, Tokodalt\u00e1r\u00f3, Csolnok, Esztergom-kertv\u00e1ros: h\u00edrek, programok","publisher":{"@id":"https:\/\/dorogimedence.hu\/#organization"},"potentialAction":[{"@type":"SearchAction","target":{"@type":"EntryPoint","urlTemplate":"https:\/\/dorogimedence.hu\/?s={search_term_string}"},"query-input":{"@type":"PropertyValueSpecification","valueRequired":true,"valueName":"search_term_string"}}],"inLanguage":"hu"},{"@type":"Organization","@id":"https:\/\/dorogimedence.hu\/#organization","name":"Dorogi-medence Region\u00e1lis H\u00edrport\u00e1l","url":"https:\/\/dorogimedence.hu\/","logo":{"@type":"ImageObject","inLanguage":"hu","@id":"https:\/\/dorogimedence.hu\/#\/schema\/logo\/image\/","url":"https:\/\/dorogimedence.hu\/wp-content\/uploads\/2021\/04\/logo-feher-600.png","contentUrl":"https:\/\/dorogimedence.hu\/wp-content\/uploads\/2021\/04\/logo-feher-600.png","width":600,"height":100,"caption":"Dorogi-medence Region\u00e1lis H\u00edrport\u00e1l"},"image":{"@id":"https:\/\/dorogimedence.hu\/#\/schema\/logo\/image\/"},"sameAs":["https:\/\/www.facebook.com\/dorogimedence\/"]},{"@type":"Person","@id":"https:\/\/dorogimedence.hu\/#\/schema\/person\/ce6091eeb7e95ecdc87890d6aa8e0fd4","name":"dorogimedence.hu","image":{"@type":"ImageObject","inLanguage":"hu","@id":"\/\/www.gravatar.com\/avatar\/d8d45f8901aadff40a4af72c0b826f1d?s=96&#038;r=g&#038;d=mm","url":"\/\/www.gravatar.com\/avatar\/d8d45f8901aadff40a4af72c0b826f1d?s=96&#038;r=g&#038;d=mm","contentUrl":"\/\/www.gravatar.com\/avatar\/d8d45f8901aadff40a4af72c0b826f1d?s=96&#038;r=g&#038;d=mm","caption":"dorogimedence.hu"}}]}},"_links":{"self":[{"href":"https:\/\/dorogimedence.hu\/index.php\/wp-json\/wp\/v2\/posts\/82382","targetHints":{"allow":["GET"]}}],"collection":[{"href":"https:\/\/dorogimedence.hu\/index.php\/wp-json\/wp\/v2\/posts"}],"about":[{"href":"https:\/\/dorogimedence.hu\/index.php\/wp-json\/wp\/v2\/types\/post"}],"author":[{"embeddable":true,"href":"https:\/\/dorogimedence.hu\/index.php\/wp-json\/wp\/v2\/users\/1"}],"replies":[{"embeddable":true,"href":"https:\/\/dorogimedence.hu\/index.php\/wp-json\/wp\/v2\/comments?post=82382"}],"version-history":[{"count":1,"href":"https:\/\/dorogimedence.hu\/index.php\/wp-json\/wp\/v2\/posts\/82382\/revisions"}],"predecessor-version":[{"id":82384,"href":"https:\/\/dorogimedence.hu\/index.php\/wp-json\/wp\/v2\/posts\/82382\/revisions\/82384"}],"wp:featuredmedia":[{"embeddable":true,"href":"https:\/\/dorogimedence.hu\/index.php\/wp-json\/wp\/v2\/media\/82383"}],"wp:attachment":[{"href":"https:\/\/dorogimedence.hu\/index.php\/wp-json\/wp\/v2\/media?parent=82382"}],"wp:term":[{"taxonomy":"category","embeddable":true,"href":"https:\/\/dorogimedence.hu\/index.php\/wp-json\/wp\/v2\/categories?post=82382"},{"taxonomy":"post_tag","embeddable":true,"href":"https:\/\/dorogimedence.hu\/index.php\/wp-json\/wp\/v2\/tags?post=82382"}],"curies":[{"name":"wp","href":"https:\/\/api.w.org\/{rel}","templated":true}]}}