{"id":82329,"date":"2026-08-03T07:44:03","date_gmt":"2026-08-03T05:44:03","guid":{"rendered":"https:\/\/dorogimedence.hu\/?p=82329"},"modified":"2026-08-03T17:40:21","modified_gmt":"2026-08-03T15:40:21","slug":"55-eve-tortent-ilku-istvan-bucsumerkozese-olasz-csapat-elleni-nemzetkozi-talalkozon","status":"publish","type":"post","link":"https:\/\/dorogimedence.hu\/index.php\/2026\/08\/03\/55-eve-tortent-ilku-istvan-bucsumerkozese-olasz-csapat-elleni-nemzetkozi-talalkozon\/","title":{"rendered":"55 \u00e9ve t\u00f6rt\u00e9nt: Ilku Istv\u00e1n b\u00facs\u00fam\u00e9rk\u0151z\u00e9se olasz csapat elleni nemzetk\u00f6zi tal\u00e1lkoz\u00f3n"},"content":{"rendered":"<p class=\"PDq2pG_selectionAnchorContainer\" style=\"text-align: justify;\" data-start=\"429\" data-end=\"936\"><em><strong data-start=\"429\" data-end=\"936\">1971 nyar\u00e1n egym\u00e1st k\u00f6vett\u00e9k a Dorogi B\u00e1ny\u00e1sz t\u00f6rt\u00e9net\u00e9nek eml\u00e9kezetes esem\u00e9nyei. A lengyelorsz\u00e1gi stadionavat\u00f3t k\u00f6vet\u0151en alig n\u00e9h\u00e1ny nappal \u00fajabb k\u00fcl\u00f6nleges m\u00e9rk\u0151z\u00e9sre ker\u00fclt sor. Ez\u00fattal azonban nem csup\u00e1n egy rangos nemzetk\u00f6zi tal\u00e1lkoz\u00f3 \u00e1llt a k\u00f6z\u00e9ppontban, hanem egy korszak lez\u00e1r\u00e1sa is: a klub \u00e9s a magyar labdar\u00fag\u00e1s egyik legnagyobb kapusa, Ilku Istv\u00e1n b\u00facs\u00fazott az akt\u00edv j\u00e1t\u00e9kt\u00f3l. A m\u00e9lt\u00f3 ellenf\u00e9l szerep\u00e9t az olasz AC Reggiana v\u00e1llalta, amely jelenl\u00e9t\u00e9vel tov\u00e1bb emelte az \u00fcnnepi alkalom rangj\u00e1t <\/strong>(Az \u00f6t \u00e9vvel ezel\u0151tti cikkem friss\u00edtett, b\u0151v\u00edtett v\u00e1ltozata)<strong data-start=\"429\" data-end=\"936\">.<\/strong><\/em><\/p>\n<p style=\"text-align: justify;\" data-start=\"938\" data-end=\"1641\">K\u00f6zel h\u00fasz\u00e9ves akt\u00edv p\u00e1lyafut\u00e1s\u00e1t k\u00f6vet\u0151en, 1971. augusztus 3-\u00e1n nemzetk\u00f6zi m\u00e9rk\u0151z\u00e9s keret\u00e9ben b\u00facs\u00faztatt\u00e1k minden id\u0151k egyik legnagyszer\u0171bb dorogi labdar\u00fag\u00f3j\u00e1t, Ilku Istv\u00e1nt. A legend\u00e1s kapus teljes j\u00e1t\u00e9kosp\u00e1lyafut\u00e1s\u00e1t a Dorogi B\u00e1ny\u00e1sz sz\u00edneiben t\u00f6lt\u00f6tte, hossz\u00fa \u00e9veken \u00e1t csapatkapit\u00e1nyk\u00e9nt ir\u00e1ny\u00edtotta egy\u00fcttes\u00e9t, mik\u00f6zben a magyar v\u00e1logatottban is maradand\u00f3t alkotott. Grosics Gyula m\u00f6g\u00f6tt \u00e9vekig a nemzeti egy\u00fcttes m\u00e1sodik sz\u00e1m\u00fa kapus\u00e1nak sz\u00e1m\u00edtott, k\u00e9t vil\u00e1gbajnoks\u00e1gon is szerepelt, \u00e9s a korszak legkiv\u00e1l\u00f3bb magyar labdar\u00fag\u00f3ival egy\u00fctt szolg\u00e1lta a v\u00e1logatottat. Nem v\u00e9letlen, hogy a dorogi \u00e9s a magyar futballbar\u00e1tok szem\u00e9ben egyar\u00e1nt a korszak legelismertebb h\u00e1l\u00f3\u0151rei k\u00f6z\u00e9 tartozott.<\/p>\n<p style=\"text-align: justify;\" data-start=\"1643\" data-end=\"2082\">A korabeli szurkol\u00f3k \u00e9s j\u00e1t\u00e9kost\u00e1rsak egyszer\u0171en csak <em>\u201eKapit\u00e1nynak\u201d<\/em> sz\u00f3l\u00edtott\u00e1k. Ez a megsz\u00f3l\u00edt\u00e1s nem csup\u00e1n a csapatkapit\u00e1nyi karszalagnak sz\u00f3lt, hanem annak a tekint\u00e9lynek, amelyet sportszer\u0171s\u00e9g\u00e9vel, embers\u00e9g\u00e9vel \u00e9s p\u00e9ldamutat\u00f3 hozz\u00e1\u00e1ll\u00e1s\u00e1val v\u00edvott ki mag\u00e1nak. A p\u00e1ly\u00e1n ny\u00fajtott kiemelked\u0151 teljes\u00edtm\u00e9nye mellett mindig szer\u00e9ny maradt, s fiatalabb t\u00e1rsai sz\u00e1m\u00e1ra ugyan\u00fagy p\u00e9ldak\u00e9pet jelentett, mint a n\u00e1la id\u0151sebb j\u00e1t\u00e9kosok szem\u00e9ben.<\/p>\n<p style=\"text-align: justify;\" data-start=\"2084\" data-end=\"2643\">Noha bajnoki m\u00e9rk\u0151z\u00e9sen utolj\u00e1ra 1968-ban \u00e1llt a dorogi kapuban, a klub k\u00e9r\u00e9s\u00e9re m\u00e9g tov\u00e1bbi h\u00e1rom \u00e9vadon \u00e1t az els\u0151 csapat keret\u00e9nek tagja maradt. A vezet\u0151s\u00e9g nem k\u00edv\u00e1nt k\u00fcl\u00f6n tartal\u00e9kkapust igazolni, ez\u00e9rt Ilku aff\u00e9le biztos tartal\u00e9kk\u00e9nt tov\u00e1bbra is rendelkez\u00e9sre \u00e1llt, mik\u00f6zben m\u00e1r kapusedz\u0151k\u00e9nt is seg\u00edtette az egy\u00fcttest. Edz\u00e9sben tartotta mag\u00e1t, hogy sz\u00fcks\u00e9g eset\u00e9n b\u00e1rmikor ism\u00e9t a kapuba \u00e1llhasson. Az NB II-es bajnoki c\u00edm \u00e9s az NB I B-be val\u00f3 visszajut\u00e1s ut\u00e1n azonban k\u00f6z\u00f6sen \u00fagy d\u00f6nt\u00f6ttek, hogy el\u00e9rkezett az id\u0151 az akt\u00edv p\u00e1lyafut\u00e1s m\u00e9lt\u00f3 lez\u00e1r\u00e1s\u00e1ra.<\/p>\n<p data-start=\"2084\" data-end=\"2643\"><img fetchpriority=\"high\" decoding=\"async\" class=\"aligncenter wp-image-82336 size-full\" src=\"https:\/\/dorogimedence.hu\/wp-content\/uploads\/2026\/07\/IK_3.jpg\" alt=\"\" width=\"1054\" height=\"721\" srcset=\"https:\/\/dorogimedence.hu\/wp-content\/uploads\/2026\/07\/IK_3.jpg 1054w, https:\/\/dorogimedence.hu\/wp-content\/uploads\/2026\/07\/IK_3-600x410.jpg 600w, https:\/\/dorogimedence.hu\/wp-content\/uploads\/2026\/07\/IK_3-768x525.jpg 768w, https:\/\/dorogimedence.hu\/wp-content\/uploads\/2026\/07\/IK_3-150x103.jpg 150w, https:\/\/dorogimedence.hu\/wp-content\/uploads\/2026\/07\/IK_3-450x308.jpg 450w\" sizes=\"(max-width: 1054px) 100vw, 1054px\" \/><\/p>\n<p style=\"text-align: center;\" data-start=\"2084\" data-end=\"2643\"><span style=\"font-size: 10pt;\"><em>\u00a0A gy\u00f6ny\u00f6r\u0171, antik v\u00e1ros, Reggio Emilia l\u00e1tk\u00e9pe (forr\u00e1s: stnicholasmn.org.au)<\/em><\/span><\/p>\n<p class=\"PDq2pG_selectionAnchorContainer\" style=\"text-align: justify;\" data-start=\"291\" data-end=\"649\">Miut\u00e1n a Dorogi B\u00e1ny\u00e1sz 1971 nyar\u00e1n megnyerte az NB II-es bajnoks\u00e1got \u00e9s kiv\u00edvta a feljut\u00e1st az NB I B-be, a klub vezet\u00e9se \u00fagy d\u00f6nt\u00f6tt, hogy Ilku Istv\u00e1n rendk\u00edv\u00fcli p\u00e1lyafut\u00e1s\u00e1t m\u00e9lt\u00f3, \u00fcnnep\u00e9lyes keretek k\u00f6z\u00f6tt z\u00e1rja le. Egy ilyen kiv\u00e9teles sportember b\u00facs\u00faj\u00e1hoz rangos ellenfelet k\u00edv\u00e1ntak megh\u00edvni, \u00edgy esett a v\u00e1laszt\u00e1s az olasz AC Reggiana egy\u00fcttes\u00e9re.<\/p>\n<p style=\"text-align: justify;\" data-start=\"651\" data-end=\"1211\">A megh\u00edv\u00e1s azonban kor\u00e1ntsem volt v\u00e9letlenszer\u0171. A k\u00e9t klub, illetve Reggio Emilia \u00e9s a dorogi labdar\u00fag\u00e1s k\u00f6z\u00f6tt m\u00e1r t\u00f6bb mint egy \u00e9vtizeddel kor\u00e1bban kapcsolat alakult ki. 1960. \u00e1prilis 27-\u00e9n a Reggio Emilia tartom\u00e1nyv\u00e1logatott \u2013 amelynek gerinc\u00e9t a Reggiana labdar\u00fag\u00f3i alkott\u00e1k \u2013 a magyar b\u00e1ny\u00e1sz-v\u00e1logatottat fogadta. A magyar egy\u00fcttes meghat\u00e1roz\u00f3 erej\u00e9t a Dorogi B\u00e1ny\u00e1sz j\u00e1t\u00e9kosai adt\u00e1k, akik eml\u00e9kezetes, 4\u20130-s gy\u0151zelmet arattak az olaszok felett. Az 1971-es b\u00facs\u00fam\u00e9rk\u0151z\u00e9s \u00edgy egy kor\u00e1bban kialakult sportkapcsolat \u00fajabb fejezet\u00e9nek is tekinthet\u0151.<\/p>\n<p style=\"text-align: justify;\" data-start=\"1213\" data-end=\"1668\">A tal\u00e1lkoz\u00f3 l\u00e9trej\u00f6tt\u00e9t az is el\u0151seg\u00edtette, hogy a Reggiana egy\u00fcttese \u2013 a t\u00e9rs\u00e9g legjobb labdar\u00fag\u00f3ival meger\u0151s\u00edtve \u2013 1971 nyar\u00e1n magyarorsz\u00e1gi edz\u0151t\u00e1boroz\u00e1son vett r\u00e9szt. Ez kiv\u00e1l\u00f3 alkalmat k\u00edn\u00e1lt arra, hogy Dorogon is p\u00e1ly\u00e1ra l\u00e9pjenek. Az olaszok k\u00e9szs\u00e9ggel elfogadt\u00e1k a megh\u00edv\u00e1st, \u00edgy Ilku Istv\u00e1n b\u00facs\u00faja nemzetk\u00f6zi rang\u00fa esem\u00e9nny\u00e9 v\u00e1lt, a dorogi k\u00f6z\u00f6ns\u00e9g pedig egy nagy m\u00falt\u00fa, tekint\u00e9lyes ellenfelet l\u00e1thatott vend\u00e9g\u00fcl k\u00f6zvetlen\u00fcl a bajnoki rajt el\u0151tt.<\/p>\n<p data-start=\"1213\" data-end=\"1668\"><img decoding=\"async\" class=\"aligncenter wp-image-82337 size-full\" src=\"https:\/\/dorogimedence.hu\/wp-content\/uploads\/2026\/07\/IK_4.jpg\" alt=\"\" width=\"1070\" height=\"729\" srcset=\"https:\/\/dorogimedence.hu\/wp-content\/uploads\/2026\/07\/IK_4.jpg 1070w, https:\/\/dorogimedence.hu\/wp-content\/uploads\/2026\/07\/IK_4-600x409.jpg 600w, https:\/\/dorogimedence.hu\/wp-content\/uploads\/2026\/07\/IK_4-768x523.jpg 768w, https:\/\/dorogimedence.hu\/wp-content\/uploads\/2026\/07\/IK_4-150x102.jpg 150w, https:\/\/dorogimedence.hu\/wp-content\/uploads\/2026\/07\/IK_4-450x307.jpg 450w\" sizes=\"(max-width: 1070px) 100vw, 1070px\" \/><\/p>\n<p style=\"text-align: center;\" data-start=\"1670\" data-end=\"1724\"><span style=\"font-size: 10pt;\"><em data-start=\"1670\" data-end=\"1724\">Az olasz v\u00e1ros egyik utcar\u00e9szlete (forr\u00e1s: philly.cisvusa.org)<\/em><\/span><\/p>\n<p style=\"text-align: justify;\" data-start=\"1726\" data-end=\"2319\">Az \u00e9szak-olaszorsz\u00e1gi Reggio Emilia Mil\u00e1n\u00f3 \u00e9s Bologna k\u00f6z\u00f6tt, az ut\u00f3bbihoz k\u00f6zelebb fekszik. A v\u00e1ros t\u00f6rt\u00e9nete eg\u00e9szen az \u00f3korig ny\u00falik vissza: m\u00e1r Kr. e. 187-ben \u00e1thaladt rajta a h\u00edres Via Emilia, amely a mai napig meghat\u00e1rozza telep\u00fcl\u00e9sszerkezet\u00e9t. Napjainkban t\u00f6bb mint 170 ezer lakos\u00e1val Emilia\u2013Romagna tartom\u00e1ny egyik legjelent\u0151sebb kultur\u00e1lis \u00e9s gazdas\u00e1gi k\u00f6zpontja. Vil\u00e1gszerte ismert kiv\u00e1l\u00f3 sajtjair\u00f3l, balzsamecet\u00e9r\u0151l \u00e9s borair\u00f3l, de a mez\u0151gazdas\u00e1gi g\u00e9pgy\u00e1rt\u00e1sban, valamint a ker\u00e1miaiparban is jelent\u0151s szerepet t\u00f6lt be. Dorogt\u00f3l l\u00e9gvonalban k\u00f6zel ezer kilom\u00e9ter v\u00e1lasztja el.<\/p>\n<p data-start=\"1726\" data-end=\"2319\"><img decoding=\"async\" class=\"aligncenter wp-image-82338 size-full\" src=\"https:\/\/dorogimedence.hu\/wp-content\/uploads\/2026\/07\/IK_5.jpg\" alt=\"\" width=\"833\" height=\"802\" srcset=\"https:\/\/dorogimedence.hu\/wp-content\/uploads\/2026\/07\/IK_5.jpg 833w, https:\/\/dorogimedence.hu\/wp-content\/uploads\/2026\/07\/IK_5-600x578.jpg 600w, https:\/\/dorogimedence.hu\/wp-content\/uploads\/2026\/07\/IK_5-768x739.jpg 768w, https:\/\/dorogimedence.hu\/wp-content\/uploads\/2026\/07\/IK_5-150x144.jpg 150w, https:\/\/dorogimedence.hu\/wp-content\/uploads\/2026\/07\/IK_5-450x433.jpg 450w\" sizes=\"(max-width: 833px) 100vw, 833px\" \/><\/p>\n<p style=\"text-align: center;\" data-start=\"2321\" data-end=\"2379\"><span style=\"font-size: 10pt;\"><em data-start=\"2321\" data-end=\"2379\">A s\u00e9t\u00e1l\u00f3utc\u00e1n, a neves Via Emilia Szent Istv\u00e1non (forr\u00e1s: mylifesamovie.com\/Alyssa Ramos)<\/em><\/span><\/p>\n<p style=\"text-align: justify;\" data-start=\"2381\" data-end=\"3075\">A v\u00e1ros labdar\u00fag\u00e1s\u00e1t az 1919-ben alap\u00edtott AC Reggiana k\u00e9pviseli, amely az olasz futball egyik tradicion\u00e1lis egyes\u00fclet\u00e9nek sz\u00e1m\u00edt. T\u00f6rt\u00e9nete sor\u00e1n sz\u00e1mos alkalommal szerepelt az \u00e9lvonalban, az 1971-es tal\u00e1lkoz\u00f3 idej\u00e9n pedig a Serie B meghat\u00e1roz\u00f3 csapata volt, ahol az el\u0151z\u0151 id\u00e9nyben az el\u0151kel\u0151 \u00f6t\u00f6dik helyen v\u00e9gzett. A klub mez\u00e9t az \u00e9vtizedek sor\u00e1n olyan kiv\u00e1l\u00f3s\u00e1gok viselt\u00e9k, mint Carlo Ancelotti, Angelo Di Livio, Fernando De Napoli, Francesco Antonioli, Luigi De Agostini vagy a brazil vil\u00e1gbajnok Cl\u00e1udio Taffarel. Magyar vonatkoz\u00e1sa is akad az egyes\u00fclet t\u00f6rt\u00e9net\u00e9nek: a k\u00e9t vil\u00e1gh\u00e1bor\u00fa k\u00f6z\u00f6tt k\u00e9t magyar vezet\u0151edz\u0151, Zsigmond Vilmos \u00e9s Vanicsek J\u00e1nos is ir\u00e1ny\u00edtotta a Reggian\u00e1t.<\/p>\n<p data-start=\"2381\" data-end=\"3075\"><img loading=\"lazy\" decoding=\"async\" class=\"aligncenter wp-image-82340 size-full\" src=\"https:\/\/dorogimedence.hu\/wp-content\/uploads\/2026\/07\/IK_7.jpg\" alt=\"\" width=\"827\" height=\"536\" srcset=\"https:\/\/dorogimedence.hu\/wp-content\/uploads\/2026\/07\/IK_7.jpg 827w, https:\/\/dorogimedence.hu\/wp-content\/uploads\/2026\/07\/IK_7-600x389.jpg 600w, https:\/\/dorogimedence.hu\/wp-content\/uploads\/2026\/07\/IK_7-768x498.jpg 768w, https:\/\/dorogimedence.hu\/wp-content\/uploads\/2026\/07\/IK_7-150x97.jpg 150w, https:\/\/dorogimedence.hu\/wp-content\/uploads\/2026\/07\/IK_7-450x292.jpg 450w\" sizes=\"(max-width: 827px) 100vw, 827px\" \/><\/p>\n<p style=\"text-align: center;\" data-start=\"3077\" data-end=\"3148\"><span style=\"font-size: 10pt;\"><em data-start=\"3077\" data-end=\"3148\">A Mirabello Stadion, az AC Reggiana egykori otthona (forr\u00e1s: worldstadium.com)<\/em><\/span><\/p>\n<p class=\"PDq2pG_selectionAnchorContainer\" style=\"text-align: justify;\" data-start=\"314\" data-end=\"676\">A b\u00facs\u00fam\u00e9rk\u0151z\u00e9st 1971. augusztus 3-\u00e1n rendezt\u00e9k meg a dorogi B\u00e1ny\u00e1sz Stadionban, ahol mintegy k\u00e9tezer n\u00e9z\u0151 foglalt helyet a lel\u00e1t\u00f3kon. A tal\u00e1lkoz\u00f3t \u00fcnnep\u00e9lyes pillanatok el\u0151zt\u00e9k meg: a kezd\u0151 s\u00edpsz\u00f3 el\u0151tt a klub vezet\u0151i, j\u00e1t\u00e9kost\u00e1rsai \u00e9s a szurkol\u00f3k k\u00f6z\u00f6sen b\u00facs\u00faztatt\u00e1k Ilku Istv\u00e1nt, aki k\u00f6zel k\u00e9t \u00e9vtizeden \u00e1t meghat\u00e1roz\u00f3 alakja volt a dorogi labdar\u00fag\u00e1snak.<\/p>\n<p data-start=\"678\" data-end=\"738\">A hazai egy\u00fcttes a k\u00f6vetkez\u0151 \u00f6ssze\u00e1ll\u00edt\u00e1sban l\u00e9pett p\u00e1ly\u00e1ra:<\/p>\n<p data-start=\"740\" data-end=\"901\"><strong data-start=\"740\" data-end=\"755\">Ilku Istv\u00e1n<\/strong> \u2013 Aspir\u00e1ny Ferenc, T\u00f3th Gyula, Cs\u00f3ri L\u00e1szl\u00f3, Kiss Rudolf \u2013 Tak\u00e1cs Tibor, R\u00e1tvai Istv\u00e1n \u2013 Peszeki Jen\u0151, Vir\u00e1g P\u00e1l, Horv\u00e1th P\u00e9ter, Bartalos J\u00f3zsef. Vezet\u0151edz\u0151: H\u00e1ry L\u00e1szl\u00f3.<\/p>\n<p data-start=\"933\" data-end=\"978\">A m\u00e9rk\u0151z\u00e9s j\u00e1t\u00e9kvezet\u0151je dr. Vincze volt.<\/p>\n<p data-start=\"933\" data-end=\"978\"><img loading=\"lazy\" decoding=\"async\" class=\"aligncenter wp-image-82370 size-full\" src=\"https:\/\/dorogimedence.hu\/wp-content\/uploads\/2026\/07\/IK_9.jpg\" alt=\"\" width=\"878\" height=\"567\" srcset=\"https:\/\/dorogimedence.hu\/wp-content\/uploads\/2026\/07\/IK_9.jpg 878w, https:\/\/dorogimedence.hu\/wp-content\/uploads\/2026\/07\/IK_9-600x387.jpg 600w, https:\/\/dorogimedence.hu\/wp-content\/uploads\/2026\/07\/IK_9-768x496.jpg 768w, https:\/\/dorogimedence.hu\/wp-content\/uploads\/2026\/07\/IK_9-150x97.jpg 150w, https:\/\/dorogimedence.hu\/wp-content\/uploads\/2026\/07\/IK_9-450x291.jpg 450w\" sizes=\"(max-width: 878px) 100vw, 878px\" \/><\/p>\n<p style=\"text-align: center;\" data-start=\"980\" data-end=\"1041\"><span style=\"font-size: 10pt;\"><em data-start=\"980\" data-end=\"1041\">A Reggiana 1971-ben (forr\u00e1s: Wikimedia Commons)<\/em><\/span><\/p>\n<p style=\"text-align: justify;\" data-start=\"1043\" data-end=\"1325\">A tal\u00e1lkoz\u00f3 azonban nem a dorogi elk\u00e9pzel\u00e9sek szerint indult. A j\u00e1t\u00e9kvezet\u0151 m\u00e1r a nyit\u00f3percekben \u2013 a hazai k\u00f6z\u00f6ns\u00e9g szerint igencsak vitathat\u00f3 k\u00f6r\u00fclm\u00e9nyek k\u00f6z\u00f6tt \u2013 b\u00fcntet\u0151t \u00edt\u00e9lt a vend\u00e9gek jav\u00e1ra. A tizenegyest Polo magabiztosan \u00e9rt\u00e9kes\u00edtette, \u00edgy a Reggiana szerzett vezet\u00e9st.<\/p>\n<p style=\"text-align: justify;\" data-start=\"1327\" data-end=\"1622\">A korai g\u00f3l azonban nem megt\u00f6rte, hanem felt\u00fczelte a dorogi csapatot. A hazaiak egyre nagyobb f\u00f6l\u00e9nybe ker\u00fcltek, gyors t\u00e1mad\u00e1saikkal sorra alak\u00edtott\u00e1k ki helyzeteiket. A f\u00f6l\u00e9ny a 15. perc t\u00e1j\u00e1n g\u00f3ll\u00e1 \u00e9rett: Peszeki Jen\u0151 l\u00e1tv\u00e1nyos l\u00f6v\u00e9ssel a jobb fels\u0151 sarokba tal\u00e1lt, kiegyenl\u00edtve az \u00e1ll\u00e1st.<\/p>\n<p style=\"text-align: justify;\" data-start=\"1624\" data-end=\"1688\">N\u00e9h\u00e1ny perccel k\u00e9s\u0151bb el\u00e9rkezett a m\u00e9rk\u0151z\u00e9s legmeghat\u00f3bb pillanata. A megbesz\u00e9lteknek megfelel\u0151en H\u00e1ry L\u00e1szl\u00f3 lecser\u00e9lte Ilku Istv\u00e1nt, akinek hely\u00e9re Horv\u00e1th Istv\u00e1n \u00e1llt a kapuba. A j\u00e1t\u00e9k n\u00e9h\u00e1ny pillanatra szinte m\u00e1sodlagoss\u00e1 v\u00e1lt. A j\u00e1t\u00e9kost\u00e1rsak v\u00e1llukra emelt\u00e9k legend\u00e1s csapatkapit\u00e1nyukat, mik\u00f6zben a k\u00f6z\u00f6ns\u00e9g hossz\u00fa perceken \u00e1t fel\u00e1llva, vastapssal k\u00f6sz\u00f6nt\u00f6tte a dorogi futball egyik legnagyobb alakj\u00e1t. A meghat\u00f3 jelenet m\u00e9lt\u00f3 lez\u00e1r\u00e1sa volt egy csaknem h\u00fasz esztend\u0151s j\u00e1t\u00e9kosp\u00e1lyafut\u00e1snak.<\/p>\n<p data-start=\"1624\" data-end=\"1688\"><img loading=\"lazy\" decoding=\"async\" class=\"aligncenter wp-image-82334 \" src=\"https:\/\/dorogimedence.hu\/wp-content\/uploads\/2026\/07\/IK_1-458x600.jpg\" alt=\"\" width=\"548\" height=\"718\" srcset=\"https:\/\/dorogimedence.hu\/wp-content\/uploads\/2026\/07\/IK_1-458x600.jpg 458w, https:\/\/dorogimedence.hu\/wp-content\/uploads\/2026\/07\/IK_1-150x196.jpg 150w, https:\/\/dorogimedence.hu\/wp-content\/uploads\/2026\/07\/IK_1-450x589.jpg 450w, https:\/\/dorogimedence.hu\/wp-content\/uploads\/2026\/07\/IK_1.jpg 597w\" sizes=\"(max-width: 548px) 100vw, 548px\" \/><\/p>\n<p style=\"text-align: center;\" data-start=\"2123\" data-end=\"2189\"><span style=\"font-size: 10pt;\"><em data-start=\"2123\" data-end=\"2189\">Az \u00d6r\u00f6k Kapit\u00e1ny, Ilku Istv\u00e1n (forr\u00e1s: Labdar\u00fag\u00e1s magazin, 1964. \u00e1prilisi sz\u00e1m c\u00edmlapfot\u00f3ja)<\/em><\/span><\/p>\n<p style=\"text-align: justify;\" data-start=\"2191\" data-end=\"2618\">A m\u00e9rk\u0151z\u00e9s ezt k\u00f6vet\u0151en is nagy iramban folytat\u00f3dott. A dorogiak tov\u00e1bbra is t\u00e1mad\u00e1sban maradtak, \u00e9s csak az olasz kapus kiv\u00e1l\u00f3 teljes\u00edtm\u00e9ny\u00e9nek volt k\u00f6sz\u00f6nhet\u0151, hogy \u00fajabb g\u00f3ljuk egy ideig v\u00e1ratott mag\u00e1ra. A 33. percben azonban m\u00e1r \u0151 is tehetetlennek bizonyult: egy brav\u00faros v\u00e9d\u00e9st k\u00f6vet\u0151en a kipattan\u00f3 labd\u00e1ra R\u00e1tvai Istv\u00e1n \u00e9rkezett els\u0151k\u00e9nt, \u00e9s k\u00f6zelr\u0151l a h\u00e1l\u00f3ba tov\u00e1bb\u00edtott, megszerezve a Dorogi B\u00e1ny\u00e1sz vezet\u0151 tal\u00e1lat\u00e1t.<\/p>\n<p data-start=\"2620\" data-end=\"2896\">Nem sokkal k\u00e9s\u0151bb \u00fajabb fordulat k\u00f6vetkezett. Cs\u00f3ri L\u00e1szl\u00f3 egy kem\u00e9ny bel\u00e9p\u0151t k\u00f6vet\u0151en megs\u00e9r\u00fclt, ez\u00e9rt nem tudta folytatni a j\u00e1t\u00e9kot. Hely\u00e9re Lah\u00f3 Istv\u00e1n \u00e9rkezett, aki j\u00f3l kapcsol\u00f3dott be a m\u00e9rk\u0151z\u00e9sbe, \u00edgy a hazai csapat lend\u00fclete a k\u00e9nyszer\u0171 csere ellen\u00e9re sem t\u00f6rt meg.<\/p>\n<p class=\"PDq2pG_selectionAnchorContainer\" style=\"text-align: justify;\" data-start=\"333\" data-end=\"665\">A sz\u00fcnetet k\u00f6vet\u0151en sem v\u00e1ltozott a j\u00e1t\u00e9k k\u00e9pe. A Dorogi B\u00e1ny\u00e1sz nagy lend\u00fclettel folytatta a t\u00e1mad\u00e1sokat, az olasz egy\u00fcttes pedig egyre nehezebben tudta feltart\u00f3ztatni a hazai rohamokat. A k\u00f6z\u00f6ns\u00e9g kiv\u00e1l\u00f3 iram\u00fa, \u00e9lvezetes m\u00e9rk\u0151z\u00e9st l\u00e1thatott, amelyen a dorogiak nemcsak eredm\u00e9nyesen, hanem kifejezetten tetszet\u0151sen is futballoztak. Az \u00fajabb g\u00f3lra sem kellett sokat v\u00e1rni. Peszeki Jen\u0151 ez\u00fattal fejjel volt eredm\u00e9nyes, megszerezve saj\u00e1t m\u00e1sodik, csapata harmadik tal\u00e1lat\u00e1t. A hazaiak ezzel m\u00e1r megnyugtat\u00f3 el\u0151nybe ker\u00fcltek, de kor\u00e1ntsem el\u00e9gedtek meg ennyivel.<\/p>\n<p data-start=\"333\" data-end=\"665\"><img loading=\"lazy\" decoding=\"async\" class=\"aligncenter wp-image-82341 size-full\" src=\"https:\/\/dorogimedence.hu\/wp-content\/uploads\/2026\/07\/IK_8.png\" alt=\"\" width=\"1536\" height=\"1024\" srcset=\"https:\/\/dorogimedence.hu\/wp-content\/uploads\/2026\/07\/IK_8.png 1536w, https:\/\/dorogimedence.hu\/wp-content\/uploads\/2026\/07\/IK_8-600x400.png 600w, https:\/\/dorogimedence.hu\/wp-content\/uploads\/2026\/07\/IK_8-768x512.png 768w, https:\/\/dorogimedence.hu\/wp-content\/uploads\/2026\/07\/IK_8-150x100.png 150w, https:\/\/dorogimedence.hu\/wp-content\/uploads\/2026\/07\/IK_8-450x300.png 450w, https:\/\/dorogimedence.hu\/wp-content\/uploads\/2026\/07\/IK_8-1200x800.png 1200w, https:\/\/dorogimedence.hu\/wp-content\/uploads\/2026\/07\/IK_8-272x182.png 272w\" sizes=\"(max-width: 1536px) 100vw, 1536px\" \/><\/p>\n<p class=\"PDq2pG_selectionAnchorContainer\" style=\"text-align: justify;\" data-start=\"333\" data-end=\"665\">N\u00e9h\u00e1ny perccel k\u00e9s\u0151bb Horv\u00e1th P\u00e9ter v\u00e1llalkozott l\u00f6v\u00e9sre, \u00e9s nagy erej\u0171 bomb\u00e1ja v\u00e9dhetetlen\u00fcl v\u00e1g\u00f3dott a kapuba. A Dorogi B\u00e1ny\u00e1sz ekkor m\u00e1r 4\u20131-re vezetett, a lel\u00e1t\u00f3n \u00fcl\u0151 szurkol\u00f3k pedig minden egyes t\u00e1mad\u00e1st vastapssal jutalmaztak. A m\u00e9rk\u0151z\u00e9s hajr\u00e1j\u00e1ra sem cs\u00f6kkent a hazaiak lelkesed\u00e9se. H\u00e1ry L\u00e1szl\u00f3 friss\u00edtett csapat\u00e1n: Kiss Rudolf hely\u00e9re B\u00e9k\u00e9si L\u00e1szl\u00f3, m\u00edg Aspir\u00e1ny Ferenc hely\u00e9re Papp \u00e9rkezett. A cser\u00e9k is j\u00f3l kapcsol\u00f3dtak be a j\u00e1t\u00e9kba, a Dorog pedig tov\u00e1bb n\u00f6velte f\u00f6l\u00e9ny\u00e9t.<\/p>\n<p style=\"text-align: justify;\" data-start=\"1404\" data-end=\"1750\">Ez\u00fattal Tak\u00e1cs Tibor volt eredm\u00e9nyes, aki egy remek\u00fcl fel\u00e9p\u00edtett t\u00e1mad\u00e1s v\u00e9g\u00e9n fejjel tal\u00e1lt a h\u00e1l\u00f3ba. A k\u00f6z\u00f6ns\u00e9g m\u00e9g alig \u00fcnnepelte ki mag\u00e1t, amikor k\u00e9t perccel k\u00e9s\u0151bb Bartalos J\u00f3zsef szint\u00e9n fejjel volt eredm\u00e9nyes. A vend\u00e9gek ekkorra m\u00e1r teljesen elf\u00e1radtak, m\u00edg a dorogi j\u00e1t\u00e9kosok tov\u00e1bbra is ellen\u00e1lhatatlanul rohamozt\u00e1k az olasz kaput.<\/p>\n<p style=\"text-align: justify;\" data-start=\"1752\" data-end=\"2053\">A kegyelemd\u00f6f\u00e9st Vir\u00e1g P\u00e1l adta meg az utols\u00f3 percben. T\u00e1voli, hatalmas erej\u0171 l\u00f6v\u00e9se a jobb fels\u0151 sarokban k\u00f6t\u00f6tt ki, be\u00e1ll\u00edtva a 7\u20131-es v\u00e9geredm\u00e9nyt. A lef\u00faj\u00e1st k\u00f6vet\u0151en vastaps k\u00f6sz\u00f6nt\u00f6tte a p\u00e1ly\u00e1n l\u00e9v\u0151 valamennyi j\u00e1t\u00e9kost, de mindenki tudta, hogy ez az este els\u0151sorban nem csak a g\u00f3lokr\u00f3l sz\u00f3lt.<\/p>\n<p data-start=\"1752\" data-end=\"2053\"><span style=\"font-size: 10pt;\"><img loading=\"lazy\" decoding=\"async\" class=\"aligncenter wp-image-82339 \" src=\"https:\/\/dorogimedence.hu\/wp-content\/uploads\/2026\/07\/IK_6-600x523.jpg\" alt=\"\" width=\"541\" height=\"472\" srcset=\"https:\/\/dorogimedence.hu\/wp-content\/uploads\/2026\/07\/IK_6-600x523.jpg 600w, https:\/\/dorogimedence.hu\/wp-content\/uploads\/2026\/07\/IK_6-768x670.jpg 768w, https:\/\/dorogimedence.hu\/wp-content\/uploads\/2026\/07\/IK_6-150x131.jpg 150w, https:\/\/dorogimedence.hu\/wp-content\/uploads\/2026\/07\/IK_6-450x392.jpg 450w, https:\/\/dorogimedence.hu\/wp-content\/uploads\/2026\/07\/IK_6.jpg 835w\" sizes=\"(max-width: 541px) 100vw, 541px\" \/><\/span><\/p>\n<p style=\"text-align: center;\" data-start=\"2055\" data-end=\"2163\"><span style=\"font-size: 10pt;\"><em data-start=\"2055\" data-end=\"2163\">A korabeli tud\u00f3s\u00edt\u00e1s a Dolgoz\u00f3k Lapj\u00e1b\u00f3l (forr\u00e1s: Kom\u00e1rom megyei Dolgoz\u00f3k Lapja, 1971. augusztus 4.)<\/em><\/span><\/p>\n<p style=\"text-align: justify;\" data-start=\"2165\" data-end=\"2477\">A Dorogi B\u00e1ny\u00e1sz j\u00e1t\u00e9kosai azon az augusztusi est\u00e9n nem csup\u00e1n egy rangos nemzetk\u00f6zi m\u00e9rk\u0151z\u00e9st nyertek meg f\u00f6l\u00e9nyes k\u00fcl\u00f6nbs\u00e9ggel. J\u00e1t\u00e9kukkal egy olyan sportember el\u0151tt tisztelegtek, aki k\u00f6zel k\u00e9t \u00e9vtizeden \u00e1t szolg\u00e1lta h\u0171s\u00e9ggel klubj\u00e1t, \u00e9s akinek neve \u00f6r\u00f6kre \u00f6sszeforrt a dorogi labdar\u00fag\u00e1s legszebb fejezeteivel.<\/p>\n<p style=\"text-align: justify;\" data-start=\"2479\" data-end=\"3032\">Az 1971. augusztus 3-i b\u00facs\u00fam\u00e9rk\u0151z\u00e9s azonban csak Ilku Istv\u00e1n akt\u00edv j\u00e1t\u00e9kosp\u00e1lyafut\u00e1s\u00e1nak v\u00e9g\u00e9t jelentette. A Dorogi B\u00e1ny\u00e1szt\u00f3l val\u00f3j\u00e1ban soha nem b\u00facs\u00fazott el. A k\u00f6vetkez\u0151 \u00e9vtizedekben kapusedz\u0151k\u00e9nt seg\u00edtette a feln\u0151ttcsapat munk\u00e1j\u00e1t, fiatal h\u00e1l\u00f3\u0151r\u00f6k nemzed\u00e9keit nevelte, majd p\u00e1lyagondnokk\u00e9nt is ugyanazzal a lelkiismeretess\u00e9ggel \u00e9s al\u00e1zattal dolgozott szeretett egyes\u00fclet\u00e9\u00e9rt, mint kor\u00e1bban a kapuban \u00e1llva. Ezen fel\u00fcl pedig rendszeresen p\u00e1ly\u00e1ra l\u00e9pett a Dorog \u00f6regfi\u00fak csapat\u00e1ban. Kev\u00e9s olyan sportember akad a magyar labdar\u00fag\u00e1s t\u00f6rt\u00e9net\u00e9ben, akinek eg\u00e9sz \u00e9let\u00fatja ennyire szorosan \u00f6sszefon\u00f3dott volna egyetlen klubbal.<\/p>\n<p style=\"text-align: justify;\" data-start=\"3034\" data-end=\"3421\">Ilku Istv\u00e1n neve nem csup\u00e1n kiv\u00e1l\u00f3 v\u00e9d\u00e9sei, v\u00e1logatott szerepl\u00e9sei vagy csapatkapit\u00e1nyi karszalagja miatt maradt fenn. Sokkal ink\u00e1bb az\u00e9rt, mert eg\u00e9sz \u00e9let\u00e9vel p\u00e9ld\u00e1t mutatott h\u0171s\u00e9gb\u0151l, szer\u00e9nys\u00e9gb\u0151l \u00e9s szolg\u00e1latb\u00f3l. A dorogi szurkol\u00f3k joggal nevezt\u00e9k egyszer\u0171en csak \u201eKapit\u00e1nynak\u201d, hiszen nemcsak a p\u00e1ly\u00e1n vezette t\u00e1rsait, hanem emberi tart\u00e1s\u00e1val is ir\u00e1nyt mutatott valamennyi\u00fcknek.<\/p>\n<p style=\"text-align: justify;\" data-start=\"3423\" data-end=\"3762\">Azon az augusztusi est\u00e9n a k\u00f6z\u00f6ns\u00e9g egy kiv\u00e1l\u00f3 kapust \u00fcnnepelt. A t\u00f6rt\u00e9nelem azonban bebizony\u00edtotta, hogy Dorog nem csup\u00e1n egy legend\u00e1s j\u00e1t\u00e9kost\u00f3l b\u00facs\u00fazott az akt\u00edv futballt\u00f3l, hanem egy olyan embert k\u00f6sz\u00f6nt\u00f6tt, aki ezt k\u00f6vet\u0151en is eg\u00e9sz \u00e9let\u00e9t szeretett klubja szolg\u00e1lat\u00e1ba \u00e1ll\u00edtotta. Ez teszi Ilku Istv\u00e1n \u00f6r\u00f6ks\u00e9g\u00e9t igaz\u00e1n id\u0151tlenn\u00e9. Eml\u00e9ke nemcsak a Dorogi B\u00e1ny\u00e1sz t\u00f6rt\u00e9net\u00e9nek aranylapjain \u00e9l tov\u00e1bb, hanem mindazok sz\u00edv\u00e9ben is, akik ismert\u00e9k, l\u00e1tt\u00e1k v\u00e9deni, vagy tanulhattak t\u0151le \u2013 a p\u00e1ly\u00e1n \u00e9s azon k\u00edv\u00fcl egyar\u00e1nt.<\/p>\n<p data-start=\"3423\" data-end=\"3762\"><span style=\"text-decoration: underline;\">Bor\u00edt\u00f3k\u00e9p<\/span>: A m\u00e9rk\u0151z\u00e9sr\u0151l megjelent cikk f\u0151c\u00edme &#8211; forr\u00e1s: Kom\u00e1rom megyei Dolgoz\u00f3k Lapja, 1971. augusztus 4. sz\u00e1m<\/p>\n<p data-start=\"3423\" data-end=\"3762\"><em><strong>Szab\u00f3 Gyula<\/strong><\/em><\/p>\n","protected":false},"excerpt":{"rendered":"<p>1971 nyar\u00e1n egym\u00e1st k\u00f6vett\u00e9k a Dorogi B\u00e1ny\u00e1sz t\u00f6rt\u00e9net\u00e9nek eml\u00e9kezetes esem\u00e9nyei. A lengyelorsz\u00e1gi stadionavat\u00f3t k\u00f6vet\u0151en alig n\u00e9h\u00e1ny nappal \u00fajabb k\u00fcl\u00f6nleges m\u00e9rk\u0151z\u00e9sre ker\u00fclt sor. Ez\u00fattal azonban nem csup\u00e1n egy rangos nemzetk\u00f6zi tal\u00e1lkoz\u00f3 \u00e1llt a k\u00f6z\u00e9ppontban, hanem egy korszak lez\u00e1r\u00e1sa is: a klub \u00e9s a magyar labdar\u00fag\u00e1s egyik legnagyobb kapusa, Ilku Istv\u00e1n b\u00facs\u00fazott az akt\u00edv j\u00e1t\u00e9kt\u00f3l. A m\u00e9lt\u00f3<\/p>\n","protected":false},"author":4,"featured_media":82331,"comment_status":"closed","ping_status":"closed","sticky":false,"template":"","format":"standard","meta":{"ngg_post_thumbnail":0,"footnotes":""},"categories":[2,3,6031,5],"tags":[],"class_list":["post-82329","post","type-post","status-publish","format-standard","has-post-thumbnail","category-dorog","category-hirek","category-kerek-evfordulok","category-sport"],"yoast_head":"<!-- This site is optimized with the Yoast SEO plugin v28.3 - https:\/\/yoast.com\/product\/yoast-seo-wordpress\/ -->\n<title>55 \u00e9ve t\u00f6rt\u00e9nt: Ilku Istv\u00e1n b\u00facs\u00fam\u00e9rk\u0151z\u00e9se olasz csapat elleni nemzetk\u00f6zi tal\u00e1lkoz\u00f3n<\/title>\n<meta name=\"robots\" content=\"index, follow, max-snippet:-1, max-image-preview:large, max-video-preview:-1\" \/>\n<link rel=\"canonical\" href=\"https:\/\/dorogimedence.hu\/index.php\/2026\/08\/03\/55-eve-tortent-ilku-istvan-bucsumerkozese-olasz-csapat-elleni-nemzetkozi-talalkozon\/\" class=\"yoast-seo-meta-tag\" \/>\n<meta property=\"og:locale\" content=\"hu_HU\" class=\"yoast-seo-meta-tag\" \/>\n<meta property=\"og:type\" content=\"article\" class=\"yoast-seo-meta-tag\" \/>\n<meta property=\"og:title\" content=\"55 \u00e9ve t\u00f6rt\u00e9nt: Ilku Istv\u00e1n b\u00facs\u00fam\u00e9rk\u0151z\u00e9se olasz csapat elleni nemzetk\u00f6zi tal\u00e1lkoz\u00f3n\" class=\"yoast-seo-meta-tag\" \/>\n<meta property=\"og:description\" content=\"1971 nyar\u00e1n egym\u00e1st k\u00f6vett\u00e9k a Dorogi B\u00e1ny\u00e1sz t\u00f6rt\u00e9net\u00e9nek eml\u00e9kezetes esem\u00e9nyei. A lengyelorsz\u00e1gi stadionavat\u00f3t k\u00f6vet\u0151en alig n\u00e9h\u00e1ny nappal \u00fajabb k\u00fcl\u00f6nleges m\u00e9rk\u0151z\u00e9sre ker\u00fclt sor. Ez\u00fattal azonban nem csup\u00e1n egy rangos nemzetk\u00f6zi tal\u00e1lkoz\u00f3 \u00e1llt a k\u00f6z\u00e9ppontban, hanem egy korszak lez\u00e1r\u00e1sa is: a klub \u00e9s a magyar labdar\u00fag\u00e1s egyik legnagyobb kapusa, Ilku Istv\u00e1n b\u00facs\u00fazott az akt\u00edv j\u00e1t\u00e9kt\u00f3l. A m\u00e9lt\u00f3\" class=\"yoast-seo-meta-tag\" \/>\n<meta property=\"og:url\" content=\"https:\/\/dorogimedence.hu\/index.php\/2026\/08\/03\/55-eve-tortent-ilku-istvan-bucsumerkozese-olasz-csapat-elleni-nemzetkozi-talalkozon\/\" class=\"yoast-seo-meta-tag\" \/>\n<meta property=\"og:site_name\" content=\"Dorogi-medence Region\u00e1lis H\u00edrport\u00e1l\" class=\"yoast-seo-meta-tag\" \/>\n<meta property=\"article:publisher\" content=\"https:\/\/www.facebook.com\/dorogimedence\/\" class=\"yoast-seo-meta-tag\" \/>\n<meta property=\"article:published_time\" content=\"2026-08-03T05:44:03+00:00\" class=\"yoast-seo-meta-tag\" \/>\n<meta property=\"article:modified_time\" content=\"2026-08-03T15:40:21+00:00\" class=\"yoast-seo-meta-tag\" \/>\n<meta property=\"og:image\" content=\"https:\/\/dorogimedence.hu\/wp-content\/uploads\/2026\/07\/borkepilkucikk.jpg\" class=\"yoast-seo-meta-tag\" \/>\n\t<meta property=\"og:image:width\" content=\"777\" class=\"yoast-seo-meta-tag\" \/>\n\t<meta property=\"og:image:height\" content=\"518\" class=\"yoast-seo-meta-tag\" \/>\n\t<meta property=\"og:image:type\" content=\"image\/jpeg\" class=\"yoast-seo-meta-tag\" \/>\n<meta name=\"author\" content=\"Szab\u00f3 Gyula\" class=\"yoast-seo-meta-tag\" \/>\n<meta name=\"twitter:card\" content=\"summary_large_image\" class=\"yoast-seo-meta-tag\" \/>\n<meta name=\"twitter:label1\" content=\"Szerz\u0151:\" class=\"yoast-seo-meta-tag\" \/>\n\t<meta name=\"twitter:data1\" content=\"Szab\u00f3 Gyula\" class=\"yoast-seo-meta-tag\" \/>\n\t<meta name=\"twitter:label2\" content=\"Becs\u00fclt olvas\u00e1si id\u0151\" class=\"yoast-seo-meta-tag\" \/>\n\t<meta name=\"twitter:data2\" content=\"13 perc\" class=\"yoast-seo-meta-tag\" \/>\n<script type=\"application\/ld+json\" class=\"yoast-schema-graph\">{\"@context\":\"https:\\\/\\\/schema.org\",\"@graph\":[{\"@type\":\"Article\",\"@id\":\"https:\\\/\\\/dorogimedence.hu\\\/index.php\\\/2026\\\/08\\\/03\\\/55-eve-tortent-ilku-istvan-bucsumerkozese-olasz-csapat-elleni-nemzetkozi-talalkozon\\\/#article\",\"isPartOf\":{\"@id\":\"https:\\\/\\\/dorogimedence.hu\\\/index.php\\\/2026\\\/08\\\/03\\\/55-eve-tortent-ilku-istvan-bucsumerkozese-olasz-csapat-elleni-nemzetkozi-talalkozon\\\/\"},\"author\":{\"name\":\"Szab\u00f3 Gyula\",\"@id\":\"https:\\\/\\\/dorogimedence.hu\\\/#\\\/schema\\\/person\\\/76605e8151ec1b7376385cd184ede973\"},\"headline\":\"55 \u00e9ve t\u00f6rt\u00e9nt: Ilku Istv\u00e1n b\u00facs\u00fam\u00e9rk\u0151z\u00e9se olasz csapat elleni nemzetk\u00f6zi tal\u00e1lkoz\u00f3n\",\"datePublished\":\"2026-08-03T05:44:03+00:00\",\"dateModified\":\"2026-08-03T15:40:21+00:00\",\"mainEntityOfPage\":{\"@id\":\"https:\\\/\\\/dorogimedence.hu\\\/index.php\\\/2026\\\/08\\\/03\\\/55-eve-tortent-ilku-istvan-bucsumerkozese-olasz-csapat-elleni-nemzetkozi-talalkozon\\\/\"},\"wordCount\":2584,\"publisher\":{\"@id\":\"https:\\\/\\\/dorogimedence.hu\\\/#organization\"},\"image\":{\"@id\":\"https:\\\/\\\/dorogimedence.hu\\\/index.php\\\/2026\\\/08\\\/03\\\/55-eve-tortent-ilku-istvan-bucsumerkozese-olasz-csapat-elleni-nemzetkozi-talalkozon\\\/#primaryimage\"},\"thumbnailUrl\":\"https:\\\/\\\/dorogimedence.hu\\\/wp-content\\\/uploads\\\/2026\\\/07\\\/borkepilkucikk.jpg\",\"articleSection\":[\"Dorog\",\"H\u00edrek\",\"Kerek \u00e9vfordul\u00f3k\",\"Sport\"],\"inLanguage\":\"hu\"},{\"@type\":\"WebPage\",\"@id\":\"https:\\\/\\\/dorogimedence.hu\\\/index.php\\\/2026\\\/08\\\/03\\\/55-eve-tortent-ilku-istvan-bucsumerkozese-olasz-csapat-elleni-nemzetkozi-talalkozon\\\/\",\"url\":\"https:\\\/\\\/dorogimedence.hu\\\/index.php\\\/2026\\\/08\\\/03\\\/55-eve-tortent-ilku-istvan-bucsumerkozese-olasz-csapat-elleni-nemzetkozi-talalkozon\\\/\",\"name\":\"55 \u00e9ve t\u00f6rt\u00e9nt: Ilku Istv\u00e1n b\u00facs\u00fam\u00e9rk\u0151z\u00e9se olasz csapat elleni nemzetk\u00f6zi tal\u00e1lkoz\u00f3n\",\"isPartOf\":{\"@id\":\"https:\\\/\\\/dorogimedence.hu\\\/#website\"},\"primaryImageOfPage\":{\"@id\":\"https:\\\/\\\/dorogimedence.hu\\\/index.php\\\/2026\\\/08\\\/03\\\/55-eve-tortent-ilku-istvan-bucsumerkozese-olasz-csapat-elleni-nemzetkozi-talalkozon\\\/#primaryimage\"},\"image\":{\"@id\":\"https:\\\/\\\/dorogimedence.hu\\\/index.php\\\/2026\\\/08\\\/03\\\/55-eve-tortent-ilku-istvan-bucsumerkozese-olasz-csapat-elleni-nemzetkozi-talalkozon\\\/#primaryimage\"},\"thumbnailUrl\":\"https:\\\/\\\/dorogimedence.hu\\\/wp-content\\\/uploads\\\/2026\\\/07\\\/borkepilkucikk.jpg\",\"datePublished\":\"2026-08-03T05:44:03+00:00\",\"dateModified\":\"2026-08-03T15:40:21+00:00\",\"breadcrumb\":{\"@id\":\"https:\\\/\\\/dorogimedence.hu\\\/index.php\\\/2026\\\/08\\\/03\\\/55-eve-tortent-ilku-istvan-bucsumerkozese-olasz-csapat-elleni-nemzetkozi-talalkozon\\\/#breadcrumb\"},\"inLanguage\":\"hu\",\"potentialAction\":[{\"@type\":\"ReadAction\",\"target\":[\"https:\\\/\\\/dorogimedence.hu\\\/index.php\\\/2026\\\/08\\\/03\\\/55-eve-tortent-ilku-istvan-bucsumerkozese-olasz-csapat-elleni-nemzetkozi-talalkozon\\\/\"]}]},{\"@type\":\"ImageObject\",\"inLanguage\":\"hu\",\"@id\":\"https:\\\/\\\/dorogimedence.hu\\\/index.php\\\/2026\\\/08\\\/03\\\/55-eve-tortent-ilku-istvan-bucsumerkozese-olasz-csapat-elleni-nemzetkozi-talalkozon\\\/#primaryimage\",\"url\":\"https:\\\/\\\/dorogimedence.hu\\\/wp-content\\\/uploads\\\/2026\\\/07\\\/borkepilkucikk.jpg\",\"contentUrl\":\"https:\\\/\\\/dorogimedence.hu\\\/wp-content\\\/uploads\\\/2026\\\/07\\\/borkepilkucikk.jpg\",\"width\":777,\"height\":518},{\"@type\":\"BreadcrumbList\",\"@id\":\"https:\\\/\\\/dorogimedence.hu\\\/index.php\\\/2026\\\/08\\\/03\\\/55-eve-tortent-ilku-istvan-bucsumerkozese-olasz-csapat-elleni-nemzetkozi-talalkozon\\\/#breadcrumb\",\"itemListElement\":[{\"@type\":\"ListItem\",\"position\":1,\"name\":\"Kezd\u0151lap\",\"item\":\"https:\\\/\\\/dorogimedence.hu\\\/\"},{\"@type\":\"ListItem\",\"position\":2,\"name\":\"55 \u00e9ve t\u00f6rt\u00e9nt: Ilku Istv\u00e1n b\u00facs\u00fam\u00e9rk\u0151z\u00e9se olasz csapat elleni nemzetk\u00f6zi tal\u00e1lkoz\u00f3n\"}]},{\"@type\":\"WebSite\",\"@id\":\"https:\\\/\\\/dorogimedence.hu\\\/#website\",\"url\":\"https:\\\/\\\/dorogimedence.hu\\\/\",\"name\":\"Dorogi-medence Region\u00e1lis H\u00edrport\u00e1l\",\"description\":\"Dorog, Keszt\u00f6lc, Le\u00e1nyv\u00e1r, Piliscs\u00e9v, Tokod, Tokodalt\u00e1r\u00f3, Csolnok, Esztergom-kertv\u00e1ros: h\u00edrek, programok\",\"publisher\":{\"@id\":\"https:\\\/\\\/dorogimedence.hu\\\/#organization\"},\"potentialAction\":[{\"@type\":\"SearchAction\",\"target\":{\"@type\":\"EntryPoint\",\"urlTemplate\":\"https:\\\/\\\/dorogimedence.hu\\\/?s={search_term_string}\"},\"query-input\":{\"@type\":\"PropertyValueSpecification\",\"valueRequired\":true,\"valueName\":\"search_term_string\"}}],\"inLanguage\":\"hu\"},{\"@type\":\"Organization\",\"@id\":\"https:\\\/\\\/dorogimedence.hu\\\/#organization\",\"name\":\"Dorogi-medence Region\u00e1lis H\u00edrport\u00e1l\",\"url\":\"https:\\\/\\\/dorogimedence.hu\\\/\",\"logo\":{\"@type\":\"ImageObject\",\"inLanguage\":\"hu\",\"@id\":\"https:\\\/\\\/dorogimedence.hu\\\/#\\\/schema\\\/logo\\\/image\\\/\",\"url\":\"https:\\\/\\\/dorogimedence.hu\\\/wp-content\\\/uploads\\\/2021\\\/04\\\/logo-feher-600.png\",\"contentUrl\":\"https:\\\/\\\/dorogimedence.hu\\\/wp-content\\\/uploads\\\/2021\\\/04\\\/logo-feher-600.png\",\"width\":600,\"height\":100,\"caption\":\"Dorogi-medence Region\u00e1lis H\u00edrport\u00e1l\"},\"image\":{\"@id\":\"https:\\\/\\\/dorogimedence.hu\\\/#\\\/schema\\\/logo\\\/image\\\/\"},\"sameAs\":[\"https:\\\/\\\/www.facebook.com\\\/dorogimedence\\\/\"]},{\"@type\":\"Person\",\"@id\":\"https:\\\/\\\/dorogimedence.hu\\\/#\\\/schema\\\/person\\\/76605e8151ec1b7376385cd184ede973\",\"name\":\"Szab\u00f3 Gyula\",\"image\":{\"@type\":\"ImageObject\",\"inLanguage\":\"hu\",\"@id\":\"\\\/\\\/www.gravatar.com\\\/avatar\\\/3e44b6fb2ef9bcea3639958cc2a587cb?s=96&#038;r=g&#038;d=mm\",\"url\":\"\\\/\\\/www.gravatar.com\\\/avatar\\\/3e44b6fb2ef9bcea3639958cc2a587cb?s=96&#038;r=g&#038;d=mm\",\"contentUrl\":\"\\\/\\\/www.gravatar.com\\\/avatar\\\/3e44b6fb2ef9bcea3639958cc2a587cb?s=96&#038;r=g&#038;d=mm\",\"caption\":\"Szab\u00f3 Gyula\"}}]}<\/script>\n<!-- \/ Yoast SEO plugin. -->","yoast_head_json":{"title":"55 \u00e9ve t\u00f6rt\u00e9nt: Ilku Istv\u00e1n b\u00facs\u00fam\u00e9rk\u0151z\u00e9se olasz csapat elleni nemzetk\u00f6zi tal\u00e1lkoz\u00f3n","robots":{"index":"index","follow":"follow","max-snippet":"max-snippet:-1","max-image-preview":"max-image-preview:large","max-video-preview":"max-video-preview:-1"},"canonical":"https:\/\/dorogimedence.hu\/index.php\/2026\/08\/03\/55-eve-tortent-ilku-istvan-bucsumerkozese-olasz-csapat-elleni-nemzetkozi-talalkozon\/","og_locale":"hu_HU","og_type":"article","og_title":"55 \u00e9ve t\u00f6rt\u00e9nt: Ilku Istv\u00e1n b\u00facs\u00fam\u00e9rk\u0151z\u00e9se olasz csapat elleni nemzetk\u00f6zi tal\u00e1lkoz\u00f3n","og_description":"1971 nyar\u00e1n egym\u00e1st k\u00f6vett\u00e9k a Dorogi B\u00e1ny\u00e1sz t\u00f6rt\u00e9net\u00e9nek eml\u00e9kezetes esem\u00e9nyei. A lengyelorsz\u00e1gi stadionavat\u00f3t k\u00f6vet\u0151en alig n\u00e9h\u00e1ny nappal \u00fajabb k\u00fcl\u00f6nleges m\u00e9rk\u0151z\u00e9sre ker\u00fclt sor. Ez\u00fattal azonban nem csup\u00e1n egy rangos nemzetk\u00f6zi tal\u00e1lkoz\u00f3 \u00e1llt a k\u00f6z\u00e9ppontban, hanem egy korszak lez\u00e1r\u00e1sa is: a klub \u00e9s a magyar labdar\u00fag\u00e1s egyik legnagyobb kapusa, Ilku Istv\u00e1n b\u00facs\u00fazott az akt\u00edv j\u00e1t\u00e9kt\u00f3l. A m\u00e9lt\u00f3","og_url":"https:\/\/dorogimedence.hu\/index.php\/2026\/08\/03\/55-eve-tortent-ilku-istvan-bucsumerkozese-olasz-csapat-elleni-nemzetkozi-talalkozon\/","og_site_name":"Dorogi-medence Region\u00e1lis H\u00edrport\u00e1l","article_publisher":"https:\/\/www.facebook.com\/dorogimedence\/","article_published_time":"2026-08-03T05:44:03+00:00","article_modified_time":"2026-08-03T15:40:21+00:00","og_image":[{"width":777,"height":518,"url":"https:\/\/dorogimedence.hu\/wp-content\/uploads\/2026\/07\/borkepilkucikk.jpg","type":"image\/jpeg"}],"author":"Szab\u00f3 Gyula","twitter_card":"summary_large_image","twitter_misc":{"Szerz\u0151:":"Szab\u00f3 Gyula","Becs\u00fclt olvas\u00e1si id\u0151":"13 perc"},"schema":{"@context":"https:\/\/schema.org","@graph":[{"@type":"Article","@id":"https:\/\/dorogimedence.hu\/index.php\/2026\/08\/03\/55-eve-tortent-ilku-istvan-bucsumerkozese-olasz-csapat-elleni-nemzetkozi-talalkozon\/#article","isPartOf":{"@id":"https:\/\/dorogimedence.hu\/index.php\/2026\/08\/03\/55-eve-tortent-ilku-istvan-bucsumerkozese-olasz-csapat-elleni-nemzetkozi-talalkozon\/"},"author":{"name":"Szab\u00f3 Gyula","@id":"https:\/\/dorogimedence.hu\/#\/schema\/person\/76605e8151ec1b7376385cd184ede973"},"headline":"55 \u00e9ve t\u00f6rt\u00e9nt: Ilku Istv\u00e1n b\u00facs\u00fam\u00e9rk\u0151z\u00e9se olasz csapat elleni nemzetk\u00f6zi tal\u00e1lkoz\u00f3n","datePublished":"2026-08-03T05:44:03+00:00","dateModified":"2026-08-03T15:40:21+00:00","mainEntityOfPage":{"@id":"https:\/\/dorogimedence.hu\/index.php\/2026\/08\/03\/55-eve-tortent-ilku-istvan-bucsumerkozese-olasz-csapat-elleni-nemzetkozi-talalkozon\/"},"wordCount":2584,"publisher":{"@id":"https:\/\/dorogimedence.hu\/#organization"},"image":{"@id":"https:\/\/dorogimedence.hu\/index.php\/2026\/08\/03\/55-eve-tortent-ilku-istvan-bucsumerkozese-olasz-csapat-elleni-nemzetkozi-talalkozon\/#primaryimage"},"thumbnailUrl":"https:\/\/dorogimedence.hu\/wp-content\/uploads\/2026\/07\/borkepilkucikk.jpg","articleSection":["Dorog","H\u00edrek","Kerek \u00e9vfordul\u00f3k","Sport"],"inLanguage":"hu"},{"@type":"WebPage","@id":"https:\/\/dorogimedence.hu\/index.php\/2026\/08\/03\/55-eve-tortent-ilku-istvan-bucsumerkozese-olasz-csapat-elleni-nemzetkozi-talalkozon\/","url":"https:\/\/dorogimedence.hu\/index.php\/2026\/08\/03\/55-eve-tortent-ilku-istvan-bucsumerkozese-olasz-csapat-elleni-nemzetkozi-talalkozon\/","name":"55 \u00e9ve t\u00f6rt\u00e9nt: Ilku Istv\u00e1n b\u00facs\u00fam\u00e9rk\u0151z\u00e9se olasz csapat elleni nemzetk\u00f6zi tal\u00e1lkoz\u00f3n","isPartOf":{"@id":"https:\/\/dorogimedence.hu\/#website"},"primaryImageOfPage":{"@id":"https:\/\/dorogimedence.hu\/index.php\/2026\/08\/03\/55-eve-tortent-ilku-istvan-bucsumerkozese-olasz-csapat-elleni-nemzetkozi-talalkozon\/#primaryimage"},"image":{"@id":"https:\/\/dorogimedence.hu\/index.php\/2026\/08\/03\/55-eve-tortent-ilku-istvan-bucsumerkozese-olasz-csapat-elleni-nemzetkozi-talalkozon\/#primaryimage"},"thumbnailUrl":"https:\/\/dorogimedence.hu\/wp-content\/uploads\/2026\/07\/borkepilkucikk.jpg","datePublished":"2026-08-03T05:44:03+00:00","dateModified":"2026-08-03T15:40:21+00:00","breadcrumb":{"@id":"https:\/\/dorogimedence.hu\/index.php\/2026\/08\/03\/55-eve-tortent-ilku-istvan-bucsumerkozese-olasz-csapat-elleni-nemzetkozi-talalkozon\/#breadcrumb"},"inLanguage":"hu","potentialAction":[{"@type":"ReadAction","target":["https:\/\/dorogimedence.hu\/index.php\/2026\/08\/03\/55-eve-tortent-ilku-istvan-bucsumerkozese-olasz-csapat-elleni-nemzetkozi-talalkozon\/"]}]},{"@type":"ImageObject","inLanguage":"hu","@id":"https:\/\/dorogimedence.hu\/index.php\/2026\/08\/03\/55-eve-tortent-ilku-istvan-bucsumerkozese-olasz-csapat-elleni-nemzetkozi-talalkozon\/#primaryimage","url":"https:\/\/dorogimedence.hu\/wp-content\/uploads\/2026\/07\/borkepilkucikk.jpg","contentUrl":"https:\/\/dorogimedence.hu\/wp-content\/uploads\/2026\/07\/borkepilkucikk.jpg","width":777,"height":518},{"@type":"BreadcrumbList","@id":"https:\/\/dorogimedence.hu\/index.php\/2026\/08\/03\/55-eve-tortent-ilku-istvan-bucsumerkozese-olasz-csapat-elleni-nemzetkozi-talalkozon\/#breadcrumb","itemListElement":[{"@type":"ListItem","position":1,"name":"Kezd\u0151lap","item":"https:\/\/dorogimedence.hu\/"},{"@type":"ListItem","position":2,"name":"55 \u00e9ve t\u00f6rt\u00e9nt: Ilku Istv\u00e1n b\u00facs\u00fam\u00e9rk\u0151z\u00e9se olasz csapat elleni nemzetk\u00f6zi tal\u00e1lkoz\u00f3n"}]},{"@type":"WebSite","@id":"https:\/\/dorogimedence.hu\/#website","url":"https:\/\/dorogimedence.hu\/","name":"Dorogi-medence Region\u00e1lis H\u00edrport\u00e1l","description":"Dorog, Keszt\u00f6lc, Le\u00e1nyv\u00e1r, Piliscs\u00e9v, Tokod, Tokodalt\u00e1r\u00f3, Csolnok, Esztergom-kertv\u00e1ros: h\u00edrek, programok","publisher":{"@id":"https:\/\/dorogimedence.hu\/#organization"},"potentialAction":[{"@type":"SearchAction","target":{"@type":"EntryPoint","urlTemplate":"https:\/\/dorogimedence.hu\/?s={search_term_string}"},"query-input":{"@type":"PropertyValueSpecification","valueRequired":true,"valueName":"search_term_string"}}],"inLanguage":"hu"},{"@type":"Organization","@id":"https:\/\/dorogimedence.hu\/#organization","name":"Dorogi-medence Region\u00e1lis H\u00edrport\u00e1l","url":"https:\/\/dorogimedence.hu\/","logo":{"@type":"ImageObject","inLanguage":"hu","@id":"https:\/\/dorogimedence.hu\/#\/schema\/logo\/image\/","url":"https:\/\/dorogimedence.hu\/wp-content\/uploads\/2021\/04\/logo-feher-600.png","contentUrl":"https:\/\/dorogimedence.hu\/wp-content\/uploads\/2021\/04\/logo-feher-600.png","width":600,"height":100,"caption":"Dorogi-medence Region\u00e1lis H\u00edrport\u00e1l"},"image":{"@id":"https:\/\/dorogimedence.hu\/#\/schema\/logo\/image\/"},"sameAs":["https:\/\/www.facebook.com\/dorogimedence\/"]},{"@type":"Person","@id":"https:\/\/dorogimedence.hu\/#\/schema\/person\/76605e8151ec1b7376385cd184ede973","name":"Szab\u00f3 Gyula","image":{"@type":"ImageObject","inLanguage":"hu","@id":"\/\/www.gravatar.com\/avatar\/3e44b6fb2ef9bcea3639958cc2a587cb?s=96&#038;r=g&#038;d=mm","url":"\/\/www.gravatar.com\/avatar\/3e44b6fb2ef9bcea3639958cc2a587cb?s=96&#038;r=g&#038;d=mm","contentUrl":"\/\/www.gravatar.com\/avatar\/3e44b6fb2ef9bcea3639958cc2a587cb?s=96&#038;r=g&#038;d=mm","caption":"Szab\u00f3 Gyula"}}]}},"_links":{"self":[{"href":"https:\/\/dorogimedence.hu\/index.php\/wp-json\/wp\/v2\/posts\/82329","targetHints":{"allow":["GET"]}}],"collection":[{"href":"https:\/\/dorogimedence.hu\/index.php\/wp-json\/wp\/v2\/posts"}],"about":[{"href":"https:\/\/dorogimedence.hu\/index.php\/wp-json\/wp\/v2\/types\/post"}],"author":[{"embeddable":true,"href":"https:\/\/dorogimedence.hu\/index.php\/wp-json\/wp\/v2\/users\/4"}],"replies":[{"embeddable":true,"href":"https:\/\/dorogimedence.hu\/index.php\/wp-json\/wp\/v2\/comments?post=82329"}],"version-history":[{"count":11,"href":"https:\/\/dorogimedence.hu\/index.php\/wp-json\/wp\/v2\/posts\/82329\/revisions"}],"predecessor-version":[{"id":82480,"href":"https:\/\/dorogimedence.hu\/index.php\/wp-json\/wp\/v2\/posts\/82329\/revisions\/82480"}],"wp:featuredmedia":[{"embeddable":true,"href":"https:\/\/dorogimedence.hu\/index.php\/wp-json\/wp\/v2\/media\/82331"}],"wp:attachment":[{"href":"https:\/\/dorogimedence.hu\/index.php\/wp-json\/wp\/v2\/media?parent=82329"}],"wp:term":[{"taxonomy":"category","embeddable":true,"href":"https:\/\/dorogimedence.hu\/index.php\/wp-json\/wp\/v2\/categories?post=82329"},{"taxonomy":"post_tag","embeddable":true,"href":"https:\/\/dorogimedence.hu\/index.php\/wp-json\/wp\/v2\/tags?post=82329"}],"curies":[{"name":"wp","href":"https:\/\/api.w.org\/{rel}","templated":true}]}}