{"id":82258,"date":"2026-07-27T08:05:15","date_gmt":"2026-07-27T06:05:15","guid":{"rendered":"https:\/\/dorogimedence.hu\/?p=82258"},"modified":"2026-07-27T08:05:15","modified_gmt":"2026-07-27T06:05:15","slug":"kulonleges-egi-latvanyossag-erkezik-napfogyatkozas-es-perseida-maximum-egyetlen-napon","status":"publish","type":"post","link":"https:\/\/dorogimedence.hu\/index.php\/2026\/07\/27\/kulonleges-egi-latvanyossag-erkezik-napfogyatkozas-es-perseida-maximum-egyetlen-napon\/","title":{"rendered":"K\u00fcl\u00f6nleges \u00e9gi l\u00e1tv\u00e1nyoss\u00e1g \u00e9rkezik: napfogyatkoz\u00e1s \u00e9s Perseida-maximum egyetlen napon"},"content":{"rendered":"<p><strong>Igaz\u00e1n k\u00fcl\u00f6nleges csillag\u00e1szati \u00e9lm\u00e9nyben lehet r\u00e9sz\u00fcnk augusztus 12-\u00e9n, szerd\u00e1n: az esti \u00f3r\u00e1kban r\u00e9szleges napfogyatkoz\u00e1st figyelhet\u00fcnk meg Magyarorsz\u00e1gr\u00f3l, majd s\u00f6t\u00e9ted\u00e9s ut\u00e1n a Perseida meteorraj l\u00e1tv\u00e1nyos csillaghull\u00e1sa k\u00f6vetkezik. Ha az id\u0151j\u00e1r\u00e1s is kedvez\u0151en alakul, n\u00e9h\u00e1ny \u00f3r\u00e1n bel\u00fcl k\u00e9t k\u00fcl\u00f6nleges \u00e9gi jelens\u00e9get is megfigyelhet\u00fcnk.<\/strong><\/p>\n<h3>Napfogyatkoz\u00e1s k\u00f6zvetlen\u00fcl napnyugta el\u0151tt<\/h3>\n<p>A <a href=\"https:\/\/vcse.hu\/napfogyatkozas-es-perseida-maximum-2026-augusztus-12-en-vcse\/\" target=\"_blank\" rel=\"noopener\"><span style=\"text-decoration: underline; color: #0000ff;\">Vega Csillag\u00e1szati Egyes\u00fclet<\/span><\/a> t\u00e1j\u00e9koztat\u00e1sa szerint a r\u00e9szleges napfogyatkoz\u00e1s Magyarorsz\u00e1gon augusztus 12-\u00e9n 19 \u00f3ra 21 \u00e9s 19 \u00f3ra 23 perc k\u00f6z\u00f6tt kezd\u0151dik, helysz\u00ednt\u0151l f\u00fcgg\u0151en. A jelens\u00e9g eg\u00e9szen napnyugt\u00e1ig l\u00e1that\u00f3 lesz, a Nap pedig m\u00e9g a fogyatkoz\u00e1s ideje alatt bukik a horizont al\u00e1.<\/p>\n<p>A l\u00e1tv\u00e1ny az orsz\u00e1g nyugati r\u00e9sz\u00e9n lesz a legnagyobb m\u00e9rt\u00e9k\u0171. Sopronban p\u00e9ld\u00e1ul a napkorong ter\u00fclet\u00e9nek t\u00f6bb mint 80 sz\u00e1zal\u00e9k\u00e1t eltakarja majd a Hold a legnagyobb m\u00e9g l\u00e1that\u00f3 f\u00e1zis idej\u00e9n, Gy\u0151rben ez az \u00e9rt\u00e9k meghaladja a 73 sz\u00e1zal\u00e9kot, Budapesten pedig mintegy 60 sz\u00e1zal\u00e9k lesz.<\/p>\n<p>A megfigyel\u00e9shez k\u00fcl\u00f6n\u00f6sen fontos, hogy olyan helyet v\u00e1lasszunk, ahonnan teljesen szabadon l\u00e1that\u00f3 az alacsony nyugati\u2013\u00e9szaknyugati horizont, hiszen a Nap ekkor m\u00e1r nagyon k\u00f6zel j\u00e1r majd a l\u00e1t\u00f3hat\u00e1rhoz.<\/p>\n<h3>Eur\u00f3pa egy r\u00e9sz\u00e9n teljes napfogyatkoz\u00e1s lesz<\/h3>\n<p>Mik\u00f6zben Magyarorsz\u00e1gr\u00f3l csak r\u00e9szleges napfogyatkoz\u00e1st l\u00e1thatunk, a F\u00f6ld m\u00e1s pontjain teljes lesz a jelens\u00e9g. A <a href=\"https:\/\/www.kemma.hu\/orszag-vilag\/2026\/07\/napfogyatkozas-2026-ide-kell-utazni\" target=\"_blank\" rel=\"noopener\"><span style=\"text-decoration: underline; color: #0000ff;\">totalit\u00e1s s\u00e1vja<\/span><\/a> Gr\u00f6nlandon, Izlandon \u00e9s Spanyolorsz\u00e1gon halad kereszt\u00fcl. A teljes f\u00e1zis leghosszabb id\u0151tartama az Atlanti-\u00f3ce\u00e1n \u00e9szaki r\u00e9sz\u00e9n mintegy 2 perc 18 m\u00e1sodperc lesz.<\/p>\n<p>Magyarorsz\u00e1gon legut\u00f3bb 1999. augusztus 11-\u00e9n lehetett teljes napfogyatkoz\u00e1st l\u00e1tni. Akkor a Hold teljes \u00e1rny\u00e9k\u00e1nak s\u00e1vja a Szombathely\u2013Szeged vonal ment\u00e9n haladt v\u00e9gig az orsz\u00e1gon. A k\u00f6vetkez\u0151, Magyarorsz\u00e1g ter\u00fclet\u00e9r\u0151l is teljesk\u00e9nt megfigyelhet\u0151 napfogyatkoz\u00e1sra 2081. szeptember 3-ig kell v\u00e1rni.<\/p>\n<h3>A Napot csak megfelel\u0151 v\u00e9delemmel szabad megfigyelni<\/h3>\n<p>A napfogyatkoz\u00e1s megfigyel\u00e9s\u00e9n\u00e9l kiemelten fontos a megfelel\u0151 szemv\u00e9delem. A Napba k\u00f6zvetlen\u00fcl n\u00e9zni s\u00falyos, ak\u00e1r maradand\u00f3 l\u00e1t\u00e1sk\u00e1rosod\u00e1st is okozhat.<\/p>\n<p>Szabad szemmel t\u00f6rt\u00e9n\u0151 megfigyel\u00e9shez kiz\u00e1r\u00f3lag megb\u00edzhat\u00f3 forr\u00e1sb\u00f3l sz\u00e1rmaz\u00f3, ISO 12312-2 szabv\u00e1nynak megfelel\u0151 napfogyatkoz\u00e1s-n\u00e9z\u0151 szem\u00fcveg haszn\u00e1lhat\u00f3. A hagyom\u00e1nyos napszem\u00fcveg, kormozott \u00fcveg, CD vagy DVD, f\u00e9nyk\u00e9p\u00e9szeti negat\u00edv \u00e9s m\u00e1s h\u00e1zilagos megold\u00e1s nem ny\u00fajt megfelel\u0151 v\u00e9delmet.<\/p>\n<p>T\u00e1vcs\u0151vel, binokul\u00e1rral vagy f\u00e9nyk\u00e9pez\u0151g\u00e9ppel kiz\u00e1r\u00f3lag az eszk\u00f6z objekt\u00edvje el\u00e9 megfelel\u0151en r\u00f6gz\u00edtett, erre a c\u00e9lra k\u00e9sz\u00fclt napsz\u0171r\u0151vel szabad a Napot megfigyelni.<\/p>\n<h3>Perseida-maximum: napfogyatkoz\u00e1s ut\u00e1n j\u00f6n a csillaghull\u00e1s<\/h3>\n<p>A Nap lenyugv\u00e1s\u00e1val m\u00e9g nem \u00e9r v\u00e9get az \u00e9gi m\u0171sor. Az augusztus 12-r\u0151l 13-ra virrad\u00f3 \u00e9jszak\u00e1n v\u00e1rhat\u00f3 a Perseida meteorraj maximuma.<\/p>\n<p>A Perseid\u00e1k minden \u00e9vben j\u00falius 17. \u00e9s augusztus 24. k\u00f6z\u00f6tt akt\u00edvak. A meteorraj akkor j\u00f6n l\u00e9tre, amikor a F\u00f6ld \u00e1thalad a 109P\/Swift\u2013Tuttle-\u00fcst\u00f6k\u00f6s p\u00e1ly\u00e1ja ment\u00e9n sz\u00e9tsz\u00f3r\u00f3dott poranyagon. Az apr\u00f3 r\u00e9szecsk\u00e9k mintegy 59 kilom\u00e9teres m\u00e1sodpercenk\u00e9nti sebess\u00e9ggel l\u00e9pnek be a F\u00f6ld l\u00e9gk\u00f6r\u00e9be, ahol felizzva l\u00e9trehozz\u00e1k a k\u00f6znyelvben hull\u00f3csillagk\u00e9nt ismert f\u00e9nyjelens\u00e9get.<\/p>\n<p>A meteorok l\u00e1tsz\u00f3lag a Perseus csillagk\u00e9p ir\u00e1ny\u00e1b\u00f3l \u00e9rkeznek, innen kapta nev\u00e9t a meteorraj. Ett\u0151l f\u00fcggetlen\u00fcl az \u00e9gbolt b\u00e1rmely r\u00e9sz\u00e9n felt\u0171nhetnek, ez\u00e9rt megfigyel\u00e9s\u00fckh\u00f6z nincs sz\u00fcks\u00e9g t\u00e1vcs\u0151re.<\/p>\n<h3>\u00c9jf\u00e9l ut\u00e1n lehet a legszebb a l\u00e1tv\u00e1ny<\/h3>\n<p>A Perseid\u00e1k megfigyel\u00e9s\u00e9re m\u00e1r 22\u201323 \u00f3r\u00e1t\u00f3l \u00e9rdemes k\u00e9sz\u00fclni, de az \u00e9jszaka el\u0151rehaladt\u00e1val egyre kedvez\u0151bb\u00e9 v\u00e1lnak a k\u00f6r\u00fclm\u00e9nyek. A f\u0151maximum legval\u00f3sz\u00edn\u0171bb id\u0151pontja augusztus 13-\u00e1n hajnal 4 \u00e9s 5 \u00f3ra k\u00f6z\u00f6tt lesz, ekkor azonban m\u00e1r vil\u00e1gosodni kezd az \u00e9g.<\/p>\n<p>A megfigyel\u00e9si k\u00f6r\u00fclm\u00e9nyek id\u00e9n k\u00fcl\u00f6n\u00f6sen kedvez\u0151ek lehetnek, ugyanis augusztus 12-\u00e9n \u00fajhold lesz, \u00edgy a Hold f\u00e9nye nem zavarja majd a meteorok \u00e9szlel\u00e9s\u00e9t. A csillaghull\u00e1s megfigyel\u00e9s\u00e9hez \u00e9rdemes a telep\u00fcl\u00e9sek f\u00e9nyeit\u0151l t\u00e1vol es\u0151, s\u00f6t\u00e9t helyet v\u00e1lasztani, ahonnan az \u00e9gbolt min\u00e9l nagyobb r\u00e9sze bel\u00e1that\u00f3. T\u00e1vcs\u0151re nincs sz\u00fcks\u00e9g, a meteorraj szabad szemmel figyelhet\u0151 meg a legjobban.<\/p>\n<p>Amennyiben teh\u00e1t augusztus 12-\u00e9n der\u00fclt lesz az \u00e9g, k\u00fcl\u00f6nleges este \u00e9s \u00e9jszaka v\u00e1r a csillag\u00e1szat kedvel\u0151ire: el\u0151bb egy fogyatkoz\u00e1sban l\u00e9v\u0151 napsarl\u00f3 nyugszik le a nyugati horizonton, n\u00e9h\u00e1ny \u00f3r\u00e1val k\u00e9s\u0151bb pedig az \u00e9v egyik legismertebb meteorraj\u00e1nak maximum\u00e1ban gy\u00f6ny\u00f6rk\u00f6dhet\u00fcnk.<\/p>\n<p><em>Felhaszn\u00e1lt forr\u00e1sok: vcse.hu \/ kemma.hu<br \/>\nBor\u00edt\u00f3k\u00e9p: illusztr\u00e1ci\u00f3 (ChatGPT &#8211; AI)<\/em><\/p>\n","protected":false},"excerpt":{"rendered":"<p>Igaz\u00e1n k\u00fcl\u00f6nleges csillag\u00e1szati \u00e9lm\u00e9nyben lehet r\u00e9sz\u00fcnk augusztus 12-\u00e9n, szerd\u00e1n: az esti \u00f3r\u00e1kban r\u00e9szleges napfogyatkoz\u00e1st figyelhet\u00fcnk meg Magyarorsz\u00e1gr\u00f3l, majd s\u00f6t\u00e9ted\u00e9s ut\u00e1n a Perseida meteorraj l\u00e1tv\u00e1nyos csillaghull\u00e1sa k\u00f6vetkezik. Ha az id\u0151j\u00e1r\u00e1s is kedvez\u0151en alakul, n\u00e9h\u00e1ny \u00f3r\u00e1n bel\u00fcl k\u00e9t k\u00fcl\u00f6nleges \u00e9gi jelens\u00e9get is megfigyelhet\u00fcnk. Napfogyatkoz\u00e1s k\u00f6zvetlen\u00fcl napnyugta el\u0151tt A Vega Csillag\u00e1szati Egyes\u00fclet t\u00e1j\u00e9koztat\u00e1sa szerint a r\u00e9szleges napfogyatkoz\u00e1s Magyarorsz\u00e1gon<\/p>\n","protected":false},"author":1,"featured_media":82259,"comment_status":"closed","ping_status":"closed","sticky":false,"template":"","format":"standard","meta":{"ngg_post_thumbnail":0,"footnotes":""},"categories":[3,6948],"tags":[5706,9002],"class_list":["post-82258","post","type-post","status-publish","format-standard","has-post-thumbnail","category-hirek","category-szines","tag-napfogyatkozas","tag-perseida-meteorraj"],"yoast_head":"<!-- This site is optimized with the Yoast SEO plugin v28.3 - https:\/\/yoast.com\/product\/yoast-seo-wordpress\/ -->\n<title>K\u00fcl\u00f6nleges \u00e9gi l\u00e1tv\u00e1nyoss\u00e1g \u00e9rkezik: napfogyatkoz\u00e1s \u00e9s Perseida-maximum egyetlen napon<\/title>\n<meta name=\"robots\" content=\"index, follow, max-snippet:-1, max-image-preview:large, max-video-preview:-1\" \/>\n<link rel=\"canonical\" href=\"https:\/\/dorogimedence.hu\/index.php\/2026\/07\/27\/kulonleges-egi-latvanyossag-erkezik-napfogyatkozas-es-perseida-maximum-egyetlen-napon\/\" class=\"yoast-seo-meta-tag\" \/>\n<meta property=\"og:locale\" content=\"hu_HU\" class=\"yoast-seo-meta-tag\" \/>\n<meta property=\"og:type\" content=\"article\" class=\"yoast-seo-meta-tag\" \/>\n<meta property=\"og:title\" content=\"K\u00fcl\u00f6nleges \u00e9gi l\u00e1tv\u00e1nyoss\u00e1g \u00e9rkezik: napfogyatkoz\u00e1s \u00e9s Perseida-maximum egyetlen napon\" class=\"yoast-seo-meta-tag\" \/>\n<meta property=\"og:description\" content=\"Igaz\u00e1n k\u00fcl\u00f6nleges csillag\u00e1szati \u00e9lm\u00e9nyben lehet r\u00e9sz\u00fcnk augusztus 12-\u00e9n, szerd\u00e1n: az esti \u00f3r\u00e1kban r\u00e9szleges napfogyatkoz\u00e1st figyelhet\u00fcnk meg Magyarorsz\u00e1gr\u00f3l, majd s\u00f6t\u00e9ted\u00e9s ut\u00e1n a Perseida meteorraj l\u00e1tv\u00e1nyos csillaghull\u00e1sa k\u00f6vetkezik. Ha az id\u0151j\u00e1r\u00e1s is kedvez\u0151en alakul, n\u00e9h\u00e1ny \u00f3r\u00e1n bel\u00fcl k\u00e9t k\u00fcl\u00f6nleges \u00e9gi jelens\u00e9get is megfigyelhet\u00fcnk. Napfogyatkoz\u00e1s k\u00f6zvetlen\u00fcl napnyugta el\u0151tt A Vega Csillag\u00e1szati Egyes\u00fclet t\u00e1j\u00e9koztat\u00e1sa szerint a r\u00e9szleges napfogyatkoz\u00e1s Magyarorsz\u00e1gon\" class=\"yoast-seo-meta-tag\" \/>\n<meta property=\"og:url\" content=\"https:\/\/dorogimedence.hu\/index.php\/2026\/07\/27\/kulonleges-egi-latvanyossag-erkezik-napfogyatkozas-es-perseida-maximum-egyetlen-napon\/\" class=\"yoast-seo-meta-tag\" \/>\n<meta property=\"og:site_name\" content=\"Dorogi-medence Region\u00e1lis H\u00edrport\u00e1l\" class=\"yoast-seo-meta-tag\" \/>\n<meta property=\"article:publisher\" content=\"https:\/\/www.facebook.com\/dorogimedence\/\" class=\"yoast-seo-meta-tag\" \/>\n<meta property=\"article:published_time\" content=\"2026-07-27T06:05:15+00:00\" class=\"yoast-seo-meta-tag\" \/>\n<meta property=\"og:image\" content=\"https:\/\/dorogimedence.hu\/wp-content\/uploads\/2026\/07\/ChatGPT-Image-2026.-jul.-27.-08_03_59.png\" class=\"yoast-seo-meta-tag\" \/>\n\t<meta property=\"og:image:width\" content=\"1717\" class=\"yoast-seo-meta-tag\" \/>\n\t<meta property=\"og:image:height\" content=\"916\" class=\"yoast-seo-meta-tag\" \/>\n\t<meta property=\"og:image:type\" content=\"image\/png\" class=\"yoast-seo-meta-tag\" \/>\n<meta name=\"author\" content=\"dorogimedence.hu\" class=\"yoast-seo-meta-tag\" \/>\n<meta name=\"twitter:card\" content=\"summary_large_image\" class=\"yoast-seo-meta-tag\" \/>\n<meta name=\"twitter:label1\" content=\"Szerz\u0151:\" class=\"yoast-seo-meta-tag\" \/>\n\t<meta name=\"twitter:data1\" content=\"dorogimedence.hu\" class=\"yoast-seo-meta-tag\" \/>\n\t<meta name=\"twitter:label2\" content=\"Becs\u00fclt olvas\u00e1si id\u0151\" class=\"yoast-seo-meta-tag\" \/>\n\t<meta name=\"twitter:data2\" content=\"5 perc\" class=\"yoast-seo-meta-tag\" \/>\n<script type=\"application\/ld+json\" class=\"yoast-schema-graph\">{\"@context\":\"https:\\\/\\\/schema.org\",\"@graph\":[{\"@type\":\"Article\",\"@id\":\"https:\\\/\\\/dorogimedence.hu\\\/index.php\\\/2026\\\/07\\\/27\\\/kulonleges-egi-latvanyossag-erkezik-napfogyatkozas-es-perseida-maximum-egyetlen-napon\\\/#article\",\"isPartOf\":{\"@id\":\"https:\\\/\\\/dorogimedence.hu\\\/index.php\\\/2026\\\/07\\\/27\\\/kulonleges-egi-latvanyossag-erkezik-napfogyatkozas-es-perseida-maximum-egyetlen-napon\\\/\"},\"author\":{\"name\":\"dorogimedence.hu\",\"@id\":\"https:\\\/\\\/dorogimedence.hu\\\/#\\\/schema\\\/person\\\/ce6091eeb7e95ecdc87890d6aa8e0fd4\"},\"headline\":\"K\u00fcl\u00f6nleges \u00e9gi l\u00e1tv\u00e1nyoss\u00e1g \u00e9rkezik: napfogyatkoz\u00e1s \u00e9s Perseida-maximum egyetlen napon\",\"datePublished\":\"2026-07-27T06:05:15+00:00\",\"mainEntityOfPage\":{\"@id\":\"https:\\\/\\\/dorogimedence.hu\\\/index.php\\\/2026\\\/07\\\/27\\\/kulonleges-egi-latvanyossag-erkezik-napfogyatkozas-es-perseida-maximum-egyetlen-napon\\\/\"},\"wordCount\":919,\"publisher\":{\"@id\":\"https:\\\/\\\/dorogimedence.hu\\\/#organization\"},\"image\":{\"@id\":\"https:\\\/\\\/dorogimedence.hu\\\/index.php\\\/2026\\\/07\\\/27\\\/kulonleges-egi-latvanyossag-erkezik-napfogyatkozas-es-perseida-maximum-egyetlen-napon\\\/#primaryimage\"},\"thumbnailUrl\":\"https:\\\/\\\/dorogimedence.hu\\\/wp-content\\\/uploads\\\/2026\\\/07\\\/ChatGPT-Image-2026.-jul.-27.-08_03_59.png\",\"keywords\":[\"napfogyatkoz\u00e1s\",\"Perseida meteorraj\"],\"articleSection\":[\"H\u00edrek\",\"Sz\u00ednes\"],\"inLanguage\":\"hu\"},{\"@type\":\"WebPage\",\"@id\":\"https:\\\/\\\/dorogimedence.hu\\\/index.php\\\/2026\\\/07\\\/27\\\/kulonleges-egi-latvanyossag-erkezik-napfogyatkozas-es-perseida-maximum-egyetlen-napon\\\/\",\"url\":\"https:\\\/\\\/dorogimedence.hu\\\/index.php\\\/2026\\\/07\\\/27\\\/kulonleges-egi-latvanyossag-erkezik-napfogyatkozas-es-perseida-maximum-egyetlen-napon\\\/\",\"name\":\"K\u00fcl\u00f6nleges \u00e9gi l\u00e1tv\u00e1nyoss\u00e1g \u00e9rkezik: napfogyatkoz\u00e1s \u00e9s Perseida-maximum egyetlen napon\",\"isPartOf\":{\"@id\":\"https:\\\/\\\/dorogimedence.hu\\\/#website\"},\"primaryImageOfPage\":{\"@id\":\"https:\\\/\\\/dorogimedence.hu\\\/index.php\\\/2026\\\/07\\\/27\\\/kulonleges-egi-latvanyossag-erkezik-napfogyatkozas-es-perseida-maximum-egyetlen-napon\\\/#primaryimage\"},\"image\":{\"@id\":\"https:\\\/\\\/dorogimedence.hu\\\/index.php\\\/2026\\\/07\\\/27\\\/kulonleges-egi-latvanyossag-erkezik-napfogyatkozas-es-perseida-maximum-egyetlen-napon\\\/#primaryimage\"},\"thumbnailUrl\":\"https:\\\/\\\/dorogimedence.hu\\\/wp-content\\\/uploads\\\/2026\\\/07\\\/ChatGPT-Image-2026.-jul.-27.-08_03_59.png\",\"datePublished\":\"2026-07-27T06:05:15+00:00\",\"breadcrumb\":{\"@id\":\"https:\\\/\\\/dorogimedence.hu\\\/index.php\\\/2026\\\/07\\\/27\\\/kulonleges-egi-latvanyossag-erkezik-napfogyatkozas-es-perseida-maximum-egyetlen-napon\\\/#breadcrumb\"},\"inLanguage\":\"hu\",\"potentialAction\":[{\"@type\":\"ReadAction\",\"target\":[\"https:\\\/\\\/dorogimedence.hu\\\/index.php\\\/2026\\\/07\\\/27\\\/kulonleges-egi-latvanyossag-erkezik-napfogyatkozas-es-perseida-maximum-egyetlen-napon\\\/\"]}]},{\"@type\":\"ImageObject\",\"inLanguage\":\"hu\",\"@id\":\"https:\\\/\\\/dorogimedence.hu\\\/index.php\\\/2026\\\/07\\\/27\\\/kulonleges-egi-latvanyossag-erkezik-napfogyatkozas-es-perseida-maximum-egyetlen-napon\\\/#primaryimage\",\"url\":\"https:\\\/\\\/dorogimedence.hu\\\/wp-content\\\/uploads\\\/2026\\\/07\\\/ChatGPT-Image-2026.-jul.-27.-08_03_59.png\",\"contentUrl\":\"https:\\\/\\\/dorogimedence.hu\\\/wp-content\\\/uploads\\\/2026\\\/07\\\/ChatGPT-Image-2026.-jul.-27.-08_03_59.png\",\"width\":1717,\"height\":916},{\"@type\":\"BreadcrumbList\",\"@id\":\"https:\\\/\\\/dorogimedence.hu\\\/index.php\\\/2026\\\/07\\\/27\\\/kulonleges-egi-latvanyossag-erkezik-napfogyatkozas-es-perseida-maximum-egyetlen-napon\\\/#breadcrumb\",\"itemListElement\":[{\"@type\":\"ListItem\",\"position\":1,\"name\":\"Kezd\u0151lap\",\"item\":\"https:\\\/\\\/dorogimedence.hu\\\/\"},{\"@type\":\"ListItem\",\"position\":2,\"name\":\"K\u00fcl\u00f6nleges \u00e9gi l\u00e1tv\u00e1nyoss\u00e1g \u00e9rkezik: napfogyatkoz\u00e1s \u00e9s Perseida-maximum egyetlen napon\"}]},{\"@type\":\"WebSite\",\"@id\":\"https:\\\/\\\/dorogimedence.hu\\\/#website\",\"url\":\"https:\\\/\\\/dorogimedence.hu\\\/\",\"name\":\"Dorogi-medence Region\u00e1lis H\u00edrport\u00e1l\",\"description\":\"Dorog, Keszt\u00f6lc, Le\u00e1nyv\u00e1r, Piliscs\u00e9v, Tokod, Tokodalt\u00e1r\u00f3, Csolnok, Esztergom-kertv\u00e1ros: h\u00edrek, programok\",\"publisher\":{\"@id\":\"https:\\\/\\\/dorogimedence.hu\\\/#organization\"},\"potentialAction\":[{\"@type\":\"SearchAction\",\"target\":{\"@type\":\"EntryPoint\",\"urlTemplate\":\"https:\\\/\\\/dorogimedence.hu\\\/?s={search_term_string}\"},\"query-input\":{\"@type\":\"PropertyValueSpecification\",\"valueRequired\":true,\"valueName\":\"search_term_string\"}}],\"inLanguage\":\"hu\"},{\"@type\":\"Organization\",\"@id\":\"https:\\\/\\\/dorogimedence.hu\\\/#organization\",\"name\":\"Dorogi-medence Region\u00e1lis H\u00edrport\u00e1l\",\"url\":\"https:\\\/\\\/dorogimedence.hu\\\/\",\"logo\":{\"@type\":\"ImageObject\",\"inLanguage\":\"hu\",\"@id\":\"https:\\\/\\\/dorogimedence.hu\\\/#\\\/schema\\\/logo\\\/image\\\/\",\"url\":\"https:\\\/\\\/dorogimedence.hu\\\/wp-content\\\/uploads\\\/2021\\\/04\\\/logo-feher-600.png\",\"contentUrl\":\"https:\\\/\\\/dorogimedence.hu\\\/wp-content\\\/uploads\\\/2021\\\/04\\\/logo-feher-600.png\",\"width\":600,\"height\":100,\"caption\":\"Dorogi-medence Region\u00e1lis H\u00edrport\u00e1l\"},\"image\":{\"@id\":\"https:\\\/\\\/dorogimedence.hu\\\/#\\\/schema\\\/logo\\\/image\\\/\"},\"sameAs\":[\"https:\\\/\\\/www.facebook.com\\\/dorogimedence\\\/\"]},{\"@type\":\"Person\",\"@id\":\"https:\\\/\\\/dorogimedence.hu\\\/#\\\/schema\\\/person\\\/ce6091eeb7e95ecdc87890d6aa8e0fd4\",\"name\":\"dorogimedence.hu\",\"image\":{\"@type\":\"ImageObject\",\"inLanguage\":\"hu\",\"@id\":\"\\\/\\\/www.gravatar.com\\\/avatar\\\/d8d45f8901aadff40a4af72c0b826f1d?s=96&#038;r=g&#038;d=mm\",\"url\":\"\\\/\\\/www.gravatar.com\\\/avatar\\\/d8d45f8901aadff40a4af72c0b826f1d?s=96&#038;r=g&#038;d=mm\",\"contentUrl\":\"\\\/\\\/www.gravatar.com\\\/avatar\\\/d8d45f8901aadff40a4af72c0b826f1d?s=96&#038;r=g&#038;d=mm\",\"caption\":\"dorogimedence.hu\"}}]}<\/script>\n<!-- \/ Yoast SEO plugin. -->","yoast_head_json":{"title":"K\u00fcl\u00f6nleges \u00e9gi l\u00e1tv\u00e1nyoss\u00e1g \u00e9rkezik: napfogyatkoz\u00e1s \u00e9s Perseida-maximum egyetlen napon","robots":{"index":"index","follow":"follow","max-snippet":"max-snippet:-1","max-image-preview":"max-image-preview:large","max-video-preview":"max-video-preview:-1"},"canonical":"https:\/\/dorogimedence.hu\/index.php\/2026\/07\/27\/kulonleges-egi-latvanyossag-erkezik-napfogyatkozas-es-perseida-maximum-egyetlen-napon\/","og_locale":"hu_HU","og_type":"article","og_title":"K\u00fcl\u00f6nleges \u00e9gi l\u00e1tv\u00e1nyoss\u00e1g \u00e9rkezik: napfogyatkoz\u00e1s \u00e9s Perseida-maximum egyetlen napon","og_description":"Igaz\u00e1n k\u00fcl\u00f6nleges csillag\u00e1szati \u00e9lm\u00e9nyben lehet r\u00e9sz\u00fcnk augusztus 12-\u00e9n, szerd\u00e1n: az esti \u00f3r\u00e1kban r\u00e9szleges napfogyatkoz\u00e1st figyelhet\u00fcnk meg Magyarorsz\u00e1gr\u00f3l, majd s\u00f6t\u00e9ted\u00e9s ut\u00e1n a Perseida meteorraj l\u00e1tv\u00e1nyos csillaghull\u00e1sa k\u00f6vetkezik. Ha az id\u0151j\u00e1r\u00e1s is kedvez\u0151en alakul, n\u00e9h\u00e1ny \u00f3r\u00e1n bel\u00fcl k\u00e9t k\u00fcl\u00f6nleges \u00e9gi jelens\u00e9get is megfigyelhet\u00fcnk. Napfogyatkoz\u00e1s k\u00f6zvetlen\u00fcl napnyugta el\u0151tt A Vega Csillag\u00e1szati Egyes\u00fclet t\u00e1j\u00e9koztat\u00e1sa szerint a r\u00e9szleges napfogyatkoz\u00e1s Magyarorsz\u00e1gon","og_url":"https:\/\/dorogimedence.hu\/index.php\/2026\/07\/27\/kulonleges-egi-latvanyossag-erkezik-napfogyatkozas-es-perseida-maximum-egyetlen-napon\/","og_site_name":"Dorogi-medence Region\u00e1lis H\u00edrport\u00e1l","article_publisher":"https:\/\/www.facebook.com\/dorogimedence\/","article_published_time":"2026-07-27T06:05:15+00:00","og_image":[{"width":1717,"height":916,"url":"https:\/\/dorogimedence.hu\/wp-content\/uploads\/2026\/07\/ChatGPT-Image-2026.-jul.-27.-08_03_59.png","type":"image\/png"}],"author":"dorogimedence.hu","twitter_card":"summary_large_image","twitter_misc":{"Szerz\u0151:":"dorogimedence.hu","Becs\u00fclt olvas\u00e1si id\u0151":"5 perc"},"schema":{"@context":"https:\/\/schema.org","@graph":[{"@type":"Article","@id":"https:\/\/dorogimedence.hu\/index.php\/2026\/07\/27\/kulonleges-egi-latvanyossag-erkezik-napfogyatkozas-es-perseida-maximum-egyetlen-napon\/#article","isPartOf":{"@id":"https:\/\/dorogimedence.hu\/index.php\/2026\/07\/27\/kulonleges-egi-latvanyossag-erkezik-napfogyatkozas-es-perseida-maximum-egyetlen-napon\/"},"author":{"name":"dorogimedence.hu","@id":"https:\/\/dorogimedence.hu\/#\/schema\/person\/ce6091eeb7e95ecdc87890d6aa8e0fd4"},"headline":"K\u00fcl\u00f6nleges \u00e9gi l\u00e1tv\u00e1nyoss\u00e1g \u00e9rkezik: napfogyatkoz\u00e1s \u00e9s Perseida-maximum egyetlen napon","datePublished":"2026-07-27T06:05:15+00:00","mainEntityOfPage":{"@id":"https:\/\/dorogimedence.hu\/index.php\/2026\/07\/27\/kulonleges-egi-latvanyossag-erkezik-napfogyatkozas-es-perseida-maximum-egyetlen-napon\/"},"wordCount":919,"publisher":{"@id":"https:\/\/dorogimedence.hu\/#organization"},"image":{"@id":"https:\/\/dorogimedence.hu\/index.php\/2026\/07\/27\/kulonleges-egi-latvanyossag-erkezik-napfogyatkozas-es-perseida-maximum-egyetlen-napon\/#primaryimage"},"thumbnailUrl":"https:\/\/dorogimedence.hu\/wp-content\/uploads\/2026\/07\/ChatGPT-Image-2026.-jul.-27.-08_03_59.png","keywords":["napfogyatkoz\u00e1s","Perseida meteorraj"],"articleSection":["H\u00edrek","Sz\u00ednes"],"inLanguage":"hu"},{"@type":"WebPage","@id":"https:\/\/dorogimedence.hu\/index.php\/2026\/07\/27\/kulonleges-egi-latvanyossag-erkezik-napfogyatkozas-es-perseida-maximum-egyetlen-napon\/","url":"https:\/\/dorogimedence.hu\/index.php\/2026\/07\/27\/kulonleges-egi-latvanyossag-erkezik-napfogyatkozas-es-perseida-maximum-egyetlen-napon\/","name":"K\u00fcl\u00f6nleges \u00e9gi l\u00e1tv\u00e1nyoss\u00e1g \u00e9rkezik: napfogyatkoz\u00e1s \u00e9s Perseida-maximum egyetlen napon","isPartOf":{"@id":"https:\/\/dorogimedence.hu\/#website"},"primaryImageOfPage":{"@id":"https:\/\/dorogimedence.hu\/index.php\/2026\/07\/27\/kulonleges-egi-latvanyossag-erkezik-napfogyatkozas-es-perseida-maximum-egyetlen-napon\/#primaryimage"},"image":{"@id":"https:\/\/dorogimedence.hu\/index.php\/2026\/07\/27\/kulonleges-egi-latvanyossag-erkezik-napfogyatkozas-es-perseida-maximum-egyetlen-napon\/#primaryimage"},"thumbnailUrl":"https:\/\/dorogimedence.hu\/wp-content\/uploads\/2026\/07\/ChatGPT-Image-2026.-jul.-27.-08_03_59.png","datePublished":"2026-07-27T06:05:15+00:00","breadcrumb":{"@id":"https:\/\/dorogimedence.hu\/index.php\/2026\/07\/27\/kulonleges-egi-latvanyossag-erkezik-napfogyatkozas-es-perseida-maximum-egyetlen-napon\/#breadcrumb"},"inLanguage":"hu","potentialAction":[{"@type":"ReadAction","target":["https:\/\/dorogimedence.hu\/index.php\/2026\/07\/27\/kulonleges-egi-latvanyossag-erkezik-napfogyatkozas-es-perseida-maximum-egyetlen-napon\/"]}]},{"@type":"ImageObject","inLanguage":"hu","@id":"https:\/\/dorogimedence.hu\/index.php\/2026\/07\/27\/kulonleges-egi-latvanyossag-erkezik-napfogyatkozas-es-perseida-maximum-egyetlen-napon\/#primaryimage","url":"https:\/\/dorogimedence.hu\/wp-content\/uploads\/2026\/07\/ChatGPT-Image-2026.-jul.-27.-08_03_59.png","contentUrl":"https:\/\/dorogimedence.hu\/wp-content\/uploads\/2026\/07\/ChatGPT-Image-2026.-jul.-27.-08_03_59.png","width":1717,"height":916},{"@type":"BreadcrumbList","@id":"https:\/\/dorogimedence.hu\/index.php\/2026\/07\/27\/kulonleges-egi-latvanyossag-erkezik-napfogyatkozas-es-perseida-maximum-egyetlen-napon\/#breadcrumb","itemListElement":[{"@type":"ListItem","position":1,"name":"Kezd\u0151lap","item":"https:\/\/dorogimedence.hu\/"},{"@type":"ListItem","position":2,"name":"K\u00fcl\u00f6nleges \u00e9gi l\u00e1tv\u00e1nyoss\u00e1g \u00e9rkezik: napfogyatkoz\u00e1s \u00e9s Perseida-maximum egyetlen napon"}]},{"@type":"WebSite","@id":"https:\/\/dorogimedence.hu\/#website","url":"https:\/\/dorogimedence.hu\/","name":"Dorogi-medence Region\u00e1lis H\u00edrport\u00e1l","description":"Dorog, Keszt\u00f6lc, Le\u00e1nyv\u00e1r, Piliscs\u00e9v, Tokod, Tokodalt\u00e1r\u00f3, Csolnok, Esztergom-kertv\u00e1ros: h\u00edrek, programok","publisher":{"@id":"https:\/\/dorogimedence.hu\/#organization"},"potentialAction":[{"@type":"SearchAction","target":{"@type":"EntryPoint","urlTemplate":"https:\/\/dorogimedence.hu\/?s={search_term_string}"},"query-input":{"@type":"PropertyValueSpecification","valueRequired":true,"valueName":"search_term_string"}}],"inLanguage":"hu"},{"@type":"Organization","@id":"https:\/\/dorogimedence.hu\/#organization","name":"Dorogi-medence Region\u00e1lis H\u00edrport\u00e1l","url":"https:\/\/dorogimedence.hu\/","logo":{"@type":"ImageObject","inLanguage":"hu","@id":"https:\/\/dorogimedence.hu\/#\/schema\/logo\/image\/","url":"https:\/\/dorogimedence.hu\/wp-content\/uploads\/2021\/04\/logo-feher-600.png","contentUrl":"https:\/\/dorogimedence.hu\/wp-content\/uploads\/2021\/04\/logo-feher-600.png","width":600,"height":100,"caption":"Dorogi-medence Region\u00e1lis H\u00edrport\u00e1l"},"image":{"@id":"https:\/\/dorogimedence.hu\/#\/schema\/logo\/image\/"},"sameAs":["https:\/\/www.facebook.com\/dorogimedence\/"]},{"@type":"Person","@id":"https:\/\/dorogimedence.hu\/#\/schema\/person\/ce6091eeb7e95ecdc87890d6aa8e0fd4","name":"dorogimedence.hu","image":{"@type":"ImageObject","inLanguage":"hu","@id":"\/\/www.gravatar.com\/avatar\/d8d45f8901aadff40a4af72c0b826f1d?s=96&#038;r=g&#038;d=mm","url":"\/\/www.gravatar.com\/avatar\/d8d45f8901aadff40a4af72c0b826f1d?s=96&#038;r=g&#038;d=mm","contentUrl":"\/\/www.gravatar.com\/avatar\/d8d45f8901aadff40a4af72c0b826f1d?s=96&#038;r=g&#038;d=mm","caption":"dorogimedence.hu"}}]}},"_links":{"self":[{"href":"https:\/\/dorogimedence.hu\/index.php\/wp-json\/wp\/v2\/posts\/82258","targetHints":{"allow":["GET"]}}],"collection":[{"href":"https:\/\/dorogimedence.hu\/index.php\/wp-json\/wp\/v2\/posts"}],"about":[{"href":"https:\/\/dorogimedence.hu\/index.php\/wp-json\/wp\/v2\/types\/post"}],"author":[{"embeddable":true,"href":"https:\/\/dorogimedence.hu\/index.php\/wp-json\/wp\/v2\/users\/1"}],"replies":[{"embeddable":true,"href":"https:\/\/dorogimedence.hu\/index.php\/wp-json\/wp\/v2\/comments?post=82258"}],"version-history":[{"count":1,"href":"https:\/\/dorogimedence.hu\/index.php\/wp-json\/wp\/v2\/posts\/82258\/revisions"}],"predecessor-version":[{"id":82260,"href":"https:\/\/dorogimedence.hu\/index.php\/wp-json\/wp\/v2\/posts\/82258\/revisions\/82260"}],"wp:featuredmedia":[{"embeddable":true,"href":"https:\/\/dorogimedence.hu\/index.php\/wp-json\/wp\/v2\/media\/82259"}],"wp:attachment":[{"href":"https:\/\/dorogimedence.hu\/index.php\/wp-json\/wp\/v2\/media?parent=82258"}],"wp:term":[{"taxonomy":"category","embeddable":true,"href":"https:\/\/dorogimedence.hu\/index.php\/wp-json\/wp\/v2\/categories?post=82258"},{"taxonomy":"post_tag","embeddable":true,"href":"https:\/\/dorogimedence.hu\/index.php\/wp-json\/wp\/v2\/tags?post=82258"}],"curies":[{"name":"wp","href":"https:\/\/api.w.org\/{rel}","templated":true}]}}