{"id":82236,"date":"2026-07-31T18:23:19","date_gmt":"2026-07-31T16:23:19","guid":{"rendered":"https:\/\/dorogimedence.hu\/?p=82236"},"modified":"2026-08-03T17:24:57","modified_gmt":"2026-08-03T15:24:57","slug":"55-eve-tortent-stadionavato-lengyelorszagban-a-dorogi-banyasszal","status":"publish","type":"post","link":"https:\/\/dorogimedence.hu\/index.php\/2026\/07\/31\/55-eve-tortent-stadionavato-lengyelorszagban-a-dorogi-banyasszal\/","title":{"rendered":"55 \u00e9ve t\u00f6rt\u00e9nt: Stadionavat\u00f3 Lengyelorsz\u00e1gban a Dorogi B\u00e1ny\u00e1sszal"},"content":{"rendered":"<p class=\"isSelectedEnd\" style=\"text-align: justify;\"><strong><em>1971 nyara eml\u00e9kezetes id\u0151szakk\u00e9nt vonult be a Dorogi B\u00e1ny\u00e1sz t\u00f6rt\u00e9net\u00e9be. A bajnoks\u00e1g v\u00e9g\u00e9n kiv\u00edvott NB I B-s feljut\u00e1s \u00f6nmag\u00e1ban is okot adott az \u00fcnnepl\u00e9sre, a ny\u00e1r azonban egy \u00fajabb rangos elismer\u00e9st is tartogatott a csapat sz\u00e1m\u00e1ra. A lengyelorsz\u00e1gi Racib\u00f3rzban elk\u00e9sz\u00fclt az egyes\u00fclet \u00faj stadionja, amelynek \u00fcnnep\u00e9lyes avat\u00f3m\u00e9rk\u0151z\u00e9s\u00e9re a Dorogi B\u00e1ny\u00e1szt k\u00e9rt\u00e9k fel ellenf\u00e9lnek. Az 1971. j\u00falius 31-\u00e9n rendezett tal\u00e1lkoz\u00f3 nem csup\u00e1n egy stadionavat\u00f3 volt, hanem egy hosszabb t\u00e1v\u00fa sportbar\u00e1ts\u00e1g kezdete is <\/em><\/strong><em>(Az \u00f6t \u00e9vvel ezel\u0151tti cikkem friss\u00edtett, b\u0151v\u00edtett v\u00e1ltozata)<\/em><strong><em>.<\/em><\/strong><\/p>\n<h2><span style=\"font-size: 12pt;\">Megh\u00edv\u00e1s egy rangos sportesem\u00e9nyre<\/span><\/h2>\n<p class=\"isSelectedEnd\" style=\"text-align: justify;\">A Dorogi B\u00e1ny\u00e1sz j\u00f3 h\u00edrneve ekkoriban messze t\u00falmutatott Magyarorsz\u00e1g hat\u00e1rain. A klub kor\u00e1bbi els\u0151 oszt\u00e1ly\u00fa szerepl\u00e9se, valamint nemzetk\u00f6zi m\u00e9rk\u0151z\u00e9sei egyar\u00e1nt hozz\u00e1j\u00e1rultak ahhoz, hogy a lengyel szervez\u0151k a dorogi egy\u00fcttest k\u00e9rj\u00e9k fel az \u00fcnnepi nyit\u00f3m\u00e9rk\u0151z\u00e9s r\u00e9sztvev\u0151j\u00e9nek. A h\u00e1zigazda a KS Unia Racib\u00f3rz volt, amely az 1946-os alap\u00edt\u00e1s\u00e1t k\u00f6vet\u0151en \u00e9veken \u00e1t a lengyel \u00e9lvonal meghat\u00e1roz\u00f3 csapatai k\u00f6z\u00e9 tartozott, s az 1956\u20131957-es Lengyel Kup\u00e1ban eg\u00e9szen az el\u0151d\u00f6nt\u0151ig jutott.<\/p>\n<p><img fetchpriority=\"high\" decoding=\"async\" class=\"aligncenter wp-image-82247 \" src=\"https:\/\/dorogimedence.hu\/wp-content\/uploads\/2026\/07\/RB_5.jpg\" alt=\"\" width=\"846\" height=\"666\" srcset=\"https:\/\/dorogimedence.hu\/wp-content\/uploads\/2026\/07\/RB_5.jpg 287w, https:\/\/dorogimedence.hu\/wp-content\/uploads\/2026\/07\/RB_5-150x118.jpg 150w\" sizes=\"(max-width: 846px) 100vw, 846px\" \/><\/p>\n<p style=\"text-align: center;\"><span style=\"font-size: 10pt;\"><em>A h\u00e1zigazda KS Unia Racib\u00f3rz csapata az 1970-es \u00e9vek elej\u00e9n (forr\u00e1s: ratibor.oberschlesien\/photos)<\/em><\/span><\/p>\n<p class=\"isSelectedEnd\" style=\"text-align: justify;\">A k\u00e9t egyes\u00fclet sorsa t\u00f6bb ponton is hasonl\u00f3an alakult. Az Unia Racib\u00f3rz 1965-ben b\u00facs\u00fazott az \u00e9lvonalt\u00f3l, mind\u00f6ssze egy \u00e9vvel megel\u0151zve a Dorogi B\u00e1ny\u00e1szt. A stadionavat\u00f3 idej\u00e9n mindk\u00e9t klub a m\u00e1sodoszt\u00e1lyban szerepelt, \u00edgy sportszakmai szempontb\u00f3l is m\u00e9lt\u00f3 ellenfelei voltak egym\u00e1snak.<\/p>\n<p><img decoding=\"async\" class=\"aligncenter wp-image-82246 \" src=\"https:\/\/dorogimedence.hu\/wp-content\/uploads\/2026\/07\/RB_4.jpg\" alt=\"\" width=\"826\" height=\"574\" srcset=\"https:\/\/dorogimedence.hu\/wp-content\/uploads\/2026\/07\/RB_4.jpg 656w, https:\/\/dorogimedence.hu\/wp-content\/uploads\/2026\/07\/RB_4-600x417.jpg 600w, https:\/\/dorogimedence.hu\/wp-content\/uploads\/2026\/07\/RB_4-150x104.jpg 150w, https:\/\/dorogimedence.hu\/wp-content\/uploads\/2026\/07\/RB_4-450x313.jpg 450w\" sizes=\"(max-width: 826px) 100vw, 826px\" \/><\/p>\n<p style=\"text-align: center;\"><span style=\"font-size: 10pt;\"><em>A v\u00e1ros egy arch\u00edv felv\u00e9telen (forr\u00e1s: Polishpoland.com)<\/em><\/span><\/p>\n<h2><span style=\"font-size: 12pt;\">Racib\u00f3rz \u00e9s az \u00faj stadion<\/span><\/h2>\n<p class=\"isSelectedEnd\" style=\"text-align: justify;\">Racib\u00f3rz Fels\u0151-Szil\u00e9zia egyik legr\u00e9gebbi \u00e9s legjelent\u0151sebb v\u00e1rosa, amely \u00e9vsz\u00e1zadokon \u00e1t fontos t\u00f6rt\u00e9nelmi szerepet t\u00f6lt\u00f6tt be a t\u00e9rs\u00e9gben. A k\u00f6zel hatvanezer lakos\u00fa telep\u00fcl\u00e9st kett\u00e9szeli az Odera foly\u00f3, amely a v\u00e1ros ter\u00fclet\u00e9n k\u00e9t \u00e1gra szakadva egy hatalmas szigetet \u00f6lel k\u00f6r\u00fcl. Ennek nyugati r\u00e9sz\u00e9n \u00e9p\u00fclt fel az \u00faj stadion, amely az\u00f3ta is a v\u00e1ros egyik meghat\u00e1roz\u00f3 sportl\u00e9tes\u00edtm\u00e9nye.<\/p>\n<p><img decoding=\"async\" class=\"aligncenter wp-image-82244 size-full\" src=\"https:\/\/dorogimedence.hu\/wp-content\/uploads\/2026\/07\/RB_1.jpg\" alt=\"\" width=\"1596\" height=\"1393\" srcset=\"https:\/\/dorogimedence.hu\/wp-content\/uploads\/2026\/07\/RB_1.jpg 1596w, https:\/\/dorogimedence.hu\/wp-content\/uploads\/2026\/07\/RB_1-600x524.jpg 600w, https:\/\/dorogimedence.hu\/wp-content\/uploads\/2026\/07\/RB_1-768x670.jpg 768w, https:\/\/dorogimedence.hu\/wp-content\/uploads\/2026\/07\/RB_1-1536x1341.jpg 1536w, https:\/\/dorogimedence.hu\/wp-content\/uploads\/2026\/07\/RB_1-150x131.jpg 150w, https:\/\/dorogimedence.hu\/wp-content\/uploads\/2026\/07\/RB_1-450x393.jpg 450w, https:\/\/dorogimedence.hu\/wp-content\/uploads\/2026\/07\/RB_1-1200x1047.jpg 1200w\" sizes=\"(max-width: 1596px) 100vw, 1596px\" \/><\/p>\n<p style=\"text-align: center;\"><span style=\"font-size: 10pt;\"><em>Racib\u00f3rz belv\u00e1rosa (forr\u00e1s: Wikimedia Commons)<\/em><\/span><\/p>\n<p class=\"isSelectedEnd\" style=\"text-align: justify;\">A lengyel \u00e9p\u00edt\u00e9sz, Oswald Ko\u0142odziej tervei alapj\u00e1n megval\u00f3sult ar\u00e9na mintegy harmincezer n\u00e9z\u0151 befogad\u00e1s\u00e1ra k\u00e9sz\u00fclt. Elhelyezked\u00e9se k\u00fcl\u00f6nleges: a nyugati lel\u00e1t\u00f3 m\u00f6g\u00f6tt k\u00f6zvetlen\u00fcl az Odera folyik, amely saj\u00e1tos hangulatot k\u00f6lcs\u00f6n\u00f6z a stadionnak. A korszer\u0171 l\u00e9tes\u00edtm\u00e9ny m\u00e1r \u00e1tad\u00e1sakor a t\u00e9rs\u00e9g egyik legjelent\u0151sebb sportk\u00f6zpontj\u00e1nak sz\u00e1m\u00edtott.<\/p>\n<p><img loading=\"lazy\" decoding=\"async\" class=\"aligncenter wp-image-82245 \" src=\"https:\/\/dorogimedence.hu\/wp-content\/uploads\/2026\/07\/RB_2.jpg\" alt=\"\" width=\"483\" height=\"635\" srcset=\"https:\/\/dorogimedence.hu\/wp-content\/uploads\/2026\/07\/RB_2.jpg 373w, https:\/\/dorogimedence.hu\/wp-content\/uploads\/2026\/07\/RB_2-150x197.jpg 150w\" sizes=\"(max-width: 483px) 100vw, 483px\" \/><\/p>\n<p style=\"text-align: center;\"><span style=\"font-size: 10pt;\"><em>S\u00e9t\u00e1l\u00f3utca Ricib\u00f3rzban (forr\u00e1s: Wikimedia Commons)<\/em><\/span><\/p>\n<h2><span style=\"font-size: 12pt;\">Negyvenezer n\u00e9z\u0151 el\u0151tt<\/span><\/h2>\n<p class=\"isSelectedEnd\" style=\"text-align: justify;\">Az \u00fcnnep\u00e9lyes stadionavat\u00f3t 1971. j\u00falius 31-\u00e9n, szombaton rendezt\u00e9k meg. Az \u00e9rdekl\u0151d\u00e9s minden v\u00e1rakoz\u00e1st fel\u00fclm\u00falt. B\u00e1r a stadion hivatalos befogad\u00f3k\u00e9pess\u00e9ge harmincezer f\u0151 volt, t\u00f6bb korabeli forr\u00e1s \u2013 k\u00f6zt\u00fck a <em>Dolgoz\u00f3k Lapja<\/em> \u2013 mintegy negyvenezer n\u00e9z\u0151 jelenl\u00e9t\u00e9r\u0151l sz\u00e1molt be. A lel\u00e1t\u00f3k zs\u00fafol\u00e1sig megteltek, \u00edgy a stadion t\u00f6rt\u00e9net\u00e9nek els\u0151 m\u00e9rk\u0151z\u00e9se val\u00f3di futball\u00fcnnepp\u00e9 v\u00e1lt.<\/p>\n<p><img loading=\"lazy\" decoding=\"async\" class=\"aligncenter wp-image-82287 size-full\" src=\"https:\/\/dorogimedence.hu\/wp-content\/uploads\/2026\/07\/RB_11.jpg\" alt=\"\" width=\"852\" height=\"656\" srcset=\"https:\/\/dorogimedence.hu\/wp-content\/uploads\/2026\/07\/RB_11.jpg 852w, https:\/\/dorogimedence.hu\/wp-content\/uploads\/2026\/07\/RB_11-600x462.jpg 600w, https:\/\/dorogimedence.hu\/wp-content\/uploads\/2026\/07\/RB_11-768x591.jpg 768w, https:\/\/dorogimedence.hu\/wp-content\/uploads\/2026\/07\/RB_11-150x115.jpg 150w, https:\/\/dorogimedence.hu\/wp-content\/uploads\/2026\/07\/RB_11-450x346.jpg 450w\" sizes=\"(max-width: 852px) 100vw, 852px\" \/><\/p>\n<p style=\"text-align: center;\"><span style=\"font-size: 10pt;\"><em>Zs\u00fafolt n\u00e9z\u0151t\u00e9r v\u00e1rta a dorogiak vend\u00e9gszerepl\u00e9s\u00e9t (forr\u00e1s: nowini.pl Sport)<\/em><\/span><\/p>\n<p style=\"text-align: justify;\">Sz\u00e1mos l\u00e1tv\u00e1nyoss\u00e1got \u00e9s k\u00eds\u00e9r\u0151rendezv\u00e9nyt terveztek a stadionba az alkalom meg\u00fcnnepl\u00e9s\u00e9re, t\u00f6bbek k\u00f6z\u00f6tt atl\u00e9tikai versenyeket, valamint a Tour de Pologne ker\u00e9kp\u00e1rversenyt, amely Z\u0105bkowice \u015al\u0105skie-b\u0151l Racib\u00f3rzba tart\u00f3 nyolcadik szakasz\u00e1nak c\u00e9lvonala az \u00fajonnan megny\u00edlt stadionban volt. J\u00f3val a ker\u00e9kp\u00e1rosok meg\u00e9rkez\u00e9se el\u0151tt a stadion tele volt a n\u00e9z\u0151kkel. D\u00e9lut\u00e1n 5 \u00f3ra ut\u00e1n a stadion hangsz\u00f3r\u00f3i bejelentett\u00e9k, hogy a ker\u00e9kp\u00e1ros mez\u0151ny k\u00f6zeledik a stadionhoz. A teljes k\u00f6z\u00f6ns\u00e9g \u00fcdv\u00f6z\u00f6lte a be\u00e9rkez\u0151 versenyz\u0151ket. A francia Magni nyerte a Tour de Pologue VIII. szakasz\u00e1t, a c\u00e9lvonaln\u00e1l megel\u0151zve a lengyel Ja\u015bni\u0144skit \u00e9s Bielskit. Szurkowski \u00e9s Szozda k\u00f6zvetlen\u00fcl m\u00f6g\u00f6tt\u00fck haladtak \u00e1t a c\u00e9lvonalon. Ezt k\u00f6vet\u0151en pedig az avat\u00f3\u00fcnneps\u00e9g f\u00e9nypontj\u00e1ra, az Unia Racib\u00f3rz \u2013 Dorog futballm\u00e9rk\u0151z\u00e9sre ker\u00fclt sor.<\/p>\n<p><img loading=\"lazy\" decoding=\"async\" class=\"aligncenter wp-image-82286 size-full\" src=\"https:\/\/dorogimedence.hu\/wp-content\/uploads\/2026\/07\/RB_10.jpg\" alt=\"\" width=\"844\" height=\"512\" srcset=\"https:\/\/dorogimedence.hu\/wp-content\/uploads\/2026\/07\/RB_10.jpg 844w, https:\/\/dorogimedence.hu\/wp-content\/uploads\/2026\/07\/RB_10-600x364.jpg 600w, https:\/\/dorogimedence.hu\/wp-content\/uploads\/2026\/07\/RB_10-768x466.jpg 768w, https:\/\/dorogimedence.hu\/wp-content\/uploads\/2026\/07\/RB_10-150x91.jpg 150w, https:\/\/dorogimedence.hu\/wp-content\/uploads\/2026\/07\/RB_10-450x273.jpg 450w\" sizes=\"(max-width: 844px) 100vw, 844px\" \/><\/p>\n<p style=\"text-align: center;\"><span style=\"font-size: 10pt;\"><em>A stadion m\u00e1sik oldala (forr\u00e1s: nowini.pl Sport)<\/em><\/span><\/p>\n<p class=\"isSelectedEnd\">A Dorogi B\u00e1ny\u00e1sz a k\u00f6vetkez\u0151 \u00f6ssze\u00e1ll\u00edt\u00e1sban l\u00e9pett p\u00e1ly\u00e1ra:<\/p>\n<p class=\"isSelectedEnd\" style=\"text-align: justify;\"><strong>Horv\u00e1th Istv\u00e1n \u2013 T\u00f3th Gyula, Kiss Rudolf, Lah\u00f3 Istv\u00e1n, Gabala Ferenc \u2013 Aspir\u00e1ny Ferenc, Horv\u00e1th P\u00e9ter, R\u00e1tvai Istv\u00e1n \u2013 Peszeki Jen\u0151, Bartalos J\u00f3zsef, Vir\u00e1g P\u00e1l.<\/strong><\/p>\n<p class=\"isSelectedEnd\">A vezet\u0151edz\u0151 H\u00e1ry L\u00e1szl\u00f3 volt.<\/p>\n<p class=\"isSelectedEnd\" style=\"text-align: justify;\">\u00c9rdekess\u00e9g, hogy a tal\u00e1lkoz\u00f3 idej\u00e9n \u00e9ppen n\u00e9vv\u00e1ltoz\u00e1s el\u0151tt \u00e1llt az egyes\u00fclet. A stadionavat\u00f3 m\u00e9rk\u0151z\u00e9sen hivatalosan m\u00e9g Dorogi B\u00e1ny\u00e1sz n\u00e9ven szerepelt a csapat, m\u00edg a Dorogi AC elnevez\u00e9s az 1971\u20131972-es bajnoki id\u00e9ny rajtj\u00e1t\u00f3l v\u00e1lt ism\u00e9t hivataloss\u00e1, visszat\u00e9rve a klub kor\u00e1bbi hagyom\u00e1nyaihoz.<\/p>\n<p><img loading=\"lazy\" decoding=\"async\" class=\"aligncenter wp-image-82288 \" src=\"https:\/\/dorogimedence.hu\/wp-content\/uploads\/2026\/07\/RB_12.jpg\" alt=\"\" width=\"464\" height=\"726\" srcset=\"https:\/\/dorogimedence.hu\/wp-content\/uploads\/2026\/07\/RB_12.jpg 356w, https:\/\/dorogimedence.hu\/wp-content\/uploads\/2026\/07\/RB_12-150x235.jpg 150w\" sizes=\"(max-width: 464px) 100vw, 464px\" \/><\/p>\n<p style=\"text-align: center;\"><span style=\"font-size: 10pt;\"><em>A m\u00e9rk\u0151z\u00e9sr\u0151l \u00edrt besz\u00e1mol\u00f3 a Dolgoz\u00f3k Lapja korabeli sz\u00e1m\u00e1ban<\/em><\/span><\/p>\n<h2><span style=\"font-size: 12pt;\">A Dorog k\u00f6zelebb \u00e1llt a gy\u0151zelemhez<\/span><\/h2>\n<p class=\"isSelectedEnd\" style=\"text-align: justify;\">A hazai egy\u00fcttes \u00f3ri\u00e1si lelkesed\u00e9ssel kezdte a tal\u00e1lkoz\u00f3t, \u00e9s mez\u0151nyf\u00f6l\u00e9nybe ker\u00fclt, komoly helyzetet azonban sok\u00e1ig nem tudott kialak\u00edtani. A dorogi v\u00e9delem fegyelmezetten \u00e9s szervezetten futballozott, \u00e1m m\u00e9g az els\u0151 f\u00e9lid\u0151 v\u00e9ge el\u0151tt vitathat\u00f3 k\u00f6r\u00fclm\u00e9nyek k\u00f6z\u00f6tt megsz\u00fcletett a stadion t\u00f6rt\u00e9net\u00e9nek els\u0151 g\u00f3lja.<\/p>\n<p class=\"isSelectedEnd\" style=\"text-align: justify;\">A lengyel t\u00e1mad\u00f3 l\u00e1tv\u00e1nyosan lesr\u0151l indult. A partjelz\u0151 azonnal emelte z\u00e1szlaj\u00e1t, a j\u00e1t\u00e9kvezet\u0151 azonban tov\u00e1bbengedte az akci\u00f3t. A dorogi v\u00e9d\u0151k a s\u00edpsz\u00f3ra v\u00e1rva meg\u00e1lltak, ezt kihaszn\u00e1lva a hazai j\u00e1t\u00e9kos; Jan K\u0142osek a kapuba l\u0151tt. A reklam\u00e1l\u00e1s ellen\u00e9re a tal\u00e1latot megadt\u00e1k, \u00edgy az els\u0151 g\u00f3l \u00f6r\u00f6kre bevonult az \u00faj stadion t\u00f6rt\u00e9net\u00e9be.<\/p>\n<p class=\"isSelectedEnd\" style=\"text-align: justify;\">A fordul\u00e1st k\u00f6vet\u0151en megv\u00e1ltozott a j\u00e1t\u00e9k k\u00e9pe. Egyre ink\u00e1bb a Dorogi B\u00e1ny\u00e1sz ir\u00e1ny\u00edtotta a m\u00e9rk\u0151z\u00e9st, \u00e9s t\u00f6bb vesz\u00e9lyes t\u00e1mad\u00e1st is vezetett. Az egyenl\u00edt\u00e9s v\u00e9g\u00fcl egy j\u00f3l fel\u00e9p\u00edtett akci\u00f3b\u00f3l sz\u00fcletett meg: Lah\u00f3 Istv\u00e1n t\u00e1voli l\u00f6v\u00e9s\u00e9t m\u00e9g brav\u00farral h\u00e1r\u00edtotta a lengyel kapus, a kipattan\u00f3 labd\u00e1ra azonban R\u00e1tvai Istv\u00e1n \u00e9rkezett els\u0151k\u00e9nt, \u00e9s k\u00f6zelr\u0151l a h\u00e1l\u00f3ba tov\u00e1bb\u00edtott.<\/p>\n<p><img loading=\"lazy\" decoding=\"async\" class=\"aligncenter wp-image-82248 size-full\" src=\"https:\/\/dorogimedence.hu\/wp-content\/uploads\/2026\/07\/RB_6.jpg\" alt=\"\" width=\"2106\" height=\"1146\" srcset=\"https:\/\/dorogimedence.hu\/wp-content\/uploads\/2026\/07\/RB_6.jpg 2106w, https:\/\/dorogimedence.hu\/wp-content\/uploads\/2026\/07\/RB_6-600x326.jpg 600w, https:\/\/dorogimedence.hu\/wp-content\/uploads\/2026\/07\/RB_6-1920x1045.jpg 1920w, https:\/\/dorogimedence.hu\/wp-content\/uploads\/2026\/07\/RB_6-768x418.jpg 768w, https:\/\/dorogimedence.hu\/wp-content\/uploads\/2026\/07\/RB_6-1536x836.jpg 1536w, https:\/\/dorogimedence.hu\/wp-content\/uploads\/2026\/07\/RB_6-2048x1114.jpg 2048w, https:\/\/dorogimedence.hu\/wp-content\/uploads\/2026\/07\/RB_6-150x82.jpg 150w, https:\/\/dorogimedence.hu\/wp-content\/uploads\/2026\/07\/RB_6-450x245.jpg 450w, https:\/\/dorogimedence.hu\/wp-content\/uploads\/2026\/07\/RB_6-1200x653.jpg 1200w\" sizes=\"(max-width: 2106px) 100vw, 2106px\" \/><\/p>\n<p style=\"text-align: justify;\"><span style=\"font-size: 10pt;\"><em>A hazaiak egyik t\u00e1mad\u00e1s\u00e1t Horv\u00e1th Istv\u00e1n kapus \u00e1rtalmatlan\u00edtja. A k\u00e9pen a s\u00f6t\u00e9t mezes dorogi t\u00e1rsak &#8211; balr\u00f3l T\u00f3th Gyula, Kiss Rudolf \u00e9s Horv\u00e1th P\u00e9ter, valamint t\u00e1volabb szemb\u0151l Lah\u00f3 Istv\u00e1n &#8211; k\u00eds\u00e9rik figyelemmel a fejlem\u00e9nyeket (forr\u00e1s: sport.nowiny.pl\/galeria).<\/em><\/span><\/p>\n<p style=\"text-align: justify;\">A hajr\u00e1ban a dorogiak t\u00f6bb alkalommal is megszerezhett\u00e9k volna a gy\u0151zelmet, v\u00e9g\u00fcl azonban maradt az 1\u20131-es d\u00f6ntetlen. A l\u00e1tottak alapj\u00e1n a magyar egy\u00fcttes \u00e1llt k\u00f6zelebb a sikerhez, ennek ellen\u00e9re a d\u00f6ntetlen is \u00e9rt\u00e9kes eredm\u00e9nynek sz\u00e1m\u00edtott. A stadionavat\u00f3 \u00fcnnepi hangulat\u00e1t tov\u00e1bb emelte, hogy a m\u00e9rk\u0151z\u00e9s v\u00e9g\u00e9n a k\u00f6z\u00f6ns\u00e9g mindk\u00e9t csapatot vastapssal b\u00facs\u00faztatta, elismerve a sportszer\u0171 \u00e9s sz\u00ednvonalas j\u00e1t\u00e9kot. A stadion megnyit\u00f3 \u00fcnneps\u00e9ge zen\u00e9vel \u00e9s t\u0171zij\u00e1t\u00e9kkal z\u00e1rult k\u00e9s\u0151 este.<\/p>\n<p><img loading=\"lazy\" decoding=\"async\" class=\"aligncenter wp-image-82249 size-full\" src=\"https:\/\/dorogimedence.hu\/wp-content\/uploads\/2026\/07\/RB_7.jpg\" alt=\"\" width=\"1600\" height=\"1088\" srcset=\"https:\/\/dorogimedence.hu\/wp-content\/uploads\/2026\/07\/RB_7.jpg 1600w, https:\/\/dorogimedence.hu\/wp-content\/uploads\/2026\/07\/RB_7-600x408.jpg 600w, https:\/\/dorogimedence.hu\/wp-content\/uploads\/2026\/07\/RB_7-768x522.jpg 768w, https:\/\/dorogimedence.hu\/wp-content\/uploads\/2026\/07\/RB_7-1536x1044.jpg 1536w, https:\/\/dorogimedence.hu\/wp-content\/uploads\/2026\/07\/RB_7-150x102.jpg 150w, https:\/\/dorogimedence.hu\/wp-content\/uploads\/2026\/07\/RB_7-450x306.jpg 450w, https:\/\/dorogimedence.hu\/wp-content\/uploads\/2026\/07\/RB_7-1200x816.jpg 1200w\" sizes=\"(max-width: 1600px) 100vw, 1600px\" \/><\/p>\n<h2><span style=\"font-size: 12pt;\">Az Osir stadion tov\u00e1bbi t\u00f6rt\u00e9nete<\/span><\/h2>\n<p class=\"isSelectedEnd\" style=\"text-align: justify;\">Az 1971-es stadionavat\u00f3 \u00f3ta az Osir Stadion sz\u00e1mos jelent\u0151s hazai \u00e9s nemzetk\u00f6zi sportesem\u00e9nynek adott otthont. A l\u00e9tes\u00edtm\u00e9nyben v\u00e1logatott m\u00e9rk\u0151z\u00e9seket is rendeztek, t\u00f6bbek k\u00f6z\u00f6tt a Lengyelorsz\u00e1g\u2013Csehszlov\u00e1kia tal\u00e1lkoz\u00f3t, amelyet a h\u00e1zigazd\u00e1k 2\u20130-ra nyertek. Nemzetk\u00f6zi kupam\u00e9rk\u0151z\u00e9snek is helysz\u00edne volt, amikor a nagy m\u00falt\u00fa G\u00f3rnik Zabrze itt fogadta a sv\u00e1jci Young Boys egy\u00fcttes\u00e9t, \u00e9s 3\u20130-s gy\u0151zelmet aratott.<\/p>\n<p><img loading=\"lazy\" decoding=\"async\" class=\"aligncenter wp-image-82285 size-full\" src=\"https:\/\/dorogimedence.hu\/wp-content\/uploads\/2026\/07\/RB_9.jpg\" alt=\"\" width=\"836\" height=\"473\" srcset=\"https:\/\/dorogimedence.hu\/wp-content\/uploads\/2026\/07\/RB_9.jpg 836w, https:\/\/dorogimedence.hu\/wp-content\/uploads\/2026\/07\/RB_9-600x339.jpg 600w, https:\/\/dorogimedence.hu\/wp-content\/uploads\/2026\/07\/RB_9-768x435.jpg 768w, https:\/\/dorogimedence.hu\/wp-content\/uploads\/2026\/07\/RB_9-150x85.jpg 150w, https:\/\/dorogimedence.hu\/wp-content\/uploads\/2026\/07\/RB_9-450x255.jpg 450w\" sizes=\"(max-width: 836px) 100vw, 836px\" \/><\/p>\n<p style=\"text-align: justify;\"><span style=\"font-size: 10pt;\"><em>A Dorog elleni m\u00e9rk\u0151z\u00e9st k\u00f6vet\u0151en levonul\u00f3 lengyel j\u00e1t\u00e9kosok \u00e9s a j\u00e1t\u00e9kvezet\u0151k. A h\u00e1tt\u00e9rben l\u00e9v\u0151 z\u00e1szl\u00f3tart\u00f3k egyik\u00e9n a dorogi lobog\u00f3 is l\u00e1tszik (forr\u00e1s: nowini.pl Sport).<\/em><\/span><\/p>\n<p style=\"text-align: justify;\">Az \u00e9vek sor\u00e1n a stadion a lengyel n\u0151i labdar\u00fag\u00e1s egyik meghat\u00e1roz\u00f3 k\u00f6zpontj\u00e1v\u00e1 is v\u00e1lt. Az RTP Unia Racib\u00f3rz hossz\u00fa id\u0151n \u00e1t a lengyel \u00e9lvonal \u00e9lcsapatai k\u00f6z\u00e9 tartozott, t\u00f6bb bajnoki c\u00edmet \u00e9s kupagy\u0151zelmet \u00fcnnepelhetett, mik\u00f6zben a nemzetk\u00f6zi porondon is figyelemre m\u00e9lt\u00f3 eredm\u00e9nyeket \u00e9rt el. A l\u00e9tes\u00edtm\u00e9ny t\u00f6bb alkalommal adott otthont a lengyel n\u0151i v\u00e1logatott m\u00e9rk\u0151z\u00e9seinek, valamint vil\u00e1gbajnoki selejtez\u0151knek is.<\/p>\n<p style=\"text-align: justify;\"><strong><span style=\"font-size: 12pt;\">A sportbar\u00e1ts\u00e1g Dorogon folytat\u00f3dott<\/span><\/strong><\/p>\n<p class=\"isSelectedEnd\" style=\"text-align: justify;\">A racib\u00f3rzi stadionavat\u00f3 azonban nem jelentette a k\u00e9t egyes\u00fclet kapcsolat\u00e1nak v\u00e9g\u00e9t. \u00c9ppen ellenkez\u0151leg: a tal\u00e1lkoz\u00f3 tov\u00e1bb er\u0151s\u00edtette a Dorogi B\u00e1ny\u00e1sz \u00e9s a KS Unia Racib\u00f3rz k\u00f6z\u00f6tti k\u00f6lcs\u00f6n\u00f6s tiszteletet \u00e9s sportbar\u00e1ts\u00e1got.<\/p>\n<p class=\"isSelectedEnd\" style=\"text-align: justify;\">A lengyel megh\u00edv\u00e1st a dorogiak r\u00f6vid id\u0151n bel\u00fcl viszonozt\u00e1k, \u00edgy 1971. szeptember 5-\u00e9n m\u00e1r Dorogon tal\u00e1lkozott ism\u00e9t a k\u00e9t csapat. A bar\u00e1ts\u00e1gos m\u00e9rk\u0151z\u00e9sen ez\u00fattal a hazai k\u00f6z\u00f6ns\u00e9g \u00f6r\u00fclhetett, hiszen a Dorogi B\u00e1ny\u00e1sz Peszeki Jen\u0151 \u00e9s So\u00f3s L\u00e1szl\u00f3 g\u00f3ljainak k\u00f6sz\u00f6nhet\u0151en gy\u0151zelmet aratott lengyel vend\u00e9ge felett. A m\u00e9rk\u0151z\u00e9s k\u00fcl\u00f6n \u00e9rdekess\u00e9ge volt, hogy a dorogiak az el\u0151z\u0151 nap ugyancsak otthon, bajnoki m\u00e9rk\u0151z\u00e9sen l\u00e9ptek p\u00e1ly\u00e1ra, ahol az \u00e9llovas Kecskem\u00e9ti D\u00f3zsa ellen gy\u0151zedelmeskedtek, m\u00e1snap pedig \u00fajfent megm\u00e9rk\u0151ztek \u00e9s ez\u00fattal is frissen mozogva, nagy j\u00e1t\u00e9kkedvvel vetett\u00e9k magukat a k\u00fczdelembe.<\/p>\n<p><img loading=\"lazy\" decoding=\"async\" class=\"aligncenter wp-image-82250 size-full\" src=\"https:\/\/dorogimedence.hu\/wp-content\/uploads\/2026\/07\/RB_8.jpg\" alt=\"\" width=\"1612\" height=\"1100\" srcset=\"https:\/\/dorogimedence.hu\/wp-content\/uploads\/2026\/07\/RB_8.jpg 1612w, https:\/\/dorogimedence.hu\/wp-content\/uploads\/2026\/07\/RB_8-600x409.jpg 600w, https:\/\/dorogimedence.hu\/wp-content\/uploads\/2026\/07\/RB_8-768x524.jpg 768w, https:\/\/dorogimedence.hu\/wp-content\/uploads\/2026\/07\/RB_8-1536x1048.jpg 1536w, https:\/\/dorogimedence.hu\/wp-content\/uploads\/2026\/07\/RB_8-150x102.jpg 150w, https:\/\/dorogimedence.hu\/wp-content\/uploads\/2026\/07\/RB_8-450x307.jpg 450w, https:\/\/dorogimedence.hu\/wp-content\/uploads\/2026\/07\/RB_8-1200x819.jpg 1200w\" sizes=\"(max-width: 1612px) 100vw, 1612px\" \/><\/p>\n<p class=\"isSelectedEnd\" style=\"text-align: justify;\">A k\u00e9t \u00f6sszecsap\u00e1s \u00edgy egy\u00fctt alkot teljes t\u00f6rt\u00e9netet. A racib\u00f3rzi stadionavat\u00f3 egy \u00faj l\u00e9tes\u00edtm\u00e9ny \u00fcnnepi nyit\u00e1ny\u00e1t jelentette, m\u00edg a dorogi viszontm\u00e9rk\u0151z\u00e9s m\u00e1r annak bizony\u00edt\u00e9ka volt, hogy a k\u00e9t klub k\u00f6z\u00f6tt val\u00f3di sportbar\u00e1ts\u00e1g alakult ki. Ez a k\u00f6lcs\u00f6n\u00f6s megbecs\u00fcl\u00e9s a p\u00e1ly\u00e1n ny\u00fajtott teljes\u00edtm\u00e9ny mellett a kor futball\u00e9let\u00e9nek egyik legszebb \u00e9rt\u00e9k\u00e9t is megtestes\u00edtette.<\/p>\n<p><img loading=\"lazy\" decoding=\"async\" class=\"aligncenter wp-image-82289 \" src=\"https:\/\/dorogimedence.hu\/wp-content\/uploads\/2026\/07\/RB_13.jpg\" alt=\"\" width=\"461\" height=\"664\" srcset=\"https:\/\/dorogimedence.hu\/wp-content\/uploads\/2026\/07\/RB_13.jpg 378w, https:\/\/dorogimedence.hu\/wp-content\/uploads\/2026\/07\/RB_13-150x216.jpg 150w\" sizes=\"(max-width: 461px) 100vw, 461px\" \/><\/p>\n<p style=\"text-align: center;\"><span style=\"font-size: 10pt;\"><em>A Dorogon lej\u00e1tszott m\u00e9rk\u0151z\u00e9s beharangoz\u00f3ja az egykori Dolgoz\u00f3k Lapja \u00fajs\u00e1gban<\/em><\/span><\/p>\n<h2><span style=\"font-size: 12pt;\">Egy eml\u00e9kezetes ny\u00e1r \u00f6r\u00f6ks\u00e9ge<\/span><\/h2>\n<p class=\"isSelectedEnd\" style=\"text-align: justify;\">A Dorogi B\u00e1ny\u00e1sz t\u00f6rt\u00e9nete sor\u00e1n t\u00f6bb alkalommal is megh\u00edv\u00e1st kapott stadionavat\u00f3 m\u00e9rk\u0151z\u00e9sekre, ami \u00f6nmag\u00e1ban is j\u00f3l mutatja a klub hazai \u00e9s nemzetk\u00f6zi elismerts\u00e9g\u00e9t. \u00c9rdekess\u00e9g, hogy ezeken az \u00fcnnepi tal\u00e1lkoz\u00f3kon a vend\u00e9gl\u00e1t\u00f3k egyszer sem tudt\u00e1k legy\u0151zni a dorogi egy\u00fcttest, s\u0151t t\u00f6bb alkalommal a mieink hagyhatt\u00e1k el gy\u0151ztesen a p\u00e1ly\u00e1t.<\/p>\n<p class=\"isSelectedEnd\" style=\"text-align: justify;\">\u00d6tven\u00f6t \u00e9v t\u00e1vlat\u00e1b\u00f3l visszatekintve a racib\u00f3rzi stadionavat\u00f3 m\u00e1r j\u00f3val t\u00f6bb egy bar\u00e1ts\u00e1gos m\u00e9rk\u0151z\u00e9sn\u00e9l. Egy \u00faj stadion \u00fcnnep\u00e9lyes megnyit\u00e1sa mellett egy maradand\u00f3 sportkapcsolat kezdet\u00e9t is jelentette, amely r\u00f6vid id\u0151n bel\u00fcl Dorogon folytat\u00f3dott.<\/p>\n<p><img loading=\"lazy\" decoding=\"async\" class=\"aligncenter wp-image-82252 size-full\" src=\"https:\/\/dorogimedence.hu\/wp-content\/uploads\/2026\/07\/RB_6-1.jpg\" alt=\"\" width=\"746\" height=\"504\" srcset=\"https:\/\/dorogimedence.hu\/wp-content\/uploads\/2026\/07\/RB_6-1.jpg 746w, https:\/\/dorogimedence.hu\/wp-content\/uploads\/2026\/07\/RB_6-1-600x405.jpg 600w, https:\/\/dorogimedence.hu\/wp-content\/uploads\/2026\/07\/RB_6-1-150x101.jpg 150w, https:\/\/dorogimedence.hu\/wp-content\/uploads\/2026\/07\/RB_6-1-450x304.jpg 450w\" sizes=\"(max-width: 746px) 100vw, 746px\" \/><\/p>\n<p style=\"text-align: center;\"><span style=\"font-size: 10pt;\"><em>Az Osir stadion napjainkban (forr\u00e1s: worldstadium.com)<\/em><\/span><\/p>\n<p class=\"isSelectedEnd\" style=\"text-align: justify;\">Az elm\u00falt \u00e9vek kutat\u00e1sainak k\u00f6sz\u00f6nhet\u0151en \u00fajabb dokumentumok, f\u00e9nyk\u00e9pek \u00e9s szem\u00e9lyes visszaeml\u00e9kez\u00e9sek ker\u00fcltek el\u0151, amelyek tov\u00e1bb gazdag\u00edtj\u00e1k ezt a sz\u00e9p fejezet\u00e9t a Dorogi B\u00e1ny\u00e1sz nemzetk\u00f6zi t\u00f6rt\u00e9net\u00e9nek. Mindezek r\u00e9v\u00e9n a t\u00f6bb mint f\u00e9l \u00e9vsz\u00e1zaddal ezel\u0151tti esem\u00e9nyek ma m\u00e1r nem csup\u00e1n a korabeli tud\u00f3s\u00edt\u00e1sokb\u00f3l, hanem a r\u00e9sztvev\u0151k eml\u00e9kein kereszt\u00fcl is megelevenednek, m\u00e9lt\u00f3 eml\u00e9ket \u00e1ll\u00edtva a k\u00e9t klub k\u00f6z\u00f6tti, p\u00e9ldamutat\u00f3 sportbar\u00e1ts\u00e1gnak.<\/p>\n<p><span style=\"text-decoration: underline;\">Bor\u00edt\u00f3k\u00e9p<\/span><em>: <\/em>Az Osir Stadion esti l\u00e1tk\u00e9pe napjainkban (Forr\u00e1s: nowiny.pl).<\/p>\n<p style=\"text-align: center;\">Felhaszn\u00e1lt forr\u00e1sok<\/p>\n<ul>\n<li style=\"text-align: justify;\">Kom\u00e1rom megyei Dolgoz\u00f3k Lapja 1971. augusztus 6. \u00e9s szeptember 4. sz\u00e1mai<\/li>\n<li style=\"text-align: justify;\">Zapomniana rocznica. Dok\u0142adnie 50 lat temu otwarto stadion w Raciborzu &#8211; nowini.pl Sport (lengyel nyelven)<\/li>\n<li style=\"text-align: justify;\">Andreas Rim, ay Unia Racib\u00f3rz egykori j\u00e1t\u00e9kos\u00e1nak visszaeml\u00e9kez\u00e9se a Trybuna Opolska alapj\u00e1n (lengyel nyelven)<\/li>\n<li style=\"text-align: justify;\">Jerzy Re\u017cny fot\u00f3i<\/li>\n<\/ul>\n<p style=\"text-align: justify;\">K\u00fcl\u00f6n k\u00f6sz\u00f6net Menyh\u00e1rt Csaba r\u00e9sz\u00e9re a Dorogi-medence eredeti k\u00e9parch\u00edvum\u00e1b\u00f3l t\u00f6rl\u0151d\u00f6tt Dolgoz\u00f3k Lapja cikkeinek p\u00f3tl\u00e1s\u00e1\u00e9rt.<\/p>\n<p><em><strong>Szab\u00f3 Gyula<\/strong><\/em><\/p>\n","protected":false},"excerpt":{"rendered":"<p>1971 nyara eml\u00e9kezetes id\u0151szakk\u00e9nt vonult be a Dorogi B\u00e1ny\u00e1sz t\u00f6rt\u00e9net\u00e9be. A bajnoks\u00e1g v\u00e9g\u00e9n kiv\u00edvott NB I B-s feljut\u00e1s \u00f6nmag\u00e1ban is okot adott az \u00fcnnepl\u00e9sre, a ny\u00e1r azonban egy \u00fajabb rangos elismer\u00e9st is tartogatott a csapat sz\u00e1m\u00e1ra. A lengyelorsz\u00e1gi Racib\u00f3rzban elk\u00e9sz\u00fclt az egyes\u00fclet \u00faj stadionja, amelynek \u00fcnnep\u00e9lyes avat\u00f3m\u00e9rk\u0151z\u00e9s\u00e9re a Dorogi B\u00e1ny\u00e1szt k\u00e9rt\u00e9k fel ellenf\u00e9lnek. Az 1971.<\/p>\n","protected":false},"author":4,"featured_media":82240,"comment_status":"closed","ping_status":"closed","sticky":false,"template":"","format":"standard","meta":{"ngg_post_thumbnail":0,"footnotes":""},"categories":[2,3,6031,5],"tags":[],"class_list":["post-82236","post","type-post","status-publish","format-standard","has-post-thumbnail","category-dorog","category-hirek","category-kerek-evfordulok","category-sport"],"yoast_head":"<!-- This site is optimized with the Yoast SEO plugin v28.3 - https:\/\/yoast.com\/product\/yoast-seo-wordpress\/ -->\n<title>55 \u00e9ve t\u00f6rt\u00e9nt: Stadionavat\u00f3 Lengyelorsz\u00e1gban a Dorogi B\u00e1ny\u00e1sszal<\/title>\n<meta name=\"robots\" content=\"index, follow, max-snippet:-1, max-image-preview:large, max-video-preview:-1\" \/>\n<link rel=\"canonical\" href=\"https:\/\/dorogimedence.hu\/index.php\/2026\/07\/31\/55-eve-tortent-stadionavato-lengyelorszagban-a-dorogi-banyasszal\/\" class=\"yoast-seo-meta-tag\" \/>\n<meta property=\"og:locale\" content=\"hu_HU\" class=\"yoast-seo-meta-tag\" \/>\n<meta property=\"og:type\" content=\"article\" class=\"yoast-seo-meta-tag\" \/>\n<meta property=\"og:title\" content=\"55 \u00e9ve t\u00f6rt\u00e9nt: Stadionavat\u00f3 Lengyelorsz\u00e1gban a Dorogi B\u00e1ny\u00e1sszal\" class=\"yoast-seo-meta-tag\" \/>\n<meta property=\"og:description\" content=\"1971 nyara eml\u00e9kezetes id\u0151szakk\u00e9nt vonult be a Dorogi B\u00e1ny\u00e1sz t\u00f6rt\u00e9net\u00e9be. A bajnoks\u00e1g v\u00e9g\u00e9n kiv\u00edvott NB I B-s feljut\u00e1s \u00f6nmag\u00e1ban is okot adott az \u00fcnnepl\u00e9sre, a ny\u00e1r azonban egy \u00fajabb rangos elismer\u00e9st is tartogatott a csapat sz\u00e1m\u00e1ra. A lengyelorsz\u00e1gi Racib\u00f3rzban elk\u00e9sz\u00fclt az egyes\u00fclet \u00faj stadionja, amelynek \u00fcnnep\u00e9lyes avat\u00f3m\u00e9rk\u0151z\u00e9s\u00e9re a Dorogi B\u00e1ny\u00e1szt k\u00e9rt\u00e9k fel ellenf\u00e9lnek. Az 1971.\" class=\"yoast-seo-meta-tag\" \/>\n<meta property=\"og:url\" content=\"https:\/\/dorogimedence.hu\/index.php\/2026\/07\/31\/55-eve-tortent-stadionavato-lengyelorszagban-a-dorogi-banyasszal\/\" class=\"yoast-seo-meta-tag\" \/>\n<meta property=\"og:site_name\" content=\"Dorogi-medence Region\u00e1lis H\u00edrport\u00e1l\" class=\"yoast-seo-meta-tag\" \/>\n<meta property=\"article:publisher\" content=\"https:\/\/www.facebook.com\/dorogimedence\/\" class=\"yoast-seo-meta-tag\" \/>\n<meta property=\"article:published_time\" content=\"2026-07-31T16:23:19+00:00\" class=\"yoast-seo-meta-tag\" \/>\n<meta property=\"article:modified_time\" content=\"2026-08-03T15:24:57+00:00\" class=\"yoast-seo-meta-tag\" \/>\n<meta property=\"og:image\" content=\"https:\/\/dorogimedence.hu\/wp-content\/uploads\/2026\/07\/VeglegesCoverraci.jpg\" class=\"yoast-seo-meta-tag\" \/>\n\t<meta property=\"og:image:width\" content=\"777\" class=\"yoast-seo-meta-tag\" \/>\n\t<meta property=\"og:image:height\" content=\"468\" class=\"yoast-seo-meta-tag\" \/>\n\t<meta property=\"og:image:type\" content=\"image\/jpeg\" class=\"yoast-seo-meta-tag\" \/>\n<meta name=\"author\" content=\"Szab\u00f3 Gyula\" class=\"yoast-seo-meta-tag\" \/>\n<meta name=\"twitter:card\" content=\"summary_large_image\" class=\"yoast-seo-meta-tag\" \/>\n<meta name=\"twitter:label1\" content=\"Szerz\u0151:\" class=\"yoast-seo-meta-tag\" \/>\n\t<meta name=\"twitter:data1\" content=\"Szab\u00f3 Gyula\" class=\"yoast-seo-meta-tag\" \/>\n\t<meta name=\"twitter:label2\" content=\"Becs\u00fclt olvas\u00e1si id\u0151\" class=\"yoast-seo-meta-tag\" \/>\n\t<meta name=\"twitter:data2\" content=\"11 perc\" class=\"yoast-seo-meta-tag\" \/>\n<script type=\"application\/ld+json\" class=\"yoast-schema-graph\">{\"@context\":\"https:\\\/\\\/schema.org\",\"@graph\":[{\"@type\":\"Article\",\"@id\":\"https:\\\/\\\/dorogimedence.hu\\\/index.php\\\/2026\\\/07\\\/31\\\/55-eve-tortent-stadionavato-lengyelorszagban-a-dorogi-banyasszal\\\/#article\",\"isPartOf\":{\"@id\":\"https:\\\/\\\/dorogimedence.hu\\\/index.php\\\/2026\\\/07\\\/31\\\/55-eve-tortent-stadionavato-lengyelorszagban-a-dorogi-banyasszal\\\/\"},\"author\":{\"name\":\"Szab\u00f3 Gyula\",\"@id\":\"https:\\\/\\\/dorogimedence.hu\\\/#\\\/schema\\\/person\\\/76605e8151ec1b7376385cd184ede973\"},\"headline\":\"55 \u00e9ve t\u00f6rt\u00e9nt: Stadionavat\u00f3 Lengyelorsz\u00e1gban a Dorogi B\u00e1ny\u00e1sszal\",\"datePublished\":\"2026-07-31T16:23:19+00:00\",\"dateModified\":\"2026-08-03T15:24:57+00:00\",\"mainEntityOfPage\":{\"@id\":\"https:\\\/\\\/dorogimedence.hu\\\/index.php\\\/2026\\\/07\\\/31\\\/55-eve-tortent-stadionavato-lengyelorszagban-a-dorogi-banyasszal\\\/\"},\"wordCount\":2270,\"publisher\":{\"@id\":\"https:\\\/\\\/dorogimedence.hu\\\/#organization\"},\"image\":{\"@id\":\"https:\\\/\\\/dorogimedence.hu\\\/index.php\\\/2026\\\/07\\\/31\\\/55-eve-tortent-stadionavato-lengyelorszagban-a-dorogi-banyasszal\\\/#primaryimage\"},\"thumbnailUrl\":\"https:\\\/\\\/dorogimedence.hu\\\/wp-content\\\/uploads\\\/2026\\\/07\\\/VeglegesCoverraci.jpg\",\"articleSection\":[\"Dorog\",\"H\u00edrek\",\"Kerek \u00e9vfordul\u00f3k\",\"Sport\"],\"inLanguage\":\"hu\"},{\"@type\":\"WebPage\",\"@id\":\"https:\\\/\\\/dorogimedence.hu\\\/index.php\\\/2026\\\/07\\\/31\\\/55-eve-tortent-stadionavato-lengyelorszagban-a-dorogi-banyasszal\\\/\",\"url\":\"https:\\\/\\\/dorogimedence.hu\\\/index.php\\\/2026\\\/07\\\/31\\\/55-eve-tortent-stadionavato-lengyelorszagban-a-dorogi-banyasszal\\\/\",\"name\":\"55 \u00e9ve t\u00f6rt\u00e9nt: Stadionavat\u00f3 Lengyelorsz\u00e1gban a Dorogi B\u00e1ny\u00e1sszal\",\"isPartOf\":{\"@id\":\"https:\\\/\\\/dorogimedence.hu\\\/#website\"},\"primaryImageOfPage\":{\"@id\":\"https:\\\/\\\/dorogimedence.hu\\\/index.php\\\/2026\\\/07\\\/31\\\/55-eve-tortent-stadionavato-lengyelorszagban-a-dorogi-banyasszal\\\/#primaryimage\"},\"image\":{\"@id\":\"https:\\\/\\\/dorogimedence.hu\\\/index.php\\\/2026\\\/07\\\/31\\\/55-eve-tortent-stadionavato-lengyelorszagban-a-dorogi-banyasszal\\\/#primaryimage\"},\"thumbnailUrl\":\"https:\\\/\\\/dorogimedence.hu\\\/wp-content\\\/uploads\\\/2026\\\/07\\\/VeglegesCoverraci.jpg\",\"datePublished\":\"2026-07-31T16:23:19+00:00\",\"dateModified\":\"2026-08-03T15:24:57+00:00\",\"breadcrumb\":{\"@id\":\"https:\\\/\\\/dorogimedence.hu\\\/index.php\\\/2026\\\/07\\\/31\\\/55-eve-tortent-stadionavato-lengyelorszagban-a-dorogi-banyasszal\\\/#breadcrumb\"},\"inLanguage\":\"hu\",\"potentialAction\":[{\"@type\":\"ReadAction\",\"target\":[\"https:\\\/\\\/dorogimedence.hu\\\/index.php\\\/2026\\\/07\\\/31\\\/55-eve-tortent-stadionavato-lengyelorszagban-a-dorogi-banyasszal\\\/\"]}]},{\"@type\":\"ImageObject\",\"inLanguage\":\"hu\",\"@id\":\"https:\\\/\\\/dorogimedence.hu\\\/index.php\\\/2026\\\/07\\\/31\\\/55-eve-tortent-stadionavato-lengyelorszagban-a-dorogi-banyasszal\\\/#primaryimage\",\"url\":\"https:\\\/\\\/dorogimedence.hu\\\/wp-content\\\/uploads\\\/2026\\\/07\\\/VeglegesCoverraci.jpg\",\"contentUrl\":\"https:\\\/\\\/dorogimedence.hu\\\/wp-content\\\/uploads\\\/2026\\\/07\\\/VeglegesCoverraci.jpg\",\"width\":777,\"height\":468},{\"@type\":\"BreadcrumbList\",\"@id\":\"https:\\\/\\\/dorogimedence.hu\\\/index.php\\\/2026\\\/07\\\/31\\\/55-eve-tortent-stadionavato-lengyelorszagban-a-dorogi-banyasszal\\\/#breadcrumb\",\"itemListElement\":[{\"@type\":\"ListItem\",\"position\":1,\"name\":\"Kezd\u0151lap\",\"item\":\"https:\\\/\\\/dorogimedence.hu\\\/\"},{\"@type\":\"ListItem\",\"position\":2,\"name\":\"55 \u00e9ve t\u00f6rt\u00e9nt: Stadionavat\u00f3 Lengyelorsz\u00e1gban a Dorogi B\u00e1ny\u00e1sszal\"}]},{\"@type\":\"WebSite\",\"@id\":\"https:\\\/\\\/dorogimedence.hu\\\/#website\",\"url\":\"https:\\\/\\\/dorogimedence.hu\\\/\",\"name\":\"Dorogi-medence Region\u00e1lis H\u00edrport\u00e1l\",\"description\":\"Dorog, Keszt\u00f6lc, Le\u00e1nyv\u00e1r, Piliscs\u00e9v, Tokod, Tokodalt\u00e1r\u00f3, Csolnok, Esztergom-kertv\u00e1ros: h\u00edrek, programok\",\"publisher\":{\"@id\":\"https:\\\/\\\/dorogimedence.hu\\\/#organization\"},\"potentialAction\":[{\"@type\":\"SearchAction\",\"target\":{\"@type\":\"EntryPoint\",\"urlTemplate\":\"https:\\\/\\\/dorogimedence.hu\\\/?s={search_term_string}\"},\"query-input\":{\"@type\":\"PropertyValueSpecification\",\"valueRequired\":true,\"valueName\":\"search_term_string\"}}],\"inLanguage\":\"hu\"},{\"@type\":\"Organization\",\"@id\":\"https:\\\/\\\/dorogimedence.hu\\\/#organization\",\"name\":\"Dorogi-medence Region\u00e1lis H\u00edrport\u00e1l\",\"url\":\"https:\\\/\\\/dorogimedence.hu\\\/\",\"logo\":{\"@type\":\"ImageObject\",\"inLanguage\":\"hu\",\"@id\":\"https:\\\/\\\/dorogimedence.hu\\\/#\\\/schema\\\/logo\\\/image\\\/\",\"url\":\"https:\\\/\\\/dorogimedence.hu\\\/wp-content\\\/uploads\\\/2021\\\/04\\\/logo-feher-600.png\",\"contentUrl\":\"https:\\\/\\\/dorogimedence.hu\\\/wp-content\\\/uploads\\\/2021\\\/04\\\/logo-feher-600.png\",\"width\":600,\"height\":100,\"caption\":\"Dorogi-medence Region\u00e1lis H\u00edrport\u00e1l\"},\"image\":{\"@id\":\"https:\\\/\\\/dorogimedence.hu\\\/#\\\/schema\\\/logo\\\/image\\\/\"},\"sameAs\":[\"https:\\\/\\\/www.facebook.com\\\/dorogimedence\\\/\"]},{\"@type\":\"Person\",\"@id\":\"https:\\\/\\\/dorogimedence.hu\\\/#\\\/schema\\\/person\\\/76605e8151ec1b7376385cd184ede973\",\"name\":\"Szab\u00f3 Gyula\",\"image\":{\"@type\":\"ImageObject\",\"inLanguage\":\"hu\",\"@id\":\"\\\/\\\/www.gravatar.com\\\/avatar\\\/3e44b6fb2ef9bcea3639958cc2a587cb?s=96&#038;r=g&#038;d=mm\",\"url\":\"\\\/\\\/www.gravatar.com\\\/avatar\\\/3e44b6fb2ef9bcea3639958cc2a587cb?s=96&#038;r=g&#038;d=mm\",\"contentUrl\":\"\\\/\\\/www.gravatar.com\\\/avatar\\\/3e44b6fb2ef9bcea3639958cc2a587cb?s=96&#038;r=g&#038;d=mm\",\"caption\":\"Szab\u00f3 Gyula\"}}]}<\/script>\n<!-- \/ Yoast SEO plugin. -->","yoast_head_json":{"title":"55 \u00e9ve t\u00f6rt\u00e9nt: Stadionavat\u00f3 Lengyelorsz\u00e1gban a Dorogi B\u00e1ny\u00e1sszal","robots":{"index":"index","follow":"follow","max-snippet":"max-snippet:-1","max-image-preview":"max-image-preview:large","max-video-preview":"max-video-preview:-1"},"canonical":"https:\/\/dorogimedence.hu\/index.php\/2026\/07\/31\/55-eve-tortent-stadionavato-lengyelorszagban-a-dorogi-banyasszal\/","og_locale":"hu_HU","og_type":"article","og_title":"55 \u00e9ve t\u00f6rt\u00e9nt: Stadionavat\u00f3 Lengyelorsz\u00e1gban a Dorogi B\u00e1ny\u00e1sszal","og_description":"1971 nyara eml\u00e9kezetes id\u0151szakk\u00e9nt vonult be a Dorogi B\u00e1ny\u00e1sz t\u00f6rt\u00e9net\u00e9be. A bajnoks\u00e1g v\u00e9g\u00e9n kiv\u00edvott NB I B-s feljut\u00e1s \u00f6nmag\u00e1ban is okot adott az \u00fcnnepl\u00e9sre, a ny\u00e1r azonban egy \u00fajabb rangos elismer\u00e9st is tartogatott a csapat sz\u00e1m\u00e1ra. A lengyelorsz\u00e1gi Racib\u00f3rzban elk\u00e9sz\u00fclt az egyes\u00fclet \u00faj stadionja, amelynek \u00fcnnep\u00e9lyes avat\u00f3m\u00e9rk\u0151z\u00e9s\u00e9re a Dorogi B\u00e1ny\u00e1szt k\u00e9rt\u00e9k fel ellenf\u00e9lnek. Az 1971.","og_url":"https:\/\/dorogimedence.hu\/index.php\/2026\/07\/31\/55-eve-tortent-stadionavato-lengyelorszagban-a-dorogi-banyasszal\/","og_site_name":"Dorogi-medence Region\u00e1lis H\u00edrport\u00e1l","article_publisher":"https:\/\/www.facebook.com\/dorogimedence\/","article_published_time":"2026-07-31T16:23:19+00:00","article_modified_time":"2026-08-03T15:24:57+00:00","og_image":[{"width":777,"height":468,"url":"https:\/\/dorogimedence.hu\/wp-content\/uploads\/2026\/07\/VeglegesCoverraci.jpg","type":"image\/jpeg"}],"author":"Szab\u00f3 Gyula","twitter_card":"summary_large_image","twitter_misc":{"Szerz\u0151:":"Szab\u00f3 Gyula","Becs\u00fclt olvas\u00e1si id\u0151":"11 perc"},"schema":{"@context":"https:\/\/schema.org","@graph":[{"@type":"Article","@id":"https:\/\/dorogimedence.hu\/index.php\/2026\/07\/31\/55-eve-tortent-stadionavato-lengyelorszagban-a-dorogi-banyasszal\/#article","isPartOf":{"@id":"https:\/\/dorogimedence.hu\/index.php\/2026\/07\/31\/55-eve-tortent-stadionavato-lengyelorszagban-a-dorogi-banyasszal\/"},"author":{"name":"Szab\u00f3 Gyula","@id":"https:\/\/dorogimedence.hu\/#\/schema\/person\/76605e8151ec1b7376385cd184ede973"},"headline":"55 \u00e9ve t\u00f6rt\u00e9nt: Stadionavat\u00f3 Lengyelorsz\u00e1gban a Dorogi B\u00e1ny\u00e1sszal","datePublished":"2026-07-31T16:23:19+00:00","dateModified":"2026-08-03T15:24:57+00:00","mainEntityOfPage":{"@id":"https:\/\/dorogimedence.hu\/index.php\/2026\/07\/31\/55-eve-tortent-stadionavato-lengyelorszagban-a-dorogi-banyasszal\/"},"wordCount":2270,"publisher":{"@id":"https:\/\/dorogimedence.hu\/#organization"},"image":{"@id":"https:\/\/dorogimedence.hu\/index.php\/2026\/07\/31\/55-eve-tortent-stadionavato-lengyelorszagban-a-dorogi-banyasszal\/#primaryimage"},"thumbnailUrl":"https:\/\/dorogimedence.hu\/wp-content\/uploads\/2026\/07\/VeglegesCoverraci.jpg","articleSection":["Dorog","H\u00edrek","Kerek \u00e9vfordul\u00f3k","Sport"],"inLanguage":"hu"},{"@type":"WebPage","@id":"https:\/\/dorogimedence.hu\/index.php\/2026\/07\/31\/55-eve-tortent-stadionavato-lengyelorszagban-a-dorogi-banyasszal\/","url":"https:\/\/dorogimedence.hu\/index.php\/2026\/07\/31\/55-eve-tortent-stadionavato-lengyelorszagban-a-dorogi-banyasszal\/","name":"55 \u00e9ve t\u00f6rt\u00e9nt: Stadionavat\u00f3 Lengyelorsz\u00e1gban a Dorogi B\u00e1ny\u00e1sszal","isPartOf":{"@id":"https:\/\/dorogimedence.hu\/#website"},"primaryImageOfPage":{"@id":"https:\/\/dorogimedence.hu\/index.php\/2026\/07\/31\/55-eve-tortent-stadionavato-lengyelorszagban-a-dorogi-banyasszal\/#primaryimage"},"image":{"@id":"https:\/\/dorogimedence.hu\/index.php\/2026\/07\/31\/55-eve-tortent-stadionavato-lengyelorszagban-a-dorogi-banyasszal\/#primaryimage"},"thumbnailUrl":"https:\/\/dorogimedence.hu\/wp-content\/uploads\/2026\/07\/VeglegesCoverraci.jpg","datePublished":"2026-07-31T16:23:19+00:00","dateModified":"2026-08-03T15:24:57+00:00","breadcrumb":{"@id":"https:\/\/dorogimedence.hu\/index.php\/2026\/07\/31\/55-eve-tortent-stadionavato-lengyelorszagban-a-dorogi-banyasszal\/#breadcrumb"},"inLanguage":"hu","potentialAction":[{"@type":"ReadAction","target":["https:\/\/dorogimedence.hu\/index.php\/2026\/07\/31\/55-eve-tortent-stadionavato-lengyelorszagban-a-dorogi-banyasszal\/"]}]},{"@type":"ImageObject","inLanguage":"hu","@id":"https:\/\/dorogimedence.hu\/index.php\/2026\/07\/31\/55-eve-tortent-stadionavato-lengyelorszagban-a-dorogi-banyasszal\/#primaryimage","url":"https:\/\/dorogimedence.hu\/wp-content\/uploads\/2026\/07\/VeglegesCoverraci.jpg","contentUrl":"https:\/\/dorogimedence.hu\/wp-content\/uploads\/2026\/07\/VeglegesCoverraci.jpg","width":777,"height":468},{"@type":"BreadcrumbList","@id":"https:\/\/dorogimedence.hu\/index.php\/2026\/07\/31\/55-eve-tortent-stadionavato-lengyelorszagban-a-dorogi-banyasszal\/#breadcrumb","itemListElement":[{"@type":"ListItem","position":1,"name":"Kezd\u0151lap","item":"https:\/\/dorogimedence.hu\/"},{"@type":"ListItem","position":2,"name":"55 \u00e9ve t\u00f6rt\u00e9nt: Stadionavat\u00f3 Lengyelorsz\u00e1gban a Dorogi B\u00e1ny\u00e1sszal"}]},{"@type":"WebSite","@id":"https:\/\/dorogimedence.hu\/#website","url":"https:\/\/dorogimedence.hu\/","name":"Dorogi-medence Region\u00e1lis H\u00edrport\u00e1l","description":"Dorog, Keszt\u00f6lc, Le\u00e1nyv\u00e1r, Piliscs\u00e9v, Tokod, Tokodalt\u00e1r\u00f3, Csolnok, Esztergom-kertv\u00e1ros: h\u00edrek, programok","publisher":{"@id":"https:\/\/dorogimedence.hu\/#organization"},"potentialAction":[{"@type":"SearchAction","target":{"@type":"EntryPoint","urlTemplate":"https:\/\/dorogimedence.hu\/?s={search_term_string}"},"query-input":{"@type":"PropertyValueSpecification","valueRequired":true,"valueName":"search_term_string"}}],"inLanguage":"hu"},{"@type":"Organization","@id":"https:\/\/dorogimedence.hu\/#organization","name":"Dorogi-medence Region\u00e1lis H\u00edrport\u00e1l","url":"https:\/\/dorogimedence.hu\/","logo":{"@type":"ImageObject","inLanguage":"hu","@id":"https:\/\/dorogimedence.hu\/#\/schema\/logo\/image\/","url":"https:\/\/dorogimedence.hu\/wp-content\/uploads\/2021\/04\/logo-feher-600.png","contentUrl":"https:\/\/dorogimedence.hu\/wp-content\/uploads\/2021\/04\/logo-feher-600.png","width":600,"height":100,"caption":"Dorogi-medence Region\u00e1lis H\u00edrport\u00e1l"},"image":{"@id":"https:\/\/dorogimedence.hu\/#\/schema\/logo\/image\/"},"sameAs":["https:\/\/www.facebook.com\/dorogimedence\/"]},{"@type":"Person","@id":"https:\/\/dorogimedence.hu\/#\/schema\/person\/76605e8151ec1b7376385cd184ede973","name":"Szab\u00f3 Gyula","image":{"@type":"ImageObject","inLanguage":"hu","@id":"\/\/www.gravatar.com\/avatar\/3e44b6fb2ef9bcea3639958cc2a587cb?s=96&#038;r=g&#038;d=mm","url":"\/\/www.gravatar.com\/avatar\/3e44b6fb2ef9bcea3639958cc2a587cb?s=96&#038;r=g&#038;d=mm","contentUrl":"\/\/www.gravatar.com\/avatar\/3e44b6fb2ef9bcea3639958cc2a587cb?s=96&#038;r=g&#038;d=mm","caption":"Szab\u00f3 Gyula"}}]}},"_links":{"self":[{"href":"https:\/\/dorogimedence.hu\/index.php\/wp-json\/wp\/v2\/posts\/82236","targetHints":{"allow":["GET"]}}],"collection":[{"href":"https:\/\/dorogimedence.hu\/index.php\/wp-json\/wp\/v2\/posts"}],"about":[{"href":"https:\/\/dorogimedence.hu\/index.php\/wp-json\/wp\/v2\/types\/post"}],"author":[{"embeddable":true,"href":"https:\/\/dorogimedence.hu\/index.php\/wp-json\/wp\/v2\/users\/4"}],"replies":[{"embeddable":true,"href":"https:\/\/dorogimedence.hu\/index.php\/wp-json\/wp\/v2\/comments?post=82236"}],"version-history":[{"count":14,"href":"https:\/\/dorogimedence.hu\/index.php\/wp-json\/wp\/v2\/posts\/82236\/revisions"}],"predecessor-version":[{"id":82476,"href":"https:\/\/dorogimedence.hu\/index.php\/wp-json\/wp\/v2\/posts\/82236\/revisions\/82476"}],"wp:featuredmedia":[{"embeddable":true,"href":"https:\/\/dorogimedence.hu\/index.php\/wp-json\/wp\/v2\/media\/82240"}],"wp:attachment":[{"href":"https:\/\/dorogimedence.hu\/index.php\/wp-json\/wp\/v2\/media?parent=82236"}],"wp:term":[{"taxonomy":"category","embeddable":true,"href":"https:\/\/dorogimedence.hu\/index.php\/wp-json\/wp\/v2\/categories?post=82236"},{"taxonomy":"post_tag","embeddable":true,"href":"https:\/\/dorogimedence.hu\/index.php\/wp-json\/wp\/v2\/tags?post=82236"}],"curies":[{"name":"wp","href":"https:\/\/api.w.org\/{rel}","templated":true}]}}