{"id":82231,"date":"2026-07-26T10:13:41","date_gmt":"2026-07-26T08:13:41","guid":{"rendered":"https:\/\/dorogimedence.hu\/?p=82231"},"modified":"2026-07-26T10:13:41","modified_gmt":"2026-07-26T08:13:41","slug":"magabiztos-gyozelemmel-rajtolt-a-dorogi-banyasz-fc","status":"publish","type":"post","link":"https:\/\/dorogimedence.hu\/index.php\/2026\/07\/26\/magabiztos-gyozelemmel-rajtolt-a-dorogi-banyasz-fc\/","title":{"rendered":"Magabiztos gy\u0151zelemmel rajtolt a Dorogi B\u00e1ny\u00e1sz FC"},"content":{"rendered":"<p><strong>Hazai p\u00e1ly\u00e1n, 4\u20131-es gy\u0151zelemmel kezdte meg szerepl\u00e9s\u00e9t a Dorogi B\u00e1ny\u00e1sz FC az NB III \u00c9szak-Nyugati csoportj\u00e1nak 2026\/2027-es id\u00e9ny\u00e9ben. A dorogiak j\u00falius 25-\u00e9n, szombaton a Balatonalm\u00e1di SE egy\u00fcttes\u00e9t fogadt\u00e1k a Buz\u00e1nszky Jen\u0151 Labdar\u00fag\u00f3 Stadionban.<\/strong><\/p>\n<h3>M\u00e1r a negyedik percben megszerezte a vezet\u00e9st a Dorog<\/h3>\n<p>A hazai csapat remek\u00fcl kezdte a m\u00e9rk\u0151z\u00e9st: Tischler Patrik m\u00e1r a 4. percben betal\u00e1lt, ezzel megszerezte a vezet\u00e9st a Dorognak. A vend\u00e9gek gyorsan v\u00e1laszoltak, \u00c1cs Gerg\u0151 a 11. percben egyenl\u00edtett.<\/p>\n<p>Az els\u0151 f\u00e9lid\u0151 r\u00e1ad\u00e1s\u00e1ban Balatoni S\u00e1ndor J\u00e1nos \u00f6ng\u00f3lj\u00e1val ism\u00e9t a Dorogi B\u00e1ny\u00e1sz FC ker\u00fclt el\u0151nybe, \u00edgy 2\u20131-es hazai vezet\u00e9ssel vonultak sz\u00fcnetre a csapatok.<\/p>\n<p>A fordul\u00e1s ut\u00e1n szinte azonnal tov\u00e1bb n\u00f6velte el\u0151ny\u00e9t a Dorog: Szamosi Tam\u00e1s a 48. percben megszerezte a hazaiak harmadik tal\u00e1lat\u00e1t. A v\u00e9geredm\u00e9nyt Cseszneki Rich\u00e1rd \u00e1ll\u00edtotta be a 76. percben, \u00edgy a Dorogi B\u00e1ny\u00e1sz FC magabiztos, 4\u20131-es gy\u0151zelemmel kezdte az \u00faj bajnoki id\u00e9nyt.<\/p>\n<h3>A m\u00e9rk\u0151z\u00e9s adatai<\/h3>\n<p>NB III \u00c9szak-Nyugati csoport, 1. fordul\u00f3<br \/>\nDorogi B\u00e1ny\u00e1sz FC \u2013 Balatonalm\u00e1di SE 4\u20131 (2\u20131)<\/p>\n<p>Dorog, Buz\u00e1nszky Jen\u0151 Labdar\u00fag\u00f3 Stadion<\/p>\n<p>J\u00e1t\u00e9kvezet\u0151: Moln\u00e1r R\u00e9ka<br \/>\nAsszisztensek: Gergely M\u00e1rton, Derda Noel Keve<\/p>\n<p>G\u00f3lszerz\u0151k: Tischler Patrik (4.), Balatoni S\u00e1ndor J\u00e1nos (\u00f6ng\u00f3l, 47.), Szamosi Tam\u00e1s (48.), Cseszneki Rich\u00e1rd (76.), illetve \u00c1cs Gerg\u0151 (11.).<\/p>\n<h3>A Dorogi B\u00e1ny\u00e1sz FC \u00f6ssze\u00e1ll\u00edt\u00e1sa<\/h3>\n<p>Mergl Szabolcs Tam\u00e1s \u2013 Szamosi Tam\u00e1s, Nemes Mil\u00e1n Imre, Bed\u0151v\u00e1ri P\u00e9ter P\u00e1l, Szil\u00e1gyi M\u00e1t\u00e9 (K\u00f6vesdi P\u00e9ter, 68.), Tischler Patrik (Ber\u00e9nyi Erik, 68.), Koman Vladimir (Bord\u00e1cs Zolt\u00e1n, 79.), Cseszneki Rich\u00e1rd, Dull\u00f3 Martin, Bolla \u00c1ron (So\u00f3s Bence, 79.), Schildkraut Kriszti\u00e1n (Lad\u00e1nyi Gerg\u0151, 57.).<\/p>\n<p>A kispadon maradt: L\u00f3th P\u00e9ter, Major Tam\u00e1s Emil, Farag\u00f3 B\u00e1lint, Major Martin, Sipos G\u00e1bor, Erdey Zsombor \u00e9s Sz\u00e1hl P\u00e9ter.<\/p>\n<p>Vezet\u0151edz\u0151: T\u00f3th Andr\u00e1s.<\/p>\n<p><a href=\"https:\/\/adatbank.mlsz.hu\/match\/67\/0\/34055\/1\/2187938.html\" target=\"_blank\" rel=\"noopener\"><span style=\"text-decoration: underline; color: #0000ff;\">A m\u00e9rk\u0151z\u00e9s jegyz\u0151k\u00f6nyve&gt;&gt;<\/span><\/a><\/p>\n<h3>\u00daj t\u00e1mogat\u00f3t jelentett be a klub<\/h3>\n<p>A m\u00e9rk\u0151z\u00e9st megel\u0151z\u0151en a Dorogi B\u00e1ny\u00e1sz FC azt is bejelentette, hogy \u00faj t\u00e1mogat\u00f3val k\u00f6t\u00f6tt meg\u00e1llapod\u00e1st. A klub partnere a <a href=\"https:\/\/dorogimedence.hu\/index.php\/2026\/05\/15\/holi-color-fest-maria-korzo-kosbor-tobb-rendezvenyen-is-ott-lesz-a-dorogi-vybe-vodka\/\" target=\"_blank\" rel=\"noopener\"><span style=\"text-decoration: underline; color: #0000ff;\">VYBE<\/span><\/a> lett, amely egy fiatal dorogi m\u00e1rka.<\/p>\n<p>A v\u00e1llalkoz\u00e1s 100 sz\u00e1zal\u00e9kban magyar cirokb\u00f3l k\u00e9sz\u00fcl\u0151, term\u00e9szet\u00e9n\u00e9l fogva glut\u00e9nmentes pr\u00e9mium vodk\u00e1t gy\u00e1rt. A klasszikus v\u00e1ltozat mellett Citrus &amp; Mint, Strawberry &amp; Vanilla, valamint Honey &amp; Chili \u00edzes\u00edt\u00e9s\u0171 term\u00e9kek is szerepelnek a k\u00edn\u00e1lat\u00e1ban.<\/p>\n<p><img fetchpriority=\"high\" decoding=\"async\" class=\"alignnone size-full wp-image-82232\" src=\"https:\/\/dorogimedence.hu\/wp-content\/uploads\/2026\/07\/753628188_27707748585556048_4271348639361448449_n.jpg\" alt=\"\" width=\"1254\" height=\"1254\" srcset=\"https:\/\/dorogimedence.hu\/wp-content\/uploads\/2026\/07\/753628188_27707748585556048_4271348639361448449_n.jpg 1254w, https:\/\/dorogimedence.hu\/wp-content\/uploads\/2026\/07\/753628188_27707748585556048_4271348639361448449_n-600x600.jpg 600w, https:\/\/dorogimedence.hu\/wp-content\/uploads\/2026\/07\/753628188_27707748585556048_4271348639361448449_n-300x300.jpg 300w, https:\/\/dorogimedence.hu\/wp-content\/uploads\/2026\/07\/753628188_27707748585556048_4271348639361448449_n-768x768.jpg 768w, https:\/\/dorogimedence.hu\/wp-content\/uploads\/2026\/07\/753628188_27707748585556048_4271348639361448449_n-150x150.jpg 150w, https:\/\/dorogimedence.hu\/wp-content\/uploads\/2026\/07\/753628188_27707748585556048_4271348639361448449_n-450x450.jpg 450w, https:\/\/dorogimedence.hu\/wp-content\/uploads\/2026\/07\/753628188_27707748585556048_4271348639361448449_n-1200x1200.jpg 1200w\" sizes=\"(max-width: 1254px) 100vw, 1254px\" \/><\/p>\n<p><em>K\u00e9pek: Dorogi B\u00e1ny\u00e1sz FC Facebook-oldala<\/em><\/p>\n","protected":false},"excerpt":{"rendered":"<p>Hazai p\u00e1ly\u00e1n, 4\u20131-es gy\u0151zelemmel kezdte meg szerepl\u00e9s\u00e9t a Dorogi B\u00e1ny\u00e1sz FC az NB III \u00c9szak-Nyugati csoportj\u00e1nak 2026\/2027-es id\u00e9ny\u00e9ben. A dorogiak j\u00falius 25-\u00e9n, szombaton a Balatonalm\u00e1di SE egy\u00fcttes\u00e9t fogadt\u00e1k a Buz\u00e1nszky Jen\u0151 Labdar\u00fag\u00f3 Stadionban. M\u00e1r a negyedik percben megszerezte a vezet\u00e9st a Dorog A hazai csapat remek\u00fcl kezdte a m\u00e9rk\u0151z\u00e9st: Tischler Patrik m\u00e1r a 4. percben<\/p>\n","protected":false},"author":1,"featured_media":82233,"comment_status":"closed","ping_status":"closed","sticky":false,"template":"","format":"standard","meta":{"ngg_post_thumbnail":0,"footnotes":""},"categories":[2,3,5],"tags":[15,8932,5624,70,69,72,7311,16],"class_list":["post-82231","post","type-post","status-publish","format-standard","has-post-thumbnail","category-dorog","category-hirek","category-sport","tag-dorog","tag-dorogi-banyasz-fc","tag-featured","tag-foci","tag-futball","tag-labdarugas","tag-nb-iii","tag-sport"],"yoast_head":"<!-- This site is optimized with the Yoast SEO plugin v28.3 - https:\/\/yoast.com\/product\/yoast-seo-wordpress\/ -->\n<title>Magabiztos gy\u0151zelemmel rajtolt a Dorogi B\u00e1ny\u00e1sz FC<\/title>\n<meta name=\"robots\" content=\"index, follow, max-snippet:-1, max-image-preview:large, max-video-preview:-1\" \/>\n<link rel=\"canonical\" href=\"https:\/\/dorogimedence.hu\/index.php\/2026\/07\/26\/magabiztos-gyozelemmel-rajtolt-a-dorogi-banyasz-fc\/\" class=\"yoast-seo-meta-tag\" \/>\n<meta property=\"og:locale\" content=\"hu_HU\" class=\"yoast-seo-meta-tag\" \/>\n<meta property=\"og:type\" content=\"article\" class=\"yoast-seo-meta-tag\" \/>\n<meta property=\"og:title\" content=\"Magabiztos gy\u0151zelemmel rajtolt a Dorogi B\u00e1ny\u00e1sz FC\" class=\"yoast-seo-meta-tag\" \/>\n<meta property=\"og:description\" content=\"Hazai p\u00e1ly\u00e1n, 4\u20131-es gy\u0151zelemmel kezdte meg szerepl\u00e9s\u00e9t a Dorogi B\u00e1ny\u00e1sz FC az NB III \u00c9szak-Nyugati csoportj\u00e1nak 2026\/2027-es id\u00e9ny\u00e9ben. A dorogiak j\u00falius 25-\u00e9n, szombaton a Balatonalm\u00e1di SE egy\u00fcttes\u00e9t fogadt\u00e1k a Buz\u00e1nszky Jen\u0151 Labdar\u00fag\u00f3 Stadionban. M\u00e1r a negyedik percben megszerezte a vezet\u00e9st a Dorog A hazai csapat remek\u00fcl kezdte a m\u00e9rk\u0151z\u00e9st: Tischler Patrik m\u00e1r a 4. percben\" class=\"yoast-seo-meta-tag\" \/>\n<meta property=\"og:url\" content=\"https:\/\/dorogimedence.hu\/index.php\/2026\/07\/26\/magabiztos-gyozelemmel-rajtolt-a-dorogi-banyasz-fc\/\" class=\"yoast-seo-meta-tag\" \/>\n<meta property=\"og:site_name\" content=\"Dorogi-medence Region\u00e1lis H\u00edrport\u00e1l\" class=\"yoast-seo-meta-tag\" \/>\n<meta property=\"article:publisher\" content=\"https:\/\/www.facebook.com\/dorogimedence\/\" class=\"yoast-seo-meta-tag\" \/>\n<meta property=\"article:published_time\" content=\"2026-07-26T08:13:41+00:00\" class=\"yoast-seo-meta-tag\" \/>\n<meta property=\"og:image\" content=\"https:\/\/dorogimedence.hu\/wp-content\/uploads\/2026\/07\/758075384_1337469394757856_8225633728470659654_n.jpg\" class=\"yoast-seo-meta-tag\" \/>\n\t<meta property=\"og:image:width\" content=\"2048\" class=\"yoast-seo-meta-tag\" \/>\n\t<meta property=\"og:image:height\" content=\"1536\" class=\"yoast-seo-meta-tag\" \/>\n\t<meta property=\"og:image:type\" content=\"image\/jpeg\" class=\"yoast-seo-meta-tag\" \/>\n<meta name=\"author\" content=\"dorogimedence.hu\" class=\"yoast-seo-meta-tag\" \/>\n<meta name=\"twitter:card\" content=\"summary_large_image\" class=\"yoast-seo-meta-tag\" \/>\n<meta name=\"twitter:label1\" content=\"Szerz\u0151:\" class=\"yoast-seo-meta-tag\" \/>\n\t<meta name=\"twitter:data1\" content=\"dorogimedence.hu\" class=\"yoast-seo-meta-tag\" \/>\n\t<meta name=\"twitter:label2\" content=\"Becs\u00fclt olvas\u00e1si id\u0151\" class=\"yoast-seo-meta-tag\" \/>\n\t<meta name=\"twitter:data2\" content=\"2 perc\" class=\"yoast-seo-meta-tag\" \/>\n<script type=\"application\/ld+json\" class=\"yoast-schema-graph\">{\"@context\":\"https:\\\/\\\/schema.org\",\"@graph\":[{\"@type\":\"Article\",\"@id\":\"https:\\\/\\\/dorogimedence.hu\\\/index.php\\\/2026\\\/07\\\/26\\\/magabiztos-gyozelemmel-rajtolt-a-dorogi-banyasz-fc\\\/#article\",\"isPartOf\":{\"@id\":\"https:\\\/\\\/dorogimedence.hu\\\/index.php\\\/2026\\\/07\\\/26\\\/magabiztos-gyozelemmel-rajtolt-a-dorogi-banyasz-fc\\\/\"},\"author\":{\"name\":\"dorogimedence.hu\",\"@id\":\"https:\\\/\\\/dorogimedence.hu\\\/#\\\/schema\\\/person\\\/ce6091eeb7e95ecdc87890d6aa8e0fd4\"},\"headline\":\"Magabiztos gy\u0151zelemmel rajtolt a Dorogi B\u00e1ny\u00e1sz FC\",\"datePublished\":\"2026-07-26T08:13:41+00:00\",\"mainEntityOfPage\":{\"@id\":\"https:\\\/\\\/dorogimedence.hu\\\/index.php\\\/2026\\\/07\\\/26\\\/magabiztos-gyozelemmel-rajtolt-a-dorogi-banyasz-fc\\\/\"},\"wordCount\":480,\"publisher\":{\"@id\":\"https:\\\/\\\/dorogimedence.hu\\\/#organization\"},\"image\":{\"@id\":\"https:\\\/\\\/dorogimedence.hu\\\/index.php\\\/2026\\\/07\\\/26\\\/magabiztos-gyozelemmel-rajtolt-a-dorogi-banyasz-fc\\\/#primaryimage\"},\"thumbnailUrl\":\"https:\\\/\\\/dorogimedence.hu\\\/wp-content\\\/uploads\\\/2026\\\/07\\\/758075384_1337469394757856_8225633728470659654_n.jpg\",\"keywords\":[\"Dorog\",\"Dorogi B\u00e1ny\u00e1sz FC\",\"featured\",\"foci\",\"futball\",\"labdar\u00fag\u00e1s\",\"NB III\",\"sport\"],\"articleSection\":[\"Dorog\",\"H\u00edrek\",\"Sport\"],\"inLanguage\":\"hu\"},{\"@type\":\"WebPage\",\"@id\":\"https:\\\/\\\/dorogimedence.hu\\\/index.php\\\/2026\\\/07\\\/26\\\/magabiztos-gyozelemmel-rajtolt-a-dorogi-banyasz-fc\\\/\",\"url\":\"https:\\\/\\\/dorogimedence.hu\\\/index.php\\\/2026\\\/07\\\/26\\\/magabiztos-gyozelemmel-rajtolt-a-dorogi-banyasz-fc\\\/\",\"name\":\"Magabiztos gy\u0151zelemmel rajtolt a Dorogi B\u00e1ny\u00e1sz FC\",\"isPartOf\":{\"@id\":\"https:\\\/\\\/dorogimedence.hu\\\/#website\"},\"primaryImageOfPage\":{\"@id\":\"https:\\\/\\\/dorogimedence.hu\\\/index.php\\\/2026\\\/07\\\/26\\\/magabiztos-gyozelemmel-rajtolt-a-dorogi-banyasz-fc\\\/#primaryimage\"},\"image\":{\"@id\":\"https:\\\/\\\/dorogimedence.hu\\\/index.php\\\/2026\\\/07\\\/26\\\/magabiztos-gyozelemmel-rajtolt-a-dorogi-banyasz-fc\\\/#primaryimage\"},\"thumbnailUrl\":\"https:\\\/\\\/dorogimedence.hu\\\/wp-content\\\/uploads\\\/2026\\\/07\\\/758075384_1337469394757856_8225633728470659654_n.jpg\",\"datePublished\":\"2026-07-26T08:13:41+00:00\",\"breadcrumb\":{\"@id\":\"https:\\\/\\\/dorogimedence.hu\\\/index.php\\\/2026\\\/07\\\/26\\\/magabiztos-gyozelemmel-rajtolt-a-dorogi-banyasz-fc\\\/#breadcrumb\"},\"inLanguage\":\"hu\",\"potentialAction\":[{\"@type\":\"ReadAction\",\"target\":[\"https:\\\/\\\/dorogimedence.hu\\\/index.php\\\/2026\\\/07\\\/26\\\/magabiztos-gyozelemmel-rajtolt-a-dorogi-banyasz-fc\\\/\"]}]},{\"@type\":\"ImageObject\",\"inLanguage\":\"hu\",\"@id\":\"https:\\\/\\\/dorogimedence.hu\\\/index.php\\\/2026\\\/07\\\/26\\\/magabiztos-gyozelemmel-rajtolt-a-dorogi-banyasz-fc\\\/#primaryimage\",\"url\":\"https:\\\/\\\/dorogimedence.hu\\\/wp-content\\\/uploads\\\/2026\\\/07\\\/758075384_1337469394757856_8225633728470659654_n.jpg\",\"contentUrl\":\"https:\\\/\\\/dorogimedence.hu\\\/wp-content\\\/uploads\\\/2026\\\/07\\\/758075384_1337469394757856_8225633728470659654_n.jpg\",\"width\":2048,\"height\":1536},{\"@type\":\"BreadcrumbList\",\"@id\":\"https:\\\/\\\/dorogimedence.hu\\\/index.php\\\/2026\\\/07\\\/26\\\/magabiztos-gyozelemmel-rajtolt-a-dorogi-banyasz-fc\\\/#breadcrumb\",\"itemListElement\":[{\"@type\":\"ListItem\",\"position\":1,\"name\":\"Kezd\u0151lap\",\"item\":\"https:\\\/\\\/dorogimedence.hu\\\/\"},{\"@type\":\"ListItem\",\"position\":2,\"name\":\"Magabiztos gy\u0151zelemmel rajtolt a Dorogi B\u00e1ny\u00e1sz FC\"}]},{\"@type\":\"WebSite\",\"@id\":\"https:\\\/\\\/dorogimedence.hu\\\/#website\",\"url\":\"https:\\\/\\\/dorogimedence.hu\\\/\",\"name\":\"Dorogi-medence Region\u00e1lis H\u00edrport\u00e1l\",\"description\":\"Dorog, Keszt\u00f6lc, Le\u00e1nyv\u00e1r, Piliscs\u00e9v, Tokod, Tokodalt\u00e1r\u00f3, Csolnok, Esztergom-kertv\u00e1ros: h\u00edrek, programok\",\"publisher\":{\"@id\":\"https:\\\/\\\/dorogimedence.hu\\\/#organization\"},\"potentialAction\":[{\"@type\":\"SearchAction\",\"target\":{\"@type\":\"EntryPoint\",\"urlTemplate\":\"https:\\\/\\\/dorogimedence.hu\\\/?s={search_term_string}\"},\"query-input\":{\"@type\":\"PropertyValueSpecification\",\"valueRequired\":true,\"valueName\":\"search_term_string\"}}],\"inLanguage\":\"hu\"},{\"@type\":\"Organization\",\"@id\":\"https:\\\/\\\/dorogimedence.hu\\\/#organization\",\"name\":\"Dorogi-medence Region\u00e1lis H\u00edrport\u00e1l\",\"url\":\"https:\\\/\\\/dorogimedence.hu\\\/\",\"logo\":{\"@type\":\"ImageObject\",\"inLanguage\":\"hu\",\"@id\":\"https:\\\/\\\/dorogimedence.hu\\\/#\\\/schema\\\/logo\\\/image\\\/\",\"url\":\"https:\\\/\\\/dorogimedence.hu\\\/wp-content\\\/uploads\\\/2021\\\/04\\\/logo-feher-600.png\",\"contentUrl\":\"https:\\\/\\\/dorogimedence.hu\\\/wp-content\\\/uploads\\\/2021\\\/04\\\/logo-feher-600.png\",\"width\":600,\"height\":100,\"caption\":\"Dorogi-medence Region\u00e1lis H\u00edrport\u00e1l\"},\"image\":{\"@id\":\"https:\\\/\\\/dorogimedence.hu\\\/#\\\/schema\\\/logo\\\/image\\\/\"},\"sameAs\":[\"https:\\\/\\\/www.facebook.com\\\/dorogimedence\\\/\"]},{\"@type\":\"Person\",\"@id\":\"https:\\\/\\\/dorogimedence.hu\\\/#\\\/schema\\\/person\\\/ce6091eeb7e95ecdc87890d6aa8e0fd4\",\"name\":\"dorogimedence.hu\",\"image\":{\"@type\":\"ImageObject\",\"inLanguage\":\"hu\",\"@id\":\"\\\/\\\/www.gravatar.com\\\/avatar\\\/d8d45f8901aadff40a4af72c0b826f1d?s=96&#038;r=g&#038;d=mm\",\"url\":\"\\\/\\\/www.gravatar.com\\\/avatar\\\/d8d45f8901aadff40a4af72c0b826f1d?s=96&#038;r=g&#038;d=mm\",\"contentUrl\":\"\\\/\\\/www.gravatar.com\\\/avatar\\\/d8d45f8901aadff40a4af72c0b826f1d?s=96&#038;r=g&#038;d=mm\",\"caption\":\"dorogimedence.hu\"}}]}<\/script>\n<!-- \/ Yoast SEO plugin. -->","yoast_head_json":{"title":"Magabiztos gy\u0151zelemmel rajtolt a Dorogi B\u00e1ny\u00e1sz FC","robots":{"index":"index","follow":"follow","max-snippet":"max-snippet:-1","max-image-preview":"max-image-preview:large","max-video-preview":"max-video-preview:-1"},"canonical":"https:\/\/dorogimedence.hu\/index.php\/2026\/07\/26\/magabiztos-gyozelemmel-rajtolt-a-dorogi-banyasz-fc\/","og_locale":"hu_HU","og_type":"article","og_title":"Magabiztos gy\u0151zelemmel rajtolt a Dorogi B\u00e1ny\u00e1sz FC","og_description":"Hazai p\u00e1ly\u00e1n, 4\u20131-es gy\u0151zelemmel kezdte meg szerepl\u00e9s\u00e9t a Dorogi B\u00e1ny\u00e1sz FC az NB III \u00c9szak-Nyugati csoportj\u00e1nak 2026\/2027-es id\u00e9ny\u00e9ben. A dorogiak j\u00falius 25-\u00e9n, szombaton a Balatonalm\u00e1di SE egy\u00fcttes\u00e9t fogadt\u00e1k a Buz\u00e1nszky Jen\u0151 Labdar\u00fag\u00f3 Stadionban. M\u00e1r a negyedik percben megszerezte a vezet\u00e9st a Dorog A hazai csapat remek\u00fcl kezdte a m\u00e9rk\u0151z\u00e9st: Tischler Patrik m\u00e1r a 4. percben","og_url":"https:\/\/dorogimedence.hu\/index.php\/2026\/07\/26\/magabiztos-gyozelemmel-rajtolt-a-dorogi-banyasz-fc\/","og_site_name":"Dorogi-medence Region\u00e1lis H\u00edrport\u00e1l","article_publisher":"https:\/\/www.facebook.com\/dorogimedence\/","article_published_time":"2026-07-26T08:13:41+00:00","og_image":[{"width":2048,"height":1536,"url":"https:\/\/dorogimedence.hu\/wp-content\/uploads\/2026\/07\/758075384_1337469394757856_8225633728470659654_n.jpg","type":"image\/jpeg"}],"author":"dorogimedence.hu","twitter_card":"summary_large_image","twitter_misc":{"Szerz\u0151:":"dorogimedence.hu","Becs\u00fclt olvas\u00e1si id\u0151":"2 perc"},"schema":{"@context":"https:\/\/schema.org","@graph":[{"@type":"Article","@id":"https:\/\/dorogimedence.hu\/index.php\/2026\/07\/26\/magabiztos-gyozelemmel-rajtolt-a-dorogi-banyasz-fc\/#article","isPartOf":{"@id":"https:\/\/dorogimedence.hu\/index.php\/2026\/07\/26\/magabiztos-gyozelemmel-rajtolt-a-dorogi-banyasz-fc\/"},"author":{"name":"dorogimedence.hu","@id":"https:\/\/dorogimedence.hu\/#\/schema\/person\/ce6091eeb7e95ecdc87890d6aa8e0fd4"},"headline":"Magabiztos gy\u0151zelemmel rajtolt a Dorogi B\u00e1ny\u00e1sz FC","datePublished":"2026-07-26T08:13:41+00:00","mainEntityOfPage":{"@id":"https:\/\/dorogimedence.hu\/index.php\/2026\/07\/26\/magabiztos-gyozelemmel-rajtolt-a-dorogi-banyasz-fc\/"},"wordCount":480,"publisher":{"@id":"https:\/\/dorogimedence.hu\/#organization"},"image":{"@id":"https:\/\/dorogimedence.hu\/index.php\/2026\/07\/26\/magabiztos-gyozelemmel-rajtolt-a-dorogi-banyasz-fc\/#primaryimage"},"thumbnailUrl":"https:\/\/dorogimedence.hu\/wp-content\/uploads\/2026\/07\/758075384_1337469394757856_8225633728470659654_n.jpg","keywords":["Dorog","Dorogi B\u00e1ny\u00e1sz FC","featured","foci","futball","labdar\u00fag\u00e1s","NB III","sport"],"articleSection":["Dorog","H\u00edrek","Sport"],"inLanguage":"hu"},{"@type":"WebPage","@id":"https:\/\/dorogimedence.hu\/index.php\/2026\/07\/26\/magabiztos-gyozelemmel-rajtolt-a-dorogi-banyasz-fc\/","url":"https:\/\/dorogimedence.hu\/index.php\/2026\/07\/26\/magabiztos-gyozelemmel-rajtolt-a-dorogi-banyasz-fc\/","name":"Magabiztos gy\u0151zelemmel rajtolt a Dorogi B\u00e1ny\u00e1sz FC","isPartOf":{"@id":"https:\/\/dorogimedence.hu\/#website"},"primaryImageOfPage":{"@id":"https:\/\/dorogimedence.hu\/index.php\/2026\/07\/26\/magabiztos-gyozelemmel-rajtolt-a-dorogi-banyasz-fc\/#primaryimage"},"image":{"@id":"https:\/\/dorogimedence.hu\/index.php\/2026\/07\/26\/magabiztos-gyozelemmel-rajtolt-a-dorogi-banyasz-fc\/#primaryimage"},"thumbnailUrl":"https:\/\/dorogimedence.hu\/wp-content\/uploads\/2026\/07\/758075384_1337469394757856_8225633728470659654_n.jpg","datePublished":"2026-07-26T08:13:41+00:00","breadcrumb":{"@id":"https:\/\/dorogimedence.hu\/index.php\/2026\/07\/26\/magabiztos-gyozelemmel-rajtolt-a-dorogi-banyasz-fc\/#breadcrumb"},"inLanguage":"hu","potentialAction":[{"@type":"ReadAction","target":["https:\/\/dorogimedence.hu\/index.php\/2026\/07\/26\/magabiztos-gyozelemmel-rajtolt-a-dorogi-banyasz-fc\/"]}]},{"@type":"ImageObject","inLanguage":"hu","@id":"https:\/\/dorogimedence.hu\/index.php\/2026\/07\/26\/magabiztos-gyozelemmel-rajtolt-a-dorogi-banyasz-fc\/#primaryimage","url":"https:\/\/dorogimedence.hu\/wp-content\/uploads\/2026\/07\/758075384_1337469394757856_8225633728470659654_n.jpg","contentUrl":"https:\/\/dorogimedence.hu\/wp-content\/uploads\/2026\/07\/758075384_1337469394757856_8225633728470659654_n.jpg","width":2048,"height":1536},{"@type":"BreadcrumbList","@id":"https:\/\/dorogimedence.hu\/index.php\/2026\/07\/26\/magabiztos-gyozelemmel-rajtolt-a-dorogi-banyasz-fc\/#breadcrumb","itemListElement":[{"@type":"ListItem","position":1,"name":"Kezd\u0151lap","item":"https:\/\/dorogimedence.hu\/"},{"@type":"ListItem","position":2,"name":"Magabiztos gy\u0151zelemmel rajtolt a Dorogi B\u00e1ny\u00e1sz FC"}]},{"@type":"WebSite","@id":"https:\/\/dorogimedence.hu\/#website","url":"https:\/\/dorogimedence.hu\/","name":"Dorogi-medence Region\u00e1lis H\u00edrport\u00e1l","description":"Dorog, Keszt\u00f6lc, Le\u00e1nyv\u00e1r, Piliscs\u00e9v, Tokod, Tokodalt\u00e1r\u00f3, Csolnok, Esztergom-kertv\u00e1ros: h\u00edrek, programok","publisher":{"@id":"https:\/\/dorogimedence.hu\/#organization"},"potentialAction":[{"@type":"SearchAction","target":{"@type":"EntryPoint","urlTemplate":"https:\/\/dorogimedence.hu\/?s={search_term_string}"},"query-input":{"@type":"PropertyValueSpecification","valueRequired":true,"valueName":"search_term_string"}}],"inLanguage":"hu"},{"@type":"Organization","@id":"https:\/\/dorogimedence.hu\/#organization","name":"Dorogi-medence Region\u00e1lis H\u00edrport\u00e1l","url":"https:\/\/dorogimedence.hu\/","logo":{"@type":"ImageObject","inLanguage":"hu","@id":"https:\/\/dorogimedence.hu\/#\/schema\/logo\/image\/","url":"https:\/\/dorogimedence.hu\/wp-content\/uploads\/2021\/04\/logo-feher-600.png","contentUrl":"https:\/\/dorogimedence.hu\/wp-content\/uploads\/2021\/04\/logo-feher-600.png","width":600,"height":100,"caption":"Dorogi-medence Region\u00e1lis H\u00edrport\u00e1l"},"image":{"@id":"https:\/\/dorogimedence.hu\/#\/schema\/logo\/image\/"},"sameAs":["https:\/\/www.facebook.com\/dorogimedence\/"]},{"@type":"Person","@id":"https:\/\/dorogimedence.hu\/#\/schema\/person\/ce6091eeb7e95ecdc87890d6aa8e0fd4","name":"dorogimedence.hu","image":{"@type":"ImageObject","inLanguage":"hu","@id":"\/\/www.gravatar.com\/avatar\/d8d45f8901aadff40a4af72c0b826f1d?s=96&#038;r=g&#038;d=mm","url":"\/\/www.gravatar.com\/avatar\/d8d45f8901aadff40a4af72c0b826f1d?s=96&#038;r=g&#038;d=mm","contentUrl":"\/\/www.gravatar.com\/avatar\/d8d45f8901aadff40a4af72c0b826f1d?s=96&#038;r=g&#038;d=mm","caption":"dorogimedence.hu"}}]}},"_links":{"self":[{"href":"https:\/\/dorogimedence.hu\/index.php\/wp-json\/wp\/v2\/posts\/82231","targetHints":{"allow":["GET"]}}],"collection":[{"href":"https:\/\/dorogimedence.hu\/index.php\/wp-json\/wp\/v2\/posts"}],"about":[{"href":"https:\/\/dorogimedence.hu\/index.php\/wp-json\/wp\/v2\/types\/post"}],"author":[{"embeddable":true,"href":"https:\/\/dorogimedence.hu\/index.php\/wp-json\/wp\/v2\/users\/1"}],"replies":[{"embeddable":true,"href":"https:\/\/dorogimedence.hu\/index.php\/wp-json\/wp\/v2\/comments?post=82231"}],"version-history":[{"count":2,"href":"https:\/\/dorogimedence.hu\/index.php\/wp-json\/wp\/v2\/posts\/82231\/revisions"}],"predecessor-version":[{"id":82255,"href":"https:\/\/dorogimedence.hu\/index.php\/wp-json\/wp\/v2\/posts\/82231\/revisions\/82255"}],"wp:featuredmedia":[{"embeddable":true,"href":"https:\/\/dorogimedence.hu\/index.php\/wp-json\/wp\/v2\/media\/82233"}],"wp:attachment":[{"href":"https:\/\/dorogimedence.hu\/index.php\/wp-json\/wp\/v2\/media?parent=82231"}],"wp:term":[{"taxonomy":"category","embeddable":true,"href":"https:\/\/dorogimedence.hu\/index.php\/wp-json\/wp\/v2\/categories?post=82231"},{"taxonomy":"post_tag","embeddable":true,"href":"https:\/\/dorogimedence.hu\/index.php\/wp-json\/wp\/v2\/tags?post=82231"}],"curies":[{"name":"wp","href":"https:\/\/api.w.org\/{rel}","templated":true}]}}