{"id":82180,"date":"2026-07-23T15:50:17","date_gmt":"2026-07-23T13:50:17","guid":{"rendered":"https:\/\/dorogimedence.hu\/?p=82180"},"modified":"2026-07-23T15:50:17","modified_gmt":"2026-07-23T13:50:17","slug":"nem-szemetes-a-wc-fontos-figyelmeztetest-adott-ki-az-edv-zrt","status":"publish","type":"post","link":"https:\/\/dorogimedence.hu\/index.php\/2026\/07\/23\/nem-szemetes-a-wc-fontos-figyelmeztetest-adott-ki-az-edv-zrt\/","title":{"rendered":"Nem szemetes a WC \u2013 fontos figyelmeztet\u00e9st adott ki az \u00c9DV Zrt."},"content":{"rendered":"<p><strong>Az \u00c9szakdun\u00e1nt\u00fali V\u00edzm\u0171 Zrt. <a href=\"https:\/\/edv.hu\/viz-es-kornyezetunk\/letoltheto-csatornahasznalati-illemtan\" target=\"_blank\" rel=\"noopener\"><span style=\"text-decoration: underline; color: #0000ff;\">csatornahaszn\u00e1lati \u00fatmutat\u00f3ban<\/span><\/a> h\u00edvta fel a figyelmet arra, hogy a lefoly\u00f3ba vagy a WC-be ker\u00fcl\u0151 hullad\u00e9kok s\u00falyos dugul\u00e1sokat, \u00fczemzavarokat \u00e9s k\u00f6rnyezeti k\u00e1rokat okozhatnak. A szolg\u00e1ltat\u00f3 hangs\u00falyozza: a szennyv\u00edzcsatorna nem alkalmas a h\u00e1ztart\u00e1si hullad\u00e9kok elt\u00fcntet\u00e9s\u00e9re.<\/strong><\/p>\n<p>Sokan gondolj\u00e1k \u00fagy, hogy ami egyszer lefolyt a WC-n vagy a mosogat\u00f3n kereszt\u00fcl, att\u00f3l v\u00e9gleg megszabadultak. A szennyv\u00edztiszt\u00edt\u00f3 telepek azonban csak bizonyos hat\u00e1rokon bel\u00fcl k\u00e9pesek kezelni a beker\u00fcl\u0151 anyagokat, m\u0171k\u00f6d\u00e9s\u00fck pedig nagyr\u00e9szt \u00e9l\u0151 mikroorganizmusokon alapul. A m\u00e9rgez\u0151, nehezen leboml\u00f3 vagy szil\u00e1rd hullad\u00e9kok ez\u00e9rt komoly probl\u00e9m\u00e1kat id\u00e9zhetnek el\u0151.<\/p>\n<h3>Ezeket szigor\u00faan tilos a csatorn\u00e1ba juttatni<\/h3>\n<p>A szennyv\u00edzh\u00e1l\u00f3zatba nem ker\u00fclhetnek olyan anyagok, amelyek k\u00e1ros\u00edthatj\u00e1k a tiszt\u00edt\u00e1sban r\u00e9szt vev\u0151 mikroorganizmusokat, vesz\u00e9lyeztethetik az \u00e9l\u0151vizeket, vagy t\u0171z- \u00e9s robban\u00e1svesz\u00e9lyt okozhatnak.<\/p>\n<p><strong>Ilyenek t\u00f6bbek k\u00f6z\u00f6tt:<\/strong><\/p>\n<ul>\n<li>a m\u00e9rgek;<\/li>\n<li>a gy\u00f3gyszerek \u00e9s n\u00f6v\u00e9nyv\u00e9d\u0151 szerek;<\/li>\n<li>a neh\u00e9zf\u00e9mtartalm\u00fa folyad\u00e9kok;<\/li>\n<li>a benzin, a h\u00edg\u00edt\u00f3 \u00e9s a fest\u00e9k;<\/li>\n<li>valamint azok az anyagok, amelyek leboml\u00e1suk sor\u00e1n m\u00e9rgez\u0151v\u00e9 vagy t\u0171zvesz\u00e9lyess\u00e9 v\u00e1lhatnak.<\/li>\n<\/ul>\n<h3>A nedves t\u00f6rl\u0151kend\u0151 sem val\u00f3 a WC-be<\/h3>\n<p>A csatornah\u00e1l\u00f3zat nem haszn\u00e1lhat\u00f3 szil\u00e1rd hullad\u00e9kok elt\u00fcntet\u00e9s\u00e9re. Ezek elz\u00e1rhatj\u00e1k a v\u00edz \u00fatj\u00e1t, dugul\u00e1st okozhatnak, valamint t\u00f6nkretehetik a szennyv\u00edz\u00e1temel\u0151k szivatty\u00fait.<\/p>\n<p>Nem szabad a WC-be vagy a lefoly\u00f3ba dobni p\u00e9ld\u00e1ul fadarabokat, k\u00f6veket, csontokat, m\u0171anyag \u00e9s \u00fcvegpalackokat, f\u00e9mkupakokat, \u00e9p\u00edt\u00e9si t\u00f6rmel\u00e9ket, homokot vagy kavicsot. Ugyancsak komoly probl\u00e9m\u00e1t okozhat a macskaalom \u2013 m\u00e9g akkor is, ha term\u00e9szetbar\u00e1tk\u00e9nt \u00e1rus\u00edtj\u00e1k \u2013, valamint a vatta, a tampon, a nedves t\u00f6rl\u0151kend\u0151 \u00e9s a popsit\u00f6rl\u0151.<\/p>\n<p>A text\u00edli\u00e1k, n\u00f6v\u00e9nyi maradv\u00e1nyok, gy\u00fcm\u00f6lcsmagok, tollak \u00e9s az \u00e1llati sz\u0151r szint\u00e9n a hullad\u00e9kgy\u0171jt\u0151be, nem pedig a csatorn\u00e1ba val\u00f3k.<\/p>\n<h3>Az \u00e9telmarad\u00e9k \u00e9s az \u00e1llati hullad\u00e9k is t\u00falterheli a rendszert<\/h3>\n<p>A szennyv\u00edztiszt\u00edt\u00f3 telepeket a norm\u00e1l \u00e9letvitellel j\u00e1r\u00f3 szennyv\u00edz megtiszt\u00edt\u00e1s\u00e1ra tervezt\u00e9k. Jelent\u0151sen megterhelheti a rendszert az \u00e1llattart\u00e1sb\u00f3l sz\u00e1rmaz\u00f3 h\u00edgtr\u00e1gya, a h\u00e1ztart\u00e1si \u00e9telmarad\u00e9k \u2013 m\u00e9g akkor is, ha azt konyhamalaccal felapr\u00edtott\u00e1k \u2013, valamint az \u00e1llatfeldolgoz\u00e1sb\u00f3l sz\u00e1rmaz\u00f3 hullad\u00e9k, p\u00e9ld\u00e1ul a halfej vagy a bels\u0151s\u00e9gek.<\/p>\n<p>Nem ker\u00fclhetnek a csatorn\u00e1ba elpusztult kis\u00e1llatok tetemei, illetve a szolg\u00e1ltat\u00f3 enged\u00e9lye n\u00e9lk\u00fcl em\u00e9szt\u0151kb\u0151l kiszippantott, nagy agresszivit\u00e1s\u00fa szennyv\u00edz sem.<\/p>\n<h3>A haszn\u00e1lt olaj komoly dugul\u00e1st okozhat<\/h3>\n<p>A lefoly\u00f3ba \u00f6nt\u00f6tt zs\u00edrok \u00e9s olajok a csatorn\u00e1ban kih\u0171lnek, majd a szennyv\u00edz m\u00e1s \u00f6sszetev\u0151ivel reakci\u00f3ba l\u00e9pve kem\u00e9ny, szappanszer\u0171 lerak\u00f3d\u00e1st k\u00e9peznek. Emiatt a vezet\u00e9k el\u0151bb lesz\u0171k\u00fclhet, k\u00e9s\u0151bb pedig teljesen eldugulhat.<\/p>\n<p>A folyamat sor\u00e1n keletkez\u0151 k\u00e9nessav a h\u00e1zi \u00e9s a k\u00f6z\u00fczemi csatornacs\u00f6veket egyar\u00e1nt megt\u00e1madhatja. A rendk\u00edv\u00fcli dugul\u00e1selh\u00e1r\u00edt\u00e1s \u00e9s a h\u00e1l\u00f3zat jav\u00edt\u00e1sa jelent\u0151s t\u00f6bbletk\u00f6lts\u00e9ggel j\u00e1r, ami v\u00e9gs\u0151 soron a csatornad\u00edj emelked\u00e9s\u00e9hez is hozz\u00e1j\u00e1rulhat.<\/p>\n<h3>Ez\u00e9rt lehet kellemetlen szag a h\u00e1zban<\/h3>\n<p>A h\u00e1zi szennyv\u00edzcsatorn\u00e1b\u00f3l t\u00f6bb okb\u00f3l is kellemetlen szag \u00e1ramolhat vissza. Probl\u00e9m\u00e1t okozhat, ha az \u00e1tad\u00e1si akn\u00e1t lef\u00f6ldelik, vagy az udvari tiszt\u00edt\u00f3akn\u00e1k ny\u00edl\u00e1sait l\u00e9gmentesen lez\u00e1rj\u00e1k. Szint\u00e9n gondot jelenthet, ha nem \u00e9p\u00edtik meg, esetleg \u00fczemen k\u00edv\u00fcl helyezik az \u00e9p\u00fclet szennyv\u00edzrendszer\u00e9nek szell\u0151z\u0151j\u00e9t.<\/p>\n<p>A ritk\u00e1n haszn\u00e1lt lefoly\u00f3k \u00e9s padl\u00f3\u00f6sszefoly\u00f3k b\u0171zelz\u00e1r\u00f3ib\u00f3l id\u0151vel elp\u00e1rologhat a v\u00edz. Ilyenkor a csatornag\u00e1z akad\u00e1lytalanul juthat vissza a lak\u00f3t\u00e9rbe, ez\u00e9rt ezek rendszeres ellen\u0151rz\u00e9se \u00e9s v\u00edzzel val\u00f3 felt\u00f6lt\u00e9se is fontos.<\/p>\n<h3>Az es\u0151v\u00edz sem vezethet\u0151 a szennyv\u00edzcsatorn\u00e1ba<\/h3>\n<p>A szennyv\u00edzcsatorna-h\u00e1l\u00f3zatot alapvet\u0151en kiz\u00e1r\u00f3lag a szennyv\u00edz elvezet\u00e9s\u00e9re tervezt\u00e9k. A csapad\u00e9kv\u00edz, a belv\u00edz \u00e9s a talajv\u00edz szab\u00e1lytalan bevezet\u00e9se t\u00falterhelheti a h\u00e1l\u00f3zatot \u00e9s a szennyv\u00edztiszt\u00edt\u00f3 telepet.<\/p>\n<p>A t\u00falterhel\u00e9s k\u00f6vetkezt\u00e9ben a csatorna ki\u00f6nthet, a szennyv\u00edz pedig ak\u00e1r lak\u00f3ingatlanokba is vissza\u00e1ramolhat. A t\u00f6bbletv\u00edz elvezet\u00e9se emellett jelent\u0151s k\u00f6lts\u00e9gekkel j\u00e1rhat.<\/p>\n<h3>A telken bel\u00fcli vezet\u00e9kek\u00e9rt a tulajdonos felel<\/h3>\n<p>A h\u00e1zi szennyv\u00edzh\u00e1l\u00f3zat \u00e9s az \u00e9p\u00fcleten bel\u00fcli szennyv\u00edzvezet\u00e9kek m\u0171k\u00f6dtet\u00e9se, tiszt\u00edt\u00e1sa \u00e9s karbantart\u00e1sa az ingatlan tulajdonos\u00e1nak, illetve haszn\u00e1l\u00f3j\u00e1nak feladata. A k\u00f6z\u00fczemi h\u00e1l\u00f3zatot \u2013 bele\u00e9rtve a bek\u00f6t\u0151vezet\u00e9ket is \u2013 a szolg\u00e1ltat\u00f3 \u00fczemelteti.<\/p>\n<p>Ha egy csatorn\u00e1ra k\u00f6t\u00f6tt helyis\u00e9g padl\u00f3ja a szolg\u00e1ltat\u00e1si pont terepszintje alatt tal\u00e1lhat\u00f3, nagyobb es\u0151z\u00e9s vagy dugul\u00e1s eset\u00e9n fenn\u00e1llhat a szennyv\u00edz vissza\u00e1raml\u00e1s\u00e1nak vesz\u00e9lye. Ilyen esetben visszacsap\u00f3 szelep vagy \u2013 a legbiztons\u00e1gosabb megold\u00e1sk\u00e9nt \u2013 h\u00e1zi szennyv\u00edz\u00e1temel\u0151 kialak\u00edt\u00e1s\u00e1ra lehet sz\u00fcks\u00e9g.<\/p>\n<p>Az \u00c9DV Zrt. arra is k\u00e9ri a lakoss\u00e1got, hogy a k\u00f6z\u00fczemi h\u00e1l\u00f3zaton \u00e9szlelt rong\u00e1l\u00e1st vagy meghib\u00e1sod\u00e1st halad\u00e9ktalanul jelezz\u00e9k az \u00fczemeltet\u0151nek. Egy hi\u00e1nyz\u00f3 aknafedlap p\u00e9ld\u00e1ul k\u00f6zvetlen \u00e9letvesz\u00e9lyt jelenthet.<\/p>\n<p><em>Forr\u00e1s: \u00c9szakdun\u00e1nt\u00fali V\u00edzm\u0171 Zrt.<br \/>\nBor\u00edt\u00f3k\u00e9p: illusztr\u00e1ci\u00f3 (ChatGPT &#8211; AI)<\/em><\/p>\n","protected":false},"excerpt":{"rendered":"<p>Az \u00c9szakdun\u00e1nt\u00fali V\u00edzm\u0171 Zrt. csatornahaszn\u00e1lati \u00fatmutat\u00f3ban h\u00edvta fel a figyelmet arra, hogy a lefoly\u00f3ba vagy a WC-be ker\u00fcl\u0151 hullad\u00e9kok s\u00falyos dugul\u00e1sokat, \u00fczemzavarokat \u00e9s k\u00f6rnyezeti k\u00e1rokat okozhatnak. A szolg\u00e1ltat\u00f3 hangs\u00falyozza: a szennyv\u00edzcsatorna nem alkalmas a h\u00e1ztart\u00e1si hullad\u00e9kok elt\u00fcntet\u00e9s\u00e9re. Sokan gondolj\u00e1k \u00fagy, hogy ami egyszer lefolyt a WC-n vagy a mosogat\u00f3n kereszt\u00fcl, att\u00f3l v\u00e9gleg megszabadultak. A szennyv\u00edztiszt\u00edt\u00f3<\/p>\n","protected":false},"author":1,"featured_media":82181,"comment_status":"closed","ping_status":"closed","sticky":false,"template":"","format":"standard","meta":{"ngg_post_thumbnail":0,"footnotes":""},"categories":[3],"tags":[8997,3430],"class_list":["post-82180","post","type-post","status-publish","format-standard","has-post-thumbnail","category-hirek","tag-csatorna-hasznalat","tag-edv-zrt"],"yoast_head":"<!-- This site is optimized with the Yoast SEO plugin v28.3 - https:\/\/yoast.com\/product\/yoast-seo-wordpress\/ -->\n<title>Nem szemetes a WC \u2013 fontos figyelmeztet\u00e9st adott ki az \u00c9DV Zrt.<\/title>\n<meta name=\"robots\" content=\"index, follow, max-snippet:-1, max-image-preview:large, max-video-preview:-1\" \/>\n<link rel=\"canonical\" href=\"https:\/\/dorogimedence.hu\/index.php\/2026\/07\/23\/nem-szemetes-a-wc-fontos-figyelmeztetest-adott-ki-az-edv-zrt\/\" class=\"yoast-seo-meta-tag\" \/>\n<meta property=\"og:locale\" content=\"hu_HU\" class=\"yoast-seo-meta-tag\" \/>\n<meta property=\"og:type\" content=\"article\" class=\"yoast-seo-meta-tag\" \/>\n<meta property=\"og:title\" content=\"Nem szemetes a WC \u2013 fontos figyelmeztet\u00e9st adott ki az \u00c9DV Zrt.\" class=\"yoast-seo-meta-tag\" \/>\n<meta property=\"og:description\" content=\"Az \u00c9szakdun\u00e1nt\u00fali V\u00edzm\u0171 Zrt. csatornahaszn\u00e1lati \u00fatmutat\u00f3ban h\u00edvta fel a figyelmet arra, hogy a lefoly\u00f3ba vagy a WC-be ker\u00fcl\u0151 hullad\u00e9kok s\u00falyos dugul\u00e1sokat, \u00fczemzavarokat \u00e9s k\u00f6rnyezeti k\u00e1rokat okozhatnak. A szolg\u00e1ltat\u00f3 hangs\u00falyozza: a szennyv\u00edzcsatorna nem alkalmas a h\u00e1ztart\u00e1si hullad\u00e9kok elt\u00fcntet\u00e9s\u00e9re. Sokan gondolj\u00e1k \u00fagy, hogy ami egyszer lefolyt a WC-n vagy a mosogat\u00f3n kereszt\u00fcl, att\u00f3l v\u00e9gleg megszabadultak. A szennyv\u00edztiszt\u00edt\u00f3\" class=\"yoast-seo-meta-tag\" \/>\n<meta property=\"og:url\" content=\"https:\/\/dorogimedence.hu\/index.php\/2026\/07\/23\/nem-szemetes-a-wc-fontos-figyelmeztetest-adott-ki-az-edv-zrt\/\" class=\"yoast-seo-meta-tag\" \/>\n<meta property=\"og:site_name\" content=\"Dorogi-medence Region\u00e1lis H\u00edrport\u00e1l\" class=\"yoast-seo-meta-tag\" \/>\n<meta property=\"article:publisher\" content=\"https:\/\/www.facebook.com\/dorogimedence\/\" class=\"yoast-seo-meta-tag\" \/>\n<meta property=\"article:published_time\" content=\"2026-07-23T13:50:17+00:00\" class=\"yoast-seo-meta-tag\" \/>\n<meta property=\"og:image\" content=\"https:\/\/dorogimedence.hu\/wp-content\/uploads\/2026\/07\/ChatGPT-Image-2026.-jul.-23.-15_49_51.png\" class=\"yoast-seo-meta-tag\" \/>\n\t<meta property=\"og:image:width\" content=\"1764\" class=\"yoast-seo-meta-tag\" \/>\n\t<meta property=\"og:image:height\" content=\"891\" class=\"yoast-seo-meta-tag\" \/>\n\t<meta property=\"og:image:type\" content=\"image\/png\" class=\"yoast-seo-meta-tag\" \/>\n<meta name=\"author\" content=\"dorogimedence.hu\" class=\"yoast-seo-meta-tag\" \/>\n<meta name=\"twitter:card\" content=\"summary_large_image\" class=\"yoast-seo-meta-tag\" \/>\n<meta name=\"twitter:label1\" content=\"Szerz\u0151:\" class=\"yoast-seo-meta-tag\" \/>\n\t<meta name=\"twitter:data1\" content=\"dorogimedence.hu\" class=\"yoast-seo-meta-tag\" \/>\n\t<meta name=\"twitter:label2\" content=\"Becs\u00fclt olvas\u00e1si id\u0151\" class=\"yoast-seo-meta-tag\" \/>\n\t<meta name=\"twitter:data2\" content=\"5 perc\" class=\"yoast-seo-meta-tag\" \/>\n<script type=\"application\/ld+json\" class=\"yoast-schema-graph\">{\"@context\":\"https:\\\/\\\/schema.org\",\"@graph\":[{\"@type\":\"Article\",\"@id\":\"https:\\\/\\\/dorogimedence.hu\\\/index.php\\\/2026\\\/07\\\/23\\\/nem-szemetes-a-wc-fontos-figyelmeztetest-adott-ki-az-edv-zrt\\\/#article\",\"isPartOf\":{\"@id\":\"https:\\\/\\\/dorogimedence.hu\\\/index.php\\\/2026\\\/07\\\/23\\\/nem-szemetes-a-wc-fontos-figyelmeztetest-adott-ki-az-edv-zrt\\\/\"},\"author\":{\"name\":\"dorogimedence.hu\",\"@id\":\"https:\\\/\\\/dorogimedence.hu\\\/#\\\/schema\\\/person\\\/ce6091eeb7e95ecdc87890d6aa8e0fd4\"},\"headline\":\"Nem szemetes a WC \u2013 fontos figyelmeztet\u00e9st adott ki az \u00c9DV Zrt.\",\"datePublished\":\"2026-07-23T13:50:17+00:00\",\"mainEntityOfPage\":{\"@id\":\"https:\\\/\\\/dorogimedence.hu\\\/index.php\\\/2026\\\/07\\\/23\\\/nem-szemetes-a-wc-fontos-figyelmeztetest-adott-ki-az-edv-zrt\\\/\"},\"wordCount\":1017,\"publisher\":{\"@id\":\"https:\\\/\\\/dorogimedence.hu\\\/#organization\"},\"image\":{\"@id\":\"https:\\\/\\\/dorogimedence.hu\\\/index.php\\\/2026\\\/07\\\/23\\\/nem-szemetes-a-wc-fontos-figyelmeztetest-adott-ki-az-edv-zrt\\\/#primaryimage\"},\"thumbnailUrl\":\"https:\\\/\\\/dorogimedence.hu\\\/wp-content\\\/uploads\\\/2026\\\/07\\\/ChatGPT-Image-2026.-jul.-23.-15_49_51.png\",\"keywords\":[\"csatorna-haszn\u00e1lat\",\"\u00c9DV Zrt.\"],\"articleSection\":[\"H\u00edrek\"],\"inLanguage\":\"hu\"},{\"@type\":\"WebPage\",\"@id\":\"https:\\\/\\\/dorogimedence.hu\\\/index.php\\\/2026\\\/07\\\/23\\\/nem-szemetes-a-wc-fontos-figyelmeztetest-adott-ki-az-edv-zrt\\\/\",\"url\":\"https:\\\/\\\/dorogimedence.hu\\\/index.php\\\/2026\\\/07\\\/23\\\/nem-szemetes-a-wc-fontos-figyelmeztetest-adott-ki-az-edv-zrt\\\/\",\"name\":\"Nem szemetes a WC \u2013 fontos figyelmeztet\u00e9st adott ki az \u00c9DV Zrt.\",\"isPartOf\":{\"@id\":\"https:\\\/\\\/dorogimedence.hu\\\/#website\"},\"primaryImageOfPage\":{\"@id\":\"https:\\\/\\\/dorogimedence.hu\\\/index.php\\\/2026\\\/07\\\/23\\\/nem-szemetes-a-wc-fontos-figyelmeztetest-adott-ki-az-edv-zrt\\\/#primaryimage\"},\"image\":{\"@id\":\"https:\\\/\\\/dorogimedence.hu\\\/index.php\\\/2026\\\/07\\\/23\\\/nem-szemetes-a-wc-fontos-figyelmeztetest-adott-ki-az-edv-zrt\\\/#primaryimage\"},\"thumbnailUrl\":\"https:\\\/\\\/dorogimedence.hu\\\/wp-content\\\/uploads\\\/2026\\\/07\\\/ChatGPT-Image-2026.-jul.-23.-15_49_51.png\",\"datePublished\":\"2026-07-23T13:50:17+00:00\",\"breadcrumb\":{\"@id\":\"https:\\\/\\\/dorogimedence.hu\\\/index.php\\\/2026\\\/07\\\/23\\\/nem-szemetes-a-wc-fontos-figyelmeztetest-adott-ki-az-edv-zrt\\\/#breadcrumb\"},\"inLanguage\":\"hu\",\"potentialAction\":[{\"@type\":\"ReadAction\",\"target\":[\"https:\\\/\\\/dorogimedence.hu\\\/index.php\\\/2026\\\/07\\\/23\\\/nem-szemetes-a-wc-fontos-figyelmeztetest-adott-ki-az-edv-zrt\\\/\"]}]},{\"@type\":\"ImageObject\",\"inLanguage\":\"hu\",\"@id\":\"https:\\\/\\\/dorogimedence.hu\\\/index.php\\\/2026\\\/07\\\/23\\\/nem-szemetes-a-wc-fontos-figyelmeztetest-adott-ki-az-edv-zrt\\\/#primaryimage\",\"url\":\"https:\\\/\\\/dorogimedence.hu\\\/wp-content\\\/uploads\\\/2026\\\/07\\\/ChatGPT-Image-2026.-jul.-23.-15_49_51.png\",\"contentUrl\":\"https:\\\/\\\/dorogimedence.hu\\\/wp-content\\\/uploads\\\/2026\\\/07\\\/ChatGPT-Image-2026.-jul.-23.-15_49_51.png\",\"width\":1764,\"height\":891},{\"@type\":\"BreadcrumbList\",\"@id\":\"https:\\\/\\\/dorogimedence.hu\\\/index.php\\\/2026\\\/07\\\/23\\\/nem-szemetes-a-wc-fontos-figyelmeztetest-adott-ki-az-edv-zrt\\\/#breadcrumb\",\"itemListElement\":[{\"@type\":\"ListItem\",\"position\":1,\"name\":\"Kezd\u0151lap\",\"item\":\"https:\\\/\\\/dorogimedence.hu\\\/\"},{\"@type\":\"ListItem\",\"position\":2,\"name\":\"Nem szemetes a WC \u2013 fontos figyelmeztet\u00e9st adott ki az \u00c9DV Zrt.\"}]},{\"@type\":\"WebSite\",\"@id\":\"https:\\\/\\\/dorogimedence.hu\\\/#website\",\"url\":\"https:\\\/\\\/dorogimedence.hu\\\/\",\"name\":\"Dorogi-medence Region\u00e1lis H\u00edrport\u00e1l\",\"description\":\"Dorog, Keszt\u00f6lc, Le\u00e1nyv\u00e1r, Piliscs\u00e9v, Tokod, Tokodalt\u00e1r\u00f3, Csolnok, Esztergom-kertv\u00e1ros: h\u00edrek, programok\",\"publisher\":{\"@id\":\"https:\\\/\\\/dorogimedence.hu\\\/#organization\"},\"potentialAction\":[{\"@type\":\"SearchAction\",\"target\":{\"@type\":\"EntryPoint\",\"urlTemplate\":\"https:\\\/\\\/dorogimedence.hu\\\/?s={search_term_string}\"},\"query-input\":{\"@type\":\"PropertyValueSpecification\",\"valueRequired\":true,\"valueName\":\"search_term_string\"}}],\"inLanguage\":\"hu\"},{\"@type\":\"Organization\",\"@id\":\"https:\\\/\\\/dorogimedence.hu\\\/#organization\",\"name\":\"Dorogi-medence Region\u00e1lis H\u00edrport\u00e1l\",\"url\":\"https:\\\/\\\/dorogimedence.hu\\\/\",\"logo\":{\"@type\":\"ImageObject\",\"inLanguage\":\"hu\",\"@id\":\"https:\\\/\\\/dorogimedence.hu\\\/#\\\/schema\\\/logo\\\/image\\\/\",\"url\":\"https:\\\/\\\/dorogimedence.hu\\\/wp-content\\\/uploads\\\/2021\\\/04\\\/logo-feher-600.png\",\"contentUrl\":\"https:\\\/\\\/dorogimedence.hu\\\/wp-content\\\/uploads\\\/2021\\\/04\\\/logo-feher-600.png\",\"width\":600,\"height\":100,\"caption\":\"Dorogi-medence Region\u00e1lis H\u00edrport\u00e1l\"},\"image\":{\"@id\":\"https:\\\/\\\/dorogimedence.hu\\\/#\\\/schema\\\/logo\\\/image\\\/\"},\"sameAs\":[\"https:\\\/\\\/www.facebook.com\\\/dorogimedence\\\/\"]},{\"@type\":\"Person\",\"@id\":\"https:\\\/\\\/dorogimedence.hu\\\/#\\\/schema\\\/person\\\/ce6091eeb7e95ecdc87890d6aa8e0fd4\",\"name\":\"dorogimedence.hu\",\"image\":{\"@type\":\"ImageObject\",\"inLanguage\":\"hu\",\"@id\":\"\\\/\\\/www.gravatar.com\\\/avatar\\\/d8d45f8901aadff40a4af72c0b826f1d?s=96&#038;r=g&#038;d=mm\",\"url\":\"\\\/\\\/www.gravatar.com\\\/avatar\\\/d8d45f8901aadff40a4af72c0b826f1d?s=96&#038;r=g&#038;d=mm\",\"contentUrl\":\"\\\/\\\/www.gravatar.com\\\/avatar\\\/d8d45f8901aadff40a4af72c0b826f1d?s=96&#038;r=g&#038;d=mm\",\"caption\":\"dorogimedence.hu\"}}]}<\/script>\n<!-- \/ Yoast SEO plugin. -->","yoast_head_json":{"title":"Nem szemetes a WC \u2013 fontos figyelmeztet\u00e9st adott ki az \u00c9DV Zrt.","robots":{"index":"index","follow":"follow","max-snippet":"max-snippet:-1","max-image-preview":"max-image-preview:large","max-video-preview":"max-video-preview:-1"},"canonical":"https:\/\/dorogimedence.hu\/index.php\/2026\/07\/23\/nem-szemetes-a-wc-fontos-figyelmeztetest-adott-ki-az-edv-zrt\/","og_locale":"hu_HU","og_type":"article","og_title":"Nem szemetes a WC \u2013 fontos figyelmeztet\u00e9st adott ki az \u00c9DV Zrt.","og_description":"Az \u00c9szakdun\u00e1nt\u00fali V\u00edzm\u0171 Zrt. csatornahaszn\u00e1lati \u00fatmutat\u00f3ban h\u00edvta fel a figyelmet arra, hogy a lefoly\u00f3ba vagy a WC-be ker\u00fcl\u0151 hullad\u00e9kok s\u00falyos dugul\u00e1sokat, \u00fczemzavarokat \u00e9s k\u00f6rnyezeti k\u00e1rokat okozhatnak. A szolg\u00e1ltat\u00f3 hangs\u00falyozza: a szennyv\u00edzcsatorna nem alkalmas a h\u00e1ztart\u00e1si hullad\u00e9kok elt\u00fcntet\u00e9s\u00e9re. Sokan gondolj\u00e1k \u00fagy, hogy ami egyszer lefolyt a WC-n vagy a mosogat\u00f3n kereszt\u00fcl, att\u00f3l v\u00e9gleg megszabadultak. A szennyv\u00edztiszt\u00edt\u00f3","og_url":"https:\/\/dorogimedence.hu\/index.php\/2026\/07\/23\/nem-szemetes-a-wc-fontos-figyelmeztetest-adott-ki-az-edv-zrt\/","og_site_name":"Dorogi-medence Region\u00e1lis H\u00edrport\u00e1l","article_publisher":"https:\/\/www.facebook.com\/dorogimedence\/","article_published_time":"2026-07-23T13:50:17+00:00","og_image":[{"width":1764,"height":891,"url":"https:\/\/dorogimedence.hu\/wp-content\/uploads\/2026\/07\/ChatGPT-Image-2026.-jul.-23.-15_49_51.png","type":"image\/png"}],"author":"dorogimedence.hu","twitter_card":"summary_large_image","twitter_misc":{"Szerz\u0151:":"dorogimedence.hu","Becs\u00fclt olvas\u00e1si id\u0151":"5 perc"},"schema":{"@context":"https:\/\/schema.org","@graph":[{"@type":"Article","@id":"https:\/\/dorogimedence.hu\/index.php\/2026\/07\/23\/nem-szemetes-a-wc-fontos-figyelmeztetest-adott-ki-az-edv-zrt\/#article","isPartOf":{"@id":"https:\/\/dorogimedence.hu\/index.php\/2026\/07\/23\/nem-szemetes-a-wc-fontos-figyelmeztetest-adott-ki-az-edv-zrt\/"},"author":{"name":"dorogimedence.hu","@id":"https:\/\/dorogimedence.hu\/#\/schema\/person\/ce6091eeb7e95ecdc87890d6aa8e0fd4"},"headline":"Nem szemetes a WC \u2013 fontos figyelmeztet\u00e9st adott ki az \u00c9DV Zrt.","datePublished":"2026-07-23T13:50:17+00:00","mainEntityOfPage":{"@id":"https:\/\/dorogimedence.hu\/index.php\/2026\/07\/23\/nem-szemetes-a-wc-fontos-figyelmeztetest-adott-ki-az-edv-zrt\/"},"wordCount":1017,"publisher":{"@id":"https:\/\/dorogimedence.hu\/#organization"},"image":{"@id":"https:\/\/dorogimedence.hu\/index.php\/2026\/07\/23\/nem-szemetes-a-wc-fontos-figyelmeztetest-adott-ki-az-edv-zrt\/#primaryimage"},"thumbnailUrl":"https:\/\/dorogimedence.hu\/wp-content\/uploads\/2026\/07\/ChatGPT-Image-2026.-jul.-23.-15_49_51.png","keywords":["csatorna-haszn\u00e1lat","\u00c9DV Zrt."],"articleSection":["H\u00edrek"],"inLanguage":"hu"},{"@type":"WebPage","@id":"https:\/\/dorogimedence.hu\/index.php\/2026\/07\/23\/nem-szemetes-a-wc-fontos-figyelmeztetest-adott-ki-az-edv-zrt\/","url":"https:\/\/dorogimedence.hu\/index.php\/2026\/07\/23\/nem-szemetes-a-wc-fontos-figyelmeztetest-adott-ki-az-edv-zrt\/","name":"Nem szemetes a WC \u2013 fontos figyelmeztet\u00e9st adott ki az \u00c9DV Zrt.","isPartOf":{"@id":"https:\/\/dorogimedence.hu\/#website"},"primaryImageOfPage":{"@id":"https:\/\/dorogimedence.hu\/index.php\/2026\/07\/23\/nem-szemetes-a-wc-fontos-figyelmeztetest-adott-ki-az-edv-zrt\/#primaryimage"},"image":{"@id":"https:\/\/dorogimedence.hu\/index.php\/2026\/07\/23\/nem-szemetes-a-wc-fontos-figyelmeztetest-adott-ki-az-edv-zrt\/#primaryimage"},"thumbnailUrl":"https:\/\/dorogimedence.hu\/wp-content\/uploads\/2026\/07\/ChatGPT-Image-2026.-jul.-23.-15_49_51.png","datePublished":"2026-07-23T13:50:17+00:00","breadcrumb":{"@id":"https:\/\/dorogimedence.hu\/index.php\/2026\/07\/23\/nem-szemetes-a-wc-fontos-figyelmeztetest-adott-ki-az-edv-zrt\/#breadcrumb"},"inLanguage":"hu","potentialAction":[{"@type":"ReadAction","target":["https:\/\/dorogimedence.hu\/index.php\/2026\/07\/23\/nem-szemetes-a-wc-fontos-figyelmeztetest-adott-ki-az-edv-zrt\/"]}]},{"@type":"ImageObject","inLanguage":"hu","@id":"https:\/\/dorogimedence.hu\/index.php\/2026\/07\/23\/nem-szemetes-a-wc-fontos-figyelmeztetest-adott-ki-az-edv-zrt\/#primaryimage","url":"https:\/\/dorogimedence.hu\/wp-content\/uploads\/2026\/07\/ChatGPT-Image-2026.-jul.-23.-15_49_51.png","contentUrl":"https:\/\/dorogimedence.hu\/wp-content\/uploads\/2026\/07\/ChatGPT-Image-2026.-jul.-23.-15_49_51.png","width":1764,"height":891},{"@type":"BreadcrumbList","@id":"https:\/\/dorogimedence.hu\/index.php\/2026\/07\/23\/nem-szemetes-a-wc-fontos-figyelmeztetest-adott-ki-az-edv-zrt\/#breadcrumb","itemListElement":[{"@type":"ListItem","position":1,"name":"Kezd\u0151lap","item":"https:\/\/dorogimedence.hu\/"},{"@type":"ListItem","position":2,"name":"Nem szemetes a WC \u2013 fontos figyelmeztet\u00e9st adott ki az \u00c9DV Zrt."}]},{"@type":"WebSite","@id":"https:\/\/dorogimedence.hu\/#website","url":"https:\/\/dorogimedence.hu\/","name":"Dorogi-medence Region\u00e1lis H\u00edrport\u00e1l","description":"Dorog, Keszt\u00f6lc, Le\u00e1nyv\u00e1r, Piliscs\u00e9v, Tokod, Tokodalt\u00e1r\u00f3, Csolnok, Esztergom-kertv\u00e1ros: h\u00edrek, programok","publisher":{"@id":"https:\/\/dorogimedence.hu\/#organization"},"potentialAction":[{"@type":"SearchAction","target":{"@type":"EntryPoint","urlTemplate":"https:\/\/dorogimedence.hu\/?s={search_term_string}"},"query-input":{"@type":"PropertyValueSpecification","valueRequired":true,"valueName":"search_term_string"}}],"inLanguage":"hu"},{"@type":"Organization","@id":"https:\/\/dorogimedence.hu\/#organization","name":"Dorogi-medence Region\u00e1lis H\u00edrport\u00e1l","url":"https:\/\/dorogimedence.hu\/","logo":{"@type":"ImageObject","inLanguage":"hu","@id":"https:\/\/dorogimedence.hu\/#\/schema\/logo\/image\/","url":"https:\/\/dorogimedence.hu\/wp-content\/uploads\/2021\/04\/logo-feher-600.png","contentUrl":"https:\/\/dorogimedence.hu\/wp-content\/uploads\/2021\/04\/logo-feher-600.png","width":600,"height":100,"caption":"Dorogi-medence Region\u00e1lis H\u00edrport\u00e1l"},"image":{"@id":"https:\/\/dorogimedence.hu\/#\/schema\/logo\/image\/"},"sameAs":["https:\/\/www.facebook.com\/dorogimedence\/"]},{"@type":"Person","@id":"https:\/\/dorogimedence.hu\/#\/schema\/person\/ce6091eeb7e95ecdc87890d6aa8e0fd4","name":"dorogimedence.hu","image":{"@type":"ImageObject","inLanguage":"hu","@id":"\/\/www.gravatar.com\/avatar\/d8d45f8901aadff40a4af72c0b826f1d?s=96&#038;r=g&#038;d=mm","url":"\/\/www.gravatar.com\/avatar\/d8d45f8901aadff40a4af72c0b826f1d?s=96&#038;r=g&#038;d=mm","contentUrl":"\/\/www.gravatar.com\/avatar\/d8d45f8901aadff40a4af72c0b826f1d?s=96&#038;r=g&#038;d=mm","caption":"dorogimedence.hu"}}]}},"_links":{"self":[{"href":"https:\/\/dorogimedence.hu\/index.php\/wp-json\/wp\/v2\/posts\/82180","targetHints":{"allow":["GET"]}}],"collection":[{"href":"https:\/\/dorogimedence.hu\/index.php\/wp-json\/wp\/v2\/posts"}],"about":[{"href":"https:\/\/dorogimedence.hu\/index.php\/wp-json\/wp\/v2\/types\/post"}],"author":[{"embeddable":true,"href":"https:\/\/dorogimedence.hu\/index.php\/wp-json\/wp\/v2\/users\/1"}],"replies":[{"embeddable":true,"href":"https:\/\/dorogimedence.hu\/index.php\/wp-json\/wp\/v2\/comments?post=82180"}],"version-history":[{"count":1,"href":"https:\/\/dorogimedence.hu\/index.php\/wp-json\/wp\/v2\/posts\/82180\/revisions"}],"predecessor-version":[{"id":82182,"href":"https:\/\/dorogimedence.hu\/index.php\/wp-json\/wp\/v2\/posts\/82180\/revisions\/82182"}],"wp:featuredmedia":[{"embeddable":true,"href":"https:\/\/dorogimedence.hu\/index.php\/wp-json\/wp\/v2\/media\/82181"}],"wp:attachment":[{"href":"https:\/\/dorogimedence.hu\/index.php\/wp-json\/wp\/v2\/media?parent=82180"}],"wp:term":[{"taxonomy":"category","embeddable":true,"href":"https:\/\/dorogimedence.hu\/index.php\/wp-json\/wp\/v2\/categories?post=82180"},{"taxonomy":"post_tag","embeddable":true,"href":"https:\/\/dorogimedence.hu\/index.php\/wp-json\/wp\/v2\/tags?post=82180"}],"curies":[{"name":"wp","href":"https:\/\/api.w.org\/{rel}","templated":true}]}}