{"id":82175,"date":"2026-07-23T11:30:48","date_gmt":"2026-07-23T09:30:48","guid":{"rendered":"https:\/\/dorogimedence.hu\/?p=82175"},"modified":"2026-07-23T11:30:48","modified_gmt":"2026-07-23T09:30:48","slug":"szombaton-kezdi-a-bajnoksagot-a-dorogi-banyasz-fc","status":"publish","type":"post","link":"https:\/\/dorogimedence.hu\/index.php\/2026\/07\/23\/szombaton-kezdi-a-bajnoksagot-a-dorogi-banyasz-fc\/","title":{"rendered":"Szombaton kezdi a bajnoks\u00e1got a Dorogi B\u00e1ny\u00e1sz FC"},"content":{"rendered":"<p><strong>J\u00falius 25-\u00e9n, szombaton megkezdi szerepl\u00e9s\u00e9t az NB III \u00c9szak-Nyugati csoportj\u00e1nak 2026\/2027-es id\u00e9ny\u00e9ben a Dorogi B\u00e1ny\u00e1sz FC. A klub a bajnoki rajt el\u0151tt k\u00e9t 18 \u00e9ves j\u00e1t\u00e9kos \u00e9rkez\u00e9s\u00e9t is bejelentette, emellett az \u00faj id\u00e9nyben m\u00e1sodik csapatot is ind\u00edt, amely a v\u00e1rmegyei els\u0151 oszt\u00e1lyban szerepel majd.<\/strong><\/p>\n<h3>Hazai p\u00e1ly\u00e1n kezdik az id\u00e9nyt<\/h3>\n<p>Az NB III \u00c9szak-Nyugati csoportj\u00e1nak els\u0151 fordul\u00f3j\u00e1ban a Dorogi B\u00e1ny\u00e1sz FC a Balatonalm\u00e1di SE egy\u00fcttes\u00e9t fogadja. A m\u00e9rk\u0151z\u00e9st j\u00falius 25-\u00e9n, szombaton 19 \u00f3r\u00e1t\u00f3l rendezik meg a Buz\u00e1nszky Jen\u0151 Labdar\u00fag\u00f3 Stadionban.<\/p>\n<h3>K\u00e9t fiatal j\u00e1t\u00e9kos \u00e9rkezett<\/h3>\n<p>Dorogon folytatja p\u00e1lyafut\u00e1s\u00e1t <a href=\"https:\/\/www.facebook.com\/permalink.php?story_fbid=pfbid0N2Uum2oECVYUn4vkzBpnjut1z5qCTHXavG9TNRKmGjazovhqG7ibifyMrTvek9Akl&amp;id=61571201213817\" target=\"_blank\" rel=\"noopener\"><span style=\"text-decoration: underline;\"><span style=\"color: #0000ff; text-decoration: underline;\">Sztank\u00f3czy S\u00e1muel<\/span><\/span><\/a>. A 18 \u00e9ves, technik\u00e1s k\u00f6z\u00e9pp\u00e1ly\u00e1s m\u00e1r a felk\u00e9sz\u00fcl\u00e9si m\u00e9rk\u0151z\u00e9seken is szerepelt a csapatban, a Csepel elleni els\u0151 tal\u00e1lkoz\u00f3j\u00e1n pedig g\u00f3llal mutatkozott be. A fiatal j\u00e1t\u00e9kos kor\u00e1bban az \u00dajpest \u00e9s az MTK csapat\u00e1ban is megfordult, fiatal kora ellen\u00e9re pedig m\u00e1r egy teljes feln\u0151ttszezont is maga m\u00f6g\u00f6tt tud az Ikarus sz\u00edneiben.<\/p>\n<p>A Dorogi B\u00e1ny\u00e1sz FC Bolla \u00c1ron szerz\u0151dtet\u00e9s\u00e9t is <a href=\"https:\/\/www.facebook.com\/permalink.php?story_fbid=pfbid0RtoL3K2K58F5scf6SGJvQi8Mt1n3z3F3s6YKweS5F2hrZTTAijarbKw9EBVWsFzGl&amp;id=61571201213817\" target=\"_blank\" rel=\"noopener\"><span style=\"text-decoration: underline; color: #0000ff;\">bejelentette<\/span><\/a>. Az Ill\u00e9s Akad\u00e9mia 18 \u00e9ves j\u00e1t\u00e9kosa els\u0151sorban k\u00f6z\u00e9ps\u0151 v\u00e9d\u0151k\u00e9nt szerepel, de a k\u00f6z\u00e9pp\u00e1ly\u00e1n is bevethet\u0151.<\/p>\n<h3>M\u00e1sodik csapatot is ind\u00edtanak<\/h3>\n<p>A klub a 2026\/2027-es id\u00e9nyben <a href=\"https:\/\/www.facebook.com\/permalink.php?story_fbid=pfbid0PkxPNinz95ztqWsBZsGUNTjpShqciB74PnqF6zUdV7fV8ystsRSAhPihJ732Mg8il&amp;id=61571201213817\" target=\"_blank\" rel=\"noopener\"><span style=\"text-decoration: underline; color: #0000ff;\">m\u00e1sodik csapatot ind\u00edt<\/span><\/a>, amely a v\u00e1rmegyei els\u0151 oszt\u00e1lyban szerepel majd. Zsivoczky Gyula szakmai vezet\u0151 elmondta, hogy a tartal\u00e9kcsapat l\u00e9trehoz\u00e1s\u00e1nak gondolata m\u00e1r egy \u00e9vvel kor\u00e1bban is komolyan felvet\u0151d\u00f6tt.<\/p>\n<p>A m\u00e1sodik egy\u00fcttes elind\u00edt\u00e1s\u00e1val lehet\u0151s\u00e9get szeretn\u00e9nek biztos\u00edtani a dorogi ut\u00e1np\u00f3tl\u00e1sban szerepl\u0151 fiataloknak, hogy saj\u00e1t v\u00e1rosukban \u00e9s klubjukban, \u00e1tigazol\u00e1s n\u00e9lk\u00fcl mutatkozhassanak be a feln\u0151tt labdar\u00fag\u00e1sban.<\/p>\n<p>A csapat az NB III-as keret tagjainak is seg\u00edts\u00e9get jelenthet: azok a j\u00e1t\u00e9kosok, akik az els\u0151 csapatban kevesebb lehet\u0151s\u00e9get kapnak, vagy s\u00e9r\u00fcl\u00e9sb\u0151l t\u00e9rnek vissza, \u00e9rt\u00e9kes j\u00e1t\u00e9kpercekhez juthatnak a v\u00e1rmegyei bajnoks\u00e1gban.<\/p>\n<p>A Dorogi B\u00e1ny\u00e1sz FC pr\u00f3baj\u00e1t\u00e9kra is v\u00e1rja azokat, akik sz\u00edvesen szerepeln\u00e9nek a nagy m\u00falt\u00fa klubban. Jelentkezni a <a href=\"mailto:dorogifutballkft@gmail.com\" target=\"_blank\" rel=\"noopener\"><span style=\"text-decoration: underline; color: #0000ff;\">dorogifutballkft@gmail.com<\/span><\/a> e-mail-c\u00edmen lehet.<\/p>\n<p><em>Bor\u00edt\u00f3k\u00e9p: Dorogi-medence<\/em><\/p>\n","protected":false},"excerpt":{"rendered":"<p>J\u00falius 25-\u00e9n, szombaton megkezdi szerepl\u00e9s\u00e9t az NB III \u00c9szak-Nyugati csoportj\u00e1nak 2026\/2027-es id\u00e9ny\u00e9ben a Dorogi B\u00e1ny\u00e1sz FC. A klub a bajnoki rajt el\u0151tt k\u00e9t 18 \u00e9ves j\u00e1t\u00e9kos \u00e9rkez\u00e9s\u00e9t is bejelentette, emellett az \u00faj id\u00e9nyben m\u00e1sodik csapatot is ind\u00edt, amely a v\u00e1rmegyei els\u0151 oszt\u00e1lyban szerepel majd. Hazai p\u00e1ly\u00e1n kezdik az id\u00e9nyt Az NB III \u00c9szak-Nyugati csoportj\u00e1nak els\u0151<\/p>\n","protected":false},"author":1,"featured_media":65640,"comment_status":"closed","ping_status":"closed","sticky":false,"template":"","format":"standard","meta":{"ngg_post_thumbnail":0,"footnotes":""},"categories":[2,3,5],"tags":[15,8932,16],"class_list":["post-82175","post","type-post","status-publish","format-standard","has-post-thumbnail","category-dorog","category-hirek","category-sport","tag-dorog","tag-dorogi-banyasz-fc","tag-sport"],"yoast_head":"<!-- This site is optimized with the Yoast SEO plugin v28.3 - https:\/\/yoast.com\/product\/yoast-seo-wordpress\/ -->\n<title>Szombaton kezdi a bajnoks\u00e1got a Dorogi B\u00e1ny\u00e1sz FC<\/title>\n<meta name=\"robots\" content=\"index, follow, max-snippet:-1, max-image-preview:large, max-video-preview:-1\" \/>\n<link rel=\"canonical\" href=\"https:\/\/dorogimedence.hu\/index.php\/2026\/07\/23\/szombaton-kezdi-a-bajnoksagot-a-dorogi-banyasz-fc\/\" class=\"yoast-seo-meta-tag\" \/>\n<meta property=\"og:locale\" content=\"hu_HU\" class=\"yoast-seo-meta-tag\" \/>\n<meta property=\"og:type\" content=\"article\" class=\"yoast-seo-meta-tag\" \/>\n<meta property=\"og:title\" content=\"Szombaton kezdi a bajnoks\u00e1got a Dorogi B\u00e1ny\u00e1sz FC\" class=\"yoast-seo-meta-tag\" \/>\n<meta property=\"og:description\" content=\"J\u00falius 25-\u00e9n, szombaton megkezdi szerepl\u00e9s\u00e9t az NB III \u00c9szak-Nyugati csoportj\u00e1nak 2026\/2027-es id\u00e9ny\u00e9ben a Dorogi B\u00e1ny\u00e1sz FC. A klub a bajnoki rajt el\u0151tt k\u00e9t 18 \u00e9ves j\u00e1t\u00e9kos \u00e9rkez\u00e9s\u00e9t is bejelentette, emellett az \u00faj id\u00e9nyben m\u00e1sodik csapatot is ind\u00edt, amely a v\u00e1rmegyei els\u0151 oszt\u00e1lyban szerepel majd. Hazai p\u00e1ly\u00e1n kezdik az id\u00e9nyt Az NB III \u00c9szak-Nyugati csoportj\u00e1nak els\u0151\" class=\"yoast-seo-meta-tag\" \/>\n<meta property=\"og:url\" content=\"https:\/\/dorogimedence.hu\/index.php\/2026\/07\/23\/szombaton-kezdi-a-bajnoksagot-a-dorogi-banyasz-fc\/\" class=\"yoast-seo-meta-tag\" \/>\n<meta property=\"og:site_name\" content=\"Dorogi-medence Region\u00e1lis H\u00edrport\u00e1l\" class=\"yoast-seo-meta-tag\" \/>\n<meta property=\"article:publisher\" content=\"https:\/\/www.facebook.com\/dorogimedence\/\" class=\"yoast-seo-meta-tag\" \/>\n<meta property=\"article:published_time\" content=\"2026-07-23T09:30:48+00:00\" class=\"yoast-seo-meta-tag\" \/>\n<meta property=\"og:image\" content=\"https:\/\/dorogimedence.hu\/wp-content\/uploads\/2024\/10\/foci-01.jpg\" class=\"yoast-seo-meta-tag\" \/>\n\t<meta property=\"og:image:width\" content=\"1920\" class=\"yoast-seo-meta-tag\" \/>\n\t<meta property=\"og:image:height\" content=\"1280\" class=\"yoast-seo-meta-tag\" \/>\n\t<meta property=\"og:image:type\" content=\"image\/jpeg\" class=\"yoast-seo-meta-tag\" \/>\n<meta name=\"author\" content=\"dorogimedence.hu\" class=\"yoast-seo-meta-tag\" \/>\n<meta name=\"twitter:card\" content=\"summary_large_image\" class=\"yoast-seo-meta-tag\" \/>\n<meta name=\"twitter:label1\" content=\"Szerz\u0151:\" class=\"yoast-seo-meta-tag\" \/>\n\t<meta name=\"twitter:data1\" content=\"dorogimedence.hu\" class=\"yoast-seo-meta-tag\" \/>\n\t<meta name=\"twitter:label2\" content=\"Becs\u00fclt olvas\u00e1si id\u0151\" class=\"yoast-seo-meta-tag\" \/>\n\t<meta name=\"twitter:data2\" content=\"2 perc\" class=\"yoast-seo-meta-tag\" \/>\n<script type=\"application\/ld+json\" class=\"yoast-schema-graph\">{\"@context\":\"https:\\\/\\\/schema.org\",\"@graph\":[{\"@type\":\"Article\",\"@id\":\"https:\\\/\\\/dorogimedence.hu\\\/index.php\\\/2026\\\/07\\\/23\\\/szombaton-kezdi-a-bajnoksagot-a-dorogi-banyasz-fc\\\/#article\",\"isPartOf\":{\"@id\":\"https:\\\/\\\/dorogimedence.hu\\\/index.php\\\/2026\\\/07\\\/23\\\/szombaton-kezdi-a-bajnoksagot-a-dorogi-banyasz-fc\\\/\"},\"author\":{\"name\":\"dorogimedence.hu\",\"@id\":\"https:\\\/\\\/dorogimedence.hu\\\/#\\\/schema\\\/person\\\/ce6091eeb7e95ecdc87890d6aa8e0fd4\"},\"headline\":\"Szombaton kezdi a bajnoks\u00e1got a Dorogi B\u00e1ny\u00e1sz FC\",\"datePublished\":\"2026-07-23T09:30:48+00:00\",\"mainEntityOfPage\":{\"@id\":\"https:\\\/\\\/dorogimedence.hu\\\/index.php\\\/2026\\\/07\\\/23\\\/szombaton-kezdi-a-bajnoksagot-a-dorogi-banyasz-fc\\\/\"},\"wordCount\":439,\"publisher\":{\"@id\":\"https:\\\/\\\/dorogimedence.hu\\\/#organization\"},\"image\":{\"@id\":\"https:\\\/\\\/dorogimedence.hu\\\/index.php\\\/2026\\\/07\\\/23\\\/szombaton-kezdi-a-bajnoksagot-a-dorogi-banyasz-fc\\\/#primaryimage\"},\"thumbnailUrl\":\"https:\\\/\\\/dorogimedence.hu\\\/wp-content\\\/uploads\\\/2024\\\/10\\\/foci-01.jpg\",\"keywords\":[\"Dorog\",\"Dorogi B\u00e1ny\u00e1sz FC\",\"sport\"],\"articleSection\":[\"Dorog\",\"H\u00edrek\",\"Sport\"],\"inLanguage\":\"hu\"},{\"@type\":\"WebPage\",\"@id\":\"https:\\\/\\\/dorogimedence.hu\\\/index.php\\\/2026\\\/07\\\/23\\\/szombaton-kezdi-a-bajnoksagot-a-dorogi-banyasz-fc\\\/\",\"url\":\"https:\\\/\\\/dorogimedence.hu\\\/index.php\\\/2026\\\/07\\\/23\\\/szombaton-kezdi-a-bajnoksagot-a-dorogi-banyasz-fc\\\/\",\"name\":\"Szombaton kezdi a bajnoks\u00e1got a Dorogi B\u00e1ny\u00e1sz FC\",\"isPartOf\":{\"@id\":\"https:\\\/\\\/dorogimedence.hu\\\/#website\"},\"primaryImageOfPage\":{\"@id\":\"https:\\\/\\\/dorogimedence.hu\\\/index.php\\\/2026\\\/07\\\/23\\\/szombaton-kezdi-a-bajnoksagot-a-dorogi-banyasz-fc\\\/#primaryimage\"},\"image\":{\"@id\":\"https:\\\/\\\/dorogimedence.hu\\\/index.php\\\/2026\\\/07\\\/23\\\/szombaton-kezdi-a-bajnoksagot-a-dorogi-banyasz-fc\\\/#primaryimage\"},\"thumbnailUrl\":\"https:\\\/\\\/dorogimedence.hu\\\/wp-content\\\/uploads\\\/2024\\\/10\\\/foci-01.jpg\",\"datePublished\":\"2026-07-23T09:30:48+00:00\",\"breadcrumb\":{\"@id\":\"https:\\\/\\\/dorogimedence.hu\\\/index.php\\\/2026\\\/07\\\/23\\\/szombaton-kezdi-a-bajnoksagot-a-dorogi-banyasz-fc\\\/#breadcrumb\"},\"inLanguage\":\"hu\",\"potentialAction\":[{\"@type\":\"ReadAction\",\"target\":[\"https:\\\/\\\/dorogimedence.hu\\\/index.php\\\/2026\\\/07\\\/23\\\/szombaton-kezdi-a-bajnoksagot-a-dorogi-banyasz-fc\\\/\"]}]},{\"@type\":\"ImageObject\",\"inLanguage\":\"hu\",\"@id\":\"https:\\\/\\\/dorogimedence.hu\\\/index.php\\\/2026\\\/07\\\/23\\\/szombaton-kezdi-a-bajnoksagot-a-dorogi-banyasz-fc\\\/#primaryimage\",\"url\":\"https:\\\/\\\/dorogimedence.hu\\\/wp-content\\\/uploads\\\/2024\\\/10\\\/foci-01.jpg\",\"contentUrl\":\"https:\\\/\\\/dorogimedence.hu\\\/wp-content\\\/uploads\\\/2024\\\/10\\\/foci-01.jpg\",\"width\":1920,\"height\":1280},{\"@type\":\"BreadcrumbList\",\"@id\":\"https:\\\/\\\/dorogimedence.hu\\\/index.php\\\/2026\\\/07\\\/23\\\/szombaton-kezdi-a-bajnoksagot-a-dorogi-banyasz-fc\\\/#breadcrumb\",\"itemListElement\":[{\"@type\":\"ListItem\",\"position\":1,\"name\":\"Kezd\u0151lap\",\"item\":\"https:\\\/\\\/dorogimedence.hu\\\/\"},{\"@type\":\"ListItem\",\"position\":2,\"name\":\"Szombaton kezdi a bajnoks\u00e1got a Dorogi B\u00e1ny\u00e1sz FC\"}]},{\"@type\":\"WebSite\",\"@id\":\"https:\\\/\\\/dorogimedence.hu\\\/#website\",\"url\":\"https:\\\/\\\/dorogimedence.hu\\\/\",\"name\":\"Dorogi-medence Region\u00e1lis H\u00edrport\u00e1l\",\"description\":\"Dorog, Keszt\u00f6lc, Le\u00e1nyv\u00e1r, Piliscs\u00e9v, Tokod, Tokodalt\u00e1r\u00f3, Csolnok, Esztergom-kertv\u00e1ros: h\u00edrek, programok\",\"publisher\":{\"@id\":\"https:\\\/\\\/dorogimedence.hu\\\/#organization\"},\"potentialAction\":[{\"@type\":\"SearchAction\",\"target\":{\"@type\":\"EntryPoint\",\"urlTemplate\":\"https:\\\/\\\/dorogimedence.hu\\\/?s={search_term_string}\"},\"query-input\":{\"@type\":\"PropertyValueSpecification\",\"valueRequired\":true,\"valueName\":\"search_term_string\"}}],\"inLanguage\":\"hu\"},{\"@type\":\"Organization\",\"@id\":\"https:\\\/\\\/dorogimedence.hu\\\/#organization\",\"name\":\"Dorogi-medence Region\u00e1lis H\u00edrport\u00e1l\",\"url\":\"https:\\\/\\\/dorogimedence.hu\\\/\",\"logo\":{\"@type\":\"ImageObject\",\"inLanguage\":\"hu\",\"@id\":\"https:\\\/\\\/dorogimedence.hu\\\/#\\\/schema\\\/logo\\\/image\\\/\",\"url\":\"https:\\\/\\\/dorogimedence.hu\\\/wp-content\\\/uploads\\\/2021\\\/04\\\/logo-feher-600.png\",\"contentUrl\":\"https:\\\/\\\/dorogimedence.hu\\\/wp-content\\\/uploads\\\/2021\\\/04\\\/logo-feher-600.png\",\"width\":600,\"height\":100,\"caption\":\"Dorogi-medence Region\u00e1lis H\u00edrport\u00e1l\"},\"image\":{\"@id\":\"https:\\\/\\\/dorogimedence.hu\\\/#\\\/schema\\\/logo\\\/image\\\/\"},\"sameAs\":[\"https:\\\/\\\/www.facebook.com\\\/dorogimedence\\\/\"]},{\"@type\":\"Person\",\"@id\":\"https:\\\/\\\/dorogimedence.hu\\\/#\\\/schema\\\/person\\\/ce6091eeb7e95ecdc87890d6aa8e0fd4\",\"name\":\"dorogimedence.hu\",\"image\":{\"@type\":\"ImageObject\",\"inLanguage\":\"hu\",\"@id\":\"\\\/\\\/www.gravatar.com\\\/avatar\\\/d8d45f8901aadff40a4af72c0b826f1d?s=96&#038;r=g&#038;d=mm\",\"url\":\"\\\/\\\/www.gravatar.com\\\/avatar\\\/d8d45f8901aadff40a4af72c0b826f1d?s=96&#038;r=g&#038;d=mm\",\"contentUrl\":\"\\\/\\\/www.gravatar.com\\\/avatar\\\/d8d45f8901aadff40a4af72c0b826f1d?s=96&#038;r=g&#038;d=mm\",\"caption\":\"dorogimedence.hu\"}}]}<\/script>\n<!-- \/ Yoast SEO plugin. -->","yoast_head_json":{"title":"Szombaton kezdi a bajnoks\u00e1got a Dorogi B\u00e1ny\u00e1sz FC","robots":{"index":"index","follow":"follow","max-snippet":"max-snippet:-1","max-image-preview":"max-image-preview:large","max-video-preview":"max-video-preview:-1"},"canonical":"https:\/\/dorogimedence.hu\/index.php\/2026\/07\/23\/szombaton-kezdi-a-bajnoksagot-a-dorogi-banyasz-fc\/","og_locale":"hu_HU","og_type":"article","og_title":"Szombaton kezdi a bajnoks\u00e1got a Dorogi B\u00e1ny\u00e1sz FC","og_description":"J\u00falius 25-\u00e9n, szombaton megkezdi szerepl\u00e9s\u00e9t az NB III \u00c9szak-Nyugati csoportj\u00e1nak 2026\/2027-es id\u00e9ny\u00e9ben a Dorogi B\u00e1ny\u00e1sz FC. A klub a bajnoki rajt el\u0151tt k\u00e9t 18 \u00e9ves j\u00e1t\u00e9kos \u00e9rkez\u00e9s\u00e9t is bejelentette, emellett az \u00faj id\u00e9nyben m\u00e1sodik csapatot is ind\u00edt, amely a v\u00e1rmegyei els\u0151 oszt\u00e1lyban szerepel majd. Hazai p\u00e1ly\u00e1n kezdik az id\u00e9nyt Az NB III \u00c9szak-Nyugati csoportj\u00e1nak els\u0151","og_url":"https:\/\/dorogimedence.hu\/index.php\/2026\/07\/23\/szombaton-kezdi-a-bajnoksagot-a-dorogi-banyasz-fc\/","og_site_name":"Dorogi-medence Region\u00e1lis H\u00edrport\u00e1l","article_publisher":"https:\/\/www.facebook.com\/dorogimedence\/","article_published_time":"2026-07-23T09:30:48+00:00","og_image":[{"width":1920,"height":1280,"url":"https:\/\/dorogimedence.hu\/wp-content\/uploads\/2024\/10\/foci-01.jpg","type":"image\/jpeg"}],"author":"dorogimedence.hu","twitter_card":"summary_large_image","twitter_misc":{"Szerz\u0151:":"dorogimedence.hu","Becs\u00fclt olvas\u00e1si id\u0151":"2 perc"},"schema":{"@context":"https:\/\/schema.org","@graph":[{"@type":"Article","@id":"https:\/\/dorogimedence.hu\/index.php\/2026\/07\/23\/szombaton-kezdi-a-bajnoksagot-a-dorogi-banyasz-fc\/#article","isPartOf":{"@id":"https:\/\/dorogimedence.hu\/index.php\/2026\/07\/23\/szombaton-kezdi-a-bajnoksagot-a-dorogi-banyasz-fc\/"},"author":{"name":"dorogimedence.hu","@id":"https:\/\/dorogimedence.hu\/#\/schema\/person\/ce6091eeb7e95ecdc87890d6aa8e0fd4"},"headline":"Szombaton kezdi a bajnoks\u00e1got a Dorogi B\u00e1ny\u00e1sz FC","datePublished":"2026-07-23T09:30:48+00:00","mainEntityOfPage":{"@id":"https:\/\/dorogimedence.hu\/index.php\/2026\/07\/23\/szombaton-kezdi-a-bajnoksagot-a-dorogi-banyasz-fc\/"},"wordCount":439,"publisher":{"@id":"https:\/\/dorogimedence.hu\/#organization"},"image":{"@id":"https:\/\/dorogimedence.hu\/index.php\/2026\/07\/23\/szombaton-kezdi-a-bajnoksagot-a-dorogi-banyasz-fc\/#primaryimage"},"thumbnailUrl":"https:\/\/dorogimedence.hu\/wp-content\/uploads\/2024\/10\/foci-01.jpg","keywords":["Dorog","Dorogi B\u00e1ny\u00e1sz FC","sport"],"articleSection":["Dorog","H\u00edrek","Sport"],"inLanguage":"hu"},{"@type":"WebPage","@id":"https:\/\/dorogimedence.hu\/index.php\/2026\/07\/23\/szombaton-kezdi-a-bajnoksagot-a-dorogi-banyasz-fc\/","url":"https:\/\/dorogimedence.hu\/index.php\/2026\/07\/23\/szombaton-kezdi-a-bajnoksagot-a-dorogi-banyasz-fc\/","name":"Szombaton kezdi a bajnoks\u00e1got a Dorogi B\u00e1ny\u00e1sz FC","isPartOf":{"@id":"https:\/\/dorogimedence.hu\/#website"},"primaryImageOfPage":{"@id":"https:\/\/dorogimedence.hu\/index.php\/2026\/07\/23\/szombaton-kezdi-a-bajnoksagot-a-dorogi-banyasz-fc\/#primaryimage"},"image":{"@id":"https:\/\/dorogimedence.hu\/index.php\/2026\/07\/23\/szombaton-kezdi-a-bajnoksagot-a-dorogi-banyasz-fc\/#primaryimage"},"thumbnailUrl":"https:\/\/dorogimedence.hu\/wp-content\/uploads\/2024\/10\/foci-01.jpg","datePublished":"2026-07-23T09:30:48+00:00","breadcrumb":{"@id":"https:\/\/dorogimedence.hu\/index.php\/2026\/07\/23\/szombaton-kezdi-a-bajnoksagot-a-dorogi-banyasz-fc\/#breadcrumb"},"inLanguage":"hu","potentialAction":[{"@type":"ReadAction","target":["https:\/\/dorogimedence.hu\/index.php\/2026\/07\/23\/szombaton-kezdi-a-bajnoksagot-a-dorogi-banyasz-fc\/"]}]},{"@type":"ImageObject","inLanguage":"hu","@id":"https:\/\/dorogimedence.hu\/index.php\/2026\/07\/23\/szombaton-kezdi-a-bajnoksagot-a-dorogi-banyasz-fc\/#primaryimage","url":"https:\/\/dorogimedence.hu\/wp-content\/uploads\/2024\/10\/foci-01.jpg","contentUrl":"https:\/\/dorogimedence.hu\/wp-content\/uploads\/2024\/10\/foci-01.jpg","width":1920,"height":1280},{"@type":"BreadcrumbList","@id":"https:\/\/dorogimedence.hu\/index.php\/2026\/07\/23\/szombaton-kezdi-a-bajnoksagot-a-dorogi-banyasz-fc\/#breadcrumb","itemListElement":[{"@type":"ListItem","position":1,"name":"Kezd\u0151lap","item":"https:\/\/dorogimedence.hu\/"},{"@type":"ListItem","position":2,"name":"Szombaton kezdi a bajnoks\u00e1got a Dorogi B\u00e1ny\u00e1sz FC"}]},{"@type":"WebSite","@id":"https:\/\/dorogimedence.hu\/#website","url":"https:\/\/dorogimedence.hu\/","name":"Dorogi-medence Region\u00e1lis H\u00edrport\u00e1l","description":"Dorog, Keszt\u00f6lc, Le\u00e1nyv\u00e1r, Piliscs\u00e9v, Tokod, Tokodalt\u00e1r\u00f3, Csolnok, Esztergom-kertv\u00e1ros: h\u00edrek, programok","publisher":{"@id":"https:\/\/dorogimedence.hu\/#organization"},"potentialAction":[{"@type":"SearchAction","target":{"@type":"EntryPoint","urlTemplate":"https:\/\/dorogimedence.hu\/?s={search_term_string}"},"query-input":{"@type":"PropertyValueSpecification","valueRequired":true,"valueName":"search_term_string"}}],"inLanguage":"hu"},{"@type":"Organization","@id":"https:\/\/dorogimedence.hu\/#organization","name":"Dorogi-medence Region\u00e1lis H\u00edrport\u00e1l","url":"https:\/\/dorogimedence.hu\/","logo":{"@type":"ImageObject","inLanguage":"hu","@id":"https:\/\/dorogimedence.hu\/#\/schema\/logo\/image\/","url":"https:\/\/dorogimedence.hu\/wp-content\/uploads\/2021\/04\/logo-feher-600.png","contentUrl":"https:\/\/dorogimedence.hu\/wp-content\/uploads\/2021\/04\/logo-feher-600.png","width":600,"height":100,"caption":"Dorogi-medence Region\u00e1lis H\u00edrport\u00e1l"},"image":{"@id":"https:\/\/dorogimedence.hu\/#\/schema\/logo\/image\/"},"sameAs":["https:\/\/www.facebook.com\/dorogimedence\/"]},{"@type":"Person","@id":"https:\/\/dorogimedence.hu\/#\/schema\/person\/ce6091eeb7e95ecdc87890d6aa8e0fd4","name":"dorogimedence.hu","image":{"@type":"ImageObject","inLanguage":"hu","@id":"\/\/www.gravatar.com\/avatar\/d8d45f8901aadff40a4af72c0b826f1d?s=96&#038;r=g&#038;d=mm","url":"\/\/www.gravatar.com\/avatar\/d8d45f8901aadff40a4af72c0b826f1d?s=96&#038;r=g&#038;d=mm","contentUrl":"\/\/www.gravatar.com\/avatar\/d8d45f8901aadff40a4af72c0b826f1d?s=96&#038;r=g&#038;d=mm","caption":"dorogimedence.hu"}}]}},"_links":{"self":[{"href":"https:\/\/dorogimedence.hu\/index.php\/wp-json\/wp\/v2\/posts\/82175","targetHints":{"allow":["GET"]}}],"collection":[{"href":"https:\/\/dorogimedence.hu\/index.php\/wp-json\/wp\/v2\/posts"}],"about":[{"href":"https:\/\/dorogimedence.hu\/index.php\/wp-json\/wp\/v2\/types\/post"}],"author":[{"embeddable":true,"href":"https:\/\/dorogimedence.hu\/index.php\/wp-json\/wp\/v2\/users\/1"}],"replies":[{"embeddable":true,"href":"https:\/\/dorogimedence.hu\/index.php\/wp-json\/wp\/v2\/comments?post=82175"}],"version-history":[{"count":1,"href":"https:\/\/dorogimedence.hu\/index.php\/wp-json\/wp\/v2\/posts\/82175\/revisions"}],"predecessor-version":[{"id":82176,"href":"https:\/\/dorogimedence.hu\/index.php\/wp-json\/wp\/v2\/posts\/82175\/revisions\/82176"}],"wp:featuredmedia":[{"embeddable":true,"href":"https:\/\/dorogimedence.hu\/index.php\/wp-json\/wp\/v2\/media\/65640"}],"wp:attachment":[{"href":"https:\/\/dorogimedence.hu\/index.php\/wp-json\/wp\/v2\/media?parent=82175"}],"wp:term":[{"taxonomy":"category","embeddable":true,"href":"https:\/\/dorogimedence.hu\/index.php\/wp-json\/wp\/v2\/categories?post=82175"},{"taxonomy":"post_tag","embeddable":true,"href":"https:\/\/dorogimedence.hu\/index.php\/wp-json\/wp\/v2\/tags?post=82175"}],"curies":[{"name":"wp","href":"https:\/\/api.w.org\/{rel}","templated":true}]}}