{"id":82167,"date":"2026-07-23T09:13:54","date_gmt":"2026-07-23T07:13:54","guid":{"rendered":"https:\/\/dorogimedence.hu\/?p=82167"},"modified":"2026-07-23T09:13:54","modified_gmt":"2026-07-23T07:13:54","slug":"schmidt-istvan-kapta-iden-a-csolnokert-dijat","status":"publish","type":"post","link":"https:\/\/dorogimedence.hu\/index.php\/2026\/07\/23\/schmidt-istvan-kapta-iden-a-csolnokert-dijat\/","title":{"rendered":"Schmidt Istv\u00e1n kapta id\u00e9n a Csolnok\u00e9rt D\u00edjat"},"content":{"rendered":"<p><strong>A 28. Csolnoki Falunapok keret\u00e9ben adt\u00e1k \u00e1t a telep\u00fcl\u00e9s egyik rangos elismer\u00e9s\u00e9t, a Csolnok\u00e9rt D\u00edjat. A kit\u00fcntet\u00e9st id\u00e9n Schmidt Istv\u00e1n, a falu fotogr\u00e1fusa vehette \u00e1t.<\/strong><\/p>\n<p>A falunapok szombati programj\u00e1nak r\u00e9szek\u00e9nt j\u00falius 18-\u00e1n, 16.30 \u00f3rakor a F\u00f3di J\u00e1nos M\u0171vel\u0151d\u00e9si H\u00e1z nagyterm\u00e9ben nyitott\u00e1k meg a \u201eCsolnokon alkotnak\u201d c\u00edm\u0171 ki\u00e1ll\u00edt\u00e1st, amelyen helyi alkot\u00f3k munk\u00e1it mutatt\u00e1k be.<\/p>\n<p>A t\u00e1rlat megnyit\u00f3j\u00e1t k\u00f6vet\u0151en a r\u00e9sztvev\u0151k zen\u00e9s felvonul\u00e1ssal indultak a R\u00e1k\u00f3czi t\u00e9rr\u0151l a Szent J\u00e1nos Parkba. A menetben a Dimenzi\u00f3 Mazsorett Csoport is k\u00f6zrem\u0171k\u00f6d\u00f6tt, zenei k\u00eds\u00e9retr\u0151l pedig a Csolnoki F\u00fav\u00f3szenekar gondoskodott.<\/p>\n<p><img fetchpriority=\"high\" decoding=\"async\" class=\"alignnone size-full wp-image-82169\" src=\"https:\/\/dorogimedence.hu\/wp-content\/uploads\/2026\/07\/748568058_1019958787620199_5647379537617562968_n.jpg\" alt=\"\" width=\"2048\" height=\"1365\" srcset=\"https:\/\/dorogimedence.hu\/wp-content\/uploads\/2026\/07\/748568058_1019958787620199_5647379537617562968_n.jpg 2048w, https:\/\/dorogimedence.hu\/wp-content\/uploads\/2026\/07\/748568058_1019958787620199_5647379537617562968_n-600x400.jpg 600w, https:\/\/dorogimedence.hu\/wp-content\/uploads\/2026\/07\/748568058_1019958787620199_5647379537617562968_n-1920x1280.jpg 1920w, https:\/\/dorogimedence.hu\/wp-content\/uploads\/2026\/07\/748568058_1019958787620199_5647379537617562968_n-768x512.jpg 768w, https:\/\/dorogimedence.hu\/wp-content\/uploads\/2026\/07\/748568058_1019958787620199_5647379537617562968_n-1536x1024.jpg 1536w, https:\/\/dorogimedence.hu\/wp-content\/uploads\/2026\/07\/748568058_1019958787620199_5647379537617562968_n-150x100.jpg 150w, https:\/\/dorogimedence.hu\/wp-content\/uploads\/2026\/07\/748568058_1019958787620199_5647379537617562968_n-450x300.jpg 450w, https:\/\/dorogimedence.hu\/wp-content\/uploads\/2026\/07\/748568058_1019958787620199_5647379537617562968_n-1200x800.jpg 1200w, https:\/\/dorogimedence.hu\/wp-content\/uploads\/2026\/07\/748568058_1019958787620199_5647379537617562968_n-272x182.jpg 272w\" sizes=\"(max-width: 2048px) 100vw, 2048px\" \/><\/p>\n<p>A parkban el\u0151bb az ifj\u00fas\u00e1gi f\u00fav\u00f3szenekar adott hangversenyt, majd a mazsorettcsoport bemutat\u00f3ja k\u00f6vetkezett. A Csolnoki F\u00fav\u00f3szenekar koncertje k\u00f6zben tartott\u00e1k meg a falunapok \u00fcnnep\u00e9lyes megnyit\u00f3j\u00e1t \u00e9s a Csolnok\u00e9rt D\u00edj \u00e1tad\u00e1s\u00e1t.<\/p>\n<p>A k\u00e9pvisel\u0151-test\u00fclet elismer\u00e9s\u00e9t Kolonics P\u00e9tern\u00e9 polg\u00e1rmester adta \u00e1t Schmidt Istv\u00e1nnak, a telep\u00fcl\u00e9s fotogr\u00e1fus\u00e1nak. A d\u00edjazottnak dr. Szerencs\u00e9s Gergely, a Kom\u00e1rom-Esztergom V\u00e1rmegyei K\u00f6zgy\u0171l\u00e9s aleln\u00f6ke is <a href=\"https:\/\/www.facebook.com\/komarom.esztergom.varmegye\/posts\/pfbid0xBfQes5qbCyHqiMJpZaLFxfCJBigSfQqmoufHXjSezh71MRE1728VVJpRVFBQFBGl\" target=\"_blank\" rel=\"noopener\"><span style=\"text-decoration: underline; color: #0000ff;\">gratul\u00e1lt<\/span><\/a>, aki k\u00f6sz\u00f6nt\u00f6tte a csolnokiakat \u00e9s a helyi alkot\u00f3 tehets\u00e9geket.<\/p>\n<p><img decoding=\"async\" class=\"alignnone size-full wp-image-82170\" src=\"https:\/\/dorogimedence.hu\/wp-content\/uploads\/2026\/07\/749629390_2135653510711581_7387776525525010418_n.jpg\" alt=\"\" width=\"2048\" height=\"1365\" srcset=\"https:\/\/dorogimedence.hu\/wp-content\/uploads\/2026\/07\/749629390_2135653510711581_7387776525525010418_n.jpg 2048w, https:\/\/dorogimedence.hu\/wp-content\/uploads\/2026\/07\/749629390_2135653510711581_7387776525525010418_n-600x400.jpg 600w, https:\/\/dorogimedence.hu\/wp-content\/uploads\/2026\/07\/749629390_2135653510711581_7387776525525010418_n-1920x1280.jpg 1920w, https:\/\/dorogimedence.hu\/wp-content\/uploads\/2026\/07\/749629390_2135653510711581_7387776525525010418_n-768x512.jpg 768w, https:\/\/dorogimedence.hu\/wp-content\/uploads\/2026\/07\/749629390_2135653510711581_7387776525525010418_n-1536x1024.jpg 1536w, https:\/\/dorogimedence.hu\/wp-content\/uploads\/2026\/07\/749629390_2135653510711581_7387776525525010418_n-150x100.jpg 150w, https:\/\/dorogimedence.hu\/wp-content\/uploads\/2026\/07\/749629390_2135653510711581_7387776525525010418_n-450x300.jpg 450w, https:\/\/dorogimedence.hu\/wp-content\/uploads\/2026\/07\/749629390_2135653510711581_7387776525525010418_n-1200x800.jpg 1200w, https:\/\/dorogimedence.hu\/wp-content\/uploads\/2026\/07\/749629390_2135653510711581_7387776525525010418_n-272x182.jpg 272w\" sizes=\"(max-width: 2048px) 100vw, 2048px\" \/><\/p>\n<p>A j\u00falius 17. \u00e9s 19. k\u00f6z\u00f6tt megrendezett 28. Csolnoki Falunapok h\u00e1rom napon kereszt\u00fcl koncertekkel, csal\u00e1di programokkal, f\u0151z\u0151versennyel, valamint hagyom\u00e1ny\u0151rz\u0151 \u00e9s nemzetis\u00e9gi m\u0171sorokkal v\u00e1rt\u00e1k a helyieket \u00e9s a telep\u00fcl\u00e9sre \u00e9rkez\u0151 vend\u00e9geket.<\/p>\n<p><em>Fot\u00f3k: Csolnok K\u00f6zs\u00e9g hivatalos oldala<\/em><\/p>\n","protected":false},"excerpt":{"rendered":"<p>A 28. Csolnoki Falunapok keret\u00e9ben adt\u00e1k \u00e1t a telep\u00fcl\u00e9s egyik rangos elismer\u00e9s\u00e9t, a Csolnok\u00e9rt D\u00edjat. A kit\u00fcntet\u00e9st id\u00e9n Schmidt Istv\u00e1n, a falu fotogr\u00e1fusa vehette \u00e1t. A falunapok szombati programj\u00e1nak r\u00e9szek\u00e9nt j\u00falius 18-\u00e1n, 16.30 \u00f3rakor a F\u00f3di J\u00e1nos M\u0171vel\u0151d\u00e9si H\u00e1z nagyterm\u00e9ben nyitott\u00e1k meg a \u201eCsolnokon alkotnak\u201d c\u00edm\u0171 ki\u00e1ll\u00edt\u00e1st, amelyen helyi alkot\u00f3k munk\u00e1it mutatt\u00e1k be. A t\u00e1rlat<\/p>\n","protected":false},"author":1,"featured_media":82168,"comment_status":"closed","ping_status":"closed","sticky":false,"template":"","format":"standard","meta":{"ngg_post_thumbnail":0,"footnotes":""},"categories":[64,3],"tags":[66,2851,5624],"class_list":["post-82167","post","type-post","status-publish","format-standard","has-post-thumbnail","category-csolnok","category-hirek","tag-csolnok","tag-csolnoki-falunapok","tag-featured"],"yoast_head":"<!-- This site is optimized with the Yoast SEO plugin v28.3 - https:\/\/yoast.com\/product\/yoast-seo-wordpress\/ -->\n<title>Schmidt Istv\u00e1n kapta id\u00e9n a Csolnok\u00e9rt D\u00edjat<\/title>\n<meta name=\"robots\" content=\"index, follow, max-snippet:-1, max-image-preview:large, max-video-preview:-1\" \/>\n<link rel=\"canonical\" href=\"https:\/\/dorogimedence.hu\/index.php\/2026\/07\/23\/schmidt-istvan-kapta-iden-a-csolnokert-dijat\/\" class=\"yoast-seo-meta-tag\" \/>\n<meta property=\"og:locale\" content=\"hu_HU\" class=\"yoast-seo-meta-tag\" \/>\n<meta property=\"og:type\" content=\"article\" class=\"yoast-seo-meta-tag\" \/>\n<meta property=\"og:title\" content=\"Schmidt Istv\u00e1n kapta id\u00e9n a Csolnok\u00e9rt D\u00edjat\" class=\"yoast-seo-meta-tag\" \/>\n<meta property=\"og:description\" content=\"A 28. Csolnoki Falunapok keret\u00e9ben adt\u00e1k \u00e1t a telep\u00fcl\u00e9s egyik rangos elismer\u00e9s\u00e9t, a Csolnok\u00e9rt D\u00edjat. A kit\u00fcntet\u00e9st id\u00e9n Schmidt Istv\u00e1n, a falu fotogr\u00e1fusa vehette \u00e1t. A falunapok szombati programj\u00e1nak r\u00e9szek\u00e9nt j\u00falius 18-\u00e1n, 16.30 \u00f3rakor a F\u00f3di J\u00e1nos M\u0171vel\u0151d\u00e9si H\u00e1z nagyterm\u00e9ben nyitott\u00e1k meg a \u201eCsolnokon alkotnak\u201d c\u00edm\u0171 ki\u00e1ll\u00edt\u00e1st, amelyen helyi alkot\u00f3k munk\u00e1it mutatt\u00e1k be. A t\u00e1rlat\" class=\"yoast-seo-meta-tag\" \/>\n<meta property=\"og:url\" content=\"https:\/\/dorogimedence.hu\/index.php\/2026\/07\/23\/schmidt-istvan-kapta-iden-a-csolnokert-dijat\/\" class=\"yoast-seo-meta-tag\" \/>\n<meta property=\"og:site_name\" content=\"Dorogi-medence Region\u00e1lis H\u00edrport\u00e1l\" class=\"yoast-seo-meta-tag\" \/>\n<meta property=\"article:publisher\" content=\"https:\/\/www.facebook.com\/dorogimedence\/\" class=\"yoast-seo-meta-tag\" \/>\n<meta property=\"article:published_time\" content=\"2026-07-23T07:13:54+00:00\" class=\"yoast-seo-meta-tag\" \/>\n<meta property=\"og:image\" content=\"https:\/\/dorogimedence.hu\/wp-content\/uploads\/2026\/07\/csolnok-01.jpg\" class=\"yoast-seo-meta-tag\" \/>\n\t<meta property=\"og:image:width\" content=\"1920\" class=\"yoast-seo-meta-tag\" \/>\n\t<meta property=\"og:image:height\" content=\"970\" class=\"yoast-seo-meta-tag\" \/>\n\t<meta property=\"og:image:type\" content=\"image\/jpeg\" class=\"yoast-seo-meta-tag\" \/>\n<meta name=\"author\" content=\"dorogimedence.hu\" class=\"yoast-seo-meta-tag\" \/>\n<meta name=\"twitter:card\" content=\"summary_large_image\" class=\"yoast-seo-meta-tag\" \/>\n<meta name=\"twitter:label1\" content=\"Szerz\u0151:\" class=\"yoast-seo-meta-tag\" \/>\n\t<meta name=\"twitter:data1\" content=\"dorogimedence.hu\" class=\"yoast-seo-meta-tag\" \/>\n\t<meta name=\"twitter:label2\" content=\"Becs\u00fclt olvas\u00e1si id\u0151\" class=\"yoast-seo-meta-tag\" \/>\n\t<meta name=\"twitter:data2\" content=\"1 perc\" class=\"yoast-seo-meta-tag\" \/>\n<script type=\"application\/ld+json\" class=\"yoast-schema-graph\">{\"@context\":\"https:\\\/\\\/schema.org\",\"@graph\":[{\"@type\":\"Article\",\"@id\":\"https:\\\/\\\/dorogimedence.hu\\\/index.php\\\/2026\\\/07\\\/23\\\/schmidt-istvan-kapta-iden-a-csolnokert-dijat\\\/#article\",\"isPartOf\":{\"@id\":\"https:\\\/\\\/dorogimedence.hu\\\/index.php\\\/2026\\\/07\\\/23\\\/schmidt-istvan-kapta-iden-a-csolnokert-dijat\\\/\"},\"author\":{\"name\":\"dorogimedence.hu\",\"@id\":\"https:\\\/\\\/dorogimedence.hu\\\/#\\\/schema\\\/person\\\/ce6091eeb7e95ecdc87890d6aa8e0fd4\"},\"headline\":\"Schmidt Istv\u00e1n kapta id\u00e9n a Csolnok\u00e9rt D\u00edjat\",\"datePublished\":\"2026-07-23T07:13:54+00:00\",\"mainEntityOfPage\":{\"@id\":\"https:\\\/\\\/dorogimedence.hu\\\/index.php\\\/2026\\\/07\\\/23\\\/schmidt-istvan-kapta-iden-a-csolnokert-dijat\\\/\"},\"wordCount\":307,\"publisher\":{\"@id\":\"https:\\\/\\\/dorogimedence.hu\\\/#organization\"},\"image\":{\"@id\":\"https:\\\/\\\/dorogimedence.hu\\\/index.php\\\/2026\\\/07\\\/23\\\/schmidt-istvan-kapta-iden-a-csolnokert-dijat\\\/#primaryimage\"},\"thumbnailUrl\":\"https:\\\/\\\/dorogimedence.hu\\\/wp-content\\\/uploads\\\/2026\\\/07\\\/csolnok-01.jpg\",\"keywords\":[\"Csolnok\",\"Csolnoki falunapok\",\"featured\"],\"articleSection\":[\"Csolnok\",\"H\u00edrek\"],\"inLanguage\":\"hu\"},{\"@type\":\"WebPage\",\"@id\":\"https:\\\/\\\/dorogimedence.hu\\\/index.php\\\/2026\\\/07\\\/23\\\/schmidt-istvan-kapta-iden-a-csolnokert-dijat\\\/\",\"url\":\"https:\\\/\\\/dorogimedence.hu\\\/index.php\\\/2026\\\/07\\\/23\\\/schmidt-istvan-kapta-iden-a-csolnokert-dijat\\\/\",\"name\":\"Schmidt Istv\u00e1n kapta id\u00e9n a Csolnok\u00e9rt D\u00edjat\",\"isPartOf\":{\"@id\":\"https:\\\/\\\/dorogimedence.hu\\\/#website\"},\"primaryImageOfPage\":{\"@id\":\"https:\\\/\\\/dorogimedence.hu\\\/index.php\\\/2026\\\/07\\\/23\\\/schmidt-istvan-kapta-iden-a-csolnokert-dijat\\\/#primaryimage\"},\"image\":{\"@id\":\"https:\\\/\\\/dorogimedence.hu\\\/index.php\\\/2026\\\/07\\\/23\\\/schmidt-istvan-kapta-iden-a-csolnokert-dijat\\\/#primaryimage\"},\"thumbnailUrl\":\"https:\\\/\\\/dorogimedence.hu\\\/wp-content\\\/uploads\\\/2026\\\/07\\\/csolnok-01.jpg\",\"datePublished\":\"2026-07-23T07:13:54+00:00\",\"breadcrumb\":{\"@id\":\"https:\\\/\\\/dorogimedence.hu\\\/index.php\\\/2026\\\/07\\\/23\\\/schmidt-istvan-kapta-iden-a-csolnokert-dijat\\\/#breadcrumb\"},\"inLanguage\":\"hu\",\"potentialAction\":[{\"@type\":\"ReadAction\",\"target\":[\"https:\\\/\\\/dorogimedence.hu\\\/index.php\\\/2026\\\/07\\\/23\\\/schmidt-istvan-kapta-iden-a-csolnokert-dijat\\\/\"]}]},{\"@type\":\"ImageObject\",\"inLanguage\":\"hu\",\"@id\":\"https:\\\/\\\/dorogimedence.hu\\\/index.php\\\/2026\\\/07\\\/23\\\/schmidt-istvan-kapta-iden-a-csolnokert-dijat\\\/#primaryimage\",\"url\":\"https:\\\/\\\/dorogimedence.hu\\\/wp-content\\\/uploads\\\/2026\\\/07\\\/csolnok-01.jpg\",\"contentUrl\":\"https:\\\/\\\/dorogimedence.hu\\\/wp-content\\\/uploads\\\/2026\\\/07\\\/csolnok-01.jpg\",\"width\":1920,\"height\":970},{\"@type\":\"BreadcrumbList\",\"@id\":\"https:\\\/\\\/dorogimedence.hu\\\/index.php\\\/2026\\\/07\\\/23\\\/schmidt-istvan-kapta-iden-a-csolnokert-dijat\\\/#breadcrumb\",\"itemListElement\":[{\"@type\":\"ListItem\",\"position\":1,\"name\":\"Kezd\u0151lap\",\"item\":\"https:\\\/\\\/dorogimedence.hu\\\/\"},{\"@type\":\"ListItem\",\"position\":2,\"name\":\"Schmidt Istv\u00e1n kapta id\u00e9n a Csolnok\u00e9rt D\u00edjat\"}]},{\"@type\":\"WebSite\",\"@id\":\"https:\\\/\\\/dorogimedence.hu\\\/#website\",\"url\":\"https:\\\/\\\/dorogimedence.hu\\\/\",\"name\":\"Dorogi-medence Region\u00e1lis H\u00edrport\u00e1l\",\"description\":\"Dorog, Keszt\u00f6lc, Le\u00e1nyv\u00e1r, Piliscs\u00e9v, Tokod, Tokodalt\u00e1r\u00f3, Csolnok, Esztergom-kertv\u00e1ros: h\u00edrek, programok\",\"publisher\":{\"@id\":\"https:\\\/\\\/dorogimedence.hu\\\/#organization\"},\"potentialAction\":[{\"@type\":\"SearchAction\",\"target\":{\"@type\":\"EntryPoint\",\"urlTemplate\":\"https:\\\/\\\/dorogimedence.hu\\\/?s={search_term_string}\"},\"query-input\":{\"@type\":\"PropertyValueSpecification\",\"valueRequired\":true,\"valueName\":\"search_term_string\"}}],\"inLanguage\":\"hu\"},{\"@type\":\"Organization\",\"@id\":\"https:\\\/\\\/dorogimedence.hu\\\/#organization\",\"name\":\"Dorogi-medence Region\u00e1lis H\u00edrport\u00e1l\",\"url\":\"https:\\\/\\\/dorogimedence.hu\\\/\",\"logo\":{\"@type\":\"ImageObject\",\"inLanguage\":\"hu\",\"@id\":\"https:\\\/\\\/dorogimedence.hu\\\/#\\\/schema\\\/logo\\\/image\\\/\",\"url\":\"https:\\\/\\\/dorogimedence.hu\\\/wp-content\\\/uploads\\\/2021\\\/04\\\/logo-feher-600.png\",\"contentUrl\":\"https:\\\/\\\/dorogimedence.hu\\\/wp-content\\\/uploads\\\/2021\\\/04\\\/logo-feher-600.png\",\"width\":600,\"height\":100,\"caption\":\"Dorogi-medence Region\u00e1lis H\u00edrport\u00e1l\"},\"image\":{\"@id\":\"https:\\\/\\\/dorogimedence.hu\\\/#\\\/schema\\\/logo\\\/image\\\/\"},\"sameAs\":[\"https:\\\/\\\/www.facebook.com\\\/dorogimedence\\\/\"]},{\"@type\":\"Person\",\"@id\":\"https:\\\/\\\/dorogimedence.hu\\\/#\\\/schema\\\/person\\\/ce6091eeb7e95ecdc87890d6aa8e0fd4\",\"name\":\"dorogimedence.hu\",\"image\":{\"@type\":\"ImageObject\",\"inLanguage\":\"hu\",\"@id\":\"\\\/\\\/www.gravatar.com\\\/avatar\\\/d8d45f8901aadff40a4af72c0b826f1d?s=96&#038;r=g&#038;d=mm\",\"url\":\"\\\/\\\/www.gravatar.com\\\/avatar\\\/d8d45f8901aadff40a4af72c0b826f1d?s=96&#038;r=g&#038;d=mm\",\"contentUrl\":\"\\\/\\\/www.gravatar.com\\\/avatar\\\/d8d45f8901aadff40a4af72c0b826f1d?s=96&#038;r=g&#038;d=mm\",\"caption\":\"dorogimedence.hu\"}}]}<\/script>\n<!-- \/ Yoast SEO plugin. -->","yoast_head_json":{"title":"Schmidt Istv\u00e1n kapta id\u00e9n a Csolnok\u00e9rt D\u00edjat","robots":{"index":"index","follow":"follow","max-snippet":"max-snippet:-1","max-image-preview":"max-image-preview:large","max-video-preview":"max-video-preview:-1"},"canonical":"https:\/\/dorogimedence.hu\/index.php\/2026\/07\/23\/schmidt-istvan-kapta-iden-a-csolnokert-dijat\/","og_locale":"hu_HU","og_type":"article","og_title":"Schmidt Istv\u00e1n kapta id\u00e9n a Csolnok\u00e9rt D\u00edjat","og_description":"A 28. Csolnoki Falunapok keret\u00e9ben adt\u00e1k \u00e1t a telep\u00fcl\u00e9s egyik rangos elismer\u00e9s\u00e9t, a Csolnok\u00e9rt D\u00edjat. A kit\u00fcntet\u00e9st id\u00e9n Schmidt Istv\u00e1n, a falu fotogr\u00e1fusa vehette \u00e1t. A falunapok szombati programj\u00e1nak r\u00e9szek\u00e9nt j\u00falius 18-\u00e1n, 16.30 \u00f3rakor a F\u00f3di J\u00e1nos M\u0171vel\u0151d\u00e9si H\u00e1z nagyterm\u00e9ben nyitott\u00e1k meg a \u201eCsolnokon alkotnak\u201d c\u00edm\u0171 ki\u00e1ll\u00edt\u00e1st, amelyen helyi alkot\u00f3k munk\u00e1it mutatt\u00e1k be. A t\u00e1rlat","og_url":"https:\/\/dorogimedence.hu\/index.php\/2026\/07\/23\/schmidt-istvan-kapta-iden-a-csolnokert-dijat\/","og_site_name":"Dorogi-medence Region\u00e1lis H\u00edrport\u00e1l","article_publisher":"https:\/\/www.facebook.com\/dorogimedence\/","article_published_time":"2026-07-23T07:13:54+00:00","og_image":[{"width":1920,"height":970,"url":"https:\/\/dorogimedence.hu\/wp-content\/uploads\/2026\/07\/csolnok-01.jpg","type":"image\/jpeg"}],"author":"dorogimedence.hu","twitter_card":"summary_large_image","twitter_misc":{"Szerz\u0151:":"dorogimedence.hu","Becs\u00fclt olvas\u00e1si id\u0151":"1 perc"},"schema":{"@context":"https:\/\/schema.org","@graph":[{"@type":"Article","@id":"https:\/\/dorogimedence.hu\/index.php\/2026\/07\/23\/schmidt-istvan-kapta-iden-a-csolnokert-dijat\/#article","isPartOf":{"@id":"https:\/\/dorogimedence.hu\/index.php\/2026\/07\/23\/schmidt-istvan-kapta-iden-a-csolnokert-dijat\/"},"author":{"name":"dorogimedence.hu","@id":"https:\/\/dorogimedence.hu\/#\/schema\/person\/ce6091eeb7e95ecdc87890d6aa8e0fd4"},"headline":"Schmidt Istv\u00e1n kapta id\u00e9n a Csolnok\u00e9rt D\u00edjat","datePublished":"2026-07-23T07:13:54+00:00","mainEntityOfPage":{"@id":"https:\/\/dorogimedence.hu\/index.php\/2026\/07\/23\/schmidt-istvan-kapta-iden-a-csolnokert-dijat\/"},"wordCount":307,"publisher":{"@id":"https:\/\/dorogimedence.hu\/#organization"},"image":{"@id":"https:\/\/dorogimedence.hu\/index.php\/2026\/07\/23\/schmidt-istvan-kapta-iden-a-csolnokert-dijat\/#primaryimage"},"thumbnailUrl":"https:\/\/dorogimedence.hu\/wp-content\/uploads\/2026\/07\/csolnok-01.jpg","keywords":["Csolnok","Csolnoki falunapok","featured"],"articleSection":["Csolnok","H\u00edrek"],"inLanguage":"hu"},{"@type":"WebPage","@id":"https:\/\/dorogimedence.hu\/index.php\/2026\/07\/23\/schmidt-istvan-kapta-iden-a-csolnokert-dijat\/","url":"https:\/\/dorogimedence.hu\/index.php\/2026\/07\/23\/schmidt-istvan-kapta-iden-a-csolnokert-dijat\/","name":"Schmidt Istv\u00e1n kapta id\u00e9n a Csolnok\u00e9rt D\u00edjat","isPartOf":{"@id":"https:\/\/dorogimedence.hu\/#website"},"primaryImageOfPage":{"@id":"https:\/\/dorogimedence.hu\/index.php\/2026\/07\/23\/schmidt-istvan-kapta-iden-a-csolnokert-dijat\/#primaryimage"},"image":{"@id":"https:\/\/dorogimedence.hu\/index.php\/2026\/07\/23\/schmidt-istvan-kapta-iden-a-csolnokert-dijat\/#primaryimage"},"thumbnailUrl":"https:\/\/dorogimedence.hu\/wp-content\/uploads\/2026\/07\/csolnok-01.jpg","datePublished":"2026-07-23T07:13:54+00:00","breadcrumb":{"@id":"https:\/\/dorogimedence.hu\/index.php\/2026\/07\/23\/schmidt-istvan-kapta-iden-a-csolnokert-dijat\/#breadcrumb"},"inLanguage":"hu","potentialAction":[{"@type":"ReadAction","target":["https:\/\/dorogimedence.hu\/index.php\/2026\/07\/23\/schmidt-istvan-kapta-iden-a-csolnokert-dijat\/"]}]},{"@type":"ImageObject","inLanguage":"hu","@id":"https:\/\/dorogimedence.hu\/index.php\/2026\/07\/23\/schmidt-istvan-kapta-iden-a-csolnokert-dijat\/#primaryimage","url":"https:\/\/dorogimedence.hu\/wp-content\/uploads\/2026\/07\/csolnok-01.jpg","contentUrl":"https:\/\/dorogimedence.hu\/wp-content\/uploads\/2026\/07\/csolnok-01.jpg","width":1920,"height":970},{"@type":"BreadcrumbList","@id":"https:\/\/dorogimedence.hu\/index.php\/2026\/07\/23\/schmidt-istvan-kapta-iden-a-csolnokert-dijat\/#breadcrumb","itemListElement":[{"@type":"ListItem","position":1,"name":"Kezd\u0151lap","item":"https:\/\/dorogimedence.hu\/"},{"@type":"ListItem","position":2,"name":"Schmidt Istv\u00e1n kapta id\u00e9n a Csolnok\u00e9rt D\u00edjat"}]},{"@type":"WebSite","@id":"https:\/\/dorogimedence.hu\/#website","url":"https:\/\/dorogimedence.hu\/","name":"Dorogi-medence Region\u00e1lis H\u00edrport\u00e1l","description":"Dorog, Keszt\u00f6lc, Le\u00e1nyv\u00e1r, Piliscs\u00e9v, Tokod, Tokodalt\u00e1r\u00f3, Csolnok, Esztergom-kertv\u00e1ros: h\u00edrek, programok","publisher":{"@id":"https:\/\/dorogimedence.hu\/#organization"},"potentialAction":[{"@type":"SearchAction","target":{"@type":"EntryPoint","urlTemplate":"https:\/\/dorogimedence.hu\/?s={search_term_string}"},"query-input":{"@type":"PropertyValueSpecification","valueRequired":true,"valueName":"search_term_string"}}],"inLanguage":"hu"},{"@type":"Organization","@id":"https:\/\/dorogimedence.hu\/#organization","name":"Dorogi-medence Region\u00e1lis H\u00edrport\u00e1l","url":"https:\/\/dorogimedence.hu\/","logo":{"@type":"ImageObject","inLanguage":"hu","@id":"https:\/\/dorogimedence.hu\/#\/schema\/logo\/image\/","url":"https:\/\/dorogimedence.hu\/wp-content\/uploads\/2021\/04\/logo-feher-600.png","contentUrl":"https:\/\/dorogimedence.hu\/wp-content\/uploads\/2021\/04\/logo-feher-600.png","width":600,"height":100,"caption":"Dorogi-medence Region\u00e1lis H\u00edrport\u00e1l"},"image":{"@id":"https:\/\/dorogimedence.hu\/#\/schema\/logo\/image\/"},"sameAs":["https:\/\/www.facebook.com\/dorogimedence\/"]},{"@type":"Person","@id":"https:\/\/dorogimedence.hu\/#\/schema\/person\/ce6091eeb7e95ecdc87890d6aa8e0fd4","name":"dorogimedence.hu","image":{"@type":"ImageObject","inLanguage":"hu","@id":"\/\/www.gravatar.com\/avatar\/d8d45f8901aadff40a4af72c0b826f1d?s=96&#038;r=g&#038;d=mm","url":"\/\/www.gravatar.com\/avatar\/d8d45f8901aadff40a4af72c0b826f1d?s=96&#038;r=g&#038;d=mm","contentUrl":"\/\/www.gravatar.com\/avatar\/d8d45f8901aadff40a4af72c0b826f1d?s=96&#038;r=g&#038;d=mm","caption":"dorogimedence.hu"}}]}},"_links":{"self":[{"href":"https:\/\/dorogimedence.hu\/index.php\/wp-json\/wp\/v2\/posts\/82167","targetHints":{"allow":["GET"]}}],"collection":[{"href":"https:\/\/dorogimedence.hu\/index.php\/wp-json\/wp\/v2\/posts"}],"about":[{"href":"https:\/\/dorogimedence.hu\/index.php\/wp-json\/wp\/v2\/types\/post"}],"author":[{"embeddable":true,"href":"https:\/\/dorogimedence.hu\/index.php\/wp-json\/wp\/v2\/users\/1"}],"replies":[{"embeddable":true,"href":"https:\/\/dorogimedence.hu\/index.php\/wp-json\/wp\/v2\/comments?post=82167"}],"version-history":[{"count":1,"href":"https:\/\/dorogimedence.hu\/index.php\/wp-json\/wp\/v2\/posts\/82167\/revisions"}],"predecessor-version":[{"id":82171,"href":"https:\/\/dorogimedence.hu\/index.php\/wp-json\/wp\/v2\/posts\/82167\/revisions\/82171"}],"wp:featuredmedia":[{"embeddable":true,"href":"https:\/\/dorogimedence.hu\/index.php\/wp-json\/wp\/v2\/media\/82168"}],"wp:attachment":[{"href":"https:\/\/dorogimedence.hu\/index.php\/wp-json\/wp\/v2\/media?parent=82167"}],"wp:term":[{"taxonomy":"category","embeddable":true,"href":"https:\/\/dorogimedence.hu\/index.php\/wp-json\/wp\/v2\/categories?post=82167"},{"taxonomy":"post_tag","embeddable":true,"href":"https:\/\/dorogimedence.hu\/index.php\/wp-json\/wp\/v2\/tags?post=82167"}],"curies":[{"name":"wp","href":"https:\/\/api.w.org\/{rel}","templated":true}]}}