{"id":82160,"date":"2026-07-22T15:12:34","date_gmt":"2026-07-22T13:12:34","guid":{"rendered":"https:\/\/dorogimedence.hu\/?p=82160"},"modified":"2026-07-22T15:12:34","modified_gmt":"2026-07-22T13:12:34","slug":"megkezdodott-az-amerikai-szolokaboca-rajzasa-a-neszmelyi-borvideken","status":"publish","type":"post","link":"https:\/\/dorogimedence.hu\/index.php\/2026\/07\/22\/megkezdodott-az-amerikai-szolokaboca-rajzasa-a-neszmelyi-borvideken\/","title":{"rendered":"Megkezd\u0151d\u00f6tt az amerikai sz\u0151l\u0151kab\u00f3ca rajz\u00e1sa a Neszm\u00e9lyi borvid\u00e9ken"},"content":{"rendered":"<p><strong>J\u00falius 16-\u00e1n megkezd\u0151d\u00f6tt az amerikai sz\u0151l\u0151kab\u00f3ca rajz\u00e1sa a Neszm\u00e9lyi borvid\u00e9k sz\u0151l\u0151\u00fcltetv\u00e9nyeiben. A kifejlett rovarok elleni v\u00e9dekez\u00e9st augusztus 1. \u00e9s 15. k\u00f6z\u00f6tt kell elv\u00e9gezni <\/strong><em>\u2013 k\u00f6z\u00f6lte a <span style=\"color: #0000ff;\"><a style=\"color: #0000ff;\" href=\"https:\/\/kormanyhivatalok.hu\/kormanyhivatalok\/komarom-esztergom\/megye\/hirek\/hir\/szolo-aranyszinu-sargasag-betegseg-masodik\" target=\"_blank\" rel=\"noopener\"><span style=\"text-decoration: underline;\">Kom\u00e1rom-Esztergom V\u00e1rmegyei Korm\u00e1nyhivatal<\/span><\/a><\/span>.<\/em><\/p>\n<p>A hat\u00f3s\u00e1g N\u00f6v\u00e9ny- \u00e9s Talajv\u00e9delmi Oszt\u00e1lya a k\u00e1ros\u00edt\u00f3-monitoring rendszer adatai alapj\u00e1n \u00e1llap\u00edtotta meg a rajz\u00e1s kezdet\u00e9t. A kor\u00e1bbi \u00e9vek azonos id\u0151szak\u00e1hoz k\u00e9pest a kifejlett egyedek megjelen\u00e9se k\u00f6r\u00fclbel\u00fcl egy h\u00e9ttel k\u00e9s\u0151bbre tol\u00f3dott. Az eredm\u00e9nyes v\u00e9dekez\u00e9seknek is k\u00f6sz\u00f6nhet\u0151en a l\u00e1rv\u00e1k \u00e9s az im\u00e1g\u00f3k sz\u00e1ma egyar\u00e1nt l\u00e9nyegesen alacsonyabb.<\/p>\n<p>A megfigyel\u00e9sek szerint augusztus els\u0151 napjaira v\u00e1rhat\u00f3an valamennyi egyed rep\u00fcl\u00e9sre k\u00e9pes, kifejlett rovarr\u00e1 alakul. Kiemelt kock\u00e1zatnak vannak kit\u00e9ve a felhagyott \u00fcltetv\u00e9nyekhez \u00e9s erd\u0151s ter\u00fcletekhez k\u00f6zeli sz\u0151l\u0151k, ahov\u00e1 a k\u00f6vetkez\u0151 hetekben az eddigi eredm\u00e9nyes kezel\u00e9sek ellen\u00e9re is nagyobb sz\u00e1mban telep\u00fclhetnek be a kab\u00f3c\u00e1k.<\/p>\n<p>Az amerikai sz\u0151l\u0151kab\u00f3ca elleni v\u00e9dekez\u00e9s az\u00e9rt k\u00fcl\u00f6n\u00f6sen fontos, mert jelent\u0151s szerepet j\u00e1tszik a sz\u0151l\u0151 aranysz\u00edn\u0171 s\u00e1rgas\u00e1g\u00e1t okoz\u00f3 z\u00e1rlati k\u00e1ros\u00edt\u00f3 j\u00e1rv\u00e1nyszer\u0171 terjed\u00e9s\u00e9ben.<\/p>\n<p>A n\u00f6v\u00e9nyeg\u00e9szs\u00e9g\u00fcgyi z\u00e1rlatot elrendel\u0151 hat\u00e1rozatok alapj\u00e1n minden sz\u0151l\u0151ter\u00fcleten \u00e9vente h\u00e1rom alkalommal k\u00f6telez\u0151 n\u00f6v\u00e9nyv\u00e9d\u0151 szeres kezel\u00e9st v\u00e9gezni a betegs\u00e9get terjeszt\u0151 rovarok ellen. A v\u00e9dekez\u00e9st a hat\u00f3s\u00e1g \u00e1ltal k\u00f6zz\u00e9tett felh\u00edv\u00e1sokban megjel\u00f6lt id\u0151szakok figyelembev\u00e9tel\u00e9vel kell v\u00e9grehajtani.<\/p>\n<p>A kifejlett amerikai sz\u0151l\u0151kab\u00f3c\u00e1k elleni kezel\u00e9s javasolt id\u0151pontja augusztus 1. \u00e9s 15. k\u00f6z\u00e9 esik. Amennyiben a megfigyel\u00e9sek alapj\u00e1n a rovarok sz\u00e1ma el\u00e9ri a v\u00e9dekez\u00e9si k\u00fcsz\u00f6b\u00f6t, a permetez\u00e9s kor\u00e1bban is elv\u00e9gezhet\u0151. Ha az egyedsz\u00e1m alacsonyabb, a kezel\u00e9s k\u00e9s\u0151bbre halaszthat\u00f3, de a teny\u00e9szid\u0151szakban legal\u00e1bb egy alkalommal minden \u00fcltetv\u00e9nyen v\u00e9dekezni kell a kifejlett egyedek ellen.<\/p>\n<p>A n\u00f6v\u00e9nyv\u00e9d\u0151 szer kiv\u00e1laszt\u00e1sakor figyelembe kell venni a tervezett sz\u00fcret id\u0151pontj\u00e1t, valamint az \u00e9lelmez\u00e9s-eg\u00e9szs\u00e9g\u00fcgyi v\u00e1rakoz\u00e1si id\u0151t. A kab\u00f3cafajok ellen enged\u00e9lyezett rovar\u00f6l\u0151 szerek list\u00e1ja a korm\u00e1nyhivatal v\u00e9dekez\u00e9si felh\u00edv\u00e1s\u00e1nak mell\u00e9klet\u00e9ben tal\u00e1lhat\u00f3.<\/p>\n<p>A permetez\u00e9s mellett fontos a betegs\u00e9g t\u00fcneteit mutat\u00f3 sz\u0151l\u0151t\u0151k\u00e9k azonnali kiv\u00e1g\u00e1sa \u00e9s az elhanyagolt \u00fcltetv\u00e9nyek felsz\u00e1mol\u00e1sa is. A kiv\u00e1g\u00e1sra lehet\u0151leg csak a rovar\u00f6l\u0151 szeres kezel\u00e9st \u00e9s a munka-eg\u00e9szs\u00e9g\u00fcgyi v\u00e1rakoz\u00e1si id\u0151 letelt\u00e9t k\u00f6vet\u0151en ker\u00fclj\u00f6n sor, \u00edgy cs\u00f6kkenthet\u0151 a felrebben\u0151 kab\u00f3c\u00e1k \u00e1ttelep\u00fcl\u00e9s\u00e9nek \u00e9s az \u00fajabb fert\u0151z\u00e9sek kialakul\u00e1s\u00e1nak vesz\u00e9lye.<\/p>\n<p><em> Forr\u00e1s: Kom\u00e1rom-Esztergom V\u00e1rmegyei Korm\u00e1nyhivatal<\/em><br \/>\n<em>Bor\u00edt\u00f3k\u00e9p: illusztr\u00e1ci\u00f3 (ChatGPT &#8211; AI)<\/em><\/p>\n","protected":false},"excerpt":{"rendered":"<p>J\u00falius 16-\u00e1n megkezd\u0151d\u00f6tt az amerikai sz\u0151l\u0151kab\u00f3ca rajz\u00e1sa a Neszm\u00e9lyi borvid\u00e9k sz\u0151l\u0151\u00fcltetv\u00e9nyeiben. A kifejlett rovarok elleni v\u00e9dekez\u00e9st augusztus 1. \u00e9s 15. k\u00f6z\u00f6tt kell elv\u00e9gezni \u2013 k\u00f6z\u00f6lte a Kom\u00e1rom-Esztergom V\u00e1rmegyei Korm\u00e1nyhivatal. A hat\u00f3s\u00e1g N\u00f6v\u00e9ny- \u00e9s Talajv\u00e9delmi Oszt\u00e1lya a k\u00e1ros\u00edt\u00f3-monitoring rendszer adatai alapj\u00e1n \u00e1llap\u00edtotta meg a rajz\u00e1s kezdet\u00e9t. A kor\u00e1bbi \u00e9vek azonos id\u0151szak\u00e1hoz k\u00e9pest a kifejlett egyedek megjelen\u00e9se<\/p>\n","protected":false},"author":1,"featured_media":82161,"comment_status":"closed","ping_status":"closed","sticky":false,"template":"","format":"standard","meta":{"ngg_post_thumbnail":0,"footnotes":""},"categories":[3],"tags":[1589,8501],"class_list":["post-82160","post","type-post","status-publish","format-standard","has-post-thumbnail","category-hirek","tag-szolo","tag-szolokaboca"],"yoast_head":"<!-- This site is optimized with the Yoast SEO plugin v28.3 - https:\/\/yoast.com\/product\/yoast-seo-wordpress\/ -->\n<title>Megkezd\u0151d\u00f6tt az amerikai sz\u0151l\u0151kab\u00f3ca rajz\u00e1sa a Neszm\u00e9lyi borvid\u00e9ken<\/title>\n<meta name=\"robots\" content=\"index, follow, max-snippet:-1, max-image-preview:large, max-video-preview:-1\" \/>\n<link rel=\"canonical\" href=\"https:\/\/dorogimedence.hu\/index.php\/2026\/07\/22\/megkezdodott-az-amerikai-szolokaboca-rajzasa-a-neszmelyi-borvideken\/\" class=\"yoast-seo-meta-tag\" \/>\n<meta property=\"og:locale\" content=\"hu_HU\" class=\"yoast-seo-meta-tag\" \/>\n<meta property=\"og:type\" content=\"article\" class=\"yoast-seo-meta-tag\" \/>\n<meta property=\"og:title\" content=\"Megkezd\u0151d\u00f6tt az amerikai sz\u0151l\u0151kab\u00f3ca rajz\u00e1sa a Neszm\u00e9lyi borvid\u00e9ken\" class=\"yoast-seo-meta-tag\" \/>\n<meta property=\"og:description\" content=\"J\u00falius 16-\u00e1n megkezd\u0151d\u00f6tt az amerikai sz\u0151l\u0151kab\u00f3ca rajz\u00e1sa a Neszm\u00e9lyi borvid\u00e9k sz\u0151l\u0151\u00fcltetv\u00e9nyeiben. A kifejlett rovarok elleni v\u00e9dekez\u00e9st augusztus 1. \u00e9s 15. k\u00f6z\u00f6tt kell elv\u00e9gezni \u2013 k\u00f6z\u00f6lte a Kom\u00e1rom-Esztergom V\u00e1rmegyei Korm\u00e1nyhivatal. A hat\u00f3s\u00e1g N\u00f6v\u00e9ny- \u00e9s Talajv\u00e9delmi Oszt\u00e1lya a k\u00e1ros\u00edt\u00f3-monitoring rendszer adatai alapj\u00e1n \u00e1llap\u00edtotta meg a rajz\u00e1s kezdet\u00e9t. A kor\u00e1bbi \u00e9vek azonos id\u0151szak\u00e1hoz k\u00e9pest a kifejlett egyedek megjelen\u00e9se\" class=\"yoast-seo-meta-tag\" \/>\n<meta property=\"og:url\" content=\"https:\/\/dorogimedence.hu\/index.php\/2026\/07\/22\/megkezdodott-az-amerikai-szolokaboca-rajzasa-a-neszmelyi-borvideken\/\" class=\"yoast-seo-meta-tag\" \/>\n<meta property=\"og:site_name\" content=\"Dorogi-medence Region\u00e1lis H\u00edrport\u00e1l\" class=\"yoast-seo-meta-tag\" \/>\n<meta property=\"article:publisher\" content=\"https:\/\/www.facebook.com\/dorogimedence\/\" class=\"yoast-seo-meta-tag\" \/>\n<meta property=\"article:published_time\" content=\"2026-07-22T13:12:34+00:00\" class=\"yoast-seo-meta-tag\" \/>\n<meta property=\"og:image\" content=\"https:\/\/dorogimedence.hu\/wp-content\/uploads\/2026\/07\/ChatGPT-Image-2026.-jul.-22.-15_12_14.png\" class=\"yoast-seo-meta-tag\" \/>\n\t<meta property=\"og:image:width\" content=\"755\" class=\"yoast-seo-meta-tag\" \/>\n\t<meta property=\"og:image:height\" content=\"382\" class=\"yoast-seo-meta-tag\" \/>\n\t<meta property=\"og:image:type\" content=\"image\/png\" class=\"yoast-seo-meta-tag\" \/>\n<meta name=\"author\" content=\"dorogimedence.hu\" class=\"yoast-seo-meta-tag\" \/>\n<meta name=\"twitter:card\" content=\"summary_large_image\" class=\"yoast-seo-meta-tag\" \/>\n<meta name=\"twitter:label1\" content=\"Szerz\u0151:\" class=\"yoast-seo-meta-tag\" \/>\n\t<meta name=\"twitter:data1\" content=\"dorogimedence.hu\" class=\"yoast-seo-meta-tag\" \/>\n\t<meta name=\"twitter:label2\" content=\"Becs\u00fclt olvas\u00e1si id\u0151\" class=\"yoast-seo-meta-tag\" \/>\n\t<meta name=\"twitter:data2\" content=\"3 perc\" class=\"yoast-seo-meta-tag\" \/>\n<script type=\"application\/ld+json\" class=\"yoast-schema-graph\">{\"@context\":\"https:\\\/\\\/schema.org\",\"@graph\":[{\"@type\":\"Article\",\"@id\":\"https:\\\/\\\/dorogimedence.hu\\\/index.php\\\/2026\\\/07\\\/22\\\/megkezdodott-az-amerikai-szolokaboca-rajzasa-a-neszmelyi-borvideken\\\/#article\",\"isPartOf\":{\"@id\":\"https:\\\/\\\/dorogimedence.hu\\\/index.php\\\/2026\\\/07\\\/22\\\/megkezdodott-az-amerikai-szolokaboca-rajzasa-a-neszmelyi-borvideken\\\/\"},\"author\":{\"name\":\"dorogimedence.hu\",\"@id\":\"https:\\\/\\\/dorogimedence.hu\\\/#\\\/schema\\\/person\\\/ce6091eeb7e95ecdc87890d6aa8e0fd4\"},\"headline\":\"Megkezd\u0151d\u00f6tt az amerikai sz\u0151l\u0151kab\u00f3ca rajz\u00e1sa a Neszm\u00e9lyi borvid\u00e9ken\",\"datePublished\":\"2026-07-22T13:12:34+00:00\",\"mainEntityOfPage\":{\"@id\":\"https:\\\/\\\/dorogimedence.hu\\\/index.php\\\/2026\\\/07\\\/22\\\/megkezdodott-az-amerikai-szolokaboca-rajzasa-a-neszmelyi-borvideken\\\/\"},\"wordCount\":557,\"publisher\":{\"@id\":\"https:\\\/\\\/dorogimedence.hu\\\/#organization\"},\"image\":{\"@id\":\"https:\\\/\\\/dorogimedence.hu\\\/index.php\\\/2026\\\/07\\\/22\\\/megkezdodott-az-amerikai-szolokaboca-rajzasa-a-neszmelyi-borvideken\\\/#primaryimage\"},\"thumbnailUrl\":\"https:\\\/\\\/dorogimedence.hu\\\/wp-content\\\/uploads\\\/2026\\\/07\\\/ChatGPT-Image-2026.-jul.-22.-15_12_14.png\",\"keywords\":[\"sz\u0151l\u0151\",\"sz\u0151l\u0151kab\u00f3ca\"],\"articleSection\":[\"H\u00edrek\"],\"inLanguage\":\"hu\"},{\"@type\":\"WebPage\",\"@id\":\"https:\\\/\\\/dorogimedence.hu\\\/index.php\\\/2026\\\/07\\\/22\\\/megkezdodott-az-amerikai-szolokaboca-rajzasa-a-neszmelyi-borvideken\\\/\",\"url\":\"https:\\\/\\\/dorogimedence.hu\\\/index.php\\\/2026\\\/07\\\/22\\\/megkezdodott-az-amerikai-szolokaboca-rajzasa-a-neszmelyi-borvideken\\\/\",\"name\":\"Megkezd\u0151d\u00f6tt az amerikai sz\u0151l\u0151kab\u00f3ca rajz\u00e1sa a Neszm\u00e9lyi borvid\u00e9ken\",\"isPartOf\":{\"@id\":\"https:\\\/\\\/dorogimedence.hu\\\/#website\"},\"primaryImageOfPage\":{\"@id\":\"https:\\\/\\\/dorogimedence.hu\\\/index.php\\\/2026\\\/07\\\/22\\\/megkezdodott-az-amerikai-szolokaboca-rajzasa-a-neszmelyi-borvideken\\\/#primaryimage\"},\"image\":{\"@id\":\"https:\\\/\\\/dorogimedence.hu\\\/index.php\\\/2026\\\/07\\\/22\\\/megkezdodott-az-amerikai-szolokaboca-rajzasa-a-neszmelyi-borvideken\\\/#primaryimage\"},\"thumbnailUrl\":\"https:\\\/\\\/dorogimedence.hu\\\/wp-content\\\/uploads\\\/2026\\\/07\\\/ChatGPT-Image-2026.-jul.-22.-15_12_14.png\",\"datePublished\":\"2026-07-22T13:12:34+00:00\",\"breadcrumb\":{\"@id\":\"https:\\\/\\\/dorogimedence.hu\\\/index.php\\\/2026\\\/07\\\/22\\\/megkezdodott-az-amerikai-szolokaboca-rajzasa-a-neszmelyi-borvideken\\\/#breadcrumb\"},\"inLanguage\":\"hu\",\"potentialAction\":[{\"@type\":\"ReadAction\",\"target\":[\"https:\\\/\\\/dorogimedence.hu\\\/index.php\\\/2026\\\/07\\\/22\\\/megkezdodott-az-amerikai-szolokaboca-rajzasa-a-neszmelyi-borvideken\\\/\"]}]},{\"@type\":\"ImageObject\",\"inLanguage\":\"hu\",\"@id\":\"https:\\\/\\\/dorogimedence.hu\\\/index.php\\\/2026\\\/07\\\/22\\\/megkezdodott-az-amerikai-szolokaboca-rajzasa-a-neszmelyi-borvideken\\\/#primaryimage\",\"url\":\"https:\\\/\\\/dorogimedence.hu\\\/wp-content\\\/uploads\\\/2026\\\/07\\\/ChatGPT-Image-2026.-jul.-22.-15_12_14.png\",\"contentUrl\":\"https:\\\/\\\/dorogimedence.hu\\\/wp-content\\\/uploads\\\/2026\\\/07\\\/ChatGPT-Image-2026.-jul.-22.-15_12_14.png\",\"width\":1764,\"height\":892},{\"@type\":\"BreadcrumbList\",\"@id\":\"https:\\\/\\\/dorogimedence.hu\\\/index.php\\\/2026\\\/07\\\/22\\\/megkezdodott-az-amerikai-szolokaboca-rajzasa-a-neszmelyi-borvideken\\\/#breadcrumb\",\"itemListElement\":[{\"@type\":\"ListItem\",\"position\":1,\"name\":\"Kezd\u0151lap\",\"item\":\"https:\\\/\\\/dorogimedence.hu\\\/\"},{\"@type\":\"ListItem\",\"position\":2,\"name\":\"Megkezd\u0151d\u00f6tt az amerikai sz\u0151l\u0151kab\u00f3ca rajz\u00e1sa a Neszm\u00e9lyi borvid\u00e9ken\"}]},{\"@type\":\"WebSite\",\"@id\":\"https:\\\/\\\/dorogimedence.hu\\\/#website\",\"url\":\"https:\\\/\\\/dorogimedence.hu\\\/\",\"name\":\"Dorogi-medence Region\u00e1lis H\u00edrport\u00e1l\",\"description\":\"Dorog, Keszt\u00f6lc, Le\u00e1nyv\u00e1r, Piliscs\u00e9v, Tokod, Tokodalt\u00e1r\u00f3, Csolnok, Esztergom-kertv\u00e1ros: h\u00edrek, programok\",\"publisher\":{\"@id\":\"https:\\\/\\\/dorogimedence.hu\\\/#organization\"},\"potentialAction\":[{\"@type\":\"SearchAction\",\"target\":{\"@type\":\"EntryPoint\",\"urlTemplate\":\"https:\\\/\\\/dorogimedence.hu\\\/?s={search_term_string}\"},\"query-input\":{\"@type\":\"PropertyValueSpecification\",\"valueRequired\":true,\"valueName\":\"search_term_string\"}}],\"inLanguage\":\"hu\"},{\"@type\":\"Organization\",\"@id\":\"https:\\\/\\\/dorogimedence.hu\\\/#organization\",\"name\":\"Dorogi-medence Region\u00e1lis H\u00edrport\u00e1l\",\"url\":\"https:\\\/\\\/dorogimedence.hu\\\/\",\"logo\":{\"@type\":\"ImageObject\",\"inLanguage\":\"hu\",\"@id\":\"https:\\\/\\\/dorogimedence.hu\\\/#\\\/schema\\\/logo\\\/image\\\/\",\"url\":\"https:\\\/\\\/dorogimedence.hu\\\/wp-content\\\/uploads\\\/2021\\\/04\\\/logo-feher-600.png\",\"contentUrl\":\"https:\\\/\\\/dorogimedence.hu\\\/wp-content\\\/uploads\\\/2021\\\/04\\\/logo-feher-600.png\",\"width\":600,\"height\":100,\"caption\":\"Dorogi-medence Region\u00e1lis H\u00edrport\u00e1l\"},\"image\":{\"@id\":\"https:\\\/\\\/dorogimedence.hu\\\/#\\\/schema\\\/logo\\\/image\\\/\"},\"sameAs\":[\"https:\\\/\\\/www.facebook.com\\\/dorogimedence\\\/\"]},{\"@type\":\"Person\",\"@id\":\"https:\\\/\\\/dorogimedence.hu\\\/#\\\/schema\\\/person\\\/ce6091eeb7e95ecdc87890d6aa8e0fd4\",\"name\":\"dorogimedence.hu\",\"image\":{\"@type\":\"ImageObject\",\"inLanguage\":\"hu\",\"@id\":\"\\\/\\\/www.gravatar.com\\\/avatar\\\/d8d45f8901aadff40a4af72c0b826f1d?s=96&#038;r=g&#038;d=mm\",\"url\":\"\\\/\\\/www.gravatar.com\\\/avatar\\\/d8d45f8901aadff40a4af72c0b826f1d?s=96&#038;r=g&#038;d=mm\",\"contentUrl\":\"\\\/\\\/www.gravatar.com\\\/avatar\\\/d8d45f8901aadff40a4af72c0b826f1d?s=96&#038;r=g&#038;d=mm\",\"caption\":\"dorogimedence.hu\"}}]}<\/script>\n<!-- \/ Yoast SEO plugin. -->","yoast_head_json":{"title":"Megkezd\u0151d\u00f6tt az amerikai sz\u0151l\u0151kab\u00f3ca rajz\u00e1sa a Neszm\u00e9lyi borvid\u00e9ken","robots":{"index":"index","follow":"follow","max-snippet":"max-snippet:-1","max-image-preview":"max-image-preview:large","max-video-preview":"max-video-preview:-1"},"canonical":"https:\/\/dorogimedence.hu\/index.php\/2026\/07\/22\/megkezdodott-az-amerikai-szolokaboca-rajzasa-a-neszmelyi-borvideken\/","og_locale":"hu_HU","og_type":"article","og_title":"Megkezd\u0151d\u00f6tt az amerikai sz\u0151l\u0151kab\u00f3ca rajz\u00e1sa a Neszm\u00e9lyi borvid\u00e9ken","og_description":"J\u00falius 16-\u00e1n megkezd\u0151d\u00f6tt az amerikai sz\u0151l\u0151kab\u00f3ca rajz\u00e1sa a Neszm\u00e9lyi borvid\u00e9k sz\u0151l\u0151\u00fcltetv\u00e9nyeiben. A kifejlett rovarok elleni v\u00e9dekez\u00e9st augusztus 1. \u00e9s 15. k\u00f6z\u00f6tt kell elv\u00e9gezni \u2013 k\u00f6z\u00f6lte a Kom\u00e1rom-Esztergom V\u00e1rmegyei Korm\u00e1nyhivatal. A hat\u00f3s\u00e1g N\u00f6v\u00e9ny- \u00e9s Talajv\u00e9delmi Oszt\u00e1lya a k\u00e1ros\u00edt\u00f3-monitoring rendszer adatai alapj\u00e1n \u00e1llap\u00edtotta meg a rajz\u00e1s kezdet\u00e9t. A kor\u00e1bbi \u00e9vek azonos id\u0151szak\u00e1hoz k\u00e9pest a kifejlett egyedek megjelen\u00e9se","og_url":"https:\/\/dorogimedence.hu\/index.php\/2026\/07\/22\/megkezdodott-az-amerikai-szolokaboca-rajzasa-a-neszmelyi-borvideken\/","og_site_name":"Dorogi-medence Region\u00e1lis H\u00edrport\u00e1l","article_publisher":"https:\/\/www.facebook.com\/dorogimedence\/","article_published_time":"2026-07-22T13:12:34+00:00","og_image":[{"url":"https:\/\/dorogimedence.hu\/wp-content\/uploads\/2026\/07\/ChatGPT-Image-2026.-jul.-22.-15_12_14.png","width":755,"height":382,"type":"image\/png"}],"author":"dorogimedence.hu","twitter_card":"summary_large_image","twitter_misc":{"Szerz\u0151:":"dorogimedence.hu","Becs\u00fclt olvas\u00e1si id\u0151":"3 perc"},"schema":{"@context":"https:\/\/schema.org","@graph":[{"@type":"Article","@id":"https:\/\/dorogimedence.hu\/index.php\/2026\/07\/22\/megkezdodott-az-amerikai-szolokaboca-rajzasa-a-neszmelyi-borvideken\/#article","isPartOf":{"@id":"https:\/\/dorogimedence.hu\/index.php\/2026\/07\/22\/megkezdodott-az-amerikai-szolokaboca-rajzasa-a-neszmelyi-borvideken\/"},"author":{"name":"dorogimedence.hu","@id":"https:\/\/dorogimedence.hu\/#\/schema\/person\/ce6091eeb7e95ecdc87890d6aa8e0fd4"},"headline":"Megkezd\u0151d\u00f6tt az amerikai sz\u0151l\u0151kab\u00f3ca rajz\u00e1sa a Neszm\u00e9lyi borvid\u00e9ken","datePublished":"2026-07-22T13:12:34+00:00","mainEntityOfPage":{"@id":"https:\/\/dorogimedence.hu\/index.php\/2026\/07\/22\/megkezdodott-az-amerikai-szolokaboca-rajzasa-a-neszmelyi-borvideken\/"},"wordCount":557,"publisher":{"@id":"https:\/\/dorogimedence.hu\/#organization"},"image":{"@id":"https:\/\/dorogimedence.hu\/index.php\/2026\/07\/22\/megkezdodott-az-amerikai-szolokaboca-rajzasa-a-neszmelyi-borvideken\/#primaryimage"},"thumbnailUrl":"https:\/\/dorogimedence.hu\/wp-content\/uploads\/2026\/07\/ChatGPT-Image-2026.-jul.-22.-15_12_14.png","keywords":["sz\u0151l\u0151","sz\u0151l\u0151kab\u00f3ca"],"articleSection":["H\u00edrek"],"inLanguage":"hu"},{"@type":"WebPage","@id":"https:\/\/dorogimedence.hu\/index.php\/2026\/07\/22\/megkezdodott-az-amerikai-szolokaboca-rajzasa-a-neszmelyi-borvideken\/","url":"https:\/\/dorogimedence.hu\/index.php\/2026\/07\/22\/megkezdodott-az-amerikai-szolokaboca-rajzasa-a-neszmelyi-borvideken\/","name":"Megkezd\u0151d\u00f6tt az amerikai sz\u0151l\u0151kab\u00f3ca rajz\u00e1sa a Neszm\u00e9lyi borvid\u00e9ken","isPartOf":{"@id":"https:\/\/dorogimedence.hu\/#website"},"primaryImageOfPage":{"@id":"https:\/\/dorogimedence.hu\/index.php\/2026\/07\/22\/megkezdodott-az-amerikai-szolokaboca-rajzasa-a-neszmelyi-borvideken\/#primaryimage"},"image":{"@id":"https:\/\/dorogimedence.hu\/index.php\/2026\/07\/22\/megkezdodott-az-amerikai-szolokaboca-rajzasa-a-neszmelyi-borvideken\/#primaryimage"},"thumbnailUrl":"https:\/\/dorogimedence.hu\/wp-content\/uploads\/2026\/07\/ChatGPT-Image-2026.-jul.-22.-15_12_14.png","datePublished":"2026-07-22T13:12:34+00:00","breadcrumb":{"@id":"https:\/\/dorogimedence.hu\/index.php\/2026\/07\/22\/megkezdodott-az-amerikai-szolokaboca-rajzasa-a-neszmelyi-borvideken\/#breadcrumb"},"inLanguage":"hu","potentialAction":[{"@type":"ReadAction","target":["https:\/\/dorogimedence.hu\/index.php\/2026\/07\/22\/megkezdodott-az-amerikai-szolokaboca-rajzasa-a-neszmelyi-borvideken\/"]}]},{"@type":"ImageObject","inLanguage":"hu","@id":"https:\/\/dorogimedence.hu\/index.php\/2026\/07\/22\/megkezdodott-az-amerikai-szolokaboca-rajzasa-a-neszmelyi-borvideken\/#primaryimage","url":"https:\/\/dorogimedence.hu\/wp-content\/uploads\/2026\/07\/ChatGPT-Image-2026.-jul.-22.-15_12_14.png","contentUrl":"https:\/\/dorogimedence.hu\/wp-content\/uploads\/2026\/07\/ChatGPT-Image-2026.-jul.-22.-15_12_14.png","width":1764,"height":892},{"@type":"BreadcrumbList","@id":"https:\/\/dorogimedence.hu\/index.php\/2026\/07\/22\/megkezdodott-az-amerikai-szolokaboca-rajzasa-a-neszmelyi-borvideken\/#breadcrumb","itemListElement":[{"@type":"ListItem","position":1,"name":"Kezd\u0151lap","item":"https:\/\/dorogimedence.hu\/"},{"@type":"ListItem","position":2,"name":"Megkezd\u0151d\u00f6tt az amerikai sz\u0151l\u0151kab\u00f3ca rajz\u00e1sa a Neszm\u00e9lyi borvid\u00e9ken"}]},{"@type":"WebSite","@id":"https:\/\/dorogimedence.hu\/#website","url":"https:\/\/dorogimedence.hu\/","name":"Dorogi-medence Region\u00e1lis H\u00edrport\u00e1l","description":"Dorog, Keszt\u00f6lc, Le\u00e1nyv\u00e1r, Piliscs\u00e9v, Tokod, Tokodalt\u00e1r\u00f3, Csolnok, Esztergom-kertv\u00e1ros: h\u00edrek, programok","publisher":{"@id":"https:\/\/dorogimedence.hu\/#organization"},"potentialAction":[{"@type":"SearchAction","target":{"@type":"EntryPoint","urlTemplate":"https:\/\/dorogimedence.hu\/?s={search_term_string}"},"query-input":{"@type":"PropertyValueSpecification","valueRequired":true,"valueName":"search_term_string"}}],"inLanguage":"hu"},{"@type":"Organization","@id":"https:\/\/dorogimedence.hu\/#organization","name":"Dorogi-medence Region\u00e1lis H\u00edrport\u00e1l","url":"https:\/\/dorogimedence.hu\/","logo":{"@type":"ImageObject","inLanguage":"hu","@id":"https:\/\/dorogimedence.hu\/#\/schema\/logo\/image\/","url":"https:\/\/dorogimedence.hu\/wp-content\/uploads\/2021\/04\/logo-feher-600.png","contentUrl":"https:\/\/dorogimedence.hu\/wp-content\/uploads\/2021\/04\/logo-feher-600.png","width":600,"height":100,"caption":"Dorogi-medence Region\u00e1lis H\u00edrport\u00e1l"},"image":{"@id":"https:\/\/dorogimedence.hu\/#\/schema\/logo\/image\/"},"sameAs":["https:\/\/www.facebook.com\/dorogimedence\/"]},{"@type":"Person","@id":"https:\/\/dorogimedence.hu\/#\/schema\/person\/ce6091eeb7e95ecdc87890d6aa8e0fd4","name":"dorogimedence.hu","image":{"@type":"ImageObject","inLanguage":"hu","@id":"\/\/www.gravatar.com\/avatar\/d8d45f8901aadff40a4af72c0b826f1d?s=96&#038;r=g&#038;d=mm","url":"\/\/www.gravatar.com\/avatar\/d8d45f8901aadff40a4af72c0b826f1d?s=96&#038;r=g&#038;d=mm","contentUrl":"\/\/www.gravatar.com\/avatar\/d8d45f8901aadff40a4af72c0b826f1d?s=96&#038;r=g&#038;d=mm","caption":"dorogimedence.hu"}}]}},"_links":{"self":[{"href":"https:\/\/dorogimedence.hu\/index.php\/wp-json\/wp\/v2\/posts\/82160","targetHints":{"allow":["GET"]}}],"collection":[{"href":"https:\/\/dorogimedence.hu\/index.php\/wp-json\/wp\/v2\/posts"}],"about":[{"href":"https:\/\/dorogimedence.hu\/index.php\/wp-json\/wp\/v2\/types\/post"}],"author":[{"embeddable":true,"href":"https:\/\/dorogimedence.hu\/index.php\/wp-json\/wp\/v2\/users\/1"}],"replies":[{"embeddable":true,"href":"https:\/\/dorogimedence.hu\/index.php\/wp-json\/wp\/v2\/comments?post=82160"}],"version-history":[{"count":1,"href":"https:\/\/dorogimedence.hu\/index.php\/wp-json\/wp\/v2\/posts\/82160\/revisions"}],"predecessor-version":[{"id":82162,"href":"https:\/\/dorogimedence.hu\/index.php\/wp-json\/wp\/v2\/posts\/82160\/revisions\/82162"}],"wp:featuredmedia":[{"embeddable":true,"href":"https:\/\/dorogimedence.hu\/index.php\/wp-json\/wp\/v2\/media\/82161"}],"wp:attachment":[{"href":"https:\/\/dorogimedence.hu\/index.php\/wp-json\/wp\/v2\/media?parent=82160"}],"wp:term":[{"taxonomy":"category","embeddable":true,"href":"https:\/\/dorogimedence.hu\/index.php\/wp-json\/wp\/v2\/categories?post=82160"},{"taxonomy":"post_tag","embeddable":true,"href":"https:\/\/dorogimedence.hu\/index.php\/wp-json\/wp\/v2\/tags?post=82160"}],"curies":[{"name":"wp","href":"https:\/\/api.w.org\/{rel}","templated":true}]}}