{"id":82157,"date":"2026-07-22T14:23:44","date_gmt":"2026-07-22T12:23:44","guid":{"rendered":"https:\/\/dorogimedence.hu\/?p=82157"},"modified":"2026-07-22T14:23:44","modified_gmt":"2026-07-22T12:23:44","slug":"komarom-esztergom-regi-sajtotermekei-is-kutathatova-valtak","status":"publish","type":"post","link":"https:\/\/dorogimedence.hu\/index.php\/2026\/07\/22\/komarom-esztergom-regi-sajtotermekei-is-kutathatova-valtak\/","title":{"rendered":"Kom\u00e1rom-Esztergom r\u00e9gi sajt\u00f3term\u00e9kei is kutathat\u00f3v\u00e1 v\u00e1ltak"},"content":{"rendered":"<p><strong>Kom\u00e1rom-Esztergom v\u00e1rmegye sz\u00e1mos r\u00e9gi sajt\u00f3term\u00e9ke v\u00e1lt teljes sz\u00f6veggel kereshet\u0151v\u00e9 az Orsz\u00e1gos Sz\u00e9ch\u00e9nyi K\u00f6nyvt\u00e1r nagyszab\u00e1s\u00fa digit\u00e1lis tartalomb\u0151v\u00edt\u00e9s\u00e9nek k\u00f6sz\u00f6nhet\u0151en. Az int\u00e9zm\u00e9ny \u00f6sszesen tizen\u00f6tmilli\u00f3 oldalnyi \u00faj anyagot tett hozz\u00e1f\u00e9rhet\u0151v\u00e9, \u00e9s elind\u00edtotta <a href=\"https:\/\/szechenyihid.oszk.hu\/\" target=\"_blank\" rel=\"noopener\"><span style=\"text-decoration: underline; color: #0000ff;\">Sz\u00e9ch\u00e9nyi H\u00edd<\/span><\/a> nev\u0171 egys\u00e9ges keres\u0151fel\u00fclet\u00e9t is.<\/strong><\/p>\n<p>Az Elektronikus Periodikaarch\u00edvum gy\u0171jtem\u00e9nye 2026 els\u0151 fel\u00e9ben t\u00f6bb mint h\u00e9tsz\u00e1z periodikac\u00edmmel, csaknem f\u00e9lmilli\u00f3 lapsz\u00e1mmal \u00e9s mintegy 6,5 milli\u00f3 oldallal gyarapodott. A digitaliz\u00e1lt h\u00edrlapok a 19. sz\u00e1zad k\u00f6zep\u00e9t\u0151l az 1950-es \u00e9vek elej\u00e9ig dokument\u00e1lj\u00e1k az adott korszak t\u00e1rsadalmi, politikai \u00e9s kultur\u00e1lis \u00e9let\u00e9t.<\/p>\n<p>A b\u0151v\u00edt\u00e9s r\u00e9v\u00e9n Kom\u00e1rom-Esztergom v\u00e1rmegye mellett Erd\u00e9ly, a Felvid\u00e9k, a D\u00e9lvid\u00e9k, K\u00e1rp\u00e1talja, Budapest, a Nyugat-Dun\u00e1nt\u00fal, \u00c9szak-Magyarorsz\u00e1g, valamint t\u00f6bb m\u00e1s v\u00e1rmegye sz\u00e1mos sajt\u00f3term\u00e9ke is teljes sz\u00f6veggel kutathat\u00f3v\u00e1 v\u00e1lt. Az \u00fajonnan hozz\u00e1f\u00e9rhet\u0151 anyagok \u00e9rt\u00e9kes forr\u00e1sokat k\u00edn\u00e1lnak a helyt\u00f6rt\u00e9net, a telep\u00fcl\u00e9sek m\u00faltja \u00e9s a korabeli k\u00f6z\u00e9let ir\u00e1nt \u00e9rdekl\u0151d\u0151k sz\u00e1m\u00e1ra.<\/p>\n<p>Szint\u00e9n az Elektronikus Periodikaarch\u00edvumban v\u00e1lt el\u00e9rhet\u0151v\u00e9 a Magyar T\u00e1virati Iroda 1945 \u00e9s 1987 k\u00f6z\u00f6tti h\u00edreinek gy\u0171jtem\u00e9nye, amely \u00f6nmag\u00e1ban t\u00f6bb mint m\u00e1sf\u00e9l milli\u00f3 oldallal n\u00f6velte az adatb\u00e1zist.<\/p>\n<p>Jelent\u0151sen b\u0151v\u00fclt a Magyar Elektronikus K\u00f6nyvt\u00e1r is. A MEK f\u00e9lmilli\u00f3, a szerz\u0151i jogv\u00e9delem alatt \u00e1ll\u00f3 m\u0171veket z\u00e1rt rendszerben hozz\u00e1f\u00e9rhet\u0151v\u00e9 tev\u0151 MEK+ pedig mintegy 7,5 milli\u00f3 \u00faj oldallal gazdagodott. A Digit\u00e1lis K\u00e9parch\u00edvumba 450 ezer k\u00e9p, a k\u00fcl\u00f6nb\u00f6z\u0151 k\u00fcl\u00f6ngy\u0171jtem\u00e9nyi szolg\u00e1ltat\u00e1sokba pedig tov\u00e1bbi 35 ezer digit\u00e1lis felv\u00e9tel ker\u00fclt.<\/p>\n<p>Az \u00faj tartalmak k\u00f6z\u00f6tt megtal\u00e1lhat\u00f3k Erkel Ferenc Istv\u00e1n kir\u00e1ly c\u00edm\u0171 oper\u00e1j\u00e1nak kott\u00e1i, Kurt\u00e1g Gy\u00f6rgy k\u00e9ziratai, valamint J\u00f3kai M\u00f3r A j\u00f6v\u0151 sz\u00e1zad reg\u00e9nye c\u00edm\u0171 m\u0171v\u00e9nek k\u00e9zirata is. Emellett b\u0151v\u00fclt az OSZK grafikai plak\u00e1tgy\u0171jtem\u00e9nye, hanglemez\u00e1llom\u00e1nya \u00e9s t\u00f6rt\u00e9neti f\u00e9nyk\u00e9pt\u00e1ra.<\/p>\n<p>A fejleszt\u00e9ssel egy id\u0151ben elindult a Sz\u00e9ch\u00e9nyi H\u00edd szolg\u00e1ltat\u00e1s, amely egyetlen keres\u0151fel\u00fcleten kapcsolja \u00f6ssze a nemzeti k\u00f6nyvt\u00e1r katal\u00f3gusait \u00e9s digit\u00e1lis gy\u0171jtem\u00e9nyeit. A rendszerben t\u00f6bb mint n\u00e9gymilli\u00f3 rekord k\u00f6z\u00f6tt lehet keresni, \u00edgy a felhaszn\u00e1l\u00f3knak m\u00e1r nem kell k\u00fcl\u00f6n-k\u00fcl\u00f6n \u00e1tn\u00e9zni\u00fck az egyes adatb\u00e1zisokat.<\/p>\n<p>Az \u00faj fel\u00fclet a <a href=\"https:\/\/szechenyihid.oszk.hu\/\" target=\"_blank\" rel=\"noopener\"><span style=\"text-decoration: underline; color: #0000ff;\">Sz\u00e9ch\u00e9nyi H\u00edd<\/span><\/a> oldal\u00e1n \u00e9rhet\u0151 el \u2013 k\u00f6z\u00f6lte az <a href=\"https:\/\/oszk.hu\/hirek\/tizenotmillio-oldalnyi-uj-tartalom-es-egyseges-szolgaltatasi-felulet-az-OSZK_tol_260720\" target=\"_blank\" rel=\"noopener\"><span style=\"text-decoration: underline; color: #0000ff;\">Orsz\u00e1gos Sz\u00e9ch\u00e9nyi K\u00f6nyvt\u00e1r<\/span><\/a>.<\/p>\n<p><em>Bor\u00edt\u00f3k\u00e9p: illusztr\u00e1ci\u00f3 (ChatGPT &#8211; AI)<\/em><\/p>\n","protected":false},"excerpt":{"rendered":"<p>Kom\u00e1rom-Esztergom v\u00e1rmegye sz\u00e1mos r\u00e9gi sajt\u00f3term\u00e9ke v\u00e1lt teljes sz\u00f6veggel kereshet\u0151v\u00e9 az Orsz\u00e1gos Sz\u00e9ch\u00e9nyi K\u00f6nyvt\u00e1r nagyszab\u00e1s\u00fa digit\u00e1lis tartalomb\u0151v\u00edt\u00e9s\u00e9nek k\u00f6sz\u00f6nhet\u0151en. Az int\u00e9zm\u00e9ny \u00f6sszesen tizen\u00f6tmilli\u00f3 oldalnyi \u00faj anyagot tett hozz\u00e1f\u00e9rhet\u0151v\u00e9, \u00e9s elind\u00edtotta Sz\u00e9ch\u00e9nyi H\u00edd nev\u0171 egys\u00e9ges keres\u0151fel\u00fclet\u00e9t is. Az Elektronikus Periodikaarch\u00edvum gy\u0171jtem\u00e9nye 2026 els\u0151 fel\u00e9ben t\u00f6bb mint h\u00e9tsz\u00e1z periodikac\u00edmmel, csaknem f\u00e9lmilli\u00f3 lapsz\u00e1mmal \u00e9s mintegy 6,5 milli\u00f3 oldallal gyarapodott. A<\/p>\n","protected":false},"author":1,"featured_media":82158,"comment_status":"closed","ping_status":"closed","sticky":false,"template":"","format":"standard","meta":{"ngg_post_thumbnail":0,"footnotes":""},"categories":[3,56],"tags":[6890,1967],"class_list":["post-82157","post","type-post","status-publish","format-standard","has-post-thumbnail","category-hirek","category-komarom-esztergom","tag-komarom-esztergom-varmegye","tag-orszagos-szechenyi-konyvtar"],"yoast_head":"<!-- This site is optimized with the Yoast SEO plugin v28.3 - https:\/\/yoast.com\/product\/yoast-seo-wordpress\/ -->\n<title>Kom\u00e1rom-Esztergom r\u00e9gi sajt\u00f3term\u00e9kei is kutathat\u00f3v\u00e1 v\u00e1ltak<\/title>\n<meta name=\"robots\" content=\"index, follow, max-snippet:-1, max-image-preview:large, max-video-preview:-1\" \/>\n<link rel=\"canonical\" href=\"https:\/\/dorogimedence.hu\/index.php\/2026\/07\/22\/komarom-esztergom-regi-sajtotermekei-is-kutathatova-valtak\/\" class=\"yoast-seo-meta-tag\" \/>\n<meta property=\"og:locale\" content=\"hu_HU\" class=\"yoast-seo-meta-tag\" \/>\n<meta property=\"og:type\" content=\"article\" class=\"yoast-seo-meta-tag\" \/>\n<meta property=\"og:title\" content=\"Kom\u00e1rom-Esztergom r\u00e9gi sajt\u00f3term\u00e9kei is kutathat\u00f3v\u00e1 v\u00e1ltak\" class=\"yoast-seo-meta-tag\" \/>\n<meta property=\"og:description\" content=\"Kom\u00e1rom-Esztergom v\u00e1rmegye sz\u00e1mos r\u00e9gi sajt\u00f3term\u00e9ke v\u00e1lt teljes sz\u00f6veggel kereshet\u0151v\u00e9 az Orsz\u00e1gos Sz\u00e9ch\u00e9nyi K\u00f6nyvt\u00e1r nagyszab\u00e1s\u00fa digit\u00e1lis tartalomb\u0151v\u00edt\u00e9s\u00e9nek k\u00f6sz\u00f6nhet\u0151en. Az int\u00e9zm\u00e9ny \u00f6sszesen tizen\u00f6tmilli\u00f3 oldalnyi \u00faj anyagot tett hozz\u00e1f\u00e9rhet\u0151v\u00e9, \u00e9s elind\u00edtotta Sz\u00e9ch\u00e9nyi H\u00edd nev\u0171 egys\u00e9ges keres\u0151fel\u00fclet\u00e9t is. Az Elektronikus Periodikaarch\u00edvum gy\u0171jtem\u00e9nye 2026 els\u0151 fel\u00e9ben t\u00f6bb mint h\u00e9tsz\u00e1z periodikac\u00edmmel, csaknem f\u00e9lmilli\u00f3 lapsz\u00e1mmal \u00e9s mintegy 6,5 milli\u00f3 oldallal gyarapodott. A\" class=\"yoast-seo-meta-tag\" \/>\n<meta property=\"og:url\" content=\"https:\/\/dorogimedence.hu\/index.php\/2026\/07\/22\/komarom-esztergom-regi-sajtotermekei-is-kutathatova-valtak\/\" class=\"yoast-seo-meta-tag\" \/>\n<meta property=\"og:site_name\" content=\"Dorogi-medence Region\u00e1lis H\u00edrport\u00e1l\" class=\"yoast-seo-meta-tag\" \/>\n<meta property=\"article:publisher\" content=\"https:\/\/www.facebook.com\/dorogimedence\/\" class=\"yoast-seo-meta-tag\" \/>\n<meta property=\"article:published_time\" content=\"2026-07-22T12:23:44+00:00\" class=\"yoast-seo-meta-tag\" \/>\n<meta property=\"og:image\" content=\"https:\/\/dorogimedence.hu\/wp-content\/uploads\/2026\/07\/ChatGPT-Image-2026.-jul.-22.-14_21_28.png\" class=\"yoast-seo-meta-tag\" \/>\n\t<meta property=\"og:image:width\" content=\"1764\" class=\"yoast-seo-meta-tag\" \/>\n\t<meta property=\"og:image:height\" content=\"891\" class=\"yoast-seo-meta-tag\" \/>\n\t<meta property=\"og:image:type\" content=\"image\/png\" class=\"yoast-seo-meta-tag\" \/>\n<meta name=\"author\" content=\"dorogimedence.hu\" class=\"yoast-seo-meta-tag\" \/>\n<meta name=\"twitter:card\" content=\"summary_large_image\" class=\"yoast-seo-meta-tag\" \/>\n<meta name=\"twitter:label1\" content=\"Szerz\u0151:\" class=\"yoast-seo-meta-tag\" \/>\n\t<meta name=\"twitter:data1\" content=\"dorogimedence.hu\" class=\"yoast-seo-meta-tag\" \/>\n\t<meta name=\"twitter:label2\" content=\"Becs\u00fclt olvas\u00e1si id\u0151\" class=\"yoast-seo-meta-tag\" \/>\n\t<meta name=\"twitter:data2\" content=\"3 perc\" class=\"yoast-seo-meta-tag\" \/>\n<script type=\"application\/ld+json\" class=\"yoast-schema-graph\">{\"@context\":\"https:\\\/\\\/schema.org\",\"@graph\":[{\"@type\":\"Article\",\"@id\":\"https:\\\/\\\/dorogimedence.hu\\\/index.php\\\/2026\\\/07\\\/22\\\/komarom-esztergom-regi-sajtotermekei-is-kutathatova-valtak\\\/#article\",\"isPartOf\":{\"@id\":\"https:\\\/\\\/dorogimedence.hu\\\/index.php\\\/2026\\\/07\\\/22\\\/komarom-esztergom-regi-sajtotermekei-is-kutathatova-valtak\\\/\"},\"author\":{\"name\":\"dorogimedence.hu\",\"@id\":\"https:\\\/\\\/dorogimedence.hu\\\/#\\\/schema\\\/person\\\/ce6091eeb7e95ecdc87890d6aa8e0fd4\"},\"headline\":\"Kom\u00e1rom-Esztergom r\u00e9gi sajt\u00f3term\u00e9kei is kutathat\u00f3v\u00e1 v\u00e1ltak\",\"datePublished\":\"2026-07-22T12:23:44+00:00\",\"mainEntityOfPage\":{\"@id\":\"https:\\\/\\\/dorogimedence.hu\\\/index.php\\\/2026\\\/07\\\/22\\\/komarom-esztergom-regi-sajtotermekei-is-kutathatova-valtak\\\/\"},\"wordCount\":519,\"publisher\":{\"@id\":\"https:\\\/\\\/dorogimedence.hu\\\/#organization\"},\"image\":{\"@id\":\"https:\\\/\\\/dorogimedence.hu\\\/index.php\\\/2026\\\/07\\\/22\\\/komarom-esztergom-regi-sajtotermekei-is-kutathatova-valtak\\\/#primaryimage\"},\"thumbnailUrl\":\"https:\\\/\\\/dorogimedence.hu\\\/wp-content\\\/uploads\\\/2026\\\/07\\\/ChatGPT-Image-2026.-jul.-22.-14_21_28.png\",\"keywords\":[\"Kom\u00e1rom-Esztergom v\u00e1rmegye\",\"Orsz\u00e1gos Sz\u00e9chenyi K\u00f6nyvt\u00e1r\"],\"articleSection\":[\"H\u00edrek\",\"Kom\u00e1rom-Esztergom\"],\"inLanguage\":\"hu\"},{\"@type\":\"WebPage\",\"@id\":\"https:\\\/\\\/dorogimedence.hu\\\/index.php\\\/2026\\\/07\\\/22\\\/komarom-esztergom-regi-sajtotermekei-is-kutathatova-valtak\\\/\",\"url\":\"https:\\\/\\\/dorogimedence.hu\\\/index.php\\\/2026\\\/07\\\/22\\\/komarom-esztergom-regi-sajtotermekei-is-kutathatova-valtak\\\/\",\"name\":\"Kom\u00e1rom-Esztergom r\u00e9gi sajt\u00f3term\u00e9kei is kutathat\u00f3v\u00e1 v\u00e1ltak\",\"isPartOf\":{\"@id\":\"https:\\\/\\\/dorogimedence.hu\\\/#website\"},\"primaryImageOfPage\":{\"@id\":\"https:\\\/\\\/dorogimedence.hu\\\/index.php\\\/2026\\\/07\\\/22\\\/komarom-esztergom-regi-sajtotermekei-is-kutathatova-valtak\\\/#primaryimage\"},\"image\":{\"@id\":\"https:\\\/\\\/dorogimedence.hu\\\/index.php\\\/2026\\\/07\\\/22\\\/komarom-esztergom-regi-sajtotermekei-is-kutathatova-valtak\\\/#primaryimage\"},\"thumbnailUrl\":\"https:\\\/\\\/dorogimedence.hu\\\/wp-content\\\/uploads\\\/2026\\\/07\\\/ChatGPT-Image-2026.-jul.-22.-14_21_28.png\",\"datePublished\":\"2026-07-22T12:23:44+00:00\",\"breadcrumb\":{\"@id\":\"https:\\\/\\\/dorogimedence.hu\\\/index.php\\\/2026\\\/07\\\/22\\\/komarom-esztergom-regi-sajtotermekei-is-kutathatova-valtak\\\/#breadcrumb\"},\"inLanguage\":\"hu\",\"potentialAction\":[{\"@type\":\"ReadAction\",\"target\":[\"https:\\\/\\\/dorogimedence.hu\\\/index.php\\\/2026\\\/07\\\/22\\\/komarom-esztergom-regi-sajtotermekei-is-kutathatova-valtak\\\/\"]}]},{\"@type\":\"ImageObject\",\"inLanguage\":\"hu\",\"@id\":\"https:\\\/\\\/dorogimedence.hu\\\/index.php\\\/2026\\\/07\\\/22\\\/komarom-esztergom-regi-sajtotermekei-is-kutathatova-valtak\\\/#primaryimage\",\"url\":\"https:\\\/\\\/dorogimedence.hu\\\/wp-content\\\/uploads\\\/2026\\\/07\\\/ChatGPT-Image-2026.-jul.-22.-14_21_28.png\",\"contentUrl\":\"https:\\\/\\\/dorogimedence.hu\\\/wp-content\\\/uploads\\\/2026\\\/07\\\/ChatGPT-Image-2026.-jul.-22.-14_21_28.png\",\"width\":1764,\"height\":891},{\"@type\":\"BreadcrumbList\",\"@id\":\"https:\\\/\\\/dorogimedence.hu\\\/index.php\\\/2026\\\/07\\\/22\\\/komarom-esztergom-regi-sajtotermekei-is-kutathatova-valtak\\\/#breadcrumb\",\"itemListElement\":[{\"@type\":\"ListItem\",\"position\":1,\"name\":\"Kezd\u0151lap\",\"item\":\"https:\\\/\\\/dorogimedence.hu\\\/\"},{\"@type\":\"ListItem\",\"position\":2,\"name\":\"Kom\u00e1rom-Esztergom r\u00e9gi sajt\u00f3term\u00e9kei is kutathat\u00f3v\u00e1 v\u00e1ltak\"}]},{\"@type\":\"WebSite\",\"@id\":\"https:\\\/\\\/dorogimedence.hu\\\/#website\",\"url\":\"https:\\\/\\\/dorogimedence.hu\\\/\",\"name\":\"Dorogi-medence Region\u00e1lis H\u00edrport\u00e1l\",\"description\":\"Dorog, Keszt\u00f6lc, Le\u00e1nyv\u00e1r, Piliscs\u00e9v, Tokod, Tokodalt\u00e1r\u00f3, Csolnok, Esztergom-kertv\u00e1ros: h\u00edrek, programok\",\"publisher\":{\"@id\":\"https:\\\/\\\/dorogimedence.hu\\\/#organization\"},\"potentialAction\":[{\"@type\":\"SearchAction\",\"target\":{\"@type\":\"EntryPoint\",\"urlTemplate\":\"https:\\\/\\\/dorogimedence.hu\\\/?s={search_term_string}\"},\"query-input\":{\"@type\":\"PropertyValueSpecification\",\"valueRequired\":true,\"valueName\":\"search_term_string\"}}],\"inLanguage\":\"hu\"},{\"@type\":\"Organization\",\"@id\":\"https:\\\/\\\/dorogimedence.hu\\\/#organization\",\"name\":\"Dorogi-medence Region\u00e1lis H\u00edrport\u00e1l\",\"url\":\"https:\\\/\\\/dorogimedence.hu\\\/\",\"logo\":{\"@type\":\"ImageObject\",\"inLanguage\":\"hu\",\"@id\":\"https:\\\/\\\/dorogimedence.hu\\\/#\\\/schema\\\/logo\\\/image\\\/\",\"url\":\"https:\\\/\\\/dorogimedence.hu\\\/wp-content\\\/uploads\\\/2021\\\/04\\\/logo-feher-600.png\",\"contentUrl\":\"https:\\\/\\\/dorogimedence.hu\\\/wp-content\\\/uploads\\\/2021\\\/04\\\/logo-feher-600.png\",\"width\":600,\"height\":100,\"caption\":\"Dorogi-medence Region\u00e1lis H\u00edrport\u00e1l\"},\"image\":{\"@id\":\"https:\\\/\\\/dorogimedence.hu\\\/#\\\/schema\\\/logo\\\/image\\\/\"},\"sameAs\":[\"https:\\\/\\\/www.facebook.com\\\/dorogimedence\\\/\"]},{\"@type\":\"Person\",\"@id\":\"https:\\\/\\\/dorogimedence.hu\\\/#\\\/schema\\\/person\\\/ce6091eeb7e95ecdc87890d6aa8e0fd4\",\"name\":\"dorogimedence.hu\",\"image\":{\"@type\":\"ImageObject\",\"inLanguage\":\"hu\",\"@id\":\"\\\/\\\/www.gravatar.com\\\/avatar\\\/d8d45f8901aadff40a4af72c0b826f1d?s=96&#038;r=g&#038;d=mm\",\"url\":\"\\\/\\\/www.gravatar.com\\\/avatar\\\/d8d45f8901aadff40a4af72c0b826f1d?s=96&#038;r=g&#038;d=mm\",\"contentUrl\":\"\\\/\\\/www.gravatar.com\\\/avatar\\\/d8d45f8901aadff40a4af72c0b826f1d?s=96&#038;r=g&#038;d=mm\",\"caption\":\"dorogimedence.hu\"}}]}<\/script>\n<!-- \/ Yoast SEO plugin. -->","yoast_head_json":{"title":"Kom\u00e1rom-Esztergom r\u00e9gi sajt\u00f3term\u00e9kei is kutathat\u00f3v\u00e1 v\u00e1ltak","robots":{"index":"index","follow":"follow","max-snippet":"max-snippet:-1","max-image-preview":"max-image-preview:large","max-video-preview":"max-video-preview:-1"},"canonical":"https:\/\/dorogimedence.hu\/index.php\/2026\/07\/22\/komarom-esztergom-regi-sajtotermekei-is-kutathatova-valtak\/","og_locale":"hu_HU","og_type":"article","og_title":"Kom\u00e1rom-Esztergom r\u00e9gi sajt\u00f3term\u00e9kei is kutathat\u00f3v\u00e1 v\u00e1ltak","og_description":"Kom\u00e1rom-Esztergom v\u00e1rmegye sz\u00e1mos r\u00e9gi sajt\u00f3term\u00e9ke v\u00e1lt teljes sz\u00f6veggel kereshet\u0151v\u00e9 az Orsz\u00e1gos Sz\u00e9ch\u00e9nyi K\u00f6nyvt\u00e1r nagyszab\u00e1s\u00fa digit\u00e1lis tartalomb\u0151v\u00edt\u00e9s\u00e9nek k\u00f6sz\u00f6nhet\u0151en. Az int\u00e9zm\u00e9ny \u00f6sszesen tizen\u00f6tmilli\u00f3 oldalnyi \u00faj anyagot tett hozz\u00e1f\u00e9rhet\u0151v\u00e9, \u00e9s elind\u00edtotta Sz\u00e9ch\u00e9nyi H\u00edd nev\u0171 egys\u00e9ges keres\u0151fel\u00fclet\u00e9t is. Az Elektronikus Periodikaarch\u00edvum gy\u0171jtem\u00e9nye 2026 els\u0151 fel\u00e9ben t\u00f6bb mint h\u00e9tsz\u00e1z periodikac\u00edmmel, csaknem f\u00e9lmilli\u00f3 lapsz\u00e1mmal \u00e9s mintegy 6,5 milli\u00f3 oldallal gyarapodott. A","og_url":"https:\/\/dorogimedence.hu\/index.php\/2026\/07\/22\/komarom-esztergom-regi-sajtotermekei-is-kutathatova-valtak\/","og_site_name":"Dorogi-medence Region\u00e1lis H\u00edrport\u00e1l","article_publisher":"https:\/\/www.facebook.com\/dorogimedence\/","article_published_time":"2026-07-22T12:23:44+00:00","og_image":[{"width":1764,"height":891,"url":"https:\/\/dorogimedence.hu\/wp-content\/uploads\/2026\/07\/ChatGPT-Image-2026.-jul.-22.-14_21_28.png","type":"image\/png"}],"author":"dorogimedence.hu","twitter_card":"summary_large_image","twitter_misc":{"Szerz\u0151:":"dorogimedence.hu","Becs\u00fclt olvas\u00e1si id\u0151":"3 perc"},"schema":{"@context":"https:\/\/schema.org","@graph":[{"@type":"Article","@id":"https:\/\/dorogimedence.hu\/index.php\/2026\/07\/22\/komarom-esztergom-regi-sajtotermekei-is-kutathatova-valtak\/#article","isPartOf":{"@id":"https:\/\/dorogimedence.hu\/index.php\/2026\/07\/22\/komarom-esztergom-regi-sajtotermekei-is-kutathatova-valtak\/"},"author":{"name":"dorogimedence.hu","@id":"https:\/\/dorogimedence.hu\/#\/schema\/person\/ce6091eeb7e95ecdc87890d6aa8e0fd4"},"headline":"Kom\u00e1rom-Esztergom r\u00e9gi sajt\u00f3term\u00e9kei is kutathat\u00f3v\u00e1 v\u00e1ltak","datePublished":"2026-07-22T12:23:44+00:00","mainEntityOfPage":{"@id":"https:\/\/dorogimedence.hu\/index.php\/2026\/07\/22\/komarom-esztergom-regi-sajtotermekei-is-kutathatova-valtak\/"},"wordCount":519,"publisher":{"@id":"https:\/\/dorogimedence.hu\/#organization"},"image":{"@id":"https:\/\/dorogimedence.hu\/index.php\/2026\/07\/22\/komarom-esztergom-regi-sajtotermekei-is-kutathatova-valtak\/#primaryimage"},"thumbnailUrl":"https:\/\/dorogimedence.hu\/wp-content\/uploads\/2026\/07\/ChatGPT-Image-2026.-jul.-22.-14_21_28.png","keywords":["Kom\u00e1rom-Esztergom v\u00e1rmegye","Orsz\u00e1gos Sz\u00e9chenyi K\u00f6nyvt\u00e1r"],"articleSection":["H\u00edrek","Kom\u00e1rom-Esztergom"],"inLanguage":"hu"},{"@type":"WebPage","@id":"https:\/\/dorogimedence.hu\/index.php\/2026\/07\/22\/komarom-esztergom-regi-sajtotermekei-is-kutathatova-valtak\/","url":"https:\/\/dorogimedence.hu\/index.php\/2026\/07\/22\/komarom-esztergom-regi-sajtotermekei-is-kutathatova-valtak\/","name":"Kom\u00e1rom-Esztergom r\u00e9gi sajt\u00f3term\u00e9kei is kutathat\u00f3v\u00e1 v\u00e1ltak","isPartOf":{"@id":"https:\/\/dorogimedence.hu\/#website"},"primaryImageOfPage":{"@id":"https:\/\/dorogimedence.hu\/index.php\/2026\/07\/22\/komarom-esztergom-regi-sajtotermekei-is-kutathatova-valtak\/#primaryimage"},"image":{"@id":"https:\/\/dorogimedence.hu\/index.php\/2026\/07\/22\/komarom-esztergom-regi-sajtotermekei-is-kutathatova-valtak\/#primaryimage"},"thumbnailUrl":"https:\/\/dorogimedence.hu\/wp-content\/uploads\/2026\/07\/ChatGPT-Image-2026.-jul.-22.-14_21_28.png","datePublished":"2026-07-22T12:23:44+00:00","breadcrumb":{"@id":"https:\/\/dorogimedence.hu\/index.php\/2026\/07\/22\/komarom-esztergom-regi-sajtotermekei-is-kutathatova-valtak\/#breadcrumb"},"inLanguage":"hu","potentialAction":[{"@type":"ReadAction","target":["https:\/\/dorogimedence.hu\/index.php\/2026\/07\/22\/komarom-esztergom-regi-sajtotermekei-is-kutathatova-valtak\/"]}]},{"@type":"ImageObject","inLanguage":"hu","@id":"https:\/\/dorogimedence.hu\/index.php\/2026\/07\/22\/komarom-esztergom-regi-sajtotermekei-is-kutathatova-valtak\/#primaryimage","url":"https:\/\/dorogimedence.hu\/wp-content\/uploads\/2026\/07\/ChatGPT-Image-2026.-jul.-22.-14_21_28.png","contentUrl":"https:\/\/dorogimedence.hu\/wp-content\/uploads\/2026\/07\/ChatGPT-Image-2026.-jul.-22.-14_21_28.png","width":1764,"height":891},{"@type":"BreadcrumbList","@id":"https:\/\/dorogimedence.hu\/index.php\/2026\/07\/22\/komarom-esztergom-regi-sajtotermekei-is-kutathatova-valtak\/#breadcrumb","itemListElement":[{"@type":"ListItem","position":1,"name":"Kezd\u0151lap","item":"https:\/\/dorogimedence.hu\/"},{"@type":"ListItem","position":2,"name":"Kom\u00e1rom-Esztergom r\u00e9gi sajt\u00f3term\u00e9kei is kutathat\u00f3v\u00e1 v\u00e1ltak"}]},{"@type":"WebSite","@id":"https:\/\/dorogimedence.hu\/#website","url":"https:\/\/dorogimedence.hu\/","name":"Dorogi-medence Region\u00e1lis H\u00edrport\u00e1l","description":"Dorog, Keszt\u00f6lc, Le\u00e1nyv\u00e1r, Piliscs\u00e9v, Tokod, Tokodalt\u00e1r\u00f3, Csolnok, Esztergom-kertv\u00e1ros: h\u00edrek, programok","publisher":{"@id":"https:\/\/dorogimedence.hu\/#organization"},"potentialAction":[{"@type":"SearchAction","target":{"@type":"EntryPoint","urlTemplate":"https:\/\/dorogimedence.hu\/?s={search_term_string}"},"query-input":{"@type":"PropertyValueSpecification","valueRequired":true,"valueName":"search_term_string"}}],"inLanguage":"hu"},{"@type":"Organization","@id":"https:\/\/dorogimedence.hu\/#organization","name":"Dorogi-medence Region\u00e1lis H\u00edrport\u00e1l","url":"https:\/\/dorogimedence.hu\/","logo":{"@type":"ImageObject","inLanguage":"hu","@id":"https:\/\/dorogimedence.hu\/#\/schema\/logo\/image\/","url":"https:\/\/dorogimedence.hu\/wp-content\/uploads\/2021\/04\/logo-feher-600.png","contentUrl":"https:\/\/dorogimedence.hu\/wp-content\/uploads\/2021\/04\/logo-feher-600.png","width":600,"height":100,"caption":"Dorogi-medence Region\u00e1lis H\u00edrport\u00e1l"},"image":{"@id":"https:\/\/dorogimedence.hu\/#\/schema\/logo\/image\/"},"sameAs":["https:\/\/www.facebook.com\/dorogimedence\/"]},{"@type":"Person","@id":"https:\/\/dorogimedence.hu\/#\/schema\/person\/ce6091eeb7e95ecdc87890d6aa8e0fd4","name":"dorogimedence.hu","image":{"@type":"ImageObject","inLanguage":"hu","@id":"\/\/www.gravatar.com\/avatar\/d8d45f8901aadff40a4af72c0b826f1d?s=96&#038;r=g&#038;d=mm","url":"\/\/www.gravatar.com\/avatar\/d8d45f8901aadff40a4af72c0b826f1d?s=96&#038;r=g&#038;d=mm","contentUrl":"\/\/www.gravatar.com\/avatar\/d8d45f8901aadff40a4af72c0b826f1d?s=96&#038;r=g&#038;d=mm","caption":"dorogimedence.hu"}}]}},"_links":{"self":[{"href":"https:\/\/dorogimedence.hu\/index.php\/wp-json\/wp\/v2\/posts\/82157","targetHints":{"allow":["GET"]}}],"collection":[{"href":"https:\/\/dorogimedence.hu\/index.php\/wp-json\/wp\/v2\/posts"}],"about":[{"href":"https:\/\/dorogimedence.hu\/index.php\/wp-json\/wp\/v2\/types\/post"}],"author":[{"embeddable":true,"href":"https:\/\/dorogimedence.hu\/index.php\/wp-json\/wp\/v2\/users\/1"}],"replies":[{"embeddable":true,"href":"https:\/\/dorogimedence.hu\/index.php\/wp-json\/wp\/v2\/comments?post=82157"}],"version-history":[{"count":1,"href":"https:\/\/dorogimedence.hu\/index.php\/wp-json\/wp\/v2\/posts\/82157\/revisions"}],"predecessor-version":[{"id":82159,"href":"https:\/\/dorogimedence.hu\/index.php\/wp-json\/wp\/v2\/posts\/82157\/revisions\/82159"}],"wp:featuredmedia":[{"embeddable":true,"href":"https:\/\/dorogimedence.hu\/index.php\/wp-json\/wp\/v2\/media\/82158"}],"wp:attachment":[{"href":"https:\/\/dorogimedence.hu\/index.php\/wp-json\/wp\/v2\/media?parent=82157"}],"wp:term":[{"taxonomy":"category","embeddable":true,"href":"https:\/\/dorogimedence.hu\/index.php\/wp-json\/wp\/v2\/categories?post=82157"},{"taxonomy":"post_tag","embeddable":true,"href":"https:\/\/dorogimedence.hu\/index.php\/wp-json\/wp\/v2\/tags?post=82157"}],"curies":[{"name":"wp","href":"https:\/\/api.w.org\/{rel}","templated":true}]}}