{"id":82148,"date":"2026-07-22T12:25:44","date_gmt":"2026-07-22T10:25:44","guid":{"rendered":"https:\/\/dorogimedence.hu\/?p=82148"},"modified":"2026-07-22T12:25:44","modified_gmt":"2026-07-22T10:25:44","slug":"ket-uj-fekete-oves-mestert-avattak-a-fighting-kempo-pokorni-teamnel","status":"publish","type":"post","link":"https:\/\/dorogimedence.hu\/index.php\/2026\/07\/22\/ket-uj-fekete-oves-mestert-avattak-a-fighting-kempo-pokorni-teamnel\/","title":{"rendered":"K\u00e9t \u00faj fekete \u00f6ves mestert avattak a Fighting Kempo Pokorni Teamn\u00e9l"},"content":{"rendered":"<p><strong>K\u00e9t \u00faj fekete \u00f6ves mesterrel b\u0151v\u00fclt a Fighting Kempo Pokorni Team k\u00f6z\u00f6ss\u00e9ge. Bakk Eszter \u00e9s F\u00fcle Ferenc a csapat ny\u00e1ri edz\u0151t\u00e1bor\u00e1t lez\u00e1r\u00f3 eg\u00e9sz napos vizsg\u00e1n kiv\u00e1l\u00f3 eredm\u00e9nyt \u00e9rt el, \u00edgy mindketten megszerezt\u00e9k az 1. danos mesterfokozatot.<\/strong><\/p>\n<p>A k\u00e9t sportol\u00f3 k\u00f6zel tizen\u00f6t \u00e9v munk\u00e1j\u00e1nak \u00e9s kitart\u00f3 felk\u00e9sz\u00fcl\u00e9s\u00e9nek k\u00f6sz\u00f6nhet\u0151en jutott el a fekete \u00f6vig. A danvizsga sor\u00e1n egyebek mellett harminc menet k\u00fczdelmet teljes\u00edtettek, ezzel tud\u00e1sukat \u00e9s \u00e1ll\u00f3k\u00e9pess\u00e9g\u00fcket egyar\u00e1nt bizony\u00edtott\u00e1k. Sikeres vizsg\u00e1juk ut\u00e1n Bakk Eszter \u00e9s F\u00fcle Ferenc a Fighting Kempo sensei-e lett.<\/p>\n<p><img fetchpriority=\"high\" decoding=\"async\" class=\"alignnone size-full wp-image-82150\" src=\"https:\/\/dorogimedence.hu\/wp-content\/uploads\/2026\/07\/753007390_1498020125461851_1102945977814567489_n.jpg\" alt=\"\" width=\"2048\" height=\"1536\" srcset=\"https:\/\/dorogimedence.hu\/wp-content\/uploads\/2026\/07\/753007390_1498020125461851_1102945977814567489_n.jpg 2048w, https:\/\/dorogimedence.hu\/wp-content\/uploads\/2026\/07\/753007390_1498020125461851_1102945977814567489_n-600x450.jpg 600w, https:\/\/dorogimedence.hu\/wp-content\/uploads\/2026\/07\/753007390_1498020125461851_1102945977814567489_n-1920x1440.jpg 1920w, https:\/\/dorogimedence.hu\/wp-content\/uploads\/2026\/07\/753007390_1498020125461851_1102945977814567489_n-768x576.jpg 768w, https:\/\/dorogimedence.hu\/wp-content\/uploads\/2026\/07\/753007390_1498020125461851_1102945977814567489_n-1536x1152.jpg 1536w, https:\/\/dorogimedence.hu\/wp-content\/uploads\/2026\/07\/753007390_1498020125461851_1102945977814567489_n-150x113.jpg 150w, https:\/\/dorogimedence.hu\/wp-content\/uploads\/2026\/07\/753007390_1498020125461851_1102945977814567489_n-450x338.jpg 450w, https:\/\/dorogimedence.hu\/wp-content\/uploads\/2026\/07\/753007390_1498020125461851_1102945977814567489_n-1200x900.jpg 1200w\" sizes=\"(max-width: 2048px) 100vw, 2048px\" \/><\/p>\n<p>A 2026-os ny\u00e1ri edz\u0151t\u00e1borban vizsgafelk\u00e9sz\u00edt\u0151 \u00e9s k\u00fczdelmi edz\u00e9sek, valamint szabadid\u0151s programok \u00e9s k\u00f6z\u00f6ss\u00e9gi esem\u00e9nyek v\u00e1rt\u00e1k a r\u00e9sztvev\u0151ket. A t\u00e1bor egyik edz\u00e9s\u00e9t Sensei Pokorni \u00c1d\u00e1m 4. danos mester tartotta, aki thai-box-technik\u00e1kat oktatott a csapat tagjainak. Pokorni \u00c1d\u00e1m 2014-ben, egy \u00f6tm\u00e9 menetes m\u00e9rk\u0151z\u00e9sen aratott pontoz\u00e1sos gy\u0151zelemmel szerezte meg a profi Muay Thai magyar bajnoki c\u00edmet a 85 kilogrammos s\u00falycsoportban.<\/p>\n<p><img decoding=\"async\" class=\"alignnone size-full wp-image-82151\" src=\"https:\/\/dorogimedence.hu\/wp-content\/uploads\/2026\/07\/743306017_1498020132128517_274593480393994603_n.jpg\" alt=\"\" width=\"2048\" height=\"1536\" srcset=\"https:\/\/dorogimedence.hu\/wp-content\/uploads\/2026\/07\/743306017_1498020132128517_274593480393994603_n.jpg 2048w, https:\/\/dorogimedence.hu\/wp-content\/uploads\/2026\/07\/743306017_1498020132128517_274593480393994603_n-600x450.jpg 600w, https:\/\/dorogimedence.hu\/wp-content\/uploads\/2026\/07\/743306017_1498020132128517_274593480393994603_n-1920x1440.jpg 1920w, https:\/\/dorogimedence.hu\/wp-content\/uploads\/2026\/07\/743306017_1498020132128517_274593480393994603_n-768x576.jpg 768w, https:\/\/dorogimedence.hu\/wp-content\/uploads\/2026\/07\/743306017_1498020132128517_274593480393994603_n-1536x1152.jpg 1536w, https:\/\/dorogimedence.hu\/wp-content\/uploads\/2026\/07\/743306017_1498020132128517_274593480393994603_n-150x113.jpg 150w, https:\/\/dorogimedence.hu\/wp-content\/uploads\/2026\/07\/743306017_1498020132128517_274593480393994603_n-450x338.jpg 450w, https:\/\/dorogimedence.hu\/wp-content\/uploads\/2026\/07\/743306017_1498020132128517_274593480393994603_n-1200x900.jpg 1200w\" sizes=\"(max-width: 2048px) 100vw, 2048px\" \/><\/p>\n<p>A t\u00e1bor v\u00e9g\u00e9n a sz\u00ednes \u00f6ves tan\u00edtv\u00e1nyok is sz\u00e1mot adtak tud\u00e1sukr\u00f3l. A danvizsga szakmai fel\u00fcgyelet\u00e9t Shihan Lacza \u00c1d\u00e1m Ill\u00e9s, a Magyar Kempo Sz\u00f6vets\u00e9g vezet\u0151je l\u00e1tta el.<\/p>\n<p>A vizsg\u00e1z\u00f3kat Shihan Pokorni G\u00e1bor, Sensei Pokorni \u00c1d\u00e1m, Sensei Pokorni G\u00e1born\u00e9 Vali \u00e9s Sensei B\u00fckin\u00e9 Szendrei Rebeka k\u00e9sz\u00edtette fel. A <a href=\"https:\/\/www.facebook.com\/Fighting.Kempo\" target=\"_blank\" rel=\"noopener\"><span style=\"text-decoration: underline; color: #0000ff;\">Fighting Kempo Pokorni Team<\/span><\/a> \u00e9s a <a href=\"https:\/\/www.facebook.com\/hungariankempo\/posts\/pfbid02pF832XBsYW8XUADiC7jwE9jsBHSoeH7M6xtWvPYQnvnafzfSdfMsCXXQVcCuuy4Wl\" target=\"_blank\" rel=\"noopener\"><span style=\"text-decoration: underline; color: #0000ff;\">Magyar Kempo Sz\u00f6vets\u00e9g<\/span><\/a> valamennyi sikeres vizsg\u00e1z\u00f3nak, valamint felk\u00e9sz\u00edt\u0151iknek is gratul\u00e1lt.<\/p>\n<p><img decoding=\"async\" class=\"alignnone size-full wp-image-82152\" src=\"https:\/\/dorogimedence.hu\/wp-content\/uploads\/2026\/07\/749330032_1809006140475811_3505422884749584165_n.jpg\" alt=\"\" width=\"2048\" height=\"1536\" srcset=\"https:\/\/dorogimedence.hu\/wp-content\/uploads\/2026\/07\/749330032_1809006140475811_3505422884749584165_n.jpg 2048w, https:\/\/dorogimedence.hu\/wp-content\/uploads\/2026\/07\/749330032_1809006140475811_3505422884749584165_n-600x450.jpg 600w, https:\/\/dorogimedence.hu\/wp-content\/uploads\/2026\/07\/749330032_1809006140475811_3505422884749584165_n-1920x1440.jpg 1920w, https:\/\/dorogimedence.hu\/wp-content\/uploads\/2026\/07\/749330032_1809006140475811_3505422884749584165_n-768x576.jpg 768w, https:\/\/dorogimedence.hu\/wp-content\/uploads\/2026\/07\/749330032_1809006140475811_3505422884749584165_n-1536x1152.jpg 1536w, https:\/\/dorogimedence.hu\/wp-content\/uploads\/2026\/07\/749330032_1809006140475811_3505422884749584165_n-150x113.jpg 150w, https:\/\/dorogimedence.hu\/wp-content\/uploads\/2026\/07\/749330032_1809006140475811_3505422884749584165_n-450x338.jpg 450w, https:\/\/dorogimedence.hu\/wp-content\/uploads\/2026\/07\/749330032_1809006140475811_3505422884749584165_n-1200x900.jpg 1200w\" sizes=\"(max-width: 2048px) 100vw, 2048px\" \/><\/p>\n<p><em>Fot\u00f3k: Fighting Kempo Facebook-oldal<\/em><\/p>\n","protected":false},"excerpt":{"rendered":"<p>K\u00e9t \u00faj fekete \u00f6ves mesterrel b\u0151v\u00fclt a Fighting Kempo Pokorni Team k\u00f6z\u00f6ss\u00e9ge. Bakk Eszter \u00e9s F\u00fcle Ferenc a csapat ny\u00e1ri edz\u0151t\u00e1bor\u00e1t lez\u00e1r\u00f3 eg\u00e9sz napos vizsg\u00e1n kiv\u00e1l\u00f3 eredm\u00e9nyt \u00e9rt el, \u00edgy mindketten megszerezt\u00e9k az 1. danos mesterfokozatot. A k\u00e9t sportol\u00f3 k\u00f6zel tizen\u00f6t \u00e9v munk\u00e1j\u00e1nak \u00e9s kitart\u00f3 felk\u00e9sz\u00fcl\u00e9s\u00e9nek k\u00f6sz\u00f6nhet\u0151en jutott el a fekete \u00f6vig. A danvizsga sor\u00e1n<\/p>\n","protected":false},"author":1,"featured_media":82149,"comment_status":"closed","ping_status":"closed","sticky":false,"template":"","format":"standard","meta":{"ngg_post_thumbnail":0,"footnotes":""},"categories":[38,7,3,5],"tags":[42,169,3080,444,16],"class_list":["post-82148","post","type-post","status-publish","format-standard","has-post-thumbnail","category-esztergom","category-esztergom_kertvaros","category-hirek","category-sport","tag-esztergom","tag-esztergom-kertvaros","tag-fighting-kempo-pokorni-team","tag-kempo","tag-sport"],"yoast_head":"<!-- This site is optimized with the Yoast SEO plugin v28.3 - https:\/\/yoast.com\/product\/yoast-seo-wordpress\/ -->\n<title>K\u00e9t \u00faj fekete \u00f6ves mestert avattak a Fighting Kempo Pokorni Teamn\u00e9l<\/title>\n<meta name=\"robots\" content=\"index, follow, max-snippet:-1, max-image-preview:large, max-video-preview:-1\" \/>\n<link rel=\"canonical\" href=\"https:\/\/dorogimedence.hu\/index.php\/2026\/07\/22\/ket-uj-fekete-oves-mestert-avattak-a-fighting-kempo-pokorni-teamnel\/\" class=\"yoast-seo-meta-tag\" \/>\n<meta property=\"og:locale\" content=\"hu_HU\" class=\"yoast-seo-meta-tag\" \/>\n<meta property=\"og:type\" content=\"article\" class=\"yoast-seo-meta-tag\" \/>\n<meta property=\"og:title\" content=\"K\u00e9t \u00faj fekete \u00f6ves mestert avattak a Fighting Kempo Pokorni Teamn\u00e9l\" class=\"yoast-seo-meta-tag\" \/>\n<meta property=\"og:description\" content=\"K\u00e9t \u00faj fekete \u00f6ves mesterrel b\u0151v\u00fclt a Fighting Kempo Pokorni Team k\u00f6z\u00f6ss\u00e9ge. Bakk Eszter \u00e9s F\u00fcle Ferenc a csapat ny\u00e1ri edz\u0151t\u00e1bor\u00e1t lez\u00e1r\u00f3 eg\u00e9sz napos vizsg\u00e1n kiv\u00e1l\u00f3 eredm\u00e9nyt \u00e9rt el, \u00edgy mindketten megszerezt\u00e9k az 1. danos mesterfokozatot. A k\u00e9t sportol\u00f3 k\u00f6zel tizen\u00f6t \u00e9v munk\u00e1j\u00e1nak \u00e9s kitart\u00f3 felk\u00e9sz\u00fcl\u00e9s\u00e9nek k\u00f6sz\u00f6nhet\u0151en jutott el a fekete \u00f6vig. A danvizsga sor\u00e1n\" class=\"yoast-seo-meta-tag\" \/>\n<meta property=\"og:url\" content=\"https:\/\/dorogimedence.hu\/index.php\/2026\/07\/22\/ket-uj-fekete-oves-mestert-avattak-a-fighting-kempo-pokorni-teamnel\/\" class=\"yoast-seo-meta-tag\" \/>\n<meta property=\"og:site_name\" content=\"Dorogi-medence Region\u00e1lis H\u00edrport\u00e1l\" class=\"yoast-seo-meta-tag\" \/>\n<meta property=\"article:publisher\" content=\"https:\/\/www.facebook.com\/dorogimedence\/\" class=\"yoast-seo-meta-tag\" \/>\n<meta property=\"article:published_time\" content=\"2026-07-22T10:25:44+00:00\" class=\"yoast-seo-meta-tag\" \/>\n<meta property=\"og:image\" content=\"https:\/\/dorogimedence.hu\/wp-content\/uploads\/2026\/07\/751898138_1502385575259954_4012233013062595429_n.jpg\" class=\"yoast-seo-meta-tag\" \/>\n\t<meta property=\"og:image:width\" content=\"2048\" class=\"yoast-seo-meta-tag\" \/>\n\t<meta property=\"og:image:height\" content=\"1536\" class=\"yoast-seo-meta-tag\" \/>\n\t<meta property=\"og:image:type\" content=\"image\/jpeg\" class=\"yoast-seo-meta-tag\" \/>\n<meta name=\"author\" content=\"dorogimedence.hu\" class=\"yoast-seo-meta-tag\" \/>\n<meta name=\"twitter:card\" content=\"summary_large_image\" class=\"yoast-seo-meta-tag\" \/>\n<meta name=\"twitter:label1\" content=\"Szerz\u0151:\" class=\"yoast-seo-meta-tag\" \/>\n\t<meta name=\"twitter:data1\" content=\"dorogimedence.hu\" class=\"yoast-seo-meta-tag\" \/>\n\t<meta name=\"twitter:label2\" content=\"Becs\u00fclt olvas\u00e1si id\u0151\" class=\"yoast-seo-meta-tag\" \/>\n\t<meta name=\"twitter:data2\" content=\"2 perc\" class=\"yoast-seo-meta-tag\" \/>\n<script type=\"application\/ld+json\" class=\"yoast-schema-graph\">{\"@context\":\"https:\\\/\\\/schema.org\",\"@graph\":[{\"@type\":\"Article\",\"@id\":\"https:\\\/\\\/dorogimedence.hu\\\/index.php\\\/2026\\\/07\\\/22\\\/ket-uj-fekete-oves-mestert-avattak-a-fighting-kempo-pokorni-teamnel\\\/#article\",\"isPartOf\":{\"@id\":\"https:\\\/\\\/dorogimedence.hu\\\/index.php\\\/2026\\\/07\\\/22\\\/ket-uj-fekete-oves-mestert-avattak-a-fighting-kempo-pokorni-teamnel\\\/\"},\"author\":{\"name\":\"dorogimedence.hu\",\"@id\":\"https:\\\/\\\/dorogimedence.hu\\\/#\\\/schema\\\/person\\\/ce6091eeb7e95ecdc87890d6aa8e0fd4\"},\"headline\":\"K\u00e9t \u00faj fekete \u00f6ves mestert avattak a Fighting Kempo Pokorni Teamn\u00e9l\",\"datePublished\":\"2026-07-22T10:25:44+00:00\",\"mainEntityOfPage\":{\"@id\":\"https:\\\/\\\/dorogimedence.hu\\\/index.php\\\/2026\\\/07\\\/22\\\/ket-uj-fekete-oves-mestert-avattak-a-fighting-kempo-pokorni-teamnel\\\/\"},\"wordCount\":319,\"publisher\":{\"@id\":\"https:\\\/\\\/dorogimedence.hu\\\/#organization\"},\"image\":{\"@id\":\"https:\\\/\\\/dorogimedence.hu\\\/index.php\\\/2026\\\/07\\\/22\\\/ket-uj-fekete-oves-mestert-avattak-a-fighting-kempo-pokorni-teamnel\\\/#primaryimage\"},\"thumbnailUrl\":\"https:\\\/\\\/dorogimedence.hu\\\/wp-content\\\/uploads\\\/2026\\\/07\\\/751898138_1502385575259954_4012233013062595429_n.jpg\",\"keywords\":[\"esztergom\",\"Esztergom-kertv\u00e1ros\",\"Fighting Kempo Pokorni Team\",\"Kempo\",\"sport\"],\"articleSection\":[\"Esztergom\",\"Esztergom-kertv\u00e1ros\",\"H\u00edrek\",\"Sport\"],\"inLanguage\":\"hu\"},{\"@type\":\"WebPage\",\"@id\":\"https:\\\/\\\/dorogimedence.hu\\\/index.php\\\/2026\\\/07\\\/22\\\/ket-uj-fekete-oves-mestert-avattak-a-fighting-kempo-pokorni-teamnel\\\/\",\"url\":\"https:\\\/\\\/dorogimedence.hu\\\/index.php\\\/2026\\\/07\\\/22\\\/ket-uj-fekete-oves-mestert-avattak-a-fighting-kempo-pokorni-teamnel\\\/\",\"name\":\"K\u00e9t \u00faj fekete \u00f6ves mestert avattak a Fighting Kempo Pokorni Teamn\u00e9l\",\"isPartOf\":{\"@id\":\"https:\\\/\\\/dorogimedence.hu\\\/#website\"},\"primaryImageOfPage\":{\"@id\":\"https:\\\/\\\/dorogimedence.hu\\\/index.php\\\/2026\\\/07\\\/22\\\/ket-uj-fekete-oves-mestert-avattak-a-fighting-kempo-pokorni-teamnel\\\/#primaryimage\"},\"image\":{\"@id\":\"https:\\\/\\\/dorogimedence.hu\\\/index.php\\\/2026\\\/07\\\/22\\\/ket-uj-fekete-oves-mestert-avattak-a-fighting-kempo-pokorni-teamnel\\\/#primaryimage\"},\"thumbnailUrl\":\"https:\\\/\\\/dorogimedence.hu\\\/wp-content\\\/uploads\\\/2026\\\/07\\\/751898138_1502385575259954_4012233013062595429_n.jpg\",\"datePublished\":\"2026-07-22T10:25:44+00:00\",\"breadcrumb\":{\"@id\":\"https:\\\/\\\/dorogimedence.hu\\\/index.php\\\/2026\\\/07\\\/22\\\/ket-uj-fekete-oves-mestert-avattak-a-fighting-kempo-pokorni-teamnel\\\/#breadcrumb\"},\"inLanguage\":\"hu\",\"potentialAction\":[{\"@type\":\"ReadAction\",\"target\":[\"https:\\\/\\\/dorogimedence.hu\\\/index.php\\\/2026\\\/07\\\/22\\\/ket-uj-fekete-oves-mestert-avattak-a-fighting-kempo-pokorni-teamnel\\\/\"]}]},{\"@type\":\"ImageObject\",\"inLanguage\":\"hu\",\"@id\":\"https:\\\/\\\/dorogimedence.hu\\\/index.php\\\/2026\\\/07\\\/22\\\/ket-uj-fekete-oves-mestert-avattak-a-fighting-kempo-pokorni-teamnel\\\/#primaryimage\",\"url\":\"https:\\\/\\\/dorogimedence.hu\\\/wp-content\\\/uploads\\\/2026\\\/07\\\/751898138_1502385575259954_4012233013062595429_n.jpg\",\"contentUrl\":\"https:\\\/\\\/dorogimedence.hu\\\/wp-content\\\/uploads\\\/2026\\\/07\\\/751898138_1502385575259954_4012233013062595429_n.jpg\",\"width\":2048,\"height\":1536},{\"@type\":\"BreadcrumbList\",\"@id\":\"https:\\\/\\\/dorogimedence.hu\\\/index.php\\\/2026\\\/07\\\/22\\\/ket-uj-fekete-oves-mestert-avattak-a-fighting-kempo-pokorni-teamnel\\\/#breadcrumb\",\"itemListElement\":[{\"@type\":\"ListItem\",\"position\":1,\"name\":\"Kezd\u0151lap\",\"item\":\"https:\\\/\\\/dorogimedence.hu\\\/\"},{\"@type\":\"ListItem\",\"position\":2,\"name\":\"K\u00e9t \u00faj fekete \u00f6ves mestert avattak a Fighting Kempo Pokorni Teamn\u00e9l\"}]},{\"@type\":\"WebSite\",\"@id\":\"https:\\\/\\\/dorogimedence.hu\\\/#website\",\"url\":\"https:\\\/\\\/dorogimedence.hu\\\/\",\"name\":\"Dorogi-medence Region\u00e1lis H\u00edrport\u00e1l\",\"description\":\"Dorog, Keszt\u00f6lc, Le\u00e1nyv\u00e1r, Piliscs\u00e9v, Tokod, Tokodalt\u00e1r\u00f3, Csolnok, Esztergom-kertv\u00e1ros: h\u00edrek, programok\",\"publisher\":{\"@id\":\"https:\\\/\\\/dorogimedence.hu\\\/#organization\"},\"potentialAction\":[{\"@type\":\"SearchAction\",\"target\":{\"@type\":\"EntryPoint\",\"urlTemplate\":\"https:\\\/\\\/dorogimedence.hu\\\/?s={search_term_string}\"},\"query-input\":{\"@type\":\"PropertyValueSpecification\",\"valueRequired\":true,\"valueName\":\"search_term_string\"}}],\"inLanguage\":\"hu\"},{\"@type\":\"Organization\",\"@id\":\"https:\\\/\\\/dorogimedence.hu\\\/#organization\",\"name\":\"Dorogi-medence Region\u00e1lis H\u00edrport\u00e1l\",\"url\":\"https:\\\/\\\/dorogimedence.hu\\\/\",\"logo\":{\"@type\":\"ImageObject\",\"inLanguage\":\"hu\",\"@id\":\"https:\\\/\\\/dorogimedence.hu\\\/#\\\/schema\\\/logo\\\/image\\\/\",\"url\":\"https:\\\/\\\/dorogimedence.hu\\\/wp-content\\\/uploads\\\/2021\\\/04\\\/logo-feher-600.png\",\"contentUrl\":\"https:\\\/\\\/dorogimedence.hu\\\/wp-content\\\/uploads\\\/2021\\\/04\\\/logo-feher-600.png\",\"width\":600,\"height\":100,\"caption\":\"Dorogi-medence Region\u00e1lis H\u00edrport\u00e1l\"},\"image\":{\"@id\":\"https:\\\/\\\/dorogimedence.hu\\\/#\\\/schema\\\/logo\\\/image\\\/\"},\"sameAs\":[\"https:\\\/\\\/www.facebook.com\\\/dorogimedence\\\/\"]},{\"@type\":\"Person\",\"@id\":\"https:\\\/\\\/dorogimedence.hu\\\/#\\\/schema\\\/person\\\/ce6091eeb7e95ecdc87890d6aa8e0fd4\",\"name\":\"dorogimedence.hu\",\"image\":{\"@type\":\"ImageObject\",\"inLanguage\":\"hu\",\"@id\":\"\\\/\\\/www.gravatar.com\\\/avatar\\\/d8d45f8901aadff40a4af72c0b826f1d?s=96&#038;r=g&#038;d=mm\",\"url\":\"\\\/\\\/www.gravatar.com\\\/avatar\\\/d8d45f8901aadff40a4af72c0b826f1d?s=96&#038;r=g&#038;d=mm\",\"contentUrl\":\"\\\/\\\/www.gravatar.com\\\/avatar\\\/d8d45f8901aadff40a4af72c0b826f1d?s=96&#038;r=g&#038;d=mm\",\"caption\":\"dorogimedence.hu\"}}]}<\/script>\n<!-- \/ Yoast SEO plugin. -->","yoast_head_json":{"title":"K\u00e9t \u00faj fekete \u00f6ves mestert avattak a Fighting Kempo Pokorni Teamn\u00e9l","robots":{"index":"index","follow":"follow","max-snippet":"max-snippet:-1","max-image-preview":"max-image-preview:large","max-video-preview":"max-video-preview:-1"},"canonical":"https:\/\/dorogimedence.hu\/index.php\/2026\/07\/22\/ket-uj-fekete-oves-mestert-avattak-a-fighting-kempo-pokorni-teamnel\/","og_locale":"hu_HU","og_type":"article","og_title":"K\u00e9t \u00faj fekete \u00f6ves mestert avattak a Fighting Kempo Pokorni Teamn\u00e9l","og_description":"K\u00e9t \u00faj fekete \u00f6ves mesterrel b\u0151v\u00fclt a Fighting Kempo Pokorni Team k\u00f6z\u00f6ss\u00e9ge. Bakk Eszter \u00e9s F\u00fcle Ferenc a csapat ny\u00e1ri edz\u0151t\u00e1bor\u00e1t lez\u00e1r\u00f3 eg\u00e9sz napos vizsg\u00e1n kiv\u00e1l\u00f3 eredm\u00e9nyt \u00e9rt el, \u00edgy mindketten megszerezt\u00e9k az 1. danos mesterfokozatot. A k\u00e9t sportol\u00f3 k\u00f6zel tizen\u00f6t \u00e9v munk\u00e1j\u00e1nak \u00e9s kitart\u00f3 felk\u00e9sz\u00fcl\u00e9s\u00e9nek k\u00f6sz\u00f6nhet\u0151en jutott el a fekete \u00f6vig. A danvizsga sor\u00e1n","og_url":"https:\/\/dorogimedence.hu\/index.php\/2026\/07\/22\/ket-uj-fekete-oves-mestert-avattak-a-fighting-kempo-pokorni-teamnel\/","og_site_name":"Dorogi-medence Region\u00e1lis H\u00edrport\u00e1l","article_publisher":"https:\/\/www.facebook.com\/dorogimedence\/","article_published_time":"2026-07-22T10:25:44+00:00","og_image":[{"width":2048,"height":1536,"url":"https:\/\/dorogimedence.hu\/wp-content\/uploads\/2026\/07\/751898138_1502385575259954_4012233013062595429_n.jpg","type":"image\/jpeg"}],"author":"dorogimedence.hu","twitter_card":"summary_large_image","twitter_misc":{"Szerz\u0151:":"dorogimedence.hu","Becs\u00fclt olvas\u00e1si id\u0151":"2 perc"},"schema":{"@context":"https:\/\/schema.org","@graph":[{"@type":"Article","@id":"https:\/\/dorogimedence.hu\/index.php\/2026\/07\/22\/ket-uj-fekete-oves-mestert-avattak-a-fighting-kempo-pokorni-teamnel\/#article","isPartOf":{"@id":"https:\/\/dorogimedence.hu\/index.php\/2026\/07\/22\/ket-uj-fekete-oves-mestert-avattak-a-fighting-kempo-pokorni-teamnel\/"},"author":{"name":"dorogimedence.hu","@id":"https:\/\/dorogimedence.hu\/#\/schema\/person\/ce6091eeb7e95ecdc87890d6aa8e0fd4"},"headline":"K\u00e9t \u00faj fekete \u00f6ves mestert avattak a Fighting Kempo Pokorni Teamn\u00e9l","datePublished":"2026-07-22T10:25:44+00:00","mainEntityOfPage":{"@id":"https:\/\/dorogimedence.hu\/index.php\/2026\/07\/22\/ket-uj-fekete-oves-mestert-avattak-a-fighting-kempo-pokorni-teamnel\/"},"wordCount":319,"publisher":{"@id":"https:\/\/dorogimedence.hu\/#organization"},"image":{"@id":"https:\/\/dorogimedence.hu\/index.php\/2026\/07\/22\/ket-uj-fekete-oves-mestert-avattak-a-fighting-kempo-pokorni-teamnel\/#primaryimage"},"thumbnailUrl":"https:\/\/dorogimedence.hu\/wp-content\/uploads\/2026\/07\/751898138_1502385575259954_4012233013062595429_n.jpg","keywords":["esztergom","Esztergom-kertv\u00e1ros","Fighting Kempo Pokorni Team","Kempo","sport"],"articleSection":["Esztergom","Esztergom-kertv\u00e1ros","H\u00edrek","Sport"],"inLanguage":"hu"},{"@type":"WebPage","@id":"https:\/\/dorogimedence.hu\/index.php\/2026\/07\/22\/ket-uj-fekete-oves-mestert-avattak-a-fighting-kempo-pokorni-teamnel\/","url":"https:\/\/dorogimedence.hu\/index.php\/2026\/07\/22\/ket-uj-fekete-oves-mestert-avattak-a-fighting-kempo-pokorni-teamnel\/","name":"K\u00e9t \u00faj fekete \u00f6ves mestert avattak a Fighting Kempo Pokorni Teamn\u00e9l","isPartOf":{"@id":"https:\/\/dorogimedence.hu\/#website"},"primaryImageOfPage":{"@id":"https:\/\/dorogimedence.hu\/index.php\/2026\/07\/22\/ket-uj-fekete-oves-mestert-avattak-a-fighting-kempo-pokorni-teamnel\/#primaryimage"},"image":{"@id":"https:\/\/dorogimedence.hu\/index.php\/2026\/07\/22\/ket-uj-fekete-oves-mestert-avattak-a-fighting-kempo-pokorni-teamnel\/#primaryimage"},"thumbnailUrl":"https:\/\/dorogimedence.hu\/wp-content\/uploads\/2026\/07\/751898138_1502385575259954_4012233013062595429_n.jpg","datePublished":"2026-07-22T10:25:44+00:00","breadcrumb":{"@id":"https:\/\/dorogimedence.hu\/index.php\/2026\/07\/22\/ket-uj-fekete-oves-mestert-avattak-a-fighting-kempo-pokorni-teamnel\/#breadcrumb"},"inLanguage":"hu","potentialAction":[{"@type":"ReadAction","target":["https:\/\/dorogimedence.hu\/index.php\/2026\/07\/22\/ket-uj-fekete-oves-mestert-avattak-a-fighting-kempo-pokorni-teamnel\/"]}]},{"@type":"ImageObject","inLanguage":"hu","@id":"https:\/\/dorogimedence.hu\/index.php\/2026\/07\/22\/ket-uj-fekete-oves-mestert-avattak-a-fighting-kempo-pokorni-teamnel\/#primaryimage","url":"https:\/\/dorogimedence.hu\/wp-content\/uploads\/2026\/07\/751898138_1502385575259954_4012233013062595429_n.jpg","contentUrl":"https:\/\/dorogimedence.hu\/wp-content\/uploads\/2026\/07\/751898138_1502385575259954_4012233013062595429_n.jpg","width":2048,"height":1536},{"@type":"BreadcrumbList","@id":"https:\/\/dorogimedence.hu\/index.php\/2026\/07\/22\/ket-uj-fekete-oves-mestert-avattak-a-fighting-kempo-pokorni-teamnel\/#breadcrumb","itemListElement":[{"@type":"ListItem","position":1,"name":"Kezd\u0151lap","item":"https:\/\/dorogimedence.hu\/"},{"@type":"ListItem","position":2,"name":"K\u00e9t \u00faj fekete \u00f6ves mestert avattak a Fighting Kempo Pokorni Teamn\u00e9l"}]},{"@type":"WebSite","@id":"https:\/\/dorogimedence.hu\/#website","url":"https:\/\/dorogimedence.hu\/","name":"Dorogi-medence Region\u00e1lis H\u00edrport\u00e1l","description":"Dorog, Keszt\u00f6lc, Le\u00e1nyv\u00e1r, Piliscs\u00e9v, Tokod, Tokodalt\u00e1r\u00f3, Csolnok, Esztergom-kertv\u00e1ros: h\u00edrek, programok","publisher":{"@id":"https:\/\/dorogimedence.hu\/#organization"},"potentialAction":[{"@type":"SearchAction","target":{"@type":"EntryPoint","urlTemplate":"https:\/\/dorogimedence.hu\/?s={search_term_string}"},"query-input":{"@type":"PropertyValueSpecification","valueRequired":true,"valueName":"search_term_string"}}],"inLanguage":"hu"},{"@type":"Organization","@id":"https:\/\/dorogimedence.hu\/#organization","name":"Dorogi-medence Region\u00e1lis H\u00edrport\u00e1l","url":"https:\/\/dorogimedence.hu\/","logo":{"@type":"ImageObject","inLanguage":"hu","@id":"https:\/\/dorogimedence.hu\/#\/schema\/logo\/image\/","url":"https:\/\/dorogimedence.hu\/wp-content\/uploads\/2021\/04\/logo-feher-600.png","contentUrl":"https:\/\/dorogimedence.hu\/wp-content\/uploads\/2021\/04\/logo-feher-600.png","width":600,"height":100,"caption":"Dorogi-medence Region\u00e1lis H\u00edrport\u00e1l"},"image":{"@id":"https:\/\/dorogimedence.hu\/#\/schema\/logo\/image\/"},"sameAs":["https:\/\/www.facebook.com\/dorogimedence\/"]},{"@type":"Person","@id":"https:\/\/dorogimedence.hu\/#\/schema\/person\/ce6091eeb7e95ecdc87890d6aa8e0fd4","name":"dorogimedence.hu","image":{"@type":"ImageObject","inLanguage":"hu","@id":"\/\/www.gravatar.com\/avatar\/d8d45f8901aadff40a4af72c0b826f1d?s=96&#038;r=g&#038;d=mm","url":"\/\/www.gravatar.com\/avatar\/d8d45f8901aadff40a4af72c0b826f1d?s=96&#038;r=g&#038;d=mm","contentUrl":"\/\/www.gravatar.com\/avatar\/d8d45f8901aadff40a4af72c0b826f1d?s=96&#038;r=g&#038;d=mm","caption":"dorogimedence.hu"}}]}},"_links":{"self":[{"href":"https:\/\/dorogimedence.hu\/index.php\/wp-json\/wp\/v2\/posts\/82148","targetHints":{"allow":["GET"]}}],"collection":[{"href":"https:\/\/dorogimedence.hu\/index.php\/wp-json\/wp\/v2\/posts"}],"about":[{"href":"https:\/\/dorogimedence.hu\/index.php\/wp-json\/wp\/v2\/types\/post"}],"author":[{"embeddable":true,"href":"https:\/\/dorogimedence.hu\/index.php\/wp-json\/wp\/v2\/users\/1"}],"replies":[{"embeddable":true,"href":"https:\/\/dorogimedence.hu\/index.php\/wp-json\/wp\/v2\/comments?post=82148"}],"version-history":[{"count":1,"href":"https:\/\/dorogimedence.hu\/index.php\/wp-json\/wp\/v2\/posts\/82148\/revisions"}],"predecessor-version":[{"id":82153,"href":"https:\/\/dorogimedence.hu\/index.php\/wp-json\/wp\/v2\/posts\/82148\/revisions\/82153"}],"wp:featuredmedia":[{"embeddable":true,"href":"https:\/\/dorogimedence.hu\/index.php\/wp-json\/wp\/v2\/media\/82149"}],"wp:attachment":[{"href":"https:\/\/dorogimedence.hu\/index.php\/wp-json\/wp\/v2\/media?parent=82148"}],"wp:term":[{"taxonomy":"category","embeddable":true,"href":"https:\/\/dorogimedence.hu\/index.php\/wp-json\/wp\/v2\/categories?post=82148"},{"taxonomy":"post_tag","embeddable":true,"href":"https:\/\/dorogimedence.hu\/index.php\/wp-json\/wp\/v2\/tags?post=82148"}],"curies":[{"name":"wp","href":"https:\/\/api.w.org\/{rel}","templated":true}]}}