{"id":82128,"date":"2026-07-21T12:10:34","date_gmt":"2026-07-21T10:10:34","guid":{"rendered":"https:\/\/dorogimedence.hu\/?p=82128"},"modified":"2026-07-21T12:14:56","modified_gmt":"2026-07-21T10:14:56","slug":"pilisvorosvarra-erkezik-a-telekomosok-fesztivalja","status":"publish","type":"post","link":"https:\/\/dorogimedence.hu\/index.php\/2026\/07\/21\/pilisvorosvarra-erkezik-a-telekomosok-fesztivalja\/","title":{"rendered":"Pilisv\u00f6r\u00f6sv\u00e1rra \u00e9rkezik a Telekomosok Fesztiv\u00e1lja"},"content":{"rendered":"<p><strong>J\u00falius 25-\u00e9n d\u00e9lut\u00e1n izgalmas fesztiv\u00e1lhelysz\u00ednn\u00e9 alakul a pilisv\u00f6r\u00f6sv\u00e1ri Kacsa-t\u00f3 partja, ahol a klasszikus piaci hagyom\u00e1nyok tal\u00e1lkoznak a modern kult\u00far\u00e1val \u00e9s a j\u00f3t\u00e9konys\u00e1ggal. A v\u00edzen \u00fasz\u00f3 sz\u00ednpadon olyan el\u0151ad\u00f3k l\u00e9pnek fel, mint a Carson Coma akusztik tri\u00f3, a kreat\u00edv workshopok mellett pedig influenszer gardr\u00f3bv\u00e1s\u00e1r is sz\u00ednes\u00edti a programot. Lilu, Szab\u00f3 H\u00e9di, Nagy Alexandra, Nagy Emma, Rubint Rebeka, Orsz\u00e1gh Ad\u00e9l \u00e9s Sipos M\u00e1t\u00e9 ruhadarabjaib\u00f3l \u00e9s kieg\u00e9sz\u00edt\u0151ib\u0151l v\u00e1logathatunk, az ebb\u0151l sz\u00e1rmaz\u00f3 bev\u00e9telt pedig egy, a helyi k\u00f6z\u00f6ss\u00e9get \u00e9p\u00edt\u0151 civil szervezet kapja.<\/strong><\/p>\n<p>Pilisv\u00f6r\u00f6sv\u00e1rra \u00e9rkezik a Telekomosok Fesztiv\u00e1lja, amely a Kacsa-tavat alak\u00edtja \u00e1t egy \u00fajhull\u00e1mos fesztiv\u00e1l helysz\u00ednn\u00e9. J\u00falius 25-\u00e9n 14:30-t\u00f3l helyi \u00e1rusok k\u00fcl\u00f6nleges port\u00e9k\u00e1it \u00e9s magenta sz\u00edn\u0171 finoms\u00e1gokat k\u00f3stolhatnak a r\u00e9sztvev\u0151k, a koncertek \u00e9s a k\u00fcl\u00f6nleges influenszer gardr\u00f3bv\u00e1s\u00e1r pedig m\u00e9g izgalmasabb\u00e1 teszik a napot.<\/p>\n<h3><strong>Szt\u00e1rgardr\u00f3b a j\u00f3 \u00fcgy\u00e9rt<\/strong><\/h3>\n<p>A fesztiv\u00e1lon a l\u00e1togat\u00f3k hazai influenszerek \u2013 Kovalcsik Ildik\u00f3 (Lilu), Szab\u00f3 H\u00e9di, Nagy Alexandra, Nagy Emma, Rubint Rebeka, Orsz\u00e1gh Ad\u00e9l \u00e9s Sipos M\u00e1t\u00e9 &#8211; ruh\u00e1ira \u00e9s kieg\u00e9sz\u00edt\u0151kre csaphatnak le a gardr\u00f3bv\u00e1s\u00e1ron, ut\u00f3bbi n\u00e9gy influenszerrel pedig szem\u00e9lyesen is tal\u00e1lkozhatnak a piacra l\u00e1togat\u00f3k. A fenntarthat\u00f3 divat mellett a kezdem\u00e9nyez\u00e9s a k\u00f6rny\u00e9ken \u00e9l\u0151ket is t\u00e1mogatja: a gardr\u00f3bv\u00e1s\u00e1r teljes bev\u00e9tel\u00e9t a Telekom \u00e9s a Vcomm influencer \u00fcgyn\u00f6ks\u00e9g k\u00f6z\u00f6sen aj\u00e1nlja fel a Werischwarer Heimatwerk Hagyom\u00e1ny\u0151rz\u0151 Egyes\u00fclet sz\u00e1m\u00e1ra. Az adom\u00e1ny \u00f6sszeg\u00e9t a Telekom tov\u00e1bbi 500 000 forinttal eg\u00e9sz\u00edti ki, \u00edgy m\u00e9g nagyobb t\u00e1mogat\u00e1st ny\u00fajtva az egyes\u00fcletnek, amely a pilisv\u00f6r\u00f6sv\u00e1ri hagyom\u00e1nyok meg\u0151rz\u00e9s\u00e9re \u00e9s a helyi k\u00f6z\u00f6ss\u00e9g \u00f6sszekov\u00e1csol\u00e1s\u00e1ra ford\u00edtja majd az \u00f6sszeget.<\/p>\n<p>Az influenszerek gardr\u00f3bja mellett m\u00e1s kincsek is v\u00e1rj\u00e1k a fesztiv\u00e1loz\u00f3kat. A Cserepiac exkluz\u00edv s\u00e1tr\u00e1ba egy saj\u00e1t t\u00e1rgy a bel\u00e9p\u0151, amely\u00e9rt cser\u00e9be a r\u00e9sztvev\u0151k m\u00e1sok leadott dolgai k\u00f6z\u00f6tt v\u00e1logathatnak, a kiv\u00e1lasztott darabot pedig haza is vihetik.<\/p>\n<h3><strong>Kreat\u00edv workshopok \u00e9s felt\u00f6lt\u0151d\u00e9s <\/strong><\/h3>\n<p>A d\u00e9lut\u00e1n folyam\u00e1n v\u00e1ltozatos, ingyenes workshopok is v\u00e1rj\u00e1k az alkotni \u00e9s kikapcsol\u00f3dni v\u00e1gy\u00f3kat. Az \u00e9rdekl\u0151d\u0151k r\u00e9szt vehetnek \u00f6tv\u00f6s workshopon, gy\u00f6ngy\u00e9kszer- \u00e9s vir\u00e1gd\u00edsz-k\u00e9sz\u00edt\u0151 foglalkoz\u00e1sokon, ahol saj\u00e1t kez\u0171leg k\u00e9sz\u00edthetnek egyedi alkot\u00e1sokat. A p\u00e9k workshopon a r\u00e9sztvev\u0151k a keny\u00e9rs\u00fct\u00e9s fort\u00e9lyait saj\u00e1t\u00edthatj\u00e1k el, a j\u00f3ga\u00f3r\u00e1k pedig a testi-lelki felt\u00f6lt\u0151d\u00e9st szolg\u00e1lj\u00e1k.<\/p>\n<h3><strong>Zene a v\u00edzen<\/strong><\/h3>\n<p>A fesztiv\u00e1l hangulat\u00e1t egy egyed\u00fcl\u00e1ll\u00f3,&nbsp;v\u00edzen \u00fasz\u00f3 sz\u00ednpad&nbsp;teszi teljess\u00e9, amely k\u00fcl\u00f6nleges l\u00e1tv\u00e1nyt \u00e9s akusztik\u00e1t ny\u00fajt a koncertekhez:<\/p>\n<ul>\n<li>16:30\u201317:30&nbsp;\u2013&nbsp;Carson Coma akusztik tri\u00f3<\/li>\n<li>18:00\u201320:00&nbsp;\u2013&nbsp;Galactic Jackson<\/li>\n<li>20:00\u201322:00&nbsp;\u2013&nbsp;Parton Tali: Esti levezet\u00e9s \u00e9s k\u00f6z\u00f6s t\u00e1nc a v\u00edzparton<\/li>\n<\/ul>\n<h3><strong>\u00cdgy v\u00e1lthatsz jegyet<\/strong><\/h3>\n<p>A Telekomosok Fesztiv\u00e1lj\u00e1nak pilisv\u00f6r\u00f6sv\u00e1ri \u00e1llom\u00e1s\u00e1ra b\u00e1rki v\u00e1s\u00e1rolhat jegyet 4000 forint\u00e9rt att\u00f3l f\u00fcggetlen\u00fcl, hogy a v\u00e1llalat \u00fcgyfele-e vagy sem. A telekomos \u00fcgyfelek pedig a Magenta Momentsben aktiv\u00e1lhat\u00f3 75%-os kedvezm\u00e9nnyel, 1000 forintos jeggyel vehetnek r\u00e9szt a programon, amit a helysz\u00ednen szinte teljesen le is fogyaszthatnak. 18 \u00e9ven aluliak ingyenes gyermekjeggyel, feln\u0151tt k\u00eds\u00e9rettel l\u00e9phetnek be. B\u0151vebb inform\u00e1ci\u00f3 \u00e9s jegyv\u00e1s\u00e1rl\u00e1s a <a href=\"https:\/\/telekomspots.hu\/events\/plncs3ve8f4u0a82ay5u25fj\/telekomosok-fesztivalja-agora-after\" target=\"_blank\" rel=\"noopener\"><span style=\"text-decoration: underline; color: #0000ff;\">https:\/\/telekomspots.hu\/events\/plncs3ve8f4u0a82ay5u25fj\/telekomosok-fesztivalja-agora-after<\/span><\/a> oldalon.<\/p>\n<h3><strong>Pilisv\u00f6r\u00f6sv\u00e1r ut\u00e1n Holl\u00f3k\u0151 \u00e9s a Hortob\u00e1gy k\u00f6vetkezik<\/strong><\/h3>\n<p>A Telekomosok Fesztiv\u00e1lja id\u00e9n 5 h\u00e9t alatt 5 helysz\u00ednen, egyedi tematik\u00e1val \u00e9s izgalmas programokkal k\u00f6ti \u00f6ssze a trad\u00edci\u00f3kat a modern v\u00e1rosi szubkult\u00far\u00e1kkal, mik\u00f6zben n\u00e9pszer\u0171 fell\u00e9p\u0151k p\u00f6rgetik fel a hangulatot. A pilisv\u00f6r\u00f6sv\u00e1ri esem\u00e9nyt k\u00f6vet\u0151en augusztus 1-j\u00e9n Holl\u00f3k\u0151n, augusztus 8-\u00e1n pedig a Hortob\u00e1gyon k\u00f6vetik egym\u00e1st a rendezv\u00e9nyek.<\/p>\n","protected":false},"excerpt":{"rendered":"<p>J\u00falius 25-\u00e9n d\u00e9lut\u00e1n izgalmas fesztiv\u00e1lhelysz\u00ednn\u00e9 alakul a pilisv\u00f6r\u00f6sv\u00e1ri Kacsa-t\u00f3 partja, ahol a klasszikus piaci hagyom\u00e1nyok tal\u00e1lkoznak a modern kult\u00far\u00e1val \u00e9s a j\u00f3t\u00e9konys\u00e1ggal. A v\u00edzen \u00fasz\u00f3 sz\u00ednpadon olyan el\u0151ad\u00f3k l\u00e9pnek fel, mint a Carson Coma akusztik tri\u00f3, a kreat\u00edv workshopok mellett pedig influenszer gardr\u00f3bv\u00e1s\u00e1r is sz\u00ednes\u00edti a programot. Lilu, Szab\u00f3 H\u00e9di, Nagy Alexandra, Nagy Emma, Rubint<\/p>\n","protected":false},"author":1,"featured_media":82129,"comment_status":"closed","ping_status":"closed","sticky":false,"template":"","format":"standard","meta":{"ngg_post_thumbnail":0,"footnotes":""},"categories":[3,3561],"tags":[257,101,116,4747,8993],"class_list":["post-82128","post","type-post","status-publish","format-standard","has-post-thumbnail","category-hirek","category-programok","tag-pilisvorosvar","tag-program","tag-programok","tag-telekom","tag-telekomosok-fesztivalja"],"yoast_head":"<!-- This site is optimized with the Yoast SEO plugin v28.3 - https:\/\/yoast.com\/product\/yoast-seo-wordpress\/ -->\n<title>Pilisv\u00f6r\u00f6sv\u00e1rra \u00e9rkezik a Telekomosok Fesztiv\u00e1lja<\/title>\n<meta name=\"robots\" content=\"index, follow, max-snippet:-1, max-image-preview:large, max-video-preview:-1\" \/>\n<link rel=\"canonical\" href=\"https:\/\/dorogimedence.hu\/index.php\/2026\/07\/21\/pilisvorosvarra-erkezik-a-telekomosok-fesztivalja\/\" class=\"yoast-seo-meta-tag\" \/>\n<meta property=\"og:locale\" content=\"hu_HU\" class=\"yoast-seo-meta-tag\" \/>\n<meta property=\"og:type\" content=\"article\" class=\"yoast-seo-meta-tag\" \/>\n<meta property=\"og:title\" content=\"Pilisv\u00f6r\u00f6sv\u00e1rra \u00e9rkezik a Telekomosok Fesztiv\u00e1lja\" class=\"yoast-seo-meta-tag\" \/>\n<meta property=\"og:description\" content=\"J\u00falius 25-\u00e9n d\u00e9lut\u00e1n izgalmas fesztiv\u00e1lhelysz\u00ednn\u00e9 alakul a pilisv\u00f6r\u00f6sv\u00e1ri Kacsa-t\u00f3 partja, ahol a klasszikus piaci hagyom\u00e1nyok tal\u00e1lkoznak a modern kult\u00far\u00e1val \u00e9s a j\u00f3t\u00e9konys\u00e1ggal. A v\u00edzen \u00fasz\u00f3 sz\u00ednpadon olyan el\u0151ad\u00f3k l\u00e9pnek fel, mint a Carson Coma akusztik tri\u00f3, a kreat\u00edv workshopok mellett pedig influenszer gardr\u00f3bv\u00e1s\u00e1r is sz\u00ednes\u00edti a programot. Lilu, Szab\u00f3 H\u00e9di, Nagy Alexandra, Nagy Emma, Rubint\" class=\"yoast-seo-meta-tag\" \/>\n<meta property=\"og:url\" content=\"https:\/\/dorogimedence.hu\/index.php\/2026\/07\/21\/pilisvorosvarra-erkezik-a-telekomosok-fesztivalja\/\" class=\"yoast-seo-meta-tag\" \/>\n<meta property=\"og:site_name\" content=\"Dorogi-medence Region\u00e1lis H\u00edrport\u00e1l\" class=\"yoast-seo-meta-tag\" \/>\n<meta property=\"article:publisher\" content=\"https:\/\/www.facebook.com\/dorogimedence\/\" class=\"yoast-seo-meta-tag\" \/>\n<meta property=\"article:published_time\" content=\"2026-07-21T10:10:34+00:00\" class=\"yoast-seo-meta-tag\" \/>\n<meta property=\"article:modified_time\" content=\"2026-07-21T10:14:56+00:00\" class=\"yoast-seo-meta-tag\" \/>\n<meta property=\"og:image\" content=\"https:\/\/dorogimedence.hu\/wp-content\/uploads\/2026\/07\/large_T_Feszt_2026_Pilisvorosvar_Spots_1920x1080_53e5615e90.jpg\" class=\"yoast-seo-meta-tag\" \/>\n\t<meta property=\"og:image:width\" content=\"1000\" class=\"yoast-seo-meta-tag\" \/>\n\t<meta property=\"og:image:height\" content=\"563\" class=\"yoast-seo-meta-tag\" \/>\n\t<meta property=\"og:image:type\" content=\"image\/jpeg\" class=\"yoast-seo-meta-tag\" \/>\n<meta name=\"author\" content=\"dorogimedence.hu\" class=\"yoast-seo-meta-tag\" \/>\n<meta name=\"twitter:card\" content=\"summary_large_image\" class=\"yoast-seo-meta-tag\" \/>\n<meta name=\"twitter:label1\" content=\"Szerz\u0151:\" class=\"yoast-seo-meta-tag\" \/>\n\t<meta name=\"twitter:data1\" content=\"dorogimedence.hu\" class=\"yoast-seo-meta-tag\" \/>\n\t<meta name=\"twitter:label2\" content=\"Becs\u00fclt olvas\u00e1si id\u0151\" class=\"yoast-seo-meta-tag\" \/>\n\t<meta name=\"twitter:data2\" content=\"4 perc\" class=\"yoast-seo-meta-tag\" \/>\n<script type=\"application\/ld+json\" class=\"yoast-schema-graph\">{\"@context\":\"https:\\\/\\\/schema.org\",\"@graph\":[{\"@type\":\"Article\",\"@id\":\"https:\\\/\\\/dorogimedence.hu\\\/index.php\\\/2026\\\/07\\\/21\\\/pilisvorosvarra-erkezik-a-telekomosok-fesztivalja\\\/#article\",\"isPartOf\":{\"@id\":\"https:\\\/\\\/dorogimedence.hu\\\/index.php\\\/2026\\\/07\\\/21\\\/pilisvorosvarra-erkezik-a-telekomosok-fesztivalja\\\/\"},\"author\":{\"name\":\"dorogimedence.hu\",\"@id\":\"https:\\\/\\\/dorogimedence.hu\\\/#\\\/schema\\\/person\\\/ce6091eeb7e95ecdc87890d6aa8e0fd4\"},\"headline\":\"Pilisv\u00f6r\u00f6sv\u00e1rra \u00e9rkezik a Telekomosok Fesztiv\u00e1lja\",\"datePublished\":\"2026-07-21T10:10:34+00:00\",\"dateModified\":\"2026-07-21T10:14:56+00:00\",\"mainEntityOfPage\":{\"@id\":\"https:\\\/\\\/dorogimedence.hu\\\/index.php\\\/2026\\\/07\\\/21\\\/pilisvorosvarra-erkezik-a-telekomosok-fesztivalja\\\/\"},\"wordCount\":773,\"publisher\":{\"@id\":\"https:\\\/\\\/dorogimedence.hu\\\/#organization\"},\"image\":{\"@id\":\"https:\\\/\\\/dorogimedence.hu\\\/index.php\\\/2026\\\/07\\\/21\\\/pilisvorosvarra-erkezik-a-telekomosok-fesztivalja\\\/#primaryimage\"},\"thumbnailUrl\":\"https:\\\/\\\/dorogimedence.hu\\\/wp-content\\\/uploads\\\/2026\\\/07\\\/large_T_Feszt_2026_Pilisvorosvar_Spots_1920x1080_53e5615e90.jpg\",\"keywords\":[\"Pilisv\u00f6r\u00f6sv\u00e1r\",\"program\",\"programok\",\"Telekom\",\"Telekomosok Fesztiv\u00e1lja\"],\"articleSection\":[\"H\u00edrek\",\"Programok\"],\"inLanguage\":\"hu\"},{\"@type\":\"WebPage\",\"@id\":\"https:\\\/\\\/dorogimedence.hu\\\/index.php\\\/2026\\\/07\\\/21\\\/pilisvorosvarra-erkezik-a-telekomosok-fesztivalja\\\/\",\"url\":\"https:\\\/\\\/dorogimedence.hu\\\/index.php\\\/2026\\\/07\\\/21\\\/pilisvorosvarra-erkezik-a-telekomosok-fesztivalja\\\/\",\"name\":\"Pilisv\u00f6r\u00f6sv\u00e1rra \u00e9rkezik a Telekomosok Fesztiv\u00e1lja\",\"isPartOf\":{\"@id\":\"https:\\\/\\\/dorogimedence.hu\\\/#website\"},\"primaryImageOfPage\":{\"@id\":\"https:\\\/\\\/dorogimedence.hu\\\/index.php\\\/2026\\\/07\\\/21\\\/pilisvorosvarra-erkezik-a-telekomosok-fesztivalja\\\/#primaryimage\"},\"image\":{\"@id\":\"https:\\\/\\\/dorogimedence.hu\\\/index.php\\\/2026\\\/07\\\/21\\\/pilisvorosvarra-erkezik-a-telekomosok-fesztivalja\\\/#primaryimage\"},\"thumbnailUrl\":\"https:\\\/\\\/dorogimedence.hu\\\/wp-content\\\/uploads\\\/2026\\\/07\\\/large_T_Feszt_2026_Pilisvorosvar_Spots_1920x1080_53e5615e90.jpg\",\"datePublished\":\"2026-07-21T10:10:34+00:00\",\"dateModified\":\"2026-07-21T10:14:56+00:00\",\"breadcrumb\":{\"@id\":\"https:\\\/\\\/dorogimedence.hu\\\/index.php\\\/2026\\\/07\\\/21\\\/pilisvorosvarra-erkezik-a-telekomosok-fesztivalja\\\/#breadcrumb\"},\"inLanguage\":\"hu\",\"potentialAction\":[{\"@type\":\"ReadAction\",\"target\":[\"https:\\\/\\\/dorogimedence.hu\\\/index.php\\\/2026\\\/07\\\/21\\\/pilisvorosvarra-erkezik-a-telekomosok-fesztivalja\\\/\"]}]},{\"@type\":\"ImageObject\",\"inLanguage\":\"hu\",\"@id\":\"https:\\\/\\\/dorogimedence.hu\\\/index.php\\\/2026\\\/07\\\/21\\\/pilisvorosvarra-erkezik-a-telekomosok-fesztivalja\\\/#primaryimage\",\"url\":\"https:\\\/\\\/dorogimedence.hu\\\/wp-content\\\/uploads\\\/2026\\\/07\\\/large_T_Feszt_2026_Pilisvorosvar_Spots_1920x1080_53e5615e90.jpg\",\"contentUrl\":\"https:\\\/\\\/dorogimedence.hu\\\/wp-content\\\/uploads\\\/2026\\\/07\\\/large_T_Feszt_2026_Pilisvorosvar_Spots_1920x1080_53e5615e90.jpg\",\"width\":1000,\"height\":563},{\"@type\":\"BreadcrumbList\",\"@id\":\"https:\\\/\\\/dorogimedence.hu\\\/index.php\\\/2026\\\/07\\\/21\\\/pilisvorosvarra-erkezik-a-telekomosok-fesztivalja\\\/#breadcrumb\",\"itemListElement\":[{\"@type\":\"ListItem\",\"position\":1,\"name\":\"Kezd\u0151lap\",\"item\":\"https:\\\/\\\/dorogimedence.hu\\\/\"},{\"@type\":\"ListItem\",\"position\":2,\"name\":\"Pilisv\u00f6r\u00f6sv\u00e1rra \u00e9rkezik a Telekomosok Fesztiv\u00e1lja\"}]},{\"@type\":\"WebSite\",\"@id\":\"https:\\\/\\\/dorogimedence.hu\\\/#website\",\"url\":\"https:\\\/\\\/dorogimedence.hu\\\/\",\"name\":\"Dorogi-medence Region\u00e1lis H\u00edrport\u00e1l\",\"description\":\"Dorog, Keszt\u00f6lc, Le\u00e1nyv\u00e1r, Piliscs\u00e9v, Tokod, Tokodalt\u00e1r\u00f3, Csolnok, Esztergom-kertv\u00e1ros: h\u00edrek, programok\",\"publisher\":{\"@id\":\"https:\\\/\\\/dorogimedence.hu\\\/#organization\"},\"potentialAction\":[{\"@type\":\"SearchAction\",\"target\":{\"@type\":\"EntryPoint\",\"urlTemplate\":\"https:\\\/\\\/dorogimedence.hu\\\/?s={search_term_string}\"},\"query-input\":{\"@type\":\"PropertyValueSpecification\",\"valueRequired\":true,\"valueName\":\"search_term_string\"}}],\"inLanguage\":\"hu\"},{\"@type\":\"Organization\",\"@id\":\"https:\\\/\\\/dorogimedence.hu\\\/#organization\",\"name\":\"Dorogi-medence Region\u00e1lis H\u00edrport\u00e1l\",\"url\":\"https:\\\/\\\/dorogimedence.hu\\\/\",\"logo\":{\"@type\":\"ImageObject\",\"inLanguage\":\"hu\",\"@id\":\"https:\\\/\\\/dorogimedence.hu\\\/#\\\/schema\\\/logo\\\/image\\\/\",\"url\":\"https:\\\/\\\/dorogimedence.hu\\\/wp-content\\\/uploads\\\/2021\\\/04\\\/logo-feher-600.png\",\"contentUrl\":\"https:\\\/\\\/dorogimedence.hu\\\/wp-content\\\/uploads\\\/2021\\\/04\\\/logo-feher-600.png\",\"width\":600,\"height\":100,\"caption\":\"Dorogi-medence Region\u00e1lis H\u00edrport\u00e1l\"},\"image\":{\"@id\":\"https:\\\/\\\/dorogimedence.hu\\\/#\\\/schema\\\/logo\\\/image\\\/\"},\"sameAs\":[\"https:\\\/\\\/www.facebook.com\\\/dorogimedence\\\/\"]},{\"@type\":\"Person\",\"@id\":\"https:\\\/\\\/dorogimedence.hu\\\/#\\\/schema\\\/person\\\/ce6091eeb7e95ecdc87890d6aa8e0fd4\",\"name\":\"dorogimedence.hu\",\"image\":{\"@type\":\"ImageObject\",\"inLanguage\":\"hu\",\"@id\":\"\\\/\\\/www.gravatar.com\\\/avatar\\\/d8d45f8901aadff40a4af72c0b826f1d?s=96&#038;r=g&#038;d=mm\",\"url\":\"\\\/\\\/www.gravatar.com\\\/avatar\\\/d8d45f8901aadff40a4af72c0b826f1d?s=96&#038;r=g&#038;d=mm\",\"contentUrl\":\"\\\/\\\/www.gravatar.com\\\/avatar\\\/d8d45f8901aadff40a4af72c0b826f1d?s=96&#038;r=g&#038;d=mm\",\"caption\":\"dorogimedence.hu\"}}]}<\/script>\n<!-- \/ Yoast SEO plugin. -->","yoast_head_json":{"title":"Pilisv\u00f6r\u00f6sv\u00e1rra \u00e9rkezik a Telekomosok Fesztiv\u00e1lja","robots":{"index":"index","follow":"follow","max-snippet":"max-snippet:-1","max-image-preview":"max-image-preview:large","max-video-preview":"max-video-preview:-1"},"canonical":"https:\/\/dorogimedence.hu\/index.php\/2026\/07\/21\/pilisvorosvarra-erkezik-a-telekomosok-fesztivalja\/","og_locale":"hu_HU","og_type":"article","og_title":"Pilisv\u00f6r\u00f6sv\u00e1rra \u00e9rkezik a Telekomosok Fesztiv\u00e1lja","og_description":"J\u00falius 25-\u00e9n d\u00e9lut\u00e1n izgalmas fesztiv\u00e1lhelysz\u00ednn\u00e9 alakul a pilisv\u00f6r\u00f6sv\u00e1ri Kacsa-t\u00f3 partja, ahol a klasszikus piaci hagyom\u00e1nyok tal\u00e1lkoznak a modern kult\u00far\u00e1val \u00e9s a j\u00f3t\u00e9konys\u00e1ggal. A v\u00edzen \u00fasz\u00f3 sz\u00ednpadon olyan el\u0151ad\u00f3k l\u00e9pnek fel, mint a Carson Coma akusztik tri\u00f3, a kreat\u00edv workshopok mellett pedig influenszer gardr\u00f3bv\u00e1s\u00e1r is sz\u00ednes\u00edti a programot. Lilu, Szab\u00f3 H\u00e9di, Nagy Alexandra, Nagy Emma, Rubint","og_url":"https:\/\/dorogimedence.hu\/index.php\/2026\/07\/21\/pilisvorosvarra-erkezik-a-telekomosok-fesztivalja\/","og_site_name":"Dorogi-medence Region\u00e1lis H\u00edrport\u00e1l","article_publisher":"https:\/\/www.facebook.com\/dorogimedence\/","article_published_time":"2026-07-21T10:10:34+00:00","article_modified_time":"2026-07-21T10:14:56+00:00","og_image":[{"width":1000,"height":563,"url":"https:\/\/dorogimedence.hu\/wp-content\/uploads\/2026\/07\/large_T_Feszt_2026_Pilisvorosvar_Spots_1920x1080_53e5615e90.jpg","type":"image\/jpeg"}],"author":"dorogimedence.hu","twitter_card":"summary_large_image","twitter_misc":{"Szerz\u0151:":"dorogimedence.hu","Becs\u00fclt olvas\u00e1si id\u0151":"4 perc"},"schema":{"@context":"https:\/\/schema.org","@graph":[{"@type":"Article","@id":"https:\/\/dorogimedence.hu\/index.php\/2026\/07\/21\/pilisvorosvarra-erkezik-a-telekomosok-fesztivalja\/#article","isPartOf":{"@id":"https:\/\/dorogimedence.hu\/index.php\/2026\/07\/21\/pilisvorosvarra-erkezik-a-telekomosok-fesztivalja\/"},"author":{"name":"dorogimedence.hu","@id":"https:\/\/dorogimedence.hu\/#\/schema\/person\/ce6091eeb7e95ecdc87890d6aa8e0fd4"},"headline":"Pilisv\u00f6r\u00f6sv\u00e1rra \u00e9rkezik a Telekomosok Fesztiv\u00e1lja","datePublished":"2026-07-21T10:10:34+00:00","dateModified":"2026-07-21T10:14:56+00:00","mainEntityOfPage":{"@id":"https:\/\/dorogimedence.hu\/index.php\/2026\/07\/21\/pilisvorosvarra-erkezik-a-telekomosok-fesztivalja\/"},"wordCount":773,"publisher":{"@id":"https:\/\/dorogimedence.hu\/#organization"},"image":{"@id":"https:\/\/dorogimedence.hu\/index.php\/2026\/07\/21\/pilisvorosvarra-erkezik-a-telekomosok-fesztivalja\/#primaryimage"},"thumbnailUrl":"https:\/\/dorogimedence.hu\/wp-content\/uploads\/2026\/07\/large_T_Feszt_2026_Pilisvorosvar_Spots_1920x1080_53e5615e90.jpg","keywords":["Pilisv\u00f6r\u00f6sv\u00e1r","program","programok","Telekom","Telekomosok Fesztiv\u00e1lja"],"articleSection":["H\u00edrek","Programok"],"inLanguage":"hu"},{"@type":"WebPage","@id":"https:\/\/dorogimedence.hu\/index.php\/2026\/07\/21\/pilisvorosvarra-erkezik-a-telekomosok-fesztivalja\/","url":"https:\/\/dorogimedence.hu\/index.php\/2026\/07\/21\/pilisvorosvarra-erkezik-a-telekomosok-fesztivalja\/","name":"Pilisv\u00f6r\u00f6sv\u00e1rra \u00e9rkezik a Telekomosok Fesztiv\u00e1lja","isPartOf":{"@id":"https:\/\/dorogimedence.hu\/#website"},"primaryImageOfPage":{"@id":"https:\/\/dorogimedence.hu\/index.php\/2026\/07\/21\/pilisvorosvarra-erkezik-a-telekomosok-fesztivalja\/#primaryimage"},"image":{"@id":"https:\/\/dorogimedence.hu\/index.php\/2026\/07\/21\/pilisvorosvarra-erkezik-a-telekomosok-fesztivalja\/#primaryimage"},"thumbnailUrl":"https:\/\/dorogimedence.hu\/wp-content\/uploads\/2026\/07\/large_T_Feszt_2026_Pilisvorosvar_Spots_1920x1080_53e5615e90.jpg","datePublished":"2026-07-21T10:10:34+00:00","dateModified":"2026-07-21T10:14:56+00:00","breadcrumb":{"@id":"https:\/\/dorogimedence.hu\/index.php\/2026\/07\/21\/pilisvorosvarra-erkezik-a-telekomosok-fesztivalja\/#breadcrumb"},"inLanguage":"hu","potentialAction":[{"@type":"ReadAction","target":["https:\/\/dorogimedence.hu\/index.php\/2026\/07\/21\/pilisvorosvarra-erkezik-a-telekomosok-fesztivalja\/"]}]},{"@type":"ImageObject","inLanguage":"hu","@id":"https:\/\/dorogimedence.hu\/index.php\/2026\/07\/21\/pilisvorosvarra-erkezik-a-telekomosok-fesztivalja\/#primaryimage","url":"https:\/\/dorogimedence.hu\/wp-content\/uploads\/2026\/07\/large_T_Feszt_2026_Pilisvorosvar_Spots_1920x1080_53e5615e90.jpg","contentUrl":"https:\/\/dorogimedence.hu\/wp-content\/uploads\/2026\/07\/large_T_Feszt_2026_Pilisvorosvar_Spots_1920x1080_53e5615e90.jpg","width":1000,"height":563},{"@type":"BreadcrumbList","@id":"https:\/\/dorogimedence.hu\/index.php\/2026\/07\/21\/pilisvorosvarra-erkezik-a-telekomosok-fesztivalja\/#breadcrumb","itemListElement":[{"@type":"ListItem","position":1,"name":"Kezd\u0151lap","item":"https:\/\/dorogimedence.hu\/"},{"@type":"ListItem","position":2,"name":"Pilisv\u00f6r\u00f6sv\u00e1rra \u00e9rkezik a Telekomosok Fesztiv\u00e1lja"}]},{"@type":"WebSite","@id":"https:\/\/dorogimedence.hu\/#website","url":"https:\/\/dorogimedence.hu\/","name":"Dorogi-medence Region\u00e1lis H\u00edrport\u00e1l","description":"Dorog, Keszt\u00f6lc, Le\u00e1nyv\u00e1r, Piliscs\u00e9v, Tokod, Tokodalt\u00e1r\u00f3, Csolnok, Esztergom-kertv\u00e1ros: h\u00edrek, programok","publisher":{"@id":"https:\/\/dorogimedence.hu\/#organization"},"potentialAction":[{"@type":"SearchAction","target":{"@type":"EntryPoint","urlTemplate":"https:\/\/dorogimedence.hu\/?s={search_term_string}"},"query-input":{"@type":"PropertyValueSpecification","valueRequired":true,"valueName":"search_term_string"}}],"inLanguage":"hu"},{"@type":"Organization","@id":"https:\/\/dorogimedence.hu\/#organization","name":"Dorogi-medence Region\u00e1lis H\u00edrport\u00e1l","url":"https:\/\/dorogimedence.hu\/","logo":{"@type":"ImageObject","inLanguage":"hu","@id":"https:\/\/dorogimedence.hu\/#\/schema\/logo\/image\/","url":"https:\/\/dorogimedence.hu\/wp-content\/uploads\/2021\/04\/logo-feher-600.png","contentUrl":"https:\/\/dorogimedence.hu\/wp-content\/uploads\/2021\/04\/logo-feher-600.png","width":600,"height":100,"caption":"Dorogi-medence Region\u00e1lis H\u00edrport\u00e1l"},"image":{"@id":"https:\/\/dorogimedence.hu\/#\/schema\/logo\/image\/"},"sameAs":["https:\/\/www.facebook.com\/dorogimedence\/"]},{"@type":"Person","@id":"https:\/\/dorogimedence.hu\/#\/schema\/person\/ce6091eeb7e95ecdc87890d6aa8e0fd4","name":"dorogimedence.hu","image":{"@type":"ImageObject","inLanguage":"hu","@id":"\/\/www.gravatar.com\/avatar\/d8d45f8901aadff40a4af72c0b826f1d?s=96&#038;r=g&#038;d=mm","url":"\/\/www.gravatar.com\/avatar\/d8d45f8901aadff40a4af72c0b826f1d?s=96&#038;r=g&#038;d=mm","contentUrl":"\/\/www.gravatar.com\/avatar\/d8d45f8901aadff40a4af72c0b826f1d?s=96&#038;r=g&#038;d=mm","caption":"dorogimedence.hu"}}]}},"_links":{"self":[{"href":"https:\/\/dorogimedence.hu\/index.php\/wp-json\/wp\/v2\/posts\/82128","targetHints":{"allow":["GET"]}}],"collection":[{"href":"https:\/\/dorogimedence.hu\/index.php\/wp-json\/wp\/v2\/posts"}],"about":[{"href":"https:\/\/dorogimedence.hu\/index.php\/wp-json\/wp\/v2\/types\/post"}],"author":[{"embeddable":true,"href":"https:\/\/dorogimedence.hu\/index.php\/wp-json\/wp\/v2\/users\/1"}],"replies":[{"embeddable":true,"href":"https:\/\/dorogimedence.hu\/index.php\/wp-json\/wp\/v2\/comments?post=82128"}],"version-history":[{"count":1,"href":"https:\/\/dorogimedence.hu\/index.php\/wp-json\/wp\/v2\/posts\/82128\/revisions"}],"predecessor-version":[{"id":82130,"href":"https:\/\/dorogimedence.hu\/index.php\/wp-json\/wp\/v2\/posts\/82128\/revisions\/82130"}],"wp:featuredmedia":[{"embeddable":true,"href":"https:\/\/dorogimedence.hu\/index.php\/wp-json\/wp\/v2\/media\/82129"}],"wp:attachment":[{"href":"https:\/\/dorogimedence.hu\/index.php\/wp-json\/wp\/v2\/media?parent=82128"}],"wp:term":[{"taxonomy":"category","embeddable":true,"href":"https:\/\/dorogimedence.hu\/index.php\/wp-json\/wp\/v2\/categories?post=82128"},{"taxonomy":"post_tag","embeddable":true,"href":"https:\/\/dorogimedence.hu\/index.php\/wp-json\/wp\/v2\/tags?post=82128"}],"curies":[{"name":"wp","href":"https:\/\/api.w.org\/{rel}","templated":true}]}}