{"id":82112,"date":"2026-07-21T09:04:03","date_gmt":"2026-07-21T07:04:03","guid":{"rendered":"https:\/\/dorogimedence.hu\/?p=82112"},"modified":"2026-07-21T09:04:03","modified_gmt":"2026-07-21T07:04:03","slug":"kezdodik-az-ozek-parzasi-idoszaka-fokozott-ovatossagra-intik-az-autosokat","status":"publish","type":"post","link":"https:\/\/dorogimedence.hu\/index.php\/2026\/07\/21\/kezdodik-az-ozek-parzasi-idoszaka-fokozott-ovatossagra-intik-az-autosokat\/","title":{"rendered":"Kezd\u0151dik az \u0151zek p\u00e1rz\u00e1si id\u0151szaka, fokozott \u00f3vatoss\u00e1gra intik az aut\u00f3sokat"},"content":{"rendered":"<p><strong>J\u00falius m\u00e1sodik fel\u00e9t\u0151l augusztus k\u00f6zep\u00e9ig tart az \u0151zek p\u00e1rz\u00e1si id\u0151szaka, ez\u00e9rt a k\u00f6vetkez\u0151 hetekben jelent\u0151sen megn\u0151het a vadbalesetek vesz\u00e9lye. B\u00f3na Szabolcs agr\u00e1r- \u00e9s \u00e9lelmiszergazdas\u00e1g\u00e9rt felel\u0151s miniszter <a href=\"https:\/\/www.facebook.com\/bonaszabolcstisza\/posts\/pfbid02j6egPPriUGB8gw5C9zveywg6asuLcSCGEeUnT14fTVVPDpKZtWm7gLyhmRJxrR7Gl\" target=\"_blank\" rel=\"noopener\"><span style=\"text-decoration: underline; color: #0000ff;\">fokozott figyelmet k\u00e9r<\/span><\/a> a k\u00f6zleked\u0151kt\u0151l.<\/strong><\/p>\n<p>Az \u00fczeked\u00e9s idej\u00e9n az \u0151zek a megszokottn\u00e1l j\u00f3val akt\u00edvabb\u00e1 v\u00e1lnak, mozg\u00e1suk pedig kisz\u00e1m\u00edthatatlanabb lehet. Nemcsak hajnalban \u00e9s alkonyatkor, hanem napk\u00f6zben is megjelenhetnek az utak k\u00f6zel\u00e9ben, k\u00fcl\u00f6n\u00f6sen az erd\u0151s \u00e9s mez\u0151gazdas\u00e1gi ter\u00fcleteken.<\/p>\n<p>Az \u00e1llatok gyakran hirtelen rohannak ki az \u00fattestre, r\u00e1ad\u00e1sul el\u0151fordulhat, hogy az els\u0151 \u0151zet r\u00f6vid id\u0151n bel\u00fcl t\u00f6bb m\u00e1sik is k\u00f6veti. Ha teh\u00e1t egy \u00e1llat \u00e1tkel el\u0151tt\u00fcnk, azonnal lass\u00edtsunk, \u00e9s sz\u00e1m\u00edtsunk tov\u00e1bbi \u0151zek felbukkan\u00e1s\u00e1ra is.<\/p>\n<p>A szakemberek azt tan\u00e1csolj\u00e1k, hogy ebben az id\u0151szakban ne csak a vadvesz\u00e9lyt jelz\u0151 t\u00e1bl\u00e1kkal ell\u00e1tott szakaszokon vezess\u00fcnk \u00f3vatosabban. M\u00e9rs\u00e9kelj\u00fck a sebess\u00e9get, tartsunk nagyobb k\u00f6vet\u00e9si t\u00e1vols\u00e1got, \u00e9s folyamatosan figyelj\u00fck az \u00fat menti n\u00f6v\u00e9nyzetet.<\/p>\n<p>Ha \u0151zet \u00e9szlel\u00fcnk az \u00faton vagy annak k\u00f6zvetlen k\u00f6zel\u00e9ben, lass\u00edtsunk, sz\u00fcks\u00e9g eset\u00e9n pedig dud\u00e1l\u00e1ssal pr\u00f3b\u00e1ljuk elriasztani. Amennyiben az \u00fctk\u00f6z\u00e9s m\u00e1r elker\u00fclhetetlen, v\u00e9szf\u00e9kezni kell, a hirtelen korm\u00e1nymozdulatot azonban ker\u00fclni kell, mert az aut\u00f3 let\u00e9rhet az \u00fatr\u00f3l vagy \u00e1tsodr\u00f3dhat a szemk\u00f6zti s\u00e1vba.<\/p>\n<p>A motorosoknak k\u00fcl\u00f6n\u00f6sen k\u00f6r\u00fcltekint\u0151en kell k\u00f6zlekedni\u00fck, hiszen egy vadbaleset sor\u00e1n j\u00f3val v\u00e9dtelenebbek az aut\u00f3ban \u00fcl\u0151kn\u00e9l.<\/p>\n<p>Vadg\u00e1zol\u00e1s eset\u00e9n \u00e9rtes\u00edteni kell a rend\u0151rs\u00e9get. Az el\u00fct\u00f6tt \u00e1llatot nem szabad elvinni a helysz\u00ednr\u0151l, az ugyanis az illet\u00e9kes vad\u00e1szatra jogosult tulajdon\u00e1t k\u00e9pezi. A rend\u0151rs\u00e9g gondoskodik az \u00e9rintett vad\u00e1szt\u00e1rsas\u00e1g \u00e9rtes\u00edt\u00e9s\u00e9r\u0151l \u00e9s a tov\u00e1bbi sz\u00fcks\u00e9ges int\u00e9zked\u00e9sekr\u0151l.<\/p>\n<p><em>Felhaszn\u00e1lt forr\u00e1sok: B\u00f3na Szabolcs Facebook-oldala \/ agroinform.hu<\/em><br \/>\n<em>Bor\u00edt\u00f3k\u00e9p: illusztr\u00e1ci\u00f3 (ChatGPT &#8211; AI)<\/em><\/p>\n","protected":false},"excerpt":{"rendered":"<p>J\u00falius m\u00e1sodik fel\u00e9t\u0151l augusztus k\u00f6zep\u00e9ig tart az \u0151zek p\u00e1rz\u00e1si id\u0151szaka, ez\u00e9rt a k\u00f6vetkez\u0151 hetekben jelent\u0151sen megn\u0151het a vadbalesetek vesz\u00e9lye. B\u00f3na Szabolcs agr\u00e1r- \u00e9s \u00e9lelmiszergazdas\u00e1g\u00e9rt felel\u0151s miniszter fokozott figyelmet k\u00e9r a k\u00f6zleked\u0151kt\u0151l. Az \u00fczeked\u00e9s idej\u00e9n az \u0151zek a megszokottn\u00e1l j\u00f3val akt\u00edvabb\u00e1 v\u00e1lnak, mozg\u00e1suk pedig kisz\u00e1m\u00edthatatlanabb lehet. Nemcsak hajnalban \u00e9s alkonyatkor, hanem napk\u00f6zben is megjelenhetnek az utak<\/p>\n","protected":false},"author":1,"featured_media":82113,"comment_status":"closed","ping_status":"closed","sticky":false,"template":"","format":"standard","meta":{"ngg_post_thumbnail":0,"footnotes":""},"categories":[3,6948],"tags":[77,8990,8991],"class_list":["post-82112","post","type-post","status-publish","format-standard","has-post-thumbnail","category-hirek","category-szines","tag-felhivas","tag-ozek","tag-parzasi-idoszak"],"yoast_head":"<!-- This site is optimized with the Yoast SEO plugin v28.3 - https:\/\/yoast.com\/product\/yoast-seo-wordpress\/ -->\n<title>Kezd\u0151dik az \u0151zek p\u00e1rz\u00e1si id\u0151szaka, fokozott \u00f3vatoss\u00e1gra intik az aut\u00f3sokat<\/title>\n<meta name=\"robots\" content=\"index, follow, max-snippet:-1, max-image-preview:large, max-video-preview:-1\" \/>\n<link rel=\"canonical\" href=\"https:\/\/dorogimedence.hu\/index.php\/2026\/07\/21\/kezdodik-az-ozek-parzasi-idoszaka-fokozott-ovatossagra-intik-az-autosokat\/\" class=\"yoast-seo-meta-tag\" \/>\n<meta property=\"og:locale\" content=\"hu_HU\" class=\"yoast-seo-meta-tag\" \/>\n<meta property=\"og:type\" content=\"article\" class=\"yoast-seo-meta-tag\" \/>\n<meta property=\"og:title\" content=\"Kezd\u0151dik az \u0151zek p\u00e1rz\u00e1si id\u0151szaka, fokozott \u00f3vatoss\u00e1gra intik az aut\u00f3sokat\" class=\"yoast-seo-meta-tag\" \/>\n<meta property=\"og:description\" content=\"J\u00falius m\u00e1sodik fel\u00e9t\u0151l augusztus k\u00f6zep\u00e9ig tart az \u0151zek p\u00e1rz\u00e1si id\u0151szaka, ez\u00e9rt a k\u00f6vetkez\u0151 hetekben jelent\u0151sen megn\u0151het a vadbalesetek vesz\u00e9lye. B\u00f3na Szabolcs agr\u00e1r- \u00e9s \u00e9lelmiszergazdas\u00e1g\u00e9rt felel\u0151s miniszter fokozott figyelmet k\u00e9r a k\u00f6zleked\u0151kt\u0151l. Az \u00fczeked\u00e9s idej\u00e9n az \u0151zek a megszokottn\u00e1l j\u00f3val akt\u00edvabb\u00e1 v\u00e1lnak, mozg\u00e1suk pedig kisz\u00e1m\u00edthatatlanabb lehet. Nemcsak hajnalban \u00e9s alkonyatkor, hanem napk\u00f6zben is megjelenhetnek az utak\" class=\"yoast-seo-meta-tag\" \/>\n<meta property=\"og:url\" content=\"https:\/\/dorogimedence.hu\/index.php\/2026\/07\/21\/kezdodik-az-ozek-parzasi-idoszaka-fokozott-ovatossagra-intik-az-autosokat\/\" class=\"yoast-seo-meta-tag\" \/>\n<meta property=\"og:site_name\" content=\"Dorogi-medence Region\u00e1lis H\u00edrport\u00e1l\" class=\"yoast-seo-meta-tag\" \/>\n<meta property=\"article:publisher\" content=\"https:\/\/www.facebook.com\/dorogimedence\/\" class=\"yoast-seo-meta-tag\" \/>\n<meta property=\"article:published_time\" content=\"2026-07-21T07:04:03+00:00\" class=\"yoast-seo-meta-tag\" \/>\n<meta property=\"og:image\" content=\"https:\/\/dorogimedence.hu\/wp-content\/uploads\/2026\/07\/ChatGPT-Image-2026.-jul.-21.-09_03_29.png\" class=\"yoast-seo-meta-tag\" \/>\n\t<meta property=\"og:image:width\" content=\"755\" class=\"yoast-seo-meta-tag\" \/>\n\t<meta property=\"og:image:height\" content=\"382\" class=\"yoast-seo-meta-tag\" \/>\n\t<meta property=\"og:image:type\" content=\"image\/png\" class=\"yoast-seo-meta-tag\" \/>\n<meta name=\"author\" content=\"dorogimedence.hu\" class=\"yoast-seo-meta-tag\" \/>\n<meta name=\"twitter:card\" content=\"summary_large_image\" class=\"yoast-seo-meta-tag\" \/>\n<meta name=\"twitter:label1\" content=\"Szerz\u0151:\" class=\"yoast-seo-meta-tag\" \/>\n\t<meta name=\"twitter:data1\" content=\"dorogimedence.hu\" class=\"yoast-seo-meta-tag\" \/>\n\t<meta name=\"twitter:label2\" content=\"Becs\u00fclt olvas\u00e1si id\u0151\" class=\"yoast-seo-meta-tag\" \/>\n\t<meta name=\"twitter:data2\" content=\"2 perc\" class=\"yoast-seo-meta-tag\" \/>\n<script type=\"application\/ld+json\" class=\"yoast-schema-graph\">{\"@context\":\"https:\\\/\\\/schema.org\",\"@graph\":[{\"@type\":\"Article\",\"@id\":\"https:\\\/\\\/dorogimedence.hu\\\/index.php\\\/2026\\\/07\\\/21\\\/kezdodik-az-ozek-parzasi-idoszaka-fokozott-ovatossagra-intik-az-autosokat\\\/#article\",\"isPartOf\":{\"@id\":\"https:\\\/\\\/dorogimedence.hu\\\/index.php\\\/2026\\\/07\\\/21\\\/kezdodik-az-ozek-parzasi-idoszaka-fokozott-ovatossagra-intik-az-autosokat\\\/\"},\"author\":{\"name\":\"dorogimedence.hu\",\"@id\":\"https:\\\/\\\/dorogimedence.hu\\\/#\\\/schema\\\/person\\\/ce6091eeb7e95ecdc87890d6aa8e0fd4\"},\"headline\":\"Kezd\u0151dik az \u0151zek p\u00e1rz\u00e1si id\u0151szaka, fokozott \u00f3vatoss\u00e1gra intik az aut\u00f3sokat\",\"datePublished\":\"2026-07-21T07:04:03+00:00\",\"mainEntityOfPage\":{\"@id\":\"https:\\\/\\\/dorogimedence.hu\\\/index.php\\\/2026\\\/07\\\/21\\\/kezdodik-az-ozek-parzasi-idoszaka-fokozott-ovatossagra-intik-az-autosokat\\\/\"},\"wordCount\":400,\"publisher\":{\"@id\":\"https:\\\/\\\/dorogimedence.hu\\\/#organization\"},\"image\":{\"@id\":\"https:\\\/\\\/dorogimedence.hu\\\/index.php\\\/2026\\\/07\\\/21\\\/kezdodik-az-ozek-parzasi-idoszaka-fokozott-ovatossagra-intik-az-autosokat\\\/#primaryimage\"},\"thumbnailUrl\":\"https:\\\/\\\/dorogimedence.hu\\\/wp-content\\\/uploads\\\/2026\\\/07\\\/ChatGPT-Image-2026.-jul.-21.-09_03_29.png\",\"keywords\":[\"felh\u00edv\u00e1s\",\"\u0151zek\",\"p\u00e1rz\u00e1si id\u0151szak\"],\"articleSection\":[\"H\u00edrek\",\"Sz\u00ednes\"],\"inLanguage\":\"hu\"},{\"@type\":\"WebPage\",\"@id\":\"https:\\\/\\\/dorogimedence.hu\\\/index.php\\\/2026\\\/07\\\/21\\\/kezdodik-az-ozek-parzasi-idoszaka-fokozott-ovatossagra-intik-az-autosokat\\\/\",\"url\":\"https:\\\/\\\/dorogimedence.hu\\\/index.php\\\/2026\\\/07\\\/21\\\/kezdodik-az-ozek-parzasi-idoszaka-fokozott-ovatossagra-intik-az-autosokat\\\/\",\"name\":\"Kezd\u0151dik az \u0151zek p\u00e1rz\u00e1si id\u0151szaka, fokozott \u00f3vatoss\u00e1gra intik az aut\u00f3sokat\",\"isPartOf\":{\"@id\":\"https:\\\/\\\/dorogimedence.hu\\\/#website\"},\"primaryImageOfPage\":{\"@id\":\"https:\\\/\\\/dorogimedence.hu\\\/index.php\\\/2026\\\/07\\\/21\\\/kezdodik-az-ozek-parzasi-idoszaka-fokozott-ovatossagra-intik-az-autosokat\\\/#primaryimage\"},\"image\":{\"@id\":\"https:\\\/\\\/dorogimedence.hu\\\/index.php\\\/2026\\\/07\\\/21\\\/kezdodik-az-ozek-parzasi-idoszaka-fokozott-ovatossagra-intik-az-autosokat\\\/#primaryimage\"},\"thumbnailUrl\":\"https:\\\/\\\/dorogimedence.hu\\\/wp-content\\\/uploads\\\/2026\\\/07\\\/ChatGPT-Image-2026.-jul.-21.-09_03_29.png\",\"datePublished\":\"2026-07-21T07:04:03+00:00\",\"breadcrumb\":{\"@id\":\"https:\\\/\\\/dorogimedence.hu\\\/index.php\\\/2026\\\/07\\\/21\\\/kezdodik-az-ozek-parzasi-idoszaka-fokozott-ovatossagra-intik-az-autosokat\\\/#breadcrumb\"},\"inLanguage\":\"hu\",\"potentialAction\":[{\"@type\":\"ReadAction\",\"target\":[\"https:\\\/\\\/dorogimedence.hu\\\/index.php\\\/2026\\\/07\\\/21\\\/kezdodik-az-ozek-parzasi-idoszaka-fokozott-ovatossagra-intik-az-autosokat\\\/\"]}]},{\"@type\":\"ImageObject\",\"inLanguage\":\"hu\",\"@id\":\"https:\\\/\\\/dorogimedence.hu\\\/index.php\\\/2026\\\/07\\\/21\\\/kezdodik-az-ozek-parzasi-idoszaka-fokozott-ovatossagra-intik-az-autosokat\\\/#primaryimage\",\"url\":\"https:\\\/\\\/dorogimedence.hu\\\/wp-content\\\/uploads\\\/2026\\\/07\\\/ChatGPT-Image-2026.-jul.-21.-09_03_29.png\",\"contentUrl\":\"https:\\\/\\\/dorogimedence.hu\\\/wp-content\\\/uploads\\\/2026\\\/07\\\/ChatGPT-Image-2026.-jul.-21.-09_03_29.png\",\"width\":1764,\"height\":892},{\"@type\":\"BreadcrumbList\",\"@id\":\"https:\\\/\\\/dorogimedence.hu\\\/index.php\\\/2026\\\/07\\\/21\\\/kezdodik-az-ozek-parzasi-idoszaka-fokozott-ovatossagra-intik-az-autosokat\\\/#breadcrumb\",\"itemListElement\":[{\"@type\":\"ListItem\",\"position\":1,\"name\":\"Kezd\u0151lap\",\"item\":\"https:\\\/\\\/dorogimedence.hu\\\/\"},{\"@type\":\"ListItem\",\"position\":2,\"name\":\"Kezd\u0151dik az \u0151zek p\u00e1rz\u00e1si id\u0151szaka, fokozott \u00f3vatoss\u00e1gra intik az aut\u00f3sokat\"}]},{\"@type\":\"WebSite\",\"@id\":\"https:\\\/\\\/dorogimedence.hu\\\/#website\",\"url\":\"https:\\\/\\\/dorogimedence.hu\\\/\",\"name\":\"Dorogi-medence Region\u00e1lis H\u00edrport\u00e1l\",\"description\":\"Dorog, Keszt\u00f6lc, Le\u00e1nyv\u00e1r, Piliscs\u00e9v, Tokod, Tokodalt\u00e1r\u00f3, Csolnok, Esztergom-kertv\u00e1ros: h\u00edrek, programok\",\"publisher\":{\"@id\":\"https:\\\/\\\/dorogimedence.hu\\\/#organization\"},\"potentialAction\":[{\"@type\":\"SearchAction\",\"target\":{\"@type\":\"EntryPoint\",\"urlTemplate\":\"https:\\\/\\\/dorogimedence.hu\\\/?s={search_term_string}\"},\"query-input\":{\"@type\":\"PropertyValueSpecification\",\"valueRequired\":true,\"valueName\":\"search_term_string\"}}],\"inLanguage\":\"hu\"},{\"@type\":\"Organization\",\"@id\":\"https:\\\/\\\/dorogimedence.hu\\\/#organization\",\"name\":\"Dorogi-medence Region\u00e1lis H\u00edrport\u00e1l\",\"url\":\"https:\\\/\\\/dorogimedence.hu\\\/\",\"logo\":{\"@type\":\"ImageObject\",\"inLanguage\":\"hu\",\"@id\":\"https:\\\/\\\/dorogimedence.hu\\\/#\\\/schema\\\/logo\\\/image\\\/\",\"url\":\"https:\\\/\\\/dorogimedence.hu\\\/wp-content\\\/uploads\\\/2021\\\/04\\\/logo-feher-600.png\",\"contentUrl\":\"https:\\\/\\\/dorogimedence.hu\\\/wp-content\\\/uploads\\\/2021\\\/04\\\/logo-feher-600.png\",\"width\":600,\"height\":100,\"caption\":\"Dorogi-medence Region\u00e1lis H\u00edrport\u00e1l\"},\"image\":{\"@id\":\"https:\\\/\\\/dorogimedence.hu\\\/#\\\/schema\\\/logo\\\/image\\\/\"},\"sameAs\":[\"https:\\\/\\\/www.facebook.com\\\/dorogimedence\\\/\"]},{\"@type\":\"Person\",\"@id\":\"https:\\\/\\\/dorogimedence.hu\\\/#\\\/schema\\\/person\\\/ce6091eeb7e95ecdc87890d6aa8e0fd4\",\"name\":\"dorogimedence.hu\",\"image\":{\"@type\":\"ImageObject\",\"inLanguage\":\"hu\",\"@id\":\"\\\/\\\/www.gravatar.com\\\/avatar\\\/d8d45f8901aadff40a4af72c0b826f1d?s=96&#038;r=g&#038;d=mm\",\"url\":\"\\\/\\\/www.gravatar.com\\\/avatar\\\/d8d45f8901aadff40a4af72c0b826f1d?s=96&#038;r=g&#038;d=mm\",\"contentUrl\":\"\\\/\\\/www.gravatar.com\\\/avatar\\\/d8d45f8901aadff40a4af72c0b826f1d?s=96&#038;r=g&#038;d=mm\",\"caption\":\"dorogimedence.hu\"}}]}<\/script>\n<!-- \/ Yoast SEO plugin. -->","yoast_head_json":{"title":"Kezd\u0151dik az \u0151zek p\u00e1rz\u00e1si id\u0151szaka, fokozott \u00f3vatoss\u00e1gra intik az aut\u00f3sokat","robots":{"index":"index","follow":"follow","max-snippet":"max-snippet:-1","max-image-preview":"max-image-preview:large","max-video-preview":"max-video-preview:-1"},"canonical":"https:\/\/dorogimedence.hu\/index.php\/2026\/07\/21\/kezdodik-az-ozek-parzasi-idoszaka-fokozott-ovatossagra-intik-az-autosokat\/","og_locale":"hu_HU","og_type":"article","og_title":"Kezd\u0151dik az \u0151zek p\u00e1rz\u00e1si id\u0151szaka, fokozott \u00f3vatoss\u00e1gra intik az aut\u00f3sokat","og_description":"J\u00falius m\u00e1sodik fel\u00e9t\u0151l augusztus k\u00f6zep\u00e9ig tart az \u0151zek p\u00e1rz\u00e1si id\u0151szaka, ez\u00e9rt a k\u00f6vetkez\u0151 hetekben jelent\u0151sen megn\u0151het a vadbalesetek vesz\u00e9lye. B\u00f3na Szabolcs agr\u00e1r- \u00e9s \u00e9lelmiszergazdas\u00e1g\u00e9rt felel\u0151s miniszter fokozott figyelmet k\u00e9r a k\u00f6zleked\u0151kt\u0151l. Az \u00fczeked\u00e9s idej\u00e9n az \u0151zek a megszokottn\u00e1l j\u00f3val akt\u00edvabb\u00e1 v\u00e1lnak, mozg\u00e1suk pedig kisz\u00e1m\u00edthatatlanabb lehet. Nemcsak hajnalban \u00e9s alkonyatkor, hanem napk\u00f6zben is megjelenhetnek az utak","og_url":"https:\/\/dorogimedence.hu\/index.php\/2026\/07\/21\/kezdodik-az-ozek-parzasi-idoszaka-fokozott-ovatossagra-intik-az-autosokat\/","og_site_name":"Dorogi-medence Region\u00e1lis H\u00edrport\u00e1l","article_publisher":"https:\/\/www.facebook.com\/dorogimedence\/","article_published_time":"2026-07-21T07:04:03+00:00","og_image":[{"url":"https:\/\/dorogimedence.hu\/wp-content\/uploads\/2026\/07\/ChatGPT-Image-2026.-jul.-21.-09_03_29.png","width":755,"height":382,"type":"image\/png"}],"author":"dorogimedence.hu","twitter_card":"summary_large_image","twitter_misc":{"Szerz\u0151:":"dorogimedence.hu","Becs\u00fclt olvas\u00e1si id\u0151":"2 perc"},"schema":{"@context":"https:\/\/schema.org","@graph":[{"@type":"Article","@id":"https:\/\/dorogimedence.hu\/index.php\/2026\/07\/21\/kezdodik-az-ozek-parzasi-idoszaka-fokozott-ovatossagra-intik-az-autosokat\/#article","isPartOf":{"@id":"https:\/\/dorogimedence.hu\/index.php\/2026\/07\/21\/kezdodik-az-ozek-parzasi-idoszaka-fokozott-ovatossagra-intik-az-autosokat\/"},"author":{"name":"dorogimedence.hu","@id":"https:\/\/dorogimedence.hu\/#\/schema\/person\/ce6091eeb7e95ecdc87890d6aa8e0fd4"},"headline":"Kezd\u0151dik az \u0151zek p\u00e1rz\u00e1si id\u0151szaka, fokozott \u00f3vatoss\u00e1gra intik az aut\u00f3sokat","datePublished":"2026-07-21T07:04:03+00:00","mainEntityOfPage":{"@id":"https:\/\/dorogimedence.hu\/index.php\/2026\/07\/21\/kezdodik-az-ozek-parzasi-idoszaka-fokozott-ovatossagra-intik-az-autosokat\/"},"wordCount":400,"publisher":{"@id":"https:\/\/dorogimedence.hu\/#organization"},"image":{"@id":"https:\/\/dorogimedence.hu\/index.php\/2026\/07\/21\/kezdodik-az-ozek-parzasi-idoszaka-fokozott-ovatossagra-intik-az-autosokat\/#primaryimage"},"thumbnailUrl":"https:\/\/dorogimedence.hu\/wp-content\/uploads\/2026\/07\/ChatGPT-Image-2026.-jul.-21.-09_03_29.png","keywords":["felh\u00edv\u00e1s","\u0151zek","p\u00e1rz\u00e1si id\u0151szak"],"articleSection":["H\u00edrek","Sz\u00ednes"],"inLanguage":"hu"},{"@type":"WebPage","@id":"https:\/\/dorogimedence.hu\/index.php\/2026\/07\/21\/kezdodik-az-ozek-parzasi-idoszaka-fokozott-ovatossagra-intik-az-autosokat\/","url":"https:\/\/dorogimedence.hu\/index.php\/2026\/07\/21\/kezdodik-az-ozek-parzasi-idoszaka-fokozott-ovatossagra-intik-az-autosokat\/","name":"Kezd\u0151dik az \u0151zek p\u00e1rz\u00e1si id\u0151szaka, fokozott \u00f3vatoss\u00e1gra intik az aut\u00f3sokat","isPartOf":{"@id":"https:\/\/dorogimedence.hu\/#website"},"primaryImageOfPage":{"@id":"https:\/\/dorogimedence.hu\/index.php\/2026\/07\/21\/kezdodik-az-ozek-parzasi-idoszaka-fokozott-ovatossagra-intik-az-autosokat\/#primaryimage"},"image":{"@id":"https:\/\/dorogimedence.hu\/index.php\/2026\/07\/21\/kezdodik-az-ozek-parzasi-idoszaka-fokozott-ovatossagra-intik-az-autosokat\/#primaryimage"},"thumbnailUrl":"https:\/\/dorogimedence.hu\/wp-content\/uploads\/2026\/07\/ChatGPT-Image-2026.-jul.-21.-09_03_29.png","datePublished":"2026-07-21T07:04:03+00:00","breadcrumb":{"@id":"https:\/\/dorogimedence.hu\/index.php\/2026\/07\/21\/kezdodik-az-ozek-parzasi-idoszaka-fokozott-ovatossagra-intik-az-autosokat\/#breadcrumb"},"inLanguage":"hu","potentialAction":[{"@type":"ReadAction","target":["https:\/\/dorogimedence.hu\/index.php\/2026\/07\/21\/kezdodik-az-ozek-parzasi-idoszaka-fokozott-ovatossagra-intik-az-autosokat\/"]}]},{"@type":"ImageObject","inLanguage":"hu","@id":"https:\/\/dorogimedence.hu\/index.php\/2026\/07\/21\/kezdodik-az-ozek-parzasi-idoszaka-fokozott-ovatossagra-intik-az-autosokat\/#primaryimage","url":"https:\/\/dorogimedence.hu\/wp-content\/uploads\/2026\/07\/ChatGPT-Image-2026.-jul.-21.-09_03_29.png","contentUrl":"https:\/\/dorogimedence.hu\/wp-content\/uploads\/2026\/07\/ChatGPT-Image-2026.-jul.-21.-09_03_29.png","width":1764,"height":892},{"@type":"BreadcrumbList","@id":"https:\/\/dorogimedence.hu\/index.php\/2026\/07\/21\/kezdodik-az-ozek-parzasi-idoszaka-fokozott-ovatossagra-intik-az-autosokat\/#breadcrumb","itemListElement":[{"@type":"ListItem","position":1,"name":"Kezd\u0151lap","item":"https:\/\/dorogimedence.hu\/"},{"@type":"ListItem","position":2,"name":"Kezd\u0151dik az \u0151zek p\u00e1rz\u00e1si id\u0151szaka, fokozott \u00f3vatoss\u00e1gra intik az aut\u00f3sokat"}]},{"@type":"WebSite","@id":"https:\/\/dorogimedence.hu\/#website","url":"https:\/\/dorogimedence.hu\/","name":"Dorogi-medence Region\u00e1lis H\u00edrport\u00e1l","description":"Dorog, Keszt\u00f6lc, Le\u00e1nyv\u00e1r, Piliscs\u00e9v, Tokod, Tokodalt\u00e1r\u00f3, Csolnok, Esztergom-kertv\u00e1ros: h\u00edrek, programok","publisher":{"@id":"https:\/\/dorogimedence.hu\/#organization"},"potentialAction":[{"@type":"SearchAction","target":{"@type":"EntryPoint","urlTemplate":"https:\/\/dorogimedence.hu\/?s={search_term_string}"},"query-input":{"@type":"PropertyValueSpecification","valueRequired":true,"valueName":"search_term_string"}}],"inLanguage":"hu"},{"@type":"Organization","@id":"https:\/\/dorogimedence.hu\/#organization","name":"Dorogi-medence Region\u00e1lis H\u00edrport\u00e1l","url":"https:\/\/dorogimedence.hu\/","logo":{"@type":"ImageObject","inLanguage":"hu","@id":"https:\/\/dorogimedence.hu\/#\/schema\/logo\/image\/","url":"https:\/\/dorogimedence.hu\/wp-content\/uploads\/2021\/04\/logo-feher-600.png","contentUrl":"https:\/\/dorogimedence.hu\/wp-content\/uploads\/2021\/04\/logo-feher-600.png","width":600,"height":100,"caption":"Dorogi-medence Region\u00e1lis H\u00edrport\u00e1l"},"image":{"@id":"https:\/\/dorogimedence.hu\/#\/schema\/logo\/image\/"},"sameAs":["https:\/\/www.facebook.com\/dorogimedence\/"]},{"@type":"Person","@id":"https:\/\/dorogimedence.hu\/#\/schema\/person\/ce6091eeb7e95ecdc87890d6aa8e0fd4","name":"dorogimedence.hu","image":{"@type":"ImageObject","inLanguage":"hu","@id":"\/\/www.gravatar.com\/avatar\/d8d45f8901aadff40a4af72c0b826f1d?s=96&#038;r=g&#038;d=mm","url":"\/\/www.gravatar.com\/avatar\/d8d45f8901aadff40a4af72c0b826f1d?s=96&#038;r=g&#038;d=mm","contentUrl":"\/\/www.gravatar.com\/avatar\/d8d45f8901aadff40a4af72c0b826f1d?s=96&#038;r=g&#038;d=mm","caption":"dorogimedence.hu"}}]}},"_links":{"self":[{"href":"https:\/\/dorogimedence.hu\/index.php\/wp-json\/wp\/v2\/posts\/82112","targetHints":{"allow":["GET"]}}],"collection":[{"href":"https:\/\/dorogimedence.hu\/index.php\/wp-json\/wp\/v2\/posts"}],"about":[{"href":"https:\/\/dorogimedence.hu\/index.php\/wp-json\/wp\/v2\/types\/post"}],"author":[{"embeddable":true,"href":"https:\/\/dorogimedence.hu\/index.php\/wp-json\/wp\/v2\/users\/1"}],"replies":[{"embeddable":true,"href":"https:\/\/dorogimedence.hu\/index.php\/wp-json\/wp\/v2\/comments?post=82112"}],"version-history":[{"count":1,"href":"https:\/\/dorogimedence.hu\/index.php\/wp-json\/wp\/v2\/posts\/82112\/revisions"}],"predecessor-version":[{"id":82114,"href":"https:\/\/dorogimedence.hu\/index.php\/wp-json\/wp\/v2\/posts\/82112\/revisions\/82114"}],"wp:featuredmedia":[{"embeddable":true,"href":"https:\/\/dorogimedence.hu\/index.php\/wp-json\/wp\/v2\/media\/82113"}],"wp:attachment":[{"href":"https:\/\/dorogimedence.hu\/index.php\/wp-json\/wp\/v2\/media?parent=82112"}],"wp:term":[{"taxonomy":"category","embeddable":true,"href":"https:\/\/dorogimedence.hu\/index.php\/wp-json\/wp\/v2\/categories?post=82112"},{"taxonomy":"post_tag","embeddable":true,"href":"https:\/\/dorogimedence.hu\/index.php\/wp-json\/wp\/v2\/tags?post=82112"}],"curies":[{"name":"wp","href":"https:\/\/api.w.org\/{rel}","templated":true}]}}