{"id":82062,"date":"2026-07-16T10:26:37","date_gmt":"2026-07-16T08:26:37","guid":{"rendered":"https:\/\/dorogimedence.hu\/?p=82062"},"modified":"2026-07-16T10:26:37","modified_gmt":"2026-07-16T08:26:37","slug":"otodik-lett-az-u20-as-europa-bajnoksagon-szilagyi-daniel","status":"publish","type":"post","link":"https:\/\/dorogimedence.hu\/index.php\/2026\/07\/16\/otodik-lett-az-u20-as-europa-bajnoksagon-szilagyi-daniel\/","title":{"rendered":"\u00d6t\u00f6dik lett az U20-as Eur\u00f3pa-bajnoks\u00e1gon Szil\u00e1gyi D\u00e1niel"},"content":{"rendered":"<p><strong>A Dorogi Atl\u00e9tikai Club versenyz\u0151je, Szil\u00e1gyi D\u00e1niel az \u00f6t\u00f6dik helyen v\u00e9gzett a 125 kilogrammos szabadfog\u00e1s\u00faak mez\u0151ny\u00e9ben a szkopjei U20-as birk\u00f3z\u00f3 Eur\u00f3pa-bajnoks\u00e1gon. A kontinensviadalt j\u00falius 6. \u00e9s 12. k\u00f6z\u00f6tt rendezt\u00e9k meg \u00c9szak-Maced\u00f3nia f\u0151v\u00e1ros\u00e1ban.<\/strong><\/p>\n<p>N\u00e9gy magyar szabadfog\u00e1s\u00fa birk\u00f3z\u00f3 maradt versenyben az Eur\u00f3pa-bajnoks\u00e1g j\u00falius 12-i z\u00e1r\u00f3napj\u00e1ra, valamennyien a vigasz\u00e1gon folytathatt\u00e1k szerepl\u00e9s\u00fcket.<\/p>\n<p>A 125 kilogrammos s\u00falycsoportban indul\u00f3 Szil\u00e1gyi D\u00e1niel ukr\u00e1n ellenfel\u00e9t legy\u0151zve kiharcolta a bronzm\u00e9rk\u0151z\u00e9sen val\u00f3 r\u00e9szv\u00e9telt. A dobog\u00f3\u00e9rt az \u00f6rm\u00e9ny Henrik Hajkjannal csapott \u00f6ssze. A Dorogi Atl\u00e9tikai Club versenyz\u0151je v\u00e9gig nagy er\u0151kkel t\u00e1madott, pontot azonban nem siker\u00fclt szereznie, \u00e9s 8\u20130-s veres\u00e9get szenvedett. Szil\u00e1gyi \u00edgy az el\u0151kel\u0151 \u00f6t\u00f6dik helyen z\u00e1rta az U20-as Eur\u00f3pa-bajnoks\u00e1got.<\/p>\n<p><img fetchpriority=\"high\" decoding=\"async\" class=\"alignnone size-full wp-image-82063\" src=\"https:\/\/dorogimedence.hu\/wp-content\/uploads\/2026\/07\/745314041_2655079181553984_3584871899986866623_n.jpg\" alt=\"\" width=\"2048\" height=\"1153\" srcset=\"https:\/\/dorogimedence.hu\/wp-content\/uploads\/2026\/07\/745314041_2655079181553984_3584871899986866623_n.jpg 2048w, https:\/\/dorogimedence.hu\/wp-content\/uploads\/2026\/07\/745314041_2655079181553984_3584871899986866623_n-600x338.jpg 600w, https:\/\/dorogimedence.hu\/wp-content\/uploads\/2026\/07\/745314041_2655079181553984_3584871899986866623_n-1920x1081.jpg 1920w, https:\/\/dorogimedence.hu\/wp-content\/uploads\/2026\/07\/745314041_2655079181553984_3584871899986866623_n-768x432.jpg 768w, https:\/\/dorogimedence.hu\/wp-content\/uploads\/2026\/07\/745314041_2655079181553984_3584871899986866623_n-1536x865.jpg 1536w, https:\/\/dorogimedence.hu\/wp-content\/uploads\/2026\/07\/745314041_2655079181553984_3584871899986866623_n-150x84.jpg 150w, https:\/\/dorogimedence.hu\/wp-content\/uploads\/2026\/07\/745314041_2655079181553984_3584871899986866623_n-450x253.jpg 450w, https:\/\/dorogimedence.hu\/wp-content\/uploads\/2026\/07\/745314041_2655079181553984_3584871899986866623_n-1200x676.jpg 1200w\" sizes=\"(max-width: 2048px) 100vw, 2048px\" \/><\/p>\n<p>A 74 kilogrammosok k\u00f6z\u00f6tt szerepl\u0151 Varga M\u00e1t\u00e9 Bendeg\u00faz szint\u00e9n gy\u0151z\u00f6tt a vigasz\u00e1gon: koszov\u00f3i ellenfel\u00e9t fel\u00fclm\u00falva jutott be a bronzmeccsre. A helyoszt\u00f3n a t\u00f6r\u00f6k Umut Uslu 13\u20132-re nyert ellene, \u00edgy Varga ugyancsak \u00f6t\u00f6dikk\u00e9nt fejezte be a versenyt.<\/p>\n<p>A z\u00e1r\u00f3nap m\u00e1sik k\u00e9t magyar r\u00e9sztvev\u0151je k\u00f6z\u00fcl N\u00e9meth B\u00e1lint a 61 kilogrammos, Soliman Youssef pedig a 92 kilogrammos s\u00falycsoport vigasz\u00e1g\u00e1n szenvedett veres\u00e9get, \u00edgy egyik\u00fck sem jutott el a bronzm\u00e9rk\u0151z\u00e9sig. A Magyar Birk\u00f3z\u00f3k Sz\u00f6vets\u00e9g\u00e9nek besz\u00e1mol\u00f3ja szerint L\u00e1szl\u00f3 M\u00f3zes szint\u00e9n \u00f6t\u00f6dik helyez\u00e9st \u00e9rt el a szabadfog\u00e1s\u00faak k\u00f6z\u00f6tt.<\/p>\n<p>A magyar v\u00e1logatott \u00f6sszesen h\u00e1rom \u00e9remmel \u2013 egy arannyal \u00e9s k\u00e9t bronzzal \u2013 fejezte be szerepl\u00e9s\u00e9t a szkopjei U20-as Eur\u00f3pa-bajnoks\u00e1gon.<\/p>\n<p><em>Felhaszn\u00e1lt forr\u00e1sok: Dorogi Atl\u00e9tikai Club \/ Nemzeti Sport \/ Magyar Birk\u00f3z\u00f3k Sz\u00f6vets\u00e9ge<br \/>\nFot\u00f3k: Magyar Birk\u00f3z\u00f3k Sz\u00f6vets\u00e9ge<\/em><\/p>\n","protected":false},"excerpt":{"rendered":"<p>A Dorogi Atl\u00e9tikai Club versenyz\u0151je, Szil\u00e1gyi D\u00e1niel az \u00f6t\u00f6dik helyen v\u00e9gzett a 125 kilogrammos szabadfog\u00e1s\u00faak mez\u0151ny\u00e9ben a szkopjei U20-as birk\u00f3z\u00f3 Eur\u00f3pa-bajnoks\u00e1gon. A kontinensviadalt j\u00falius 6. \u00e9s 12. k\u00f6z\u00f6tt rendezt\u00e9k meg \u00c9szak-Maced\u00f3nia f\u0151v\u00e1ros\u00e1ban. N\u00e9gy magyar szabadfog\u00e1s\u00fa birk\u00f3z\u00f3 maradt versenyben az Eur\u00f3pa-bajnoks\u00e1g j\u00falius 12-i z\u00e1r\u00f3napj\u00e1ra, valamennyien a vigasz\u00e1gon folytathatt\u00e1k szerepl\u00e9s\u00fcket. A 125 kilogrammos s\u00falycsoportban indul\u00f3 Szil\u00e1gyi D\u00e1niel<\/p>\n","protected":false},"author":1,"featured_media":82064,"comment_status":"closed","ping_status":"closed","sticky":false,"template":"","format":"standard","meta":{"ngg_post_thumbnail":0,"footnotes":""},"categories":[2,3,5],"tags":[356,15,4037,4090,2834,16],"class_list":["post-82062","post","type-post","status-publish","format-standard","has-post-thumbnail","category-dorog","category-hirek","category-sport","tag-birkozas","tag-dorog","tag-dorogi-ac","tag-dorogi-atletikai-club","tag-europa-bajnoksag","tag-sport"],"yoast_head":"<!-- This site is optimized with the Yoast SEO plugin v28.3 - https:\/\/yoast.com\/product\/yoast-seo-wordpress\/ -->\n<title>\u00d6t\u00f6dik lett az U20-as Eur\u00f3pa-bajnoks\u00e1gon Szil\u00e1gyi D\u00e1niel<\/title>\n<meta name=\"robots\" content=\"index, follow, max-snippet:-1, max-image-preview:large, max-video-preview:-1\" \/>\n<link rel=\"canonical\" href=\"https:\/\/dorogimedence.hu\/index.php\/2026\/07\/16\/otodik-lett-az-u20-as-europa-bajnoksagon-szilagyi-daniel\/\" class=\"yoast-seo-meta-tag\" \/>\n<meta property=\"og:locale\" content=\"hu_HU\" class=\"yoast-seo-meta-tag\" \/>\n<meta property=\"og:type\" content=\"article\" class=\"yoast-seo-meta-tag\" \/>\n<meta property=\"og:title\" content=\"\u00d6t\u00f6dik lett az U20-as Eur\u00f3pa-bajnoks\u00e1gon Szil\u00e1gyi D\u00e1niel\" class=\"yoast-seo-meta-tag\" \/>\n<meta property=\"og:description\" content=\"A Dorogi Atl\u00e9tikai Club versenyz\u0151je, Szil\u00e1gyi D\u00e1niel az \u00f6t\u00f6dik helyen v\u00e9gzett a 125 kilogrammos szabadfog\u00e1s\u00faak mez\u0151ny\u00e9ben a szkopjei U20-as birk\u00f3z\u00f3 Eur\u00f3pa-bajnoks\u00e1gon. A kontinensviadalt j\u00falius 6. \u00e9s 12. k\u00f6z\u00f6tt rendezt\u00e9k meg \u00c9szak-Maced\u00f3nia f\u0151v\u00e1ros\u00e1ban. N\u00e9gy magyar szabadfog\u00e1s\u00fa birk\u00f3z\u00f3 maradt versenyben az Eur\u00f3pa-bajnoks\u00e1g j\u00falius 12-i z\u00e1r\u00f3napj\u00e1ra, valamennyien a vigasz\u00e1gon folytathatt\u00e1k szerepl\u00e9s\u00fcket. A 125 kilogrammos s\u00falycsoportban indul\u00f3 Szil\u00e1gyi D\u00e1niel\" class=\"yoast-seo-meta-tag\" \/>\n<meta property=\"og:url\" content=\"https:\/\/dorogimedence.hu\/index.php\/2026\/07\/16\/otodik-lett-az-u20-as-europa-bajnoksagon-szilagyi-daniel\/\" class=\"yoast-seo-meta-tag\" \/>\n<meta property=\"og:site_name\" content=\"Dorogi-medence Region\u00e1lis H\u00edrport\u00e1l\" class=\"yoast-seo-meta-tag\" \/>\n<meta property=\"article:publisher\" content=\"https:\/\/www.facebook.com\/dorogimedence\/\" class=\"yoast-seo-meta-tag\" \/>\n<meta property=\"article:published_time\" content=\"2026-07-16T08:26:37+00:00\" class=\"yoast-seo-meta-tag\" \/>\n<meta property=\"og:image\" content=\"https:\/\/dorogimedence.hu\/wp-content\/uploads\/2026\/07\/u20eb.jpg\" class=\"yoast-seo-meta-tag\" \/>\n\t<meta property=\"og:image:width\" content=\"1920\" class=\"yoast-seo-meta-tag\" \/>\n\t<meta property=\"og:image:height\" content=\"970\" class=\"yoast-seo-meta-tag\" \/>\n\t<meta property=\"og:image:type\" content=\"image\/jpeg\" class=\"yoast-seo-meta-tag\" \/>\n<meta name=\"author\" content=\"dorogimedence.hu\" class=\"yoast-seo-meta-tag\" \/>\n<meta name=\"twitter:card\" content=\"summary_large_image\" class=\"yoast-seo-meta-tag\" \/>\n<meta name=\"twitter:label1\" content=\"Szerz\u0151:\" class=\"yoast-seo-meta-tag\" \/>\n\t<meta name=\"twitter:data1\" content=\"dorogimedence.hu\" class=\"yoast-seo-meta-tag\" \/>\n\t<meta name=\"twitter:label2\" content=\"Becs\u00fclt olvas\u00e1si id\u0151\" class=\"yoast-seo-meta-tag\" \/>\n\t<meta name=\"twitter:data2\" content=\"2 perc\" class=\"yoast-seo-meta-tag\" \/>\n<script type=\"application\/ld+json\" class=\"yoast-schema-graph\">{\"@context\":\"https:\\\/\\\/schema.org\",\"@graph\":[{\"@type\":\"Article\",\"@id\":\"https:\\\/\\\/dorogimedence.hu\\\/index.php\\\/2026\\\/07\\\/16\\\/otodik-lett-az-u20-as-europa-bajnoksagon-szilagyi-daniel\\\/#article\",\"isPartOf\":{\"@id\":\"https:\\\/\\\/dorogimedence.hu\\\/index.php\\\/2026\\\/07\\\/16\\\/otodik-lett-az-u20-as-europa-bajnoksagon-szilagyi-daniel\\\/\"},\"author\":{\"name\":\"dorogimedence.hu\",\"@id\":\"https:\\\/\\\/dorogimedence.hu\\\/#\\\/schema\\\/person\\\/ce6091eeb7e95ecdc87890d6aa8e0fd4\"},\"headline\":\"\u00d6t\u00f6dik lett az U20-as Eur\u00f3pa-bajnoks\u00e1gon Szil\u00e1gyi D\u00e1niel\",\"datePublished\":\"2026-07-16T08:26:37+00:00\",\"mainEntityOfPage\":{\"@id\":\"https:\\\/\\\/dorogimedence.hu\\\/index.php\\\/2026\\\/07\\\/16\\\/otodik-lett-az-u20-as-europa-bajnoksagon-szilagyi-daniel\\\/\"},\"wordCount\":351,\"publisher\":{\"@id\":\"https:\\\/\\\/dorogimedence.hu\\\/#organization\"},\"image\":{\"@id\":\"https:\\\/\\\/dorogimedence.hu\\\/index.php\\\/2026\\\/07\\\/16\\\/otodik-lett-az-u20-as-europa-bajnoksagon-szilagyi-daniel\\\/#primaryimage\"},\"thumbnailUrl\":\"https:\\\/\\\/dorogimedence.hu\\\/wp-content\\\/uploads\\\/2026\\\/07\\\/u20eb.jpg\",\"keywords\":[\"birk\u00f3z\u00e1s\",\"Dorog\",\"Dorogi AC\",\"Dorogi Atl\u00e9tikai Club\",\"Eur\u00f3pa-bajnoks\u00e1g\",\"sport\"],\"articleSection\":[\"Dorog\",\"H\u00edrek\",\"Sport\"],\"inLanguage\":\"hu\"},{\"@type\":\"WebPage\",\"@id\":\"https:\\\/\\\/dorogimedence.hu\\\/index.php\\\/2026\\\/07\\\/16\\\/otodik-lett-az-u20-as-europa-bajnoksagon-szilagyi-daniel\\\/\",\"url\":\"https:\\\/\\\/dorogimedence.hu\\\/index.php\\\/2026\\\/07\\\/16\\\/otodik-lett-az-u20-as-europa-bajnoksagon-szilagyi-daniel\\\/\",\"name\":\"\u00d6t\u00f6dik lett az U20-as Eur\u00f3pa-bajnoks\u00e1gon Szil\u00e1gyi D\u00e1niel\",\"isPartOf\":{\"@id\":\"https:\\\/\\\/dorogimedence.hu\\\/#website\"},\"primaryImageOfPage\":{\"@id\":\"https:\\\/\\\/dorogimedence.hu\\\/index.php\\\/2026\\\/07\\\/16\\\/otodik-lett-az-u20-as-europa-bajnoksagon-szilagyi-daniel\\\/#primaryimage\"},\"image\":{\"@id\":\"https:\\\/\\\/dorogimedence.hu\\\/index.php\\\/2026\\\/07\\\/16\\\/otodik-lett-az-u20-as-europa-bajnoksagon-szilagyi-daniel\\\/#primaryimage\"},\"thumbnailUrl\":\"https:\\\/\\\/dorogimedence.hu\\\/wp-content\\\/uploads\\\/2026\\\/07\\\/u20eb.jpg\",\"datePublished\":\"2026-07-16T08:26:37+00:00\",\"breadcrumb\":{\"@id\":\"https:\\\/\\\/dorogimedence.hu\\\/index.php\\\/2026\\\/07\\\/16\\\/otodik-lett-az-u20-as-europa-bajnoksagon-szilagyi-daniel\\\/#breadcrumb\"},\"inLanguage\":\"hu\",\"potentialAction\":[{\"@type\":\"ReadAction\",\"target\":[\"https:\\\/\\\/dorogimedence.hu\\\/index.php\\\/2026\\\/07\\\/16\\\/otodik-lett-az-u20-as-europa-bajnoksagon-szilagyi-daniel\\\/\"]}]},{\"@type\":\"ImageObject\",\"inLanguage\":\"hu\",\"@id\":\"https:\\\/\\\/dorogimedence.hu\\\/index.php\\\/2026\\\/07\\\/16\\\/otodik-lett-az-u20-as-europa-bajnoksagon-szilagyi-daniel\\\/#primaryimage\",\"url\":\"https:\\\/\\\/dorogimedence.hu\\\/wp-content\\\/uploads\\\/2026\\\/07\\\/u20eb.jpg\",\"contentUrl\":\"https:\\\/\\\/dorogimedence.hu\\\/wp-content\\\/uploads\\\/2026\\\/07\\\/u20eb.jpg\",\"width\":1920,\"height\":970},{\"@type\":\"BreadcrumbList\",\"@id\":\"https:\\\/\\\/dorogimedence.hu\\\/index.php\\\/2026\\\/07\\\/16\\\/otodik-lett-az-u20-as-europa-bajnoksagon-szilagyi-daniel\\\/#breadcrumb\",\"itemListElement\":[{\"@type\":\"ListItem\",\"position\":1,\"name\":\"Kezd\u0151lap\",\"item\":\"https:\\\/\\\/dorogimedence.hu\\\/\"},{\"@type\":\"ListItem\",\"position\":2,\"name\":\"\u00d6t\u00f6dik lett az U20-as Eur\u00f3pa-bajnoks\u00e1gon Szil\u00e1gyi D\u00e1niel\"}]},{\"@type\":\"WebSite\",\"@id\":\"https:\\\/\\\/dorogimedence.hu\\\/#website\",\"url\":\"https:\\\/\\\/dorogimedence.hu\\\/\",\"name\":\"Dorogi-medence Region\u00e1lis H\u00edrport\u00e1l\",\"description\":\"Dorog, Keszt\u00f6lc, Le\u00e1nyv\u00e1r, Piliscs\u00e9v, Tokod, Tokodalt\u00e1r\u00f3, Csolnok, Esztergom-kertv\u00e1ros: h\u00edrek, programok\",\"publisher\":{\"@id\":\"https:\\\/\\\/dorogimedence.hu\\\/#organization\"},\"potentialAction\":[{\"@type\":\"SearchAction\",\"target\":{\"@type\":\"EntryPoint\",\"urlTemplate\":\"https:\\\/\\\/dorogimedence.hu\\\/?s={search_term_string}\"},\"query-input\":{\"@type\":\"PropertyValueSpecification\",\"valueRequired\":true,\"valueName\":\"search_term_string\"}}],\"inLanguage\":\"hu\"},{\"@type\":\"Organization\",\"@id\":\"https:\\\/\\\/dorogimedence.hu\\\/#organization\",\"name\":\"Dorogi-medence Region\u00e1lis H\u00edrport\u00e1l\",\"url\":\"https:\\\/\\\/dorogimedence.hu\\\/\",\"logo\":{\"@type\":\"ImageObject\",\"inLanguage\":\"hu\",\"@id\":\"https:\\\/\\\/dorogimedence.hu\\\/#\\\/schema\\\/logo\\\/image\\\/\",\"url\":\"https:\\\/\\\/dorogimedence.hu\\\/wp-content\\\/uploads\\\/2021\\\/04\\\/logo-feher-600.png\",\"contentUrl\":\"https:\\\/\\\/dorogimedence.hu\\\/wp-content\\\/uploads\\\/2021\\\/04\\\/logo-feher-600.png\",\"width\":600,\"height\":100,\"caption\":\"Dorogi-medence Region\u00e1lis H\u00edrport\u00e1l\"},\"image\":{\"@id\":\"https:\\\/\\\/dorogimedence.hu\\\/#\\\/schema\\\/logo\\\/image\\\/\"},\"sameAs\":[\"https:\\\/\\\/www.facebook.com\\\/dorogimedence\\\/\"]},{\"@type\":\"Person\",\"@id\":\"https:\\\/\\\/dorogimedence.hu\\\/#\\\/schema\\\/person\\\/ce6091eeb7e95ecdc87890d6aa8e0fd4\",\"name\":\"dorogimedence.hu\",\"image\":{\"@type\":\"ImageObject\",\"inLanguage\":\"hu\",\"@id\":\"\\\/\\\/www.gravatar.com\\\/avatar\\\/d8d45f8901aadff40a4af72c0b826f1d?s=96&#038;r=g&#038;d=mm\",\"url\":\"\\\/\\\/www.gravatar.com\\\/avatar\\\/d8d45f8901aadff40a4af72c0b826f1d?s=96&#038;r=g&#038;d=mm\",\"contentUrl\":\"\\\/\\\/www.gravatar.com\\\/avatar\\\/d8d45f8901aadff40a4af72c0b826f1d?s=96&#038;r=g&#038;d=mm\",\"caption\":\"dorogimedence.hu\"}}]}<\/script>\n<!-- \/ Yoast SEO plugin. -->","yoast_head_json":{"title":"\u00d6t\u00f6dik lett az U20-as Eur\u00f3pa-bajnoks\u00e1gon Szil\u00e1gyi D\u00e1niel","robots":{"index":"index","follow":"follow","max-snippet":"max-snippet:-1","max-image-preview":"max-image-preview:large","max-video-preview":"max-video-preview:-1"},"canonical":"https:\/\/dorogimedence.hu\/index.php\/2026\/07\/16\/otodik-lett-az-u20-as-europa-bajnoksagon-szilagyi-daniel\/","og_locale":"hu_HU","og_type":"article","og_title":"\u00d6t\u00f6dik lett az U20-as Eur\u00f3pa-bajnoks\u00e1gon Szil\u00e1gyi D\u00e1niel","og_description":"A Dorogi Atl\u00e9tikai Club versenyz\u0151je, Szil\u00e1gyi D\u00e1niel az \u00f6t\u00f6dik helyen v\u00e9gzett a 125 kilogrammos szabadfog\u00e1s\u00faak mez\u0151ny\u00e9ben a szkopjei U20-as birk\u00f3z\u00f3 Eur\u00f3pa-bajnoks\u00e1gon. A kontinensviadalt j\u00falius 6. \u00e9s 12. k\u00f6z\u00f6tt rendezt\u00e9k meg \u00c9szak-Maced\u00f3nia f\u0151v\u00e1ros\u00e1ban. N\u00e9gy magyar szabadfog\u00e1s\u00fa birk\u00f3z\u00f3 maradt versenyben az Eur\u00f3pa-bajnoks\u00e1g j\u00falius 12-i z\u00e1r\u00f3napj\u00e1ra, valamennyien a vigasz\u00e1gon folytathatt\u00e1k szerepl\u00e9s\u00fcket. A 125 kilogrammos s\u00falycsoportban indul\u00f3 Szil\u00e1gyi D\u00e1niel","og_url":"https:\/\/dorogimedence.hu\/index.php\/2026\/07\/16\/otodik-lett-az-u20-as-europa-bajnoksagon-szilagyi-daniel\/","og_site_name":"Dorogi-medence Region\u00e1lis H\u00edrport\u00e1l","article_publisher":"https:\/\/www.facebook.com\/dorogimedence\/","article_published_time":"2026-07-16T08:26:37+00:00","og_image":[{"width":1920,"height":970,"url":"https:\/\/dorogimedence.hu\/wp-content\/uploads\/2026\/07\/u20eb.jpg","type":"image\/jpeg"}],"author":"dorogimedence.hu","twitter_card":"summary_large_image","twitter_misc":{"Szerz\u0151:":"dorogimedence.hu","Becs\u00fclt olvas\u00e1si id\u0151":"2 perc"},"schema":{"@context":"https:\/\/schema.org","@graph":[{"@type":"Article","@id":"https:\/\/dorogimedence.hu\/index.php\/2026\/07\/16\/otodik-lett-az-u20-as-europa-bajnoksagon-szilagyi-daniel\/#article","isPartOf":{"@id":"https:\/\/dorogimedence.hu\/index.php\/2026\/07\/16\/otodik-lett-az-u20-as-europa-bajnoksagon-szilagyi-daniel\/"},"author":{"name":"dorogimedence.hu","@id":"https:\/\/dorogimedence.hu\/#\/schema\/person\/ce6091eeb7e95ecdc87890d6aa8e0fd4"},"headline":"\u00d6t\u00f6dik lett az U20-as Eur\u00f3pa-bajnoks\u00e1gon Szil\u00e1gyi D\u00e1niel","datePublished":"2026-07-16T08:26:37+00:00","mainEntityOfPage":{"@id":"https:\/\/dorogimedence.hu\/index.php\/2026\/07\/16\/otodik-lett-az-u20-as-europa-bajnoksagon-szilagyi-daniel\/"},"wordCount":351,"publisher":{"@id":"https:\/\/dorogimedence.hu\/#organization"},"image":{"@id":"https:\/\/dorogimedence.hu\/index.php\/2026\/07\/16\/otodik-lett-az-u20-as-europa-bajnoksagon-szilagyi-daniel\/#primaryimage"},"thumbnailUrl":"https:\/\/dorogimedence.hu\/wp-content\/uploads\/2026\/07\/u20eb.jpg","keywords":["birk\u00f3z\u00e1s","Dorog","Dorogi AC","Dorogi Atl\u00e9tikai Club","Eur\u00f3pa-bajnoks\u00e1g","sport"],"articleSection":["Dorog","H\u00edrek","Sport"],"inLanguage":"hu"},{"@type":"WebPage","@id":"https:\/\/dorogimedence.hu\/index.php\/2026\/07\/16\/otodik-lett-az-u20-as-europa-bajnoksagon-szilagyi-daniel\/","url":"https:\/\/dorogimedence.hu\/index.php\/2026\/07\/16\/otodik-lett-az-u20-as-europa-bajnoksagon-szilagyi-daniel\/","name":"\u00d6t\u00f6dik lett az U20-as Eur\u00f3pa-bajnoks\u00e1gon Szil\u00e1gyi D\u00e1niel","isPartOf":{"@id":"https:\/\/dorogimedence.hu\/#website"},"primaryImageOfPage":{"@id":"https:\/\/dorogimedence.hu\/index.php\/2026\/07\/16\/otodik-lett-az-u20-as-europa-bajnoksagon-szilagyi-daniel\/#primaryimage"},"image":{"@id":"https:\/\/dorogimedence.hu\/index.php\/2026\/07\/16\/otodik-lett-az-u20-as-europa-bajnoksagon-szilagyi-daniel\/#primaryimage"},"thumbnailUrl":"https:\/\/dorogimedence.hu\/wp-content\/uploads\/2026\/07\/u20eb.jpg","datePublished":"2026-07-16T08:26:37+00:00","breadcrumb":{"@id":"https:\/\/dorogimedence.hu\/index.php\/2026\/07\/16\/otodik-lett-az-u20-as-europa-bajnoksagon-szilagyi-daniel\/#breadcrumb"},"inLanguage":"hu","potentialAction":[{"@type":"ReadAction","target":["https:\/\/dorogimedence.hu\/index.php\/2026\/07\/16\/otodik-lett-az-u20-as-europa-bajnoksagon-szilagyi-daniel\/"]}]},{"@type":"ImageObject","inLanguage":"hu","@id":"https:\/\/dorogimedence.hu\/index.php\/2026\/07\/16\/otodik-lett-az-u20-as-europa-bajnoksagon-szilagyi-daniel\/#primaryimage","url":"https:\/\/dorogimedence.hu\/wp-content\/uploads\/2026\/07\/u20eb.jpg","contentUrl":"https:\/\/dorogimedence.hu\/wp-content\/uploads\/2026\/07\/u20eb.jpg","width":1920,"height":970},{"@type":"BreadcrumbList","@id":"https:\/\/dorogimedence.hu\/index.php\/2026\/07\/16\/otodik-lett-az-u20-as-europa-bajnoksagon-szilagyi-daniel\/#breadcrumb","itemListElement":[{"@type":"ListItem","position":1,"name":"Kezd\u0151lap","item":"https:\/\/dorogimedence.hu\/"},{"@type":"ListItem","position":2,"name":"\u00d6t\u00f6dik lett az U20-as Eur\u00f3pa-bajnoks\u00e1gon Szil\u00e1gyi D\u00e1niel"}]},{"@type":"WebSite","@id":"https:\/\/dorogimedence.hu\/#website","url":"https:\/\/dorogimedence.hu\/","name":"Dorogi-medence Region\u00e1lis H\u00edrport\u00e1l","description":"Dorog, Keszt\u00f6lc, Le\u00e1nyv\u00e1r, Piliscs\u00e9v, Tokod, Tokodalt\u00e1r\u00f3, Csolnok, Esztergom-kertv\u00e1ros: h\u00edrek, programok","publisher":{"@id":"https:\/\/dorogimedence.hu\/#organization"},"potentialAction":[{"@type":"SearchAction","target":{"@type":"EntryPoint","urlTemplate":"https:\/\/dorogimedence.hu\/?s={search_term_string}"},"query-input":{"@type":"PropertyValueSpecification","valueRequired":true,"valueName":"search_term_string"}}],"inLanguage":"hu"},{"@type":"Organization","@id":"https:\/\/dorogimedence.hu\/#organization","name":"Dorogi-medence Region\u00e1lis H\u00edrport\u00e1l","url":"https:\/\/dorogimedence.hu\/","logo":{"@type":"ImageObject","inLanguage":"hu","@id":"https:\/\/dorogimedence.hu\/#\/schema\/logo\/image\/","url":"https:\/\/dorogimedence.hu\/wp-content\/uploads\/2021\/04\/logo-feher-600.png","contentUrl":"https:\/\/dorogimedence.hu\/wp-content\/uploads\/2021\/04\/logo-feher-600.png","width":600,"height":100,"caption":"Dorogi-medence Region\u00e1lis H\u00edrport\u00e1l"},"image":{"@id":"https:\/\/dorogimedence.hu\/#\/schema\/logo\/image\/"},"sameAs":["https:\/\/www.facebook.com\/dorogimedence\/"]},{"@type":"Person","@id":"https:\/\/dorogimedence.hu\/#\/schema\/person\/ce6091eeb7e95ecdc87890d6aa8e0fd4","name":"dorogimedence.hu","image":{"@type":"ImageObject","inLanguage":"hu","@id":"\/\/www.gravatar.com\/avatar\/d8d45f8901aadff40a4af72c0b826f1d?s=96&#038;r=g&#038;d=mm","url":"\/\/www.gravatar.com\/avatar\/d8d45f8901aadff40a4af72c0b826f1d?s=96&#038;r=g&#038;d=mm","contentUrl":"\/\/www.gravatar.com\/avatar\/d8d45f8901aadff40a4af72c0b826f1d?s=96&#038;r=g&#038;d=mm","caption":"dorogimedence.hu"}}]}},"_links":{"self":[{"href":"https:\/\/dorogimedence.hu\/index.php\/wp-json\/wp\/v2\/posts\/82062","targetHints":{"allow":["GET"]}}],"collection":[{"href":"https:\/\/dorogimedence.hu\/index.php\/wp-json\/wp\/v2\/posts"}],"about":[{"href":"https:\/\/dorogimedence.hu\/index.php\/wp-json\/wp\/v2\/types\/post"}],"author":[{"embeddable":true,"href":"https:\/\/dorogimedence.hu\/index.php\/wp-json\/wp\/v2\/users\/1"}],"replies":[{"embeddable":true,"href":"https:\/\/dorogimedence.hu\/index.php\/wp-json\/wp\/v2\/comments?post=82062"}],"version-history":[{"count":1,"href":"https:\/\/dorogimedence.hu\/index.php\/wp-json\/wp\/v2\/posts\/82062\/revisions"}],"predecessor-version":[{"id":82065,"href":"https:\/\/dorogimedence.hu\/index.php\/wp-json\/wp\/v2\/posts\/82062\/revisions\/82065"}],"wp:featuredmedia":[{"embeddable":true,"href":"https:\/\/dorogimedence.hu\/index.php\/wp-json\/wp\/v2\/media\/82064"}],"wp:attachment":[{"href":"https:\/\/dorogimedence.hu\/index.php\/wp-json\/wp\/v2\/media?parent=82062"}],"wp:term":[{"taxonomy":"category","embeddable":true,"href":"https:\/\/dorogimedence.hu\/index.php\/wp-json\/wp\/v2\/categories?post=82062"},{"taxonomy":"post_tag","embeddable":true,"href":"https:\/\/dorogimedence.hu\/index.php\/wp-json\/wp\/v2\/tags?post=82062"}],"curies":[{"name":"wp","href":"https:\/\/api.w.org\/{rel}","templated":true}]}}