{"id":82060,"date":"2026-07-16T09:12:10","date_gmt":"2026-07-16T07:12:10","guid":{"rendered":"https:\/\/dorogimedence.hu\/?p=82060"},"modified":"2026-07-16T09:12:10","modified_gmt":"2026-07-16T07:12:10","slug":"segitsunk-idos-hozzatartozoinknak-az-okmanycsereben","status":"publish","type":"post","link":"https:\/\/dorogimedence.hu\/index.php\/2026\/07\/16\/segitsunk-idos-hozzatartozoinknak-az-okmanycsereben\/","title":{"rendered":"Seg\u00edts\u00fcnk id\u0151s hozz\u00e1tartoz\u00f3inknak az okm\u00e1nycser\u00e9ben!"},"content":{"rendered":"<div class=\"clearfix text-formatted field field--name-field-bevezeto-full field--type-text-long field--label-hidden field__item\">\n<p><strong>A Bel\u00fcgyminiszt\u00e9rium k\u00f6zlem\u00e9ny\u00e9ben felh\u00edvja a lakoss\u00e1g figyelm\u00e9t, hogy 2026. augusztus 3-\u00e1n \u00e9rv\u00e9ny\u00fcket vesztik a 2000. janu\u00e1r 1-e el\u0151tt ki\u00e1ll\u00edtott, k\u00f6nyv form\u00e1tum\u00fa, hat\u00e1rid\u0151 n\u00e9lk\u00fcli, ez\u00e1ltal jelenleg \u00e9rv\u00e9nyes szem\u00e9lyazonos\u00edt\u00f3 igazolv\u00e1nyok.<\/strong><\/p>\n<\/div>\n<div class=\"node__body\">\n<div class=\"clearfix text-formatted field field--name-body field--type-text-with-summary field--label-hidden field__item\">\n<p>Az \u00e9rintettek t\u00f6bbs\u00e9ge id\u0151s ember, akik k\u00f6z\u00fcl sokan hossz\u00fa \u00e9vek \u00f3ta ugyanazt az okm\u00e1nyt haszn\u00e1lj\u00e1k, ez\u00e9rt el\u0151fordulhat, hogy nem \u00e9rtes\u00fcltek a v\u00e1ltoz\u00e1sr\u00f3l. Mivel az \u00e9rv\u00e9nyess\u00e9g megsz\u0171n\u00e9s\u00e9r\u0151l a hat\u00f3s\u00e1g k\u00fcl\u00f6n \u00e9rtes\u00edt\u00e9st nem k\u00fcld, a csal\u00e1dtagok \u00e9s hozz\u00e1tartoz\u00f3k seg\u00edts\u00e9ge kiemelten fontos.<\/p>\n<p>K\u00f6zlem\u00e9ny\u00fckben k\u00e9rik a hozz\u00e1tartoz\u00f3kat, hogy ellen\u0151rizz\u00e9k id\u0151s csal\u00e1dtagjaik szem\u00e9lyazonos\u00edt\u00f3 igazolv\u00e1ny\u00e1t. Amennyiben az \u00e9rintett m\u00e9g r\u00e9gi, k\u00f6nyv form\u00e1tum\u00fa szem\u00e9lyazonos\u00edt\u00f3 igazolv\u00e1nnyal rendelkezik, miel\u0151bb kezdem\u00e9nyezze annak cser\u00e9j\u00e9t. Az \u00faj, k\u00e1rtyaform\u00e1tum\u00fa szem\u00e9lyazonos\u00edt\u00f3 igazolv\u00e1ny b\u00e1rmely korm\u00e1nyablakban ig\u00e9nyelhet\u0151, id\u0151pontfoglal\u00e1ssal vagy an\u00e9lk\u00fcl. A szem\u00e9lyazonos\u00edt\u00f3 igazolv\u00e1ny cser\u00e9jekor a r\u00e9gi okm\u00e1nyt be kell mutatni, az \u00faj \u00e1tv\u00e9telekor pedig le kell adni. A 70. \u00e9let\u00e9v\u00fcket bet\u00f6lt\u00f6tt \u00e1llampolg\u00e1rok r\u00e9sz\u00e9re az \u00e1lland\u00f3 szem\u00e9lyazonos\u00edt\u00f3 igazolv\u00e1ny ki\u00e1ll\u00edt\u00e1sa d\u00edjmentes.<\/p>\n<p>A korm\u00e1nyablakok b\u0151vebb kapacit\u00e1s mellett, soron k\u00edv\u00fcli \u00fcgyint\u00e9z\u00e9st biztos\u00edtanak az \u00e9rintett id\u0151s \u00e1llampolg\u00e1roknak, akik \u00edgy r\u00f6videbb v\u00e1rakoz\u00e1si id\u0151 alatt int\u00e9zhetik el a szem\u00e9lyazonos\u00edt\u00f3 igazolv\u00e1ny cser\u00e9j\u00e9t.<\/p>\n<p>Amennyiben az \u00e9rintett eg\u00e9szs\u00e9gi \u00e1llapota, mozg\u00e1skorl\u00e1tozotts\u00e1ga miatt nem tud szem\u00e9lyesen megjelenni, a lak\u00f3hely szerint illet\u00e9kes korm\u00e1nyhivataln\u00e1l mobil korm\u00e1nyablakos (mobil okm\u00e1nyirodai) \u00fcgyint\u00e9z\u00e9s is kezdem\u00e9nyezhet\u0151 A k\u00e9relmet a lak\u00f3hely szerint illet\u00e9kes korm\u00e1nyhivatalhoz kell beny\u00fajtani (<a href=\"https:\/\/kormanyhivatalok.hu\/node\/47532\" target=\"_blank\" rel=\"noopener\"><span style=\"text-decoration: underline; color: #0000ff;\">https:\/\/kormanyhivatalok.hu\/node\/47532<\/span><\/a>), sz\u00fcks\u00e9g eset\u00e9n orvosi igazol\u00e1s csatol\u00e1s\u00e1val. A k\u00e9relem elb\u00edr\u00e1l\u00e1s\u00e1t k\u00f6vet\u0151en a hivatal egyezteti a helysz\u00edni \u00fcgyint\u00e9z\u00e9s id\u0151pontj\u00e1t, \u00edgy a szem\u00e9lyazonos\u00edt\u00f3 igazolv\u00e1ny cser\u00e9j\u00e9re az \u00e9rintett lakc\u00edm\u00e9n vagy egy\u00e9b fellelhet\u0151s\u00e9gi hely\u00e9n (pl. id\u0151sek otthona) is lehet\u0151s\u00e9g ny\u00edlhat.<\/p>\n<p>A Bel\u00fcgyminiszt\u00e9rium k\u00e9ri a lakoss\u00e1got, hogy az okm\u00e1nycser\u00e9t ne halassz\u00e1k az utols\u00f3 pillanatra. Az id\u0151ben elind\u00edtott \u00fcgyint\u00e9z\u00e9ssel elker\u00fclhet\u0151, hogy az \u00e9rintettek \u00e9rv\u00e9nyes szem\u00e9lyazonos\u00edt\u00f3 okm\u00e1ny hi\u00e1ny\u00e1ban nehezebben int\u00e9zhess\u00e9k mindennapi \u00fcgyeiket.<\/p>\n<\/div>\n<\/div>\n<div class=\"forras mb-5\"><em>Forr\u00e1s: Bel\u00fcgyminiszt\u00e9rium<\/em><br \/>\n<em>Bor\u00edt\u00f3k\u00e9p: illusztr\u00e1ci\u00f3 (ChatGPT &#8211; AI)<\/em><\/div>\n","protected":false},"excerpt":{"rendered":"<p>A Bel\u00fcgyminiszt\u00e9rium k\u00f6zlem\u00e9ny\u00e9ben felh\u00edvja a lakoss\u00e1g figyelm\u00e9t, hogy 2026. augusztus 3-\u00e1n \u00e9rv\u00e9ny\u00fcket vesztik a 2000. janu\u00e1r 1-e el\u0151tt ki\u00e1ll\u00edtott, k\u00f6nyv form\u00e1tum\u00fa, hat\u00e1rid\u0151 n\u00e9lk\u00fcli, ez\u00e1ltal jelenleg \u00e9rv\u00e9nyes szem\u00e9lyazonos\u00edt\u00f3 igazolv\u00e1nyok. Az \u00e9rintettek t\u00f6bbs\u00e9ge id\u0151s ember, akik k\u00f6z\u00fcl sokan hossz\u00fa \u00e9vek \u00f3ta ugyanazt az okm\u00e1nyt haszn\u00e1lj\u00e1k, ez\u00e9rt el\u0151fordulhat, hogy nem \u00e9rtes\u00fcltek a v\u00e1ltoz\u00e1sr\u00f3l. Mivel az \u00e9rv\u00e9nyess\u00e9g megsz\u0171n\u00e9s\u00e9r\u0151l a<\/p>\n","protected":false},"author":1,"featured_media":81064,"comment_status":"closed","ping_status":"closed","sticky":false,"template":"","format":"standard","meta":{"ngg_post_thumbnail":0,"footnotes":""},"categories":[6934,3],"tags":[8987],"class_list":["post-82060","post","type-post","status-publish","format-standard","has-post-thumbnail","category-belfold","category-hirek","tag-szemelyazonosito-igazolvany"],"yoast_head":"<!-- This site is optimized with the Yoast SEO plugin v28.3 - https:\/\/yoast.com\/product\/yoast-seo-wordpress\/ -->\n<title>Seg\u00edts\u00fcnk id\u0151s hozz\u00e1tartoz\u00f3inknak az okm\u00e1nycser\u00e9ben!<\/title>\n<meta name=\"robots\" content=\"index, follow, max-snippet:-1, max-image-preview:large, max-video-preview:-1\" \/>\n<link rel=\"canonical\" href=\"https:\/\/dorogimedence.hu\/index.php\/2026\/07\/16\/segitsunk-idos-hozzatartozoinknak-az-okmanycsereben\/\" class=\"yoast-seo-meta-tag\" \/>\n<meta property=\"og:locale\" content=\"hu_HU\" class=\"yoast-seo-meta-tag\" \/>\n<meta property=\"og:type\" content=\"article\" class=\"yoast-seo-meta-tag\" \/>\n<meta property=\"og:title\" content=\"Seg\u00edts\u00fcnk id\u0151s hozz\u00e1tartoz\u00f3inknak az okm\u00e1nycser\u00e9ben!\" class=\"yoast-seo-meta-tag\" \/>\n<meta property=\"og:description\" content=\"A Bel\u00fcgyminiszt\u00e9rium k\u00f6zlem\u00e9ny\u00e9ben felh\u00edvja a lakoss\u00e1g figyelm\u00e9t, hogy 2026. augusztus 3-\u00e1n \u00e9rv\u00e9ny\u00fcket vesztik a 2000. janu\u00e1r 1-e el\u0151tt ki\u00e1ll\u00edtott, k\u00f6nyv form\u00e1tum\u00fa, hat\u00e1rid\u0151 n\u00e9lk\u00fcli, ez\u00e1ltal jelenleg \u00e9rv\u00e9nyes szem\u00e9lyazonos\u00edt\u00f3 igazolv\u00e1nyok. Az \u00e9rintettek t\u00f6bbs\u00e9ge id\u0151s ember, akik k\u00f6z\u00fcl sokan hossz\u00fa \u00e9vek \u00f3ta ugyanazt az okm\u00e1nyt haszn\u00e1lj\u00e1k, ez\u00e9rt el\u0151fordulhat, hogy nem \u00e9rtes\u00fcltek a v\u00e1ltoz\u00e1sr\u00f3l. Mivel az \u00e9rv\u00e9nyess\u00e9g megsz\u0171n\u00e9s\u00e9r\u0151l a\" class=\"yoast-seo-meta-tag\" \/>\n<meta property=\"og:url\" content=\"https:\/\/dorogimedence.hu\/index.php\/2026\/07\/16\/segitsunk-idos-hozzatartozoinknak-az-okmanycsereben\/\" class=\"yoast-seo-meta-tag\" \/>\n<meta property=\"og:site_name\" content=\"Dorogi-medence Region\u00e1lis H\u00edrport\u00e1l\" class=\"yoast-seo-meta-tag\" \/>\n<meta property=\"article:publisher\" content=\"https:\/\/www.facebook.com\/dorogimedence\/\" class=\"yoast-seo-meta-tag\" \/>\n<meta property=\"article:published_time\" content=\"2026-07-16T07:12:10+00:00\" class=\"yoast-seo-meta-tag\" \/>\n<meta property=\"og:image\" content=\"https:\/\/dorogimedence.hu\/wp-content\/uploads\/2026\/06\/ChatGPT-Image-2026.-jun.-14.-11_52_00.png\" class=\"yoast-seo-meta-tag\" \/>\n\t<meta property=\"og:image:width\" content=\"1536\" class=\"yoast-seo-meta-tag\" \/>\n\t<meta property=\"og:image:height\" content=\"1024\" class=\"yoast-seo-meta-tag\" \/>\n\t<meta property=\"og:image:type\" content=\"image\/png\" class=\"yoast-seo-meta-tag\" \/>\n<meta name=\"author\" content=\"dorogimedence.hu\" class=\"yoast-seo-meta-tag\" \/>\n<meta name=\"twitter:card\" content=\"summary_large_image\" class=\"yoast-seo-meta-tag\" \/>\n<meta name=\"twitter:label1\" content=\"Szerz\u0151:\" class=\"yoast-seo-meta-tag\" \/>\n\t<meta name=\"twitter:data1\" content=\"dorogimedence.hu\" class=\"yoast-seo-meta-tag\" \/>\n\t<meta name=\"twitter:label2\" content=\"Becs\u00fclt olvas\u00e1si id\u0151\" class=\"yoast-seo-meta-tag\" \/>\n\t<meta name=\"twitter:data2\" content=\"2 perc\" class=\"yoast-seo-meta-tag\" \/>\n<script type=\"application\/ld+json\" class=\"yoast-schema-graph\">{\"@context\":\"https:\\\/\\\/schema.org\",\"@graph\":[{\"@type\":\"Article\",\"@id\":\"https:\\\/\\\/dorogimedence.hu\\\/index.php\\\/2026\\\/07\\\/16\\\/segitsunk-idos-hozzatartozoinknak-az-okmanycsereben\\\/#article\",\"isPartOf\":{\"@id\":\"https:\\\/\\\/dorogimedence.hu\\\/index.php\\\/2026\\\/07\\\/16\\\/segitsunk-idos-hozzatartozoinknak-az-okmanycsereben\\\/\"},\"author\":{\"name\":\"dorogimedence.hu\",\"@id\":\"https:\\\/\\\/dorogimedence.hu\\\/#\\\/schema\\\/person\\\/ce6091eeb7e95ecdc87890d6aa8e0fd4\"},\"headline\":\"Seg\u00edts\u00fcnk id\u0151s hozz\u00e1tartoz\u00f3inknak az okm\u00e1nycser\u00e9ben!\",\"datePublished\":\"2026-07-16T07:12:10+00:00\",\"mainEntityOfPage\":{\"@id\":\"https:\\\/\\\/dorogimedence.hu\\\/index.php\\\/2026\\\/07\\\/16\\\/segitsunk-idos-hozzatartozoinknak-az-okmanycsereben\\\/\"},\"wordCount\":485,\"publisher\":{\"@id\":\"https:\\\/\\\/dorogimedence.hu\\\/#organization\"},\"image\":{\"@id\":\"https:\\\/\\\/dorogimedence.hu\\\/index.php\\\/2026\\\/07\\\/16\\\/segitsunk-idos-hozzatartozoinknak-az-okmanycsereben\\\/#primaryimage\"},\"thumbnailUrl\":\"https:\\\/\\\/dorogimedence.hu\\\/wp-content\\\/uploads\\\/2026\\\/06\\\/ChatGPT-Image-2026.-jun.-14.-11_52_00.png\",\"keywords\":[\"szem\u00e9lyazonos\u00edt\u00f3 igazolv\u00e1ny\"],\"articleSection\":[\"Belf\u00f6ld, Gazdas\u00e1g\",\"H\u00edrek\"],\"inLanguage\":\"hu\"},{\"@type\":\"WebPage\",\"@id\":\"https:\\\/\\\/dorogimedence.hu\\\/index.php\\\/2026\\\/07\\\/16\\\/segitsunk-idos-hozzatartozoinknak-az-okmanycsereben\\\/\",\"url\":\"https:\\\/\\\/dorogimedence.hu\\\/index.php\\\/2026\\\/07\\\/16\\\/segitsunk-idos-hozzatartozoinknak-az-okmanycsereben\\\/\",\"name\":\"Seg\u00edts\u00fcnk id\u0151s hozz\u00e1tartoz\u00f3inknak az okm\u00e1nycser\u00e9ben!\",\"isPartOf\":{\"@id\":\"https:\\\/\\\/dorogimedence.hu\\\/#website\"},\"primaryImageOfPage\":{\"@id\":\"https:\\\/\\\/dorogimedence.hu\\\/index.php\\\/2026\\\/07\\\/16\\\/segitsunk-idos-hozzatartozoinknak-az-okmanycsereben\\\/#primaryimage\"},\"image\":{\"@id\":\"https:\\\/\\\/dorogimedence.hu\\\/index.php\\\/2026\\\/07\\\/16\\\/segitsunk-idos-hozzatartozoinknak-az-okmanycsereben\\\/#primaryimage\"},\"thumbnailUrl\":\"https:\\\/\\\/dorogimedence.hu\\\/wp-content\\\/uploads\\\/2026\\\/06\\\/ChatGPT-Image-2026.-jun.-14.-11_52_00.png\",\"datePublished\":\"2026-07-16T07:12:10+00:00\",\"breadcrumb\":{\"@id\":\"https:\\\/\\\/dorogimedence.hu\\\/index.php\\\/2026\\\/07\\\/16\\\/segitsunk-idos-hozzatartozoinknak-az-okmanycsereben\\\/#breadcrumb\"},\"inLanguage\":\"hu\",\"potentialAction\":[{\"@type\":\"ReadAction\",\"target\":[\"https:\\\/\\\/dorogimedence.hu\\\/index.php\\\/2026\\\/07\\\/16\\\/segitsunk-idos-hozzatartozoinknak-az-okmanycsereben\\\/\"]}]},{\"@type\":\"ImageObject\",\"inLanguage\":\"hu\",\"@id\":\"https:\\\/\\\/dorogimedence.hu\\\/index.php\\\/2026\\\/07\\\/16\\\/segitsunk-idos-hozzatartozoinknak-az-okmanycsereben\\\/#primaryimage\",\"url\":\"https:\\\/\\\/dorogimedence.hu\\\/wp-content\\\/uploads\\\/2026\\\/06\\\/ChatGPT-Image-2026.-jun.-14.-11_52_00.png\",\"contentUrl\":\"https:\\\/\\\/dorogimedence.hu\\\/wp-content\\\/uploads\\\/2026\\\/06\\\/ChatGPT-Image-2026.-jun.-14.-11_52_00.png\",\"width\":1536,\"height\":1024},{\"@type\":\"BreadcrumbList\",\"@id\":\"https:\\\/\\\/dorogimedence.hu\\\/index.php\\\/2026\\\/07\\\/16\\\/segitsunk-idos-hozzatartozoinknak-az-okmanycsereben\\\/#breadcrumb\",\"itemListElement\":[{\"@type\":\"ListItem\",\"position\":1,\"name\":\"Kezd\u0151lap\",\"item\":\"https:\\\/\\\/dorogimedence.hu\\\/\"},{\"@type\":\"ListItem\",\"position\":2,\"name\":\"Seg\u00edts\u00fcnk id\u0151s hozz\u00e1tartoz\u00f3inknak az okm\u00e1nycser\u00e9ben!\"}]},{\"@type\":\"WebSite\",\"@id\":\"https:\\\/\\\/dorogimedence.hu\\\/#website\",\"url\":\"https:\\\/\\\/dorogimedence.hu\\\/\",\"name\":\"Dorogi-medence Region\u00e1lis H\u00edrport\u00e1l\",\"description\":\"Dorog, Keszt\u00f6lc, Le\u00e1nyv\u00e1r, Piliscs\u00e9v, Tokod, Tokodalt\u00e1r\u00f3, Csolnok, Esztergom-kertv\u00e1ros: h\u00edrek, programok\",\"publisher\":{\"@id\":\"https:\\\/\\\/dorogimedence.hu\\\/#organization\"},\"potentialAction\":[{\"@type\":\"SearchAction\",\"target\":{\"@type\":\"EntryPoint\",\"urlTemplate\":\"https:\\\/\\\/dorogimedence.hu\\\/?s={search_term_string}\"},\"query-input\":{\"@type\":\"PropertyValueSpecification\",\"valueRequired\":true,\"valueName\":\"search_term_string\"}}],\"inLanguage\":\"hu\"},{\"@type\":\"Organization\",\"@id\":\"https:\\\/\\\/dorogimedence.hu\\\/#organization\",\"name\":\"Dorogi-medence Region\u00e1lis H\u00edrport\u00e1l\",\"url\":\"https:\\\/\\\/dorogimedence.hu\\\/\",\"logo\":{\"@type\":\"ImageObject\",\"inLanguage\":\"hu\",\"@id\":\"https:\\\/\\\/dorogimedence.hu\\\/#\\\/schema\\\/logo\\\/image\\\/\",\"url\":\"https:\\\/\\\/dorogimedence.hu\\\/wp-content\\\/uploads\\\/2021\\\/04\\\/logo-feher-600.png\",\"contentUrl\":\"https:\\\/\\\/dorogimedence.hu\\\/wp-content\\\/uploads\\\/2021\\\/04\\\/logo-feher-600.png\",\"width\":600,\"height\":100,\"caption\":\"Dorogi-medence Region\u00e1lis H\u00edrport\u00e1l\"},\"image\":{\"@id\":\"https:\\\/\\\/dorogimedence.hu\\\/#\\\/schema\\\/logo\\\/image\\\/\"},\"sameAs\":[\"https:\\\/\\\/www.facebook.com\\\/dorogimedence\\\/\"]},{\"@type\":\"Person\",\"@id\":\"https:\\\/\\\/dorogimedence.hu\\\/#\\\/schema\\\/person\\\/ce6091eeb7e95ecdc87890d6aa8e0fd4\",\"name\":\"dorogimedence.hu\",\"image\":{\"@type\":\"ImageObject\",\"inLanguage\":\"hu\",\"@id\":\"\\\/\\\/www.gravatar.com\\\/avatar\\\/d8d45f8901aadff40a4af72c0b826f1d?s=96&#038;r=g&#038;d=mm\",\"url\":\"\\\/\\\/www.gravatar.com\\\/avatar\\\/d8d45f8901aadff40a4af72c0b826f1d?s=96&#038;r=g&#038;d=mm\",\"contentUrl\":\"\\\/\\\/www.gravatar.com\\\/avatar\\\/d8d45f8901aadff40a4af72c0b826f1d?s=96&#038;r=g&#038;d=mm\",\"caption\":\"dorogimedence.hu\"}}]}<\/script>\n<!-- \/ Yoast SEO plugin. -->","yoast_head_json":{"title":"Seg\u00edts\u00fcnk id\u0151s hozz\u00e1tartoz\u00f3inknak az okm\u00e1nycser\u00e9ben!","robots":{"index":"index","follow":"follow","max-snippet":"max-snippet:-1","max-image-preview":"max-image-preview:large","max-video-preview":"max-video-preview:-1"},"canonical":"https:\/\/dorogimedence.hu\/index.php\/2026\/07\/16\/segitsunk-idos-hozzatartozoinknak-az-okmanycsereben\/","og_locale":"hu_HU","og_type":"article","og_title":"Seg\u00edts\u00fcnk id\u0151s hozz\u00e1tartoz\u00f3inknak az okm\u00e1nycser\u00e9ben!","og_description":"A Bel\u00fcgyminiszt\u00e9rium k\u00f6zlem\u00e9ny\u00e9ben felh\u00edvja a lakoss\u00e1g figyelm\u00e9t, hogy 2026. augusztus 3-\u00e1n \u00e9rv\u00e9ny\u00fcket vesztik a 2000. janu\u00e1r 1-e el\u0151tt ki\u00e1ll\u00edtott, k\u00f6nyv form\u00e1tum\u00fa, hat\u00e1rid\u0151 n\u00e9lk\u00fcli, ez\u00e1ltal jelenleg \u00e9rv\u00e9nyes szem\u00e9lyazonos\u00edt\u00f3 igazolv\u00e1nyok. Az \u00e9rintettek t\u00f6bbs\u00e9ge id\u0151s ember, akik k\u00f6z\u00fcl sokan hossz\u00fa \u00e9vek \u00f3ta ugyanazt az okm\u00e1nyt haszn\u00e1lj\u00e1k, ez\u00e9rt el\u0151fordulhat, hogy nem \u00e9rtes\u00fcltek a v\u00e1ltoz\u00e1sr\u00f3l. Mivel az \u00e9rv\u00e9nyess\u00e9g megsz\u0171n\u00e9s\u00e9r\u0151l a","og_url":"https:\/\/dorogimedence.hu\/index.php\/2026\/07\/16\/segitsunk-idos-hozzatartozoinknak-az-okmanycsereben\/","og_site_name":"Dorogi-medence Region\u00e1lis H\u00edrport\u00e1l","article_publisher":"https:\/\/www.facebook.com\/dorogimedence\/","article_published_time":"2026-07-16T07:12:10+00:00","og_image":[{"width":1536,"height":1024,"url":"https:\/\/dorogimedence.hu\/wp-content\/uploads\/2026\/06\/ChatGPT-Image-2026.-jun.-14.-11_52_00.png","type":"image\/png"}],"author":"dorogimedence.hu","twitter_card":"summary_large_image","twitter_misc":{"Szerz\u0151:":"dorogimedence.hu","Becs\u00fclt olvas\u00e1si id\u0151":"2 perc"},"schema":{"@context":"https:\/\/schema.org","@graph":[{"@type":"Article","@id":"https:\/\/dorogimedence.hu\/index.php\/2026\/07\/16\/segitsunk-idos-hozzatartozoinknak-az-okmanycsereben\/#article","isPartOf":{"@id":"https:\/\/dorogimedence.hu\/index.php\/2026\/07\/16\/segitsunk-idos-hozzatartozoinknak-az-okmanycsereben\/"},"author":{"name":"dorogimedence.hu","@id":"https:\/\/dorogimedence.hu\/#\/schema\/person\/ce6091eeb7e95ecdc87890d6aa8e0fd4"},"headline":"Seg\u00edts\u00fcnk id\u0151s hozz\u00e1tartoz\u00f3inknak az okm\u00e1nycser\u00e9ben!","datePublished":"2026-07-16T07:12:10+00:00","mainEntityOfPage":{"@id":"https:\/\/dorogimedence.hu\/index.php\/2026\/07\/16\/segitsunk-idos-hozzatartozoinknak-az-okmanycsereben\/"},"wordCount":485,"publisher":{"@id":"https:\/\/dorogimedence.hu\/#organization"},"image":{"@id":"https:\/\/dorogimedence.hu\/index.php\/2026\/07\/16\/segitsunk-idos-hozzatartozoinknak-az-okmanycsereben\/#primaryimage"},"thumbnailUrl":"https:\/\/dorogimedence.hu\/wp-content\/uploads\/2026\/06\/ChatGPT-Image-2026.-jun.-14.-11_52_00.png","keywords":["szem\u00e9lyazonos\u00edt\u00f3 igazolv\u00e1ny"],"articleSection":["Belf\u00f6ld, Gazdas\u00e1g","H\u00edrek"],"inLanguage":"hu"},{"@type":"WebPage","@id":"https:\/\/dorogimedence.hu\/index.php\/2026\/07\/16\/segitsunk-idos-hozzatartozoinknak-az-okmanycsereben\/","url":"https:\/\/dorogimedence.hu\/index.php\/2026\/07\/16\/segitsunk-idos-hozzatartozoinknak-az-okmanycsereben\/","name":"Seg\u00edts\u00fcnk id\u0151s hozz\u00e1tartoz\u00f3inknak az okm\u00e1nycser\u00e9ben!","isPartOf":{"@id":"https:\/\/dorogimedence.hu\/#website"},"primaryImageOfPage":{"@id":"https:\/\/dorogimedence.hu\/index.php\/2026\/07\/16\/segitsunk-idos-hozzatartozoinknak-az-okmanycsereben\/#primaryimage"},"image":{"@id":"https:\/\/dorogimedence.hu\/index.php\/2026\/07\/16\/segitsunk-idos-hozzatartozoinknak-az-okmanycsereben\/#primaryimage"},"thumbnailUrl":"https:\/\/dorogimedence.hu\/wp-content\/uploads\/2026\/06\/ChatGPT-Image-2026.-jun.-14.-11_52_00.png","datePublished":"2026-07-16T07:12:10+00:00","breadcrumb":{"@id":"https:\/\/dorogimedence.hu\/index.php\/2026\/07\/16\/segitsunk-idos-hozzatartozoinknak-az-okmanycsereben\/#breadcrumb"},"inLanguage":"hu","potentialAction":[{"@type":"ReadAction","target":["https:\/\/dorogimedence.hu\/index.php\/2026\/07\/16\/segitsunk-idos-hozzatartozoinknak-az-okmanycsereben\/"]}]},{"@type":"ImageObject","inLanguage":"hu","@id":"https:\/\/dorogimedence.hu\/index.php\/2026\/07\/16\/segitsunk-idos-hozzatartozoinknak-az-okmanycsereben\/#primaryimage","url":"https:\/\/dorogimedence.hu\/wp-content\/uploads\/2026\/06\/ChatGPT-Image-2026.-jun.-14.-11_52_00.png","contentUrl":"https:\/\/dorogimedence.hu\/wp-content\/uploads\/2026\/06\/ChatGPT-Image-2026.-jun.-14.-11_52_00.png","width":1536,"height":1024},{"@type":"BreadcrumbList","@id":"https:\/\/dorogimedence.hu\/index.php\/2026\/07\/16\/segitsunk-idos-hozzatartozoinknak-az-okmanycsereben\/#breadcrumb","itemListElement":[{"@type":"ListItem","position":1,"name":"Kezd\u0151lap","item":"https:\/\/dorogimedence.hu\/"},{"@type":"ListItem","position":2,"name":"Seg\u00edts\u00fcnk id\u0151s hozz\u00e1tartoz\u00f3inknak az okm\u00e1nycser\u00e9ben!"}]},{"@type":"WebSite","@id":"https:\/\/dorogimedence.hu\/#website","url":"https:\/\/dorogimedence.hu\/","name":"Dorogi-medence Region\u00e1lis H\u00edrport\u00e1l","description":"Dorog, Keszt\u00f6lc, Le\u00e1nyv\u00e1r, Piliscs\u00e9v, Tokod, Tokodalt\u00e1r\u00f3, Csolnok, Esztergom-kertv\u00e1ros: h\u00edrek, programok","publisher":{"@id":"https:\/\/dorogimedence.hu\/#organization"},"potentialAction":[{"@type":"SearchAction","target":{"@type":"EntryPoint","urlTemplate":"https:\/\/dorogimedence.hu\/?s={search_term_string}"},"query-input":{"@type":"PropertyValueSpecification","valueRequired":true,"valueName":"search_term_string"}}],"inLanguage":"hu"},{"@type":"Organization","@id":"https:\/\/dorogimedence.hu\/#organization","name":"Dorogi-medence Region\u00e1lis H\u00edrport\u00e1l","url":"https:\/\/dorogimedence.hu\/","logo":{"@type":"ImageObject","inLanguage":"hu","@id":"https:\/\/dorogimedence.hu\/#\/schema\/logo\/image\/","url":"https:\/\/dorogimedence.hu\/wp-content\/uploads\/2021\/04\/logo-feher-600.png","contentUrl":"https:\/\/dorogimedence.hu\/wp-content\/uploads\/2021\/04\/logo-feher-600.png","width":600,"height":100,"caption":"Dorogi-medence Region\u00e1lis H\u00edrport\u00e1l"},"image":{"@id":"https:\/\/dorogimedence.hu\/#\/schema\/logo\/image\/"},"sameAs":["https:\/\/www.facebook.com\/dorogimedence\/"]},{"@type":"Person","@id":"https:\/\/dorogimedence.hu\/#\/schema\/person\/ce6091eeb7e95ecdc87890d6aa8e0fd4","name":"dorogimedence.hu","image":{"@type":"ImageObject","inLanguage":"hu","@id":"\/\/www.gravatar.com\/avatar\/d8d45f8901aadff40a4af72c0b826f1d?s=96&#038;r=g&#038;d=mm","url":"\/\/www.gravatar.com\/avatar\/d8d45f8901aadff40a4af72c0b826f1d?s=96&#038;r=g&#038;d=mm","contentUrl":"\/\/www.gravatar.com\/avatar\/d8d45f8901aadff40a4af72c0b826f1d?s=96&#038;r=g&#038;d=mm","caption":"dorogimedence.hu"}}]}},"_links":{"self":[{"href":"https:\/\/dorogimedence.hu\/index.php\/wp-json\/wp\/v2\/posts\/82060","targetHints":{"allow":["GET"]}}],"collection":[{"href":"https:\/\/dorogimedence.hu\/index.php\/wp-json\/wp\/v2\/posts"}],"about":[{"href":"https:\/\/dorogimedence.hu\/index.php\/wp-json\/wp\/v2\/types\/post"}],"author":[{"embeddable":true,"href":"https:\/\/dorogimedence.hu\/index.php\/wp-json\/wp\/v2\/users\/1"}],"replies":[{"embeddable":true,"href":"https:\/\/dorogimedence.hu\/index.php\/wp-json\/wp\/v2\/comments?post=82060"}],"version-history":[{"count":1,"href":"https:\/\/dorogimedence.hu\/index.php\/wp-json\/wp\/v2\/posts\/82060\/revisions"}],"predecessor-version":[{"id":82061,"href":"https:\/\/dorogimedence.hu\/index.php\/wp-json\/wp\/v2\/posts\/82060\/revisions\/82061"}],"wp:featuredmedia":[{"embeddable":true,"href":"https:\/\/dorogimedence.hu\/index.php\/wp-json\/wp\/v2\/media\/81064"}],"wp:attachment":[{"href":"https:\/\/dorogimedence.hu\/index.php\/wp-json\/wp\/v2\/media?parent=82060"}],"wp:term":[{"taxonomy":"category","embeddable":true,"href":"https:\/\/dorogimedence.hu\/index.php\/wp-json\/wp\/v2\/categories?post=82060"},{"taxonomy":"post_tag","embeddable":true,"href":"https:\/\/dorogimedence.hu\/index.php\/wp-json\/wp\/v2\/tags?post=82060"}],"curies":[{"name":"wp","href":"https:\/\/api.w.org\/{rel}","templated":true}]}}