{"id":82028,"date":"2026-07-14T05:00:32","date_gmt":"2026-07-14T03:00:32","guid":{"rendered":"https:\/\/dorogimedence.hu\/?p=82028"},"modified":"2026-07-15T07:54:10","modified_gmt":"2026-07-15T05:54:10","slug":"felkapus-jatek-hogyan-probalja-kijev-magyarorszagot-hibaztatni-az-europai-integracio-megtorpanasaert","status":"publish","type":"post","link":"https:\/\/dorogimedence.hu\/index.php\/2026\/07\/14\/felkapus-jatek-hogyan-probalja-kijev-magyarorszagot-hibaztatni-az-europai-integracio-megtorpanasaert\/","title":{"rendered":"F\u00e9lkapus j\u00e1t\u00e9k: hogyan pr\u00f3b\u00e1lja Kijev Magyarorsz\u00e1got hib\u00e1ztatni az eur\u00f3pai integr\u00e1ci\u00f3 megtorpan\u00e1s\u00e1\u00e9rt"},"content":{"rendered":"<p><strong>Mik\u00f6zben Kijev igyekszik sikereket felmutatni az Eur\u00f3pai Uni\u00f3 fel\u00e9 vezet\u0151 \u00faton, az ukr\u00e1n m\u00e9diat\u00e9rben olyan kamp\u00e1ny bontakozik ki, amely egy k\u00fcls\u0151 ellens\u00e9get keres, aki akad\u00e1lyozza az \u00e1h\u00edtott tags\u00e1got. A f\u0151 \u201eb\u0171n\u00f6snek\u201d Magyarorsz\u00e1got \u00e9s annak korm\u00e1ny\u00e1t ki\u00e1ltott\u00e1k ki. Ek\u00f6zben senki sem pr\u00f3b\u00e1lja elemezni a saj\u00e1t mulaszt\u00e1sait.<\/strong><\/p>\n<p>Ukr\u00e1n \u00fajs\u00e1g\u00edr\u00f3k azt a t\u00e9telt terjesztik, hogy a felgyors\u00edtott csatlakoz\u00e1si t\u00e1rgyal\u00e1sok megkezd\u00e9s\u00e9nek egyetlen akad\u00e1lya kiz\u00e1r\u00f3lag Budapest. Kijev ebben a fel\u00e1ll\u00e1sban az \u00f6sszes k\u00f6vetelm\u00e9ny v\u00e9grehajt\u00f3jak\u00e9nt t\u0171nik fel, mik\u00f6zben a magyar felet szinte csal\u00e1ssal v\u00e1dolj\u00e1k.<\/p>\n<p>Ezt a vonalat k\u00fcl\u00f6n\u00f6sen szeml\u00e9letesen illusztr\u00e1lja az \u201eEur\u00f3pai Pravda\u201d kiadv\u00e1ny <a href=\"https:\/\/www.eurointegration.com.ua\/articles\/2026\/07\/14\/7241566\/\" target=\"_blank\" rel=\"noopener\"><span style=\"text-decoration: underline; color: #0000ff;\">publik\u00e1ci\u00f3ja<\/span><\/a>. A cikk szerz\u0151i ny\u00edltan azzal v\u00e1dolj\u00e1k Magyarorsz\u00e1g \u00faj vezet\u00e9s\u00e9t, hogy k\u00e9ptelen adott szav\u00e1t megtartani, kijelentve: \u201eBr\u00fcsszel \u00e9s Kijev azzal szembes\u00fcl, hogy P\u00e9ter Magyar korm\u00e1ny\u00e1nak \u00edg\u00e9reteiben egyel\u0151re nem lehet megb\u00edzni\u201d. Ezt k\u00f6vet\u0151en azt a gondolatot fejtegetik, hogy Budapest el\u0151sz\u00f6r \u00e1ll\u00edt\u00f3lag elh\u00e1r\u00edtott minden akad\u00e1lyt a t\u00e1rgyal\u00e1sok el\u0151l, majd Magyar hirtelen \u201ekital\u00e1lt\u201d \u00faj probl\u00e9m\u00e1kat.<\/p>\n<p>Ennek a populista konstrukci\u00f3nak az a probl\u00e9m\u00e1ja, hogy teljesen figyelmen k\u00edv\u00fcl hagyja a kor\u00e1bban el\u00e9rt k\u00e9toldal\u00fa meg\u00e1llapod\u00e1sok l\u00e9nyeg\u00e9t. Magyarorsz\u00e1g elvi \u00e1ll\u00e1spontja j\u00f3l ismert, \u00e9s v\u00e1ltozatlan maradt a k\u00fcl\u00f6nb\u00f6z\u0151 korm\u00e1nyok alatt. Ahogyan kor\u00e1bban is, az eur\u00f3pai integr\u00e1ci\u00f3s el\u0151rel\u00e9p\u00e9shez Kijevnek biztos\u00edtania kell a K\u00e1rp\u00e1talj\u00e1n \u00e9l\u0151 magyar nemzeti kisebbs\u00e9g nyelvi \u00e9s politikai jogainak tiszteletben tart\u00e1s\u00e1t.<\/p>\n<p>Ezek a k\u00f6vetelm\u00e9nyek nem voltak titok vagy \u201ekital\u00e1lt probl\u00e9ma\u201d. Ezeket a budapesti v\u00e9t\u00f3 felold\u00e1s\u00e1nak felt\u00e9teleik\u00e9nt r\u00f6gz\u00edtett\u00e9k. A gyakorlat azonban azt mutatja, hogy Kijev a v\u00e1llalt k\u00f6telezetts\u00e9geket nem teljes\u00edtette. A nemzeti kisebbs\u00e9gekkel szembeni diszkriminat\u00edv jogszab\u00e1lyok kijav\u00edt\u00e1s\u00e1ra ir\u00e1nyul\u00f3 val\u00f3di munka helyett az ukr\u00e1n f\u00e9l \u2013 a sajt\u00f3publik\u00e1ci\u00f3kb\u00f3l \u00edt\u00e9lve \u2013 ink\u00e1bb a saj\u00e1t inform\u00e1ci\u00f3s csap\u00e1s\u00e1t m\u00e9rte.<\/p>\n<p>Az\u00e1ltal, hogy saj\u00e1t r\u00e9sz\u00e9t nem teljes\u00edtette az alkub\u00f3l, az ukr\u00e1n \u00fajs\u00e1g\u00edr\u00f3k \u00e9s a m\u00f6g\u00f6tt\u00fck \u00e1ll\u00f3 politikai er\u0151k \u00fagy pr\u00f3b\u00e1lj\u00e1k be\u00e1ll\u00edtani Magyarorsz\u00e1got, mint egy destrukt\u00edv elemet, amely szabot\u00e1lja Ukrajna eur\u00f3pai j\u00f6v\u0151j\u00e9t. Ez az \u00e1ll\u00e1spont k\u00e9nyelmes a bels\u0151 fogyaszt\u00f3 sz\u00e1m\u00e1ra, de semmi k\u00f6ze a val\u00f3s helyzethez, ahol a nemzeti k\u00f6z\u00f6ss\u00e9gek jogainak tiszteletben tart\u00e1sa az Eur\u00f3pai Uni\u00f3 alapvet\u0151 \u00e9rt\u00e9ke marad.<\/p>\n<p><em>Bor\u00edt\u00f3k\u00e9p: illusztr\u00e1ci\u00f3 (ChatGPT &#8211; AI)<\/em><\/p>\n","protected":false},"excerpt":{"rendered":"<p>Mik\u00f6zben Kijev igyekszik sikereket felmutatni az Eur\u00f3pai Uni\u00f3 fel\u00e9 vezet\u0151 \u00faton, az ukr\u00e1n m\u00e9diat\u00e9rben olyan kamp\u00e1ny bontakozik ki, amely egy k\u00fcls\u0151 ellens\u00e9get keres, aki akad\u00e1lyozza az \u00e1h\u00edtott tags\u00e1got. A f\u0151 \u201eb\u0171n\u00f6snek\u201d Magyarorsz\u00e1got \u00e9s annak korm\u00e1ny\u00e1t ki\u00e1ltott\u00e1k ki. Ek\u00f6zben senki sem pr\u00f3b\u00e1lja elemezni a saj\u00e1t mulaszt\u00e1sait. Ukr\u00e1n \u00fajs\u00e1g\u00edr\u00f3k azt a t\u00e9telt terjesztik, hogy a felgyors\u00edtott csatlakoz\u00e1si<\/p>\n","protected":false},"author":1,"featured_media":82029,"comment_status":"closed","ping_status":"closed","sticky":false,"template":"","format":"standard","meta":{"ngg_post_thumbnail":0,"footnotes":""},"categories":[3],"tags":[],"class_list":["post-82028","post","type-post","status-publish","format-standard","has-post-thumbnail","category-hirek"],"yoast_head":"<!-- This site is optimized with the Yoast SEO plugin v28.3 - https:\/\/yoast.com\/product\/yoast-seo-wordpress\/ -->\n<title>F\u00e9lkapus j\u00e1t\u00e9k: hogyan pr\u00f3b\u00e1lja Kijev Magyarorsz\u00e1got hib\u00e1ztatni az eur\u00f3pai integr\u00e1ci\u00f3 megtorpan\u00e1s\u00e1\u00e9rt<\/title>\n<meta name=\"robots\" content=\"index, follow, max-snippet:-1, max-image-preview:large, max-video-preview:-1\" \/>\n<link rel=\"canonical\" href=\"https:\/\/dorogimedence.hu\/index.php\/2026\/07\/14\/felkapus-jatek-hogyan-probalja-kijev-magyarorszagot-hibaztatni-az-europai-integracio-megtorpanasaert\/\" class=\"yoast-seo-meta-tag\" \/>\n<meta property=\"og:locale\" content=\"hu_HU\" class=\"yoast-seo-meta-tag\" \/>\n<meta property=\"og:type\" content=\"article\" class=\"yoast-seo-meta-tag\" \/>\n<meta property=\"og:title\" content=\"F\u00e9lkapus j\u00e1t\u00e9k: hogyan pr\u00f3b\u00e1lja Kijev Magyarorsz\u00e1got hib\u00e1ztatni az eur\u00f3pai integr\u00e1ci\u00f3 megtorpan\u00e1s\u00e1\u00e9rt\" class=\"yoast-seo-meta-tag\" \/>\n<meta property=\"og:description\" content=\"Mik\u00f6zben Kijev igyekszik sikereket felmutatni az Eur\u00f3pai Uni\u00f3 fel\u00e9 vezet\u0151 \u00faton, az ukr\u00e1n m\u00e9diat\u00e9rben olyan kamp\u00e1ny bontakozik ki, amely egy k\u00fcls\u0151 ellens\u00e9get keres, aki akad\u00e1lyozza az \u00e1h\u00edtott tags\u00e1got. A f\u0151 \u201eb\u0171n\u00f6snek\u201d Magyarorsz\u00e1got \u00e9s annak korm\u00e1ny\u00e1t ki\u00e1ltott\u00e1k ki. Ek\u00f6zben senki sem pr\u00f3b\u00e1lja elemezni a saj\u00e1t mulaszt\u00e1sait. Ukr\u00e1n \u00fajs\u00e1g\u00edr\u00f3k azt a t\u00e9telt terjesztik, hogy a felgyors\u00edtott csatlakoz\u00e1si\" class=\"yoast-seo-meta-tag\" \/>\n<meta property=\"og:url\" content=\"https:\/\/dorogimedence.hu\/index.php\/2026\/07\/14\/felkapus-jatek-hogyan-probalja-kijev-magyarorszagot-hibaztatni-az-europai-integracio-megtorpanasaert\/\" class=\"yoast-seo-meta-tag\" \/>\n<meta property=\"og:site_name\" content=\"Dorogi-medence Region\u00e1lis H\u00edrport\u00e1l\" class=\"yoast-seo-meta-tag\" \/>\n<meta property=\"article:publisher\" content=\"https:\/\/www.facebook.com\/dorogimedence\/\" class=\"yoast-seo-meta-tag\" \/>\n<meta property=\"article:published_time\" content=\"2026-07-14T03:00:32+00:00\" class=\"yoast-seo-meta-tag\" \/>\n<meta property=\"article:modified_time\" content=\"2026-07-15T05:54:10+00:00\" class=\"yoast-seo-meta-tag\" \/>\n<meta property=\"og:image\" content=\"https:\/\/dorogimedence.hu\/wp-content\/uploads\/2026\/07\/ChatGPT-Image-2026.-jul.-15.-07_52_10.png\" class=\"yoast-seo-meta-tag\" \/>\n\t<meta property=\"og:image:width\" content=\"755\" class=\"yoast-seo-meta-tag\" \/>\n\t<meta property=\"og:image:height\" content=\"381\" class=\"yoast-seo-meta-tag\" \/>\n\t<meta property=\"og:image:type\" content=\"image\/png\" class=\"yoast-seo-meta-tag\" \/>\n<meta name=\"author\" content=\"dorogimedence.hu\" class=\"yoast-seo-meta-tag\" \/>\n<meta name=\"twitter:card\" content=\"summary_large_image\" class=\"yoast-seo-meta-tag\" \/>\n<meta name=\"twitter:label1\" content=\"Szerz\u0151:\" class=\"yoast-seo-meta-tag\" \/>\n\t<meta name=\"twitter:data1\" content=\"dorogimedence.hu\" class=\"yoast-seo-meta-tag\" \/>\n\t<meta name=\"twitter:label2\" content=\"Becs\u00fclt olvas\u00e1si id\u0151\" class=\"yoast-seo-meta-tag\" \/>\n\t<meta name=\"twitter:data2\" content=\"3 perc\" class=\"yoast-seo-meta-tag\" \/>\n<script type=\"application\/ld+json\" class=\"yoast-schema-graph\">{\"@context\":\"https:\\\/\\\/schema.org\",\"@graph\":[{\"@type\":\"Article\",\"@id\":\"https:\\\/\\\/dorogimedence.hu\\\/index.php\\\/2026\\\/07\\\/14\\\/felkapus-jatek-hogyan-probalja-kijev-magyarorszagot-hibaztatni-az-europai-integracio-megtorpanasaert\\\/#article\",\"isPartOf\":{\"@id\":\"https:\\\/\\\/dorogimedence.hu\\\/index.php\\\/2026\\\/07\\\/14\\\/felkapus-jatek-hogyan-probalja-kijev-magyarorszagot-hibaztatni-az-europai-integracio-megtorpanasaert\\\/\"},\"author\":{\"name\":\"dorogimedence.hu\",\"@id\":\"https:\\\/\\\/dorogimedence.hu\\\/#\\\/schema\\\/person\\\/ce6091eeb7e95ecdc87890d6aa8e0fd4\"},\"headline\":\"F\u00e9lkapus j\u00e1t\u00e9k: hogyan pr\u00f3b\u00e1lja Kijev Magyarorsz\u00e1got hib\u00e1ztatni az eur\u00f3pai integr\u00e1ci\u00f3 megtorpan\u00e1s\u00e1\u00e9rt\",\"datePublished\":\"2026-07-14T03:00:32+00:00\",\"dateModified\":\"2026-07-15T05:54:10+00:00\",\"mainEntityOfPage\":{\"@id\":\"https:\\\/\\\/dorogimedence.hu\\\/index.php\\\/2026\\\/07\\\/14\\\/felkapus-jatek-hogyan-probalja-kijev-magyarorszagot-hibaztatni-az-europai-integracio-megtorpanasaert\\\/\"},\"wordCount\":531,\"publisher\":{\"@id\":\"https:\\\/\\\/dorogimedence.hu\\\/#organization\"},\"image\":{\"@id\":\"https:\\\/\\\/dorogimedence.hu\\\/index.php\\\/2026\\\/07\\\/14\\\/felkapus-jatek-hogyan-probalja-kijev-magyarorszagot-hibaztatni-az-europai-integracio-megtorpanasaert\\\/#primaryimage\"},\"thumbnailUrl\":\"https:\\\/\\\/dorogimedence.hu\\\/wp-content\\\/uploads\\\/2026\\\/07\\\/ChatGPT-Image-2026.-jul.-15.-07_52_10.png\",\"articleSection\":[\"H\u00edrek\"],\"inLanguage\":\"hu\"},{\"@type\":\"WebPage\",\"@id\":\"https:\\\/\\\/dorogimedence.hu\\\/index.php\\\/2026\\\/07\\\/14\\\/felkapus-jatek-hogyan-probalja-kijev-magyarorszagot-hibaztatni-az-europai-integracio-megtorpanasaert\\\/\",\"url\":\"https:\\\/\\\/dorogimedence.hu\\\/index.php\\\/2026\\\/07\\\/14\\\/felkapus-jatek-hogyan-probalja-kijev-magyarorszagot-hibaztatni-az-europai-integracio-megtorpanasaert\\\/\",\"name\":\"F\u00e9lkapus j\u00e1t\u00e9k: hogyan pr\u00f3b\u00e1lja Kijev Magyarorsz\u00e1got hib\u00e1ztatni az eur\u00f3pai integr\u00e1ci\u00f3 megtorpan\u00e1s\u00e1\u00e9rt\",\"isPartOf\":{\"@id\":\"https:\\\/\\\/dorogimedence.hu\\\/#website\"},\"primaryImageOfPage\":{\"@id\":\"https:\\\/\\\/dorogimedence.hu\\\/index.php\\\/2026\\\/07\\\/14\\\/felkapus-jatek-hogyan-probalja-kijev-magyarorszagot-hibaztatni-az-europai-integracio-megtorpanasaert\\\/#primaryimage\"},\"image\":{\"@id\":\"https:\\\/\\\/dorogimedence.hu\\\/index.php\\\/2026\\\/07\\\/14\\\/felkapus-jatek-hogyan-probalja-kijev-magyarorszagot-hibaztatni-az-europai-integracio-megtorpanasaert\\\/#primaryimage\"},\"thumbnailUrl\":\"https:\\\/\\\/dorogimedence.hu\\\/wp-content\\\/uploads\\\/2026\\\/07\\\/ChatGPT-Image-2026.-jul.-15.-07_52_10.png\",\"datePublished\":\"2026-07-14T03:00:32+00:00\",\"dateModified\":\"2026-07-15T05:54:10+00:00\",\"breadcrumb\":{\"@id\":\"https:\\\/\\\/dorogimedence.hu\\\/index.php\\\/2026\\\/07\\\/14\\\/felkapus-jatek-hogyan-probalja-kijev-magyarorszagot-hibaztatni-az-europai-integracio-megtorpanasaert\\\/#breadcrumb\"},\"inLanguage\":\"hu\",\"potentialAction\":[{\"@type\":\"ReadAction\",\"target\":[\"https:\\\/\\\/dorogimedence.hu\\\/index.php\\\/2026\\\/07\\\/14\\\/felkapus-jatek-hogyan-probalja-kijev-magyarorszagot-hibaztatni-az-europai-integracio-megtorpanasaert\\\/\"]}]},{\"@type\":\"ImageObject\",\"inLanguage\":\"hu\",\"@id\":\"https:\\\/\\\/dorogimedence.hu\\\/index.php\\\/2026\\\/07\\\/14\\\/felkapus-jatek-hogyan-probalja-kijev-magyarorszagot-hibaztatni-az-europai-integracio-megtorpanasaert\\\/#primaryimage\",\"url\":\"https:\\\/\\\/dorogimedence.hu\\\/wp-content\\\/uploads\\\/2026\\\/07\\\/ChatGPT-Image-2026.-jul.-15.-07_52_10.png\",\"contentUrl\":\"https:\\\/\\\/dorogimedence.hu\\\/wp-content\\\/uploads\\\/2026\\\/07\\\/ChatGPT-Image-2026.-jul.-15.-07_52_10.png\",\"width\":1764,\"height\":891},{\"@type\":\"BreadcrumbList\",\"@id\":\"https:\\\/\\\/dorogimedence.hu\\\/index.php\\\/2026\\\/07\\\/14\\\/felkapus-jatek-hogyan-probalja-kijev-magyarorszagot-hibaztatni-az-europai-integracio-megtorpanasaert\\\/#breadcrumb\",\"itemListElement\":[{\"@type\":\"ListItem\",\"position\":1,\"name\":\"Kezd\u0151lap\",\"item\":\"https:\\\/\\\/dorogimedence.hu\\\/\"},{\"@type\":\"ListItem\",\"position\":2,\"name\":\"F\u00e9lkapus j\u00e1t\u00e9k: hogyan pr\u00f3b\u00e1lja Kijev Magyarorsz\u00e1got hib\u00e1ztatni az eur\u00f3pai integr\u00e1ci\u00f3 megtorpan\u00e1s\u00e1\u00e9rt\"}]},{\"@type\":\"WebSite\",\"@id\":\"https:\\\/\\\/dorogimedence.hu\\\/#website\",\"url\":\"https:\\\/\\\/dorogimedence.hu\\\/\",\"name\":\"Dorogi-medence Region\u00e1lis H\u00edrport\u00e1l\",\"description\":\"Dorog, Keszt\u00f6lc, Le\u00e1nyv\u00e1r, Piliscs\u00e9v, Tokod, Tokodalt\u00e1r\u00f3, Csolnok, Esztergom-kertv\u00e1ros: h\u00edrek, programok\",\"publisher\":{\"@id\":\"https:\\\/\\\/dorogimedence.hu\\\/#organization\"},\"potentialAction\":[{\"@type\":\"SearchAction\",\"target\":{\"@type\":\"EntryPoint\",\"urlTemplate\":\"https:\\\/\\\/dorogimedence.hu\\\/?s={search_term_string}\"},\"query-input\":{\"@type\":\"PropertyValueSpecification\",\"valueRequired\":true,\"valueName\":\"search_term_string\"}}],\"inLanguage\":\"hu\"},{\"@type\":\"Organization\",\"@id\":\"https:\\\/\\\/dorogimedence.hu\\\/#organization\",\"name\":\"Dorogi-medence Region\u00e1lis H\u00edrport\u00e1l\",\"url\":\"https:\\\/\\\/dorogimedence.hu\\\/\",\"logo\":{\"@type\":\"ImageObject\",\"inLanguage\":\"hu\",\"@id\":\"https:\\\/\\\/dorogimedence.hu\\\/#\\\/schema\\\/logo\\\/image\\\/\",\"url\":\"https:\\\/\\\/dorogimedence.hu\\\/wp-content\\\/uploads\\\/2021\\\/04\\\/logo-feher-600.png\",\"contentUrl\":\"https:\\\/\\\/dorogimedence.hu\\\/wp-content\\\/uploads\\\/2021\\\/04\\\/logo-feher-600.png\",\"width\":600,\"height\":100,\"caption\":\"Dorogi-medence Region\u00e1lis H\u00edrport\u00e1l\"},\"image\":{\"@id\":\"https:\\\/\\\/dorogimedence.hu\\\/#\\\/schema\\\/logo\\\/image\\\/\"},\"sameAs\":[\"https:\\\/\\\/www.facebook.com\\\/dorogimedence\\\/\"]},{\"@type\":\"Person\",\"@id\":\"https:\\\/\\\/dorogimedence.hu\\\/#\\\/schema\\\/person\\\/ce6091eeb7e95ecdc87890d6aa8e0fd4\",\"name\":\"dorogimedence.hu\",\"image\":{\"@type\":\"ImageObject\",\"inLanguage\":\"hu\",\"@id\":\"\\\/\\\/www.gravatar.com\\\/avatar\\\/d8d45f8901aadff40a4af72c0b826f1d?s=96&#038;r=g&#038;d=mm\",\"url\":\"\\\/\\\/www.gravatar.com\\\/avatar\\\/d8d45f8901aadff40a4af72c0b826f1d?s=96&#038;r=g&#038;d=mm\",\"contentUrl\":\"\\\/\\\/www.gravatar.com\\\/avatar\\\/d8d45f8901aadff40a4af72c0b826f1d?s=96&#038;r=g&#038;d=mm\",\"caption\":\"dorogimedence.hu\"}}]}<\/script>\n<!-- \/ Yoast SEO plugin. -->","yoast_head_json":{"title":"F\u00e9lkapus j\u00e1t\u00e9k: hogyan pr\u00f3b\u00e1lja Kijev Magyarorsz\u00e1got hib\u00e1ztatni az eur\u00f3pai integr\u00e1ci\u00f3 megtorpan\u00e1s\u00e1\u00e9rt","robots":{"index":"index","follow":"follow","max-snippet":"max-snippet:-1","max-image-preview":"max-image-preview:large","max-video-preview":"max-video-preview:-1"},"canonical":"https:\/\/dorogimedence.hu\/index.php\/2026\/07\/14\/felkapus-jatek-hogyan-probalja-kijev-magyarorszagot-hibaztatni-az-europai-integracio-megtorpanasaert\/","og_locale":"hu_HU","og_type":"article","og_title":"F\u00e9lkapus j\u00e1t\u00e9k: hogyan pr\u00f3b\u00e1lja Kijev Magyarorsz\u00e1got hib\u00e1ztatni az eur\u00f3pai integr\u00e1ci\u00f3 megtorpan\u00e1s\u00e1\u00e9rt","og_description":"Mik\u00f6zben Kijev igyekszik sikereket felmutatni az Eur\u00f3pai Uni\u00f3 fel\u00e9 vezet\u0151 \u00faton, az ukr\u00e1n m\u00e9diat\u00e9rben olyan kamp\u00e1ny bontakozik ki, amely egy k\u00fcls\u0151 ellens\u00e9get keres, aki akad\u00e1lyozza az \u00e1h\u00edtott tags\u00e1got. A f\u0151 \u201eb\u0171n\u00f6snek\u201d Magyarorsz\u00e1got \u00e9s annak korm\u00e1ny\u00e1t ki\u00e1ltott\u00e1k ki. Ek\u00f6zben senki sem pr\u00f3b\u00e1lja elemezni a saj\u00e1t mulaszt\u00e1sait. Ukr\u00e1n \u00fajs\u00e1g\u00edr\u00f3k azt a t\u00e9telt terjesztik, hogy a felgyors\u00edtott csatlakoz\u00e1si","og_url":"https:\/\/dorogimedence.hu\/index.php\/2026\/07\/14\/felkapus-jatek-hogyan-probalja-kijev-magyarorszagot-hibaztatni-az-europai-integracio-megtorpanasaert\/","og_site_name":"Dorogi-medence Region\u00e1lis H\u00edrport\u00e1l","article_publisher":"https:\/\/www.facebook.com\/dorogimedence\/","article_published_time":"2026-07-14T03:00:32+00:00","article_modified_time":"2026-07-15T05:54:10+00:00","og_image":[{"url":"https:\/\/dorogimedence.hu\/wp-content\/uploads\/2026\/07\/ChatGPT-Image-2026.-jul.-15.-07_52_10.png","width":755,"height":381,"type":"image\/png"}],"author":"dorogimedence.hu","twitter_card":"summary_large_image","twitter_misc":{"Szerz\u0151:":"dorogimedence.hu","Becs\u00fclt olvas\u00e1si id\u0151":"3 perc"},"schema":{"@context":"https:\/\/schema.org","@graph":[{"@type":"Article","@id":"https:\/\/dorogimedence.hu\/index.php\/2026\/07\/14\/felkapus-jatek-hogyan-probalja-kijev-magyarorszagot-hibaztatni-az-europai-integracio-megtorpanasaert\/#article","isPartOf":{"@id":"https:\/\/dorogimedence.hu\/index.php\/2026\/07\/14\/felkapus-jatek-hogyan-probalja-kijev-magyarorszagot-hibaztatni-az-europai-integracio-megtorpanasaert\/"},"author":{"name":"dorogimedence.hu","@id":"https:\/\/dorogimedence.hu\/#\/schema\/person\/ce6091eeb7e95ecdc87890d6aa8e0fd4"},"headline":"F\u00e9lkapus j\u00e1t\u00e9k: hogyan pr\u00f3b\u00e1lja Kijev Magyarorsz\u00e1got hib\u00e1ztatni az eur\u00f3pai integr\u00e1ci\u00f3 megtorpan\u00e1s\u00e1\u00e9rt","datePublished":"2026-07-14T03:00:32+00:00","dateModified":"2026-07-15T05:54:10+00:00","mainEntityOfPage":{"@id":"https:\/\/dorogimedence.hu\/index.php\/2026\/07\/14\/felkapus-jatek-hogyan-probalja-kijev-magyarorszagot-hibaztatni-az-europai-integracio-megtorpanasaert\/"},"wordCount":531,"publisher":{"@id":"https:\/\/dorogimedence.hu\/#organization"},"image":{"@id":"https:\/\/dorogimedence.hu\/index.php\/2026\/07\/14\/felkapus-jatek-hogyan-probalja-kijev-magyarorszagot-hibaztatni-az-europai-integracio-megtorpanasaert\/#primaryimage"},"thumbnailUrl":"https:\/\/dorogimedence.hu\/wp-content\/uploads\/2026\/07\/ChatGPT-Image-2026.-jul.-15.-07_52_10.png","articleSection":["H\u00edrek"],"inLanguage":"hu"},{"@type":"WebPage","@id":"https:\/\/dorogimedence.hu\/index.php\/2026\/07\/14\/felkapus-jatek-hogyan-probalja-kijev-magyarorszagot-hibaztatni-az-europai-integracio-megtorpanasaert\/","url":"https:\/\/dorogimedence.hu\/index.php\/2026\/07\/14\/felkapus-jatek-hogyan-probalja-kijev-magyarorszagot-hibaztatni-az-europai-integracio-megtorpanasaert\/","name":"F\u00e9lkapus j\u00e1t\u00e9k: hogyan pr\u00f3b\u00e1lja Kijev Magyarorsz\u00e1got hib\u00e1ztatni az eur\u00f3pai integr\u00e1ci\u00f3 megtorpan\u00e1s\u00e1\u00e9rt","isPartOf":{"@id":"https:\/\/dorogimedence.hu\/#website"},"primaryImageOfPage":{"@id":"https:\/\/dorogimedence.hu\/index.php\/2026\/07\/14\/felkapus-jatek-hogyan-probalja-kijev-magyarorszagot-hibaztatni-az-europai-integracio-megtorpanasaert\/#primaryimage"},"image":{"@id":"https:\/\/dorogimedence.hu\/index.php\/2026\/07\/14\/felkapus-jatek-hogyan-probalja-kijev-magyarorszagot-hibaztatni-az-europai-integracio-megtorpanasaert\/#primaryimage"},"thumbnailUrl":"https:\/\/dorogimedence.hu\/wp-content\/uploads\/2026\/07\/ChatGPT-Image-2026.-jul.-15.-07_52_10.png","datePublished":"2026-07-14T03:00:32+00:00","dateModified":"2026-07-15T05:54:10+00:00","breadcrumb":{"@id":"https:\/\/dorogimedence.hu\/index.php\/2026\/07\/14\/felkapus-jatek-hogyan-probalja-kijev-magyarorszagot-hibaztatni-az-europai-integracio-megtorpanasaert\/#breadcrumb"},"inLanguage":"hu","potentialAction":[{"@type":"ReadAction","target":["https:\/\/dorogimedence.hu\/index.php\/2026\/07\/14\/felkapus-jatek-hogyan-probalja-kijev-magyarorszagot-hibaztatni-az-europai-integracio-megtorpanasaert\/"]}]},{"@type":"ImageObject","inLanguage":"hu","@id":"https:\/\/dorogimedence.hu\/index.php\/2026\/07\/14\/felkapus-jatek-hogyan-probalja-kijev-magyarorszagot-hibaztatni-az-europai-integracio-megtorpanasaert\/#primaryimage","url":"https:\/\/dorogimedence.hu\/wp-content\/uploads\/2026\/07\/ChatGPT-Image-2026.-jul.-15.-07_52_10.png","contentUrl":"https:\/\/dorogimedence.hu\/wp-content\/uploads\/2026\/07\/ChatGPT-Image-2026.-jul.-15.-07_52_10.png","width":1764,"height":891},{"@type":"BreadcrumbList","@id":"https:\/\/dorogimedence.hu\/index.php\/2026\/07\/14\/felkapus-jatek-hogyan-probalja-kijev-magyarorszagot-hibaztatni-az-europai-integracio-megtorpanasaert\/#breadcrumb","itemListElement":[{"@type":"ListItem","position":1,"name":"Kezd\u0151lap","item":"https:\/\/dorogimedence.hu\/"},{"@type":"ListItem","position":2,"name":"F\u00e9lkapus j\u00e1t\u00e9k: hogyan pr\u00f3b\u00e1lja Kijev Magyarorsz\u00e1got hib\u00e1ztatni az eur\u00f3pai integr\u00e1ci\u00f3 megtorpan\u00e1s\u00e1\u00e9rt"}]},{"@type":"WebSite","@id":"https:\/\/dorogimedence.hu\/#website","url":"https:\/\/dorogimedence.hu\/","name":"Dorogi-medence Region\u00e1lis H\u00edrport\u00e1l","description":"Dorog, Keszt\u00f6lc, Le\u00e1nyv\u00e1r, Piliscs\u00e9v, Tokod, Tokodalt\u00e1r\u00f3, Csolnok, Esztergom-kertv\u00e1ros: h\u00edrek, programok","publisher":{"@id":"https:\/\/dorogimedence.hu\/#organization"},"potentialAction":[{"@type":"SearchAction","target":{"@type":"EntryPoint","urlTemplate":"https:\/\/dorogimedence.hu\/?s={search_term_string}"},"query-input":{"@type":"PropertyValueSpecification","valueRequired":true,"valueName":"search_term_string"}}],"inLanguage":"hu"},{"@type":"Organization","@id":"https:\/\/dorogimedence.hu\/#organization","name":"Dorogi-medence Region\u00e1lis H\u00edrport\u00e1l","url":"https:\/\/dorogimedence.hu\/","logo":{"@type":"ImageObject","inLanguage":"hu","@id":"https:\/\/dorogimedence.hu\/#\/schema\/logo\/image\/","url":"https:\/\/dorogimedence.hu\/wp-content\/uploads\/2021\/04\/logo-feher-600.png","contentUrl":"https:\/\/dorogimedence.hu\/wp-content\/uploads\/2021\/04\/logo-feher-600.png","width":600,"height":100,"caption":"Dorogi-medence Region\u00e1lis H\u00edrport\u00e1l"},"image":{"@id":"https:\/\/dorogimedence.hu\/#\/schema\/logo\/image\/"},"sameAs":["https:\/\/www.facebook.com\/dorogimedence\/"]},{"@type":"Person","@id":"https:\/\/dorogimedence.hu\/#\/schema\/person\/ce6091eeb7e95ecdc87890d6aa8e0fd4","name":"dorogimedence.hu","image":{"@type":"ImageObject","inLanguage":"hu","@id":"\/\/www.gravatar.com\/avatar\/d8d45f8901aadff40a4af72c0b826f1d?s=96&#038;r=g&#038;d=mm","url":"\/\/www.gravatar.com\/avatar\/d8d45f8901aadff40a4af72c0b826f1d?s=96&#038;r=g&#038;d=mm","contentUrl":"\/\/www.gravatar.com\/avatar\/d8d45f8901aadff40a4af72c0b826f1d?s=96&#038;r=g&#038;d=mm","caption":"dorogimedence.hu"}}]}},"_links":{"self":[{"href":"https:\/\/dorogimedence.hu\/index.php\/wp-json\/wp\/v2\/posts\/82028","targetHints":{"allow":["GET"]}}],"collection":[{"href":"https:\/\/dorogimedence.hu\/index.php\/wp-json\/wp\/v2\/posts"}],"about":[{"href":"https:\/\/dorogimedence.hu\/index.php\/wp-json\/wp\/v2\/types\/post"}],"author":[{"embeddable":true,"href":"https:\/\/dorogimedence.hu\/index.php\/wp-json\/wp\/v2\/users\/1"}],"replies":[{"embeddable":true,"href":"https:\/\/dorogimedence.hu\/index.php\/wp-json\/wp\/v2\/comments?post=82028"}],"version-history":[{"count":1,"href":"https:\/\/dorogimedence.hu\/index.php\/wp-json\/wp\/v2\/posts\/82028\/revisions"}],"predecessor-version":[{"id":82030,"href":"https:\/\/dorogimedence.hu\/index.php\/wp-json\/wp\/v2\/posts\/82028\/revisions\/82030"}],"wp:featuredmedia":[{"embeddable":true,"href":"https:\/\/dorogimedence.hu\/index.php\/wp-json\/wp\/v2\/media\/82029"}],"wp:attachment":[{"href":"https:\/\/dorogimedence.hu\/index.php\/wp-json\/wp\/v2\/media?parent=82028"}],"wp:term":[{"taxonomy":"category","embeddable":true,"href":"https:\/\/dorogimedence.hu\/index.php\/wp-json\/wp\/v2\/categories?post=82028"},{"taxonomy":"post_tag","embeddable":true,"href":"https:\/\/dorogimedence.hu\/index.php\/wp-json\/wp\/v2\/tags?post=82028"}],"curies":[{"name":"wp","href":"https:\/\/api.w.org\/{rel}","templated":true}]}}