{"id":81935,"date":"2026-07-11T09:19:51","date_gmt":"2026-07-11T07:19:51","guid":{"rendered":"https:\/\/dorogimedence.hu\/?p=81935"},"modified":"2026-07-11T09:23:06","modified_gmt":"2026-07-11T07:23:06","slug":"elkeszult-az-nb-iii-csoportbeosztasa-eros-mezony-var-a-dorogra-es-a-sarisapra","status":"publish","type":"post","link":"https:\/\/dorogimedence.hu\/index.php\/2026\/07\/11\/elkeszult-az-nb-iii-csoportbeosztasa-eros-mezony-var-a-dorogra-es-a-sarisapra\/","title":{"rendered":"Elk\u00e9sz\u00fclt az NB III csoportbeoszt\u00e1sa: er\u0151s mez\u0151ny v\u00e1r a Dorogra \u00e9s a S\u00e1ris\u00e1pra"},"content":{"rendered":"<p><strong>A Magyar Labdar\u00fag\u00f3 Sz\u00f6vets\u00e9g Versenybizotts\u00e1ga elk\u00e9sz\u00edtette a 2026\u20132027-es NB III-as labdar\u00fag\u00f3-bajnoks\u00e1g csoportbeoszt\u00e1s\u00e1t. A Dorogi B\u00e1ny\u00e1sz FC \u00e9s az \u00fajonck\u00e9nt feljut\u00f3 S\u00e1ris\u00e1pi BSE egyar\u00e1nt az \u00c9szak-Nyugati csoportban kezdi meg a szezont, ahol t\u00f6bb nagy m\u00falt\u00fa klubbal \u00e9s \u00e9lvonalbeli egy\u00fcttes m\u00e1sodik csapat\u00e1val is \u00f6sszecsapnak majd.<\/strong><\/p>\n<p>Kom\u00e1rom-Esztergom v\u00e1rmegy\u00e9t n\u00e9gy csapat k\u00e9pviseli az \u00c9szak-Nyugati csoportban: a Dorogi B\u00e1ny\u00e1sz FC, a S\u00e1ris\u00e1pi BSE, a Kom\u00e1rom VSE \u00e9s az Opus TIG\u00c1Z Tatab\u00e1nya. Ennek k\u00f6sz\u00f6nhet\u0151en a bajnoks\u00e1g sor\u00e1n t\u00f6bb v\u00e1rmegyei rangad\u00f3ra is sor ker\u00fcl, hiszen a n\u00e9gy egy\u00fcttes oda-vissza megm\u00e9rk\u0151zik egym\u00e1ssal.<\/p>\n<p>A S\u00e1ris\u00e1pi BSE a <a href=\"https:\/\/www.facebook.com\/permalink.php?story_fbid=pfbid0CtoiCL6gAzqfKzUaHVXjsLbnBtFBBcFxDUvwhtFeoYoQCbpanyEBZLmsmKTL928rl&amp;id=100045712436636\" target=\"_blank\" rel=\"noopener\"><span style=\"text-decoration: underline; color: #0000ff;\">Facebook-oldal\u00e1n<\/span><\/a> kiemelte, hogy a k\u00f6vetkez\u0151 id\u00e9ny komoly kih\u00edv\u00e1sokat tartogat a csapat sz\u00e1m\u00e1ra, hiszen sz\u00e1mos tradicion\u00e1lis egyes\u00fclettel, valamint \u00e9lvonalbeli klubok m\u00e1sodik csapataival tal\u00e1lkoznak majd az NB III mez\u0151ny\u00e9ben.<\/p>\n<p><strong>Az \u00c9szak-Nyugati csoport mez\u0151nye:<\/strong><\/p>\n<p>\u2022 Balatonalm\u00e1di SE<br \/>\n\u2022 Bicskei TC (BTC 1912 Labdar\u00fag\u00f3 Kft.)<br \/>\n\u2022 Credobus Mosonmagyar\u00f3v\u00e1r (MTE 1904 Kft.)<br \/>\n\u2022 Dorogi B\u00e1ny\u00e1sz FC (Dorogi Futball Kft.)<br \/>\n\u2022 ETO FC Gy\u0151r II (ETO Futball Kft.)<br \/>\n\u2022 Kir\u00e1ly SE Szombathely<br \/>\n\u2022 Kom\u00e1rom VSE (KVSE Nonprofit Kft.)<br \/>\n\u2022 Opus TIG\u00c1Z Tatab\u00e1nya (TSC Labdar\u00fag\u00f3 Kft.)<br \/>\n\u2022 P\u00e1pai Perutz FC (P\u00e1pai Perutz Sport Kft.)<br \/>\n\u2022 Pusk\u00e1s Akad\u00e9mia FC II (Pusk\u00e1s FC Kft.)<br \/>\n\u2022 S\u00e1ris\u00e1pi B\u00e1ny\u00e1sz SE<br \/>\n\u2022 SC Sopron (Sport Club Futball Kft.)<br \/>\n\u2022 SZAC (1908 Szentl\u0151rinci AC Budapest)<br \/>\n\u2022 Szombathelyi Halad\u00e1s (Halad\u00e1s 1919 Labdar\u00fag\u00f3 Kft.)<br \/>\n\u2022 VSC 2015 Veszpr\u00e9m (Veszpr\u00e9mi SC 2015 Kft.)<br \/>\n\u2022 ZTE FC II (ZTE FC Zrt.)<\/p>\n<p>A mez\u0151nyben t\u00f6bb ismert \u00e9s nagy hagyom\u00e1nyokkal rendelkez\u0151 klub is helyet kapott, k\u00f6zt\u00fck a Szombathelyi Halad\u00e1s, a Kom\u00e1rom VSE, a Credobus Mosonmagyar\u00f3v\u00e1r, a P\u00e1pai Perutz FC \u00e9s az SC Sopron. Az \u00c9szak-Nyugati csoportban szerepel tov\u00e1bb\u00e1 h\u00e1rom \u00e9lvonalbeli klub m\u00e1sodik csapata is: az ETO FC Gy\u0151r II, a Pusk\u00e1s Akad\u00e9mia FC II \u00e9s a ZTE FC II.<\/p>\n<p>A Magyar Labdar\u00fag\u00f3 Sz\u00f6vets\u00e9g a bajnoks\u00e1g hivatalos menetrendj\u00e9t a k\u00e9s\u0151bbiekben teszi k\u00f6zz\u00e9, \u00edgy a pontos p\u00e1ros\u00edt\u00e1sokra \u00e9s a nyit\u00f3fordul\u00f3 id\u0151pontj\u00e1ra m\u00e9g v\u00e1rni kell. A Dorogi B\u00e1ny\u00e1sz FC \u00e9s a S\u00e1ris\u00e1pi BSE szurkol\u00f3i azonban m\u00e1r most biztosak lehetnek abban, hogy izgalmas \u00e9s sz\u00ednvonalas m\u00e9rk\u0151z\u00e9sek v\u00e1rnak csapataikra a 2026\u20132027-es NB III-as id\u00e9nyben.<\/p>\n","protected":false},"excerpt":{"rendered":"<p>A Magyar Labdar\u00fag\u00f3 Sz\u00f6vets\u00e9g Versenybizotts\u00e1ga elk\u00e9sz\u00edtette a 2026\u20132027-es NB III-as labdar\u00fag\u00f3-bajnoks\u00e1g csoportbeoszt\u00e1s\u00e1t. A Dorogi B\u00e1ny\u00e1sz FC \u00e9s az \u00fajonck\u00e9nt feljut\u00f3 S\u00e1ris\u00e1pi BSE egyar\u00e1nt az \u00c9szak-Nyugati csoportban kezdi meg a szezont, ahol t\u00f6bb nagy m\u00falt\u00fa klubbal \u00e9s \u00e9lvonalbeli egy\u00fcttes m\u00e1sodik csapat\u00e1val is \u00f6sszecsapnak majd. Kom\u00e1rom-Esztergom v\u00e1rmegy\u00e9t n\u00e9gy csapat k\u00e9pviseli az \u00c9szak-Nyugati csoportban: a Dorogi B\u00e1ny\u00e1sz FC,<\/p>\n","protected":false},"author":1,"featured_media":44596,"comment_status":"closed","ping_status":"closed","sticky":false,"template":"","format":"standard","meta":{"ngg_post_thumbnail":0,"footnotes":""},"categories":[2,3,5],"tags":[15,8932,70,69,72,8978,16],"class_list":["post-81935","post","type-post","status-publish","format-standard","has-post-thumbnail","category-dorog","category-hirek","category-sport","tag-dorog","tag-dorogi-banyasz-fc","tag-foci","tag-futball","tag-labdarugas","tag-sarisapi-banyasz-se","tag-sport"],"yoast_head":"<!-- This site is optimized with the Yoast SEO plugin v28.3 - https:\/\/yoast.com\/product\/yoast-seo-wordpress\/ -->\n<title>Elk\u00e9sz\u00fclt az NB III csoportbeoszt\u00e1sa: er\u0151s mez\u0151ny v\u00e1r a Dorogra \u00e9s a S\u00e1ris\u00e1pra<\/title>\n<meta name=\"robots\" content=\"index, follow, max-snippet:-1, max-image-preview:large, max-video-preview:-1\" \/>\n<link rel=\"canonical\" href=\"https:\/\/dorogimedence.hu\/index.php\/2026\/07\/11\/elkeszult-az-nb-iii-csoportbeosztasa-eros-mezony-var-a-dorogra-es-a-sarisapra\/\" class=\"yoast-seo-meta-tag\" \/>\n<meta property=\"og:locale\" content=\"hu_HU\" class=\"yoast-seo-meta-tag\" \/>\n<meta property=\"og:type\" content=\"article\" class=\"yoast-seo-meta-tag\" \/>\n<meta property=\"og:title\" content=\"Elk\u00e9sz\u00fclt az NB III csoportbeoszt\u00e1sa: er\u0151s mez\u0151ny v\u00e1r a Dorogra \u00e9s a S\u00e1ris\u00e1pra\" class=\"yoast-seo-meta-tag\" \/>\n<meta property=\"og:description\" content=\"A Magyar Labdar\u00fag\u00f3 Sz\u00f6vets\u00e9g Versenybizotts\u00e1ga elk\u00e9sz\u00edtette a 2026\u20132027-es NB III-as labdar\u00fag\u00f3-bajnoks\u00e1g csoportbeoszt\u00e1s\u00e1t. A Dorogi B\u00e1ny\u00e1sz FC \u00e9s az \u00fajonck\u00e9nt feljut\u00f3 S\u00e1ris\u00e1pi BSE egyar\u00e1nt az \u00c9szak-Nyugati csoportban kezdi meg a szezont, ahol t\u00f6bb nagy m\u00falt\u00fa klubbal \u00e9s \u00e9lvonalbeli egy\u00fcttes m\u00e1sodik csapat\u00e1val is \u00f6sszecsapnak majd. Kom\u00e1rom-Esztergom v\u00e1rmegy\u00e9t n\u00e9gy csapat k\u00e9pviseli az \u00c9szak-Nyugati csoportban: a Dorogi B\u00e1ny\u00e1sz FC,\" class=\"yoast-seo-meta-tag\" \/>\n<meta property=\"og:url\" content=\"https:\/\/dorogimedence.hu\/index.php\/2026\/07\/11\/elkeszult-az-nb-iii-csoportbeosztasa-eros-mezony-var-a-dorogra-es-a-sarisapra\/\" class=\"yoast-seo-meta-tag\" \/>\n<meta property=\"og:site_name\" content=\"Dorogi-medence Region\u00e1lis H\u00edrport\u00e1l\" class=\"yoast-seo-meta-tag\" \/>\n<meta property=\"article:publisher\" content=\"https:\/\/www.facebook.com\/dorogimedence\/\" class=\"yoast-seo-meta-tag\" \/>\n<meta property=\"article:published_time\" content=\"2026-07-11T07:19:51+00:00\" class=\"yoast-seo-meta-tag\" \/>\n<meta property=\"article:modified_time\" content=\"2026-07-11T07:23:06+00:00\" class=\"yoast-seo-meta-tag\" \/>\n<meta property=\"og:image\" content=\"https:\/\/dorogimedence.hu\/wp-content\/uploads\/2022\/07\/focilabda.jpg\" class=\"yoast-seo-meta-tag\" \/>\n\t<meta property=\"og:image:width\" content=\"1920\" class=\"yoast-seo-meta-tag\" \/>\n\t<meta property=\"og:image:height\" content=\"1161\" class=\"yoast-seo-meta-tag\" \/>\n\t<meta property=\"og:image:type\" content=\"image\/jpeg\" class=\"yoast-seo-meta-tag\" \/>\n<meta name=\"author\" content=\"dorogimedence.hu\" class=\"yoast-seo-meta-tag\" \/>\n<meta name=\"twitter:card\" content=\"summary_large_image\" class=\"yoast-seo-meta-tag\" \/>\n<meta name=\"twitter:label1\" content=\"Szerz\u0151:\" class=\"yoast-seo-meta-tag\" \/>\n\t<meta name=\"twitter:data1\" content=\"dorogimedence.hu\" class=\"yoast-seo-meta-tag\" \/>\n\t<meta name=\"twitter:label2\" content=\"Becs\u00fclt olvas\u00e1si id\u0151\" class=\"yoast-seo-meta-tag\" \/>\n\t<meta name=\"twitter:data2\" content=\"2 perc\" class=\"yoast-seo-meta-tag\" \/>\n<script type=\"application\/ld+json\" class=\"yoast-schema-graph\">{\"@context\":\"https:\\\/\\\/schema.org\",\"@graph\":[{\"@type\":\"Article\",\"@id\":\"https:\\\/\\\/dorogimedence.hu\\\/index.php\\\/2026\\\/07\\\/11\\\/elkeszult-az-nb-iii-csoportbeosztasa-eros-mezony-var-a-dorogra-es-a-sarisapra\\\/#article\",\"isPartOf\":{\"@id\":\"https:\\\/\\\/dorogimedence.hu\\\/index.php\\\/2026\\\/07\\\/11\\\/elkeszult-az-nb-iii-csoportbeosztasa-eros-mezony-var-a-dorogra-es-a-sarisapra\\\/\"},\"author\":{\"name\":\"dorogimedence.hu\",\"@id\":\"https:\\\/\\\/dorogimedence.hu\\\/#\\\/schema\\\/person\\\/ce6091eeb7e95ecdc87890d6aa8e0fd4\"},\"headline\":\"Elk\u00e9sz\u00fclt az NB III csoportbeoszt\u00e1sa: er\u0151s mez\u0151ny v\u00e1r a Dorogra \u00e9s a S\u00e1ris\u00e1pra\",\"datePublished\":\"2026-07-11T07:19:51+00:00\",\"dateModified\":\"2026-07-11T07:23:06+00:00\",\"mainEntityOfPage\":{\"@id\":\"https:\\\/\\\/dorogimedence.hu\\\/index.php\\\/2026\\\/07\\\/11\\\/elkeszult-az-nb-iii-csoportbeosztasa-eros-mezony-var-a-dorogra-es-a-sarisapra\\\/\"},\"wordCount\":463,\"publisher\":{\"@id\":\"https:\\\/\\\/dorogimedence.hu\\\/#organization\"},\"image\":{\"@id\":\"https:\\\/\\\/dorogimedence.hu\\\/index.php\\\/2026\\\/07\\\/11\\\/elkeszult-az-nb-iii-csoportbeosztasa-eros-mezony-var-a-dorogra-es-a-sarisapra\\\/#primaryimage\"},\"thumbnailUrl\":\"https:\\\/\\\/dorogimedence.hu\\\/wp-content\\\/uploads\\\/2022\\\/07\\\/focilabda.jpg\",\"keywords\":[\"Dorog\",\"Dorogi B\u00e1ny\u00e1sz FC\",\"foci\",\"futball\",\"labdar\u00fag\u00e1s\",\"S\u00e1ris\u00e1pi B\u00e1ny\u00e1sz SE\",\"sport\"],\"articleSection\":[\"Dorog\",\"H\u00edrek\",\"Sport\"],\"inLanguage\":\"hu\"},{\"@type\":\"WebPage\",\"@id\":\"https:\\\/\\\/dorogimedence.hu\\\/index.php\\\/2026\\\/07\\\/11\\\/elkeszult-az-nb-iii-csoportbeosztasa-eros-mezony-var-a-dorogra-es-a-sarisapra\\\/\",\"url\":\"https:\\\/\\\/dorogimedence.hu\\\/index.php\\\/2026\\\/07\\\/11\\\/elkeszult-az-nb-iii-csoportbeosztasa-eros-mezony-var-a-dorogra-es-a-sarisapra\\\/\",\"name\":\"Elk\u00e9sz\u00fclt az NB III csoportbeoszt\u00e1sa: er\u0151s mez\u0151ny v\u00e1r a Dorogra \u00e9s a S\u00e1ris\u00e1pra\",\"isPartOf\":{\"@id\":\"https:\\\/\\\/dorogimedence.hu\\\/#website\"},\"primaryImageOfPage\":{\"@id\":\"https:\\\/\\\/dorogimedence.hu\\\/index.php\\\/2026\\\/07\\\/11\\\/elkeszult-az-nb-iii-csoportbeosztasa-eros-mezony-var-a-dorogra-es-a-sarisapra\\\/#primaryimage\"},\"image\":{\"@id\":\"https:\\\/\\\/dorogimedence.hu\\\/index.php\\\/2026\\\/07\\\/11\\\/elkeszult-az-nb-iii-csoportbeosztasa-eros-mezony-var-a-dorogra-es-a-sarisapra\\\/#primaryimage\"},\"thumbnailUrl\":\"https:\\\/\\\/dorogimedence.hu\\\/wp-content\\\/uploads\\\/2022\\\/07\\\/focilabda.jpg\",\"datePublished\":\"2026-07-11T07:19:51+00:00\",\"dateModified\":\"2026-07-11T07:23:06+00:00\",\"breadcrumb\":{\"@id\":\"https:\\\/\\\/dorogimedence.hu\\\/index.php\\\/2026\\\/07\\\/11\\\/elkeszult-az-nb-iii-csoportbeosztasa-eros-mezony-var-a-dorogra-es-a-sarisapra\\\/#breadcrumb\"},\"inLanguage\":\"hu\",\"potentialAction\":[{\"@type\":\"ReadAction\",\"target\":[\"https:\\\/\\\/dorogimedence.hu\\\/index.php\\\/2026\\\/07\\\/11\\\/elkeszult-az-nb-iii-csoportbeosztasa-eros-mezony-var-a-dorogra-es-a-sarisapra\\\/\"]}]},{\"@type\":\"ImageObject\",\"inLanguage\":\"hu\",\"@id\":\"https:\\\/\\\/dorogimedence.hu\\\/index.php\\\/2026\\\/07\\\/11\\\/elkeszult-az-nb-iii-csoportbeosztasa-eros-mezony-var-a-dorogra-es-a-sarisapra\\\/#primaryimage\",\"url\":\"https:\\\/\\\/dorogimedence.hu\\\/wp-content\\\/uploads\\\/2022\\\/07\\\/focilabda.jpg\",\"contentUrl\":\"https:\\\/\\\/dorogimedence.hu\\\/wp-content\\\/uploads\\\/2022\\\/07\\\/focilabda.jpg\",\"width\":1920,\"height\":1161},{\"@type\":\"BreadcrumbList\",\"@id\":\"https:\\\/\\\/dorogimedence.hu\\\/index.php\\\/2026\\\/07\\\/11\\\/elkeszult-az-nb-iii-csoportbeosztasa-eros-mezony-var-a-dorogra-es-a-sarisapra\\\/#breadcrumb\",\"itemListElement\":[{\"@type\":\"ListItem\",\"position\":1,\"name\":\"Kezd\u0151lap\",\"item\":\"https:\\\/\\\/dorogimedence.hu\\\/\"},{\"@type\":\"ListItem\",\"position\":2,\"name\":\"Elk\u00e9sz\u00fclt az NB III csoportbeoszt\u00e1sa: er\u0151s mez\u0151ny v\u00e1r a Dorogra \u00e9s a S\u00e1ris\u00e1pra\"}]},{\"@type\":\"WebSite\",\"@id\":\"https:\\\/\\\/dorogimedence.hu\\\/#website\",\"url\":\"https:\\\/\\\/dorogimedence.hu\\\/\",\"name\":\"Dorogi-medence Region\u00e1lis H\u00edrport\u00e1l\",\"description\":\"Dorog, Keszt\u00f6lc, Le\u00e1nyv\u00e1r, Piliscs\u00e9v, Tokod, Tokodalt\u00e1r\u00f3, Csolnok, Esztergom-kertv\u00e1ros: h\u00edrek, programok\",\"publisher\":{\"@id\":\"https:\\\/\\\/dorogimedence.hu\\\/#organization\"},\"potentialAction\":[{\"@type\":\"SearchAction\",\"target\":{\"@type\":\"EntryPoint\",\"urlTemplate\":\"https:\\\/\\\/dorogimedence.hu\\\/?s={search_term_string}\"},\"query-input\":{\"@type\":\"PropertyValueSpecification\",\"valueRequired\":true,\"valueName\":\"search_term_string\"}}],\"inLanguage\":\"hu\"},{\"@type\":\"Organization\",\"@id\":\"https:\\\/\\\/dorogimedence.hu\\\/#organization\",\"name\":\"Dorogi-medence Region\u00e1lis H\u00edrport\u00e1l\",\"url\":\"https:\\\/\\\/dorogimedence.hu\\\/\",\"logo\":{\"@type\":\"ImageObject\",\"inLanguage\":\"hu\",\"@id\":\"https:\\\/\\\/dorogimedence.hu\\\/#\\\/schema\\\/logo\\\/image\\\/\",\"url\":\"https:\\\/\\\/dorogimedence.hu\\\/wp-content\\\/uploads\\\/2021\\\/04\\\/logo-feher-600.png\",\"contentUrl\":\"https:\\\/\\\/dorogimedence.hu\\\/wp-content\\\/uploads\\\/2021\\\/04\\\/logo-feher-600.png\",\"width\":600,\"height\":100,\"caption\":\"Dorogi-medence Region\u00e1lis H\u00edrport\u00e1l\"},\"image\":{\"@id\":\"https:\\\/\\\/dorogimedence.hu\\\/#\\\/schema\\\/logo\\\/image\\\/\"},\"sameAs\":[\"https:\\\/\\\/www.facebook.com\\\/dorogimedence\\\/\"]},{\"@type\":\"Person\",\"@id\":\"https:\\\/\\\/dorogimedence.hu\\\/#\\\/schema\\\/person\\\/ce6091eeb7e95ecdc87890d6aa8e0fd4\",\"name\":\"dorogimedence.hu\",\"image\":{\"@type\":\"ImageObject\",\"inLanguage\":\"hu\",\"@id\":\"\\\/\\\/www.gravatar.com\\\/avatar\\\/d8d45f8901aadff40a4af72c0b826f1d?s=96&#038;r=g&#038;d=mm\",\"url\":\"\\\/\\\/www.gravatar.com\\\/avatar\\\/d8d45f8901aadff40a4af72c0b826f1d?s=96&#038;r=g&#038;d=mm\",\"contentUrl\":\"\\\/\\\/www.gravatar.com\\\/avatar\\\/d8d45f8901aadff40a4af72c0b826f1d?s=96&#038;r=g&#038;d=mm\",\"caption\":\"dorogimedence.hu\"}}]}<\/script>\n<!-- \/ Yoast SEO plugin. -->","yoast_head_json":{"title":"Elk\u00e9sz\u00fclt az NB III csoportbeoszt\u00e1sa: er\u0151s mez\u0151ny v\u00e1r a Dorogra \u00e9s a S\u00e1ris\u00e1pra","robots":{"index":"index","follow":"follow","max-snippet":"max-snippet:-1","max-image-preview":"max-image-preview:large","max-video-preview":"max-video-preview:-1"},"canonical":"https:\/\/dorogimedence.hu\/index.php\/2026\/07\/11\/elkeszult-az-nb-iii-csoportbeosztasa-eros-mezony-var-a-dorogra-es-a-sarisapra\/","og_locale":"hu_HU","og_type":"article","og_title":"Elk\u00e9sz\u00fclt az NB III csoportbeoszt\u00e1sa: er\u0151s mez\u0151ny v\u00e1r a Dorogra \u00e9s a S\u00e1ris\u00e1pra","og_description":"A Magyar Labdar\u00fag\u00f3 Sz\u00f6vets\u00e9g Versenybizotts\u00e1ga elk\u00e9sz\u00edtette a 2026\u20132027-es NB III-as labdar\u00fag\u00f3-bajnoks\u00e1g csoportbeoszt\u00e1s\u00e1t. A Dorogi B\u00e1ny\u00e1sz FC \u00e9s az \u00fajonck\u00e9nt feljut\u00f3 S\u00e1ris\u00e1pi BSE egyar\u00e1nt az \u00c9szak-Nyugati csoportban kezdi meg a szezont, ahol t\u00f6bb nagy m\u00falt\u00fa klubbal \u00e9s \u00e9lvonalbeli egy\u00fcttes m\u00e1sodik csapat\u00e1val is \u00f6sszecsapnak majd. Kom\u00e1rom-Esztergom v\u00e1rmegy\u00e9t n\u00e9gy csapat k\u00e9pviseli az \u00c9szak-Nyugati csoportban: a Dorogi B\u00e1ny\u00e1sz FC,","og_url":"https:\/\/dorogimedence.hu\/index.php\/2026\/07\/11\/elkeszult-az-nb-iii-csoportbeosztasa-eros-mezony-var-a-dorogra-es-a-sarisapra\/","og_site_name":"Dorogi-medence Region\u00e1lis H\u00edrport\u00e1l","article_publisher":"https:\/\/www.facebook.com\/dorogimedence\/","article_published_time":"2026-07-11T07:19:51+00:00","article_modified_time":"2026-07-11T07:23:06+00:00","og_image":[{"width":1920,"height":1161,"url":"https:\/\/dorogimedence.hu\/wp-content\/uploads\/2022\/07\/focilabda.jpg","type":"image\/jpeg"}],"author":"dorogimedence.hu","twitter_card":"summary_large_image","twitter_misc":{"Szerz\u0151:":"dorogimedence.hu","Becs\u00fclt olvas\u00e1si id\u0151":"2 perc"},"schema":{"@context":"https:\/\/schema.org","@graph":[{"@type":"Article","@id":"https:\/\/dorogimedence.hu\/index.php\/2026\/07\/11\/elkeszult-az-nb-iii-csoportbeosztasa-eros-mezony-var-a-dorogra-es-a-sarisapra\/#article","isPartOf":{"@id":"https:\/\/dorogimedence.hu\/index.php\/2026\/07\/11\/elkeszult-az-nb-iii-csoportbeosztasa-eros-mezony-var-a-dorogra-es-a-sarisapra\/"},"author":{"name":"dorogimedence.hu","@id":"https:\/\/dorogimedence.hu\/#\/schema\/person\/ce6091eeb7e95ecdc87890d6aa8e0fd4"},"headline":"Elk\u00e9sz\u00fclt az NB III csoportbeoszt\u00e1sa: er\u0151s mez\u0151ny v\u00e1r a Dorogra \u00e9s a S\u00e1ris\u00e1pra","datePublished":"2026-07-11T07:19:51+00:00","dateModified":"2026-07-11T07:23:06+00:00","mainEntityOfPage":{"@id":"https:\/\/dorogimedence.hu\/index.php\/2026\/07\/11\/elkeszult-az-nb-iii-csoportbeosztasa-eros-mezony-var-a-dorogra-es-a-sarisapra\/"},"wordCount":463,"publisher":{"@id":"https:\/\/dorogimedence.hu\/#organization"},"image":{"@id":"https:\/\/dorogimedence.hu\/index.php\/2026\/07\/11\/elkeszult-az-nb-iii-csoportbeosztasa-eros-mezony-var-a-dorogra-es-a-sarisapra\/#primaryimage"},"thumbnailUrl":"https:\/\/dorogimedence.hu\/wp-content\/uploads\/2022\/07\/focilabda.jpg","keywords":["Dorog","Dorogi B\u00e1ny\u00e1sz FC","foci","futball","labdar\u00fag\u00e1s","S\u00e1ris\u00e1pi B\u00e1ny\u00e1sz SE","sport"],"articleSection":["Dorog","H\u00edrek","Sport"],"inLanguage":"hu"},{"@type":"WebPage","@id":"https:\/\/dorogimedence.hu\/index.php\/2026\/07\/11\/elkeszult-az-nb-iii-csoportbeosztasa-eros-mezony-var-a-dorogra-es-a-sarisapra\/","url":"https:\/\/dorogimedence.hu\/index.php\/2026\/07\/11\/elkeszult-az-nb-iii-csoportbeosztasa-eros-mezony-var-a-dorogra-es-a-sarisapra\/","name":"Elk\u00e9sz\u00fclt az NB III csoportbeoszt\u00e1sa: er\u0151s mez\u0151ny v\u00e1r a Dorogra \u00e9s a S\u00e1ris\u00e1pra","isPartOf":{"@id":"https:\/\/dorogimedence.hu\/#website"},"primaryImageOfPage":{"@id":"https:\/\/dorogimedence.hu\/index.php\/2026\/07\/11\/elkeszult-az-nb-iii-csoportbeosztasa-eros-mezony-var-a-dorogra-es-a-sarisapra\/#primaryimage"},"image":{"@id":"https:\/\/dorogimedence.hu\/index.php\/2026\/07\/11\/elkeszult-az-nb-iii-csoportbeosztasa-eros-mezony-var-a-dorogra-es-a-sarisapra\/#primaryimage"},"thumbnailUrl":"https:\/\/dorogimedence.hu\/wp-content\/uploads\/2022\/07\/focilabda.jpg","datePublished":"2026-07-11T07:19:51+00:00","dateModified":"2026-07-11T07:23:06+00:00","breadcrumb":{"@id":"https:\/\/dorogimedence.hu\/index.php\/2026\/07\/11\/elkeszult-az-nb-iii-csoportbeosztasa-eros-mezony-var-a-dorogra-es-a-sarisapra\/#breadcrumb"},"inLanguage":"hu","potentialAction":[{"@type":"ReadAction","target":["https:\/\/dorogimedence.hu\/index.php\/2026\/07\/11\/elkeszult-az-nb-iii-csoportbeosztasa-eros-mezony-var-a-dorogra-es-a-sarisapra\/"]}]},{"@type":"ImageObject","inLanguage":"hu","@id":"https:\/\/dorogimedence.hu\/index.php\/2026\/07\/11\/elkeszult-az-nb-iii-csoportbeosztasa-eros-mezony-var-a-dorogra-es-a-sarisapra\/#primaryimage","url":"https:\/\/dorogimedence.hu\/wp-content\/uploads\/2022\/07\/focilabda.jpg","contentUrl":"https:\/\/dorogimedence.hu\/wp-content\/uploads\/2022\/07\/focilabda.jpg","width":1920,"height":1161},{"@type":"BreadcrumbList","@id":"https:\/\/dorogimedence.hu\/index.php\/2026\/07\/11\/elkeszult-az-nb-iii-csoportbeosztasa-eros-mezony-var-a-dorogra-es-a-sarisapra\/#breadcrumb","itemListElement":[{"@type":"ListItem","position":1,"name":"Kezd\u0151lap","item":"https:\/\/dorogimedence.hu\/"},{"@type":"ListItem","position":2,"name":"Elk\u00e9sz\u00fclt az NB III csoportbeoszt\u00e1sa: er\u0151s mez\u0151ny v\u00e1r a Dorogra \u00e9s a S\u00e1ris\u00e1pra"}]},{"@type":"WebSite","@id":"https:\/\/dorogimedence.hu\/#website","url":"https:\/\/dorogimedence.hu\/","name":"Dorogi-medence Region\u00e1lis H\u00edrport\u00e1l","description":"Dorog, Keszt\u00f6lc, Le\u00e1nyv\u00e1r, Piliscs\u00e9v, Tokod, Tokodalt\u00e1r\u00f3, Csolnok, Esztergom-kertv\u00e1ros: h\u00edrek, programok","publisher":{"@id":"https:\/\/dorogimedence.hu\/#organization"},"potentialAction":[{"@type":"SearchAction","target":{"@type":"EntryPoint","urlTemplate":"https:\/\/dorogimedence.hu\/?s={search_term_string}"},"query-input":{"@type":"PropertyValueSpecification","valueRequired":true,"valueName":"search_term_string"}}],"inLanguage":"hu"},{"@type":"Organization","@id":"https:\/\/dorogimedence.hu\/#organization","name":"Dorogi-medence Region\u00e1lis H\u00edrport\u00e1l","url":"https:\/\/dorogimedence.hu\/","logo":{"@type":"ImageObject","inLanguage":"hu","@id":"https:\/\/dorogimedence.hu\/#\/schema\/logo\/image\/","url":"https:\/\/dorogimedence.hu\/wp-content\/uploads\/2021\/04\/logo-feher-600.png","contentUrl":"https:\/\/dorogimedence.hu\/wp-content\/uploads\/2021\/04\/logo-feher-600.png","width":600,"height":100,"caption":"Dorogi-medence Region\u00e1lis H\u00edrport\u00e1l"},"image":{"@id":"https:\/\/dorogimedence.hu\/#\/schema\/logo\/image\/"},"sameAs":["https:\/\/www.facebook.com\/dorogimedence\/"]},{"@type":"Person","@id":"https:\/\/dorogimedence.hu\/#\/schema\/person\/ce6091eeb7e95ecdc87890d6aa8e0fd4","name":"dorogimedence.hu","image":{"@type":"ImageObject","inLanguage":"hu","@id":"\/\/www.gravatar.com\/avatar\/d8d45f8901aadff40a4af72c0b826f1d?s=96&#038;r=g&#038;d=mm","url":"\/\/www.gravatar.com\/avatar\/d8d45f8901aadff40a4af72c0b826f1d?s=96&#038;r=g&#038;d=mm","contentUrl":"\/\/www.gravatar.com\/avatar\/d8d45f8901aadff40a4af72c0b826f1d?s=96&#038;r=g&#038;d=mm","caption":"dorogimedence.hu"}}]}},"_links":{"self":[{"href":"https:\/\/dorogimedence.hu\/index.php\/wp-json\/wp\/v2\/posts\/81935","targetHints":{"allow":["GET"]}}],"collection":[{"href":"https:\/\/dorogimedence.hu\/index.php\/wp-json\/wp\/v2\/posts"}],"about":[{"href":"https:\/\/dorogimedence.hu\/index.php\/wp-json\/wp\/v2\/types\/post"}],"author":[{"embeddable":true,"href":"https:\/\/dorogimedence.hu\/index.php\/wp-json\/wp\/v2\/users\/1"}],"replies":[{"embeddable":true,"href":"https:\/\/dorogimedence.hu\/index.php\/wp-json\/wp\/v2\/comments?post=81935"}],"version-history":[{"count":1,"href":"https:\/\/dorogimedence.hu\/index.php\/wp-json\/wp\/v2\/posts\/81935\/revisions"}],"predecessor-version":[{"id":81936,"href":"https:\/\/dorogimedence.hu\/index.php\/wp-json\/wp\/v2\/posts\/81935\/revisions\/81936"}],"wp:featuredmedia":[{"embeddable":true,"href":"https:\/\/dorogimedence.hu\/index.php\/wp-json\/wp\/v2\/media\/44596"}],"wp:attachment":[{"href":"https:\/\/dorogimedence.hu\/index.php\/wp-json\/wp\/v2\/media?parent=81935"}],"wp:term":[{"taxonomy":"category","embeddable":true,"href":"https:\/\/dorogimedence.hu\/index.php\/wp-json\/wp\/v2\/categories?post=81935"},{"taxonomy":"post_tag","embeddable":true,"href":"https:\/\/dorogimedence.hu\/index.php\/wp-json\/wp\/v2\/tags?post=81935"}],"curies":[{"name":"wp","href":"https:\/\/api.w.org\/{rel}","templated":true}]}}