{"id":81929,"date":"2026-07-10T16:15:18","date_gmt":"2026-07-10T14:15:18","guid":{"rendered":"https:\/\/dorogimedence.hu\/?p=81929"},"modified":"2026-07-10T16:15:18","modified_gmt":"2026-07-10T14:15:18","slug":"diszpolgari-cimet-adomanyoz-esztergom-maraz-zsuzsannanak-es-neuzer-andrasnak","status":"publish","type":"post","link":"https:\/\/dorogimedence.hu\/index.php\/2026\/07\/10\/diszpolgari-cimet-adomanyoz-esztergom-maraz-zsuzsannanak-es-neuzer-andrasnak\/","title":{"rendered":"D\u00edszpolg\u00e1ri c\u00edmet adom\u00e1nyoz Esztergom Mar\u00e1z Zsuzsann\u00e1nak \u00e9s Neuzer Andr\u00e1snak"},"content":{"rendered":"<p><strong>Esztergom Megyei Jog\u00fa V\u00e1ros \u00d6nkorm\u00e1nyzat\u00e1nak K\u00f6zgy\u0171l\u00e9se Mar\u00e1z Zsuzsanna ultrafut\u00f3nak \u00e9s Neuzer Andr\u00e1s v\u00e1llalkoz\u00f3nak, k\u00f6z\u00f6ss\u00e9g\u00e9p\u00edt\u0151nek adom\u00e1nyozta az Esztergom Megyei Jog\u00fa V\u00e1ros D\u00edszpolg\u00e1ra kit\u00fcntet\u0151 c\u00edmet. A rangos elismer\u00e9st augusztus 20-\u00e1n, az Erzs\u00e9bet parkban rendezett v\u00e1rosi \u00fcnneps\u00e9gen vehetik \u00e1t.<\/strong><\/p>\n<p>A d\u00f6nt\u00e9sr\u0151l Hern\u00e1di \u00c1d\u00e1m polg\u00e1rmester sz\u00e1molt be <a href=\"https:\/\/www.facebook.com\/hernadiadam.esztergom\/posts\/pfbid0jeeJvhwSALZ7AjSZwhgvc9Y4LVCwfMAb2VUiGE7ithG4AZ9RGVrRazH62bFjNKSUl\" target=\"_blank\" rel=\"noopener\"><span style=\"text-decoration: underline; color: #0000ff;\">k\u00f6z\u00f6ss\u00e9gi oldal\u00e1n<\/span><\/a>. Mint \u00edrta, a k\u00f6zgy\u0171l\u00e9s a k\u00e9t kit\u00fcntetettnek Esztergom ir\u00e1nti rend\u00edthetetlen elk\u00f6telezetts\u00e9ge elismer\u00e9sek\u00e9nt adom\u00e1nyozta a d\u00edszpolg\u00e1ri c\u00edmet. A polg\u00e1rmester egy\u00fattal arra is biztatta az esztergomiakat, hogy k\u00f6z\u00f6sen \u00fcnnepelj\u00e9k az \u00faj d\u00edszpolg\u00e1rokat augusztus 20-\u00e1n.<\/p>\n<p>Mar\u00e1z Zsuzsanna ultrafut\u00f3k\u00e9nt \u00e9s edz\u0151k\u00e9nt egyar\u00e1nt kiemelked\u0151 eredm\u00e9nyeket \u00e9rt el. P\u00e1lyafut\u00e1sa sor\u00e1n \u00f6tsz\u00f6r nyerte meg az Ultrabalatont, vil\u00e1gbajnoki c\u00edmet szerzett hatnapos fut\u00e1sban, 2025-ben pedig els\u0151 n\u0151k\u00e9nt diadalmaskodott a TransEspa\u00f1\u00e1n. A k\u00f6zelm\u00faltban a 24 \u00d3ra \u00e9s a <a href=\"https:\/\/www.kemma.hu\/helyi-sport\/2026\/07\/esztergom-megyei-jogu-varos-diszpolgara-elismeres\" target=\"_blank\" rel=\"noopener\"><span style=\"text-decoration: underline; color: #0000ff;\">Kemma.hu<\/span><\/a> olvas\u00f3inak szavazatai alapj\u00e1n a 2025-\u00f6s \u00c9v n\u0151i sportol\u00f3ja c\u00edmet is elnyerte. Jelenleg a szeptemberben Balatonf\u00fcreden rendezend\u0151 hatnapos vil\u00e1gbajnoks\u00e1gra k\u00e9sz\u00fcl.<\/p>\n<p>Neuzer Andr\u00e1s v\u00e1llalkoz\u00f3k\u00e9nt \u00e9s mec\u00e9n\u00e1sk\u00e9nt \u00e9vtizedek \u00f3ta meghat\u00e1roz\u00f3 szerepl\u0151je Esztergom k\u00f6z\u00f6ss\u00e9gi \u00e9let\u00e9nek. Magyarovics Gyul\u00e1val k\u00f6z\u00f6sen 1983-ban alap\u00edtotta meg az esztergomi r\u00f6gbicsapatot, \u00e9s az\u00f3ta is a sokszoros magyar bajnok Esztergomi Vit\u00e9zek egyik legjelent\u0151sebb t\u00e1mogat\u00f3ja. Nev\u00e9hez f\u0171z\u0151dik az esztergomi lampionos haj\u00f3s felvonul\u00e1s 2011-es \u00fajj\u00e1\u00e9leszt\u00e9se is, emellett rendszeresen t\u00e1mogatja a v\u00e1ros iskol\u00e1it, \u00f3vod\u00e1it \u00e9s kultur\u00e1lis rendezv\u00e9nyeit. Munk\u00e1j\u00e1t 2024-ben v\u00e1rmegyei Prima K\u00fcl\u00f6nd\u00edjjal is elismert\u00e9k.<\/p>\n<p>Az \u00faj d\u00edszpolg\u00e1rok augusztus 20-\u00e1n, az \u00e1llamalap\u00edt\u00e1s \u00fcnnep\u00e9hez kapcsol\u00f3d\u00f3 v\u00e1rosi rendezv\u00e9nyen, \u00fcnnep\u00e9lyes keretek k\u00f6z\u00f6tt vehetik \u00e1t az elismer\u00e9st az Erzs\u00e9bet parkban.<\/p>\n<p><em>Bor\u00edt\u00f3k\u00e9p: Hern\u00e1di \u00c1d\u00e1m Facebook-oldala<\/em><\/p>\n","protected":false},"excerpt":{"rendered":"<p>Esztergom Megyei Jog\u00fa V\u00e1ros \u00d6nkorm\u00e1nyzat\u00e1nak K\u00f6zgy\u0171l\u00e9se Mar\u00e1z Zsuzsanna ultrafut\u00f3nak \u00e9s Neuzer Andr\u00e1s v\u00e1llalkoz\u00f3nak, k\u00f6z\u00f6ss\u00e9g\u00e9p\u00edt\u0151nek adom\u00e1nyozta az Esztergom Megyei Jog\u00fa V\u00e1ros D\u00edszpolg\u00e1ra kit\u00fcntet\u0151 c\u00edmet. A rangos elismer\u00e9st augusztus 20-\u00e1n, az Erzs\u00e9bet parkban rendezett v\u00e1rosi \u00fcnneps\u00e9gen vehetik \u00e1t. A d\u00f6nt\u00e9sr\u0151l Hern\u00e1di \u00c1d\u00e1m polg\u00e1rmester sz\u00e1molt be k\u00f6z\u00f6ss\u00e9gi oldal\u00e1n. Mint \u00edrta, a k\u00f6zgy\u0171l\u00e9s a k\u00e9t kit\u00fcntetettnek Esztergom ir\u00e1nti rend\u00edthetetlen<\/p>\n","protected":false},"author":1,"featured_media":81930,"comment_status":"closed","ping_status":"closed","sticky":false,"template":"","format":"standard","meta":{"ngg_post_thumbnail":0,"footnotes":""},"categories":[38,3],"tags":[1636,42,1597,1704],"class_list":["post-81929","post","type-post","status-publish","format-standard","has-post-thumbnail","category-esztergom","category-hirek","tag-diszpolgar","tag-esztergom","tag-maraz-zsuzsanna","tag-neuzer-andras"],"yoast_head":"<!-- This site is optimized with the Yoast SEO plugin v28.3 - https:\/\/yoast.com\/product\/yoast-seo-wordpress\/ -->\n<title>D\u00edszpolg\u00e1ri c\u00edmet adom\u00e1nyoz Esztergom Mar\u00e1z Zsuzsann\u00e1nak \u00e9s Neuzer Andr\u00e1snak<\/title>\n<meta name=\"robots\" content=\"index, follow, max-snippet:-1, max-image-preview:large, max-video-preview:-1\" \/>\n<link rel=\"canonical\" href=\"https:\/\/dorogimedence.hu\/index.php\/2026\/07\/10\/diszpolgari-cimet-adomanyoz-esztergom-maraz-zsuzsannanak-es-neuzer-andrasnak\/\" class=\"yoast-seo-meta-tag\" \/>\n<meta property=\"og:locale\" content=\"hu_HU\" class=\"yoast-seo-meta-tag\" \/>\n<meta property=\"og:type\" content=\"article\" class=\"yoast-seo-meta-tag\" \/>\n<meta property=\"og:title\" content=\"D\u00edszpolg\u00e1ri c\u00edmet adom\u00e1nyoz Esztergom Mar\u00e1z Zsuzsann\u00e1nak \u00e9s Neuzer Andr\u00e1snak\" class=\"yoast-seo-meta-tag\" \/>\n<meta property=\"og:description\" content=\"Esztergom Megyei Jog\u00fa V\u00e1ros \u00d6nkorm\u00e1nyzat\u00e1nak K\u00f6zgy\u0171l\u00e9se Mar\u00e1z Zsuzsanna ultrafut\u00f3nak \u00e9s Neuzer Andr\u00e1s v\u00e1llalkoz\u00f3nak, k\u00f6z\u00f6ss\u00e9g\u00e9p\u00edt\u0151nek adom\u00e1nyozta az Esztergom Megyei Jog\u00fa V\u00e1ros D\u00edszpolg\u00e1ra kit\u00fcntet\u0151 c\u00edmet. A rangos elismer\u00e9st augusztus 20-\u00e1n, az Erzs\u00e9bet parkban rendezett v\u00e1rosi \u00fcnneps\u00e9gen vehetik \u00e1t. A d\u00f6nt\u00e9sr\u0151l Hern\u00e1di \u00c1d\u00e1m polg\u00e1rmester sz\u00e1molt be k\u00f6z\u00f6ss\u00e9gi oldal\u00e1n. Mint \u00edrta, a k\u00f6zgy\u0171l\u00e9s a k\u00e9t kit\u00fcntetettnek Esztergom ir\u00e1nti rend\u00edthetetlen\" class=\"yoast-seo-meta-tag\" \/>\n<meta property=\"og:url\" content=\"https:\/\/dorogimedence.hu\/index.php\/2026\/07\/10\/diszpolgari-cimet-adomanyoz-esztergom-maraz-zsuzsannanak-es-neuzer-andrasnak\/\" class=\"yoast-seo-meta-tag\" \/>\n<meta property=\"og:site_name\" content=\"Dorogi-medence Region\u00e1lis H\u00edrport\u00e1l\" class=\"yoast-seo-meta-tag\" \/>\n<meta property=\"article:publisher\" content=\"https:\/\/www.facebook.com\/dorogimedence\/\" class=\"yoast-seo-meta-tag\" \/>\n<meta property=\"article:published_time\" content=\"2026-07-10T14:15:18+00:00\" class=\"yoast-seo-meta-tag\" \/>\n<meta property=\"og:image\" content=\"https:\/\/dorogimedence.hu\/wp-content\/uploads\/2026\/07\/741258437_1206770064910240_1749481256529048279_n.jpg\" class=\"yoast-seo-meta-tag\" \/>\n\t<meta property=\"og:image:width\" content=\"1920\" class=\"yoast-seo-meta-tag\" \/>\n\t<meta property=\"og:image:height\" content=\"1080\" class=\"yoast-seo-meta-tag\" \/>\n\t<meta property=\"og:image:type\" content=\"image\/jpeg\" class=\"yoast-seo-meta-tag\" \/>\n<meta name=\"author\" content=\"dorogimedence.hu\" class=\"yoast-seo-meta-tag\" \/>\n<meta name=\"twitter:card\" content=\"summary_large_image\" class=\"yoast-seo-meta-tag\" \/>\n<meta name=\"twitter:label1\" content=\"Szerz\u0151:\" class=\"yoast-seo-meta-tag\" \/>\n\t<meta name=\"twitter:data1\" content=\"dorogimedence.hu\" class=\"yoast-seo-meta-tag\" \/>\n\t<meta name=\"twitter:label2\" content=\"Becs\u00fclt olvas\u00e1si id\u0151\" class=\"yoast-seo-meta-tag\" \/>\n\t<meta name=\"twitter:data2\" content=\"2 perc\" class=\"yoast-seo-meta-tag\" \/>\n<script type=\"application\/ld+json\" class=\"yoast-schema-graph\">{\"@context\":\"https:\\\/\\\/schema.org\",\"@graph\":[{\"@type\":\"Article\",\"@id\":\"https:\\\/\\\/dorogimedence.hu\\\/index.php\\\/2026\\\/07\\\/10\\\/diszpolgari-cimet-adomanyoz-esztergom-maraz-zsuzsannanak-es-neuzer-andrasnak\\\/#article\",\"isPartOf\":{\"@id\":\"https:\\\/\\\/dorogimedence.hu\\\/index.php\\\/2026\\\/07\\\/10\\\/diszpolgari-cimet-adomanyoz-esztergom-maraz-zsuzsannanak-es-neuzer-andrasnak\\\/\"},\"author\":{\"name\":\"dorogimedence.hu\",\"@id\":\"https:\\\/\\\/dorogimedence.hu\\\/#\\\/schema\\\/person\\\/ce6091eeb7e95ecdc87890d6aa8e0fd4\"},\"headline\":\"D\u00edszpolg\u00e1ri c\u00edmet adom\u00e1nyoz Esztergom Mar\u00e1z Zsuzsann\u00e1nak \u00e9s Neuzer Andr\u00e1snak\",\"datePublished\":\"2026-07-10T14:15:18+00:00\",\"mainEntityOfPage\":{\"@id\":\"https:\\\/\\\/dorogimedence.hu\\\/index.php\\\/2026\\\/07\\\/10\\\/diszpolgari-cimet-adomanyoz-esztergom-maraz-zsuzsannanak-es-neuzer-andrasnak\\\/\"},\"wordCount\":388,\"publisher\":{\"@id\":\"https:\\\/\\\/dorogimedence.hu\\\/#organization\"},\"image\":{\"@id\":\"https:\\\/\\\/dorogimedence.hu\\\/index.php\\\/2026\\\/07\\\/10\\\/diszpolgari-cimet-adomanyoz-esztergom-maraz-zsuzsannanak-es-neuzer-andrasnak\\\/#primaryimage\"},\"thumbnailUrl\":\"https:\\\/\\\/dorogimedence.hu\\\/wp-content\\\/uploads\\\/2026\\\/07\\\/741258437_1206770064910240_1749481256529048279_n.jpg\",\"keywords\":[\"d\u00edszpolg\u00e1r\",\"esztergom\",\"Mar\u00e1z Zsuzsanna\",\"Neuzer Andr\u00e1s\"],\"articleSection\":[\"Esztergom\",\"H\u00edrek\"],\"inLanguage\":\"hu\"},{\"@type\":\"WebPage\",\"@id\":\"https:\\\/\\\/dorogimedence.hu\\\/index.php\\\/2026\\\/07\\\/10\\\/diszpolgari-cimet-adomanyoz-esztergom-maraz-zsuzsannanak-es-neuzer-andrasnak\\\/\",\"url\":\"https:\\\/\\\/dorogimedence.hu\\\/index.php\\\/2026\\\/07\\\/10\\\/diszpolgari-cimet-adomanyoz-esztergom-maraz-zsuzsannanak-es-neuzer-andrasnak\\\/\",\"name\":\"D\u00edszpolg\u00e1ri c\u00edmet adom\u00e1nyoz Esztergom Mar\u00e1z Zsuzsann\u00e1nak \u00e9s Neuzer Andr\u00e1snak\",\"isPartOf\":{\"@id\":\"https:\\\/\\\/dorogimedence.hu\\\/#website\"},\"primaryImageOfPage\":{\"@id\":\"https:\\\/\\\/dorogimedence.hu\\\/index.php\\\/2026\\\/07\\\/10\\\/diszpolgari-cimet-adomanyoz-esztergom-maraz-zsuzsannanak-es-neuzer-andrasnak\\\/#primaryimage\"},\"image\":{\"@id\":\"https:\\\/\\\/dorogimedence.hu\\\/index.php\\\/2026\\\/07\\\/10\\\/diszpolgari-cimet-adomanyoz-esztergom-maraz-zsuzsannanak-es-neuzer-andrasnak\\\/#primaryimage\"},\"thumbnailUrl\":\"https:\\\/\\\/dorogimedence.hu\\\/wp-content\\\/uploads\\\/2026\\\/07\\\/741258437_1206770064910240_1749481256529048279_n.jpg\",\"datePublished\":\"2026-07-10T14:15:18+00:00\",\"breadcrumb\":{\"@id\":\"https:\\\/\\\/dorogimedence.hu\\\/index.php\\\/2026\\\/07\\\/10\\\/diszpolgari-cimet-adomanyoz-esztergom-maraz-zsuzsannanak-es-neuzer-andrasnak\\\/#breadcrumb\"},\"inLanguage\":\"hu\",\"potentialAction\":[{\"@type\":\"ReadAction\",\"target\":[\"https:\\\/\\\/dorogimedence.hu\\\/index.php\\\/2026\\\/07\\\/10\\\/diszpolgari-cimet-adomanyoz-esztergom-maraz-zsuzsannanak-es-neuzer-andrasnak\\\/\"]}]},{\"@type\":\"ImageObject\",\"inLanguage\":\"hu\",\"@id\":\"https:\\\/\\\/dorogimedence.hu\\\/index.php\\\/2026\\\/07\\\/10\\\/diszpolgari-cimet-adomanyoz-esztergom-maraz-zsuzsannanak-es-neuzer-andrasnak\\\/#primaryimage\",\"url\":\"https:\\\/\\\/dorogimedence.hu\\\/wp-content\\\/uploads\\\/2026\\\/07\\\/741258437_1206770064910240_1749481256529048279_n.jpg\",\"contentUrl\":\"https:\\\/\\\/dorogimedence.hu\\\/wp-content\\\/uploads\\\/2026\\\/07\\\/741258437_1206770064910240_1749481256529048279_n.jpg\",\"width\":1920,\"height\":1080},{\"@type\":\"BreadcrumbList\",\"@id\":\"https:\\\/\\\/dorogimedence.hu\\\/index.php\\\/2026\\\/07\\\/10\\\/diszpolgari-cimet-adomanyoz-esztergom-maraz-zsuzsannanak-es-neuzer-andrasnak\\\/#breadcrumb\",\"itemListElement\":[{\"@type\":\"ListItem\",\"position\":1,\"name\":\"Kezd\u0151lap\",\"item\":\"https:\\\/\\\/dorogimedence.hu\\\/\"},{\"@type\":\"ListItem\",\"position\":2,\"name\":\"D\u00edszpolg\u00e1ri c\u00edmet adom\u00e1nyoz Esztergom Mar\u00e1z Zsuzsann\u00e1nak \u00e9s Neuzer Andr\u00e1snak\"}]},{\"@type\":\"WebSite\",\"@id\":\"https:\\\/\\\/dorogimedence.hu\\\/#website\",\"url\":\"https:\\\/\\\/dorogimedence.hu\\\/\",\"name\":\"Dorogi-medence Region\u00e1lis H\u00edrport\u00e1l\",\"description\":\"Dorog, Keszt\u00f6lc, Le\u00e1nyv\u00e1r, Piliscs\u00e9v, Tokod, Tokodalt\u00e1r\u00f3, Csolnok, Esztergom-kertv\u00e1ros: h\u00edrek, programok\",\"publisher\":{\"@id\":\"https:\\\/\\\/dorogimedence.hu\\\/#organization\"},\"potentialAction\":[{\"@type\":\"SearchAction\",\"target\":{\"@type\":\"EntryPoint\",\"urlTemplate\":\"https:\\\/\\\/dorogimedence.hu\\\/?s={search_term_string}\"},\"query-input\":{\"@type\":\"PropertyValueSpecification\",\"valueRequired\":true,\"valueName\":\"search_term_string\"}}],\"inLanguage\":\"hu\"},{\"@type\":\"Organization\",\"@id\":\"https:\\\/\\\/dorogimedence.hu\\\/#organization\",\"name\":\"Dorogi-medence Region\u00e1lis H\u00edrport\u00e1l\",\"url\":\"https:\\\/\\\/dorogimedence.hu\\\/\",\"logo\":{\"@type\":\"ImageObject\",\"inLanguage\":\"hu\",\"@id\":\"https:\\\/\\\/dorogimedence.hu\\\/#\\\/schema\\\/logo\\\/image\\\/\",\"url\":\"https:\\\/\\\/dorogimedence.hu\\\/wp-content\\\/uploads\\\/2021\\\/04\\\/logo-feher-600.png\",\"contentUrl\":\"https:\\\/\\\/dorogimedence.hu\\\/wp-content\\\/uploads\\\/2021\\\/04\\\/logo-feher-600.png\",\"width\":600,\"height\":100,\"caption\":\"Dorogi-medence Region\u00e1lis H\u00edrport\u00e1l\"},\"image\":{\"@id\":\"https:\\\/\\\/dorogimedence.hu\\\/#\\\/schema\\\/logo\\\/image\\\/\"},\"sameAs\":[\"https:\\\/\\\/www.facebook.com\\\/dorogimedence\\\/\"]},{\"@type\":\"Person\",\"@id\":\"https:\\\/\\\/dorogimedence.hu\\\/#\\\/schema\\\/person\\\/ce6091eeb7e95ecdc87890d6aa8e0fd4\",\"name\":\"dorogimedence.hu\",\"image\":{\"@type\":\"ImageObject\",\"inLanguage\":\"hu\",\"@id\":\"\\\/\\\/www.gravatar.com\\\/avatar\\\/d8d45f8901aadff40a4af72c0b826f1d?s=96&#038;r=g&#038;d=mm\",\"url\":\"\\\/\\\/www.gravatar.com\\\/avatar\\\/d8d45f8901aadff40a4af72c0b826f1d?s=96&#038;r=g&#038;d=mm\",\"contentUrl\":\"\\\/\\\/www.gravatar.com\\\/avatar\\\/d8d45f8901aadff40a4af72c0b826f1d?s=96&#038;r=g&#038;d=mm\",\"caption\":\"dorogimedence.hu\"}}]}<\/script>\n<!-- \/ Yoast SEO plugin. -->","yoast_head_json":{"title":"D\u00edszpolg\u00e1ri c\u00edmet adom\u00e1nyoz Esztergom Mar\u00e1z Zsuzsann\u00e1nak \u00e9s Neuzer Andr\u00e1snak","robots":{"index":"index","follow":"follow","max-snippet":"max-snippet:-1","max-image-preview":"max-image-preview:large","max-video-preview":"max-video-preview:-1"},"canonical":"https:\/\/dorogimedence.hu\/index.php\/2026\/07\/10\/diszpolgari-cimet-adomanyoz-esztergom-maraz-zsuzsannanak-es-neuzer-andrasnak\/","og_locale":"hu_HU","og_type":"article","og_title":"D\u00edszpolg\u00e1ri c\u00edmet adom\u00e1nyoz Esztergom Mar\u00e1z Zsuzsann\u00e1nak \u00e9s Neuzer Andr\u00e1snak","og_description":"Esztergom Megyei Jog\u00fa V\u00e1ros \u00d6nkorm\u00e1nyzat\u00e1nak K\u00f6zgy\u0171l\u00e9se Mar\u00e1z Zsuzsanna ultrafut\u00f3nak \u00e9s Neuzer Andr\u00e1s v\u00e1llalkoz\u00f3nak, k\u00f6z\u00f6ss\u00e9g\u00e9p\u00edt\u0151nek adom\u00e1nyozta az Esztergom Megyei Jog\u00fa V\u00e1ros D\u00edszpolg\u00e1ra kit\u00fcntet\u0151 c\u00edmet. A rangos elismer\u00e9st augusztus 20-\u00e1n, az Erzs\u00e9bet parkban rendezett v\u00e1rosi \u00fcnneps\u00e9gen vehetik \u00e1t. A d\u00f6nt\u00e9sr\u0151l Hern\u00e1di \u00c1d\u00e1m polg\u00e1rmester sz\u00e1molt be k\u00f6z\u00f6ss\u00e9gi oldal\u00e1n. Mint \u00edrta, a k\u00f6zgy\u0171l\u00e9s a k\u00e9t kit\u00fcntetettnek Esztergom ir\u00e1nti rend\u00edthetetlen","og_url":"https:\/\/dorogimedence.hu\/index.php\/2026\/07\/10\/diszpolgari-cimet-adomanyoz-esztergom-maraz-zsuzsannanak-es-neuzer-andrasnak\/","og_site_name":"Dorogi-medence Region\u00e1lis H\u00edrport\u00e1l","article_publisher":"https:\/\/www.facebook.com\/dorogimedence\/","article_published_time":"2026-07-10T14:15:18+00:00","og_image":[{"width":1920,"height":1080,"url":"https:\/\/dorogimedence.hu\/wp-content\/uploads\/2026\/07\/741258437_1206770064910240_1749481256529048279_n.jpg","type":"image\/jpeg"}],"author":"dorogimedence.hu","twitter_card":"summary_large_image","twitter_misc":{"Szerz\u0151:":"dorogimedence.hu","Becs\u00fclt olvas\u00e1si id\u0151":"2 perc"},"schema":{"@context":"https:\/\/schema.org","@graph":[{"@type":"Article","@id":"https:\/\/dorogimedence.hu\/index.php\/2026\/07\/10\/diszpolgari-cimet-adomanyoz-esztergom-maraz-zsuzsannanak-es-neuzer-andrasnak\/#article","isPartOf":{"@id":"https:\/\/dorogimedence.hu\/index.php\/2026\/07\/10\/diszpolgari-cimet-adomanyoz-esztergom-maraz-zsuzsannanak-es-neuzer-andrasnak\/"},"author":{"name":"dorogimedence.hu","@id":"https:\/\/dorogimedence.hu\/#\/schema\/person\/ce6091eeb7e95ecdc87890d6aa8e0fd4"},"headline":"D\u00edszpolg\u00e1ri c\u00edmet adom\u00e1nyoz Esztergom Mar\u00e1z Zsuzsann\u00e1nak \u00e9s Neuzer Andr\u00e1snak","datePublished":"2026-07-10T14:15:18+00:00","mainEntityOfPage":{"@id":"https:\/\/dorogimedence.hu\/index.php\/2026\/07\/10\/diszpolgari-cimet-adomanyoz-esztergom-maraz-zsuzsannanak-es-neuzer-andrasnak\/"},"wordCount":388,"publisher":{"@id":"https:\/\/dorogimedence.hu\/#organization"},"image":{"@id":"https:\/\/dorogimedence.hu\/index.php\/2026\/07\/10\/diszpolgari-cimet-adomanyoz-esztergom-maraz-zsuzsannanak-es-neuzer-andrasnak\/#primaryimage"},"thumbnailUrl":"https:\/\/dorogimedence.hu\/wp-content\/uploads\/2026\/07\/741258437_1206770064910240_1749481256529048279_n.jpg","keywords":["d\u00edszpolg\u00e1r","esztergom","Mar\u00e1z Zsuzsanna","Neuzer Andr\u00e1s"],"articleSection":["Esztergom","H\u00edrek"],"inLanguage":"hu"},{"@type":"WebPage","@id":"https:\/\/dorogimedence.hu\/index.php\/2026\/07\/10\/diszpolgari-cimet-adomanyoz-esztergom-maraz-zsuzsannanak-es-neuzer-andrasnak\/","url":"https:\/\/dorogimedence.hu\/index.php\/2026\/07\/10\/diszpolgari-cimet-adomanyoz-esztergom-maraz-zsuzsannanak-es-neuzer-andrasnak\/","name":"D\u00edszpolg\u00e1ri c\u00edmet adom\u00e1nyoz Esztergom Mar\u00e1z Zsuzsann\u00e1nak \u00e9s Neuzer Andr\u00e1snak","isPartOf":{"@id":"https:\/\/dorogimedence.hu\/#website"},"primaryImageOfPage":{"@id":"https:\/\/dorogimedence.hu\/index.php\/2026\/07\/10\/diszpolgari-cimet-adomanyoz-esztergom-maraz-zsuzsannanak-es-neuzer-andrasnak\/#primaryimage"},"image":{"@id":"https:\/\/dorogimedence.hu\/index.php\/2026\/07\/10\/diszpolgari-cimet-adomanyoz-esztergom-maraz-zsuzsannanak-es-neuzer-andrasnak\/#primaryimage"},"thumbnailUrl":"https:\/\/dorogimedence.hu\/wp-content\/uploads\/2026\/07\/741258437_1206770064910240_1749481256529048279_n.jpg","datePublished":"2026-07-10T14:15:18+00:00","breadcrumb":{"@id":"https:\/\/dorogimedence.hu\/index.php\/2026\/07\/10\/diszpolgari-cimet-adomanyoz-esztergom-maraz-zsuzsannanak-es-neuzer-andrasnak\/#breadcrumb"},"inLanguage":"hu","potentialAction":[{"@type":"ReadAction","target":["https:\/\/dorogimedence.hu\/index.php\/2026\/07\/10\/diszpolgari-cimet-adomanyoz-esztergom-maraz-zsuzsannanak-es-neuzer-andrasnak\/"]}]},{"@type":"ImageObject","inLanguage":"hu","@id":"https:\/\/dorogimedence.hu\/index.php\/2026\/07\/10\/diszpolgari-cimet-adomanyoz-esztergom-maraz-zsuzsannanak-es-neuzer-andrasnak\/#primaryimage","url":"https:\/\/dorogimedence.hu\/wp-content\/uploads\/2026\/07\/741258437_1206770064910240_1749481256529048279_n.jpg","contentUrl":"https:\/\/dorogimedence.hu\/wp-content\/uploads\/2026\/07\/741258437_1206770064910240_1749481256529048279_n.jpg","width":1920,"height":1080},{"@type":"BreadcrumbList","@id":"https:\/\/dorogimedence.hu\/index.php\/2026\/07\/10\/diszpolgari-cimet-adomanyoz-esztergom-maraz-zsuzsannanak-es-neuzer-andrasnak\/#breadcrumb","itemListElement":[{"@type":"ListItem","position":1,"name":"Kezd\u0151lap","item":"https:\/\/dorogimedence.hu\/"},{"@type":"ListItem","position":2,"name":"D\u00edszpolg\u00e1ri c\u00edmet adom\u00e1nyoz Esztergom Mar\u00e1z Zsuzsann\u00e1nak \u00e9s Neuzer Andr\u00e1snak"}]},{"@type":"WebSite","@id":"https:\/\/dorogimedence.hu\/#website","url":"https:\/\/dorogimedence.hu\/","name":"Dorogi-medence Region\u00e1lis H\u00edrport\u00e1l","description":"Dorog, Keszt\u00f6lc, Le\u00e1nyv\u00e1r, Piliscs\u00e9v, Tokod, Tokodalt\u00e1r\u00f3, Csolnok, Esztergom-kertv\u00e1ros: h\u00edrek, programok","publisher":{"@id":"https:\/\/dorogimedence.hu\/#organization"},"potentialAction":[{"@type":"SearchAction","target":{"@type":"EntryPoint","urlTemplate":"https:\/\/dorogimedence.hu\/?s={search_term_string}"},"query-input":{"@type":"PropertyValueSpecification","valueRequired":true,"valueName":"search_term_string"}}],"inLanguage":"hu"},{"@type":"Organization","@id":"https:\/\/dorogimedence.hu\/#organization","name":"Dorogi-medence Region\u00e1lis H\u00edrport\u00e1l","url":"https:\/\/dorogimedence.hu\/","logo":{"@type":"ImageObject","inLanguage":"hu","@id":"https:\/\/dorogimedence.hu\/#\/schema\/logo\/image\/","url":"https:\/\/dorogimedence.hu\/wp-content\/uploads\/2021\/04\/logo-feher-600.png","contentUrl":"https:\/\/dorogimedence.hu\/wp-content\/uploads\/2021\/04\/logo-feher-600.png","width":600,"height":100,"caption":"Dorogi-medence Region\u00e1lis H\u00edrport\u00e1l"},"image":{"@id":"https:\/\/dorogimedence.hu\/#\/schema\/logo\/image\/"},"sameAs":["https:\/\/www.facebook.com\/dorogimedence\/"]},{"@type":"Person","@id":"https:\/\/dorogimedence.hu\/#\/schema\/person\/ce6091eeb7e95ecdc87890d6aa8e0fd4","name":"dorogimedence.hu","image":{"@type":"ImageObject","inLanguage":"hu","@id":"\/\/www.gravatar.com\/avatar\/d8d45f8901aadff40a4af72c0b826f1d?s=96&#038;r=g&#038;d=mm","url":"\/\/www.gravatar.com\/avatar\/d8d45f8901aadff40a4af72c0b826f1d?s=96&#038;r=g&#038;d=mm","contentUrl":"\/\/www.gravatar.com\/avatar\/d8d45f8901aadff40a4af72c0b826f1d?s=96&#038;r=g&#038;d=mm","caption":"dorogimedence.hu"}}]}},"_links":{"self":[{"href":"https:\/\/dorogimedence.hu\/index.php\/wp-json\/wp\/v2\/posts\/81929","targetHints":{"allow":["GET"]}}],"collection":[{"href":"https:\/\/dorogimedence.hu\/index.php\/wp-json\/wp\/v2\/posts"}],"about":[{"href":"https:\/\/dorogimedence.hu\/index.php\/wp-json\/wp\/v2\/types\/post"}],"author":[{"embeddable":true,"href":"https:\/\/dorogimedence.hu\/index.php\/wp-json\/wp\/v2\/users\/1"}],"replies":[{"embeddable":true,"href":"https:\/\/dorogimedence.hu\/index.php\/wp-json\/wp\/v2\/comments?post=81929"}],"version-history":[{"count":1,"href":"https:\/\/dorogimedence.hu\/index.php\/wp-json\/wp\/v2\/posts\/81929\/revisions"}],"predecessor-version":[{"id":81931,"href":"https:\/\/dorogimedence.hu\/index.php\/wp-json\/wp\/v2\/posts\/81929\/revisions\/81931"}],"wp:featuredmedia":[{"embeddable":true,"href":"https:\/\/dorogimedence.hu\/index.php\/wp-json\/wp\/v2\/media\/81930"}],"wp:attachment":[{"href":"https:\/\/dorogimedence.hu\/index.php\/wp-json\/wp\/v2\/media?parent=81929"}],"wp:term":[{"taxonomy":"category","embeddable":true,"href":"https:\/\/dorogimedence.hu\/index.php\/wp-json\/wp\/v2\/categories?post=81929"},{"taxonomy":"post_tag","embeddable":true,"href":"https:\/\/dorogimedence.hu\/index.php\/wp-json\/wp\/v2\/tags?post=81929"}],"curies":[{"name":"wp","href":"https:\/\/api.w.org\/{rel}","templated":true}]}}