{"id":81915,"date":"2026-07-10T09:25:52","date_gmt":"2026-07-10T07:25:52","guid":{"rendered":"https:\/\/dorogimedence.hu\/?p=81915"},"modified":"2026-07-10T09:25:52","modified_gmt":"2026-07-10T07:25:52","slug":"sulyositast-ker-az-ugyeszseg-a-20-evre-itelt-sarisapi-rem-ugyeben","status":"publish","type":"post","link":"https:\/\/dorogimedence.hu\/index.php\/2026\/07\/10\/sulyositast-ker-az-ugyeszseg-a-20-evre-itelt-sarisapi-rem-ugyeben\/","title":{"rendered":"S\u00falyos\u00edt\u00e1st k\u00e9r az \u00fcgy\u00e9szs\u00e9g a 20 \u00e9vre \u00edt\u00e9lt s\u00e1ris\u00e1pi r\u00e9m \u00fcgy\u00e9ben"},"content":{"rendered":"<p><strong><a href=\"https:\/\/dorogimedence.hu\/index.php\/2026\/04\/10\/20-evet-kapott-a-sarisapi-rem\/\" target=\"_blank\" rel=\"noopener\"><span style=\"text-decoration: underline; color: #0000ff;\">Kor\u00e1bban besz\u00e1moltunk r\u00f3la<\/span><\/a>, hogy nem joger\u0151sen 20 \u00e9v fegyh\u00e1zb\u00fcntet\u00e9sre \u00edt\u00e9lte a Tatab\u00e1nyai T\u00f6rv\u00e9nysz\u00e9k azt a visszaes\u0151 f\u00e9rfit, aki 2025 febru\u00e1rj\u00e1ban S\u00e1ris\u00e1pon szexu\u00e1lisan b\u00e1ntalmazott, majd megpr\u00f3b\u00e1lt meg\u00f6lni egy t\u00edz\u00e9ves kisl\u00e1nyt. Az \u00fcgy \u00fajabb fordulatot vett: a Gy\u0151ri Fellebbviteli F\u0151\u00fcgy\u00e9szs\u00e9g szerint a kiszabott b\u00fcntet\u00e9s nem el\u00e9g s\u00falyos, ez\u00e9rt annak s\u00falyos\u00edt\u00e1s\u00e1t ind\u00edtv\u00e1nyozta a m\u00e1sodfok\u00fa elj\u00e1r\u00e1sban.<\/strong><\/p>\n<p>A Gy\u0151ri Fellebbviteli F\u0151\u00fcgy\u00e9szs\u00e9g a b\u00fcntet\u00e9se s\u00falyos\u00edt\u00e1s\u00e1t ind\u00edtv\u00e1nyozta annak a f\u00e9rfinak, aki szabadul\u00e1sa ut\u00e1n 10 nappal \u00e9letfogytig tart\u00f3 szabads\u00e1gveszt\u00e9ssel fenyegetett b\u0171ncselekm\u00e9nyt k\u00f6vetett el <em>&#8211; olvashat\u00f3 a f\u0151\u00fcgy\u00e9szs\u00e9g friss sajt\u00f3k\u00f6zlem\u00e9ny\u00e9ben.<\/em><\/p>\n<p>A v\u00e1dlott rendszeresen j\u00e1rt a falu temet\u0151j\u00e9be sz\u00fclei s\u00edrj\u00e1t gondozni. Ebben a faluban \u00e9lt a 10 \u00e9ves s\u00e9rtett \u00e9s csal\u00e1dja. A v\u00e1dlott t\u00f6bbsz\u00f6r \u00f6sszetal\u00e1lkozott a s\u00e9rtettel. 2026. febru\u00e1r 26-\u00e1n kifigyelte a kisl\u00e1nyt, h\u00e1tulr\u00f3l r\u00e1t\u00e1madt, sz\u00e1j\u00e1t befogta \u00e9s akarata ellen\u00e9re az erd\u0151 fel\u00e9 vitte, ahol megpr\u00f3b\u00e1lt vele szexu\u00e1lis cselekm\u00e9nyt v\u00e9gezni. A s\u00e9rtett azonban sikeresen ellen\u00e1llt, ezut\u00e1n a v\u00e1dlott kb. 10 percen kereszt\u00fcl fojtogatta. A kisl\u00e1ny v\u00e9dekezett, seg\u00edts\u00e9g\u00e9rt kiab\u00e1lt. Ezt k\u00f6vet\u0151en a v\u00e1dlott beljebb vitte az erd\u0151be, ahol szexu\u00e1lis cselekm\u00e9nyt v\u00e9gzett vele. Az\u00e9rt, hogy a gyerek err\u0151l ne tudjon besz\u00e9lni, egy k\u00f6t\u00e9llel megpr\u00f3b\u00e1lta megfojtani. A s\u00e9rtett ism\u00e9t eredm\u00e9nyesen v\u00e9dekezett, azonban a v\u00e1dlott nem engedte szabadon, lak\u00f3hely\u00e9re indult vele.<\/p>\n<p>A s\u00e9rtett mobiltelefonj\u00e1ra telep\u00edtett nyomk\u00f6vet\u0151 seg\u00edts\u00e9g\u00e9vel az \u00e9desapja \u00e9s a falu polg\u00e1rmestere r\u00e1juk tal\u00e1lt, a v\u00e1dlott ezt \u00e9szrevette \u00e9s elmenek\u00fclt.<\/p>\n<p><img fetchpriority=\"high\" decoding=\"async\" class=\"alignnone size-full wp-image-77525\" src=\"https:\/\/dorogimedence.hu\/wp-content\/uploads\/2026\/02\/sarisap-02.jpg\" alt=\"\" width=\"1200\" height=\"823\" srcset=\"https:\/\/dorogimedence.hu\/wp-content\/uploads\/2026\/02\/sarisap-02.jpg 1200w, https:\/\/dorogimedence.hu\/wp-content\/uploads\/2026\/02\/sarisap-02-600x412.jpg 600w, https:\/\/dorogimedence.hu\/wp-content\/uploads\/2026\/02\/sarisap-02-768x527.jpg 768w, https:\/\/dorogimedence.hu\/wp-content\/uploads\/2026\/02\/sarisap-02-150x103.jpg 150w, https:\/\/dorogimedence.hu\/wp-content\/uploads\/2026\/02\/sarisap-02-450x309.jpg 450w\" sizes=\"(max-width: 1200px) 100vw, 1200px\" \/><\/p>\n<p>A Tatab\u00e1nyai T\u00f6rv\u00e9nysz\u00e9k a v\u00e1dlottat t\u00f6bbsz\u00f6r\u00f6sen min\u0151s\u00fcl\u0151 ember\u00f6l\u00e9s b\u0171ntett\u00e9nek k\u00eds\u00e9rlete \u00e9s tov\u00e1bbi b\u0171ncselekm\u00e9nyek miatt, mint visszaes\u0151t, 20 \u00e9v fegyh\u00e1zb\u00fcntet\u00e9sre, 10 \u00e9v k\u00f6z\u00fcgyekt\u0151l eltilt\u00e1sra \u00edt\u00e9lte. V\u00e9gleges hat\u00e1llyal eltiltotta minden olyan foglalkoz\u00e1s gyakorl\u00e1s\u00e1t\u00f3l, amelynek keret\u00e9ben tizennyolc \u00e9v alatti szem\u00e9llyel ker\u00fclne kapcsolatba. Kiz\u00e1rta a felt\u00e9teles szabads\u00e1gra bocs\u00e1t\u00e1s lehet\u0151s\u00e9g\u00e9b\u0151l.<\/p>\n<p>Fenti \u00edt\u00e9let ellen az \u00fcgy\u00e9sz s\u00falyos\u00edt\u00e1s\u00e9rt, a v\u00e1dlott \u00e9s v\u00e9d\u0151je els\u0151dlegesen r\u00e9szben felment\u00e9s\u00e9rt, m\u00e1sodlagosan enyh\u00edt\u00e9s\u00e9rt fellebbeztek.<\/p>\n<p>Az elj\u00e1r\u00e1s m\u00e1sodfokon a Gy\u0151ri \u00cdt\u00e9l\u0151t\u00e1bla el\u0151tt folytat\u00f3dik.<\/p>\n<p><em>Fot\u00f3k: Kom\u00e1rom-Esztergom V\u00e1rmegyei F\u0151\u00fcgy\u00e9szs\u00e9g (a k\u00e9peken az l\u00e1that\u00f3, ahol az elk\u00f6vet\u0151 tal\u00e1lkozott a s\u00e9rtettel, \u00e9s ahol a f\u00e9rfi mag\u00e1ra hagyta a gyermeket)<\/em><\/p>\n","protected":false},"excerpt":{"rendered":"<p>Kor\u00e1bban besz\u00e1moltunk r\u00f3la, hogy nem joger\u0151sen 20 \u00e9v fegyh\u00e1zb\u00fcntet\u00e9sre \u00edt\u00e9lte a Tatab\u00e1nyai T\u00f6rv\u00e9nysz\u00e9k azt a visszaes\u0151 f\u00e9rfit, aki 2025 febru\u00e1rj\u00e1ban S\u00e1ris\u00e1pon szexu\u00e1lisan b\u00e1ntalmazott, majd megpr\u00f3b\u00e1lt meg\u00f6lni egy t\u00edz\u00e9ves kisl\u00e1nyt. Az \u00fcgy \u00fajabb fordulatot vett: a Gy\u0151ri Fellebbviteli F\u0151\u00fcgy\u00e9szs\u00e9g szerint a kiszabott b\u00fcntet\u00e9s nem el\u00e9g s\u00falyos, ez\u00e9rt annak s\u00falyos\u00edt\u00e1s\u00e1t ind\u00edtv\u00e1nyozta a m\u00e1sodfok\u00fa elj\u00e1r\u00e1sban. A Gy\u0151ri Fellebbviteli<\/p>\n","protected":false},"author":1,"featured_media":77524,"comment_status":"closed","ping_status":"closed","sticky":false,"template":"","format":"standard","meta":{"ngg_post_thumbnail":0,"footnotes":""},"categories":[3,39],"tags":[712,1042,63,61,423,326],"class_list":["post-81915","post","type-post","status-publish","format-standard","has-post-thumbnail","category-hirek","category-kek-hirek","tag-bantalmazas","tag-birosag","tag-buncselekmeny","tag-rendorsegi-hirek","tag-sarisap","tag-ugyeszseg"],"yoast_head":"<!-- This site is optimized with the Yoast SEO plugin v28.3 - https:\/\/yoast.com\/product\/yoast-seo-wordpress\/ -->\n<title>S\u00falyos\u00edt\u00e1st k\u00e9r az \u00fcgy\u00e9szs\u00e9g a 20 \u00e9vre \u00edt\u00e9lt s\u00e1ris\u00e1pi r\u00e9m \u00fcgy\u00e9ben<\/title>\n<meta name=\"robots\" content=\"index, follow, max-snippet:-1, max-image-preview:large, max-video-preview:-1\" \/>\n<link rel=\"canonical\" href=\"https:\/\/dorogimedence.hu\/index.php\/2026\/07\/10\/sulyositast-ker-az-ugyeszseg-a-20-evre-itelt-sarisapi-rem-ugyeben\/\" class=\"yoast-seo-meta-tag\" \/>\n<meta property=\"og:locale\" content=\"hu_HU\" class=\"yoast-seo-meta-tag\" \/>\n<meta property=\"og:type\" content=\"article\" class=\"yoast-seo-meta-tag\" \/>\n<meta property=\"og:title\" content=\"S\u00falyos\u00edt\u00e1st k\u00e9r az \u00fcgy\u00e9szs\u00e9g a 20 \u00e9vre \u00edt\u00e9lt s\u00e1ris\u00e1pi r\u00e9m \u00fcgy\u00e9ben\" class=\"yoast-seo-meta-tag\" \/>\n<meta property=\"og:description\" content=\"Kor\u00e1bban besz\u00e1moltunk r\u00f3la, hogy nem joger\u0151sen 20 \u00e9v fegyh\u00e1zb\u00fcntet\u00e9sre \u00edt\u00e9lte a Tatab\u00e1nyai T\u00f6rv\u00e9nysz\u00e9k azt a visszaes\u0151 f\u00e9rfit, aki 2025 febru\u00e1rj\u00e1ban S\u00e1ris\u00e1pon szexu\u00e1lisan b\u00e1ntalmazott, majd megpr\u00f3b\u00e1lt meg\u00f6lni egy t\u00edz\u00e9ves kisl\u00e1nyt. Az \u00fcgy \u00fajabb fordulatot vett: a Gy\u0151ri Fellebbviteli F\u0151\u00fcgy\u00e9szs\u00e9g szerint a kiszabott b\u00fcntet\u00e9s nem el\u00e9g s\u00falyos, ez\u00e9rt annak s\u00falyos\u00edt\u00e1s\u00e1t ind\u00edtv\u00e1nyozta a m\u00e1sodfok\u00fa elj\u00e1r\u00e1sban. A Gy\u0151ri Fellebbviteli\" class=\"yoast-seo-meta-tag\" \/>\n<meta property=\"og:url\" content=\"https:\/\/dorogimedence.hu\/index.php\/2026\/07\/10\/sulyositast-ker-az-ugyeszseg-a-20-evre-itelt-sarisapi-rem-ugyeben\/\" class=\"yoast-seo-meta-tag\" \/>\n<meta property=\"og:site_name\" content=\"Dorogi-medence Region\u00e1lis H\u00edrport\u00e1l\" class=\"yoast-seo-meta-tag\" \/>\n<meta property=\"article:publisher\" content=\"https:\/\/www.facebook.com\/dorogimedence\/\" class=\"yoast-seo-meta-tag\" \/>\n<meta property=\"article:published_time\" content=\"2026-07-10T07:25:52+00:00\" class=\"yoast-seo-meta-tag\" \/>\n<meta property=\"og:image\" content=\"https:\/\/dorogimedence.hu\/wp-content\/uploads\/2026\/02\/sarisap-01.jpg\" class=\"yoast-seo-meta-tag\" \/>\n\t<meta property=\"og:image:width\" content=\"1920\" class=\"yoast-seo-meta-tag\" \/>\n\t<meta property=\"og:image:height\" content=\"970\" class=\"yoast-seo-meta-tag\" \/>\n\t<meta property=\"og:image:type\" content=\"image\/jpeg\" class=\"yoast-seo-meta-tag\" \/>\n<meta name=\"author\" content=\"dorogimedence.hu\" class=\"yoast-seo-meta-tag\" \/>\n<meta name=\"twitter:card\" content=\"summary_large_image\" class=\"yoast-seo-meta-tag\" \/>\n<meta name=\"twitter:label1\" content=\"Szerz\u0151:\" class=\"yoast-seo-meta-tag\" \/>\n\t<meta name=\"twitter:data1\" content=\"dorogimedence.hu\" class=\"yoast-seo-meta-tag\" \/>\n\t<meta name=\"twitter:label2\" content=\"Becs\u00fclt olvas\u00e1si id\u0151\" class=\"yoast-seo-meta-tag\" \/>\n\t<meta name=\"twitter:data2\" content=\"3 perc\" class=\"yoast-seo-meta-tag\" \/>\n<script type=\"application\/ld+json\" class=\"yoast-schema-graph\">{\"@context\":\"https:\\\/\\\/schema.org\",\"@graph\":[{\"@type\":\"Article\",\"@id\":\"https:\\\/\\\/dorogimedence.hu\\\/index.php\\\/2026\\\/07\\\/10\\\/sulyositast-ker-az-ugyeszseg-a-20-evre-itelt-sarisapi-rem-ugyeben\\\/#article\",\"isPartOf\":{\"@id\":\"https:\\\/\\\/dorogimedence.hu\\\/index.php\\\/2026\\\/07\\\/10\\\/sulyositast-ker-az-ugyeszseg-a-20-evre-itelt-sarisapi-rem-ugyeben\\\/\"},\"author\":{\"name\":\"dorogimedence.hu\",\"@id\":\"https:\\\/\\\/dorogimedence.hu\\\/#\\\/schema\\\/person\\\/ce6091eeb7e95ecdc87890d6aa8e0fd4\"},\"headline\":\"S\u00falyos\u00edt\u00e1st k\u00e9r az \u00fcgy\u00e9szs\u00e9g a 20 \u00e9vre \u00edt\u00e9lt s\u00e1ris\u00e1pi r\u00e9m \u00fcgy\u00e9ben\",\"datePublished\":\"2026-07-10T07:25:52+00:00\",\"mainEntityOfPage\":{\"@id\":\"https:\\\/\\\/dorogimedence.hu\\\/index.php\\\/2026\\\/07\\\/10\\\/sulyositast-ker-az-ugyeszseg-a-20-evre-itelt-sarisapi-rem-ugyeben\\\/\"},\"wordCount\":539,\"publisher\":{\"@id\":\"https:\\\/\\\/dorogimedence.hu\\\/#organization\"},\"image\":{\"@id\":\"https:\\\/\\\/dorogimedence.hu\\\/index.php\\\/2026\\\/07\\\/10\\\/sulyositast-ker-az-ugyeszseg-a-20-evre-itelt-sarisapi-rem-ugyeben\\\/#primaryimage\"},\"thumbnailUrl\":\"https:\\\/\\\/dorogimedence.hu\\\/wp-content\\\/uploads\\\/2026\\\/02\\\/sarisap-01.jpg\",\"keywords\":[\"b\u00e1ntalmaz\u00e1s\",\"b\u00edr\u00f3s\u00e1g\",\"b\u0171ncselekm\u00e9ny\",\"rend\u0151rs\u00e9gi h\u00edrek\",\"S\u00e1ris\u00e1p\",\"\u00fcgy\u00e9szs\u00e9g\"],\"articleSection\":[\"H\u00edrek\",\"K\u00e9k h\u00edrek\"],\"inLanguage\":\"hu\"},{\"@type\":\"WebPage\",\"@id\":\"https:\\\/\\\/dorogimedence.hu\\\/index.php\\\/2026\\\/07\\\/10\\\/sulyositast-ker-az-ugyeszseg-a-20-evre-itelt-sarisapi-rem-ugyeben\\\/\",\"url\":\"https:\\\/\\\/dorogimedence.hu\\\/index.php\\\/2026\\\/07\\\/10\\\/sulyositast-ker-az-ugyeszseg-a-20-evre-itelt-sarisapi-rem-ugyeben\\\/\",\"name\":\"S\u00falyos\u00edt\u00e1st k\u00e9r az \u00fcgy\u00e9szs\u00e9g a 20 \u00e9vre \u00edt\u00e9lt s\u00e1ris\u00e1pi r\u00e9m \u00fcgy\u00e9ben\",\"isPartOf\":{\"@id\":\"https:\\\/\\\/dorogimedence.hu\\\/#website\"},\"primaryImageOfPage\":{\"@id\":\"https:\\\/\\\/dorogimedence.hu\\\/index.php\\\/2026\\\/07\\\/10\\\/sulyositast-ker-az-ugyeszseg-a-20-evre-itelt-sarisapi-rem-ugyeben\\\/#primaryimage\"},\"image\":{\"@id\":\"https:\\\/\\\/dorogimedence.hu\\\/index.php\\\/2026\\\/07\\\/10\\\/sulyositast-ker-az-ugyeszseg-a-20-evre-itelt-sarisapi-rem-ugyeben\\\/#primaryimage\"},\"thumbnailUrl\":\"https:\\\/\\\/dorogimedence.hu\\\/wp-content\\\/uploads\\\/2026\\\/02\\\/sarisap-01.jpg\",\"datePublished\":\"2026-07-10T07:25:52+00:00\",\"breadcrumb\":{\"@id\":\"https:\\\/\\\/dorogimedence.hu\\\/index.php\\\/2026\\\/07\\\/10\\\/sulyositast-ker-az-ugyeszseg-a-20-evre-itelt-sarisapi-rem-ugyeben\\\/#breadcrumb\"},\"inLanguage\":\"hu\",\"potentialAction\":[{\"@type\":\"ReadAction\",\"target\":[\"https:\\\/\\\/dorogimedence.hu\\\/index.php\\\/2026\\\/07\\\/10\\\/sulyositast-ker-az-ugyeszseg-a-20-evre-itelt-sarisapi-rem-ugyeben\\\/\"]}]},{\"@type\":\"ImageObject\",\"inLanguage\":\"hu\",\"@id\":\"https:\\\/\\\/dorogimedence.hu\\\/index.php\\\/2026\\\/07\\\/10\\\/sulyositast-ker-az-ugyeszseg-a-20-evre-itelt-sarisapi-rem-ugyeben\\\/#primaryimage\",\"url\":\"https:\\\/\\\/dorogimedence.hu\\\/wp-content\\\/uploads\\\/2026\\\/02\\\/sarisap-01.jpg\",\"contentUrl\":\"https:\\\/\\\/dorogimedence.hu\\\/wp-content\\\/uploads\\\/2026\\\/02\\\/sarisap-01.jpg\",\"width\":1920,\"height\":970},{\"@type\":\"BreadcrumbList\",\"@id\":\"https:\\\/\\\/dorogimedence.hu\\\/index.php\\\/2026\\\/07\\\/10\\\/sulyositast-ker-az-ugyeszseg-a-20-evre-itelt-sarisapi-rem-ugyeben\\\/#breadcrumb\",\"itemListElement\":[{\"@type\":\"ListItem\",\"position\":1,\"name\":\"Kezd\u0151lap\",\"item\":\"https:\\\/\\\/dorogimedence.hu\\\/\"},{\"@type\":\"ListItem\",\"position\":2,\"name\":\"S\u00falyos\u00edt\u00e1st k\u00e9r az \u00fcgy\u00e9szs\u00e9g a 20 \u00e9vre \u00edt\u00e9lt s\u00e1ris\u00e1pi r\u00e9m \u00fcgy\u00e9ben\"}]},{\"@type\":\"WebSite\",\"@id\":\"https:\\\/\\\/dorogimedence.hu\\\/#website\",\"url\":\"https:\\\/\\\/dorogimedence.hu\\\/\",\"name\":\"Dorogi-medence Region\u00e1lis H\u00edrport\u00e1l\",\"description\":\"Dorog, Keszt\u00f6lc, Le\u00e1nyv\u00e1r, Piliscs\u00e9v, Tokod, Tokodalt\u00e1r\u00f3, Csolnok, Esztergom-kertv\u00e1ros: h\u00edrek, programok\",\"publisher\":{\"@id\":\"https:\\\/\\\/dorogimedence.hu\\\/#organization\"},\"potentialAction\":[{\"@type\":\"SearchAction\",\"target\":{\"@type\":\"EntryPoint\",\"urlTemplate\":\"https:\\\/\\\/dorogimedence.hu\\\/?s={search_term_string}\"},\"query-input\":{\"@type\":\"PropertyValueSpecification\",\"valueRequired\":true,\"valueName\":\"search_term_string\"}}],\"inLanguage\":\"hu\"},{\"@type\":\"Organization\",\"@id\":\"https:\\\/\\\/dorogimedence.hu\\\/#organization\",\"name\":\"Dorogi-medence Region\u00e1lis H\u00edrport\u00e1l\",\"url\":\"https:\\\/\\\/dorogimedence.hu\\\/\",\"logo\":{\"@type\":\"ImageObject\",\"inLanguage\":\"hu\",\"@id\":\"https:\\\/\\\/dorogimedence.hu\\\/#\\\/schema\\\/logo\\\/image\\\/\",\"url\":\"https:\\\/\\\/dorogimedence.hu\\\/wp-content\\\/uploads\\\/2021\\\/04\\\/logo-feher-600.png\",\"contentUrl\":\"https:\\\/\\\/dorogimedence.hu\\\/wp-content\\\/uploads\\\/2021\\\/04\\\/logo-feher-600.png\",\"width\":600,\"height\":100,\"caption\":\"Dorogi-medence Region\u00e1lis H\u00edrport\u00e1l\"},\"image\":{\"@id\":\"https:\\\/\\\/dorogimedence.hu\\\/#\\\/schema\\\/logo\\\/image\\\/\"},\"sameAs\":[\"https:\\\/\\\/www.facebook.com\\\/dorogimedence\\\/\"]},{\"@type\":\"Person\",\"@id\":\"https:\\\/\\\/dorogimedence.hu\\\/#\\\/schema\\\/person\\\/ce6091eeb7e95ecdc87890d6aa8e0fd4\",\"name\":\"dorogimedence.hu\",\"image\":{\"@type\":\"ImageObject\",\"inLanguage\":\"hu\",\"@id\":\"\\\/\\\/www.gravatar.com\\\/avatar\\\/d8d45f8901aadff40a4af72c0b826f1d?s=96&#038;r=g&#038;d=mm\",\"url\":\"\\\/\\\/www.gravatar.com\\\/avatar\\\/d8d45f8901aadff40a4af72c0b826f1d?s=96&#038;r=g&#038;d=mm\",\"contentUrl\":\"\\\/\\\/www.gravatar.com\\\/avatar\\\/d8d45f8901aadff40a4af72c0b826f1d?s=96&#038;r=g&#038;d=mm\",\"caption\":\"dorogimedence.hu\"}}]}<\/script>\n<!-- \/ Yoast SEO plugin. -->","yoast_head_json":{"title":"S\u00falyos\u00edt\u00e1st k\u00e9r az \u00fcgy\u00e9szs\u00e9g a 20 \u00e9vre \u00edt\u00e9lt s\u00e1ris\u00e1pi r\u00e9m \u00fcgy\u00e9ben","robots":{"index":"index","follow":"follow","max-snippet":"max-snippet:-1","max-image-preview":"max-image-preview:large","max-video-preview":"max-video-preview:-1"},"canonical":"https:\/\/dorogimedence.hu\/index.php\/2026\/07\/10\/sulyositast-ker-az-ugyeszseg-a-20-evre-itelt-sarisapi-rem-ugyeben\/","og_locale":"hu_HU","og_type":"article","og_title":"S\u00falyos\u00edt\u00e1st k\u00e9r az \u00fcgy\u00e9szs\u00e9g a 20 \u00e9vre \u00edt\u00e9lt s\u00e1ris\u00e1pi r\u00e9m \u00fcgy\u00e9ben","og_description":"Kor\u00e1bban besz\u00e1moltunk r\u00f3la, hogy nem joger\u0151sen 20 \u00e9v fegyh\u00e1zb\u00fcntet\u00e9sre \u00edt\u00e9lte a Tatab\u00e1nyai T\u00f6rv\u00e9nysz\u00e9k azt a visszaes\u0151 f\u00e9rfit, aki 2025 febru\u00e1rj\u00e1ban S\u00e1ris\u00e1pon szexu\u00e1lisan b\u00e1ntalmazott, majd megpr\u00f3b\u00e1lt meg\u00f6lni egy t\u00edz\u00e9ves kisl\u00e1nyt. Az \u00fcgy \u00fajabb fordulatot vett: a Gy\u0151ri Fellebbviteli F\u0151\u00fcgy\u00e9szs\u00e9g szerint a kiszabott b\u00fcntet\u00e9s nem el\u00e9g s\u00falyos, ez\u00e9rt annak s\u00falyos\u00edt\u00e1s\u00e1t ind\u00edtv\u00e1nyozta a m\u00e1sodfok\u00fa elj\u00e1r\u00e1sban. A Gy\u0151ri Fellebbviteli","og_url":"https:\/\/dorogimedence.hu\/index.php\/2026\/07\/10\/sulyositast-ker-az-ugyeszseg-a-20-evre-itelt-sarisapi-rem-ugyeben\/","og_site_name":"Dorogi-medence Region\u00e1lis H\u00edrport\u00e1l","article_publisher":"https:\/\/www.facebook.com\/dorogimedence\/","article_published_time":"2026-07-10T07:25:52+00:00","og_image":[{"width":1920,"height":970,"url":"https:\/\/dorogimedence.hu\/wp-content\/uploads\/2026\/02\/sarisap-01.jpg","type":"image\/jpeg"}],"author":"dorogimedence.hu","twitter_card":"summary_large_image","twitter_misc":{"Szerz\u0151:":"dorogimedence.hu","Becs\u00fclt olvas\u00e1si id\u0151":"3 perc"},"schema":{"@context":"https:\/\/schema.org","@graph":[{"@type":"Article","@id":"https:\/\/dorogimedence.hu\/index.php\/2026\/07\/10\/sulyositast-ker-az-ugyeszseg-a-20-evre-itelt-sarisapi-rem-ugyeben\/#article","isPartOf":{"@id":"https:\/\/dorogimedence.hu\/index.php\/2026\/07\/10\/sulyositast-ker-az-ugyeszseg-a-20-evre-itelt-sarisapi-rem-ugyeben\/"},"author":{"name":"dorogimedence.hu","@id":"https:\/\/dorogimedence.hu\/#\/schema\/person\/ce6091eeb7e95ecdc87890d6aa8e0fd4"},"headline":"S\u00falyos\u00edt\u00e1st k\u00e9r az \u00fcgy\u00e9szs\u00e9g a 20 \u00e9vre \u00edt\u00e9lt s\u00e1ris\u00e1pi r\u00e9m \u00fcgy\u00e9ben","datePublished":"2026-07-10T07:25:52+00:00","mainEntityOfPage":{"@id":"https:\/\/dorogimedence.hu\/index.php\/2026\/07\/10\/sulyositast-ker-az-ugyeszseg-a-20-evre-itelt-sarisapi-rem-ugyeben\/"},"wordCount":539,"publisher":{"@id":"https:\/\/dorogimedence.hu\/#organization"},"image":{"@id":"https:\/\/dorogimedence.hu\/index.php\/2026\/07\/10\/sulyositast-ker-az-ugyeszseg-a-20-evre-itelt-sarisapi-rem-ugyeben\/#primaryimage"},"thumbnailUrl":"https:\/\/dorogimedence.hu\/wp-content\/uploads\/2026\/02\/sarisap-01.jpg","keywords":["b\u00e1ntalmaz\u00e1s","b\u00edr\u00f3s\u00e1g","b\u0171ncselekm\u00e9ny","rend\u0151rs\u00e9gi h\u00edrek","S\u00e1ris\u00e1p","\u00fcgy\u00e9szs\u00e9g"],"articleSection":["H\u00edrek","K\u00e9k h\u00edrek"],"inLanguage":"hu"},{"@type":"WebPage","@id":"https:\/\/dorogimedence.hu\/index.php\/2026\/07\/10\/sulyositast-ker-az-ugyeszseg-a-20-evre-itelt-sarisapi-rem-ugyeben\/","url":"https:\/\/dorogimedence.hu\/index.php\/2026\/07\/10\/sulyositast-ker-az-ugyeszseg-a-20-evre-itelt-sarisapi-rem-ugyeben\/","name":"S\u00falyos\u00edt\u00e1st k\u00e9r az \u00fcgy\u00e9szs\u00e9g a 20 \u00e9vre \u00edt\u00e9lt s\u00e1ris\u00e1pi r\u00e9m \u00fcgy\u00e9ben","isPartOf":{"@id":"https:\/\/dorogimedence.hu\/#website"},"primaryImageOfPage":{"@id":"https:\/\/dorogimedence.hu\/index.php\/2026\/07\/10\/sulyositast-ker-az-ugyeszseg-a-20-evre-itelt-sarisapi-rem-ugyeben\/#primaryimage"},"image":{"@id":"https:\/\/dorogimedence.hu\/index.php\/2026\/07\/10\/sulyositast-ker-az-ugyeszseg-a-20-evre-itelt-sarisapi-rem-ugyeben\/#primaryimage"},"thumbnailUrl":"https:\/\/dorogimedence.hu\/wp-content\/uploads\/2026\/02\/sarisap-01.jpg","datePublished":"2026-07-10T07:25:52+00:00","breadcrumb":{"@id":"https:\/\/dorogimedence.hu\/index.php\/2026\/07\/10\/sulyositast-ker-az-ugyeszseg-a-20-evre-itelt-sarisapi-rem-ugyeben\/#breadcrumb"},"inLanguage":"hu","potentialAction":[{"@type":"ReadAction","target":["https:\/\/dorogimedence.hu\/index.php\/2026\/07\/10\/sulyositast-ker-az-ugyeszseg-a-20-evre-itelt-sarisapi-rem-ugyeben\/"]}]},{"@type":"ImageObject","inLanguage":"hu","@id":"https:\/\/dorogimedence.hu\/index.php\/2026\/07\/10\/sulyositast-ker-az-ugyeszseg-a-20-evre-itelt-sarisapi-rem-ugyeben\/#primaryimage","url":"https:\/\/dorogimedence.hu\/wp-content\/uploads\/2026\/02\/sarisap-01.jpg","contentUrl":"https:\/\/dorogimedence.hu\/wp-content\/uploads\/2026\/02\/sarisap-01.jpg","width":1920,"height":970},{"@type":"BreadcrumbList","@id":"https:\/\/dorogimedence.hu\/index.php\/2026\/07\/10\/sulyositast-ker-az-ugyeszseg-a-20-evre-itelt-sarisapi-rem-ugyeben\/#breadcrumb","itemListElement":[{"@type":"ListItem","position":1,"name":"Kezd\u0151lap","item":"https:\/\/dorogimedence.hu\/"},{"@type":"ListItem","position":2,"name":"S\u00falyos\u00edt\u00e1st k\u00e9r az \u00fcgy\u00e9szs\u00e9g a 20 \u00e9vre \u00edt\u00e9lt s\u00e1ris\u00e1pi r\u00e9m \u00fcgy\u00e9ben"}]},{"@type":"WebSite","@id":"https:\/\/dorogimedence.hu\/#website","url":"https:\/\/dorogimedence.hu\/","name":"Dorogi-medence Region\u00e1lis H\u00edrport\u00e1l","description":"Dorog, Keszt\u00f6lc, Le\u00e1nyv\u00e1r, Piliscs\u00e9v, Tokod, Tokodalt\u00e1r\u00f3, Csolnok, Esztergom-kertv\u00e1ros: h\u00edrek, programok","publisher":{"@id":"https:\/\/dorogimedence.hu\/#organization"},"potentialAction":[{"@type":"SearchAction","target":{"@type":"EntryPoint","urlTemplate":"https:\/\/dorogimedence.hu\/?s={search_term_string}"},"query-input":{"@type":"PropertyValueSpecification","valueRequired":true,"valueName":"search_term_string"}}],"inLanguage":"hu"},{"@type":"Organization","@id":"https:\/\/dorogimedence.hu\/#organization","name":"Dorogi-medence Region\u00e1lis H\u00edrport\u00e1l","url":"https:\/\/dorogimedence.hu\/","logo":{"@type":"ImageObject","inLanguage":"hu","@id":"https:\/\/dorogimedence.hu\/#\/schema\/logo\/image\/","url":"https:\/\/dorogimedence.hu\/wp-content\/uploads\/2021\/04\/logo-feher-600.png","contentUrl":"https:\/\/dorogimedence.hu\/wp-content\/uploads\/2021\/04\/logo-feher-600.png","width":600,"height":100,"caption":"Dorogi-medence Region\u00e1lis H\u00edrport\u00e1l"},"image":{"@id":"https:\/\/dorogimedence.hu\/#\/schema\/logo\/image\/"},"sameAs":["https:\/\/www.facebook.com\/dorogimedence\/"]},{"@type":"Person","@id":"https:\/\/dorogimedence.hu\/#\/schema\/person\/ce6091eeb7e95ecdc87890d6aa8e0fd4","name":"dorogimedence.hu","image":{"@type":"ImageObject","inLanguage":"hu","@id":"\/\/www.gravatar.com\/avatar\/d8d45f8901aadff40a4af72c0b826f1d?s=96&#038;r=g&#038;d=mm","url":"\/\/www.gravatar.com\/avatar\/d8d45f8901aadff40a4af72c0b826f1d?s=96&#038;r=g&#038;d=mm","contentUrl":"\/\/www.gravatar.com\/avatar\/d8d45f8901aadff40a4af72c0b826f1d?s=96&#038;r=g&#038;d=mm","caption":"dorogimedence.hu"}}]}},"_links":{"self":[{"href":"https:\/\/dorogimedence.hu\/index.php\/wp-json\/wp\/v2\/posts\/81915","targetHints":{"allow":["GET"]}}],"collection":[{"href":"https:\/\/dorogimedence.hu\/index.php\/wp-json\/wp\/v2\/posts"}],"about":[{"href":"https:\/\/dorogimedence.hu\/index.php\/wp-json\/wp\/v2\/types\/post"}],"author":[{"embeddable":true,"href":"https:\/\/dorogimedence.hu\/index.php\/wp-json\/wp\/v2\/users\/1"}],"replies":[{"embeddable":true,"href":"https:\/\/dorogimedence.hu\/index.php\/wp-json\/wp\/v2\/comments?post=81915"}],"version-history":[{"count":1,"href":"https:\/\/dorogimedence.hu\/index.php\/wp-json\/wp\/v2\/posts\/81915\/revisions"}],"predecessor-version":[{"id":81916,"href":"https:\/\/dorogimedence.hu\/index.php\/wp-json\/wp\/v2\/posts\/81915\/revisions\/81916"}],"wp:featuredmedia":[{"embeddable":true,"href":"https:\/\/dorogimedence.hu\/index.php\/wp-json\/wp\/v2\/media\/77524"}],"wp:attachment":[{"href":"https:\/\/dorogimedence.hu\/index.php\/wp-json\/wp\/v2\/media?parent=81915"}],"wp:term":[{"taxonomy":"category","embeddable":true,"href":"https:\/\/dorogimedence.hu\/index.php\/wp-json\/wp\/v2\/categories?post=81915"},{"taxonomy":"post_tag","embeddable":true,"href":"https:\/\/dorogimedence.hu\/index.php\/wp-json\/wp\/v2\/tags?post=81915"}],"curies":[{"name":"wp","href":"https:\/\/api.w.org\/{rel}","templated":true}]}}