{"id":81892,"date":"2026-07-09T10:54:16","date_gmt":"2026-07-09T08:54:16","guid":{"rendered":"https:\/\/dorogimedence.hu\/?p=81892"},"modified":"2026-07-09T10:58:21","modified_gmt":"2026-07-09T08:58:21","slug":"a-dinpi-munkatarsa-nyerte-a-vilag-egyik-legrangosabb-termeszetfotos-palyazatanak-fodijat","status":"publish","type":"post","link":"https:\/\/dorogimedence.hu\/index.php\/2026\/07\/09\/a-dinpi-munkatarsa-nyerte-a-vilag-egyik-legrangosabb-termeszetfotos-palyazatanak-fodijat\/","title":{"rendered":"A DINPI munkat\u00e1rsa nyerte a vil\u00e1g egyik legrangosabb term\u00e9szetfot\u00f3s p\u00e1ly\u00e1zat\u00e1nak f\u0151d\u00edj\u00e1t"},"content":{"rendered":"<p><strong>\u00d3ri\u00e1si magyar siker sz\u00fcletett a vil\u00e1g egyik legjelent\u0151sebb term\u00e9szetfot\u00f3s megm\u00e9rettet\u00e9s\u00e9n: a Duna\u2013Ipoly Nemzeti Park Igazgat\u00f3s\u00e1g munkat\u00e1rsa, Poty\u00f3 Imre nyerte el az olasz szervez\u00e9s\u0171 Asferico 2026 nemzetk\u00f6zi term\u00e9szetfot\u00f3-p\u00e1ly\u00e1zat f\u0151d\u00edj\u00e1t. A versenyre id\u00e9n t\u00f6bb mint 16 ezer p\u00e1lyam\u0171 \u00e9rkezett a vil\u00e1g minden t\u00e1j\u00e1r\u00f3l.<\/strong><\/p>\n<p>A gy\u0151ztes \u201eHoldvil\u00e1g\u201d c\u00edm\u0171 felv\u00e9tel egy k\u00fcl\u00f6nleges, szinte megism\u00e9telhetetlen pillanatot \u00f6r\u00f6k\u00edt meg: egy nagy t\u00e9liaraszol\u00f3 lepke rep\u00fcl \u00e1t a holdf\u00e9nyben egy hatalmas b\u00fckkfa el\u0151tt a B\u00f6rzs\u00f6ny z\u00e1rt erdej\u00e9ben.<\/p>\n<p>Poty\u00f3 Imre 2016 \u00f3ta f\u00e9nyk\u00e9pezi a k\u00e9s\u0151 \u0151sszel \u00e9s t\u00e9len rajz\u00f3, 4\u20135 centim\u00e9teres lepk\u00e9ket, azonban elmond\u00e1sa szerint ilyen l\u00e1tv\u00e1nyos egy\u00fctt\u00e1ll\u00e1st most siker\u00fclt el\u0151sz\u00f6r \u2013 \u00e9s val\u00f3sz\u00edn\u0171leg utolj\u00e1ra \u2013 meg\u00f6r\u00f6k\u00edtenie.<\/p>\n<figure id=\"attachment_81893\" aria-describedby=\"caption-attachment-81893\" style=\"width: 1920px\" class=\"wp-caption alignnone\"><img fetchpriority=\"high\" decoding=\"async\" class=\"size-full wp-image-81893\" src=\"https:\/\/dorogimedence.hu\/wp-content\/uploads\/2026\/07\/741379723_2273896266718423_4679692895075554495_n.jpg\" alt=\"\" width=\"1920\" height=\"1312\" srcset=\"https:\/\/dorogimedence.hu\/wp-content\/uploads\/2026\/07\/741379723_2273896266718423_4679692895075554495_n.jpg 1920w, https:\/\/dorogimedence.hu\/wp-content\/uploads\/2026\/07\/741379723_2273896266718423_4679692895075554495_n-600x410.jpg 600w, https:\/\/dorogimedence.hu\/wp-content\/uploads\/2026\/07\/741379723_2273896266718423_4679692895075554495_n-768x525.jpg 768w, https:\/\/dorogimedence.hu\/wp-content\/uploads\/2026\/07\/741379723_2273896266718423_4679692895075554495_n-1536x1050.jpg 1536w, https:\/\/dorogimedence.hu\/wp-content\/uploads\/2026\/07\/741379723_2273896266718423_4679692895075554495_n-150x103.jpg 150w, https:\/\/dorogimedence.hu\/wp-content\/uploads\/2026\/07\/741379723_2273896266718423_4679692895075554495_n-450x308.jpg 450w, https:\/\/dorogimedence.hu\/wp-content\/uploads\/2026\/07\/741379723_2273896266718423_4679692895075554495_n-1200x820.jpg 1200w\" sizes=\"(max-width: 1920px) 100vw, 1920px\" \/><figcaption id=\"caption-attachment-81893\" class=\"wp-caption-text\">Poty\u00f3 Imre Holdvil\u00e1g c\u00edm\u0171 fot\u00f3ja<\/figcaption><\/figure>\n<p>A <a href=\"https:\/\/www.facebook.com\/dunaipoly\/posts\/pfbid0KPUJ46YGH96T8ki89qtNRzzu6MgiDH4VTYb9MhDd5vngG8CJaoEworyyrnp6QxeBl\" target=\"_blank\" rel=\"noopener\"><span style=\"text-decoration: underline; color: #0000ff;\">term\u00e9szetfot\u00f3s felid\u00e9zte<\/span><\/a>, hogy tavaly \u0151sz v\u00e9g\u00e9n tal\u00e1lt r\u00e1 arra a k\u00fcl\u00f6nleges b\u00fckkf\u00e1ra, amelyet m\u00e1r els\u0151 pillant\u00e1sra holdf\u00e9nyben k\u00e9pzelt el. Mik\u00f6zben a kompoz\u00edci\u00f3t \u00e1ll\u00edtotta be, a Hold lassan a f\u00e1k f\u00f6l\u00e9 emelkedett, \u00e9s \u00e1tvil\u00e1g\u00edtotta a v\u00f6r\u00f6ses lombkoron\u00e1t, megteremtve a fot\u00f3 k\u00fcl\u00f6nleges hangulat\u00e1t.<\/p>\n<p>Mint mondta, azon az est\u00e9n mind\u00f6ssze egyetlen igaz\u00e1n siker\u00fclt felv\u00e9tel k\u00e9sz\u00fclt. M\u00e1snap ugyan szerette volna folytatni a fot\u00f3z\u00e1st, de az id\u0151j\u00e1r\u00e1s megv\u00e1ltozott: felh\u0151k \u00e9rkeztek, leh\u0171lt a leveg\u0151, a lepk\u00e9k rajz\u00e1sa al\u00e1bbhagyott, n\u00e9h\u00e1ny nappal k\u00e9s\u0151bb pedig a falevelek is lehullottak. Ekkor v\u00e1lt sz\u00e1m\u00e1ra is vil\u00e1goss\u00e1, hogy egy olyan pillanatot siker\u00fclt meg\u00f6r\u00f6k\u00edtenie, amely val\u00f3sz\u00edn\u0171leg soha t\u00f6bb\u00e9 nem ism\u00e9tl\u0151dik meg.<\/p>\n<p>A g\u00f6di term\u00e9szetfot\u00f3s a Duna\u2013Ipoly Nemzeti Park Igazgat\u00f3s\u00e1g munkat\u00e1rsak\u00e9nt szinte minden nap a B\u00f6rzs\u00f6nyben dolgozik, \u00edgy k\u00f6zvetlen k\u00f6zelr\u0151l figyelheti a term\u00e9szet v\u00e1ltoz\u00e1sait \u00e9s a kev\u00e9sb\u00e9 ismert fajok viselked\u00e9s\u00e9t. A d\u00edj kapcs\u00e1n \u00fagy fogalmazott, hogy sz\u00e1m\u00e1ra k\u00fcl\u00f6n\u00f6sen fontos, hogy ezeken a k\u00e9peken kereszt\u00fcl min\u00e9l t\u00f6bb emberhez eljuthassanak a B\u00f6rzs\u00f6ny term\u00e9szeti \u00e9rt\u00e9kei.<\/p>\n<figure id=\"attachment_81894\" aria-describedby=\"caption-attachment-81894\" style=\"width: 1920px\" class=\"wp-caption alignnone\"><img decoding=\"async\" class=\"size-full wp-image-81894\" src=\"https:\/\/dorogimedence.hu\/wp-content\/uploads\/2026\/07\/740722906_1502012607771833_7939226193098240269_n.jpg\" alt=\"\" width=\"1920\" height=\"1319\" srcset=\"https:\/\/dorogimedence.hu\/wp-content\/uploads\/2026\/07\/740722906_1502012607771833_7939226193098240269_n.jpg 1920w, https:\/\/dorogimedence.hu\/wp-content\/uploads\/2026\/07\/740722906_1502012607771833_7939226193098240269_n-600x412.jpg 600w, https:\/\/dorogimedence.hu\/wp-content\/uploads\/2026\/07\/740722906_1502012607771833_7939226193098240269_n-768x528.jpg 768w, https:\/\/dorogimedence.hu\/wp-content\/uploads\/2026\/07\/740722906_1502012607771833_7939226193098240269_n-1536x1055.jpg 1536w, https:\/\/dorogimedence.hu\/wp-content\/uploads\/2026\/07\/740722906_1502012607771833_7939226193098240269_n-150x103.jpg 150w, https:\/\/dorogimedence.hu\/wp-content\/uploads\/2026\/07\/740722906_1502012607771833_7939226193098240269_n-450x309.jpg 450w, https:\/\/dorogimedence.hu\/wp-content\/uploads\/2026\/07\/740722906_1502012607771833_7939226193098240269_n-1200x824.jpg 1200w\" sizes=\"(max-width: 1920px) 100vw, 1920px\" \/><figcaption id=\"caption-attachment-81894\" class=\"wp-caption-text\">Poty\u00f3 Imre K\u00e9r\u00e9sznaut\u00e1k c\u00edm\u0171 fot\u00f3ja<\/figcaption><\/figure>\n<p>A f\u0151d\u00edj mellett Poty\u00f3 Imre \u201eK\u00e9r\u00e9sznaut\u00e1k\u201d c\u00edm\u0171 alkot\u00e1sa is beker\u00fclt a ki\u00e1ll\u00edtott k\u00e9pek k\u00f6z\u00e9 a Kompoz\u00edci\u00f3 \u00e9s Forma kateg\u00f3ri\u00e1ban.<\/p>\n<p>A magyar term\u00e9szetfot\u00f3sok id\u00e9n \u00f6sszess\u00e9g\u00e9ben is kiv\u00e1l\u00f3an szerepeltek az Asferico p\u00e1ly\u00e1zaton: a nemzetk\u00f6zi zs\u0171ri Balotay Krisztina, Borb\u00e9ly Kriszti\u00e1n, Dar\u00f3czi Csaba, Kasz\u00e1s Norbert \u00e9s K\u00e1lovics Enik\u0151 munk\u00e1it is elismer\u00e9sben r\u00e9szes\u00edtette.<\/p>\n<p>A d\u00edjazott \u00e9s ki\u00e1ll\u00edtott fot\u00f3k az Asferico nemzetk\u00f6zi term\u00e9szetfot\u00f3-p\u00e1ly\u00e1zat <a href=\"https:\/\/www.asfericocontest.it\/2026-gallery\/\" target=\"_blank\" rel=\"noopener\"><span style=\"text-decoration: underline; color: #0000ff;\">hivatalos gal\u00e9ri\u00e1j\u00e1ban<\/span><\/a> tekinthet\u0151k meg.<\/p>\n<p><em>Fot\u00f3k, forr\u00e1s: Poty\u00f3 Imre \/ Duna-Ipoly Nemzeti Park Igazgat\u00f3s\u00e1g Facebook-oldal<\/em><\/p>\n","protected":false},"excerpt":{"rendered":"<p>\u00d3ri\u00e1si magyar siker sz\u00fcletett a vil\u00e1g egyik legjelent\u0151sebb term\u00e9szetfot\u00f3s megm\u00e9rettet\u00e9s\u00e9n: a Duna\u2013Ipoly Nemzeti Park Igazgat\u00f3s\u00e1g munkat\u00e1rsa, Poty\u00f3 Imre nyerte el az olasz szervez\u00e9s\u0171 Asferico 2026 nemzetk\u00f6zi term\u00e9szetfot\u00f3-p\u00e1ly\u00e1zat f\u0151d\u00edj\u00e1t. A versenyre id\u00e9n t\u00f6bb mint 16 ezer p\u00e1lyam\u0171 \u00e9rkezett a vil\u00e1g minden t\u00e1j\u00e1r\u00f3l. A gy\u0151ztes \u201eHoldvil\u00e1g\u201d c\u00edm\u0171 felv\u00e9tel egy k\u00fcl\u00f6nleges, szinte megism\u00e9telhetetlen pillanatot \u00f6r\u00f6k\u00edt meg: egy nagy<\/p>\n","protected":false},"author":1,"featured_media":81895,"comment_status":"closed","ping_status":"closed","sticky":false,"template":"","format":"standard","meta":{"ngg_post_thumbnail":0,"footnotes":""},"categories":[3,6948],"tags":[4900,208,5624,200,74,8681],"class_list":["post-81892","post","type-post","status-publish","format-standard","has-post-thumbnail","category-hirek","category-szines","tag-dinpi","tag-duna-ipoly-nemzeti-park","tag-featured","tag-foto","tag-palyazat","tag-termeszetfoto"],"yoast_head":"<!-- This site is optimized with the Yoast SEO plugin v28.3 - https:\/\/yoast.com\/product\/yoast-seo-wordpress\/ -->\n<title>A DINPI munkat\u00e1rsa nyerte a vil\u00e1g egyik legrangosabb term\u00e9szetfot\u00f3s p\u00e1ly\u00e1zat\u00e1nak f\u0151d\u00edj\u00e1t<\/title>\n<meta name=\"robots\" content=\"index, follow, max-snippet:-1, max-image-preview:large, max-video-preview:-1\" \/>\n<link rel=\"canonical\" href=\"https:\/\/dorogimedence.hu\/index.php\/2026\/07\/09\/a-dinpi-munkatarsa-nyerte-a-vilag-egyik-legrangosabb-termeszetfotos-palyazatanak-fodijat\/\" class=\"yoast-seo-meta-tag\" \/>\n<meta property=\"og:locale\" content=\"hu_HU\" class=\"yoast-seo-meta-tag\" \/>\n<meta property=\"og:type\" content=\"article\" class=\"yoast-seo-meta-tag\" \/>\n<meta property=\"og:title\" content=\"A DINPI munkat\u00e1rsa nyerte a vil\u00e1g egyik legrangosabb term\u00e9szetfot\u00f3s p\u00e1ly\u00e1zat\u00e1nak f\u0151d\u00edj\u00e1t\" class=\"yoast-seo-meta-tag\" \/>\n<meta property=\"og:description\" content=\"\u00d3ri\u00e1si magyar siker sz\u00fcletett a vil\u00e1g egyik legjelent\u0151sebb term\u00e9szetfot\u00f3s megm\u00e9rettet\u00e9s\u00e9n: a Duna\u2013Ipoly Nemzeti Park Igazgat\u00f3s\u00e1g munkat\u00e1rsa, Poty\u00f3 Imre nyerte el az olasz szervez\u00e9s\u0171 Asferico 2026 nemzetk\u00f6zi term\u00e9szetfot\u00f3-p\u00e1ly\u00e1zat f\u0151d\u00edj\u00e1t. A versenyre id\u00e9n t\u00f6bb mint 16 ezer p\u00e1lyam\u0171 \u00e9rkezett a vil\u00e1g minden t\u00e1j\u00e1r\u00f3l. A gy\u0151ztes \u201eHoldvil\u00e1g\u201d c\u00edm\u0171 felv\u00e9tel egy k\u00fcl\u00f6nleges, szinte megism\u00e9telhetetlen pillanatot \u00f6r\u00f6k\u00edt meg: egy nagy\" class=\"yoast-seo-meta-tag\" \/>\n<meta property=\"og:url\" content=\"https:\/\/dorogimedence.hu\/index.php\/2026\/07\/09\/a-dinpi-munkatarsa-nyerte-a-vilag-egyik-legrangosabb-termeszetfotos-palyazatanak-fodijat\/\" class=\"yoast-seo-meta-tag\" \/>\n<meta property=\"og:site_name\" content=\"Dorogi-medence Region\u00e1lis H\u00edrport\u00e1l\" class=\"yoast-seo-meta-tag\" \/>\n<meta property=\"article:publisher\" content=\"https:\/\/www.facebook.com\/dorogimedence\/\" class=\"yoast-seo-meta-tag\" \/>\n<meta property=\"article:published_time\" content=\"2026-07-09T08:54:16+00:00\" class=\"yoast-seo-meta-tag\" \/>\n<meta property=\"article:modified_time\" content=\"2026-07-09T08:58:21+00:00\" class=\"yoast-seo-meta-tag\" \/>\n<meta property=\"og:image\" content=\"https:\/\/dorogimedence.hu\/wp-content\/uploads\/2026\/07\/740812630_1723646995482768_1939382970870333656_n.jpg\" class=\"yoast-seo-meta-tag\" \/>\n\t<meta property=\"og:image:width\" content=\"1920\" class=\"yoast-seo-meta-tag\" \/>\n\t<meta property=\"og:image:height\" content=\"1280\" class=\"yoast-seo-meta-tag\" \/>\n\t<meta property=\"og:image:type\" content=\"image\/jpeg\" class=\"yoast-seo-meta-tag\" \/>\n<meta name=\"author\" content=\"dorogimedence.hu\" class=\"yoast-seo-meta-tag\" \/>\n<meta name=\"twitter:card\" content=\"summary_large_image\" class=\"yoast-seo-meta-tag\" \/>\n<meta name=\"twitter:label1\" content=\"Szerz\u0151:\" class=\"yoast-seo-meta-tag\" \/>\n\t<meta name=\"twitter:data1\" content=\"dorogimedence.hu\" class=\"yoast-seo-meta-tag\" \/>\n\t<meta name=\"twitter:label2\" content=\"Becs\u00fclt olvas\u00e1si id\u0151\" class=\"yoast-seo-meta-tag\" \/>\n\t<meta name=\"twitter:data2\" content=\"3 perc\" class=\"yoast-seo-meta-tag\" \/>\n<script type=\"application\/ld+json\" class=\"yoast-schema-graph\">{\"@context\":\"https:\\\/\\\/schema.org\",\"@graph\":[{\"@type\":\"Article\",\"@id\":\"https:\\\/\\\/dorogimedence.hu\\\/index.php\\\/2026\\\/07\\\/09\\\/a-dinpi-munkatarsa-nyerte-a-vilag-egyik-legrangosabb-termeszetfotos-palyazatanak-fodijat\\\/#article\",\"isPartOf\":{\"@id\":\"https:\\\/\\\/dorogimedence.hu\\\/index.php\\\/2026\\\/07\\\/09\\\/a-dinpi-munkatarsa-nyerte-a-vilag-egyik-legrangosabb-termeszetfotos-palyazatanak-fodijat\\\/\"},\"author\":{\"name\":\"dorogimedence.hu\",\"@id\":\"https:\\\/\\\/dorogimedence.hu\\\/#\\\/schema\\\/person\\\/ce6091eeb7e95ecdc87890d6aa8e0fd4\"},\"headline\":\"A DINPI munkat\u00e1rsa nyerte a vil\u00e1g egyik legrangosabb term\u00e9szetfot\u00f3s p\u00e1ly\u00e1zat\u00e1nak f\u0151d\u00edj\u00e1t\",\"datePublished\":\"2026-07-09T08:54:16+00:00\",\"dateModified\":\"2026-07-09T08:58:21+00:00\",\"mainEntityOfPage\":{\"@id\":\"https:\\\/\\\/dorogimedence.hu\\\/index.php\\\/2026\\\/07\\\/09\\\/a-dinpi-munkatarsa-nyerte-a-vilag-egyik-legrangosabb-termeszetfotos-palyazatanak-fodijat\\\/\"},\"wordCount\":584,\"publisher\":{\"@id\":\"https:\\\/\\\/dorogimedence.hu\\\/#organization\"},\"image\":{\"@id\":\"https:\\\/\\\/dorogimedence.hu\\\/index.php\\\/2026\\\/07\\\/09\\\/a-dinpi-munkatarsa-nyerte-a-vilag-egyik-legrangosabb-termeszetfotos-palyazatanak-fodijat\\\/#primaryimage\"},\"thumbnailUrl\":\"https:\\\/\\\/dorogimedence.hu\\\/wp-content\\\/uploads\\\/2026\\\/07\\\/740812630_1723646995482768_1939382970870333656_n.jpg\",\"keywords\":[\"DINPI\",\"Duna-Ipoly Nemzeti Park\",\"featured\",\"fot\u00f3\",\"p\u00e1ly\u00e1zat\",\"term\u00e9szetfot\u00f3\"],\"articleSection\":[\"H\u00edrek\",\"Sz\u00ednes\"],\"inLanguage\":\"hu\"},{\"@type\":\"WebPage\",\"@id\":\"https:\\\/\\\/dorogimedence.hu\\\/index.php\\\/2026\\\/07\\\/09\\\/a-dinpi-munkatarsa-nyerte-a-vilag-egyik-legrangosabb-termeszetfotos-palyazatanak-fodijat\\\/\",\"url\":\"https:\\\/\\\/dorogimedence.hu\\\/index.php\\\/2026\\\/07\\\/09\\\/a-dinpi-munkatarsa-nyerte-a-vilag-egyik-legrangosabb-termeszetfotos-palyazatanak-fodijat\\\/\",\"name\":\"A DINPI munkat\u00e1rsa nyerte a vil\u00e1g egyik legrangosabb term\u00e9szetfot\u00f3s p\u00e1ly\u00e1zat\u00e1nak f\u0151d\u00edj\u00e1t\",\"isPartOf\":{\"@id\":\"https:\\\/\\\/dorogimedence.hu\\\/#website\"},\"primaryImageOfPage\":{\"@id\":\"https:\\\/\\\/dorogimedence.hu\\\/index.php\\\/2026\\\/07\\\/09\\\/a-dinpi-munkatarsa-nyerte-a-vilag-egyik-legrangosabb-termeszetfotos-palyazatanak-fodijat\\\/#primaryimage\"},\"image\":{\"@id\":\"https:\\\/\\\/dorogimedence.hu\\\/index.php\\\/2026\\\/07\\\/09\\\/a-dinpi-munkatarsa-nyerte-a-vilag-egyik-legrangosabb-termeszetfotos-palyazatanak-fodijat\\\/#primaryimage\"},\"thumbnailUrl\":\"https:\\\/\\\/dorogimedence.hu\\\/wp-content\\\/uploads\\\/2026\\\/07\\\/740812630_1723646995482768_1939382970870333656_n.jpg\",\"datePublished\":\"2026-07-09T08:54:16+00:00\",\"dateModified\":\"2026-07-09T08:58:21+00:00\",\"breadcrumb\":{\"@id\":\"https:\\\/\\\/dorogimedence.hu\\\/index.php\\\/2026\\\/07\\\/09\\\/a-dinpi-munkatarsa-nyerte-a-vilag-egyik-legrangosabb-termeszetfotos-palyazatanak-fodijat\\\/#breadcrumb\"},\"inLanguage\":\"hu\",\"potentialAction\":[{\"@type\":\"ReadAction\",\"target\":[\"https:\\\/\\\/dorogimedence.hu\\\/index.php\\\/2026\\\/07\\\/09\\\/a-dinpi-munkatarsa-nyerte-a-vilag-egyik-legrangosabb-termeszetfotos-palyazatanak-fodijat\\\/\"]}]},{\"@type\":\"ImageObject\",\"inLanguage\":\"hu\",\"@id\":\"https:\\\/\\\/dorogimedence.hu\\\/index.php\\\/2026\\\/07\\\/09\\\/a-dinpi-munkatarsa-nyerte-a-vilag-egyik-legrangosabb-termeszetfotos-palyazatanak-fodijat\\\/#primaryimage\",\"url\":\"https:\\\/\\\/dorogimedence.hu\\\/wp-content\\\/uploads\\\/2026\\\/07\\\/740812630_1723646995482768_1939382970870333656_n.jpg\",\"contentUrl\":\"https:\\\/\\\/dorogimedence.hu\\\/wp-content\\\/uploads\\\/2026\\\/07\\\/740812630_1723646995482768_1939382970870333656_n.jpg\",\"width\":1920,\"height\":1280},{\"@type\":\"BreadcrumbList\",\"@id\":\"https:\\\/\\\/dorogimedence.hu\\\/index.php\\\/2026\\\/07\\\/09\\\/a-dinpi-munkatarsa-nyerte-a-vilag-egyik-legrangosabb-termeszetfotos-palyazatanak-fodijat\\\/#breadcrumb\",\"itemListElement\":[{\"@type\":\"ListItem\",\"position\":1,\"name\":\"Kezd\u0151lap\",\"item\":\"https:\\\/\\\/dorogimedence.hu\\\/\"},{\"@type\":\"ListItem\",\"position\":2,\"name\":\"A DINPI munkat\u00e1rsa nyerte a vil\u00e1g egyik legrangosabb term\u00e9szetfot\u00f3s p\u00e1ly\u00e1zat\u00e1nak f\u0151d\u00edj\u00e1t\"}]},{\"@type\":\"WebSite\",\"@id\":\"https:\\\/\\\/dorogimedence.hu\\\/#website\",\"url\":\"https:\\\/\\\/dorogimedence.hu\\\/\",\"name\":\"Dorogi-medence Region\u00e1lis H\u00edrport\u00e1l\",\"description\":\"Dorog, Keszt\u00f6lc, Le\u00e1nyv\u00e1r, Piliscs\u00e9v, Tokod, Tokodalt\u00e1r\u00f3, Csolnok, Esztergom-kertv\u00e1ros: h\u00edrek, programok\",\"publisher\":{\"@id\":\"https:\\\/\\\/dorogimedence.hu\\\/#organization\"},\"potentialAction\":[{\"@type\":\"SearchAction\",\"target\":{\"@type\":\"EntryPoint\",\"urlTemplate\":\"https:\\\/\\\/dorogimedence.hu\\\/?s={search_term_string}\"},\"query-input\":{\"@type\":\"PropertyValueSpecification\",\"valueRequired\":true,\"valueName\":\"search_term_string\"}}],\"inLanguage\":\"hu\"},{\"@type\":\"Organization\",\"@id\":\"https:\\\/\\\/dorogimedence.hu\\\/#organization\",\"name\":\"Dorogi-medence Region\u00e1lis H\u00edrport\u00e1l\",\"url\":\"https:\\\/\\\/dorogimedence.hu\\\/\",\"logo\":{\"@type\":\"ImageObject\",\"inLanguage\":\"hu\",\"@id\":\"https:\\\/\\\/dorogimedence.hu\\\/#\\\/schema\\\/logo\\\/image\\\/\",\"url\":\"https:\\\/\\\/dorogimedence.hu\\\/wp-content\\\/uploads\\\/2021\\\/04\\\/logo-feher-600.png\",\"contentUrl\":\"https:\\\/\\\/dorogimedence.hu\\\/wp-content\\\/uploads\\\/2021\\\/04\\\/logo-feher-600.png\",\"width\":600,\"height\":100,\"caption\":\"Dorogi-medence Region\u00e1lis H\u00edrport\u00e1l\"},\"image\":{\"@id\":\"https:\\\/\\\/dorogimedence.hu\\\/#\\\/schema\\\/logo\\\/image\\\/\"},\"sameAs\":[\"https:\\\/\\\/www.facebook.com\\\/dorogimedence\\\/\"]},{\"@type\":\"Person\",\"@id\":\"https:\\\/\\\/dorogimedence.hu\\\/#\\\/schema\\\/person\\\/ce6091eeb7e95ecdc87890d6aa8e0fd4\",\"name\":\"dorogimedence.hu\",\"image\":{\"@type\":\"ImageObject\",\"inLanguage\":\"hu\",\"@id\":\"\\\/\\\/www.gravatar.com\\\/avatar\\\/d8d45f8901aadff40a4af72c0b826f1d?s=96&#038;r=g&#038;d=mm\",\"url\":\"\\\/\\\/www.gravatar.com\\\/avatar\\\/d8d45f8901aadff40a4af72c0b826f1d?s=96&#038;r=g&#038;d=mm\",\"contentUrl\":\"\\\/\\\/www.gravatar.com\\\/avatar\\\/d8d45f8901aadff40a4af72c0b826f1d?s=96&#038;r=g&#038;d=mm\",\"caption\":\"dorogimedence.hu\"}}]}<\/script>\n<!-- \/ Yoast SEO plugin. -->","yoast_head_json":{"title":"A DINPI munkat\u00e1rsa nyerte a vil\u00e1g egyik legrangosabb term\u00e9szetfot\u00f3s p\u00e1ly\u00e1zat\u00e1nak f\u0151d\u00edj\u00e1t","robots":{"index":"index","follow":"follow","max-snippet":"max-snippet:-1","max-image-preview":"max-image-preview:large","max-video-preview":"max-video-preview:-1"},"canonical":"https:\/\/dorogimedence.hu\/index.php\/2026\/07\/09\/a-dinpi-munkatarsa-nyerte-a-vilag-egyik-legrangosabb-termeszetfotos-palyazatanak-fodijat\/","og_locale":"hu_HU","og_type":"article","og_title":"A DINPI munkat\u00e1rsa nyerte a vil\u00e1g egyik legrangosabb term\u00e9szetfot\u00f3s p\u00e1ly\u00e1zat\u00e1nak f\u0151d\u00edj\u00e1t","og_description":"\u00d3ri\u00e1si magyar siker sz\u00fcletett a vil\u00e1g egyik legjelent\u0151sebb term\u00e9szetfot\u00f3s megm\u00e9rettet\u00e9s\u00e9n: a Duna\u2013Ipoly Nemzeti Park Igazgat\u00f3s\u00e1g munkat\u00e1rsa, Poty\u00f3 Imre nyerte el az olasz szervez\u00e9s\u0171 Asferico 2026 nemzetk\u00f6zi term\u00e9szetfot\u00f3-p\u00e1ly\u00e1zat f\u0151d\u00edj\u00e1t. A versenyre id\u00e9n t\u00f6bb mint 16 ezer p\u00e1lyam\u0171 \u00e9rkezett a vil\u00e1g minden t\u00e1j\u00e1r\u00f3l. A gy\u0151ztes \u201eHoldvil\u00e1g\u201d c\u00edm\u0171 felv\u00e9tel egy k\u00fcl\u00f6nleges, szinte megism\u00e9telhetetlen pillanatot \u00f6r\u00f6k\u00edt meg: egy nagy","og_url":"https:\/\/dorogimedence.hu\/index.php\/2026\/07\/09\/a-dinpi-munkatarsa-nyerte-a-vilag-egyik-legrangosabb-termeszetfotos-palyazatanak-fodijat\/","og_site_name":"Dorogi-medence Region\u00e1lis H\u00edrport\u00e1l","article_publisher":"https:\/\/www.facebook.com\/dorogimedence\/","article_published_time":"2026-07-09T08:54:16+00:00","article_modified_time":"2026-07-09T08:58:21+00:00","og_image":[{"width":1920,"height":1280,"url":"https:\/\/dorogimedence.hu\/wp-content\/uploads\/2026\/07\/740812630_1723646995482768_1939382970870333656_n.jpg","type":"image\/jpeg"}],"author":"dorogimedence.hu","twitter_card":"summary_large_image","twitter_misc":{"Szerz\u0151:":"dorogimedence.hu","Becs\u00fclt olvas\u00e1si id\u0151":"3 perc"},"schema":{"@context":"https:\/\/schema.org","@graph":[{"@type":"Article","@id":"https:\/\/dorogimedence.hu\/index.php\/2026\/07\/09\/a-dinpi-munkatarsa-nyerte-a-vilag-egyik-legrangosabb-termeszetfotos-palyazatanak-fodijat\/#article","isPartOf":{"@id":"https:\/\/dorogimedence.hu\/index.php\/2026\/07\/09\/a-dinpi-munkatarsa-nyerte-a-vilag-egyik-legrangosabb-termeszetfotos-palyazatanak-fodijat\/"},"author":{"name":"dorogimedence.hu","@id":"https:\/\/dorogimedence.hu\/#\/schema\/person\/ce6091eeb7e95ecdc87890d6aa8e0fd4"},"headline":"A DINPI munkat\u00e1rsa nyerte a vil\u00e1g egyik legrangosabb term\u00e9szetfot\u00f3s p\u00e1ly\u00e1zat\u00e1nak f\u0151d\u00edj\u00e1t","datePublished":"2026-07-09T08:54:16+00:00","dateModified":"2026-07-09T08:58:21+00:00","mainEntityOfPage":{"@id":"https:\/\/dorogimedence.hu\/index.php\/2026\/07\/09\/a-dinpi-munkatarsa-nyerte-a-vilag-egyik-legrangosabb-termeszetfotos-palyazatanak-fodijat\/"},"wordCount":584,"publisher":{"@id":"https:\/\/dorogimedence.hu\/#organization"},"image":{"@id":"https:\/\/dorogimedence.hu\/index.php\/2026\/07\/09\/a-dinpi-munkatarsa-nyerte-a-vilag-egyik-legrangosabb-termeszetfotos-palyazatanak-fodijat\/#primaryimage"},"thumbnailUrl":"https:\/\/dorogimedence.hu\/wp-content\/uploads\/2026\/07\/740812630_1723646995482768_1939382970870333656_n.jpg","keywords":["DINPI","Duna-Ipoly Nemzeti Park","featured","fot\u00f3","p\u00e1ly\u00e1zat","term\u00e9szetfot\u00f3"],"articleSection":["H\u00edrek","Sz\u00ednes"],"inLanguage":"hu"},{"@type":"WebPage","@id":"https:\/\/dorogimedence.hu\/index.php\/2026\/07\/09\/a-dinpi-munkatarsa-nyerte-a-vilag-egyik-legrangosabb-termeszetfotos-palyazatanak-fodijat\/","url":"https:\/\/dorogimedence.hu\/index.php\/2026\/07\/09\/a-dinpi-munkatarsa-nyerte-a-vilag-egyik-legrangosabb-termeszetfotos-palyazatanak-fodijat\/","name":"A DINPI munkat\u00e1rsa nyerte a vil\u00e1g egyik legrangosabb term\u00e9szetfot\u00f3s p\u00e1ly\u00e1zat\u00e1nak f\u0151d\u00edj\u00e1t","isPartOf":{"@id":"https:\/\/dorogimedence.hu\/#website"},"primaryImageOfPage":{"@id":"https:\/\/dorogimedence.hu\/index.php\/2026\/07\/09\/a-dinpi-munkatarsa-nyerte-a-vilag-egyik-legrangosabb-termeszetfotos-palyazatanak-fodijat\/#primaryimage"},"image":{"@id":"https:\/\/dorogimedence.hu\/index.php\/2026\/07\/09\/a-dinpi-munkatarsa-nyerte-a-vilag-egyik-legrangosabb-termeszetfotos-palyazatanak-fodijat\/#primaryimage"},"thumbnailUrl":"https:\/\/dorogimedence.hu\/wp-content\/uploads\/2026\/07\/740812630_1723646995482768_1939382970870333656_n.jpg","datePublished":"2026-07-09T08:54:16+00:00","dateModified":"2026-07-09T08:58:21+00:00","breadcrumb":{"@id":"https:\/\/dorogimedence.hu\/index.php\/2026\/07\/09\/a-dinpi-munkatarsa-nyerte-a-vilag-egyik-legrangosabb-termeszetfotos-palyazatanak-fodijat\/#breadcrumb"},"inLanguage":"hu","potentialAction":[{"@type":"ReadAction","target":["https:\/\/dorogimedence.hu\/index.php\/2026\/07\/09\/a-dinpi-munkatarsa-nyerte-a-vilag-egyik-legrangosabb-termeszetfotos-palyazatanak-fodijat\/"]}]},{"@type":"ImageObject","inLanguage":"hu","@id":"https:\/\/dorogimedence.hu\/index.php\/2026\/07\/09\/a-dinpi-munkatarsa-nyerte-a-vilag-egyik-legrangosabb-termeszetfotos-palyazatanak-fodijat\/#primaryimage","url":"https:\/\/dorogimedence.hu\/wp-content\/uploads\/2026\/07\/740812630_1723646995482768_1939382970870333656_n.jpg","contentUrl":"https:\/\/dorogimedence.hu\/wp-content\/uploads\/2026\/07\/740812630_1723646995482768_1939382970870333656_n.jpg","width":1920,"height":1280},{"@type":"BreadcrumbList","@id":"https:\/\/dorogimedence.hu\/index.php\/2026\/07\/09\/a-dinpi-munkatarsa-nyerte-a-vilag-egyik-legrangosabb-termeszetfotos-palyazatanak-fodijat\/#breadcrumb","itemListElement":[{"@type":"ListItem","position":1,"name":"Kezd\u0151lap","item":"https:\/\/dorogimedence.hu\/"},{"@type":"ListItem","position":2,"name":"A DINPI munkat\u00e1rsa nyerte a vil\u00e1g egyik legrangosabb term\u00e9szetfot\u00f3s p\u00e1ly\u00e1zat\u00e1nak f\u0151d\u00edj\u00e1t"}]},{"@type":"WebSite","@id":"https:\/\/dorogimedence.hu\/#website","url":"https:\/\/dorogimedence.hu\/","name":"Dorogi-medence Region\u00e1lis H\u00edrport\u00e1l","description":"Dorog, Keszt\u00f6lc, Le\u00e1nyv\u00e1r, Piliscs\u00e9v, Tokod, Tokodalt\u00e1r\u00f3, Csolnok, Esztergom-kertv\u00e1ros: h\u00edrek, programok","publisher":{"@id":"https:\/\/dorogimedence.hu\/#organization"},"potentialAction":[{"@type":"SearchAction","target":{"@type":"EntryPoint","urlTemplate":"https:\/\/dorogimedence.hu\/?s={search_term_string}"},"query-input":{"@type":"PropertyValueSpecification","valueRequired":true,"valueName":"search_term_string"}}],"inLanguage":"hu"},{"@type":"Organization","@id":"https:\/\/dorogimedence.hu\/#organization","name":"Dorogi-medence Region\u00e1lis H\u00edrport\u00e1l","url":"https:\/\/dorogimedence.hu\/","logo":{"@type":"ImageObject","inLanguage":"hu","@id":"https:\/\/dorogimedence.hu\/#\/schema\/logo\/image\/","url":"https:\/\/dorogimedence.hu\/wp-content\/uploads\/2021\/04\/logo-feher-600.png","contentUrl":"https:\/\/dorogimedence.hu\/wp-content\/uploads\/2021\/04\/logo-feher-600.png","width":600,"height":100,"caption":"Dorogi-medence Region\u00e1lis H\u00edrport\u00e1l"},"image":{"@id":"https:\/\/dorogimedence.hu\/#\/schema\/logo\/image\/"},"sameAs":["https:\/\/www.facebook.com\/dorogimedence\/"]},{"@type":"Person","@id":"https:\/\/dorogimedence.hu\/#\/schema\/person\/ce6091eeb7e95ecdc87890d6aa8e0fd4","name":"dorogimedence.hu","image":{"@type":"ImageObject","inLanguage":"hu","@id":"\/\/www.gravatar.com\/avatar\/d8d45f8901aadff40a4af72c0b826f1d?s=96&#038;r=g&#038;d=mm","url":"\/\/www.gravatar.com\/avatar\/d8d45f8901aadff40a4af72c0b826f1d?s=96&#038;r=g&#038;d=mm","contentUrl":"\/\/www.gravatar.com\/avatar\/d8d45f8901aadff40a4af72c0b826f1d?s=96&#038;r=g&#038;d=mm","caption":"dorogimedence.hu"}}]}},"_links":{"self":[{"href":"https:\/\/dorogimedence.hu\/index.php\/wp-json\/wp\/v2\/posts\/81892","targetHints":{"allow":["GET"]}}],"collection":[{"href":"https:\/\/dorogimedence.hu\/index.php\/wp-json\/wp\/v2\/posts"}],"about":[{"href":"https:\/\/dorogimedence.hu\/index.php\/wp-json\/wp\/v2\/types\/post"}],"author":[{"embeddable":true,"href":"https:\/\/dorogimedence.hu\/index.php\/wp-json\/wp\/v2\/users\/1"}],"replies":[{"embeddable":true,"href":"https:\/\/dorogimedence.hu\/index.php\/wp-json\/wp\/v2\/comments?post=81892"}],"version-history":[{"count":3,"href":"https:\/\/dorogimedence.hu\/index.php\/wp-json\/wp\/v2\/posts\/81892\/revisions"}],"predecessor-version":[{"id":81898,"href":"https:\/\/dorogimedence.hu\/index.php\/wp-json\/wp\/v2\/posts\/81892\/revisions\/81898"}],"wp:featuredmedia":[{"embeddable":true,"href":"https:\/\/dorogimedence.hu\/index.php\/wp-json\/wp\/v2\/media\/81895"}],"wp:attachment":[{"href":"https:\/\/dorogimedence.hu\/index.php\/wp-json\/wp\/v2\/media?parent=81892"}],"wp:term":[{"taxonomy":"category","embeddable":true,"href":"https:\/\/dorogimedence.hu\/index.php\/wp-json\/wp\/v2\/categories?post=81892"},{"taxonomy":"post_tag","embeddable":true,"href":"https:\/\/dorogimedence.hu\/index.php\/wp-json\/wp\/v2\/tags?post=81892"}],"curies":[{"name":"wp","href":"https:\/\/api.w.org\/{rel}","templated":true}]}}