{"id":81843,"date":"2026-07-07T11:57:04","date_gmt":"2026-07-07T09:57:04","guid":{"rendered":"https:\/\/dorogimedence.hu\/?p=81843"},"modified":"2026-07-08T09:32:32","modified_gmt":"2026-07-08T07:32:32","slug":"engedely-nelkul-motorozott-a-gerecsei-tajvedelmi-korzetben","status":"publish","type":"post","link":"https:\/\/dorogimedence.hu\/index.php\/2026\/07\/07\/engedely-nelkul-motorozott-a-gerecsei-tajvedelmi-korzetben\/","title":{"rendered":"Enged\u00e9ly n\u00e9lk\u00fcl motorozott a Gerecsei T\u00e1jv\u00e9delmi K\u00f6rzetben"},"content":{"rendered":"<p><strong>K\u00f6z\u00f6s ellen\u0151rz\u00e9st tartott a Gerecsei T\u00e1jv\u00e9delmi K\u00f6rzet orsz\u00e1gos jelent\u0151s\u00e9g\u0171 v\u00e9dett term\u00e9szeti ter\u00fcletein a Duna-Ipoly Nemzeti Park Igazgat\u00f3s\u00e1g Term\u00e9szetv\u00e9delmi \u0150rszolg\u00e1lata, a Kom\u00e1rom-Esztergom V\u00e1rmegyei Rend\u0151r-f\u0151kapit\u00e1nys\u00e1g Kuty\u00e1s Aloszt\u00e1lya, valamint a DINPI Polg\u00e1ri Term\u00e9szet\u0151r Szolg\u00e1lata. Az akci\u00f3 c\u00e9lja az enged\u00e9ly n\u00e9lk\u00fcli technikai sporttev\u00e9kenys\u00e9gek visszaszor\u00edt\u00e1sa volt.<\/strong><\/p>\n<p>Az ellen\u0151rz\u00e9s sor\u00e1n a hat\u00f3s\u00e1gok egy terepmotorossal szemben int\u00e9zkedtek. A t\u00e1j\u00e9koztat\u00e1s szerint a meg\u00e1ll\u00edtott szem\u00e9ly term\u00e9szetv\u00e9delmi \u00e9s ter\u00fclettulajdonosi enged\u00e9ly n\u00e9lk\u00fcl, rendsz\u00e1m n\u00e9lk\u00fcli endur\u00f3motorral k\u00f6zlekedett a v\u00e9dett ter\u00fcleten, olyan technikai sporttev\u00e9kenys\u00e9get v\u00e9gezve, amely nem egyeztethet\u0151 \u00f6ssze a term\u00e9szetv\u00e9delmi el\u0151\u00edr\u00e1sokkal \u00e9s a ter\u00fclet v\u00e9delmi c\u00e9ljaival.<\/p>\n<p><img fetchpriority=\"high\" decoding=\"async\" class=\"alignnone size-full wp-image-81856\" src=\"https:\/\/dorogimedence.hu\/wp-content\/uploads\/2026\/07\/2.jpg\" alt=\"\" width=\"2115\" height=\"1773\" srcset=\"https:\/\/dorogimedence.hu\/wp-content\/uploads\/2026\/07\/2.jpg 2115w, https:\/\/dorogimedence.hu\/wp-content\/uploads\/2026\/07\/2-600x503.jpg 600w, https:\/\/dorogimedence.hu\/wp-content\/uploads\/2026\/07\/2-1920x1610.jpg 1920w, https:\/\/dorogimedence.hu\/wp-content\/uploads\/2026\/07\/2-768x644.jpg 768w, https:\/\/dorogimedence.hu\/wp-content\/uploads\/2026\/07\/2-1536x1288.jpg 1536w, https:\/\/dorogimedence.hu\/wp-content\/uploads\/2026\/07\/2-2048x1717.jpg 2048w, https:\/\/dorogimedence.hu\/wp-content\/uploads\/2026\/07\/2-150x126.jpg 150w, https:\/\/dorogimedence.hu\/wp-content\/uploads\/2026\/07\/2-450x377.jpg 450w, https:\/\/dorogimedence.hu\/wp-content\/uploads\/2026\/07\/2-1200x1006.jpg 1200w\" sizes=\"(max-width: 2115px) 100vw, 2115px\" \/><\/p>\n<p>Az eset miatt a Duna-Ipoly Nemzeti Park Igazgat\u00f3s\u00e1g megtette a sz\u00fcks\u00e9ges k\u00f6zigazgat\u00e1si feljelent\u00e9st az illet\u00e9kes term\u00e9szetv\u00e9delmi hat\u00f3s\u00e1gn\u00e1l.<\/p>\n<p>A nemzeti park igazgat\u00f3s\u00e1ga kiemelte, hogy a teljes m\u0171k\u00f6d\u00e9si ter\u00fclet\u00e9n a j\u00f6v\u0151ben is rendszeresen lehet sz\u00e1m\u00edtani hasonl\u00f3 ellen\u0151rz\u00e9sekre. A c\u00e9l a term\u00e9szetv\u00e9delmi jogszab\u00e1lyok betartat\u00e1sa \u00e9s a v\u00e9dett term\u00e9szeti \u00e9rt\u00e9kek meg\u00f3v\u00e1sa.<\/p>\n<p>A DINPI arra k\u00e9ri a term\u00e9szetj\u00e1r\u00f3kat \u00e9s a technikai sportok kedvel\u0151it, hogy tarts\u00e1k be a vonatkoz\u00f3 szab\u00e1lyokat, \u00e9s csak az arra kijel\u00f6lt, illetve enged\u00e9lyezett ter\u00fcleteken k\u00f6zlekedjenek, hogy a Gerecse \u00e9s m\u00e1s v\u00e9dett term\u00e9szeti ter\u00fcletek \u00e9l\u0151vil\u00e1ga hossz\u00fa t\u00e1von is meg\u0151rizhet\u0151 legyen.<\/p>\n<figure id=\"attachment_81846\" aria-describedby=\"caption-attachment-81846\" style=\"width: 2048px\" class=\"wp-caption alignnone\"><img decoding=\"async\" class=\"size-full wp-image-81846\" src=\"https:\/\/dorogimedence.hu\/wp-content\/uploads\/2026\/07\/741592334_1329659732603929_1455297186344726004_n.jpg\" alt=\"\" width=\"2048\" height=\"1413\" srcset=\"https:\/\/dorogimedence.hu\/wp-content\/uploads\/2026\/07\/741592334_1329659732603929_1455297186344726004_n.jpg 2048w, https:\/\/dorogimedence.hu\/wp-content\/uploads\/2026\/07\/741592334_1329659732603929_1455297186344726004_n-600x414.jpg 600w, https:\/\/dorogimedence.hu\/wp-content\/uploads\/2026\/07\/741592334_1329659732603929_1455297186344726004_n-1920x1325.jpg 1920w, https:\/\/dorogimedence.hu\/wp-content\/uploads\/2026\/07\/741592334_1329659732603929_1455297186344726004_n-768x530.jpg 768w, https:\/\/dorogimedence.hu\/wp-content\/uploads\/2026\/07\/741592334_1329659732603929_1455297186344726004_n-1536x1060.jpg 1536w, https:\/\/dorogimedence.hu\/wp-content\/uploads\/2026\/07\/741592334_1329659732603929_1455297186344726004_n-150x103.jpg 150w, https:\/\/dorogimedence.hu\/wp-content\/uploads\/2026\/07\/741592334_1329659732603929_1455297186344726004_n-450x310.jpg 450w, https:\/\/dorogimedence.hu\/wp-content\/uploads\/2026\/07\/741592334_1329659732603929_1455297186344726004_n-1200x828.jpg 1200w\" sizes=\"(max-width: 2048px) 100vw, 2048px\" \/><figcaption id=\"caption-attachment-81846\" class=\"wp-caption-text\">Terepmotorosok \u00e1ltal kij\u00e1rt l\u00f6sz m\u00e9lyv\u00f6lgy<\/figcaption><\/figure>\n<p><em>Fot\u00f3k, forr\u00e1s: Duna-Ipoly Nemzeti Park Igazgat\u00f3s\u00e1g (DINPI)<\/em><\/p>\n","protected":false},"excerpt":{"rendered":"<p>K\u00f6z\u00f6s ellen\u0151rz\u00e9st tartott a Gerecsei T\u00e1jv\u00e9delmi K\u00f6rzet orsz\u00e1gos jelent\u0151s\u00e9g\u0171 v\u00e9dett term\u00e9szeti ter\u00fcletein a Duna-Ipoly Nemzeti Park Igazgat\u00f3s\u00e1g Term\u00e9szetv\u00e9delmi \u0150rszolg\u00e1lata, a Kom\u00e1rom-Esztergom V\u00e1rmegyei Rend\u0151r-f\u0151kapit\u00e1nys\u00e1g Kuty\u00e1s Aloszt\u00e1lya, valamint a DINPI Polg\u00e1ri Term\u00e9szet\u0151r Szolg\u00e1lata. Az akci\u00f3 c\u00e9lja az enged\u00e9ly n\u00e9lk\u00fcli technikai sporttev\u00e9kenys\u00e9gek visszaszor\u00edt\u00e1sa volt. Az ellen\u0151rz\u00e9s sor\u00e1n a hat\u00f3s\u00e1gok egy terepmotorossal szemben int\u00e9zkedtek. A t\u00e1j\u00e9koztat\u00e1s szerint a meg\u00e1ll\u00edtott<\/p>\n","protected":false},"author":1,"featured_media":81857,"comment_status":"closed","ping_status":"closed","sticky":false,"template":"","format":"standard","meta":{"ngg_post_thumbnail":0,"footnotes":""},"categories":[3,39],"tags":[4900,61,8964,8965],"class_list":["post-81843","post","type-post","status-publish","format-standard","has-post-thumbnail","category-hirek","category-kek-hirek","tag-dinpi","tag-rendorsegi-hirek","tag-terepmotor","tag-terepmotorozas"],"yoast_head":"<!-- This site is optimized with the Yoast SEO plugin v28.3 - https:\/\/yoast.com\/product\/yoast-seo-wordpress\/ -->\n<title>Enged\u00e9ly n\u00e9lk\u00fcl motorozott a Gerecsei T\u00e1jv\u00e9delmi K\u00f6rzetben<\/title>\n<meta name=\"robots\" content=\"index, follow, max-snippet:-1, max-image-preview:large, max-video-preview:-1\" \/>\n<link rel=\"canonical\" href=\"https:\/\/dorogimedence.hu\/index.php\/2026\/07\/07\/engedely-nelkul-motorozott-a-gerecsei-tajvedelmi-korzetben\/\" class=\"yoast-seo-meta-tag\" \/>\n<meta property=\"og:locale\" content=\"hu_HU\" class=\"yoast-seo-meta-tag\" \/>\n<meta property=\"og:type\" content=\"article\" class=\"yoast-seo-meta-tag\" \/>\n<meta property=\"og:title\" content=\"Enged\u00e9ly n\u00e9lk\u00fcl motorozott a Gerecsei T\u00e1jv\u00e9delmi K\u00f6rzetben\" class=\"yoast-seo-meta-tag\" \/>\n<meta property=\"og:description\" content=\"K\u00f6z\u00f6s ellen\u0151rz\u00e9st tartott a Gerecsei T\u00e1jv\u00e9delmi K\u00f6rzet orsz\u00e1gos jelent\u0151s\u00e9g\u0171 v\u00e9dett term\u00e9szeti ter\u00fcletein a Duna-Ipoly Nemzeti Park Igazgat\u00f3s\u00e1g Term\u00e9szetv\u00e9delmi \u0150rszolg\u00e1lata, a Kom\u00e1rom-Esztergom V\u00e1rmegyei Rend\u0151r-f\u0151kapit\u00e1nys\u00e1g Kuty\u00e1s Aloszt\u00e1lya, valamint a DINPI Polg\u00e1ri Term\u00e9szet\u0151r Szolg\u00e1lata. Az akci\u00f3 c\u00e9lja az enged\u00e9ly n\u00e9lk\u00fcli technikai sporttev\u00e9kenys\u00e9gek visszaszor\u00edt\u00e1sa volt. Az ellen\u0151rz\u00e9s sor\u00e1n a hat\u00f3s\u00e1gok egy terepmotorossal szemben int\u00e9zkedtek. A t\u00e1j\u00e9koztat\u00e1s szerint a meg\u00e1ll\u00edtott\" class=\"yoast-seo-meta-tag\" \/>\n<meta property=\"og:url\" content=\"https:\/\/dorogimedence.hu\/index.php\/2026\/07\/07\/engedely-nelkul-motorozott-a-gerecsei-tajvedelmi-korzetben\/\" class=\"yoast-seo-meta-tag\" \/>\n<meta property=\"og:site_name\" content=\"Dorogi-medence Region\u00e1lis H\u00edrport\u00e1l\" class=\"yoast-seo-meta-tag\" \/>\n<meta property=\"article:publisher\" content=\"https:\/\/www.facebook.com\/dorogimedence\/\" class=\"yoast-seo-meta-tag\" \/>\n<meta property=\"article:published_time\" content=\"2026-07-07T09:57:04+00:00\" class=\"yoast-seo-meta-tag\" \/>\n<meta property=\"article:modified_time\" content=\"2026-07-08T07:32:32+00:00\" class=\"yoast-seo-meta-tag\" \/>\n<meta property=\"og:image\" content=\"https:\/\/dorogimedence.hu\/wp-content\/uploads\/2026\/07\/1.jpg\" class=\"yoast-seo-meta-tag\" \/>\n\t<meta property=\"og:image:width\" content=\"2115\" class=\"yoast-seo-meta-tag\" \/>\n\t<meta property=\"og:image:height\" content=\"1773\" class=\"yoast-seo-meta-tag\" \/>\n\t<meta property=\"og:image:type\" content=\"image\/jpeg\" class=\"yoast-seo-meta-tag\" \/>\n<meta name=\"author\" content=\"dorogimedence.hu\" class=\"yoast-seo-meta-tag\" \/>\n<meta name=\"twitter:card\" content=\"summary_large_image\" class=\"yoast-seo-meta-tag\" \/>\n<meta name=\"twitter:label1\" content=\"Szerz\u0151:\" class=\"yoast-seo-meta-tag\" \/>\n\t<meta name=\"twitter:data1\" content=\"dorogimedence.hu\" class=\"yoast-seo-meta-tag\" \/>\n\t<meta name=\"twitter:label2\" content=\"Becs\u00fclt olvas\u00e1si id\u0151\" class=\"yoast-seo-meta-tag\" \/>\n\t<meta name=\"twitter:data2\" content=\"2 perc\" class=\"yoast-seo-meta-tag\" \/>\n<script type=\"application\/ld+json\" class=\"yoast-schema-graph\">{\"@context\":\"https:\\\/\\\/schema.org\",\"@graph\":[{\"@type\":\"Article\",\"@id\":\"https:\\\/\\\/dorogimedence.hu\\\/index.php\\\/2026\\\/07\\\/07\\\/engedely-nelkul-motorozott-a-gerecsei-tajvedelmi-korzetben\\\/#article\",\"isPartOf\":{\"@id\":\"https:\\\/\\\/dorogimedence.hu\\\/index.php\\\/2026\\\/07\\\/07\\\/engedely-nelkul-motorozott-a-gerecsei-tajvedelmi-korzetben\\\/\"},\"author\":{\"name\":\"dorogimedence.hu\",\"@id\":\"https:\\\/\\\/dorogimedence.hu\\\/#\\\/schema\\\/person\\\/ce6091eeb7e95ecdc87890d6aa8e0fd4\"},\"headline\":\"Enged\u00e9ly n\u00e9lk\u00fcl motorozott a Gerecsei T\u00e1jv\u00e9delmi K\u00f6rzetben\",\"datePublished\":\"2026-07-07T09:57:04+00:00\",\"dateModified\":\"2026-07-08T07:32:32+00:00\",\"mainEntityOfPage\":{\"@id\":\"https:\\\/\\\/dorogimedence.hu\\\/index.php\\\/2026\\\/07\\\/07\\\/engedely-nelkul-motorozott-a-gerecsei-tajvedelmi-korzetben\\\/\"},\"wordCount\":339,\"publisher\":{\"@id\":\"https:\\\/\\\/dorogimedence.hu\\\/#organization\"},\"image\":{\"@id\":\"https:\\\/\\\/dorogimedence.hu\\\/index.php\\\/2026\\\/07\\\/07\\\/engedely-nelkul-motorozott-a-gerecsei-tajvedelmi-korzetben\\\/#primaryimage\"},\"thumbnailUrl\":\"https:\\\/\\\/dorogimedence.hu\\\/wp-content\\\/uploads\\\/2026\\\/07\\\/1.jpg\",\"keywords\":[\"DINPI\",\"rend\u0151rs\u00e9gi h\u00edrek\",\"terepmotor\",\"terepmotoroz\u00e1s\"],\"articleSection\":[\"H\u00edrek\",\"K\u00e9k h\u00edrek\"],\"inLanguage\":\"hu\"},{\"@type\":\"WebPage\",\"@id\":\"https:\\\/\\\/dorogimedence.hu\\\/index.php\\\/2026\\\/07\\\/07\\\/engedely-nelkul-motorozott-a-gerecsei-tajvedelmi-korzetben\\\/\",\"url\":\"https:\\\/\\\/dorogimedence.hu\\\/index.php\\\/2026\\\/07\\\/07\\\/engedely-nelkul-motorozott-a-gerecsei-tajvedelmi-korzetben\\\/\",\"name\":\"Enged\u00e9ly n\u00e9lk\u00fcl motorozott a Gerecsei T\u00e1jv\u00e9delmi K\u00f6rzetben\",\"isPartOf\":{\"@id\":\"https:\\\/\\\/dorogimedence.hu\\\/#website\"},\"primaryImageOfPage\":{\"@id\":\"https:\\\/\\\/dorogimedence.hu\\\/index.php\\\/2026\\\/07\\\/07\\\/engedely-nelkul-motorozott-a-gerecsei-tajvedelmi-korzetben\\\/#primaryimage\"},\"image\":{\"@id\":\"https:\\\/\\\/dorogimedence.hu\\\/index.php\\\/2026\\\/07\\\/07\\\/engedely-nelkul-motorozott-a-gerecsei-tajvedelmi-korzetben\\\/#primaryimage\"},\"thumbnailUrl\":\"https:\\\/\\\/dorogimedence.hu\\\/wp-content\\\/uploads\\\/2026\\\/07\\\/1.jpg\",\"datePublished\":\"2026-07-07T09:57:04+00:00\",\"dateModified\":\"2026-07-08T07:32:32+00:00\",\"breadcrumb\":{\"@id\":\"https:\\\/\\\/dorogimedence.hu\\\/index.php\\\/2026\\\/07\\\/07\\\/engedely-nelkul-motorozott-a-gerecsei-tajvedelmi-korzetben\\\/#breadcrumb\"},\"inLanguage\":\"hu\",\"potentialAction\":[{\"@type\":\"ReadAction\",\"target\":[\"https:\\\/\\\/dorogimedence.hu\\\/index.php\\\/2026\\\/07\\\/07\\\/engedely-nelkul-motorozott-a-gerecsei-tajvedelmi-korzetben\\\/\"]}]},{\"@type\":\"ImageObject\",\"inLanguage\":\"hu\",\"@id\":\"https:\\\/\\\/dorogimedence.hu\\\/index.php\\\/2026\\\/07\\\/07\\\/engedely-nelkul-motorozott-a-gerecsei-tajvedelmi-korzetben\\\/#primaryimage\",\"url\":\"https:\\\/\\\/dorogimedence.hu\\\/wp-content\\\/uploads\\\/2026\\\/07\\\/1.jpg\",\"contentUrl\":\"https:\\\/\\\/dorogimedence.hu\\\/wp-content\\\/uploads\\\/2026\\\/07\\\/1.jpg\",\"width\":2115,\"height\":1773},{\"@type\":\"BreadcrumbList\",\"@id\":\"https:\\\/\\\/dorogimedence.hu\\\/index.php\\\/2026\\\/07\\\/07\\\/engedely-nelkul-motorozott-a-gerecsei-tajvedelmi-korzetben\\\/#breadcrumb\",\"itemListElement\":[{\"@type\":\"ListItem\",\"position\":1,\"name\":\"Kezd\u0151lap\",\"item\":\"https:\\\/\\\/dorogimedence.hu\\\/\"},{\"@type\":\"ListItem\",\"position\":2,\"name\":\"Enged\u00e9ly n\u00e9lk\u00fcl motorozott a Gerecsei T\u00e1jv\u00e9delmi K\u00f6rzetben\"}]},{\"@type\":\"WebSite\",\"@id\":\"https:\\\/\\\/dorogimedence.hu\\\/#website\",\"url\":\"https:\\\/\\\/dorogimedence.hu\\\/\",\"name\":\"Dorogi-medence Region\u00e1lis H\u00edrport\u00e1l\",\"description\":\"Dorog, Keszt\u00f6lc, Le\u00e1nyv\u00e1r, Piliscs\u00e9v, Tokod, Tokodalt\u00e1r\u00f3, Csolnok, Esztergom-kertv\u00e1ros: h\u00edrek, programok\",\"publisher\":{\"@id\":\"https:\\\/\\\/dorogimedence.hu\\\/#organization\"},\"potentialAction\":[{\"@type\":\"SearchAction\",\"target\":{\"@type\":\"EntryPoint\",\"urlTemplate\":\"https:\\\/\\\/dorogimedence.hu\\\/?s={search_term_string}\"},\"query-input\":{\"@type\":\"PropertyValueSpecification\",\"valueRequired\":true,\"valueName\":\"search_term_string\"}}],\"inLanguage\":\"hu\"},{\"@type\":\"Organization\",\"@id\":\"https:\\\/\\\/dorogimedence.hu\\\/#organization\",\"name\":\"Dorogi-medence Region\u00e1lis H\u00edrport\u00e1l\",\"url\":\"https:\\\/\\\/dorogimedence.hu\\\/\",\"logo\":{\"@type\":\"ImageObject\",\"inLanguage\":\"hu\",\"@id\":\"https:\\\/\\\/dorogimedence.hu\\\/#\\\/schema\\\/logo\\\/image\\\/\",\"url\":\"https:\\\/\\\/dorogimedence.hu\\\/wp-content\\\/uploads\\\/2021\\\/04\\\/logo-feher-600.png\",\"contentUrl\":\"https:\\\/\\\/dorogimedence.hu\\\/wp-content\\\/uploads\\\/2021\\\/04\\\/logo-feher-600.png\",\"width\":600,\"height\":100,\"caption\":\"Dorogi-medence Region\u00e1lis H\u00edrport\u00e1l\"},\"image\":{\"@id\":\"https:\\\/\\\/dorogimedence.hu\\\/#\\\/schema\\\/logo\\\/image\\\/\"},\"sameAs\":[\"https:\\\/\\\/www.facebook.com\\\/dorogimedence\\\/\"]},{\"@type\":\"Person\",\"@id\":\"https:\\\/\\\/dorogimedence.hu\\\/#\\\/schema\\\/person\\\/ce6091eeb7e95ecdc87890d6aa8e0fd4\",\"name\":\"dorogimedence.hu\",\"image\":{\"@type\":\"ImageObject\",\"inLanguage\":\"hu\",\"@id\":\"\\\/\\\/www.gravatar.com\\\/avatar\\\/d8d45f8901aadff40a4af72c0b826f1d?s=96&#038;r=g&#038;d=mm\",\"url\":\"\\\/\\\/www.gravatar.com\\\/avatar\\\/d8d45f8901aadff40a4af72c0b826f1d?s=96&#038;r=g&#038;d=mm\",\"contentUrl\":\"\\\/\\\/www.gravatar.com\\\/avatar\\\/d8d45f8901aadff40a4af72c0b826f1d?s=96&#038;r=g&#038;d=mm\",\"caption\":\"dorogimedence.hu\"}}]}<\/script>\n<!-- \/ Yoast SEO plugin. -->","yoast_head_json":{"title":"Enged\u00e9ly n\u00e9lk\u00fcl motorozott a Gerecsei T\u00e1jv\u00e9delmi K\u00f6rzetben","robots":{"index":"index","follow":"follow","max-snippet":"max-snippet:-1","max-image-preview":"max-image-preview:large","max-video-preview":"max-video-preview:-1"},"canonical":"https:\/\/dorogimedence.hu\/index.php\/2026\/07\/07\/engedely-nelkul-motorozott-a-gerecsei-tajvedelmi-korzetben\/","og_locale":"hu_HU","og_type":"article","og_title":"Enged\u00e9ly n\u00e9lk\u00fcl motorozott a Gerecsei T\u00e1jv\u00e9delmi K\u00f6rzetben","og_description":"K\u00f6z\u00f6s ellen\u0151rz\u00e9st tartott a Gerecsei T\u00e1jv\u00e9delmi K\u00f6rzet orsz\u00e1gos jelent\u0151s\u00e9g\u0171 v\u00e9dett term\u00e9szeti ter\u00fcletein a Duna-Ipoly Nemzeti Park Igazgat\u00f3s\u00e1g Term\u00e9szetv\u00e9delmi \u0150rszolg\u00e1lata, a Kom\u00e1rom-Esztergom V\u00e1rmegyei Rend\u0151r-f\u0151kapit\u00e1nys\u00e1g Kuty\u00e1s Aloszt\u00e1lya, valamint a DINPI Polg\u00e1ri Term\u00e9szet\u0151r Szolg\u00e1lata. Az akci\u00f3 c\u00e9lja az enged\u00e9ly n\u00e9lk\u00fcli technikai sporttev\u00e9kenys\u00e9gek visszaszor\u00edt\u00e1sa volt. Az ellen\u0151rz\u00e9s sor\u00e1n a hat\u00f3s\u00e1gok egy terepmotorossal szemben int\u00e9zkedtek. A t\u00e1j\u00e9koztat\u00e1s szerint a meg\u00e1ll\u00edtott","og_url":"https:\/\/dorogimedence.hu\/index.php\/2026\/07\/07\/engedely-nelkul-motorozott-a-gerecsei-tajvedelmi-korzetben\/","og_site_name":"Dorogi-medence Region\u00e1lis H\u00edrport\u00e1l","article_publisher":"https:\/\/www.facebook.com\/dorogimedence\/","article_published_time":"2026-07-07T09:57:04+00:00","article_modified_time":"2026-07-08T07:32:32+00:00","og_image":[{"width":2115,"height":1773,"url":"https:\/\/dorogimedence.hu\/wp-content\/uploads\/2026\/07\/1.jpg","type":"image\/jpeg"}],"author":"dorogimedence.hu","twitter_card":"summary_large_image","twitter_misc":{"Szerz\u0151:":"dorogimedence.hu","Becs\u00fclt olvas\u00e1si id\u0151":"2 perc"},"schema":{"@context":"https:\/\/schema.org","@graph":[{"@type":"Article","@id":"https:\/\/dorogimedence.hu\/index.php\/2026\/07\/07\/engedely-nelkul-motorozott-a-gerecsei-tajvedelmi-korzetben\/#article","isPartOf":{"@id":"https:\/\/dorogimedence.hu\/index.php\/2026\/07\/07\/engedely-nelkul-motorozott-a-gerecsei-tajvedelmi-korzetben\/"},"author":{"name":"dorogimedence.hu","@id":"https:\/\/dorogimedence.hu\/#\/schema\/person\/ce6091eeb7e95ecdc87890d6aa8e0fd4"},"headline":"Enged\u00e9ly n\u00e9lk\u00fcl motorozott a Gerecsei T\u00e1jv\u00e9delmi K\u00f6rzetben","datePublished":"2026-07-07T09:57:04+00:00","dateModified":"2026-07-08T07:32:32+00:00","mainEntityOfPage":{"@id":"https:\/\/dorogimedence.hu\/index.php\/2026\/07\/07\/engedely-nelkul-motorozott-a-gerecsei-tajvedelmi-korzetben\/"},"wordCount":339,"publisher":{"@id":"https:\/\/dorogimedence.hu\/#organization"},"image":{"@id":"https:\/\/dorogimedence.hu\/index.php\/2026\/07\/07\/engedely-nelkul-motorozott-a-gerecsei-tajvedelmi-korzetben\/#primaryimage"},"thumbnailUrl":"https:\/\/dorogimedence.hu\/wp-content\/uploads\/2026\/07\/1.jpg","keywords":["DINPI","rend\u0151rs\u00e9gi h\u00edrek","terepmotor","terepmotoroz\u00e1s"],"articleSection":["H\u00edrek","K\u00e9k h\u00edrek"],"inLanguage":"hu"},{"@type":"WebPage","@id":"https:\/\/dorogimedence.hu\/index.php\/2026\/07\/07\/engedely-nelkul-motorozott-a-gerecsei-tajvedelmi-korzetben\/","url":"https:\/\/dorogimedence.hu\/index.php\/2026\/07\/07\/engedely-nelkul-motorozott-a-gerecsei-tajvedelmi-korzetben\/","name":"Enged\u00e9ly n\u00e9lk\u00fcl motorozott a Gerecsei T\u00e1jv\u00e9delmi K\u00f6rzetben","isPartOf":{"@id":"https:\/\/dorogimedence.hu\/#website"},"primaryImageOfPage":{"@id":"https:\/\/dorogimedence.hu\/index.php\/2026\/07\/07\/engedely-nelkul-motorozott-a-gerecsei-tajvedelmi-korzetben\/#primaryimage"},"image":{"@id":"https:\/\/dorogimedence.hu\/index.php\/2026\/07\/07\/engedely-nelkul-motorozott-a-gerecsei-tajvedelmi-korzetben\/#primaryimage"},"thumbnailUrl":"https:\/\/dorogimedence.hu\/wp-content\/uploads\/2026\/07\/1.jpg","datePublished":"2026-07-07T09:57:04+00:00","dateModified":"2026-07-08T07:32:32+00:00","breadcrumb":{"@id":"https:\/\/dorogimedence.hu\/index.php\/2026\/07\/07\/engedely-nelkul-motorozott-a-gerecsei-tajvedelmi-korzetben\/#breadcrumb"},"inLanguage":"hu","potentialAction":[{"@type":"ReadAction","target":["https:\/\/dorogimedence.hu\/index.php\/2026\/07\/07\/engedely-nelkul-motorozott-a-gerecsei-tajvedelmi-korzetben\/"]}]},{"@type":"ImageObject","inLanguage":"hu","@id":"https:\/\/dorogimedence.hu\/index.php\/2026\/07\/07\/engedely-nelkul-motorozott-a-gerecsei-tajvedelmi-korzetben\/#primaryimage","url":"https:\/\/dorogimedence.hu\/wp-content\/uploads\/2026\/07\/1.jpg","contentUrl":"https:\/\/dorogimedence.hu\/wp-content\/uploads\/2026\/07\/1.jpg","width":2115,"height":1773},{"@type":"BreadcrumbList","@id":"https:\/\/dorogimedence.hu\/index.php\/2026\/07\/07\/engedely-nelkul-motorozott-a-gerecsei-tajvedelmi-korzetben\/#breadcrumb","itemListElement":[{"@type":"ListItem","position":1,"name":"Kezd\u0151lap","item":"https:\/\/dorogimedence.hu\/"},{"@type":"ListItem","position":2,"name":"Enged\u00e9ly n\u00e9lk\u00fcl motorozott a Gerecsei T\u00e1jv\u00e9delmi K\u00f6rzetben"}]},{"@type":"WebSite","@id":"https:\/\/dorogimedence.hu\/#website","url":"https:\/\/dorogimedence.hu\/","name":"Dorogi-medence Region\u00e1lis H\u00edrport\u00e1l","description":"Dorog, Keszt\u00f6lc, Le\u00e1nyv\u00e1r, Piliscs\u00e9v, Tokod, Tokodalt\u00e1r\u00f3, Csolnok, Esztergom-kertv\u00e1ros: h\u00edrek, programok","publisher":{"@id":"https:\/\/dorogimedence.hu\/#organization"},"potentialAction":[{"@type":"SearchAction","target":{"@type":"EntryPoint","urlTemplate":"https:\/\/dorogimedence.hu\/?s={search_term_string}"},"query-input":{"@type":"PropertyValueSpecification","valueRequired":true,"valueName":"search_term_string"}}],"inLanguage":"hu"},{"@type":"Organization","@id":"https:\/\/dorogimedence.hu\/#organization","name":"Dorogi-medence Region\u00e1lis H\u00edrport\u00e1l","url":"https:\/\/dorogimedence.hu\/","logo":{"@type":"ImageObject","inLanguage":"hu","@id":"https:\/\/dorogimedence.hu\/#\/schema\/logo\/image\/","url":"https:\/\/dorogimedence.hu\/wp-content\/uploads\/2021\/04\/logo-feher-600.png","contentUrl":"https:\/\/dorogimedence.hu\/wp-content\/uploads\/2021\/04\/logo-feher-600.png","width":600,"height":100,"caption":"Dorogi-medence Region\u00e1lis H\u00edrport\u00e1l"},"image":{"@id":"https:\/\/dorogimedence.hu\/#\/schema\/logo\/image\/"},"sameAs":["https:\/\/www.facebook.com\/dorogimedence\/"]},{"@type":"Person","@id":"https:\/\/dorogimedence.hu\/#\/schema\/person\/ce6091eeb7e95ecdc87890d6aa8e0fd4","name":"dorogimedence.hu","image":{"@type":"ImageObject","inLanguage":"hu","@id":"\/\/www.gravatar.com\/avatar\/d8d45f8901aadff40a4af72c0b826f1d?s=96&#038;r=g&#038;d=mm","url":"\/\/www.gravatar.com\/avatar\/d8d45f8901aadff40a4af72c0b826f1d?s=96&#038;r=g&#038;d=mm","contentUrl":"\/\/www.gravatar.com\/avatar\/d8d45f8901aadff40a4af72c0b826f1d?s=96&#038;r=g&#038;d=mm","caption":"dorogimedence.hu"}}]}},"_links":{"self":[{"href":"https:\/\/dorogimedence.hu\/index.php\/wp-json\/wp\/v2\/posts\/81843","targetHints":{"allow":["GET"]}}],"collection":[{"href":"https:\/\/dorogimedence.hu\/index.php\/wp-json\/wp\/v2\/posts"}],"about":[{"href":"https:\/\/dorogimedence.hu\/index.php\/wp-json\/wp\/v2\/types\/post"}],"author":[{"embeddable":true,"href":"https:\/\/dorogimedence.hu\/index.php\/wp-json\/wp\/v2\/users\/1"}],"replies":[{"embeddable":true,"href":"https:\/\/dorogimedence.hu\/index.php\/wp-json\/wp\/v2\/comments?post=81843"}],"version-history":[{"count":2,"href":"https:\/\/dorogimedence.hu\/index.php\/wp-json\/wp\/v2\/posts\/81843\/revisions"}],"predecessor-version":[{"id":81858,"href":"https:\/\/dorogimedence.hu\/index.php\/wp-json\/wp\/v2\/posts\/81843\/revisions\/81858"}],"wp:featuredmedia":[{"embeddable":true,"href":"https:\/\/dorogimedence.hu\/index.php\/wp-json\/wp\/v2\/media\/81857"}],"wp:attachment":[{"href":"https:\/\/dorogimedence.hu\/index.php\/wp-json\/wp\/v2\/media?parent=81843"}],"wp:term":[{"taxonomy":"category","embeddable":true,"href":"https:\/\/dorogimedence.hu\/index.php\/wp-json\/wp\/v2\/categories?post=81843"},{"taxonomy":"post_tag","embeddable":true,"href":"https:\/\/dorogimedence.hu\/index.php\/wp-json\/wp\/v2\/tags?post=81843"}],"curies":[{"name":"wp","href":"https:\/\/api.w.org\/{rel}","templated":true}]}}