{"id":81834,"date":"2026-07-07T10:27:14","date_gmt":"2026-07-07T08:27:14","guid":{"rendered":"https:\/\/dorogimedence.hu\/?p=81834"},"modified":"2026-07-07T10:28:05","modified_gmt":"2026-07-07T08:28:05","slug":"lezarjak-a-dobogokoi-ut-egy-szakaszat-esztergomban","status":"publish","type":"post","link":"https:\/\/dorogimedence.hu\/index.php\/2026\/07\/07\/lezarjak-a-dobogokoi-ut-egy-szakaszat-esztergomban\/","title":{"rendered":"Lez\u00e1rj\u00e1k a Dobog\u00f3k\u0151i \u00fat egy szakasz\u00e1t Esztergomban"},"content":{"rendered":"<p><strong>Ideiglenes forgalmirend-v\u00e1ltoz\u00e1sra kell sz\u00e1m\u00edtani Esztergomban a Dobog\u00f3k\u0151i \u00faton, ahol a k\u00f6rforgalom-\u00e9p\u00edt\u00e9s m\u00e1sodik \u00fctem\u00e9hez kapcsol\u00f3d\u00f3 csatorn\u00e1z\u00e1si munk\u00e1latok miatt teljes \u00fatlez\u00e1r\u00e1st vezetnek be.<\/strong><\/p>\n<p>Az <a href=\"https:\/\/esztergom.hu\/hirek\/2607-ideiglenes_forgalmirend_valtozas_dobogokoi_ut\" target=\"_blank\" rel=\"noopener\"><span style=\"text-decoration: underline; color: #0000ff;\">\u00f6nkorm\u00e1nyzat t\u00e1j\u00e9koztat\u00e1sa szerint<\/span><\/a> a Dobog\u00f3k\u0151i \u00fat \u00c1chim Andr\u00e1s utca \u00e9s Ter\u00e9zia utca k\u00f6z\u00f6tti szakasz\u00e1t \u2013 vagyis a k\u00e9t k\u00f6rforgalom k\u00f6z\u00f6tti r\u00e9szt \u2013 2026. j\u00falius 9-\u00e9n (cs\u00fct\u00f6rt\u00f6k) 9:00 \u00f3r\u00e1t\u00f3l j\u00falius 11-\u00e9n (szombat) 17:00 \u00f3r\u00e1ig teljes sz\u00e9less\u00e9g\u00e9ben lez\u00e1rj\u00e1k.<\/p>\n<p>A korl\u00e1toz\u00e1s a k\u00f6rforgalom-fejleszt\u00e9s II. \u00fctem\u00e9hez kapcsol\u00f3d\u00f3 csatorn\u00e1z\u00e1si munk\u00e1latok miatt v\u00e1lik sz\u00fcks\u00e9gess\u00e9. A lez\u00e1r\u00e1s idej\u00e9n az \u00e9rintett \u00fatszakaszon nem lehet \u00e1thaladni, ez\u00e9rt a k\u00f6zleked\u0151knek \u00e9rdemes el\u0151re megtervezni\u00fck \u00fatvonalukat \u00e9s sz\u00fcks\u00e9g eset\u00e9n ker\u00fcl\u0151utat v\u00e1lasztaniuk.<\/p>\n<p>Az \u00f6nkorm\u00e1nyzat a munk\u00e1latok idej\u00e9re a lakoss\u00e1g \u00e9s a g\u00e9pj\u00e1rm\u0171vezet\u0151k t\u00fcrelm\u00e9t, meg\u00e9rt\u00e9s\u00e9t, valamint fokozott figyelm\u00e9t k\u00e9ri.<\/p>\n<p><img fetchpriority=\"high\" decoding=\"async\" class=\"alignnone size-full wp-image-81835\" src=\"https:\/\/dorogimedence.hu\/wp-content\/uploads\/2026\/07\/Dobogokoi-zaras_2_page-0001-scaled.jpg\" alt=\"\" width=\"2560\" height=\"1395\" srcset=\"https:\/\/dorogimedence.hu\/wp-content\/uploads\/2026\/07\/Dobogokoi-zaras_2_page-0001-scaled.jpg 2560w, https:\/\/dorogimedence.hu\/wp-content\/uploads\/2026\/07\/Dobogokoi-zaras_2_page-0001-600x327.jpg 600w, https:\/\/dorogimedence.hu\/wp-content\/uploads\/2026\/07\/Dobogokoi-zaras_2_page-0001-1920x1046.jpg 1920w, https:\/\/dorogimedence.hu\/wp-content\/uploads\/2026\/07\/Dobogokoi-zaras_2_page-0001-768x419.jpg 768w, https:\/\/dorogimedence.hu\/wp-content\/uploads\/2026\/07\/Dobogokoi-zaras_2_page-0001-1536x837.jpg 1536w, https:\/\/dorogimedence.hu\/wp-content\/uploads\/2026\/07\/Dobogokoi-zaras_2_page-0001-2048x1116.jpg 2048w, https:\/\/dorogimedence.hu\/wp-content\/uploads\/2026\/07\/Dobogokoi-zaras_2_page-0001-150x82.jpg 150w, https:\/\/dorogimedence.hu\/wp-content\/uploads\/2026\/07\/Dobogokoi-zaras_2_page-0001-450x245.jpg 450w, https:\/\/dorogimedence.hu\/wp-content\/uploads\/2026\/07\/Dobogokoi-zaras_2_page-0001-1200x654.jpg 1200w\" sizes=\"(max-width: 2560px) 100vw, 2560px\" \/><\/p>\n<p><em>Forr\u00e1s: esztergom.hu<\/em><\/p>\n","protected":false},"excerpt":{"rendered":"<p>Ideiglenes forgalmirend-v\u00e1ltoz\u00e1sra kell sz\u00e1m\u00edtani Esztergomban a Dobog\u00f3k\u0151i \u00faton, ahol a k\u00f6rforgalom-\u00e9p\u00edt\u00e9s m\u00e1sodik \u00fctem\u00e9hez kapcsol\u00f3d\u00f3 csatorn\u00e1z\u00e1si munk\u00e1latok miatt teljes \u00fatlez\u00e1r\u00e1st vezetnek be. Az \u00f6nkorm\u00e1nyzat t\u00e1j\u00e9koztat\u00e1sa szerint a Dobog\u00f3k\u0151i \u00fat \u00c1chim Andr\u00e1s utca \u00e9s Ter\u00e9zia utca k\u00f6z\u00f6tti szakasz\u00e1t \u2013 vagyis a k\u00e9t k\u00f6rforgalom k\u00f6z\u00f6tti r\u00e9szt \u2013 2026. j\u00falius 9-\u00e9n (cs\u00fct\u00f6rt\u00f6k) 9:00 \u00f3r\u00e1t\u00f3l j\u00falius 11-\u00e9n (szombat) 17:00 \u00f3r\u00e1ig<\/p>\n","protected":false},"author":1,"featured_media":46913,"comment_status":"closed","ping_status":"closed","sticky":false,"template":"","format":"standard","meta":{"ngg_post_thumbnail":0,"footnotes":""},"categories":[38,3],"tags":[42,6081,738],"class_list":["post-81834","post","type-post","status-publish","format-standard","has-post-thumbnail","category-esztergom","category-hirek","tag-esztergom","tag-forgalmirend-valtozas","tag-forgalomkorlatozas"],"yoast_head":"<!-- This site is optimized with the Yoast SEO plugin v28.3 - https:\/\/yoast.com\/product\/yoast-seo-wordpress\/ -->\n<title>Lez\u00e1rj\u00e1k a Dobog\u00f3k\u0151i \u00fat egy szakasz\u00e1t Esztergomban<\/title>\n<meta name=\"robots\" content=\"index, follow, max-snippet:-1, max-image-preview:large, max-video-preview:-1\" \/>\n<link rel=\"canonical\" href=\"https:\/\/dorogimedence.hu\/index.php\/2026\/07\/07\/lezarjak-a-dobogokoi-ut-egy-szakaszat-esztergomban\/\" class=\"yoast-seo-meta-tag\" \/>\n<meta property=\"og:locale\" content=\"hu_HU\" class=\"yoast-seo-meta-tag\" \/>\n<meta property=\"og:type\" content=\"article\" class=\"yoast-seo-meta-tag\" \/>\n<meta property=\"og:title\" content=\"Lez\u00e1rj\u00e1k a Dobog\u00f3k\u0151i \u00fat egy szakasz\u00e1t Esztergomban\" class=\"yoast-seo-meta-tag\" \/>\n<meta property=\"og:description\" content=\"Ideiglenes forgalmirend-v\u00e1ltoz\u00e1sra kell sz\u00e1m\u00edtani Esztergomban a Dobog\u00f3k\u0151i \u00faton, ahol a k\u00f6rforgalom-\u00e9p\u00edt\u00e9s m\u00e1sodik \u00fctem\u00e9hez kapcsol\u00f3d\u00f3 csatorn\u00e1z\u00e1si munk\u00e1latok miatt teljes \u00fatlez\u00e1r\u00e1st vezetnek be. Az \u00f6nkorm\u00e1nyzat t\u00e1j\u00e9koztat\u00e1sa szerint a Dobog\u00f3k\u0151i \u00fat \u00c1chim Andr\u00e1s utca \u00e9s Ter\u00e9zia utca k\u00f6z\u00f6tti szakasz\u00e1t \u2013 vagyis a k\u00e9t k\u00f6rforgalom k\u00f6z\u00f6tti r\u00e9szt \u2013 2026. j\u00falius 9-\u00e9n (cs\u00fct\u00f6rt\u00f6k) 9:00 \u00f3r\u00e1t\u00f3l j\u00falius 11-\u00e9n (szombat) 17:00 \u00f3r\u00e1ig\" class=\"yoast-seo-meta-tag\" \/>\n<meta property=\"og:url\" content=\"https:\/\/dorogimedence.hu\/index.php\/2026\/07\/07\/lezarjak-a-dobogokoi-ut-egy-szakaszat-esztergomban\/\" class=\"yoast-seo-meta-tag\" \/>\n<meta property=\"og:site_name\" content=\"Dorogi-medence Region\u00e1lis H\u00edrport\u00e1l\" class=\"yoast-seo-meta-tag\" \/>\n<meta property=\"article:publisher\" content=\"https:\/\/www.facebook.com\/dorogimedence\/\" class=\"yoast-seo-meta-tag\" \/>\n<meta property=\"article:published_time\" content=\"2026-07-07T08:27:14+00:00\" class=\"yoast-seo-meta-tag\" \/>\n<meta property=\"article:modified_time\" content=\"2026-07-07T08:28:05+00:00\" class=\"yoast-seo-meta-tag\" \/>\n<meta property=\"og:image\" content=\"https:\/\/dorogimedence.hu\/wp-content\/uploads\/2022\/09\/traffic_signs_g8657c2d28_1280.jpg\" class=\"yoast-seo-meta-tag\" \/>\n\t<meta property=\"og:image:width\" content=\"1280\" class=\"yoast-seo-meta-tag\" \/>\n\t<meta property=\"og:image:height\" content=\"905\" class=\"yoast-seo-meta-tag\" \/>\n\t<meta property=\"og:image:type\" content=\"image\/jpeg\" class=\"yoast-seo-meta-tag\" \/>\n<meta name=\"author\" content=\"dorogimedence.hu\" class=\"yoast-seo-meta-tag\" \/>\n<meta name=\"twitter:card\" content=\"summary_large_image\" class=\"yoast-seo-meta-tag\" \/>\n<meta name=\"twitter:label1\" content=\"Szerz\u0151:\" class=\"yoast-seo-meta-tag\" \/>\n\t<meta name=\"twitter:data1\" content=\"dorogimedence.hu\" class=\"yoast-seo-meta-tag\" \/>\n\t<meta name=\"twitter:label2\" content=\"Becs\u00fclt olvas\u00e1si id\u0151\" class=\"yoast-seo-meta-tag\" \/>\n\t<meta name=\"twitter:data2\" content=\"1 perc\" class=\"yoast-seo-meta-tag\" \/>\n<script type=\"application\/ld+json\" class=\"yoast-schema-graph\">{\"@context\":\"https:\\\/\\\/schema.org\",\"@graph\":[{\"@type\":\"Article\",\"@id\":\"https:\\\/\\\/dorogimedence.hu\\\/index.php\\\/2026\\\/07\\\/07\\\/lezarjak-a-dobogokoi-ut-egy-szakaszat-esztergomban\\\/#article\",\"isPartOf\":{\"@id\":\"https:\\\/\\\/dorogimedence.hu\\\/index.php\\\/2026\\\/07\\\/07\\\/lezarjak-a-dobogokoi-ut-egy-szakaszat-esztergomban\\\/\"},\"author\":{\"name\":\"dorogimedence.hu\",\"@id\":\"https:\\\/\\\/dorogimedence.hu\\\/#\\\/schema\\\/person\\\/ce6091eeb7e95ecdc87890d6aa8e0fd4\"},\"headline\":\"Lez\u00e1rj\u00e1k a Dobog\u00f3k\u0151i \u00fat egy szakasz\u00e1t Esztergomban\",\"datePublished\":\"2026-07-07T08:27:14+00:00\",\"dateModified\":\"2026-07-07T08:28:05+00:00\",\"mainEntityOfPage\":{\"@id\":\"https:\\\/\\\/dorogimedence.hu\\\/index.php\\\/2026\\\/07\\\/07\\\/lezarjak-a-dobogokoi-ut-egy-szakaszat-esztergomban\\\/\"},\"wordCount\":208,\"publisher\":{\"@id\":\"https:\\\/\\\/dorogimedence.hu\\\/#organization\"},\"image\":{\"@id\":\"https:\\\/\\\/dorogimedence.hu\\\/index.php\\\/2026\\\/07\\\/07\\\/lezarjak-a-dobogokoi-ut-egy-szakaszat-esztergomban\\\/#primaryimage\"},\"thumbnailUrl\":\"https:\\\/\\\/dorogimedence.hu\\\/wp-content\\\/uploads\\\/2022\\\/09\\\/traffic_signs_g8657c2d28_1280.jpg\",\"keywords\":[\"esztergom\",\"forgalmirend-v\u00e1ltoz\u00e1s\",\"forgalomkorl\u00e1toz\u00e1s\"],\"articleSection\":[\"Esztergom\",\"H\u00edrek\"],\"inLanguage\":\"hu\"},{\"@type\":\"WebPage\",\"@id\":\"https:\\\/\\\/dorogimedence.hu\\\/index.php\\\/2026\\\/07\\\/07\\\/lezarjak-a-dobogokoi-ut-egy-szakaszat-esztergomban\\\/\",\"url\":\"https:\\\/\\\/dorogimedence.hu\\\/index.php\\\/2026\\\/07\\\/07\\\/lezarjak-a-dobogokoi-ut-egy-szakaszat-esztergomban\\\/\",\"name\":\"Lez\u00e1rj\u00e1k a Dobog\u00f3k\u0151i \u00fat egy szakasz\u00e1t Esztergomban\",\"isPartOf\":{\"@id\":\"https:\\\/\\\/dorogimedence.hu\\\/#website\"},\"primaryImageOfPage\":{\"@id\":\"https:\\\/\\\/dorogimedence.hu\\\/index.php\\\/2026\\\/07\\\/07\\\/lezarjak-a-dobogokoi-ut-egy-szakaszat-esztergomban\\\/#primaryimage\"},\"image\":{\"@id\":\"https:\\\/\\\/dorogimedence.hu\\\/index.php\\\/2026\\\/07\\\/07\\\/lezarjak-a-dobogokoi-ut-egy-szakaszat-esztergomban\\\/#primaryimage\"},\"thumbnailUrl\":\"https:\\\/\\\/dorogimedence.hu\\\/wp-content\\\/uploads\\\/2022\\\/09\\\/traffic_signs_g8657c2d28_1280.jpg\",\"datePublished\":\"2026-07-07T08:27:14+00:00\",\"dateModified\":\"2026-07-07T08:28:05+00:00\",\"breadcrumb\":{\"@id\":\"https:\\\/\\\/dorogimedence.hu\\\/index.php\\\/2026\\\/07\\\/07\\\/lezarjak-a-dobogokoi-ut-egy-szakaszat-esztergomban\\\/#breadcrumb\"},\"inLanguage\":\"hu\",\"potentialAction\":[{\"@type\":\"ReadAction\",\"target\":[\"https:\\\/\\\/dorogimedence.hu\\\/index.php\\\/2026\\\/07\\\/07\\\/lezarjak-a-dobogokoi-ut-egy-szakaszat-esztergomban\\\/\"]}]},{\"@type\":\"ImageObject\",\"inLanguage\":\"hu\",\"@id\":\"https:\\\/\\\/dorogimedence.hu\\\/index.php\\\/2026\\\/07\\\/07\\\/lezarjak-a-dobogokoi-ut-egy-szakaszat-esztergomban\\\/#primaryimage\",\"url\":\"https:\\\/\\\/dorogimedence.hu\\\/wp-content\\\/uploads\\\/2022\\\/09\\\/traffic_signs_g8657c2d28_1280.jpg\",\"contentUrl\":\"https:\\\/\\\/dorogimedence.hu\\\/wp-content\\\/uploads\\\/2022\\\/09\\\/traffic_signs_g8657c2d28_1280.jpg\",\"width\":1280,\"height\":905},{\"@type\":\"BreadcrumbList\",\"@id\":\"https:\\\/\\\/dorogimedence.hu\\\/index.php\\\/2026\\\/07\\\/07\\\/lezarjak-a-dobogokoi-ut-egy-szakaszat-esztergomban\\\/#breadcrumb\",\"itemListElement\":[{\"@type\":\"ListItem\",\"position\":1,\"name\":\"Kezd\u0151lap\",\"item\":\"https:\\\/\\\/dorogimedence.hu\\\/\"},{\"@type\":\"ListItem\",\"position\":2,\"name\":\"Lez\u00e1rj\u00e1k a Dobog\u00f3k\u0151i \u00fat egy szakasz\u00e1t Esztergomban\"}]},{\"@type\":\"WebSite\",\"@id\":\"https:\\\/\\\/dorogimedence.hu\\\/#website\",\"url\":\"https:\\\/\\\/dorogimedence.hu\\\/\",\"name\":\"Dorogi-medence Region\u00e1lis H\u00edrport\u00e1l\",\"description\":\"Dorog, Keszt\u00f6lc, Le\u00e1nyv\u00e1r, Piliscs\u00e9v, Tokod, Tokodalt\u00e1r\u00f3, Csolnok, Esztergom-kertv\u00e1ros: h\u00edrek, programok\",\"publisher\":{\"@id\":\"https:\\\/\\\/dorogimedence.hu\\\/#organization\"},\"potentialAction\":[{\"@type\":\"SearchAction\",\"target\":{\"@type\":\"EntryPoint\",\"urlTemplate\":\"https:\\\/\\\/dorogimedence.hu\\\/?s={search_term_string}\"},\"query-input\":{\"@type\":\"PropertyValueSpecification\",\"valueRequired\":true,\"valueName\":\"search_term_string\"}}],\"inLanguage\":\"hu\"},{\"@type\":\"Organization\",\"@id\":\"https:\\\/\\\/dorogimedence.hu\\\/#organization\",\"name\":\"Dorogi-medence Region\u00e1lis H\u00edrport\u00e1l\",\"url\":\"https:\\\/\\\/dorogimedence.hu\\\/\",\"logo\":{\"@type\":\"ImageObject\",\"inLanguage\":\"hu\",\"@id\":\"https:\\\/\\\/dorogimedence.hu\\\/#\\\/schema\\\/logo\\\/image\\\/\",\"url\":\"https:\\\/\\\/dorogimedence.hu\\\/wp-content\\\/uploads\\\/2021\\\/04\\\/logo-feher-600.png\",\"contentUrl\":\"https:\\\/\\\/dorogimedence.hu\\\/wp-content\\\/uploads\\\/2021\\\/04\\\/logo-feher-600.png\",\"width\":600,\"height\":100,\"caption\":\"Dorogi-medence Region\u00e1lis H\u00edrport\u00e1l\"},\"image\":{\"@id\":\"https:\\\/\\\/dorogimedence.hu\\\/#\\\/schema\\\/logo\\\/image\\\/\"},\"sameAs\":[\"https:\\\/\\\/www.facebook.com\\\/dorogimedence\\\/\"]},{\"@type\":\"Person\",\"@id\":\"https:\\\/\\\/dorogimedence.hu\\\/#\\\/schema\\\/person\\\/ce6091eeb7e95ecdc87890d6aa8e0fd4\",\"name\":\"dorogimedence.hu\",\"image\":{\"@type\":\"ImageObject\",\"inLanguage\":\"hu\",\"@id\":\"\\\/\\\/www.gravatar.com\\\/avatar\\\/d8d45f8901aadff40a4af72c0b826f1d?s=96&#038;r=g&#038;d=mm\",\"url\":\"\\\/\\\/www.gravatar.com\\\/avatar\\\/d8d45f8901aadff40a4af72c0b826f1d?s=96&#038;r=g&#038;d=mm\",\"contentUrl\":\"\\\/\\\/www.gravatar.com\\\/avatar\\\/d8d45f8901aadff40a4af72c0b826f1d?s=96&#038;r=g&#038;d=mm\",\"caption\":\"dorogimedence.hu\"}}]}<\/script>\n<!-- \/ Yoast SEO plugin. -->","yoast_head_json":{"title":"Lez\u00e1rj\u00e1k a Dobog\u00f3k\u0151i \u00fat egy szakasz\u00e1t Esztergomban","robots":{"index":"index","follow":"follow","max-snippet":"max-snippet:-1","max-image-preview":"max-image-preview:large","max-video-preview":"max-video-preview:-1"},"canonical":"https:\/\/dorogimedence.hu\/index.php\/2026\/07\/07\/lezarjak-a-dobogokoi-ut-egy-szakaszat-esztergomban\/","og_locale":"hu_HU","og_type":"article","og_title":"Lez\u00e1rj\u00e1k a Dobog\u00f3k\u0151i \u00fat egy szakasz\u00e1t Esztergomban","og_description":"Ideiglenes forgalmirend-v\u00e1ltoz\u00e1sra kell sz\u00e1m\u00edtani Esztergomban a Dobog\u00f3k\u0151i \u00faton, ahol a k\u00f6rforgalom-\u00e9p\u00edt\u00e9s m\u00e1sodik \u00fctem\u00e9hez kapcsol\u00f3d\u00f3 csatorn\u00e1z\u00e1si munk\u00e1latok miatt teljes \u00fatlez\u00e1r\u00e1st vezetnek be. Az \u00f6nkorm\u00e1nyzat t\u00e1j\u00e9koztat\u00e1sa szerint a Dobog\u00f3k\u0151i \u00fat \u00c1chim Andr\u00e1s utca \u00e9s Ter\u00e9zia utca k\u00f6z\u00f6tti szakasz\u00e1t \u2013 vagyis a k\u00e9t k\u00f6rforgalom k\u00f6z\u00f6tti r\u00e9szt \u2013 2026. j\u00falius 9-\u00e9n (cs\u00fct\u00f6rt\u00f6k) 9:00 \u00f3r\u00e1t\u00f3l j\u00falius 11-\u00e9n (szombat) 17:00 \u00f3r\u00e1ig","og_url":"https:\/\/dorogimedence.hu\/index.php\/2026\/07\/07\/lezarjak-a-dobogokoi-ut-egy-szakaszat-esztergomban\/","og_site_name":"Dorogi-medence Region\u00e1lis H\u00edrport\u00e1l","article_publisher":"https:\/\/www.facebook.com\/dorogimedence\/","article_published_time":"2026-07-07T08:27:14+00:00","article_modified_time":"2026-07-07T08:28:05+00:00","og_image":[{"width":1280,"height":905,"url":"https:\/\/dorogimedence.hu\/wp-content\/uploads\/2022\/09\/traffic_signs_g8657c2d28_1280.jpg","type":"image\/jpeg"}],"author":"dorogimedence.hu","twitter_card":"summary_large_image","twitter_misc":{"Szerz\u0151:":"dorogimedence.hu","Becs\u00fclt olvas\u00e1si id\u0151":"1 perc"},"schema":{"@context":"https:\/\/schema.org","@graph":[{"@type":"Article","@id":"https:\/\/dorogimedence.hu\/index.php\/2026\/07\/07\/lezarjak-a-dobogokoi-ut-egy-szakaszat-esztergomban\/#article","isPartOf":{"@id":"https:\/\/dorogimedence.hu\/index.php\/2026\/07\/07\/lezarjak-a-dobogokoi-ut-egy-szakaszat-esztergomban\/"},"author":{"name":"dorogimedence.hu","@id":"https:\/\/dorogimedence.hu\/#\/schema\/person\/ce6091eeb7e95ecdc87890d6aa8e0fd4"},"headline":"Lez\u00e1rj\u00e1k a Dobog\u00f3k\u0151i \u00fat egy szakasz\u00e1t Esztergomban","datePublished":"2026-07-07T08:27:14+00:00","dateModified":"2026-07-07T08:28:05+00:00","mainEntityOfPage":{"@id":"https:\/\/dorogimedence.hu\/index.php\/2026\/07\/07\/lezarjak-a-dobogokoi-ut-egy-szakaszat-esztergomban\/"},"wordCount":208,"publisher":{"@id":"https:\/\/dorogimedence.hu\/#organization"},"image":{"@id":"https:\/\/dorogimedence.hu\/index.php\/2026\/07\/07\/lezarjak-a-dobogokoi-ut-egy-szakaszat-esztergomban\/#primaryimage"},"thumbnailUrl":"https:\/\/dorogimedence.hu\/wp-content\/uploads\/2022\/09\/traffic_signs_g8657c2d28_1280.jpg","keywords":["esztergom","forgalmirend-v\u00e1ltoz\u00e1s","forgalomkorl\u00e1toz\u00e1s"],"articleSection":["Esztergom","H\u00edrek"],"inLanguage":"hu"},{"@type":"WebPage","@id":"https:\/\/dorogimedence.hu\/index.php\/2026\/07\/07\/lezarjak-a-dobogokoi-ut-egy-szakaszat-esztergomban\/","url":"https:\/\/dorogimedence.hu\/index.php\/2026\/07\/07\/lezarjak-a-dobogokoi-ut-egy-szakaszat-esztergomban\/","name":"Lez\u00e1rj\u00e1k a Dobog\u00f3k\u0151i \u00fat egy szakasz\u00e1t Esztergomban","isPartOf":{"@id":"https:\/\/dorogimedence.hu\/#website"},"primaryImageOfPage":{"@id":"https:\/\/dorogimedence.hu\/index.php\/2026\/07\/07\/lezarjak-a-dobogokoi-ut-egy-szakaszat-esztergomban\/#primaryimage"},"image":{"@id":"https:\/\/dorogimedence.hu\/index.php\/2026\/07\/07\/lezarjak-a-dobogokoi-ut-egy-szakaszat-esztergomban\/#primaryimage"},"thumbnailUrl":"https:\/\/dorogimedence.hu\/wp-content\/uploads\/2022\/09\/traffic_signs_g8657c2d28_1280.jpg","datePublished":"2026-07-07T08:27:14+00:00","dateModified":"2026-07-07T08:28:05+00:00","breadcrumb":{"@id":"https:\/\/dorogimedence.hu\/index.php\/2026\/07\/07\/lezarjak-a-dobogokoi-ut-egy-szakaszat-esztergomban\/#breadcrumb"},"inLanguage":"hu","potentialAction":[{"@type":"ReadAction","target":["https:\/\/dorogimedence.hu\/index.php\/2026\/07\/07\/lezarjak-a-dobogokoi-ut-egy-szakaszat-esztergomban\/"]}]},{"@type":"ImageObject","inLanguage":"hu","@id":"https:\/\/dorogimedence.hu\/index.php\/2026\/07\/07\/lezarjak-a-dobogokoi-ut-egy-szakaszat-esztergomban\/#primaryimage","url":"https:\/\/dorogimedence.hu\/wp-content\/uploads\/2022\/09\/traffic_signs_g8657c2d28_1280.jpg","contentUrl":"https:\/\/dorogimedence.hu\/wp-content\/uploads\/2022\/09\/traffic_signs_g8657c2d28_1280.jpg","width":1280,"height":905},{"@type":"BreadcrumbList","@id":"https:\/\/dorogimedence.hu\/index.php\/2026\/07\/07\/lezarjak-a-dobogokoi-ut-egy-szakaszat-esztergomban\/#breadcrumb","itemListElement":[{"@type":"ListItem","position":1,"name":"Kezd\u0151lap","item":"https:\/\/dorogimedence.hu\/"},{"@type":"ListItem","position":2,"name":"Lez\u00e1rj\u00e1k a Dobog\u00f3k\u0151i \u00fat egy szakasz\u00e1t Esztergomban"}]},{"@type":"WebSite","@id":"https:\/\/dorogimedence.hu\/#website","url":"https:\/\/dorogimedence.hu\/","name":"Dorogi-medence Region\u00e1lis H\u00edrport\u00e1l","description":"Dorog, Keszt\u00f6lc, Le\u00e1nyv\u00e1r, Piliscs\u00e9v, Tokod, Tokodalt\u00e1r\u00f3, Csolnok, Esztergom-kertv\u00e1ros: h\u00edrek, programok","publisher":{"@id":"https:\/\/dorogimedence.hu\/#organization"},"potentialAction":[{"@type":"SearchAction","target":{"@type":"EntryPoint","urlTemplate":"https:\/\/dorogimedence.hu\/?s={search_term_string}"},"query-input":{"@type":"PropertyValueSpecification","valueRequired":true,"valueName":"search_term_string"}}],"inLanguage":"hu"},{"@type":"Organization","@id":"https:\/\/dorogimedence.hu\/#organization","name":"Dorogi-medence Region\u00e1lis H\u00edrport\u00e1l","url":"https:\/\/dorogimedence.hu\/","logo":{"@type":"ImageObject","inLanguage":"hu","@id":"https:\/\/dorogimedence.hu\/#\/schema\/logo\/image\/","url":"https:\/\/dorogimedence.hu\/wp-content\/uploads\/2021\/04\/logo-feher-600.png","contentUrl":"https:\/\/dorogimedence.hu\/wp-content\/uploads\/2021\/04\/logo-feher-600.png","width":600,"height":100,"caption":"Dorogi-medence Region\u00e1lis H\u00edrport\u00e1l"},"image":{"@id":"https:\/\/dorogimedence.hu\/#\/schema\/logo\/image\/"},"sameAs":["https:\/\/www.facebook.com\/dorogimedence\/"]},{"@type":"Person","@id":"https:\/\/dorogimedence.hu\/#\/schema\/person\/ce6091eeb7e95ecdc87890d6aa8e0fd4","name":"dorogimedence.hu","image":{"@type":"ImageObject","inLanguage":"hu","@id":"\/\/www.gravatar.com\/avatar\/d8d45f8901aadff40a4af72c0b826f1d?s=96&#038;r=g&#038;d=mm","url":"\/\/www.gravatar.com\/avatar\/d8d45f8901aadff40a4af72c0b826f1d?s=96&#038;r=g&#038;d=mm","contentUrl":"\/\/www.gravatar.com\/avatar\/d8d45f8901aadff40a4af72c0b826f1d?s=96&#038;r=g&#038;d=mm","caption":"dorogimedence.hu"}}]}},"_links":{"self":[{"href":"https:\/\/dorogimedence.hu\/index.php\/wp-json\/wp\/v2\/posts\/81834","targetHints":{"allow":["GET"]}}],"collection":[{"href":"https:\/\/dorogimedence.hu\/index.php\/wp-json\/wp\/v2\/posts"}],"about":[{"href":"https:\/\/dorogimedence.hu\/index.php\/wp-json\/wp\/v2\/types\/post"}],"author":[{"embeddable":true,"href":"https:\/\/dorogimedence.hu\/index.php\/wp-json\/wp\/v2\/users\/1"}],"replies":[{"embeddable":true,"href":"https:\/\/dorogimedence.hu\/index.php\/wp-json\/wp\/v2\/comments?post=81834"}],"version-history":[{"count":1,"href":"https:\/\/dorogimedence.hu\/index.php\/wp-json\/wp\/v2\/posts\/81834\/revisions"}],"predecessor-version":[{"id":81836,"href":"https:\/\/dorogimedence.hu\/index.php\/wp-json\/wp\/v2\/posts\/81834\/revisions\/81836"}],"wp:featuredmedia":[{"embeddable":true,"href":"https:\/\/dorogimedence.hu\/index.php\/wp-json\/wp\/v2\/media\/46913"}],"wp:attachment":[{"href":"https:\/\/dorogimedence.hu\/index.php\/wp-json\/wp\/v2\/media?parent=81834"}],"wp:term":[{"taxonomy":"category","embeddable":true,"href":"https:\/\/dorogimedence.hu\/index.php\/wp-json\/wp\/v2\/categories?post=81834"},{"taxonomy":"post_tag","embeddable":true,"href":"https:\/\/dorogimedence.hu\/index.php\/wp-json\/wp\/v2\/tags?post=81834"}],"curies":[{"name":"wp","href":"https:\/\/api.w.org\/{rel}","templated":true}]}}