{"id":81778,"date":"2026-07-04T09:50:27","date_gmt":"2026-07-04T07:50:27","guid":{"rendered":"https:\/\/dorogimedence.hu\/?p=81778"},"modified":"2026-07-04T09:52:35","modified_gmt":"2026-07-04T07:52:35","slug":"forgalomkorlatozas-lep-eletbe-a-deak-ferenc-utcaban-esztergomban","status":"publish","type":"post","link":"https:\/\/dorogimedence.hu\/index.php\/2026\/07\/04\/forgalomkorlatozas-lep-eletbe-a-deak-ferenc-utcaban-esztergomban\/","title":{"rendered":"Forgalomkorl\u00e1toz\u00e1s l\u00e9p \u00e9letbe a De\u00e1k Ferenc utc\u00e1ban Esztergomban"},"content":{"rendered":"<p><strong>J\u00falius 6-t\u00f3l ideiglenes forgalomkorl\u00e1toz\u00e1sra kell sz\u00e1m\u00edtani Esztergom belv\u00e1ros\u00e1ban, a De\u00e1k Ferenc utca \u00c1rok utca \u00e9s P\u00f3r Antal t\u00e9r k\u00f6z\u00f6tti szakasz\u00e1n. Az int\u00e9zked\u00e9s az elektromos k\u00f6zm\u0171kiv\u00e1lt\u00e1si \u00e9s k\u00f6zvil\u00e1g\u00edt\u00e1si fel\u00faj\u00edt\u00e1si munk\u00e1latok miatt v\u00e1lik sz\u00fcks\u00e9gess\u00e9.<\/strong><\/p>\n<p>Az Esztergom Megyei Jog\u00fa V\u00e1ros \u00d6nkorm\u00e1nyzata <a href=\"https:\/\/esztergom.hu\/hirek\/2603-forgalomkorlatozas_a_deak_ferenc_utcaban_arok_utca_por_antal_ter\" target=\"_blank\" rel=\"noopener\"><span style=\"text-decoration: underline; color: #0000ff;\">t\u00e1j\u00e9koztat\u00e1sa szerint<\/span><\/a> az \u201eEsztergom, De\u00e1k Ferenc utca 0,4 kV-os szabadvezet\u00e9k kiv\u00e1lt\u00e1sa \u00e9s k\u00f6zvil\u00e1g\u00edt\u00e1s fel\u00faj\u00edt\u00e1sa\u201d projekt keret\u00e9ben zajl\u00f3 kivitelez\u00e9s idej\u00e9n az utca jelenlegi forgalmi rendje nem v\u00e1ltozik, vagyis tov\u00e1bbra is egyir\u00e1ny\u00fa marad.<\/p>\n<p>A munk\u00e1latok biztons\u00e1gos elv\u00e9gz\u00e9se \u00e9s az \u00e1tmen\u0151 forgalom cs\u00f6kkent\u00e9se \u00e9rdek\u00e9ben azonban az utca mindk\u00e9t v\u00e9g\u00e9n \u201eMindk\u00e9t ir\u00e1nyb\u00f3l behajtani tilos\u201d jelz\u0151t\u00e1bl\u00e1t helyeznek ki \u201eKiv\u00e9ve c\u00e9lforgalom\u201d kieg\u00e9sz\u00edt\u0151 t\u00e1bl\u00e1val.<\/p>\n<p>Ez azt jelenti, hogy az \u00e9rintett \u00fatszakaszra kiz\u00e1r\u00f3lag azok hajthatnak be, akiknek ott lak\u00f3hely\u00fck van, oda tartanak, vagy egy\u00e9b indokolt \u00fcgyet int\u00e9znek.<\/p>\n<p>A forgalomkorl\u00e1toz\u00e1s v\u00e1rhat\u00f3an 2026. j\u00falius 6-t\u00f3l szeptember 30-ig lesz \u00e9rv\u00e9nyben.<\/p>\n<p>Az \u00f6nkorm\u00e1nyzat a k\u00f6zleked\u0151k t\u00fcrelm\u00e9t \u00e9s meg\u00e9rt\u00e9s\u00e9t k\u00e9ri a kivitelez\u00e9s ideje alatt, valamint arra k\u00e9ri az aut\u00f3sokat \u00e9s a gyalogosokat, hogy fokozott figyelemmel k\u00f6zlekedjenek az \u00e9rintett \u00fatszakaszon.<\/p>\n<p><img fetchpriority=\"high\" decoding=\"async\" class=\"alignnone size-full wp-image-81779\" src=\"https:\/\/dorogimedence.hu\/wp-content\/uploads\/2026\/07\/Deak_page-0001-scaled.jpg\" alt=\"\" width=\"2560\" height=\"1435\" srcset=\"https:\/\/dorogimedence.hu\/wp-content\/uploads\/2026\/07\/Deak_page-0001-scaled.jpg 2560w, https:\/\/dorogimedence.hu\/wp-content\/uploads\/2026\/07\/Deak_page-0001-600x336.jpg 600w, https:\/\/dorogimedence.hu\/wp-content\/uploads\/2026\/07\/Deak_page-0001-1920x1077.jpg 1920w, https:\/\/dorogimedence.hu\/wp-content\/uploads\/2026\/07\/Deak_page-0001-768x431.jpg 768w, https:\/\/dorogimedence.hu\/wp-content\/uploads\/2026\/07\/Deak_page-0001-1536x861.jpg 1536w, https:\/\/dorogimedence.hu\/wp-content\/uploads\/2026\/07\/Deak_page-0001-2048x1148.jpg 2048w, https:\/\/dorogimedence.hu\/wp-content\/uploads\/2026\/07\/Deak_page-0001-150x84.jpg 150w, https:\/\/dorogimedence.hu\/wp-content\/uploads\/2026\/07\/Deak_page-0001-450x252.jpg 450w, https:\/\/dorogimedence.hu\/wp-content\/uploads\/2026\/07\/Deak_page-0001-1200x673.jpg 1200w\" sizes=\"(max-width: 2560px) 100vw, 2560px\" \/><\/p>\n<p><em>Forr\u00e1s: esztergom.hu<\/em><\/p>\n","protected":false},"excerpt":{"rendered":"<p>J\u00falius 6-t\u00f3l ideiglenes forgalomkorl\u00e1toz\u00e1sra kell sz\u00e1m\u00edtani Esztergom belv\u00e1ros\u00e1ban, a De\u00e1k Ferenc utca \u00c1rok utca \u00e9s P\u00f3r Antal t\u00e9r k\u00f6z\u00f6tti szakasz\u00e1n. Az int\u00e9zked\u00e9s az elektromos k\u00f6zm\u0171kiv\u00e1lt\u00e1si \u00e9s k\u00f6zvil\u00e1g\u00edt\u00e1si fel\u00faj\u00edt\u00e1si munk\u00e1latok miatt v\u00e1lik sz\u00fcks\u00e9gess\u00e9. Az Esztergom Megyei Jog\u00fa V\u00e1ros \u00d6nkorm\u00e1nyzata t\u00e1j\u00e9koztat\u00e1sa szerint az \u201eEsztergom, De\u00e1k Ferenc utca 0,4 kV-os szabadvezet\u00e9k kiv\u00e1lt\u00e1sa \u00e9s k\u00f6zvil\u00e1g\u00edt\u00e1s fel\u00faj\u00edt\u00e1sa\u201d projekt keret\u00e9ben zajl\u00f3<\/p>\n","protected":false},"author":1,"featured_media":46913,"comment_status":"closed","ping_status":"closed","sticky":false,"template":"","format":"standard","meta":{"ngg_post_thumbnail":0,"footnotes":""},"categories":[38,3],"tags":[42,6081,738],"class_list":["post-81778","post","type-post","status-publish","format-standard","has-post-thumbnail","category-esztergom","category-hirek","tag-esztergom","tag-forgalmirend-valtozas","tag-forgalomkorlatozas"],"yoast_head":"<!-- This site is optimized with the Yoast SEO plugin v28.3 - https:\/\/yoast.com\/product\/yoast-seo-wordpress\/ -->\n<title>Forgalomkorl\u00e1toz\u00e1s l\u00e9p \u00e9letbe a De\u00e1k Ferenc utc\u00e1ban Esztergomban<\/title>\n<meta name=\"robots\" content=\"index, follow, max-snippet:-1, max-image-preview:large, max-video-preview:-1\" \/>\n<link rel=\"canonical\" href=\"https:\/\/dorogimedence.hu\/index.php\/2026\/07\/04\/forgalomkorlatozas-lep-eletbe-a-deak-ferenc-utcaban-esztergomban\/\" class=\"yoast-seo-meta-tag\" \/>\n<meta property=\"og:locale\" content=\"hu_HU\" class=\"yoast-seo-meta-tag\" \/>\n<meta property=\"og:type\" content=\"article\" class=\"yoast-seo-meta-tag\" \/>\n<meta property=\"og:title\" content=\"Forgalomkorl\u00e1toz\u00e1s l\u00e9p \u00e9letbe a De\u00e1k Ferenc utc\u00e1ban Esztergomban\" class=\"yoast-seo-meta-tag\" \/>\n<meta property=\"og:description\" content=\"J\u00falius 6-t\u00f3l ideiglenes forgalomkorl\u00e1toz\u00e1sra kell sz\u00e1m\u00edtani Esztergom belv\u00e1ros\u00e1ban, a De\u00e1k Ferenc utca \u00c1rok utca \u00e9s P\u00f3r Antal t\u00e9r k\u00f6z\u00f6tti szakasz\u00e1n. Az int\u00e9zked\u00e9s az elektromos k\u00f6zm\u0171kiv\u00e1lt\u00e1si \u00e9s k\u00f6zvil\u00e1g\u00edt\u00e1si fel\u00faj\u00edt\u00e1si munk\u00e1latok miatt v\u00e1lik sz\u00fcks\u00e9gess\u00e9. Az Esztergom Megyei Jog\u00fa V\u00e1ros \u00d6nkorm\u00e1nyzata t\u00e1j\u00e9koztat\u00e1sa szerint az \u201eEsztergom, De\u00e1k Ferenc utca 0,4 kV-os szabadvezet\u00e9k kiv\u00e1lt\u00e1sa \u00e9s k\u00f6zvil\u00e1g\u00edt\u00e1s fel\u00faj\u00edt\u00e1sa\u201d projekt keret\u00e9ben zajl\u00f3\" class=\"yoast-seo-meta-tag\" \/>\n<meta property=\"og:url\" content=\"https:\/\/dorogimedence.hu\/index.php\/2026\/07\/04\/forgalomkorlatozas-lep-eletbe-a-deak-ferenc-utcaban-esztergomban\/\" class=\"yoast-seo-meta-tag\" \/>\n<meta property=\"og:site_name\" content=\"Dorogi-medence Region\u00e1lis H\u00edrport\u00e1l\" class=\"yoast-seo-meta-tag\" \/>\n<meta property=\"article:publisher\" content=\"https:\/\/www.facebook.com\/dorogimedence\/\" class=\"yoast-seo-meta-tag\" \/>\n<meta property=\"article:published_time\" content=\"2026-07-04T07:50:27+00:00\" class=\"yoast-seo-meta-tag\" \/>\n<meta property=\"article:modified_time\" content=\"2026-07-04T07:52:35+00:00\" class=\"yoast-seo-meta-tag\" \/>\n<meta property=\"og:image\" content=\"https:\/\/dorogimedence.hu\/wp-content\/uploads\/2022\/09\/traffic_signs_g8657c2d28_1280.jpg\" class=\"yoast-seo-meta-tag\" \/>\n\t<meta property=\"og:image:width\" content=\"1280\" class=\"yoast-seo-meta-tag\" \/>\n\t<meta property=\"og:image:height\" content=\"905\" class=\"yoast-seo-meta-tag\" \/>\n\t<meta property=\"og:image:type\" content=\"image\/jpeg\" class=\"yoast-seo-meta-tag\" \/>\n<meta name=\"author\" content=\"dorogimedence.hu\" class=\"yoast-seo-meta-tag\" \/>\n<meta name=\"twitter:card\" content=\"summary_large_image\" class=\"yoast-seo-meta-tag\" \/>\n<meta name=\"twitter:label1\" content=\"Szerz\u0151:\" class=\"yoast-seo-meta-tag\" \/>\n\t<meta name=\"twitter:data1\" content=\"dorogimedence.hu\" class=\"yoast-seo-meta-tag\" \/>\n\t<meta name=\"twitter:label2\" content=\"Becs\u00fclt olvas\u00e1si id\u0151\" class=\"yoast-seo-meta-tag\" \/>\n\t<meta name=\"twitter:data2\" content=\"1 perc\" class=\"yoast-seo-meta-tag\" \/>\n<script type=\"application\/ld+json\" class=\"yoast-schema-graph\">{\"@context\":\"https:\\\/\\\/schema.org\",\"@graph\":[{\"@type\":\"Article\",\"@id\":\"https:\\\/\\\/dorogimedence.hu\\\/index.php\\\/2026\\\/07\\\/04\\\/forgalomkorlatozas-lep-eletbe-a-deak-ferenc-utcaban-esztergomban\\\/#article\",\"isPartOf\":{\"@id\":\"https:\\\/\\\/dorogimedence.hu\\\/index.php\\\/2026\\\/07\\\/04\\\/forgalomkorlatozas-lep-eletbe-a-deak-ferenc-utcaban-esztergomban\\\/\"},\"author\":{\"name\":\"dorogimedence.hu\",\"@id\":\"https:\\\/\\\/dorogimedence.hu\\\/#\\\/schema\\\/person\\\/ce6091eeb7e95ecdc87890d6aa8e0fd4\"},\"headline\":\"Forgalomkorl\u00e1toz\u00e1s l\u00e9p \u00e9letbe a De\u00e1k Ferenc utc\u00e1ban Esztergomban\",\"datePublished\":\"2026-07-04T07:50:27+00:00\",\"dateModified\":\"2026-07-04T07:52:35+00:00\",\"mainEntityOfPage\":{\"@id\":\"https:\\\/\\\/dorogimedence.hu\\\/index.php\\\/2026\\\/07\\\/04\\\/forgalomkorlatozas-lep-eletbe-a-deak-ferenc-utcaban-esztergomban\\\/\"},\"wordCount\":270,\"publisher\":{\"@id\":\"https:\\\/\\\/dorogimedence.hu\\\/#organization\"},\"image\":{\"@id\":\"https:\\\/\\\/dorogimedence.hu\\\/index.php\\\/2026\\\/07\\\/04\\\/forgalomkorlatozas-lep-eletbe-a-deak-ferenc-utcaban-esztergomban\\\/#primaryimage\"},\"thumbnailUrl\":\"https:\\\/\\\/dorogimedence.hu\\\/wp-content\\\/uploads\\\/2022\\\/09\\\/traffic_signs_g8657c2d28_1280.jpg\",\"keywords\":[\"esztergom\",\"forgalmirend-v\u00e1ltoz\u00e1s\",\"forgalomkorl\u00e1toz\u00e1s\"],\"articleSection\":[\"Esztergom\",\"H\u00edrek\"],\"inLanguage\":\"hu\"},{\"@type\":\"WebPage\",\"@id\":\"https:\\\/\\\/dorogimedence.hu\\\/index.php\\\/2026\\\/07\\\/04\\\/forgalomkorlatozas-lep-eletbe-a-deak-ferenc-utcaban-esztergomban\\\/\",\"url\":\"https:\\\/\\\/dorogimedence.hu\\\/index.php\\\/2026\\\/07\\\/04\\\/forgalomkorlatozas-lep-eletbe-a-deak-ferenc-utcaban-esztergomban\\\/\",\"name\":\"Forgalomkorl\u00e1toz\u00e1s l\u00e9p \u00e9letbe a De\u00e1k Ferenc utc\u00e1ban Esztergomban\",\"isPartOf\":{\"@id\":\"https:\\\/\\\/dorogimedence.hu\\\/#website\"},\"primaryImageOfPage\":{\"@id\":\"https:\\\/\\\/dorogimedence.hu\\\/index.php\\\/2026\\\/07\\\/04\\\/forgalomkorlatozas-lep-eletbe-a-deak-ferenc-utcaban-esztergomban\\\/#primaryimage\"},\"image\":{\"@id\":\"https:\\\/\\\/dorogimedence.hu\\\/index.php\\\/2026\\\/07\\\/04\\\/forgalomkorlatozas-lep-eletbe-a-deak-ferenc-utcaban-esztergomban\\\/#primaryimage\"},\"thumbnailUrl\":\"https:\\\/\\\/dorogimedence.hu\\\/wp-content\\\/uploads\\\/2022\\\/09\\\/traffic_signs_g8657c2d28_1280.jpg\",\"datePublished\":\"2026-07-04T07:50:27+00:00\",\"dateModified\":\"2026-07-04T07:52:35+00:00\",\"breadcrumb\":{\"@id\":\"https:\\\/\\\/dorogimedence.hu\\\/index.php\\\/2026\\\/07\\\/04\\\/forgalomkorlatozas-lep-eletbe-a-deak-ferenc-utcaban-esztergomban\\\/#breadcrumb\"},\"inLanguage\":\"hu\",\"potentialAction\":[{\"@type\":\"ReadAction\",\"target\":[\"https:\\\/\\\/dorogimedence.hu\\\/index.php\\\/2026\\\/07\\\/04\\\/forgalomkorlatozas-lep-eletbe-a-deak-ferenc-utcaban-esztergomban\\\/\"]}]},{\"@type\":\"ImageObject\",\"inLanguage\":\"hu\",\"@id\":\"https:\\\/\\\/dorogimedence.hu\\\/index.php\\\/2026\\\/07\\\/04\\\/forgalomkorlatozas-lep-eletbe-a-deak-ferenc-utcaban-esztergomban\\\/#primaryimage\",\"url\":\"https:\\\/\\\/dorogimedence.hu\\\/wp-content\\\/uploads\\\/2022\\\/09\\\/traffic_signs_g8657c2d28_1280.jpg\",\"contentUrl\":\"https:\\\/\\\/dorogimedence.hu\\\/wp-content\\\/uploads\\\/2022\\\/09\\\/traffic_signs_g8657c2d28_1280.jpg\",\"width\":1280,\"height\":905},{\"@type\":\"BreadcrumbList\",\"@id\":\"https:\\\/\\\/dorogimedence.hu\\\/index.php\\\/2026\\\/07\\\/04\\\/forgalomkorlatozas-lep-eletbe-a-deak-ferenc-utcaban-esztergomban\\\/#breadcrumb\",\"itemListElement\":[{\"@type\":\"ListItem\",\"position\":1,\"name\":\"Kezd\u0151lap\",\"item\":\"https:\\\/\\\/dorogimedence.hu\\\/\"},{\"@type\":\"ListItem\",\"position\":2,\"name\":\"Forgalomkorl\u00e1toz\u00e1s l\u00e9p \u00e9letbe a De\u00e1k Ferenc utc\u00e1ban Esztergomban\"}]},{\"@type\":\"WebSite\",\"@id\":\"https:\\\/\\\/dorogimedence.hu\\\/#website\",\"url\":\"https:\\\/\\\/dorogimedence.hu\\\/\",\"name\":\"Dorogi-medence Region\u00e1lis H\u00edrport\u00e1l\",\"description\":\"Dorog, Keszt\u00f6lc, Le\u00e1nyv\u00e1r, Piliscs\u00e9v, Tokod, Tokodalt\u00e1r\u00f3, Csolnok, Esztergom-kertv\u00e1ros: h\u00edrek, programok\",\"publisher\":{\"@id\":\"https:\\\/\\\/dorogimedence.hu\\\/#organization\"},\"potentialAction\":[{\"@type\":\"SearchAction\",\"target\":{\"@type\":\"EntryPoint\",\"urlTemplate\":\"https:\\\/\\\/dorogimedence.hu\\\/?s={search_term_string}\"},\"query-input\":{\"@type\":\"PropertyValueSpecification\",\"valueRequired\":true,\"valueName\":\"search_term_string\"}}],\"inLanguage\":\"hu\"},{\"@type\":\"Organization\",\"@id\":\"https:\\\/\\\/dorogimedence.hu\\\/#organization\",\"name\":\"Dorogi-medence Region\u00e1lis H\u00edrport\u00e1l\",\"url\":\"https:\\\/\\\/dorogimedence.hu\\\/\",\"logo\":{\"@type\":\"ImageObject\",\"inLanguage\":\"hu\",\"@id\":\"https:\\\/\\\/dorogimedence.hu\\\/#\\\/schema\\\/logo\\\/image\\\/\",\"url\":\"https:\\\/\\\/dorogimedence.hu\\\/wp-content\\\/uploads\\\/2021\\\/04\\\/logo-feher-600.png\",\"contentUrl\":\"https:\\\/\\\/dorogimedence.hu\\\/wp-content\\\/uploads\\\/2021\\\/04\\\/logo-feher-600.png\",\"width\":600,\"height\":100,\"caption\":\"Dorogi-medence Region\u00e1lis H\u00edrport\u00e1l\"},\"image\":{\"@id\":\"https:\\\/\\\/dorogimedence.hu\\\/#\\\/schema\\\/logo\\\/image\\\/\"},\"sameAs\":[\"https:\\\/\\\/www.facebook.com\\\/dorogimedence\\\/\"]},{\"@type\":\"Person\",\"@id\":\"https:\\\/\\\/dorogimedence.hu\\\/#\\\/schema\\\/person\\\/ce6091eeb7e95ecdc87890d6aa8e0fd4\",\"name\":\"dorogimedence.hu\",\"image\":{\"@type\":\"ImageObject\",\"inLanguage\":\"hu\",\"@id\":\"\\\/\\\/www.gravatar.com\\\/avatar\\\/d8d45f8901aadff40a4af72c0b826f1d?s=96&#038;r=g&#038;d=mm\",\"url\":\"\\\/\\\/www.gravatar.com\\\/avatar\\\/d8d45f8901aadff40a4af72c0b826f1d?s=96&#038;r=g&#038;d=mm\",\"contentUrl\":\"\\\/\\\/www.gravatar.com\\\/avatar\\\/d8d45f8901aadff40a4af72c0b826f1d?s=96&#038;r=g&#038;d=mm\",\"caption\":\"dorogimedence.hu\"}}]}<\/script>\n<!-- \/ Yoast SEO plugin. -->","yoast_head_json":{"title":"Forgalomkorl\u00e1toz\u00e1s l\u00e9p \u00e9letbe a De\u00e1k Ferenc utc\u00e1ban Esztergomban","robots":{"index":"index","follow":"follow","max-snippet":"max-snippet:-1","max-image-preview":"max-image-preview:large","max-video-preview":"max-video-preview:-1"},"canonical":"https:\/\/dorogimedence.hu\/index.php\/2026\/07\/04\/forgalomkorlatozas-lep-eletbe-a-deak-ferenc-utcaban-esztergomban\/","og_locale":"hu_HU","og_type":"article","og_title":"Forgalomkorl\u00e1toz\u00e1s l\u00e9p \u00e9letbe a De\u00e1k Ferenc utc\u00e1ban Esztergomban","og_description":"J\u00falius 6-t\u00f3l ideiglenes forgalomkorl\u00e1toz\u00e1sra kell sz\u00e1m\u00edtani Esztergom belv\u00e1ros\u00e1ban, a De\u00e1k Ferenc utca \u00c1rok utca \u00e9s P\u00f3r Antal t\u00e9r k\u00f6z\u00f6tti szakasz\u00e1n. Az int\u00e9zked\u00e9s az elektromos k\u00f6zm\u0171kiv\u00e1lt\u00e1si \u00e9s k\u00f6zvil\u00e1g\u00edt\u00e1si fel\u00faj\u00edt\u00e1si munk\u00e1latok miatt v\u00e1lik sz\u00fcks\u00e9gess\u00e9. Az Esztergom Megyei Jog\u00fa V\u00e1ros \u00d6nkorm\u00e1nyzata t\u00e1j\u00e9koztat\u00e1sa szerint az \u201eEsztergom, De\u00e1k Ferenc utca 0,4 kV-os szabadvezet\u00e9k kiv\u00e1lt\u00e1sa \u00e9s k\u00f6zvil\u00e1g\u00edt\u00e1s fel\u00faj\u00edt\u00e1sa\u201d projekt keret\u00e9ben zajl\u00f3","og_url":"https:\/\/dorogimedence.hu\/index.php\/2026\/07\/04\/forgalomkorlatozas-lep-eletbe-a-deak-ferenc-utcaban-esztergomban\/","og_site_name":"Dorogi-medence Region\u00e1lis H\u00edrport\u00e1l","article_publisher":"https:\/\/www.facebook.com\/dorogimedence\/","article_published_time":"2026-07-04T07:50:27+00:00","article_modified_time":"2026-07-04T07:52:35+00:00","og_image":[{"width":1280,"height":905,"url":"https:\/\/dorogimedence.hu\/wp-content\/uploads\/2022\/09\/traffic_signs_g8657c2d28_1280.jpg","type":"image\/jpeg"}],"author":"dorogimedence.hu","twitter_card":"summary_large_image","twitter_misc":{"Szerz\u0151:":"dorogimedence.hu","Becs\u00fclt olvas\u00e1si id\u0151":"1 perc"},"schema":{"@context":"https:\/\/schema.org","@graph":[{"@type":"Article","@id":"https:\/\/dorogimedence.hu\/index.php\/2026\/07\/04\/forgalomkorlatozas-lep-eletbe-a-deak-ferenc-utcaban-esztergomban\/#article","isPartOf":{"@id":"https:\/\/dorogimedence.hu\/index.php\/2026\/07\/04\/forgalomkorlatozas-lep-eletbe-a-deak-ferenc-utcaban-esztergomban\/"},"author":{"name":"dorogimedence.hu","@id":"https:\/\/dorogimedence.hu\/#\/schema\/person\/ce6091eeb7e95ecdc87890d6aa8e0fd4"},"headline":"Forgalomkorl\u00e1toz\u00e1s l\u00e9p \u00e9letbe a De\u00e1k Ferenc utc\u00e1ban Esztergomban","datePublished":"2026-07-04T07:50:27+00:00","dateModified":"2026-07-04T07:52:35+00:00","mainEntityOfPage":{"@id":"https:\/\/dorogimedence.hu\/index.php\/2026\/07\/04\/forgalomkorlatozas-lep-eletbe-a-deak-ferenc-utcaban-esztergomban\/"},"wordCount":270,"publisher":{"@id":"https:\/\/dorogimedence.hu\/#organization"},"image":{"@id":"https:\/\/dorogimedence.hu\/index.php\/2026\/07\/04\/forgalomkorlatozas-lep-eletbe-a-deak-ferenc-utcaban-esztergomban\/#primaryimage"},"thumbnailUrl":"https:\/\/dorogimedence.hu\/wp-content\/uploads\/2022\/09\/traffic_signs_g8657c2d28_1280.jpg","keywords":["esztergom","forgalmirend-v\u00e1ltoz\u00e1s","forgalomkorl\u00e1toz\u00e1s"],"articleSection":["Esztergom","H\u00edrek"],"inLanguage":"hu"},{"@type":"WebPage","@id":"https:\/\/dorogimedence.hu\/index.php\/2026\/07\/04\/forgalomkorlatozas-lep-eletbe-a-deak-ferenc-utcaban-esztergomban\/","url":"https:\/\/dorogimedence.hu\/index.php\/2026\/07\/04\/forgalomkorlatozas-lep-eletbe-a-deak-ferenc-utcaban-esztergomban\/","name":"Forgalomkorl\u00e1toz\u00e1s l\u00e9p \u00e9letbe a De\u00e1k Ferenc utc\u00e1ban Esztergomban","isPartOf":{"@id":"https:\/\/dorogimedence.hu\/#website"},"primaryImageOfPage":{"@id":"https:\/\/dorogimedence.hu\/index.php\/2026\/07\/04\/forgalomkorlatozas-lep-eletbe-a-deak-ferenc-utcaban-esztergomban\/#primaryimage"},"image":{"@id":"https:\/\/dorogimedence.hu\/index.php\/2026\/07\/04\/forgalomkorlatozas-lep-eletbe-a-deak-ferenc-utcaban-esztergomban\/#primaryimage"},"thumbnailUrl":"https:\/\/dorogimedence.hu\/wp-content\/uploads\/2022\/09\/traffic_signs_g8657c2d28_1280.jpg","datePublished":"2026-07-04T07:50:27+00:00","dateModified":"2026-07-04T07:52:35+00:00","breadcrumb":{"@id":"https:\/\/dorogimedence.hu\/index.php\/2026\/07\/04\/forgalomkorlatozas-lep-eletbe-a-deak-ferenc-utcaban-esztergomban\/#breadcrumb"},"inLanguage":"hu","potentialAction":[{"@type":"ReadAction","target":["https:\/\/dorogimedence.hu\/index.php\/2026\/07\/04\/forgalomkorlatozas-lep-eletbe-a-deak-ferenc-utcaban-esztergomban\/"]}]},{"@type":"ImageObject","inLanguage":"hu","@id":"https:\/\/dorogimedence.hu\/index.php\/2026\/07\/04\/forgalomkorlatozas-lep-eletbe-a-deak-ferenc-utcaban-esztergomban\/#primaryimage","url":"https:\/\/dorogimedence.hu\/wp-content\/uploads\/2022\/09\/traffic_signs_g8657c2d28_1280.jpg","contentUrl":"https:\/\/dorogimedence.hu\/wp-content\/uploads\/2022\/09\/traffic_signs_g8657c2d28_1280.jpg","width":1280,"height":905},{"@type":"BreadcrumbList","@id":"https:\/\/dorogimedence.hu\/index.php\/2026\/07\/04\/forgalomkorlatozas-lep-eletbe-a-deak-ferenc-utcaban-esztergomban\/#breadcrumb","itemListElement":[{"@type":"ListItem","position":1,"name":"Kezd\u0151lap","item":"https:\/\/dorogimedence.hu\/"},{"@type":"ListItem","position":2,"name":"Forgalomkorl\u00e1toz\u00e1s l\u00e9p \u00e9letbe a De\u00e1k Ferenc utc\u00e1ban Esztergomban"}]},{"@type":"WebSite","@id":"https:\/\/dorogimedence.hu\/#website","url":"https:\/\/dorogimedence.hu\/","name":"Dorogi-medence Region\u00e1lis H\u00edrport\u00e1l","description":"Dorog, Keszt\u00f6lc, Le\u00e1nyv\u00e1r, Piliscs\u00e9v, Tokod, Tokodalt\u00e1r\u00f3, Csolnok, Esztergom-kertv\u00e1ros: h\u00edrek, programok","publisher":{"@id":"https:\/\/dorogimedence.hu\/#organization"},"potentialAction":[{"@type":"SearchAction","target":{"@type":"EntryPoint","urlTemplate":"https:\/\/dorogimedence.hu\/?s={search_term_string}"},"query-input":{"@type":"PropertyValueSpecification","valueRequired":true,"valueName":"search_term_string"}}],"inLanguage":"hu"},{"@type":"Organization","@id":"https:\/\/dorogimedence.hu\/#organization","name":"Dorogi-medence Region\u00e1lis H\u00edrport\u00e1l","url":"https:\/\/dorogimedence.hu\/","logo":{"@type":"ImageObject","inLanguage":"hu","@id":"https:\/\/dorogimedence.hu\/#\/schema\/logo\/image\/","url":"https:\/\/dorogimedence.hu\/wp-content\/uploads\/2021\/04\/logo-feher-600.png","contentUrl":"https:\/\/dorogimedence.hu\/wp-content\/uploads\/2021\/04\/logo-feher-600.png","width":600,"height":100,"caption":"Dorogi-medence Region\u00e1lis H\u00edrport\u00e1l"},"image":{"@id":"https:\/\/dorogimedence.hu\/#\/schema\/logo\/image\/"},"sameAs":["https:\/\/www.facebook.com\/dorogimedence\/"]},{"@type":"Person","@id":"https:\/\/dorogimedence.hu\/#\/schema\/person\/ce6091eeb7e95ecdc87890d6aa8e0fd4","name":"dorogimedence.hu","image":{"@type":"ImageObject","inLanguage":"hu","@id":"\/\/www.gravatar.com\/avatar\/d8d45f8901aadff40a4af72c0b826f1d?s=96&#038;r=g&#038;d=mm","url":"\/\/www.gravatar.com\/avatar\/d8d45f8901aadff40a4af72c0b826f1d?s=96&#038;r=g&#038;d=mm","contentUrl":"\/\/www.gravatar.com\/avatar\/d8d45f8901aadff40a4af72c0b826f1d?s=96&#038;r=g&#038;d=mm","caption":"dorogimedence.hu"}}]}},"_links":{"self":[{"href":"https:\/\/dorogimedence.hu\/index.php\/wp-json\/wp\/v2\/posts\/81778","targetHints":{"allow":["GET"]}}],"collection":[{"href":"https:\/\/dorogimedence.hu\/index.php\/wp-json\/wp\/v2\/posts"}],"about":[{"href":"https:\/\/dorogimedence.hu\/index.php\/wp-json\/wp\/v2\/types\/post"}],"author":[{"embeddable":true,"href":"https:\/\/dorogimedence.hu\/index.php\/wp-json\/wp\/v2\/users\/1"}],"replies":[{"embeddable":true,"href":"https:\/\/dorogimedence.hu\/index.php\/wp-json\/wp\/v2\/comments?post=81778"}],"version-history":[{"count":1,"href":"https:\/\/dorogimedence.hu\/index.php\/wp-json\/wp\/v2\/posts\/81778\/revisions"}],"predecessor-version":[{"id":81780,"href":"https:\/\/dorogimedence.hu\/index.php\/wp-json\/wp\/v2\/posts\/81778\/revisions\/81780"}],"wp:featuredmedia":[{"embeddable":true,"href":"https:\/\/dorogimedence.hu\/index.php\/wp-json\/wp\/v2\/media\/46913"}],"wp:attachment":[{"href":"https:\/\/dorogimedence.hu\/index.php\/wp-json\/wp\/v2\/media?parent=81778"}],"wp:term":[{"taxonomy":"category","embeddable":true,"href":"https:\/\/dorogimedence.hu\/index.php\/wp-json\/wp\/v2\/categories?post=81778"},{"taxonomy":"post_tag","embeddable":true,"href":"https:\/\/dorogimedence.hu\/index.php\/wp-json\/wp\/v2\/tags?post=81778"}],"curies":[{"name":"wp","href":"https:\/\/api.w.org\/{rel}","templated":true}]}}