{"id":81752,"date":"2026-07-03T08:59:34","date_gmt":"2026-07-03T06:59:34","guid":{"rendered":"https:\/\/dorogimedence.hu\/?p=81752"},"modified":"2026-07-03T09:00:42","modified_gmt":"2026-07-03T07:00:42","slug":"meghoditjak-a-vilagot-az-esztergomi-zongorista-dalai","status":"publish","type":"post","link":"https:\/\/dorogimedence.hu\/index.php\/2026\/07\/03\/meghoditjak-a-vilagot-az-esztergomi-zongorista-dalai\/","title":{"rendered":"Megh\u00f3d\u00edtj\u00e1k a vil\u00e1got az esztergomi zongorista dalai"},"content":{"rendered":"<p><strong>&#8222;A love that learned to wait&#8221; \u2013 ezzel a c\u00edmmel jelenik meg hamarosan Moldov\u00e1n Noel leg\u00fajabb albuma, a c\u00edmv\u00e1laszt\u00e1s alapj\u00e1n pedig joggal mondhatjuk, hogy \u00e9rzelmek t\u00f6bb fronton is \u00e1tsz\u00f6vik majd a dallamokat. A fiatal esztergomi zongorista dalai egyre n\u00e9pszer\u0171bbek, glob\u00e1lisan m\u00e1r 5,9 milli\u00f3 lej\u00e1tsz\u00e1sn\u00e1l j\u00e1rnak.<\/strong><\/p>\n<p><span style=\"color: #ff0000;\"><em>\u2013 P\u00e1lyafut\u00e1sod sz\u00e9pen \u00edvel felfel\u00e9, akik k\u00f6vetnek t\u00e9ged a k\u00fcl\u00f6nb\u00f6z\u0151 zenestreamel\u0151 platformokon, azok folyamatosan \u00faj dalokat hallhatnak t\u0151led. Kijelenthetj\u00fck, hogy beindult a karriered?<\/em><\/span><\/p>\n<p>\u2013 Sokkal nagyobb terveim vannak a zen\u00e9vel kapcsolatban, mint ahol jelenleg tartok. Nyilv\u00e1n a mostani sikereimnek is \u00f6r\u00fcl\u00f6k \u00e9s ez egy motiv\u00e1ci\u00f3 saj\u00e1t magamnak, hogy van j\u00f6v\u0151m a zeneiparban. A saj\u00e1t \u00e1lmaim megval\u00f3s\u00edt\u00e1s\u00e1\u00e9rt ez m\u00e9g csak a kezdet \u00e9s enn\u00e9l sokkal t\u00f6bbre v\u00e1gyok, sokkal t\u00f6bbet szeretn\u00e9k el\u00e9rni.<\/p>\n<p><span style=\"color: #ff0000;\"><em>\u2013 November v\u00e9g\u00e9n jelent meg az els\u0151 EP-d \u0150sz c\u00edmmel, ami h\u00e1rom dalt tartalmazott. Mi\u00e9rt pont az \u0151szi h\u00f3napok inspir\u00e1ltak arra, hogy kiadj egy k\u00f6z\u00e9plemezt?<\/em><\/span><\/p>\n<p>\u2013 Az \u0150sz az a h\u00f3nap nekem, ami a v\u00e1ltoz\u00e1st \u00e9s a m\u00fal\u00e1st szimboliz\u00e1lja, ez a k\u00e9t &#8222;t\u00e9ma&#8221; sz\u00e1momra t\u00f6k\u00e9letes arra, hogy kreativit\u00e1st mer\u00edtsek bel\u0151l\u00fck.<\/p>\n<p><span style=\"color: #ff0000;\"><em>\u2013 Milyen visszajelz\u00e9seket kapt\u00e1l a rajong\u00f3kt\u00f3l?<\/em><\/span><\/p>\n<p>\u2013 Mindenf\u00e9lek\u00e9ppen pozit\u00edv visszajelz\u00e9seket, a Hideg \u00c9jszak\u00e1k vide\u00f3klipje k\u00fcl\u00f6n\u00f6sen tetszett az embereknek!<\/p>\n<p><iframe title=\"Hideg \u00c9jszak\u00e1k - Moldov\u00e1n Noel (Official Music Video)\" width=\"755\" height=\"425\" src=\"https:\/\/www.youtube.com\/embed\/lM8g-xK8XlY?feature=oembed\" frameborder=\"0\" allow=\"accelerometer; autoplay; clipboard-write; encrypted-media; gyroscope; picture-in-picture; web-share\" referrerpolicy=\"strict-origin-when-cross-origin\" allowfullscreen><\/iframe><\/p>\n<p>&nbsp;<\/p>\n<p><span style=\"color: #ff0000;\"><em>\u2013 \u0150sz ut\u00e1n j\u00f6tt a t\u00e9l, majd a tavasz. V\u00e1rhat\u00f3k \u00fajabb, \u00e9vszakokhoz k\u00f6t\u0151d\u0151 k\u00f6z\u00e9plemezek?<\/em><\/span><\/p>\n<p>\u2013 Igen, tervezek a j\u00f6v\u0151ben mind a n\u00e9gy \u00e9vszakhoz egy-egy EP-t ki adni, hogy meglegyen a teljes k\u00f6r.<\/p>\n<p><span style=\"color: #ff0000;\"><em>\u2013 N\u00e9mileg meglepett, de a TikTok-on egyszer \u00e9ppen az egyik dalodat hallottam egy vide\u00f3ban. Milyen gyakori, hogy a te dallamaidat v\u00e1lasztj\u00e1k a felhaszn\u00e1l\u00f3k h\u00e1tt\u00e9rzen\u00e9nek?<\/em><\/span><\/p>\n<p>\u2013 El\u0151sz\u00f6r engem is meglepett, hogy a k\u00f6z\u00f6ss\u00e9gi m\u00e9di\u00e1ban mennyien haszn\u00e1lj\u00e1k ak\u00e1r a feldolgoz\u00e1saimat, ak\u00e1r saj\u00e1t kompoz\u00edci\u00f3imat h\u00e1tt\u00e9rzen\u00e9nek, t\u00f6bb sz\u00e1z, de lehets\u00e9ges, hogy m\u00e1r t\u00f6bb mint ezer vide\u00f3 alatt hallhat\u00f3ak zen\u00e9im Tiktok-on vagy ak\u00e1r az Instagram-on is.<\/p>\n<p><span style=\"color: #ff0000;\"><em>\u2013 Melyik dalodat haszn\u00e1lt\u00e1k fel ily m\u00f3don a legt\u00f6bbsz\u00f6r a TikTok-on?<\/em><\/span><\/p>\n<p><strong>&nbsp;<\/strong>\u2013 Szerintem a &#8222;never meant to belong&#8221; feldolgoz\u00e1somat, vannak vide\u00f3k, amelyek milli\u00f3s megtekint\u00e9s\u0171ek \u00e9s ezt a dalt v\u00e1lasztott\u00e1k hozz\u00e1juk h\u00e1tt\u00e9rzen\u00e9nek.<\/p>\n<p><img fetchpriority=\"high\" decoding=\"async\" class=\"alignnone size-full wp-image-81753\" src=\"https:\/\/dorogimedence.hu\/wp-content\/uploads\/2026\/07\/borito2.jpg\" alt=\"\" width=\"2048\" height=\"2048\" srcset=\"https:\/\/dorogimedence.hu\/wp-content\/uploads\/2026\/07\/borito2.jpg 2048w, https:\/\/dorogimedence.hu\/wp-content\/uploads\/2026\/07\/borito2-600x600.jpg 600w, https:\/\/dorogimedence.hu\/wp-content\/uploads\/2026\/07\/borito2-1920x1920.jpg 1920w, https:\/\/dorogimedence.hu\/wp-content\/uploads\/2026\/07\/borito2-300x300.jpg 300w, https:\/\/dorogimedence.hu\/wp-content\/uploads\/2026\/07\/borito2-768x768.jpg 768w, https:\/\/dorogimedence.hu\/wp-content\/uploads\/2026\/07\/borito2-1536x1536.jpg 1536w, https:\/\/dorogimedence.hu\/wp-content\/uploads\/2026\/07\/borito2-150x150.jpg 150w, https:\/\/dorogimedence.hu\/wp-content\/uploads\/2026\/07\/borito2-450x450.jpg 450w, https:\/\/dorogimedence.hu\/wp-content\/uploads\/2026\/07\/borito2-1200x1200.jpg 1200w\" sizes=\"(max-width: 2048px) 100vw, 2048px\" \/><\/p>\n<p><span style=\"color: #ff0000;\"><em>\u2013 M\u00e1rciusban j\u00f6tt ki az eddigi utols\u00f3 kislemezed, az Across the Stars. A dal l\u00e1gyan indul, majd hangs\u00falyosabb, temperamentumosabb szakaszok is hallhat\u00f3k benne. Mit szimboliz\u00e1l ez a szerzem\u00e9ny?<\/em><\/span><\/p>\n<p>\u2013 Az &#8222;Across the Stars&#8221; egy olyan szerzem\u00e9ny, ami a csendes, t\u00f6r\u00e9keny pillanatokt\u00f3l eg\u00e9szen a heves, dr\u00e1mai cs\u00facspontokig vezeti el a hallgat\u00f3t. Sz\u00e1momra ez a fajta dinamikai v\u00e1lt\u00e1s szimboliz\u00e1lja azt, hogy egy \u00e9rzelem \u2013 legyen sz\u00f3 szerelemr\u0151l vagy b\u00e1rmilyen m\u00e9ly k\u00f6t\u0151d\u00e9sr\u0151l \u2013 sosem egyenes vonal\u00fa, hanem csendes pillanatokb\u00f3l \u00e9s heves kit\u00f6r\u00e9sekb\u0151l \u00e1ll \u00f6ssze.<\/p>\n<p><span style=\"color: #ff0000;\"><em>\u2013 Gondolt\u00e1l m\u00e1r arra, hogy az egyes dalokhoz illene egy-egy sz\u00f6veges ismertet\u0151t is \u00edrni? Hiszen nem mindenki \u00e9rtheti meg, hogy milyen \u00fczenetet, gondolatot k\u00edv\u00e1nsz \u00e1tadni a billenty\u0171k le\u00fct\u00e9s\u00e9vel. Vagy ink\u00e1bb hagyod, hogy mindenki a k\u00e9pzel\u0151erej\u00e9nek megfelel\u0151en saj\u00e1t gondolatot t\u00e1rs\u00edtson egy-egy zenem\u0171h\u00f6z?<\/em><\/span><\/p>\n<p>\u2013 A zene att\u00f3l gy\u00f6ny\u00f6r\u0171, hogy mindenki a saj\u00e1t sztorij\u00e1t bele tudja k\u00e9pzelni. Nem szeretn\u00e9k egy dalhoz k\u00f6telez\u0151en \u00e9n egy &#8222;\u00e9rz\u00e9st&#8221; k\u00f6tni, hagyom, hogy minden hallgat\u00f3 a saj\u00e1t \u00e9rz\u00e9seit k\u00f6sse a dalhoz, ez\u00e1ltal szabadon hagyva a k\u00e9pzel\u0151er\u0151t.<\/p>\n<p><span style=\"color: #ff0000;\"><em>\u2013 Glob\u00e1lisan 5,9 milli\u00f3 lej\u00e1tsz\u00e1sn\u00e1l j\u00e1rnak a dalaid. Ez soknak vagy kev\u00e9snek sz\u00e1m\u00edt?<\/em><\/span><\/p>\n<p>\u2013 Relat\u00edv szerintem soknak sz\u00e1m\u00edt. Ahhoz k\u00e9pest, hogy k\u00f6r\u00fclbel\u00fcl egy \u00e9ve \u00e9s n\u00e9gy h\u00f3napja kezdtem el felt\u00f6lteni streaming platformokra a zen\u00e9imet, boldog vagyok ezzel a sz\u00e1mmal. De ez m\u00e9g csak a kezdet.<\/p>\n<p><span style=\"color: #ff0000;\"><em>\u2013 Van, hogy jobban hallgatj\u00e1k a dalaidat, van, hogy kev\u00e9sb\u00e9, vagy ahogy haladunk el\u0151re, egyre k\u00f6nnyebben n\u00f6vekszik ez a sz\u00e1m?<\/em><\/span><\/p>\n<p>\u2013 Voltak h\u00f3napok, amikor milli\u00f3s t\u00f6meg hallgatta a zen\u00e9imet, de van olyan is, mikor &#8222;csak&#8221; sz\u00e1zezren, de id\u0151vel \u00e1ltal\u00e1ban n\u0151 ez a sz\u00e1m.<\/p>\n<p><span style=\"color: #ff0000;\"><em>\u2013 Ha j\u00f3l tudom, hosszabb ideje dolgozol egy albumon, ami \u201eA love that learned to wait\u201d c\u00edmet fogja viselni. A nev\u00e9b\u0151l ad\u00f3d\u00f3an puszt\u00e1n szerelmes dalok szerepelnek majd a kiadv\u00e1nyon?<\/em><\/span><\/p>\n<p>\u2013 Igen, m\u00e1r egy ideje dolgozom rajta. Mivel ez egy szerelmi t\u00f6rt\u00e9net f\u00e1zisait dolgozza fel, \u00e9s ez a t\u00f6rt\u00e9net k\u00f6zben az \u00e9letemben is alakult, form\u00e1l\u00f3dott, ez\u00e9rt az album is folyamatosan v\u00e1ltozott velem egy\u00fctt, ez\u00e9rt tart tov\u00e1bb, mint eredetileg terveztem. Nem mondan\u00e1m, hogy csak szerelmes dalok lesznek rajta, hanem maga egy szerelmes t\u00f6rt\u00e9netnek a k\u00fcl\u00f6n f\u00e1zisait\/\u00e9rz\u00e9seit szeretn\u00e9m egy albumba kov\u00e1csolni.<\/p>\n<p><img decoding=\"async\" class=\"alignnone size-full wp-image-81754\" src=\"https:\/\/dorogimedence.hu\/wp-content\/uploads\/2026\/07\/album.jpg\" alt=\"\" width=\"1400\" height=\"1400\" srcset=\"https:\/\/dorogimedence.hu\/wp-content\/uploads\/2026\/07\/album.jpg 1400w, https:\/\/dorogimedence.hu\/wp-content\/uploads\/2026\/07\/album-600x600.jpg 600w, https:\/\/dorogimedence.hu\/wp-content\/uploads\/2026\/07\/album-300x300.jpg 300w, https:\/\/dorogimedence.hu\/wp-content\/uploads\/2026\/07\/album-768x768.jpg 768w, https:\/\/dorogimedence.hu\/wp-content\/uploads\/2026\/07\/album-150x150.jpg 150w, https:\/\/dorogimedence.hu\/wp-content\/uploads\/2026\/07\/album-450x450.jpg 450w, https:\/\/dorogimedence.hu\/wp-content\/uploads\/2026\/07\/album-1200x1200.jpg 1200w\" sizes=\"(max-width: 1400px) 100vw, 1400px\" \/><\/p>\n<p><span style=\"color: #ff0000;\"><em>\u2013 Mikor jelenik meg az album \u00e9s hol lehet majd meghallgatni?<\/em><\/span><\/p>\n<p>\u2013 M\u00e9g ny\u00e1ron megtal\u00e1lhat\u00f3 lesz minden streaming platformon.<\/p>\n<p><span style=\"color: #ff0000;\"><em>\u2013 Mit v\u00e1rsz az \u00faj albumt\u00f3l?<\/em><\/span><\/p>\n<p>\u2013 Rem\u00e9lem, hogy sok ember fog tudni azonosulni azzal, amit ez az album fog sz\u00e1momra k\u00e9pviselni, hiszen ez az egyik legjobb visszajelz\u00e9s nekem, mint m\u0171v\u00e9sznek. Ez egy nagyon szem\u00e9lyes \u00e9s m\u00e9ly t\u00f6rt\u00e9net r\u00f3lam, \u00e9s rem\u00e9lem, hogy ezt siker\u00fcl \u00fagy \u00e1tadnom, ahogy \u00e9n is \u00e1t\u00e9ltem.<\/p>\n<p><span style=\"color: #ff0000;\"><em>\u2013 El\u00e9rkezett a ny\u00e1r, sz\u00e1m\u00edthatunk-e arra, hogy ak\u00e1r a Balaton partj\u00e1n, vagy egy eldugott kis f\u0151v\u00e1rosi hotelben hallhatunk t\u00e9ged zongor\u00e1zni? Tervezel fell\u00e9p\u00e9seket?<\/em><\/span><\/p>\n<p>\u2013 El\u00e9g sok tervem van a ny\u00e1rra, tervezek legink\u00e1bb Budapest preszt\u00edzs hoteljeiben mini koncerteket \u00e9s k\u00f6z\u00f6ss\u00e9gi m\u00e9di\u00e1ban komolyabban venni a zen\u00e9m prom\u00f3ci\u00f3j\u00e1t. Szint\u00fagy reptereken publikus zongor\u00e1kon j\u00e1tszani.<\/p>\n<p><em><strong>Walczer Patrik<\/strong><\/em><\/p>\n","protected":false},"excerpt":{"rendered":"<p>&#8222;A love that learned to wait&#8221; \u2013 ezzel a c\u00edmmel jelenik meg hamarosan Moldov\u00e1n Noel leg\u00fajabb albuma, a c\u00edmv\u00e1laszt\u00e1s alapj\u00e1n pedig joggal mondhatjuk, hogy \u00e9rzelmek t\u00f6bb fronton is \u00e1tsz\u00f6vik majd a dallamokat. A fiatal esztergomi zongorista dalai egyre n\u00e9pszer\u0171bbek, glob\u00e1lisan m\u00e1r 5,9 milli\u00f3 lej\u00e1tsz\u00e1sn\u00e1l j\u00e1rnak. \u2013 P\u00e1lyafut\u00e1sod sz\u00e9pen \u00edvel felfel\u00e9, akik k\u00f6vetnek t\u00e9ged a k\u00fcl\u00f6nb\u00f6z\u0151<\/p>\n","protected":false},"author":1,"featured_media":81755,"comment_status":"closed","ping_status":"closed","sticky":false,"template":"","format":"standard","meta":{"ngg_post_thumbnail":0,"footnotes":""},"categories":[38,3,6948],"tags":[42,5624,8493,107,6923],"class_list":["post-81752","post","type-post","status-publish","format-standard","has-post-thumbnail","category-esztergom","category-hirek","category-szines","tag-esztergom","tag-featured","tag-moldovan-noel","tag-zene","tag-zongora"],"yoast_head":"<!-- This site is optimized with the Yoast SEO plugin v28.3 - https:\/\/yoast.com\/product\/yoast-seo-wordpress\/ -->\n<title>Megh\u00f3d\u00edtj\u00e1k a vil\u00e1got az esztergomi zongorista dalai<\/title>\n<meta name=\"robots\" content=\"index, follow, max-snippet:-1, max-image-preview:large, max-video-preview:-1\" \/>\n<link rel=\"canonical\" href=\"https:\/\/dorogimedence.hu\/index.php\/2026\/07\/03\/meghoditjak-a-vilagot-az-esztergomi-zongorista-dalai\/\" class=\"yoast-seo-meta-tag\" \/>\n<meta property=\"og:locale\" content=\"hu_HU\" class=\"yoast-seo-meta-tag\" \/>\n<meta property=\"og:type\" content=\"article\" class=\"yoast-seo-meta-tag\" \/>\n<meta property=\"og:title\" content=\"Megh\u00f3d\u00edtj\u00e1k a vil\u00e1got az esztergomi zongorista dalai\" class=\"yoast-seo-meta-tag\" \/>\n<meta property=\"og:description\" content=\"&#8222;A love that learned to wait&#8221; \u2013 ezzel a c\u00edmmel jelenik meg hamarosan Moldov\u00e1n Noel leg\u00fajabb albuma, a c\u00edmv\u00e1laszt\u00e1s alapj\u00e1n pedig joggal mondhatjuk, hogy \u00e9rzelmek t\u00f6bb fronton is \u00e1tsz\u00f6vik majd a dallamokat. A fiatal esztergomi zongorista dalai egyre n\u00e9pszer\u0171bbek, glob\u00e1lisan m\u00e1r 5,9 milli\u00f3 lej\u00e1tsz\u00e1sn\u00e1l j\u00e1rnak. \u2013 P\u00e1lyafut\u00e1sod sz\u00e9pen \u00edvel felfel\u00e9, akik k\u00f6vetnek t\u00e9ged a k\u00fcl\u00f6nb\u00f6z\u0151\" class=\"yoast-seo-meta-tag\" \/>\n<meta property=\"og:url\" content=\"https:\/\/dorogimedence.hu\/index.php\/2026\/07\/03\/meghoditjak-a-vilagot-az-esztergomi-zongorista-dalai\/\" class=\"yoast-seo-meta-tag\" \/>\n<meta property=\"og:site_name\" content=\"Dorogi-medence Region\u00e1lis H\u00edrport\u00e1l\" class=\"yoast-seo-meta-tag\" \/>\n<meta property=\"article:publisher\" content=\"https:\/\/www.facebook.com\/dorogimedence\/\" class=\"yoast-seo-meta-tag\" \/>\n<meta property=\"article:published_time\" content=\"2026-07-03T06:59:34+00:00\" class=\"yoast-seo-meta-tag\" \/>\n<meta property=\"article:modified_time\" content=\"2026-07-03T07:00:42+00:00\" class=\"yoast-seo-meta-tag\" \/>\n<meta property=\"og:image\" content=\"https:\/\/dorogimedence.hu\/wp-content\/uploads\/2026\/07\/cikk-borito-01.jpg\" class=\"yoast-seo-meta-tag\" \/>\n\t<meta property=\"og:image:width\" content=\"1920\" class=\"yoast-seo-meta-tag\" \/>\n\t<meta property=\"og:image:height\" content=\"1160\" class=\"yoast-seo-meta-tag\" \/>\n\t<meta property=\"og:image:type\" content=\"image\/jpeg\" class=\"yoast-seo-meta-tag\" \/>\n<meta name=\"author\" content=\"dorogimedence.hu\" class=\"yoast-seo-meta-tag\" \/>\n<meta name=\"twitter:card\" content=\"summary_large_image\" class=\"yoast-seo-meta-tag\" \/>\n<meta name=\"twitter:label1\" content=\"Szerz\u0151:\" class=\"yoast-seo-meta-tag\" \/>\n\t<meta name=\"twitter:data1\" content=\"dorogimedence.hu\" class=\"yoast-seo-meta-tag\" \/>\n\t<meta name=\"twitter:label2\" content=\"Becs\u00fclt olvas\u00e1si id\u0151\" class=\"yoast-seo-meta-tag\" \/>\n\t<meta name=\"twitter:data2\" content=\"5 perc\" class=\"yoast-seo-meta-tag\" \/>\n<script type=\"application\/ld+json\" class=\"yoast-schema-graph\">{\"@context\":\"https:\\\/\\\/schema.org\",\"@graph\":[{\"@type\":\"Article\",\"@id\":\"https:\\\/\\\/dorogimedence.hu\\\/index.php\\\/2026\\\/07\\\/03\\\/meghoditjak-a-vilagot-az-esztergomi-zongorista-dalai\\\/#article\",\"isPartOf\":{\"@id\":\"https:\\\/\\\/dorogimedence.hu\\\/index.php\\\/2026\\\/07\\\/03\\\/meghoditjak-a-vilagot-az-esztergomi-zongorista-dalai\\\/\"},\"author\":{\"name\":\"dorogimedence.hu\",\"@id\":\"https:\\\/\\\/dorogimedence.hu\\\/#\\\/schema\\\/person\\\/ce6091eeb7e95ecdc87890d6aa8e0fd4\"},\"headline\":\"Megh\u00f3d\u00edtj\u00e1k a vil\u00e1got az esztergomi zongorista dalai\",\"datePublished\":\"2026-07-03T06:59:34+00:00\",\"dateModified\":\"2026-07-03T07:00:42+00:00\",\"mainEntityOfPage\":{\"@id\":\"https:\\\/\\\/dorogimedence.hu\\\/index.php\\\/2026\\\/07\\\/03\\\/meghoditjak-a-vilagot-az-esztergomi-zongorista-dalai\\\/\"},\"wordCount\":1081,\"publisher\":{\"@id\":\"https:\\\/\\\/dorogimedence.hu\\\/#organization\"},\"image\":{\"@id\":\"https:\\\/\\\/dorogimedence.hu\\\/index.php\\\/2026\\\/07\\\/03\\\/meghoditjak-a-vilagot-az-esztergomi-zongorista-dalai\\\/#primaryimage\"},\"thumbnailUrl\":\"https:\\\/\\\/dorogimedence.hu\\\/wp-content\\\/uploads\\\/2026\\\/07\\\/cikk-borito-01.jpg\",\"keywords\":[\"esztergom\",\"featured\",\"Moldov\u00e1n Noel\",\"zene\",\"zongora\"],\"articleSection\":[\"Esztergom\",\"H\u00edrek\",\"Sz\u00ednes\"],\"inLanguage\":\"hu\"},{\"@type\":\"WebPage\",\"@id\":\"https:\\\/\\\/dorogimedence.hu\\\/index.php\\\/2026\\\/07\\\/03\\\/meghoditjak-a-vilagot-az-esztergomi-zongorista-dalai\\\/\",\"url\":\"https:\\\/\\\/dorogimedence.hu\\\/index.php\\\/2026\\\/07\\\/03\\\/meghoditjak-a-vilagot-az-esztergomi-zongorista-dalai\\\/\",\"name\":\"Megh\u00f3d\u00edtj\u00e1k a vil\u00e1got az esztergomi zongorista dalai\",\"isPartOf\":{\"@id\":\"https:\\\/\\\/dorogimedence.hu\\\/#website\"},\"primaryImageOfPage\":{\"@id\":\"https:\\\/\\\/dorogimedence.hu\\\/index.php\\\/2026\\\/07\\\/03\\\/meghoditjak-a-vilagot-az-esztergomi-zongorista-dalai\\\/#primaryimage\"},\"image\":{\"@id\":\"https:\\\/\\\/dorogimedence.hu\\\/index.php\\\/2026\\\/07\\\/03\\\/meghoditjak-a-vilagot-az-esztergomi-zongorista-dalai\\\/#primaryimage\"},\"thumbnailUrl\":\"https:\\\/\\\/dorogimedence.hu\\\/wp-content\\\/uploads\\\/2026\\\/07\\\/cikk-borito-01.jpg\",\"datePublished\":\"2026-07-03T06:59:34+00:00\",\"dateModified\":\"2026-07-03T07:00:42+00:00\",\"breadcrumb\":{\"@id\":\"https:\\\/\\\/dorogimedence.hu\\\/index.php\\\/2026\\\/07\\\/03\\\/meghoditjak-a-vilagot-az-esztergomi-zongorista-dalai\\\/#breadcrumb\"},\"inLanguage\":\"hu\",\"potentialAction\":[{\"@type\":\"ReadAction\",\"target\":[\"https:\\\/\\\/dorogimedence.hu\\\/index.php\\\/2026\\\/07\\\/03\\\/meghoditjak-a-vilagot-az-esztergomi-zongorista-dalai\\\/\"]}]},{\"@type\":\"ImageObject\",\"inLanguage\":\"hu\",\"@id\":\"https:\\\/\\\/dorogimedence.hu\\\/index.php\\\/2026\\\/07\\\/03\\\/meghoditjak-a-vilagot-az-esztergomi-zongorista-dalai\\\/#primaryimage\",\"url\":\"https:\\\/\\\/dorogimedence.hu\\\/wp-content\\\/uploads\\\/2026\\\/07\\\/cikk-borito-01.jpg\",\"contentUrl\":\"https:\\\/\\\/dorogimedence.hu\\\/wp-content\\\/uploads\\\/2026\\\/07\\\/cikk-borito-01.jpg\",\"width\":1920,\"height\":1160},{\"@type\":\"BreadcrumbList\",\"@id\":\"https:\\\/\\\/dorogimedence.hu\\\/index.php\\\/2026\\\/07\\\/03\\\/meghoditjak-a-vilagot-az-esztergomi-zongorista-dalai\\\/#breadcrumb\",\"itemListElement\":[{\"@type\":\"ListItem\",\"position\":1,\"name\":\"Kezd\u0151lap\",\"item\":\"https:\\\/\\\/dorogimedence.hu\\\/\"},{\"@type\":\"ListItem\",\"position\":2,\"name\":\"Megh\u00f3d\u00edtj\u00e1k a vil\u00e1got az esztergomi zongorista dalai\"}]},{\"@type\":\"WebSite\",\"@id\":\"https:\\\/\\\/dorogimedence.hu\\\/#website\",\"url\":\"https:\\\/\\\/dorogimedence.hu\\\/\",\"name\":\"Dorogi-medence Region\u00e1lis H\u00edrport\u00e1l\",\"description\":\"Dorog, Keszt\u00f6lc, Le\u00e1nyv\u00e1r, Piliscs\u00e9v, Tokod, Tokodalt\u00e1r\u00f3, Csolnok, Esztergom-kertv\u00e1ros: h\u00edrek, programok\",\"publisher\":{\"@id\":\"https:\\\/\\\/dorogimedence.hu\\\/#organization\"},\"potentialAction\":[{\"@type\":\"SearchAction\",\"target\":{\"@type\":\"EntryPoint\",\"urlTemplate\":\"https:\\\/\\\/dorogimedence.hu\\\/?s={search_term_string}\"},\"query-input\":{\"@type\":\"PropertyValueSpecification\",\"valueRequired\":true,\"valueName\":\"search_term_string\"}}],\"inLanguage\":\"hu\"},{\"@type\":\"Organization\",\"@id\":\"https:\\\/\\\/dorogimedence.hu\\\/#organization\",\"name\":\"Dorogi-medence Region\u00e1lis H\u00edrport\u00e1l\",\"url\":\"https:\\\/\\\/dorogimedence.hu\\\/\",\"logo\":{\"@type\":\"ImageObject\",\"inLanguage\":\"hu\",\"@id\":\"https:\\\/\\\/dorogimedence.hu\\\/#\\\/schema\\\/logo\\\/image\\\/\",\"url\":\"https:\\\/\\\/dorogimedence.hu\\\/wp-content\\\/uploads\\\/2021\\\/04\\\/logo-feher-600.png\",\"contentUrl\":\"https:\\\/\\\/dorogimedence.hu\\\/wp-content\\\/uploads\\\/2021\\\/04\\\/logo-feher-600.png\",\"width\":600,\"height\":100,\"caption\":\"Dorogi-medence Region\u00e1lis H\u00edrport\u00e1l\"},\"image\":{\"@id\":\"https:\\\/\\\/dorogimedence.hu\\\/#\\\/schema\\\/logo\\\/image\\\/\"},\"sameAs\":[\"https:\\\/\\\/www.facebook.com\\\/dorogimedence\\\/\"]},{\"@type\":\"Person\",\"@id\":\"https:\\\/\\\/dorogimedence.hu\\\/#\\\/schema\\\/person\\\/ce6091eeb7e95ecdc87890d6aa8e0fd4\",\"name\":\"dorogimedence.hu\",\"image\":{\"@type\":\"ImageObject\",\"inLanguage\":\"hu\",\"@id\":\"\\\/\\\/www.gravatar.com\\\/avatar\\\/d8d45f8901aadff40a4af72c0b826f1d?s=96&#038;r=g&#038;d=mm\",\"url\":\"\\\/\\\/www.gravatar.com\\\/avatar\\\/d8d45f8901aadff40a4af72c0b826f1d?s=96&#038;r=g&#038;d=mm\",\"contentUrl\":\"\\\/\\\/www.gravatar.com\\\/avatar\\\/d8d45f8901aadff40a4af72c0b826f1d?s=96&#038;r=g&#038;d=mm\",\"caption\":\"dorogimedence.hu\"}}]}<\/script>\n<!-- \/ Yoast SEO plugin. -->","yoast_head_json":{"title":"Megh\u00f3d\u00edtj\u00e1k a vil\u00e1got az esztergomi zongorista dalai","robots":{"index":"index","follow":"follow","max-snippet":"max-snippet:-1","max-image-preview":"max-image-preview:large","max-video-preview":"max-video-preview:-1"},"canonical":"https:\/\/dorogimedence.hu\/index.php\/2026\/07\/03\/meghoditjak-a-vilagot-az-esztergomi-zongorista-dalai\/","og_locale":"hu_HU","og_type":"article","og_title":"Megh\u00f3d\u00edtj\u00e1k a vil\u00e1got az esztergomi zongorista dalai","og_description":"&#8222;A love that learned to wait&#8221; \u2013 ezzel a c\u00edmmel jelenik meg hamarosan Moldov\u00e1n Noel leg\u00fajabb albuma, a c\u00edmv\u00e1laszt\u00e1s alapj\u00e1n pedig joggal mondhatjuk, hogy \u00e9rzelmek t\u00f6bb fronton is \u00e1tsz\u00f6vik majd a dallamokat. A fiatal esztergomi zongorista dalai egyre n\u00e9pszer\u0171bbek, glob\u00e1lisan m\u00e1r 5,9 milli\u00f3 lej\u00e1tsz\u00e1sn\u00e1l j\u00e1rnak. \u2013 P\u00e1lyafut\u00e1sod sz\u00e9pen \u00edvel felfel\u00e9, akik k\u00f6vetnek t\u00e9ged a k\u00fcl\u00f6nb\u00f6z\u0151","og_url":"https:\/\/dorogimedence.hu\/index.php\/2026\/07\/03\/meghoditjak-a-vilagot-az-esztergomi-zongorista-dalai\/","og_site_name":"Dorogi-medence Region\u00e1lis H\u00edrport\u00e1l","article_publisher":"https:\/\/www.facebook.com\/dorogimedence\/","article_published_time":"2026-07-03T06:59:34+00:00","article_modified_time":"2026-07-03T07:00:42+00:00","og_image":[{"width":1920,"height":1160,"url":"https:\/\/dorogimedence.hu\/wp-content\/uploads\/2026\/07\/cikk-borito-01.jpg","type":"image\/jpeg"}],"author":"dorogimedence.hu","twitter_card":"summary_large_image","twitter_misc":{"Szerz\u0151:":"dorogimedence.hu","Becs\u00fclt olvas\u00e1si id\u0151":"5 perc"},"schema":{"@context":"https:\/\/schema.org","@graph":[{"@type":"Article","@id":"https:\/\/dorogimedence.hu\/index.php\/2026\/07\/03\/meghoditjak-a-vilagot-az-esztergomi-zongorista-dalai\/#article","isPartOf":{"@id":"https:\/\/dorogimedence.hu\/index.php\/2026\/07\/03\/meghoditjak-a-vilagot-az-esztergomi-zongorista-dalai\/"},"author":{"name":"dorogimedence.hu","@id":"https:\/\/dorogimedence.hu\/#\/schema\/person\/ce6091eeb7e95ecdc87890d6aa8e0fd4"},"headline":"Megh\u00f3d\u00edtj\u00e1k a vil\u00e1got az esztergomi zongorista dalai","datePublished":"2026-07-03T06:59:34+00:00","dateModified":"2026-07-03T07:00:42+00:00","mainEntityOfPage":{"@id":"https:\/\/dorogimedence.hu\/index.php\/2026\/07\/03\/meghoditjak-a-vilagot-az-esztergomi-zongorista-dalai\/"},"wordCount":1081,"publisher":{"@id":"https:\/\/dorogimedence.hu\/#organization"},"image":{"@id":"https:\/\/dorogimedence.hu\/index.php\/2026\/07\/03\/meghoditjak-a-vilagot-az-esztergomi-zongorista-dalai\/#primaryimage"},"thumbnailUrl":"https:\/\/dorogimedence.hu\/wp-content\/uploads\/2026\/07\/cikk-borito-01.jpg","keywords":["esztergom","featured","Moldov\u00e1n Noel","zene","zongora"],"articleSection":["Esztergom","H\u00edrek","Sz\u00ednes"],"inLanguage":"hu"},{"@type":"WebPage","@id":"https:\/\/dorogimedence.hu\/index.php\/2026\/07\/03\/meghoditjak-a-vilagot-az-esztergomi-zongorista-dalai\/","url":"https:\/\/dorogimedence.hu\/index.php\/2026\/07\/03\/meghoditjak-a-vilagot-az-esztergomi-zongorista-dalai\/","name":"Megh\u00f3d\u00edtj\u00e1k a vil\u00e1got az esztergomi zongorista dalai","isPartOf":{"@id":"https:\/\/dorogimedence.hu\/#website"},"primaryImageOfPage":{"@id":"https:\/\/dorogimedence.hu\/index.php\/2026\/07\/03\/meghoditjak-a-vilagot-az-esztergomi-zongorista-dalai\/#primaryimage"},"image":{"@id":"https:\/\/dorogimedence.hu\/index.php\/2026\/07\/03\/meghoditjak-a-vilagot-az-esztergomi-zongorista-dalai\/#primaryimage"},"thumbnailUrl":"https:\/\/dorogimedence.hu\/wp-content\/uploads\/2026\/07\/cikk-borito-01.jpg","datePublished":"2026-07-03T06:59:34+00:00","dateModified":"2026-07-03T07:00:42+00:00","breadcrumb":{"@id":"https:\/\/dorogimedence.hu\/index.php\/2026\/07\/03\/meghoditjak-a-vilagot-az-esztergomi-zongorista-dalai\/#breadcrumb"},"inLanguage":"hu","potentialAction":[{"@type":"ReadAction","target":["https:\/\/dorogimedence.hu\/index.php\/2026\/07\/03\/meghoditjak-a-vilagot-az-esztergomi-zongorista-dalai\/"]}]},{"@type":"ImageObject","inLanguage":"hu","@id":"https:\/\/dorogimedence.hu\/index.php\/2026\/07\/03\/meghoditjak-a-vilagot-az-esztergomi-zongorista-dalai\/#primaryimage","url":"https:\/\/dorogimedence.hu\/wp-content\/uploads\/2026\/07\/cikk-borito-01.jpg","contentUrl":"https:\/\/dorogimedence.hu\/wp-content\/uploads\/2026\/07\/cikk-borito-01.jpg","width":1920,"height":1160},{"@type":"BreadcrumbList","@id":"https:\/\/dorogimedence.hu\/index.php\/2026\/07\/03\/meghoditjak-a-vilagot-az-esztergomi-zongorista-dalai\/#breadcrumb","itemListElement":[{"@type":"ListItem","position":1,"name":"Kezd\u0151lap","item":"https:\/\/dorogimedence.hu\/"},{"@type":"ListItem","position":2,"name":"Megh\u00f3d\u00edtj\u00e1k a vil\u00e1got az esztergomi zongorista dalai"}]},{"@type":"WebSite","@id":"https:\/\/dorogimedence.hu\/#website","url":"https:\/\/dorogimedence.hu\/","name":"Dorogi-medence Region\u00e1lis H\u00edrport\u00e1l","description":"Dorog, Keszt\u00f6lc, Le\u00e1nyv\u00e1r, Piliscs\u00e9v, Tokod, Tokodalt\u00e1r\u00f3, Csolnok, Esztergom-kertv\u00e1ros: h\u00edrek, programok","publisher":{"@id":"https:\/\/dorogimedence.hu\/#organization"},"potentialAction":[{"@type":"SearchAction","target":{"@type":"EntryPoint","urlTemplate":"https:\/\/dorogimedence.hu\/?s={search_term_string}"},"query-input":{"@type":"PropertyValueSpecification","valueRequired":true,"valueName":"search_term_string"}}],"inLanguage":"hu"},{"@type":"Organization","@id":"https:\/\/dorogimedence.hu\/#organization","name":"Dorogi-medence Region\u00e1lis H\u00edrport\u00e1l","url":"https:\/\/dorogimedence.hu\/","logo":{"@type":"ImageObject","inLanguage":"hu","@id":"https:\/\/dorogimedence.hu\/#\/schema\/logo\/image\/","url":"https:\/\/dorogimedence.hu\/wp-content\/uploads\/2021\/04\/logo-feher-600.png","contentUrl":"https:\/\/dorogimedence.hu\/wp-content\/uploads\/2021\/04\/logo-feher-600.png","width":600,"height":100,"caption":"Dorogi-medence Region\u00e1lis H\u00edrport\u00e1l"},"image":{"@id":"https:\/\/dorogimedence.hu\/#\/schema\/logo\/image\/"},"sameAs":["https:\/\/www.facebook.com\/dorogimedence\/"]},{"@type":"Person","@id":"https:\/\/dorogimedence.hu\/#\/schema\/person\/ce6091eeb7e95ecdc87890d6aa8e0fd4","name":"dorogimedence.hu","image":{"@type":"ImageObject","inLanguage":"hu","@id":"\/\/www.gravatar.com\/avatar\/d8d45f8901aadff40a4af72c0b826f1d?s=96&#038;r=g&#038;d=mm","url":"\/\/www.gravatar.com\/avatar\/d8d45f8901aadff40a4af72c0b826f1d?s=96&#038;r=g&#038;d=mm","contentUrl":"\/\/www.gravatar.com\/avatar\/d8d45f8901aadff40a4af72c0b826f1d?s=96&#038;r=g&#038;d=mm","caption":"dorogimedence.hu"}}]}},"_links":{"self":[{"href":"https:\/\/dorogimedence.hu\/index.php\/wp-json\/wp\/v2\/posts\/81752","targetHints":{"allow":["GET"]}}],"collection":[{"href":"https:\/\/dorogimedence.hu\/index.php\/wp-json\/wp\/v2\/posts"}],"about":[{"href":"https:\/\/dorogimedence.hu\/index.php\/wp-json\/wp\/v2\/types\/post"}],"author":[{"embeddable":true,"href":"https:\/\/dorogimedence.hu\/index.php\/wp-json\/wp\/v2\/users\/1"}],"replies":[{"embeddable":true,"href":"https:\/\/dorogimedence.hu\/index.php\/wp-json\/wp\/v2\/comments?post=81752"}],"version-history":[{"count":1,"href":"https:\/\/dorogimedence.hu\/index.php\/wp-json\/wp\/v2\/posts\/81752\/revisions"}],"predecessor-version":[{"id":81756,"href":"https:\/\/dorogimedence.hu\/index.php\/wp-json\/wp\/v2\/posts\/81752\/revisions\/81756"}],"wp:featuredmedia":[{"embeddable":true,"href":"https:\/\/dorogimedence.hu\/index.php\/wp-json\/wp\/v2\/media\/81755"}],"wp:attachment":[{"href":"https:\/\/dorogimedence.hu\/index.php\/wp-json\/wp\/v2\/media?parent=81752"}],"wp:term":[{"taxonomy":"category","embeddable":true,"href":"https:\/\/dorogimedence.hu\/index.php\/wp-json\/wp\/v2\/categories?post=81752"},{"taxonomy":"post_tag","embeddable":true,"href":"https:\/\/dorogimedence.hu\/index.php\/wp-json\/wp\/v2\/tags?post=81752"}],"curies":[{"name":"wp","href":"https:\/\/api.w.org\/{rel}","templated":true}]}}