{"id":81738,"date":"2026-07-02T16:22:29","date_gmt":"2026-07-02T14:22:29","guid":{"rendered":"https:\/\/dorogimedence.hu\/?p=81738"},"modified":"2026-07-02T16:22:29","modified_gmt":"2026-07-02T14:22:29","slug":"hivatalos-nb-iii-as-a-sarisapi-bse-ujabb-varmegyei-rangadok-jonnek","status":"publish","type":"post","link":"https:\/\/dorogimedence.hu\/index.php\/2026\/07\/02\/hivatalos-nb-iii-as-a-sarisapi-bse-ujabb-varmegyei-rangadok-jonnek\/","title":{"rendered":"Hivatalos: NB III-as a S\u00e1ris\u00e1pi BSE, \u00fajabb v\u00e1rmegyei rangad\u00f3k j\u00f6nnek"},"content":{"rendered":"<p><strong>Hivataloss\u00e1 v\u00e1lt, hogy a S\u00e1ris\u00e1pi BSE a 2026\/2027-es id\u00e9nyben az NB III \u00c9szaknyugati csoportj\u00e1ban szerepel. A v\u00e1rmegyei bajnok ugyan az oszt\u00e1lyoz\u00f3n alulmaradt a ZTE II. egy\u00fcttes\u00e9vel szemben, de a felt\u00f6lt\u00e9si rendszernek k\u00f6sz\u00f6nhet\u0151en m\u00e9gis kiv\u00edvta a harmadoszt\u00e1ly\u00fa indul\u00e1s jog\u00e1t.<\/strong><\/p>\n<p>A klub <span style=\"text-decoration: underline; color: #0000ff;\">k\u00f6z\u00f6ss\u00e9gi oldal\u00e1n<\/span> jelentette be az \u00f6r\u00f6mh\u00edrt, kiemelve, hogy ez a m\u00e9rf\u00f6ldk\u0151 a j\u00e1t\u00e9kosok, a szakmai st\u00e1b, a vezet\u0151s\u00e9g, a t\u00e1mogat\u00f3k \u00e9s a szurkol\u00f3k k\u00f6z\u00f6s munk\u00e1j\u00e1nak eredm\u00e9nye. A s\u00e1ris\u00e1piak szerint most \u00faj fejezet kezd\u0151dik, amelyet kem\u00e9ny munka \u00e9s izgalmas kih\u00edv\u00e1sok jellemeznek majd.<\/p>\n<p>A Dorogi B\u00e1ny\u00e1sz FC is \u00fcdv\u00f6z\u00f6lte az \u00faj csapatot az NB III-ban. A klub <a href=\"https:\/\/www.facebook.com\/permalink.php?story_fbid=pfbid02sdMvcbpFzsoQUbJcEEGNwkcJxsyLPuxmJGnjbA9tAVRFBYDpqeruGBokFmiN1ZYBl&amp;id=61571201213817\" target=\"_blank\" rel=\"noopener\"><span style=\"text-decoration: underline;\"><span style=\"color: #0000ff; text-decoration: underline;\">Facebook-oldal\u00e1n<\/span><\/span><\/a> azt \u00edrta, hogy a legfrissebb h\u00edrek szerint csoportjukhoz csatlakozik a S\u00e1ris\u00e1pi BSE, valamint a Perutz FC P\u00e1pa is, \u00e9s gratul\u00e1ltak a s\u00e1ris\u00e1piak feljut\u00e1s\u00e1hoz, illetve a p\u00e1paiak bentmarad\u00e1s\u00e1hoz.<\/p>\n<p>A 2026\/2027-es id\u00e9nyben \u00edgy m\u00e1r n\u00e9gy Kom\u00e1rom-Esztergom v\u00e1rmegyei egy\u00fcttes szerepelhet az NB III \u00c9szaknyugati csoportj\u00e1ban: a Dorogi B\u00e1ny\u00e1sz FC, az OPUS TIG\u00c1Z Tatab\u00e1nya, a Kom\u00e1rom VSE \u00e9s az \u00fajonc S\u00e1ris\u00e1pi BSE. A szurkol\u00f3k sz\u00e1m\u00e1ra ez t\u00f6bb v\u00e1rmegyei rangad\u00f3t is jelent majd az el\u0151tt\u00fcnk \u00e1ll\u00f3 szezonban.<\/p>\n<h3>\u00dajabb er\u0151s\u00edt\u00e9st jelentett be a Dorogi B\u00e1ny\u00e1sz<\/h3>\n<p><a href=\"https:\/\/dorogimedence.hu\/index.php\/2026\/07\/01\/egy-gollal-maradt-alul-a-dundee-ellen-a-dorogi-banyasz-kozben-a-tavozokat-is-bejelentette-a-klub\/\" target=\"_blank\" rel=\"noopener\"><span style=\"text-decoration: underline; color: #0000ff;\">Port\u00e1lunk<\/span><\/a> tegnap r\u00e9szletesen \u00f6sszegy\u0171jt\u00f6tte a Dorogi B\u00e1ny\u00e1sz FC ny\u00e1ri j\u00e1t\u00e9kosmozg\u00e1sait, bemutatva az addig bejelentett \u00e9rkez\u0151ket \u00e9s t\u00e1voz\u00f3kat. A klub azonban m\u00e1ra is tartogatott egy komoly bejelent\u00e9st.<\/p>\n<p>A dorogiak szerz\u0151dtett\u00e9k a 20 \u00e9ves t\u00e1mad\u00f3t, Ber\u00e9nyi Eriket, aki profi szerz\u0151d\u00e9ssel rendelkezett a Ferencv\u00e1rosn\u00e1l. A csat\u00e1r tavasszal a Ferencv\u00e1ros II. csapatkapit\u00e1nya volt, az elm\u00falt k\u00e9t NB III-as id\u00e9nyben pedig \u00f6sszesen 21 g\u00f3lt szerzett. Szerz\u0151d\u00e9s\u00e9nek lej\u00e1rt\u00e1t k\u00f6vet\u0151en v\u00e9gleg a Dorogi B\u00e1ny\u00e1sz FC j\u00e1t\u00e9kosa lett.<\/p>\n<p>Az \u00faj igazol\u00e1s tov\u00e1bb er\u0151s\u00edtheti a dorogi t\u00e1mad\u00f3sort, mik\u00f6zben a klub g\u0151zer\u0151vel k\u00e9sz\u00fcl az augusztusban rajtol\u00f3 NB III-as bajnoks\u00e1gra, ahol imm\u00e1r a S\u00e1ris\u00e1pi BSE ellen is v\u00e1rmegyei rangad\u00f3kat rendeznek.<\/p>\n<p><em>Bor\u00edt\u00f3k\u00e9p: illusztr\u00e1ci\u00f3 (ChatGPT &#8211; AI)<\/em><\/p>\n","protected":false},"excerpt":{"rendered":"<p>Hivataloss\u00e1 v\u00e1lt, hogy a S\u00e1ris\u00e1pi BSE a 2026\/2027-es id\u00e9nyben az NB III \u00c9szaknyugati csoportj\u00e1ban szerepel. A v\u00e1rmegyei bajnok ugyan az oszt\u00e1lyoz\u00f3n alulmaradt a ZTE II. egy\u00fcttes\u00e9vel szemben, de a felt\u00f6lt\u00e9si rendszernek k\u00f6sz\u00f6nhet\u0151en m\u00e9gis kiv\u00edvta a harmadoszt\u00e1ly\u00fa indul\u00e1s jog\u00e1t. A klub k\u00f6z\u00f6ss\u00e9gi oldal\u00e1n jelentette be az \u00f6r\u00f6mh\u00edrt, kiemelve, hogy ez a m\u00e9rf\u00f6ldk\u0151 a j\u00e1t\u00e9kosok, a szakmai<\/p>\n","protected":false},"author":1,"featured_media":81739,"comment_status":"closed","ping_status":"closed","sticky":false,"template":"","format":"standard","meta":{"ngg_post_thumbnail":0,"footnotes":""},"categories":[3,5],"tags":[15,8932,70,69,72,7311,423,8941,16],"class_list":["post-81738","post","type-post","status-publish","format-standard","has-post-thumbnail","category-hirek","category-sport","tag-dorog","tag-dorogi-banyasz-fc","tag-foci","tag-futball","tag-labdarugas","tag-nb-iii","tag-sarisap","tag-sarisapi-bse","tag-sport"],"yoast_head":"<!-- This site is optimized with the Yoast SEO plugin v28.3 - https:\/\/yoast.com\/product\/yoast-seo-wordpress\/ -->\n<title>Hivatalos: NB III-as a S\u00e1ris\u00e1pi BSE, \u00fajabb v\u00e1rmegyei rangad\u00f3k j\u00f6nnek<\/title>\n<meta name=\"robots\" content=\"index, follow, max-snippet:-1, max-image-preview:large, max-video-preview:-1\" \/>\n<link rel=\"canonical\" href=\"https:\/\/dorogimedence.hu\/index.php\/2026\/07\/02\/hivatalos-nb-iii-as-a-sarisapi-bse-ujabb-varmegyei-rangadok-jonnek\/\" class=\"yoast-seo-meta-tag\" \/>\n<meta property=\"og:locale\" content=\"hu_HU\" class=\"yoast-seo-meta-tag\" \/>\n<meta property=\"og:type\" content=\"article\" class=\"yoast-seo-meta-tag\" \/>\n<meta property=\"og:title\" content=\"Hivatalos: NB III-as a S\u00e1ris\u00e1pi BSE, \u00fajabb v\u00e1rmegyei rangad\u00f3k j\u00f6nnek\" class=\"yoast-seo-meta-tag\" \/>\n<meta property=\"og:description\" content=\"Hivataloss\u00e1 v\u00e1lt, hogy a S\u00e1ris\u00e1pi BSE a 2026\/2027-es id\u00e9nyben az NB III \u00c9szaknyugati csoportj\u00e1ban szerepel. A v\u00e1rmegyei bajnok ugyan az oszt\u00e1lyoz\u00f3n alulmaradt a ZTE II. egy\u00fcttes\u00e9vel szemben, de a felt\u00f6lt\u00e9si rendszernek k\u00f6sz\u00f6nhet\u0151en m\u00e9gis kiv\u00edvta a harmadoszt\u00e1ly\u00fa indul\u00e1s jog\u00e1t. A klub k\u00f6z\u00f6ss\u00e9gi oldal\u00e1n jelentette be az \u00f6r\u00f6mh\u00edrt, kiemelve, hogy ez a m\u00e9rf\u00f6ldk\u0151 a j\u00e1t\u00e9kosok, a szakmai\" class=\"yoast-seo-meta-tag\" \/>\n<meta property=\"og:url\" content=\"https:\/\/dorogimedence.hu\/index.php\/2026\/07\/02\/hivatalos-nb-iii-as-a-sarisapi-bse-ujabb-varmegyei-rangadok-jonnek\/\" class=\"yoast-seo-meta-tag\" \/>\n<meta property=\"og:site_name\" content=\"Dorogi-medence Region\u00e1lis H\u00edrport\u00e1l\" class=\"yoast-seo-meta-tag\" \/>\n<meta property=\"article:publisher\" content=\"https:\/\/www.facebook.com\/dorogimedence\/\" class=\"yoast-seo-meta-tag\" \/>\n<meta property=\"article:published_time\" content=\"2026-07-02T14:22:29+00:00\" class=\"yoast-seo-meta-tag\" \/>\n<meta property=\"og:image\" content=\"https:\/\/dorogimedence.hu\/wp-content\/uploads\/2026\/07\/ChatGPT-Image-2026.-jul.-2.-16_21_06.png\" class=\"yoast-seo-meta-tag\" \/>\n\t<meta property=\"og:image:width\" content=\"755\" class=\"yoast-seo-meta-tag\" \/>\n\t<meta property=\"og:image:height\" content=\"503\" class=\"yoast-seo-meta-tag\" \/>\n\t<meta property=\"og:image:type\" content=\"image\/png\" class=\"yoast-seo-meta-tag\" \/>\n<meta name=\"author\" content=\"dorogimedence.hu\" class=\"yoast-seo-meta-tag\" \/>\n<meta name=\"twitter:card\" content=\"summary_large_image\" class=\"yoast-seo-meta-tag\" \/>\n<meta name=\"twitter:label1\" content=\"Szerz\u0151:\" class=\"yoast-seo-meta-tag\" \/>\n\t<meta name=\"twitter:data1\" content=\"dorogimedence.hu\" class=\"yoast-seo-meta-tag\" \/>\n\t<meta name=\"twitter:label2\" content=\"Becs\u00fclt olvas\u00e1si id\u0151\" class=\"yoast-seo-meta-tag\" \/>\n\t<meta name=\"twitter:data2\" content=\"2 perc\" class=\"yoast-seo-meta-tag\" \/>\n<script type=\"application\/ld+json\" class=\"yoast-schema-graph\">{\"@context\":\"https:\\\/\\\/schema.org\",\"@graph\":[{\"@type\":\"Article\",\"@id\":\"https:\\\/\\\/dorogimedence.hu\\\/index.php\\\/2026\\\/07\\\/02\\\/hivatalos-nb-iii-as-a-sarisapi-bse-ujabb-varmegyei-rangadok-jonnek\\\/#article\",\"isPartOf\":{\"@id\":\"https:\\\/\\\/dorogimedence.hu\\\/index.php\\\/2026\\\/07\\\/02\\\/hivatalos-nb-iii-as-a-sarisapi-bse-ujabb-varmegyei-rangadok-jonnek\\\/\"},\"author\":{\"name\":\"dorogimedence.hu\",\"@id\":\"https:\\\/\\\/dorogimedence.hu\\\/#\\\/schema\\\/person\\\/ce6091eeb7e95ecdc87890d6aa8e0fd4\"},\"headline\":\"Hivatalos: NB III-as a S\u00e1ris\u00e1pi BSE, \u00fajabb v\u00e1rmegyei rangad\u00f3k j\u00f6nnek\",\"datePublished\":\"2026-07-02T14:22:29+00:00\",\"mainEntityOfPage\":{\"@id\":\"https:\\\/\\\/dorogimedence.hu\\\/index.php\\\/2026\\\/07\\\/02\\\/hivatalos-nb-iii-as-a-sarisapi-bse-ujabb-varmegyei-rangadok-jonnek\\\/\"},\"wordCount\":447,\"publisher\":{\"@id\":\"https:\\\/\\\/dorogimedence.hu\\\/#organization\"},\"image\":{\"@id\":\"https:\\\/\\\/dorogimedence.hu\\\/index.php\\\/2026\\\/07\\\/02\\\/hivatalos-nb-iii-as-a-sarisapi-bse-ujabb-varmegyei-rangadok-jonnek\\\/#primaryimage\"},\"thumbnailUrl\":\"https:\\\/\\\/dorogimedence.hu\\\/wp-content\\\/uploads\\\/2026\\\/07\\\/ChatGPT-Image-2026.-jul.-2.-16_21_06.png\",\"keywords\":[\"Dorog\",\"Dorogi B\u00e1ny\u00e1sz FC\",\"foci\",\"futball\",\"labdar\u00fag\u00e1s\",\"NB III\",\"S\u00e1ris\u00e1p\",\"S\u00e1ris\u00e1pi BSE\",\"sport\"],\"articleSection\":[\"H\u00edrek\",\"Sport\"],\"inLanguage\":\"hu\"},{\"@type\":\"WebPage\",\"@id\":\"https:\\\/\\\/dorogimedence.hu\\\/index.php\\\/2026\\\/07\\\/02\\\/hivatalos-nb-iii-as-a-sarisapi-bse-ujabb-varmegyei-rangadok-jonnek\\\/\",\"url\":\"https:\\\/\\\/dorogimedence.hu\\\/index.php\\\/2026\\\/07\\\/02\\\/hivatalos-nb-iii-as-a-sarisapi-bse-ujabb-varmegyei-rangadok-jonnek\\\/\",\"name\":\"Hivatalos: NB III-as a S\u00e1ris\u00e1pi BSE, \u00fajabb v\u00e1rmegyei rangad\u00f3k j\u00f6nnek\",\"isPartOf\":{\"@id\":\"https:\\\/\\\/dorogimedence.hu\\\/#website\"},\"primaryImageOfPage\":{\"@id\":\"https:\\\/\\\/dorogimedence.hu\\\/index.php\\\/2026\\\/07\\\/02\\\/hivatalos-nb-iii-as-a-sarisapi-bse-ujabb-varmegyei-rangadok-jonnek\\\/#primaryimage\"},\"image\":{\"@id\":\"https:\\\/\\\/dorogimedence.hu\\\/index.php\\\/2026\\\/07\\\/02\\\/hivatalos-nb-iii-as-a-sarisapi-bse-ujabb-varmegyei-rangadok-jonnek\\\/#primaryimage\"},\"thumbnailUrl\":\"https:\\\/\\\/dorogimedence.hu\\\/wp-content\\\/uploads\\\/2026\\\/07\\\/ChatGPT-Image-2026.-jul.-2.-16_21_06.png\",\"datePublished\":\"2026-07-02T14:22:29+00:00\",\"breadcrumb\":{\"@id\":\"https:\\\/\\\/dorogimedence.hu\\\/index.php\\\/2026\\\/07\\\/02\\\/hivatalos-nb-iii-as-a-sarisapi-bse-ujabb-varmegyei-rangadok-jonnek\\\/#breadcrumb\"},\"inLanguage\":\"hu\",\"potentialAction\":[{\"@type\":\"ReadAction\",\"target\":[\"https:\\\/\\\/dorogimedence.hu\\\/index.php\\\/2026\\\/07\\\/02\\\/hivatalos-nb-iii-as-a-sarisapi-bse-ujabb-varmegyei-rangadok-jonnek\\\/\"]}]},{\"@type\":\"ImageObject\",\"inLanguage\":\"hu\",\"@id\":\"https:\\\/\\\/dorogimedence.hu\\\/index.php\\\/2026\\\/07\\\/02\\\/hivatalos-nb-iii-as-a-sarisapi-bse-ujabb-varmegyei-rangadok-jonnek\\\/#primaryimage\",\"url\":\"https:\\\/\\\/dorogimedence.hu\\\/wp-content\\\/uploads\\\/2026\\\/07\\\/ChatGPT-Image-2026.-jul.-2.-16_21_06.png\",\"contentUrl\":\"https:\\\/\\\/dorogimedence.hu\\\/wp-content\\\/uploads\\\/2026\\\/07\\\/ChatGPT-Image-2026.-jul.-2.-16_21_06.png\",\"width\":1536,\"height\":1024},{\"@type\":\"BreadcrumbList\",\"@id\":\"https:\\\/\\\/dorogimedence.hu\\\/index.php\\\/2026\\\/07\\\/02\\\/hivatalos-nb-iii-as-a-sarisapi-bse-ujabb-varmegyei-rangadok-jonnek\\\/#breadcrumb\",\"itemListElement\":[{\"@type\":\"ListItem\",\"position\":1,\"name\":\"Kezd\u0151lap\",\"item\":\"https:\\\/\\\/dorogimedence.hu\\\/\"},{\"@type\":\"ListItem\",\"position\":2,\"name\":\"Hivatalos: NB III-as a S\u00e1ris\u00e1pi BSE, \u00fajabb v\u00e1rmegyei rangad\u00f3k j\u00f6nnek\"}]},{\"@type\":\"WebSite\",\"@id\":\"https:\\\/\\\/dorogimedence.hu\\\/#website\",\"url\":\"https:\\\/\\\/dorogimedence.hu\\\/\",\"name\":\"Dorogi-medence Region\u00e1lis H\u00edrport\u00e1l\",\"description\":\"Dorog, Keszt\u00f6lc, Le\u00e1nyv\u00e1r, Piliscs\u00e9v, Tokod, Tokodalt\u00e1r\u00f3, Csolnok, Esztergom-kertv\u00e1ros: h\u00edrek, programok\",\"publisher\":{\"@id\":\"https:\\\/\\\/dorogimedence.hu\\\/#organization\"},\"potentialAction\":[{\"@type\":\"SearchAction\",\"target\":{\"@type\":\"EntryPoint\",\"urlTemplate\":\"https:\\\/\\\/dorogimedence.hu\\\/?s={search_term_string}\"},\"query-input\":{\"@type\":\"PropertyValueSpecification\",\"valueRequired\":true,\"valueName\":\"search_term_string\"}}],\"inLanguage\":\"hu\"},{\"@type\":\"Organization\",\"@id\":\"https:\\\/\\\/dorogimedence.hu\\\/#organization\",\"name\":\"Dorogi-medence Region\u00e1lis H\u00edrport\u00e1l\",\"url\":\"https:\\\/\\\/dorogimedence.hu\\\/\",\"logo\":{\"@type\":\"ImageObject\",\"inLanguage\":\"hu\",\"@id\":\"https:\\\/\\\/dorogimedence.hu\\\/#\\\/schema\\\/logo\\\/image\\\/\",\"url\":\"https:\\\/\\\/dorogimedence.hu\\\/wp-content\\\/uploads\\\/2021\\\/04\\\/logo-feher-600.png\",\"contentUrl\":\"https:\\\/\\\/dorogimedence.hu\\\/wp-content\\\/uploads\\\/2021\\\/04\\\/logo-feher-600.png\",\"width\":600,\"height\":100,\"caption\":\"Dorogi-medence Region\u00e1lis H\u00edrport\u00e1l\"},\"image\":{\"@id\":\"https:\\\/\\\/dorogimedence.hu\\\/#\\\/schema\\\/logo\\\/image\\\/\"},\"sameAs\":[\"https:\\\/\\\/www.facebook.com\\\/dorogimedence\\\/\"]},{\"@type\":\"Person\",\"@id\":\"https:\\\/\\\/dorogimedence.hu\\\/#\\\/schema\\\/person\\\/ce6091eeb7e95ecdc87890d6aa8e0fd4\",\"name\":\"dorogimedence.hu\",\"image\":{\"@type\":\"ImageObject\",\"inLanguage\":\"hu\",\"@id\":\"\\\/\\\/www.gravatar.com\\\/avatar\\\/d8d45f8901aadff40a4af72c0b826f1d?s=96&#038;r=g&#038;d=mm\",\"url\":\"\\\/\\\/www.gravatar.com\\\/avatar\\\/d8d45f8901aadff40a4af72c0b826f1d?s=96&#038;r=g&#038;d=mm\",\"contentUrl\":\"\\\/\\\/www.gravatar.com\\\/avatar\\\/d8d45f8901aadff40a4af72c0b826f1d?s=96&#038;r=g&#038;d=mm\",\"caption\":\"dorogimedence.hu\"}}]}<\/script>\n<!-- \/ Yoast SEO plugin. -->","yoast_head_json":{"title":"Hivatalos: NB III-as a S\u00e1ris\u00e1pi BSE, \u00fajabb v\u00e1rmegyei rangad\u00f3k j\u00f6nnek","robots":{"index":"index","follow":"follow","max-snippet":"max-snippet:-1","max-image-preview":"max-image-preview:large","max-video-preview":"max-video-preview:-1"},"canonical":"https:\/\/dorogimedence.hu\/index.php\/2026\/07\/02\/hivatalos-nb-iii-as-a-sarisapi-bse-ujabb-varmegyei-rangadok-jonnek\/","og_locale":"hu_HU","og_type":"article","og_title":"Hivatalos: NB III-as a S\u00e1ris\u00e1pi BSE, \u00fajabb v\u00e1rmegyei rangad\u00f3k j\u00f6nnek","og_description":"Hivataloss\u00e1 v\u00e1lt, hogy a S\u00e1ris\u00e1pi BSE a 2026\/2027-es id\u00e9nyben az NB III \u00c9szaknyugati csoportj\u00e1ban szerepel. A v\u00e1rmegyei bajnok ugyan az oszt\u00e1lyoz\u00f3n alulmaradt a ZTE II. egy\u00fcttes\u00e9vel szemben, de a felt\u00f6lt\u00e9si rendszernek k\u00f6sz\u00f6nhet\u0151en m\u00e9gis kiv\u00edvta a harmadoszt\u00e1ly\u00fa indul\u00e1s jog\u00e1t. A klub k\u00f6z\u00f6ss\u00e9gi oldal\u00e1n jelentette be az \u00f6r\u00f6mh\u00edrt, kiemelve, hogy ez a m\u00e9rf\u00f6ldk\u0151 a j\u00e1t\u00e9kosok, a szakmai","og_url":"https:\/\/dorogimedence.hu\/index.php\/2026\/07\/02\/hivatalos-nb-iii-as-a-sarisapi-bse-ujabb-varmegyei-rangadok-jonnek\/","og_site_name":"Dorogi-medence Region\u00e1lis H\u00edrport\u00e1l","article_publisher":"https:\/\/www.facebook.com\/dorogimedence\/","article_published_time":"2026-07-02T14:22:29+00:00","og_image":[{"url":"https:\/\/dorogimedence.hu\/wp-content\/uploads\/2026\/07\/ChatGPT-Image-2026.-jul.-2.-16_21_06.png","width":755,"height":503,"type":"image\/png"}],"author":"dorogimedence.hu","twitter_card":"summary_large_image","twitter_misc":{"Szerz\u0151:":"dorogimedence.hu","Becs\u00fclt olvas\u00e1si id\u0151":"2 perc"},"schema":{"@context":"https:\/\/schema.org","@graph":[{"@type":"Article","@id":"https:\/\/dorogimedence.hu\/index.php\/2026\/07\/02\/hivatalos-nb-iii-as-a-sarisapi-bse-ujabb-varmegyei-rangadok-jonnek\/#article","isPartOf":{"@id":"https:\/\/dorogimedence.hu\/index.php\/2026\/07\/02\/hivatalos-nb-iii-as-a-sarisapi-bse-ujabb-varmegyei-rangadok-jonnek\/"},"author":{"name":"dorogimedence.hu","@id":"https:\/\/dorogimedence.hu\/#\/schema\/person\/ce6091eeb7e95ecdc87890d6aa8e0fd4"},"headline":"Hivatalos: NB III-as a S\u00e1ris\u00e1pi BSE, \u00fajabb v\u00e1rmegyei rangad\u00f3k j\u00f6nnek","datePublished":"2026-07-02T14:22:29+00:00","mainEntityOfPage":{"@id":"https:\/\/dorogimedence.hu\/index.php\/2026\/07\/02\/hivatalos-nb-iii-as-a-sarisapi-bse-ujabb-varmegyei-rangadok-jonnek\/"},"wordCount":447,"publisher":{"@id":"https:\/\/dorogimedence.hu\/#organization"},"image":{"@id":"https:\/\/dorogimedence.hu\/index.php\/2026\/07\/02\/hivatalos-nb-iii-as-a-sarisapi-bse-ujabb-varmegyei-rangadok-jonnek\/#primaryimage"},"thumbnailUrl":"https:\/\/dorogimedence.hu\/wp-content\/uploads\/2026\/07\/ChatGPT-Image-2026.-jul.-2.-16_21_06.png","keywords":["Dorog","Dorogi B\u00e1ny\u00e1sz FC","foci","futball","labdar\u00fag\u00e1s","NB III","S\u00e1ris\u00e1p","S\u00e1ris\u00e1pi BSE","sport"],"articleSection":["H\u00edrek","Sport"],"inLanguage":"hu"},{"@type":"WebPage","@id":"https:\/\/dorogimedence.hu\/index.php\/2026\/07\/02\/hivatalos-nb-iii-as-a-sarisapi-bse-ujabb-varmegyei-rangadok-jonnek\/","url":"https:\/\/dorogimedence.hu\/index.php\/2026\/07\/02\/hivatalos-nb-iii-as-a-sarisapi-bse-ujabb-varmegyei-rangadok-jonnek\/","name":"Hivatalos: NB III-as a S\u00e1ris\u00e1pi BSE, \u00fajabb v\u00e1rmegyei rangad\u00f3k j\u00f6nnek","isPartOf":{"@id":"https:\/\/dorogimedence.hu\/#website"},"primaryImageOfPage":{"@id":"https:\/\/dorogimedence.hu\/index.php\/2026\/07\/02\/hivatalos-nb-iii-as-a-sarisapi-bse-ujabb-varmegyei-rangadok-jonnek\/#primaryimage"},"image":{"@id":"https:\/\/dorogimedence.hu\/index.php\/2026\/07\/02\/hivatalos-nb-iii-as-a-sarisapi-bse-ujabb-varmegyei-rangadok-jonnek\/#primaryimage"},"thumbnailUrl":"https:\/\/dorogimedence.hu\/wp-content\/uploads\/2026\/07\/ChatGPT-Image-2026.-jul.-2.-16_21_06.png","datePublished":"2026-07-02T14:22:29+00:00","breadcrumb":{"@id":"https:\/\/dorogimedence.hu\/index.php\/2026\/07\/02\/hivatalos-nb-iii-as-a-sarisapi-bse-ujabb-varmegyei-rangadok-jonnek\/#breadcrumb"},"inLanguage":"hu","potentialAction":[{"@type":"ReadAction","target":["https:\/\/dorogimedence.hu\/index.php\/2026\/07\/02\/hivatalos-nb-iii-as-a-sarisapi-bse-ujabb-varmegyei-rangadok-jonnek\/"]}]},{"@type":"ImageObject","inLanguage":"hu","@id":"https:\/\/dorogimedence.hu\/index.php\/2026\/07\/02\/hivatalos-nb-iii-as-a-sarisapi-bse-ujabb-varmegyei-rangadok-jonnek\/#primaryimage","url":"https:\/\/dorogimedence.hu\/wp-content\/uploads\/2026\/07\/ChatGPT-Image-2026.-jul.-2.-16_21_06.png","contentUrl":"https:\/\/dorogimedence.hu\/wp-content\/uploads\/2026\/07\/ChatGPT-Image-2026.-jul.-2.-16_21_06.png","width":1536,"height":1024},{"@type":"BreadcrumbList","@id":"https:\/\/dorogimedence.hu\/index.php\/2026\/07\/02\/hivatalos-nb-iii-as-a-sarisapi-bse-ujabb-varmegyei-rangadok-jonnek\/#breadcrumb","itemListElement":[{"@type":"ListItem","position":1,"name":"Kezd\u0151lap","item":"https:\/\/dorogimedence.hu\/"},{"@type":"ListItem","position":2,"name":"Hivatalos: NB III-as a S\u00e1ris\u00e1pi BSE, \u00fajabb v\u00e1rmegyei rangad\u00f3k j\u00f6nnek"}]},{"@type":"WebSite","@id":"https:\/\/dorogimedence.hu\/#website","url":"https:\/\/dorogimedence.hu\/","name":"Dorogi-medence Region\u00e1lis H\u00edrport\u00e1l","description":"Dorog, Keszt\u00f6lc, Le\u00e1nyv\u00e1r, Piliscs\u00e9v, Tokod, Tokodalt\u00e1r\u00f3, Csolnok, Esztergom-kertv\u00e1ros: h\u00edrek, programok","publisher":{"@id":"https:\/\/dorogimedence.hu\/#organization"},"potentialAction":[{"@type":"SearchAction","target":{"@type":"EntryPoint","urlTemplate":"https:\/\/dorogimedence.hu\/?s={search_term_string}"},"query-input":{"@type":"PropertyValueSpecification","valueRequired":true,"valueName":"search_term_string"}}],"inLanguage":"hu"},{"@type":"Organization","@id":"https:\/\/dorogimedence.hu\/#organization","name":"Dorogi-medence Region\u00e1lis H\u00edrport\u00e1l","url":"https:\/\/dorogimedence.hu\/","logo":{"@type":"ImageObject","inLanguage":"hu","@id":"https:\/\/dorogimedence.hu\/#\/schema\/logo\/image\/","url":"https:\/\/dorogimedence.hu\/wp-content\/uploads\/2021\/04\/logo-feher-600.png","contentUrl":"https:\/\/dorogimedence.hu\/wp-content\/uploads\/2021\/04\/logo-feher-600.png","width":600,"height":100,"caption":"Dorogi-medence Region\u00e1lis H\u00edrport\u00e1l"},"image":{"@id":"https:\/\/dorogimedence.hu\/#\/schema\/logo\/image\/"},"sameAs":["https:\/\/www.facebook.com\/dorogimedence\/"]},{"@type":"Person","@id":"https:\/\/dorogimedence.hu\/#\/schema\/person\/ce6091eeb7e95ecdc87890d6aa8e0fd4","name":"dorogimedence.hu","image":{"@type":"ImageObject","inLanguage":"hu","@id":"\/\/www.gravatar.com\/avatar\/d8d45f8901aadff40a4af72c0b826f1d?s=96&#038;r=g&#038;d=mm","url":"\/\/www.gravatar.com\/avatar\/d8d45f8901aadff40a4af72c0b826f1d?s=96&#038;r=g&#038;d=mm","contentUrl":"\/\/www.gravatar.com\/avatar\/d8d45f8901aadff40a4af72c0b826f1d?s=96&#038;r=g&#038;d=mm","caption":"dorogimedence.hu"}}]}},"_links":{"self":[{"href":"https:\/\/dorogimedence.hu\/index.php\/wp-json\/wp\/v2\/posts\/81738","targetHints":{"allow":["GET"]}}],"collection":[{"href":"https:\/\/dorogimedence.hu\/index.php\/wp-json\/wp\/v2\/posts"}],"about":[{"href":"https:\/\/dorogimedence.hu\/index.php\/wp-json\/wp\/v2\/types\/post"}],"author":[{"embeddable":true,"href":"https:\/\/dorogimedence.hu\/index.php\/wp-json\/wp\/v2\/users\/1"}],"replies":[{"embeddable":true,"href":"https:\/\/dorogimedence.hu\/index.php\/wp-json\/wp\/v2\/comments?post=81738"}],"version-history":[{"count":1,"href":"https:\/\/dorogimedence.hu\/index.php\/wp-json\/wp\/v2\/posts\/81738\/revisions"}],"predecessor-version":[{"id":81740,"href":"https:\/\/dorogimedence.hu\/index.php\/wp-json\/wp\/v2\/posts\/81738\/revisions\/81740"}],"wp:featuredmedia":[{"embeddable":true,"href":"https:\/\/dorogimedence.hu\/index.php\/wp-json\/wp\/v2\/media\/81739"}],"wp:attachment":[{"href":"https:\/\/dorogimedence.hu\/index.php\/wp-json\/wp\/v2\/media?parent=81738"}],"wp:term":[{"taxonomy":"category","embeddable":true,"href":"https:\/\/dorogimedence.hu\/index.php\/wp-json\/wp\/v2\/categories?post=81738"},{"taxonomy":"post_tag","embeddable":true,"href":"https:\/\/dorogimedence.hu\/index.php\/wp-json\/wp\/v2\/tags?post=81738"}],"curies":[{"name":"wp","href":"https:\/\/api.w.org\/{rel}","templated":true}]}}