{"id":81735,"date":"2026-07-02T06:00:48","date_gmt":"2026-07-02T04:00:48","guid":{"rendered":"https:\/\/dorogimedence.hu\/?p=81735"},"modified":"2026-07-02T15:51:32","modified_gmt":"2026-07-02T13:51:32","slug":"kijev-budapest-es-varso-kozott-hogyan-zarhatja-el-a-hosok-panteonja-az-eu-fele-vezeto-utat","status":"publish","type":"post","link":"https:\/\/dorogimedence.hu\/index.php\/2026\/07\/02\/kijev-budapest-es-varso-kozott-hogyan-zarhatja-el-a-hosok-panteonja-az-eu-fele-vezeto-utat\/","title":{"rendered":"Kijev Budapest \u00e9s Vars\u00f3 k\u00f6z\u00f6tt: hogyan z\u00e1rhatja el a h\u0151s\u00f6k panteonja az EU fel\u00e9 vezet\u0151 utat"},"content":{"rendered":"<p><strong>A Verhovna Rada j\u00falius 1-j\u00e9n <a href=\"https:\/\/t.me\/yzheleznyak\/18432\" target=\"_blank\" rel=\"noopener\"><span style=\"text-decoration: underline; color: #0000ff;\">elfogadta<\/span><\/a> az 15360. sz\u00e1m\u00fa t\u00f6rv\u00e9nyjavaslatot az Ukr\u00e1n Nemzeti Panteon l\u00e9trehoz\u00e1s\u00e1r\u00f3l Kijevben. Az eml\u00e9kkomplexum azoknak a kiemelked\u0151 ukr\u00e1noknak \u00e1ll\u00edt eml\u00e9ket, akik t\u00f6rt\u00e9nelmi hozz\u00e1j\u00e1rul\u00e1st tettek az \u00e1llam megalap\u00edt\u00e1s\u00e1hoz \u00e9s v\u00e9delm\u00e9hez. A d\u00f6nt\u00e9s \u00e9les reakci\u00f3t v\u00e1ltott ki Vars\u00f3ban, mivel a panteon lehets\u00e9ges h\u0151sei k\u00f6z\u00f6tt olyan szem\u00e9lyek is helyet kaphatnak, akiket Lengyelorsz\u00e1g a lengyelek m\u00e1sodik vil\u00e1gh\u00e1bor\u00fas t\u00f6meges meggyilkol\u00e1s\u00e1\u00e9rt tart felel\u0151snek. Ukrajna uni\u00f3s csatlakoz\u00e1s\u00e1nak neh\u00e9zs\u00e9gei k\u00f6zepette, melyeket Magyarorsz\u00e1gnak a k\u00e1rp\u00e1taljai magyar kisebbs\u00e9g jogainak biztos\u00edt\u00e1s\u00e1ra vonatkoz\u00f3 k\u00f6vetel\u00e9sei okoznak, ez a l\u00e9p\u00e9s legal\u00e1bbis ellentmond\u00e1sosnak t\u0171nik.<\/strong><\/p>\n<p>A Panteon nyilv\u00e1nos eml\u00e9kkomplexum lesz Kijevben. Az \u00e9p\u00edt\u00e9st, a fenntart\u00e1st \u00e9s az \u0151rz\u00e9st az \u00e1llami k\u00f6lts\u00e9gvet\u00e9sb\u0151l finansz\u00edrozz\u00e1k, a tervet pedig p\u00e1ly\u00e1zat alapj\u00e1n dolgozz\u00e1k ki. Az eml\u00e9km\u0171ben a k\u00fcl\u00f6nb\u00f6z\u0151 korok \u00e1llamf\u0151it \u00f6r\u00f6k\u00edthetik meg, a Rusz idej\u00e9t\u0151l kezdve az Ukr\u00e1n N\u00e9pk\u00f6zt\u00e1rsas\u00e1gon \u00e1t K\u00e1rp\u00e1t-Ukrajn\u00e1ig. A tervek k\u00f6z\u00f6tt szerepel az ukr\u00e1n hadsereg f\u0151parancsnokainak \u00e9s m\u00e1s, az orsz\u00e1ghoz k\u00f6t\u0151d\u0151, vil\u00e1gsz\u00ednvonal\u00fa szem\u00e9lyis\u00e9geknek a tisztelete is.<\/p>\n<p>A kijevi kezdem\u00e9nyez\u00e9s haragg\u00e1 fokoz\u00f3d\u00f3 felh\u00e1borod\u00e1st v\u00e1ltott ki Vars\u00f3ban. Mateusz Morawiecki volt lengyel minisztereln\u00f6k a tulajdon\u00e1t k\u00e9pez\u0151 B\u00f6lcs Jaroszl\u00e1v hercegr\u0151l elnevezett ukr\u00e1n kit\u00fcntet\u00e9st a volh\u00edniai m\u00e9sz\u00e1rl\u00e1s \u00e1ldozatainak eml\u00e9km\u00fazeum\u00e1nak adom\u00e1nyozta. Egy\u00fattal felsz\u00f3l\u00edtotta a lengyel korm\u00e1nyt, hogy blokkolja Ukrajna uni\u00f3s csatlakoz\u00e1si t\u00e1rgyal\u00e1sainak szakaszait.<\/p>\n<p>Karol Nawrocki hivatalban l\u00e9v\u0151 lengyel eln\u00f6k a lengyel sajt\u00f3 \u00e9rtes\u00fcl\u00e9sei szerint fontol\u00f3ra vette a Zelenszkijjel val\u00f3 kapcsolattart\u00e1s korl\u00e1toz\u00e1s\u00e1t. A lengyel v\u00e9delmi miniszt\u00e9rium pedig megk\u00e9rd\u0151jelezte Ukrajna eur\u00f3pai uni\u00f3s csatlakoz\u00e1s\u00e1t, \u201elegal\u00e1bb addig, am\u00edg Kijevben a nacionalist\u00e1kat dics\u0151\u00edtik\u201d.<\/p>\n<p>Az esem\u00e9nyek sorozata k\u00fcl\u00f6n\u00f6sen k\u00e9nyess\u00e9 teszi a helyzetet. M\u00e1r a panteon k\u00f6r\u00fcli botr\u00e1ny el\u0151tt is fesz\u00fclt volt a viszony Kijev \u00e9s Vars\u00f3 k\u00f6z\u00f6tt, mert egy ukr\u00e1n katonai alakulat felvette az \u201eUPA h\u0151sei\u201d nevet. Lengyelorsz\u00e1gban ezt a d\u00f6nt\u00e9st a meggyilkolt lengyelek eml\u00e9ke meggyal\u00e1z\u00e1s\u00e1nak nevezt\u00e9k.<\/p>\n<p>Ezzel egy id\u0151ben Magyarorsz\u00e1g, amely hossz\u00fa ideig blokkolta az Ukrajna uni\u00f3s csatlakoz\u00e1s\u00e1r\u00f3l sz\u00f3l\u00f3 t\u00e1rgyal\u00e1sokat a k\u00e1rp\u00e1taljai magyar kisebbs\u00e9g jogainak k\u00e9rd\u00e9se miatt, jelezte, hogy k\u00e9sz feloldani a v\u00e9t\u00f3t. Magyar P\u00e9ter minisztereln\u00f6k kijelentette, hogy Budapest beleegyezik a t\u00e1rgyal\u00e1sok megkezd\u00e9s\u00e9be, felt\u00e9ve, hogy Kijev v\u00e9grehajtja a k\u00e1rp\u00e1taljai magyarok jogainak helyre\u00e1ll\u00edt\u00e1s\u00e1ra vonatkoz\u00f3 tervet.<\/p>\n<p>Sz\u00e1nd\u00e9kosan vagy v\u00e9letlen\u00fcl, de paradox helyzet alakult ki. Magyarorsz\u00e1g, amely kor\u00e1bban Ukrajna eur\u00f3pai \u00fatj\u00e1nak f\u0151 akad\u00e1lyak\u00e9nt l\u00e9pett fel, a diaszp\u00f3r\u00e1val kapcsolatos k\u00f6vetel\u00e9sek teljes\u00edt\u00e9s\u00e9t figyelembe v\u00e9ve k\u00e9sz engedni, \u00e1m \u00e9ppen ebben a pillanatban Kijev azt kock\u00e1ztatja, hogy imm\u00e1r Lengyelorsz\u00e1gt\u00f3l kap v\u00e9t\u00f3t. Ha Vars\u00f3 \u00e9l blokkol\u00e1si jog\u00e1val, az mentes\u00edtheti Ukrajn\u00e1t a magyar kisebbs\u00e9g jogainak v\u00e9delm\u00e9vel kapcsolatos, Budapesttel szemben fenn\u00e1ll\u00f3 k\u00f6telezetts\u00e9gei al\u00f3l, \u00e1m v\u00e9gs\u0151 soron ez az eg\u00e9sz eur\u00f3pai integr\u00e1ci\u00f3s folyamat le\u00e1ll\u00e1s\u00e1hoz vezet.<\/p>\n<p>Egyel\u0151re nem tudni, pontosan milyen nevek ker\u00fclnek be a panteon v\u00e9gleges list\u00e1j\u00e1ra. \u00c9ppen erre v\u00e1rnak t\u00fcrelmetlen\u00fcl Vars\u00f3ban, hogy v\u00e9gleges \u00e9rt\u00e9kel\u00e9st adhassanak. Ha a t\u00e1bl\u00e1kon Sztepan Bandera, Roman Suhevics vagy m\u00e1s olyan szem\u00e9lyek neve szerepel majd, akiket Lengyelorsz\u00e1g a volh\u00edniai m\u00e9sz\u00e1rl\u00e1s\u00e9rt felel\u0151snek tart, a konfliktus elker\u00fclhetetlen\u00fcl ki\u00e9lez\u0151dik.<\/p>\n<p>Kijev neh\u00e9z v\u00e1laszt\u00e1s el\u0151tt \u00e1ll. Egyr\u00e9szt az ukr\u00e1n f\u0151v\u00e1rost\u00f3l engedm\u00e9nyeket v\u00e1rnak a magyar diaszp\u00f3ra fel\u00e9, m\u00e1sr\u00e9szt meg kell \u0151riznie sz\u00f6vets\u00e9geseit, \u00e9s nem vesz\u00edtheti el az eur\u00f3pai perspekt\u00edv\u00e1t. Ha az ukr\u00e1n hat\u00f3s\u00e1gok nem tal\u00e1lnak mindk\u00e9t orsz\u00e1g sz\u00e1m\u00e1ra kiel\u00e9g\u00edt\u0151 megold\u00e1st, a t\u00f6rt\u00e9nelmi \u00e9s t\u00e1rsadalmi vit\u00e1k bel\u00e1thatatlan id\u0151re elod\u00e1zhatj\u00e1k az uni\u00f3s integr\u00e1ci\u00f3t.<\/p>\n<p><em>Bor\u00edt\u00f3k\u00e9p: illusztr\u00e1ci\u00f3 (ChatGPT &#8211; AI)<\/em><\/p>\n","protected":false},"excerpt":{"rendered":"<p>A Verhovna Rada j\u00falius 1-j\u00e9n elfogadta az 15360. sz\u00e1m\u00fa t\u00f6rv\u00e9nyjavaslatot az Ukr\u00e1n Nemzeti Panteon l\u00e9trehoz\u00e1s\u00e1r\u00f3l Kijevben. Az eml\u00e9kkomplexum azoknak a kiemelked\u0151 ukr\u00e1noknak \u00e1ll\u00edt eml\u00e9ket, akik t\u00f6rt\u00e9nelmi hozz\u00e1j\u00e1rul\u00e1st tettek az \u00e1llam megalap\u00edt\u00e1s\u00e1hoz \u00e9s v\u00e9delm\u00e9hez. A d\u00f6nt\u00e9s \u00e9les reakci\u00f3t v\u00e1ltott ki Vars\u00f3ban, mivel a panteon lehets\u00e9ges h\u0151sei k\u00f6z\u00f6tt olyan szem\u00e9lyek is helyet kaphatnak, akiket Lengyelorsz\u00e1g a lengyelek<\/p>\n","protected":false},"author":1,"featured_media":81736,"comment_status":"closed","ping_status":"closed","sticky":false,"template":"","format":"standard","meta":{"ngg_post_thumbnail":0,"footnotes":""},"categories":[3],"tags":[],"class_list":["post-81735","post","type-post","status-publish","format-standard","has-post-thumbnail","category-hirek"],"yoast_head":"<!-- This site is optimized with the Yoast SEO plugin v28.3 - https:\/\/yoast.com\/product\/yoast-seo-wordpress\/ -->\n<title>Kijev Budapest \u00e9s Vars\u00f3 k\u00f6z\u00f6tt: hogyan z\u00e1rhatja el a h\u0151s\u00f6k panteonja az EU fel\u00e9 vezet\u0151 utat<\/title>\n<meta name=\"robots\" content=\"index, follow, max-snippet:-1, max-image-preview:large, max-video-preview:-1\" \/>\n<link rel=\"canonical\" href=\"https:\/\/dorogimedence.hu\/index.php\/2026\/07\/02\/kijev-budapest-es-varso-kozott-hogyan-zarhatja-el-a-hosok-panteonja-az-eu-fele-vezeto-utat\/\" class=\"yoast-seo-meta-tag\" \/>\n<meta property=\"og:locale\" content=\"hu_HU\" class=\"yoast-seo-meta-tag\" \/>\n<meta property=\"og:type\" content=\"article\" class=\"yoast-seo-meta-tag\" \/>\n<meta property=\"og:title\" content=\"Kijev Budapest \u00e9s Vars\u00f3 k\u00f6z\u00f6tt: hogyan z\u00e1rhatja el a h\u0151s\u00f6k panteonja az EU fel\u00e9 vezet\u0151 utat\" class=\"yoast-seo-meta-tag\" \/>\n<meta property=\"og:description\" content=\"A Verhovna Rada j\u00falius 1-j\u00e9n elfogadta az 15360. sz\u00e1m\u00fa t\u00f6rv\u00e9nyjavaslatot az Ukr\u00e1n Nemzeti Panteon l\u00e9trehoz\u00e1s\u00e1r\u00f3l Kijevben. Az eml\u00e9kkomplexum azoknak a kiemelked\u0151 ukr\u00e1noknak \u00e1ll\u00edt eml\u00e9ket, akik t\u00f6rt\u00e9nelmi hozz\u00e1j\u00e1rul\u00e1st tettek az \u00e1llam megalap\u00edt\u00e1s\u00e1hoz \u00e9s v\u00e9delm\u00e9hez. A d\u00f6nt\u00e9s \u00e9les reakci\u00f3t v\u00e1ltott ki Vars\u00f3ban, mivel a panteon lehets\u00e9ges h\u0151sei k\u00f6z\u00f6tt olyan szem\u00e9lyek is helyet kaphatnak, akiket Lengyelorsz\u00e1g a lengyelek\" class=\"yoast-seo-meta-tag\" \/>\n<meta property=\"og:url\" content=\"https:\/\/dorogimedence.hu\/index.php\/2026\/07\/02\/kijev-budapest-es-varso-kozott-hogyan-zarhatja-el-a-hosok-panteonja-az-eu-fele-vezeto-utat\/\" class=\"yoast-seo-meta-tag\" \/>\n<meta property=\"og:site_name\" content=\"Dorogi-medence Region\u00e1lis H\u00edrport\u00e1l\" class=\"yoast-seo-meta-tag\" \/>\n<meta property=\"article:publisher\" content=\"https:\/\/www.facebook.com\/dorogimedence\/\" class=\"yoast-seo-meta-tag\" \/>\n<meta property=\"article:published_time\" content=\"2026-07-02T04:00:48+00:00\" class=\"yoast-seo-meta-tag\" \/>\n<meta property=\"article:modified_time\" content=\"2026-07-02T13:51:32+00:00\" class=\"yoast-seo-meta-tag\" \/>\n<meta property=\"og:image\" content=\"https:\/\/dorogimedence.hu\/wp-content\/uploads\/2026\/07\/ChatGPT-Image-2026.-jul.-2.-15_50_04.png\" class=\"yoast-seo-meta-tag\" \/>\n\t<meta property=\"og:image:width\" content=\"755\" class=\"yoast-seo-meta-tag\" \/>\n\t<meta property=\"og:image:height\" content=\"503\" class=\"yoast-seo-meta-tag\" \/>\n\t<meta property=\"og:image:type\" content=\"image\/png\" class=\"yoast-seo-meta-tag\" \/>\n<meta name=\"author\" content=\"dorogimedence.hu\" class=\"yoast-seo-meta-tag\" \/>\n<meta name=\"twitter:card\" content=\"summary_large_image\" class=\"yoast-seo-meta-tag\" \/>\n<meta name=\"twitter:label1\" content=\"Szerz\u0151:\" class=\"yoast-seo-meta-tag\" \/>\n\t<meta name=\"twitter:data1\" content=\"dorogimedence.hu\" class=\"yoast-seo-meta-tag\" \/>\n\t<meta name=\"twitter:label2\" content=\"Becs\u00fclt olvas\u00e1si id\u0151\" class=\"yoast-seo-meta-tag\" \/>\n\t<meta name=\"twitter:data2\" content=\"4 perc\" class=\"yoast-seo-meta-tag\" \/>\n<script type=\"application\/ld+json\" class=\"yoast-schema-graph\">{\"@context\":\"https:\\\/\\\/schema.org\",\"@graph\":[{\"@type\":\"Article\",\"@id\":\"https:\\\/\\\/dorogimedence.hu\\\/index.php\\\/2026\\\/07\\\/02\\\/kijev-budapest-es-varso-kozott-hogyan-zarhatja-el-a-hosok-panteonja-az-eu-fele-vezeto-utat\\\/#article\",\"isPartOf\":{\"@id\":\"https:\\\/\\\/dorogimedence.hu\\\/index.php\\\/2026\\\/07\\\/02\\\/kijev-budapest-es-varso-kozott-hogyan-zarhatja-el-a-hosok-panteonja-az-eu-fele-vezeto-utat\\\/\"},\"author\":{\"name\":\"dorogimedence.hu\",\"@id\":\"https:\\\/\\\/dorogimedence.hu\\\/#\\\/schema\\\/person\\\/ce6091eeb7e95ecdc87890d6aa8e0fd4\"},\"headline\":\"Kijev Budapest \u00e9s Vars\u00f3 k\u00f6z\u00f6tt: hogyan z\u00e1rhatja el a h\u0151s\u00f6k panteonja az EU fel\u00e9 vezet\u0151 utat\",\"datePublished\":\"2026-07-02T04:00:48+00:00\",\"dateModified\":\"2026-07-02T13:51:32+00:00\",\"mainEntityOfPage\":{\"@id\":\"https:\\\/\\\/dorogimedence.hu\\\/index.php\\\/2026\\\/07\\\/02\\\/kijev-budapest-es-varso-kozott-hogyan-zarhatja-el-a-hosok-panteonja-az-eu-fele-vezeto-utat\\\/\"},\"wordCount\":833,\"publisher\":{\"@id\":\"https:\\\/\\\/dorogimedence.hu\\\/#organization\"},\"image\":{\"@id\":\"https:\\\/\\\/dorogimedence.hu\\\/index.php\\\/2026\\\/07\\\/02\\\/kijev-budapest-es-varso-kozott-hogyan-zarhatja-el-a-hosok-panteonja-az-eu-fele-vezeto-utat\\\/#primaryimage\"},\"thumbnailUrl\":\"https:\\\/\\\/dorogimedence.hu\\\/wp-content\\\/uploads\\\/2026\\\/07\\\/ChatGPT-Image-2026.-jul.-2.-15_50_04.png\",\"articleSection\":[\"H\u00edrek\"],\"inLanguage\":\"hu\"},{\"@type\":\"WebPage\",\"@id\":\"https:\\\/\\\/dorogimedence.hu\\\/index.php\\\/2026\\\/07\\\/02\\\/kijev-budapest-es-varso-kozott-hogyan-zarhatja-el-a-hosok-panteonja-az-eu-fele-vezeto-utat\\\/\",\"url\":\"https:\\\/\\\/dorogimedence.hu\\\/index.php\\\/2026\\\/07\\\/02\\\/kijev-budapest-es-varso-kozott-hogyan-zarhatja-el-a-hosok-panteonja-az-eu-fele-vezeto-utat\\\/\",\"name\":\"Kijev Budapest \u00e9s Vars\u00f3 k\u00f6z\u00f6tt: hogyan z\u00e1rhatja el a h\u0151s\u00f6k panteonja az EU fel\u00e9 vezet\u0151 utat\",\"isPartOf\":{\"@id\":\"https:\\\/\\\/dorogimedence.hu\\\/#website\"},\"primaryImageOfPage\":{\"@id\":\"https:\\\/\\\/dorogimedence.hu\\\/index.php\\\/2026\\\/07\\\/02\\\/kijev-budapest-es-varso-kozott-hogyan-zarhatja-el-a-hosok-panteonja-az-eu-fele-vezeto-utat\\\/#primaryimage\"},\"image\":{\"@id\":\"https:\\\/\\\/dorogimedence.hu\\\/index.php\\\/2026\\\/07\\\/02\\\/kijev-budapest-es-varso-kozott-hogyan-zarhatja-el-a-hosok-panteonja-az-eu-fele-vezeto-utat\\\/#primaryimage\"},\"thumbnailUrl\":\"https:\\\/\\\/dorogimedence.hu\\\/wp-content\\\/uploads\\\/2026\\\/07\\\/ChatGPT-Image-2026.-jul.-2.-15_50_04.png\",\"datePublished\":\"2026-07-02T04:00:48+00:00\",\"dateModified\":\"2026-07-02T13:51:32+00:00\",\"breadcrumb\":{\"@id\":\"https:\\\/\\\/dorogimedence.hu\\\/index.php\\\/2026\\\/07\\\/02\\\/kijev-budapest-es-varso-kozott-hogyan-zarhatja-el-a-hosok-panteonja-az-eu-fele-vezeto-utat\\\/#breadcrumb\"},\"inLanguage\":\"hu\",\"potentialAction\":[{\"@type\":\"ReadAction\",\"target\":[\"https:\\\/\\\/dorogimedence.hu\\\/index.php\\\/2026\\\/07\\\/02\\\/kijev-budapest-es-varso-kozott-hogyan-zarhatja-el-a-hosok-panteonja-az-eu-fele-vezeto-utat\\\/\"]}]},{\"@type\":\"ImageObject\",\"inLanguage\":\"hu\",\"@id\":\"https:\\\/\\\/dorogimedence.hu\\\/index.php\\\/2026\\\/07\\\/02\\\/kijev-budapest-es-varso-kozott-hogyan-zarhatja-el-a-hosok-panteonja-az-eu-fele-vezeto-utat\\\/#primaryimage\",\"url\":\"https:\\\/\\\/dorogimedence.hu\\\/wp-content\\\/uploads\\\/2026\\\/07\\\/ChatGPT-Image-2026.-jul.-2.-15_50_04.png\",\"contentUrl\":\"https:\\\/\\\/dorogimedence.hu\\\/wp-content\\\/uploads\\\/2026\\\/07\\\/ChatGPT-Image-2026.-jul.-2.-15_50_04.png\",\"width\":1536,\"height\":1024},{\"@type\":\"BreadcrumbList\",\"@id\":\"https:\\\/\\\/dorogimedence.hu\\\/index.php\\\/2026\\\/07\\\/02\\\/kijev-budapest-es-varso-kozott-hogyan-zarhatja-el-a-hosok-panteonja-az-eu-fele-vezeto-utat\\\/#breadcrumb\",\"itemListElement\":[{\"@type\":\"ListItem\",\"position\":1,\"name\":\"Kezd\u0151lap\",\"item\":\"https:\\\/\\\/dorogimedence.hu\\\/\"},{\"@type\":\"ListItem\",\"position\":2,\"name\":\"Kijev Budapest \u00e9s Vars\u00f3 k\u00f6z\u00f6tt: hogyan z\u00e1rhatja el a h\u0151s\u00f6k panteonja az EU fel\u00e9 vezet\u0151 utat\"}]},{\"@type\":\"WebSite\",\"@id\":\"https:\\\/\\\/dorogimedence.hu\\\/#website\",\"url\":\"https:\\\/\\\/dorogimedence.hu\\\/\",\"name\":\"Dorogi-medence Region\u00e1lis H\u00edrport\u00e1l\",\"description\":\"Dorog, Keszt\u00f6lc, Le\u00e1nyv\u00e1r, Piliscs\u00e9v, Tokod, Tokodalt\u00e1r\u00f3, Csolnok, Esztergom-kertv\u00e1ros: h\u00edrek, programok\",\"publisher\":{\"@id\":\"https:\\\/\\\/dorogimedence.hu\\\/#organization\"},\"potentialAction\":[{\"@type\":\"SearchAction\",\"target\":{\"@type\":\"EntryPoint\",\"urlTemplate\":\"https:\\\/\\\/dorogimedence.hu\\\/?s={search_term_string}\"},\"query-input\":{\"@type\":\"PropertyValueSpecification\",\"valueRequired\":true,\"valueName\":\"search_term_string\"}}],\"inLanguage\":\"hu\"},{\"@type\":\"Organization\",\"@id\":\"https:\\\/\\\/dorogimedence.hu\\\/#organization\",\"name\":\"Dorogi-medence Region\u00e1lis H\u00edrport\u00e1l\",\"url\":\"https:\\\/\\\/dorogimedence.hu\\\/\",\"logo\":{\"@type\":\"ImageObject\",\"inLanguage\":\"hu\",\"@id\":\"https:\\\/\\\/dorogimedence.hu\\\/#\\\/schema\\\/logo\\\/image\\\/\",\"url\":\"https:\\\/\\\/dorogimedence.hu\\\/wp-content\\\/uploads\\\/2021\\\/04\\\/logo-feher-600.png\",\"contentUrl\":\"https:\\\/\\\/dorogimedence.hu\\\/wp-content\\\/uploads\\\/2021\\\/04\\\/logo-feher-600.png\",\"width\":600,\"height\":100,\"caption\":\"Dorogi-medence Region\u00e1lis H\u00edrport\u00e1l\"},\"image\":{\"@id\":\"https:\\\/\\\/dorogimedence.hu\\\/#\\\/schema\\\/logo\\\/image\\\/\"},\"sameAs\":[\"https:\\\/\\\/www.facebook.com\\\/dorogimedence\\\/\"]},{\"@type\":\"Person\",\"@id\":\"https:\\\/\\\/dorogimedence.hu\\\/#\\\/schema\\\/person\\\/ce6091eeb7e95ecdc87890d6aa8e0fd4\",\"name\":\"dorogimedence.hu\",\"image\":{\"@type\":\"ImageObject\",\"inLanguage\":\"hu\",\"@id\":\"\\\/\\\/www.gravatar.com\\\/avatar\\\/d8d45f8901aadff40a4af72c0b826f1d?s=96&#038;r=g&#038;d=mm\",\"url\":\"\\\/\\\/www.gravatar.com\\\/avatar\\\/d8d45f8901aadff40a4af72c0b826f1d?s=96&#038;r=g&#038;d=mm\",\"contentUrl\":\"\\\/\\\/www.gravatar.com\\\/avatar\\\/d8d45f8901aadff40a4af72c0b826f1d?s=96&#038;r=g&#038;d=mm\",\"caption\":\"dorogimedence.hu\"}}]}<\/script>\n<!-- \/ Yoast SEO plugin. -->","yoast_head_json":{"title":"Kijev Budapest \u00e9s Vars\u00f3 k\u00f6z\u00f6tt: hogyan z\u00e1rhatja el a h\u0151s\u00f6k panteonja az EU fel\u00e9 vezet\u0151 utat","robots":{"index":"index","follow":"follow","max-snippet":"max-snippet:-1","max-image-preview":"max-image-preview:large","max-video-preview":"max-video-preview:-1"},"canonical":"https:\/\/dorogimedence.hu\/index.php\/2026\/07\/02\/kijev-budapest-es-varso-kozott-hogyan-zarhatja-el-a-hosok-panteonja-az-eu-fele-vezeto-utat\/","og_locale":"hu_HU","og_type":"article","og_title":"Kijev Budapest \u00e9s Vars\u00f3 k\u00f6z\u00f6tt: hogyan z\u00e1rhatja el a h\u0151s\u00f6k panteonja az EU fel\u00e9 vezet\u0151 utat","og_description":"A Verhovna Rada j\u00falius 1-j\u00e9n elfogadta az 15360. sz\u00e1m\u00fa t\u00f6rv\u00e9nyjavaslatot az Ukr\u00e1n Nemzeti Panteon l\u00e9trehoz\u00e1s\u00e1r\u00f3l Kijevben. Az eml\u00e9kkomplexum azoknak a kiemelked\u0151 ukr\u00e1noknak \u00e1ll\u00edt eml\u00e9ket, akik t\u00f6rt\u00e9nelmi hozz\u00e1j\u00e1rul\u00e1st tettek az \u00e1llam megalap\u00edt\u00e1s\u00e1hoz \u00e9s v\u00e9delm\u00e9hez. A d\u00f6nt\u00e9s \u00e9les reakci\u00f3t v\u00e1ltott ki Vars\u00f3ban, mivel a panteon lehets\u00e9ges h\u0151sei k\u00f6z\u00f6tt olyan szem\u00e9lyek is helyet kaphatnak, akiket Lengyelorsz\u00e1g a lengyelek","og_url":"https:\/\/dorogimedence.hu\/index.php\/2026\/07\/02\/kijev-budapest-es-varso-kozott-hogyan-zarhatja-el-a-hosok-panteonja-az-eu-fele-vezeto-utat\/","og_site_name":"Dorogi-medence Region\u00e1lis H\u00edrport\u00e1l","article_publisher":"https:\/\/www.facebook.com\/dorogimedence\/","article_published_time":"2026-07-02T04:00:48+00:00","article_modified_time":"2026-07-02T13:51:32+00:00","og_image":[{"url":"https:\/\/dorogimedence.hu\/wp-content\/uploads\/2026\/07\/ChatGPT-Image-2026.-jul.-2.-15_50_04.png","width":755,"height":503,"type":"image\/png"}],"author":"dorogimedence.hu","twitter_card":"summary_large_image","twitter_misc":{"Szerz\u0151:":"dorogimedence.hu","Becs\u00fclt olvas\u00e1si id\u0151":"4 perc"},"schema":{"@context":"https:\/\/schema.org","@graph":[{"@type":"Article","@id":"https:\/\/dorogimedence.hu\/index.php\/2026\/07\/02\/kijev-budapest-es-varso-kozott-hogyan-zarhatja-el-a-hosok-panteonja-az-eu-fele-vezeto-utat\/#article","isPartOf":{"@id":"https:\/\/dorogimedence.hu\/index.php\/2026\/07\/02\/kijev-budapest-es-varso-kozott-hogyan-zarhatja-el-a-hosok-panteonja-az-eu-fele-vezeto-utat\/"},"author":{"name":"dorogimedence.hu","@id":"https:\/\/dorogimedence.hu\/#\/schema\/person\/ce6091eeb7e95ecdc87890d6aa8e0fd4"},"headline":"Kijev Budapest \u00e9s Vars\u00f3 k\u00f6z\u00f6tt: hogyan z\u00e1rhatja el a h\u0151s\u00f6k panteonja az EU fel\u00e9 vezet\u0151 utat","datePublished":"2026-07-02T04:00:48+00:00","dateModified":"2026-07-02T13:51:32+00:00","mainEntityOfPage":{"@id":"https:\/\/dorogimedence.hu\/index.php\/2026\/07\/02\/kijev-budapest-es-varso-kozott-hogyan-zarhatja-el-a-hosok-panteonja-az-eu-fele-vezeto-utat\/"},"wordCount":833,"publisher":{"@id":"https:\/\/dorogimedence.hu\/#organization"},"image":{"@id":"https:\/\/dorogimedence.hu\/index.php\/2026\/07\/02\/kijev-budapest-es-varso-kozott-hogyan-zarhatja-el-a-hosok-panteonja-az-eu-fele-vezeto-utat\/#primaryimage"},"thumbnailUrl":"https:\/\/dorogimedence.hu\/wp-content\/uploads\/2026\/07\/ChatGPT-Image-2026.-jul.-2.-15_50_04.png","articleSection":["H\u00edrek"],"inLanguage":"hu"},{"@type":"WebPage","@id":"https:\/\/dorogimedence.hu\/index.php\/2026\/07\/02\/kijev-budapest-es-varso-kozott-hogyan-zarhatja-el-a-hosok-panteonja-az-eu-fele-vezeto-utat\/","url":"https:\/\/dorogimedence.hu\/index.php\/2026\/07\/02\/kijev-budapest-es-varso-kozott-hogyan-zarhatja-el-a-hosok-panteonja-az-eu-fele-vezeto-utat\/","name":"Kijev Budapest \u00e9s Vars\u00f3 k\u00f6z\u00f6tt: hogyan z\u00e1rhatja el a h\u0151s\u00f6k panteonja az EU fel\u00e9 vezet\u0151 utat","isPartOf":{"@id":"https:\/\/dorogimedence.hu\/#website"},"primaryImageOfPage":{"@id":"https:\/\/dorogimedence.hu\/index.php\/2026\/07\/02\/kijev-budapest-es-varso-kozott-hogyan-zarhatja-el-a-hosok-panteonja-az-eu-fele-vezeto-utat\/#primaryimage"},"image":{"@id":"https:\/\/dorogimedence.hu\/index.php\/2026\/07\/02\/kijev-budapest-es-varso-kozott-hogyan-zarhatja-el-a-hosok-panteonja-az-eu-fele-vezeto-utat\/#primaryimage"},"thumbnailUrl":"https:\/\/dorogimedence.hu\/wp-content\/uploads\/2026\/07\/ChatGPT-Image-2026.-jul.-2.-15_50_04.png","datePublished":"2026-07-02T04:00:48+00:00","dateModified":"2026-07-02T13:51:32+00:00","breadcrumb":{"@id":"https:\/\/dorogimedence.hu\/index.php\/2026\/07\/02\/kijev-budapest-es-varso-kozott-hogyan-zarhatja-el-a-hosok-panteonja-az-eu-fele-vezeto-utat\/#breadcrumb"},"inLanguage":"hu","potentialAction":[{"@type":"ReadAction","target":["https:\/\/dorogimedence.hu\/index.php\/2026\/07\/02\/kijev-budapest-es-varso-kozott-hogyan-zarhatja-el-a-hosok-panteonja-az-eu-fele-vezeto-utat\/"]}]},{"@type":"ImageObject","inLanguage":"hu","@id":"https:\/\/dorogimedence.hu\/index.php\/2026\/07\/02\/kijev-budapest-es-varso-kozott-hogyan-zarhatja-el-a-hosok-panteonja-az-eu-fele-vezeto-utat\/#primaryimage","url":"https:\/\/dorogimedence.hu\/wp-content\/uploads\/2026\/07\/ChatGPT-Image-2026.-jul.-2.-15_50_04.png","contentUrl":"https:\/\/dorogimedence.hu\/wp-content\/uploads\/2026\/07\/ChatGPT-Image-2026.-jul.-2.-15_50_04.png","width":1536,"height":1024},{"@type":"BreadcrumbList","@id":"https:\/\/dorogimedence.hu\/index.php\/2026\/07\/02\/kijev-budapest-es-varso-kozott-hogyan-zarhatja-el-a-hosok-panteonja-az-eu-fele-vezeto-utat\/#breadcrumb","itemListElement":[{"@type":"ListItem","position":1,"name":"Kezd\u0151lap","item":"https:\/\/dorogimedence.hu\/"},{"@type":"ListItem","position":2,"name":"Kijev Budapest \u00e9s Vars\u00f3 k\u00f6z\u00f6tt: hogyan z\u00e1rhatja el a h\u0151s\u00f6k panteonja az EU fel\u00e9 vezet\u0151 utat"}]},{"@type":"WebSite","@id":"https:\/\/dorogimedence.hu\/#website","url":"https:\/\/dorogimedence.hu\/","name":"Dorogi-medence Region\u00e1lis H\u00edrport\u00e1l","description":"Dorog, Keszt\u00f6lc, Le\u00e1nyv\u00e1r, Piliscs\u00e9v, Tokod, Tokodalt\u00e1r\u00f3, Csolnok, Esztergom-kertv\u00e1ros: h\u00edrek, programok","publisher":{"@id":"https:\/\/dorogimedence.hu\/#organization"},"potentialAction":[{"@type":"SearchAction","target":{"@type":"EntryPoint","urlTemplate":"https:\/\/dorogimedence.hu\/?s={search_term_string}"},"query-input":{"@type":"PropertyValueSpecification","valueRequired":true,"valueName":"search_term_string"}}],"inLanguage":"hu"},{"@type":"Organization","@id":"https:\/\/dorogimedence.hu\/#organization","name":"Dorogi-medence Region\u00e1lis H\u00edrport\u00e1l","url":"https:\/\/dorogimedence.hu\/","logo":{"@type":"ImageObject","inLanguage":"hu","@id":"https:\/\/dorogimedence.hu\/#\/schema\/logo\/image\/","url":"https:\/\/dorogimedence.hu\/wp-content\/uploads\/2021\/04\/logo-feher-600.png","contentUrl":"https:\/\/dorogimedence.hu\/wp-content\/uploads\/2021\/04\/logo-feher-600.png","width":600,"height":100,"caption":"Dorogi-medence Region\u00e1lis H\u00edrport\u00e1l"},"image":{"@id":"https:\/\/dorogimedence.hu\/#\/schema\/logo\/image\/"},"sameAs":["https:\/\/www.facebook.com\/dorogimedence\/"]},{"@type":"Person","@id":"https:\/\/dorogimedence.hu\/#\/schema\/person\/ce6091eeb7e95ecdc87890d6aa8e0fd4","name":"dorogimedence.hu","image":{"@type":"ImageObject","inLanguage":"hu","@id":"\/\/www.gravatar.com\/avatar\/d8d45f8901aadff40a4af72c0b826f1d?s=96&#038;r=g&#038;d=mm","url":"\/\/www.gravatar.com\/avatar\/d8d45f8901aadff40a4af72c0b826f1d?s=96&#038;r=g&#038;d=mm","contentUrl":"\/\/www.gravatar.com\/avatar\/d8d45f8901aadff40a4af72c0b826f1d?s=96&#038;r=g&#038;d=mm","caption":"dorogimedence.hu"}}]}},"_links":{"self":[{"href":"https:\/\/dorogimedence.hu\/index.php\/wp-json\/wp\/v2\/posts\/81735","targetHints":{"allow":["GET"]}}],"collection":[{"href":"https:\/\/dorogimedence.hu\/index.php\/wp-json\/wp\/v2\/posts"}],"about":[{"href":"https:\/\/dorogimedence.hu\/index.php\/wp-json\/wp\/v2\/types\/post"}],"author":[{"embeddable":true,"href":"https:\/\/dorogimedence.hu\/index.php\/wp-json\/wp\/v2\/users\/1"}],"replies":[{"embeddable":true,"href":"https:\/\/dorogimedence.hu\/index.php\/wp-json\/wp\/v2\/comments?post=81735"}],"version-history":[{"count":1,"href":"https:\/\/dorogimedence.hu\/index.php\/wp-json\/wp\/v2\/posts\/81735\/revisions"}],"predecessor-version":[{"id":81737,"href":"https:\/\/dorogimedence.hu\/index.php\/wp-json\/wp\/v2\/posts\/81735\/revisions\/81737"}],"wp:featuredmedia":[{"embeddable":true,"href":"https:\/\/dorogimedence.hu\/index.php\/wp-json\/wp\/v2\/media\/81736"}],"wp:attachment":[{"href":"https:\/\/dorogimedence.hu\/index.php\/wp-json\/wp\/v2\/media?parent=81735"}],"wp:term":[{"taxonomy":"category","embeddable":true,"href":"https:\/\/dorogimedence.hu\/index.php\/wp-json\/wp\/v2\/categories?post=81735"},{"taxonomy":"post_tag","embeddable":true,"href":"https:\/\/dorogimedence.hu\/index.php\/wp-json\/wp\/v2\/tags?post=81735"}],"curies":[{"name":"wp","href":"https:\/\/api.w.org\/{rel}","templated":true}]}}