{"id":81729,"date":"2026-07-02T16:03:18","date_gmt":"2026-07-02T14:03:18","guid":{"rendered":"https:\/\/dorogimedence.hu\/?p=81729"},"modified":"2026-07-02T16:03:18","modified_gmt":"2026-07-02T14:03:18","slug":"otven-ev-utan-teljesen-megujult-a-kereszteny-muzeum","status":"publish","type":"post","link":"https:\/\/dorogimedence.hu\/index.php\/2026\/07\/02\/otven-ev-utan-teljesen-megujult-a-kereszteny-muzeum\/","title":{"rendered":"\u00d6tven \u00e9v ut\u00e1n teljesen meg\u00fajult a Kereszt\u00e9ny M\u00fazeum"},"content":{"rendered":"<p><strong>J\u00falius 1-j\u00e9t\u0151l ism\u00e9t l\u00e1togathat\u00f3 a meg\u00fajult Kereszt\u00e9ny M\u00fazeum Esztergomban. Magyarorsz\u00e1g legjelent\u0151sebb egyh\u00e1zi m\u00fazeuma \u00faj \u00e1lland\u00f3 ki\u00e1ll\u00edt\u00e1ssal, korszer\u0171 l\u00e1tv\u00e1nyvil\u00e1ggal \u00e9s \u00e1tgondolt ki\u00e1ll\u00edt\u00e1si koncepci\u00f3val v\u00e1rja a l\u00e1togat\u00f3kat. Az int\u00e9zm\u00e9ny t\u00f6bb mint \u00f6tven \u00e9v ut\u00e1n \u00fajult meg, mik\u00f6zben meg\u0151rizte t\u00f6rt\u00e9nelmi \u00e9rt\u00e9keit \u00e9s a neorenesz\u00e1nsz pr\u00edm\u00e1si palota k\u00fcl\u00f6nleges hangulat\u00e1t.<\/strong><\/p>\n<p>Az <a href=\"https:\/\/www.esztergomi-ersekseg.hu\/hirek\/megnyilt-megujult-kereszteny-muzeum-esztergomban-kapu-kitarult-jojjetek-hat-gyo-4468\" target=\"_blank\" rel=\"noopener\"><span style=\"text-decoration: underline; color: #0000ff;\">\u00fcnnep\u00e9lyes megnyit\u00f3t<\/span><\/a> j\u00fanius 30-\u00e1n tartott\u00e1k az Esztergom-v\u00edziv\u00e1rosi pl\u00e9b\u00e1niatemplomban. A vend\u00e9geket Kontsek Ildik\u00f3 m\u00fazeumigazgat\u00f3 k\u00f6sz\u00f6nt\u00f6tte, a meg\u00fajult int\u00e9zm\u00e9nyt pedig dr. T\u00f6r\u00f6k Csaba, a bazilika pl\u00e9b\u00e1nosa, egyetemi tan\u00e1r, valamint Mik\u00f3 \u00c1rp\u00e1d m\u0171v\u00e9szett\u00f6rt\u00e9n\u00e9sz aj\u00e1nlotta a nagyk\u00f6z\u00f6ns\u00e9g figyelm\u00e9be.<\/p>\n<p>Kontsek Ildik\u00f3 hangs\u00falyozta, hogy a kor\u00e1bbi \u00e1lland\u00f3 ki\u00e1ll\u00edt\u00e1s m\u00e9g 1973-ban k\u00e9sz\u00fclt, ez\u00e9rt m\u00e1r id\u0151szer\u0171v\u00e9 v\u00e1lt a m\u00fazeum teljes szeml\u00e9let\u00e9nek \u00e9s bemutat\u00e1si m\u00f3dj\u00e1nak meg\u00faj\u00edt\u00e1sa. Az \u00faj koncepci\u00f3 c\u00e9lja, hogy a gy\u0171jtem\u00e9ny ne csup\u00e1n m\u0171t\u00e1rgyakat mutasson be, hanem a kereszt\u00e9ny m\u0171v\u00e9szeten kereszt\u00fcl a mai l\u00e1togat\u00f3k sz\u00e1m\u00e1ra is \u00e9l\u0151 \u00e9s \u00e9rthet\u0151 \u00e9lm\u00e9nyt ny\u00fajtson.<\/p>\n<p><img fetchpriority=\"high\" decoding=\"async\" class=\"alignnone size-full wp-image-81731\" src=\"https:\/\/dorogimedence.hu\/wp-content\/uploads\/2026\/07\/IMG_3958.jpg\" alt=\"\" width=\"2048\" height=\"1365\" srcset=\"https:\/\/dorogimedence.hu\/wp-content\/uploads\/2026\/07\/IMG_3958.jpg 2048w, https:\/\/dorogimedence.hu\/wp-content\/uploads\/2026\/07\/IMG_3958-600x400.jpg 600w, https:\/\/dorogimedence.hu\/wp-content\/uploads\/2026\/07\/IMG_3958-1920x1280.jpg 1920w, https:\/\/dorogimedence.hu\/wp-content\/uploads\/2026\/07\/IMG_3958-768x512.jpg 768w, https:\/\/dorogimedence.hu\/wp-content\/uploads\/2026\/07\/IMG_3958-1536x1024.jpg 1536w, https:\/\/dorogimedence.hu\/wp-content\/uploads\/2026\/07\/IMG_3958-150x100.jpg 150w, https:\/\/dorogimedence.hu\/wp-content\/uploads\/2026\/07\/IMG_3958-450x300.jpg 450w, https:\/\/dorogimedence.hu\/wp-content\/uploads\/2026\/07\/IMG_3958-1200x800.jpg 1200w, https:\/\/dorogimedence.hu\/wp-content\/uploads\/2026\/07\/IMG_3958-272x182.jpg 272w\" sizes=\"(max-width: 2048px) 100vw, 2048px\" \/><\/p>\n<p>A ki\u00e1ll\u00edt\u00e1s a magyar \u00e9s az eur\u00f3pai kereszt\u00e9ny m\u0171v\u00e9szet kiemelked\u0151 alkot\u00e1sait id\u0151rendi \u00e9s f\u00f6ldrajzi \u00f6sszef\u00fcgg\u00e9seikben mutatja be. A l\u00e1togat\u00f3k olyan k\u00fcl\u00f6nleges m\u0171kincsekkel tal\u00e1lkozhatnak, mint M. S. mester passi\u00f3k\u00e9pei, Kolozsv\u00e1ri Tam\u00e1s K\u00e1lv\u00e1ria-olt\u00e1ra, Hans Memling Krisztus-\u00e1br\u00e1zol\u00e1sa, a garamszentbenedeki \u00farkopors\u00f3, valamint Balassi B\u00e1lint egyetlen ismert portr\u00e9ja. Az \u00faj \u00e1lland\u00f3 ki\u00e1ll\u00edt\u00e1s r\u00e9szek\u00e9nt az iparm\u0171v\u00e9szeti gy\u0171jtem\u00e9ny v\u00e1logatott darabjai is helyet kaptak.<\/p>\n<p>A meg\u00fajul\u00e1s nemcsak a m\u0171t\u00e1rgyak elrendez\u00e9s\u00e9t \u00e9rintette. Az elavult bels\u0151\u00e9p\u00edt\u00e9szeti \u00e9s m\u0171szaki megold\u00e1sok hely\u00e9t korszer\u0171 install\u00e1ci\u00f3k \u00e9s modern vil\u00e1g\u00edt\u00e1s v\u00e1ltotta fel, mik\u00f6zben a fel\u00faj\u00edt\u00e1s sor\u00e1n meg\u0151rizt\u00e9k a m\u0171eml\u00e9ki \u00e9p\u00fclet eredeti karakter\u00e9t. A ny\u00edl\u00e1sz\u00e1r\u00f3kat \u00e9s a padl\u00f3burkolatot az eredeti \u00e1llapothoz hasonl\u00f3an \u00e1ll\u00edtott\u00e1k helyre, az \u00e9p\u00fcletet akad\u00e1lymentes\u00edtett\u00e9k, a k\u00f6z\u00e9pkori terem ablakaib\u00f3l pedig ism\u00e9t k\u00fcl\u00f6nleges kil\u00e1t\u00e1s ny\u00edlik az esztergomi V\u00e1rhegyre \u00e9s a Bazilik\u00e1ra. A l\u00e1togat\u00f3i \u00e9lm\u00e9nyt a m\u0171t\u00e1rgybar\u00e1t f\u00e9nysz\u0171r\u00e9ssel ell\u00e1tott ablakok \u00e9s az \u00faj t\u00e9rszervez\u00e9s is tov\u00e1bb gazdag\u00edtj\u00e1k.<\/p>\n<p><img decoding=\"async\" class=\"alignnone size-full wp-image-81732\" src=\"https:\/\/dorogimedence.hu\/wp-content\/uploads\/2026\/07\/IMG_3948.jpg\" alt=\"\" width=\"2048\" height=\"1365\" srcset=\"https:\/\/dorogimedence.hu\/wp-content\/uploads\/2026\/07\/IMG_3948.jpg 2048w, https:\/\/dorogimedence.hu\/wp-content\/uploads\/2026\/07\/IMG_3948-600x400.jpg 600w, https:\/\/dorogimedence.hu\/wp-content\/uploads\/2026\/07\/IMG_3948-1920x1280.jpg 1920w, https:\/\/dorogimedence.hu\/wp-content\/uploads\/2026\/07\/IMG_3948-768x512.jpg 768w, https:\/\/dorogimedence.hu\/wp-content\/uploads\/2026\/07\/IMG_3948-1536x1024.jpg 1536w, https:\/\/dorogimedence.hu\/wp-content\/uploads\/2026\/07\/IMG_3948-150x100.jpg 150w, https:\/\/dorogimedence.hu\/wp-content\/uploads\/2026\/07\/IMG_3948-450x300.jpg 450w, https:\/\/dorogimedence.hu\/wp-content\/uploads\/2026\/07\/IMG_3948-1200x800.jpg 1200w, https:\/\/dorogimedence.hu\/wp-content\/uploads\/2026\/07\/IMG_3948-272x182.jpg 272w\" sizes=\"(max-width: 2048px) 100vw, 2048px\" \/><\/p>\n<p>A m\u00fazeum teljes vizu\u00e1lis arculat\u00e1nak \u00e9s ki\u00e1ll\u00edt\u00e1si l\u00e1tv\u00e1nyvil\u00e1g\u00e1nak megtervez\u00e9se Zalav\u00e1ri Tibor K\u00e1lm\u00e1n l\u00e1tv\u00e1ny- \u00e9s formatervez\u0151 munk\u00e1j\u00e1t dics\u00e9ri. Az \u00faj t\u00e9r\u00e9lm\u00e9ny a kur\u00e1torokkal \u00e9s tudom\u00e1nyos munkat\u00e1rsakkal k\u00f6z\u00f6s munka eredm\u00e9nyek\u00e9nt val\u00f3sult meg, amelynek c\u00e9lja az volt, hogy a m\u0171kincsek korszer\u0171, ugyanakkor m\u00e9lt\u00f3 k\u00f6rnyezetben fogadj\u00e1k a l\u00e1togat\u00f3kat.<\/p>\n<p>A megnyit\u00f3n felsz\u00f3lal\u00f3 dr. T\u00f6r\u00f6k Csaba besz\u00e9d\u00e9ben Babits Mih\u00e1ly gondolatait id\u00e9zve hangs\u00falyozta, hogy Esztergom mindig is a m\u00falt \u00e9s a jelen tal\u00e1lkoz\u00e1si pontja volt, ahol a kereszt\u00e9ny kult\u00fara \u00e9vsz\u00e1zados \u00f6r\u00f6ks\u00e9ge ma is k\u00e9pes megsz\u00f3l\u00edtani az embert. Mint fogalmazott, a most befejez\u0151d\u00f6tt fel\u00faj\u00edt\u00e1s nem csup\u00e1n \u00e9p\u00edt\u00e9szeti beruh\u00e1z\u00e1s, hanem az el\u0151z\u0151 nemzed\u00e9kek \u00f6r\u00f6ks\u00e9g\u00e9nek tudatos tov\u00e1bbvitele is.<\/p>\n<p><img decoding=\"async\" class=\"alignnone size-full wp-image-81733\" src=\"https:\/\/dorogimedence.hu\/wp-content\/uploads\/2026\/07\/IMG_3886.jpg\" alt=\"\" width=\"2048\" height=\"1365\" srcset=\"https:\/\/dorogimedence.hu\/wp-content\/uploads\/2026\/07\/IMG_3886.jpg 2048w, https:\/\/dorogimedence.hu\/wp-content\/uploads\/2026\/07\/IMG_3886-600x400.jpg 600w, https:\/\/dorogimedence.hu\/wp-content\/uploads\/2026\/07\/IMG_3886-1920x1280.jpg 1920w, https:\/\/dorogimedence.hu\/wp-content\/uploads\/2026\/07\/IMG_3886-768x512.jpg 768w, https:\/\/dorogimedence.hu\/wp-content\/uploads\/2026\/07\/IMG_3886-1536x1024.jpg 1536w, https:\/\/dorogimedence.hu\/wp-content\/uploads\/2026\/07\/IMG_3886-150x100.jpg 150w, https:\/\/dorogimedence.hu\/wp-content\/uploads\/2026\/07\/IMG_3886-450x300.jpg 450w, https:\/\/dorogimedence.hu\/wp-content\/uploads\/2026\/07\/IMG_3886-1200x800.jpg 1200w, https:\/\/dorogimedence.hu\/wp-content\/uploads\/2026\/07\/IMG_3886-272x182.jpg 272w\" sizes=\"(max-width: 2048px) 100vw, 2048px\" \/><\/p>\n<p>Hern\u00e1di \u00c1d\u00e1m, Esztergom polg\u00e1rmestere <a href=\"https:\/\/www.facebook.com\/hernadiadam.esztergom\/posts\/pfbid0hWo6UXfzzdSvUcWAaqYEuPeFeXa53P7iPxFgFBhtzFbUnHUtztvigNyXrbt3NioVl\" target=\"_blank\" rel=\"noopener\"><span style=\"text-decoration: underline; color: #0000ff;\">k\u00f6z\u00f6ss\u00e9gi oldal\u00e1n<\/span><\/a> \u00fagy fogalmazott: a p\u00e9lda\u00e9rt\u00e9k\u0171 fel\u00faj\u00edt\u00e1snak \u00e9s az \u00faj ki\u00e1ll\u00edt\u00e1si koncepci\u00f3nak k\u00f6sz\u00f6nhet\u0151en a v\u00e1ros egy eur\u00f3pai sz\u00ednvonal\u00fa m\u00fazeummal gazdagodott, amely m\u00e9lt\u00f3 m\u00f3don mutatja be a magyar \u00e9s az eur\u00f3pai kereszt\u00e9ny m\u0171v\u00e9szet p\u00e1ratlan \u00e9rt\u00e9keit.<\/p>\n<p>A mintegy 300 milli\u00f3 forintos beruh\u00e1z\u00e1s az Esztergom-Budapesti F\u0151egyh\u00e1zmegye t\u00e1mogat\u00e1s\u00e1val val\u00f3sult meg. A fel\u00faj\u00edt\u00e1s sor\u00e1n k\u00e9t emeleten, k\u00f6zel ezer n\u00e9gyzetm\u00e9teren \u00fajult meg az int\u00e9zm\u00e9ny, amely j\u00falius 1-j\u00e9t\u0151l ism\u00e9t fogadja a l\u00e1togat\u00f3kat.<\/p>\n<p>A Kereszt\u00e9ny M\u00fazeum keddt\u0151l vas\u00e1rnapig 10 \u00e9s 18 \u00f3ra k\u00f6z\u00f6tt l\u00e1togathat\u00f3. Az int\u00e9zm\u00e9nyr\u0151l \u00e9s az aktu\u00e1lis ki\u00e1ll\u00edt\u00e1sokr\u00f3l tov\u00e1bbi inform\u00e1ci\u00f3 a m\u00fazeum hivatalos honlapj\u00e1n \u00e9rhet\u0151 el.<\/p>\n<p><em>Felhaszn\u00e1lt forr\u00e1sok: esztergomi-ersekseg.hu \/ MTI \/ Hern\u00e1di \u00c1d\u00e1m Facebook-oldala<br \/>\nFot\u00f3k: Visit Esztergom<\/em><\/p>\n","protected":false},"excerpt":{"rendered":"<p>J\u00falius 1-j\u00e9t\u0151l ism\u00e9t l\u00e1togathat\u00f3 a meg\u00fajult Kereszt\u00e9ny M\u00fazeum Esztergomban. Magyarorsz\u00e1g legjelent\u0151sebb egyh\u00e1zi m\u00fazeuma \u00faj \u00e1lland\u00f3 ki\u00e1ll\u00edt\u00e1ssal, korszer\u0171 l\u00e1tv\u00e1nyvil\u00e1ggal \u00e9s \u00e1tgondolt ki\u00e1ll\u00edt\u00e1si koncepci\u00f3val v\u00e1rja a l\u00e1togat\u00f3kat. Az int\u00e9zm\u00e9ny t\u00f6bb mint \u00f6tven \u00e9v ut\u00e1n \u00fajult meg, mik\u00f6zben meg\u0151rizte t\u00f6rt\u00e9nelmi \u00e9rt\u00e9keit \u00e9s a neorenesz\u00e1nsz pr\u00edm\u00e1si palota k\u00fcl\u00f6nleges hangulat\u00e1t. Az \u00fcnnep\u00e9lyes megnyit\u00f3t j\u00fanius 30-\u00e1n tartott\u00e1k az Esztergom-v\u00edziv\u00e1rosi pl\u00e9b\u00e1niatemplomban. A<\/p>\n","protected":false},"author":1,"featured_media":81730,"comment_status":"closed","ping_status":"closed","sticky":false,"template":"","format":"standard","meta":{"ngg_post_thumbnail":0,"footnotes":""},"categories":[38,3],"tags":[42,5624,1520,194,1709],"class_list":["post-81729","post","type-post","status-publish","format-standard","has-post-thumbnail","category-esztergom","category-hirek","tag-esztergom","tag-featured","tag-kereszteny-muzeum","tag-kiallitas","tag-muzeum"],"yoast_head":"<!-- This site is optimized with the Yoast SEO plugin v28.3 - https:\/\/yoast.com\/product\/yoast-seo-wordpress\/ -->\n<title>\u00d6tven \u00e9v ut\u00e1n teljesen meg\u00fajult a Kereszt\u00e9ny M\u00fazeum<\/title>\n<meta name=\"robots\" content=\"index, follow, max-snippet:-1, max-image-preview:large, max-video-preview:-1\" \/>\n<link rel=\"canonical\" href=\"https:\/\/dorogimedence.hu\/index.php\/2026\/07\/02\/otven-ev-utan-teljesen-megujult-a-kereszteny-muzeum\/\" class=\"yoast-seo-meta-tag\" \/>\n<meta property=\"og:locale\" content=\"hu_HU\" class=\"yoast-seo-meta-tag\" \/>\n<meta property=\"og:type\" content=\"article\" class=\"yoast-seo-meta-tag\" \/>\n<meta property=\"og:title\" content=\"\u00d6tven \u00e9v ut\u00e1n teljesen meg\u00fajult a Kereszt\u00e9ny M\u00fazeum\" class=\"yoast-seo-meta-tag\" \/>\n<meta property=\"og:description\" content=\"J\u00falius 1-j\u00e9t\u0151l ism\u00e9t l\u00e1togathat\u00f3 a meg\u00fajult Kereszt\u00e9ny M\u00fazeum Esztergomban. Magyarorsz\u00e1g legjelent\u0151sebb egyh\u00e1zi m\u00fazeuma \u00faj \u00e1lland\u00f3 ki\u00e1ll\u00edt\u00e1ssal, korszer\u0171 l\u00e1tv\u00e1nyvil\u00e1ggal \u00e9s \u00e1tgondolt ki\u00e1ll\u00edt\u00e1si koncepci\u00f3val v\u00e1rja a l\u00e1togat\u00f3kat. Az int\u00e9zm\u00e9ny t\u00f6bb mint \u00f6tven \u00e9v ut\u00e1n \u00fajult meg, mik\u00f6zben meg\u0151rizte t\u00f6rt\u00e9nelmi \u00e9rt\u00e9keit \u00e9s a neorenesz\u00e1nsz pr\u00edm\u00e1si palota k\u00fcl\u00f6nleges hangulat\u00e1t. Az \u00fcnnep\u00e9lyes megnyit\u00f3t j\u00fanius 30-\u00e1n tartott\u00e1k az Esztergom-v\u00edziv\u00e1rosi pl\u00e9b\u00e1niatemplomban. A\" class=\"yoast-seo-meta-tag\" \/>\n<meta property=\"og:url\" content=\"https:\/\/dorogimedence.hu\/index.php\/2026\/07\/02\/otven-ev-utan-teljesen-megujult-a-kereszteny-muzeum\/\" class=\"yoast-seo-meta-tag\" \/>\n<meta property=\"og:site_name\" content=\"Dorogi-medence Region\u00e1lis H\u00edrport\u00e1l\" class=\"yoast-seo-meta-tag\" \/>\n<meta property=\"article:publisher\" content=\"https:\/\/www.facebook.com\/dorogimedence\/\" class=\"yoast-seo-meta-tag\" \/>\n<meta property=\"article:published_time\" content=\"2026-07-02T14:03:18+00:00\" class=\"yoast-seo-meta-tag\" \/>\n<meta property=\"og:image\" content=\"https:\/\/dorogimedence.hu\/wp-content\/uploads\/2026\/07\/kereszteny-muzeum.jpg\" class=\"yoast-seo-meta-tag\" \/>\n\t<meta property=\"og:image:width\" content=\"1920\" class=\"yoast-seo-meta-tag\" \/>\n\t<meta property=\"og:image:height\" content=\"970\" class=\"yoast-seo-meta-tag\" \/>\n\t<meta property=\"og:image:type\" content=\"image\/jpeg\" class=\"yoast-seo-meta-tag\" \/>\n<meta name=\"author\" content=\"dorogimedence.hu\" class=\"yoast-seo-meta-tag\" \/>\n<meta name=\"twitter:card\" content=\"summary_large_image\" class=\"yoast-seo-meta-tag\" \/>\n<meta name=\"twitter:label1\" content=\"Szerz\u0151:\" class=\"yoast-seo-meta-tag\" \/>\n\t<meta name=\"twitter:data1\" content=\"dorogimedence.hu\" class=\"yoast-seo-meta-tag\" \/>\n\t<meta name=\"twitter:label2\" content=\"Becs\u00fclt olvas\u00e1si id\u0151\" class=\"yoast-seo-meta-tag\" \/>\n\t<meta name=\"twitter:data2\" content=\"4 perc\" class=\"yoast-seo-meta-tag\" \/>\n<script type=\"application\/ld+json\" class=\"yoast-schema-graph\">{\"@context\":\"https:\\\/\\\/schema.org\",\"@graph\":[{\"@type\":\"Article\",\"@id\":\"https:\\\/\\\/dorogimedence.hu\\\/index.php\\\/2026\\\/07\\\/02\\\/otven-ev-utan-teljesen-megujult-a-kereszteny-muzeum\\\/#article\",\"isPartOf\":{\"@id\":\"https:\\\/\\\/dorogimedence.hu\\\/index.php\\\/2026\\\/07\\\/02\\\/otven-ev-utan-teljesen-megujult-a-kereszteny-muzeum\\\/\"},\"author\":{\"name\":\"dorogimedence.hu\",\"@id\":\"https:\\\/\\\/dorogimedence.hu\\\/#\\\/schema\\\/person\\\/ce6091eeb7e95ecdc87890d6aa8e0fd4\"},\"headline\":\"\u00d6tven \u00e9v ut\u00e1n teljesen meg\u00fajult a Kereszt\u00e9ny M\u00fazeum\",\"datePublished\":\"2026-07-02T14:03:18+00:00\",\"mainEntityOfPage\":{\"@id\":\"https:\\\/\\\/dorogimedence.hu\\\/index.php\\\/2026\\\/07\\\/02\\\/otven-ev-utan-teljesen-megujult-a-kereszteny-muzeum\\\/\"},\"wordCount\":844,\"publisher\":{\"@id\":\"https:\\\/\\\/dorogimedence.hu\\\/#organization\"},\"image\":{\"@id\":\"https:\\\/\\\/dorogimedence.hu\\\/index.php\\\/2026\\\/07\\\/02\\\/otven-ev-utan-teljesen-megujult-a-kereszteny-muzeum\\\/#primaryimage\"},\"thumbnailUrl\":\"https:\\\/\\\/dorogimedence.hu\\\/wp-content\\\/uploads\\\/2026\\\/07\\\/kereszteny-muzeum.jpg\",\"keywords\":[\"esztergom\",\"featured\",\"Kereszt\u00e9ny M\u00fazeum\",\"ki\u00e1ll\u00edt\u00e1s\",\"m\u00fazeum\"],\"articleSection\":[\"Esztergom\",\"H\u00edrek\"],\"inLanguage\":\"hu\"},{\"@type\":\"WebPage\",\"@id\":\"https:\\\/\\\/dorogimedence.hu\\\/index.php\\\/2026\\\/07\\\/02\\\/otven-ev-utan-teljesen-megujult-a-kereszteny-muzeum\\\/\",\"url\":\"https:\\\/\\\/dorogimedence.hu\\\/index.php\\\/2026\\\/07\\\/02\\\/otven-ev-utan-teljesen-megujult-a-kereszteny-muzeum\\\/\",\"name\":\"\u00d6tven \u00e9v ut\u00e1n teljesen meg\u00fajult a Kereszt\u00e9ny M\u00fazeum\",\"isPartOf\":{\"@id\":\"https:\\\/\\\/dorogimedence.hu\\\/#website\"},\"primaryImageOfPage\":{\"@id\":\"https:\\\/\\\/dorogimedence.hu\\\/index.php\\\/2026\\\/07\\\/02\\\/otven-ev-utan-teljesen-megujult-a-kereszteny-muzeum\\\/#primaryimage\"},\"image\":{\"@id\":\"https:\\\/\\\/dorogimedence.hu\\\/index.php\\\/2026\\\/07\\\/02\\\/otven-ev-utan-teljesen-megujult-a-kereszteny-muzeum\\\/#primaryimage\"},\"thumbnailUrl\":\"https:\\\/\\\/dorogimedence.hu\\\/wp-content\\\/uploads\\\/2026\\\/07\\\/kereszteny-muzeum.jpg\",\"datePublished\":\"2026-07-02T14:03:18+00:00\",\"breadcrumb\":{\"@id\":\"https:\\\/\\\/dorogimedence.hu\\\/index.php\\\/2026\\\/07\\\/02\\\/otven-ev-utan-teljesen-megujult-a-kereszteny-muzeum\\\/#breadcrumb\"},\"inLanguage\":\"hu\",\"potentialAction\":[{\"@type\":\"ReadAction\",\"target\":[\"https:\\\/\\\/dorogimedence.hu\\\/index.php\\\/2026\\\/07\\\/02\\\/otven-ev-utan-teljesen-megujult-a-kereszteny-muzeum\\\/\"]}]},{\"@type\":\"ImageObject\",\"inLanguage\":\"hu\",\"@id\":\"https:\\\/\\\/dorogimedence.hu\\\/index.php\\\/2026\\\/07\\\/02\\\/otven-ev-utan-teljesen-megujult-a-kereszteny-muzeum\\\/#primaryimage\",\"url\":\"https:\\\/\\\/dorogimedence.hu\\\/wp-content\\\/uploads\\\/2026\\\/07\\\/kereszteny-muzeum.jpg\",\"contentUrl\":\"https:\\\/\\\/dorogimedence.hu\\\/wp-content\\\/uploads\\\/2026\\\/07\\\/kereszteny-muzeum.jpg\",\"width\":1920,\"height\":970},{\"@type\":\"BreadcrumbList\",\"@id\":\"https:\\\/\\\/dorogimedence.hu\\\/index.php\\\/2026\\\/07\\\/02\\\/otven-ev-utan-teljesen-megujult-a-kereszteny-muzeum\\\/#breadcrumb\",\"itemListElement\":[{\"@type\":\"ListItem\",\"position\":1,\"name\":\"Kezd\u0151lap\",\"item\":\"https:\\\/\\\/dorogimedence.hu\\\/\"},{\"@type\":\"ListItem\",\"position\":2,\"name\":\"\u00d6tven \u00e9v ut\u00e1n teljesen meg\u00fajult a Kereszt\u00e9ny M\u00fazeum\"}]},{\"@type\":\"WebSite\",\"@id\":\"https:\\\/\\\/dorogimedence.hu\\\/#website\",\"url\":\"https:\\\/\\\/dorogimedence.hu\\\/\",\"name\":\"Dorogi-medence Region\u00e1lis H\u00edrport\u00e1l\",\"description\":\"Dorog, Keszt\u00f6lc, Le\u00e1nyv\u00e1r, Piliscs\u00e9v, Tokod, Tokodalt\u00e1r\u00f3, Csolnok, Esztergom-kertv\u00e1ros: h\u00edrek, programok\",\"publisher\":{\"@id\":\"https:\\\/\\\/dorogimedence.hu\\\/#organization\"},\"potentialAction\":[{\"@type\":\"SearchAction\",\"target\":{\"@type\":\"EntryPoint\",\"urlTemplate\":\"https:\\\/\\\/dorogimedence.hu\\\/?s={search_term_string}\"},\"query-input\":{\"@type\":\"PropertyValueSpecification\",\"valueRequired\":true,\"valueName\":\"search_term_string\"}}],\"inLanguage\":\"hu\"},{\"@type\":\"Organization\",\"@id\":\"https:\\\/\\\/dorogimedence.hu\\\/#organization\",\"name\":\"Dorogi-medence Region\u00e1lis H\u00edrport\u00e1l\",\"url\":\"https:\\\/\\\/dorogimedence.hu\\\/\",\"logo\":{\"@type\":\"ImageObject\",\"inLanguage\":\"hu\",\"@id\":\"https:\\\/\\\/dorogimedence.hu\\\/#\\\/schema\\\/logo\\\/image\\\/\",\"url\":\"https:\\\/\\\/dorogimedence.hu\\\/wp-content\\\/uploads\\\/2021\\\/04\\\/logo-feher-600.png\",\"contentUrl\":\"https:\\\/\\\/dorogimedence.hu\\\/wp-content\\\/uploads\\\/2021\\\/04\\\/logo-feher-600.png\",\"width\":600,\"height\":100,\"caption\":\"Dorogi-medence Region\u00e1lis H\u00edrport\u00e1l\"},\"image\":{\"@id\":\"https:\\\/\\\/dorogimedence.hu\\\/#\\\/schema\\\/logo\\\/image\\\/\"},\"sameAs\":[\"https:\\\/\\\/www.facebook.com\\\/dorogimedence\\\/\"]},{\"@type\":\"Person\",\"@id\":\"https:\\\/\\\/dorogimedence.hu\\\/#\\\/schema\\\/person\\\/ce6091eeb7e95ecdc87890d6aa8e0fd4\",\"name\":\"dorogimedence.hu\",\"image\":{\"@type\":\"ImageObject\",\"inLanguage\":\"hu\",\"@id\":\"\\\/\\\/www.gravatar.com\\\/avatar\\\/d8d45f8901aadff40a4af72c0b826f1d?s=96&#038;r=g&#038;d=mm\",\"url\":\"\\\/\\\/www.gravatar.com\\\/avatar\\\/d8d45f8901aadff40a4af72c0b826f1d?s=96&#038;r=g&#038;d=mm\",\"contentUrl\":\"\\\/\\\/www.gravatar.com\\\/avatar\\\/d8d45f8901aadff40a4af72c0b826f1d?s=96&#038;r=g&#038;d=mm\",\"caption\":\"dorogimedence.hu\"}}]}<\/script>\n<!-- \/ Yoast SEO plugin. -->","yoast_head_json":{"title":"\u00d6tven \u00e9v ut\u00e1n teljesen meg\u00fajult a Kereszt\u00e9ny M\u00fazeum","robots":{"index":"index","follow":"follow","max-snippet":"max-snippet:-1","max-image-preview":"max-image-preview:large","max-video-preview":"max-video-preview:-1"},"canonical":"https:\/\/dorogimedence.hu\/index.php\/2026\/07\/02\/otven-ev-utan-teljesen-megujult-a-kereszteny-muzeum\/","og_locale":"hu_HU","og_type":"article","og_title":"\u00d6tven \u00e9v ut\u00e1n teljesen meg\u00fajult a Kereszt\u00e9ny M\u00fazeum","og_description":"J\u00falius 1-j\u00e9t\u0151l ism\u00e9t l\u00e1togathat\u00f3 a meg\u00fajult Kereszt\u00e9ny M\u00fazeum Esztergomban. Magyarorsz\u00e1g legjelent\u0151sebb egyh\u00e1zi m\u00fazeuma \u00faj \u00e1lland\u00f3 ki\u00e1ll\u00edt\u00e1ssal, korszer\u0171 l\u00e1tv\u00e1nyvil\u00e1ggal \u00e9s \u00e1tgondolt ki\u00e1ll\u00edt\u00e1si koncepci\u00f3val v\u00e1rja a l\u00e1togat\u00f3kat. Az int\u00e9zm\u00e9ny t\u00f6bb mint \u00f6tven \u00e9v ut\u00e1n \u00fajult meg, mik\u00f6zben meg\u0151rizte t\u00f6rt\u00e9nelmi \u00e9rt\u00e9keit \u00e9s a neorenesz\u00e1nsz pr\u00edm\u00e1si palota k\u00fcl\u00f6nleges hangulat\u00e1t. Az \u00fcnnep\u00e9lyes megnyit\u00f3t j\u00fanius 30-\u00e1n tartott\u00e1k az Esztergom-v\u00edziv\u00e1rosi pl\u00e9b\u00e1niatemplomban. A","og_url":"https:\/\/dorogimedence.hu\/index.php\/2026\/07\/02\/otven-ev-utan-teljesen-megujult-a-kereszteny-muzeum\/","og_site_name":"Dorogi-medence Region\u00e1lis H\u00edrport\u00e1l","article_publisher":"https:\/\/www.facebook.com\/dorogimedence\/","article_published_time":"2026-07-02T14:03:18+00:00","og_image":[{"width":1920,"height":970,"url":"https:\/\/dorogimedence.hu\/wp-content\/uploads\/2026\/07\/kereszteny-muzeum.jpg","type":"image\/jpeg"}],"author":"dorogimedence.hu","twitter_card":"summary_large_image","twitter_misc":{"Szerz\u0151:":"dorogimedence.hu","Becs\u00fclt olvas\u00e1si id\u0151":"4 perc"},"schema":{"@context":"https:\/\/schema.org","@graph":[{"@type":"Article","@id":"https:\/\/dorogimedence.hu\/index.php\/2026\/07\/02\/otven-ev-utan-teljesen-megujult-a-kereszteny-muzeum\/#article","isPartOf":{"@id":"https:\/\/dorogimedence.hu\/index.php\/2026\/07\/02\/otven-ev-utan-teljesen-megujult-a-kereszteny-muzeum\/"},"author":{"name":"dorogimedence.hu","@id":"https:\/\/dorogimedence.hu\/#\/schema\/person\/ce6091eeb7e95ecdc87890d6aa8e0fd4"},"headline":"\u00d6tven \u00e9v ut\u00e1n teljesen meg\u00fajult a Kereszt\u00e9ny M\u00fazeum","datePublished":"2026-07-02T14:03:18+00:00","mainEntityOfPage":{"@id":"https:\/\/dorogimedence.hu\/index.php\/2026\/07\/02\/otven-ev-utan-teljesen-megujult-a-kereszteny-muzeum\/"},"wordCount":844,"publisher":{"@id":"https:\/\/dorogimedence.hu\/#organization"},"image":{"@id":"https:\/\/dorogimedence.hu\/index.php\/2026\/07\/02\/otven-ev-utan-teljesen-megujult-a-kereszteny-muzeum\/#primaryimage"},"thumbnailUrl":"https:\/\/dorogimedence.hu\/wp-content\/uploads\/2026\/07\/kereszteny-muzeum.jpg","keywords":["esztergom","featured","Kereszt\u00e9ny M\u00fazeum","ki\u00e1ll\u00edt\u00e1s","m\u00fazeum"],"articleSection":["Esztergom","H\u00edrek"],"inLanguage":"hu"},{"@type":"WebPage","@id":"https:\/\/dorogimedence.hu\/index.php\/2026\/07\/02\/otven-ev-utan-teljesen-megujult-a-kereszteny-muzeum\/","url":"https:\/\/dorogimedence.hu\/index.php\/2026\/07\/02\/otven-ev-utan-teljesen-megujult-a-kereszteny-muzeum\/","name":"\u00d6tven \u00e9v ut\u00e1n teljesen meg\u00fajult a Kereszt\u00e9ny M\u00fazeum","isPartOf":{"@id":"https:\/\/dorogimedence.hu\/#website"},"primaryImageOfPage":{"@id":"https:\/\/dorogimedence.hu\/index.php\/2026\/07\/02\/otven-ev-utan-teljesen-megujult-a-kereszteny-muzeum\/#primaryimage"},"image":{"@id":"https:\/\/dorogimedence.hu\/index.php\/2026\/07\/02\/otven-ev-utan-teljesen-megujult-a-kereszteny-muzeum\/#primaryimage"},"thumbnailUrl":"https:\/\/dorogimedence.hu\/wp-content\/uploads\/2026\/07\/kereszteny-muzeum.jpg","datePublished":"2026-07-02T14:03:18+00:00","breadcrumb":{"@id":"https:\/\/dorogimedence.hu\/index.php\/2026\/07\/02\/otven-ev-utan-teljesen-megujult-a-kereszteny-muzeum\/#breadcrumb"},"inLanguage":"hu","potentialAction":[{"@type":"ReadAction","target":["https:\/\/dorogimedence.hu\/index.php\/2026\/07\/02\/otven-ev-utan-teljesen-megujult-a-kereszteny-muzeum\/"]}]},{"@type":"ImageObject","inLanguage":"hu","@id":"https:\/\/dorogimedence.hu\/index.php\/2026\/07\/02\/otven-ev-utan-teljesen-megujult-a-kereszteny-muzeum\/#primaryimage","url":"https:\/\/dorogimedence.hu\/wp-content\/uploads\/2026\/07\/kereszteny-muzeum.jpg","contentUrl":"https:\/\/dorogimedence.hu\/wp-content\/uploads\/2026\/07\/kereszteny-muzeum.jpg","width":1920,"height":970},{"@type":"BreadcrumbList","@id":"https:\/\/dorogimedence.hu\/index.php\/2026\/07\/02\/otven-ev-utan-teljesen-megujult-a-kereszteny-muzeum\/#breadcrumb","itemListElement":[{"@type":"ListItem","position":1,"name":"Kezd\u0151lap","item":"https:\/\/dorogimedence.hu\/"},{"@type":"ListItem","position":2,"name":"\u00d6tven \u00e9v ut\u00e1n teljesen meg\u00fajult a Kereszt\u00e9ny M\u00fazeum"}]},{"@type":"WebSite","@id":"https:\/\/dorogimedence.hu\/#website","url":"https:\/\/dorogimedence.hu\/","name":"Dorogi-medence Region\u00e1lis H\u00edrport\u00e1l","description":"Dorog, Keszt\u00f6lc, Le\u00e1nyv\u00e1r, Piliscs\u00e9v, Tokod, Tokodalt\u00e1r\u00f3, Csolnok, Esztergom-kertv\u00e1ros: h\u00edrek, programok","publisher":{"@id":"https:\/\/dorogimedence.hu\/#organization"},"potentialAction":[{"@type":"SearchAction","target":{"@type":"EntryPoint","urlTemplate":"https:\/\/dorogimedence.hu\/?s={search_term_string}"},"query-input":{"@type":"PropertyValueSpecification","valueRequired":true,"valueName":"search_term_string"}}],"inLanguage":"hu"},{"@type":"Organization","@id":"https:\/\/dorogimedence.hu\/#organization","name":"Dorogi-medence Region\u00e1lis H\u00edrport\u00e1l","url":"https:\/\/dorogimedence.hu\/","logo":{"@type":"ImageObject","inLanguage":"hu","@id":"https:\/\/dorogimedence.hu\/#\/schema\/logo\/image\/","url":"https:\/\/dorogimedence.hu\/wp-content\/uploads\/2021\/04\/logo-feher-600.png","contentUrl":"https:\/\/dorogimedence.hu\/wp-content\/uploads\/2021\/04\/logo-feher-600.png","width":600,"height":100,"caption":"Dorogi-medence Region\u00e1lis H\u00edrport\u00e1l"},"image":{"@id":"https:\/\/dorogimedence.hu\/#\/schema\/logo\/image\/"},"sameAs":["https:\/\/www.facebook.com\/dorogimedence\/"]},{"@type":"Person","@id":"https:\/\/dorogimedence.hu\/#\/schema\/person\/ce6091eeb7e95ecdc87890d6aa8e0fd4","name":"dorogimedence.hu","image":{"@type":"ImageObject","inLanguage":"hu","@id":"\/\/www.gravatar.com\/avatar\/d8d45f8901aadff40a4af72c0b826f1d?s=96&#038;r=g&#038;d=mm","url":"\/\/www.gravatar.com\/avatar\/d8d45f8901aadff40a4af72c0b826f1d?s=96&#038;r=g&#038;d=mm","contentUrl":"\/\/www.gravatar.com\/avatar\/d8d45f8901aadff40a4af72c0b826f1d?s=96&#038;r=g&#038;d=mm","caption":"dorogimedence.hu"}}]}},"_links":{"self":[{"href":"https:\/\/dorogimedence.hu\/index.php\/wp-json\/wp\/v2\/posts\/81729","targetHints":{"allow":["GET"]}}],"collection":[{"href":"https:\/\/dorogimedence.hu\/index.php\/wp-json\/wp\/v2\/posts"}],"about":[{"href":"https:\/\/dorogimedence.hu\/index.php\/wp-json\/wp\/v2\/types\/post"}],"author":[{"embeddable":true,"href":"https:\/\/dorogimedence.hu\/index.php\/wp-json\/wp\/v2\/users\/1"}],"replies":[{"embeddable":true,"href":"https:\/\/dorogimedence.hu\/index.php\/wp-json\/wp\/v2\/comments?post=81729"}],"version-history":[{"count":1,"href":"https:\/\/dorogimedence.hu\/index.php\/wp-json\/wp\/v2\/posts\/81729\/revisions"}],"predecessor-version":[{"id":81734,"href":"https:\/\/dorogimedence.hu\/index.php\/wp-json\/wp\/v2\/posts\/81729\/revisions\/81734"}],"wp:featuredmedia":[{"embeddable":true,"href":"https:\/\/dorogimedence.hu\/index.php\/wp-json\/wp\/v2\/media\/81730"}],"wp:attachment":[{"href":"https:\/\/dorogimedence.hu\/index.php\/wp-json\/wp\/v2\/media?parent=81729"}],"wp:term":[{"taxonomy":"category","embeddable":true,"href":"https:\/\/dorogimedence.hu\/index.php\/wp-json\/wp\/v2\/categories?post=81729"},{"taxonomy":"post_tag","embeddable":true,"href":"https:\/\/dorogimedence.hu\/index.php\/wp-json\/wp\/v2\/tags?post=81729"}],"curies":[{"name":"wp","href":"https:\/\/api.w.org\/{rel}","templated":true}]}}