{"id":81704,"date":"2026-07-01T14:12:00","date_gmt":"2026-07-01T12:12:00","guid":{"rendered":"https:\/\/dorogimedence.hu\/?p=81704"},"modified":"2026-07-01T14:12:00","modified_gmt":"2026-07-01T12:12:00","slug":"korispusztulas-a-vertesben-igy-probaljak-megorizni-az-erdok-jovojet","status":"publish","type":"post","link":"https:\/\/dorogimedence.hu\/index.php\/2026\/07\/01\/korispusztulas-a-vertesben-igy-probaljak-megorizni-az-erdok-jovojet\/","title":{"rendered":"K\u0151rispusztul\u00e1s a V\u00e9rtesben: \u00edgy pr\u00f3b\u00e1lj\u00e1k meg\u0151rizni az erd\u0151k j\u00f6v\u0151j\u00e9t"},"content":{"rendered":"<p><strong>Egyre t\u00f6bb helyen figyelhet\u0151k meg a k\u0151rispusztul\u00e1s l\u00e1tv\u00e1nyos jelei a V\u00e9rtes erdeiben. A ritkul\u00f3 lombkoron\u00e1k, az elsz\u00e1rad\u00f3 \u00e1gak \u00e9s a kid\u0151lt fat\u00f6rzsek sok kir\u00e1ndul\u00f3ban kelthetnek aggodalmat, a szakemberek azonban hangs\u00falyozz\u00e1k: a legfontosabb feladat nem egyetlen fafaj megment\u00e9se, hanem az erd\u0151k hossz\u00fa t\u00e1v\u00fa fennmarad\u00e1s\u00e1nak biztos\u00edt\u00e1sa.<\/strong><\/p>\n<p>A <a href=\"https:\/\/verteserdo.hu\/2026\/06\/30\/korispusztulas-a-vertesben-nem-egy-fafajert-hanem-az-erdo-jovojeert-dolgozunk\/\" target=\"_blank\" rel=\"noopener\"><span style=\"text-decoration: underline; color: #0000ff;\">V\u00e9rteserd\u0151 Zrt. t\u00e1j\u00e9koztat\u00e1sa szerint<\/span><\/a> a jelens\u00e9g h\u00e1tter\u00e9ben a k\u00f6zismert nev\u00e9n k\u0151risv\u00e9szk\u00e9nt emlegetett gombabetegs\u00e9g \u00e1ll, amely Eur\u00f3p\u00e1ban az 1990-es \u00e9vek v\u00e9g\u00e9t\u0151l terjedt el, Magyarorsz\u00e1gon pedig az ezredfordul\u00f3t k\u00f6vet\u0151en jelent meg egyre nagyobb m\u00e9rt\u00e9kben. A betegs\u00e9g els\u0151sorban a magas k\u0151rist \u00e9s a magyar k\u0151rist t\u00e1madja meg, r\u00e1ad\u00e1sul a fiatal \u00e9s az id\u0151s f\u00e1kat egyar\u00e1nt vesz\u00e9lyezteti.<\/p>\n<p>A fert\u0151z\u00e9s els\u0151 jelei jellemz\u0151en a lombkoron\u00e1ban jelentkeznek: a levelek ritkulnak, a hajt\u00e1sok gyeng\u00fclnek, majd fokozatosan elsz\u00e1radnak az \u00e1gak. A betegs\u00e9g lefoly\u00e1sa azonban kisz\u00e1m\u00edthatatlan, hiszen azt az id\u0151j\u00e1r\u00e1s, a csapad\u00e9k mennyis\u00e9ge, a term\u0151hely adotts\u00e1gai \u00e9s a f\u00e1k eg\u00e9szs\u00e9gi \u00e1llapota is befoly\u00e1solja.<\/p>\n<p>A szakemberek szerint a k\u0151rispusztul\u00e1s nem csup\u00e1n egy fafaj probl\u00e9m\u00e1ja. Azokon a ter\u00fcleteken, ahol a k\u0151ris meghat\u00e1roz\u00f3 szerepet t\u00f6lt be, a f\u00e1k t\u00f6meges pusztul\u00e1sa miatt felny\u00edlhat az erd\u0151 lombkoron\u00e1ja, ami cs\u00f6kkenti az erd\u0151 z\u00e1r\u00f3d\u00e1s\u00e1t, n\u00f6veli a talajer\u00f3zi\u00f3 kock\u00e1zat\u00e1t, rontja a v\u00edzmegtart\u00f3 k\u00e9pess\u00e9get \u00e9s az \u00e9l\u0151vil\u00e1g sz\u00e1m\u00e1ra is kedvez\u0151tlen v\u00e1ltoz\u00e1sokat id\u00e9zhet el\u0151.<\/p>\n<p>\u00c9ppen ez\u00e9rt a V\u00e9rteserd\u0151 Zrt. erd\u0151gazd\u00e1lkod\u00e1si munk\u00e1j\u00e1nak k\u00f6z\u00e9ppontj\u00e1ban a folyamatos erd\u0151bor\u00edt\u00e1s fenntart\u00e1sa \u00e9s a term\u00e9szetes meg\u00fajul\u00e1s t\u00e1mogat\u00e1sa \u00e1ll. A c\u00e9l, hogy a beteg \u00e1llom\u00e1nyok hely\u00e9n hossz\u00fa t\u00e1von is eg\u00e9szs\u00e9ges, v\u00e1ltozatos \u00e9s ellen\u00e1ll\u00f3 erd\u0151k fejl\u0151djenek.<\/p>\n<p>A k\u0151risv\u00e9sz ellen jelenleg nincs olyan m\u00f3dszer, amely a m\u00e1r fert\u0151z\u00f6tt f\u00e1kat meggy\u00f3gy\u00edtan\u00e1. Az erd\u00e9szek ugyanakkor t\u00f6bbf\u00e9le beavatkoz\u00e1ssal seg\u00edthetik az erd\u0151k alkalmazkod\u00e1s\u00e1t. A balesetvesz\u00e9lyes, elhalt f\u00e1kat sz\u00fcks\u00e9g eset\u00e9n elt\u00e1vol\u00edtj\u00e1k, mik\u00f6zben ahol ez biztons\u00e1gosan megoldhat\u00f3, meghagyj\u00e1k a holtf\u00e1t, amely sz\u00e1mos n\u00f6v\u00e9ny- \u00e9s \u00e1llatfaj sz\u00e1m\u00e1ra fontos \u00e9l\u0151helyet biztos\u00edt.<\/p>\n<p>Kiemelt figyelmet ford\u00edtanak azokra a k\u0151risf\u00e1kra is, amelyek a fert\u0151z\u00f6tt \u00e1llom\u00e1nyokban is eg\u00e9szs\u00e9gesnek vagy ellen\u00e1ll\u00f3bbnak bizonyulnak. Ezek a p\u00e9ld\u00e1nyok a j\u00f6v\u0151ben fontos szerepet j\u00e1tszhatnak a faj fennmarad\u00e1s\u00e1ban.<\/p>\n<p>A k\u0151risek ritkul\u00e1s\u00e1val t\u00f6bb f\u00e9ny jut az erd\u0151 talaj\u00e1ra, ami kedvez a term\u00e9szetes meg\u00fajul\u00e1snak. A V\u00e9rtes t\u00e9rs\u00e9g\u00e9ben ilyenkor olyan \u0151shonos fafajok er\u0151s\u00f6dhetnek meg, mint a kislevel\u0171 h\u00e1rs, a mad\u00e1rcseresznye, a mezei juhar, a hegyi juhar, a korai juhar, valamint a sz\u00e1razabb ter\u00fcleteken a vir\u00e1gos k\u0151ris \u00e9s a berkenyefajok. A szakemberek szerint ezek hozz\u00e1j\u00e1rulhatnak ahhoz, hogy a j\u00f6v\u0151 erdei ellen\u00e1ll\u00f3bbak legyenek a v\u00e1ltoz\u00f3 k\u00f6rnyezeti hat\u00e1sokkal szemben.<\/p>\n<p>A kir\u00e1ndul\u00f3k ez\u00e9rt a k\u00f6vetkez\u0151 id\u0151szakban t\u00f6bb helyen tal\u00e1lkozhatnak ritkul\u00f3 lombkoron\u00e1kkal, kid\u0151lt f\u00e1kkal, fakitermel\u00e9sek nyomaival \u00e9s fiatal erd\u0151fel\u00fajul\u00e1ssal. B\u00e1r ezek a v\u00e1ltoz\u00e1sok els\u0151re drasztikusnak t\u0171nhetnek, sok esetben az erd\u0151 term\u00e9szetes meg\u00fajul\u00e1s\u00e1nak r\u00e9sz\u00e9t k\u00e9pezik.<\/p>\n<p>A V\u00e9rteserd\u0151 Zrt. hangs\u00falyozza: a k\u0151rispusztul\u00e1s komoly kih\u00edv\u00e1s, de megfelel\u0151 erd\u0151kezel\u00e9ssel biztos\u00edthat\u00f3, hogy a V\u00e9rtes erdei a j\u00f6v\u0151ben is meg\u0151rizz\u00e9k \u00f6kol\u00f3giai, t\u00e1jk\u00e9pi \u00e9s k\u00f6zj\u00f3l\u00e9ti \u00e9rt\u00e9keiket.<\/p>\n<p><iframe title=\"K\u0151rispusztul\u00e1s a hazai erd\u0151kben | Erd\u0151m\u00e1nia\" width=\"755\" height=\"425\" src=\"https:\/\/www.youtube.com\/embed\/kajTVN0OlgM?feature=oembed\" frameborder=\"0\" allow=\"accelerometer; autoplay; clipboard-write; encrypted-media; gyroscope; picture-in-picture; web-share\" referrerpolicy=\"strict-origin-when-cross-origin\" allowfullscreen><\/iframe><\/p>\n<p><em>Bor\u00edt\u00f3k\u00e9p, forr\u00e1s: V\u00e9rteserd\u0151 Zrt., Erd\u0151m\u00e1nia<\/em><\/p>\n","protected":false},"excerpt":{"rendered":"<p>Egyre t\u00f6bb helyen figyelhet\u0151k meg a k\u0151rispusztul\u00e1s l\u00e1tv\u00e1nyos jelei a V\u00e9rtes erdeiben. A ritkul\u00f3 lombkoron\u00e1k, az elsz\u00e1rad\u00f3 \u00e1gak \u00e9s a kid\u0151lt fat\u00f6rzsek sok kir\u00e1ndul\u00f3ban kelthetnek aggodalmat, a szakemberek azonban hangs\u00falyozz\u00e1k: a legfontosabb feladat nem egyetlen fafaj megment\u00e9se, hanem az erd\u0151k hossz\u00fa t\u00e1v\u00fa fennmarad\u00e1s\u00e1nak biztos\u00edt\u00e1sa. A V\u00e9rteserd\u0151 Zrt. t\u00e1j\u00e9koztat\u00e1sa szerint a jelens\u00e9g h\u00e1tter\u00e9ben a k\u00f6zismert nev\u00e9n<\/p>\n","protected":false},"author":1,"featured_media":81705,"comment_status":"closed","ping_status":"closed","sticky":false,"template":"","format":"standard","meta":{"ngg_post_thumbnail":0,"footnotes":""},"categories":[3,6948],"tags":[1799,8957,8958],"class_list":["post-81704","post","type-post","status-publish","format-standard","has-post-thumbnail","category-hirek","category-szines","tag-erdo","tag-korispusztulas","tag-verteserdo"],"yoast_head":"<!-- This site is optimized with the Yoast SEO plugin v28.3 - https:\/\/yoast.com\/product\/yoast-seo-wordpress\/ -->\n<title>K\u0151rispusztul\u00e1s a V\u00e9rtesben: \u00edgy pr\u00f3b\u00e1lj\u00e1k meg\u0151rizni az erd\u0151k j\u00f6v\u0151j\u00e9t<\/title>\n<meta name=\"robots\" content=\"index, follow, max-snippet:-1, max-image-preview:large, max-video-preview:-1\" \/>\n<link rel=\"canonical\" href=\"https:\/\/dorogimedence.hu\/index.php\/2026\/07\/01\/korispusztulas-a-vertesben-igy-probaljak-megorizni-az-erdok-jovojet\/\" class=\"yoast-seo-meta-tag\" \/>\n<meta property=\"og:locale\" content=\"hu_HU\" class=\"yoast-seo-meta-tag\" \/>\n<meta property=\"og:type\" content=\"article\" class=\"yoast-seo-meta-tag\" \/>\n<meta property=\"og:title\" content=\"K\u0151rispusztul\u00e1s a V\u00e9rtesben: \u00edgy pr\u00f3b\u00e1lj\u00e1k meg\u0151rizni az erd\u0151k j\u00f6v\u0151j\u00e9t\" class=\"yoast-seo-meta-tag\" \/>\n<meta property=\"og:description\" content=\"Egyre t\u00f6bb helyen figyelhet\u0151k meg a k\u0151rispusztul\u00e1s l\u00e1tv\u00e1nyos jelei a V\u00e9rtes erdeiben. A ritkul\u00f3 lombkoron\u00e1k, az elsz\u00e1rad\u00f3 \u00e1gak \u00e9s a kid\u0151lt fat\u00f6rzsek sok kir\u00e1ndul\u00f3ban kelthetnek aggodalmat, a szakemberek azonban hangs\u00falyozz\u00e1k: a legfontosabb feladat nem egyetlen fafaj megment\u00e9se, hanem az erd\u0151k hossz\u00fa t\u00e1v\u00fa fennmarad\u00e1s\u00e1nak biztos\u00edt\u00e1sa. A V\u00e9rteserd\u0151 Zrt. t\u00e1j\u00e9koztat\u00e1sa szerint a jelens\u00e9g h\u00e1tter\u00e9ben a k\u00f6zismert nev\u00e9n\" class=\"yoast-seo-meta-tag\" \/>\n<meta property=\"og:url\" content=\"https:\/\/dorogimedence.hu\/index.php\/2026\/07\/01\/korispusztulas-a-vertesben-igy-probaljak-megorizni-az-erdok-jovojet\/\" class=\"yoast-seo-meta-tag\" \/>\n<meta property=\"og:site_name\" content=\"Dorogi-medence Region\u00e1lis H\u00edrport\u00e1l\" class=\"yoast-seo-meta-tag\" \/>\n<meta property=\"article:publisher\" content=\"https:\/\/www.facebook.com\/dorogimedence\/\" class=\"yoast-seo-meta-tag\" \/>\n<meta property=\"article:published_time\" content=\"2026-07-01T12:12:00+00:00\" class=\"yoast-seo-meta-tag\" \/>\n<meta property=\"og:image\" content=\"https:\/\/dorogimedence.hu\/wp-content\/uploads\/2026\/07\/Korispusztulas-6.png\" class=\"yoast-seo-meta-tag\" \/>\n\t<meta property=\"og:image:width\" content=\"1237\" class=\"yoast-seo-meta-tag\" \/>\n\t<meta property=\"og:image:height\" content=\"686\" class=\"yoast-seo-meta-tag\" \/>\n\t<meta property=\"og:image:type\" content=\"image\/png\" class=\"yoast-seo-meta-tag\" \/>\n<meta name=\"author\" content=\"dorogimedence.hu\" class=\"yoast-seo-meta-tag\" \/>\n<meta name=\"twitter:card\" content=\"summary_large_image\" class=\"yoast-seo-meta-tag\" \/>\n<meta name=\"twitter:label1\" content=\"Szerz\u0151:\" class=\"yoast-seo-meta-tag\" \/>\n\t<meta name=\"twitter:data1\" content=\"dorogimedence.hu\" class=\"yoast-seo-meta-tag\" \/>\n\t<meta name=\"twitter:label2\" content=\"Becs\u00fclt olvas\u00e1si id\u0151\" class=\"yoast-seo-meta-tag\" \/>\n\t<meta name=\"twitter:data2\" content=\"4 perc\" class=\"yoast-seo-meta-tag\" \/>\n<script type=\"application\/ld+json\" class=\"yoast-schema-graph\">{\"@context\":\"https:\\\/\\\/schema.org\",\"@graph\":[{\"@type\":\"Article\",\"@id\":\"https:\\\/\\\/dorogimedence.hu\\\/index.php\\\/2026\\\/07\\\/01\\\/korispusztulas-a-vertesben-igy-probaljak-megorizni-az-erdok-jovojet\\\/#article\",\"isPartOf\":{\"@id\":\"https:\\\/\\\/dorogimedence.hu\\\/index.php\\\/2026\\\/07\\\/01\\\/korispusztulas-a-vertesben-igy-probaljak-megorizni-az-erdok-jovojet\\\/\"},\"author\":{\"name\":\"dorogimedence.hu\",\"@id\":\"https:\\\/\\\/dorogimedence.hu\\\/#\\\/schema\\\/person\\\/ce6091eeb7e95ecdc87890d6aa8e0fd4\"},\"headline\":\"K\u0151rispusztul\u00e1s a V\u00e9rtesben: \u00edgy pr\u00f3b\u00e1lj\u00e1k meg\u0151rizni az erd\u0151k j\u00f6v\u0151j\u00e9t\",\"datePublished\":\"2026-07-01T12:12:00+00:00\",\"mainEntityOfPage\":{\"@id\":\"https:\\\/\\\/dorogimedence.hu\\\/index.php\\\/2026\\\/07\\\/01\\\/korispusztulas-a-vertesben-igy-probaljak-megorizni-az-erdok-jovojet\\\/\"},\"wordCount\":731,\"publisher\":{\"@id\":\"https:\\\/\\\/dorogimedence.hu\\\/#organization\"},\"image\":{\"@id\":\"https:\\\/\\\/dorogimedence.hu\\\/index.php\\\/2026\\\/07\\\/01\\\/korispusztulas-a-vertesben-igy-probaljak-megorizni-az-erdok-jovojet\\\/#primaryimage\"},\"thumbnailUrl\":\"https:\\\/\\\/dorogimedence.hu\\\/wp-content\\\/uploads\\\/2026\\\/07\\\/Korispusztulas-6.png\",\"keywords\":[\"erd\u0151\",\"k\u0151rispusztul\u00e1s\",\"V\u00e9rteserd\u0151\"],\"articleSection\":[\"H\u00edrek\",\"Sz\u00ednes\"],\"inLanguage\":\"hu\"},{\"@type\":\"WebPage\",\"@id\":\"https:\\\/\\\/dorogimedence.hu\\\/index.php\\\/2026\\\/07\\\/01\\\/korispusztulas-a-vertesben-igy-probaljak-megorizni-az-erdok-jovojet\\\/\",\"url\":\"https:\\\/\\\/dorogimedence.hu\\\/index.php\\\/2026\\\/07\\\/01\\\/korispusztulas-a-vertesben-igy-probaljak-megorizni-az-erdok-jovojet\\\/\",\"name\":\"K\u0151rispusztul\u00e1s a V\u00e9rtesben: \u00edgy pr\u00f3b\u00e1lj\u00e1k meg\u0151rizni az erd\u0151k j\u00f6v\u0151j\u00e9t\",\"isPartOf\":{\"@id\":\"https:\\\/\\\/dorogimedence.hu\\\/#website\"},\"primaryImageOfPage\":{\"@id\":\"https:\\\/\\\/dorogimedence.hu\\\/index.php\\\/2026\\\/07\\\/01\\\/korispusztulas-a-vertesben-igy-probaljak-megorizni-az-erdok-jovojet\\\/#primaryimage\"},\"image\":{\"@id\":\"https:\\\/\\\/dorogimedence.hu\\\/index.php\\\/2026\\\/07\\\/01\\\/korispusztulas-a-vertesben-igy-probaljak-megorizni-az-erdok-jovojet\\\/#primaryimage\"},\"thumbnailUrl\":\"https:\\\/\\\/dorogimedence.hu\\\/wp-content\\\/uploads\\\/2026\\\/07\\\/Korispusztulas-6.png\",\"datePublished\":\"2026-07-01T12:12:00+00:00\",\"breadcrumb\":{\"@id\":\"https:\\\/\\\/dorogimedence.hu\\\/index.php\\\/2026\\\/07\\\/01\\\/korispusztulas-a-vertesben-igy-probaljak-megorizni-az-erdok-jovojet\\\/#breadcrumb\"},\"inLanguage\":\"hu\",\"potentialAction\":[{\"@type\":\"ReadAction\",\"target\":[\"https:\\\/\\\/dorogimedence.hu\\\/index.php\\\/2026\\\/07\\\/01\\\/korispusztulas-a-vertesben-igy-probaljak-megorizni-az-erdok-jovojet\\\/\"]}]},{\"@type\":\"ImageObject\",\"inLanguage\":\"hu\",\"@id\":\"https:\\\/\\\/dorogimedence.hu\\\/index.php\\\/2026\\\/07\\\/01\\\/korispusztulas-a-vertesben-igy-probaljak-megorizni-az-erdok-jovojet\\\/#primaryimage\",\"url\":\"https:\\\/\\\/dorogimedence.hu\\\/wp-content\\\/uploads\\\/2026\\\/07\\\/Korispusztulas-6.png\",\"contentUrl\":\"https:\\\/\\\/dorogimedence.hu\\\/wp-content\\\/uploads\\\/2026\\\/07\\\/Korispusztulas-6.png\",\"width\":1237,\"height\":686},{\"@type\":\"BreadcrumbList\",\"@id\":\"https:\\\/\\\/dorogimedence.hu\\\/index.php\\\/2026\\\/07\\\/01\\\/korispusztulas-a-vertesben-igy-probaljak-megorizni-az-erdok-jovojet\\\/#breadcrumb\",\"itemListElement\":[{\"@type\":\"ListItem\",\"position\":1,\"name\":\"Kezd\u0151lap\",\"item\":\"https:\\\/\\\/dorogimedence.hu\\\/\"},{\"@type\":\"ListItem\",\"position\":2,\"name\":\"K\u0151rispusztul\u00e1s a V\u00e9rtesben: \u00edgy pr\u00f3b\u00e1lj\u00e1k meg\u0151rizni az erd\u0151k j\u00f6v\u0151j\u00e9t\"}]},{\"@type\":\"WebSite\",\"@id\":\"https:\\\/\\\/dorogimedence.hu\\\/#website\",\"url\":\"https:\\\/\\\/dorogimedence.hu\\\/\",\"name\":\"Dorogi-medence Region\u00e1lis H\u00edrport\u00e1l\",\"description\":\"Dorog, Keszt\u00f6lc, Le\u00e1nyv\u00e1r, Piliscs\u00e9v, Tokod, Tokodalt\u00e1r\u00f3, Csolnok, Esztergom-kertv\u00e1ros: h\u00edrek, programok\",\"publisher\":{\"@id\":\"https:\\\/\\\/dorogimedence.hu\\\/#organization\"},\"potentialAction\":[{\"@type\":\"SearchAction\",\"target\":{\"@type\":\"EntryPoint\",\"urlTemplate\":\"https:\\\/\\\/dorogimedence.hu\\\/?s={search_term_string}\"},\"query-input\":{\"@type\":\"PropertyValueSpecification\",\"valueRequired\":true,\"valueName\":\"search_term_string\"}}],\"inLanguage\":\"hu\"},{\"@type\":\"Organization\",\"@id\":\"https:\\\/\\\/dorogimedence.hu\\\/#organization\",\"name\":\"Dorogi-medence Region\u00e1lis H\u00edrport\u00e1l\",\"url\":\"https:\\\/\\\/dorogimedence.hu\\\/\",\"logo\":{\"@type\":\"ImageObject\",\"inLanguage\":\"hu\",\"@id\":\"https:\\\/\\\/dorogimedence.hu\\\/#\\\/schema\\\/logo\\\/image\\\/\",\"url\":\"https:\\\/\\\/dorogimedence.hu\\\/wp-content\\\/uploads\\\/2021\\\/04\\\/logo-feher-600.png\",\"contentUrl\":\"https:\\\/\\\/dorogimedence.hu\\\/wp-content\\\/uploads\\\/2021\\\/04\\\/logo-feher-600.png\",\"width\":600,\"height\":100,\"caption\":\"Dorogi-medence Region\u00e1lis H\u00edrport\u00e1l\"},\"image\":{\"@id\":\"https:\\\/\\\/dorogimedence.hu\\\/#\\\/schema\\\/logo\\\/image\\\/\"},\"sameAs\":[\"https:\\\/\\\/www.facebook.com\\\/dorogimedence\\\/\"]},{\"@type\":\"Person\",\"@id\":\"https:\\\/\\\/dorogimedence.hu\\\/#\\\/schema\\\/person\\\/ce6091eeb7e95ecdc87890d6aa8e0fd4\",\"name\":\"dorogimedence.hu\",\"image\":{\"@type\":\"ImageObject\",\"inLanguage\":\"hu\",\"@id\":\"\\\/\\\/www.gravatar.com\\\/avatar\\\/d8d45f8901aadff40a4af72c0b826f1d?s=96&#038;r=g&#038;d=mm\",\"url\":\"\\\/\\\/www.gravatar.com\\\/avatar\\\/d8d45f8901aadff40a4af72c0b826f1d?s=96&#038;r=g&#038;d=mm\",\"contentUrl\":\"\\\/\\\/www.gravatar.com\\\/avatar\\\/d8d45f8901aadff40a4af72c0b826f1d?s=96&#038;r=g&#038;d=mm\",\"caption\":\"dorogimedence.hu\"}}]}<\/script>\n<!-- \/ Yoast SEO plugin. -->","yoast_head_json":{"title":"K\u0151rispusztul\u00e1s a V\u00e9rtesben: \u00edgy pr\u00f3b\u00e1lj\u00e1k meg\u0151rizni az erd\u0151k j\u00f6v\u0151j\u00e9t","robots":{"index":"index","follow":"follow","max-snippet":"max-snippet:-1","max-image-preview":"max-image-preview:large","max-video-preview":"max-video-preview:-1"},"canonical":"https:\/\/dorogimedence.hu\/index.php\/2026\/07\/01\/korispusztulas-a-vertesben-igy-probaljak-megorizni-az-erdok-jovojet\/","og_locale":"hu_HU","og_type":"article","og_title":"K\u0151rispusztul\u00e1s a V\u00e9rtesben: \u00edgy pr\u00f3b\u00e1lj\u00e1k meg\u0151rizni az erd\u0151k j\u00f6v\u0151j\u00e9t","og_description":"Egyre t\u00f6bb helyen figyelhet\u0151k meg a k\u0151rispusztul\u00e1s l\u00e1tv\u00e1nyos jelei a V\u00e9rtes erdeiben. A ritkul\u00f3 lombkoron\u00e1k, az elsz\u00e1rad\u00f3 \u00e1gak \u00e9s a kid\u0151lt fat\u00f6rzsek sok kir\u00e1ndul\u00f3ban kelthetnek aggodalmat, a szakemberek azonban hangs\u00falyozz\u00e1k: a legfontosabb feladat nem egyetlen fafaj megment\u00e9se, hanem az erd\u0151k hossz\u00fa t\u00e1v\u00fa fennmarad\u00e1s\u00e1nak biztos\u00edt\u00e1sa. A V\u00e9rteserd\u0151 Zrt. t\u00e1j\u00e9koztat\u00e1sa szerint a jelens\u00e9g h\u00e1tter\u00e9ben a k\u00f6zismert nev\u00e9n","og_url":"https:\/\/dorogimedence.hu\/index.php\/2026\/07\/01\/korispusztulas-a-vertesben-igy-probaljak-megorizni-az-erdok-jovojet\/","og_site_name":"Dorogi-medence Region\u00e1lis H\u00edrport\u00e1l","article_publisher":"https:\/\/www.facebook.com\/dorogimedence\/","article_published_time":"2026-07-01T12:12:00+00:00","og_image":[{"width":1237,"height":686,"url":"https:\/\/dorogimedence.hu\/wp-content\/uploads\/2026\/07\/Korispusztulas-6.png","type":"image\/png"}],"author":"dorogimedence.hu","twitter_card":"summary_large_image","twitter_misc":{"Szerz\u0151:":"dorogimedence.hu","Becs\u00fclt olvas\u00e1si id\u0151":"4 perc"},"schema":{"@context":"https:\/\/schema.org","@graph":[{"@type":"Article","@id":"https:\/\/dorogimedence.hu\/index.php\/2026\/07\/01\/korispusztulas-a-vertesben-igy-probaljak-megorizni-az-erdok-jovojet\/#article","isPartOf":{"@id":"https:\/\/dorogimedence.hu\/index.php\/2026\/07\/01\/korispusztulas-a-vertesben-igy-probaljak-megorizni-az-erdok-jovojet\/"},"author":{"name":"dorogimedence.hu","@id":"https:\/\/dorogimedence.hu\/#\/schema\/person\/ce6091eeb7e95ecdc87890d6aa8e0fd4"},"headline":"K\u0151rispusztul\u00e1s a V\u00e9rtesben: \u00edgy pr\u00f3b\u00e1lj\u00e1k meg\u0151rizni az erd\u0151k j\u00f6v\u0151j\u00e9t","datePublished":"2026-07-01T12:12:00+00:00","mainEntityOfPage":{"@id":"https:\/\/dorogimedence.hu\/index.php\/2026\/07\/01\/korispusztulas-a-vertesben-igy-probaljak-megorizni-az-erdok-jovojet\/"},"wordCount":731,"publisher":{"@id":"https:\/\/dorogimedence.hu\/#organization"},"image":{"@id":"https:\/\/dorogimedence.hu\/index.php\/2026\/07\/01\/korispusztulas-a-vertesben-igy-probaljak-megorizni-az-erdok-jovojet\/#primaryimage"},"thumbnailUrl":"https:\/\/dorogimedence.hu\/wp-content\/uploads\/2026\/07\/Korispusztulas-6.png","keywords":["erd\u0151","k\u0151rispusztul\u00e1s","V\u00e9rteserd\u0151"],"articleSection":["H\u00edrek","Sz\u00ednes"],"inLanguage":"hu"},{"@type":"WebPage","@id":"https:\/\/dorogimedence.hu\/index.php\/2026\/07\/01\/korispusztulas-a-vertesben-igy-probaljak-megorizni-az-erdok-jovojet\/","url":"https:\/\/dorogimedence.hu\/index.php\/2026\/07\/01\/korispusztulas-a-vertesben-igy-probaljak-megorizni-az-erdok-jovojet\/","name":"K\u0151rispusztul\u00e1s a V\u00e9rtesben: \u00edgy pr\u00f3b\u00e1lj\u00e1k meg\u0151rizni az erd\u0151k j\u00f6v\u0151j\u00e9t","isPartOf":{"@id":"https:\/\/dorogimedence.hu\/#website"},"primaryImageOfPage":{"@id":"https:\/\/dorogimedence.hu\/index.php\/2026\/07\/01\/korispusztulas-a-vertesben-igy-probaljak-megorizni-az-erdok-jovojet\/#primaryimage"},"image":{"@id":"https:\/\/dorogimedence.hu\/index.php\/2026\/07\/01\/korispusztulas-a-vertesben-igy-probaljak-megorizni-az-erdok-jovojet\/#primaryimage"},"thumbnailUrl":"https:\/\/dorogimedence.hu\/wp-content\/uploads\/2026\/07\/Korispusztulas-6.png","datePublished":"2026-07-01T12:12:00+00:00","breadcrumb":{"@id":"https:\/\/dorogimedence.hu\/index.php\/2026\/07\/01\/korispusztulas-a-vertesben-igy-probaljak-megorizni-az-erdok-jovojet\/#breadcrumb"},"inLanguage":"hu","potentialAction":[{"@type":"ReadAction","target":["https:\/\/dorogimedence.hu\/index.php\/2026\/07\/01\/korispusztulas-a-vertesben-igy-probaljak-megorizni-az-erdok-jovojet\/"]}]},{"@type":"ImageObject","inLanguage":"hu","@id":"https:\/\/dorogimedence.hu\/index.php\/2026\/07\/01\/korispusztulas-a-vertesben-igy-probaljak-megorizni-az-erdok-jovojet\/#primaryimage","url":"https:\/\/dorogimedence.hu\/wp-content\/uploads\/2026\/07\/Korispusztulas-6.png","contentUrl":"https:\/\/dorogimedence.hu\/wp-content\/uploads\/2026\/07\/Korispusztulas-6.png","width":1237,"height":686},{"@type":"BreadcrumbList","@id":"https:\/\/dorogimedence.hu\/index.php\/2026\/07\/01\/korispusztulas-a-vertesben-igy-probaljak-megorizni-az-erdok-jovojet\/#breadcrumb","itemListElement":[{"@type":"ListItem","position":1,"name":"Kezd\u0151lap","item":"https:\/\/dorogimedence.hu\/"},{"@type":"ListItem","position":2,"name":"K\u0151rispusztul\u00e1s a V\u00e9rtesben: \u00edgy pr\u00f3b\u00e1lj\u00e1k meg\u0151rizni az erd\u0151k j\u00f6v\u0151j\u00e9t"}]},{"@type":"WebSite","@id":"https:\/\/dorogimedence.hu\/#website","url":"https:\/\/dorogimedence.hu\/","name":"Dorogi-medence Region\u00e1lis H\u00edrport\u00e1l","description":"Dorog, Keszt\u00f6lc, Le\u00e1nyv\u00e1r, Piliscs\u00e9v, Tokod, Tokodalt\u00e1r\u00f3, Csolnok, Esztergom-kertv\u00e1ros: h\u00edrek, programok","publisher":{"@id":"https:\/\/dorogimedence.hu\/#organization"},"potentialAction":[{"@type":"SearchAction","target":{"@type":"EntryPoint","urlTemplate":"https:\/\/dorogimedence.hu\/?s={search_term_string}"},"query-input":{"@type":"PropertyValueSpecification","valueRequired":true,"valueName":"search_term_string"}}],"inLanguage":"hu"},{"@type":"Organization","@id":"https:\/\/dorogimedence.hu\/#organization","name":"Dorogi-medence Region\u00e1lis H\u00edrport\u00e1l","url":"https:\/\/dorogimedence.hu\/","logo":{"@type":"ImageObject","inLanguage":"hu","@id":"https:\/\/dorogimedence.hu\/#\/schema\/logo\/image\/","url":"https:\/\/dorogimedence.hu\/wp-content\/uploads\/2021\/04\/logo-feher-600.png","contentUrl":"https:\/\/dorogimedence.hu\/wp-content\/uploads\/2021\/04\/logo-feher-600.png","width":600,"height":100,"caption":"Dorogi-medence Region\u00e1lis H\u00edrport\u00e1l"},"image":{"@id":"https:\/\/dorogimedence.hu\/#\/schema\/logo\/image\/"},"sameAs":["https:\/\/www.facebook.com\/dorogimedence\/"]},{"@type":"Person","@id":"https:\/\/dorogimedence.hu\/#\/schema\/person\/ce6091eeb7e95ecdc87890d6aa8e0fd4","name":"dorogimedence.hu","image":{"@type":"ImageObject","inLanguage":"hu","@id":"\/\/www.gravatar.com\/avatar\/d8d45f8901aadff40a4af72c0b826f1d?s=96&#038;r=g&#038;d=mm","url":"\/\/www.gravatar.com\/avatar\/d8d45f8901aadff40a4af72c0b826f1d?s=96&#038;r=g&#038;d=mm","contentUrl":"\/\/www.gravatar.com\/avatar\/d8d45f8901aadff40a4af72c0b826f1d?s=96&#038;r=g&#038;d=mm","caption":"dorogimedence.hu"}}]}},"_links":{"self":[{"href":"https:\/\/dorogimedence.hu\/index.php\/wp-json\/wp\/v2\/posts\/81704","targetHints":{"allow":["GET"]}}],"collection":[{"href":"https:\/\/dorogimedence.hu\/index.php\/wp-json\/wp\/v2\/posts"}],"about":[{"href":"https:\/\/dorogimedence.hu\/index.php\/wp-json\/wp\/v2\/types\/post"}],"author":[{"embeddable":true,"href":"https:\/\/dorogimedence.hu\/index.php\/wp-json\/wp\/v2\/users\/1"}],"replies":[{"embeddable":true,"href":"https:\/\/dorogimedence.hu\/index.php\/wp-json\/wp\/v2\/comments?post=81704"}],"version-history":[{"count":1,"href":"https:\/\/dorogimedence.hu\/index.php\/wp-json\/wp\/v2\/posts\/81704\/revisions"}],"predecessor-version":[{"id":81706,"href":"https:\/\/dorogimedence.hu\/index.php\/wp-json\/wp\/v2\/posts\/81704\/revisions\/81706"}],"wp:featuredmedia":[{"embeddable":true,"href":"https:\/\/dorogimedence.hu\/index.php\/wp-json\/wp\/v2\/media\/81705"}],"wp:attachment":[{"href":"https:\/\/dorogimedence.hu\/index.php\/wp-json\/wp\/v2\/media?parent=81704"}],"wp:term":[{"taxonomy":"category","embeddable":true,"href":"https:\/\/dorogimedence.hu\/index.php\/wp-json\/wp\/v2\/categories?post=81704"},{"taxonomy":"post_tag","embeddable":true,"href":"https:\/\/dorogimedence.hu\/index.php\/wp-json\/wp\/v2\/tags?post=81704"}],"curies":[{"name":"wp","href":"https:\/\/api.w.org\/{rel}","templated":true}]}}