{"id":81698,"date":"2026-07-01T11:02:30","date_gmt":"2026-07-01T09:02:30","guid":{"rendered":"https:\/\/dorogimedence.hu\/?p=81698"},"modified":"2026-07-01T11:02:30","modified_gmt":"2026-07-01T09:02:30","slug":"fagylalt-lagyfagylalt-vagy-jegkrem-erre-erdemes-figyelni-vasarlaskor","status":"publish","type":"post","link":"https:\/\/dorogimedence.hu\/index.php\/2026\/07\/01\/fagylalt-lagyfagylalt-vagy-jegkrem-erre-erdemes-figyelni-vasarlaskor\/","title":{"rendered":"Fagylalt, l\u00e1gyfagylalt vagy j\u00e9gkr\u00e9m? Erre \u00e9rdemes figyelni v\u00e1s\u00e1rl\u00e1skor"},"content":{"rendered":"<p><strong>A ny\u00e1ri melegben sokan v\u00e1lasztanak fagylaltot, l\u00e1gyfagylaltot vagy j\u00e9gkr\u00e9met, de nem mindegy, hogy melyik miben k\u00fcl\u00f6nb\u00f6zik, \u00e9s mire \u00e9rdemes figyelni v\u00e1s\u00e1rl\u00e1skor. A Nemzeti Kereskedelmi \u00e9s Fogyaszt\u00f3v\u00e9delmi Hat\u00f3s\u00e1g (NKFH) leg\u00fajabb <a href=\"https:\/\/cdn.nkfh.gov.hu\/static\/uploads\/NKFH_Iranytu_fagylalt_lagyfagylalt_jegkrem_a249d4fdef.pdf\" target=\"_blank\" rel=\"noopener\"><span style=\"text-decoration: underline; color: #0000ff;\">t\u00e1j\u00e9koztat\u00f3ja<\/span><\/a> \u00f6sszefoglalja a legfontosabb tudnival\u00f3kat a h\u00e1rom n\u00e9pszer\u0171 h\u0171s\u00edt\u0151 finoms\u00e1gr\u00f3l.<\/strong><\/p>\n<p>B\u00e1r sokan hasonl\u00f3 term\u00e9kekk\u00e9nt tekintenek r\u00e1juk, a fagylalt, a l\u00e1gyfagylalt \u00e9s a j\u00e9gkr\u00e9m elt\u00e9r\u0151 technol\u00f3gi\u00e1val k\u00e9sz\u00fcl, m\u00e1s m\u00f3don t\u00e1rolj\u00e1k \u00e9s \u00e9rt\u00e9kes\u00edtik \u0151ket. Az NKFH szerint a k\u00fcl\u00f6nbs\u00e9g nem csup\u00e1n az elnevez\u00e9sben rejlik, hanem az el\u0151\u00e1ll\u00edt\u00e1s m\u00f3dj\u00e1ban, a t\u00e1rol\u00e1si k\u00f6r\u00fclm\u00e9nyekben \u00e9s a kiszolg\u00e1l\u00e1sban is.<\/p>\n<p>A hagyom\u00e1nyos fagylalt friss vend\u00e9gl\u00e1t\u00f3ipari term\u00e9k, amely cukr\u00e1szati technol\u00f3gi\u00e1val k\u00e9sz\u00fcl. A fagylaltot fagylaltpultban, megfelel\u0151 h\u0151m\u00e9rs\u00e9kleten t\u00e1rolj\u00e1k, \u00e9s adagol\u00f3kan\u00e1llal szolg\u00e1lj\u00e1k fel. A fogyaszt\u00f3knak \u00e9rdemes figyelni\u00fck arra, hogy a fagylalt j\u00f3l form\u00e1zhat\u00f3 legyen, ne folyjon a pultban, az adagol\u00f3kanalat tiszt\u00e1n tarts\u00e1k, a t\u00f6lcs\u00e9reket pedig higi\u00e9nikusan t\u00e1rolj\u00e1k. Fontos az is, hogy a fagylaltot kezel\u0151 dolgoz\u00f3 megfelel\u0151 k\u00e9zhigi\u00e9ni\u00e1t tartson fenn, k\u00fcl\u00f6n\u00f6sen p\u00e9nzkezel\u00e9s ut\u00e1n.<\/p>\n<p>A j\u00e9gkr\u00e9m ezzel szemben iparilag el\u0151\u00e1ll\u00edtott, csomagolt term\u00e9k, amelyet v\u00e9gig fagyasztott \u00e1llapotban kell t\u00e1rolni. V\u00e1s\u00e1rl\u00e1skor \u00e9rdemes ellen\u0151rizni, hogy a csomagol\u00e1s s\u00e9rtetlen-e, a fagyaszt\u00f3l\u00e1da tiszta legyen, \u00e9s a term\u00e9ken ne l\u00e1tsz\u00f3djanak kiolvad\u00e1s vagy \u00fajrafagyaszt\u00e1s nyomai, p\u00e9ld\u00e1ul j\u00e9gkrist\u00e1lyok vagy eldeform\u00e1l\u00f3dott forma.<\/p>\n<p>A l\u00e1gyfagylalt speci\u00e1lis g\u00e9pben k\u00e9sz\u00fcl iparilag el\u0151\u00e1ll\u00edtott porkever\u00e9kb\u0151l, amelyet v\u00edzzel vagy tejjel h\u00edg\u00edtanak. \u00c1llaga a hagyom\u00e1nyos fagylaltn\u00e1l l\u00e1gyabb \u00e9s kr\u00e9mesebb. Az NKFH szerint a j\u00f3 min\u0151s\u00e9g\u0171 l\u00e1gyfagylalt megtartja alakj\u00e1t, nem folyik sz\u00e9t azonnal, emellett fontos, hogy a g\u00e9pet \u00e9s k\u00f6rnyezet\u00e9t tiszt\u00e1n tarts\u00e1k, a t\u00f6lcs\u00e9reket higi\u00e9nikusan t\u00e1rolj\u00e1k, valamint az \u00e9lelmiszer-kezel\u00e9s \u00e9s a p\u00e9nzkezel\u00e9s elk\u00fcl\u00f6n\u00fclj\u00f6n egym\u00e1st\u00f3l.<\/p>\n<p>A hat\u00f3s\u00e1g hangs\u00falyozza, hogy n\u00e9h\u00e1ny egyszer\u0171 szempont ellen\u0151rz\u00e9s\u00e9vel a fogyaszt\u00f3k is sokat tehetnek az\u00e9rt, hogy biztons\u00e1gos \u00e9s j\u00f3 min\u0151s\u00e9g\u0171 term\u00e9ket v\u00e1lasszanak a ny\u00e1ri h\u0151s\u00e9gben. Az NKFH \u00e1ltal k\u00e9sz\u00edtett <a href=\"https:\/\/cdn.nkfh.gov.hu\/static\/uploads\/NKFH_Iranytu_fagylalt_lagyfagylalt_jegkrem_a249d4fdef.pdf\" target=\"_blank\" rel=\"noopener\"><span style=\"text-decoration: underline; color: #0000ff;\">\u00f6sszehasonl\u00edt\u00f3 t\u00e1bl\u00e1zat<\/span><\/a> is seg\u00edt eligazodni a h\u00e1rom term\u00e9k k\u00f6z\u00f6tti legfontosabb k\u00fcl\u00f6nbs\u00e9gekben.<\/p>\n<p><em>Bor\u00edt\u00f3k\u00e9p: illusztr\u00e1ci\u00f3 (ChatGPT &#8211; AI)<\/em><\/p>\n","protected":false},"excerpt":{"rendered":"<p>A ny\u00e1ri melegben sokan v\u00e1lasztanak fagylaltot, l\u00e1gyfagylaltot vagy j\u00e9gkr\u00e9met, de nem mindegy, hogy melyik miben k\u00fcl\u00f6nb\u00f6zik, \u00e9s mire \u00e9rdemes figyelni v\u00e1s\u00e1rl\u00e1skor. A Nemzeti Kereskedelmi \u00e9s Fogyaszt\u00f3v\u00e9delmi Hat\u00f3s\u00e1g (NKFH) leg\u00fajabb t\u00e1j\u00e9koztat\u00f3ja \u00f6sszefoglalja a legfontosabb tudnival\u00f3kat a h\u00e1rom n\u00e9pszer\u0171 h\u0171s\u00edt\u0151 finoms\u00e1gr\u00f3l. B\u00e1r sokan hasonl\u00f3 term\u00e9kekk\u00e9nt tekintenek r\u00e1juk, a fagylalt, a l\u00e1gyfagylalt \u00e9s a j\u00e9gkr\u00e9m elt\u00e9r\u0151 technol\u00f3gi\u00e1val k\u00e9sz\u00fcl,<\/p>\n","protected":false},"author":1,"featured_media":81699,"comment_status":"closed","ping_status":"closed","sticky":false,"template":"","format":"standard","meta":{"ngg_post_thumbnail":0,"footnotes":""},"categories":[3,6948],"tags":[8956,5790,8210],"class_list":["post-81698","post","type-post","status-publish","format-standard","has-post-thumbnail","category-hirek","category-szines","tag-fagyi","tag-fagylalt","tag-nkfh"],"yoast_head":"<!-- This site is optimized with the Yoast SEO plugin v28.3 - https:\/\/yoast.com\/product\/yoast-seo-wordpress\/ -->\n<title>Fagylalt, l\u00e1gyfagylalt vagy j\u00e9gkr\u00e9m? Erre \u00e9rdemes figyelni v\u00e1s\u00e1rl\u00e1skor<\/title>\n<meta name=\"robots\" content=\"index, follow, max-snippet:-1, max-image-preview:large, max-video-preview:-1\" \/>\n<link rel=\"canonical\" href=\"https:\/\/dorogimedence.hu\/index.php\/2026\/07\/01\/fagylalt-lagyfagylalt-vagy-jegkrem-erre-erdemes-figyelni-vasarlaskor\/\" class=\"yoast-seo-meta-tag\" \/>\n<meta property=\"og:locale\" content=\"hu_HU\" class=\"yoast-seo-meta-tag\" \/>\n<meta property=\"og:type\" content=\"article\" class=\"yoast-seo-meta-tag\" \/>\n<meta property=\"og:title\" content=\"Fagylalt, l\u00e1gyfagylalt vagy j\u00e9gkr\u00e9m? Erre \u00e9rdemes figyelni v\u00e1s\u00e1rl\u00e1skor\" class=\"yoast-seo-meta-tag\" \/>\n<meta property=\"og:description\" content=\"A ny\u00e1ri melegben sokan v\u00e1lasztanak fagylaltot, l\u00e1gyfagylaltot vagy j\u00e9gkr\u00e9met, de nem mindegy, hogy melyik miben k\u00fcl\u00f6nb\u00f6zik, \u00e9s mire \u00e9rdemes figyelni v\u00e1s\u00e1rl\u00e1skor. A Nemzeti Kereskedelmi \u00e9s Fogyaszt\u00f3v\u00e9delmi Hat\u00f3s\u00e1g (NKFH) leg\u00fajabb t\u00e1j\u00e9koztat\u00f3ja \u00f6sszefoglalja a legfontosabb tudnival\u00f3kat a h\u00e1rom n\u00e9pszer\u0171 h\u0171s\u00edt\u0151 finoms\u00e1gr\u00f3l. B\u00e1r sokan hasonl\u00f3 term\u00e9kekk\u00e9nt tekintenek r\u00e1juk, a fagylalt, a l\u00e1gyfagylalt \u00e9s a j\u00e9gkr\u00e9m elt\u00e9r\u0151 technol\u00f3gi\u00e1val k\u00e9sz\u00fcl,\" class=\"yoast-seo-meta-tag\" \/>\n<meta property=\"og:url\" content=\"https:\/\/dorogimedence.hu\/index.php\/2026\/07\/01\/fagylalt-lagyfagylalt-vagy-jegkrem-erre-erdemes-figyelni-vasarlaskor\/\" class=\"yoast-seo-meta-tag\" \/>\n<meta property=\"og:site_name\" content=\"Dorogi-medence Region\u00e1lis H\u00edrport\u00e1l\" class=\"yoast-seo-meta-tag\" \/>\n<meta property=\"article:publisher\" content=\"https:\/\/www.facebook.com\/dorogimedence\/\" class=\"yoast-seo-meta-tag\" \/>\n<meta property=\"article:published_time\" content=\"2026-07-01T09:02:30+00:00\" class=\"yoast-seo-meta-tag\" \/>\n<meta property=\"og:image\" content=\"https:\/\/dorogimedence.hu\/wp-content\/uploads\/2026\/07\/ChatGPT-Image-2026.-jul.-1.-11_01_20.png\" class=\"yoast-seo-meta-tag\" \/>\n\t<meta property=\"og:image:width\" content=\"755\" class=\"yoast-seo-meta-tag\" \/>\n\t<meta property=\"og:image:height\" content=\"503\" class=\"yoast-seo-meta-tag\" \/>\n\t<meta property=\"og:image:type\" content=\"image\/png\" class=\"yoast-seo-meta-tag\" \/>\n<meta name=\"author\" content=\"dorogimedence.hu\" class=\"yoast-seo-meta-tag\" \/>\n<meta name=\"twitter:card\" content=\"summary_large_image\" class=\"yoast-seo-meta-tag\" \/>\n<meta name=\"twitter:label1\" content=\"Szerz\u0151:\" class=\"yoast-seo-meta-tag\" \/>\n\t<meta name=\"twitter:data1\" content=\"dorogimedence.hu\" class=\"yoast-seo-meta-tag\" \/>\n\t<meta name=\"twitter:label2\" content=\"Becs\u00fclt olvas\u00e1si id\u0151\" class=\"yoast-seo-meta-tag\" \/>\n\t<meta name=\"twitter:data2\" content=\"2 perc\" class=\"yoast-seo-meta-tag\" \/>\n<script type=\"application\/ld+json\" class=\"yoast-schema-graph\">{\"@context\":\"https:\\\/\\\/schema.org\",\"@graph\":[{\"@type\":\"Article\",\"@id\":\"https:\\\/\\\/dorogimedence.hu\\\/index.php\\\/2026\\\/07\\\/01\\\/fagylalt-lagyfagylalt-vagy-jegkrem-erre-erdemes-figyelni-vasarlaskor\\\/#article\",\"isPartOf\":{\"@id\":\"https:\\\/\\\/dorogimedence.hu\\\/index.php\\\/2026\\\/07\\\/01\\\/fagylalt-lagyfagylalt-vagy-jegkrem-erre-erdemes-figyelni-vasarlaskor\\\/\"},\"author\":{\"name\":\"dorogimedence.hu\",\"@id\":\"https:\\\/\\\/dorogimedence.hu\\\/#\\\/schema\\\/person\\\/ce6091eeb7e95ecdc87890d6aa8e0fd4\"},\"headline\":\"Fagylalt, l\u00e1gyfagylalt vagy j\u00e9gkr\u00e9m? Erre \u00e9rdemes figyelni v\u00e1s\u00e1rl\u00e1skor\",\"datePublished\":\"2026-07-01T09:02:30+00:00\",\"mainEntityOfPage\":{\"@id\":\"https:\\\/\\\/dorogimedence.hu\\\/index.php\\\/2026\\\/07\\\/01\\\/fagylalt-lagyfagylalt-vagy-jegkrem-erre-erdemes-figyelni-vasarlaskor\\\/\"},\"wordCount\":494,\"publisher\":{\"@id\":\"https:\\\/\\\/dorogimedence.hu\\\/#organization\"},\"image\":{\"@id\":\"https:\\\/\\\/dorogimedence.hu\\\/index.php\\\/2026\\\/07\\\/01\\\/fagylalt-lagyfagylalt-vagy-jegkrem-erre-erdemes-figyelni-vasarlaskor\\\/#primaryimage\"},\"thumbnailUrl\":\"https:\\\/\\\/dorogimedence.hu\\\/wp-content\\\/uploads\\\/2026\\\/07\\\/ChatGPT-Image-2026.-jul.-1.-11_01_20.png\",\"keywords\":[\"fagyi\",\"fagylalt\",\"NKFH\"],\"articleSection\":[\"H\u00edrek\",\"Sz\u00ednes\"],\"inLanguage\":\"hu\"},{\"@type\":\"WebPage\",\"@id\":\"https:\\\/\\\/dorogimedence.hu\\\/index.php\\\/2026\\\/07\\\/01\\\/fagylalt-lagyfagylalt-vagy-jegkrem-erre-erdemes-figyelni-vasarlaskor\\\/\",\"url\":\"https:\\\/\\\/dorogimedence.hu\\\/index.php\\\/2026\\\/07\\\/01\\\/fagylalt-lagyfagylalt-vagy-jegkrem-erre-erdemes-figyelni-vasarlaskor\\\/\",\"name\":\"Fagylalt, l\u00e1gyfagylalt vagy j\u00e9gkr\u00e9m? Erre \u00e9rdemes figyelni v\u00e1s\u00e1rl\u00e1skor\",\"isPartOf\":{\"@id\":\"https:\\\/\\\/dorogimedence.hu\\\/#website\"},\"primaryImageOfPage\":{\"@id\":\"https:\\\/\\\/dorogimedence.hu\\\/index.php\\\/2026\\\/07\\\/01\\\/fagylalt-lagyfagylalt-vagy-jegkrem-erre-erdemes-figyelni-vasarlaskor\\\/#primaryimage\"},\"image\":{\"@id\":\"https:\\\/\\\/dorogimedence.hu\\\/index.php\\\/2026\\\/07\\\/01\\\/fagylalt-lagyfagylalt-vagy-jegkrem-erre-erdemes-figyelni-vasarlaskor\\\/#primaryimage\"},\"thumbnailUrl\":\"https:\\\/\\\/dorogimedence.hu\\\/wp-content\\\/uploads\\\/2026\\\/07\\\/ChatGPT-Image-2026.-jul.-1.-11_01_20.png\",\"datePublished\":\"2026-07-01T09:02:30+00:00\",\"breadcrumb\":{\"@id\":\"https:\\\/\\\/dorogimedence.hu\\\/index.php\\\/2026\\\/07\\\/01\\\/fagylalt-lagyfagylalt-vagy-jegkrem-erre-erdemes-figyelni-vasarlaskor\\\/#breadcrumb\"},\"inLanguage\":\"hu\",\"potentialAction\":[{\"@type\":\"ReadAction\",\"target\":[\"https:\\\/\\\/dorogimedence.hu\\\/index.php\\\/2026\\\/07\\\/01\\\/fagylalt-lagyfagylalt-vagy-jegkrem-erre-erdemes-figyelni-vasarlaskor\\\/\"]}]},{\"@type\":\"ImageObject\",\"inLanguage\":\"hu\",\"@id\":\"https:\\\/\\\/dorogimedence.hu\\\/index.php\\\/2026\\\/07\\\/01\\\/fagylalt-lagyfagylalt-vagy-jegkrem-erre-erdemes-figyelni-vasarlaskor\\\/#primaryimage\",\"url\":\"https:\\\/\\\/dorogimedence.hu\\\/wp-content\\\/uploads\\\/2026\\\/07\\\/ChatGPT-Image-2026.-jul.-1.-11_01_20.png\",\"contentUrl\":\"https:\\\/\\\/dorogimedence.hu\\\/wp-content\\\/uploads\\\/2026\\\/07\\\/ChatGPT-Image-2026.-jul.-1.-11_01_20.png\",\"width\":1536,\"height\":1024},{\"@type\":\"BreadcrumbList\",\"@id\":\"https:\\\/\\\/dorogimedence.hu\\\/index.php\\\/2026\\\/07\\\/01\\\/fagylalt-lagyfagylalt-vagy-jegkrem-erre-erdemes-figyelni-vasarlaskor\\\/#breadcrumb\",\"itemListElement\":[{\"@type\":\"ListItem\",\"position\":1,\"name\":\"Kezd\u0151lap\",\"item\":\"https:\\\/\\\/dorogimedence.hu\\\/\"},{\"@type\":\"ListItem\",\"position\":2,\"name\":\"Fagylalt, l\u00e1gyfagylalt vagy j\u00e9gkr\u00e9m? Erre \u00e9rdemes figyelni v\u00e1s\u00e1rl\u00e1skor\"}]},{\"@type\":\"WebSite\",\"@id\":\"https:\\\/\\\/dorogimedence.hu\\\/#website\",\"url\":\"https:\\\/\\\/dorogimedence.hu\\\/\",\"name\":\"Dorogi-medence Region\u00e1lis H\u00edrport\u00e1l\",\"description\":\"Dorog, Keszt\u00f6lc, Le\u00e1nyv\u00e1r, Piliscs\u00e9v, Tokod, Tokodalt\u00e1r\u00f3, Csolnok, Esztergom-kertv\u00e1ros: h\u00edrek, programok\",\"publisher\":{\"@id\":\"https:\\\/\\\/dorogimedence.hu\\\/#organization\"},\"potentialAction\":[{\"@type\":\"SearchAction\",\"target\":{\"@type\":\"EntryPoint\",\"urlTemplate\":\"https:\\\/\\\/dorogimedence.hu\\\/?s={search_term_string}\"},\"query-input\":{\"@type\":\"PropertyValueSpecification\",\"valueRequired\":true,\"valueName\":\"search_term_string\"}}],\"inLanguage\":\"hu\"},{\"@type\":\"Organization\",\"@id\":\"https:\\\/\\\/dorogimedence.hu\\\/#organization\",\"name\":\"Dorogi-medence Region\u00e1lis H\u00edrport\u00e1l\",\"url\":\"https:\\\/\\\/dorogimedence.hu\\\/\",\"logo\":{\"@type\":\"ImageObject\",\"inLanguage\":\"hu\",\"@id\":\"https:\\\/\\\/dorogimedence.hu\\\/#\\\/schema\\\/logo\\\/image\\\/\",\"url\":\"https:\\\/\\\/dorogimedence.hu\\\/wp-content\\\/uploads\\\/2021\\\/04\\\/logo-feher-600.png\",\"contentUrl\":\"https:\\\/\\\/dorogimedence.hu\\\/wp-content\\\/uploads\\\/2021\\\/04\\\/logo-feher-600.png\",\"width\":600,\"height\":100,\"caption\":\"Dorogi-medence Region\u00e1lis H\u00edrport\u00e1l\"},\"image\":{\"@id\":\"https:\\\/\\\/dorogimedence.hu\\\/#\\\/schema\\\/logo\\\/image\\\/\"},\"sameAs\":[\"https:\\\/\\\/www.facebook.com\\\/dorogimedence\\\/\"]},{\"@type\":\"Person\",\"@id\":\"https:\\\/\\\/dorogimedence.hu\\\/#\\\/schema\\\/person\\\/ce6091eeb7e95ecdc87890d6aa8e0fd4\",\"name\":\"dorogimedence.hu\",\"image\":{\"@type\":\"ImageObject\",\"inLanguage\":\"hu\",\"@id\":\"\\\/\\\/www.gravatar.com\\\/avatar\\\/d8d45f8901aadff40a4af72c0b826f1d?s=96&#038;r=g&#038;d=mm\",\"url\":\"\\\/\\\/www.gravatar.com\\\/avatar\\\/d8d45f8901aadff40a4af72c0b826f1d?s=96&#038;r=g&#038;d=mm\",\"contentUrl\":\"\\\/\\\/www.gravatar.com\\\/avatar\\\/d8d45f8901aadff40a4af72c0b826f1d?s=96&#038;r=g&#038;d=mm\",\"caption\":\"dorogimedence.hu\"}}]}<\/script>\n<!-- \/ Yoast SEO plugin. -->","yoast_head_json":{"title":"Fagylalt, l\u00e1gyfagylalt vagy j\u00e9gkr\u00e9m? Erre \u00e9rdemes figyelni v\u00e1s\u00e1rl\u00e1skor","robots":{"index":"index","follow":"follow","max-snippet":"max-snippet:-1","max-image-preview":"max-image-preview:large","max-video-preview":"max-video-preview:-1"},"canonical":"https:\/\/dorogimedence.hu\/index.php\/2026\/07\/01\/fagylalt-lagyfagylalt-vagy-jegkrem-erre-erdemes-figyelni-vasarlaskor\/","og_locale":"hu_HU","og_type":"article","og_title":"Fagylalt, l\u00e1gyfagylalt vagy j\u00e9gkr\u00e9m? Erre \u00e9rdemes figyelni v\u00e1s\u00e1rl\u00e1skor","og_description":"A ny\u00e1ri melegben sokan v\u00e1lasztanak fagylaltot, l\u00e1gyfagylaltot vagy j\u00e9gkr\u00e9met, de nem mindegy, hogy melyik miben k\u00fcl\u00f6nb\u00f6zik, \u00e9s mire \u00e9rdemes figyelni v\u00e1s\u00e1rl\u00e1skor. A Nemzeti Kereskedelmi \u00e9s Fogyaszt\u00f3v\u00e9delmi Hat\u00f3s\u00e1g (NKFH) leg\u00fajabb t\u00e1j\u00e9koztat\u00f3ja \u00f6sszefoglalja a legfontosabb tudnival\u00f3kat a h\u00e1rom n\u00e9pszer\u0171 h\u0171s\u00edt\u0151 finoms\u00e1gr\u00f3l. B\u00e1r sokan hasonl\u00f3 term\u00e9kekk\u00e9nt tekintenek r\u00e1juk, a fagylalt, a l\u00e1gyfagylalt \u00e9s a j\u00e9gkr\u00e9m elt\u00e9r\u0151 technol\u00f3gi\u00e1val k\u00e9sz\u00fcl,","og_url":"https:\/\/dorogimedence.hu\/index.php\/2026\/07\/01\/fagylalt-lagyfagylalt-vagy-jegkrem-erre-erdemes-figyelni-vasarlaskor\/","og_site_name":"Dorogi-medence Region\u00e1lis H\u00edrport\u00e1l","article_publisher":"https:\/\/www.facebook.com\/dorogimedence\/","article_published_time":"2026-07-01T09:02:30+00:00","og_image":[{"url":"https:\/\/dorogimedence.hu\/wp-content\/uploads\/2026\/07\/ChatGPT-Image-2026.-jul.-1.-11_01_20.png","width":755,"height":503,"type":"image\/png"}],"author":"dorogimedence.hu","twitter_card":"summary_large_image","twitter_misc":{"Szerz\u0151:":"dorogimedence.hu","Becs\u00fclt olvas\u00e1si id\u0151":"2 perc"},"schema":{"@context":"https:\/\/schema.org","@graph":[{"@type":"Article","@id":"https:\/\/dorogimedence.hu\/index.php\/2026\/07\/01\/fagylalt-lagyfagylalt-vagy-jegkrem-erre-erdemes-figyelni-vasarlaskor\/#article","isPartOf":{"@id":"https:\/\/dorogimedence.hu\/index.php\/2026\/07\/01\/fagylalt-lagyfagylalt-vagy-jegkrem-erre-erdemes-figyelni-vasarlaskor\/"},"author":{"name":"dorogimedence.hu","@id":"https:\/\/dorogimedence.hu\/#\/schema\/person\/ce6091eeb7e95ecdc87890d6aa8e0fd4"},"headline":"Fagylalt, l\u00e1gyfagylalt vagy j\u00e9gkr\u00e9m? Erre \u00e9rdemes figyelni v\u00e1s\u00e1rl\u00e1skor","datePublished":"2026-07-01T09:02:30+00:00","mainEntityOfPage":{"@id":"https:\/\/dorogimedence.hu\/index.php\/2026\/07\/01\/fagylalt-lagyfagylalt-vagy-jegkrem-erre-erdemes-figyelni-vasarlaskor\/"},"wordCount":494,"publisher":{"@id":"https:\/\/dorogimedence.hu\/#organization"},"image":{"@id":"https:\/\/dorogimedence.hu\/index.php\/2026\/07\/01\/fagylalt-lagyfagylalt-vagy-jegkrem-erre-erdemes-figyelni-vasarlaskor\/#primaryimage"},"thumbnailUrl":"https:\/\/dorogimedence.hu\/wp-content\/uploads\/2026\/07\/ChatGPT-Image-2026.-jul.-1.-11_01_20.png","keywords":["fagyi","fagylalt","NKFH"],"articleSection":["H\u00edrek","Sz\u00ednes"],"inLanguage":"hu"},{"@type":"WebPage","@id":"https:\/\/dorogimedence.hu\/index.php\/2026\/07\/01\/fagylalt-lagyfagylalt-vagy-jegkrem-erre-erdemes-figyelni-vasarlaskor\/","url":"https:\/\/dorogimedence.hu\/index.php\/2026\/07\/01\/fagylalt-lagyfagylalt-vagy-jegkrem-erre-erdemes-figyelni-vasarlaskor\/","name":"Fagylalt, l\u00e1gyfagylalt vagy j\u00e9gkr\u00e9m? Erre \u00e9rdemes figyelni v\u00e1s\u00e1rl\u00e1skor","isPartOf":{"@id":"https:\/\/dorogimedence.hu\/#website"},"primaryImageOfPage":{"@id":"https:\/\/dorogimedence.hu\/index.php\/2026\/07\/01\/fagylalt-lagyfagylalt-vagy-jegkrem-erre-erdemes-figyelni-vasarlaskor\/#primaryimage"},"image":{"@id":"https:\/\/dorogimedence.hu\/index.php\/2026\/07\/01\/fagylalt-lagyfagylalt-vagy-jegkrem-erre-erdemes-figyelni-vasarlaskor\/#primaryimage"},"thumbnailUrl":"https:\/\/dorogimedence.hu\/wp-content\/uploads\/2026\/07\/ChatGPT-Image-2026.-jul.-1.-11_01_20.png","datePublished":"2026-07-01T09:02:30+00:00","breadcrumb":{"@id":"https:\/\/dorogimedence.hu\/index.php\/2026\/07\/01\/fagylalt-lagyfagylalt-vagy-jegkrem-erre-erdemes-figyelni-vasarlaskor\/#breadcrumb"},"inLanguage":"hu","potentialAction":[{"@type":"ReadAction","target":["https:\/\/dorogimedence.hu\/index.php\/2026\/07\/01\/fagylalt-lagyfagylalt-vagy-jegkrem-erre-erdemes-figyelni-vasarlaskor\/"]}]},{"@type":"ImageObject","inLanguage":"hu","@id":"https:\/\/dorogimedence.hu\/index.php\/2026\/07\/01\/fagylalt-lagyfagylalt-vagy-jegkrem-erre-erdemes-figyelni-vasarlaskor\/#primaryimage","url":"https:\/\/dorogimedence.hu\/wp-content\/uploads\/2026\/07\/ChatGPT-Image-2026.-jul.-1.-11_01_20.png","contentUrl":"https:\/\/dorogimedence.hu\/wp-content\/uploads\/2026\/07\/ChatGPT-Image-2026.-jul.-1.-11_01_20.png","width":1536,"height":1024},{"@type":"BreadcrumbList","@id":"https:\/\/dorogimedence.hu\/index.php\/2026\/07\/01\/fagylalt-lagyfagylalt-vagy-jegkrem-erre-erdemes-figyelni-vasarlaskor\/#breadcrumb","itemListElement":[{"@type":"ListItem","position":1,"name":"Kezd\u0151lap","item":"https:\/\/dorogimedence.hu\/"},{"@type":"ListItem","position":2,"name":"Fagylalt, l\u00e1gyfagylalt vagy j\u00e9gkr\u00e9m? Erre \u00e9rdemes figyelni v\u00e1s\u00e1rl\u00e1skor"}]},{"@type":"WebSite","@id":"https:\/\/dorogimedence.hu\/#website","url":"https:\/\/dorogimedence.hu\/","name":"Dorogi-medence Region\u00e1lis H\u00edrport\u00e1l","description":"Dorog, Keszt\u00f6lc, Le\u00e1nyv\u00e1r, Piliscs\u00e9v, Tokod, Tokodalt\u00e1r\u00f3, Csolnok, Esztergom-kertv\u00e1ros: h\u00edrek, programok","publisher":{"@id":"https:\/\/dorogimedence.hu\/#organization"},"potentialAction":[{"@type":"SearchAction","target":{"@type":"EntryPoint","urlTemplate":"https:\/\/dorogimedence.hu\/?s={search_term_string}"},"query-input":{"@type":"PropertyValueSpecification","valueRequired":true,"valueName":"search_term_string"}}],"inLanguage":"hu"},{"@type":"Organization","@id":"https:\/\/dorogimedence.hu\/#organization","name":"Dorogi-medence Region\u00e1lis H\u00edrport\u00e1l","url":"https:\/\/dorogimedence.hu\/","logo":{"@type":"ImageObject","inLanguage":"hu","@id":"https:\/\/dorogimedence.hu\/#\/schema\/logo\/image\/","url":"https:\/\/dorogimedence.hu\/wp-content\/uploads\/2021\/04\/logo-feher-600.png","contentUrl":"https:\/\/dorogimedence.hu\/wp-content\/uploads\/2021\/04\/logo-feher-600.png","width":600,"height":100,"caption":"Dorogi-medence Region\u00e1lis H\u00edrport\u00e1l"},"image":{"@id":"https:\/\/dorogimedence.hu\/#\/schema\/logo\/image\/"},"sameAs":["https:\/\/www.facebook.com\/dorogimedence\/"]},{"@type":"Person","@id":"https:\/\/dorogimedence.hu\/#\/schema\/person\/ce6091eeb7e95ecdc87890d6aa8e0fd4","name":"dorogimedence.hu","image":{"@type":"ImageObject","inLanguage":"hu","@id":"\/\/www.gravatar.com\/avatar\/d8d45f8901aadff40a4af72c0b826f1d?s=96&#038;r=g&#038;d=mm","url":"\/\/www.gravatar.com\/avatar\/d8d45f8901aadff40a4af72c0b826f1d?s=96&#038;r=g&#038;d=mm","contentUrl":"\/\/www.gravatar.com\/avatar\/d8d45f8901aadff40a4af72c0b826f1d?s=96&#038;r=g&#038;d=mm","caption":"dorogimedence.hu"}}]}},"_links":{"self":[{"href":"https:\/\/dorogimedence.hu\/index.php\/wp-json\/wp\/v2\/posts\/81698","targetHints":{"allow":["GET"]}}],"collection":[{"href":"https:\/\/dorogimedence.hu\/index.php\/wp-json\/wp\/v2\/posts"}],"about":[{"href":"https:\/\/dorogimedence.hu\/index.php\/wp-json\/wp\/v2\/types\/post"}],"author":[{"embeddable":true,"href":"https:\/\/dorogimedence.hu\/index.php\/wp-json\/wp\/v2\/users\/1"}],"replies":[{"embeddable":true,"href":"https:\/\/dorogimedence.hu\/index.php\/wp-json\/wp\/v2\/comments?post=81698"}],"version-history":[{"count":1,"href":"https:\/\/dorogimedence.hu\/index.php\/wp-json\/wp\/v2\/posts\/81698\/revisions"}],"predecessor-version":[{"id":81700,"href":"https:\/\/dorogimedence.hu\/index.php\/wp-json\/wp\/v2\/posts\/81698\/revisions\/81700"}],"wp:featuredmedia":[{"embeddable":true,"href":"https:\/\/dorogimedence.hu\/index.php\/wp-json\/wp\/v2\/media\/81699"}],"wp:attachment":[{"href":"https:\/\/dorogimedence.hu\/index.php\/wp-json\/wp\/v2\/media?parent=81698"}],"wp:term":[{"taxonomy":"category","embeddable":true,"href":"https:\/\/dorogimedence.hu\/index.php\/wp-json\/wp\/v2\/categories?post=81698"},{"taxonomy":"post_tag","embeddable":true,"href":"https:\/\/dorogimedence.hu\/index.php\/wp-json\/wp\/v2\/tags?post=81698"}],"curies":[{"name":"wp","href":"https:\/\/api.w.org\/{rel}","templated":true}]}}